{"id":56137,"date":"2018-05-17T22:31:33","date_gmt":"2018-05-18T01:31:33","guid":{"rendered":"http:\/\/anoticiaonline.com.br\/site\/?p=56137"},"modified":"2018-05-17T22:33:33","modified_gmt":"2018-05-18T01:33:33","slug":"joao-franca-ciribelli-de-carvalho-recebe-medalha-do-merito-muriaeense-jose-alencar-gomes-da-silva","status":"publish","type":"post","link":"https:\/\/anoticiaonline.com.br\/site\/joao-franca-ciribelli-de-carvalho-recebe-medalha-do-merito-muriaeense-jose-alencar-gomes-da-silva\/","title":{"rendered":"Jo\u00e3o Franca Ciribelli de Carvalho recebe medalha do M\u00e9rito Muriaeense \u201cJos\u00e9 Alencar Gomes da Silva\u201d"},"content":{"rendered":"<p><a href=\"https:\/\/anoticiaonline.com.br\/site\/wp-content\/uploads\/2018\/05\/DSC_0130.jpg\"><img fetchpriority=\"high\" decoding=\"async\" class=\"aligncenter size-full wp-image-56139\" src=\"https:\/\/anoticiaonline.com.br\/site\/wp-content\/uploads\/2018\/05\/DSC_0130.jpg\" alt=\"\" width=\"640\" height=\"424\" srcset=\"https:\/\/anoticiaonline.com.br\/site\/wp-content\/uploads\/2018\/05\/DSC_0130.jpg 640w, https:\/\/anoticiaonline.com.br\/site\/wp-content\/uploads\/2018\/05\/DSC_0130-300x199.jpg 300w\" sizes=\"(max-width: 640px) 100vw, 640px\" \/><\/a> <a href=\"https:\/\/anoticiaonline.com.br\/site\/wp-content\/uploads\/2018\/05\/DSC_0290-1.jpg\"><img decoding=\"async\" class=\"aligncenter size-full wp-image-56140\" src=\"https:\/\/anoticiaonline.com.br\/site\/wp-content\/uploads\/2018\/05\/DSC_0290-1.jpg\" alt=\"\" width=\"640\" height=\"424\" srcset=\"https:\/\/anoticiaonline.com.br\/site\/wp-content\/uploads\/2018\/05\/DSC_0290-1.jpg 640w, https:\/\/anoticiaonline.com.br\/site\/wp-content\/uploads\/2018\/05\/DSC_0290-1-300x199.jpg 300w\" sizes=\"(max-width: 640px) 100vw, 640px\" \/><\/a>Jo\u00e3o Franca Ciribelli de Carvalho recebeu, na noite de quarta-feira (16), a medalha do M\u00e9rito Muriaeense \u201cJos\u00e9 Alencar Gomes da Silva\u201d. A condecora\u00e7\u00e3o, criada em 2013, \u00e9 concedida anualmente a pessoas que tenham contribu\u00eddo para o desenvolvimento de Muria\u00e9, em comemora\u00e7\u00e3o pelos 163 anos de emancipa\u00e7\u00e3o pol\u00edtico-administrativa da cidade.<\/p>\n<p>Jo\u00e3o Franca Ciribelli de Carvalho nasceu em 15 de novembro de 1962, no bairro do Porto. \u00c9 filho de Jo\u00e3o Batista de Carvalho e Maria Auxiliadora Ciribelli de Carvalho. Casado com Ana L\u00facia Dutra Rodrigues Carvalho e pai de Lu\u00edsa Rodrigues Carvalho e Gabriel Rodrigues Carvalho.<\/p>\n<p>Formado em Engenharia pela UFJF, em 1985, iniciou sua vida profissional como engenheiro da Itacolomy Engenharia e Constru\u00e7\u00f5es de Juiz de Fora. Trabalhou nas \u00e1reas de c\u00e1lculo estrutural, or\u00e7amento, programa\u00e7\u00e3o e controle de obras, recupera\u00e7\u00e3o de estruturas, funda\u00e7\u00f5es especiais, conten\u00e7\u00f5es de encostas e engenharia rodovi\u00e1ria chegando a diretor de engenharia e projeto da mesma empresa.<\/p>\n<p>Em 1989, veio para Muria\u00e9 e assumiu, na prefeitura, o cargo de engenheiro e secret\u00e1rio de Via\u00e7\u00e3o e Obras P\u00fablicas at\u00e9 1992. De 1993 a 1996 foi s\u00f3cio gerente da Cardanni M\u00f3veis. De 1997 a 2000 trabalhou, simultaneamente, como secret\u00e1rio de Obras, diretor administrativo do Demlurb e coordenador municipal de defesa civil, tendo participado, neste per\u00edodo, de v\u00e1rios conselhos municipais e do grupo de trabalho que criou o Demsur, sendo tamb\u00e9m seu respons\u00e1vel t\u00e9cnico de engenharia.<\/p>\n<p>Em 2000, especializou-se em Gest\u00e3o de Neg\u00f3cios e Empreendedorismo pela UFJF. De 2000 a 2007 foi s\u00f3cio gerente da Drogam\u00e9dica de Muria\u00e9. De 2008 a 2012 assumiu os cargos de secret\u00e1rio de atividades urbanas, secret\u00e1rio de obras e urbanismo, coordenador de defesa civil, e presidente do Comuplan. De 2013 a 2016 assumiu o mandato de vice-prefeito de Muria\u00e9, auxiliando o prefeito nas \u00e1reas pol\u00edtica e administrativa. Atualmente, \u00e9 s\u00f3cio e engenheiro administrador da PRESTS engenharia e est\u00e1 concluindo os cursos de MBA em gest\u00e3o p\u00fablica e de especializa\u00e7\u00e3o em Engenharia de Tr\u00e1fego.<\/p>\n<p>Na oportunidade, Jo\u00e3o Ciribelli agradeceu ao prefeito Ioannis Konstantinos Grammatikopoulos (Grego) pela medalha a ele conferida.<\/p>\n<p><a href=\"https:\/\/anoticiaonline.com.br\/site\/wp-content\/uploads\/2018\/05\/DSC_0491-1.jpg\"><img decoding=\"async\" class=\"aligncenter size-full wp-image-56145\" src=\"https:\/\/anoticiaonline.com.br\/site\/wp-content\/uploads\/2018\/05\/DSC_0491-1.jpg\" alt=\"\" width=\"640\" height=\"427\" srcset=\"https:\/\/anoticiaonline.com.br\/site\/wp-content\/uploads\/2018\/05\/DSC_0491-1.jpg 640w, https:\/\/anoticiaonline.com.br\/site\/wp-content\/uploads\/2018\/05\/DSC_0491-1-300x200.jpg 300w\" sizes=\"(max-width: 640px) 100vw, 640px\" \/><\/a><\/p>\n<p><a href=\"https:\/\/anoticiaonline.com.br\/site\/wp-content\/uploads\/2018\/05\/DSC_0858.jpg\"><img loading=\"lazy\" decoding=\"async\" class=\"aligncenter size-full wp-image-56146\" src=\"https:\/\/anoticiaonline.com.br\/site\/wp-content\/uploads\/2018\/05\/DSC_0858.jpg\" alt=\"\" width=\"640\" height=\"427\" srcset=\"https:\/\/anoticiaonline.com.br\/site\/wp-content\/uploads\/2018\/05\/DSC_0858.jpg 640w, https:\/\/anoticiaonline.com.br\/site\/wp-content\/uploads\/2018\/05\/DSC_0858-300x200.jpg 300w\" sizes=\"(max-width: 640px) 100vw, 640px\" \/><\/a><\/p>\n<p><a href=\"https:\/\/anoticiaonline.com.br\/site\/wp-content\/uploads\/2018\/05\/DSC_1159.jpg\"><img loading=\"lazy\" decoding=\"async\" class=\"aligncenter size-full wp-image-56147\" src=\"https:\/\/anoticiaonline.com.br\/site\/wp-content\/uploads\/2018\/05\/DSC_1159.jpg\" alt=\"\" width=\"427\" height=\"640\" srcset=\"https:\/\/anoticiaonline.com.br\/site\/wp-content\/uploads\/2018\/05\/DSC_1159.jpg 427w, https:\/\/anoticiaonline.com.br\/site\/wp-content\/uploads\/2018\/05\/DSC_1159-200x300.jpg 200w\" sizes=\"(max-width: 427px) 100vw, 427px\" \/><\/a><\/p>\n<p><a href=\"https:\/\/anoticiaonline.com.br\/site\/wp-content\/uploads\/2018\/05\/DSC_0471.jpg\"><img loading=\"lazy\" decoding=\"async\" class=\"aligncenter size-full wp-image-56141\" src=\"https:\/\/anoticiaonline.com.br\/site\/wp-content\/uploads\/2018\/05\/DSC_0471.jpg\" alt=\"\" width=\"640\" height=\"427\" srcset=\"https:\/\/anoticiaonline.com.br\/site\/wp-content\/uploads\/2018\/05\/DSC_0471.jpg 640w, https:\/\/anoticiaonline.com.br\/site\/wp-content\/uploads\/2018\/05\/DSC_0471-300x200.jpg 300w\" sizes=\"(max-width: 640px) 100vw, 640px\" \/><\/a><\/p>\n","protected":false},"excerpt":{"rendered":"<p>Jo\u00e3o Franca Ciribelli de Carvalho recebeu, na noite de quarta-feira (16), a medalha do M\u00e9rito Muriaeense \u201cJos\u00e9 Alencar Gomes da Silva\u201d. A condecora\u00e7\u00e3o, criada em 2013, \u00e9 concedida anualmente a pessoas que tenham contribu\u00eddo para o desenvolvimento de Muria\u00e9, em comemora\u00e7\u00e3o pelos 163 anos de emancipa\u00e7\u00e3o pol\u00edtico-administrativa da cidade. Jo\u00e3o Franca Ciribelli de Carvalho nasceu &#8230; <a title=\"Jo\u00e3o Franca Ciribelli de Carvalho recebe medalha do M\u00e9rito Muriaeense \u201cJos\u00e9 Alencar Gomes da Silva\u201d\" class=\"read-more\" href=\"https:\/\/anoticiaonline.com.br\/site\/joao-franca-ciribelli-de-carvalho-recebe-medalha-do-merito-muriaeense-jose-alencar-gomes-da-silva\/\" aria-label=\"Read more about Jo\u00e3o Franca Ciribelli de Carvalho recebe medalha do M\u00e9rito Muriaeense \u201cJos\u00e9 Alencar Gomes da Silva\u201d\">Ler mais<\/a><\/p>\n","protected":false},"author":2,"featured_media":56140,"comment_status":"open","ping_status":"open","sticky":false,"template":"","format":"standard","meta":{"_acf_changed":false,"_monsterinsights_skip_tracking":false,"footnotes":""},"categories":[1],"tags":[2609,2606,199,2607,2608,2605,2604,2575,555],"class_list":["post-56137","post","type-post","status-publish","format-standard","has-post-thumbnail","hentry","category-gerais","tag-drogamedica","tag-engenharia-ufjf","tag-grego","tag-ioannis-konstantinos-grammatikopoulos","tag-ioannis-konstantinos-grammatikopoulos-grego","tag-joao-ciribelli","tag-joao-franca-ciribelli-de-carvalho","tag-medalha-do-merito-muriaeense-jose-alencar-gomes-da-silva","tag-porto"],"acf":[],"aioseo_notices":[],"aioseo_head":"\n\t\t<!-- All in One SEO 5.0.0.1 - aioseo.com -->\n\t<meta name=\"description\" content=\"Jo\u00e3o Franca Ciribelli de Carvalho recebeu, na noite de quarta-feira (16), a medalha do M\u00e9rito Muriaeense \u201cJos\u00e9 Alencar Gomes da Silva\u201d. A condecora\u00e7\u00e3o, criada em 2013, \u00e9 concedida anualmente a pessoas que tenham contribu\u00eddo para o desenvolvimento de Muria\u00e9, em comemora\u00e7\u00e3o pelos 163 anos de emancipa\u00e7\u00e3o pol\u00edtico-administrativa da cidade. Jo\u00e3o Franca Ciribelli de Carvalho nasceu\" \/>\n\t<meta name=\"robots\" content=\"max-image-preview:large\" \/>\n\t<meta name=\"author\" content=\"Juliana Laviola\"\/>\n\t<link rel=\"canonical\" href=\"https:\/\/anoticiaonline.com.br\/site\/joao-franca-ciribelli-de-carvalho-recebe-medalha-do-merito-muriaeense-jose-alencar-gomes-da-silva\/\" \/>\n\t<meta name=\"generator\" content=\"All in One SEO (AIOSEO) 5.0.0.1\" \/>\n\t\t<meta property=\"og:locale\" content=\"pt_BR\" \/>\n\t\t<meta property=\"og:site_name\" content=\"A Not\u00edcia Online - Noticias de Muria\u00e9 e regi\u00e3o\" \/>\n\t\t<meta property=\"og:type\" content=\"article\" \/>\n\t\t<meta property=\"og:title\" content=\"Jo\u00e3o Franca Ciribelli de Carvalho recebe medalha do M\u00e9rito Muriaeense \u201cJos\u00e9 Alencar Gomes da Silva\u201d - A Not\u00edcia Online\" \/>\n\t\t<meta property=\"og:description\" content=\"Jo\u00e3o Franca Ciribelli de Carvalho recebeu, na noite de quarta-feira (16), a medalha do M\u00e9rito Muriaeense \u201cJos\u00e9 Alencar Gomes da Silva\u201d. A condecora\u00e7\u00e3o, criada em 2013, \u00e9 concedida anualmente a pessoas que tenham contribu\u00eddo para o desenvolvimento de Muria\u00e9, em comemora\u00e7\u00e3o pelos 163 anos de emancipa\u00e7\u00e3o pol\u00edtico-administrativa da cidade. Jo\u00e3o Franca Ciribelli de Carvalho nasceu\" \/>\n\t\t<meta property=\"og:url\" content=\"https:\/\/anoticiaonline.com.br\/site\/joao-franca-ciribelli-de-carvalho-recebe-medalha-do-merito-muriaeense-jose-alencar-gomes-da-silva\/\" \/>\n\t\t<meta property=\"og:image\" content=\"https:\/\/scontent-gig4-1.xx.fbcdn.net\/v\/t39.30808-1\/270437624_4564083193639691_6907940295614233970_n.jpg?stp=dst-jpg_s200x200_tt6&#038;_nc_cat=111&#038;ccb=1-7&#038;_nc_sid=f907e8&#038;_nc_ohc=SM1wRlP3lJwQ7kNvwEPuBYA&#038;_nc_oc=AdnqrjDN_BNjSSHWO-GbkIWH6fkGMLw4bqvL_NH6e2wMveX7G-rP2dAqsDSq1mJMOaY&#038;_nc_zt=24&#038;_nc_ht=scontent-gig4-1.xx&#038;_nc_gid=AoBFJeGrT1hVaew_6rchkQ&#038;oh=00_AfX7QmFGhQhG2jAllVgXCiM1ZrWgvtp80-Bfppyexh1QEg&#038;oe=689E923C\" \/>\n\t\t<meta property=\"og:image:secure_url\" content=\"https:\/\/scontent-gig4-1.xx.fbcdn.net\/v\/t39.30808-1\/270437624_4564083193639691_6907940295614233970_n.jpg?stp=dst-jpg_s200x200_tt6&#038;_nc_cat=111&#038;ccb=1-7&#038;_nc_sid=f907e8&#038;_nc_ohc=SM1wRlP3lJwQ7kNvwEPuBYA&#038;_nc_oc=AdnqrjDN_BNjSSHWO-GbkIWH6fkGMLw4bqvL_NH6e2wMveX7G-rP2dAqsDSq1mJMOaY&#038;_nc_zt=24&#038;_nc_ht=scontent-gig4-1.xx&#038;_nc_gid=AoBFJeGrT1hVaew_6rchkQ&#038;oh=00_AfX7QmFGhQhG2jAllVgXCiM1ZrWgvtp80-Bfppyexh1QEg&#038;oe=689E923C\" \/>\n\t\t<meta property=\"article:published_time\" content=\"2018-05-18T01:31:33+00:00\" \/>\n\t\t<meta property=\"article:modified_time\" content=\"2018-05-18T01:33:33+00:00\" \/>\n\t\t<meta name=\"twitter:card\" content=\"summary_large_image\" \/>\n\t\t<meta name=\"twitter:title\" content=\"Jo\u00e3o Franca Ciribelli de Carvalho recebe medalha do M\u00e9rito Muriaeense \u201cJos\u00e9 Alencar Gomes da Silva\u201d - A Not\u00edcia Online\" \/>\n\t\t<meta name=\"twitter:description\" content=\"Jo\u00e3o Franca Ciribelli de Carvalho recebeu, na noite de quarta-feira (16), a medalha do M\u00e9rito Muriaeense \u201cJos\u00e9 Alencar Gomes da Silva\u201d. A condecora\u00e7\u00e3o, criada em 2013, \u00e9 concedida anualmente a pessoas que tenham contribu\u00eddo para o desenvolvimento de Muria\u00e9, em comemora\u00e7\u00e3o pelos 163 anos de emancipa\u00e7\u00e3o pol\u00edtico-administrativa da cidade. Jo\u00e3o Franca Ciribelli de Carvalho nasceu\" \/>\n\t\t<meta name=\"twitter:image\" content=\"https:\/\/scontent-gig4-1.xx.fbcdn.net\/v\/t39.30808-1\/270437624_4564083193639691_6907940295614233970_n.jpg?stp=dst-jpg_s200x200_tt6&amp;_nc_cat=111&amp;ccb=1-7&amp;_nc_sid=f907e8&amp;_nc_ohc=SM1wRlP3lJwQ7kNvwEPuBYA&amp;_nc_oc=AdnqrjDN_BNjSSHWO-GbkIWH6fkGMLw4bqvL_NH6e2wMveX7G-rP2dAqsDSq1mJMOaY&amp;_nc_zt=24&amp;_nc_ht=scontent-gig4-1.xx&amp;_nc_gid=AoBFJeGrT1hVaew_6rchkQ&amp;oh=00_AfX7QmFGhQhG2jAllVgXCiM1ZrWgvtp80-Bfppyexh1QEg&amp;oe=689E923C\" \/>\n\t\t<script type=\"application\/ld+json\" class=\"aioseo-schema\">\n\t\t\t{\"@context\":\"https:\\\/\\\/schema.org\",\"@graph\":[{\"@type\":\"BlogPosting\",\"@id\":\"https:\\\/\\\/anoticiaonline.com.br\\\/site\\\/joao-franca-ciribelli-de-carvalho-recebe-medalha-do-merito-muriaeense-jose-alencar-gomes-da-silva\\\/#blogposting\",\"name\":\"Jo\\u00e3o Franca Ciribelli de Carvalho recebe medalha do M\\u00e9rito Muriaeense \\u201cJos\\u00e9 Alencar Gomes da Silva\\u201d - A Not\\u00edcia Online\",\"headline\":\"Jo\\u00e3o Franca Ciribelli de Carvalho recebe medalha do M\\u00e9rito Muriaeense \\u201cJos\\u00e9 Alencar Gomes da Silva\\u201d\",\"author\":{\"@id\":\"https:\\\/\\\/anoticiaonline.com.br\\\/site\\\/author\\\/juliana\\\/#author\"},\"publisher\":{\"@id\":\"https:\\\/\\\/anoticiaonline.com.br\\\/site\\\/#organization\"},\"image\":{\"@type\":\"ImageObject\",\"url\":\"https:\\\/\\\/anoticiaonline.com.br\\\/site\\\/wp-content\\\/uploads\\\/2018\\\/05\\\/DSC_0290-1.jpg\",\"width\":640,\"height\":424},\"datePublished\":\"2018-05-17T22:31:33-03:00\",\"dateModified\":\"2018-05-17T22:33:33-03:00\",\"inLanguage\":\"pt-BR\",\"mainEntityOfPage\":{\"@id\":\"https:\\\/\\\/anoticiaonline.com.br\\\/site\\\/joao-franca-ciribelli-de-carvalho-recebe-medalha-do-merito-muriaeense-jose-alencar-gomes-da-silva\\\/#webpage\"},\"isPartOf\":{\"@id\":\"https:\\\/\\\/anoticiaonline.com.br\\\/site\\\/joao-franca-ciribelli-de-carvalho-recebe-medalha-do-merito-muriaeense-jose-alencar-gomes-da-silva\\\/#webpage\"},\"articleSection\":\"Gerais, Drogam\\u00e9dica, Engenharia UFJF, grego, Ioannis Konstantinos Grammatikopoulos, Ioannis Konstantinos Grammatikopoulos (Grego), Jo\\u00e3o Ciribelli, Jo\\u00e3o Franca Ciribelli de Carvalho, medalha do M\\u00e9rito Muriaeense \\u201cJos\\u00e9 Alencar Gomes da Silva\\u201d, Porto\"},{\"@type\":\"BreadcrumbList\",\"@id\":\"https:\\\/\\\/anoticiaonline.com.br\\\/site\\\/joao-franca-ciribelli-de-carvalho-recebe-medalha-do-merito-muriaeense-jose-alencar-gomes-da-silva\\\/#breadcrumblist\",\"itemListElement\":[{\"@type\":\"ListItem\",\"@id\":\"https:\\\/\\\/anoticiaonline.com.br\\\/site#listItem\",\"position\":1,\"name\":\"Home\",\"item\":\"https:\\\/\\\/anoticiaonline.com.br\\\/site\",\"nextItem\":{\"@type\":\"ListItem\",\"@id\":\"https:\\\/\\\/anoticiaonline.com.br\\\/site\\\/categoria\\\/gerais\\\/#listItem\",\"name\":\"Gerais\"}},{\"@type\":\"ListItem\",\"@id\":\"https:\\\/\\\/anoticiaonline.com.br\\\/site\\\/categoria\\\/gerais\\\/#listItem\",\"position\":2,\"name\":\"Gerais\",\"item\":\"https:\\\/\\\/anoticiaonline.com.br\\\/site\\\/categoria\\\/gerais\\\/\",\"nextItem\":{\"@type\":\"ListItem\",\"@id\":\"https:\\\/\\\/anoticiaonline.com.br\\\/site\\\/joao-franca-ciribelli-de-carvalho-recebe-medalha-do-merito-muriaeense-jose-alencar-gomes-da-silva\\\/#listItem\",\"name\":\"Jo\\u00e3o Franca Ciribelli de Carvalho recebe medalha do M\\u00e9rito Muriaeense \\u201cJos\\u00e9 Alencar Gomes da Silva\\u201d\"},\"previousItem\":{\"@type\":\"ListItem\",\"@id\":\"https:\\\/\\\/anoticiaonline.com.br\\\/site#listItem\",\"name\":\"Home\"}},{\"@type\":\"ListItem\",\"@id\":\"https:\\\/\\\/anoticiaonline.com.br\\\/site\\\/joao-franca-ciribelli-de-carvalho-recebe-medalha-do-merito-muriaeense-jose-alencar-gomes-da-silva\\\/#listItem\",\"position\":3,\"name\":\"Jo\\u00e3o Franca Ciribelli de Carvalho recebe medalha do M\\u00e9rito Muriaeense \\u201cJos\\u00e9 Alencar Gomes da Silva\\u201d\",\"previousItem\":{\"@type\":\"ListItem\",\"@id\":\"https:\\\/\\\/anoticiaonline.com.br\\\/site\\\/categoria\\\/gerais\\\/#listItem\",\"name\":\"Gerais\"}}]},{\"@type\":\"Organization\",\"@id\":\"https:\\\/\\\/anoticiaonline.com.br\\\/site\\\/#organization\",\"name\":\"A Not\\u00edcia Online\",\"description\":\"Noticias de Muria\\u00e9 e regi\\u00e3o\",\"url\":\"https:\\\/\\\/anoticiaonline.com.br\\\/site\\\/\",\"logo\":{\"@type\":\"ImageObject\",\"url\":\"https:\\\/\\\/scontent-gig4-1.xx.fbcdn.net\\\/v\\\/t39.30808-1\\\/270437624_4564083193639691_6907940295614233970_n.jpg?stp=dst-jpg_s200x200_tt6&_nc_cat=111&ccb=1-7&_nc_sid=f907e8&_nc_ohc=SM1wRlP3lJwQ7kNvwEPuBYA&_nc_oc=AdnqrjDN_BNjSSHWO-GbkIWH6fkGMLw4bqvL_NH6e2wMveX7G-rP2dAqsDSq1mJMOaY&_nc_zt=24&_nc_ht=scontent-gig4-1.xx&_nc_gid=AoBFJeGrT1hVaew_6rchkQ&oh=00_AfX7QmFGhQhG2jAllVgXCiM1ZrWgvtp80-Bfppyexh1QEg&oe=689E923C\",\"@id\":\"https:\\\/\\\/anoticiaonline.com.br\\\/site\\\/joao-franca-ciribelli-de-carvalho-recebe-medalha-do-merito-muriaeense-jose-alencar-gomes-da-silva\\\/#organizationLogo\"},\"image\":{\"@id\":\"https:\\\/\\\/anoticiaonline.com.br\\\/site\\\/joao-franca-ciribelli-de-carvalho-recebe-medalha-do-merito-muriaeense-jose-alencar-gomes-da-silva\\\/#organizationLogo\"}},{\"@type\":\"Person\",\"@id\":\"https:\\\/\\\/anoticiaonline.com.br\\\/site\\\/author\\\/juliana\\\/#author\",\"url\":\"https:\\\/\\\/anoticiaonline.com.br\\\/site\\\/author\\\/juliana\\\/\",\"name\":\"Juliana Laviola\",\"image\":{\"@type\":\"ImageObject\",\"@id\":\"https:\\\/\\\/anoticiaonline.com.br\\\/site\\\/joao-franca-ciribelli-de-carvalho-recebe-medalha-do-merito-muriaeense-jose-alencar-gomes-da-silva\\\/#authorImage\",\"url\":\"https:\\\/\\\/secure.gravatar.com\\\/avatar\\\/b8d45f5c699b100dfaf0e543582f38f38bf94cb7ae3a5e9abf8d891a34773335?s=96&d=mm&r=g\",\"width\":96,\"height\":96,\"caption\":\"Juliana Laviola\"}},{\"@type\":\"WebPage\",\"@id\":\"https:\\\/\\\/anoticiaonline.com.br\\\/site\\\/joao-franca-ciribelli-de-carvalho-recebe-medalha-do-merito-muriaeense-jose-alencar-gomes-da-silva\\\/#webpage\",\"url\":\"https:\\\/\\\/anoticiaonline.com.br\\\/site\\\/joao-franca-ciribelli-de-carvalho-recebe-medalha-do-merito-muriaeense-jose-alencar-gomes-da-silva\\\/\",\"name\":\"Jo\\u00e3o Franca Ciribelli de Carvalho recebe medalha do M\\u00e9rito Muriaeense \\u201cJos\\u00e9 Alencar Gomes da Silva\\u201d - A Not\\u00edcia Online\",\"description\":\"Jo\\u00e3o Franca Ciribelli de Carvalho recebeu, na noite de quarta-feira (16), a medalha do M\\u00e9rito Muriaeense \\u201cJos\\u00e9 Alencar Gomes da Silva\\u201d. A condecora\\u00e7\\u00e3o, criada em 2013, \\u00e9 concedida anualmente a pessoas que tenham contribu\\u00eddo para o desenvolvimento de Muria\\u00e9, em comemora\\u00e7\\u00e3o pelos 163 anos de emancipa\\u00e7\\u00e3o pol\\u00edtico-administrativa da cidade. Jo\\u00e3o Franca Ciribelli de Carvalho nasceu\",\"inLanguage\":\"pt-BR\",\"isPartOf\":{\"@id\":\"https:\\\/\\\/anoticiaonline.com.br\\\/site\\\/#website\"},\"breadcrumb\":{\"@id\":\"https:\\\/\\\/anoticiaonline.com.br\\\/site\\\/joao-franca-ciribelli-de-carvalho-recebe-medalha-do-merito-muriaeense-jose-alencar-gomes-da-silva\\\/#breadcrumblist\"},\"author\":{\"@id\":\"https:\\\/\\\/anoticiaonline.com.br\\\/site\\\/author\\\/juliana\\\/#author\"},\"creator\":{\"@id\":\"https:\\\/\\\/anoticiaonline.com.br\\\/site\\\/author\\\/juliana\\\/#author\"},\"image\":{\"@type\":\"ImageObject\",\"url\":\"https:\\\/\\\/anoticiaonline.com.br\\\/site\\\/wp-content\\\/uploads\\\/2018\\\/05\\\/DSC_0290-1.jpg\",\"@id\":\"https:\\\/\\\/anoticiaonline.com.br\\\/site\\\/joao-franca-ciribelli-de-carvalho-recebe-medalha-do-merito-muriaeense-jose-alencar-gomes-da-silva\\\/#mainImage\",\"width\":640,\"height\":424},\"primaryImageOfPage\":{\"@id\":\"https:\\\/\\\/anoticiaonline.com.br\\\/site\\\/joao-franca-ciribelli-de-carvalho-recebe-medalha-do-merito-muriaeense-jose-alencar-gomes-da-silva\\\/#mainImage\"},\"datePublished\":\"2018-05-17T22:31:33-03:00\",\"dateModified\":\"2018-05-17T22:33:33-03:00\"},{\"@type\":\"WebSite\",\"@id\":\"https:\\\/\\\/anoticiaonline.com.br\\\/site\\\/#website\",\"url\":\"https:\\\/\\\/anoticiaonline.com.br\\\/site\\\/\",\"name\":\"A Not\\u00edcia Online\",\"description\":\"Noticias de Muria\\u00e9 e regi\\u00e3o\",\"inLanguage\":\"pt-BR\",\"publisher\":{\"@id\":\"https:\\\/\\\/anoticiaonline.com.br\\\/site\\\/#organization\"}}]}\n\t\t<\/script>\n\t\t<!-- All in One SEO -->\n\n","aioseo_head_json":{"title":"Jo\u00e3o Franca Ciribelli de Carvalho recebe medalha do M\u00e9rito Muriaeense \u201cJos\u00e9 Alencar Gomes da Silva\u201d - A Not\u00edcia Online","description":"Jo\u00e3o Franca Ciribelli de Carvalho recebeu, na noite de quarta-feira (16), a medalha do M\u00e9rito Muriaeense \u201cJos\u00e9 Alencar Gomes da Silva\u201d. A condecora\u00e7\u00e3o, criada em 2013, \u00e9 concedida anualmente a pessoas que tenham contribu\u00eddo para o desenvolvimento de Muria\u00e9, em comemora\u00e7\u00e3o pelos 163 anos de emancipa\u00e7\u00e3o pol\u00edtico-administrativa da cidade. Jo\u00e3o Franca Ciribelli de Carvalho nasceu","canonical_url":"https:\/\/anoticiaonline.com.br\/site\/joao-franca-ciribelli-de-carvalho-recebe-medalha-do-merito-muriaeense-jose-alencar-gomes-da-silva\/","robots":"max-image-preview:large","keywords":"","webmasterTools":{"miscellaneous":""},"schema":{"@context":"https:\/\/schema.org","@graph":[{"@type":"BlogPosting","@id":"https:\/\/anoticiaonline.com.br\/site\/joao-franca-ciribelli-de-carvalho-recebe-medalha-do-merito-muriaeense-jose-alencar-gomes-da-silva\/#blogposting","name":"Jo\u00e3o Franca Ciribelli de Carvalho recebe medalha do M\u00e9rito Muriaeense \u201cJos\u00e9 Alencar Gomes da Silva\u201d - A Not\u00edcia Online","headline":"Jo\u00e3o Franca Ciribelli de Carvalho recebe medalha do M\u00e9rito Muriaeense \u201cJos\u00e9 Alencar Gomes da Silva\u201d","author":{"@id":"https:\/\/anoticiaonline.com.br\/site\/author\/juliana\/#author"},"publisher":{"@id":"https:\/\/anoticiaonline.com.br\/site\/#organization"},"image":{"@type":"ImageObject","url":"https:\/\/anoticiaonline.com.br\/site\/wp-content\/uploads\/2018\/05\/DSC_0290-1.jpg","width":640,"height":424},"datePublished":"2018-05-17T22:31:33-03:00","dateModified":"2018-05-17T22:33:33-03:00","inLanguage":"pt-BR","mainEntityOfPage":{"@id":"https:\/\/anoticiaonline.com.br\/site\/joao-franca-ciribelli-de-carvalho-recebe-medalha-do-merito-muriaeense-jose-alencar-gomes-da-silva\/#webpage"},"isPartOf":{"@id":"https:\/\/anoticiaonline.com.br\/site\/joao-franca-ciribelli-de-carvalho-recebe-medalha-do-merito-muriaeense-jose-alencar-gomes-da-silva\/#webpage"},"articleSection":"Gerais, Drogam\u00e9dica, Engenharia UFJF, grego, Ioannis Konstantinos Grammatikopoulos, Ioannis Konstantinos Grammatikopoulos (Grego), Jo\u00e3o Ciribelli, Jo\u00e3o Franca Ciribelli de Carvalho, medalha do M\u00e9rito Muriaeense \u201cJos\u00e9 Alencar Gomes da Silva\u201d, Porto"},{"@type":"BreadcrumbList","@id":"https:\/\/anoticiaonline.com.br\/site\/joao-franca-ciribelli-de-carvalho-recebe-medalha-do-merito-muriaeense-jose-alencar-gomes-da-silva\/#breadcrumblist","itemListElement":[{"@type":"ListItem","@id":"https:\/\/anoticiaonline.com.br\/site#listItem","position":1,"name":"Home","item":"https:\/\/anoticiaonline.com.br\/site","nextItem":{"@type":"ListItem","@id":"https:\/\/anoticiaonline.com.br\/site\/categoria\/gerais\/#listItem","name":"Gerais"}},{"@type":"ListItem","@id":"https:\/\/anoticiaonline.com.br\/site\/categoria\/gerais\/#listItem","position":2,"name":"Gerais","item":"https:\/\/anoticiaonline.com.br\/site\/categoria\/gerais\/","nextItem":{"@type":"ListItem","@id":"https:\/\/anoticiaonline.com.br\/site\/joao-franca-ciribelli-de-carvalho-recebe-medalha-do-merito-muriaeense-jose-alencar-gomes-da-silva\/#listItem","name":"Jo\u00e3o Franca Ciribelli de Carvalho recebe medalha do M\u00e9rito Muriaeense \u201cJos\u00e9 Alencar Gomes da Silva\u201d"},"previousItem":{"@type":"ListItem","@id":"https:\/\/anoticiaonline.com.br\/site#listItem","name":"Home"}},{"@type":"ListItem","@id":"https:\/\/anoticiaonline.com.br\/site\/joao-franca-ciribelli-de-carvalho-recebe-medalha-do-merito-muriaeense-jose-alencar-gomes-da-silva\/#listItem","position":3,"name":"Jo\u00e3o Franca Ciribelli de Carvalho recebe medalha do M\u00e9rito Muriaeense \u201cJos\u00e9 Alencar Gomes da Silva\u201d","previousItem":{"@type":"ListItem","@id":"https:\/\/anoticiaonline.com.br\/site\/categoria\/gerais\/#listItem","name":"Gerais"}}]},{"@type":"Organization","@id":"https:\/\/anoticiaonline.com.br\/site\/#organization","name":"A Not\u00edcia Online","description":"Noticias de Muria\u00e9 e regi\u00e3o","url":"https:\/\/anoticiaonline.com.br\/site\/","logo":{"@type":"ImageObject","url":"https:\/\/scontent-gig4-1.xx.fbcdn.net\/v\/t39.30808-1\/270437624_4564083193639691_6907940295614233970_n.jpg?stp=dst-jpg_s200x200_tt6&_nc_cat=111&ccb=1-7&_nc_sid=f907e8&_nc_ohc=SM1wRlP3lJwQ7kNvwEPuBYA&_nc_oc=AdnqrjDN_BNjSSHWO-GbkIWH6fkGMLw4bqvL_NH6e2wMveX7G-rP2dAqsDSq1mJMOaY&_nc_zt=24&_nc_ht=scontent-gig4-1.xx&_nc_gid=AoBFJeGrT1hVaew_6rchkQ&oh=00_AfX7QmFGhQhG2jAllVgXCiM1ZrWgvtp80-Bfppyexh1QEg&oe=689E923C","@id":"https:\/\/anoticiaonline.com.br\/site\/joao-franca-ciribelli-de-carvalho-recebe-medalha-do-merito-muriaeense-jose-alencar-gomes-da-silva\/#organizationLogo"},"image":{"@id":"https:\/\/anoticiaonline.com.br\/site\/joao-franca-ciribelli-de-carvalho-recebe-medalha-do-merito-muriaeense-jose-alencar-gomes-da-silva\/#organizationLogo"}},{"@type":"Person","@id":"https:\/\/anoticiaonline.com.br\/site\/author\/juliana\/#author","url":"https:\/\/anoticiaonline.com.br\/site\/author\/juliana\/","name":"Juliana Laviola","image":{"@type":"ImageObject","@id":"https:\/\/anoticiaonline.com.br\/site\/joao-franca-ciribelli-de-carvalho-recebe-medalha-do-merito-muriaeense-jose-alencar-gomes-da-silva\/#authorImage","url":"https:\/\/secure.gravatar.com\/avatar\/b8d45f5c699b100dfaf0e543582f38f38bf94cb7ae3a5e9abf8d891a34773335?s=96&d=mm&r=g","width":96,"height":96,"caption":"Juliana Laviola"}},{"@type":"WebPage","@id":"https:\/\/anoticiaonline.com.br\/site\/joao-franca-ciribelli-de-carvalho-recebe-medalha-do-merito-muriaeense-jose-alencar-gomes-da-silva\/#webpage","url":"https:\/\/anoticiaonline.com.br\/site\/joao-franca-ciribelli-de-carvalho-recebe-medalha-do-merito-muriaeense-jose-alencar-gomes-da-silva\/","name":"Jo\u00e3o Franca Ciribelli de Carvalho recebe medalha do M\u00e9rito Muriaeense \u201cJos\u00e9 Alencar Gomes da Silva\u201d - A Not\u00edcia Online","description":"Jo\u00e3o Franca Ciribelli de Carvalho recebeu, na noite de quarta-feira (16), a medalha do M\u00e9rito Muriaeense \u201cJos\u00e9 Alencar Gomes da Silva\u201d. A condecora\u00e7\u00e3o, criada em 2013, \u00e9 concedida anualmente a pessoas que tenham contribu\u00eddo para o desenvolvimento de Muria\u00e9, em comemora\u00e7\u00e3o pelos 163 anos de emancipa\u00e7\u00e3o pol\u00edtico-administrativa da cidade. Jo\u00e3o Franca Ciribelli de Carvalho nasceu","inLanguage":"pt-BR","isPartOf":{"@id":"https:\/\/anoticiaonline.com.br\/site\/#website"},"breadcrumb":{"@id":"https:\/\/anoticiaonline.com.br\/site\/joao-franca-ciribelli-de-carvalho-recebe-medalha-do-merito-muriaeense-jose-alencar-gomes-da-silva\/#breadcrumblist"},"author":{"@id":"https:\/\/anoticiaonline.com.br\/site\/author\/juliana\/#author"},"creator":{"@id":"https:\/\/anoticiaonline.com.br\/site\/author\/juliana\/#author"},"image":{"@type":"ImageObject","url":"https:\/\/anoticiaonline.com.br\/site\/wp-content\/uploads\/2018\/05\/DSC_0290-1.jpg","@id":"https:\/\/anoticiaonline.com.br\/site\/joao-franca-ciribelli-de-carvalho-recebe-medalha-do-merito-muriaeense-jose-alencar-gomes-da-silva\/#mainImage","width":640,"height":424},"primaryImageOfPage":{"@id":"https:\/\/anoticiaonline.com.br\/site\/joao-franca-ciribelli-de-carvalho-recebe-medalha-do-merito-muriaeense-jose-alencar-gomes-da-silva\/#mainImage"},"datePublished":"2018-05-17T22:31:33-03:00","dateModified":"2018-05-17T22:33:33-03:00"},{"@type":"WebSite","@id":"https:\/\/anoticiaonline.com.br\/site\/#website","url":"https:\/\/anoticiaonline.com.br\/site\/","name":"A Not\u00edcia Online","description":"Noticias de Muria\u00e9 e regi\u00e3o","inLanguage":"pt-BR","publisher":{"@id":"https:\/\/anoticiaonline.com.br\/site\/#organization"}}]},"og:locale":"pt_BR","og:site_name":"A Not\u00edcia Online - Noticias de Muria\u00e9 e regi\u00e3o","og:type":"article","og:title":"Jo\u00e3o Franca Ciribelli de Carvalho recebe medalha do M\u00e9rito Muriaeense \u201cJos\u00e9 Alencar Gomes da Silva\u201d - A Not\u00edcia Online","og:description":"Jo\u00e3o Franca Ciribelli de Carvalho recebeu, na noite de quarta-feira (16), a medalha do M\u00e9rito Muriaeense \u201cJos\u00e9 Alencar Gomes da Silva\u201d. A condecora\u00e7\u00e3o, criada em 2013, \u00e9 concedida anualmente a pessoas que tenham contribu\u00eddo para o desenvolvimento de Muria\u00e9, em comemora\u00e7\u00e3o pelos 163 anos de emancipa\u00e7\u00e3o pol\u00edtico-administrativa da cidade. Jo\u00e3o Franca Ciribelli de Carvalho nasceu","og:url":"https:\/\/anoticiaonline.com.br\/site\/joao-franca-ciribelli-de-carvalho-recebe-medalha-do-merito-muriaeense-jose-alencar-gomes-da-silva\/","og:image":"https:\/\/scontent-gig4-1.xx.fbcdn.net\/v\/t39.30808-1\/270437624_4564083193639691_6907940295614233970_n.jpg?stp=dst-jpg_s200x200_tt6&#038;_nc_cat=111&#038;ccb=1-7&#038;_nc_sid=f907e8&#038;_nc_ohc=SM1wRlP3lJwQ7kNvwEPuBYA&#038;_nc_oc=AdnqrjDN_BNjSSHWO-GbkIWH6fkGMLw4bqvL_NH6e2wMveX7G-rP2dAqsDSq1mJMOaY&#038;_nc_zt=24&#038;_nc_ht=scontent-gig4-1.xx&#038;_nc_gid=AoBFJeGrT1hVaew_6rchkQ&#038;oh=00_AfX7QmFGhQhG2jAllVgXCiM1ZrWgvtp80-Bfppyexh1QEg&#038;oe=689E923C","og:image:secure_url":"https:\/\/scontent-gig4-1.xx.fbcdn.net\/v\/t39.30808-1\/270437624_4564083193639691_6907940295614233970_n.jpg?stp=dst-jpg_s200x200_tt6&#038;_nc_cat=111&#038;ccb=1-7&#038;_nc_sid=f907e8&#038;_nc_ohc=SM1wRlP3lJwQ7kNvwEPuBYA&#038;_nc_oc=AdnqrjDN_BNjSSHWO-GbkIWH6fkGMLw4bqvL_NH6e2wMveX7G-rP2dAqsDSq1mJMOaY&#038;_nc_zt=24&#038;_nc_ht=scontent-gig4-1.xx&#038;_nc_gid=AoBFJeGrT1hVaew_6rchkQ&#038;oh=00_AfX7QmFGhQhG2jAllVgXCiM1ZrWgvtp80-Bfppyexh1QEg&#038;oe=689E923C","article:published_time":"2018-05-18T01:31:33+00:00","article:modified_time":"2018-05-18T01:33:33+00:00","twitter:card":"summary_large_image","twitter:title":"Jo\u00e3o Franca Ciribelli de Carvalho recebe medalha do M\u00e9rito Muriaeense \u201cJos\u00e9 Alencar Gomes da Silva\u201d - A Not\u00edcia Online","twitter:description":"Jo\u00e3o Franca Ciribelli de Carvalho recebeu, na noite de quarta-feira (16), a medalha do M\u00e9rito Muriaeense \u201cJos\u00e9 Alencar Gomes da Silva\u201d. A condecora\u00e7\u00e3o, criada em 2013, \u00e9 concedida anualmente a pessoas que tenham contribu\u00eddo para o desenvolvimento de Muria\u00e9, em comemora\u00e7\u00e3o pelos 163 anos de emancipa\u00e7\u00e3o pol\u00edtico-administrativa da cidade. Jo\u00e3o Franca Ciribelli de Carvalho nasceu","twitter:image":"https:\/\/scontent-gig4-1.xx.fbcdn.net\/v\/t39.30808-1\/270437624_4564083193639691_6907940295614233970_n.jpg?stp=dst-jpg_s200x200_tt6&_nc_cat=111&ccb=1-7&_nc_sid=f907e8&_nc_ohc=SM1wRlP3lJwQ7kNvwEPuBYA&_nc_oc=AdnqrjDN_BNjSSHWO-GbkIWH6fkGMLw4bqvL_NH6e2wMveX7G-rP2dAqsDSq1mJMOaY&_nc_zt=24&_nc_ht=scontent-gig4-1.xx&_nc_gid=AoBFJeGrT1hVaew_6rchkQ&oh=00_AfX7QmFGhQhG2jAllVgXCiM1ZrWgvtp80-Bfppyexh1QEg&oe=689E923C"},"aioseo_meta_data":{"post_id":"56137","title":null,"description":null,"keywords":null,"keyphrases":null,"primary_term":null,"canonical_url":null,"og_title":null,"og_description":null,"og_object_type":"default","og_image_type":"default","og_image_url":null,"og_image_width":null,"og_image_height":null,"og_image_custom_url":null,"og_image_custom_fields":null,"og_video":null,"og_custom_url":null,"og_article_section":null,"og_article_tags":null,"twitter_use_og":false,"twitter_card":"default","twitter_image_type":"default","twitter_image_url":null,"twitter_image_custom_url":null,"twitter_image_custom_fields":null,"twitter_title":null,"twitter_description":null,"schema":{"blockGraphs":[],"customGraphs":[],"default":{"data":{"Article":[],"Course":[],"Dataset":[],"FAQPage":[],"Movie":[],"Person":[],"Product":[],"ProductReview":[],"Car":[],"Recipe":[],"Service":[],"SoftwareApplication":[],"WebPage":[]},"graphName":"","isEnabled":true},"graphs":[]},"schema_type":"default","schema_type_options":null,"pillar_content":false,"robots_default":true,"robots_noindex":false,"robots_noarchive":false,"robots_nosnippet":false,"robots_nofollow":false,"robots_noimageindex":false,"robots_noodp":false,"robots_notranslate":false,"robots_max_snippet":null,"robots_max_videopreview":null,"robots_max_imagepreview":"large","priority":null,"frequency":null,"local_seo":null,"breadcrumb_settings":null,"limit_modified_date":false,"ai":null,"created":"2025-08-16 20:52:25","updated":"2025-08-16 20:52:25","focus_keyword":null,"additional_keywords":null,"truseo_locale":null,"seo_analyzer_scan_date":null},"aioseo_breadcrumb":"<div class=\"aioseo-breadcrumbs\"><span class=\"aioseo-breadcrumb\">\n\t\t\t<a href=\"https:\/\/anoticiaonline.com.br\/site\" title=\"Home\">Home<\/a>\n\t\t<\/span><span class=\"aioseo-breadcrumb-separator\">&raquo;<\/span><span class=\"aioseo-breadcrumb\">\n\t\t\t<a href=\"https:\/\/anoticiaonline.com.br\/site\/categoria\/gerais\/\" title=\"Gerais\">Gerais<\/a>\n\t\t<\/span><span class=\"aioseo-breadcrumb-separator\">&raquo;<\/span><span class=\"aioseo-breadcrumb\">\n\t\t\tJo\u00e3o Franca Ciribelli de Carvalho recebe medalha do M\u00e9rito Muriaeense \u201cJos\u00e9 Alencar Gomes da Silva\u201d\n\t\t<\/span><\/div>","aioseo_breadcrumb_json":[{"label":"Home","link":"https:\/\/anoticiaonline.com.br\/site"},{"label":"Gerais","link":"https:\/\/anoticiaonline.com.br\/site\/categoria\/gerais\/"},{"label":"Jo\u00e3o Franca Ciribelli de Carvalho recebe medalha do M\u00e9rito Muriaeense \u201cJos\u00e9 Alencar Gomes da Silva\u201d","link":"https:\/\/anoticiaonline.com.br\/site\/joao-franca-ciribelli-de-carvalho-recebe-medalha-do-merito-muriaeense-jose-alencar-gomes-da-silva\/"}],"views":215,"_links":{"self":[{"href":"https:\/\/anoticiaonline.com.br\/site\/wp-json\/wp\/v2\/posts\/56137","targetHints":{"allow":["GET"]}}],"collection":[{"href":"https:\/\/anoticiaonline.com.br\/site\/wp-json\/wp\/v2\/posts"}],"about":[{"href":"https:\/\/anoticiaonline.com.br\/site\/wp-json\/wp\/v2\/types\/post"}],"author":[{"embeddable":true,"href":"https:\/\/anoticiaonline.com.br\/site\/wp-json\/wp\/v2\/users\/2"}],"replies":[{"embeddable":true,"href":"https:\/\/anoticiaonline.com.br\/site\/wp-json\/wp\/v2\/comments?post=56137"}],"version-history":[{"count":0,"href":"https:\/\/anoticiaonline.com.br\/site\/wp-json\/wp\/v2\/posts\/56137\/revisions"}],"wp:featuredmedia":[{"embeddable":true,"href":"https:\/\/anoticiaonline.com.br\/site\/wp-json\/wp\/v2\/media\/56140"}],"wp:attachment":[{"href":"https:\/\/anoticiaonline.com.br\/site\/wp-json\/wp\/v2\/media?parent=56137"}],"wp:term":[{"taxonomy":"category","embeddable":true,"href":"https:\/\/anoticiaonline.com.br\/site\/wp-json\/wp\/v2\/categories?post=56137"},{"taxonomy":"post_tag","embeddable":true,"href":"https:\/\/anoticiaonline.com.br\/site\/wp-json\/wp\/v2\/tags?post=56137"}],"curies":[{"name":"wp","href":"https:\/\/api.w.org\/{rel}","templated":true}]}}