{"id":56125,"date":"2018-05-17T22:19:51","date_gmt":"2018-05-18T01:19:51","guid":{"rendered":"http:\/\/anoticiaonline.com.br\/site\/?p=56125"},"modified":"2018-05-17T22:19:51","modified_gmt":"2018-05-18T01:19:51","slug":"issis-cavalier-cabral-recebe-medalha-do-merito-muriaeense-jose-alencar-gomes-da-silva","status":"publish","type":"post","link":"https:\/\/anoticiaonline.com.br\/site\/issis-cavalier-cabral-recebe-medalha-do-merito-muriaeense-jose-alencar-gomes-da-silva\/","title":{"rendered":"\u00cdssis Cavalier Cabral recebe medalha do M\u00e9rito Muriaeense \u201cJos\u00e9 Alencar Gomes da Silva\u201d"},"content":{"rendered":"<p><a href=\"https:\/\/anoticiaonline.com.br\/site\/wp-content\/uploads\/2018\/05\/DSC_0125.jpg\"><img fetchpriority=\"high\" decoding=\"async\" class=\"aligncenter size-full wp-image-56128\" src=\"https:\/\/anoticiaonline.com.br\/site\/wp-content\/uploads\/2018\/05\/DSC_0125.jpg\" alt=\"\" width=\"640\" height=\"427\" srcset=\"https:\/\/anoticiaonline.com.br\/site\/wp-content\/uploads\/2018\/05\/DSC_0125.jpg 640w, https:\/\/anoticiaonline.com.br\/site\/wp-content\/uploads\/2018\/05\/DSC_0125-300x200.jpg 300w\" sizes=\"(max-width: 640px) 100vw, 640px\" \/><\/a> <a href=\"https:\/\/anoticiaonline.com.br\/site\/wp-content\/uploads\/2018\/05\/DSC_1124.jpg\"><img decoding=\"async\" class=\"aligncenter size-full wp-image-56130\" src=\"https:\/\/anoticiaonline.com.br\/site\/wp-content\/uploads\/2018\/05\/DSC_1124.jpg\" alt=\"\" width=\"640\" height=\"427\" srcset=\"https:\/\/anoticiaonline.com.br\/site\/wp-content\/uploads\/2018\/05\/DSC_1124.jpg 640w, https:\/\/anoticiaonline.com.br\/site\/wp-content\/uploads\/2018\/05\/DSC_1124-300x200.jpg 300w\" sizes=\"(max-width: 640px) 100vw, 640px\" \/><\/a>\u00cdssis Cavalier Cabral recebeu, na noite de quarta-feira (16), a medalha do M\u00e9rito Muriaeense \u201cJos\u00e9 Alencar Gomes da Silva\u201d. A condecora\u00e7\u00e3o, criada em 2013, \u00e9 concedida anualmente a pessoas que tenham contribu\u00eddo para o desenvolvimento de Muria\u00e9, em comemora\u00e7\u00e3o pelos 163 anos de emancipa\u00e7\u00e3o pol\u00edtico-administrativa da cidade.<\/p>\n<p>Nascida em Patroc\u00ednio do Muria\u00e9, no dia 24 de setembro de 1944, \u00e9 casada com Simpl\u00edcio Corr\u00eaa Cabral. \u00c9 m\u00e3e de dois filhos, St\u00e9fano e St\u00eanio, e av\u00f3 de um casal de netos. Formada pela Faculdade Santa Marcelina, com licenciatura em Hist\u00f3ria, Filosofia e Psicologia, trabalhou como professora em diversas cidades da regi\u00e3o, tendo sido tamb\u00e9m diretora da Escola Municipal Sebasti\u00e3o Laviola.<\/p>\n<p>Sempre dedicada ao trabalho social e ao aux\u00edlio ao pr\u00f3ximo, foi agraciada em 1998 com o Trof\u00e9u Mulheres de Ouro. Integrou o Lions Clube Muria\u00e9 Barra e, atualmente, preside pela segunda vez o Centro Esp\u00edrita Anjo Gabriel, promovendo palestras sobre o Evangelho crist\u00e3o e oferecendo cestas b\u00e1sicas e enxovais para as fam\u00edlias mais necessitadas.<\/p>\n<p><a href=\"https:\/\/anoticiaonline.com.br\/site\/wp-content\/uploads\/2018\/05\/DSC_0109.jpg\"><img decoding=\"async\" class=\"aligncenter size-full wp-image-56126\" src=\"https:\/\/anoticiaonline.com.br\/site\/wp-content\/uploads\/2018\/05\/DSC_0109.jpg\" alt=\"\" width=\"640\" height=\"427\" srcset=\"https:\/\/anoticiaonline.com.br\/site\/wp-content\/uploads\/2018\/05\/DSC_0109.jpg 640w, https:\/\/anoticiaonline.com.br\/site\/wp-content\/uploads\/2018\/05\/DSC_0109-300x200.jpg 300w\" sizes=\"(max-width: 640px) 100vw, 640px\" \/><\/a><\/p>\n<p><a href=\"https:\/\/anoticiaonline.com.br\/site\/wp-content\/uploads\/2018\/05\/DSC_0111-1.jpg\"><img loading=\"lazy\" decoding=\"async\" class=\"aligncenter size-full wp-image-56127\" src=\"https:\/\/anoticiaonline.com.br\/site\/wp-content\/uploads\/2018\/05\/DSC_0111-1.jpg\" alt=\"\" width=\"424\" height=\"640\" srcset=\"https:\/\/anoticiaonline.com.br\/site\/wp-content\/uploads\/2018\/05\/DSC_0111-1.jpg 424w, https:\/\/anoticiaonline.com.br\/site\/wp-content\/uploads\/2018\/05\/DSC_0111-1-199x300.jpg 199w\" sizes=\"(max-width: 424px) 100vw, 424px\" \/><\/a><\/p>\n","protected":false},"excerpt":{"rendered":"<p>\u00cdssis Cavalier Cabral recebeu, na noite de quarta-feira (16), a medalha do M\u00e9rito Muriaeense \u201cJos\u00e9 Alencar Gomes da Silva\u201d. A condecora\u00e7\u00e3o, criada em 2013, \u00e9 concedida anualmente a pessoas que tenham contribu\u00eddo para o desenvolvimento de Muria\u00e9, em comemora\u00e7\u00e3o pelos 163 anos de emancipa\u00e7\u00e3o pol\u00edtico-administrativa da cidade. Nascida em Patroc\u00ednio do Muria\u00e9, no dia 24 &#8230; <a title=\"\u00cdssis Cavalier Cabral recebe medalha do M\u00e9rito Muriaeense \u201cJos\u00e9 Alencar Gomes da Silva\u201d\" class=\"read-more\" href=\"https:\/\/anoticiaonline.com.br\/site\/issis-cavalier-cabral-recebe-medalha-do-merito-muriaeense-jose-alencar-gomes-da-silva\/\" aria-label=\"Read more about \u00cdssis Cavalier Cabral recebe medalha do M\u00e9rito Muriaeense \u201cJos\u00e9 Alencar Gomes da Silva\u201d\">Ler mais<\/a><\/p>\n","protected":false},"author":2,"featured_media":56130,"comment_status":"open","ping_status":"open","sticky":false,"template":"","format":"standard","meta":{"_acf_changed":false,"_monsterinsights_skip_tracking":false,"footnotes":""},"categories":[1],"tags":[2600,2569,1020,2601,2575,950],"class_list":["post-56125","post","type-post","status-publish","format-standard","has-post-thumbnail","hentry","category-gerais","tag-issis-cavalier-cabral","tag-jose-alencar-gomes-da-silva","tag-lions-clube-muriae-barra","tag-medalha-do-merito-muriaeense","tag-medalha-do-merito-muriaeense-jose-alencar-gomes-da-silva","tag-patrocinio-do-muriae"],"acf":[],"aioseo_notices":[],"aioseo_head":"\n\t\t<!-- All in One SEO 5.0.0.1 - aioseo.com -->\n\t<meta name=\"description\" content=\"\u00cdssis Cavalier Cabral recebeu, na noite de quarta-feira (16), a medalha do M\u00e9rito Muriaeense \u201cJos\u00e9 Alencar Gomes da Silva\u201d. A condecora\u00e7\u00e3o, criada em 2013, \u00e9 concedida anualmente a pessoas que tenham contribu\u00eddo para o desenvolvimento de Muria\u00e9, em comemora\u00e7\u00e3o pelos 163 anos de emancipa\u00e7\u00e3o pol\u00edtico-administrativa da cidade. Nascida em Patroc\u00ednio do Muria\u00e9, no dia 24\" \/>\n\t<meta name=\"robots\" content=\"max-image-preview:large\" \/>\n\t<meta name=\"author\" content=\"Juliana Laviola\"\/>\n\t<link rel=\"canonical\" href=\"https:\/\/anoticiaonline.com.br\/site\/issis-cavalier-cabral-recebe-medalha-do-merito-muriaeense-jose-alencar-gomes-da-silva\/\" \/>\n\t<meta name=\"generator\" content=\"All in One SEO (AIOSEO) 5.0.0.1\" \/>\n\t\t<meta property=\"og:locale\" content=\"pt_BR\" \/>\n\t\t<meta property=\"og:site_name\" content=\"A Not\u00edcia Online - Noticias de Muria\u00e9 e regi\u00e3o\" \/>\n\t\t<meta property=\"og:type\" content=\"article\" \/>\n\t\t<meta property=\"og:title\" content=\"\u00cdssis Cavalier Cabral recebe medalha do M\u00e9rito Muriaeense \u201cJos\u00e9 Alencar Gomes da Silva\u201d - A Not\u00edcia Online\" \/>\n\t\t<meta property=\"og:description\" content=\"\u00cdssis Cavalier Cabral recebeu, na noite de quarta-feira (16), a medalha do M\u00e9rito Muriaeense \u201cJos\u00e9 Alencar Gomes da Silva\u201d. A condecora\u00e7\u00e3o, criada em 2013, \u00e9 concedida anualmente a pessoas que tenham contribu\u00eddo para o desenvolvimento de Muria\u00e9, em comemora\u00e7\u00e3o pelos 163 anos de emancipa\u00e7\u00e3o pol\u00edtico-administrativa da cidade. Nascida em Patroc\u00ednio do Muria\u00e9, no dia 24\" \/>\n\t\t<meta property=\"og:url\" content=\"https:\/\/anoticiaonline.com.br\/site\/issis-cavalier-cabral-recebe-medalha-do-merito-muriaeense-jose-alencar-gomes-da-silva\/\" \/>\n\t\t<meta property=\"og:image\" content=\"https:\/\/scontent-gig4-1.xx.fbcdn.net\/v\/t39.30808-1\/270437624_4564083193639691_6907940295614233970_n.jpg?stp=dst-jpg_s200x200_tt6&#038;_nc_cat=111&#038;ccb=1-7&#038;_nc_sid=f907e8&#038;_nc_ohc=SM1wRlP3lJwQ7kNvwEPuBYA&#038;_nc_oc=AdnqrjDN_BNjSSHWO-GbkIWH6fkGMLw4bqvL_NH6e2wMveX7G-rP2dAqsDSq1mJMOaY&#038;_nc_zt=24&#038;_nc_ht=scontent-gig4-1.xx&#038;_nc_gid=AoBFJeGrT1hVaew_6rchkQ&#038;oh=00_AfX7QmFGhQhG2jAllVgXCiM1ZrWgvtp80-Bfppyexh1QEg&#038;oe=689E923C\" \/>\n\t\t<meta property=\"og:image:secure_url\" content=\"https:\/\/scontent-gig4-1.xx.fbcdn.net\/v\/t39.30808-1\/270437624_4564083193639691_6907940295614233970_n.jpg?stp=dst-jpg_s200x200_tt6&#038;_nc_cat=111&#038;ccb=1-7&#038;_nc_sid=f907e8&#038;_nc_ohc=SM1wRlP3lJwQ7kNvwEPuBYA&#038;_nc_oc=AdnqrjDN_BNjSSHWO-GbkIWH6fkGMLw4bqvL_NH6e2wMveX7G-rP2dAqsDSq1mJMOaY&#038;_nc_zt=24&#038;_nc_ht=scontent-gig4-1.xx&#038;_nc_gid=AoBFJeGrT1hVaew_6rchkQ&#038;oh=00_AfX7QmFGhQhG2jAllVgXCiM1ZrWgvtp80-Bfppyexh1QEg&#038;oe=689E923C\" \/>\n\t\t<meta property=\"article:published_time\" content=\"2018-05-18T01:19:51+00:00\" \/>\n\t\t<meta property=\"article:modified_time\" content=\"2018-05-18T01:19:51+00:00\" \/>\n\t\t<meta name=\"twitter:card\" content=\"summary_large_image\" \/>\n\t\t<meta name=\"twitter:title\" content=\"\u00cdssis Cavalier Cabral recebe medalha do M\u00e9rito Muriaeense \u201cJos\u00e9 Alencar Gomes da Silva\u201d - A Not\u00edcia Online\" \/>\n\t\t<meta name=\"twitter:description\" content=\"\u00cdssis Cavalier Cabral recebeu, na noite de quarta-feira (16), a medalha do M\u00e9rito Muriaeense \u201cJos\u00e9 Alencar Gomes da Silva\u201d. A condecora\u00e7\u00e3o, criada em 2013, \u00e9 concedida anualmente a pessoas que tenham contribu\u00eddo para o desenvolvimento de Muria\u00e9, em comemora\u00e7\u00e3o pelos 163 anos de emancipa\u00e7\u00e3o pol\u00edtico-administrativa da cidade. Nascida em Patroc\u00ednio do Muria\u00e9, no dia 24\" \/>\n\t\t<meta name=\"twitter:image\" content=\"https:\/\/scontent-gig4-1.xx.fbcdn.net\/v\/t39.30808-1\/270437624_4564083193639691_6907940295614233970_n.jpg?stp=dst-jpg_s200x200_tt6&amp;_nc_cat=111&amp;ccb=1-7&amp;_nc_sid=f907e8&amp;_nc_ohc=SM1wRlP3lJwQ7kNvwEPuBYA&amp;_nc_oc=AdnqrjDN_BNjSSHWO-GbkIWH6fkGMLw4bqvL_NH6e2wMveX7G-rP2dAqsDSq1mJMOaY&amp;_nc_zt=24&amp;_nc_ht=scontent-gig4-1.xx&amp;_nc_gid=AoBFJeGrT1hVaew_6rchkQ&amp;oh=00_AfX7QmFGhQhG2jAllVgXCiM1ZrWgvtp80-Bfppyexh1QEg&amp;oe=689E923C\" \/>\n\t\t<script type=\"application\/ld+json\" class=\"aioseo-schema\">\n\t\t\t{\"@context\":\"https:\\\/\\\/schema.org\",\"@graph\":[{\"@type\":\"BlogPosting\",\"@id\":\"https:\\\/\\\/anoticiaonline.com.br\\\/site\\\/issis-cavalier-cabral-recebe-medalha-do-merito-muriaeense-jose-alencar-gomes-da-silva\\\/#blogposting\",\"name\":\"\\u00cdssis Cavalier Cabral recebe medalha do M\\u00e9rito Muriaeense \\u201cJos\\u00e9 Alencar Gomes da Silva\\u201d - A Not\\u00edcia Online\",\"headline\":\"\\u00cdssis Cavalier Cabral recebe medalha do M\\u00e9rito Muriaeense \\u201cJos\\u00e9 Alencar Gomes da Silva\\u201d\",\"author\":{\"@id\":\"https:\\\/\\\/anoticiaonline.com.br\\\/site\\\/author\\\/juliana\\\/#author\"},\"publisher\":{\"@id\":\"https:\\\/\\\/anoticiaonline.com.br\\\/site\\\/#organization\"},\"image\":{\"@type\":\"ImageObject\",\"url\":\"https:\\\/\\\/anoticiaonline.com.br\\\/site\\\/wp-content\\\/uploads\\\/2018\\\/05\\\/DSC_1124.jpg\",\"width\":640,\"height\":427},\"datePublished\":\"2018-05-17T22:19:51-03:00\",\"dateModified\":\"2018-05-17T22:19:51-03:00\",\"inLanguage\":\"pt-BR\",\"mainEntityOfPage\":{\"@id\":\"https:\\\/\\\/anoticiaonline.com.br\\\/site\\\/issis-cavalier-cabral-recebe-medalha-do-merito-muriaeense-jose-alencar-gomes-da-silva\\\/#webpage\"},\"isPartOf\":{\"@id\":\"https:\\\/\\\/anoticiaonline.com.br\\\/site\\\/issis-cavalier-cabral-recebe-medalha-do-merito-muriaeense-jose-alencar-gomes-da-silva\\\/#webpage\"},\"articleSection\":\"Gerais, \\u00cdssis Cavalier Cabral, Jos\\u00e9 Alencar Gomes da Silva, Lions Clube Muria\\u00e9 Barra, medalha do M\\u00e9rito Muriaeense, medalha do M\\u00e9rito Muriaeense \\u201cJos\\u00e9 Alencar Gomes da Silva\\u201d, Patroc\\u00ednio do Muria\\u00e9\"},{\"@type\":\"BreadcrumbList\",\"@id\":\"https:\\\/\\\/anoticiaonline.com.br\\\/site\\\/issis-cavalier-cabral-recebe-medalha-do-merito-muriaeense-jose-alencar-gomes-da-silva\\\/#breadcrumblist\",\"itemListElement\":[{\"@type\":\"ListItem\",\"@id\":\"https:\\\/\\\/anoticiaonline.com.br\\\/site#listItem\",\"position\":1,\"name\":\"Home\",\"item\":\"https:\\\/\\\/anoticiaonline.com.br\\\/site\",\"nextItem\":{\"@type\":\"ListItem\",\"@id\":\"https:\\\/\\\/anoticiaonline.com.br\\\/site\\\/categoria\\\/gerais\\\/#listItem\",\"name\":\"Gerais\"}},{\"@type\":\"ListItem\",\"@id\":\"https:\\\/\\\/anoticiaonline.com.br\\\/site\\\/categoria\\\/gerais\\\/#listItem\",\"position\":2,\"name\":\"Gerais\",\"item\":\"https:\\\/\\\/anoticiaonline.com.br\\\/site\\\/categoria\\\/gerais\\\/\",\"nextItem\":{\"@type\":\"ListItem\",\"@id\":\"https:\\\/\\\/anoticiaonline.com.br\\\/site\\\/issis-cavalier-cabral-recebe-medalha-do-merito-muriaeense-jose-alencar-gomes-da-silva\\\/#listItem\",\"name\":\"\\u00cdssis Cavalier Cabral recebe medalha do M\\u00e9rito Muriaeense \\u201cJos\\u00e9 Alencar Gomes da Silva\\u201d\"},\"previousItem\":{\"@type\":\"ListItem\",\"@id\":\"https:\\\/\\\/anoticiaonline.com.br\\\/site#listItem\",\"name\":\"Home\"}},{\"@type\":\"ListItem\",\"@id\":\"https:\\\/\\\/anoticiaonline.com.br\\\/site\\\/issis-cavalier-cabral-recebe-medalha-do-merito-muriaeense-jose-alencar-gomes-da-silva\\\/#listItem\",\"position\":3,\"name\":\"\\u00cdssis Cavalier Cabral recebe medalha do M\\u00e9rito Muriaeense \\u201cJos\\u00e9 Alencar Gomes da Silva\\u201d\",\"previousItem\":{\"@type\":\"ListItem\",\"@id\":\"https:\\\/\\\/anoticiaonline.com.br\\\/site\\\/categoria\\\/gerais\\\/#listItem\",\"name\":\"Gerais\"}}]},{\"@type\":\"Organization\",\"@id\":\"https:\\\/\\\/anoticiaonline.com.br\\\/site\\\/#organization\",\"name\":\"A Not\\u00edcia Online\",\"description\":\"Noticias de Muria\\u00e9 e regi\\u00e3o\",\"url\":\"https:\\\/\\\/anoticiaonline.com.br\\\/site\\\/\",\"logo\":{\"@type\":\"ImageObject\",\"url\":\"https:\\\/\\\/scontent-gig4-1.xx.fbcdn.net\\\/v\\\/t39.30808-1\\\/270437624_4564083193639691_6907940295614233970_n.jpg?stp=dst-jpg_s200x200_tt6&_nc_cat=111&ccb=1-7&_nc_sid=f907e8&_nc_ohc=SM1wRlP3lJwQ7kNvwEPuBYA&_nc_oc=AdnqrjDN_BNjSSHWO-GbkIWH6fkGMLw4bqvL_NH6e2wMveX7G-rP2dAqsDSq1mJMOaY&_nc_zt=24&_nc_ht=scontent-gig4-1.xx&_nc_gid=AoBFJeGrT1hVaew_6rchkQ&oh=00_AfX7QmFGhQhG2jAllVgXCiM1ZrWgvtp80-Bfppyexh1QEg&oe=689E923C\",\"@id\":\"https:\\\/\\\/anoticiaonline.com.br\\\/site\\\/issis-cavalier-cabral-recebe-medalha-do-merito-muriaeense-jose-alencar-gomes-da-silva\\\/#organizationLogo\"},\"image\":{\"@id\":\"https:\\\/\\\/anoticiaonline.com.br\\\/site\\\/issis-cavalier-cabral-recebe-medalha-do-merito-muriaeense-jose-alencar-gomes-da-silva\\\/#organizationLogo\"}},{\"@type\":\"Person\",\"@id\":\"https:\\\/\\\/anoticiaonline.com.br\\\/site\\\/author\\\/juliana\\\/#author\",\"url\":\"https:\\\/\\\/anoticiaonline.com.br\\\/site\\\/author\\\/juliana\\\/\",\"name\":\"Juliana Laviola\",\"image\":{\"@type\":\"ImageObject\",\"@id\":\"https:\\\/\\\/anoticiaonline.com.br\\\/site\\\/issis-cavalier-cabral-recebe-medalha-do-merito-muriaeense-jose-alencar-gomes-da-silva\\\/#authorImage\",\"url\":\"https:\\\/\\\/secure.gravatar.com\\\/avatar\\\/b8d45f5c699b100dfaf0e543582f38f38bf94cb7ae3a5e9abf8d891a34773335?s=96&d=mm&r=g\",\"width\":96,\"height\":96,\"caption\":\"Juliana Laviola\"}},{\"@type\":\"WebPage\",\"@id\":\"https:\\\/\\\/anoticiaonline.com.br\\\/site\\\/issis-cavalier-cabral-recebe-medalha-do-merito-muriaeense-jose-alencar-gomes-da-silva\\\/#webpage\",\"url\":\"https:\\\/\\\/anoticiaonline.com.br\\\/site\\\/issis-cavalier-cabral-recebe-medalha-do-merito-muriaeense-jose-alencar-gomes-da-silva\\\/\",\"name\":\"\\u00cdssis Cavalier Cabral recebe medalha do M\\u00e9rito Muriaeense \\u201cJos\\u00e9 Alencar Gomes da Silva\\u201d - A Not\\u00edcia Online\",\"description\":\"\\u00cdssis Cavalier Cabral recebeu, na noite de quarta-feira (16), a medalha do M\\u00e9rito Muriaeense \\u201cJos\\u00e9 Alencar Gomes da Silva\\u201d. A condecora\\u00e7\\u00e3o, criada em 2013, \\u00e9 concedida anualmente a pessoas que tenham contribu\\u00eddo para o desenvolvimento de Muria\\u00e9, em comemora\\u00e7\\u00e3o pelos 163 anos de emancipa\\u00e7\\u00e3o pol\\u00edtico-administrativa da cidade. Nascida em Patroc\\u00ednio do Muria\\u00e9, no dia 24\",\"inLanguage\":\"pt-BR\",\"isPartOf\":{\"@id\":\"https:\\\/\\\/anoticiaonline.com.br\\\/site\\\/#website\"},\"breadcrumb\":{\"@id\":\"https:\\\/\\\/anoticiaonline.com.br\\\/site\\\/issis-cavalier-cabral-recebe-medalha-do-merito-muriaeense-jose-alencar-gomes-da-silva\\\/#breadcrumblist\"},\"author\":{\"@id\":\"https:\\\/\\\/anoticiaonline.com.br\\\/site\\\/author\\\/juliana\\\/#author\"},\"creator\":{\"@id\":\"https:\\\/\\\/anoticiaonline.com.br\\\/site\\\/author\\\/juliana\\\/#author\"},\"image\":{\"@type\":\"ImageObject\",\"url\":\"https:\\\/\\\/anoticiaonline.com.br\\\/site\\\/wp-content\\\/uploads\\\/2018\\\/05\\\/DSC_1124.jpg\",\"@id\":\"https:\\\/\\\/anoticiaonline.com.br\\\/site\\\/issis-cavalier-cabral-recebe-medalha-do-merito-muriaeense-jose-alencar-gomes-da-silva\\\/#mainImage\",\"width\":640,\"height\":427},\"primaryImageOfPage\":{\"@id\":\"https:\\\/\\\/anoticiaonline.com.br\\\/site\\\/issis-cavalier-cabral-recebe-medalha-do-merito-muriaeense-jose-alencar-gomes-da-silva\\\/#mainImage\"},\"datePublished\":\"2018-05-17T22:19:51-03:00\",\"dateModified\":\"2018-05-17T22:19:51-03:00\"},{\"@type\":\"WebSite\",\"@id\":\"https:\\\/\\\/anoticiaonline.com.br\\\/site\\\/#website\",\"url\":\"https:\\\/\\\/anoticiaonline.com.br\\\/site\\\/\",\"name\":\"A Not\\u00edcia Online\",\"description\":\"Noticias de Muria\\u00e9 e regi\\u00e3o\",\"inLanguage\":\"pt-BR\",\"publisher\":{\"@id\":\"https:\\\/\\\/anoticiaonline.com.br\\\/site\\\/#organization\"}}]}\n\t\t<\/script>\n\t\t<!-- All in One SEO -->\n\n","aioseo_head_json":{"title":"\u00cdssis Cavalier Cabral recebe medalha do M\u00e9rito Muriaeense \u201cJos\u00e9 Alencar Gomes da Silva\u201d - A Not\u00edcia Online","description":"\u00cdssis Cavalier Cabral recebeu, na noite de quarta-feira (16), a medalha do M\u00e9rito Muriaeense \u201cJos\u00e9 Alencar Gomes da Silva\u201d. A condecora\u00e7\u00e3o, criada em 2013, \u00e9 concedida anualmente a pessoas que tenham contribu\u00eddo para o desenvolvimento de Muria\u00e9, em comemora\u00e7\u00e3o pelos 163 anos de emancipa\u00e7\u00e3o pol\u00edtico-administrativa da cidade. Nascida em Patroc\u00ednio do Muria\u00e9, no dia 24","canonical_url":"https:\/\/anoticiaonline.com.br\/site\/issis-cavalier-cabral-recebe-medalha-do-merito-muriaeense-jose-alencar-gomes-da-silva\/","robots":"max-image-preview:large","keywords":"","webmasterTools":{"miscellaneous":""},"schema":{"@context":"https:\/\/schema.org","@graph":[{"@type":"BlogPosting","@id":"https:\/\/anoticiaonline.com.br\/site\/issis-cavalier-cabral-recebe-medalha-do-merito-muriaeense-jose-alencar-gomes-da-silva\/#blogposting","name":"\u00cdssis Cavalier Cabral recebe medalha do M\u00e9rito Muriaeense \u201cJos\u00e9 Alencar Gomes da Silva\u201d - A Not\u00edcia Online","headline":"\u00cdssis Cavalier Cabral recebe medalha do M\u00e9rito Muriaeense \u201cJos\u00e9 Alencar Gomes da Silva\u201d","author":{"@id":"https:\/\/anoticiaonline.com.br\/site\/author\/juliana\/#author"},"publisher":{"@id":"https:\/\/anoticiaonline.com.br\/site\/#organization"},"image":{"@type":"ImageObject","url":"https:\/\/anoticiaonline.com.br\/site\/wp-content\/uploads\/2018\/05\/DSC_1124.jpg","width":640,"height":427},"datePublished":"2018-05-17T22:19:51-03:00","dateModified":"2018-05-17T22:19:51-03:00","inLanguage":"pt-BR","mainEntityOfPage":{"@id":"https:\/\/anoticiaonline.com.br\/site\/issis-cavalier-cabral-recebe-medalha-do-merito-muriaeense-jose-alencar-gomes-da-silva\/#webpage"},"isPartOf":{"@id":"https:\/\/anoticiaonline.com.br\/site\/issis-cavalier-cabral-recebe-medalha-do-merito-muriaeense-jose-alencar-gomes-da-silva\/#webpage"},"articleSection":"Gerais, \u00cdssis Cavalier Cabral, Jos\u00e9 Alencar Gomes da Silva, Lions Clube Muria\u00e9 Barra, medalha do M\u00e9rito Muriaeense, medalha do M\u00e9rito Muriaeense \u201cJos\u00e9 Alencar Gomes da Silva\u201d, Patroc\u00ednio do Muria\u00e9"},{"@type":"BreadcrumbList","@id":"https:\/\/anoticiaonline.com.br\/site\/issis-cavalier-cabral-recebe-medalha-do-merito-muriaeense-jose-alencar-gomes-da-silva\/#breadcrumblist","itemListElement":[{"@type":"ListItem","@id":"https:\/\/anoticiaonline.com.br\/site#listItem","position":1,"name":"Home","item":"https:\/\/anoticiaonline.com.br\/site","nextItem":{"@type":"ListItem","@id":"https:\/\/anoticiaonline.com.br\/site\/categoria\/gerais\/#listItem","name":"Gerais"}},{"@type":"ListItem","@id":"https:\/\/anoticiaonline.com.br\/site\/categoria\/gerais\/#listItem","position":2,"name":"Gerais","item":"https:\/\/anoticiaonline.com.br\/site\/categoria\/gerais\/","nextItem":{"@type":"ListItem","@id":"https:\/\/anoticiaonline.com.br\/site\/issis-cavalier-cabral-recebe-medalha-do-merito-muriaeense-jose-alencar-gomes-da-silva\/#listItem","name":"\u00cdssis Cavalier Cabral recebe medalha do M\u00e9rito Muriaeense \u201cJos\u00e9 Alencar Gomes da Silva\u201d"},"previousItem":{"@type":"ListItem","@id":"https:\/\/anoticiaonline.com.br\/site#listItem","name":"Home"}},{"@type":"ListItem","@id":"https:\/\/anoticiaonline.com.br\/site\/issis-cavalier-cabral-recebe-medalha-do-merito-muriaeense-jose-alencar-gomes-da-silva\/#listItem","position":3,"name":"\u00cdssis Cavalier Cabral recebe medalha do M\u00e9rito Muriaeense \u201cJos\u00e9 Alencar Gomes da Silva\u201d","previousItem":{"@type":"ListItem","@id":"https:\/\/anoticiaonline.com.br\/site\/categoria\/gerais\/#listItem","name":"Gerais"}}]},{"@type":"Organization","@id":"https:\/\/anoticiaonline.com.br\/site\/#organization","name":"A Not\u00edcia Online","description":"Noticias de Muria\u00e9 e regi\u00e3o","url":"https:\/\/anoticiaonline.com.br\/site\/","logo":{"@type":"ImageObject","url":"https:\/\/scontent-gig4-1.xx.fbcdn.net\/v\/t39.30808-1\/270437624_4564083193639691_6907940295614233970_n.jpg?stp=dst-jpg_s200x200_tt6&_nc_cat=111&ccb=1-7&_nc_sid=f907e8&_nc_ohc=SM1wRlP3lJwQ7kNvwEPuBYA&_nc_oc=AdnqrjDN_BNjSSHWO-GbkIWH6fkGMLw4bqvL_NH6e2wMveX7G-rP2dAqsDSq1mJMOaY&_nc_zt=24&_nc_ht=scontent-gig4-1.xx&_nc_gid=AoBFJeGrT1hVaew_6rchkQ&oh=00_AfX7QmFGhQhG2jAllVgXCiM1ZrWgvtp80-Bfppyexh1QEg&oe=689E923C","@id":"https:\/\/anoticiaonline.com.br\/site\/issis-cavalier-cabral-recebe-medalha-do-merito-muriaeense-jose-alencar-gomes-da-silva\/#organizationLogo"},"image":{"@id":"https:\/\/anoticiaonline.com.br\/site\/issis-cavalier-cabral-recebe-medalha-do-merito-muriaeense-jose-alencar-gomes-da-silva\/#organizationLogo"}},{"@type":"Person","@id":"https:\/\/anoticiaonline.com.br\/site\/author\/juliana\/#author","url":"https:\/\/anoticiaonline.com.br\/site\/author\/juliana\/","name":"Juliana Laviola","image":{"@type":"ImageObject","@id":"https:\/\/anoticiaonline.com.br\/site\/issis-cavalier-cabral-recebe-medalha-do-merito-muriaeense-jose-alencar-gomes-da-silva\/#authorImage","url":"https:\/\/secure.gravatar.com\/avatar\/b8d45f5c699b100dfaf0e543582f38f38bf94cb7ae3a5e9abf8d891a34773335?s=96&d=mm&r=g","width":96,"height":96,"caption":"Juliana Laviola"}},{"@type":"WebPage","@id":"https:\/\/anoticiaonline.com.br\/site\/issis-cavalier-cabral-recebe-medalha-do-merito-muriaeense-jose-alencar-gomes-da-silva\/#webpage","url":"https:\/\/anoticiaonline.com.br\/site\/issis-cavalier-cabral-recebe-medalha-do-merito-muriaeense-jose-alencar-gomes-da-silva\/","name":"\u00cdssis Cavalier Cabral recebe medalha do M\u00e9rito Muriaeense \u201cJos\u00e9 Alencar Gomes da Silva\u201d - A Not\u00edcia Online","description":"\u00cdssis Cavalier Cabral recebeu, na noite de quarta-feira (16), a medalha do M\u00e9rito Muriaeense \u201cJos\u00e9 Alencar Gomes da Silva\u201d. A condecora\u00e7\u00e3o, criada em 2013, \u00e9 concedida anualmente a pessoas que tenham contribu\u00eddo para o desenvolvimento de Muria\u00e9, em comemora\u00e7\u00e3o pelos 163 anos de emancipa\u00e7\u00e3o pol\u00edtico-administrativa da cidade. Nascida em Patroc\u00ednio do Muria\u00e9, no dia 24","inLanguage":"pt-BR","isPartOf":{"@id":"https:\/\/anoticiaonline.com.br\/site\/#website"},"breadcrumb":{"@id":"https:\/\/anoticiaonline.com.br\/site\/issis-cavalier-cabral-recebe-medalha-do-merito-muriaeense-jose-alencar-gomes-da-silva\/#breadcrumblist"},"author":{"@id":"https:\/\/anoticiaonline.com.br\/site\/author\/juliana\/#author"},"creator":{"@id":"https:\/\/anoticiaonline.com.br\/site\/author\/juliana\/#author"},"image":{"@type":"ImageObject","url":"https:\/\/anoticiaonline.com.br\/site\/wp-content\/uploads\/2018\/05\/DSC_1124.jpg","@id":"https:\/\/anoticiaonline.com.br\/site\/issis-cavalier-cabral-recebe-medalha-do-merito-muriaeense-jose-alencar-gomes-da-silva\/#mainImage","width":640,"height":427},"primaryImageOfPage":{"@id":"https:\/\/anoticiaonline.com.br\/site\/issis-cavalier-cabral-recebe-medalha-do-merito-muriaeense-jose-alencar-gomes-da-silva\/#mainImage"},"datePublished":"2018-05-17T22:19:51-03:00","dateModified":"2018-05-17T22:19:51-03:00"},{"@type":"WebSite","@id":"https:\/\/anoticiaonline.com.br\/site\/#website","url":"https:\/\/anoticiaonline.com.br\/site\/","name":"A Not\u00edcia Online","description":"Noticias de Muria\u00e9 e regi\u00e3o","inLanguage":"pt-BR","publisher":{"@id":"https:\/\/anoticiaonline.com.br\/site\/#organization"}}]},"og:locale":"pt_BR","og:site_name":"A Not\u00edcia Online - Noticias de Muria\u00e9 e regi\u00e3o","og:type":"article","og:title":"\u00cdssis Cavalier Cabral recebe medalha do M\u00e9rito Muriaeense \u201cJos\u00e9 Alencar Gomes da Silva\u201d - A Not\u00edcia Online","og:description":"\u00cdssis Cavalier Cabral recebeu, na noite de quarta-feira (16), a medalha do M\u00e9rito Muriaeense \u201cJos\u00e9 Alencar Gomes da Silva\u201d. A condecora\u00e7\u00e3o, criada em 2013, \u00e9 concedida anualmente a pessoas que tenham contribu\u00eddo para o desenvolvimento de Muria\u00e9, em comemora\u00e7\u00e3o pelos 163 anos de emancipa\u00e7\u00e3o pol\u00edtico-administrativa da cidade. Nascida em Patroc\u00ednio do Muria\u00e9, no dia 24","og:url":"https:\/\/anoticiaonline.com.br\/site\/issis-cavalier-cabral-recebe-medalha-do-merito-muriaeense-jose-alencar-gomes-da-silva\/","og:image":"https:\/\/scontent-gig4-1.xx.fbcdn.net\/v\/t39.30808-1\/270437624_4564083193639691_6907940295614233970_n.jpg?stp=dst-jpg_s200x200_tt6&#038;_nc_cat=111&#038;ccb=1-7&#038;_nc_sid=f907e8&#038;_nc_ohc=SM1wRlP3lJwQ7kNvwEPuBYA&#038;_nc_oc=AdnqrjDN_BNjSSHWO-GbkIWH6fkGMLw4bqvL_NH6e2wMveX7G-rP2dAqsDSq1mJMOaY&#038;_nc_zt=24&#038;_nc_ht=scontent-gig4-1.xx&#038;_nc_gid=AoBFJeGrT1hVaew_6rchkQ&#038;oh=00_AfX7QmFGhQhG2jAllVgXCiM1ZrWgvtp80-Bfppyexh1QEg&#038;oe=689E923C","og:image:secure_url":"https:\/\/scontent-gig4-1.xx.fbcdn.net\/v\/t39.30808-1\/270437624_4564083193639691_6907940295614233970_n.jpg?stp=dst-jpg_s200x200_tt6&#038;_nc_cat=111&#038;ccb=1-7&#038;_nc_sid=f907e8&#038;_nc_ohc=SM1wRlP3lJwQ7kNvwEPuBYA&#038;_nc_oc=AdnqrjDN_BNjSSHWO-GbkIWH6fkGMLw4bqvL_NH6e2wMveX7G-rP2dAqsDSq1mJMOaY&#038;_nc_zt=24&#038;_nc_ht=scontent-gig4-1.xx&#038;_nc_gid=AoBFJeGrT1hVaew_6rchkQ&#038;oh=00_AfX7QmFGhQhG2jAllVgXCiM1ZrWgvtp80-Bfppyexh1QEg&#038;oe=689E923C","article:published_time":"2018-05-18T01:19:51+00:00","article:modified_time":"2018-05-18T01:19:51+00:00","twitter:card":"summary_large_image","twitter:title":"\u00cdssis Cavalier Cabral recebe medalha do M\u00e9rito Muriaeense \u201cJos\u00e9 Alencar Gomes da Silva\u201d - A Not\u00edcia Online","twitter:description":"\u00cdssis Cavalier Cabral recebeu, na noite de quarta-feira (16), a medalha do M\u00e9rito Muriaeense \u201cJos\u00e9 Alencar Gomes da Silva\u201d. A condecora\u00e7\u00e3o, criada em 2013, \u00e9 concedida anualmente a pessoas que tenham contribu\u00eddo para o desenvolvimento de Muria\u00e9, em comemora\u00e7\u00e3o pelos 163 anos de emancipa\u00e7\u00e3o pol\u00edtico-administrativa da cidade. Nascida em Patroc\u00ednio do Muria\u00e9, no dia 24","twitter:image":"https:\/\/scontent-gig4-1.xx.fbcdn.net\/v\/t39.30808-1\/270437624_4564083193639691_6907940295614233970_n.jpg?stp=dst-jpg_s200x200_tt6&_nc_cat=111&ccb=1-7&_nc_sid=f907e8&_nc_ohc=SM1wRlP3lJwQ7kNvwEPuBYA&_nc_oc=AdnqrjDN_BNjSSHWO-GbkIWH6fkGMLw4bqvL_NH6e2wMveX7G-rP2dAqsDSq1mJMOaY&_nc_zt=24&_nc_ht=scontent-gig4-1.xx&_nc_gid=AoBFJeGrT1hVaew_6rchkQ&oh=00_AfX7QmFGhQhG2jAllVgXCiM1ZrWgvtp80-Bfppyexh1QEg&oe=689E923C"},"aioseo_meta_data":{"post_id":"56125","title":null,"description":null,"keywords":null,"keyphrases":null,"primary_term":null,"canonical_url":null,"og_title":null,"og_description":null,"og_object_type":"default","og_image_type":"default","og_image_url":null,"og_image_width":null,"og_image_height":null,"og_image_custom_url":null,"og_image_custom_fields":null,"og_video":null,"og_custom_url":null,"og_article_section":null,"og_article_tags":null,"twitter_use_og":false,"twitter_card":"default","twitter_image_type":"default","twitter_image_url":null,"twitter_image_custom_url":null,"twitter_image_custom_fields":null,"twitter_title":null,"twitter_description":null,"schema":{"blockGraphs":[],"customGraphs":[],"default":{"data":{"Article":[],"Course":[],"Dataset":[],"FAQPage":[],"Movie":[],"Person":[],"Product":[],"ProductReview":[],"Car":[],"Recipe":[],"Service":[],"SoftwareApplication":[],"WebPage":[]},"graphName":"","isEnabled":true},"graphs":[]},"schema_type":"default","schema_type_options":null,"pillar_content":false,"robots_default":true,"robots_noindex":false,"robots_noarchive":false,"robots_nosnippet":false,"robots_nofollow":false,"robots_noimageindex":false,"robots_noodp":false,"robots_notranslate":false,"robots_max_snippet":null,"robots_max_videopreview":null,"robots_max_imagepreview":"large","priority":null,"frequency":null,"local_seo":null,"breadcrumb_settings":null,"limit_modified_date":false,"ai":null,"created":"2025-08-16 20:52:25","updated":"2025-08-16 20:52:25","focus_keyword":null,"additional_keywords":null,"truseo_locale":null,"seo_analyzer_scan_date":null},"aioseo_breadcrumb":"<div class=\"aioseo-breadcrumbs\"><span class=\"aioseo-breadcrumb\">\n\t\t\t<a href=\"https:\/\/anoticiaonline.com.br\/site\" title=\"Home\">Home<\/a>\n\t\t<\/span><span class=\"aioseo-breadcrumb-separator\">&raquo;<\/span><span class=\"aioseo-breadcrumb\">\n\t\t\t<a href=\"https:\/\/anoticiaonline.com.br\/site\/categoria\/gerais\/\" title=\"Gerais\">Gerais<\/a>\n\t\t<\/span><span class=\"aioseo-breadcrumb-separator\">&raquo;<\/span><span class=\"aioseo-breadcrumb\">\n\t\t\t\u00cdssis Cavalier Cabral recebe medalha do M\u00e9rito Muriaeense \u201cJos\u00e9 Alencar Gomes da Silva\u201d\n\t\t<\/span><\/div>","aioseo_breadcrumb_json":[{"label":"Home","link":"https:\/\/anoticiaonline.com.br\/site"},{"label":"Gerais","link":"https:\/\/anoticiaonline.com.br\/site\/categoria\/gerais\/"},{"label":"\u00cdssis Cavalier Cabral recebe medalha do M\u00e9rito Muriaeense \u201cJos\u00e9 Alencar Gomes da Silva\u201d","link":"https:\/\/anoticiaonline.com.br\/site\/issis-cavalier-cabral-recebe-medalha-do-merito-muriaeense-jose-alencar-gomes-da-silva\/"}],"views":185,"_links":{"self":[{"href":"https:\/\/anoticiaonline.com.br\/site\/wp-json\/wp\/v2\/posts\/56125","targetHints":{"allow":["GET"]}}],"collection":[{"href":"https:\/\/anoticiaonline.com.br\/site\/wp-json\/wp\/v2\/posts"}],"about":[{"href":"https:\/\/anoticiaonline.com.br\/site\/wp-json\/wp\/v2\/types\/post"}],"author":[{"embeddable":true,"href":"https:\/\/anoticiaonline.com.br\/site\/wp-json\/wp\/v2\/users\/2"}],"replies":[{"embeddable":true,"href":"https:\/\/anoticiaonline.com.br\/site\/wp-json\/wp\/v2\/comments?post=56125"}],"version-history":[{"count":0,"href":"https:\/\/anoticiaonline.com.br\/site\/wp-json\/wp\/v2\/posts\/56125\/revisions"}],"wp:featuredmedia":[{"embeddable":true,"href":"https:\/\/anoticiaonline.com.br\/site\/wp-json\/wp\/v2\/media\/56130"}],"wp:attachment":[{"href":"https:\/\/anoticiaonline.com.br\/site\/wp-json\/wp\/v2\/media?parent=56125"}],"wp:term":[{"taxonomy":"category","embeddable":true,"href":"https:\/\/anoticiaonline.com.br\/site\/wp-json\/wp\/v2\/categories?post=56125"},{"taxonomy":"post_tag","embeddable":true,"href":"https:\/\/anoticiaonline.com.br\/site\/wp-json\/wp\/v2\/tags?post=56125"}],"curies":[{"name":"wp","href":"https:\/\/api.w.org\/{rel}","templated":true}]}}