{"id":56051,"date":"2018-05-17T20:13:33","date_gmt":"2018-05-17T23:13:33","guid":{"rendered":"http:\/\/anoticiaonline.com.br\/site\/?p=56051"},"modified":"2018-05-17T20:13:33","modified_gmt":"2018-05-17T23:13:33","slug":"principios-traidos","status":"publish","type":"post","link":"https:\/\/anoticiaonline.com.br\/site\/principios-traidos\/","title":{"rendered":"PRINC\u00cdPIOS TRA\u00cdDOS"},"content":{"rendered":"<p>Adellunar Marge<\/p>\n<p>As primeiras Universidades de que se t\u00eam not\u00edcia tiveram a sua origem por volta do s\u00e9c. XII. A Universidade de Bolonha, na It\u00e1lia, no ano de 1.150; a de Paris (Sorbonne) poucos anos depois e algumas outras espalhadas pela Europa, datando da mesma \u00e9poca. \u00c9 claro que Escolas para o ensino de ci\u00eancias do mundo e dos homens, como a Filosofia, j\u00e1 existiam na antiguidade cl\u00e1ssica, como a Academia, dirigida por Plat\u00e3o e o Liceu, dirigido por Arist\u00f3teles, na Gr\u00e9cia do s\u00e9c. IV a.C. Essas \u00faltimas eram Escolas de \u201cLivres Pensadores\u201d, que tentavam explicar o mundo, independente de convic\u00e7\u00f5es religiosas.<\/p>\n<p>Mas todas elas, de uma maneira ou de outra, aliavam sempre ao ensino cient\u00edfico, uma preocupa\u00e7\u00e3o com os princ\u00edpios \u00e9ticos. E \u00e9tica no sentido pleno da palavra que \u00e9 uma objetiva reflex\u00e3o sobre a Moral. Esses princ\u00edpios, aliados ao conhecimento da ci\u00eancia, visavam formar pessoas para repassarem os conhecimentos recebidos e constru\u00edrem outros na din\u00e2mica ininterrupta da evolu\u00e7\u00e3o humana.<\/p>\n<p>No Brasil, o primeiro centro de estudo superior foi a Escola de Cirurgia de Bahia, inaugurada em 1808, com a chegada de D. Jo\u00e3o VI, que fugia da ocupa\u00e7\u00e3o de Portugal pelas tropas de Napole\u00e3o Bonaparte. Depois, tivemos a instala\u00e7\u00e3o dos Cursos de Direito em Olinda, no Estado de Pernambuco e em S\u00e3o Paulo, ambas em 1927. Universidade mesmo, com v\u00e1rios cursos, a primeira no Brasil foi a do Rio de Janeiro, inaugurada em 1920.<\/p>\n<p>As Universidades continuaram sendo no decorrer dos s\u00e9culos, conceituados centros de excel\u00eancia nos campos da instru\u00e7\u00e3o e da forma\u00e7\u00e3o. Evolu\u00edram muito atrav\u00e9s dos anos, ao deixarem de atender apenas a uma restrita camada da popula\u00e7\u00e3o, dotada de recursos econ\u00f4micos, estendendo suas a\u00e7\u00f5es e abrindo suas portas a amplas camadas populacionais, atrav\u00e9s de bolsas ou ensino gratuito.<\/p>\n<p>Mas as Universidades, embora elitistas no passado, sempre guardaram um compromisso com a forma\u00e7\u00e3o de cidad\u00e3os, principalmente com o exemplo do seu corpo docente e da sua dire\u00e7\u00e3o.<\/p>\n<p>Agora, al\u00e9m da gigantesca corrup\u00e7\u00e3o que assola elevado n\u00famero de pol\u00edticos e mega empres\u00e1rios em nosso pa\u00eds, testemunhamos, conforme mat\u00e9ria da Folha de S\u00e3o Paulo do \u00faltimo dia 10, as den\u00fancias de corrup\u00e7\u00e3o e desvios de recursos em Universidades brasileiras. Justamente centros de ensino e forma\u00e7\u00e3o dos quais se esperava uma natural lisura administrativa.<\/p>\n<p>Na Universidade Federal de Minas Gerais, Reitor, Vice-reitora e outros funcion\u00e1rios, foram alvos de condu\u00e7\u00e3o coercitiva, pelo suposto desvio de R$ 4 milh\u00f5es na constru\u00e7\u00e3o do \u201cMemorial da Anistia Pol\u00edtica do Brasil\u201d, erguido em seu Campus; \u00a0na Universidade Federal de Juiz de Fora, cinco pessoas presas, incluindo o ex-Reitor, acusados de fraude e superfaturamento nas obras do \u201cHospital Universit\u00e1rio\u201d; \u00a0na Universidade Tecnol\u00f3gica Federal do Paran\u00e1, Campus Corn\u00e9lio Proc\u00f3pio, 20 pessoas presas e soltas posteriormente por envolvimento em fraudes em contratos e licita\u00e7\u00f5es que somam R$ 5,7 milh\u00f5es; na Universidade Federal de Santa Catarina, opera\u00e7\u00e3o policial prendeu seis professores e o Reitor numa investiga\u00e7\u00e3o de desvios de verba nas bolsas de estudo concedidas pela CAPES para Ensino \u00e0 Dist\u00e2ncia. No caso da UFSC, lamentavelmente o Reitor acusado cometeu suic\u00eddio em outubro de 2017.<\/p>\n<p>Esses epis\u00f3dios todos, que retratam o grau de corrup\u00e7\u00e3o em nosso pa\u00eds, t\u00eam um significado maior por ocorrerem em institui\u00e7\u00f5es de ensino, de cujos dirigentes e professores a popula\u00e7\u00e3o esperava o compromisso com a integridade moral. Mas, ao contr\u00e1rio, esses centros de saber, com atitudes dessa natureza, desvirtuam suas fun\u00e7\u00f5es, maculam a sua imagem diante da opini\u00e3o p\u00fablica e traem os princ\u00edpios que deveriam norte\u00e1-los.<\/p>\n","protected":false},"excerpt":{"rendered":"<p>Adellunar Marge As primeiras Universidades de que se t\u00eam not\u00edcia tiveram a sua origem por volta do s\u00e9c. XII. A Universidade de Bolonha, na It\u00e1lia, no ano de 1.150; a de Paris (Sorbonne) poucos anos depois e algumas outras espalhadas pela Europa, datando da mesma \u00e9poca. \u00c9 claro que Escolas para o ensino de ci\u00eancias &#8230; <a title=\"PRINC\u00cdPIOS TRA\u00cdDOS\" class=\"read-more\" href=\"https:\/\/anoticiaonline.com.br\/site\/principios-traidos\/\" aria-label=\"Read more about PRINC\u00cdPIOS TRA\u00cdDOS\">Ler mais<\/a><\/p>\n","protected":false},"author":2,"featured_media":0,"comment_status":"open","ping_status":"open","sticky":false,"template":"","format":"standard","meta":{"_acf_changed":false,"_monsterinsights_skip_tracking":false,"footnotes":""},"categories":[36],"tags":[],"class_list":["post-56051","post","type-post","status-publish","format-standard","hentry","category-logos-adellunar-marge"],"acf":[],"aioseo_notices":[],"aioseo_head":"\n\t\t<!-- All in One SEO 5.0.0.1 - aioseo.com -->\n\t<meta name=\"description\" content=\"Adellunar Marge As primeiras Universidades de que se t\u00eam not\u00edcia tiveram a sua origem por volta do s\u00e9c. XII. A Universidade de Bolonha, na It\u00e1lia, no ano de 1.150; a de Paris (Sorbonne) poucos anos depois e algumas outras espalhadas pela Europa, datando da mesma \u00e9poca. \u00c9 claro que Escolas para o ensino de ci\u00eancias\" \/>\n\t<meta name=\"robots\" content=\"max-image-preview:large\" \/>\n\t<meta name=\"author\" content=\"Juliana Laviola\"\/>\n\t<link rel=\"canonical\" href=\"https:\/\/anoticiaonline.com.br\/site\/principios-traidos\/\" \/>\n\t<meta name=\"generator\" content=\"All in One SEO (AIOSEO) 5.0.0.1\" \/>\n\t\t<meta property=\"og:locale\" content=\"pt_BR\" \/>\n\t\t<meta property=\"og:site_name\" content=\"A Not\u00edcia Online - Noticias de Muria\u00e9 e regi\u00e3o\" \/>\n\t\t<meta property=\"og:type\" content=\"article\" \/>\n\t\t<meta property=\"og:title\" content=\"PRINC\u00cdPIOS TRA\u00cdDOS - A Not\u00edcia Online\" \/>\n\t\t<meta property=\"og:description\" content=\"Adellunar Marge As primeiras Universidades de que se t\u00eam not\u00edcia tiveram a sua origem por volta do s\u00e9c. XII. A Universidade de Bolonha, na It\u00e1lia, no ano de 1.150; a de Paris (Sorbonne) poucos anos depois e algumas outras espalhadas pela Europa, datando da mesma \u00e9poca. \u00c9 claro que Escolas para o ensino de ci\u00eancias\" \/>\n\t\t<meta property=\"og:url\" content=\"https:\/\/anoticiaonline.com.br\/site\/principios-traidos\/\" \/>\n\t\t<meta property=\"og:image\" content=\"https:\/\/scontent-gig4-1.xx.fbcdn.net\/v\/t39.30808-1\/270437624_4564083193639691_6907940295614233970_n.jpg?stp=dst-jpg_s200x200_tt6&#038;_nc_cat=111&#038;ccb=1-7&#038;_nc_sid=f907e8&#038;_nc_ohc=SM1wRlP3lJwQ7kNvwEPuBYA&#038;_nc_oc=AdnqrjDN_BNjSSHWO-GbkIWH6fkGMLw4bqvL_NH6e2wMveX7G-rP2dAqsDSq1mJMOaY&#038;_nc_zt=24&#038;_nc_ht=scontent-gig4-1.xx&#038;_nc_gid=AoBFJeGrT1hVaew_6rchkQ&#038;oh=00_AfX7QmFGhQhG2jAllVgXCiM1ZrWgvtp80-Bfppyexh1QEg&#038;oe=689E923C\" \/>\n\t\t<meta property=\"og:image:secure_url\" content=\"https:\/\/scontent-gig4-1.xx.fbcdn.net\/v\/t39.30808-1\/270437624_4564083193639691_6907940295614233970_n.jpg?stp=dst-jpg_s200x200_tt6&#038;_nc_cat=111&#038;ccb=1-7&#038;_nc_sid=f907e8&#038;_nc_ohc=SM1wRlP3lJwQ7kNvwEPuBYA&#038;_nc_oc=AdnqrjDN_BNjSSHWO-GbkIWH6fkGMLw4bqvL_NH6e2wMveX7G-rP2dAqsDSq1mJMOaY&#038;_nc_zt=24&#038;_nc_ht=scontent-gig4-1.xx&#038;_nc_gid=AoBFJeGrT1hVaew_6rchkQ&#038;oh=00_AfX7QmFGhQhG2jAllVgXCiM1ZrWgvtp80-Bfppyexh1QEg&#038;oe=689E923C\" \/>\n\t\t<meta property=\"article:published_time\" content=\"2018-05-17T23:13:33+00:00\" \/>\n\t\t<meta property=\"article:modified_time\" content=\"2018-05-17T23:13:33+00:00\" \/>\n\t\t<meta name=\"twitter:card\" content=\"summary_large_image\" \/>\n\t\t<meta name=\"twitter:title\" content=\"PRINC\u00cdPIOS TRA\u00cdDOS - A Not\u00edcia Online\" \/>\n\t\t<meta name=\"twitter:description\" content=\"Adellunar Marge As primeiras Universidades de que se t\u00eam not\u00edcia tiveram a sua origem por volta do s\u00e9c. XII. A Universidade de Bolonha, na It\u00e1lia, no ano de 1.150; a de Paris (Sorbonne) poucos anos depois e algumas outras espalhadas pela Europa, datando da mesma \u00e9poca. \u00c9 claro que Escolas para o ensino de ci\u00eancias\" \/>\n\t\t<meta name=\"twitter:image\" content=\"https:\/\/scontent-gig4-1.xx.fbcdn.net\/v\/t39.30808-1\/270437624_4564083193639691_6907940295614233970_n.jpg?stp=dst-jpg_s200x200_tt6&amp;_nc_cat=111&amp;ccb=1-7&amp;_nc_sid=f907e8&amp;_nc_ohc=SM1wRlP3lJwQ7kNvwEPuBYA&amp;_nc_oc=AdnqrjDN_BNjSSHWO-GbkIWH6fkGMLw4bqvL_NH6e2wMveX7G-rP2dAqsDSq1mJMOaY&amp;_nc_zt=24&amp;_nc_ht=scontent-gig4-1.xx&amp;_nc_gid=AoBFJeGrT1hVaew_6rchkQ&amp;oh=00_AfX7QmFGhQhG2jAllVgXCiM1ZrWgvtp80-Bfppyexh1QEg&amp;oe=689E923C\" \/>\n\t\t<script type=\"application\/ld+json\" class=\"aioseo-schema\">\n\t\t\t{\"@context\":\"https:\\\/\\\/schema.org\",\"@graph\":[{\"@type\":\"BlogPosting\",\"@id\":\"https:\\\/\\\/anoticiaonline.com.br\\\/site\\\/principios-traidos\\\/#blogposting\",\"name\":\"PRINC\\u00cdPIOS TRA\\u00cdDOS - A Not\\u00edcia Online\",\"headline\":\"PRINC\\u00cdPIOS TRA\\u00cdDOS\",\"author\":{\"@id\":\"https:\\\/\\\/anoticiaonline.com.br\\\/site\\\/author\\\/juliana\\\/#author\"},\"publisher\":{\"@id\":\"https:\\\/\\\/anoticiaonline.com.br\\\/site\\\/#organization\"},\"image\":{\"@type\":\"ImageObject\",\"url\":\"https:\\\/\\\/scontent-gig4-1.xx.fbcdn.net\\\/v\\\/t39.30808-1\\\/270437624_4564083193639691_6907940295614233970_n.jpg?stp=dst-jpg_s200x200_tt6&_nc_cat=111&ccb=1-7&_nc_sid=f907e8&_nc_ohc=SM1wRlP3lJwQ7kNvwEPuBYA&_nc_oc=AdnqrjDN_BNjSSHWO-GbkIWH6fkGMLw4bqvL_NH6e2wMveX7G-rP2dAqsDSq1mJMOaY&_nc_zt=24&_nc_ht=scontent-gig4-1.xx&_nc_gid=AoBFJeGrT1hVaew_6rchkQ&oh=00_AfX7QmFGhQhG2jAllVgXCiM1ZrWgvtp80-Bfppyexh1QEg&oe=689E923C\",\"@id\":\"https:\\\/\\\/anoticiaonline.com.br\\\/site\\\/#articleImage\"},\"datePublished\":\"2018-05-17T20:13:33-03:00\",\"dateModified\":\"2018-05-17T20:13:33-03:00\",\"inLanguage\":\"pt-BR\",\"mainEntityOfPage\":{\"@id\":\"https:\\\/\\\/anoticiaonline.com.br\\\/site\\\/principios-traidos\\\/#webpage\"},\"isPartOf\":{\"@id\":\"https:\\\/\\\/anoticiaonline.com.br\\\/site\\\/principios-traidos\\\/#webpage\"},\"articleSection\":\"Logos - Adellunar Marge\"},{\"@type\":\"BreadcrumbList\",\"@id\":\"https:\\\/\\\/anoticiaonline.com.br\\\/site\\\/principios-traidos\\\/#breadcrumblist\",\"itemListElement\":[{\"@type\":\"ListItem\",\"@id\":\"https:\\\/\\\/anoticiaonline.com.br\\\/site#listItem\",\"position\":1,\"name\":\"Home\",\"item\":\"https:\\\/\\\/anoticiaonline.com.br\\\/site\",\"nextItem\":{\"@type\":\"ListItem\",\"@id\":\"https:\\\/\\\/anoticiaonline.com.br\\\/site\\\/categoria\\\/colunistas\\\/#listItem\",\"name\":\"Colunistas\"}},{\"@type\":\"ListItem\",\"@id\":\"https:\\\/\\\/anoticiaonline.com.br\\\/site\\\/categoria\\\/colunistas\\\/#listItem\",\"position\":2,\"name\":\"Colunistas\",\"item\":\"https:\\\/\\\/anoticiaonline.com.br\\\/site\\\/categoria\\\/colunistas\\\/\",\"nextItem\":{\"@type\":\"ListItem\",\"@id\":\"https:\\\/\\\/anoticiaonline.com.br\\\/site\\\/categoria\\\/colunistas\\\/logos-adellunar-marge\\\/#listItem\",\"name\":\"Logos - Adellunar Marge\"},\"previousItem\":{\"@type\":\"ListItem\",\"@id\":\"https:\\\/\\\/anoticiaonline.com.br\\\/site#listItem\",\"name\":\"Home\"}},{\"@type\":\"ListItem\",\"@id\":\"https:\\\/\\\/anoticiaonline.com.br\\\/site\\\/categoria\\\/colunistas\\\/logos-adellunar-marge\\\/#listItem\",\"position\":3,\"name\":\"Logos - Adellunar Marge\",\"item\":\"https:\\\/\\\/anoticiaonline.com.br\\\/site\\\/categoria\\\/colunistas\\\/logos-adellunar-marge\\\/\",\"nextItem\":{\"@type\":\"ListItem\",\"@id\":\"https:\\\/\\\/anoticiaonline.com.br\\\/site\\\/principios-traidos\\\/#listItem\",\"name\":\"PRINC\\u00cdPIOS TRA\\u00cdDOS\"},\"previousItem\":{\"@type\":\"ListItem\",\"@id\":\"https:\\\/\\\/anoticiaonline.com.br\\\/site\\\/categoria\\\/colunistas\\\/#listItem\",\"name\":\"Colunistas\"}},{\"@type\":\"ListItem\",\"@id\":\"https:\\\/\\\/anoticiaonline.com.br\\\/site\\\/principios-traidos\\\/#listItem\",\"position\":4,\"name\":\"PRINC\\u00cdPIOS TRA\\u00cdDOS\",\"previousItem\":{\"@type\":\"ListItem\",\"@id\":\"https:\\\/\\\/anoticiaonline.com.br\\\/site\\\/categoria\\\/colunistas\\\/logos-adellunar-marge\\\/#listItem\",\"name\":\"Logos - Adellunar Marge\"}}]},{\"@type\":\"Organization\",\"@id\":\"https:\\\/\\\/anoticiaonline.com.br\\\/site\\\/#organization\",\"name\":\"A Not\\u00edcia Online\",\"description\":\"Noticias de Muria\\u00e9 e regi\\u00e3o\",\"url\":\"https:\\\/\\\/anoticiaonline.com.br\\\/site\\\/\",\"logo\":{\"@type\":\"ImageObject\",\"url\":\"https:\\\/\\\/scontent-gig4-1.xx.fbcdn.net\\\/v\\\/t39.30808-1\\\/270437624_4564083193639691_6907940295614233970_n.jpg?stp=dst-jpg_s200x200_tt6&_nc_cat=111&ccb=1-7&_nc_sid=f907e8&_nc_ohc=SM1wRlP3lJwQ7kNvwEPuBYA&_nc_oc=AdnqrjDN_BNjSSHWO-GbkIWH6fkGMLw4bqvL_NH6e2wMveX7G-rP2dAqsDSq1mJMOaY&_nc_zt=24&_nc_ht=scontent-gig4-1.xx&_nc_gid=AoBFJeGrT1hVaew_6rchkQ&oh=00_AfX7QmFGhQhG2jAllVgXCiM1ZrWgvtp80-Bfppyexh1QEg&oe=689E923C\",\"@id\":\"https:\\\/\\\/anoticiaonline.com.br\\\/site\\\/principios-traidos\\\/#organizationLogo\"},\"image\":{\"@id\":\"https:\\\/\\\/anoticiaonline.com.br\\\/site\\\/principios-traidos\\\/#organizationLogo\"}},{\"@type\":\"Person\",\"@id\":\"https:\\\/\\\/anoticiaonline.com.br\\\/site\\\/author\\\/juliana\\\/#author\",\"url\":\"https:\\\/\\\/anoticiaonline.com.br\\\/site\\\/author\\\/juliana\\\/\",\"name\":\"Juliana Laviola\",\"image\":{\"@type\":\"ImageObject\",\"@id\":\"https:\\\/\\\/anoticiaonline.com.br\\\/site\\\/principios-traidos\\\/#authorImage\",\"url\":\"https:\\\/\\\/secure.gravatar.com\\\/avatar\\\/b8d45f5c699b100dfaf0e543582f38f38bf94cb7ae3a5e9abf8d891a34773335?s=96&d=mm&r=g\",\"width\":96,\"height\":96,\"caption\":\"Juliana Laviola\"}},{\"@type\":\"WebPage\",\"@id\":\"https:\\\/\\\/anoticiaonline.com.br\\\/site\\\/principios-traidos\\\/#webpage\",\"url\":\"https:\\\/\\\/anoticiaonline.com.br\\\/site\\\/principios-traidos\\\/\",\"name\":\"PRINC\\u00cdPIOS TRA\\u00cdDOS - A Not\\u00edcia Online\",\"description\":\"Adellunar Marge As primeiras Universidades de que se t\\u00eam not\\u00edcia tiveram a sua origem por volta do s\\u00e9c. XII. A Universidade de Bolonha, na It\\u00e1lia, no ano de 1.150; a de Paris (Sorbonne) poucos anos depois e algumas outras espalhadas pela Europa, datando da mesma \\u00e9poca. \\u00c9 claro que Escolas para o ensino de ci\\u00eancias\",\"inLanguage\":\"pt-BR\",\"isPartOf\":{\"@id\":\"https:\\\/\\\/anoticiaonline.com.br\\\/site\\\/#website\"},\"breadcrumb\":{\"@id\":\"https:\\\/\\\/anoticiaonline.com.br\\\/site\\\/principios-traidos\\\/#breadcrumblist\"},\"author\":{\"@id\":\"https:\\\/\\\/anoticiaonline.com.br\\\/site\\\/author\\\/juliana\\\/#author\"},\"creator\":{\"@id\":\"https:\\\/\\\/anoticiaonline.com.br\\\/site\\\/author\\\/juliana\\\/#author\"},\"datePublished\":\"2018-05-17T20:13:33-03:00\",\"dateModified\":\"2018-05-17T20:13:33-03:00\"},{\"@type\":\"WebSite\",\"@id\":\"https:\\\/\\\/anoticiaonline.com.br\\\/site\\\/#website\",\"url\":\"https:\\\/\\\/anoticiaonline.com.br\\\/site\\\/\",\"name\":\"A Not\\u00edcia Online\",\"description\":\"Noticias de Muria\\u00e9 e regi\\u00e3o\",\"inLanguage\":\"pt-BR\",\"publisher\":{\"@id\":\"https:\\\/\\\/anoticiaonline.com.br\\\/site\\\/#organization\"}}]}\n\t\t<\/script>\n\t\t<!-- All in One SEO -->\n\n","aioseo_head_json":{"title":"PRINC\u00cdPIOS TRA\u00cdDOS - A Not\u00edcia Online","description":"Adellunar Marge As primeiras Universidades de que se t\u00eam not\u00edcia tiveram a sua origem por volta do s\u00e9c. XII. A Universidade de Bolonha, na It\u00e1lia, no ano de 1.150; a de Paris (Sorbonne) poucos anos depois e algumas outras espalhadas pela Europa, datando da mesma \u00e9poca. \u00c9 claro que Escolas para o ensino de ci\u00eancias","canonical_url":"https:\/\/anoticiaonline.com.br\/site\/principios-traidos\/","robots":"max-image-preview:large","keywords":"","webmasterTools":{"miscellaneous":""},"schema":{"@context":"https:\/\/schema.org","@graph":[{"@type":"BlogPosting","@id":"https:\/\/anoticiaonline.com.br\/site\/principios-traidos\/#blogposting","name":"PRINC\u00cdPIOS TRA\u00cdDOS - A Not\u00edcia Online","headline":"PRINC\u00cdPIOS TRA\u00cdDOS","author":{"@id":"https:\/\/anoticiaonline.com.br\/site\/author\/juliana\/#author"},"publisher":{"@id":"https:\/\/anoticiaonline.com.br\/site\/#organization"},"image":{"@type":"ImageObject","url":"https:\/\/scontent-gig4-1.xx.fbcdn.net\/v\/t39.30808-1\/270437624_4564083193639691_6907940295614233970_n.jpg?stp=dst-jpg_s200x200_tt6&_nc_cat=111&ccb=1-7&_nc_sid=f907e8&_nc_ohc=SM1wRlP3lJwQ7kNvwEPuBYA&_nc_oc=AdnqrjDN_BNjSSHWO-GbkIWH6fkGMLw4bqvL_NH6e2wMveX7G-rP2dAqsDSq1mJMOaY&_nc_zt=24&_nc_ht=scontent-gig4-1.xx&_nc_gid=AoBFJeGrT1hVaew_6rchkQ&oh=00_AfX7QmFGhQhG2jAllVgXCiM1ZrWgvtp80-Bfppyexh1QEg&oe=689E923C","@id":"https:\/\/anoticiaonline.com.br\/site\/#articleImage"},"datePublished":"2018-05-17T20:13:33-03:00","dateModified":"2018-05-17T20:13:33-03:00","inLanguage":"pt-BR","mainEntityOfPage":{"@id":"https:\/\/anoticiaonline.com.br\/site\/principios-traidos\/#webpage"},"isPartOf":{"@id":"https:\/\/anoticiaonline.com.br\/site\/principios-traidos\/#webpage"},"articleSection":"Logos - Adellunar Marge"},{"@type":"BreadcrumbList","@id":"https:\/\/anoticiaonline.com.br\/site\/principios-traidos\/#breadcrumblist","itemListElement":[{"@type":"ListItem","@id":"https:\/\/anoticiaonline.com.br\/site#listItem","position":1,"name":"Home","item":"https:\/\/anoticiaonline.com.br\/site","nextItem":{"@type":"ListItem","@id":"https:\/\/anoticiaonline.com.br\/site\/categoria\/colunistas\/#listItem","name":"Colunistas"}},{"@type":"ListItem","@id":"https:\/\/anoticiaonline.com.br\/site\/categoria\/colunistas\/#listItem","position":2,"name":"Colunistas","item":"https:\/\/anoticiaonline.com.br\/site\/categoria\/colunistas\/","nextItem":{"@type":"ListItem","@id":"https:\/\/anoticiaonline.com.br\/site\/categoria\/colunistas\/logos-adellunar-marge\/#listItem","name":"Logos - Adellunar Marge"},"previousItem":{"@type":"ListItem","@id":"https:\/\/anoticiaonline.com.br\/site#listItem","name":"Home"}},{"@type":"ListItem","@id":"https:\/\/anoticiaonline.com.br\/site\/categoria\/colunistas\/logos-adellunar-marge\/#listItem","position":3,"name":"Logos - Adellunar Marge","item":"https:\/\/anoticiaonline.com.br\/site\/categoria\/colunistas\/logos-adellunar-marge\/","nextItem":{"@type":"ListItem","@id":"https:\/\/anoticiaonline.com.br\/site\/principios-traidos\/#listItem","name":"PRINC\u00cdPIOS TRA\u00cdDOS"},"previousItem":{"@type":"ListItem","@id":"https:\/\/anoticiaonline.com.br\/site\/categoria\/colunistas\/#listItem","name":"Colunistas"}},{"@type":"ListItem","@id":"https:\/\/anoticiaonline.com.br\/site\/principios-traidos\/#listItem","position":4,"name":"PRINC\u00cdPIOS TRA\u00cdDOS","previousItem":{"@type":"ListItem","@id":"https:\/\/anoticiaonline.com.br\/site\/categoria\/colunistas\/logos-adellunar-marge\/#listItem","name":"Logos - Adellunar Marge"}}]},{"@type":"Organization","@id":"https:\/\/anoticiaonline.com.br\/site\/#organization","name":"A Not\u00edcia Online","description":"Noticias de Muria\u00e9 e regi\u00e3o","url":"https:\/\/anoticiaonline.com.br\/site\/","logo":{"@type":"ImageObject","url":"https:\/\/scontent-gig4-1.xx.fbcdn.net\/v\/t39.30808-1\/270437624_4564083193639691_6907940295614233970_n.jpg?stp=dst-jpg_s200x200_tt6&_nc_cat=111&ccb=1-7&_nc_sid=f907e8&_nc_ohc=SM1wRlP3lJwQ7kNvwEPuBYA&_nc_oc=AdnqrjDN_BNjSSHWO-GbkIWH6fkGMLw4bqvL_NH6e2wMveX7G-rP2dAqsDSq1mJMOaY&_nc_zt=24&_nc_ht=scontent-gig4-1.xx&_nc_gid=AoBFJeGrT1hVaew_6rchkQ&oh=00_AfX7QmFGhQhG2jAllVgXCiM1ZrWgvtp80-Bfppyexh1QEg&oe=689E923C","@id":"https:\/\/anoticiaonline.com.br\/site\/principios-traidos\/#organizationLogo"},"image":{"@id":"https:\/\/anoticiaonline.com.br\/site\/principios-traidos\/#organizationLogo"}},{"@type":"Person","@id":"https:\/\/anoticiaonline.com.br\/site\/author\/juliana\/#author","url":"https:\/\/anoticiaonline.com.br\/site\/author\/juliana\/","name":"Juliana Laviola","image":{"@type":"ImageObject","@id":"https:\/\/anoticiaonline.com.br\/site\/principios-traidos\/#authorImage","url":"https:\/\/secure.gravatar.com\/avatar\/b8d45f5c699b100dfaf0e543582f38f38bf94cb7ae3a5e9abf8d891a34773335?s=96&d=mm&r=g","width":96,"height":96,"caption":"Juliana Laviola"}},{"@type":"WebPage","@id":"https:\/\/anoticiaonline.com.br\/site\/principios-traidos\/#webpage","url":"https:\/\/anoticiaonline.com.br\/site\/principios-traidos\/","name":"PRINC\u00cdPIOS TRA\u00cdDOS - A Not\u00edcia Online","description":"Adellunar Marge As primeiras Universidades de que se t\u00eam not\u00edcia tiveram a sua origem por volta do s\u00e9c. XII. A Universidade de Bolonha, na It\u00e1lia, no ano de 1.150; a de Paris (Sorbonne) poucos anos depois e algumas outras espalhadas pela Europa, datando da mesma \u00e9poca. \u00c9 claro que Escolas para o ensino de ci\u00eancias","inLanguage":"pt-BR","isPartOf":{"@id":"https:\/\/anoticiaonline.com.br\/site\/#website"},"breadcrumb":{"@id":"https:\/\/anoticiaonline.com.br\/site\/principios-traidos\/#breadcrumblist"},"author":{"@id":"https:\/\/anoticiaonline.com.br\/site\/author\/juliana\/#author"},"creator":{"@id":"https:\/\/anoticiaonline.com.br\/site\/author\/juliana\/#author"},"datePublished":"2018-05-17T20:13:33-03:00","dateModified":"2018-05-17T20:13:33-03:00"},{"@type":"WebSite","@id":"https:\/\/anoticiaonline.com.br\/site\/#website","url":"https:\/\/anoticiaonline.com.br\/site\/","name":"A Not\u00edcia Online","description":"Noticias de Muria\u00e9 e regi\u00e3o","inLanguage":"pt-BR","publisher":{"@id":"https:\/\/anoticiaonline.com.br\/site\/#organization"}}]},"og:locale":"pt_BR","og:site_name":"A Not\u00edcia Online - Noticias de Muria\u00e9 e regi\u00e3o","og:type":"article","og:title":"PRINC\u00cdPIOS TRA\u00cdDOS - A Not\u00edcia Online","og:description":"Adellunar Marge As primeiras Universidades de que se t\u00eam not\u00edcia tiveram a sua origem por volta do s\u00e9c. XII. A Universidade de Bolonha, na It\u00e1lia, no ano de 1.150; a de Paris (Sorbonne) poucos anos depois e algumas outras espalhadas pela Europa, datando da mesma \u00e9poca. \u00c9 claro que Escolas para o ensino de ci\u00eancias","og:url":"https:\/\/anoticiaonline.com.br\/site\/principios-traidos\/","og:image":"https:\/\/scontent-gig4-1.xx.fbcdn.net\/v\/t39.30808-1\/270437624_4564083193639691_6907940295614233970_n.jpg?stp=dst-jpg_s200x200_tt6&#038;_nc_cat=111&#038;ccb=1-7&#038;_nc_sid=f907e8&#038;_nc_ohc=SM1wRlP3lJwQ7kNvwEPuBYA&#038;_nc_oc=AdnqrjDN_BNjSSHWO-GbkIWH6fkGMLw4bqvL_NH6e2wMveX7G-rP2dAqsDSq1mJMOaY&#038;_nc_zt=24&#038;_nc_ht=scontent-gig4-1.xx&#038;_nc_gid=AoBFJeGrT1hVaew_6rchkQ&#038;oh=00_AfX7QmFGhQhG2jAllVgXCiM1ZrWgvtp80-Bfppyexh1QEg&#038;oe=689E923C","og:image:secure_url":"https:\/\/scontent-gig4-1.xx.fbcdn.net\/v\/t39.30808-1\/270437624_4564083193639691_6907940295614233970_n.jpg?stp=dst-jpg_s200x200_tt6&#038;_nc_cat=111&#038;ccb=1-7&#038;_nc_sid=f907e8&#038;_nc_ohc=SM1wRlP3lJwQ7kNvwEPuBYA&#038;_nc_oc=AdnqrjDN_BNjSSHWO-GbkIWH6fkGMLw4bqvL_NH6e2wMveX7G-rP2dAqsDSq1mJMOaY&#038;_nc_zt=24&#038;_nc_ht=scontent-gig4-1.xx&#038;_nc_gid=AoBFJeGrT1hVaew_6rchkQ&#038;oh=00_AfX7QmFGhQhG2jAllVgXCiM1ZrWgvtp80-Bfppyexh1QEg&#038;oe=689E923C","article:published_time":"2018-05-17T23:13:33+00:00","article:modified_time":"2018-05-17T23:13:33+00:00","twitter:card":"summary_large_image","twitter:title":"PRINC\u00cdPIOS TRA\u00cdDOS - A Not\u00edcia Online","twitter:description":"Adellunar Marge As primeiras Universidades de que se t\u00eam not\u00edcia tiveram a sua origem por volta do s\u00e9c. XII. A Universidade de Bolonha, na It\u00e1lia, no ano de 1.150; a de Paris (Sorbonne) poucos anos depois e algumas outras espalhadas pela Europa, datando da mesma \u00e9poca. \u00c9 claro que Escolas para o ensino de ci\u00eancias","twitter:image":"https:\/\/scontent-gig4-1.xx.fbcdn.net\/v\/t39.30808-1\/270437624_4564083193639691_6907940295614233970_n.jpg?stp=dst-jpg_s200x200_tt6&_nc_cat=111&ccb=1-7&_nc_sid=f907e8&_nc_ohc=SM1wRlP3lJwQ7kNvwEPuBYA&_nc_oc=AdnqrjDN_BNjSSHWO-GbkIWH6fkGMLw4bqvL_NH6e2wMveX7G-rP2dAqsDSq1mJMOaY&_nc_zt=24&_nc_ht=scontent-gig4-1.xx&_nc_gid=AoBFJeGrT1hVaew_6rchkQ&oh=00_AfX7QmFGhQhG2jAllVgXCiM1ZrWgvtp80-Bfppyexh1QEg&oe=689E923C"},"aioseo_meta_data":{"post_id":"56051","title":null,"description":null,"keywords":null,"keyphrases":null,"primary_term":null,"canonical_url":null,"og_title":null,"og_description":null,"og_object_type":"default","og_image_type":"default","og_image_url":null,"og_image_width":null,"og_image_height":null,"og_image_custom_url":null,"og_image_custom_fields":null,"og_video":null,"og_custom_url":null,"og_article_section":null,"og_article_tags":null,"twitter_use_og":false,"twitter_card":"default","twitter_image_type":"default","twitter_image_url":null,"twitter_image_custom_url":null,"twitter_image_custom_fields":null,"twitter_title":null,"twitter_description":null,"schema":{"blockGraphs":[],"customGraphs":[],"default":{"data":{"Article":[],"Course":[],"Dataset":[],"FAQPage":[],"Movie":[],"Person":[],"Product":[],"ProductReview":[],"Car":[],"Recipe":[],"Service":[],"SoftwareApplication":[],"WebPage":[]},"graphName":"","isEnabled":true},"graphs":[]},"schema_type":"default","schema_type_options":null,"pillar_content":false,"robots_default":true,"robots_noindex":false,"robots_noarchive":false,"robots_nosnippet":false,"robots_nofollow":false,"robots_noimageindex":false,"robots_noodp":false,"robots_notranslate":false,"robots_max_snippet":null,"robots_max_videopreview":null,"robots_max_imagepreview":"large","priority":null,"frequency":null,"local_seo":null,"breadcrumb_settings":null,"limit_modified_date":false,"ai":null,"created":"2025-08-16 20:51:34","updated":"2025-08-16 20:51:34","focus_keyword":null,"additional_keywords":null,"truseo_locale":null,"seo_analyzer_scan_date":null},"aioseo_breadcrumb":"<div class=\"aioseo-breadcrumbs\"><span class=\"aioseo-breadcrumb\">\n\t\t\t<a href=\"https:\/\/anoticiaonline.com.br\/site\" title=\"Home\">Home<\/a>\n\t\t<\/span><span class=\"aioseo-breadcrumb-separator\">&raquo;<\/span><span class=\"aioseo-breadcrumb\">\n\t\t\t<a href=\"https:\/\/anoticiaonline.com.br\/site\/categoria\/colunistas\/\" title=\"Colunistas\">Colunistas<\/a>\n\t\t<\/span><span class=\"aioseo-breadcrumb-separator\">&raquo;<\/span><span class=\"aioseo-breadcrumb\">\n\t\t\t<a href=\"https:\/\/anoticiaonline.com.br\/site\/categoria\/colunistas\/logos-adellunar-marge\/\" title=\"Logos - Adellunar Marge\">Logos - Adellunar Marge<\/a>\n\t\t<\/span><span class=\"aioseo-breadcrumb-separator\">&raquo;<\/span><span class=\"aioseo-breadcrumb\">\n\t\t\tPRINC\u00cdPIOS TRA\u00cdDOS\n\t\t<\/span><\/div>","aioseo_breadcrumb_json":[{"label":"Home","link":"https:\/\/anoticiaonline.com.br\/site"},{"label":"Colunistas","link":"https:\/\/anoticiaonline.com.br\/site\/categoria\/colunistas\/"},{"label":"Logos - Adellunar Marge","link":"https:\/\/anoticiaonline.com.br\/site\/categoria\/colunistas\/logos-adellunar-marge\/"},{"label":"PRINC\u00cdPIOS TRA\u00cdDOS","link":"https:\/\/anoticiaonline.com.br\/site\/principios-traidos\/"}],"views":137,"_links":{"self":[{"href":"https:\/\/anoticiaonline.com.br\/site\/wp-json\/wp\/v2\/posts\/56051","targetHints":{"allow":["GET"]}}],"collection":[{"href":"https:\/\/anoticiaonline.com.br\/site\/wp-json\/wp\/v2\/posts"}],"about":[{"href":"https:\/\/anoticiaonline.com.br\/site\/wp-json\/wp\/v2\/types\/post"}],"author":[{"embeddable":true,"href":"https:\/\/anoticiaonline.com.br\/site\/wp-json\/wp\/v2\/users\/2"}],"replies":[{"embeddable":true,"href":"https:\/\/anoticiaonline.com.br\/site\/wp-json\/wp\/v2\/comments?post=56051"}],"version-history":[{"count":0,"href":"https:\/\/anoticiaonline.com.br\/site\/wp-json\/wp\/v2\/posts\/56051\/revisions"}],"wp:attachment":[{"href":"https:\/\/anoticiaonline.com.br\/site\/wp-json\/wp\/v2\/media?parent=56051"}],"wp:term":[{"taxonomy":"category","embeddable":true,"href":"https:\/\/anoticiaonline.com.br\/site\/wp-json\/wp\/v2\/categories?post=56051"},{"taxonomy":"post_tag","embeddable":true,"href":"https:\/\/anoticiaonline.com.br\/site\/wp-json\/wp\/v2\/tags?post=56051"}],"curies":[{"name":"wp","href":"https:\/\/api.w.org\/{rel}","templated":true}]}}