{"id":56025,"date":"2018-05-15T15:29:44","date_gmt":"2018-05-15T18:29:44","guid":{"rendered":"http:\/\/anoticiaonline.com.br\/site\/?p=56025"},"modified":"2018-05-15T15:29:44","modified_gmt":"2018-05-15T18:29:44","slug":"medalha-jose-alencar-sera-concedida-a-30-homenageados-nesta-quarta-feira","status":"publish","type":"post","link":"https:\/\/anoticiaonline.com.br\/site\/medalha-jose-alencar-sera-concedida-a-30-homenageados-nesta-quarta-feira\/","title":{"rendered":"Medalha Jos\u00e9 Alencar ser\u00e1 concedida a 30 homenageados nesta quarta-feira"},"content":{"rendered":"<p>Em comemora\u00e7\u00e3o pelos 163 anos de emancipa\u00e7\u00e3o pol\u00edtico-administrativa de Muria\u00e9, a sexta edi\u00e7\u00e3o da cerim\u00f4nia de entrega da Medalha do M\u00e9rito Muriaeense &#8220;Jos\u00e9 Alencar Gomes da Silva&#8221; ter\u00e1 homenagens a 30 agraciados. O evento tem a finalidade de condecorar anualmente pessoas que tenham contribu\u00eddo para o desenvolvimento da cidade, acontece nesta quarta-feira (16), \u00e0s 19h, no Memorial da Funda\u00e7\u00e3o Cristiano Varella.<\/p>\n<p>A concess\u00e3o da Medalha do M\u00e9rito Muriaeense foi criada em 2013. Como patrono, foi escolhido o ex-vice-presidente da Rep\u00fablica Jos\u00e9 Alencar Gomes da Silva, muriaeense nascido no distrito de Itamuri.<\/p>\n<p><a href=\"https:\/\/anoticiaonline.com.br\/site\/wp-content\/uploads\/2018\/05\/muriae02.jpg\"><img fetchpriority=\"high\" decoding=\"async\" class=\"alignnone size-full wp-image-56026\" src=\"https:\/\/anoticiaonline.com.br\/site\/wp-content\/uploads\/2018\/05\/muriae02.jpg\" alt=\"\" width=\"640\" height=\"427\" srcset=\"https:\/\/anoticiaonline.com.br\/site\/wp-content\/uploads\/2018\/05\/muriae02.jpg 640w, https:\/\/anoticiaonline.com.br\/site\/wp-content\/uploads\/2018\/05\/muriae02-300x200.jpg 300w\" sizes=\"(max-width: 640px) 100vw, 640px\" \/><\/a><\/p>\n<p><strong>Confira a rela\u00e7\u00e3o de agraciados deste ano:<\/strong><\/p>\n<p>Alinne Arquette Leite Novais<\/p>\n<p>Aloysio Navarro de Aquino<\/p>\n<p>Anelisa Dutra Gl\u00f3ria<\/p>\n<p>Aristeo Saling<\/p>\n<p>Carlos Eduardo Souza Castro<\/p>\n<p>Carlos Francisco Levate<\/p>\n<p>Carlos Henrique Alves da Silva<\/p>\n<p>Carlos Roberto Moreira de Oliveira<\/p>\n<p>Claudio Pompei<\/p>\n<p>Elsa e Elza Antonieto<\/p>\n<p>Eros Biondini<\/p>\n<p>Evandro Bartholomei Vidal<\/p>\n<p>Evandro Hassen Freire<\/p>\n<p>Gustavo Santana<\/p>\n<p>Henrique Martins Nolasco Sobrinho<\/p>\n<p>\u00cdssis Cavalier Cabral<\/p>\n<p>Jacy de Paula Homem<\/p>\n<p>Jo\u00e3o Franca Ciribelli de Carvalho<\/p>\n<p>Joedson Flaviano Gomes<\/p>\n<p>Jos\u00e9 Roberto Machado Dem\u00e9trio<\/p>\n<p>Luiz Ant\u00f4nio Crispi de Ara\u00fajo<\/p>\n<p>Lydio Miguel Bandeira de Melo<\/p>\n<p>Manoel Dias Nery<\/p>\n<p>Maria Stela Cerqueira Dornelas<\/p>\n<p>M\u00e1rio L\u00facio Heringer<\/p>\n<p>N\u00e9lio Monteiro<\/p>\n<p>Raphael Soares Moreira Cesar Borba<\/p>\n<p>Renato Grizotti J\u00fanior<\/p>\n<p>S\u00e9rgio Dias Henriques<\/p>\n<p>Vitor Valverde<\/p>\n<p>Cr\u00e9ditos: ASCOM PMM<\/p>\n","protected":false},"excerpt":{"rendered":"<p>Em comemora\u00e7\u00e3o pelos 163 anos de emancipa\u00e7\u00e3o pol\u00edtico-administrativa de Muria\u00e9, a sexta edi\u00e7\u00e3o da cerim\u00f4nia de entrega da Medalha do M\u00e9rito Muriaeense &#8220;Jos\u00e9 Alencar Gomes da Silva&#8221; ter\u00e1 homenagens a 30 agraciados. O evento tem a finalidade de condecorar anualmente pessoas que tenham contribu\u00eddo para o desenvolvimento da cidade, acontece nesta quarta-feira (16), \u00e0s 19h, &#8230; <a title=\"Medalha Jos\u00e9 Alencar ser\u00e1 concedida a 30 homenageados nesta quarta-feira\" class=\"read-more\" href=\"https:\/\/anoticiaonline.com.br\/site\/medalha-jose-alencar-sera-concedida-a-30-homenageados-nesta-quarta-feira\/\" aria-label=\"Read more about Medalha Jos\u00e9 Alencar ser\u00e1 concedida a 30 homenageados nesta quarta-feira\">Ler mais<\/a><\/p>\n","protected":false},"author":2,"featured_media":56026,"comment_status":"open","ping_status":"open","sticky":false,"template":"","format":"standard","meta":{"_acf_changed":false,"_monsterinsights_skip_tracking":false,"footnotes":""},"categories":[30],"tags":[2554,2555,2553,298,74],"class_list":["post-56025","post","type-post","status-publish","format-standard","has-post-thumbnail","hentry","category-muriae","tag-163-anos","tag-emancipacao","tag-jose-alencar","tag-medalha","tag-muriae"],"acf":[],"aioseo_notices":[],"aioseo_head":"\n\t\t<!-- All in One SEO 5.0.0.1 - aioseo.com -->\n\t<meta name=\"description\" content=\"Em comemora\u00e7\u00e3o pelos 163 anos de emancipa\u00e7\u00e3o pol\u00edtico-administrativa de Muria\u00e9, a sexta edi\u00e7\u00e3o da cerim\u00f4nia de entrega da Medalha do M\u00e9rito Muriaeense &quot;Jos\u00e9 Alencar Gomes da Silva&quot; ter\u00e1 homenagens a 30 agraciados. O evento tem a finalidade de condecorar anualmente pessoas que tenham contribu\u00eddo para o desenvolvimento da cidade, acontece nesta quarta-feira (16), \u00e0s 19h,\" \/>\n\t<meta name=\"robots\" content=\"max-image-preview:large\" \/>\n\t<meta name=\"author\" content=\"Juliana Laviola\"\/>\n\t<link rel=\"canonical\" href=\"https:\/\/anoticiaonline.com.br\/site\/medalha-jose-alencar-sera-concedida-a-30-homenageados-nesta-quarta-feira\/\" \/>\n\t<meta name=\"generator\" content=\"All in One SEO (AIOSEO) 5.0.0.1\" \/>\n\t\t<meta property=\"og:locale\" content=\"pt_BR\" \/>\n\t\t<meta property=\"og:site_name\" content=\"A Not\u00edcia Online - Noticias de Muria\u00e9 e regi\u00e3o\" \/>\n\t\t<meta property=\"og:type\" content=\"article\" \/>\n\t\t<meta property=\"og:title\" content=\"Medalha Jos\u00e9 Alencar ser\u00e1 concedida a 30 homenageados nesta quarta-feira - A Not\u00edcia Online\" \/>\n\t\t<meta property=\"og:description\" content=\"Em comemora\u00e7\u00e3o pelos 163 anos de emancipa\u00e7\u00e3o pol\u00edtico-administrativa de Muria\u00e9, a sexta edi\u00e7\u00e3o da cerim\u00f4nia de entrega da Medalha do M\u00e9rito Muriaeense &quot;Jos\u00e9 Alencar Gomes da Silva&quot; ter\u00e1 homenagens a 30 agraciados. O evento tem a finalidade de condecorar anualmente pessoas que tenham contribu\u00eddo para o desenvolvimento da cidade, acontece nesta quarta-feira (16), \u00e0s 19h,\" \/>\n\t\t<meta property=\"og:url\" content=\"https:\/\/anoticiaonline.com.br\/site\/medalha-jose-alencar-sera-concedida-a-30-homenageados-nesta-quarta-feira\/\" \/>\n\t\t<meta property=\"og:image\" content=\"https:\/\/scontent-gig4-1.xx.fbcdn.net\/v\/t39.30808-1\/270437624_4564083193639691_6907940295614233970_n.jpg?stp=dst-jpg_s200x200_tt6&#038;_nc_cat=111&#038;ccb=1-7&#038;_nc_sid=f907e8&#038;_nc_ohc=SM1wRlP3lJwQ7kNvwEPuBYA&#038;_nc_oc=AdnqrjDN_BNjSSHWO-GbkIWH6fkGMLw4bqvL_NH6e2wMveX7G-rP2dAqsDSq1mJMOaY&#038;_nc_zt=24&#038;_nc_ht=scontent-gig4-1.xx&#038;_nc_gid=AoBFJeGrT1hVaew_6rchkQ&#038;oh=00_AfX7QmFGhQhG2jAllVgXCiM1ZrWgvtp80-Bfppyexh1QEg&#038;oe=689E923C\" \/>\n\t\t<meta property=\"og:image:secure_url\" content=\"https:\/\/scontent-gig4-1.xx.fbcdn.net\/v\/t39.30808-1\/270437624_4564083193639691_6907940295614233970_n.jpg?stp=dst-jpg_s200x200_tt6&#038;_nc_cat=111&#038;ccb=1-7&#038;_nc_sid=f907e8&#038;_nc_ohc=SM1wRlP3lJwQ7kNvwEPuBYA&#038;_nc_oc=AdnqrjDN_BNjSSHWO-GbkIWH6fkGMLw4bqvL_NH6e2wMveX7G-rP2dAqsDSq1mJMOaY&#038;_nc_zt=24&#038;_nc_ht=scontent-gig4-1.xx&#038;_nc_gid=AoBFJeGrT1hVaew_6rchkQ&#038;oh=00_AfX7QmFGhQhG2jAllVgXCiM1ZrWgvtp80-Bfppyexh1QEg&#038;oe=689E923C\" \/>\n\t\t<meta property=\"article:published_time\" content=\"2018-05-15T18:29:44+00:00\" \/>\n\t\t<meta property=\"article:modified_time\" content=\"2018-05-15T18:29:44+00:00\" \/>\n\t\t<meta name=\"twitter:card\" content=\"summary_large_image\" \/>\n\t\t<meta name=\"twitter:title\" content=\"Medalha Jos\u00e9 Alencar ser\u00e1 concedida a 30 homenageados nesta quarta-feira - A Not\u00edcia Online\" \/>\n\t\t<meta name=\"twitter:description\" content=\"Em comemora\u00e7\u00e3o pelos 163 anos de emancipa\u00e7\u00e3o pol\u00edtico-administrativa de Muria\u00e9, a sexta edi\u00e7\u00e3o da cerim\u00f4nia de entrega da Medalha do M\u00e9rito Muriaeense &quot;Jos\u00e9 Alencar Gomes da Silva&quot; ter\u00e1 homenagens a 30 agraciados. O evento tem a finalidade de condecorar anualmente pessoas que tenham contribu\u00eddo para o desenvolvimento da cidade, acontece nesta quarta-feira (16), \u00e0s 19h,\" \/>\n\t\t<meta name=\"twitter:image\" content=\"https:\/\/scontent-gig4-1.xx.fbcdn.net\/v\/t39.30808-1\/270437624_4564083193639691_6907940295614233970_n.jpg?stp=dst-jpg_s200x200_tt6&amp;_nc_cat=111&amp;ccb=1-7&amp;_nc_sid=f907e8&amp;_nc_ohc=SM1wRlP3lJwQ7kNvwEPuBYA&amp;_nc_oc=AdnqrjDN_BNjSSHWO-GbkIWH6fkGMLw4bqvL_NH6e2wMveX7G-rP2dAqsDSq1mJMOaY&amp;_nc_zt=24&amp;_nc_ht=scontent-gig4-1.xx&amp;_nc_gid=AoBFJeGrT1hVaew_6rchkQ&amp;oh=00_AfX7QmFGhQhG2jAllVgXCiM1ZrWgvtp80-Bfppyexh1QEg&amp;oe=689E923C\" \/>\n\t\t<script type=\"application\/ld+json\" class=\"aioseo-schema\">\n\t\t\t{\"@context\":\"https:\\\/\\\/schema.org\",\"@graph\":[{\"@type\":\"BlogPosting\",\"@id\":\"https:\\\/\\\/anoticiaonline.com.br\\\/site\\\/medalha-jose-alencar-sera-concedida-a-30-homenageados-nesta-quarta-feira\\\/#blogposting\",\"name\":\"Medalha Jos\\u00e9 Alencar ser\\u00e1 concedida a 30 homenageados nesta quarta-feira - A Not\\u00edcia Online\",\"headline\":\"Medalha Jos\\u00e9 Alencar ser\\u00e1 concedida a 30 homenageados nesta quarta-feira\",\"author\":{\"@id\":\"https:\\\/\\\/anoticiaonline.com.br\\\/site\\\/author\\\/juliana\\\/#author\"},\"publisher\":{\"@id\":\"https:\\\/\\\/anoticiaonline.com.br\\\/site\\\/#organization\"},\"image\":{\"@type\":\"ImageObject\",\"url\":\"https:\\\/\\\/anoticiaonline.com.br\\\/site\\\/wp-content\\\/uploads\\\/2018\\\/05\\\/muriae02.jpg\",\"width\":640,\"height\":427},\"datePublished\":\"2018-05-15T15:29:44-03:00\",\"dateModified\":\"2018-05-15T15:29:44-03:00\",\"inLanguage\":\"pt-BR\",\"mainEntityOfPage\":{\"@id\":\"https:\\\/\\\/anoticiaonline.com.br\\\/site\\\/medalha-jose-alencar-sera-concedida-a-30-homenageados-nesta-quarta-feira\\\/#webpage\"},\"isPartOf\":{\"@id\":\"https:\\\/\\\/anoticiaonline.com.br\\\/site\\\/medalha-jose-alencar-sera-concedida-a-30-homenageados-nesta-quarta-feira\\\/#webpage\"},\"articleSection\":\"Blog, 163 anos, emancipa\\u00e7\\u00e3o, jose alencar, medalha, Muria\\u00e9\"},{\"@type\":\"BreadcrumbList\",\"@id\":\"https:\\\/\\\/anoticiaonline.com.br\\\/site\\\/medalha-jose-alencar-sera-concedida-a-30-homenageados-nesta-quarta-feira\\\/#breadcrumblist\",\"itemListElement\":[{\"@type\":\"ListItem\",\"@id\":\"https:\\\/\\\/anoticiaonline.com.br\\\/site#listItem\",\"position\":1,\"name\":\"Home\",\"item\":\"https:\\\/\\\/anoticiaonline.com.br\\\/site\",\"nextItem\":{\"@type\":\"ListItem\",\"@id\":\"https:\\\/\\\/anoticiaonline.com.br\\\/site\\\/categoria\\\/muriae\\\/#listItem\",\"name\":\"Blog\"}},{\"@type\":\"ListItem\",\"@id\":\"https:\\\/\\\/anoticiaonline.com.br\\\/site\\\/categoria\\\/muriae\\\/#listItem\",\"position\":2,\"name\":\"Blog\",\"item\":\"https:\\\/\\\/anoticiaonline.com.br\\\/site\\\/categoria\\\/muriae\\\/\",\"nextItem\":{\"@type\":\"ListItem\",\"@id\":\"https:\\\/\\\/anoticiaonline.com.br\\\/site\\\/medalha-jose-alencar-sera-concedida-a-30-homenageados-nesta-quarta-feira\\\/#listItem\",\"name\":\"Medalha Jos\\u00e9 Alencar ser\\u00e1 concedida a 30 homenageados nesta quarta-feira\"},\"previousItem\":{\"@type\":\"ListItem\",\"@id\":\"https:\\\/\\\/anoticiaonline.com.br\\\/site#listItem\",\"name\":\"Home\"}},{\"@type\":\"ListItem\",\"@id\":\"https:\\\/\\\/anoticiaonline.com.br\\\/site\\\/medalha-jose-alencar-sera-concedida-a-30-homenageados-nesta-quarta-feira\\\/#listItem\",\"position\":3,\"name\":\"Medalha Jos\\u00e9 Alencar ser\\u00e1 concedida a 30 homenageados nesta quarta-feira\",\"previousItem\":{\"@type\":\"ListItem\",\"@id\":\"https:\\\/\\\/anoticiaonline.com.br\\\/site\\\/categoria\\\/muriae\\\/#listItem\",\"name\":\"Blog\"}}]},{\"@type\":\"Organization\",\"@id\":\"https:\\\/\\\/anoticiaonline.com.br\\\/site\\\/#organization\",\"name\":\"A Not\\u00edcia Online\",\"description\":\"Noticias de Muria\\u00e9 e regi\\u00e3o\",\"url\":\"https:\\\/\\\/anoticiaonline.com.br\\\/site\\\/\",\"logo\":{\"@type\":\"ImageObject\",\"url\":\"https:\\\/\\\/scontent-gig4-1.xx.fbcdn.net\\\/v\\\/t39.30808-1\\\/270437624_4564083193639691_6907940295614233970_n.jpg?stp=dst-jpg_s200x200_tt6&_nc_cat=111&ccb=1-7&_nc_sid=f907e8&_nc_ohc=SM1wRlP3lJwQ7kNvwEPuBYA&_nc_oc=AdnqrjDN_BNjSSHWO-GbkIWH6fkGMLw4bqvL_NH6e2wMveX7G-rP2dAqsDSq1mJMOaY&_nc_zt=24&_nc_ht=scontent-gig4-1.xx&_nc_gid=AoBFJeGrT1hVaew_6rchkQ&oh=00_AfX7QmFGhQhG2jAllVgXCiM1ZrWgvtp80-Bfppyexh1QEg&oe=689E923C\",\"@id\":\"https:\\\/\\\/anoticiaonline.com.br\\\/site\\\/medalha-jose-alencar-sera-concedida-a-30-homenageados-nesta-quarta-feira\\\/#organizationLogo\"},\"image\":{\"@id\":\"https:\\\/\\\/anoticiaonline.com.br\\\/site\\\/medalha-jose-alencar-sera-concedida-a-30-homenageados-nesta-quarta-feira\\\/#organizationLogo\"}},{\"@type\":\"Person\",\"@id\":\"https:\\\/\\\/anoticiaonline.com.br\\\/site\\\/author\\\/juliana\\\/#author\",\"url\":\"https:\\\/\\\/anoticiaonline.com.br\\\/site\\\/author\\\/juliana\\\/\",\"name\":\"Juliana Laviola\",\"image\":{\"@type\":\"ImageObject\",\"@id\":\"https:\\\/\\\/anoticiaonline.com.br\\\/site\\\/medalha-jose-alencar-sera-concedida-a-30-homenageados-nesta-quarta-feira\\\/#authorImage\",\"url\":\"https:\\\/\\\/secure.gravatar.com\\\/avatar\\\/b8d45f5c699b100dfaf0e543582f38f38bf94cb7ae3a5e9abf8d891a34773335?s=96&d=mm&r=g\",\"width\":96,\"height\":96,\"caption\":\"Juliana Laviola\"}},{\"@type\":\"WebPage\",\"@id\":\"https:\\\/\\\/anoticiaonline.com.br\\\/site\\\/medalha-jose-alencar-sera-concedida-a-30-homenageados-nesta-quarta-feira\\\/#webpage\",\"url\":\"https:\\\/\\\/anoticiaonline.com.br\\\/site\\\/medalha-jose-alencar-sera-concedida-a-30-homenageados-nesta-quarta-feira\\\/\",\"name\":\"Medalha Jos\\u00e9 Alencar ser\\u00e1 concedida a 30 homenageados nesta quarta-feira - A Not\\u00edcia Online\",\"description\":\"Em comemora\\u00e7\\u00e3o pelos 163 anos de emancipa\\u00e7\\u00e3o pol\\u00edtico-administrativa de Muria\\u00e9, a sexta edi\\u00e7\\u00e3o da cerim\\u00f4nia de entrega da Medalha do M\\u00e9rito Muriaeense \\\"Jos\\u00e9 Alencar Gomes da Silva\\\" ter\\u00e1 homenagens a 30 agraciados. O evento tem a finalidade de condecorar anualmente pessoas que tenham contribu\\u00eddo para o desenvolvimento da cidade, acontece nesta quarta-feira (16), \\u00e0s 19h,\",\"inLanguage\":\"pt-BR\",\"isPartOf\":{\"@id\":\"https:\\\/\\\/anoticiaonline.com.br\\\/site\\\/#website\"},\"breadcrumb\":{\"@id\":\"https:\\\/\\\/anoticiaonline.com.br\\\/site\\\/medalha-jose-alencar-sera-concedida-a-30-homenageados-nesta-quarta-feira\\\/#breadcrumblist\"},\"author\":{\"@id\":\"https:\\\/\\\/anoticiaonline.com.br\\\/site\\\/author\\\/juliana\\\/#author\"},\"creator\":{\"@id\":\"https:\\\/\\\/anoticiaonline.com.br\\\/site\\\/author\\\/juliana\\\/#author\"},\"image\":{\"@type\":\"ImageObject\",\"url\":\"https:\\\/\\\/anoticiaonline.com.br\\\/site\\\/wp-content\\\/uploads\\\/2018\\\/05\\\/muriae02.jpg\",\"@id\":\"https:\\\/\\\/anoticiaonline.com.br\\\/site\\\/medalha-jose-alencar-sera-concedida-a-30-homenageados-nesta-quarta-feira\\\/#mainImage\",\"width\":640,\"height\":427},\"primaryImageOfPage\":{\"@id\":\"https:\\\/\\\/anoticiaonline.com.br\\\/site\\\/medalha-jose-alencar-sera-concedida-a-30-homenageados-nesta-quarta-feira\\\/#mainImage\"},\"datePublished\":\"2018-05-15T15:29:44-03:00\",\"dateModified\":\"2018-05-15T15:29:44-03:00\"},{\"@type\":\"WebSite\",\"@id\":\"https:\\\/\\\/anoticiaonline.com.br\\\/site\\\/#website\",\"url\":\"https:\\\/\\\/anoticiaonline.com.br\\\/site\\\/\",\"name\":\"A Not\\u00edcia Online\",\"description\":\"Noticias de Muria\\u00e9 e regi\\u00e3o\",\"inLanguage\":\"pt-BR\",\"publisher\":{\"@id\":\"https:\\\/\\\/anoticiaonline.com.br\\\/site\\\/#organization\"}}]}\n\t\t<\/script>\n\t\t<!-- All in One SEO -->\n\n","aioseo_head_json":{"title":"Medalha Jos\u00e9 Alencar ser\u00e1 concedida a 30 homenageados nesta quarta-feira - A Not\u00edcia Online","description":"Em comemora\u00e7\u00e3o pelos 163 anos de emancipa\u00e7\u00e3o pol\u00edtico-administrativa de Muria\u00e9, a sexta edi\u00e7\u00e3o da cerim\u00f4nia de entrega da Medalha do M\u00e9rito Muriaeense \"Jos\u00e9 Alencar Gomes da Silva\" ter\u00e1 homenagens a 30 agraciados. O evento tem a finalidade de condecorar anualmente pessoas que tenham contribu\u00eddo para o desenvolvimento da cidade, acontece nesta quarta-feira (16), \u00e0s 19h,","canonical_url":"https:\/\/anoticiaonline.com.br\/site\/medalha-jose-alencar-sera-concedida-a-30-homenageados-nesta-quarta-feira\/","robots":"max-image-preview:large","keywords":"","webmasterTools":{"miscellaneous":""},"schema":{"@context":"https:\/\/schema.org","@graph":[{"@type":"BlogPosting","@id":"https:\/\/anoticiaonline.com.br\/site\/medalha-jose-alencar-sera-concedida-a-30-homenageados-nesta-quarta-feira\/#blogposting","name":"Medalha Jos\u00e9 Alencar ser\u00e1 concedida a 30 homenageados nesta quarta-feira - A Not\u00edcia Online","headline":"Medalha Jos\u00e9 Alencar ser\u00e1 concedida a 30 homenageados nesta quarta-feira","author":{"@id":"https:\/\/anoticiaonline.com.br\/site\/author\/juliana\/#author"},"publisher":{"@id":"https:\/\/anoticiaonline.com.br\/site\/#organization"},"image":{"@type":"ImageObject","url":"https:\/\/anoticiaonline.com.br\/site\/wp-content\/uploads\/2018\/05\/muriae02.jpg","width":640,"height":427},"datePublished":"2018-05-15T15:29:44-03:00","dateModified":"2018-05-15T15:29:44-03:00","inLanguage":"pt-BR","mainEntityOfPage":{"@id":"https:\/\/anoticiaonline.com.br\/site\/medalha-jose-alencar-sera-concedida-a-30-homenageados-nesta-quarta-feira\/#webpage"},"isPartOf":{"@id":"https:\/\/anoticiaonline.com.br\/site\/medalha-jose-alencar-sera-concedida-a-30-homenageados-nesta-quarta-feira\/#webpage"},"articleSection":"Blog, 163 anos, emancipa\u00e7\u00e3o, jose alencar, medalha, Muria\u00e9"},{"@type":"BreadcrumbList","@id":"https:\/\/anoticiaonline.com.br\/site\/medalha-jose-alencar-sera-concedida-a-30-homenageados-nesta-quarta-feira\/#breadcrumblist","itemListElement":[{"@type":"ListItem","@id":"https:\/\/anoticiaonline.com.br\/site#listItem","position":1,"name":"Home","item":"https:\/\/anoticiaonline.com.br\/site","nextItem":{"@type":"ListItem","@id":"https:\/\/anoticiaonline.com.br\/site\/categoria\/muriae\/#listItem","name":"Blog"}},{"@type":"ListItem","@id":"https:\/\/anoticiaonline.com.br\/site\/categoria\/muriae\/#listItem","position":2,"name":"Blog","item":"https:\/\/anoticiaonline.com.br\/site\/categoria\/muriae\/","nextItem":{"@type":"ListItem","@id":"https:\/\/anoticiaonline.com.br\/site\/medalha-jose-alencar-sera-concedida-a-30-homenageados-nesta-quarta-feira\/#listItem","name":"Medalha Jos\u00e9 Alencar ser\u00e1 concedida a 30 homenageados nesta quarta-feira"},"previousItem":{"@type":"ListItem","@id":"https:\/\/anoticiaonline.com.br\/site#listItem","name":"Home"}},{"@type":"ListItem","@id":"https:\/\/anoticiaonline.com.br\/site\/medalha-jose-alencar-sera-concedida-a-30-homenageados-nesta-quarta-feira\/#listItem","position":3,"name":"Medalha Jos\u00e9 Alencar ser\u00e1 concedida a 30 homenageados nesta quarta-feira","previousItem":{"@type":"ListItem","@id":"https:\/\/anoticiaonline.com.br\/site\/categoria\/muriae\/#listItem","name":"Blog"}}]},{"@type":"Organization","@id":"https:\/\/anoticiaonline.com.br\/site\/#organization","name":"A Not\u00edcia Online","description":"Noticias de Muria\u00e9 e regi\u00e3o","url":"https:\/\/anoticiaonline.com.br\/site\/","logo":{"@type":"ImageObject","url":"https:\/\/scontent-gig4-1.xx.fbcdn.net\/v\/t39.30808-1\/270437624_4564083193639691_6907940295614233970_n.jpg?stp=dst-jpg_s200x200_tt6&_nc_cat=111&ccb=1-7&_nc_sid=f907e8&_nc_ohc=SM1wRlP3lJwQ7kNvwEPuBYA&_nc_oc=AdnqrjDN_BNjSSHWO-GbkIWH6fkGMLw4bqvL_NH6e2wMveX7G-rP2dAqsDSq1mJMOaY&_nc_zt=24&_nc_ht=scontent-gig4-1.xx&_nc_gid=AoBFJeGrT1hVaew_6rchkQ&oh=00_AfX7QmFGhQhG2jAllVgXCiM1ZrWgvtp80-Bfppyexh1QEg&oe=689E923C","@id":"https:\/\/anoticiaonline.com.br\/site\/medalha-jose-alencar-sera-concedida-a-30-homenageados-nesta-quarta-feira\/#organizationLogo"},"image":{"@id":"https:\/\/anoticiaonline.com.br\/site\/medalha-jose-alencar-sera-concedida-a-30-homenageados-nesta-quarta-feira\/#organizationLogo"}},{"@type":"Person","@id":"https:\/\/anoticiaonline.com.br\/site\/author\/juliana\/#author","url":"https:\/\/anoticiaonline.com.br\/site\/author\/juliana\/","name":"Juliana Laviola","image":{"@type":"ImageObject","@id":"https:\/\/anoticiaonline.com.br\/site\/medalha-jose-alencar-sera-concedida-a-30-homenageados-nesta-quarta-feira\/#authorImage","url":"https:\/\/secure.gravatar.com\/avatar\/b8d45f5c699b100dfaf0e543582f38f38bf94cb7ae3a5e9abf8d891a34773335?s=96&d=mm&r=g","width":96,"height":96,"caption":"Juliana Laviola"}},{"@type":"WebPage","@id":"https:\/\/anoticiaonline.com.br\/site\/medalha-jose-alencar-sera-concedida-a-30-homenageados-nesta-quarta-feira\/#webpage","url":"https:\/\/anoticiaonline.com.br\/site\/medalha-jose-alencar-sera-concedida-a-30-homenageados-nesta-quarta-feira\/","name":"Medalha Jos\u00e9 Alencar ser\u00e1 concedida a 30 homenageados nesta quarta-feira - A Not\u00edcia Online","description":"Em comemora\u00e7\u00e3o pelos 163 anos de emancipa\u00e7\u00e3o pol\u00edtico-administrativa de Muria\u00e9, a sexta edi\u00e7\u00e3o da cerim\u00f4nia de entrega da Medalha do M\u00e9rito Muriaeense \"Jos\u00e9 Alencar Gomes da Silva\" ter\u00e1 homenagens a 30 agraciados. O evento tem a finalidade de condecorar anualmente pessoas que tenham contribu\u00eddo para o desenvolvimento da cidade, acontece nesta quarta-feira (16), \u00e0s 19h,","inLanguage":"pt-BR","isPartOf":{"@id":"https:\/\/anoticiaonline.com.br\/site\/#website"},"breadcrumb":{"@id":"https:\/\/anoticiaonline.com.br\/site\/medalha-jose-alencar-sera-concedida-a-30-homenageados-nesta-quarta-feira\/#breadcrumblist"},"author":{"@id":"https:\/\/anoticiaonline.com.br\/site\/author\/juliana\/#author"},"creator":{"@id":"https:\/\/anoticiaonline.com.br\/site\/author\/juliana\/#author"},"image":{"@type":"ImageObject","url":"https:\/\/anoticiaonline.com.br\/site\/wp-content\/uploads\/2018\/05\/muriae02.jpg","@id":"https:\/\/anoticiaonline.com.br\/site\/medalha-jose-alencar-sera-concedida-a-30-homenageados-nesta-quarta-feira\/#mainImage","width":640,"height":427},"primaryImageOfPage":{"@id":"https:\/\/anoticiaonline.com.br\/site\/medalha-jose-alencar-sera-concedida-a-30-homenageados-nesta-quarta-feira\/#mainImage"},"datePublished":"2018-05-15T15:29:44-03:00","dateModified":"2018-05-15T15:29:44-03:00"},{"@type":"WebSite","@id":"https:\/\/anoticiaonline.com.br\/site\/#website","url":"https:\/\/anoticiaonline.com.br\/site\/","name":"A Not\u00edcia Online","description":"Noticias de Muria\u00e9 e regi\u00e3o","inLanguage":"pt-BR","publisher":{"@id":"https:\/\/anoticiaonline.com.br\/site\/#organization"}}]},"og:locale":"pt_BR","og:site_name":"A Not\u00edcia Online - Noticias de Muria\u00e9 e regi\u00e3o","og:type":"article","og:title":"Medalha Jos\u00e9 Alencar ser\u00e1 concedida a 30 homenageados nesta quarta-feira - A Not\u00edcia Online","og:description":"Em comemora\u00e7\u00e3o pelos 163 anos de emancipa\u00e7\u00e3o pol\u00edtico-administrativa de Muria\u00e9, a sexta edi\u00e7\u00e3o da cerim\u00f4nia de entrega da Medalha do M\u00e9rito Muriaeense &quot;Jos\u00e9 Alencar Gomes da Silva&quot; ter\u00e1 homenagens a 30 agraciados. O evento tem a finalidade de condecorar anualmente pessoas que tenham contribu\u00eddo para o desenvolvimento da cidade, acontece nesta quarta-feira (16), \u00e0s 19h,","og:url":"https:\/\/anoticiaonline.com.br\/site\/medalha-jose-alencar-sera-concedida-a-30-homenageados-nesta-quarta-feira\/","og:image":"https:\/\/scontent-gig4-1.xx.fbcdn.net\/v\/t39.30808-1\/270437624_4564083193639691_6907940295614233970_n.jpg?stp=dst-jpg_s200x200_tt6&#038;_nc_cat=111&#038;ccb=1-7&#038;_nc_sid=f907e8&#038;_nc_ohc=SM1wRlP3lJwQ7kNvwEPuBYA&#038;_nc_oc=AdnqrjDN_BNjSSHWO-GbkIWH6fkGMLw4bqvL_NH6e2wMveX7G-rP2dAqsDSq1mJMOaY&#038;_nc_zt=24&#038;_nc_ht=scontent-gig4-1.xx&#038;_nc_gid=AoBFJeGrT1hVaew_6rchkQ&#038;oh=00_AfX7QmFGhQhG2jAllVgXCiM1ZrWgvtp80-Bfppyexh1QEg&#038;oe=689E923C","og:image:secure_url":"https:\/\/scontent-gig4-1.xx.fbcdn.net\/v\/t39.30808-1\/270437624_4564083193639691_6907940295614233970_n.jpg?stp=dst-jpg_s200x200_tt6&#038;_nc_cat=111&#038;ccb=1-7&#038;_nc_sid=f907e8&#038;_nc_ohc=SM1wRlP3lJwQ7kNvwEPuBYA&#038;_nc_oc=AdnqrjDN_BNjSSHWO-GbkIWH6fkGMLw4bqvL_NH6e2wMveX7G-rP2dAqsDSq1mJMOaY&#038;_nc_zt=24&#038;_nc_ht=scontent-gig4-1.xx&#038;_nc_gid=AoBFJeGrT1hVaew_6rchkQ&#038;oh=00_AfX7QmFGhQhG2jAllVgXCiM1ZrWgvtp80-Bfppyexh1QEg&#038;oe=689E923C","article:published_time":"2018-05-15T18:29:44+00:00","article:modified_time":"2018-05-15T18:29:44+00:00","twitter:card":"summary_large_image","twitter:title":"Medalha Jos\u00e9 Alencar ser\u00e1 concedida a 30 homenageados nesta quarta-feira - A Not\u00edcia Online","twitter:description":"Em comemora\u00e7\u00e3o pelos 163 anos de emancipa\u00e7\u00e3o pol\u00edtico-administrativa de Muria\u00e9, a sexta edi\u00e7\u00e3o da cerim\u00f4nia de entrega da Medalha do M\u00e9rito Muriaeense &quot;Jos\u00e9 Alencar Gomes da Silva&quot; ter\u00e1 homenagens a 30 agraciados. O evento tem a finalidade de condecorar anualmente pessoas que tenham contribu\u00eddo para o desenvolvimento da cidade, acontece nesta quarta-feira (16), \u00e0s 19h,","twitter:image":"https:\/\/scontent-gig4-1.xx.fbcdn.net\/v\/t39.30808-1\/270437624_4564083193639691_6907940295614233970_n.jpg?stp=dst-jpg_s200x200_tt6&_nc_cat=111&ccb=1-7&_nc_sid=f907e8&_nc_ohc=SM1wRlP3lJwQ7kNvwEPuBYA&_nc_oc=AdnqrjDN_BNjSSHWO-GbkIWH6fkGMLw4bqvL_NH6e2wMveX7G-rP2dAqsDSq1mJMOaY&_nc_zt=24&_nc_ht=scontent-gig4-1.xx&_nc_gid=AoBFJeGrT1hVaew_6rchkQ&oh=00_AfX7QmFGhQhG2jAllVgXCiM1ZrWgvtp80-Bfppyexh1QEg&oe=689E923C"},"aioseo_meta_data":{"post_id":"56025","title":null,"description":null,"keywords":null,"keyphrases":null,"primary_term":null,"canonical_url":null,"og_title":null,"og_description":null,"og_object_type":"default","og_image_type":"default","og_image_url":null,"og_image_width":null,"og_image_height":null,"og_image_custom_url":null,"og_image_custom_fields":null,"og_video":null,"og_custom_url":null,"og_article_section":null,"og_article_tags":null,"twitter_use_og":false,"twitter_card":"default","twitter_image_type":"default","twitter_image_url":null,"twitter_image_custom_url":null,"twitter_image_custom_fields":null,"twitter_title":null,"twitter_description":null,"schema":{"blockGraphs":[],"customGraphs":[],"default":{"data":{"Article":[],"Course":[],"Dataset":[],"FAQPage":[],"Movie":[],"Person":[],"Product":[],"ProductReview":[],"Car":[],"Recipe":[],"Service":[],"SoftwareApplication":[],"WebPage":[]},"graphName":"","isEnabled":true},"graphs":[]},"schema_type":"default","schema_type_options":null,"pillar_content":false,"robots_default":true,"robots_noindex":false,"robots_noarchive":false,"robots_nosnippet":false,"robots_nofollow":false,"robots_noimageindex":false,"robots_noodp":false,"robots_notranslate":false,"robots_max_snippet":null,"robots_max_videopreview":null,"robots_max_imagepreview":"large","priority":null,"frequency":null,"local_seo":null,"breadcrumb_settings":null,"limit_modified_date":false,"ai":null,"created":"2025-08-16 20:50:43","updated":"2025-08-16 20:50:43","focus_keyword":null,"additional_keywords":null,"truseo_locale":null,"seo_analyzer_scan_date":null},"aioseo_breadcrumb":"<div class=\"aioseo-breadcrumbs\"><span class=\"aioseo-breadcrumb\">\n\t\t\t<a href=\"https:\/\/anoticiaonline.com.br\/site\" title=\"Home\">Home<\/a>\n\t\t<\/span><span class=\"aioseo-breadcrumb-separator\">&raquo;<\/span><span class=\"aioseo-breadcrumb\">\n\t\t\t<a href=\"https:\/\/anoticiaonline.com.br\/site\/categoria\/muriae\/\" title=\"Blog\">Blog<\/a>\n\t\t<\/span><span class=\"aioseo-breadcrumb-separator\">&raquo;<\/span><span class=\"aioseo-breadcrumb\">\n\t\t\tMedalha Jos\u00e9 Alencar ser\u00e1 concedida a 30 homenageados nesta quarta-feira\n\t\t<\/span><\/div>","aioseo_breadcrumb_json":[{"label":"Home","link":"https:\/\/anoticiaonline.com.br\/site"},{"label":"Blog","link":"https:\/\/anoticiaonline.com.br\/site\/categoria\/muriae\/"},{"label":"Medalha Jos\u00e9 Alencar ser\u00e1 concedida a 30 homenageados nesta quarta-feira","link":"https:\/\/anoticiaonline.com.br\/site\/medalha-jose-alencar-sera-concedida-a-30-homenageados-nesta-quarta-feira\/"}],"views":187,"_links":{"self":[{"href":"https:\/\/anoticiaonline.com.br\/site\/wp-json\/wp\/v2\/posts\/56025","targetHints":{"allow":["GET"]}}],"collection":[{"href":"https:\/\/anoticiaonline.com.br\/site\/wp-json\/wp\/v2\/posts"}],"about":[{"href":"https:\/\/anoticiaonline.com.br\/site\/wp-json\/wp\/v2\/types\/post"}],"author":[{"embeddable":true,"href":"https:\/\/anoticiaonline.com.br\/site\/wp-json\/wp\/v2\/users\/2"}],"replies":[{"embeddable":true,"href":"https:\/\/anoticiaonline.com.br\/site\/wp-json\/wp\/v2\/comments?post=56025"}],"version-history":[{"count":0,"href":"https:\/\/anoticiaonline.com.br\/site\/wp-json\/wp\/v2\/posts\/56025\/revisions"}],"wp:featuredmedia":[{"embeddable":true,"href":"https:\/\/anoticiaonline.com.br\/site\/wp-json\/wp\/v2\/media\/56026"}],"wp:attachment":[{"href":"https:\/\/anoticiaonline.com.br\/site\/wp-json\/wp\/v2\/media?parent=56025"}],"wp:term":[{"taxonomy":"category","embeddable":true,"href":"https:\/\/anoticiaonline.com.br\/site\/wp-json\/wp\/v2\/categories?post=56025"},{"taxonomy":"post_tag","embeddable":true,"href":"https:\/\/anoticiaonline.com.br\/site\/wp-json\/wp\/v2\/tags?post=56025"}],"curies":[{"name":"wp","href":"https:\/\/api.w.org\/{rel}","templated":true}]}}