{"id":5591,"date":"2015-11-04T16:13:39","date_gmt":"2015-11-04T19:13:39","guid":{"rendered":"http:\/\/anoticiaonline.com.br\/site\/?p=5591"},"modified":"2015-11-04T16:25:52","modified_gmt":"2015-11-04T19:25:52","slug":"agua-e-esgoto-terao-reajuste-de-15","status":"publish","type":"post","link":"https:\/\/anoticiaonline.com.br\/site\/agua-e-esgoto-terao-reajuste-de-15\/","title":{"rendered":"\u00c1gua e esgoto ter\u00e3o reajuste de 15%"},"content":{"rendered":"<figure id=\"attachment_4730\" aria-describedby=\"caption-attachment-4730\" style=\"width: 290px\" class=\"wp-caption alignleft\"><a href=\"https:\/\/anoticiaonline.com.br\/site\/wp-content\/uploads\/2015\/10\/economia-de-\u00e1gua.jpg\"><img fetchpriority=\"high\" decoding=\"async\" class=\"size-medium wp-image-4730\" src=\"https:\/\/anoticiaonline.com.br\/site\/wp-content\/uploads\/2015\/10\/economia-de-\u00e1gua-300x225.jpg\" alt=\"Arquivo A NOT\u00cdCIA\" width=\"300\" height=\"225\" srcset=\"https:\/\/anoticiaonline.com.br\/site\/wp-content\/uploads\/2015\/10\/economia-de-\u00e1gua-300x225.jpg 300w, https:\/\/anoticiaonline.com.br\/site\/wp-content\/uploads\/2015\/10\/economia-de-\u00e1gua-1024x768.jpg 1024w, https:\/\/anoticiaonline.com.br\/site\/wp-content\/uploads\/2015\/10\/economia-de-\u00e1gua-900x675.jpg 900w, https:\/\/anoticiaonline.com.br\/site\/wp-content\/uploads\/2015\/10\/economia-de-\u00e1gua.jpg 640w\" sizes=\"(max-width: 300px) 100vw, 300px\" \/><\/a><figcaption id=\"caption-attachment-4730\" class=\"wp-caption-text\">Arquivo A NOT\u00cdCIA<\/figcaption><\/figure>\n<p>O Departamento Municipal de Saneamento Urbano (Demsur) comunica que haver\u00e1 a revis\u00e3o extraordin\u00e1ria de 15,04% nas tarifas de \u00e1gua e esgoto, tendo como base a Lei Federal N\u00ba 11.445 e a Lei Municipal N\u00ba 4.389. O reajuste entrar\u00e1 em vigor a partir de 1\u00ba de dezembro deste ano para as contas com vencimento em janeiro de 2016.\u00a0 A tarifa de esgoto permanecer\u00e1 em 55% do valor da tarifa de \u00e1gua e n\u00e3o ter\u00e1 altera\u00e7\u00e3o no valor unit\u00e1rio da coleta de lixo em todas as categorias.<\/p>\n<p>A medida foi tomada depois que o Demsur constatou a situa\u00e7\u00e3o atual de suas finan\u00e7as e a necessidade de se reequilibrar financeiramente. Um dos motivos foi o aumento na tarifa de energia el\u00e9trica, o que gerou a necessidade de aumento na conta. Segundo o diretor geral da autarquia, Rodrigo Guar\u00e7oni, o Demsur teve um aumento de 53% na energia el\u00e9trica, fazendo com que a autarquia pague, por m\u00eas, R$100 mil a mais. \u201cO Demsur \u00e9 uma das poucas empresas que presta os quatro servi\u00e7os ao mesmo tempo (\u00e1gua, esgoto, \u00e1gua pluvial e coleta de lixo). Fomos autorizados a fazer o reajuste de 15,04% a partir de dezembro de 2015 e afetar\u00e1 apenas as tarifas de \u00e1gua e esgoto\u201d, frisa o diretor geral.<\/p>\n<p>Outros comparativos de despesa e receita tamb\u00e9m foram analisados, como a eleva\u00e7\u00e3o dos pre\u00e7os de insumos (produtos qu\u00edmicos) usados no tratamento da \u00e1gua, que aumentaram em 35%. Tamb\u00e9m houve um aumento de 14% no combust\u00edvel. \u201cTudo isso elevou o custo do Demsur em R$ 150 mil por m\u00eas. E, atrelado a isso, tivemos uma queda na arrecada\u00e7\u00e3o de cerca de R$180 mil. Esses valores somados chegam a R$330 mil. Isso faz com que toda reserva financeira que tivemos para investir fosse abatida, o que leva o Demsur \u00e0 necessidade de se fazer esta revis\u00e3o em novembro\u201d, explica.<\/p>\n<figure id=\"attachment_5597\" aria-describedby=\"caption-attachment-5597\" style=\"width: 290px\" class=\"wp-caption alignleft\"><a href=\"https:\/\/anoticiaonline.com.br\/site\/wp-content\/uploads\/2015\/11\/demsur.jpg\"><img decoding=\"async\" class=\"size-medium wp-image-5597\" src=\"https:\/\/anoticiaonline.com.br\/site\/wp-content\/uploads\/2015\/11\/demsur-300x225.jpg\" alt=\"Rodrigo Guar\u00e7oni, diretor geral do Demsur\" width=\"300\" height=\"225\" srcset=\"https:\/\/anoticiaonline.com.br\/site\/wp-content\/uploads\/2015\/11\/demsur-300x225.jpg 300w, https:\/\/anoticiaonline.com.br\/site\/wp-content\/uploads\/2015\/11\/demsur.jpg 640w\" sizes=\"(max-width: 300px) 100vw, 300px\" \/><\/a><figcaption id=\"caption-attachment-5597\" class=\"wp-caption-text\">Rodrigo Guar\u00e7oni, diretor geral do Demsur<\/figcaption><\/figure>\n<p>Os estudos de comparativos foram apresentados em reuni\u00f5es do Conselho Municipal de Saneamento Urbano (COMSUR), assim como em consultas p\u00fablicas. Guar\u00e7oni relembrou a audi\u00eancia p\u00fablica realizada em agosto deste ano na C\u00e2mara de Vereadores, onde explicou, atrav\u00e9s de planilhas e comparativos com outras prestadoras de servi\u00e7o da regi\u00e3o, a necessidade de uma revis\u00e3o extraordin\u00e1ria nas tarifas cobradas, e disse que apresentou o levantamento justificando a necessidade do reajuste tamb\u00e9m ao Minist\u00e9rio P\u00fablico.<\/p>\n<p>\u201cCom esta revis\u00e3o, estamos buscando o reequil\u00edbrio financeiro da autarquia. Ela n\u00e3o vai possibilitar que o Demsur tenha grandes recursos reservados. Com esta revis\u00e3o vamos manter os investimentos, as obras e a presta\u00e7\u00e3o de servi\u00e7os. Esse reajuste n\u00e3o \u00e9 para que o Demsur fique com dinheiro, mas para que se mantenha. A autarquia n\u00e3o existe para ter lucro, mas para se manter e prestar servi\u00e7os\u201d, enfatiza Rodrigo Guar\u00e7oni.<\/p>\n<p>Quanto ao percentual de 15,04%, o diretor explicou que esse \u00e9 o valor m\u00ednimo encontrado dentro da planilha de c\u00e1lculos feito pelo perito judicial Celso Gomes \u2013 que faz parte de todo processo analisado pelo Minist\u00e9rio P\u00fablico \u2013 e autorizado a publicar esse reajuste. \u201cNa regi\u00e3o e no pa\u00eds, este \u00e9 o menor aumento dado em \u00edndice de tarifa de \u00e1gua e de esgoto\u201d, informou Guar\u00e7oni. Rodrigo tamb\u00e9m contou que provid\u00eancias internas foram tomadas para diminuir os gastos da autarquia, como cancelamento de alguns contratos de empresas terceirizadas, redu\u00e7\u00e3o de horas extras e redu\u00e7\u00e3o nas compras de materiais considerados sup\u00e9rfluos.<\/p>\n<p>O \u00faltimo reajuste na tarifa aconteceu em janeiro deste ano, com \u00edndice inflacion\u00e1rio de 6,15%.<\/p>\n<p><strong>REAJUSTE ANUAL &#8211;<\/strong> Questionado durante a entrevista coletiva \u00e0 imprensa realizada na manh\u00e3 desta quarta-feira (4), se, al\u00e9m dessa revis\u00e3o extraordin\u00e1ria de 15,04%, haveria no in\u00edcio de 2016 o reajuste anual, Guar\u00e7oni disse que \u201cse considerado o \u00edndice inflacion\u00e1rio, que \u00e9 de aproximadamente 10%, a revis\u00e3o extraordin\u00e1ria teria um reajuste real de apenas 5%.\u201d<\/p>\n<p>No entanto, n\u00e3o confirmou se haver\u00e1 no reajuste no in\u00edcio do ano que vem. O diretor geral apenas disse que \u201c\u00e9 previsto por lei e \u00e9 preciso que a autarquia comece o ano com essa revis\u00e3o de 15,04%\u201d.<\/p>\n","protected":false},"excerpt":{"rendered":"<p>O Departamento Municipal de Saneamento Urbano (Demsur) comunica que haver\u00e1 a revis\u00e3o extraordin\u00e1ria de 15,04% nas tarifas de \u00e1gua e esgoto, tendo como base a Lei Federal N\u00ba 11.445 e a Lei Municipal N\u00ba 4.389. O reajuste entrar\u00e1 em vigor a partir de 1\u00ba de dezembro deste ano para as contas com vencimento em janeiro &#8230; <a title=\"\u00c1gua e esgoto ter\u00e3o reajuste de 15%\" class=\"read-more\" href=\"https:\/\/anoticiaonline.com.br\/site\/agua-e-esgoto-terao-reajuste-de-15\/\" aria-label=\"Read more about \u00c1gua e esgoto ter\u00e3o reajuste de 15%\">Ler mais<\/a><\/p>\n","protected":false},"author":2,"featured_media":4730,"comment_status":"open","ping_status":"open","sticky":false,"template":"","format":"standard","meta":{"_acf_changed":false,"_monsterinsights_skip_tracking":false,"footnotes":""},"categories":[30],"tags":[3],"class_list":["post-5591","post","type-post","status-publish","format-standard","has-post-thumbnail","hentry","category-muriae","tag-slide"],"acf":[],"aioseo_notices":[],"aioseo_head":"\n\t\t<!-- All in One SEO 5.0.0.1 - aioseo.com -->\n\t<meta name=\"description\" content=\"O Departamento Municipal de Saneamento Urbano (Demsur) comunica que haver\u00e1 a revis\u00e3o extraordin\u00e1ria de 15,04% nas tarifas de \u00e1gua e esgoto, tendo como base a Lei Federal N\u00ba 11.445 e a Lei Municipal N\u00ba 4.389. O reajuste entrar\u00e1 em vigor a partir de 1\u00ba de dezembro deste ano para as contas com vencimento em janeiro\" \/>\n\t<meta name=\"robots\" content=\"max-image-preview:large\" \/>\n\t<meta name=\"author\" content=\"Juliana Laviola\"\/>\n\t<link rel=\"canonical\" href=\"https:\/\/anoticiaonline.com.br\/site\/agua-e-esgoto-terao-reajuste-de-15\/\" \/>\n\t<meta name=\"generator\" content=\"All in One SEO (AIOSEO) 5.0.0.1\" \/>\n\t\t<meta property=\"og:locale\" content=\"pt_BR\" \/>\n\t\t<meta property=\"og:site_name\" content=\"A Not\u00edcia Online - Noticias de Muria\u00e9 e regi\u00e3o\" \/>\n\t\t<meta property=\"og:type\" content=\"article\" \/>\n\t\t<meta property=\"og:title\" content=\"\u00c1gua e esgoto ter\u00e3o reajuste de 15% - A Not\u00edcia Online\" \/>\n\t\t<meta property=\"og:description\" content=\"O Departamento Municipal de Saneamento Urbano (Demsur) comunica que haver\u00e1 a revis\u00e3o extraordin\u00e1ria de 15,04% nas tarifas de \u00e1gua e esgoto, tendo como base a Lei Federal N\u00ba 11.445 e a Lei Municipal N\u00ba 4.389. O reajuste entrar\u00e1 em vigor a partir de 1\u00ba de dezembro deste ano para as contas com vencimento em janeiro\" \/>\n\t\t<meta property=\"og:url\" content=\"https:\/\/anoticiaonline.com.br\/site\/agua-e-esgoto-terao-reajuste-de-15\/\" \/>\n\t\t<meta property=\"og:image\" content=\"https:\/\/scontent-gig4-1.xx.fbcdn.net\/v\/t39.30808-1\/270437624_4564083193639691_6907940295614233970_n.jpg?stp=dst-jpg_s200x200_tt6&#038;_nc_cat=111&#038;ccb=1-7&#038;_nc_sid=f907e8&#038;_nc_ohc=SM1wRlP3lJwQ7kNvwEPuBYA&#038;_nc_oc=AdnqrjDN_BNjSSHWO-GbkIWH6fkGMLw4bqvL_NH6e2wMveX7G-rP2dAqsDSq1mJMOaY&#038;_nc_zt=24&#038;_nc_ht=scontent-gig4-1.xx&#038;_nc_gid=AoBFJeGrT1hVaew_6rchkQ&#038;oh=00_AfX7QmFGhQhG2jAllVgXCiM1ZrWgvtp80-Bfppyexh1QEg&#038;oe=689E923C\" \/>\n\t\t<meta property=\"og:image:secure_url\" content=\"https:\/\/scontent-gig4-1.xx.fbcdn.net\/v\/t39.30808-1\/270437624_4564083193639691_6907940295614233970_n.jpg?stp=dst-jpg_s200x200_tt6&#038;_nc_cat=111&#038;ccb=1-7&#038;_nc_sid=f907e8&#038;_nc_ohc=SM1wRlP3lJwQ7kNvwEPuBYA&#038;_nc_oc=AdnqrjDN_BNjSSHWO-GbkIWH6fkGMLw4bqvL_NH6e2wMveX7G-rP2dAqsDSq1mJMOaY&#038;_nc_zt=24&#038;_nc_ht=scontent-gig4-1.xx&#038;_nc_gid=AoBFJeGrT1hVaew_6rchkQ&#038;oh=00_AfX7QmFGhQhG2jAllVgXCiM1ZrWgvtp80-Bfppyexh1QEg&#038;oe=689E923C\" \/>\n\t\t<meta property=\"article:published_time\" content=\"2015-11-04T19:13:39+00:00\" \/>\n\t\t<meta property=\"article:modified_time\" content=\"2015-11-04T19:25:52+00:00\" \/>\n\t\t<meta name=\"twitter:card\" content=\"summary_large_image\" \/>\n\t\t<meta name=\"twitter:title\" content=\"\u00c1gua e esgoto ter\u00e3o reajuste de 15% - A Not\u00edcia Online\" \/>\n\t\t<meta name=\"twitter:description\" content=\"O Departamento Municipal de Saneamento Urbano (Demsur) comunica que haver\u00e1 a revis\u00e3o extraordin\u00e1ria de 15,04% nas tarifas de \u00e1gua e esgoto, tendo como base a Lei Federal N\u00ba 11.445 e a Lei Municipal N\u00ba 4.389. O reajuste entrar\u00e1 em vigor a partir de 1\u00ba de dezembro deste ano para as contas com vencimento em janeiro\" \/>\n\t\t<meta name=\"twitter:image\" content=\"https:\/\/scontent-gig4-1.xx.fbcdn.net\/v\/t39.30808-1\/270437624_4564083193639691_6907940295614233970_n.jpg?stp=dst-jpg_s200x200_tt6&amp;_nc_cat=111&amp;ccb=1-7&amp;_nc_sid=f907e8&amp;_nc_ohc=SM1wRlP3lJwQ7kNvwEPuBYA&amp;_nc_oc=AdnqrjDN_BNjSSHWO-GbkIWH6fkGMLw4bqvL_NH6e2wMveX7G-rP2dAqsDSq1mJMOaY&amp;_nc_zt=24&amp;_nc_ht=scontent-gig4-1.xx&amp;_nc_gid=AoBFJeGrT1hVaew_6rchkQ&amp;oh=00_AfX7QmFGhQhG2jAllVgXCiM1ZrWgvtp80-Bfppyexh1QEg&amp;oe=689E923C\" \/>\n\t\t<script type=\"application\/ld+json\" class=\"aioseo-schema\">\n\t\t\t{\"@context\":\"https:\\\/\\\/schema.org\",\"@graph\":[{\"@type\":\"BlogPosting\",\"@id\":\"https:\\\/\\\/anoticiaonline.com.br\\\/site\\\/agua-e-esgoto-terao-reajuste-de-15\\\/#blogposting\",\"name\":\"\\u00c1gua e esgoto ter\\u00e3o reajuste de 15% - A Not\\u00edcia Online\",\"headline\":\"\\u00c1gua e esgoto ter\\u00e3o reajuste de 15%\",\"author\":{\"@id\":\"https:\\\/\\\/anoticiaonline.com.br\\\/site\\\/author\\\/juliana\\\/#author\"},\"publisher\":{\"@id\":\"https:\\\/\\\/anoticiaonline.com.br\\\/site\\\/#organization\"},\"image\":{\"@type\":\"ImageObject\",\"url\":\"https:\\\/\\\/anoticiaonline.com.br\\\/site\\\/wp-content\\\/uploads\\\/2015\\\/10\\\/economia-de-\\u00e1gua.jpg\",\"width\":640,\"height\":480,\"caption\":\"Arquivo A NOT\\u00cdCIA\"},\"datePublished\":\"2015-11-04T16:13:39-03:00\",\"dateModified\":\"2015-11-04T16:25:52-03:00\",\"inLanguage\":\"pt-BR\",\"mainEntityOfPage\":{\"@id\":\"https:\\\/\\\/anoticiaonline.com.br\\\/site\\\/agua-e-esgoto-terao-reajuste-de-15\\\/#webpage\"},\"isPartOf\":{\"@id\":\"https:\\\/\\\/anoticiaonline.com.br\\\/site\\\/agua-e-esgoto-terao-reajuste-de-15\\\/#webpage\"},\"articleSection\":\"Blog, slide\"},{\"@type\":\"BreadcrumbList\",\"@id\":\"https:\\\/\\\/anoticiaonline.com.br\\\/site\\\/agua-e-esgoto-terao-reajuste-de-15\\\/#breadcrumblist\",\"itemListElement\":[{\"@type\":\"ListItem\",\"@id\":\"https:\\\/\\\/anoticiaonline.com.br\\\/site#listItem\",\"position\":1,\"name\":\"Home\",\"item\":\"https:\\\/\\\/anoticiaonline.com.br\\\/site\",\"nextItem\":{\"@type\":\"ListItem\",\"@id\":\"https:\\\/\\\/anoticiaonline.com.br\\\/site\\\/categoria\\\/muriae\\\/#listItem\",\"name\":\"Blog\"}},{\"@type\":\"ListItem\",\"@id\":\"https:\\\/\\\/anoticiaonline.com.br\\\/site\\\/categoria\\\/muriae\\\/#listItem\",\"position\":2,\"name\":\"Blog\",\"item\":\"https:\\\/\\\/anoticiaonline.com.br\\\/site\\\/categoria\\\/muriae\\\/\",\"nextItem\":{\"@type\":\"ListItem\",\"@id\":\"https:\\\/\\\/anoticiaonline.com.br\\\/site\\\/agua-e-esgoto-terao-reajuste-de-15\\\/#listItem\",\"name\":\"\\u00c1gua e esgoto ter\\u00e3o reajuste de 15%\"},\"previousItem\":{\"@type\":\"ListItem\",\"@id\":\"https:\\\/\\\/anoticiaonline.com.br\\\/site#listItem\",\"name\":\"Home\"}},{\"@type\":\"ListItem\",\"@id\":\"https:\\\/\\\/anoticiaonline.com.br\\\/site\\\/agua-e-esgoto-terao-reajuste-de-15\\\/#listItem\",\"position\":3,\"name\":\"\\u00c1gua e esgoto ter\\u00e3o reajuste de 15%\",\"previousItem\":{\"@type\":\"ListItem\",\"@id\":\"https:\\\/\\\/anoticiaonline.com.br\\\/site\\\/categoria\\\/muriae\\\/#listItem\",\"name\":\"Blog\"}}]},{\"@type\":\"Organization\",\"@id\":\"https:\\\/\\\/anoticiaonline.com.br\\\/site\\\/#organization\",\"name\":\"A Not\\u00edcia Online\",\"description\":\"Noticias de Muria\\u00e9 e regi\\u00e3o\",\"url\":\"https:\\\/\\\/anoticiaonline.com.br\\\/site\\\/\",\"logo\":{\"@type\":\"ImageObject\",\"url\":\"https:\\\/\\\/scontent-gig4-1.xx.fbcdn.net\\\/v\\\/t39.30808-1\\\/270437624_4564083193639691_6907940295614233970_n.jpg?stp=dst-jpg_s200x200_tt6&_nc_cat=111&ccb=1-7&_nc_sid=f907e8&_nc_ohc=SM1wRlP3lJwQ7kNvwEPuBYA&_nc_oc=AdnqrjDN_BNjSSHWO-GbkIWH6fkGMLw4bqvL_NH6e2wMveX7G-rP2dAqsDSq1mJMOaY&_nc_zt=24&_nc_ht=scontent-gig4-1.xx&_nc_gid=AoBFJeGrT1hVaew_6rchkQ&oh=00_AfX7QmFGhQhG2jAllVgXCiM1ZrWgvtp80-Bfppyexh1QEg&oe=689E923C\",\"@id\":\"https:\\\/\\\/anoticiaonline.com.br\\\/site\\\/agua-e-esgoto-terao-reajuste-de-15\\\/#organizationLogo\"},\"image\":{\"@id\":\"https:\\\/\\\/anoticiaonline.com.br\\\/site\\\/agua-e-esgoto-terao-reajuste-de-15\\\/#organizationLogo\"}},{\"@type\":\"Person\",\"@id\":\"https:\\\/\\\/anoticiaonline.com.br\\\/site\\\/author\\\/juliana\\\/#author\",\"url\":\"https:\\\/\\\/anoticiaonline.com.br\\\/site\\\/author\\\/juliana\\\/\",\"name\":\"Juliana Laviola\",\"image\":{\"@type\":\"ImageObject\",\"@id\":\"https:\\\/\\\/anoticiaonline.com.br\\\/site\\\/agua-e-esgoto-terao-reajuste-de-15\\\/#authorImage\",\"url\":\"https:\\\/\\\/secure.gravatar.com\\\/avatar\\\/b8d45f5c699b100dfaf0e543582f38f38bf94cb7ae3a5e9abf8d891a34773335?s=96&d=mm&r=g\",\"width\":96,\"height\":96,\"caption\":\"Juliana Laviola\"}},{\"@type\":\"WebPage\",\"@id\":\"https:\\\/\\\/anoticiaonline.com.br\\\/site\\\/agua-e-esgoto-terao-reajuste-de-15\\\/#webpage\",\"url\":\"https:\\\/\\\/anoticiaonline.com.br\\\/site\\\/agua-e-esgoto-terao-reajuste-de-15\\\/\",\"name\":\"\\u00c1gua e esgoto ter\\u00e3o reajuste de 15% - A Not\\u00edcia Online\",\"description\":\"O Departamento Municipal de Saneamento Urbano (Demsur) comunica que haver\\u00e1 a revis\\u00e3o extraordin\\u00e1ria de 15,04% nas tarifas de \\u00e1gua e esgoto, tendo como base a Lei Federal N\\u00ba 11.445 e a Lei Municipal N\\u00ba 4.389. O reajuste entrar\\u00e1 em vigor a partir de 1\\u00ba de dezembro deste ano para as contas com vencimento em janeiro\",\"inLanguage\":\"pt-BR\",\"isPartOf\":{\"@id\":\"https:\\\/\\\/anoticiaonline.com.br\\\/site\\\/#website\"},\"breadcrumb\":{\"@id\":\"https:\\\/\\\/anoticiaonline.com.br\\\/site\\\/agua-e-esgoto-terao-reajuste-de-15\\\/#breadcrumblist\"},\"author\":{\"@id\":\"https:\\\/\\\/anoticiaonline.com.br\\\/site\\\/author\\\/juliana\\\/#author\"},\"creator\":{\"@id\":\"https:\\\/\\\/anoticiaonline.com.br\\\/site\\\/author\\\/juliana\\\/#author\"},\"image\":{\"@type\":\"ImageObject\",\"url\":\"https:\\\/\\\/anoticiaonline.com.br\\\/site\\\/wp-content\\\/uploads\\\/2015\\\/10\\\/economia-de-\\u00e1gua.jpg\",\"@id\":\"https:\\\/\\\/anoticiaonline.com.br\\\/site\\\/agua-e-esgoto-terao-reajuste-de-15\\\/#mainImage\",\"width\":640,\"height\":480,\"caption\":\"Arquivo A NOT\\u00cdCIA\"},\"primaryImageOfPage\":{\"@id\":\"https:\\\/\\\/anoticiaonline.com.br\\\/site\\\/agua-e-esgoto-terao-reajuste-de-15\\\/#mainImage\"},\"datePublished\":\"2015-11-04T16:13:39-03:00\",\"dateModified\":\"2015-11-04T16:25:52-03:00\"},{\"@type\":\"WebSite\",\"@id\":\"https:\\\/\\\/anoticiaonline.com.br\\\/site\\\/#website\",\"url\":\"https:\\\/\\\/anoticiaonline.com.br\\\/site\\\/\",\"name\":\"A Not\\u00edcia Online\",\"description\":\"Noticias de Muria\\u00e9 e regi\\u00e3o\",\"inLanguage\":\"pt-BR\",\"publisher\":{\"@id\":\"https:\\\/\\\/anoticiaonline.com.br\\\/site\\\/#organization\"}}]}\n\t\t<\/script>\n\t\t<!-- All in One SEO -->\n\n","aioseo_head_json":{"title":"\u00c1gua e esgoto ter\u00e3o reajuste de 15% - A Not\u00edcia Online","description":"O Departamento Municipal de Saneamento Urbano (Demsur) comunica que haver\u00e1 a revis\u00e3o extraordin\u00e1ria de 15,04% nas tarifas de \u00e1gua e esgoto, tendo como base a Lei Federal N\u00ba 11.445 e a Lei Municipal N\u00ba 4.389. O reajuste entrar\u00e1 em vigor a partir de 1\u00ba de dezembro deste ano para as contas com vencimento em janeiro","canonical_url":"https:\/\/anoticiaonline.com.br\/site\/agua-e-esgoto-terao-reajuste-de-15\/","robots":"max-image-preview:large","keywords":"","webmasterTools":{"miscellaneous":""},"schema":{"@context":"https:\/\/schema.org","@graph":[{"@type":"BlogPosting","@id":"https:\/\/anoticiaonline.com.br\/site\/agua-e-esgoto-terao-reajuste-de-15\/#blogposting","name":"\u00c1gua e esgoto ter\u00e3o reajuste de 15% - A Not\u00edcia Online","headline":"\u00c1gua e esgoto ter\u00e3o reajuste de 15%","author":{"@id":"https:\/\/anoticiaonline.com.br\/site\/author\/juliana\/#author"},"publisher":{"@id":"https:\/\/anoticiaonline.com.br\/site\/#organization"},"image":{"@type":"ImageObject","url":"https:\/\/anoticiaonline.com.br\/site\/wp-content\/uploads\/2015\/10\/economia-de-\u00e1gua.jpg","width":640,"height":480,"caption":"Arquivo A NOT\u00cdCIA"},"datePublished":"2015-11-04T16:13:39-03:00","dateModified":"2015-11-04T16:25:52-03:00","inLanguage":"pt-BR","mainEntityOfPage":{"@id":"https:\/\/anoticiaonline.com.br\/site\/agua-e-esgoto-terao-reajuste-de-15\/#webpage"},"isPartOf":{"@id":"https:\/\/anoticiaonline.com.br\/site\/agua-e-esgoto-terao-reajuste-de-15\/#webpage"},"articleSection":"Blog, slide"},{"@type":"BreadcrumbList","@id":"https:\/\/anoticiaonline.com.br\/site\/agua-e-esgoto-terao-reajuste-de-15\/#breadcrumblist","itemListElement":[{"@type":"ListItem","@id":"https:\/\/anoticiaonline.com.br\/site#listItem","position":1,"name":"Home","item":"https:\/\/anoticiaonline.com.br\/site","nextItem":{"@type":"ListItem","@id":"https:\/\/anoticiaonline.com.br\/site\/categoria\/muriae\/#listItem","name":"Blog"}},{"@type":"ListItem","@id":"https:\/\/anoticiaonline.com.br\/site\/categoria\/muriae\/#listItem","position":2,"name":"Blog","item":"https:\/\/anoticiaonline.com.br\/site\/categoria\/muriae\/","nextItem":{"@type":"ListItem","@id":"https:\/\/anoticiaonline.com.br\/site\/agua-e-esgoto-terao-reajuste-de-15\/#listItem","name":"\u00c1gua e esgoto ter\u00e3o reajuste de 15%"},"previousItem":{"@type":"ListItem","@id":"https:\/\/anoticiaonline.com.br\/site#listItem","name":"Home"}},{"@type":"ListItem","@id":"https:\/\/anoticiaonline.com.br\/site\/agua-e-esgoto-terao-reajuste-de-15\/#listItem","position":3,"name":"\u00c1gua e esgoto ter\u00e3o reajuste de 15%","previousItem":{"@type":"ListItem","@id":"https:\/\/anoticiaonline.com.br\/site\/categoria\/muriae\/#listItem","name":"Blog"}}]},{"@type":"Organization","@id":"https:\/\/anoticiaonline.com.br\/site\/#organization","name":"A Not\u00edcia Online","description":"Noticias de Muria\u00e9 e regi\u00e3o","url":"https:\/\/anoticiaonline.com.br\/site\/","logo":{"@type":"ImageObject","url":"https:\/\/scontent-gig4-1.xx.fbcdn.net\/v\/t39.30808-1\/270437624_4564083193639691_6907940295614233970_n.jpg?stp=dst-jpg_s200x200_tt6&_nc_cat=111&ccb=1-7&_nc_sid=f907e8&_nc_ohc=SM1wRlP3lJwQ7kNvwEPuBYA&_nc_oc=AdnqrjDN_BNjSSHWO-GbkIWH6fkGMLw4bqvL_NH6e2wMveX7G-rP2dAqsDSq1mJMOaY&_nc_zt=24&_nc_ht=scontent-gig4-1.xx&_nc_gid=AoBFJeGrT1hVaew_6rchkQ&oh=00_AfX7QmFGhQhG2jAllVgXCiM1ZrWgvtp80-Bfppyexh1QEg&oe=689E923C","@id":"https:\/\/anoticiaonline.com.br\/site\/agua-e-esgoto-terao-reajuste-de-15\/#organizationLogo"},"image":{"@id":"https:\/\/anoticiaonline.com.br\/site\/agua-e-esgoto-terao-reajuste-de-15\/#organizationLogo"}},{"@type":"Person","@id":"https:\/\/anoticiaonline.com.br\/site\/author\/juliana\/#author","url":"https:\/\/anoticiaonline.com.br\/site\/author\/juliana\/","name":"Juliana Laviola","image":{"@type":"ImageObject","@id":"https:\/\/anoticiaonline.com.br\/site\/agua-e-esgoto-terao-reajuste-de-15\/#authorImage","url":"https:\/\/secure.gravatar.com\/avatar\/b8d45f5c699b100dfaf0e543582f38f38bf94cb7ae3a5e9abf8d891a34773335?s=96&d=mm&r=g","width":96,"height":96,"caption":"Juliana Laviola"}},{"@type":"WebPage","@id":"https:\/\/anoticiaonline.com.br\/site\/agua-e-esgoto-terao-reajuste-de-15\/#webpage","url":"https:\/\/anoticiaonline.com.br\/site\/agua-e-esgoto-terao-reajuste-de-15\/","name":"\u00c1gua e esgoto ter\u00e3o reajuste de 15% - A Not\u00edcia Online","description":"O Departamento Municipal de Saneamento Urbano (Demsur) comunica que haver\u00e1 a revis\u00e3o extraordin\u00e1ria de 15,04% nas tarifas de \u00e1gua e esgoto, tendo como base a Lei Federal N\u00ba 11.445 e a Lei Municipal N\u00ba 4.389. O reajuste entrar\u00e1 em vigor a partir de 1\u00ba de dezembro deste ano para as contas com vencimento em janeiro","inLanguage":"pt-BR","isPartOf":{"@id":"https:\/\/anoticiaonline.com.br\/site\/#website"},"breadcrumb":{"@id":"https:\/\/anoticiaonline.com.br\/site\/agua-e-esgoto-terao-reajuste-de-15\/#breadcrumblist"},"author":{"@id":"https:\/\/anoticiaonline.com.br\/site\/author\/juliana\/#author"},"creator":{"@id":"https:\/\/anoticiaonline.com.br\/site\/author\/juliana\/#author"},"image":{"@type":"ImageObject","url":"https:\/\/anoticiaonline.com.br\/site\/wp-content\/uploads\/2015\/10\/economia-de-\u00e1gua.jpg","@id":"https:\/\/anoticiaonline.com.br\/site\/agua-e-esgoto-terao-reajuste-de-15\/#mainImage","width":640,"height":480,"caption":"Arquivo A NOT\u00cdCIA"},"primaryImageOfPage":{"@id":"https:\/\/anoticiaonline.com.br\/site\/agua-e-esgoto-terao-reajuste-de-15\/#mainImage"},"datePublished":"2015-11-04T16:13:39-03:00","dateModified":"2015-11-04T16:25:52-03:00"},{"@type":"WebSite","@id":"https:\/\/anoticiaonline.com.br\/site\/#website","url":"https:\/\/anoticiaonline.com.br\/site\/","name":"A Not\u00edcia Online","description":"Noticias de Muria\u00e9 e regi\u00e3o","inLanguage":"pt-BR","publisher":{"@id":"https:\/\/anoticiaonline.com.br\/site\/#organization"}}]},"og:locale":"pt_BR","og:site_name":"A Not\u00edcia Online - Noticias de Muria\u00e9 e regi\u00e3o","og:type":"article","og:title":"\u00c1gua e esgoto ter\u00e3o reajuste de 15% - A Not\u00edcia Online","og:description":"O Departamento Municipal de Saneamento Urbano (Demsur) comunica que haver\u00e1 a revis\u00e3o extraordin\u00e1ria de 15,04% nas tarifas de \u00e1gua e esgoto, tendo como base a Lei Federal N\u00ba 11.445 e a Lei Municipal N\u00ba 4.389. O reajuste entrar\u00e1 em vigor a partir de 1\u00ba de dezembro deste ano para as contas com vencimento em janeiro","og:url":"https:\/\/anoticiaonline.com.br\/site\/agua-e-esgoto-terao-reajuste-de-15\/","og:image":"https:\/\/scontent-gig4-1.xx.fbcdn.net\/v\/t39.30808-1\/270437624_4564083193639691_6907940295614233970_n.jpg?stp=dst-jpg_s200x200_tt6&#038;_nc_cat=111&#038;ccb=1-7&#038;_nc_sid=f907e8&#038;_nc_ohc=SM1wRlP3lJwQ7kNvwEPuBYA&#038;_nc_oc=AdnqrjDN_BNjSSHWO-GbkIWH6fkGMLw4bqvL_NH6e2wMveX7G-rP2dAqsDSq1mJMOaY&#038;_nc_zt=24&#038;_nc_ht=scontent-gig4-1.xx&#038;_nc_gid=AoBFJeGrT1hVaew_6rchkQ&#038;oh=00_AfX7QmFGhQhG2jAllVgXCiM1ZrWgvtp80-Bfppyexh1QEg&#038;oe=689E923C","og:image:secure_url":"https:\/\/scontent-gig4-1.xx.fbcdn.net\/v\/t39.30808-1\/270437624_4564083193639691_6907940295614233970_n.jpg?stp=dst-jpg_s200x200_tt6&#038;_nc_cat=111&#038;ccb=1-7&#038;_nc_sid=f907e8&#038;_nc_ohc=SM1wRlP3lJwQ7kNvwEPuBYA&#038;_nc_oc=AdnqrjDN_BNjSSHWO-GbkIWH6fkGMLw4bqvL_NH6e2wMveX7G-rP2dAqsDSq1mJMOaY&#038;_nc_zt=24&#038;_nc_ht=scontent-gig4-1.xx&#038;_nc_gid=AoBFJeGrT1hVaew_6rchkQ&#038;oh=00_AfX7QmFGhQhG2jAllVgXCiM1ZrWgvtp80-Bfppyexh1QEg&#038;oe=689E923C","article:published_time":"2015-11-04T19:13:39+00:00","article:modified_time":"2015-11-04T19:25:52+00:00","twitter:card":"summary_large_image","twitter:title":"\u00c1gua e esgoto ter\u00e3o reajuste de 15% - A Not\u00edcia Online","twitter:description":"O Departamento Municipal de Saneamento Urbano (Demsur) comunica que haver\u00e1 a revis\u00e3o extraordin\u00e1ria de 15,04% nas tarifas de \u00e1gua e esgoto, tendo como base a Lei Federal N\u00ba 11.445 e a Lei Municipal N\u00ba 4.389. O reajuste entrar\u00e1 em vigor a partir de 1\u00ba de dezembro deste ano para as contas com vencimento em janeiro","twitter:image":"https:\/\/scontent-gig4-1.xx.fbcdn.net\/v\/t39.30808-1\/270437624_4564083193639691_6907940295614233970_n.jpg?stp=dst-jpg_s200x200_tt6&_nc_cat=111&ccb=1-7&_nc_sid=f907e8&_nc_ohc=SM1wRlP3lJwQ7kNvwEPuBYA&_nc_oc=AdnqrjDN_BNjSSHWO-GbkIWH6fkGMLw4bqvL_NH6e2wMveX7G-rP2dAqsDSq1mJMOaY&_nc_zt=24&_nc_ht=scontent-gig4-1.xx&_nc_gid=AoBFJeGrT1hVaew_6rchkQ&oh=00_AfX7QmFGhQhG2jAllVgXCiM1ZrWgvtp80-Bfppyexh1QEg&oe=689E923C"},"aioseo_meta_data":{"post_id":"5591","title":null,"description":null,"keywords":null,"keyphrases":null,"primary_term":null,"canonical_url":null,"og_title":null,"og_description":null,"og_object_type":"default","og_image_type":"default","og_image_url":null,"og_image_width":null,"og_image_height":null,"og_image_custom_url":null,"og_image_custom_fields":null,"og_video":null,"og_custom_url":null,"og_article_section":null,"og_article_tags":null,"twitter_use_og":false,"twitter_card":"default","twitter_image_type":"default","twitter_image_url":null,"twitter_image_custom_url":null,"twitter_image_custom_fields":null,"twitter_title":null,"twitter_description":null,"schema":{"blockGraphs":[],"customGraphs":[],"default":{"data":{"Article":[],"Course":[],"Dataset":[],"FAQPage":[],"Movie":[],"Person":[],"Product":[],"ProductReview":[],"Car":[],"Recipe":[],"Service":[],"SoftwareApplication":[],"WebPage":[]},"graphName":"","isEnabled":true},"graphs":[]},"schema_type":"default","schema_type_options":null,"pillar_content":false,"robots_default":true,"robots_noindex":false,"robots_noarchive":false,"robots_nosnippet":false,"robots_nofollow":false,"robots_noimageindex":false,"robots_noodp":false,"robots_notranslate":false,"robots_max_snippet":null,"robots_max_videopreview":null,"robots_max_imagepreview":"large","priority":null,"frequency":null,"local_seo":null,"breadcrumb_settings":null,"limit_modified_date":false,"ai":null,"created":"2025-08-16 13:48:50","updated":"2025-08-16 13:48:50","focus_keyword":null,"additional_keywords":null,"truseo_locale":null,"seo_analyzer_scan_date":null},"aioseo_breadcrumb":"<div class=\"aioseo-breadcrumbs\"><span class=\"aioseo-breadcrumb\">\n\t\t\t<a href=\"https:\/\/anoticiaonline.com.br\/site\" title=\"Home\">Home<\/a>\n\t\t<\/span><span class=\"aioseo-breadcrumb-separator\">&raquo;<\/span><span class=\"aioseo-breadcrumb\">\n\t\t\t<a href=\"https:\/\/anoticiaonline.com.br\/site\/categoria\/muriae\/\" title=\"Blog\">Blog<\/a>\n\t\t<\/span><span class=\"aioseo-breadcrumb-separator\">&raquo;<\/span><span class=\"aioseo-breadcrumb\">\n\t\t\t\u00c1gua e esgoto ter\u00e3o reajuste de 15%\n\t\t<\/span><\/div>","aioseo_breadcrumb_json":[{"label":"Home","link":"https:\/\/anoticiaonline.com.br\/site"},{"label":"Blog","link":"https:\/\/anoticiaonline.com.br\/site\/categoria\/muriae\/"},{"label":"\u00c1gua e esgoto ter\u00e3o reajuste de 15%","link":"https:\/\/anoticiaonline.com.br\/site\/agua-e-esgoto-terao-reajuste-de-15\/"}],"views":144,"_links":{"self":[{"href":"https:\/\/anoticiaonline.com.br\/site\/wp-json\/wp\/v2\/posts\/5591","targetHints":{"allow":["GET"]}}],"collection":[{"href":"https:\/\/anoticiaonline.com.br\/site\/wp-json\/wp\/v2\/posts"}],"about":[{"href":"https:\/\/anoticiaonline.com.br\/site\/wp-json\/wp\/v2\/types\/post"}],"author":[{"embeddable":true,"href":"https:\/\/anoticiaonline.com.br\/site\/wp-json\/wp\/v2\/users\/2"}],"replies":[{"embeddable":true,"href":"https:\/\/anoticiaonline.com.br\/site\/wp-json\/wp\/v2\/comments?post=5591"}],"version-history":[{"count":0,"href":"https:\/\/anoticiaonline.com.br\/site\/wp-json\/wp\/v2\/posts\/5591\/revisions"}],"wp:featuredmedia":[{"embeddable":true,"href":"https:\/\/anoticiaonline.com.br\/site\/wp-json\/wp\/v2\/media\/4730"}],"wp:attachment":[{"href":"https:\/\/anoticiaonline.com.br\/site\/wp-json\/wp\/v2\/media?parent=5591"}],"wp:term":[{"taxonomy":"category","embeddable":true,"href":"https:\/\/anoticiaonline.com.br\/site\/wp-json\/wp\/v2\/categories?post=5591"},{"taxonomy":"post_tag","embeddable":true,"href":"https:\/\/anoticiaonline.com.br\/site\/wp-json\/wp\/v2\/tags?post=5591"}],"curies":[{"name":"wp","href":"https:\/\/api.w.org\/{rel}","templated":true}]}}