{"id":55882,"date":"2018-05-11T13:04:58","date_gmt":"2018-05-11T16:04:58","guid":{"rendered":"http:\/\/anoticiaonline.com.br\/site\/?p=55882"},"modified":"2018-05-11T13:04:58","modified_gmt":"2018-05-11T16:04:58","slug":"tradicao-e-qualidade-hortibarra-comemora-20-anos-de-historia","status":"publish","type":"post","link":"https:\/\/anoticiaonline.com.br\/site\/tradicao-e-qualidade-hortibarra-comemora-20-anos-de-historia\/","title":{"rendered":"Tradi\u00e7\u00e3o e qualidade: Hortibarra comemora 20 anos de hist\u00f3ria"},"content":{"rendered":"<p><a href=\"https:\/\/anoticiaonline.com.br\/site\/wp-content\/uploads\/2018\/05\/DSC_0216-1.jpg\"><img fetchpriority=\"high\" decoding=\"async\" class=\"aligncenter size-full wp-image-55938\" src=\"https:\/\/anoticiaonline.com.br\/site\/wp-content\/uploads\/2018\/05\/DSC_0216-1.jpg\" alt=\"\" width=\"640\" height=\"424\" srcset=\"https:\/\/anoticiaonline.com.br\/site\/wp-content\/uploads\/2018\/05\/DSC_0216-1.jpg 640w, https:\/\/anoticiaonline.com.br\/site\/wp-content\/uploads\/2018\/05\/DSC_0216-1-300x199.jpg 300w\" sizes=\"(max-width: 640px) 100vw, 640px\" \/><\/a> <a href=\"https:\/\/anoticiaonline.com.br\/site\/wp-content\/uploads\/2018\/05\/DSC_0615.jpg\"><img decoding=\"async\" class=\"aligncenter size-full wp-image-55939\" src=\"https:\/\/anoticiaonline.com.br\/site\/wp-content\/uploads\/2018\/05\/DSC_0615.jpg\" alt=\"\" width=\"640\" height=\"427\" srcset=\"https:\/\/anoticiaonline.com.br\/site\/wp-content\/uploads\/2018\/05\/DSC_0615.jpg 640w, https:\/\/anoticiaonline.com.br\/site\/wp-content\/uploads\/2018\/05\/DSC_0615-300x200.jpg 300w\" sizes=\"(max-width: 640px) 100vw, 640px\" \/><\/a> <a href=\"https:\/\/anoticiaonline.com.br\/site\/wp-content\/uploads\/2018\/05\/DSC_0616.jpg\"><img decoding=\"async\" class=\"aligncenter size-full wp-image-55940\" src=\"https:\/\/anoticiaonline.com.br\/site\/wp-content\/uploads\/2018\/05\/DSC_0616.jpg\" alt=\"\" width=\"640\" height=\"427\" srcset=\"https:\/\/anoticiaonline.com.br\/site\/wp-content\/uploads\/2018\/05\/DSC_0616.jpg 640w, https:\/\/anoticiaonline.com.br\/site\/wp-content\/uploads\/2018\/05\/DSC_0616-300x200.jpg 300w\" sizes=\"(max-width: 640px) 100vw, 640px\" \/><\/a><a href=\"https:\/\/anoticiaonline.com.br\/site\/wp-content\/uploads\/2018\/05\/DSC_0696.jpg\"><img loading=\"lazy\" decoding=\"async\" class=\"aligncenter size-full wp-image-55942\" src=\"https:\/\/anoticiaonline.com.br\/site\/wp-content\/uploads\/2018\/05\/DSC_0696.jpg\" alt=\"\" width=\"640\" height=\"427\" srcset=\"https:\/\/anoticiaonline.com.br\/site\/wp-content\/uploads\/2018\/05\/DSC_0696.jpg 640w, https:\/\/anoticiaonline.com.br\/site\/wp-content\/uploads\/2018\/05\/DSC_0696-300x200.jpg 300w\" sizes=\"(max-width: 640px) 100vw, 640px\" \/><\/a><a href=\"https:\/\/anoticiaonline.com.br\/site\/wp-content\/uploads\/2018\/05\/DSC_0844-1.jpg\"><img loading=\"lazy\" decoding=\"async\" class=\"aligncenter size-full wp-image-55944\" src=\"https:\/\/anoticiaonline.com.br\/site\/wp-content\/uploads\/2018\/05\/DSC_0844-1.jpg\" alt=\"\" width=\"640\" height=\"427\" srcset=\"https:\/\/anoticiaonline.com.br\/site\/wp-content\/uploads\/2018\/05\/DSC_0844-1.jpg 640w, https:\/\/anoticiaonline.com.br\/site\/wp-content\/uploads\/2018\/05\/DSC_0844-1-300x200.jpg 300w\" sizes=\"(max-width: 640px) 100vw, 640px\" \/><\/a>Com 20 anos de hist\u00f3ria, a equipe do Hortibarra possui motivos de sobra para comemorar. No \u00faltimo s\u00e1bado (5), os colaboradores vestiram, literalmente, a camisa para festejar mais um anivers\u00e1rio na companhia de clientes e amigos.<\/p>\n<p>De acordo com o empres\u00e1rio Carlos Roberto de Oliveira, o \u201cBeto\u201d o Hortibarra foi criado pelo seu pai, Tet\u00e9, que foi feirante h\u00e1 60 anos. \u201cH\u00e1 40 anos, juntamente com meus irm\u00e3os, Geraldo Mangela e Amarildo, come\u00e7amos a trabalhar na \u00e1rea e, hoje, estamos comemorando 20 anos da loja, que \u00e9 uma grande refer\u00eancia na cidade\u201d, conta.<\/p>\n<p>A empresa familiar tamb\u00e9m conta com um Centro de Distribui\u00e7\u00e3o com sede pr\u00f3pria no Bairro Santana.<\/p>\n<p>\u201cBuscamos manter a qualidade dos nossos servi\u00e7os, melhorando, a cada dia, nossa infraestrutura e armazenamento dos nossos produtos para atender Muria\u00e9 e regi\u00e3o, al\u00e9m de outras duas cidades do estado do Rio de Janeiro. Armazenamos legumes, frutas e verduras em recipientes adequados e em uma temperatura ideal. Buscamos frutas especiais e importadas na Central de Abastecimento (CEASA) de Belo Horizonte e legumes da CEASA de Caratinga, al\u00e9m da produ\u00e7\u00e3o pr\u00f3pria de 15 itens e um mix variado de suprimentos para o lar. Aproveitamos a oportunidade para agradecer a prefer\u00eancia de todos os clientes e amigos e, tamb\u00e9m aos nossos colaboradores, que fazem parte da fam\u00edlia \u2018Filhos do Tet\u00e9\u2019\u201d, diz.<\/p>\n<p>Lucil\u00e9ia Loures da Rocha, cliente de longa data, disse sempre encontrar produtos de \u00f3tima qualidade. \u201cSinto-me orgulhosa em fazer parte desta hist\u00f3ria. Al\u00e9m da qualidade das frutas, legumes e verduras, o Hortibarra possui um excelente atendimento e \u00f3timos pre\u00e7os. Desejo mais 20 anos de muito sucesso\u201d, conta.<\/p>\n<p>O Hortibarra est\u00e1 localizado na Rua Monteiro de Castro, n\u00famero 354. Telefone para contato: (32) 3722-4860.<\/p>\n<p><a href=\"https:\/\/anoticiaonline.com.br\/site\/wp-content\/uploads\/2018\/05\/DSC_0670.jpg\"><img loading=\"lazy\" decoding=\"async\" class=\"aligncenter size-full wp-image-55941\" src=\"https:\/\/anoticiaonline.com.br\/site\/wp-content\/uploads\/2018\/05\/DSC_0670.jpg\" alt=\"\" width=\"640\" height=\"427\" srcset=\"https:\/\/anoticiaonline.com.br\/site\/wp-content\/uploads\/2018\/05\/DSC_0670.jpg 640w, https:\/\/anoticiaonline.com.br\/site\/wp-content\/uploads\/2018\/05\/DSC_0670-300x200.jpg 300w\" sizes=\"(max-width: 640px) 100vw, 640px\" \/><\/a><\/p>\n<p><a href=\"https:\/\/anoticiaonline.com.br\/site\/wp-content\/uploads\/2018\/05\/DSC_0880.jpg\"><img loading=\"lazy\" decoding=\"async\" class=\"aligncenter size-full wp-image-55945\" src=\"https:\/\/anoticiaonline.com.br\/site\/wp-content\/uploads\/2018\/05\/DSC_0880.jpg\" alt=\"\" width=\"640\" height=\"427\" srcset=\"https:\/\/anoticiaonline.com.br\/site\/wp-content\/uploads\/2018\/05\/DSC_0880.jpg 640w, https:\/\/anoticiaonline.com.br\/site\/wp-content\/uploads\/2018\/05\/DSC_0880-300x200.jpg 300w\" sizes=\"(max-width: 640px) 100vw, 640px\" \/><\/a><\/p>\n<p><a href=\"https:\/\/anoticiaonline.com.br\/site\/wp-content\/uploads\/2018\/05\/DSC_0699.jpg\"><img loading=\"lazy\" decoding=\"async\" class=\"aligncenter size-full wp-image-55943\" src=\"https:\/\/anoticiaonline.com.br\/site\/wp-content\/uploads\/2018\/05\/DSC_0699.jpg\" alt=\"\" width=\"640\" height=\"427\" srcset=\"https:\/\/anoticiaonline.com.br\/site\/wp-content\/uploads\/2018\/05\/DSC_0699.jpg 640w, https:\/\/anoticiaonline.com.br\/site\/wp-content\/uploads\/2018\/05\/DSC_0699-300x200.jpg 300w\" sizes=\"(max-width: 640px) 100vw, 640px\" \/><\/a><a href=\"https:\/\/anoticiaonline.com.br\/site\/wp-content\/uploads\/2018\/05\/DSC_0886.jpg\"><img loading=\"lazy\" decoding=\"async\" class=\"aligncenter size-full wp-image-55946\" src=\"https:\/\/anoticiaonline.com.br\/site\/wp-content\/uploads\/2018\/05\/DSC_0886.jpg\" alt=\"\" width=\"640\" height=\"427\" srcset=\"https:\/\/anoticiaonline.com.br\/site\/wp-content\/uploads\/2018\/05\/DSC_0886.jpg 640w, https:\/\/anoticiaonline.com.br\/site\/wp-content\/uploads\/2018\/05\/DSC_0886-300x200.jpg 300w\" sizes=\"(max-width: 640px) 100vw, 640px\" \/><\/a><\/p>\n<p>&nbsp;<\/p>\n<p><img decoding=\"async\" class=\"ngg_displayed_gallery mceItem\" src=\"https:\/\/anoticiaonline.com.br\/site\/nextgen-attach_to_post\/preview\/id--56005\" \/><\/p>\n<p>&nbsp;<\/p>\n<p>&nbsp;<\/p>\n","protected":false},"excerpt":{"rendered":"<p>Com 20 anos de hist\u00f3ria, a equipe do Hortibarra possui motivos de sobra para comemorar. No \u00faltimo s\u00e1bado (5), os colaboradores vestiram, literalmente, a camisa para festejar mais um anivers\u00e1rio na companhia de clientes e amigos. De acordo com o empres\u00e1rio Carlos Roberto de Oliveira, o \u201cBeto\u201d o Hortibarra foi criado pelo seu pai, Tet\u00e9, &#8230; <a title=\"Tradi\u00e7\u00e3o e qualidade: Hortibarra comemora 20 anos de hist\u00f3ria\" class=\"read-more\" href=\"https:\/\/anoticiaonline.com.br\/site\/tradicao-e-qualidade-hortibarra-comemora-20-anos-de-historia\/\" aria-label=\"Read more about Tradi\u00e7\u00e3o e qualidade: Hortibarra comemora 20 anos de hist\u00f3ria\">Ler mais<\/a><\/p>\n","protected":false},"author":2,"featured_media":55938,"comment_status":"open","ping_status":"open","sticky":false,"template":"","format":"standard","meta":{"_acf_changed":false,"_monsterinsights_skip_tracking":false,"footnotes":""},"categories":[1],"tags":[2547,366,68,2546,2548,2549],"class_list":["post-55882","post","type-post","status-publish","format-standard","has-post-thumbnail","hentry","category-gerais","tag-20-anos","tag-aniversario","tag-fruta","tag-hortibarra","tag-leguma","tag-verdura"],"acf":[],"aioseo_notices":[],"aioseo_head":"\n\t\t<!-- All in One SEO 5.0.0.1 - aioseo.com -->\n\t<meta name=\"description\" content=\"Com 20 anos de hist\u00f3ria, a equipe do Hortibarra possui motivos de sobra para comemorar. No \u00faltimo s\u00e1bado (5), os colaboradores vestiram, literalmente, a camisa para festejar mais um anivers\u00e1rio na companhia de clientes e amigos. De acordo com o empres\u00e1rio Carlos Roberto de Oliveira, o \u201cBeto\u201d o Hortibarra foi criado pelo seu pai, Tet\u00e9,\" \/>\n\t<meta name=\"robots\" content=\"max-image-preview:large\" \/>\n\t<meta name=\"author\" content=\"Juliana Laviola\"\/>\n\t<link rel=\"canonical\" href=\"https:\/\/anoticiaonline.com.br\/site\/tradicao-e-qualidade-hortibarra-comemora-20-anos-de-historia\/\" \/>\n\t<meta name=\"generator\" content=\"All in One SEO (AIOSEO) 5.0.0.1\" \/>\n\t\t<meta property=\"og:locale\" content=\"pt_BR\" \/>\n\t\t<meta property=\"og:site_name\" content=\"A Not\u00edcia Online - Noticias de Muria\u00e9 e regi\u00e3o\" \/>\n\t\t<meta property=\"og:type\" content=\"article\" \/>\n\t\t<meta property=\"og:title\" content=\"Tradi\u00e7\u00e3o e qualidade: Hortibarra comemora 20 anos de hist\u00f3ria - A Not\u00edcia Online\" \/>\n\t\t<meta property=\"og:description\" content=\"Com 20 anos de hist\u00f3ria, a equipe do Hortibarra possui motivos de sobra para comemorar. No \u00faltimo s\u00e1bado (5), os colaboradores vestiram, literalmente, a camisa para festejar mais um anivers\u00e1rio na companhia de clientes e amigos. De acordo com o empres\u00e1rio Carlos Roberto de Oliveira, o \u201cBeto\u201d o Hortibarra foi criado pelo seu pai, Tet\u00e9,\" \/>\n\t\t<meta property=\"og:url\" content=\"https:\/\/anoticiaonline.com.br\/site\/tradicao-e-qualidade-hortibarra-comemora-20-anos-de-historia\/\" \/>\n\t\t<meta property=\"og:image\" content=\"https:\/\/scontent-gig4-1.xx.fbcdn.net\/v\/t39.30808-1\/270437624_4564083193639691_6907940295614233970_n.jpg?stp=dst-jpg_s200x200_tt6&#038;_nc_cat=111&#038;ccb=1-7&#038;_nc_sid=f907e8&#038;_nc_ohc=SM1wRlP3lJwQ7kNvwEPuBYA&#038;_nc_oc=AdnqrjDN_BNjSSHWO-GbkIWH6fkGMLw4bqvL_NH6e2wMveX7G-rP2dAqsDSq1mJMOaY&#038;_nc_zt=24&#038;_nc_ht=scontent-gig4-1.xx&#038;_nc_gid=AoBFJeGrT1hVaew_6rchkQ&#038;oh=00_AfX7QmFGhQhG2jAllVgXCiM1ZrWgvtp80-Bfppyexh1QEg&#038;oe=689E923C\" \/>\n\t\t<meta property=\"og:image:secure_url\" content=\"https:\/\/scontent-gig4-1.xx.fbcdn.net\/v\/t39.30808-1\/270437624_4564083193639691_6907940295614233970_n.jpg?stp=dst-jpg_s200x200_tt6&#038;_nc_cat=111&#038;ccb=1-7&#038;_nc_sid=f907e8&#038;_nc_ohc=SM1wRlP3lJwQ7kNvwEPuBYA&#038;_nc_oc=AdnqrjDN_BNjSSHWO-GbkIWH6fkGMLw4bqvL_NH6e2wMveX7G-rP2dAqsDSq1mJMOaY&#038;_nc_zt=24&#038;_nc_ht=scontent-gig4-1.xx&#038;_nc_gid=AoBFJeGrT1hVaew_6rchkQ&#038;oh=00_AfX7QmFGhQhG2jAllVgXCiM1ZrWgvtp80-Bfppyexh1QEg&#038;oe=689E923C\" \/>\n\t\t<meta property=\"article:published_time\" content=\"2018-05-11T16:04:58+00:00\" \/>\n\t\t<meta property=\"article:modified_time\" content=\"2018-05-11T16:04:58+00:00\" \/>\n\t\t<meta name=\"twitter:card\" content=\"summary_large_image\" \/>\n\t\t<meta name=\"twitter:title\" content=\"Tradi\u00e7\u00e3o e qualidade: Hortibarra comemora 20 anos de hist\u00f3ria - A Not\u00edcia Online\" \/>\n\t\t<meta name=\"twitter:description\" content=\"Com 20 anos de hist\u00f3ria, a equipe do Hortibarra possui motivos de sobra para comemorar. No \u00faltimo s\u00e1bado (5), os colaboradores vestiram, literalmente, a camisa para festejar mais um anivers\u00e1rio na companhia de clientes e amigos. De acordo com o empres\u00e1rio Carlos Roberto de Oliveira, o \u201cBeto\u201d o Hortibarra foi criado pelo seu pai, Tet\u00e9,\" \/>\n\t\t<meta name=\"twitter:image\" content=\"https:\/\/scontent-gig4-1.xx.fbcdn.net\/v\/t39.30808-1\/270437624_4564083193639691_6907940295614233970_n.jpg?stp=dst-jpg_s200x200_tt6&amp;_nc_cat=111&amp;ccb=1-7&amp;_nc_sid=f907e8&amp;_nc_ohc=SM1wRlP3lJwQ7kNvwEPuBYA&amp;_nc_oc=AdnqrjDN_BNjSSHWO-GbkIWH6fkGMLw4bqvL_NH6e2wMveX7G-rP2dAqsDSq1mJMOaY&amp;_nc_zt=24&amp;_nc_ht=scontent-gig4-1.xx&amp;_nc_gid=AoBFJeGrT1hVaew_6rchkQ&amp;oh=00_AfX7QmFGhQhG2jAllVgXCiM1ZrWgvtp80-Bfppyexh1QEg&amp;oe=689E923C\" \/>\n\t\t<script type=\"application\/ld+json\" class=\"aioseo-schema\">\n\t\t\t{\"@context\":\"https:\\\/\\\/schema.org\",\"@graph\":[{\"@type\":\"BlogPosting\",\"@id\":\"https:\\\/\\\/anoticiaonline.com.br\\\/site\\\/tradicao-e-qualidade-hortibarra-comemora-20-anos-de-historia\\\/#blogposting\",\"name\":\"Tradi\\u00e7\\u00e3o e qualidade: Hortibarra comemora 20 anos de hist\\u00f3ria - A Not\\u00edcia Online\",\"headline\":\"Tradi\\u00e7\\u00e3o e qualidade: Hortibarra comemora 20 anos de hist\\u00f3ria\",\"author\":{\"@id\":\"https:\\\/\\\/anoticiaonline.com.br\\\/site\\\/author\\\/juliana\\\/#author\"},\"publisher\":{\"@id\":\"https:\\\/\\\/anoticiaonline.com.br\\\/site\\\/#organization\"},\"image\":{\"@type\":\"ImageObject\",\"url\":\"https:\\\/\\\/anoticiaonline.com.br\\\/site\\\/wp-content\\\/uploads\\\/2018\\\/05\\\/DSC_0216-1.jpg\",\"width\":640,\"height\":424},\"datePublished\":\"2018-05-11T13:04:58-03:00\",\"dateModified\":\"2018-05-11T13:04:58-03:00\",\"inLanguage\":\"pt-BR\",\"mainEntityOfPage\":{\"@id\":\"https:\\\/\\\/anoticiaonline.com.br\\\/site\\\/tradicao-e-qualidade-hortibarra-comemora-20-anos-de-historia\\\/#webpage\"},\"isPartOf\":{\"@id\":\"https:\\\/\\\/anoticiaonline.com.br\\\/site\\\/tradicao-e-qualidade-hortibarra-comemora-20-anos-de-historia\\\/#webpage\"},\"articleSection\":\"Gerais, 20 anos, anivers\\u00e1rio, fruta, Hortibarra, leguma, verdura\"},{\"@type\":\"BreadcrumbList\",\"@id\":\"https:\\\/\\\/anoticiaonline.com.br\\\/site\\\/tradicao-e-qualidade-hortibarra-comemora-20-anos-de-historia\\\/#breadcrumblist\",\"itemListElement\":[{\"@type\":\"ListItem\",\"@id\":\"https:\\\/\\\/anoticiaonline.com.br\\\/site#listItem\",\"position\":1,\"name\":\"Home\",\"item\":\"https:\\\/\\\/anoticiaonline.com.br\\\/site\",\"nextItem\":{\"@type\":\"ListItem\",\"@id\":\"https:\\\/\\\/anoticiaonline.com.br\\\/site\\\/categoria\\\/gerais\\\/#listItem\",\"name\":\"Gerais\"}},{\"@type\":\"ListItem\",\"@id\":\"https:\\\/\\\/anoticiaonline.com.br\\\/site\\\/categoria\\\/gerais\\\/#listItem\",\"position\":2,\"name\":\"Gerais\",\"item\":\"https:\\\/\\\/anoticiaonline.com.br\\\/site\\\/categoria\\\/gerais\\\/\",\"nextItem\":{\"@type\":\"ListItem\",\"@id\":\"https:\\\/\\\/anoticiaonline.com.br\\\/site\\\/tradicao-e-qualidade-hortibarra-comemora-20-anos-de-historia\\\/#listItem\",\"name\":\"Tradi\\u00e7\\u00e3o e qualidade: Hortibarra comemora 20 anos de hist\\u00f3ria\"},\"previousItem\":{\"@type\":\"ListItem\",\"@id\":\"https:\\\/\\\/anoticiaonline.com.br\\\/site#listItem\",\"name\":\"Home\"}},{\"@type\":\"ListItem\",\"@id\":\"https:\\\/\\\/anoticiaonline.com.br\\\/site\\\/tradicao-e-qualidade-hortibarra-comemora-20-anos-de-historia\\\/#listItem\",\"position\":3,\"name\":\"Tradi\\u00e7\\u00e3o e qualidade: Hortibarra comemora 20 anos de hist\\u00f3ria\",\"previousItem\":{\"@type\":\"ListItem\",\"@id\":\"https:\\\/\\\/anoticiaonline.com.br\\\/site\\\/categoria\\\/gerais\\\/#listItem\",\"name\":\"Gerais\"}}]},{\"@type\":\"Organization\",\"@id\":\"https:\\\/\\\/anoticiaonline.com.br\\\/site\\\/#organization\",\"name\":\"A Not\\u00edcia Online\",\"description\":\"Noticias de Muria\\u00e9 e regi\\u00e3o\",\"url\":\"https:\\\/\\\/anoticiaonline.com.br\\\/site\\\/\",\"logo\":{\"@type\":\"ImageObject\",\"url\":\"https:\\\/\\\/scontent-gig4-1.xx.fbcdn.net\\\/v\\\/t39.30808-1\\\/270437624_4564083193639691_6907940295614233970_n.jpg?stp=dst-jpg_s200x200_tt6&_nc_cat=111&ccb=1-7&_nc_sid=f907e8&_nc_ohc=SM1wRlP3lJwQ7kNvwEPuBYA&_nc_oc=AdnqrjDN_BNjSSHWO-GbkIWH6fkGMLw4bqvL_NH6e2wMveX7G-rP2dAqsDSq1mJMOaY&_nc_zt=24&_nc_ht=scontent-gig4-1.xx&_nc_gid=AoBFJeGrT1hVaew_6rchkQ&oh=00_AfX7QmFGhQhG2jAllVgXCiM1ZrWgvtp80-Bfppyexh1QEg&oe=689E923C\",\"@id\":\"https:\\\/\\\/anoticiaonline.com.br\\\/site\\\/tradicao-e-qualidade-hortibarra-comemora-20-anos-de-historia\\\/#organizationLogo\"},\"image\":{\"@id\":\"https:\\\/\\\/anoticiaonline.com.br\\\/site\\\/tradicao-e-qualidade-hortibarra-comemora-20-anos-de-historia\\\/#organizationLogo\"}},{\"@type\":\"Person\",\"@id\":\"https:\\\/\\\/anoticiaonline.com.br\\\/site\\\/author\\\/juliana\\\/#author\",\"url\":\"https:\\\/\\\/anoticiaonline.com.br\\\/site\\\/author\\\/juliana\\\/\",\"name\":\"Juliana Laviola\",\"image\":{\"@type\":\"ImageObject\",\"@id\":\"https:\\\/\\\/anoticiaonline.com.br\\\/site\\\/tradicao-e-qualidade-hortibarra-comemora-20-anos-de-historia\\\/#authorImage\",\"url\":\"https:\\\/\\\/secure.gravatar.com\\\/avatar\\\/b8d45f5c699b100dfaf0e543582f38f38bf94cb7ae3a5e9abf8d891a34773335?s=96&d=mm&r=g\",\"width\":96,\"height\":96,\"caption\":\"Juliana Laviola\"}},{\"@type\":\"WebPage\",\"@id\":\"https:\\\/\\\/anoticiaonline.com.br\\\/site\\\/tradicao-e-qualidade-hortibarra-comemora-20-anos-de-historia\\\/#webpage\",\"url\":\"https:\\\/\\\/anoticiaonline.com.br\\\/site\\\/tradicao-e-qualidade-hortibarra-comemora-20-anos-de-historia\\\/\",\"name\":\"Tradi\\u00e7\\u00e3o e qualidade: Hortibarra comemora 20 anos de hist\\u00f3ria - A Not\\u00edcia Online\",\"description\":\"Com 20 anos de hist\\u00f3ria, a equipe do Hortibarra possui motivos de sobra para comemorar. No \\u00faltimo s\\u00e1bado (5), os colaboradores vestiram, literalmente, a camisa para festejar mais um anivers\\u00e1rio na companhia de clientes e amigos. De acordo com o empres\\u00e1rio Carlos Roberto de Oliveira, o \\u201cBeto\\u201d o Hortibarra foi criado pelo seu pai, Tet\\u00e9,\",\"inLanguage\":\"pt-BR\",\"isPartOf\":{\"@id\":\"https:\\\/\\\/anoticiaonline.com.br\\\/site\\\/#website\"},\"breadcrumb\":{\"@id\":\"https:\\\/\\\/anoticiaonline.com.br\\\/site\\\/tradicao-e-qualidade-hortibarra-comemora-20-anos-de-historia\\\/#breadcrumblist\"},\"author\":{\"@id\":\"https:\\\/\\\/anoticiaonline.com.br\\\/site\\\/author\\\/juliana\\\/#author\"},\"creator\":{\"@id\":\"https:\\\/\\\/anoticiaonline.com.br\\\/site\\\/author\\\/juliana\\\/#author\"},\"image\":{\"@type\":\"ImageObject\",\"url\":\"https:\\\/\\\/anoticiaonline.com.br\\\/site\\\/wp-content\\\/uploads\\\/2018\\\/05\\\/DSC_0216-1.jpg\",\"@id\":\"https:\\\/\\\/anoticiaonline.com.br\\\/site\\\/tradicao-e-qualidade-hortibarra-comemora-20-anos-de-historia\\\/#mainImage\",\"width\":640,\"height\":424},\"primaryImageOfPage\":{\"@id\":\"https:\\\/\\\/anoticiaonline.com.br\\\/site\\\/tradicao-e-qualidade-hortibarra-comemora-20-anos-de-historia\\\/#mainImage\"},\"datePublished\":\"2018-05-11T13:04:58-03:00\",\"dateModified\":\"2018-05-11T13:04:58-03:00\"},{\"@type\":\"WebSite\",\"@id\":\"https:\\\/\\\/anoticiaonline.com.br\\\/site\\\/#website\",\"url\":\"https:\\\/\\\/anoticiaonline.com.br\\\/site\\\/\",\"name\":\"A Not\\u00edcia Online\",\"description\":\"Noticias de Muria\\u00e9 e regi\\u00e3o\",\"inLanguage\":\"pt-BR\",\"publisher\":{\"@id\":\"https:\\\/\\\/anoticiaonline.com.br\\\/site\\\/#organization\"}}]}\n\t\t<\/script>\n\t\t<!-- All in One SEO -->\n\n","aioseo_head_json":{"title":"Tradi\u00e7\u00e3o e qualidade: Hortibarra comemora 20 anos de hist\u00f3ria - A Not\u00edcia Online","description":"Com 20 anos de hist\u00f3ria, a equipe do Hortibarra possui motivos de sobra para comemorar. No \u00faltimo s\u00e1bado (5), os colaboradores vestiram, literalmente, a camisa para festejar mais um anivers\u00e1rio na companhia de clientes e amigos. De acordo com o empres\u00e1rio Carlos Roberto de Oliveira, o \u201cBeto\u201d o Hortibarra foi criado pelo seu pai, Tet\u00e9,","canonical_url":"https:\/\/anoticiaonline.com.br\/site\/tradicao-e-qualidade-hortibarra-comemora-20-anos-de-historia\/","robots":"max-image-preview:large","keywords":"","webmasterTools":{"miscellaneous":""},"schema":{"@context":"https:\/\/schema.org","@graph":[{"@type":"BlogPosting","@id":"https:\/\/anoticiaonline.com.br\/site\/tradicao-e-qualidade-hortibarra-comemora-20-anos-de-historia\/#blogposting","name":"Tradi\u00e7\u00e3o e qualidade: Hortibarra comemora 20 anos de hist\u00f3ria - A Not\u00edcia Online","headline":"Tradi\u00e7\u00e3o e qualidade: Hortibarra comemora 20 anos de hist\u00f3ria","author":{"@id":"https:\/\/anoticiaonline.com.br\/site\/author\/juliana\/#author"},"publisher":{"@id":"https:\/\/anoticiaonline.com.br\/site\/#organization"},"image":{"@type":"ImageObject","url":"https:\/\/anoticiaonline.com.br\/site\/wp-content\/uploads\/2018\/05\/DSC_0216-1.jpg","width":640,"height":424},"datePublished":"2018-05-11T13:04:58-03:00","dateModified":"2018-05-11T13:04:58-03:00","inLanguage":"pt-BR","mainEntityOfPage":{"@id":"https:\/\/anoticiaonline.com.br\/site\/tradicao-e-qualidade-hortibarra-comemora-20-anos-de-historia\/#webpage"},"isPartOf":{"@id":"https:\/\/anoticiaonline.com.br\/site\/tradicao-e-qualidade-hortibarra-comemora-20-anos-de-historia\/#webpage"},"articleSection":"Gerais, 20 anos, anivers\u00e1rio, fruta, Hortibarra, leguma, verdura"},{"@type":"BreadcrumbList","@id":"https:\/\/anoticiaonline.com.br\/site\/tradicao-e-qualidade-hortibarra-comemora-20-anos-de-historia\/#breadcrumblist","itemListElement":[{"@type":"ListItem","@id":"https:\/\/anoticiaonline.com.br\/site#listItem","position":1,"name":"Home","item":"https:\/\/anoticiaonline.com.br\/site","nextItem":{"@type":"ListItem","@id":"https:\/\/anoticiaonline.com.br\/site\/categoria\/gerais\/#listItem","name":"Gerais"}},{"@type":"ListItem","@id":"https:\/\/anoticiaonline.com.br\/site\/categoria\/gerais\/#listItem","position":2,"name":"Gerais","item":"https:\/\/anoticiaonline.com.br\/site\/categoria\/gerais\/","nextItem":{"@type":"ListItem","@id":"https:\/\/anoticiaonline.com.br\/site\/tradicao-e-qualidade-hortibarra-comemora-20-anos-de-historia\/#listItem","name":"Tradi\u00e7\u00e3o e qualidade: Hortibarra comemora 20 anos de hist\u00f3ria"},"previousItem":{"@type":"ListItem","@id":"https:\/\/anoticiaonline.com.br\/site#listItem","name":"Home"}},{"@type":"ListItem","@id":"https:\/\/anoticiaonline.com.br\/site\/tradicao-e-qualidade-hortibarra-comemora-20-anos-de-historia\/#listItem","position":3,"name":"Tradi\u00e7\u00e3o e qualidade: Hortibarra comemora 20 anos de hist\u00f3ria","previousItem":{"@type":"ListItem","@id":"https:\/\/anoticiaonline.com.br\/site\/categoria\/gerais\/#listItem","name":"Gerais"}}]},{"@type":"Organization","@id":"https:\/\/anoticiaonline.com.br\/site\/#organization","name":"A Not\u00edcia Online","description":"Noticias de Muria\u00e9 e regi\u00e3o","url":"https:\/\/anoticiaonline.com.br\/site\/","logo":{"@type":"ImageObject","url":"https:\/\/scontent-gig4-1.xx.fbcdn.net\/v\/t39.30808-1\/270437624_4564083193639691_6907940295614233970_n.jpg?stp=dst-jpg_s200x200_tt6&_nc_cat=111&ccb=1-7&_nc_sid=f907e8&_nc_ohc=SM1wRlP3lJwQ7kNvwEPuBYA&_nc_oc=AdnqrjDN_BNjSSHWO-GbkIWH6fkGMLw4bqvL_NH6e2wMveX7G-rP2dAqsDSq1mJMOaY&_nc_zt=24&_nc_ht=scontent-gig4-1.xx&_nc_gid=AoBFJeGrT1hVaew_6rchkQ&oh=00_AfX7QmFGhQhG2jAllVgXCiM1ZrWgvtp80-Bfppyexh1QEg&oe=689E923C","@id":"https:\/\/anoticiaonline.com.br\/site\/tradicao-e-qualidade-hortibarra-comemora-20-anos-de-historia\/#organizationLogo"},"image":{"@id":"https:\/\/anoticiaonline.com.br\/site\/tradicao-e-qualidade-hortibarra-comemora-20-anos-de-historia\/#organizationLogo"}},{"@type":"Person","@id":"https:\/\/anoticiaonline.com.br\/site\/author\/juliana\/#author","url":"https:\/\/anoticiaonline.com.br\/site\/author\/juliana\/","name":"Juliana Laviola","image":{"@type":"ImageObject","@id":"https:\/\/anoticiaonline.com.br\/site\/tradicao-e-qualidade-hortibarra-comemora-20-anos-de-historia\/#authorImage","url":"https:\/\/secure.gravatar.com\/avatar\/b8d45f5c699b100dfaf0e543582f38f38bf94cb7ae3a5e9abf8d891a34773335?s=96&d=mm&r=g","width":96,"height":96,"caption":"Juliana Laviola"}},{"@type":"WebPage","@id":"https:\/\/anoticiaonline.com.br\/site\/tradicao-e-qualidade-hortibarra-comemora-20-anos-de-historia\/#webpage","url":"https:\/\/anoticiaonline.com.br\/site\/tradicao-e-qualidade-hortibarra-comemora-20-anos-de-historia\/","name":"Tradi\u00e7\u00e3o e qualidade: Hortibarra comemora 20 anos de hist\u00f3ria - A Not\u00edcia Online","description":"Com 20 anos de hist\u00f3ria, a equipe do Hortibarra possui motivos de sobra para comemorar. No \u00faltimo s\u00e1bado (5), os colaboradores vestiram, literalmente, a camisa para festejar mais um anivers\u00e1rio na companhia de clientes e amigos. De acordo com o empres\u00e1rio Carlos Roberto de Oliveira, o \u201cBeto\u201d o Hortibarra foi criado pelo seu pai, Tet\u00e9,","inLanguage":"pt-BR","isPartOf":{"@id":"https:\/\/anoticiaonline.com.br\/site\/#website"},"breadcrumb":{"@id":"https:\/\/anoticiaonline.com.br\/site\/tradicao-e-qualidade-hortibarra-comemora-20-anos-de-historia\/#breadcrumblist"},"author":{"@id":"https:\/\/anoticiaonline.com.br\/site\/author\/juliana\/#author"},"creator":{"@id":"https:\/\/anoticiaonline.com.br\/site\/author\/juliana\/#author"},"image":{"@type":"ImageObject","url":"https:\/\/anoticiaonline.com.br\/site\/wp-content\/uploads\/2018\/05\/DSC_0216-1.jpg","@id":"https:\/\/anoticiaonline.com.br\/site\/tradicao-e-qualidade-hortibarra-comemora-20-anos-de-historia\/#mainImage","width":640,"height":424},"primaryImageOfPage":{"@id":"https:\/\/anoticiaonline.com.br\/site\/tradicao-e-qualidade-hortibarra-comemora-20-anos-de-historia\/#mainImage"},"datePublished":"2018-05-11T13:04:58-03:00","dateModified":"2018-05-11T13:04:58-03:00"},{"@type":"WebSite","@id":"https:\/\/anoticiaonline.com.br\/site\/#website","url":"https:\/\/anoticiaonline.com.br\/site\/","name":"A Not\u00edcia Online","description":"Noticias de Muria\u00e9 e regi\u00e3o","inLanguage":"pt-BR","publisher":{"@id":"https:\/\/anoticiaonline.com.br\/site\/#organization"}}]},"og:locale":"pt_BR","og:site_name":"A Not\u00edcia Online - Noticias de Muria\u00e9 e regi\u00e3o","og:type":"article","og:title":"Tradi\u00e7\u00e3o e qualidade: Hortibarra comemora 20 anos de hist\u00f3ria - A Not\u00edcia Online","og:description":"Com 20 anos de hist\u00f3ria, a equipe do Hortibarra possui motivos de sobra para comemorar. No \u00faltimo s\u00e1bado (5), os colaboradores vestiram, literalmente, a camisa para festejar mais um anivers\u00e1rio na companhia de clientes e amigos. De acordo com o empres\u00e1rio Carlos Roberto de Oliveira, o \u201cBeto\u201d o Hortibarra foi criado pelo seu pai, Tet\u00e9,","og:url":"https:\/\/anoticiaonline.com.br\/site\/tradicao-e-qualidade-hortibarra-comemora-20-anos-de-historia\/","og:image":"https:\/\/scontent-gig4-1.xx.fbcdn.net\/v\/t39.30808-1\/270437624_4564083193639691_6907940295614233970_n.jpg?stp=dst-jpg_s200x200_tt6&#038;_nc_cat=111&#038;ccb=1-7&#038;_nc_sid=f907e8&#038;_nc_ohc=SM1wRlP3lJwQ7kNvwEPuBYA&#038;_nc_oc=AdnqrjDN_BNjSSHWO-GbkIWH6fkGMLw4bqvL_NH6e2wMveX7G-rP2dAqsDSq1mJMOaY&#038;_nc_zt=24&#038;_nc_ht=scontent-gig4-1.xx&#038;_nc_gid=AoBFJeGrT1hVaew_6rchkQ&#038;oh=00_AfX7QmFGhQhG2jAllVgXCiM1ZrWgvtp80-Bfppyexh1QEg&#038;oe=689E923C","og:image:secure_url":"https:\/\/scontent-gig4-1.xx.fbcdn.net\/v\/t39.30808-1\/270437624_4564083193639691_6907940295614233970_n.jpg?stp=dst-jpg_s200x200_tt6&#038;_nc_cat=111&#038;ccb=1-7&#038;_nc_sid=f907e8&#038;_nc_ohc=SM1wRlP3lJwQ7kNvwEPuBYA&#038;_nc_oc=AdnqrjDN_BNjSSHWO-GbkIWH6fkGMLw4bqvL_NH6e2wMveX7G-rP2dAqsDSq1mJMOaY&#038;_nc_zt=24&#038;_nc_ht=scontent-gig4-1.xx&#038;_nc_gid=AoBFJeGrT1hVaew_6rchkQ&#038;oh=00_AfX7QmFGhQhG2jAllVgXCiM1ZrWgvtp80-Bfppyexh1QEg&#038;oe=689E923C","article:published_time":"2018-05-11T16:04:58+00:00","article:modified_time":"2018-05-11T16:04:58+00:00","twitter:card":"summary_large_image","twitter:title":"Tradi\u00e7\u00e3o e qualidade: Hortibarra comemora 20 anos de hist\u00f3ria - A Not\u00edcia Online","twitter:description":"Com 20 anos de hist\u00f3ria, a equipe do Hortibarra possui motivos de sobra para comemorar. No \u00faltimo s\u00e1bado (5), os colaboradores vestiram, literalmente, a camisa para festejar mais um anivers\u00e1rio na companhia de clientes e amigos. De acordo com o empres\u00e1rio Carlos Roberto de Oliveira, o \u201cBeto\u201d o Hortibarra foi criado pelo seu pai, Tet\u00e9,","twitter:image":"https:\/\/scontent-gig4-1.xx.fbcdn.net\/v\/t39.30808-1\/270437624_4564083193639691_6907940295614233970_n.jpg?stp=dst-jpg_s200x200_tt6&_nc_cat=111&ccb=1-7&_nc_sid=f907e8&_nc_ohc=SM1wRlP3lJwQ7kNvwEPuBYA&_nc_oc=AdnqrjDN_BNjSSHWO-GbkIWH6fkGMLw4bqvL_NH6e2wMveX7G-rP2dAqsDSq1mJMOaY&_nc_zt=24&_nc_ht=scontent-gig4-1.xx&_nc_gid=AoBFJeGrT1hVaew_6rchkQ&oh=00_AfX7QmFGhQhG2jAllVgXCiM1ZrWgvtp80-Bfppyexh1QEg&oe=689E923C"},"aioseo_meta_data":{"post_id":"55882","title":null,"description":null,"keywords":null,"keyphrases":null,"primary_term":null,"canonical_url":null,"og_title":null,"og_description":null,"og_object_type":"default","og_image_type":"default","og_image_url":null,"og_image_width":null,"og_image_height":null,"og_image_custom_url":null,"og_image_custom_fields":null,"og_video":null,"og_custom_url":null,"og_article_section":null,"og_article_tags":null,"twitter_use_og":false,"twitter_card":"default","twitter_image_type":"default","twitter_image_url":null,"twitter_image_custom_url":null,"twitter_image_custom_fields":null,"twitter_title":null,"twitter_description":null,"schema":{"blockGraphs":[],"customGraphs":[],"default":{"data":{"Article":[],"Course":[],"Dataset":[],"FAQPage":[],"Movie":[],"Person":[],"Product":[],"ProductReview":[],"Car":[],"Recipe":[],"Service":[],"SoftwareApplication":[],"WebPage":[]},"graphName":"","isEnabled":true},"graphs":[]},"schema_type":"default","schema_type_options":null,"pillar_content":false,"robots_default":true,"robots_noindex":false,"robots_noarchive":false,"robots_nosnippet":false,"robots_nofollow":false,"robots_noimageindex":false,"robots_noodp":false,"robots_notranslate":false,"robots_max_snippet":null,"robots_max_videopreview":null,"robots_max_imagepreview":"large","priority":null,"frequency":null,"local_seo":null,"breadcrumb_settings":null,"limit_modified_date":false,"ai":null,"created":"2025-08-16 20:50:43","updated":"2025-08-16 20:50:43","focus_keyword":null,"additional_keywords":null,"truseo_locale":null,"seo_analyzer_scan_date":null},"aioseo_breadcrumb":"<div class=\"aioseo-breadcrumbs\"><span class=\"aioseo-breadcrumb\">\n\t\t\t<a href=\"https:\/\/anoticiaonline.com.br\/site\" title=\"Home\">Home<\/a>\n\t\t<\/span><span class=\"aioseo-breadcrumb-separator\">&raquo;<\/span><span class=\"aioseo-breadcrumb\">\n\t\t\t<a href=\"https:\/\/anoticiaonline.com.br\/site\/categoria\/gerais\/\" title=\"Gerais\">Gerais<\/a>\n\t\t<\/span><span class=\"aioseo-breadcrumb-separator\">&raquo;<\/span><span class=\"aioseo-breadcrumb\">\n\t\t\tTradi\u00e7\u00e3o e qualidade: Hortibarra comemora 20 anos de hist\u00f3ria\n\t\t<\/span><\/div>","aioseo_breadcrumb_json":[{"label":"Home","link":"https:\/\/anoticiaonline.com.br\/site"},{"label":"Gerais","link":"https:\/\/anoticiaonline.com.br\/site\/categoria\/gerais\/"},{"label":"Tradi\u00e7\u00e3o e qualidade: Hortibarra comemora 20 anos de hist\u00f3ria","link":"https:\/\/anoticiaonline.com.br\/site\/tradicao-e-qualidade-hortibarra-comemora-20-anos-de-historia\/"}],"views":168,"_links":{"self":[{"href":"https:\/\/anoticiaonline.com.br\/site\/wp-json\/wp\/v2\/posts\/55882","targetHints":{"allow":["GET"]}}],"collection":[{"href":"https:\/\/anoticiaonline.com.br\/site\/wp-json\/wp\/v2\/posts"}],"about":[{"href":"https:\/\/anoticiaonline.com.br\/site\/wp-json\/wp\/v2\/types\/post"}],"author":[{"embeddable":true,"href":"https:\/\/anoticiaonline.com.br\/site\/wp-json\/wp\/v2\/users\/2"}],"replies":[{"embeddable":true,"href":"https:\/\/anoticiaonline.com.br\/site\/wp-json\/wp\/v2\/comments?post=55882"}],"version-history":[{"count":0,"href":"https:\/\/anoticiaonline.com.br\/site\/wp-json\/wp\/v2\/posts\/55882\/revisions"}],"wp:featuredmedia":[{"embeddable":true,"href":"https:\/\/anoticiaonline.com.br\/site\/wp-json\/wp\/v2\/media\/55938"}],"wp:attachment":[{"href":"https:\/\/anoticiaonline.com.br\/site\/wp-json\/wp\/v2\/media?parent=55882"}],"wp:term":[{"taxonomy":"category","embeddable":true,"href":"https:\/\/anoticiaonline.com.br\/site\/wp-json\/wp\/v2\/categories?post=55882"},{"taxonomy":"post_tag","embeddable":true,"href":"https:\/\/anoticiaonline.com.br\/site\/wp-json\/wp\/v2\/tags?post=55882"}],"curies":[{"name":"wp","href":"https:\/\/api.w.org\/{rel}","templated":true}]}}