{"id":55847,"date":"2018-05-11T12:57:02","date_gmt":"2018-05-11T15:57:02","guid":{"rendered":"http:\/\/anoticiaonline.com.br\/site\/?p=55847"},"modified":"2018-05-11T13:00:29","modified_gmt":"2018-05-11T16:00:29","slug":"pani-de-vitoria-panificadora-e-reinaugurada-no-safira","status":"publish","type":"post","link":"https:\/\/anoticiaonline.com.br\/site\/pani-de-vitoria-panificadora-e-reinaugurada-no-safira\/","title":{"rendered":"Pani de Vit\u00f3ria: panificadora \u00e9 reinaugurada no Safira"},"content":{"rendered":"<p><a href=\"https:\/\/anoticiaonline.com.br\/site\/wp-content\/uploads\/2018\/05\/DSC_0216.jpg\"><img fetchpriority=\"high\" decoding=\"async\" class=\"aligncenter wp-image-55866 size-full\" src=\"https:\/\/anoticiaonline.com.br\/site\/wp-content\/uploads\/2018\/05\/DSC_0216.jpg\" alt=\"\" width=\"640\" height=\"427\" srcset=\"https:\/\/anoticiaonline.com.br\/site\/wp-content\/uploads\/2018\/05\/DSC_0216.jpg 640w, https:\/\/anoticiaonline.com.br\/site\/wp-content\/uploads\/2018\/05\/DSC_0216-300x200.jpg 300w\" sizes=\"(max-width: 640px) 100vw, 640px\" \/><\/a> <a href=\"https:\/\/anoticiaonline.com.br\/site\/wp-content\/uploads\/2018\/05\/DSC_0259.jpg\"><img decoding=\"async\" class=\"aligncenter wp-image-55867 size-full\" src=\"https:\/\/anoticiaonline.com.br\/site\/wp-content\/uploads\/2018\/05\/DSC_0259.jpg\" alt=\"\" width=\"640\" height=\"427\" srcset=\"https:\/\/anoticiaonline.com.br\/site\/wp-content\/uploads\/2018\/05\/DSC_0259.jpg 640w, https:\/\/anoticiaonline.com.br\/site\/wp-content\/uploads\/2018\/05\/DSC_0259-300x200.jpg 300w\" sizes=\"(max-width: 640px) 100vw, 640px\" \/><\/a><a href=\"https:\/\/anoticiaonline.com.br\/site\/wp-content\/uploads\/2018\/05\/DSC_0288.jpg\"><img decoding=\"async\" class=\"wp-image-55869 size-full aligncenter\" src=\"https:\/\/anoticiaonline.com.br\/site\/wp-content\/uploads\/2018\/05\/DSC_0288.jpg\" alt=\"\" width=\"640\" height=\"427\" srcset=\"https:\/\/anoticiaonline.com.br\/site\/wp-content\/uploads\/2018\/05\/DSC_0288.jpg 640w, https:\/\/anoticiaonline.com.br\/site\/wp-content\/uploads\/2018\/05\/DSC_0288-300x200.jpg 300w\" sizes=\"(max-width: 640px) 100vw, 640px\" \/><\/a><\/p>\n<p>A panificadora Pani de Vit\u00f3ria reinaugurou, em novo endere\u00e7o, durante um delicioso caf\u00e9 da manh\u00e3 para clientes e amigos, na manh\u00e3 de s\u00e1bado (5). Localizado no Bairro Safira, o empreendimento conta com um ambiente amplo, climatizado e aconchegante, oferecendo p\u00e3es, bolos, biscoitos, tortas, sucos naturais e salgados da melhor qualidade.<\/p>\n<p>De propriedade dos empres\u00e1rios Willian e M\u00e1rcia Soares, que est\u00e3o no ramo de padaria e confeitaria h\u00e1, aproximadamente 17 anos, a nova Pani de Vit\u00f3ria \u00e9 a realiza\u00e7\u00e3o de um sonho.<\/p>\n<p>\u201cH\u00e1 muito tempo trabalho na \u00e1rea. Comecei com meu pai, que foi padeiro e confeiteiro. No Safira, fabrico e vendo p\u00e3es h\u00e1 sete anos, junto com minha fam\u00edlia. Este nosso novo espa\u00e7o contempla, ao mesmo tempo, o local de produ\u00e7\u00e3o e venda, otimizando nosso atendimento ao cliente, que poder\u00e1 tamb\u00e9m, apreciar um bom caf\u00e9 da manh\u00e3 ou da tarde conosco\u201d, conta Willian, que destaca o p\u00e3o franc\u00eas como o \u201ccarro-chefe\u201d da casa.<\/p>\n<p>\u201cAproveito a oportunidade para agradecer, primeiramente a Deus, aos nossos amigos e familiares pelo prest\u00edgio e sucesso de sempre\u201d, diz o empres\u00e1rio, que homenageou a filha Vit\u00f3ria, ao nomear a loja.<\/p>\n<p>De acordo com o empres\u00e1rio, p\u00e3es quentinhos saem do forno de meia em meia hora, das 6h \u00e0s 10h da manh\u00e3 e, durante a tarde, das 13h \u00e0s 18h30.<\/p>\n<p>A nova Pani de Vit\u00f3ria, que conta com uma equipe de 12 funcion\u00e1rios, est\u00e1 localizada na Avenida Silv\u00e9rio Campos, n\u00famero 716, ao lado da Policl\u00ednica do Safira, e funcionar\u00e1 das 6h \u00e0s 21h, de segunda a s\u00e1bado e, aos domingos, das 6h \u00e0s 14h.\u00a0 Telefones para contato: (32) 721-8119 e (32) 98402-5505.<\/p>\n<p><a href=\"https:\/\/anoticiaonline.com.br\/site\/wp-content\/uploads\/2018\/05\/DSC_0285.jpg\"><img loading=\"lazy\" decoding=\"async\" class=\"aligncenter wp-image-55868 size-full\" src=\"https:\/\/anoticiaonline.com.br\/site\/wp-content\/uploads\/2018\/05\/DSC_0285.jpg\" alt=\"\" width=\"640\" height=\"427\" srcset=\"https:\/\/anoticiaonline.com.br\/site\/wp-content\/uploads\/2018\/05\/DSC_0285.jpg 640w, https:\/\/anoticiaonline.com.br\/site\/wp-content\/uploads\/2018\/05\/DSC_0285-300x200.jpg 300w\" sizes=\"(max-width: 640px) 100vw, 640px\" \/><\/a><\/p>\n<p><a href=\"https:\/\/anoticiaonline.com.br\/site\/wp-content\/uploads\/2018\/05\/WhatsApp-Image-2018-05-10-at-14.52.09-1.jpg\"><img loading=\"lazy\" decoding=\"async\" class=\"aligncenter size-full wp-image-55872\" src=\"https:\/\/anoticiaonline.com.br\/site\/wp-content\/uploads\/2018\/05\/WhatsApp-Image-2018-05-10-at-14.52.09-1.jpg\" alt=\"\" width=\"640\" height=\"480\" srcset=\"https:\/\/anoticiaonline.com.br\/site\/wp-content\/uploads\/2018\/05\/WhatsApp-Image-2018-05-10-at-14.52.09-1.jpg 640w, https:\/\/anoticiaonline.com.br\/site\/wp-content\/uploads\/2018\/05\/WhatsApp-Image-2018-05-10-at-14.52.09-1-300x225.jpg 300w\" sizes=\"(max-width: 640px) 100vw, 640px\" \/><\/a><\/p>\n<p><a href=\"https:\/\/anoticiaonline.com.br\/site\/wp-content\/uploads\/2018\/05\/DSC_0296.jpg\"><img loading=\"lazy\" decoding=\"async\" class=\"aligncenter wp-image-55870 size-full\" src=\"https:\/\/anoticiaonline.com.br\/site\/wp-content\/uploads\/2018\/05\/DSC_0296.jpg\" alt=\"\" width=\"640\" height=\"427\" srcset=\"https:\/\/anoticiaonline.com.br\/site\/wp-content\/uploads\/2018\/05\/DSC_0296.jpg 640w, https:\/\/anoticiaonline.com.br\/site\/wp-content\/uploads\/2018\/05\/DSC_0296-300x200.jpg 300w\" sizes=\"(max-width: 640px) 100vw, 640px\" \/><\/a><\/p>\n<p>&nbsp;<\/p>\n<p><img decoding=\"async\" class=\"ngg_displayed_gallery mceItem\" src=\"https:\/\/anoticiaonline.com.br\/site\/nextgen-attach_to_post\/preview\/id--55937\" \/><\/p>\n<p>&nbsp;<\/p>\n<p>&nbsp;<\/p>\n","protected":false},"excerpt":{"rendered":"<p>A panificadora Pani de Vit\u00f3ria reinaugurou, em novo endere\u00e7o, durante um delicioso caf\u00e9 da manh\u00e3 para clientes e amigos, na manh\u00e3 de s\u00e1bado (5). Localizado no Bairro Safira, o empreendimento conta com um ambiente amplo, climatizado e aconchegante, oferecendo p\u00e3es, bolos, biscoitos, tortas, sucos naturais e salgados da melhor qualidade. De propriedade dos empres\u00e1rios Willian &#8230; <a title=\"Pani de Vit\u00f3ria: panificadora \u00e9 reinaugurada no Safira\" class=\"read-more\" href=\"https:\/\/anoticiaonline.com.br\/site\/pani-de-vitoria-panificadora-e-reinaugurada-no-safira\/\" aria-label=\"Read more about Pani de Vit\u00f3ria: panificadora \u00e9 reinaugurada no Safira\">Ler mais<\/a><\/p>\n","protected":false},"author":2,"featured_media":55867,"comment_status":"open","ping_status":"open","sticky":false,"template":"","format":"standard","meta":{"_acf_changed":false,"_monsterinsights_skip_tracking":false,"footnotes":""},"categories":[1],"tags":[20,1575,2402,2543,2544,2545],"class_list":["post-55847","post","type-post","status-publish","format-standard","has-post-thumbnail","hentry","category-gerais","tag-inauguracao","tag-nova-loja","tag-paes","tag-pani-de-vitoria","tag-panificadora","tag-pao"],"acf":[],"aioseo_notices":[],"aioseo_head":"\n\t\t<!-- All in One SEO 5.0.0.1 - aioseo.com -->\n\t<meta name=\"description\" content=\"A panificadora Pani de Vit\u00f3ria reinaugurou, em novo endere\u00e7o, durante um delicioso caf\u00e9 da manh\u00e3 para clientes e amigos, na manh\u00e3 de s\u00e1bado (5). Localizado no Bairro Safira, o empreendimento conta com um ambiente amplo, climatizado e aconchegante, oferecendo p\u00e3es, bolos, biscoitos, tortas, sucos naturais e salgados da melhor qualidade. De propriedade dos empres\u00e1rios Willian\" \/>\n\t<meta name=\"robots\" content=\"max-image-preview:large\" \/>\n\t<meta name=\"author\" content=\"Juliana Laviola\"\/>\n\t<link rel=\"canonical\" href=\"https:\/\/anoticiaonline.com.br\/site\/pani-de-vitoria-panificadora-e-reinaugurada-no-safira\/\" \/>\n\t<meta name=\"generator\" content=\"All in One SEO (AIOSEO) 5.0.0.1\" \/>\n\t\t<meta property=\"og:locale\" content=\"pt_BR\" \/>\n\t\t<meta property=\"og:site_name\" content=\"A Not\u00edcia Online - Noticias de Muria\u00e9 e regi\u00e3o\" \/>\n\t\t<meta property=\"og:type\" content=\"article\" \/>\n\t\t<meta property=\"og:title\" content=\"Pani de Vit\u00f3ria: panificadora \u00e9 reinaugurada no Safira - A Not\u00edcia Online\" \/>\n\t\t<meta property=\"og:description\" content=\"A panificadora Pani de Vit\u00f3ria reinaugurou, em novo endere\u00e7o, durante um delicioso caf\u00e9 da manh\u00e3 para clientes e amigos, na manh\u00e3 de s\u00e1bado (5). Localizado no Bairro Safira, o empreendimento conta com um ambiente amplo, climatizado e aconchegante, oferecendo p\u00e3es, bolos, biscoitos, tortas, sucos naturais e salgados da melhor qualidade. De propriedade dos empres\u00e1rios Willian\" \/>\n\t\t<meta property=\"og:url\" content=\"https:\/\/anoticiaonline.com.br\/site\/pani-de-vitoria-panificadora-e-reinaugurada-no-safira\/\" \/>\n\t\t<meta property=\"og:image\" content=\"https:\/\/scontent-gig4-1.xx.fbcdn.net\/v\/t39.30808-1\/270437624_4564083193639691_6907940295614233970_n.jpg?stp=dst-jpg_s200x200_tt6&#038;_nc_cat=111&#038;ccb=1-7&#038;_nc_sid=f907e8&#038;_nc_ohc=SM1wRlP3lJwQ7kNvwEPuBYA&#038;_nc_oc=AdnqrjDN_BNjSSHWO-GbkIWH6fkGMLw4bqvL_NH6e2wMveX7G-rP2dAqsDSq1mJMOaY&#038;_nc_zt=24&#038;_nc_ht=scontent-gig4-1.xx&#038;_nc_gid=AoBFJeGrT1hVaew_6rchkQ&#038;oh=00_AfX7QmFGhQhG2jAllVgXCiM1ZrWgvtp80-Bfppyexh1QEg&#038;oe=689E923C\" \/>\n\t\t<meta property=\"og:image:secure_url\" content=\"https:\/\/scontent-gig4-1.xx.fbcdn.net\/v\/t39.30808-1\/270437624_4564083193639691_6907940295614233970_n.jpg?stp=dst-jpg_s200x200_tt6&#038;_nc_cat=111&#038;ccb=1-7&#038;_nc_sid=f907e8&#038;_nc_ohc=SM1wRlP3lJwQ7kNvwEPuBYA&#038;_nc_oc=AdnqrjDN_BNjSSHWO-GbkIWH6fkGMLw4bqvL_NH6e2wMveX7G-rP2dAqsDSq1mJMOaY&#038;_nc_zt=24&#038;_nc_ht=scontent-gig4-1.xx&#038;_nc_gid=AoBFJeGrT1hVaew_6rchkQ&#038;oh=00_AfX7QmFGhQhG2jAllVgXCiM1ZrWgvtp80-Bfppyexh1QEg&#038;oe=689E923C\" \/>\n\t\t<meta property=\"article:published_time\" content=\"2018-05-11T15:57:02+00:00\" \/>\n\t\t<meta property=\"article:modified_time\" content=\"2018-05-11T16:00:29+00:00\" \/>\n\t\t<meta name=\"twitter:card\" content=\"summary_large_image\" \/>\n\t\t<meta name=\"twitter:title\" content=\"Pani de Vit\u00f3ria: panificadora \u00e9 reinaugurada no Safira - A Not\u00edcia Online\" \/>\n\t\t<meta name=\"twitter:description\" content=\"A panificadora Pani de Vit\u00f3ria reinaugurou, em novo endere\u00e7o, durante um delicioso caf\u00e9 da manh\u00e3 para clientes e amigos, na manh\u00e3 de s\u00e1bado (5). Localizado no Bairro Safira, o empreendimento conta com um ambiente amplo, climatizado e aconchegante, oferecendo p\u00e3es, bolos, biscoitos, tortas, sucos naturais e salgados da melhor qualidade. De propriedade dos empres\u00e1rios Willian\" \/>\n\t\t<meta name=\"twitter:image\" content=\"https:\/\/scontent-gig4-1.xx.fbcdn.net\/v\/t39.30808-1\/270437624_4564083193639691_6907940295614233970_n.jpg?stp=dst-jpg_s200x200_tt6&amp;_nc_cat=111&amp;ccb=1-7&amp;_nc_sid=f907e8&amp;_nc_ohc=SM1wRlP3lJwQ7kNvwEPuBYA&amp;_nc_oc=AdnqrjDN_BNjSSHWO-GbkIWH6fkGMLw4bqvL_NH6e2wMveX7G-rP2dAqsDSq1mJMOaY&amp;_nc_zt=24&amp;_nc_ht=scontent-gig4-1.xx&amp;_nc_gid=AoBFJeGrT1hVaew_6rchkQ&amp;oh=00_AfX7QmFGhQhG2jAllVgXCiM1ZrWgvtp80-Bfppyexh1QEg&amp;oe=689E923C\" \/>\n\t\t<script type=\"application\/ld+json\" class=\"aioseo-schema\">\n\t\t\t{\"@context\":\"https:\\\/\\\/schema.org\",\"@graph\":[{\"@type\":\"BlogPosting\",\"@id\":\"https:\\\/\\\/anoticiaonline.com.br\\\/site\\\/pani-de-vitoria-panificadora-e-reinaugurada-no-safira\\\/#blogposting\",\"name\":\"Pani de Vit\\u00f3ria: panificadora \\u00e9 reinaugurada no Safira - A Not\\u00edcia Online\",\"headline\":\"Pani de Vit\\u00f3ria: panificadora \\u00e9 reinaugurada no Safira\",\"author\":{\"@id\":\"https:\\\/\\\/anoticiaonline.com.br\\\/site\\\/author\\\/juliana\\\/#author\"},\"publisher\":{\"@id\":\"https:\\\/\\\/anoticiaonline.com.br\\\/site\\\/#organization\"},\"image\":{\"@type\":\"ImageObject\",\"url\":\"https:\\\/\\\/anoticiaonline.com.br\\\/site\\\/wp-content\\\/uploads\\\/2018\\\/05\\\/DSC_0259.jpg\",\"width\":640,\"height\":427},\"datePublished\":\"2018-05-11T12:57:02-03:00\",\"dateModified\":\"2018-05-11T13:00:29-03:00\",\"inLanguage\":\"pt-BR\",\"mainEntityOfPage\":{\"@id\":\"https:\\\/\\\/anoticiaonline.com.br\\\/site\\\/pani-de-vitoria-panificadora-e-reinaugurada-no-safira\\\/#webpage\"},\"isPartOf\":{\"@id\":\"https:\\\/\\\/anoticiaonline.com.br\\\/site\\\/pani-de-vitoria-panificadora-e-reinaugurada-no-safira\\\/#webpage\"},\"articleSection\":\"Gerais, inauguracao, nova loja, p\\u00e3es, Pani de Vit\\u00f3ria, panificadora, p\\u00e3o\"},{\"@type\":\"BreadcrumbList\",\"@id\":\"https:\\\/\\\/anoticiaonline.com.br\\\/site\\\/pani-de-vitoria-panificadora-e-reinaugurada-no-safira\\\/#breadcrumblist\",\"itemListElement\":[{\"@type\":\"ListItem\",\"@id\":\"https:\\\/\\\/anoticiaonline.com.br\\\/site#listItem\",\"position\":1,\"name\":\"Home\",\"item\":\"https:\\\/\\\/anoticiaonline.com.br\\\/site\",\"nextItem\":{\"@type\":\"ListItem\",\"@id\":\"https:\\\/\\\/anoticiaonline.com.br\\\/site\\\/categoria\\\/gerais\\\/#listItem\",\"name\":\"Gerais\"}},{\"@type\":\"ListItem\",\"@id\":\"https:\\\/\\\/anoticiaonline.com.br\\\/site\\\/categoria\\\/gerais\\\/#listItem\",\"position\":2,\"name\":\"Gerais\",\"item\":\"https:\\\/\\\/anoticiaonline.com.br\\\/site\\\/categoria\\\/gerais\\\/\",\"nextItem\":{\"@type\":\"ListItem\",\"@id\":\"https:\\\/\\\/anoticiaonline.com.br\\\/site\\\/pani-de-vitoria-panificadora-e-reinaugurada-no-safira\\\/#listItem\",\"name\":\"Pani de Vit\\u00f3ria: panificadora \\u00e9 reinaugurada no Safira\"},\"previousItem\":{\"@type\":\"ListItem\",\"@id\":\"https:\\\/\\\/anoticiaonline.com.br\\\/site#listItem\",\"name\":\"Home\"}},{\"@type\":\"ListItem\",\"@id\":\"https:\\\/\\\/anoticiaonline.com.br\\\/site\\\/pani-de-vitoria-panificadora-e-reinaugurada-no-safira\\\/#listItem\",\"position\":3,\"name\":\"Pani de Vit\\u00f3ria: panificadora \\u00e9 reinaugurada no Safira\",\"previousItem\":{\"@type\":\"ListItem\",\"@id\":\"https:\\\/\\\/anoticiaonline.com.br\\\/site\\\/categoria\\\/gerais\\\/#listItem\",\"name\":\"Gerais\"}}]},{\"@type\":\"Organization\",\"@id\":\"https:\\\/\\\/anoticiaonline.com.br\\\/site\\\/#organization\",\"name\":\"A Not\\u00edcia Online\",\"description\":\"Noticias de Muria\\u00e9 e regi\\u00e3o\",\"url\":\"https:\\\/\\\/anoticiaonline.com.br\\\/site\\\/\",\"logo\":{\"@type\":\"ImageObject\",\"url\":\"https:\\\/\\\/scontent-gig4-1.xx.fbcdn.net\\\/v\\\/t39.30808-1\\\/270437624_4564083193639691_6907940295614233970_n.jpg?stp=dst-jpg_s200x200_tt6&_nc_cat=111&ccb=1-7&_nc_sid=f907e8&_nc_ohc=SM1wRlP3lJwQ7kNvwEPuBYA&_nc_oc=AdnqrjDN_BNjSSHWO-GbkIWH6fkGMLw4bqvL_NH6e2wMveX7G-rP2dAqsDSq1mJMOaY&_nc_zt=24&_nc_ht=scontent-gig4-1.xx&_nc_gid=AoBFJeGrT1hVaew_6rchkQ&oh=00_AfX7QmFGhQhG2jAllVgXCiM1ZrWgvtp80-Bfppyexh1QEg&oe=689E923C\",\"@id\":\"https:\\\/\\\/anoticiaonline.com.br\\\/site\\\/pani-de-vitoria-panificadora-e-reinaugurada-no-safira\\\/#organizationLogo\"},\"image\":{\"@id\":\"https:\\\/\\\/anoticiaonline.com.br\\\/site\\\/pani-de-vitoria-panificadora-e-reinaugurada-no-safira\\\/#organizationLogo\"}},{\"@type\":\"Person\",\"@id\":\"https:\\\/\\\/anoticiaonline.com.br\\\/site\\\/author\\\/juliana\\\/#author\",\"url\":\"https:\\\/\\\/anoticiaonline.com.br\\\/site\\\/author\\\/juliana\\\/\",\"name\":\"Juliana Laviola\",\"image\":{\"@type\":\"ImageObject\",\"@id\":\"https:\\\/\\\/anoticiaonline.com.br\\\/site\\\/pani-de-vitoria-panificadora-e-reinaugurada-no-safira\\\/#authorImage\",\"url\":\"https:\\\/\\\/secure.gravatar.com\\\/avatar\\\/b8d45f5c699b100dfaf0e543582f38f38bf94cb7ae3a5e9abf8d891a34773335?s=96&d=mm&r=g\",\"width\":96,\"height\":96,\"caption\":\"Juliana Laviola\"}},{\"@type\":\"WebPage\",\"@id\":\"https:\\\/\\\/anoticiaonline.com.br\\\/site\\\/pani-de-vitoria-panificadora-e-reinaugurada-no-safira\\\/#webpage\",\"url\":\"https:\\\/\\\/anoticiaonline.com.br\\\/site\\\/pani-de-vitoria-panificadora-e-reinaugurada-no-safira\\\/\",\"name\":\"Pani de Vit\\u00f3ria: panificadora \\u00e9 reinaugurada no Safira - A Not\\u00edcia Online\",\"description\":\"A panificadora Pani de Vit\\u00f3ria reinaugurou, em novo endere\\u00e7o, durante um delicioso caf\\u00e9 da manh\\u00e3 para clientes e amigos, na manh\\u00e3 de s\\u00e1bado (5). Localizado no Bairro Safira, o empreendimento conta com um ambiente amplo, climatizado e aconchegante, oferecendo p\\u00e3es, bolos, biscoitos, tortas, sucos naturais e salgados da melhor qualidade. De propriedade dos empres\\u00e1rios Willian\",\"inLanguage\":\"pt-BR\",\"isPartOf\":{\"@id\":\"https:\\\/\\\/anoticiaonline.com.br\\\/site\\\/#website\"},\"breadcrumb\":{\"@id\":\"https:\\\/\\\/anoticiaonline.com.br\\\/site\\\/pani-de-vitoria-panificadora-e-reinaugurada-no-safira\\\/#breadcrumblist\"},\"author\":{\"@id\":\"https:\\\/\\\/anoticiaonline.com.br\\\/site\\\/author\\\/juliana\\\/#author\"},\"creator\":{\"@id\":\"https:\\\/\\\/anoticiaonline.com.br\\\/site\\\/author\\\/juliana\\\/#author\"},\"image\":{\"@type\":\"ImageObject\",\"url\":\"https:\\\/\\\/anoticiaonline.com.br\\\/site\\\/wp-content\\\/uploads\\\/2018\\\/05\\\/DSC_0259.jpg\",\"@id\":\"https:\\\/\\\/anoticiaonline.com.br\\\/site\\\/pani-de-vitoria-panificadora-e-reinaugurada-no-safira\\\/#mainImage\",\"width\":640,\"height\":427},\"primaryImageOfPage\":{\"@id\":\"https:\\\/\\\/anoticiaonline.com.br\\\/site\\\/pani-de-vitoria-panificadora-e-reinaugurada-no-safira\\\/#mainImage\"},\"datePublished\":\"2018-05-11T12:57:02-03:00\",\"dateModified\":\"2018-05-11T13:00:29-03:00\"},{\"@type\":\"WebSite\",\"@id\":\"https:\\\/\\\/anoticiaonline.com.br\\\/site\\\/#website\",\"url\":\"https:\\\/\\\/anoticiaonline.com.br\\\/site\\\/\",\"name\":\"A Not\\u00edcia Online\",\"description\":\"Noticias de Muria\\u00e9 e regi\\u00e3o\",\"inLanguage\":\"pt-BR\",\"publisher\":{\"@id\":\"https:\\\/\\\/anoticiaonline.com.br\\\/site\\\/#organization\"}}]}\n\t\t<\/script>\n\t\t<!-- All in One SEO -->\n\n","aioseo_head_json":{"title":"Pani de Vit\u00f3ria: panificadora \u00e9 reinaugurada no Safira - A Not\u00edcia Online","description":"A panificadora Pani de Vit\u00f3ria reinaugurou, em novo endere\u00e7o, durante um delicioso caf\u00e9 da manh\u00e3 para clientes e amigos, na manh\u00e3 de s\u00e1bado (5). Localizado no Bairro Safira, o empreendimento conta com um ambiente amplo, climatizado e aconchegante, oferecendo p\u00e3es, bolos, biscoitos, tortas, sucos naturais e salgados da melhor qualidade. De propriedade dos empres\u00e1rios Willian","canonical_url":"https:\/\/anoticiaonline.com.br\/site\/pani-de-vitoria-panificadora-e-reinaugurada-no-safira\/","robots":"max-image-preview:large","keywords":"","webmasterTools":{"miscellaneous":""},"schema":{"@context":"https:\/\/schema.org","@graph":[{"@type":"BlogPosting","@id":"https:\/\/anoticiaonline.com.br\/site\/pani-de-vitoria-panificadora-e-reinaugurada-no-safira\/#blogposting","name":"Pani de Vit\u00f3ria: panificadora \u00e9 reinaugurada no Safira - A Not\u00edcia Online","headline":"Pani de Vit\u00f3ria: panificadora \u00e9 reinaugurada no Safira","author":{"@id":"https:\/\/anoticiaonline.com.br\/site\/author\/juliana\/#author"},"publisher":{"@id":"https:\/\/anoticiaonline.com.br\/site\/#organization"},"image":{"@type":"ImageObject","url":"https:\/\/anoticiaonline.com.br\/site\/wp-content\/uploads\/2018\/05\/DSC_0259.jpg","width":640,"height":427},"datePublished":"2018-05-11T12:57:02-03:00","dateModified":"2018-05-11T13:00:29-03:00","inLanguage":"pt-BR","mainEntityOfPage":{"@id":"https:\/\/anoticiaonline.com.br\/site\/pani-de-vitoria-panificadora-e-reinaugurada-no-safira\/#webpage"},"isPartOf":{"@id":"https:\/\/anoticiaonline.com.br\/site\/pani-de-vitoria-panificadora-e-reinaugurada-no-safira\/#webpage"},"articleSection":"Gerais, inauguracao, nova loja, p\u00e3es, Pani de Vit\u00f3ria, panificadora, p\u00e3o"},{"@type":"BreadcrumbList","@id":"https:\/\/anoticiaonline.com.br\/site\/pani-de-vitoria-panificadora-e-reinaugurada-no-safira\/#breadcrumblist","itemListElement":[{"@type":"ListItem","@id":"https:\/\/anoticiaonline.com.br\/site#listItem","position":1,"name":"Home","item":"https:\/\/anoticiaonline.com.br\/site","nextItem":{"@type":"ListItem","@id":"https:\/\/anoticiaonline.com.br\/site\/categoria\/gerais\/#listItem","name":"Gerais"}},{"@type":"ListItem","@id":"https:\/\/anoticiaonline.com.br\/site\/categoria\/gerais\/#listItem","position":2,"name":"Gerais","item":"https:\/\/anoticiaonline.com.br\/site\/categoria\/gerais\/","nextItem":{"@type":"ListItem","@id":"https:\/\/anoticiaonline.com.br\/site\/pani-de-vitoria-panificadora-e-reinaugurada-no-safira\/#listItem","name":"Pani de Vit\u00f3ria: panificadora \u00e9 reinaugurada no Safira"},"previousItem":{"@type":"ListItem","@id":"https:\/\/anoticiaonline.com.br\/site#listItem","name":"Home"}},{"@type":"ListItem","@id":"https:\/\/anoticiaonline.com.br\/site\/pani-de-vitoria-panificadora-e-reinaugurada-no-safira\/#listItem","position":3,"name":"Pani de Vit\u00f3ria: panificadora \u00e9 reinaugurada no Safira","previousItem":{"@type":"ListItem","@id":"https:\/\/anoticiaonline.com.br\/site\/categoria\/gerais\/#listItem","name":"Gerais"}}]},{"@type":"Organization","@id":"https:\/\/anoticiaonline.com.br\/site\/#organization","name":"A Not\u00edcia Online","description":"Noticias de Muria\u00e9 e regi\u00e3o","url":"https:\/\/anoticiaonline.com.br\/site\/","logo":{"@type":"ImageObject","url":"https:\/\/scontent-gig4-1.xx.fbcdn.net\/v\/t39.30808-1\/270437624_4564083193639691_6907940295614233970_n.jpg?stp=dst-jpg_s200x200_tt6&_nc_cat=111&ccb=1-7&_nc_sid=f907e8&_nc_ohc=SM1wRlP3lJwQ7kNvwEPuBYA&_nc_oc=AdnqrjDN_BNjSSHWO-GbkIWH6fkGMLw4bqvL_NH6e2wMveX7G-rP2dAqsDSq1mJMOaY&_nc_zt=24&_nc_ht=scontent-gig4-1.xx&_nc_gid=AoBFJeGrT1hVaew_6rchkQ&oh=00_AfX7QmFGhQhG2jAllVgXCiM1ZrWgvtp80-Bfppyexh1QEg&oe=689E923C","@id":"https:\/\/anoticiaonline.com.br\/site\/pani-de-vitoria-panificadora-e-reinaugurada-no-safira\/#organizationLogo"},"image":{"@id":"https:\/\/anoticiaonline.com.br\/site\/pani-de-vitoria-panificadora-e-reinaugurada-no-safira\/#organizationLogo"}},{"@type":"Person","@id":"https:\/\/anoticiaonline.com.br\/site\/author\/juliana\/#author","url":"https:\/\/anoticiaonline.com.br\/site\/author\/juliana\/","name":"Juliana Laviola","image":{"@type":"ImageObject","@id":"https:\/\/anoticiaonline.com.br\/site\/pani-de-vitoria-panificadora-e-reinaugurada-no-safira\/#authorImage","url":"https:\/\/secure.gravatar.com\/avatar\/b8d45f5c699b100dfaf0e543582f38f38bf94cb7ae3a5e9abf8d891a34773335?s=96&d=mm&r=g","width":96,"height":96,"caption":"Juliana Laviola"}},{"@type":"WebPage","@id":"https:\/\/anoticiaonline.com.br\/site\/pani-de-vitoria-panificadora-e-reinaugurada-no-safira\/#webpage","url":"https:\/\/anoticiaonline.com.br\/site\/pani-de-vitoria-panificadora-e-reinaugurada-no-safira\/","name":"Pani de Vit\u00f3ria: panificadora \u00e9 reinaugurada no Safira - A Not\u00edcia Online","description":"A panificadora Pani de Vit\u00f3ria reinaugurou, em novo endere\u00e7o, durante um delicioso caf\u00e9 da manh\u00e3 para clientes e amigos, na manh\u00e3 de s\u00e1bado (5). Localizado no Bairro Safira, o empreendimento conta com um ambiente amplo, climatizado e aconchegante, oferecendo p\u00e3es, bolos, biscoitos, tortas, sucos naturais e salgados da melhor qualidade. De propriedade dos empres\u00e1rios Willian","inLanguage":"pt-BR","isPartOf":{"@id":"https:\/\/anoticiaonline.com.br\/site\/#website"},"breadcrumb":{"@id":"https:\/\/anoticiaonline.com.br\/site\/pani-de-vitoria-panificadora-e-reinaugurada-no-safira\/#breadcrumblist"},"author":{"@id":"https:\/\/anoticiaonline.com.br\/site\/author\/juliana\/#author"},"creator":{"@id":"https:\/\/anoticiaonline.com.br\/site\/author\/juliana\/#author"},"image":{"@type":"ImageObject","url":"https:\/\/anoticiaonline.com.br\/site\/wp-content\/uploads\/2018\/05\/DSC_0259.jpg","@id":"https:\/\/anoticiaonline.com.br\/site\/pani-de-vitoria-panificadora-e-reinaugurada-no-safira\/#mainImage","width":640,"height":427},"primaryImageOfPage":{"@id":"https:\/\/anoticiaonline.com.br\/site\/pani-de-vitoria-panificadora-e-reinaugurada-no-safira\/#mainImage"},"datePublished":"2018-05-11T12:57:02-03:00","dateModified":"2018-05-11T13:00:29-03:00"},{"@type":"WebSite","@id":"https:\/\/anoticiaonline.com.br\/site\/#website","url":"https:\/\/anoticiaonline.com.br\/site\/","name":"A Not\u00edcia Online","description":"Noticias de Muria\u00e9 e regi\u00e3o","inLanguage":"pt-BR","publisher":{"@id":"https:\/\/anoticiaonline.com.br\/site\/#organization"}}]},"og:locale":"pt_BR","og:site_name":"A Not\u00edcia Online - Noticias de Muria\u00e9 e regi\u00e3o","og:type":"article","og:title":"Pani de Vit\u00f3ria: panificadora \u00e9 reinaugurada no Safira - A Not\u00edcia Online","og:description":"A panificadora Pani de Vit\u00f3ria reinaugurou, em novo endere\u00e7o, durante um delicioso caf\u00e9 da manh\u00e3 para clientes e amigos, na manh\u00e3 de s\u00e1bado (5). Localizado no Bairro Safira, o empreendimento conta com um ambiente amplo, climatizado e aconchegante, oferecendo p\u00e3es, bolos, biscoitos, tortas, sucos naturais e salgados da melhor qualidade. De propriedade dos empres\u00e1rios Willian","og:url":"https:\/\/anoticiaonline.com.br\/site\/pani-de-vitoria-panificadora-e-reinaugurada-no-safira\/","og:image":"https:\/\/scontent-gig4-1.xx.fbcdn.net\/v\/t39.30808-1\/270437624_4564083193639691_6907940295614233970_n.jpg?stp=dst-jpg_s200x200_tt6&#038;_nc_cat=111&#038;ccb=1-7&#038;_nc_sid=f907e8&#038;_nc_ohc=SM1wRlP3lJwQ7kNvwEPuBYA&#038;_nc_oc=AdnqrjDN_BNjSSHWO-GbkIWH6fkGMLw4bqvL_NH6e2wMveX7G-rP2dAqsDSq1mJMOaY&#038;_nc_zt=24&#038;_nc_ht=scontent-gig4-1.xx&#038;_nc_gid=AoBFJeGrT1hVaew_6rchkQ&#038;oh=00_AfX7QmFGhQhG2jAllVgXCiM1ZrWgvtp80-Bfppyexh1QEg&#038;oe=689E923C","og:image:secure_url":"https:\/\/scontent-gig4-1.xx.fbcdn.net\/v\/t39.30808-1\/270437624_4564083193639691_6907940295614233970_n.jpg?stp=dst-jpg_s200x200_tt6&#038;_nc_cat=111&#038;ccb=1-7&#038;_nc_sid=f907e8&#038;_nc_ohc=SM1wRlP3lJwQ7kNvwEPuBYA&#038;_nc_oc=AdnqrjDN_BNjSSHWO-GbkIWH6fkGMLw4bqvL_NH6e2wMveX7G-rP2dAqsDSq1mJMOaY&#038;_nc_zt=24&#038;_nc_ht=scontent-gig4-1.xx&#038;_nc_gid=AoBFJeGrT1hVaew_6rchkQ&#038;oh=00_AfX7QmFGhQhG2jAllVgXCiM1ZrWgvtp80-Bfppyexh1QEg&#038;oe=689E923C","article:published_time":"2018-05-11T15:57:02+00:00","article:modified_time":"2018-05-11T16:00:29+00:00","twitter:card":"summary_large_image","twitter:title":"Pani de Vit\u00f3ria: panificadora \u00e9 reinaugurada no Safira - A Not\u00edcia Online","twitter:description":"A panificadora Pani de Vit\u00f3ria reinaugurou, em novo endere\u00e7o, durante um delicioso caf\u00e9 da manh\u00e3 para clientes e amigos, na manh\u00e3 de s\u00e1bado (5). Localizado no Bairro Safira, o empreendimento conta com um ambiente amplo, climatizado e aconchegante, oferecendo p\u00e3es, bolos, biscoitos, tortas, sucos naturais e salgados da melhor qualidade. De propriedade dos empres\u00e1rios Willian","twitter:image":"https:\/\/scontent-gig4-1.xx.fbcdn.net\/v\/t39.30808-1\/270437624_4564083193639691_6907940295614233970_n.jpg?stp=dst-jpg_s200x200_tt6&_nc_cat=111&ccb=1-7&_nc_sid=f907e8&_nc_ohc=SM1wRlP3lJwQ7kNvwEPuBYA&_nc_oc=AdnqrjDN_BNjSSHWO-GbkIWH6fkGMLw4bqvL_NH6e2wMveX7G-rP2dAqsDSq1mJMOaY&_nc_zt=24&_nc_ht=scontent-gig4-1.xx&_nc_gid=AoBFJeGrT1hVaew_6rchkQ&oh=00_AfX7QmFGhQhG2jAllVgXCiM1ZrWgvtp80-Bfppyexh1QEg&oe=689E923C"},"aioseo_meta_data":{"post_id":"55847","title":null,"description":null,"keywords":null,"keyphrases":null,"primary_term":null,"canonical_url":null,"og_title":null,"og_description":null,"og_object_type":"default","og_image_type":"default","og_image_url":null,"og_image_width":null,"og_image_height":null,"og_image_custom_url":null,"og_image_custom_fields":null,"og_video":null,"og_custom_url":null,"og_article_section":null,"og_article_tags":null,"twitter_use_og":false,"twitter_card":"default","twitter_image_type":"default","twitter_image_url":null,"twitter_image_custom_url":null,"twitter_image_custom_fields":null,"twitter_title":null,"twitter_description":null,"schema":{"blockGraphs":[],"customGraphs":[],"default":{"data":{"Article":[],"Course":[],"Dataset":[],"FAQPage":[],"Movie":[],"Person":[],"Product":[],"ProductReview":[],"Car":[],"Recipe":[],"Service":[],"SoftwareApplication":[],"WebPage":[]},"graphName":"","isEnabled":true},"graphs":[]},"schema_type":"default","schema_type_options":null,"pillar_content":false,"robots_default":true,"robots_noindex":false,"robots_noarchive":false,"robots_nosnippet":false,"robots_nofollow":false,"robots_noimageindex":false,"robots_noodp":false,"robots_notranslate":false,"robots_max_snippet":null,"robots_max_videopreview":null,"robots_max_imagepreview":"large","priority":null,"frequency":null,"local_seo":null,"breadcrumb_settings":null,"limit_modified_date":false,"ai":null,"created":"2025-08-16 20:50:43","updated":"2025-08-16 20:50:43","focus_keyword":null,"additional_keywords":null,"truseo_locale":null,"seo_analyzer_scan_date":null},"aioseo_breadcrumb":"<div class=\"aioseo-breadcrumbs\"><span class=\"aioseo-breadcrumb\">\n\t\t\t<a href=\"https:\/\/anoticiaonline.com.br\/site\" title=\"Home\">Home<\/a>\n\t\t<\/span><span class=\"aioseo-breadcrumb-separator\">&raquo;<\/span><span class=\"aioseo-breadcrumb\">\n\t\t\t<a href=\"https:\/\/anoticiaonline.com.br\/site\/categoria\/gerais\/\" title=\"Gerais\">Gerais<\/a>\n\t\t<\/span><span class=\"aioseo-breadcrumb-separator\">&raquo;<\/span><span class=\"aioseo-breadcrumb\">\n\t\t\tPani de Vit\u00f3ria: panificadora \u00e9 reinaugurada no Safira\n\t\t<\/span><\/div>","aioseo_breadcrumb_json":[{"label":"Home","link":"https:\/\/anoticiaonline.com.br\/site"},{"label":"Gerais","link":"https:\/\/anoticiaonline.com.br\/site\/categoria\/gerais\/"},{"label":"Pani de Vit\u00f3ria: panificadora \u00e9 reinaugurada no Safira","link":"https:\/\/anoticiaonline.com.br\/site\/pani-de-vitoria-panificadora-e-reinaugurada-no-safira\/"}],"views":244,"_links":{"self":[{"href":"https:\/\/anoticiaonline.com.br\/site\/wp-json\/wp\/v2\/posts\/55847","targetHints":{"allow":["GET"]}}],"collection":[{"href":"https:\/\/anoticiaonline.com.br\/site\/wp-json\/wp\/v2\/posts"}],"about":[{"href":"https:\/\/anoticiaonline.com.br\/site\/wp-json\/wp\/v2\/types\/post"}],"author":[{"embeddable":true,"href":"https:\/\/anoticiaonline.com.br\/site\/wp-json\/wp\/v2\/users\/2"}],"replies":[{"embeddable":true,"href":"https:\/\/anoticiaonline.com.br\/site\/wp-json\/wp\/v2\/comments?post=55847"}],"version-history":[{"count":0,"href":"https:\/\/anoticiaonline.com.br\/site\/wp-json\/wp\/v2\/posts\/55847\/revisions"}],"wp:featuredmedia":[{"embeddable":true,"href":"https:\/\/anoticiaonline.com.br\/site\/wp-json\/wp\/v2\/media\/55867"}],"wp:attachment":[{"href":"https:\/\/anoticiaonline.com.br\/site\/wp-json\/wp\/v2\/media?parent=55847"}],"wp:term":[{"taxonomy":"category","embeddable":true,"href":"https:\/\/anoticiaonline.com.br\/site\/wp-json\/wp\/v2\/categories?post=55847"},{"taxonomy":"post_tag","embeddable":true,"href":"https:\/\/anoticiaonline.com.br\/site\/wp-json\/wp\/v2\/tags?post=55847"}],"curies":[{"name":"wp","href":"https:\/\/api.w.org\/{rel}","templated":true}]}}