{"id":55747,"date":"2018-05-04T15:05:19","date_gmt":"2018-05-04T18:05:19","guid":{"rendered":"http:\/\/anoticiaonline.com.br\/site\/?p=55747"},"modified":"2018-05-09T15:22:57","modified_gmt":"2018-05-09T18:22:57","slug":"sociarte-04-05","status":"publish","type":"post","link":"https:\/\/anoticiaonline.com.br\/site\/sociarte-04-05\/","title":{"rendered":"Sociarte 04-05"},"content":{"rendered":"<p><strong>Parab\u00e9ns Ana Carolina <\/strong><\/p>\n<p>A bonita, Ana Carolina Pereira Souza, recebeu, no dia 24 de abril, a t\u00e3o sonhada carteira da Ordem dos Advogados do Brasil (OAB). Ela que \u00e9 filha do conhecido casal de empres\u00e1rios, propriet\u00e1rios da Mec\u00e2nica Vasm\u00e1, Luciane Vieira Pereira e Jorge Luiz Souza (Varrido), se formou em direito pelo Centro Universit\u00e1rio UNIFAMINAS, em janeiro. Parab\u00e9ns Ana Carolina, que essa conquista seja mais uma etapa de muitas outras vit\u00f3rias que vir\u00e3o.<\/p>\n<p><a href=\"https:\/\/anoticiaonline.com.br\/site\/wp-content\/uploads\/2018\/05\/Parab\u00e9ns-Ana-Carolina.jpg\"><img fetchpriority=\"high\" decoding=\"async\" class=\"alignnone size-full wp-image-55748\" src=\"https:\/\/anoticiaonline.com.br\/site\/wp-content\/uploads\/2018\/05\/Parab\u00e9ns-Ana-Carolina.jpg\" alt=\"\" width=\"480\" height=\"640\" srcset=\"https:\/\/anoticiaonline.com.br\/site\/wp-content\/uploads\/2018\/05\/Parab\u00e9ns-Ana-Carolina.jpg 480w, https:\/\/anoticiaonline.com.br\/site\/wp-content\/uploads\/2018\/05\/Parab\u00e9ns-Ana-Carolina-225x300.jpg 225w\" sizes=\"(max-width: 480px) 100vw, 480px\" \/><\/a><\/p>\n<p><strong>Parab\u00e9ns D. Nair<\/strong><\/p>\n<p>A querida D. Nair Gomes Valdiero reuniu os familiares, na cidade vizinha de Patroc\u00ednio do Muria\u00e9, do dia 1\u00ba de maio para comemorar com muita alegria a chegada dos seus 75 anos de idade. Ela que \u00e9 casada Jorge Vieira, \u00e9 tamb\u00e9m m\u00e3e dos queridos Beagio Joaquim Valdiero Filho, Gilmar Gomes Valdiero e Geovani Valdiero. Parab\u00e9ns D. Nair, que Deus conceda muitos e muitos anos de vida!<\/p>\n<p><a href=\"https:\/\/anoticiaonline.com.br\/site\/wp-content\/uploads\/2018\/05\/Parab\u00e9ns-D.-Nair.jpg\"><img decoding=\"async\" class=\"alignnone size-full wp-image-55749\" src=\"https:\/\/anoticiaonline.com.br\/site\/wp-content\/uploads\/2018\/05\/Parab\u00e9ns-D.-Nair.jpg\" alt=\"\" width=\"484\" height=\"640\" srcset=\"https:\/\/anoticiaonline.com.br\/site\/wp-content\/uploads\/2018\/05\/Parab\u00e9ns-D.-Nair.jpg 484w, https:\/\/anoticiaonline.com.br\/site\/wp-content\/uploads\/2018\/05\/Parab\u00e9ns-D.-Nair-227x300.jpg 227w\" sizes=\"(max-width: 484px) 100vw, 484px\" \/><\/a><\/p>\n<p><strong>6 anos de Luan<\/strong><\/p>\n<p>O fofo Luan Calixto Martins comemorou a chegada dos seus 6 aninhos no s\u00e1bado (28) na comunidade do Jacarezinho em Muria\u00e9. Ele que \u00e9 filho de Rone Reis Martins e Ediv\u00e2nia Janete Calixto, escolheu o tema \u201cDinossauros\u201d para recepcionar seus amigos e familiares para uma divertida comemora\u00e7\u00e3o. Parab\u00e9ns, Luan!<\/p>\n<p><a href=\"https:\/\/anoticiaonline.com.br\/site\/wp-content\/uploads\/2018\/05\/6-anos-de-Luan.jpg\"><img decoding=\"async\" class=\"alignnone size-full wp-image-55750\" src=\"https:\/\/anoticiaonline.com.br\/site\/wp-content\/uploads\/2018\/05\/6-anos-de-Luan.jpg\" alt=\"\" width=\"480\" height=\"640\" srcset=\"https:\/\/anoticiaonline.com.br\/site\/wp-content\/uploads\/2018\/05\/6-anos-de-Luan.jpg 480w, https:\/\/anoticiaonline.com.br\/site\/wp-content\/uploads\/2018\/05\/6-anos-de-Luan-225x300.jpg 225w\" sizes=\"(max-width: 480px) 100vw, 480px\" \/><\/a><\/p>\n<p><strong>Anivers\u00e1rio Duplo<\/strong><\/p>\n<p>Os irm\u00e3os Misael J\u00fanior e Helena reuniram amigos e familiares para comemorar a chegada dos seus 1 e 10 anos, respectivamente. Eles s\u00e3o filhos do Casal D\u00e9bora e Misael e escolheram os sal\u00f5es do La Castro como palco desta linda festa. O tema escolhido para a festa, realizada na segunda (30), foi \u201cRealeza: Pr\u00edncipe e Princesa\u201d. Parab\u00e9ns aos irm\u00e3os Misael J\u00fanior e Helena! (Revele Photo).<\/p>\n<p><a href=\"https:\/\/anoticiaonline.com.br\/site\/wp-content\/uploads\/2018\/05\/DAY_4346-2.jpg\"><img loading=\"lazy\" decoding=\"async\" class=\"alignnone size-full wp-image-55754\" src=\"https:\/\/anoticiaonline.com.br\/site\/wp-content\/uploads\/2018\/05\/DAY_4346-2.jpg\" alt=\"\" width=\"640\" height=\"427\" srcset=\"https:\/\/anoticiaonline.com.br\/site\/wp-content\/uploads\/2018\/05\/DAY_4346-2.jpg 640w, https:\/\/anoticiaonline.com.br\/site\/wp-content\/uploads\/2018\/05\/DAY_4346-2-300x200.jpg 300w\" sizes=\"(max-width: 640px) 100vw, 640px\" \/><\/a><\/p>\n<p>&nbsp;<\/p>\n<p><a href=\"https:\/\/anoticiaonline.com.br\/site\/wp-content\/uploads\/2018\/05\/TAT_6870.jpg\"><img loading=\"lazy\" decoding=\"async\" class=\"alignnone size-full wp-image-55751\" src=\"https:\/\/anoticiaonline.com.br\/site\/wp-content\/uploads\/2018\/05\/TAT_6870.jpg\" alt=\"\" width=\"640\" height=\"427\" srcset=\"https:\/\/anoticiaonline.com.br\/site\/wp-content\/uploads\/2018\/05\/TAT_6870.jpg 640w, https:\/\/anoticiaonline.com.br\/site\/wp-content\/uploads\/2018\/05\/TAT_6870-300x200.jpg 300w\" sizes=\"(max-width: 640px) 100vw, 640px\" \/><\/a><\/p>\n<p><strong>Encontro da fam\u00edlia Ribeiro<\/strong><\/p>\n<p>Os primos da fam\u00edlia Ribeiro se reuniram em seu 3\u00ba Encontro no s\u00e1bado dia (28). Com muita anima\u00e7\u00e3o e uma festa regada a churrasco com cerveja gelada no Edif\u00edcio Laura B\u00e1rbara da Silva. Estiveram presentes os primos Silvana, Cristiane, Guto, Laura, Fl\u00e1via, K\u00e1tia, Roberto, M\u00e1rcia, seus filhos e companheiros.<\/p>\n<p><a href=\"https:\/\/anoticiaonline.com.br\/site\/wp-content\/uploads\/2018\/05\/Encontro-de-fam\u00edlia.jpg\"><img loading=\"lazy\" decoding=\"async\" class=\"alignnone size-full wp-image-55752\" src=\"https:\/\/anoticiaonline.com.br\/site\/wp-content\/uploads\/2018\/05\/Encontro-de-fam\u00edlia.jpg\" alt=\"\" width=\"640\" height=\"480\" srcset=\"https:\/\/anoticiaonline.com.br\/site\/wp-content\/uploads\/2018\/05\/Encontro-de-fam\u00edlia.jpg 640w, https:\/\/anoticiaonline.com.br\/site\/wp-content\/uploads\/2018\/05\/Encontro-de-fam\u00edlia-300x225.jpg 300w\" sizes=\"(max-width: 640px) 100vw, 640px\" \/><\/a><\/p>\n<p><strong>1 ano de Benjamin<\/strong><\/p>\n<p>O pequeno, Benjamin Vasconcelos Carvalho Pedrosa, comemorou ao lado dos pais, Pedro Paulo Pedrosa Junior e L\u00edvia Vasconcelos carvalho pedrosa, o seu primeiro aninho! A festa, com o tema \u201cBrinquedos Antigos\u201d, aconteceu no Fest House, no s\u00e1bado (28). Parab\u00e9ns, Benjamin! (Revele Photo).<\/p>\n<p><a href=\"https:\/\/anoticiaonline.com.br\/site\/wp-content\/uploads\/2018\/05\/1-ano-Benjamin-1.jpg\"><img loading=\"lazy\" decoding=\"async\" class=\"alignnone size-full wp-image-55753\" src=\"https:\/\/anoticiaonline.com.br\/site\/wp-content\/uploads\/2018\/05\/1-ano-Benjamin-1.jpg\" alt=\"\" width=\"640\" height=\"427\" srcset=\"https:\/\/anoticiaonline.com.br\/site\/wp-content\/uploads\/2018\/05\/1-ano-Benjamin-1.jpg 640w, https:\/\/anoticiaonline.com.br\/site\/wp-content\/uploads\/2018\/05\/1-ano-Benjamin-1-300x200.jpg 300w\" sizes=\"(max-width: 640px) 100vw, 640px\" \/><\/a><\/p>\n<p>&nbsp;<\/p>\n","protected":false},"excerpt":{"rendered":"<p>Parab\u00e9ns Ana Carolina A bonita, Ana Carolina Pereira Souza, recebeu, no dia 24 de abril, a t\u00e3o sonhada carteira da Ordem dos Advogados do Brasil (OAB). Ela que \u00e9 filha do conhecido casal de empres\u00e1rios, propriet\u00e1rios da Mec\u00e2nica Vasm\u00e1, Luciane Vieira Pereira e Jorge Luiz Souza (Varrido), se formou em direito pelo Centro Universit\u00e1rio UNIFAMINAS, &#8230; <a title=\"Sociarte 04-05\" class=\"read-more\" href=\"https:\/\/anoticiaonline.com.br\/site\/sociarte-04-05\/\" aria-label=\"Read more about Sociarte 04-05\">Ler mais<\/a><\/p>\n","protected":false},"author":2,"featured_media":0,"comment_status":"open","ping_status":"open","sticky":false,"template":"","format":"standard","meta":{"_acf_changed":false,"_monsterinsights_skip_tracking":false,"footnotes":""},"categories":[1,38],"tags":[],"class_list":["post-55747","post","type-post","status-publish","format-standard","hentry","category-gerais","category-sociarte"],"acf":[],"aioseo_notices":[],"aioseo_head":"\n\t\t<!-- All in One SEO 5.0.0.1 - aioseo.com -->\n\t<meta name=\"description\" content=\"Parab\u00e9ns Ana Carolina A bonita, Ana Carolina Pereira Souza, recebeu, no dia 24 de abril, a t\u00e3o sonhada carteira da Ordem dos Advogados do Brasil (OAB). Ela que \u00e9 filha do conhecido casal de empres\u00e1rios, propriet\u00e1rios da Mec\u00e2nica Vasm\u00e1, Luciane Vieira Pereira e Jorge Luiz Souza (Varrido), se formou em direito pelo Centro Universit\u00e1rio UNIFAMINAS,\" \/>\n\t<meta name=\"robots\" content=\"max-image-preview:large\" \/>\n\t<meta name=\"author\" content=\"Juliana Laviola\"\/>\n\t<link rel=\"canonical\" href=\"https:\/\/anoticiaonline.com.br\/site\/sociarte-04-05\/\" \/>\n\t<meta name=\"generator\" content=\"All in One SEO (AIOSEO) 5.0.0.1\" \/>\n\t\t<meta property=\"og:locale\" content=\"pt_BR\" \/>\n\t\t<meta property=\"og:site_name\" content=\"A Not\u00edcia Online - Noticias de Muria\u00e9 e regi\u00e3o\" \/>\n\t\t<meta property=\"og:type\" content=\"article\" \/>\n\t\t<meta property=\"og:title\" content=\"Sociarte 04-05 - A Not\u00edcia Online\" \/>\n\t\t<meta property=\"og:description\" content=\"Parab\u00e9ns Ana Carolina A bonita, Ana Carolina Pereira Souza, recebeu, no dia 24 de abril, a t\u00e3o sonhada carteira da Ordem dos Advogados do Brasil (OAB). Ela que \u00e9 filha do conhecido casal de empres\u00e1rios, propriet\u00e1rios da Mec\u00e2nica Vasm\u00e1, Luciane Vieira Pereira e Jorge Luiz Souza (Varrido), se formou em direito pelo Centro Universit\u00e1rio UNIFAMINAS,\" \/>\n\t\t<meta property=\"og:url\" content=\"https:\/\/anoticiaonline.com.br\/site\/sociarte-04-05\/\" \/>\n\t\t<meta property=\"og:image\" content=\"https:\/\/scontent-gig4-1.xx.fbcdn.net\/v\/t39.30808-1\/270437624_4564083193639691_6907940295614233970_n.jpg?stp=dst-jpg_s200x200_tt6&#038;_nc_cat=111&#038;ccb=1-7&#038;_nc_sid=f907e8&#038;_nc_ohc=SM1wRlP3lJwQ7kNvwEPuBYA&#038;_nc_oc=AdnqrjDN_BNjSSHWO-GbkIWH6fkGMLw4bqvL_NH6e2wMveX7G-rP2dAqsDSq1mJMOaY&#038;_nc_zt=24&#038;_nc_ht=scontent-gig4-1.xx&#038;_nc_gid=AoBFJeGrT1hVaew_6rchkQ&#038;oh=00_AfX7QmFGhQhG2jAllVgXCiM1ZrWgvtp80-Bfppyexh1QEg&#038;oe=689E923C\" \/>\n\t\t<meta property=\"og:image:secure_url\" content=\"https:\/\/scontent-gig4-1.xx.fbcdn.net\/v\/t39.30808-1\/270437624_4564083193639691_6907940295614233970_n.jpg?stp=dst-jpg_s200x200_tt6&#038;_nc_cat=111&#038;ccb=1-7&#038;_nc_sid=f907e8&#038;_nc_ohc=SM1wRlP3lJwQ7kNvwEPuBYA&#038;_nc_oc=AdnqrjDN_BNjSSHWO-GbkIWH6fkGMLw4bqvL_NH6e2wMveX7G-rP2dAqsDSq1mJMOaY&#038;_nc_zt=24&#038;_nc_ht=scontent-gig4-1.xx&#038;_nc_gid=AoBFJeGrT1hVaew_6rchkQ&#038;oh=00_AfX7QmFGhQhG2jAllVgXCiM1ZrWgvtp80-Bfppyexh1QEg&#038;oe=689E923C\" \/>\n\t\t<meta property=\"article:published_time\" content=\"2018-05-04T18:05:19+00:00\" \/>\n\t\t<meta property=\"article:modified_time\" content=\"2018-05-09T18:22:57+00:00\" \/>\n\t\t<meta name=\"twitter:card\" content=\"summary_large_image\" \/>\n\t\t<meta name=\"twitter:title\" content=\"Sociarte 04-05 - A Not\u00edcia Online\" \/>\n\t\t<meta name=\"twitter:description\" content=\"Parab\u00e9ns Ana Carolina A bonita, Ana Carolina Pereira Souza, recebeu, no dia 24 de abril, a t\u00e3o sonhada carteira da Ordem dos Advogados do Brasil (OAB). Ela que \u00e9 filha do conhecido casal de empres\u00e1rios, propriet\u00e1rios da Mec\u00e2nica Vasm\u00e1, Luciane Vieira Pereira e Jorge Luiz Souza (Varrido), se formou em direito pelo Centro Universit\u00e1rio UNIFAMINAS,\" \/>\n\t\t<meta name=\"twitter:image\" content=\"https:\/\/scontent-gig4-1.xx.fbcdn.net\/v\/t39.30808-1\/270437624_4564083193639691_6907940295614233970_n.jpg?stp=dst-jpg_s200x200_tt6&amp;_nc_cat=111&amp;ccb=1-7&amp;_nc_sid=f907e8&amp;_nc_ohc=SM1wRlP3lJwQ7kNvwEPuBYA&amp;_nc_oc=AdnqrjDN_BNjSSHWO-GbkIWH6fkGMLw4bqvL_NH6e2wMveX7G-rP2dAqsDSq1mJMOaY&amp;_nc_zt=24&amp;_nc_ht=scontent-gig4-1.xx&amp;_nc_gid=AoBFJeGrT1hVaew_6rchkQ&amp;oh=00_AfX7QmFGhQhG2jAllVgXCiM1ZrWgvtp80-Bfppyexh1QEg&amp;oe=689E923C\" \/>\n\t\t<script type=\"application\/ld+json\" class=\"aioseo-schema\">\n\t\t\t{\"@context\":\"https:\\\/\\\/schema.org\",\"@graph\":[{\"@type\":\"BlogPosting\",\"@id\":\"https:\\\/\\\/anoticiaonline.com.br\\\/site\\\/sociarte-04-05\\\/#blogposting\",\"name\":\"Sociarte 04-05 - A Not\\u00edcia Online\",\"headline\":\"Sociarte 04-05\",\"author\":{\"@id\":\"https:\\\/\\\/anoticiaonline.com.br\\\/site\\\/author\\\/juliana\\\/#author\"},\"publisher\":{\"@id\":\"https:\\\/\\\/anoticiaonline.com.br\\\/site\\\/#organization\"},\"image\":{\"@type\":\"ImageObject\",\"url\":\"https:\\\/\\\/anoticiaonline.com.br\\\/site\\\/wp-content\\\/uploads\\\/2018\\\/05\\\/Parab\\u00e9ns-Ana-Carolina.jpg\",\"@id\":\"https:\\\/\\\/anoticiaonline.com.br\\\/site\\\/sociarte-04-05\\\/#articleImage\",\"width\":480,\"height\":640},\"datePublished\":\"2018-05-04T15:05:19-03:00\",\"dateModified\":\"2018-05-09T15:22:57-03:00\",\"inLanguage\":\"pt-BR\",\"mainEntityOfPage\":{\"@id\":\"https:\\\/\\\/anoticiaonline.com.br\\\/site\\\/sociarte-04-05\\\/#webpage\"},\"isPartOf\":{\"@id\":\"https:\\\/\\\/anoticiaonline.com.br\\\/site\\\/sociarte-04-05\\\/#webpage\"},\"articleSection\":\"Gerais, Sociarte\"},{\"@type\":\"BreadcrumbList\",\"@id\":\"https:\\\/\\\/anoticiaonline.com.br\\\/site\\\/sociarte-04-05\\\/#breadcrumblist\",\"itemListElement\":[{\"@type\":\"ListItem\",\"@id\":\"https:\\\/\\\/anoticiaonline.com.br\\\/site#listItem\",\"position\":1,\"name\":\"Home\",\"item\":\"https:\\\/\\\/anoticiaonline.com.br\\\/site\",\"nextItem\":{\"@type\":\"ListItem\",\"@id\":\"https:\\\/\\\/anoticiaonline.com.br\\\/site\\\/categoria\\\/colunistas\\\/#listItem\",\"name\":\"Colunistas\"}},{\"@type\":\"ListItem\",\"@id\":\"https:\\\/\\\/anoticiaonline.com.br\\\/site\\\/categoria\\\/colunistas\\\/#listItem\",\"position\":2,\"name\":\"Colunistas\",\"item\":\"https:\\\/\\\/anoticiaonline.com.br\\\/site\\\/categoria\\\/colunistas\\\/\",\"nextItem\":{\"@type\":\"ListItem\",\"@id\":\"https:\\\/\\\/anoticiaonline.com.br\\\/site\\\/categoria\\\/colunistas\\\/sociarte\\\/#listItem\",\"name\":\"Sociarte\"},\"previousItem\":{\"@type\":\"ListItem\",\"@id\":\"https:\\\/\\\/anoticiaonline.com.br\\\/site#listItem\",\"name\":\"Home\"}},{\"@type\":\"ListItem\",\"@id\":\"https:\\\/\\\/anoticiaonline.com.br\\\/site\\\/categoria\\\/colunistas\\\/sociarte\\\/#listItem\",\"position\":3,\"name\":\"Sociarte\",\"item\":\"https:\\\/\\\/anoticiaonline.com.br\\\/site\\\/categoria\\\/colunistas\\\/sociarte\\\/\",\"nextItem\":{\"@type\":\"ListItem\",\"@id\":\"https:\\\/\\\/anoticiaonline.com.br\\\/site\\\/sociarte-04-05\\\/#listItem\",\"name\":\"Sociarte 04-05\"},\"previousItem\":{\"@type\":\"ListItem\",\"@id\":\"https:\\\/\\\/anoticiaonline.com.br\\\/site\\\/categoria\\\/colunistas\\\/#listItem\",\"name\":\"Colunistas\"}},{\"@type\":\"ListItem\",\"@id\":\"https:\\\/\\\/anoticiaonline.com.br\\\/site\\\/sociarte-04-05\\\/#listItem\",\"position\":4,\"name\":\"Sociarte 04-05\",\"previousItem\":{\"@type\":\"ListItem\",\"@id\":\"https:\\\/\\\/anoticiaonline.com.br\\\/site\\\/categoria\\\/colunistas\\\/sociarte\\\/#listItem\",\"name\":\"Sociarte\"}}]},{\"@type\":\"Organization\",\"@id\":\"https:\\\/\\\/anoticiaonline.com.br\\\/site\\\/#organization\",\"name\":\"A Not\\u00edcia Online\",\"description\":\"Noticias de Muria\\u00e9 e regi\\u00e3o\",\"url\":\"https:\\\/\\\/anoticiaonline.com.br\\\/site\\\/\",\"logo\":{\"@type\":\"ImageObject\",\"url\":\"https:\\\/\\\/scontent-gig4-1.xx.fbcdn.net\\\/v\\\/t39.30808-1\\\/270437624_4564083193639691_6907940295614233970_n.jpg?stp=dst-jpg_s200x200_tt6&_nc_cat=111&ccb=1-7&_nc_sid=f907e8&_nc_ohc=SM1wRlP3lJwQ7kNvwEPuBYA&_nc_oc=AdnqrjDN_BNjSSHWO-GbkIWH6fkGMLw4bqvL_NH6e2wMveX7G-rP2dAqsDSq1mJMOaY&_nc_zt=24&_nc_ht=scontent-gig4-1.xx&_nc_gid=AoBFJeGrT1hVaew_6rchkQ&oh=00_AfX7QmFGhQhG2jAllVgXCiM1ZrWgvtp80-Bfppyexh1QEg&oe=689E923C\",\"@id\":\"https:\\\/\\\/anoticiaonline.com.br\\\/site\\\/sociarte-04-05\\\/#organizationLogo\"},\"image\":{\"@id\":\"https:\\\/\\\/anoticiaonline.com.br\\\/site\\\/sociarte-04-05\\\/#organizationLogo\"}},{\"@type\":\"Person\",\"@id\":\"https:\\\/\\\/anoticiaonline.com.br\\\/site\\\/author\\\/juliana\\\/#author\",\"url\":\"https:\\\/\\\/anoticiaonline.com.br\\\/site\\\/author\\\/juliana\\\/\",\"name\":\"Juliana Laviola\",\"image\":{\"@type\":\"ImageObject\",\"@id\":\"https:\\\/\\\/anoticiaonline.com.br\\\/site\\\/sociarte-04-05\\\/#authorImage\",\"url\":\"https:\\\/\\\/secure.gravatar.com\\\/avatar\\\/b8d45f5c699b100dfaf0e543582f38f38bf94cb7ae3a5e9abf8d891a34773335?s=96&d=mm&r=g\",\"width\":96,\"height\":96,\"caption\":\"Juliana Laviola\"}},{\"@type\":\"WebPage\",\"@id\":\"https:\\\/\\\/anoticiaonline.com.br\\\/site\\\/sociarte-04-05\\\/#webpage\",\"url\":\"https:\\\/\\\/anoticiaonline.com.br\\\/site\\\/sociarte-04-05\\\/\",\"name\":\"Sociarte 04-05 - A Not\\u00edcia Online\",\"description\":\"Parab\\u00e9ns Ana Carolina A bonita, Ana Carolina Pereira Souza, recebeu, no dia 24 de abril, a t\\u00e3o sonhada carteira da Ordem dos Advogados do Brasil (OAB). Ela que \\u00e9 filha do conhecido casal de empres\\u00e1rios, propriet\\u00e1rios da Mec\\u00e2nica Vasm\\u00e1, Luciane Vieira Pereira e Jorge Luiz Souza (Varrido), se formou em direito pelo Centro Universit\\u00e1rio UNIFAMINAS,\",\"inLanguage\":\"pt-BR\",\"isPartOf\":{\"@id\":\"https:\\\/\\\/anoticiaonline.com.br\\\/site\\\/#website\"},\"breadcrumb\":{\"@id\":\"https:\\\/\\\/anoticiaonline.com.br\\\/site\\\/sociarte-04-05\\\/#breadcrumblist\"},\"author\":{\"@id\":\"https:\\\/\\\/anoticiaonline.com.br\\\/site\\\/author\\\/juliana\\\/#author\"},\"creator\":{\"@id\":\"https:\\\/\\\/anoticiaonline.com.br\\\/site\\\/author\\\/juliana\\\/#author\"},\"datePublished\":\"2018-05-04T15:05:19-03:00\",\"dateModified\":\"2018-05-09T15:22:57-03:00\"},{\"@type\":\"WebSite\",\"@id\":\"https:\\\/\\\/anoticiaonline.com.br\\\/site\\\/#website\",\"url\":\"https:\\\/\\\/anoticiaonline.com.br\\\/site\\\/\",\"name\":\"A Not\\u00edcia Online\",\"description\":\"Noticias de Muria\\u00e9 e regi\\u00e3o\",\"inLanguage\":\"pt-BR\",\"publisher\":{\"@id\":\"https:\\\/\\\/anoticiaonline.com.br\\\/site\\\/#organization\"}}]}\n\t\t<\/script>\n\t\t<!-- All in One SEO -->\n\n","aioseo_head_json":{"title":"Sociarte 04-05 - A Not\u00edcia Online","description":"Parab\u00e9ns Ana Carolina A bonita, Ana Carolina Pereira Souza, recebeu, no dia 24 de abril, a t\u00e3o sonhada carteira da Ordem dos Advogados do Brasil (OAB). Ela que \u00e9 filha do conhecido casal de empres\u00e1rios, propriet\u00e1rios da Mec\u00e2nica Vasm\u00e1, Luciane Vieira Pereira e Jorge Luiz Souza (Varrido), se formou em direito pelo Centro Universit\u00e1rio UNIFAMINAS,","canonical_url":"https:\/\/anoticiaonline.com.br\/site\/sociarte-04-05\/","robots":"max-image-preview:large","keywords":"","webmasterTools":{"miscellaneous":""},"schema":{"@context":"https:\/\/schema.org","@graph":[{"@type":"BlogPosting","@id":"https:\/\/anoticiaonline.com.br\/site\/sociarte-04-05\/#blogposting","name":"Sociarte 04-05 - A Not\u00edcia Online","headline":"Sociarte 04-05","author":{"@id":"https:\/\/anoticiaonline.com.br\/site\/author\/juliana\/#author"},"publisher":{"@id":"https:\/\/anoticiaonline.com.br\/site\/#organization"},"image":{"@type":"ImageObject","url":"https:\/\/anoticiaonline.com.br\/site\/wp-content\/uploads\/2018\/05\/Parab\u00e9ns-Ana-Carolina.jpg","@id":"https:\/\/anoticiaonline.com.br\/site\/sociarte-04-05\/#articleImage","width":480,"height":640},"datePublished":"2018-05-04T15:05:19-03:00","dateModified":"2018-05-09T15:22:57-03:00","inLanguage":"pt-BR","mainEntityOfPage":{"@id":"https:\/\/anoticiaonline.com.br\/site\/sociarte-04-05\/#webpage"},"isPartOf":{"@id":"https:\/\/anoticiaonline.com.br\/site\/sociarte-04-05\/#webpage"},"articleSection":"Gerais, Sociarte"},{"@type":"BreadcrumbList","@id":"https:\/\/anoticiaonline.com.br\/site\/sociarte-04-05\/#breadcrumblist","itemListElement":[{"@type":"ListItem","@id":"https:\/\/anoticiaonline.com.br\/site#listItem","position":1,"name":"Home","item":"https:\/\/anoticiaonline.com.br\/site","nextItem":{"@type":"ListItem","@id":"https:\/\/anoticiaonline.com.br\/site\/categoria\/colunistas\/#listItem","name":"Colunistas"}},{"@type":"ListItem","@id":"https:\/\/anoticiaonline.com.br\/site\/categoria\/colunistas\/#listItem","position":2,"name":"Colunistas","item":"https:\/\/anoticiaonline.com.br\/site\/categoria\/colunistas\/","nextItem":{"@type":"ListItem","@id":"https:\/\/anoticiaonline.com.br\/site\/categoria\/colunistas\/sociarte\/#listItem","name":"Sociarte"},"previousItem":{"@type":"ListItem","@id":"https:\/\/anoticiaonline.com.br\/site#listItem","name":"Home"}},{"@type":"ListItem","@id":"https:\/\/anoticiaonline.com.br\/site\/categoria\/colunistas\/sociarte\/#listItem","position":3,"name":"Sociarte","item":"https:\/\/anoticiaonline.com.br\/site\/categoria\/colunistas\/sociarte\/","nextItem":{"@type":"ListItem","@id":"https:\/\/anoticiaonline.com.br\/site\/sociarte-04-05\/#listItem","name":"Sociarte 04-05"},"previousItem":{"@type":"ListItem","@id":"https:\/\/anoticiaonline.com.br\/site\/categoria\/colunistas\/#listItem","name":"Colunistas"}},{"@type":"ListItem","@id":"https:\/\/anoticiaonline.com.br\/site\/sociarte-04-05\/#listItem","position":4,"name":"Sociarte 04-05","previousItem":{"@type":"ListItem","@id":"https:\/\/anoticiaonline.com.br\/site\/categoria\/colunistas\/sociarte\/#listItem","name":"Sociarte"}}]},{"@type":"Organization","@id":"https:\/\/anoticiaonline.com.br\/site\/#organization","name":"A Not\u00edcia Online","description":"Noticias de Muria\u00e9 e regi\u00e3o","url":"https:\/\/anoticiaonline.com.br\/site\/","logo":{"@type":"ImageObject","url":"https:\/\/scontent-gig4-1.xx.fbcdn.net\/v\/t39.30808-1\/270437624_4564083193639691_6907940295614233970_n.jpg?stp=dst-jpg_s200x200_tt6&_nc_cat=111&ccb=1-7&_nc_sid=f907e8&_nc_ohc=SM1wRlP3lJwQ7kNvwEPuBYA&_nc_oc=AdnqrjDN_BNjSSHWO-GbkIWH6fkGMLw4bqvL_NH6e2wMveX7G-rP2dAqsDSq1mJMOaY&_nc_zt=24&_nc_ht=scontent-gig4-1.xx&_nc_gid=AoBFJeGrT1hVaew_6rchkQ&oh=00_AfX7QmFGhQhG2jAllVgXCiM1ZrWgvtp80-Bfppyexh1QEg&oe=689E923C","@id":"https:\/\/anoticiaonline.com.br\/site\/sociarte-04-05\/#organizationLogo"},"image":{"@id":"https:\/\/anoticiaonline.com.br\/site\/sociarte-04-05\/#organizationLogo"}},{"@type":"Person","@id":"https:\/\/anoticiaonline.com.br\/site\/author\/juliana\/#author","url":"https:\/\/anoticiaonline.com.br\/site\/author\/juliana\/","name":"Juliana Laviola","image":{"@type":"ImageObject","@id":"https:\/\/anoticiaonline.com.br\/site\/sociarte-04-05\/#authorImage","url":"https:\/\/secure.gravatar.com\/avatar\/b8d45f5c699b100dfaf0e543582f38f38bf94cb7ae3a5e9abf8d891a34773335?s=96&d=mm&r=g","width":96,"height":96,"caption":"Juliana Laviola"}},{"@type":"WebPage","@id":"https:\/\/anoticiaonline.com.br\/site\/sociarte-04-05\/#webpage","url":"https:\/\/anoticiaonline.com.br\/site\/sociarte-04-05\/","name":"Sociarte 04-05 - A Not\u00edcia Online","description":"Parab\u00e9ns Ana Carolina A bonita, Ana Carolina Pereira Souza, recebeu, no dia 24 de abril, a t\u00e3o sonhada carteira da Ordem dos Advogados do Brasil (OAB). Ela que \u00e9 filha do conhecido casal de empres\u00e1rios, propriet\u00e1rios da Mec\u00e2nica Vasm\u00e1, Luciane Vieira Pereira e Jorge Luiz Souza (Varrido), se formou em direito pelo Centro Universit\u00e1rio UNIFAMINAS,","inLanguage":"pt-BR","isPartOf":{"@id":"https:\/\/anoticiaonline.com.br\/site\/#website"},"breadcrumb":{"@id":"https:\/\/anoticiaonline.com.br\/site\/sociarte-04-05\/#breadcrumblist"},"author":{"@id":"https:\/\/anoticiaonline.com.br\/site\/author\/juliana\/#author"},"creator":{"@id":"https:\/\/anoticiaonline.com.br\/site\/author\/juliana\/#author"},"datePublished":"2018-05-04T15:05:19-03:00","dateModified":"2018-05-09T15:22:57-03:00"},{"@type":"WebSite","@id":"https:\/\/anoticiaonline.com.br\/site\/#website","url":"https:\/\/anoticiaonline.com.br\/site\/","name":"A Not\u00edcia Online","description":"Noticias de Muria\u00e9 e regi\u00e3o","inLanguage":"pt-BR","publisher":{"@id":"https:\/\/anoticiaonline.com.br\/site\/#organization"}}]},"og:locale":"pt_BR","og:site_name":"A Not\u00edcia Online - Noticias de Muria\u00e9 e regi\u00e3o","og:type":"article","og:title":"Sociarte 04-05 - A Not\u00edcia Online","og:description":"Parab\u00e9ns Ana Carolina A bonita, Ana Carolina Pereira Souza, recebeu, no dia 24 de abril, a t\u00e3o sonhada carteira da Ordem dos Advogados do Brasil (OAB). Ela que \u00e9 filha do conhecido casal de empres\u00e1rios, propriet\u00e1rios da Mec\u00e2nica Vasm\u00e1, Luciane Vieira Pereira e Jorge Luiz Souza (Varrido), se formou em direito pelo Centro Universit\u00e1rio UNIFAMINAS,","og:url":"https:\/\/anoticiaonline.com.br\/site\/sociarte-04-05\/","og:image":"https:\/\/scontent-gig4-1.xx.fbcdn.net\/v\/t39.30808-1\/270437624_4564083193639691_6907940295614233970_n.jpg?stp=dst-jpg_s200x200_tt6&#038;_nc_cat=111&#038;ccb=1-7&#038;_nc_sid=f907e8&#038;_nc_ohc=SM1wRlP3lJwQ7kNvwEPuBYA&#038;_nc_oc=AdnqrjDN_BNjSSHWO-GbkIWH6fkGMLw4bqvL_NH6e2wMveX7G-rP2dAqsDSq1mJMOaY&#038;_nc_zt=24&#038;_nc_ht=scontent-gig4-1.xx&#038;_nc_gid=AoBFJeGrT1hVaew_6rchkQ&#038;oh=00_AfX7QmFGhQhG2jAllVgXCiM1ZrWgvtp80-Bfppyexh1QEg&#038;oe=689E923C","og:image:secure_url":"https:\/\/scontent-gig4-1.xx.fbcdn.net\/v\/t39.30808-1\/270437624_4564083193639691_6907940295614233970_n.jpg?stp=dst-jpg_s200x200_tt6&#038;_nc_cat=111&#038;ccb=1-7&#038;_nc_sid=f907e8&#038;_nc_ohc=SM1wRlP3lJwQ7kNvwEPuBYA&#038;_nc_oc=AdnqrjDN_BNjSSHWO-GbkIWH6fkGMLw4bqvL_NH6e2wMveX7G-rP2dAqsDSq1mJMOaY&#038;_nc_zt=24&#038;_nc_ht=scontent-gig4-1.xx&#038;_nc_gid=AoBFJeGrT1hVaew_6rchkQ&#038;oh=00_AfX7QmFGhQhG2jAllVgXCiM1ZrWgvtp80-Bfppyexh1QEg&#038;oe=689E923C","article:published_time":"2018-05-04T18:05:19+00:00","article:modified_time":"2018-05-09T18:22:57+00:00","twitter:card":"summary_large_image","twitter:title":"Sociarte 04-05 - A Not\u00edcia Online","twitter:description":"Parab\u00e9ns Ana Carolina A bonita, Ana Carolina Pereira Souza, recebeu, no dia 24 de abril, a t\u00e3o sonhada carteira da Ordem dos Advogados do Brasil (OAB). Ela que \u00e9 filha do conhecido casal de empres\u00e1rios, propriet\u00e1rios da Mec\u00e2nica Vasm\u00e1, Luciane Vieira Pereira e Jorge Luiz Souza (Varrido), se formou em direito pelo Centro Universit\u00e1rio UNIFAMINAS,","twitter:image":"https:\/\/scontent-gig4-1.xx.fbcdn.net\/v\/t39.30808-1\/270437624_4564083193639691_6907940295614233970_n.jpg?stp=dst-jpg_s200x200_tt6&_nc_cat=111&ccb=1-7&_nc_sid=f907e8&_nc_ohc=SM1wRlP3lJwQ7kNvwEPuBYA&_nc_oc=AdnqrjDN_BNjSSHWO-GbkIWH6fkGMLw4bqvL_NH6e2wMveX7G-rP2dAqsDSq1mJMOaY&_nc_zt=24&_nc_ht=scontent-gig4-1.xx&_nc_gid=AoBFJeGrT1hVaew_6rchkQ&oh=00_AfX7QmFGhQhG2jAllVgXCiM1ZrWgvtp80-Bfppyexh1QEg&oe=689E923C"},"aioseo_meta_data":{"post_id":"55747","title":null,"description":null,"keywords":null,"keyphrases":null,"primary_term":null,"canonical_url":null,"og_title":null,"og_description":null,"og_object_type":"default","og_image_type":"default","og_image_url":null,"og_image_width":null,"og_image_height":null,"og_image_custom_url":null,"og_image_custom_fields":null,"og_video":null,"og_custom_url":null,"og_article_section":null,"og_article_tags":null,"twitter_use_og":false,"twitter_card":"default","twitter_image_type":"default","twitter_image_url":null,"twitter_image_custom_url":null,"twitter_image_custom_fields":null,"twitter_title":null,"twitter_description":null,"schema":{"blockGraphs":[],"customGraphs":[],"default":{"data":{"Article":[],"Course":[],"Dataset":[],"FAQPage":[],"Movie":[],"Person":[],"Product":[],"ProductReview":[],"Car":[],"Recipe":[],"Service":[],"SoftwareApplication":[],"WebPage":[]},"graphName":"","isEnabled":true},"graphs":[]},"schema_type":"default","schema_type_options":null,"pillar_content":false,"robots_default":true,"robots_noindex":false,"robots_noarchive":false,"robots_nosnippet":false,"robots_nofollow":false,"robots_noimageindex":false,"robots_noodp":false,"robots_notranslate":false,"robots_max_snippet":null,"robots_max_videopreview":null,"robots_max_imagepreview":"large","priority":null,"frequency":null,"local_seo":null,"breadcrumb_settings":null,"limit_modified_date":false,"ai":null,"created":"2025-08-16 20:49:22","updated":"2025-08-16 20:49:22","focus_keyword":null,"additional_keywords":null,"truseo_locale":null,"seo_analyzer_scan_date":null},"aioseo_breadcrumb":"<div class=\"aioseo-breadcrumbs\"><span class=\"aioseo-breadcrumb\">\n\t\t\t<a href=\"https:\/\/anoticiaonline.com.br\/site\" title=\"Home\">Home<\/a>\n\t\t<\/span><span class=\"aioseo-breadcrumb-separator\">&raquo;<\/span><span class=\"aioseo-breadcrumb\">\n\t\t\t<a href=\"https:\/\/anoticiaonline.com.br\/site\/categoria\/colunistas\/\" title=\"Colunistas\">Colunistas<\/a>\n\t\t<\/span><span class=\"aioseo-breadcrumb-separator\">&raquo;<\/span><span class=\"aioseo-breadcrumb\">\n\t\t\t<a href=\"https:\/\/anoticiaonline.com.br\/site\/categoria\/colunistas\/sociarte\/\" title=\"Sociarte\">Sociarte<\/a>\n\t\t<\/span><span class=\"aioseo-breadcrumb-separator\">&raquo;<\/span><span class=\"aioseo-breadcrumb\">\n\t\t\tSociarte 04-05\n\t\t<\/span><\/div>","aioseo_breadcrumb_json":[{"label":"Home","link":"https:\/\/anoticiaonline.com.br\/site"},{"label":"Colunistas","link":"https:\/\/anoticiaonline.com.br\/site\/categoria\/colunistas\/"},{"label":"Sociarte","link":"https:\/\/anoticiaonline.com.br\/site\/categoria\/colunistas\/sociarte\/"},{"label":"Sociarte 04-05","link":"https:\/\/anoticiaonline.com.br\/site\/sociarte-04-05\/"}],"views":160,"_links":{"self":[{"href":"https:\/\/anoticiaonline.com.br\/site\/wp-json\/wp\/v2\/posts\/55747","targetHints":{"allow":["GET"]}}],"collection":[{"href":"https:\/\/anoticiaonline.com.br\/site\/wp-json\/wp\/v2\/posts"}],"about":[{"href":"https:\/\/anoticiaonline.com.br\/site\/wp-json\/wp\/v2\/types\/post"}],"author":[{"embeddable":true,"href":"https:\/\/anoticiaonline.com.br\/site\/wp-json\/wp\/v2\/users\/2"}],"replies":[{"embeddable":true,"href":"https:\/\/anoticiaonline.com.br\/site\/wp-json\/wp\/v2\/comments?post=55747"}],"version-history":[{"count":0,"href":"https:\/\/anoticiaonline.com.br\/site\/wp-json\/wp\/v2\/posts\/55747\/revisions"}],"wp:attachment":[{"href":"https:\/\/anoticiaonline.com.br\/site\/wp-json\/wp\/v2\/media?parent=55747"}],"wp:term":[{"taxonomy":"category","embeddable":true,"href":"https:\/\/anoticiaonline.com.br\/site\/wp-json\/wp\/v2\/categories?post=55747"},{"taxonomy":"post_tag","embeddable":true,"href":"https:\/\/anoticiaonline.com.br\/site\/wp-json\/wp\/v2\/tags?post=55747"}],"curies":[{"name":"wp","href":"https:\/\/api.w.org\/{rel}","templated":true}]}}