{"id":55743,"date":"2018-05-09T14:31:46","date_gmt":"2018-05-09T17:31:46","guid":{"rendered":"http:\/\/anoticiaonline.com.br\/site\/?p=55743"},"modified":"2018-05-11T10:46:34","modified_gmt":"2018-05-11T13:46:34","slug":"liminar-obriga-pagamento-de-mais-de-r3-milhoes-referentes-a-50-do-ipva-de-muriae","status":"publish","type":"post","link":"https:\/\/anoticiaonline.com.br\/site\/liminar-obriga-pagamento-de-mais-de-r3-milhoes-referentes-a-50-do-ipva-de-muriae\/","title":{"rendered":"Liminar obriga pagamento de mais de R$3 milh\u00f5es referentes a 50% do IPVA"},"content":{"rendered":"<p>Uma a\u00e7\u00e3o popular, ajuizada pelo vereador Julio Simbra, contra o Estado de Minas Gerais, bem como o governador, Fernando Pimentel, e o secret\u00e1rio de Estado de\u00a0Fazenda, Jos\u00e9 Afonso Bicalho Beltr\u00e3o da Silva, resultou em uma liminar concedida pela ju\u00edza de Direito da 4\u00aa Vara Civil da Comarca de Muria\u00e9, Aline Arquette, na ter\u00e7a-feira (8).<\/p>\n<p><a href=\"https:\/\/anoticiaonline.com.br\/site\/wp-content\/uploads\/2018\/05\/CAPA.jpg\"><img fetchpriority=\"high\" decoding=\"async\" class=\"alignnone size-full wp-image-55745\" src=\"https:\/\/anoticiaonline.com.br\/site\/wp-content\/uploads\/2018\/05\/CAPA.jpg\" alt=\"\" width=\"640\" height=\"427\" srcset=\"https:\/\/anoticiaonline.com.br\/site\/wp-content\/uploads\/2018\/05\/CAPA.jpg 640w, https:\/\/anoticiaonline.com.br\/site\/wp-content\/uploads\/2018\/05\/CAPA-300x200.jpg 300w\" sizes=\"(max-width: 640px) 100vw, 640px\" \/><\/a><\/p>\n<p>A liminar obriga o Estado a pagar ao munic\u00edpio, em car\u00e1ter de urg\u00eancia, mais de R$3 milh\u00f5es referentes a 50% do Imposto sobre Propriedade de Ve\u00edculos Automotores (IPVA)\u00a0de Muria\u00e9 sob alega\u00e7\u00e3o \u201cde que est\u00e3o sendo retidos parcialmente, o que vem acarretando, reflexos negativos nos recursos do Fundo de Manuten\u00e7\u00e3o e Desenvolvimento da Educa\u00e7\u00e3o B\u00e1sica e de Valoriza\u00e7\u00e3o dos Profissionais da Educa\u00e7\u00e3o (FUNDEB), que s\u00e3o compostos, dentre outras fontes de receitas, por 20% do IPVA, o que compromete or\u00e7amento p\u00fablico nas a\u00e7\u00f5es das \u00e1reas de sa\u00fade, educa\u00e7\u00e3o e de desenvolvimento social\u201d.<\/p>\n<p>Segundo Julio Simbra, este repasse \u00e9 previsto pela Constitui\u00e7\u00e3o Estadual e Federal. \u201cO Estado deve pagar a quantia o mais r\u00e1pido poss\u00edvel. Os repasses de 50% do valor IPVA s\u00e3o previstos na Constitui\u00e7\u00e3o brasileira e devem ser feitos imediatamente aos munic\u00edpios. A reten\u00e7\u00e3o configura crime de apropria\u00e7\u00e3o ind\u00e9bita e improbidade administrativa, impedindo que o dinheiro possa ser usado na execu\u00e7\u00e3o de diversas pol\u00edticas p\u00fablicas de import\u00e2ncia para vida da popula\u00e7\u00e3o muriaeense\u201d, conta.<\/p>\n<figure id=\"attachment_55744\" aria-describedby=\"caption-attachment-55744\" style=\"width: 630px\" class=\"wp-caption alignnone\"><a href=\"https:\/\/anoticiaonline.com.br\/site\/wp-content\/uploads\/2018\/05\/Liminar-obriga-pagamento-de-mais-de-R3-milh\u00f5es-referentes-a-50-do-IPVA-de-Muria\u00e9.jpg\"><img decoding=\"async\" class=\"size-full wp-image-55744\" src=\"https:\/\/anoticiaonline.com.br\/site\/wp-content\/uploads\/2018\/05\/Liminar-obriga-pagamento-de-mais-de-R3-milh\u00f5es-referentes-a-50-do-IPVA-de-Muria\u00e9.jpg\" alt=\"\" width=\"640\" height=\"427\" srcset=\"https:\/\/anoticiaonline.com.br\/site\/wp-content\/uploads\/2018\/05\/Liminar-obriga-pagamento-de-mais-de-R3-milh\u00f5es-referentes-a-50-do-IPVA-de-Muria\u00e9.jpg 640w, https:\/\/anoticiaonline.com.br\/site\/wp-content\/uploads\/2018\/05\/Liminar-obriga-pagamento-de-mais-de-R3-milh\u00f5es-referentes-a-50-do-IPVA-de-Muria\u00e9-300x200.jpg 300w\" sizes=\"(max-width: 640px) 100vw, 640px\" \/><\/a><figcaption id=\"caption-attachment-55744\" class=\"wp-caption-text\">O vereador, Julio Simbra, ajuizou a\u00e7\u00e3o popular para que o Estado repasse o valor de 50% do IPVA para Muria\u00e9<\/figcaption><\/figure>\n<p>&nbsp;<\/p>\n","protected":false},"excerpt":{"rendered":"<p>Uma a\u00e7\u00e3o popular, ajuizada pelo vereador Julio Simbra, contra o Estado de Minas Gerais, bem como o governador, Fernando Pimentel, e o secret\u00e1rio de Estado de\u00a0Fazenda, Jos\u00e9 Afonso Bicalho Beltr\u00e3o da Silva, resultou em uma liminar concedida pela ju\u00edza de Direito da 4\u00aa Vara Civil da Comarca de Muria\u00e9, Aline Arquette, na ter\u00e7a-feira (8). A &#8230; <a title=\"Liminar obriga pagamento de mais de R$3 milh\u00f5es referentes a 50% do IPVA\" class=\"read-more\" href=\"https:\/\/anoticiaonline.com.br\/site\/liminar-obriga-pagamento-de-mais-de-r3-milhoes-referentes-a-50-do-ipva-de-muriae\/\" aria-label=\"Read more about Liminar obriga pagamento de mais de R$3 milh\u00f5es referentes a 50% do IPVA\">Ler mais<\/a><\/p>\n","protected":false},"author":2,"featured_media":55745,"comment_status":"open","ping_status":"open","sticky":false,"template":"","format":"standard","meta":{"_acf_changed":false,"_monsterinsights_skip_tracking":false,"footnotes":""},"categories":[30],"tags":[1845,2527,301,2526,74],"class_list":["post-55743","post","type-post","status-publish","format-standard","has-post-thumbnail","hentry","category-muriae","tag-ipva","tag-julio-simbra","tag-justica","tag-liminar","tag-muriae"],"acf":[],"aioseo_notices":[],"aioseo_head":"\n\t\t<!-- All in One SEO 5.0.0.1 - aioseo.com -->\n\t<meta name=\"description\" content=\"Uma a\u00e7\u00e3o popular, ajuizada pelo vereador Julio Simbra, contra o Estado de Minas Gerais, bem como o governador, Fernando Pimentel, e o secret\u00e1rio de Estado de Fazenda, Jos\u00e9 Afonso Bicalho Beltr\u00e3o da Silva, resultou em uma liminar concedida pela ju\u00edza de Direito da 4\u00aa Vara Civil da Comarca de Muria\u00e9, Aline Arquette, na ter\u00e7a-feira (8). A\" \/>\n\t<meta name=\"robots\" content=\"max-image-preview:large\" \/>\n\t<meta name=\"author\" content=\"Juliana Laviola\"\/>\n\t<link rel=\"canonical\" href=\"https:\/\/anoticiaonline.com.br\/site\/liminar-obriga-pagamento-de-mais-de-r3-milhoes-referentes-a-50-do-ipva-de-muriae\/\" \/>\n\t<meta name=\"generator\" content=\"All in One SEO (AIOSEO) 5.0.0.1\" \/>\n\t\t<meta property=\"og:locale\" content=\"pt_BR\" \/>\n\t\t<meta property=\"og:site_name\" content=\"A Not\u00edcia Online - Noticias de Muria\u00e9 e regi\u00e3o\" \/>\n\t\t<meta property=\"og:type\" content=\"article\" \/>\n\t\t<meta property=\"og:title\" content=\"Liminar obriga pagamento de mais de R$3 milh\u00f5es referentes a 50% do IPVA - A Not\u00edcia Online\" \/>\n\t\t<meta property=\"og:description\" content=\"Uma a\u00e7\u00e3o popular, ajuizada pelo vereador Julio Simbra, contra o Estado de Minas Gerais, bem como o governador, Fernando Pimentel, e o secret\u00e1rio de Estado de Fazenda, Jos\u00e9 Afonso Bicalho Beltr\u00e3o da Silva, resultou em uma liminar concedida pela ju\u00edza de Direito da 4\u00aa Vara Civil da Comarca de Muria\u00e9, Aline Arquette, na ter\u00e7a-feira (8). A\" \/>\n\t\t<meta property=\"og:url\" content=\"https:\/\/anoticiaonline.com.br\/site\/liminar-obriga-pagamento-de-mais-de-r3-milhoes-referentes-a-50-do-ipva-de-muriae\/\" \/>\n\t\t<meta property=\"og:image\" content=\"https:\/\/scontent-gig4-1.xx.fbcdn.net\/v\/t39.30808-1\/270437624_4564083193639691_6907940295614233970_n.jpg?stp=dst-jpg_s200x200_tt6&#038;_nc_cat=111&#038;ccb=1-7&#038;_nc_sid=f907e8&#038;_nc_ohc=SM1wRlP3lJwQ7kNvwEPuBYA&#038;_nc_oc=AdnqrjDN_BNjSSHWO-GbkIWH6fkGMLw4bqvL_NH6e2wMveX7G-rP2dAqsDSq1mJMOaY&#038;_nc_zt=24&#038;_nc_ht=scontent-gig4-1.xx&#038;_nc_gid=AoBFJeGrT1hVaew_6rchkQ&#038;oh=00_AfX7QmFGhQhG2jAllVgXCiM1ZrWgvtp80-Bfppyexh1QEg&#038;oe=689E923C\" \/>\n\t\t<meta property=\"og:image:secure_url\" content=\"https:\/\/scontent-gig4-1.xx.fbcdn.net\/v\/t39.30808-1\/270437624_4564083193639691_6907940295614233970_n.jpg?stp=dst-jpg_s200x200_tt6&#038;_nc_cat=111&#038;ccb=1-7&#038;_nc_sid=f907e8&#038;_nc_ohc=SM1wRlP3lJwQ7kNvwEPuBYA&#038;_nc_oc=AdnqrjDN_BNjSSHWO-GbkIWH6fkGMLw4bqvL_NH6e2wMveX7G-rP2dAqsDSq1mJMOaY&#038;_nc_zt=24&#038;_nc_ht=scontent-gig4-1.xx&#038;_nc_gid=AoBFJeGrT1hVaew_6rchkQ&#038;oh=00_AfX7QmFGhQhG2jAllVgXCiM1ZrWgvtp80-Bfppyexh1QEg&#038;oe=689E923C\" \/>\n\t\t<meta property=\"article:published_time\" content=\"2018-05-09T17:31:46+00:00\" \/>\n\t\t<meta property=\"article:modified_time\" content=\"2018-05-11T13:46:34+00:00\" \/>\n\t\t<meta name=\"twitter:card\" content=\"summary_large_image\" \/>\n\t\t<meta name=\"twitter:title\" content=\"Liminar obriga pagamento de mais de R$3 milh\u00f5es referentes a 50% do IPVA - A Not\u00edcia Online\" \/>\n\t\t<meta name=\"twitter:description\" content=\"Uma a\u00e7\u00e3o popular, ajuizada pelo vereador Julio Simbra, contra o Estado de Minas Gerais, bem como o governador, Fernando Pimentel, e o secret\u00e1rio de Estado de Fazenda, Jos\u00e9 Afonso Bicalho Beltr\u00e3o da Silva, resultou em uma liminar concedida pela ju\u00edza de Direito da 4\u00aa Vara Civil da Comarca de Muria\u00e9, Aline Arquette, na ter\u00e7a-feira (8). A\" \/>\n\t\t<meta name=\"twitter:image\" content=\"https:\/\/scontent-gig4-1.xx.fbcdn.net\/v\/t39.30808-1\/270437624_4564083193639691_6907940295614233970_n.jpg?stp=dst-jpg_s200x200_tt6&amp;_nc_cat=111&amp;ccb=1-7&amp;_nc_sid=f907e8&amp;_nc_ohc=SM1wRlP3lJwQ7kNvwEPuBYA&amp;_nc_oc=AdnqrjDN_BNjSSHWO-GbkIWH6fkGMLw4bqvL_NH6e2wMveX7G-rP2dAqsDSq1mJMOaY&amp;_nc_zt=24&amp;_nc_ht=scontent-gig4-1.xx&amp;_nc_gid=AoBFJeGrT1hVaew_6rchkQ&amp;oh=00_AfX7QmFGhQhG2jAllVgXCiM1ZrWgvtp80-Bfppyexh1QEg&amp;oe=689E923C\" \/>\n\t\t<script type=\"application\/ld+json\" class=\"aioseo-schema\">\n\t\t\t{\"@context\":\"https:\\\/\\\/schema.org\",\"@graph\":[{\"@type\":\"BlogPosting\",\"@id\":\"https:\\\/\\\/anoticiaonline.com.br\\\/site\\\/liminar-obriga-pagamento-de-mais-de-r3-milhoes-referentes-a-50-do-ipva-de-muriae\\\/#blogposting\",\"name\":\"Liminar obriga pagamento de mais de R$3 milh\\u00f5es referentes a 50% do IPVA - A Not\\u00edcia Online\",\"headline\":\"Liminar obriga pagamento de mais de R$3 milh\\u00f5es referentes a 50% do IPVA\",\"author\":{\"@id\":\"https:\\\/\\\/anoticiaonline.com.br\\\/site\\\/author\\\/juliana\\\/#author\"},\"publisher\":{\"@id\":\"https:\\\/\\\/anoticiaonline.com.br\\\/site\\\/#organization\"},\"image\":{\"@type\":\"ImageObject\",\"url\":\"https:\\\/\\\/anoticiaonline.com.br\\\/site\\\/wp-content\\\/uploads\\\/2018\\\/05\\\/CAPA.jpg\",\"width\":640,\"height\":427},\"datePublished\":\"2018-05-09T14:31:46-03:00\",\"dateModified\":\"2018-05-11T10:46:34-03:00\",\"inLanguage\":\"pt-BR\",\"mainEntityOfPage\":{\"@id\":\"https:\\\/\\\/anoticiaonline.com.br\\\/site\\\/liminar-obriga-pagamento-de-mais-de-r3-milhoes-referentes-a-50-do-ipva-de-muriae\\\/#webpage\"},\"isPartOf\":{\"@id\":\"https:\\\/\\\/anoticiaonline.com.br\\\/site\\\/liminar-obriga-pagamento-de-mais-de-r3-milhoes-referentes-a-50-do-ipva-de-muriae\\\/#webpage\"},\"articleSection\":\"Blog, ipva, julio simbra, justi\\u00e7a, liminar, Muria\\u00e9\"},{\"@type\":\"BreadcrumbList\",\"@id\":\"https:\\\/\\\/anoticiaonline.com.br\\\/site\\\/liminar-obriga-pagamento-de-mais-de-r3-milhoes-referentes-a-50-do-ipva-de-muriae\\\/#breadcrumblist\",\"itemListElement\":[{\"@type\":\"ListItem\",\"@id\":\"https:\\\/\\\/anoticiaonline.com.br\\\/site#listItem\",\"position\":1,\"name\":\"Home\",\"item\":\"https:\\\/\\\/anoticiaonline.com.br\\\/site\",\"nextItem\":{\"@type\":\"ListItem\",\"@id\":\"https:\\\/\\\/anoticiaonline.com.br\\\/site\\\/categoria\\\/muriae\\\/#listItem\",\"name\":\"Blog\"}},{\"@type\":\"ListItem\",\"@id\":\"https:\\\/\\\/anoticiaonline.com.br\\\/site\\\/categoria\\\/muriae\\\/#listItem\",\"position\":2,\"name\":\"Blog\",\"item\":\"https:\\\/\\\/anoticiaonline.com.br\\\/site\\\/categoria\\\/muriae\\\/\",\"nextItem\":{\"@type\":\"ListItem\",\"@id\":\"https:\\\/\\\/anoticiaonline.com.br\\\/site\\\/liminar-obriga-pagamento-de-mais-de-r3-milhoes-referentes-a-50-do-ipva-de-muriae\\\/#listItem\",\"name\":\"Liminar obriga pagamento de mais de R$3 milh\\u00f5es referentes a 50% do IPVA\"},\"previousItem\":{\"@type\":\"ListItem\",\"@id\":\"https:\\\/\\\/anoticiaonline.com.br\\\/site#listItem\",\"name\":\"Home\"}},{\"@type\":\"ListItem\",\"@id\":\"https:\\\/\\\/anoticiaonline.com.br\\\/site\\\/liminar-obriga-pagamento-de-mais-de-r3-milhoes-referentes-a-50-do-ipva-de-muriae\\\/#listItem\",\"position\":3,\"name\":\"Liminar obriga pagamento de mais de R$3 milh\\u00f5es referentes a 50% do IPVA\",\"previousItem\":{\"@type\":\"ListItem\",\"@id\":\"https:\\\/\\\/anoticiaonline.com.br\\\/site\\\/categoria\\\/muriae\\\/#listItem\",\"name\":\"Blog\"}}]},{\"@type\":\"Organization\",\"@id\":\"https:\\\/\\\/anoticiaonline.com.br\\\/site\\\/#organization\",\"name\":\"A Not\\u00edcia Online\",\"description\":\"Noticias de Muria\\u00e9 e regi\\u00e3o\",\"url\":\"https:\\\/\\\/anoticiaonline.com.br\\\/site\\\/\",\"logo\":{\"@type\":\"ImageObject\",\"url\":\"https:\\\/\\\/scontent-gig4-1.xx.fbcdn.net\\\/v\\\/t39.30808-1\\\/270437624_4564083193639691_6907940295614233970_n.jpg?stp=dst-jpg_s200x200_tt6&_nc_cat=111&ccb=1-7&_nc_sid=f907e8&_nc_ohc=SM1wRlP3lJwQ7kNvwEPuBYA&_nc_oc=AdnqrjDN_BNjSSHWO-GbkIWH6fkGMLw4bqvL_NH6e2wMveX7G-rP2dAqsDSq1mJMOaY&_nc_zt=24&_nc_ht=scontent-gig4-1.xx&_nc_gid=AoBFJeGrT1hVaew_6rchkQ&oh=00_AfX7QmFGhQhG2jAllVgXCiM1ZrWgvtp80-Bfppyexh1QEg&oe=689E923C\",\"@id\":\"https:\\\/\\\/anoticiaonline.com.br\\\/site\\\/liminar-obriga-pagamento-de-mais-de-r3-milhoes-referentes-a-50-do-ipva-de-muriae\\\/#organizationLogo\"},\"image\":{\"@id\":\"https:\\\/\\\/anoticiaonline.com.br\\\/site\\\/liminar-obriga-pagamento-de-mais-de-r3-milhoes-referentes-a-50-do-ipva-de-muriae\\\/#organizationLogo\"}},{\"@type\":\"Person\",\"@id\":\"https:\\\/\\\/anoticiaonline.com.br\\\/site\\\/author\\\/juliana\\\/#author\",\"url\":\"https:\\\/\\\/anoticiaonline.com.br\\\/site\\\/author\\\/juliana\\\/\",\"name\":\"Juliana Laviola\",\"image\":{\"@type\":\"ImageObject\",\"@id\":\"https:\\\/\\\/anoticiaonline.com.br\\\/site\\\/liminar-obriga-pagamento-de-mais-de-r3-milhoes-referentes-a-50-do-ipva-de-muriae\\\/#authorImage\",\"url\":\"https:\\\/\\\/secure.gravatar.com\\\/avatar\\\/b8d45f5c699b100dfaf0e543582f38f38bf94cb7ae3a5e9abf8d891a34773335?s=96&d=mm&r=g\",\"width\":96,\"height\":96,\"caption\":\"Juliana Laviola\"}},{\"@type\":\"WebPage\",\"@id\":\"https:\\\/\\\/anoticiaonline.com.br\\\/site\\\/liminar-obriga-pagamento-de-mais-de-r3-milhoes-referentes-a-50-do-ipva-de-muriae\\\/#webpage\",\"url\":\"https:\\\/\\\/anoticiaonline.com.br\\\/site\\\/liminar-obriga-pagamento-de-mais-de-r3-milhoes-referentes-a-50-do-ipva-de-muriae\\\/\",\"name\":\"Liminar obriga pagamento de mais de R$3 milh\\u00f5es referentes a 50% do IPVA - A Not\\u00edcia Online\",\"description\":\"Uma a\\u00e7\\u00e3o popular, ajuizada pelo vereador Julio Simbra, contra o Estado de Minas Gerais, bem como o governador, Fernando Pimentel, e o secret\\u00e1rio de Estado de Fazenda, Jos\\u00e9 Afonso Bicalho Beltr\\u00e3o da Silva, resultou em uma liminar concedida pela ju\\u00edza de Direito da 4\\u00aa Vara Civil da Comarca de Muria\\u00e9, Aline Arquette, na ter\\u00e7a-feira (8). A\",\"inLanguage\":\"pt-BR\",\"isPartOf\":{\"@id\":\"https:\\\/\\\/anoticiaonline.com.br\\\/site\\\/#website\"},\"breadcrumb\":{\"@id\":\"https:\\\/\\\/anoticiaonline.com.br\\\/site\\\/liminar-obriga-pagamento-de-mais-de-r3-milhoes-referentes-a-50-do-ipva-de-muriae\\\/#breadcrumblist\"},\"author\":{\"@id\":\"https:\\\/\\\/anoticiaonline.com.br\\\/site\\\/author\\\/juliana\\\/#author\"},\"creator\":{\"@id\":\"https:\\\/\\\/anoticiaonline.com.br\\\/site\\\/author\\\/juliana\\\/#author\"},\"image\":{\"@type\":\"ImageObject\",\"url\":\"https:\\\/\\\/anoticiaonline.com.br\\\/site\\\/wp-content\\\/uploads\\\/2018\\\/05\\\/CAPA.jpg\",\"@id\":\"https:\\\/\\\/anoticiaonline.com.br\\\/site\\\/liminar-obriga-pagamento-de-mais-de-r3-milhoes-referentes-a-50-do-ipva-de-muriae\\\/#mainImage\",\"width\":640,\"height\":427},\"primaryImageOfPage\":{\"@id\":\"https:\\\/\\\/anoticiaonline.com.br\\\/site\\\/liminar-obriga-pagamento-de-mais-de-r3-milhoes-referentes-a-50-do-ipva-de-muriae\\\/#mainImage\"},\"datePublished\":\"2018-05-09T14:31:46-03:00\",\"dateModified\":\"2018-05-11T10:46:34-03:00\"},{\"@type\":\"WebSite\",\"@id\":\"https:\\\/\\\/anoticiaonline.com.br\\\/site\\\/#website\",\"url\":\"https:\\\/\\\/anoticiaonline.com.br\\\/site\\\/\",\"name\":\"A Not\\u00edcia Online\",\"description\":\"Noticias de Muria\\u00e9 e regi\\u00e3o\",\"inLanguage\":\"pt-BR\",\"publisher\":{\"@id\":\"https:\\\/\\\/anoticiaonline.com.br\\\/site\\\/#organization\"}}]}\n\t\t<\/script>\n\t\t<!-- All in One SEO -->\n\n","aioseo_head_json":{"title":"Liminar obriga pagamento de mais de R$3 milh\u00f5es referentes a 50% do IPVA - A Not\u00edcia Online","description":"Uma a\u00e7\u00e3o popular, ajuizada pelo vereador Julio Simbra, contra o Estado de Minas Gerais, bem como o governador, Fernando Pimentel, e o secret\u00e1rio de Estado de Fazenda, Jos\u00e9 Afonso Bicalho Beltr\u00e3o da Silva, resultou em uma liminar concedida pela ju\u00edza de Direito da 4\u00aa Vara Civil da Comarca de Muria\u00e9, Aline Arquette, na ter\u00e7a-feira (8). A","canonical_url":"https:\/\/anoticiaonline.com.br\/site\/liminar-obriga-pagamento-de-mais-de-r3-milhoes-referentes-a-50-do-ipva-de-muriae\/","robots":"max-image-preview:large","keywords":"","webmasterTools":{"miscellaneous":""},"schema":{"@context":"https:\/\/schema.org","@graph":[{"@type":"BlogPosting","@id":"https:\/\/anoticiaonline.com.br\/site\/liminar-obriga-pagamento-de-mais-de-r3-milhoes-referentes-a-50-do-ipva-de-muriae\/#blogposting","name":"Liminar obriga pagamento de mais de R$3 milh\u00f5es referentes a 50% do IPVA - A Not\u00edcia Online","headline":"Liminar obriga pagamento de mais de R$3 milh\u00f5es referentes a 50% do IPVA","author":{"@id":"https:\/\/anoticiaonline.com.br\/site\/author\/juliana\/#author"},"publisher":{"@id":"https:\/\/anoticiaonline.com.br\/site\/#organization"},"image":{"@type":"ImageObject","url":"https:\/\/anoticiaonline.com.br\/site\/wp-content\/uploads\/2018\/05\/CAPA.jpg","width":640,"height":427},"datePublished":"2018-05-09T14:31:46-03:00","dateModified":"2018-05-11T10:46:34-03:00","inLanguage":"pt-BR","mainEntityOfPage":{"@id":"https:\/\/anoticiaonline.com.br\/site\/liminar-obriga-pagamento-de-mais-de-r3-milhoes-referentes-a-50-do-ipva-de-muriae\/#webpage"},"isPartOf":{"@id":"https:\/\/anoticiaonline.com.br\/site\/liminar-obriga-pagamento-de-mais-de-r3-milhoes-referentes-a-50-do-ipva-de-muriae\/#webpage"},"articleSection":"Blog, ipva, julio simbra, justi\u00e7a, liminar, Muria\u00e9"},{"@type":"BreadcrumbList","@id":"https:\/\/anoticiaonline.com.br\/site\/liminar-obriga-pagamento-de-mais-de-r3-milhoes-referentes-a-50-do-ipva-de-muriae\/#breadcrumblist","itemListElement":[{"@type":"ListItem","@id":"https:\/\/anoticiaonline.com.br\/site#listItem","position":1,"name":"Home","item":"https:\/\/anoticiaonline.com.br\/site","nextItem":{"@type":"ListItem","@id":"https:\/\/anoticiaonline.com.br\/site\/categoria\/muriae\/#listItem","name":"Blog"}},{"@type":"ListItem","@id":"https:\/\/anoticiaonline.com.br\/site\/categoria\/muriae\/#listItem","position":2,"name":"Blog","item":"https:\/\/anoticiaonline.com.br\/site\/categoria\/muriae\/","nextItem":{"@type":"ListItem","@id":"https:\/\/anoticiaonline.com.br\/site\/liminar-obriga-pagamento-de-mais-de-r3-milhoes-referentes-a-50-do-ipva-de-muriae\/#listItem","name":"Liminar obriga pagamento de mais de R$3 milh\u00f5es referentes a 50% do IPVA"},"previousItem":{"@type":"ListItem","@id":"https:\/\/anoticiaonline.com.br\/site#listItem","name":"Home"}},{"@type":"ListItem","@id":"https:\/\/anoticiaonline.com.br\/site\/liminar-obriga-pagamento-de-mais-de-r3-milhoes-referentes-a-50-do-ipva-de-muriae\/#listItem","position":3,"name":"Liminar obriga pagamento de mais de R$3 milh\u00f5es referentes a 50% do IPVA","previousItem":{"@type":"ListItem","@id":"https:\/\/anoticiaonline.com.br\/site\/categoria\/muriae\/#listItem","name":"Blog"}}]},{"@type":"Organization","@id":"https:\/\/anoticiaonline.com.br\/site\/#organization","name":"A Not\u00edcia Online","description":"Noticias de Muria\u00e9 e regi\u00e3o","url":"https:\/\/anoticiaonline.com.br\/site\/","logo":{"@type":"ImageObject","url":"https:\/\/scontent-gig4-1.xx.fbcdn.net\/v\/t39.30808-1\/270437624_4564083193639691_6907940295614233970_n.jpg?stp=dst-jpg_s200x200_tt6&_nc_cat=111&ccb=1-7&_nc_sid=f907e8&_nc_ohc=SM1wRlP3lJwQ7kNvwEPuBYA&_nc_oc=AdnqrjDN_BNjSSHWO-GbkIWH6fkGMLw4bqvL_NH6e2wMveX7G-rP2dAqsDSq1mJMOaY&_nc_zt=24&_nc_ht=scontent-gig4-1.xx&_nc_gid=AoBFJeGrT1hVaew_6rchkQ&oh=00_AfX7QmFGhQhG2jAllVgXCiM1ZrWgvtp80-Bfppyexh1QEg&oe=689E923C","@id":"https:\/\/anoticiaonline.com.br\/site\/liminar-obriga-pagamento-de-mais-de-r3-milhoes-referentes-a-50-do-ipva-de-muriae\/#organizationLogo"},"image":{"@id":"https:\/\/anoticiaonline.com.br\/site\/liminar-obriga-pagamento-de-mais-de-r3-milhoes-referentes-a-50-do-ipva-de-muriae\/#organizationLogo"}},{"@type":"Person","@id":"https:\/\/anoticiaonline.com.br\/site\/author\/juliana\/#author","url":"https:\/\/anoticiaonline.com.br\/site\/author\/juliana\/","name":"Juliana Laviola","image":{"@type":"ImageObject","@id":"https:\/\/anoticiaonline.com.br\/site\/liminar-obriga-pagamento-de-mais-de-r3-milhoes-referentes-a-50-do-ipva-de-muriae\/#authorImage","url":"https:\/\/secure.gravatar.com\/avatar\/b8d45f5c699b100dfaf0e543582f38f38bf94cb7ae3a5e9abf8d891a34773335?s=96&d=mm&r=g","width":96,"height":96,"caption":"Juliana Laviola"}},{"@type":"WebPage","@id":"https:\/\/anoticiaonline.com.br\/site\/liminar-obriga-pagamento-de-mais-de-r3-milhoes-referentes-a-50-do-ipva-de-muriae\/#webpage","url":"https:\/\/anoticiaonline.com.br\/site\/liminar-obriga-pagamento-de-mais-de-r3-milhoes-referentes-a-50-do-ipva-de-muriae\/","name":"Liminar obriga pagamento de mais de R$3 milh\u00f5es referentes a 50% do IPVA - A Not\u00edcia Online","description":"Uma a\u00e7\u00e3o popular, ajuizada pelo vereador Julio Simbra, contra o Estado de Minas Gerais, bem como o governador, Fernando Pimentel, e o secret\u00e1rio de Estado de Fazenda, Jos\u00e9 Afonso Bicalho Beltr\u00e3o da Silva, resultou em uma liminar concedida pela ju\u00edza de Direito da 4\u00aa Vara Civil da Comarca de Muria\u00e9, Aline Arquette, na ter\u00e7a-feira (8). A","inLanguage":"pt-BR","isPartOf":{"@id":"https:\/\/anoticiaonline.com.br\/site\/#website"},"breadcrumb":{"@id":"https:\/\/anoticiaonline.com.br\/site\/liminar-obriga-pagamento-de-mais-de-r3-milhoes-referentes-a-50-do-ipva-de-muriae\/#breadcrumblist"},"author":{"@id":"https:\/\/anoticiaonline.com.br\/site\/author\/juliana\/#author"},"creator":{"@id":"https:\/\/anoticiaonline.com.br\/site\/author\/juliana\/#author"},"image":{"@type":"ImageObject","url":"https:\/\/anoticiaonline.com.br\/site\/wp-content\/uploads\/2018\/05\/CAPA.jpg","@id":"https:\/\/anoticiaonline.com.br\/site\/liminar-obriga-pagamento-de-mais-de-r3-milhoes-referentes-a-50-do-ipva-de-muriae\/#mainImage","width":640,"height":427},"primaryImageOfPage":{"@id":"https:\/\/anoticiaonline.com.br\/site\/liminar-obriga-pagamento-de-mais-de-r3-milhoes-referentes-a-50-do-ipva-de-muriae\/#mainImage"},"datePublished":"2018-05-09T14:31:46-03:00","dateModified":"2018-05-11T10:46:34-03:00"},{"@type":"WebSite","@id":"https:\/\/anoticiaonline.com.br\/site\/#website","url":"https:\/\/anoticiaonline.com.br\/site\/","name":"A Not\u00edcia Online","description":"Noticias de Muria\u00e9 e regi\u00e3o","inLanguage":"pt-BR","publisher":{"@id":"https:\/\/anoticiaonline.com.br\/site\/#organization"}}]},"og:locale":"pt_BR","og:site_name":"A Not\u00edcia Online - Noticias de Muria\u00e9 e regi\u00e3o","og:type":"article","og:title":"Liminar obriga pagamento de mais de R$3 milh\u00f5es referentes a 50% do IPVA - A Not\u00edcia Online","og:description":"Uma a\u00e7\u00e3o popular, ajuizada pelo vereador Julio Simbra, contra o Estado de Minas Gerais, bem como o governador, Fernando Pimentel, e o secret\u00e1rio de Estado de Fazenda, Jos\u00e9 Afonso Bicalho Beltr\u00e3o da Silva, resultou em uma liminar concedida pela ju\u00edza de Direito da 4\u00aa Vara Civil da Comarca de Muria\u00e9, Aline Arquette, na ter\u00e7a-feira (8). A","og:url":"https:\/\/anoticiaonline.com.br\/site\/liminar-obriga-pagamento-de-mais-de-r3-milhoes-referentes-a-50-do-ipva-de-muriae\/","og:image":"https:\/\/scontent-gig4-1.xx.fbcdn.net\/v\/t39.30808-1\/270437624_4564083193639691_6907940295614233970_n.jpg?stp=dst-jpg_s200x200_tt6&#038;_nc_cat=111&#038;ccb=1-7&#038;_nc_sid=f907e8&#038;_nc_ohc=SM1wRlP3lJwQ7kNvwEPuBYA&#038;_nc_oc=AdnqrjDN_BNjSSHWO-GbkIWH6fkGMLw4bqvL_NH6e2wMveX7G-rP2dAqsDSq1mJMOaY&#038;_nc_zt=24&#038;_nc_ht=scontent-gig4-1.xx&#038;_nc_gid=AoBFJeGrT1hVaew_6rchkQ&#038;oh=00_AfX7QmFGhQhG2jAllVgXCiM1ZrWgvtp80-Bfppyexh1QEg&#038;oe=689E923C","og:image:secure_url":"https:\/\/scontent-gig4-1.xx.fbcdn.net\/v\/t39.30808-1\/270437624_4564083193639691_6907940295614233970_n.jpg?stp=dst-jpg_s200x200_tt6&#038;_nc_cat=111&#038;ccb=1-7&#038;_nc_sid=f907e8&#038;_nc_ohc=SM1wRlP3lJwQ7kNvwEPuBYA&#038;_nc_oc=AdnqrjDN_BNjSSHWO-GbkIWH6fkGMLw4bqvL_NH6e2wMveX7G-rP2dAqsDSq1mJMOaY&#038;_nc_zt=24&#038;_nc_ht=scontent-gig4-1.xx&#038;_nc_gid=AoBFJeGrT1hVaew_6rchkQ&#038;oh=00_AfX7QmFGhQhG2jAllVgXCiM1ZrWgvtp80-Bfppyexh1QEg&#038;oe=689E923C","article:published_time":"2018-05-09T17:31:46+00:00","article:modified_time":"2018-05-11T13:46:34+00:00","twitter:card":"summary_large_image","twitter:title":"Liminar obriga pagamento de mais de R$3 milh\u00f5es referentes a 50% do IPVA - A Not\u00edcia Online","twitter:description":"Uma a\u00e7\u00e3o popular, ajuizada pelo vereador Julio Simbra, contra o Estado de Minas Gerais, bem como o governador, Fernando Pimentel, e o secret\u00e1rio de Estado de Fazenda, Jos\u00e9 Afonso Bicalho Beltr\u00e3o da Silva, resultou em uma liminar concedida pela ju\u00edza de Direito da 4\u00aa Vara Civil da Comarca de Muria\u00e9, Aline Arquette, na ter\u00e7a-feira (8). A","twitter:image":"https:\/\/scontent-gig4-1.xx.fbcdn.net\/v\/t39.30808-1\/270437624_4564083193639691_6907940295614233970_n.jpg?stp=dst-jpg_s200x200_tt6&_nc_cat=111&ccb=1-7&_nc_sid=f907e8&_nc_ohc=SM1wRlP3lJwQ7kNvwEPuBYA&_nc_oc=AdnqrjDN_BNjSSHWO-GbkIWH6fkGMLw4bqvL_NH6e2wMveX7G-rP2dAqsDSq1mJMOaY&_nc_zt=24&_nc_ht=scontent-gig4-1.xx&_nc_gid=AoBFJeGrT1hVaew_6rchkQ&oh=00_AfX7QmFGhQhG2jAllVgXCiM1ZrWgvtp80-Bfppyexh1QEg&oe=689E923C"},"aioseo_meta_data":{"post_id":"55743","title":null,"description":null,"keywords":null,"keyphrases":null,"primary_term":null,"canonical_url":null,"og_title":null,"og_description":null,"og_object_type":"default","og_image_type":"default","og_image_url":null,"og_image_width":null,"og_image_height":null,"og_image_custom_url":null,"og_image_custom_fields":null,"og_video":null,"og_custom_url":null,"og_article_section":null,"og_article_tags":null,"twitter_use_og":false,"twitter_card":"default","twitter_image_type":"default","twitter_image_url":null,"twitter_image_custom_url":null,"twitter_image_custom_fields":null,"twitter_title":null,"twitter_description":null,"schema":{"blockGraphs":[],"customGraphs":[],"default":{"data":{"Article":[],"Course":[],"Dataset":[],"FAQPage":[],"Movie":[],"Person":[],"Product":[],"ProductReview":[],"Car":[],"Recipe":[],"Service":[],"SoftwareApplication":[],"WebPage":[]},"graphName":"","isEnabled":true},"graphs":[]},"schema_type":"default","schema_type_options":null,"pillar_content":false,"robots_default":true,"robots_noindex":false,"robots_noarchive":false,"robots_nosnippet":false,"robots_nofollow":false,"robots_noimageindex":false,"robots_noodp":false,"robots_notranslate":false,"robots_max_snippet":null,"robots_max_videopreview":null,"robots_max_imagepreview":"large","priority":null,"frequency":null,"local_seo":null,"breadcrumb_settings":null,"limit_modified_date":false,"ai":null,"created":"2025-08-16 20:49:22","updated":"2025-08-16 20:49:22","focus_keyword":null,"additional_keywords":null,"truseo_locale":null,"seo_analyzer_scan_date":null},"aioseo_breadcrumb":"<div class=\"aioseo-breadcrumbs\"><span class=\"aioseo-breadcrumb\">\n\t\t\t<a href=\"https:\/\/anoticiaonline.com.br\/site\" title=\"Home\">Home<\/a>\n\t\t<\/span><span class=\"aioseo-breadcrumb-separator\">&raquo;<\/span><span class=\"aioseo-breadcrumb\">\n\t\t\t<a href=\"https:\/\/anoticiaonline.com.br\/site\/categoria\/muriae\/\" title=\"Blog\">Blog<\/a>\n\t\t<\/span><span class=\"aioseo-breadcrumb-separator\">&raquo;<\/span><span class=\"aioseo-breadcrumb\">\n\t\t\tLiminar obriga pagamento de mais de R$3 milh\u00f5es referentes a 50% do IPVA\n\t\t<\/span><\/div>","aioseo_breadcrumb_json":[{"label":"Home","link":"https:\/\/anoticiaonline.com.br\/site"},{"label":"Blog","link":"https:\/\/anoticiaonline.com.br\/site\/categoria\/muriae\/"},{"label":"Liminar obriga pagamento de mais de R$3 milh\u00f5es referentes a 50% do IPVA","link":"https:\/\/anoticiaonline.com.br\/site\/liminar-obriga-pagamento-de-mais-de-r3-milhoes-referentes-a-50-do-ipva-de-muriae\/"}],"views":149,"_links":{"self":[{"href":"https:\/\/anoticiaonline.com.br\/site\/wp-json\/wp\/v2\/posts\/55743","targetHints":{"allow":["GET"]}}],"collection":[{"href":"https:\/\/anoticiaonline.com.br\/site\/wp-json\/wp\/v2\/posts"}],"about":[{"href":"https:\/\/anoticiaonline.com.br\/site\/wp-json\/wp\/v2\/types\/post"}],"author":[{"embeddable":true,"href":"https:\/\/anoticiaonline.com.br\/site\/wp-json\/wp\/v2\/users\/2"}],"replies":[{"embeddable":true,"href":"https:\/\/anoticiaonline.com.br\/site\/wp-json\/wp\/v2\/comments?post=55743"}],"version-history":[{"count":0,"href":"https:\/\/anoticiaonline.com.br\/site\/wp-json\/wp\/v2\/posts\/55743\/revisions"}],"wp:featuredmedia":[{"embeddable":true,"href":"https:\/\/anoticiaonline.com.br\/site\/wp-json\/wp\/v2\/media\/55745"}],"wp:attachment":[{"href":"https:\/\/anoticiaonline.com.br\/site\/wp-json\/wp\/v2\/media?parent=55743"}],"wp:term":[{"taxonomy":"category","embeddable":true,"href":"https:\/\/anoticiaonline.com.br\/site\/wp-json\/wp\/v2\/categories?post=55743"},{"taxonomy":"post_tag","embeddable":true,"href":"https:\/\/anoticiaonline.com.br\/site\/wp-json\/wp\/v2\/tags?post=55743"}],"curies":[{"name":"wp","href":"https:\/\/api.w.org\/{rel}","templated":true}]}}