{"id":55334,"date":"2018-05-05T10:20:26","date_gmt":"2018-05-05T13:20:26","guid":{"rendered":"http:\/\/anoticiaonline.com.br\/site\/?p=55334"},"modified":"2018-05-05T10:23:18","modified_gmt":"2018-05-05T13:23:18","slug":"inovacao-e-bom-gosto-az-reinaugura-no-centro","status":"publish","type":"post","link":"https:\/\/anoticiaonline.com.br\/site\/inovacao-e-bom-gosto-az-reinaugura-no-centro\/","title":{"rendered":"Inova\u00e7\u00e3o e bom gosto: AZ reinaugura no Centro"},"content":{"rendered":"<p><a href=\"https:\/\/anoticiaonline.com.br\/site\/wp-content\/uploads\/2018\/05\/DSC_0149.jpg\"><img fetchpriority=\"high\" decoding=\"async\" class=\"aligncenter wp-image-55431 size-full\" src=\"https:\/\/anoticiaonline.com.br\/site\/wp-content\/uploads\/2018\/05\/DSC_0149.jpg\" alt=\"\" width=\"640\" height=\"427\" srcset=\"https:\/\/anoticiaonline.com.br\/site\/wp-content\/uploads\/2018\/05\/DSC_0149.jpg 640w, https:\/\/anoticiaonline.com.br\/site\/wp-content\/uploads\/2018\/05\/DSC_0149-300x200.jpg 300w\" sizes=\"(max-width: 640px) 100vw, 640px\" \/><\/a><a href=\"https:\/\/anoticiaonline.com.br\/site\/wp-content\/uploads\/2018\/05\/DSC_0161.jpg\"><img decoding=\"async\" class=\"wp-image-55432 size-full aligncenter\" src=\"https:\/\/anoticiaonline.com.br\/site\/wp-content\/uploads\/2018\/05\/DSC_0161.jpg\" alt=\"\" width=\"640\" height=\"427\" srcset=\"https:\/\/anoticiaonline.com.br\/site\/wp-content\/uploads\/2018\/05\/DSC_0161.jpg 640w, https:\/\/anoticiaonline.com.br\/site\/wp-content\/uploads\/2018\/05\/DSC_0161-300x200.jpg 300w\" sizes=\"(max-width: 640px) 100vw, 640px\" \/><\/a><a href=\"https:\/\/anoticiaonline.com.br\/site\/wp-content\/uploads\/2018\/05\/DSC_1328.jpg\"><img decoding=\"async\" class=\"aligncenter wp-image-55434 size-full\" src=\"https:\/\/anoticiaonline.com.br\/site\/wp-content\/uploads\/2018\/05\/DSC_1328.jpg\" alt=\"\" width=\"640\" height=\"427\" srcset=\"https:\/\/anoticiaonline.com.br\/site\/wp-content\/uploads\/2018\/05\/DSC_1328.jpg 640w, https:\/\/anoticiaonline.com.br\/site\/wp-content\/uploads\/2018\/05\/DSC_1328-300x200.jpg 300w\" sizes=\"(max-width: 640px) 100vw, 640px\" \/><\/a><a href=\"https:\/\/anoticiaonline.com.br\/site\/wp-content\/uploads\/2018\/05\/DSC_0084.jpg\"><img loading=\"lazy\" decoding=\"async\" class=\"aligncenter wp-image-55330 size-full\" src=\"https:\/\/anoticiaonline.com.br\/site\/wp-content\/uploads\/2018\/05\/DSC_0084.jpg\" alt=\"\" width=\"640\" height=\"427\" srcset=\"https:\/\/anoticiaonline.com.br\/site\/wp-content\/uploads\/2018\/05\/DSC_0084.jpg 640w, https:\/\/anoticiaonline.com.br\/site\/wp-content\/uploads\/2018\/05\/DSC_0084-300x200.jpg 300w\" sizes=\"(max-width: 640px) 100vw, 640px\" \/><\/a> <a href=\"https:\/\/anoticiaonline.com.br\/site\/wp-content\/uploads\/2018\/05\/DSC_0041.jpg\"><img loading=\"lazy\" decoding=\"async\" class=\"aligncenter wp-image-55329 size-full\" src=\"https:\/\/anoticiaonline.com.br\/site\/wp-content\/uploads\/2018\/05\/DSC_0041.jpg\" alt=\"\" width=\"640\" height=\"427\" srcset=\"https:\/\/anoticiaonline.com.br\/site\/wp-content\/uploads\/2018\/05\/DSC_0041.jpg 640w, https:\/\/anoticiaonline.com.br\/site\/wp-content\/uploads\/2018\/05\/DSC_0041-300x200.jpg 300w\" sizes=\"(max-width: 640px) 100vw, 640px\" \/><\/a><\/p>\n<p>A AZ, tradicional loja de decora\u00e7\u00e3o e itens para o lar, inaugurou seu novo espa\u00e7o na manh\u00e3 de sexta-feira (27), na Rua Dr. Silveira Brum, n\u00famero 103, durante um coquetel para clientes e amigos.<\/p>\n<p>No evento, todos puderam conferir as novidades que a AZ oferecer\u00e1 em produtos de cama, mesa, banho, pap\u00e9is de parede e lustres.<\/p>\n<p>De acordo Nilza Maria de Lima Oliveira, s\u00f3cia do empreendimento junto com seu marido, Luiz Carlos de Oliveira, a nova loja \u00e9 a realiza\u00e7\u00e3o de um sonho.<\/p>\n<p>\u201cSempre trabalhamos no com\u00e9rcio com muito amor e dedica\u00e7\u00e3o. Aproveitamos a reinaugura\u00e7\u00e3o para apresentar as novidades como a linha completa de m\u00f3veis, com designer moderno para atender os estudantes, que chegam a nossa cidade, itens de decora\u00e7\u00e3o e presentes. Estamos recebendo nossos clientes e amigos e mostrando a eles tudo o que temos de melhor em decora\u00e7\u00e3o, priorizando conforto, qualidade, beleza, al\u00e9m do atendimento e da parceria com arquitetos. Aguardamos a visita de todos\u201d, diz.<\/p>\n<p>Luiz Carlos disse que a inova\u00e7\u00e3o principal foi amplia\u00e7\u00e3o do ambiente. \u201cViemos de um espa\u00e7o menor e agora temos a oportunidade de apresentar nossos produtos, principalmente os m\u00f3veis, da melhor maneira poss\u00edvel. Al\u00e9m disso, priorizamos a comodidade, pois contamos com o atendimento de um decorador que pode visitar a resid\u00eancia do cliente e avaliar quais pe\u00e7as atendem as necessidades do local\u201d, conta.<\/p>\n<p><strong>Palavra dos clientes \u2013 <\/strong>Maria Cristina Navarro de Aquino Ribeiro disse ter ficado encantada com espa\u00e7o da nova loja. \u201cA decora\u00e7\u00e3o e os produtos est\u00e3o lindos. Aproveito para desejar ainda mais sucesso para o casal Nilza e Luiz Carlos, que s\u00e3o t\u00e3o conhecidos no com\u00e9rcio da cidade\u201d, conta.<\/p>\n<p>Telefone para contato (32) 3722-1638. Hor\u00e1rio de atendimento: 9h \u00e0s 19h, de segunda a sexta, e aos s\u00e1bados, das 9h \u00e0s 13h.<\/p>\n<p><a href=\"https:\/\/anoticiaonline.com.br\/site\/wp-content\/uploads\/2018\/05\/DSC_1149.jpg\"><img loading=\"lazy\" decoding=\"async\" class=\"wp-image-55433 size-full aligncenter\" src=\"https:\/\/anoticiaonline.com.br\/site\/wp-content\/uploads\/2018\/05\/DSC_1149.jpg\" alt=\"\" width=\"640\" height=\"427\" srcset=\"https:\/\/anoticiaonline.com.br\/site\/wp-content\/uploads\/2018\/05\/DSC_1149.jpg 640w, https:\/\/anoticiaonline.com.br\/site\/wp-content\/uploads\/2018\/05\/DSC_1149-300x200.jpg 300w\" sizes=\"(max-width: 640px) 100vw, 640px\" \/><\/a><\/p>\n<p><a href=\"https:\/\/anoticiaonline.com.br\/site\/wp-content\/uploads\/2018\/05\/DSC_0111.jpg\"><img loading=\"lazy\" decoding=\"async\" class=\"aligncenter wp-image-55430 size-full\" src=\"https:\/\/anoticiaonline.com.br\/site\/wp-content\/uploads\/2018\/05\/DSC_0111.jpg\" alt=\"\" width=\"427\" height=\"640\" srcset=\"https:\/\/anoticiaonline.com.br\/site\/wp-content\/uploads\/2018\/05\/DSC_0111.jpg 427w, https:\/\/anoticiaonline.com.br\/site\/wp-content\/uploads\/2018\/05\/DSC_0111-200x300.jpg 200w\" sizes=\"(max-width: 427px) 100vw, 427px\" \/><\/a><\/p>\n<p><a href=\"https:\/\/anoticiaonline.com.br\/site\/wp-content\/uploads\/2018\/05\/DSC_0107.jpg\"><img loading=\"lazy\" decoding=\"async\" class=\"aligncenter wp-image-55332 size-full\" src=\"https:\/\/anoticiaonline.com.br\/site\/wp-content\/uploads\/2018\/05\/DSC_0107.jpg\" alt=\"\" width=\"640\" height=\"427\" srcset=\"https:\/\/anoticiaonline.com.br\/site\/wp-content\/uploads\/2018\/05\/DSC_0107.jpg 640w, https:\/\/anoticiaonline.com.br\/site\/wp-content\/uploads\/2018\/05\/DSC_0107-300x200.jpg 300w\" sizes=\"(max-width: 640px) 100vw, 640px\" \/><\/a><\/p>\n<p><a href=\"https:\/\/anoticiaonline.com.br\/site\/wp-content\/uploads\/2018\/05\/DSC_0106.jpg\"><img loading=\"lazy\" decoding=\"async\" class=\"aligncenter wp-image-55331 size-full\" src=\"https:\/\/anoticiaonline.com.br\/site\/wp-content\/uploads\/2018\/05\/DSC_0106.jpg\" alt=\"\" width=\"640\" height=\"427\" srcset=\"https:\/\/anoticiaonline.com.br\/site\/wp-content\/uploads\/2018\/05\/DSC_0106.jpg 640w, https:\/\/anoticiaonline.com.br\/site\/wp-content\/uploads\/2018\/05\/DSC_0106-300x200.jpg 300w\" sizes=\"(max-width: 640px) 100vw, 640px\" \/><\/a><\/p>\n<p><img decoding=\"async\" class=\"ngg_displayed_gallery mceItem\" src=\"https:\/\/anoticiaonline.com.br\/site\/nextgen-attach_to_post\/preview\/id--55429\" \/><\/p>\n<p>&nbsp;<\/p>\n<p>&nbsp;<\/p>\n<p>&nbsp;<\/p>\n","protected":false},"excerpt":{"rendered":"<p>A AZ, tradicional loja de decora\u00e7\u00e3o e itens para o lar, inaugurou seu novo espa\u00e7o na manh\u00e3 de sexta-feira (27), na Rua Dr. Silveira Brum, n\u00famero 103, durante um coquetel para clientes e amigos. No evento, todos puderam conferir as novidades que a AZ oferecer\u00e1 em produtos de cama, mesa, banho, pap\u00e9is de parede e &#8230; <a title=\"Inova\u00e7\u00e3o e bom gosto: AZ reinaugura no Centro\" class=\"read-more\" href=\"https:\/\/anoticiaonline.com.br\/site\/inovacao-e-bom-gosto-az-reinaugura-no-centro\/\" aria-label=\"Read more about Inova\u00e7\u00e3o e bom gosto: AZ reinaugura no Centro\">Ler mais<\/a><\/p>\n","protected":false},"author":2,"featured_media":55330,"comment_status":"open","ping_status":"open","sticky":false,"template":"","format":"standard","meta":{"_acf_changed":false,"_monsterinsights_skip_tracking":false,"footnotes":""},"categories":[24,1],"tags":[2501,2502,1826,1912,488,2505,2503,2504],"class_list":["post-55334","post","type-post","status-publish","format-standard","has-post-thumbnail","hentry","category-eventos","category-gerais","tag-az","tag-bom-gosto","tag-decoracao","tag-inovacao","tag-loja","tag-maria-cristina-navarro-de-aquino-ribeiro","tag-nilza-maria-de-lima-oliveira","tag-rua-dr-silveira-brum"],"acf":[],"aioseo_notices":[],"aioseo_head":"\n\t\t<!-- All in One SEO 5.0.0.1 - aioseo.com -->\n\t<meta name=\"description\" content=\"A AZ, tradicional loja de decora\u00e7\u00e3o e itens para o lar, inaugurou seu novo espa\u00e7o na manh\u00e3 de sexta-feira (27), na Rua Dr. Silveira Brum, n\u00famero 103, durante um coquetel para clientes e amigos. No evento, todos puderam conferir as novidades que a AZ oferecer\u00e1 em produtos de cama, mesa, banho, pap\u00e9is de parede e\" \/>\n\t<meta name=\"robots\" content=\"max-image-preview:large\" \/>\n\t<meta name=\"author\" content=\"Juliana Laviola\"\/>\n\t<link rel=\"canonical\" href=\"https:\/\/anoticiaonline.com.br\/site\/inovacao-e-bom-gosto-az-reinaugura-no-centro\/\" \/>\n\t<meta name=\"generator\" content=\"All in One SEO (AIOSEO) 5.0.0.1\" \/>\n\t\t<meta property=\"og:locale\" content=\"pt_BR\" \/>\n\t\t<meta property=\"og:site_name\" content=\"A Not\u00edcia Online - Noticias de Muria\u00e9 e regi\u00e3o\" \/>\n\t\t<meta property=\"og:type\" content=\"article\" \/>\n\t\t<meta property=\"og:title\" content=\"Inova\u00e7\u00e3o e bom gosto: AZ reinaugura no Centro - A Not\u00edcia Online\" \/>\n\t\t<meta property=\"og:description\" content=\"A AZ, tradicional loja de decora\u00e7\u00e3o e itens para o lar, inaugurou seu novo espa\u00e7o na manh\u00e3 de sexta-feira (27), na Rua Dr. Silveira Brum, n\u00famero 103, durante um coquetel para clientes e amigos. No evento, todos puderam conferir as novidades que a AZ oferecer\u00e1 em produtos de cama, mesa, banho, pap\u00e9is de parede e\" \/>\n\t\t<meta property=\"og:url\" content=\"https:\/\/anoticiaonline.com.br\/site\/inovacao-e-bom-gosto-az-reinaugura-no-centro\/\" \/>\n\t\t<meta property=\"og:image\" content=\"https:\/\/scontent-gig4-1.xx.fbcdn.net\/v\/t39.30808-1\/270437624_4564083193639691_6907940295614233970_n.jpg?stp=dst-jpg_s200x200_tt6&#038;_nc_cat=111&#038;ccb=1-7&#038;_nc_sid=f907e8&#038;_nc_ohc=SM1wRlP3lJwQ7kNvwEPuBYA&#038;_nc_oc=AdnqrjDN_BNjSSHWO-GbkIWH6fkGMLw4bqvL_NH6e2wMveX7G-rP2dAqsDSq1mJMOaY&#038;_nc_zt=24&#038;_nc_ht=scontent-gig4-1.xx&#038;_nc_gid=AoBFJeGrT1hVaew_6rchkQ&#038;oh=00_AfX7QmFGhQhG2jAllVgXCiM1ZrWgvtp80-Bfppyexh1QEg&#038;oe=689E923C\" \/>\n\t\t<meta property=\"og:image:secure_url\" content=\"https:\/\/scontent-gig4-1.xx.fbcdn.net\/v\/t39.30808-1\/270437624_4564083193639691_6907940295614233970_n.jpg?stp=dst-jpg_s200x200_tt6&#038;_nc_cat=111&#038;ccb=1-7&#038;_nc_sid=f907e8&#038;_nc_ohc=SM1wRlP3lJwQ7kNvwEPuBYA&#038;_nc_oc=AdnqrjDN_BNjSSHWO-GbkIWH6fkGMLw4bqvL_NH6e2wMveX7G-rP2dAqsDSq1mJMOaY&#038;_nc_zt=24&#038;_nc_ht=scontent-gig4-1.xx&#038;_nc_gid=AoBFJeGrT1hVaew_6rchkQ&#038;oh=00_AfX7QmFGhQhG2jAllVgXCiM1ZrWgvtp80-Bfppyexh1QEg&#038;oe=689E923C\" \/>\n\t\t<meta property=\"article:published_time\" content=\"2018-05-05T13:20:26+00:00\" \/>\n\t\t<meta property=\"article:modified_time\" content=\"2018-05-05T13:23:18+00:00\" \/>\n\t\t<meta name=\"twitter:card\" content=\"summary_large_image\" \/>\n\t\t<meta name=\"twitter:title\" content=\"Inova\u00e7\u00e3o e bom gosto: AZ reinaugura no Centro - A Not\u00edcia Online\" \/>\n\t\t<meta name=\"twitter:description\" content=\"A AZ, tradicional loja de decora\u00e7\u00e3o e itens para o lar, inaugurou seu novo espa\u00e7o na manh\u00e3 de sexta-feira (27), na Rua Dr. Silveira Brum, n\u00famero 103, durante um coquetel para clientes e amigos. No evento, todos puderam conferir as novidades que a AZ oferecer\u00e1 em produtos de cama, mesa, banho, pap\u00e9is de parede e\" \/>\n\t\t<meta name=\"twitter:image\" content=\"https:\/\/scontent-gig4-1.xx.fbcdn.net\/v\/t39.30808-1\/270437624_4564083193639691_6907940295614233970_n.jpg?stp=dst-jpg_s200x200_tt6&amp;_nc_cat=111&amp;ccb=1-7&amp;_nc_sid=f907e8&amp;_nc_ohc=SM1wRlP3lJwQ7kNvwEPuBYA&amp;_nc_oc=AdnqrjDN_BNjSSHWO-GbkIWH6fkGMLw4bqvL_NH6e2wMveX7G-rP2dAqsDSq1mJMOaY&amp;_nc_zt=24&amp;_nc_ht=scontent-gig4-1.xx&amp;_nc_gid=AoBFJeGrT1hVaew_6rchkQ&amp;oh=00_AfX7QmFGhQhG2jAllVgXCiM1ZrWgvtp80-Bfppyexh1QEg&amp;oe=689E923C\" \/>\n\t\t<script type=\"application\/ld+json\" class=\"aioseo-schema\">\n\t\t\t{\"@context\":\"https:\\\/\\\/schema.org\",\"@graph\":[{\"@type\":\"BlogPosting\",\"@id\":\"https:\\\/\\\/anoticiaonline.com.br\\\/site\\\/inovacao-e-bom-gosto-az-reinaugura-no-centro\\\/#blogposting\",\"name\":\"Inova\\u00e7\\u00e3o e bom gosto: AZ reinaugura no Centro - A Not\\u00edcia Online\",\"headline\":\"Inova\\u00e7\\u00e3o e bom gosto: AZ reinaugura no Centro\",\"author\":{\"@id\":\"https:\\\/\\\/anoticiaonline.com.br\\\/site\\\/author\\\/juliana\\\/#author\"},\"publisher\":{\"@id\":\"https:\\\/\\\/anoticiaonline.com.br\\\/site\\\/#organization\"},\"image\":{\"@type\":\"ImageObject\",\"url\":\"https:\\\/\\\/anoticiaonline.com.br\\\/site\\\/wp-content\\\/uploads\\\/2018\\\/05\\\/DSC_0084.jpg\",\"width\":640,\"height\":427},\"datePublished\":\"2018-05-05T10:20:26-03:00\",\"dateModified\":\"2018-05-05T10:23:18-03:00\",\"inLanguage\":\"pt-BR\",\"mainEntityOfPage\":{\"@id\":\"https:\\\/\\\/anoticiaonline.com.br\\\/site\\\/inovacao-e-bom-gosto-az-reinaugura-no-centro\\\/#webpage\"},\"isPartOf\":{\"@id\":\"https:\\\/\\\/anoticiaonline.com.br\\\/site\\\/inovacao-e-bom-gosto-az-reinaugura-no-centro\\\/#webpage\"},\"articleSection\":\"Eventos, Gerais, AZ, bom gosto, decora\\u00e7\\u00e3o, inova\\u00e7\\u00e3o, loja, Maria Cristina Navarro de Aquino Ribeiro, Nilza Maria de Lima Oliveira, Rua Dr. Silveira Brum\"},{\"@type\":\"BreadcrumbList\",\"@id\":\"https:\\\/\\\/anoticiaonline.com.br\\\/site\\\/inovacao-e-bom-gosto-az-reinaugura-no-centro\\\/#breadcrumblist\",\"itemListElement\":[{\"@type\":\"ListItem\",\"@id\":\"https:\\\/\\\/anoticiaonline.com.br\\\/site#listItem\",\"position\":1,\"name\":\"Home\",\"item\":\"https:\\\/\\\/anoticiaonline.com.br\\\/site\",\"nextItem\":{\"@type\":\"ListItem\",\"@id\":\"https:\\\/\\\/anoticiaonline.com.br\\\/site\\\/categoria\\\/gerais\\\/#listItem\",\"name\":\"Gerais\"}},{\"@type\":\"ListItem\",\"@id\":\"https:\\\/\\\/anoticiaonline.com.br\\\/site\\\/categoria\\\/gerais\\\/#listItem\",\"position\":2,\"name\":\"Gerais\",\"item\":\"https:\\\/\\\/anoticiaonline.com.br\\\/site\\\/categoria\\\/gerais\\\/\",\"nextItem\":{\"@type\":\"ListItem\",\"@id\":\"https:\\\/\\\/anoticiaonline.com.br\\\/site\\\/inovacao-e-bom-gosto-az-reinaugura-no-centro\\\/#listItem\",\"name\":\"Inova\\u00e7\\u00e3o e bom gosto: AZ reinaugura no Centro\"},\"previousItem\":{\"@type\":\"ListItem\",\"@id\":\"https:\\\/\\\/anoticiaonline.com.br\\\/site#listItem\",\"name\":\"Home\"}},{\"@type\":\"ListItem\",\"@id\":\"https:\\\/\\\/anoticiaonline.com.br\\\/site\\\/inovacao-e-bom-gosto-az-reinaugura-no-centro\\\/#listItem\",\"position\":3,\"name\":\"Inova\\u00e7\\u00e3o e bom gosto: AZ reinaugura no Centro\",\"previousItem\":{\"@type\":\"ListItem\",\"@id\":\"https:\\\/\\\/anoticiaonline.com.br\\\/site\\\/categoria\\\/gerais\\\/#listItem\",\"name\":\"Gerais\"}}]},{\"@type\":\"Organization\",\"@id\":\"https:\\\/\\\/anoticiaonline.com.br\\\/site\\\/#organization\",\"name\":\"A Not\\u00edcia Online\",\"description\":\"Noticias de Muria\\u00e9 e regi\\u00e3o\",\"url\":\"https:\\\/\\\/anoticiaonline.com.br\\\/site\\\/\",\"logo\":{\"@type\":\"ImageObject\",\"url\":\"https:\\\/\\\/scontent-gig4-1.xx.fbcdn.net\\\/v\\\/t39.30808-1\\\/270437624_4564083193639691_6907940295614233970_n.jpg?stp=dst-jpg_s200x200_tt6&_nc_cat=111&ccb=1-7&_nc_sid=f907e8&_nc_ohc=SM1wRlP3lJwQ7kNvwEPuBYA&_nc_oc=AdnqrjDN_BNjSSHWO-GbkIWH6fkGMLw4bqvL_NH6e2wMveX7G-rP2dAqsDSq1mJMOaY&_nc_zt=24&_nc_ht=scontent-gig4-1.xx&_nc_gid=AoBFJeGrT1hVaew_6rchkQ&oh=00_AfX7QmFGhQhG2jAllVgXCiM1ZrWgvtp80-Bfppyexh1QEg&oe=689E923C\",\"@id\":\"https:\\\/\\\/anoticiaonline.com.br\\\/site\\\/inovacao-e-bom-gosto-az-reinaugura-no-centro\\\/#organizationLogo\"},\"image\":{\"@id\":\"https:\\\/\\\/anoticiaonline.com.br\\\/site\\\/inovacao-e-bom-gosto-az-reinaugura-no-centro\\\/#organizationLogo\"}},{\"@type\":\"Person\",\"@id\":\"https:\\\/\\\/anoticiaonline.com.br\\\/site\\\/author\\\/juliana\\\/#author\",\"url\":\"https:\\\/\\\/anoticiaonline.com.br\\\/site\\\/author\\\/juliana\\\/\",\"name\":\"Juliana Laviola\",\"image\":{\"@type\":\"ImageObject\",\"@id\":\"https:\\\/\\\/anoticiaonline.com.br\\\/site\\\/inovacao-e-bom-gosto-az-reinaugura-no-centro\\\/#authorImage\",\"url\":\"https:\\\/\\\/secure.gravatar.com\\\/avatar\\\/b8d45f5c699b100dfaf0e543582f38f38bf94cb7ae3a5e9abf8d891a34773335?s=96&d=mm&r=g\",\"width\":96,\"height\":96,\"caption\":\"Juliana Laviola\"}},{\"@type\":\"WebPage\",\"@id\":\"https:\\\/\\\/anoticiaonline.com.br\\\/site\\\/inovacao-e-bom-gosto-az-reinaugura-no-centro\\\/#webpage\",\"url\":\"https:\\\/\\\/anoticiaonline.com.br\\\/site\\\/inovacao-e-bom-gosto-az-reinaugura-no-centro\\\/\",\"name\":\"Inova\\u00e7\\u00e3o e bom gosto: AZ reinaugura no Centro - A Not\\u00edcia Online\",\"description\":\"A AZ, tradicional loja de decora\\u00e7\\u00e3o e itens para o lar, inaugurou seu novo espa\\u00e7o na manh\\u00e3 de sexta-feira (27), na Rua Dr. Silveira Brum, n\\u00famero 103, durante um coquetel para clientes e amigos. No evento, todos puderam conferir as novidades que a AZ oferecer\\u00e1 em produtos de cama, mesa, banho, pap\\u00e9is de parede e\",\"inLanguage\":\"pt-BR\",\"isPartOf\":{\"@id\":\"https:\\\/\\\/anoticiaonline.com.br\\\/site\\\/#website\"},\"breadcrumb\":{\"@id\":\"https:\\\/\\\/anoticiaonline.com.br\\\/site\\\/inovacao-e-bom-gosto-az-reinaugura-no-centro\\\/#breadcrumblist\"},\"author\":{\"@id\":\"https:\\\/\\\/anoticiaonline.com.br\\\/site\\\/author\\\/juliana\\\/#author\"},\"creator\":{\"@id\":\"https:\\\/\\\/anoticiaonline.com.br\\\/site\\\/author\\\/juliana\\\/#author\"},\"image\":{\"@type\":\"ImageObject\",\"url\":\"https:\\\/\\\/anoticiaonline.com.br\\\/site\\\/wp-content\\\/uploads\\\/2018\\\/05\\\/DSC_0084.jpg\",\"@id\":\"https:\\\/\\\/anoticiaonline.com.br\\\/site\\\/inovacao-e-bom-gosto-az-reinaugura-no-centro\\\/#mainImage\",\"width\":640,\"height\":427},\"primaryImageOfPage\":{\"@id\":\"https:\\\/\\\/anoticiaonline.com.br\\\/site\\\/inovacao-e-bom-gosto-az-reinaugura-no-centro\\\/#mainImage\"},\"datePublished\":\"2018-05-05T10:20:26-03:00\",\"dateModified\":\"2018-05-05T10:23:18-03:00\"},{\"@type\":\"WebSite\",\"@id\":\"https:\\\/\\\/anoticiaonline.com.br\\\/site\\\/#website\",\"url\":\"https:\\\/\\\/anoticiaonline.com.br\\\/site\\\/\",\"name\":\"A Not\\u00edcia Online\",\"description\":\"Noticias de Muria\\u00e9 e regi\\u00e3o\",\"inLanguage\":\"pt-BR\",\"publisher\":{\"@id\":\"https:\\\/\\\/anoticiaonline.com.br\\\/site\\\/#organization\"}}]}\n\t\t<\/script>\n\t\t<!-- All in One SEO -->\n\n","aioseo_head_json":{"title":"Inova\u00e7\u00e3o e bom gosto: AZ reinaugura no Centro - A Not\u00edcia Online","description":"A AZ, tradicional loja de decora\u00e7\u00e3o e itens para o lar, inaugurou seu novo espa\u00e7o na manh\u00e3 de sexta-feira (27), na Rua Dr. Silveira Brum, n\u00famero 103, durante um coquetel para clientes e amigos. No evento, todos puderam conferir as novidades que a AZ oferecer\u00e1 em produtos de cama, mesa, banho, pap\u00e9is de parede e","canonical_url":"https:\/\/anoticiaonline.com.br\/site\/inovacao-e-bom-gosto-az-reinaugura-no-centro\/","robots":"max-image-preview:large","keywords":"","webmasterTools":{"miscellaneous":""},"schema":{"@context":"https:\/\/schema.org","@graph":[{"@type":"BlogPosting","@id":"https:\/\/anoticiaonline.com.br\/site\/inovacao-e-bom-gosto-az-reinaugura-no-centro\/#blogposting","name":"Inova\u00e7\u00e3o e bom gosto: AZ reinaugura no Centro - A Not\u00edcia Online","headline":"Inova\u00e7\u00e3o e bom gosto: AZ reinaugura no Centro","author":{"@id":"https:\/\/anoticiaonline.com.br\/site\/author\/juliana\/#author"},"publisher":{"@id":"https:\/\/anoticiaonline.com.br\/site\/#organization"},"image":{"@type":"ImageObject","url":"https:\/\/anoticiaonline.com.br\/site\/wp-content\/uploads\/2018\/05\/DSC_0084.jpg","width":640,"height":427},"datePublished":"2018-05-05T10:20:26-03:00","dateModified":"2018-05-05T10:23:18-03:00","inLanguage":"pt-BR","mainEntityOfPage":{"@id":"https:\/\/anoticiaonline.com.br\/site\/inovacao-e-bom-gosto-az-reinaugura-no-centro\/#webpage"},"isPartOf":{"@id":"https:\/\/anoticiaonline.com.br\/site\/inovacao-e-bom-gosto-az-reinaugura-no-centro\/#webpage"},"articleSection":"Eventos, Gerais, AZ, bom gosto, decora\u00e7\u00e3o, inova\u00e7\u00e3o, loja, Maria Cristina Navarro de Aquino Ribeiro, Nilza Maria de Lima Oliveira, Rua Dr. Silveira Brum"},{"@type":"BreadcrumbList","@id":"https:\/\/anoticiaonline.com.br\/site\/inovacao-e-bom-gosto-az-reinaugura-no-centro\/#breadcrumblist","itemListElement":[{"@type":"ListItem","@id":"https:\/\/anoticiaonline.com.br\/site#listItem","position":1,"name":"Home","item":"https:\/\/anoticiaonline.com.br\/site","nextItem":{"@type":"ListItem","@id":"https:\/\/anoticiaonline.com.br\/site\/categoria\/gerais\/#listItem","name":"Gerais"}},{"@type":"ListItem","@id":"https:\/\/anoticiaonline.com.br\/site\/categoria\/gerais\/#listItem","position":2,"name":"Gerais","item":"https:\/\/anoticiaonline.com.br\/site\/categoria\/gerais\/","nextItem":{"@type":"ListItem","@id":"https:\/\/anoticiaonline.com.br\/site\/inovacao-e-bom-gosto-az-reinaugura-no-centro\/#listItem","name":"Inova\u00e7\u00e3o e bom gosto: AZ reinaugura no Centro"},"previousItem":{"@type":"ListItem","@id":"https:\/\/anoticiaonline.com.br\/site#listItem","name":"Home"}},{"@type":"ListItem","@id":"https:\/\/anoticiaonline.com.br\/site\/inovacao-e-bom-gosto-az-reinaugura-no-centro\/#listItem","position":3,"name":"Inova\u00e7\u00e3o e bom gosto: AZ reinaugura no Centro","previousItem":{"@type":"ListItem","@id":"https:\/\/anoticiaonline.com.br\/site\/categoria\/gerais\/#listItem","name":"Gerais"}}]},{"@type":"Organization","@id":"https:\/\/anoticiaonline.com.br\/site\/#organization","name":"A Not\u00edcia Online","description":"Noticias de Muria\u00e9 e regi\u00e3o","url":"https:\/\/anoticiaonline.com.br\/site\/","logo":{"@type":"ImageObject","url":"https:\/\/scontent-gig4-1.xx.fbcdn.net\/v\/t39.30808-1\/270437624_4564083193639691_6907940295614233970_n.jpg?stp=dst-jpg_s200x200_tt6&_nc_cat=111&ccb=1-7&_nc_sid=f907e8&_nc_ohc=SM1wRlP3lJwQ7kNvwEPuBYA&_nc_oc=AdnqrjDN_BNjSSHWO-GbkIWH6fkGMLw4bqvL_NH6e2wMveX7G-rP2dAqsDSq1mJMOaY&_nc_zt=24&_nc_ht=scontent-gig4-1.xx&_nc_gid=AoBFJeGrT1hVaew_6rchkQ&oh=00_AfX7QmFGhQhG2jAllVgXCiM1ZrWgvtp80-Bfppyexh1QEg&oe=689E923C","@id":"https:\/\/anoticiaonline.com.br\/site\/inovacao-e-bom-gosto-az-reinaugura-no-centro\/#organizationLogo"},"image":{"@id":"https:\/\/anoticiaonline.com.br\/site\/inovacao-e-bom-gosto-az-reinaugura-no-centro\/#organizationLogo"}},{"@type":"Person","@id":"https:\/\/anoticiaonline.com.br\/site\/author\/juliana\/#author","url":"https:\/\/anoticiaonline.com.br\/site\/author\/juliana\/","name":"Juliana Laviola","image":{"@type":"ImageObject","@id":"https:\/\/anoticiaonline.com.br\/site\/inovacao-e-bom-gosto-az-reinaugura-no-centro\/#authorImage","url":"https:\/\/secure.gravatar.com\/avatar\/b8d45f5c699b100dfaf0e543582f38f38bf94cb7ae3a5e9abf8d891a34773335?s=96&d=mm&r=g","width":96,"height":96,"caption":"Juliana Laviola"}},{"@type":"WebPage","@id":"https:\/\/anoticiaonline.com.br\/site\/inovacao-e-bom-gosto-az-reinaugura-no-centro\/#webpage","url":"https:\/\/anoticiaonline.com.br\/site\/inovacao-e-bom-gosto-az-reinaugura-no-centro\/","name":"Inova\u00e7\u00e3o e bom gosto: AZ reinaugura no Centro - A Not\u00edcia Online","description":"A AZ, tradicional loja de decora\u00e7\u00e3o e itens para o lar, inaugurou seu novo espa\u00e7o na manh\u00e3 de sexta-feira (27), na Rua Dr. Silveira Brum, n\u00famero 103, durante um coquetel para clientes e amigos. No evento, todos puderam conferir as novidades que a AZ oferecer\u00e1 em produtos de cama, mesa, banho, pap\u00e9is de parede e","inLanguage":"pt-BR","isPartOf":{"@id":"https:\/\/anoticiaonline.com.br\/site\/#website"},"breadcrumb":{"@id":"https:\/\/anoticiaonline.com.br\/site\/inovacao-e-bom-gosto-az-reinaugura-no-centro\/#breadcrumblist"},"author":{"@id":"https:\/\/anoticiaonline.com.br\/site\/author\/juliana\/#author"},"creator":{"@id":"https:\/\/anoticiaonline.com.br\/site\/author\/juliana\/#author"},"image":{"@type":"ImageObject","url":"https:\/\/anoticiaonline.com.br\/site\/wp-content\/uploads\/2018\/05\/DSC_0084.jpg","@id":"https:\/\/anoticiaonline.com.br\/site\/inovacao-e-bom-gosto-az-reinaugura-no-centro\/#mainImage","width":640,"height":427},"primaryImageOfPage":{"@id":"https:\/\/anoticiaonline.com.br\/site\/inovacao-e-bom-gosto-az-reinaugura-no-centro\/#mainImage"},"datePublished":"2018-05-05T10:20:26-03:00","dateModified":"2018-05-05T10:23:18-03:00"},{"@type":"WebSite","@id":"https:\/\/anoticiaonline.com.br\/site\/#website","url":"https:\/\/anoticiaonline.com.br\/site\/","name":"A Not\u00edcia Online","description":"Noticias de Muria\u00e9 e regi\u00e3o","inLanguage":"pt-BR","publisher":{"@id":"https:\/\/anoticiaonline.com.br\/site\/#organization"}}]},"og:locale":"pt_BR","og:site_name":"A Not\u00edcia Online - Noticias de Muria\u00e9 e regi\u00e3o","og:type":"article","og:title":"Inova\u00e7\u00e3o e bom gosto: AZ reinaugura no Centro - A Not\u00edcia Online","og:description":"A AZ, tradicional loja de decora\u00e7\u00e3o e itens para o lar, inaugurou seu novo espa\u00e7o na manh\u00e3 de sexta-feira (27), na Rua Dr. Silveira Brum, n\u00famero 103, durante um coquetel para clientes e amigos. No evento, todos puderam conferir as novidades que a AZ oferecer\u00e1 em produtos de cama, mesa, banho, pap\u00e9is de parede e","og:url":"https:\/\/anoticiaonline.com.br\/site\/inovacao-e-bom-gosto-az-reinaugura-no-centro\/","og:image":"https:\/\/scontent-gig4-1.xx.fbcdn.net\/v\/t39.30808-1\/270437624_4564083193639691_6907940295614233970_n.jpg?stp=dst-jpg_s200x200_tt6&#038;_nc_cat=111&#038;ccb=1-7&#038;_nc_sid=f907e8&#038;_nc_ohc=SM1wRlP3lJwQ7kNvwEPuBYA&#038;_nc_oc=AdnqrjDN_BNjSSHWO-GbkIWH6fkGMLw4bqvL_NH6e2wMveX7G-rP2dAqsDSq1mJMOaY&#038;_nc_zt=24&#038;_nc_ht=scontent-gig4-1.xx&#038;_nc_gid=AoBFJeGrT1hVaew_6rchkQ&#038;oh=00_AfX7QmFGhQhG2jAllVgXCiM1ZrWgvtp80-Bfppyexh1QEg&#038;oe=689E923C","og:image:secure_url":"https:\/\/scontent-gig4-1.xx.fbcdn.net\/v\/t39.30808-1\/270437624_4564083193639691_6907940295614233970_n.jpg?stp=dst-jpg_s200x200_tt6&#038;_nc_cat=111&#038;ccb=1-7&#038;_nc_sid=f907e8&#038;_nc_ohc=SM1wRlP3lJwQ7kNvwEPuBYA&#038;_nc_oc=AdnqrjDN_BNjSSHWO-GbkIWH6fkGMLw4bqvL_NH6e2wMveX7G-rP2dAqsDSq1mJMOaY&#038;_nc_zt=24&#038;_nc_ht=scontent-gig4-1.xx&#038;_nc_gid=AoBFJeGrT1hVaew_6rchkQ&#038;oh=00_AfX7QmFGhQhG2jAllVgXCiM1ZrWgvtp80-Bfppyexh1QEg&#038;oe=689E923C","article:published_time":"2018-05-05T13:20:26+00:00","article:modified_time":"2018-05-05T13:23:18+00:00","twitter:card":"summary_large_image","twitter:title":"Inova\u00e7\u00e3o e bom gosto: AZ reinaugura no Centro - A Not\u00edcia Online","twitter:description":"A AZ, tradicional loja de decora\u00e7\u00e3o e itens para o lar, inaugurou seu novo espa\u00e7o na manh\u00e3 de sexta-feira (27), na Rua Dr. Silveira Brum, n\u00famero 103, durante um coquetel para clientes e amigos. No evento, todos puderam conferir as novidades que a AZ oferecer\u00e1 em produtos de cama, mesa, banho, pap\u00e9is de parede e","twitter:image":"https:\/\/scontent-gig4-1.xx.fbcdn.net\/v\/t39.30808-1\/270437624_4564083193639691_6907940295614233970_n.jpg?stp=dst-jpg_s200x200_tt6&_nc_cat=111&ccb=1-7&_nc_sid=f907e8&_nc_ohc=SM1wRlP3lJwQ7kNvwEPuBYA&_nc_oc=AdnqrjDN_BNjSSHWO-GbkIWH6fkGMLw4bqvL_NH6e2wMveX7G-rP2dAqsDSq1mJMOaY&_nc_zt=24&_nc_ht=scontent-gig4-1.xx&_nc_gid=AoBFJeGrT1hVaew_6rchkQ&oh=00_AfX7QmFGhQhG2jAllVgXCiM1ZrWgvtp80-Bfppyexh1QEg&oe=689E923C"},"aioseo_meta_data":{"post_id":"55334","title":null,"description":null,"keywords":null,"keyphrases":null,"primary_term":null,"canonical_url":null,"og_title":null,"og_description":null,"og_object_type":"default","og_image_type":"default","og_image_url":null,"og_image_width":null,"og_image_height":null,"og_image_custom_url":null,"og_image_custom_fields":null,"og_video":null,"og_custom_url":null,"og_article_section":null,"og_article_tags":null,"twitter_use_og":false,"twitter_card":"default","twitter_image_type":"default","twitter_image_url":null,"twitter_image_custom_url":null,"twitter_image_custom_fields":null,"twitter_title":null,"twitter_description":null,"schema":{"blockGraphs":[],"customGraphs":[],"default":{"data":{"Article":[],"Course":[],"Dataset":[],"FAQPage":[],"Movie":[],"Person":[],"Product":[],"ProductReview":[],"Car":[],"Recipe":[],"Service":[],"SoftwareApplication":[],"WebPage":[]},"graphName":"","isEnabled":true},"graphs":[]},"schema_type":"default","schema_type_options":null,"pillar_content":false,"robots_default":true,"robots_noindex":false,"robots_noarchive":false,"robots_nosnippet":false,"robots_nofollow":false,"robots_noimageindex":false,"robots_noodp":false,"robots_notranslate":false,"robots_max_snippet":null,"robots_max_videopreview":null,"robots_max_imagepreview":"large","priority":null,"frequency":null,"local_seo":null,"breadcrumb_settings":null,"limit_modified_date":false,"ai":null,"created":"2025-08-16 20:48:51","updated":"2025-08-16 20:48:51","focus_keyword":null,"additional_keywords":null,"truseo_locale":null,"seo_analyzer_scan_date":null},"aioseo_breadcrumb":"<div class=\"aioseo-breadcrumbs\"><span class=\"aioseo-breadcrumb\">\n\t\t\t<a href=\"https:\/\/anoticiaonline.com.br\/site\" title=\"Home\">Home<\/a>\n\t\t<\/span><span class=\"aioseo-breadcrumb-separator\">&raquo;<\/span><span class=\"aioseo-breadcrumb\">\n\t\t\t<a href=\"https:\/\/anoticiaonline.com.br\/site\/categoria\/gerais\/\" title=\"Gerais\">Gerais<\/a>\n\t\t<\/span><span class=\"aioseo-breadcrumb-separator\">&raquo;<\/span><span class=\"aioseo-breadcrumb\">\n\t\t\tInova\u00e7\u00e3o e bom gosto: AZ reinaugura no Centro\n\t\t<\/span><\/div>","aioseo_breadcrumb_json":[{"label":"Home","link":"https:\/\/anoticiaonline.com.br\/site"},{"label":"Gerais","link":"https:\/\/anoticiaonline.com.br\/site\/categoria\/gerais\/"},{"label":"Inova\u00e7\u00e3o e bom gosto: AZ reinaugura no Centro","link":"https:\/\/anoticiaonline.com.br\/site\/inovacao-e-bom-gosto-az-reinaugura-no-centro\/"}],"views":161,"_links":{"self":[{"href":"https:\/\/anoticiaonline.com.br\/site\/wp-json\/wp\/v2\/posts\/55334","targetHints":{"allow":["GET"]}}],"collection":[{"href":"https:\/\/anoticiaonline.com.br\/site\/wp-json\/wp\/v2\/posts"}],"about":[{"href":"https:\/\/anoticiaonline.com.br\/site\/wp-json\/wp\/v2\/types\/post"}],"author":[{"embeddable":true,"href":"https:\/\/anoticiaonline.com.br\/site\/wp-json\/wp\/v2\/users\/2"}],"replies":[{"embeddable":true,"href":"https:\/\/anoticiaonline.com.br\/site\/wp-json\/wp\/v2\/comments?post=55334"}],"version-history":[{"count":0,"href":"https:\/\/anoticiaonline.com.br\/site\/wp-json\/wp\/v2\/posts\/55334\/revisions"}],"wp:featuredmedia":[{"embeddable":true,"href":"https:\/\/anoticiaonline.com.br\/site\/wp-json\/wp\/v2\/media\/55330"}],"wp:attachment":[{"href":"https:\/\/anoticiaonline.com.br\/site\/wp-json\/wp\/v2\/media?parent=55334"}],"wp:term":[{"taxonomy":"category","embeddable":true,"href":"https:\/\/anoticiaonline.com.br\/site\/wp-json\/wp\/v2\/categories?post=55334"},{"taxonomy":"post_tag","embeddable":true,"href":"https:\/\/anoticiaonline.com.br\/site\/wp-json\/wp\/v2\/tags?post=55334"}],"curies":[{"name":"wp","href":"https:\/\/api.w.org\/{rel}","templated":true}]}}