{"id":55199,"date":"2018-05-04T11:18:21","date_gmt":"2018-05-04T14:18:21","guid":{"rendered":"http:\/\/anoticiaonline.com.br\/site\/?p=55199"},"modified":"2018-05-04T11:18:45","modified_gmt":"2018-05-04T14:18:45","slug":"1a-copa-de-marcha-da-agroboi","status":"publish","type":"post","link":"https:\/\/anoticiaonline.com.br\/site\/1a-copa-de-marcha-da-agroboi\/","title":{"rendered":"1\u00aa Copa de Marcha da Agroboi"},"content":{"rendered":"<p><a href=\"https:\/\/anoticiaonline.com.br\/site\/wp-content\/uploads\/2018\/05\/DSC_0290.jpg\"><img fetchpriority=\"high\" decoding=\"async\" class=\"aligncenter size-full wp-image-55210\" src=\"https:\/\/anoticiaonline.com.br\/site\/wp-content\/uploads\/2018\/05\/DSC_0290.jpg\" alt=\"\" width=\"640\" height=\"427\" srcset=\"https:\/\/anoticiaonline.com.br\/site\/wp-content\/uploads\/2018\/05\/DSC_0290.jpg 640w, https:\/\/anoticiaonline.com.br\/site\/wp-content\/uploads\/2018\/05\/DSC_0290-300x200.jpg 300w\" sizes=\"(max-width: 640px) 100vw, 640px\" \/><\/a><a href=\"https:\/\/anoticiaonline.com.br\/site\/wp-content\/uploads\/2018\/05\/DSC_0304.jpg\"><img decoding=\"async\" class=\"aligncenter size-full wp-image-55212\" src=\"https:\/\/anoticiaonline.com.br\/site\/wp-content\/uploads\/2018\/05\/DSC_0304.jpg\" alt=\"\" width=\"640\" height=\"427\" srcset=\"https:\/\/anoticiaonline.com.br\/site\/wp-content\/uploads\/2018\/05\/DSC_0304.jpg 640w, https:\/\/anoticiaonline.com.br\/site\/wp-content\/uploads\/2018\/05\/DSC_0304-300x200.jpg 300w\" sizes=\"(max-width: 640px) 100vw, 640px\" \/><\/a> <a href=\"https:\/\/anoticiaonline.com.br\/site\/wp-content\/uploads\/2018\/05\/DSC_0310.jpg\"><img decoding=\"async\" class=\"aligncenter size-full wp-image-55213\" src=\"https:\/\/anoticiaonline.com.br\/site\/wp-content\/uploads\/2018\/05\/DSC_0310.jpg\" alt=\"\" width=\"413\" height=\"620\" srcset=\"https:\/\/anoticiaonline.com.br\/site\/wp-content\/uploads\/2018\/05\/DSC_0310.jpg 413w, https:\/\/anoticiaonline.com.br\/site\/wp-content\/uploads\/2018\/05\/DSC_0310-200x300.jpg 200w\" sizes=\"(max-width: 413px) 100vw, 413px\" \/><\/a><a href=\"https:\/\/anoticiaonline.com.br\/site\/wp-content\/uploads\/2018\/05\/DSC_0800.jpg\"><img loading=\"lazy\" decoding=\"async\" class=\"aligncenter size-full wp-image-55216\" src=\"https:\/\/anoticiaonline.com.br\/site\/wp-content\/uploads\/2018\/05\/DSC_0800.jpg\" alt=\"\" width=\"640\" height=\"427\" srcset=\"https:\/\/anoticiaonline.com.br\/site\/wp-content\/uploads\/2018\/05\/DSC_0800.jpg 640w, https:\/\/anoticiaonline.com.br\/site\/wp-content\/uploads\/2018\/05\/DSC_0800-300x200.jpg 300w\" sizes=\"(max-width: 640px) 100vw, 640px\" \/><\/a> <a href=\"https:\/\/anoticiaonline.com.br\/site\/wp-content\/uploads\/2018\/05\/DSC_0804.jpg\"><img loading=\"lazy\" decoding=\"async\" class=\"aligncenter size-full wp-image-55217\" src=\"https:\/\/anoticiaonline.com.br\/site\/wp-content\/uploads\/2018\/05\/DSC_0804.jpg\" alt=\"\" width=\"640\" height=\"427\" srcset=\"https:\/\/anoticiaonline.com.br\/site\/wp-content\/uploads\/2018\/05\/DSC_0804.jpg 640w, https:\/\/anoticiaonline.com.br\/site\/wp-content\/uploads\/2018\/05\/DSC_0804-300x200.jpg 300w\" sizes=\"(max-width: 640px) 100vw, 640px\" \/><\/a>Com objetivo de reunir os amantes do cavalo Mangalarga Marchador, foi realizada, no \u00faltimo domingo (29), a 1\u00aa Copa de Marcha do S\u00edtio Agroboi, propriedade do empres\u00e1rio Jos\u00e9 Geraldo de Carvalho e de sua esposa, Cleuza Maria Levate de Carvalho.<\/p>\n<p>O evento, que contou com o apoio de diversos parceiros, premiou os tr\u00eas primeiros lugares das oito categorias, al\u00e9m do cavalo Campe\u00e3o dos Campe\u00f5es, e sorteou brindes para o p\u00fablico presente.<\/p>\n<p>A ideia da 1\u00aa Copa de Marcha partiu da equipe da GL Marchador que considera o S\u00edtio Agroboi um local com excelente estrutura para receber eventos do tipo.<\/p>\n<p>Larissa Werner dos Santos disse que a 1\u00aa Copa de Marcha da Agroboi contou tamb\u00e9m com o apoio de Darlan Santos, da Tr\u00eas Barras Produ\u00e7\u00f5es, do Hotel Ibis, da Comitiva da GL e amigos.<\/p>\n<p>\u201cAproveitamos a oportunidade para ter uma tarde agrad\u00e1vel, reunindo amigos e fam\u00edlias inteiras apaixonadas pelo cavalo Mangalarga Marchador. Tivemos o apoio do propriet\u00e1rio do local, o Jos\u00e9 Geraldo, que gosta de lidar com animais, e contamos com a presen\u00e7a de diversos criadores de Minas Gerais, Rio de Janeiro e Esp\u00edrito Santo\u201d, conta.<\/p>\n<p>Jos\u00e9 Geraldo disse que foi uma honra poder abrir as portas da propriedade para receber amigos e demais convidados. \u201cN\u00f3s, da fam\u00edlia Agroboi, tivemos um prazer imenso realizar esta 1\u00aa Copa de Marcha. Esperamos que muitas outras estejam por vir\u201d, conta.<\/p>\n<p>Deizele da Silva Teixeira Carvalho, nora de Jos\u00e9 Geraldo, aproveitou a oportunidade para agradecer todos que prestigiaram a primeira edi\u00e7\u00e3o do evento. \u201cQuero agradecer todos que vieram e trouxeram animais t\u00e3o bonitos para esta 1\u00aa Copa de Marcha\u201d, conta a m\u00e3e de Isabele Levate Teixeira Carvalho e Davi Levate Teixeira Carvalho, que tamb\u00e9m s\u00e3o apaixonados pelos animais.<\/p>\n<p>Giani Carla disse que Jos\u00e9 Geraldo apoiou de cara a ideia do evento. \u201cO espa\u00e7o \u00e9 maravilho e o Jos\u00e9 Geraldo sempre quis fazer um evento do tipo aqui no s\u00edtio. Foi uma \u00f3tima oportunidade para reunir amigos o que acaba resultando, tamb\u00e9m, em grandes parcerias e futuros neg\u00f3cios, como a compra e venda de animais premiados. Aproveito a oportunidade para agradecer \u00e0 fam\u00edlia Agroboi e aos cavaleiros, que abrilhantaram o evento\u201d, conta.<\/p>\n<p><a href=\"https:\/\/anoticiaonline.com.br\/site\/wp-content\/uploads\/2018\/05\/DSC_0137.jpg\"><img loading=\"lazy\" decoding=\"async\" class=\"aligncenter size-full wp-image-55209\" src=\"https:\/\/anoticiaonline.com.br\/site\/wp-content\/uploads\/2018\/05\/DSC_0137.jpg\" alt=\"\" width=\"640\" height=\"427\" srcset=\"https:\/\/anoticiaonline.com.br\/site\/wp-content\/uploads\/2018\/05\/DSC_0137.jpg 640w, https:\/\/anoticiaonline.com.br\/site\/wp-content\/uploads\/2018\/05\/DSC_0137-300x200.jpg 300w\" sizes=\"(max-width: 640px) 100vw, 640px\" \/><\/a><a href=\"https:\/\/anoticiaonline.com.br\/site\/wp-content\/uploads\/2018\/05\/DSC_0298.jpg\"><img loading=\"lazy\" decoding=\"async\" class=\"aligncenter size-full wp-image-55211\" src=\"https:\/\/anoticiaonline.com.br\/site\/wp-content\/uploads\/2018\/05\/DSC_0298.jpg\" alt=\"\" width=\"640\" height=\"426\" srcset=\"https:\/\/anoticiaonline.com.br\/site\/wp-content\/uploads\/2018\/05\/DSC_0298.jpg 640w, https:\/\/anoticiaonline.com.br\/site\/wp-content\/uploads\/2018\/05\/DSC_0298-300x200.jpg 300w\" sizes=\"(max-width: 640px) 100vw, 640px\" \/><\/a><a href=\"https:\/\/anoticiaonline.com.br\/site\/wp-content\/uploads\/2018\/05\/DSC_0391.jpg\"><img loading=\"lazy\" decoding=\"async\" class=\"aligncenter size-full wp-image-55214\" src=\"https:\/\/anoticiaonline.com.br\/site\/wp-content\/uploads\/2018\/05\/DSC_0391.jpg\" alt=\"\" width=\"640\" height=\"427\" srcset=\"https:\/\/anoticiaonline.com.br\/site\/wp-content\/uploads\/2018\/05\/DSC_0391.jpg 640w, https:\/\/anoticiaonline.com.br\/site\/wp-content\/uploads\/2018\/05\/DSC_0391-300x200.jpg 300w\" sizes=\"(max-width: 640px) 100vw, 640px\" \/><\/a><a href=\"https:\/\/anoticiaonline.com.br\/site\/wp-content\/uploads\/2018\/05\/DSC_0536.jpg\"><img loading=\"lazy\" decoding=\"async\" class=\"aligncenter size-full wp-image-55215\" src=\"https:\/\/anoticiaonline.com.br\/site\/wp-content\/uploads\/2018\/05\/DSC_0536.jpg\" alt=\"\" width=\"640\" height=\"427\" srcset=\"https:\/\/anoticiaonline.com.br\/site\/wp-content\/uploads\/2018\/05\/DSC_0536.jpg 640w, https:\/\/anoticiaonline.com.br\/site\/wp-content\/uploads\/2018\/05\/DSC_0536-300x200.jpg 300w\" sizes=\"(max-width: 640px) 100vw, 640px\" \/><\/a><\/p>\n<p>&nbsp;<\/p>\n<p><img decoding=\"async\" class=\"ngg_displayed_gallery mceItem\" src=\"https:\/\/anoticiaonline.com.br\/site\/nextgen-attach_to_post\/preview\/id--55326\" \/><\/p>\n","protected":false},"excerpt":{"rendered":"<p>Com objetivo de reunir os amantes do cavalo Mangalarga Marchador, foi realizada, no \u00faltimo domingo (29), a 1\u00aa Copa de Marcha do S\u00edtio Agroboi, propriedade do empres\u00e1rio Jos\u00e9 Geraldo de Carvalho e de sua esposa, Cleuza Maria Levate de Carvalho. O evento, que contou com o apoio de diversos parceiros, premiou os tr\u00eas primeiros lugares &#8230; <a title=\"1\u00aa Copa de Marcha da Agroboi\" class=\"read-more\" href=\"https:\/\/anoticiaonline.com.br\/site\/1a-copa-de-marcha-da-agroboi\/\" aria-label=\"Read more about 1\u00aa Copa de Marcha da Agroboi\">Ler mais<\/a><\/p>\n","protected":false},"author":2,"featured_media":55210,"comment_status":"open","ping_status":"open","sticky":false,"template":"","format":"standard","meta":{"_acf_changed":false,"_monsterinsights_skip_tracking":false,"footnotes":""},"categories":[1],"tags":[2500,2499,2497,2498],"class_list":["post-55199","post","type-post","status-publish","format-standard","has-post-thumbnail","hentry","category-gerais","tag-comitiva-da-gl","tag-copa-de-marcha","tag-copa-de-marcha-do-sitio-agroboi","tag-sitio-agroboi"],"acf":[],"aioseo_notices":[],"aioseo_head":"\n\t\t<!-- All in One SEO 5.0.0.1 - aioseo.com -->\n\t<meta name=\"description\" content=\"Com objetivo de reunir os amantes do cavalo Mangalarga Marchador, foi realizada, no \u00faltimo domingo (29), a 1\u00aa Copa de Marcha do S\u00edtio Agroboi, propriedade do empres\u00e1rio Jos\u00e9 Geraldo de Carvalho e de sua esposa, Cleuza Maria Levate de Carvalho. O evento, que contou com o apoio de diversos parceiros, premiou os tr\u00eas primeiros lugares\" \/>\n\t<meta name=\"robots\" content=\"max-image-preview:large\" \/>\n\t<meta name=\"author\" content=\"Juliana Laviola\"\/>\n\t<link rel=\"canonical\" href=\"https:\/\/anoticiaonline.com.br\/site\/1a-copa-de-marcha-da-agroboi\/\" \/>\n\t<meta name=\"generator\" content=\"All in One SEO (AIOSEO) 5.0.0.1\" \/>\n\t\t<meta property=\"og:locale\" content=\"pt_BR\" \/>\n\t\t<meta property=\"og:site_name\" content=\"A Not\u00edcia Online - Noticias de Muria\u00e9 e regi\u00e3o\" \/>\n\t\t<meta property=\"og:type\" content=\"article\" \/>\n\t\t<meta property=\"og:title\" content=\"1\u00aa Copa de Marcha da Agroboi - A Not\u00edcia Online\" \/>\n\t\t<meta property=\"og:description\" content=\"Com objetivo de reunir os amantes do cavalo Mangalarga Marchador, foi realizada, no \u00faltimo domingo (29), a 1\u00aa Copa de Marcha do S\u00edtio Agroboi, propriedade do empres\u00e1rio Jos\u00e9 Geraldo de Carvalho e de sua esposa, Cleuza Maria Levate de Carvalho. O evento, que contou com o apoio de diversos parceiros, premiou os tr\u00eas primeiros lugares\" \/>\n\t\t<meta property=\"og:url\" content=\"https:\/\/anoticiaonline.com.br\/site\/1a-copa-de-marcha-da-agroboi\/\" \/>\n\t\t<meta property=\"og:image\" content=\"https:\/\/scontent-gig4-1.xx.fbcdn.net\/v\/t39.30808-1\/270437624_4564083193639691_6907940295614233970_n.jpg?stp=dst-jpg_s200x200_tt6&#038;_nc_cat=111&#038;ccb=1-7&#038;_nc_sid=f907e8&#038;_nc_ohc=SM1wRlP3lJwQ7kNvwEPuBYA&#038;_nc_oc=AdnqrjDN_BNjSSHWO-GbkIWH6fkGMLw4bqvL_NH6e2wMveX7G-rP2dAqsDSq1mJMOaY&#038;_nc_zt=24&#038;_nc_ht=scontent-gig4-1.xx&#038;_nc_gid=AoBFJeGrT1hVaew_6rchkQ&#038;oh=00_AfX7QmFGhQhG2jAllVgXCiM1ZrWgvtp80-Bfppyexh1QEg&#038;oe=689E923C\" \/>\n\t\t<meta property=\"og:image:secure_url\" content=\"https:\/\/scontent-gig4-1.xx.fbcdn.net\/v\/t39.30808-1\/270437624_4564083193639691_6907940295614233970_n.jpg?stp=dst-jpg_s200x200_tt6&#038;_nc_cat=111&#038;ccb=1-7&#038;_nc_sid=f907e8&#038;_nc_ohc=SM1wRlP3lJwQ7kNvwEPuBYA&#038;_nc_oc=AdnqrjDN_BNjSSHWO-GbkIWH6fkGMLw4bqvL_NH6e2wMveX7G-rP2dAqsDSq1mJMOaY&#038;_nc_zt=24&#038;_nc_ht=scontent-gig4-1.xx&#038;_nc_gid=AoBFJeGrT1hVaew_6rchkQ&#038;oh=00_AfX7QmFGhQhG2jAllVgXCiM1ZrWgvtp80-Bfppyexh1QEg&#038;oe=689E923C\" \/>\n\t\t<meta property=\"article:published_time\" content=\"2018-05-04T14:18:21+00:00\" \/>\n\t\t<meta property=\"article:modified_time\" content=\"2018-05-04T14:18:45+00:00\" \/>\n\t\t<meta name=\"twitter:card\" content=\"summary_large_image\" \/>\n\t\t<meta name=\"twitter:title\" content=\"1\u00aa Copa de Marcha da Agroboi - A Not\u00edcia Online\" \/>\n\t\t<meta name=\"twitter:description\" content=\"Com objetivo de reunir os amantes do cavalo Mangalarga Marchador, foi realizada, no \u00faltimo domingo (29), a 1\u00aa Copa de Marcha do S\u00edtio Agroboi, propriedade do empres\u00e1rio Jos\u00e9 Geraldo de Carvalho e de sua esposa, Cleuza Maria Levate de Carvalho. O evento, que contou com o apoio de diversos parceiros, premiou os tr\u00eas primeiros lugares\" \/>\n\t\t<meta name=\"twitter:image\" content=\"https:\/\/scontent-gig4-1.xx.fbcdn.net\/v\/t39.30808-1\/270437624_4564083193639691_6907940295614233970_n.jpg?stp=dst-jpg_s200x200_tt6&amp;_nc_cat=111&amp;ccb=1-7&amp;_nc_sid=f907e8&amp;_nc_ohc=SM1wRlP3lJwQ7kNvwEPuBYA&amp;_nc_oc=AdnqrjDN_BNjSSHWO-GbkIWH6fkGMLw4bqvL_NH6e2wMveX7G-rP2dAqsDSq1mJMOaY&amp;_nc_zt=24&amp;_nc_ht=scontent-gig4-1.xx&amp;_nc_gid=AoBFJeGrT1hVaew_6rchkQ&amp;oh=00_AfX7QmFGhQhG2jAllVgXCiM1ZrWgvtp80-Bfppyexh1QEg&amp;oe=689E923C\" \/>\n\t\t<script type=\"application\/ld+json\" class=\"aioseo-schema\">\n\t\t\t{\"@context\":\"https:\\\/\\\/schema.org\",\"@graph\":[{\"@type\":\"BlogPosting\",\"@id\":\"https:\\\/\\\/anoticiaonline.com.br\\\/site\\\/1a-copa-de-marcha-da-agroboi\\\/#blogposting\",\"name\":\"1\\u00aa Copa de Marcha da Agroboi - A Not\\u00edcia Online\",\"headline\":\"1\\u00aa Copa de Marcha da Agroboi\",\"author\":{\"@id\":\"https:\\\/\\\/anoticiaonline.com.br\\\/site\\\/author\\\/juliana\\\/#author\"},\"publisher\":{\"@id\":\"https:\\\/\\\/anoticiaonline.com.br\\\/site\\\/#organization\"},\"image\":{\"@type\":\"ImageObject\",\"url\":\"https:\\\/\\\/anoticiaonline.com.br\\\/site\\\/wp-content\\\/uploads\\\/2018\\\/05\\\/DSC_0290.jpg\",\"width\":640,\"height\":427},\"datePublished\":\"2018-05-04T11:18:21-03:00\",\"dateModified\":\"2018-05-04T11:18:45-03:00\",\"inLanguage\":\"pt-BR\",\"mainEntityOfPage\":{\"@id\":\"https:\\\/\\\/anoticiaonline.com.br\\\/site\\\/1a-copa-de-marcha-da-agroboi\\\/#webpage\"},\"isPartOf\":{\"@id\":\"https:\\\/\\\/anoticiaonline.com.br\\\/site\\\/1a-copa-de-marcha-da-agroboi\\\/#webpage\"},\"articleSection\":\"Gerais, Comitiva da GL, Copa de Marcha, Copa de Marcha do S\\u00edtio Agroboi, S\\u00edtio Agroboi\"},{\"@type\":\"BreadcrumbList\",\"@id\":\"https:\\\/\\\/anoticiaonline.com.br\\\/site\\\/1a-copa-de-marcha-da-agroboi\\\/#breadcrumblist\",\"itemListElement\":[{\"@type\":\"ListItem\",\"@id\":\"https:\\\/\\\/anoticiaonline.com.br\\\/site#listItem\",\"position\":1,\"name\":\"Home\",\"item\":\"https:\\\/\\\/anoticiaonline.com.br\\\/site\",\"nextItem\":{\"@type\":\"ListItem\",\"@id\":\"https:\\\/\\\/anoticiaonline.com.br\\\/site\\\/categoria\\\/gerais\\\/#listItem\",\"name\":\"Gerais\"}},{\"@type\":\"ListItem\",\"@id\":\"https:\\\/\\\/anoticiaonline.com.br\\\/site\\\/categoria\\\/gerais\\\/#listItem\",\"position\":2,\"name\":\"Gerais\",\"item\":\"https:\\\/\\\/anoticiaonline.com.br\\\/site\\\/categoria\\\/gerais\\\/\",\"nextItem\":{\"@type\":\"ListItem\",\"@id\":\"https:\\\/\\\/anoticiaonline.com.br\\\/site\\\/1a-copa-de-marcha-da-agroboi\\\/#listItem\",\"name\":\"1\\u00aa Copa de Marcha da Agroboi\"},\"previousItem\":{\"@type\":\"ListItem\",\"@id\":\"https:\\\/\\\/anoticiaonline.com.br\\\/site#listItem\",\"name\":\"Home\"}},{\"@type\":\"ListItem\",\"@id\":\"https:\\\/\\\/anoticiaonline.com.br\\\/site\\\/1a-copa-de-marcha-da-agroboi\\\/#listItem\",\"position\":3,\"name\":\"1\\u00aa Copa de Marcha da Agroboi\",\"previousItem\":{\"@type\":\"ListItem\",\"@id\":\"https:\\\/\\\/anoticiaonline.com.br\\\/site\\\/categoria\\\/gerais\\\/#listItem\",\"name\":\"Gerais\"}}]},{\"@type\":\"Organization\",\"@id\":\"https:\\\/\\\/anoticiaonline.com.br\\\/site\\\/#organization\",\"name\":\"A Not\\u00edcia Online\",\"description\":\"Noticias de Muria\\u00e9 e regi\\u00e3o\",\"url\":\"https:\\\/\\\/anoticiaonline.com.br\\\/site\\\/\",\"logo\":{\"@type\":\"ImageObject\",\"url\":\"https:\\\/\\\/scontent-gig4-1.xx.fbcdn.net\\\/v\\\/t39.30808-1\\\/270437624_4564083193639691_6907940295614233970_n.jpg?stp=dst-jpg_s200x200_tt6&_nc_cat=111&ccb=1-7&_nc_sid=f907e8&_nc_ohc=SM1wRlP3lJwQ7kNvwEPuBYA&_nc_oc=AdnqrjDN_BNjSSHWO-GbkIWH6fkGMLw4bqvL_NH6e2wMveX7G-rP2dAqsDSq1mJMOaY&_nc_zt=24&_nc_ht=scontent-gig4-1.xx&_nc_gid=AoBFJeGrT1hVaew_6rchkQ&oh=00_AfX7QmFGhQhG2jAllVgXCiM1ZrWgvtp80-Bfppyexh1QEg&oe=689E923C\",\"@id\":\"https:\\\/\\\/anoticiaonline.com.br\\\/site\\\/1a-copa-de-marcha-da-agroboi\\\/#organizationLogo\"},\"image\":{\"@id\":\"https:\\\/\\\/anoticiaonline.com.br\\\/site\\\/1a-copa-de-marcha-da-agroboi\\\/#organizationLogo\"}},{\"@type\":\"Person\",\"@id\":\"https:\\\/\\\/anoticiaonline.com.br\\\/site\\\/author\\\/juliana\\\/#author\",\"url\":\"https:\\\/\\\/anoticiaonline.com.br\\\/site\\\/author\\\/juliana\\\/\",\"name\":\"Juliana Laviola\",\"image\":{\"@type\":\"ImageObject\",\"@id\":\"https:\\\/\\\/anoticiaonline.com.br\\\/site\\\/1a-copa-de-marcha-da-agroboi\\\/#authorImage\",\"url\":\"https:\\\/\\\/secure.gravatar.com\\\/avatar\\\/b8d45f5c699b100dfaf0e543582f38f38bf94cb7ae3a5e9abf8d891a34773335?s=96&d=mm&r=g\",\"width\":96,\"height\":96,\"caption\":\"Juliana Laviola\"}},{\"@type\":\"WebPage\",\"@id\":\"https:\\\/\\\/anoticiaonline.com.br\\\/site\\\/1a-copa-de-marcha-da-agroboi\\\/#webpage\",\"url\":\"https:\\\/\\\/anoticiaonline.com.br\\\/site\\\/1a-copa-de-marcha-da-agroboi\\\/\",\"name\":\"1\\u00aa Copa de Marcha da Agroboi - A Not\\u00edcia Online\",\"description\":\"Com objetivo de reunir os amantes do cavalo Mangalarga Marchador, foi realizada, no \\u00faltimo domingo (29), a 1\\u00aa Copa de Marcha do S\\u00edtio Agroboi, propriedade do empres\\u00e1rio Jos\\u00e9 Geraldo de Carvalho e de sua esposa, Cleuza Maria Levate de Carvalho. O evento, que contou com o apoio de diversos parceiros, premiou os tr\\u00eas primeiros lugares\",\"inLanguage\":\"pt-BR\",\"isPartOf\":{\"@id\":\"https:\\\/\\\/anoticiaonline.com.br\\\/site\\\/#website\"},\"breadcrumb\":{\"@id\":\"https:\\\/\\\/anoticiaonline.com.br\\\/site\\\/1a-copa-de-marcha-da-agroboi\\\/#breadcrumblist\"},\"author\":{\"@id\":\"https:\\\/\\\/anoticiaonline.com.br\\\/site\\\/author\\\/juliana\\\/#author\"},\"creator\":{\"@id\":\"https:\\\/\\\/anoticiaonline.com.br\\\/site\\\/author\\\/juliana\\\/#author\"},\"image\":{\"@type\":\"ImageObject\",\"url\":\"https:\\\/\\\/anoticiaonline.com.br\\\/site\\\/wp-content\\\/uploads\\\/2018\\\/05\\\/DSC_0290.jpg\",\"@id\":\"https:\\\/\\\/anoticiaonline.com.br\\\/site\\\/1a-copa-de-marcha-da-agroboi\\\/#mainImage\",\"width\":640,\"height\":427},\"primaryImageOfPage\":{\"@id\":\"https:\\\/\\\/anoticiaonline.com.br\\\/site\\\/1a-copa-de-marcha-da-agroboi\\\/#mainImage\"},\"datePublished\":\"2018-05-04T11:18:21-03:00\",\"dateModified\":\"2018-05-04T11:18:45-03:00\"},{\"@type\":\"WebSite\",\"@id\":\"https:\\\/\\\/anoticiaonline.com.br\\\/site\\\/#website\",\"url\":\"https:\\\/\\\/anoticiaonline.com.br\\\/site\\\/\",\"name\":\"A Not\\u00edcia Online\",\"description\":\"Noticias de Muria\\u00e9 e regi\\u00e3o\",\"inLanguage\":\"pt-BR\",\"publisher\":{\"@id\":\"https:\\\/\\\/anoticiaonline.com.br\\\/site\\\/#organization\"}}]}\n\t\t<\/script>\n\t\t<!-- All in One SEO -->\n\n","aioseo_head_json":{"title":"1\u00aa Copa de Marcha da Agroboi - A Not\u00edcia Online","description":"Com objetivo de reunir os amantes do cavalo Mangalarga Marchador, foi realizada, no \u00faltimo domingo (29), a 1\u00aa Copa de Marcha do S\u00edtio Agroboi, propriedade do empres\u00e1rio Jos\u00e9 Geraldo de Carvalho e de sua esposa, Cleuza Maria Levate de Carvalho. O evento, que contou com o apoio de diversos parceiros, premiou os tr\u00eas primeiros lugares","canonical_url":"https:\/\/anoticiaonline.com.br\/site\/1a-copa-de-marcha-da-agroboi\/","robots":"max-image-preview:large","keywords":"","webmasterTools":{"miscellaneous":""},"schema":{"@context":"https:\/\/schema.org","@graph":[{"@type":"BlogPosting","@id":"https:\/\/anoticiaonline.com.br\/site\/1a-copa-de-marcha-da-agroboi\/#blogposting","name":"1\u00aa Copa de Marcha da Agroboi - A Not\u00edcia Online","headline":"1\u00aa Copa de Marcha da Agroboi","author":{"@id":"https:\/\/anoticiaonline.com.br\/site\/author\/juliana\/#author"},"publisher":{"@id":"https:\/\/anoticiaonline.com.br\/site\/#organization"},"image":{"@type":"ImageObject","url":"https:\/\/anoticiaonline.com.br\/site\/wp-content\/uploads\/2018\/05\/DSC_0290.jpg","width":640,"height":427},"datePublished":"2018-05-04T11:18:21-03:00","dateModified":"2018-05-04T11:18:45-03:00","inLanguage":"pt-BR","mainEntityOfPage":{"@id":"https:\/\/anoticiaonline.com.br\/site\/1a-copa-de-marcha-da-agroboi\/#webpage"},"isPartOf":{"@id":"https:\/\/anoticiaonline.com.br\/site\/1a-copa-de-marcha-da-agroboi\/#webpage"},"articleSection":"Gerais, Comitiva da GL, Copa de Marcha, Copa de Marcha do S\u00edtio Agroboi, S\u00edtio Agroboi"},{"@type":"BreadcrumbList","@id":"https:\/\/anoticiaonline.com.br\/site\/1a-copa-de-marcha-da-agroboi\/#breadcrumblist","itemListElement":[{"@type":"ListItem","@id":"https:\/\/anoticiaonline.com.br\/site#listItem","position":1,"name":"Home","item":"https:\/\/anoticiaonline.com.br\/site","nextItem":{"@type":"ListItem","@id":"https:\/\/anoticiaonline.com.br\/site\/categoria\/gerais\/#listItem","name":"Gerais"}},{"@type":"ListItem","@id":"https:\/\/anoticiaonline.com.br\/site\/categoria\/gerais\/#listItem","position":2,"name":"Gerais","item":"https:\/\/anoticiaonline.com.br\/site\/categoria\/gerais\/","nextItem":{"@type":"ListItem","@id":"https:\/\/anoticiaonline.com.br\/site\/1a-copa-de-marcha-da-agroboi\/#listItem","name":"1\u00aa Copa de Marcha da Agroboi"},"previousItem":{"@type":"ListItem","@id":"https:\/\/anoticiaonline.com.br\/site#listItem","name":"Home"}},{"@type":"ListItem","@id":"https:\/\/anoticiaonline.com.br\/site\/1a-copa-de-marcha-da-agroboi\/#listItem","position":3,"name":"1\u00aa Copa de Marcha da Agroboi","previousItem":{"@type":"ListItem","@id":"https:\/\/anoticiaonline.com.br\/site\/categoria\/gerais\/#listItem","name":"Gerais"}}]},{"@type":"Organization","@id":"https:\/\/anoticiaonline.com.br\/site\/#organization","name":"A Not\u00edcia Online","description":"Noticias de Muria\u00e9 e regi\u00e3o","url":"https:\/\/anoticiaonline.com.br\/site\/","logo":{"@type":"ImageObject","url":"https:\/\/scontent-gig4-1.xx.fbcdn.net\/v\/t39.30808-1\/270437624_4564083193639691_6907940295614233970_n.jpg?stp=dst-jpg_s200x200_tt6&_nc_cat=111&ccb=1-7&_nc_sid=f907e8&_nc_ohc=SM1wRlP3lJwQ7kNvwEPuBYA&_nc_oc=AdnqrjDN_BNjSSHWO-GbkIWH6fkGMLw4bqvL_NH6e2wMveX7G-rP2dAqsDSq1mJMOaY&_nc_zt=24&_nc_ht=scontent-gig4-1.xx&_nc_gid=AoBFJeGrT1hVaew_6rchkQ&oh=00_AfX7QmFGhQhG2jAllVgXCiM1ZrWgvtp80-Bfppyexh1QEg&oe=689E923C","@id":"https:\/\/anoticiaonline.com.br\/site\/1a-copa-de-marcha-da-agroboi\/#organizationLogo"},"image":{"@id":"https:\/\/anoticiaonline.com.br\/site\/1a-copa-de-marcha-da-agroboi\/#organizationLogo"}},{"@type":"Person","@id":"https:\/\/anoticiaonline.com.br\/site\/author\/juliana\/#author","url":"https:\/\/anoticiaonline.com.br\/site\/author\/juliana\/","name":"Juliana Laviola","image":{"@type":"ImageObject","@id":"https:\/\/anoticiaonline.com.br\/site\/1a-copa-de-marcha-da-agroboi\/#authorImage","url":"https:\/\/secure.gravatar.com\/avatar\/b8d45f5c699b100dfaf0e543582f38f38bf94cb7ae3a5e9abf8d891a34773335?s=96&d=mm&r=g","width":96,"height":96,"caption":"Juliana Laviola"}},{"@type":"WebPage","@id":"https:\/\/anoticiaonline.com.br\/site\/1a-copa-de-marcha-da-agroboi\/#webpage","url":"https:\/\/anoticiaonline.com.br\/site\/1a-copa-de-marcha-da-agroboi\/","name":"1\u00aa Copa de Marcha da Agroboi - A Not\u00edcia Online","description":"Com objetivo de reunir os amantes do cavalo Mangalarga Marchador, foi realizada, no \u00faltimo domingo (29), a 1\u00aa Copa de Marcha do S\u00edtio Agroboi, propriedade do empres\u00e1rio Jos\u00e9 Geraldo de Carvalho e de sua esposa, Cleuza Maria Levate de Carvalho. O evento, que contou com o apoio de diversos parceiros, premiou os tr\u00eas primeiros lugares","inLanguage":"pt-BR","isPartOf":{"@id":"https:\/\/anoticiaonline.com.br\/site\/#website"},"breadcrumb":{"@id":"https:\/\/anoticiaonline.com.br\/site\/1a-copa-de-marcha-da-agroboi\/#breadcrumblist"},"author":{"@id":"https:\/\/anoticiaonline.com.br\/site\/author\/juliana\/#author"},"creator":{"@id":"https:\/\/anoticiaonline.com.br\/site\/author\/juliana\/#author"},"image":{"@type":"ImageObject","url":"https:\/\/anoticiaonline.com.br\/site\/wp-content\/uploads\/2018\/05\/DSC_0290.jpg","@id":"https:\/\/anoticiaonline.com.br\/site\/1a-copa-de-marcha-da-agroboi\/#mainImage","width":640,"height":427},"primaryImageOfPage":{"@id":"https:\/\/anoticiaonline.com.br\/site\/1a-copa-de-marcha-da-agroboi\/#mainImage"},"datePublished":"2018-05-04T11:18:21-03:00","dateModified":"2018-05-04T11:18:45-03:00"},{"@type":"WebSite","@id":"https:\/\/anoticiaonline.com.br\/site\/#website","url":"https:\/\/anoticiaonline.com.br\/site\/","name":"A Not\u00edcia Online","description":"Noticias de Muria\u00e9 e regi\u00e3o","inLanguage":"pt-BR","publisher":{"@id":"https:\/\/anoticiaonline.com.br\/site\/#organization"}}]},"og:locale":"pt_BR","og:site_name":"A Not\u00edcia Online - Noticias de Muria\u00e9 e regi\u00e3o","og:type":"article","og:title":"1\u00aa Copa de Marcha da Agroboi - A Not\u00edcia Online","og:description":"Com objetivo de reunir os amantes do cavalo Mangalarga Marchador, foi realizada, no \u00faltimo domingo (29), a 1\u00aa Copa de Marcha do S\u00edtio Agroboi, propriedade do empres\u00e1rio Jos\u00e9 Geraldo de Carvalho e de sua esposa, Cleuza Maria Levate de Carvalho. O evento, que contou com o apoio de diversos parceiros, premiou os tr\u00eas primeiros lugares","og:url":"https:\/\/anoticiaonline.com.br\/site\/1a-copa-de-marcha-da-agroboi\/","og:image":"https:\/\/scontent-gig4-1.xx.fbcdn.net\/v\/t39.30808-1\/270437624_4564083193639691_6907940295614233970_n.jpg?stp=dst-jpg_s200x200_tt6&#038;_nc_cat=111&#038;ccb=1-7&#038;_nc_sid=f907e8&#038;_nc_ohc=SM1wRlP3lJwQ7kNvwEPuBYA&#038;_nc_oc=AdnqrjDN_BNjSSHWO-GbkIWH6fkGMLw4bqvL_NH6e2wMveX7G-rP2dAqsDSq1mJMOaY&#038;_nc_zt=24&#038;_nc_ht=scontent-gig4-1.xx&#038;_nc_gid=AoBFJeGrT1hVaew_6rchkQ&#038;oh=00_AfX7QmFGhQhG2jAllVgXCiM1ZrWgvtp80-Bfppyexh1QEg&#038;oe=689E923C","og:image:secure_url":"https:\/\/scontent-gig4-1.xx.fbcdn.net\/v\/t39.30808-1\/270437624_4564083193639691_6907940295614233970_n.jpg?stp=dst-jpg_s200x200_tt6&#038;_nc_cat=111&#038;ccb=1-7&#038;_nc_sid=f907e8&#038;_nc_ohc=SM1wRlP3lJwQ7kNvwEPuBYA&#038;_nc_oc=AdnqrjDN_BNjSSHWO-GbkIWH6fkGMLw4bqvL_NH6e2wMveX7G-rP2dAqsDSq1mJMOaY&#038;_nc_zt=24&#038;_nc_ht=scontent-gig4-1.xx&#038;_nc_gid=AoBFJeGrT1hVaew_6rchkQ&#038;oh=00_AfX7QmFGhQhG2jAllVgXCiM1ZrWgvtp80-Bfppyexh1QEg&#038;oe=689E923C","article:published_time":"2018-05-04T14:18:21+00:00","article:modified_time":"2018-05-04T14:18:45+00:00","twitter:card":"summary_large_image","twitter:title":"1\u00aa Copa de Marcha da Agroboi - A Not\u00edcia Online","twitter:description":"Com objetivo de reunir os amantes do cavalo Mangalarga Marchador, foi realizada, no \u00faltimo domingo (29), a 1\u00aa Copa de Marcha do S\u00edtio Agroboi, propriedade do empres\u00e1rio Jos\u00e9 Geraldo de Carvalho e de sua esposa, Cleuza Maria Levate de Carvalho. O evento, que contou com o apoio de diversos parceiros, premiou os tr\u00eas primeiros lugares","twitter:image":"https:\/\/scontent-gig4-1.xx.fbcdn.net\/v\/t39.30808-1\/270437624_4564083193639691_6907940295614233970_n.jpg?stp=dst-jpg_s200x200_tt6&_nc_cat=111&ccb=1-7&_nc_sid=f907e8&_nc_ohc=SM1wRlP3lJwQ7kNvwEPuBYA&_nc_oc=AdnqrjDN_BNjSSHWO-GbkIWH6fkGMLw4bqvL_NH6e2wMveX7G-rP2dAqsDSq1mJMOaY&_nc_zt=24&_nc_ht=scontent-gig4-1.xx&_nc_gid=AoBFJeGrT1hVaew_6rchkQ&oh=00_AfX7QmFGhQhG2jAllVgXCiM1ZrWgvtp80-Bfppyexh1QEg&oe=689E923C"},"aioseo_meta_data":{"post_id":"55199","title":null,"description":null,"keywords":null,"keyphrases":null,"primary_term":null,"canonical_url":null,"og_title":null,"og_description":null,"og_object_type":"default","og_image_type":"default","og_image_url":null,"og_image_width":null,"og_image_height":null,"og_image_custom_url":null,"og_image_custom_fields":null,"og_video":null,"og_custom_url":null,"og_article_section":null,"og_article_tags":null,"twitter_use_og":false,"twitter_card":"default","twitter_image_type":"default","twitter_image_url":null,"twitter_image_custom_url":null,"twitter_image_custom_fields":null,"twitter_title":null,"twitter_description":null,"schema":{"blockGraphs":[],"customGraphs":[],"default":{"data":{"Article":[],"Course":[],"Dataset":[],"FAQPage":[],"Movie":[],"Person":[],"Product":[],"ProductReview":[],"Car":[],"Recipe":[],"Service":[],"SoftwareApplication":[],"WebPage":[]},"graphName":"","isEnabled":true},"graphs":[]},"schema_type":"default","schema_type_options":null,"pillar_content":false,"robots_default":true,"robots_noindex":false,"robots_noarchive":false,"robots_nosnippet":false,"robots_nofollow":false,"robots_noimageindex":false,"robots_noodp":false,"robots_notranslate":false,"robots_max_snippet":null,"robots_max_videopreview":null,"robots_max_imagepreview":"large","priority":null,"frequency":null,"local_seo":null,"breadcrumb_settings":null,"limit_modified_date":false,"ai":null,"created":"2025-08-16 20:48:51","updated":"2025-08-16 20:48:51","focus_keyword":null,"additional_keywords":null,"truseo_locale":null,"seo_analyzer_scan_date":null},"aioseo_breadcrumb":"<div class=\"aioseo-breadcrumbs\"><span class=\"aioseo-breadcrumb\">\n\t\t\t<a href=\"https:\/\/anoticiaonline.com.br\/site\" title=\"Home\">Home<\/a>\n\t\t<\/span><span class=\"aioseo-breadcrumb-separator\">&raquo;<\/span><span class=\"aioseo-breadcrumb\">\n\t\t\t<a href=\"https:\/\/anoticiaonline.com.br\/site\/categoria\/gerais\/\" title=\"Gerais\">Gerais<\/a>\n\t\t<\/span><span class=\"aioseo-breadcrumb-separator\">&raquo;<\/span><span class=\"aioseo-breadcrumb\">\n\t\t\t1\u00aa Copa de Marcha da Agroboi\n\t\t<\/span><\/div>","aioseo_breadcrumb_json":[{"label":"Home","link":"https:\/\/anoticiaonline.com.br\/site"},{"label":"Gerais","link":"https:\/\/anoticiaonline.com.br\/site\/categoria\/gerais\/"},{"label":"1\u00aa Copa de Marcha da Agroboi","link":"https:\/\/anoticiaonline.com.br\/site\/1a-copa-de-marcha-da-agroboi\/"}],"views":196,"_links":{"self":[{"href":"https:\/\/anoticiaonline.com.br\/site\/wp-json\/wp\/v2\/posts\/55199","targetHints":{"allow":["GET"]}}],"collection":[{"href":"https:\/\/anoticiaonline.com.br\/site\/wp-json\/wp\/v2\/posts"}],"about":[{"href":"https:\/\/anoticiaonline.com.br\/site\/wp-json\/wp\/v2\/types\/post"}],"author":[{"embeddable":true,"href":"https:\/\/anoticiaonline.com.br\/site\/wp-json\/wp\/v2\/users\/2"}],"replies":[{"embeddable":true,"href":"https:\/\/anoticiaonline.com.br\/site\/wp-json\/wp\/v2\/comments?post=55199"}],"version-history":[{"count":0,"href":"https:\/\/anoticiaonline.com.br\/site\/wp-json\/wp\/v2\/posts\/55199\/revisions"}],"wp:featuredmedia":[{"embeddable":true,"href":"https:\/\/anoticiaonline.com.br\/site\/wp-json\/wp\/v2\/media\/55210"}],"wp:attachment":[{"href":"https:\/\/anoticiaonline.com.br\/site\/wp-json\/wp\/v2\/media?parent=55199"}],"wp:term":[{"taxonomy":"category","embeddable":true,"href":"https:\/\/anoticiaonline.com.br\/site\/wp-json\/wp\/v2\/categories?post=55199"},{"taxonomy":"post_tag","embeddable":true,"href":"https:\/\/anoticiaonline.com.br\/site\/wp-json\/wp\/v2\/tags?post=55199"}],"curies":[{"name":"wp","href":"https:\/\/api.w.org\/{rel}","templated":true}]}}