{"id":54743,"date":"2018-05-03T19:09:10","date_gmt":"2018-05-03T22:09:10","guid":{"rendered":"http:\/\/anoticiaonline.com.br\/site\/?p=54743"},"modified":"2018-05-03T19:10:05","modified_gmt":"2018-05-03T22:10:05","slug":"abrigos-de-onibus-sao-instalados-em-varios-pontos-da-cidade","status":"publish","type":"post","link":"https:\/\/anoticiaonline.com.br\/site\/abrigos-de-onibus-sao-instalados-em-varios-pontos-da-cidade\/","title":{"rendered":"Abrigos de \u00f4nibus s\u00e3o instalados em v\u00e1rios pontos da cidade"},"content":{"rendered":"<p>A Avenida Juscelino Kubitschek e a Pra\u00e7a Coronel Pacheco de Medeiros est\u00e3o recebendo, desde a quarta-feira (25), os abrigos de passageiros de \u00f4nibus. As outras prote\u00e7\u00f5es ser\u00e3o implantadas na regi\u00e3o da Unidade de Atendimento Integrado (UAI) e no ponto da pra\u00e7a, perto dos Correios.<\/p>\n<p>As estruturas met\u00e1licas com cobertura de policarbonato foram instaladas em locais estrat\u00e9gicos para auxiliar na identifica\u00e7\u00e3o dos pontos de \u00f4nibus. \u201cO abrigo de passageiros est\u00e1 sendo instalado para garantir comodidade aos passageiros que utilizam os espa\u00e7os para embarcar e desembarcar at\u00e9 seus destinos. Em Muria\u00e9, uma grande parte da popula\u00e7\u00e3o depende dos transportes coletivos para trabalhar, para ir a um m\u00e9dico ou realizar compras\u201d, disse o secret\u00e1rio de Obras P\u00fablicas e Urbanismo, Aderbal Fernandes<\/p>\n<p><a href=\"https:\/\/anoticiaonline.com.br\/site\/wp-content\/uploads\/2018\/05\/Abrigos-de-\u00f4nibus-s\u00e3o-instalados-em-v\u00e1rios-pontos-da-cidade-2.jpg\"><img fetchpriority=\"high\" decoding=\"async\" class=\"alignnone size-full wp-image-54744\" src=\"https:\/\/anoticiaonline.com.br\/site\/wp-content\/uploads\/2018\/05\/Abrigos-de-\u00f4nibus-s\u00e3o-instalados-em-v\u00e1rios-pontos-da-cidade-2.jpg\" alt=\"\" width=\"640\" height=\"426\" srcset=\"https:\/\/anoticiaonline.com.br\/site\/wp-content\/uploads\/2018\/05\/Abrigos-de-\u00f4nibus-s\u00e3o-instalados-em-v\u00e1rios-pontos-da-cidade-2.jpg 640w, https:\/\/anoticiaonline.com.br\/site\/wp-content\/uploads\/2018\/05\/Abrigos-de-\u00f4nibus-s\u00e3o-instalados-em-v\u00e1rios-pontos-da-cidade-2-300x200.jpg 300w\" sizes=\"(max-width: 640px) 100vw, 640px\" \/><\/a> <a href=\"https:\/\/anoticiaonline.com.br\/site\/wp-content\/uploads\/2018\/05\/Abrigos-de-\u00f4nibus-s\u00e3o-instalados-em-v\u00e1rios-pontos-da-cidade.jpg\"><img decoding=\"async\" class=\"alignnone size-full wp-image-54745\" src=\"https:\/\/anoticiaonline.com.br\/site\/wp-content\/uploads\/2018\/05\/Abrigos-de-\u00f4nibus-s\u00e3o-instalados-em-v\u00e1rios-pontos-da-cidade.jpg\" alt=\"\" width=\"640\" height=\"426\" srcset=\"https:\/\/anoticiaonline.com.br\/site\/wp-content\/uploads\/2018\/05\/Abrigos-de-\u00f4nibus-s\u00e3o-instalados-em-v\u00e1rios-pontos-da-cidade.jpg 640w, https:\/\/anoticiaonline.com.br\/site\/wp-content\/uploads\/2018\/05\/Abrigos-de-\u00f4nibus-s\u00e3o-instalados-em-v\u00e1rios-pontos-da-cidade-300x200.jpg 300w\" sizes=\"(max-width: 640px) 100vw, 640px\" \/><\/a><\/p>\n<p>Cr\u00e9ditos: ASCOM PMM<\/p>\n","protected":false},"excerpt":{"rendered":"<p>A Avenida Juscelino Kubitschek e a Pra\u00e7a Coronel Pacheco de Medeiros est\u00e3o recebendo, desde a quarta-feira (25), os abrigos de passageiros de \u00f4nibus. As outras prote\u00e7\u00f5es ser\u00e3o implantadas na regi\u00e3o da Unidade de Atendimento Integrado (UAI) e no ponto da pra\u00e7a, perto dos Correios. As estruturas met\u00e1licas com cobertura de policarbonato foram instaladas em locais &#8230; <a title=\"Abrigos de \u00f4nibus s\u00e3o instalados em v\u00e1rios pontos da cidade\" class=\"read-more\" href=\"https:\/\/anoticiaonline.com.br\/site\/abrigos-de-onibus-sao-instalados-em-varios-pontos-da-cidade\/\" aria-label=\"Read more about Abrigos de \u00f4nibus s\u00e3o instalados em v\u00e1rios pontos da cidade\">Ler mais<\/a><\/p>\n","protected":false},"author":2,"featured_media":54745,"comment_status":"open","ping_status":"open","sticky":false,"template":"","format":"standard","meta":{"_acf_changed":false,"_monsterinsights_skip_tracking":false,"footnotes":""},"categories":[30],"tags":[2469,126,74,400,2470],"class_list":["post-54743","post","type-post","status-publish","format-standard","has-post-thumbnail","hentry","category-muriae","tag-abrigos","tag-cidade","tag-muriae","tag-onibus","tag-passageiros"],"acf":[],"aioseo_notices":[],"aioseo_head":"\n\t\t<!-- All in One SEO 5.0.0.1 - aioseo.com -->\n\t<meta name=\"description\" content=\"A Avenida Juscelino Kubitschek e a Pra\u00e7a Coronel Pacheco de Medeiros est\u00e3o recebendo, desde a quarta-feira (25), os abrigos de passageiros de \u00f4nibus. As outras prote\u00e7\u00f5es ser\u00e3o implantadas na regi\u00e3o da Unidade de Atendimento Integrado (UAI) e no ponto da pra\u00e7a, perto dos Correios. As estruturas met\u00e1licas com cobertura de policarbonato foram instaladas em locais\" \/>\n\t<meta name=\"robots\" content=\"max-image-preview:large\" \/>\n\t<meta name=\"author\" content=\"Juliana Laviola\"\/>\n\t<link rel=\"canonical\" href=\"https:\/\/anoticiaonline.com.br\/site\/abrigos-de-onibus-sao-instalados-em-varios-pontos-da-cidade\/\" \/>\n\t<meta name=\"generator\" content=\"All in One SEO (AIOSEO) 5.0.0.1\" \/>\n\t\t<meta property=\"og:locale\" content=\"pt_BR\" \/>\n\t\t<meta property=\"og:site_name\" content=\"A Not\u00edcia Online - Noticias de Muria\u00e9 e regi\u00e3o\" \/>\n\t\t<meta property=\"og:type\" content=\"article\" \/>\n\t\t<meta property=\"og:title\" content=\"Abrigos de \u00f4nibus s\u00e3o instalados em v\u00e1rios pontos da cidade - A Not\u00edcia Online\" \/>\n\t\t<meta property=\"og:description\" content=\"A Avenida Juscelino Kubitschek e a Pra\u00e7a Coronel Pacheco de Medeiros est\u00e3o recebendo, desde a quarta-feira (25), os abrigos de passageiros de \u00f4nibus. As outras prote\u00e7\u00f5es ser\u00e3o implantadas na regi\u00e3o da Unidade de Atendimento Integrado (UAI) e no ponto da pra\u00e7a, perto dos Correios. As estruturas met\u00e1licas com cobertura de policarbonato foram instaladas em locais\" \/>\n\t\t<meta property=\"og:url\" content=\"https:\/\/anoticiaonline.com.br\/site\/abrigos-de-onibus-sao-instalados-em-varios-pontos-da-cidade\/\" \/>\n\t\t<meta property=\"og:image\" content=\"https:\/\/scontent-gig4-1.xx.fbcdn.net\/v\/t39.30808-1\/270437624_4564083193639691_6907940295614233970_n.jpg?stp=dst-jpg_s200x200_tt6&#038;_nc_cat=111&#038;ccb=1-7&#038;_nc_sid=f907e8&#038;_nc_ohc=SM1wRlP3lJwQ7kNvwEPuBYA&#038;_nc_oc=AdnqrjDN_BNjSSHWO-GbkIWH6fkGMLw4bqvL_NH6e2wMveX7G-rP2dAqsDSq1mJMOaY&#038;_nc_zt=24&#038;_nc_ht=scontent-gig4-1.xx&#038;_nc_gid=AoBFJeGrT1hVaew_6rchkQ&#038;oh=00_AfX7QmFGhQhG2jAllVgXCiM1ZrWgvtp80-Bfppyexh1QEg&#038;oe=689E923C\" \/>\n\t\t<meta property=\"og:image:secure_url\" content=\"https:\/\/scontent-gig4-1.xx.fbcdn.net\/v\/t39.30808-1\/270437624_4564083193639691_6907940295614233970_n.jpg?stp=dst-jpg_s200x200_tt6&#038;_nc_cat=111&#038;ccb=1-7&#038;_nc_sid=f907e8&#038;_nc_ohc=SM1wRlP3lJwQ7kNvwEPuBYA&#038;_nc_oc=AdnqrjDN_BNjSSHWO-GbkIWH6fkGMLw4bqvL_NH6e2wMveX7G-rP2dAqsDSq1mJMOaY&#038;_nc_zt=24&#038;_nc_ht=scontent-gig4-1.xx&#038;_nc_gid=AoBFJeGrT1hVaew_6rchkQ&#038;oh=00_AfX7QmFGhQhG2jAllVgXCiM1ZrWgvtp80-Bfppyexh1QEg&#038;oe=689E923C\" \/>\n\t\t<meta property=\"article:published_time\" content=\"2018-05-03T22:09:10+00:00\" \/>\n\t\t<meta property=\"article:modified_time\" content=\"2018-05-03T22:10:05+00:00\" \/>\n\t\t<meta name=\"twitter:card\" content=\"summary_large_image\" \/>\n\t\t<meta name=\"twitter:title\" content=\"Abrigos de \u00f4nibus s\u00e3o instalados em v\u00e1rios pontos da cidade - A Not\u00edcia Online\" \/>\n\t\t<meta name=\"twitter:description\" content=\"A Avenida Juscelino Kubitschek e a Pra\u00e7a Coronel Pacheco de Medeiros est\u00e3o recebendo, desde a quarta-feira (25), os abrigos de passageiros de \u00f4nibus. As outras prote\u00e7\u00f5es ser\u00e3o implantadas na regi\u00e3o da Unidade de Atendimento Integrado (UAI) e no ponto da pra\u00e7a, perto dos Correios. As estruturas met\u00e1licas com cobertura de policarbonato foram instaladas em locais\" \/>\n\t\t<meta name=\"twitter:image\" content=\"https:\/\/scontent-gig4-1.xx.fbcdn.net\/v\/t39.30808-1\/270437624_4564083193639691_6907940295614233970_n.jpg?stp=dst-jpg_s200x200_tt6&amp;_nc_cat=111&amp;ccb=1-7&amp;_nc_sid=f907e8&amp;_nc_ohc=SM1wRlP3lJwQ7kNvwEPuBYA&amp;_nc_oc=AdnqrjDN_BNjSSHWO-GbkIWH6fkGMLw4bqvL_NH6e2wMveX7G-rP2dAqsDSq1mJMOaY&amp;_nc_zt=24&amp;_nc_ht=scontent-gig4-1.xx&amp;_nc_gid=AoBFJeGrT1hVaew_6rchkQ&amp;oh=00_AfX7QmFGhQhG2jAllVgXCiM1ZrWgvtp80-Bfppyexh1QEg&amp;oe=689E923C\" \/>\n\t\t<script type=\"application\/ld+json\" class=\"aioseo-schema\">\n\t\t\t{\"@context\":\"https:\\\/\\\/schema.org\",\"@graph\":[{\"@type\":\"BlogPosting\",\"@id\":\"https:\\\/\\\/anoticiaonline.com.br\\\/site\\\/abrigos-de-onibus-sao-instalados-em-varios-pontos-da-cidade\\\/#blogposting\",\"name\":\"Abrigos de \\u00f4nibus s\\u00e3o instalados em v\\u00e1rios pontos da cidade - A Not\\u00edcia Online\",\"headline\":\"Abrigos de \\u00f4nibus s\\u00e3o instalados em v\\u00e1rios pontos da cidade\",\"author\":{\"@id\":\"https:\\\/\\\/anoticiaonline.com.br\\\/site\\\/author\\\/juliana\\\/#author\"},\"publisher\":{\"@id\":\"https:\\\/\\\/anoticiaonline.com.br\\\/site\\\/#organization\"},\"image\":{\"@type\":\"ImageObject\",\"url\":\"https:\\\/\\\/anoticiaonline.com.br\\\/site\\\/wp-content\\\/uploads\\\/2018\\\/05\\\/Abrigos-de-\\u00f4nibus-s\\u00e3o-instalados-em-v\\u00e1rios-pontos-da-cidade.jpg\",\"width\":640,\"height\":426},\"datePublished\":\"2018-05-03T19:09:10-03:00\",\"dateModified\":\"2018-05-03T19:10:05-03:00\",\"inLanguage\":\"pt-BR\",\"mainEntityOfPage\":{\"@id\":\"https:\\\/\\\/anoticiaonline.com.br\\\/site\\\/abrigos-de-onibus-sao-instalados-em-varios-pontos-da-cidade\\\/#webpage\"},\"isPartOf\":{\"@id\":\"https:\\\/\\\/anoticiaonline.com.br\\\/site\\\/abrigos-de-onibus-sao-instalados-em-varios-pontos-da-cidade\\\/#webpage\"},\"articleSection\":\"Blog, abrigos, cidade, Muria\\u00e9, \\u00f4nibus, passageiros\"},{\"@type\":\"BreadcrumbList\",\"@id\":\"https:\\\/\\\/anoticiaonline.com.br\\\/site\\\/abrigos-de-onibus-sao-instalados-em-varios-pontos-da-cidade\\\/#breadcrumblist\",\"itemListElement\":[{\"@type\":\"ListItem\",\"@id\":\"https:\\\/\\\/anoticiaonline.com.br\\\/site#listItem\",\"position\":1,\"name\":\"Home\",\"item\":\"https:\\\/\\\/anoticiaonline.com.br\\\/site\",\"nextItem\":{\"@type\":\"ListItem\",\"@id\":\"https:\\\/\\\/anoticiaonline.com.br\\\/site\\\/categoria\\\/muriae\\\/#listItem\",\"name\":\"Blog\"}},{\"@type\":\"ListItem\",\"@id\":\"https:\\\/\\\/anoticiaonline.com.br\\\/site\\\/categoria\\\/muriae\\\/#listItem\",\"position\":2,\"name\":\"Blog\",\"item\":\"https:\\\/\\\/anoticiaonline.com.br\\\/site\\\/categoria\\\/muriae\\\/\",\"nextItem\":{\"@type\":\"ListItem\",\"@id\":\"https:\\\/\\\/anoticiaonline.com.br\\\/site\\\/abrigos-de-onibus-sao-instalados-em-varios-pontos-da-cidade\\\/#listItem\",\"name\":\"Abrigos de \\u00f4nibus s\\u00e3o instalados em v\\u00e1rios pontos da cidade\"},\"previousItem\":{\"@type\":\"ListItem\",\"@id\":\"https:\\\/\\\/anoticiaonline.com.br\\\/site#listItem\",\"name\":\"Home\"}},{\"@type\":\"ListItem\",\"@id\":\"https:\\\/\\\/anoticiaonline.com.br\\\/site\\\/abrigos-de-onibus-sao-instalados-em-varios-pontos-da-cidade\\\/#listItem\",\"position\":3,\"name\":\"Abrigos de \\u00f4nibus s\\u00e3o instalados em v\\u00e1rios pontos da cidade\",\"previousItem\":{\"@type\":\"ListItem\",\"@id\":\"https:\\\/\\\/anoticiaonline.com.br\\\/site\\\/categoria\\\/muriae\\\/#listItem\",\"name\":\"Blog\"}}]},{\"@type\":\"Organization\",\"@id\":\"https:\\\/\\\/anoticiaonline.com.br\\\/site\\\/#organization\",\"name\":\"A Not\\u00edcia Online\",\"description\":\"Noticias de Muria\\u00e9 e regi\\u00e3o\",\"url\":\"https:\\\/\\\/anoticiaonline.com.br\\\/site\\\/\",\"logo\":{\"@type\":\"ImageObject\",\"url\":\"https:\\\/\\\/scontent-gig4-1.xx.fbcdn.net\\\/v\\\/t39.30808-1\\\/270437624_4564083193639691_6907940295614233970_n.jpg?stp=dst-jpg_s200x200_tt6&_nc_cat=111&ccb=1-7&_nc_sid=f907e8&_nc_ohc=SM1wRlP3lJwQ7kNvwEPuBYA&_nc_oc=AdnqrjDN_BNjSSHWO-GbkIWH6fkGMLw4bqvL_NH6e2wMveX7G-rP2dAqsDSq1mJMOaY&_nc_zt=24&_nc_ht=scontent-gig4-1.xx&_nc_gid=AoBFJeGrT1hVaew_6rchkQ&oh=00_AfX7QmFGhQhG2jAllVgXCiM1ZrWgvtp80-Bfppyexh1QEg&oe=689E923C\",\"@id\":\"https:\\\/\\\/anoticiaonline.com.br\\\/site\\\/abrigos-de-onibus-sao-instalados-em-varios-pontos-da-cidade\\\/#organizationLogo\"},\"image\":{\"@id\":\"https:\\\/\\\/anoticiaonline.com.br\\\/site\\\/abrigos-de-onibus-sao-instalados-em-varios-pontos-da-cidade\\\/#organizationLogo\"}},{\"@type\":\"Person\",\"@id\":\"https:\\\/\\\/anoticiaonline.com.br\\\/site\\\/author\\\/juliana\\\/#author\",\"url\":\"https:\\\/\\\/anoticiaonline.com.br\\\/site\\\/author\\\/juliana\\\/\",\"name\":\"Juliana Laviola\",\"image\":{\"@type\":\"ImageObject\",\"@id\":\"https:\\\/\\\/anoticiaonline.com.br\\\/site\\\/abrigos-de-onibus-sao-instalados-em-varios-pontos-da-cidade\\\/#authorImage\",\"url\":\"https:\\\/\\\/secure.gravatar.com\\\/avatar\\\/b8d45f5c699b100dfaf0e543582f38f38bf94cb7ae3a5e9abf8d891a34773335?s=96&d=mm&r=g\",\"width\":96,\"height\":96,\"caption\":\"Juliana Laviola\"}},{\"@type\":\"WebPage\",\"@id\":\"https:\\\/\\\/anoticiaonline.com.br\\\/site\\\/abrigos-de-onibus-sao-instalados-em-varios-pontos-da-cidade\\\/#webpage\",\"url\":\"https:\\\/\\\/anoticiaonline.com.br\\\/site\\\/abrigos-de-onibus-sao-instalados-em-varios-pontos-da-cidade\\\/\",\"name\":\"Abrigos de \\u00f4nibus s\\u00e3o instalados em v\\u00e1rios pontos da cidade - A Not\\u00edcia Online\",\"description\":\"A Avenida Juscelino Kubitschek e a Pra\\u00e7a Coronel Pacheco de Medeiros est\\u00e3o recebendo, desde a quarta-feira (25), os abrigos de passageiros de \\u00f4nibus. As outras prote\\u00e7\\u00f5es ser\\u00e3o implantadas na regi\\u00e3o da Unidade de Atendimento Integrado (UAI) e no ponto da pra\\u00e7a, perto dos Correios. As estruturas met\\u00e1licas com cobertura de policarbonato foram instaladas em locais\",\"inLanguage\":\"pt-BR\",\"isPartOf\":{\"@id\":\"https:\\\/\\\/anoticiaonline.com.br\\\/site\\\/#website\"},\"breadcrumb\":{\"@id\":\"https:\\\/\\\/anoticiaonline.com.br\\\/site\\\/abrigos-de-onibus-sao-instalados-em-varios-pontos-da-cidade\\\/#breadcrumblist\"},\"author\":{\"@id\":\"https:\\\/\\\/anoticiaonline.com.br\\\/site\\\/author\\\/juliana\\\/#author\"},\"creator\":{\"@id\":\"https:\\\/\\\/anoticiaonline.com.br\\\/site\\\/author\\\/juliana\\\/#author\"},\"image\":{\"@type\":\"ImageObject\",\"url\":\"https:\\\/\\\/anoticiaonline.com.br\\\/site\\\/wp-content\\\/uploads\\\/2018\\\/05\\\/Abrigos-de-\\u00f4nibus-s\\u00e3o-instalados-em-v\\u00e1rios-pontos-da-cidade.jpg\",\"@id\":\"https:\\\/\\\/anoticiaonline.com.br\\\/site\\\/abrigos-de-onibus-sao-instalados-em-varios-pontos-da-cidade\\\/#mainImage\",\"width\":640,\"height\":426},\"primaryImageOfPage\":{\"@id\":\"https:\\\/\\\/anoticiaonline.com.br\\\/site\\\/abrigos-de-onibus-sao-instalados-em-varios-pontos-da-cidade\\\/#mainImage\"},\"datePublished\":\"2018-05-03T19:09:10-03:00\",\"dateModified\":\"2018-05-03T19:10:05-03:00\"},{\"@type\":\"WebSite\",\"@id\":\"https:\\\/\\\/anoticiaonline.com.br\\\/site\\\/#website\",\"url\":\"https:\\\/\\\/anoticiaonline.com.br\\\/site\\\/\",\"name\":\"A Not\\u00edcia Online\",\"description\":\"Noticias de Muria\\u00e9 e regi\\u00e3o\",\"inLanguage\":\"pt-BR\",\"publisher\":{\"@id\":\"https:\\\/\\\/anoticiaonline.com.br\\\/site\\\/#organization\"}}]}\n\t\t<\/script>\n\t\t<!-- All in One SEO -->\n\n","aioseo_head_json":{"title":"Abrigos de \u00f4nibus s\u00e3o instalados em v\u00e1rios pontos da cidade - A Not\u00edcia Online","description":"A Avenida Juscelino Kubitschek e a Pra\u00e7a Coronel Pacheco de Medeiros est\u00e3o recebendo, desde a quarta-feira (25), os abrigos de passageiros de \u00f4nibus. As outras prote\u00e7\u00f5es ser\u00e3o implantadas na regi\u00e3o da Unidade de Atendimento Integrado (UAI) e no ponto da pra\u00e7a, perto dos Correios. As estruturas met\u00e1licas com cobertura de policarbonato foram instaladas em locais","canonical_url":"https:\/\/anoticiaonline.com.br\/site\/abrigos-de-onibus-sao-instalados-em-varios-pontos-da-cidade\/","robots":"max-image-preview:large","keywords":"","webmasterTools":{"miscellaneous":""},"schema":{"@context":"https:\/\/schema.org","@graph":[{"@type":"BlogPosting","@id":"https:\/\/anoticiaonline.com.br\/site\/abrigos-de-onibus-sao-instalados-em-varios-pontos-da-cidade\/#blogposting","name":"Abrigos de \u00f4nibus s\u00e3o instalados em v\u00e1rios pontos da cidade - A Not\u00edcia Online","headline":"Abrigos de \u00f4nibus s\u00e3o instalados em v\u00e1rios pontos da cidade","author":{"@id":"https:\/\/anoticiaonline.com.br\/site\/author\/juliana\/#author"},"publisher":{"@id":"https:\/\/anoticiaonline.com.br\/site\/#organization"},"image":{"@type":"ImageObject","url":"https:\/\/anoticiaonline.com.br\/site\/wp-content\/uploads\/2018\/05\/Abrigos-de-\u00f4nibus-s\u00e3o-instalados-em-v\u00e1rios-pontos-da-cidade.jpg","width":640,"height":426},"datePublished":"2018-05-03T19:09:10-03:00","dateModified":"2018-05-03T19:10:05-03:00","inLanguage":"pt-BR","mainEntityOfPage":{"@id":"https:\/\/anoticiaonline.com.br\/site\/abrigos-de-onibus-sao-instalados-em-varios-pontos-da-cidade\/#webpage"},"isPartOf":{"@id":"https:\/\/anoticiaonline.com.br\/site\/abrigos-de-onibus-sao-instalados-em-varios-pontos-da-cidade\/#webpage"},"articleSection":"Blog, abrigos, cidade, Muria\u00e9, \u00f4nibus, passageiros"},{"@type":"BreadcrumbList","@id":"https:\/\/anoticiaonline.com.br\/site\/abrigos-de-onibus-sao-instalados-em-varios-pontos-da-cidade\/#breadcrumblist","itemListElement":[{"@type":"ListItem","@id":"https:\/\/anoticiaonline.com.br\/site#listItem","position":1,"name":"Home","item":"https:\/\/anoticiaonline.com.br\/site","nextItem":{"@type":"ListItem","@id":"https:\/\/anoticiaonline.com.br\/site\/categoria\/muriae\/#listItem","name":"Blog"}},{"@type":"ListItem","@id":"https:\/\/anoticiaonline.com.br\/site\/categoria\/muriae\/#listItem","position":2,"name":"Blog","item":"https:\/\/anoticiaonline.com.br\/site\/categoria\/muriae\/","nextItem":{"@type":"ListItem","@id":"https:\/\/anoticiaonline.com.br\/site\/abrigos-de-onibus-sao-instalados-em-varios-pontos-da-cidade\/#listItem","name":"Abrigos de \u00f4nibus s\u00e3o instalados em v\u00e1rios pontos da cidade"},"previousItem":{"@type":"ListItem","@id":"https:\/\/anoticiaonline.com.br\/site#listItem","name":"Home"}},{"@type":"ListItem","@id":"https:\/\/anoticiaonline.com.br\/site\/abrigos-de-onibus-sao-instalados-em-varios-pontos-da-cidade\/#listItem","position":3,"name":"Abrigos de \u00f4nibus s\u00e3o instalados em v\u00e1rios pontos da cidade","previousItem":{"@type":"ListItem","@id":"https:\/\/anoticiaonline.com.br\/site\/categoria\/muriae\/#listItem","name":"Blog"}}]},{"@type":"Organization","@id":"https:\/\/anoticiaonline.com.br\/site\/#organization","name":"A Not\u00edcia Online","description":"Noticias de Muria\u00e9 e regi\u00e3o","url":"https:\/\/anoticiaonline.com.br\/site\/","logo":{"@type":"ImageObject","url":"https:\/\/scontent-gig4-1.xx.fbcdn.net\/v\/t39.30808-1\/270437624_4564083193639691_6907940295614233970_n.jpg?stp=dst-jpg_s200x200_tt6&_nc_cat=111&ccb=1-7&_nc_sid=f907e8&_nc_ohc=SM1wRlP3lJwQ7kNvwEPuBYA&_nc_oc=AdnqrjDN_BNjSSHWO-GbkIWH6fkGMLw4bqvL_NH6e2wMveX7G-rP2dAqsDSq1mJMOaY&_nc_zt=24&_nc_ht=scontent-gig4-1.xx&_nc_gid=AoBFJeGrT1hVaew_6rchkQ&oh=00_AfX7QmFGhQhG2jAllVgXCiM1ZrWgvtp80-Bfppyexh1QEg&oe=689E923C","@id":"https:\/\/anoticiaonline.com.br\/site\/abrigos-de-onibus-sao-instalados-em-varios-pontos-da-cidade\/#organizationLogo"},"image":{"@id":"https:\/\/anoticiaonline.com.br\/site\/abrigos-de-onibus-sao-instalados-em-varios-pontos-da-cidade\/#organizationLogo"}},{"@type":"Person","@id":"https:\/\/anoticiaonline.com.br\/site\/author\/juliana\/#author","url":"https:\/\/anoticiaonline.com.br\/site\/author\/juliana\/","name":"Juliana Laviola","image":{"@type":"ImageObject","@id":"https:\/\/anoticiaonline.com.br\/site\/abrigos-de-onibus-sao-instalados-em-varios-pontos-da-cidade\/#authorImage","url":"https:\/\/secure.gravatar.com\/avatar\/b8d45f5c699b100dfaf0e543582f38f38bf94cb7ae3a5e9abf8d891a34773335?s=96&d=mm&r=g","width":96,"height":96,"caption":"Juliana Laviola"}},{"@type":"WebPage","@id":"https:\/\/anoticiaonline.com.br\/site\/abrigos-de-onibus-sao-instalados-em-varios-pontos-da-cidade\/#webpage","url":"https:\/\/anoticiaonline.com.br\/site\/abrigos-de-onibus-sao-instalados-em-varios-pontos-da-cidade\/","name":"Abrigos de \u00f4nibus s\u00e3o instalados em v\u00e1rios pontos da cidade - A Not\u00edcia Online","description":"A Avenida Juscelino Kubitschek e a Pra\u00e7a Coronel Pacheco de Medeiros est\u00e3o recebendo, desde a quarta-feira (25), os abrigos de passageiros de \u00f4nibus. As outras prote\u00e7\u00f5es ser\u00e3o implantadas na regi\u00e3o da Unidade de Atendimento Integrado (UAI) e no ponto da pra\u00e7a, perto dos Correios. As estruturas met\u00e1licas com cobertura de policarbonato foram instaladas em locais","inLanguage":"pt-BR","isPartOf":{"@id":"https:\/\/anoticiaonline.com.br\/site\/#website"},"breadcrumb":{"@id":"https:\/\/anoticiaonline.com.br\/site\/abrigos-de-onibus-sao-instalados-em-varios-pontos-da-cidade\/#breadcrumblist"},"author":{"@id":"https:\/\/anoticiaonline.com.br\/site\/author\/juliana\/#author"},"creator":{"@id":"https:\/\/anoticiaonline.com.br\/site\/author\/juliana\/#author"},"image":{"@type":"ImageObject","url":"https:\/\/anoticiaonline.com.br\/site\/wp-content\/uploads\/2018\/05\/Abrigos-de-\u00f4nibus-s\u00e3o-instalados-em-v\u00e1rios-pontos-da-cidade.jpg","@id":"https:\/\/anoticiaonline.com.br\/site\/abrigos-de-onibus-sao-instalados-em-varios-pontos-da-cidade\/#mainImage","width":640,"height":426},"primaryImageOfPage":{"@id":"https:\/\/anoticiaonline.com.br\/site\/abrigos-de-onibus-sao-instalados-em-varios-pontos-da-cidade\/#mainImage"},"datePublished":"2018-05-03T19:09:10-03:00","dateModified":"2018-05-03T19:10:05-03:00"},{"@type":"WebSite","@id":"https:\/\/anoticiaonline.com.br\/site\/#website","url":"https:\/\/anoticiaonline.com.br\/site\/","name":"A Not\u00edcia Online","description":"Noticias de Muria\u00e9 e regi\u00e3o","inLanguage":"pt-BR","publisher":{"@id":"https:\/\/anoticiaonline.com.br\/site\/#organization"}}]},"og:locale":"pt_BR","og:site_name":"A Not\u00edcia Online - Noticias de Muria\u00e9 e regi\u00e3o","og:type":"article","og:title":"Abrigos de \u00f4nibus s\u00e3o instalados em v\u00e1rios pontos da cidade - A Not\u00edcia Online","og:description":"A Avenida Juscelino Kubitschek e a Pra\u00e7a Coronel Pacheco de Medeiros est\u00e3o recebendo, desde a quarta-feira (25), os abrigos de passageiros de \u00f4nibus. As outras prote\u00e7\u00f5es ser\u00e3o implantadas na regi\u00e3o da Unidade de Atendimento Integrado (UAI) e no ponto da pra\u00e7a, perto dos Correios. As estruturas met\u00e1licas com cobertura de policarbonato foram instaladas em locais","og:url":"https:\/\/anoticiaonline.com.br\/site\/abrigos-de-onibus-sao-instalados-em-varios-pontos-da-cidade\/","og:image":"https:\/\/scontent-gig4-1.xx.fbcdn.net\/v\/t39.30808-1\/270437624_4564083193639691_6907940295614233970_n.jpg?stp=dst-jpg_s200x200_tt6&#038;_nc_cat=111&#038;ccb=1-7&#038;_nc_sid=f907e8&#038;_nc_ohc=SM1wRlP3lJwQ7kNvwEPuBYA&#038;_nc_oc=AdnqrjDN_BNjSSHWO-GbkIWH6fkGMLw4bqvL_NH6e2wMveX7G-rP2dAqsDSq1mJMOaY&#038;_nc_zt=24&#038;_nc_ht=scontent-gig4-1.xx&#038;_nc_gid=AoBFJeGrT1hVaew_6rchkQ&#038;oh=00_AfX7QmFGhQhG2jAllVgXCiM1ZrWgvtp80-Bfppyexh1QEg&#038;oe=689E923C","og:image:secure_url":"https:\/\/scontent-gig4-1.xx.fbcdn.net\/v\/t39.30808-1\/270437624_4564083193639691_6907940295614233970_n.jpg?stp=dst-jpg_s200x200_tt6&#038;_nc_cat=111&#038;ccb=1-7&#038;_nc_sid=f907e8&#038;_nc_ohc=SM1wRlP3lJwQ7kNvwEPuBYA&#038;_nc_oc=AdnqrjDN_BNjSSHWO-GbkIWH6fkGMLw4bqvL_NH6e2wMveX7G-rP2dAqsDSq1mJMOaY&#038;_nc_zt=24&#038;_nc_ht=scontent-gig4-1.xx&#038;_nc_gid=AoBFJeGrT1hVaew_6rchkQ&#038;oh=00_AfX7QmFGhQhG2jAllVgXCiM1ZrWgvtp80-Bfppyexh1QEg&#038;oe=689E923C","article:published_time":"2018-05-03T22:09:10+00:00","article:modified_time":"2018-05-03T22:10:05+00:00","twitter:card":"summary_large_image","twitter:title":"Abrigos de \u00f4nibus s\u00e3o instalados em v\u00e1rios pontos da cidade - A Not\u00edcia Online","twitter:description":"A Avenida Juscelino Kubitschek e a Pra\u00e7a Coronel Pacheco de Medeiros est\u00e3o recebendo, desde a quarta-feira (25), os abrigos de passageiros de \u00f4nibus. As outras prote\u00e7\u00f5es ser\u00e3o implantadas na regi\u00e3o da Unidade de Atendimento Integrado (UAI) e no ponto da pra\u00e7a, perto dos Correios. As estruturas met\u00e1licas com cobertura de policarbonato foram instaladas em locais","twitter:image":"https:\/\/scontent-gig4-1.xx.fbcdn.net\/v\/t39.30808-1\/270437624_4564083193639691_6907940295614233970_n.jpg?stp=dst-jpg_s200x200_tt6&_nc_cat=111&ccb=1-7&_nc_sid=f907e8&_nc_ohc=SM1wRlP3lJwQ7kNvwEPuBYA&_nc_oc=AdnqrjDN_BNjSSHWO-GbkIWH6fkGMLw4bqvL_NH6e2wMveX7G-rP2dAqsDSq1mJMOaY&_nc_zt=24&_nc_ht=scontent-gig4-1.xx&_nc_gid=AoBFJeGrT1hVaew_6rchkQ&oh=00_AfX7QmFGhQhG2jAllVgXCiM1ZrWgvtp80-Bfppyexh1QEg&oe=689E923C"},"aioseo_meta_data":{"post_id":"54743","title":null,"description":null,"keywords":null,"keyphrases":null,"primary_term":null,"canonical_url":null,"og_title":null,"og_description":null,"og_object_type":"default","og_image_type":"default","og_image_url":null,"og_image_width":null,"og_image_height":null,"og_image_custom_url":null,"og_image_custom_fields":null,"og_video":null,"og_custom_url":null,"og_article_section":null,"og_article_tags":null,"twitter_use_og":false,"twitter_card":"default","twitter_image_type":"default","twitter_image_url":null,"twitter_image_custom_url":null,"twitter_image_custom_fields":null,"twitter_title":null,"twitter_description":null,"schema":{"blockGraphs":[],"customGraphs":[],"default":{"data":{"Article":[],"Course":[],"Dataset":[],"FAQPage":[],"Movie":[],"Person":[],"Product":[],"ProductReview":[],"Car":[],"Recipe":[],"Service":[],"SoftwareApplication":[],"WebPage":[]},"graphName":"","isEnabled":true},"graphs":[]},"schema_type":"default","schema_type_options":null,"pillar_content":false,"robots_default":true,"robots_noindex":false,"robots_noarchive":false,"robots_nosnippet":false,"robots_nofollow":false,"robots_noimageindex":false,"robots_noodp":false,"robots_notranslate":false,"robots_max_snippet":null,"robots_max_videopreview":null,"robots_max_imagepreview":"large","priority":null,"frequency":null,"local_seo":null,"breadcrumb_settings":null,"limit_modified_date":false,"ai":null,"created":"2025-08-16 20:47:36","updated":"2025-08-16 20:47:36","focus_keyword":null,"additional_keywords":null,"truseo_locale":null,"seo_analyzer_scan_date":null},"aioseo_breadcrumb":"<div class=\"aioseo-breadcrumbs\"><span class=\"aioseo-breadcrumb\">\n\t\t\t<a href=\"https:\/\/anoticiaonline.com.br\/site\" title=\"Home\">Home<\/a>\n\t\t<\/span><span class=\"aioseo-breadcrumb-separator\">&raquo;<\/span><span class=\"aioseo-breadcrumb\">\n\t\t\t<a href=\"https:\/\/anoticiaonline.com.br\/site\/categoria\/muriae\/\" title=\"Blog\">Blog<\/a>\n\t\t<\/span><span class=\"aioseo-breadcrumb-separator\">&raquo;<\/span><span class=\"aioseo-breadcrumb\">\n\t\t\tAbrigos de \u00f4nibus s\u00e3o instalados em v\u00e1rios pontos da cidade\n\t\t<\/span><\/div>","aioseo_breadcrumb_json":[{"label":"Home","link":"https:\/\/anoticiaonline.com.br\/site"},{"label":"Blog","link":"https:\/\/anoticiaonline.com.br\/site\/categoria\/muriae\/"},{"label":"Abrigos de \u00f4nibus s\u00e3o instalados em v\u00e1rios pontos da cidade","link":"https:\/\/anoticiaonline.com.br\/site\/abrigos-de-onibus-sao-instalados-em-varios-pontos-da-cidade\/"}],"views":115,"_links":{"self":[{"href":"https:\/\/anoticiaonline.com.br\/site\/wp-json\/wp\/v2\/posts\/54743","targetHints":{"allow":["GET"]}}],"collection":[{"href":"https:\/\/anoticiaonline.com.br\/site\/wp-json\/wp\/v2\/posts"}],"about":[{"href":"https:\/\/anoticiaonline.com.br\/site\/wp-json\/wp\/v2\/types\/post"}],"author":[{"embeddable":true,"href":"https:\/\/anoticiaonline.com.br\/site\/wp-json\/wp\/v2\/users\/2"}],"replies":[{"embeddable":true,"href":"https:\/\/anoticiaonline.com.br\/site\/wp-json\/wp\/v2\/comments?post=54743"}],"version-history":[{"count":0,"href":"https:\/\/anoticiaonline.com.br\/site\/wp-json\/wp\/v2\/posts\/54743\/revisions"}],"wp:featuredmedia":[{"embeddable":true,"href":"https:\/\/anoticiaonline.com.br\/site\/wp-json\/wp\/v2\/media\/54745"}],"wp:attachment":[{"href":"https:\/\/anoticiaonline.com.br\/site\/wp-json\/wp\/v2\/media?parent=54743"}],"wp:term":[{"taxonomy":"category","embeddable":true,"href":"https:\/\/anoticiaonline.com.br\/site\/wp-json\/wp\/v2\/categories?post=54743"},{"taxonomy":"post_tag","embeddable":true,"href":"https:\/\/anoticiaonline.com.br\/site\/wp-json\/wp\/v2\/tags?post=54743"}],"curies":[{"name":"wp","href":"https:\/\/api.w.org\/{rel}","templated":true}]}}