{"id":54410,"date":"2018-04-26T23:32:19","date_gmt":"2018-04-27T02:32:19","guid":{"rendered":"http:\/\/anoticiaonline.com.br\/site\/?p=54410"},"modified":"2018-04-26T23:33:29","modified_gmt":"2018-04-27T02:33:29","slug":"ii-marcha-e-prosa-reune-amantes-do-cavalo-margalarga-marchador-no-haras-levate","status":"publish","type":"post","link":"https:\/\/anoticiaonline.com.br\/site\/ii-marcha-e-prosa-reune-amantes-do-cavalo-margalarga-marchador-no-haras-levate\/","title":{"rendered":"II Marcha e Prosa re\u00fane amantes do cavalo Margalarga Marchador no Haras Levate"},"content":{"rendered":"<p><a href=\"https:\/\/anoticiaonline.com.br\/site\/wp-content\/uploads\/2018\/04\/A-NOT\u00cdCIA-50.jpg\"><img fetchpriority=\"high\" decoding=\"async\" class=\"aligncenter size-full wp-image-54490\" src=\"https:\/\/anoticiaonline.com.br\/site\/wp-content\/uploads\/2018\/04\/A-NOT\u00cdCIA-50.jpg\" alt=\"\" width=\"774\" height=\"516\" srcset=\"https:\/\/anoticiaonline.com.br\/site\/wp-content\/uploads\/2018\/04\/A-NOT\u00cdCIA-50.jpg 640w, https:\/\/anoticiaonline.com.br\/site\/wp-content\/uploads\/2018\/04\/A-NOT\u00cdCIA-50-300x200.jpg 300w, https:\/\/anoticiaonline.com.br\/site\/wp-content\/uploads\/2018\/04\/A-NOT\u00cdCIA-50-768x512.jpg 768w\" sizes=\"(max-width: 774px) 100vw, 774px\" \/><\/a> <a href=\"https:\/\/anoticiaonline.com.br\/site\/wp-content\/uploads\/2018\/04\/A-NOT\u00cdCIA-30-1.jpg\"><img decoding=\"async\" class=\"aligncenter size-full wp-image-54489\" src=\"https:\/\/anoticiaonline.com.br\/site\/wp-content\/uploads\/2018\/04\/A-NOT\u00cdCIA-30-1.jpg\" alt=\"\" width=\"588\" height=\"392\" srcset=\"https:\/\/anoticiaonline.com.br\/site\/wp-content\/uploads\/2018\/04\/A-NOT\u00cdCIA-30-1.jpg 588w, https:\/\/anoticiaonline.com.br\/site\/wp-content\/uploads\/2018\/04\/A-NOT\u00cdCIA-30-1-300x200.jpg 300w\" sizes=\"(max-width: 588px) 100vw, 588px\" \/><\/a><a href=\"https:\/\/anoticiaonline.com.br\/site\/wp-content\/uploads\/2018\/04\/A-NOT\u00cdCIA-11.jpg\"><img decoding=\"async\" class=\"aligncenter size-full wp-image-54487\" src=\"https:\/\/anoticiaonline.com.br\/site\/wp-content\/uploads\/2018\/04\/A-NOT\u00cdCIA-11.jpg\" alt=\"\" width=\"1000\" height=\"667\" srcset=\"https:\/\/anoticiaonline.com.br\/site\/wp-content\/uploads\/2018\/04\/A-NOT\u00cdCIA-11.jpg 640w, https:\/\/anoticiaonline.com.br\/site\/wp-content\/uploads\/2018\/04\/A-NOT\u00cdCIA-11-300x200.jpg 300w, https:\/\/anoticiaonline.com.br\/site\/wp-content\/uploads\/2018\/04\/A-NOT\u00cdCIA-11-768x512.jpg 768w, https:\/\/anoticiaonline.com.br\/site\/wp-content\/uploads\/2018\/04\/A-NOT\u00cdCIA-11-900x600.jpg 900w\" sizes=\"(max-width: 1000px) 100vw, 1000px\" \/><\/a>Foi realizado pelo N\u00facleo dos Criadores do Cavalo Mangalarga Marchador de Muria\u00e9 e Regi\u00e3o, no \u00faltimo s\u00e1bado (3), o II Marcha e Prosa, no Haras Levate, de propriedade do empres\u00e1rio Dudu Levate, um dos organizadores do evento.<\/p>\n<p>O II Marcha e Prosa faz parte de um projeto do N\u00facleo, uma organiza\u00e7\u00e3o sem fins lucrativos que re\u00fane amantes da ra\u00e7a.<\/p>\n<p>Dudu Levate disse que o II Marcha e Prosa, assim como o primeiro, n\u00e3o foi feito somente para apresentar e comercializar animais de excel\u00eancia gen\u00e9tica, mas tamb\u00e9m foi realizado para reunir amigos e familiares em uma tarde descontra\u00edda.<\/p>\n<p>\u201cEstou vivendo a realiza\u00e7\u00e3o de um sonho. Agrade\u00e7o a presen\u00e7a de toda a minha fam\u00edlia e dos meus amigos. N\u00f3s temos aqui uma excelente tropa, que estamos criando h\u00e1 cinco anos com muito amor e carinho. Tamb\u00e9m preparamos a estrutura do haras especialmente para receb\u00ea-los\u201d, disse o empres\u00e1rio ao p\u00fablico presente.<\/p>\n<p>A primeira edi\u00e7\u00e3o do evento aconteceu no Haras \u00c1guia Dourada, de propriedade da empres\u00e1ria Margareth Heloise e Robson Tavares, no in\u00edcio do m\u00eas de mar\u00e7o.<\/p>\n<p>Margareth Heloise, que est\u00e1 \u00e0 frente do N\u00facleo dos Criadores do Cavalo Mangalarga Marchador de Muria\u00e9 e Regi\u00e3o, disse que eventos como este fazem a diferen\u00e7a no cen\u00e1rio da cria\u00e7\u00e3o do animal.<\/p>\n<p>\u201cSou suspeita para falar porque sou apaixonada por estes animais. O prop\u00f3sito maior deste evento \u00e9 unir todos aqueles que s\u00e3o apaixonados pela ra\u00e7a, fomentar a economia neste setor, incentivar os criadores para que eles tenham um retorno de todos os gastos com os animais e atender o desejo daqueles que buscam um bom cavalo\u201d, conta.<\/p>\n<p>A empres\u00e1ria contou ainda sobre o pr\u00f3ximo grande evento preparado pelo N\u00facleo, a Segunda Exposi\u00e7\u00e3o Especializada do Cavalo Mangalarga Marchador, uma das mais aguardadas do ano, que acontecer\u00e1 do dia 25 a 28 de abril, no Parque de Exposi\u00e7\u00f5es Lael Varella.<\/p>\n<p>\u201cEstamos montando uma \u00f3tima estrutura no local, tanto para os animais quanto para os cavaleiros, pe\u00f5es, tratadores, ju\u00edzes, \u00e1rbitros, estagi\u00e1rios e convidados. Todos poder\u00e3o apreciar animais bel\u00edssimos, os melhores do pa\u00eds estar\u00e3o presentes, nossa estimativa \u00e9 de que 200 cavalos participem do evento. Esta exposi\u00e7\u00e3o ter\u00e1 como objetivo pontuar os animais inscritos para que eles possam, futuramente, participar da Exposi\u00e7\u00e3o Nacional em Belo Horizonte. Teremos baias de excelente qualidade, com cama \u00e1gua, alimento, ilumina\u00e7\u00e3o. Durante variada programa\u00e7\u00e3o do evento, apresentaremos os animais que ir\u00e3o participar do Leil\u00e3o do N\u00facleo, no dia 16 de junho. Sem d\u00favida, \u00e9 uma excelente oportunidade de fomentar a economia, em diversos setores da cidade, e valorizar ainda mais a ra\u00e7a\u201d, conta.<\/p>\n<p>A inscri\u00e7\u00e3o para a Segunda Exposi\u00e7\u00e3o Especializada do Cavalo Mangalarga Marchador tem o valor de R$250 e o Kit ter\u00e1 o valor de R$60. Haver\u00e1 caf\u00e9 da manh\u00e3 todos os dias e baile dos pe\u00f5es com churrasco.<\/p>\n<p><a href=\"https:\/\/anoticiaonline.com.br\/site\/wp-content\/uploads\/2018\/04\/A-NOT\u00cdCIA-5.jpg\"><img loading=\"lazy\" decoding=\"async\" class=\"aligncenter size-full wp-image-54482\" src=\"https:\/\/anoticiaonline.com.br\/site\/wp-content\/uploads\/2018\/04\/A-NOT\u00cdCIA-5.jpg\" alt=\"\" width=\"1000\" height=\"667\" srcset=\"https:\/\/anoticiaonline.com.br\/site\/wp-content\/uploads\/2018\/04\/A-NOT\u00cdCIA-5.jpg 640w, https:\/\/anoticiaonline.com.br\/site\/wp-content\/uploads\/2018\/04\/A-NOT\u00cdCIA-5-300x200.jpg 300w, https:\/\/anoticiaonline.com.br\/site\/wp-content\/uploads\/2018\/04\/A-NOT\u00cdCIA-5-768x512.jpg 768w, https:\/\/anoticiaonline.com.br\/site\/wp-content\/uploads\/2018\/04\/A-NOT\u00cdCIA-5-900x600.jpg 900w\" sizes=\"(max-width: 1000px) 100vw, 1000px\" \/><\/a><\/p>\n<p><a href=\"https:\/\/anoticiaonline.com.br\/site\/wp-content\/uploads\/2018\/04\/A-NOT\u00cdCIA-10.jpg\"><img loading=\"lazy\" decoding=\"async\" class=\"aligncenter size-full wp-image-54486\" src=\"https:\/\/anoticiaonline.com.br\/site\/wp-content\/uploads\/2018\/04\/A-NOT\u00cdCIA-10.jpg\" alt=\"\" width=\"1000\" height=\"667\" srcset=\"https:\/\/anoticiaonline.com.br\/site\/wp-content\/uploads\/2018\/04\/A-NOT\u00cdCIA-10.jpg 640w, https:\/\/anoticiaonline.com.br\/site\/wp-content\/uploads\/2018\/04\/A-NOT\u00cdCIA-10-300x200.jpg 300w, https:\/\/anoticiaonline.com.br\/site\/wp-content\/uploads\/2018\/04\/A-NOT\u00cdCIA-10-768x512.jpg 768w, https:\/\/anoticiaonline.com.br\/site\/wp-content\/uploads\/2018\/04\/A-NOT\u00cdCIA-10-900x600.jpg 900w\" sizes=\"(max-width: 1000px) 100vw, 1000px\" \/><\/a><a href=\"https:\/\/anoticiaonline.com.br\/site\/wp-content\/uploads\/2018\/04\/A-NOT\u00cdCIA-6.jpg\"><img loading=\"lazy\" decoding=\"async\" class=\"aligncenter size-full wp-image-54485\" src=\"https:\/\/anoticiaonline.com.br\/site\/wp-content\/uploads\/2018\/04\/A-NOT\u00cdCIA-6.jpg\" alt=\"\" width=\"855\" height=\"570\" srcset=\"https:\/\/anoticiaonline.com.br\/site\/wp-content\/uploads\/2018\/04\/A-NOT\u00cdCIA-6.jpg 640w, https:\/\/anoticiaonline.com.br\/site\/wp-content\/uploads\/2018\/04\/A-NOT\u00cdCIA-6-300x200.jpg 300w, https:\/\/anoticiaonline.com.br\/site\/wp-content\/uploads\/2018\/04\/A-NOT\u00cdCIA-6-768x512.jpg 768w\" sizes=\"(max-width: 855px) 100vw, 855px\" \/><\/a><a href=\"https:\/\/anoticiaonline.com.br\/site\/wp-content\/uploads\/2018\/04\/A-NOT\u00cdCIA-29.jpg\"><img loading=\"lazy\" decoding=\"async\" class=\"aligncenter size-full wp-image-54488\" src=\"https:\/\/anoticiaonline.com.br\/site\/wp-content\/uploads\/2018\/04\/A-NOT\u00cdCIA-29.jpg\" alt=\"\" width=\"915\" height=\"610\" srcset=\"https:\/\/anoticiaonline.com.br\/site\/wp-content\/uploads\/2018\/04\/A-NOT\u00cdCIA-29.jpg 640w, https:\/\/anoticiaonline.com.br\/site\/wp-content\/uploads\/2018\/04\/A-NOT\u00cdCIA-29-300x200.jpg 300w, https:\/\/anoticiaonline.com.br\/site\/wp-content\/uploads\/2018\/04\/A-NOT\u00cdCIA-29-768x512.jpg 768w, https:\/\/anoticiaonline.com.br\/site\/wp-content\/uploads\/2018\/04\/A-NOT\u00cdCIA-29-900x600.jpg 900w\" sizes=\"(max-width: 915px) 100vw, 915px\" \/><\/a><\/p>\n<p><img decoding=\"async\" class=\"ngg_displayed_gallery mceItem\" src=\"https:\/\/anoticiaonline.com.br\/site\/nextgen-attach_to_post\/preview\/id--54603\" \/><\/p>\n","protected":false},"excerpt":{"rendered":"<p>Foi realizado pelo N\u00facleo dos Criadores do Cavalo Mangalarga Marchador de Muria\u00e9 e Regi\u00e3o, no \u00faltimo s\u00e1bado (3), o II Marcha e Prosa, no Haras Levate, de propriedade do empres\u00e1rio Dudu Levate, um dos organizadores do evento. O II Marcha e Prosa faz parte de um projeto do N\u00facleo, uma organiza\u00e7\u00e3o sem fins lucrativos que &#8230; <a title=\"II Marcha e Prosa re\u00fane amantes do cavalo Margalarga Marchador no Haras Levate\" class=\"read-more\" href=\"https:\/\/anoticiaonline.com.br\/site\/ii-marcha-e-prosa-reune-amantes-do-cavalo-margalarga-marchador-no-haras-levate\/\" aria-label=\"Read more about II Marcha e Prosa re\u00fane amantes do cavalo Margalarga Marchador no Haras Levate\">Ler mais<\/a><\/p>\n","protected":false},"author":2,"featured_media":54490,"comment_status":"open","ping_status":"open","sticky":false,"template":"","format":"standard","meta":{"_acf_changed":false,"_monsterinsights_skip_tracking":false,"footnotes":""},"categories":[1],"tags":[2463,2461,1104,2464,2465,1865,156,516,513,517,2462],"class_list":["post-54410","post","type-post","status-publish","format-standard","has-post-thumbnail","hentry","category-gerais","tag-cavalo-mangalarga-marchador","tag-exposicoes-lael-varella","tag-haras-aguia-dourada","tag-haras-levate","tag-ii-marcha-e-prosa","tag-lael-varella","tag-mangalarga-marchador","tag-margareth-heloise","tag-nucleo-do-cavalo-mangalarga-marchador","tag-robson-tavares","tag-segunda-exposicao-especializada-do-cavalo-mangalarga-marchador"],"acf":[],"aioseo_notices":[],"aioseo_head":"\n\t\t<!-- All in One SEO 5.0.0.1 - aioseo.com -->\n\t<meta name=\"description\" content=\"Foi realizado pelo N\u00facleo dos Criadores do Cavalo Mangalarga Marchador de Muria\u00e9 e Regi\u00e3o, no \u00faltimo s\u00e1bado (3), o II Marcha e Prosa, no Haras Levate, de propriedade do empres\u00e1rio Dudu Levate, um dos organizadores do evento. O II Marcha e Prosa faz parte de um projeto do N\u00facleo, uma organiza\u00e7\u00e3o sem fins lucrativos que\" \/>\n\t<meta name=\"robots\" content=\"max-image-preview:large\" \/>\n\t<meta name=\"author\" content=\"Juliana Laviola\"\/>\n\t<link rel=\"canonical\" href=\"https:\/\/anoticiaonline.com.br\/site\/ii-marcha-e-prosa-reune-amantes-do-cavalo-margalarga-marchador-no-haras-levate\/\" \/>\n\t<meta name=\"generator\" content=\"All in One SEO (AIOSEO) 5.0.0.1\" \/>\n\t\t<meta property=\"og:locale\" content=\"pt_BR\" \/>\n\t\t<meta property=\"og:site_name\" content=\"A Not\u00edcia Online - Noticias de Muria\u00e9 e regi\u00e3o\" \/>\n\t\t<meta property=\"og:type\" content=\"article\" \/>\n\t\t<meta property=\"og:title\" content=\"II Marcha e Prosa re\u00fane amantes do cavalo Margalarga Marchador no Haras Levate - A Not\u00edcia Online\" \/>\n\t\t<meta property=\"og:description\" content=\"Foi realizado pelo N\u00facleo dos Criadores do Cavalo Mangalarga Marchador de Muria\u00e9 e Regi\u00e3o, no \u00faltimo s\u00e1bado (3), o II Marcha e Prosa, no Haras Levate, de propriedade do empres\u00e1rio Dudu Levate, um dos organizadores do evento. O II Marcha e Prosa faz parte de um projeto do N\u00facleo, uma organiza\u00e7\u00e3o sem fins lucrativos que\" \/>\n\t\t<meta property=\"og:url\" content=\"https:\/\/anoticiaonline.com.br\/site\/ii-marcha-e-prosa-reune-amantes-do-cavalo-margalarga-marchador-no-haras-levate\/\" \/>\n\t\t<meta property=\"og:image\" content=\"https:\/\/scontent-gig4-1.xx.fbcdn.net\/v\/t39.30808-1\/270437624_4564083193639691_6907940295614233970_n.jpg?stp=dst-jpg_s200x200_tt6&#038;_nc_cat=111&#038;ccb=1-7&#038;_nc_sid=f907e8&#038;_nc_ohc=SM1wRlP3lJwQ7kNvwEPuBYA&#038;_nc_oc=AdnqrjDN_BNjSSHWO-GbkIWH6fkGMLw4bqvL_NH6e2wMveX7G-rP2dAqsDSq1mJMOaY&#038;_nc_zt=24&#038;_nc_ht=scontent-gig4-1.xx&#038;_nc_gid=AoBFJeGrT1hVaew_6rchkQ&#038;oh=00_AfX7QmFGhQhG2jAllVgXCiM1ZrWgvtp80-Bfppyexh1QEg&#038;oe=689E923C\" \/>\n\t\t<meta property=\"og:image:secure_url\" content=\"https:\/\/scontent-gig4-1.xx.fbcdn.net\/v\/t39.30808-1\/270437624_4564083193639691_6907940295614233970_n.jpg?stp=dst-jpg_s200x200_tt6&#038;_nc_cat=111&#038;ccb=1-7&#038;_nc_sid=f907e8&#038;_nc_ohc=SM1wRlP3lJwQ7kNvwEPuBYA&#038;_nc_oc=AdnqrjDN_BNjSSHWO-GbkIWH6fkGMLw4bqvL_NH6e2wMveX7G-rP2dAqsDSq1mJMOaY&#038;_nc_zt=24&#038;_nc_ht=scontent-gig4-1.xx&#038;_nc_gid=AoBFJeGrT1hVaew_6rchkQ&#038;oh=00_AfX7QmFGhQhG2jAllVgXCiM1ZrWgvtp80-Bfppyexh1QEg&#038;oe=689E923C\" \/>\n\t\t<meta property=\"article:published_time\" content=\"2018-04-27T02:32:19+00:00\" \/>\n\t\t<meta property=\"article:modified_time\" content=\"2018-04-27T02:33:29+00:00\" \/>\n\t\t<meta name=\"twitter:card\" content=\"summary_large_image\" \/>\n\t\t<meta name=\"twitter:title\" content=\"II Marcha e Prosa re\u00fane amantes do cavalo Margalarga Marchador no Haras Levate - A Not\u00edcia Online\" \/>\n\t\t<meta name=\"twitter:description\" content=\"Foi realizado pelo N\u00facleo dos Criadores do Cavalo Mangalarga Marchador de Muria\u00e9 e Regi\u00e3o, no \u00faltimo s\u00e1bado (3), o II Marcha e Prosa, no Haras Levate, de propriedade do empres\u00e1rio Dudu Levate, um dos organizadores do evento. O II Marcha e Prosa faz parte de um projeto do N\u00facleo, uma organiza\u00e7\u00e3o sem fins lucrativos que\" \/>\n\t\t<meta name=\"twitter:image\" content=\"https:\/\/scontent-gig4-1.xx.fbcdn.net\/v\/t39.30808-1\/270437624_4564083193639691_6907940295614233970_n.jpg?stp=dst-jpg_s200x200_tt6&amp;_nc_cat=111&amp;ccb=1-7&amp;_nc_sid=f907e8&amp;_nc_ohc=SM1wRlP3lJwQ7kNvwEPuBYA&amp;_nc_oc=AdnqrjDN_BNjSSHWO-GbkIWH6fkGMLw4bqvL_NH6e2wMveX7G-rP2dAqsDSq1mJMOaY&amp;_nc_zt=24&amp;_nc_ht=scontent-gig4-1.xx&amp;_nc_gid=AoBFJeGrT1hVaew_6rchkQ&amp;oh=00_AfX7QmFGhQhG2jAllVgXCiM1ZrWgvtp80-Bfppyexh1QEg&amp;oe=689E923C\" \/>\n\t\t<script type=\"application\/ld+json\" class=\"aioseo-schema\">\n\t\t\t{\"@context\":\"https:\\\/\\\/schema.org\",\"@graph\":[{\"@type\":\"BlogPosting\",\"@id\":\"https:\\\/\\\/anoticiaonline.com.br\\\/site\\\/ii-marcha-e-prosa-reune-amantes-do-cavalo-margalarga-marchador-no-haras-levate\\\/#blogposting\",\"name\":\"II Marcha e Prosa re\\u00fane amantes do cavalo Margalarga Marchador no Haras Levate - A Not\\u00edcia Online\",\"headline\":\"II Marcha e Prosa re\\u00fane amantes do cavalo Margalarga Marchador no Haras Levate\",\"author\":{\"@id\":\"https:\\\/\\\/anoticiaonline.com.br\\\/site\\\/author\\\/juliana\\\/#author\"},\"publisher\":{\"@id\":\"https:\\\/\\\/anoticiaonline.com.br\\\/site\\\/#organization\"},\"image\":{\"@type\":\"ImageObject\",\"url\":\"https:\\\/\\\/anoticiaonline.com.br\\\/site\\\/wp-content\\\/uploads\\\/2018\\\/04\\\/A-NOT\\u00cdCIA-50.jpg\",\"width\":640,\"height\":427},\"datePublished\":\"2018-04-26T23:32:19-03:00\",\"dateModified\":\"2018-04-26T23:33:29-03:00\",\"inLanguage\":\"pt-BR\",\"mainEntityOfPage\":{\"@id\":\"https:\\\/\\\/anoticiaonline.com.br\\\/site\\\/ii-marcha-e-prosa-reune-amantes-do-cavalo-margalarga-marchador-no-haras-levate\\\/#webpage\"},\"isPartOf\":{\"@id\":\"https:\\\/\\\/anoticiaonline.com.br\\\/site\\\/ii-marcha-e-prosa-reune-amantes-do-cavalo-margalarga-marchador-no-haras-levate\\\/#webpage\"},\"articleSection\":\"Gerais, Cavalo Mangalarga Marchador, Exposi\\u00e7\\u00f5es Lael Varella, Haras \\u00c1guia Dourada, Haras Levate, II Marcha e Prosa, Lael Varella, mangalarga marchador, Margareth Heloise, N\\u00facleo do Cavalo Mangalarga Marchador, Robson Tavares, Segunda Exposi\\u00e7\\u00e3o Especializada do Cavalo Mangalarga Marchador\"},{\"@type\":\"BreadcrumbList\",\"@id\":\"https:\\\/\\\/anoticiaonline.com.br\\\/site\\\/ii-marcha-e-prosa-reune-amantes-do-cavalo-margalarga-marchador-no-haras-levate\\\/#breadcrumblist\",\"itemListElement\":[{\"@type\":\"ListItem\",\"@id\":\"https:\\\/\\\/anoticiaonline.com.br\\\/site#listItem\",\"position\":1,\"name\":\"Home\",\"item\":\"https:\\\/\\\/anoticiaonline.com.br\\\/site\",\"nextItem\":{\"@type\":\"ListItem\",\"@id\":\"https:\\\/\\\/anoticiaonline.com.br\\\/site\\\/categoria\\\/gerais\\\/#listItem\",\"name\":\"Gerais\"}},{\"@type\":\"ListItem\",\"@id\":\"https:\\\/\\\/anoticiaonline.com.br\\\/site\\\/categoria\\\/gerais\\\/#listItem\",\"position\":2,\"name\":\"Gerais\",\"item\":\"https:\\\/\\\/anoticiaonline.com.br\\\/site\\\/categoria\\\/gerais\\\/\",\"nextItem\":{\"@type\":\"ListItem\",\"@id\":\"https:\\\/\\\/anoticiaonline.com.br\\\/site\\\/ii-marcha-e-prosa-reune-amantes-do-cavalo-margalarga-marchador-no-haras-levate\\\/#listItem\",\"name\":\"II Marcha e Prosa re\\u00fane amantes do cavalo Margalarga Marchador no Haras Levate\"},\"previousItem\":{\"@type\":\"ListItem\",\"@id\":\"https:\\\/\\\/anoticiaonline.com.br\\\/site#listItem\",\"name\":\"Home\"}},{\"@type\":\"ListItem\",\"@id\":\"https:\\\/\\\/anoticiaonline.com.br\\\/site\\\/ii-marcha-e-prosa-reune-amantes-do-cavalo-margalarga-marchador-no-haras-levate\\\/#listItem\",\"position\":3,\"name\":\"II Marcha e Prosa re\\u00fane amantes do cavalo Margalarga Marchador no Haras Levate\",\"previousItem\":{\"@type\":\"ListItem\",\"@id\":\"https:\\\/\\\/anoticiaonline.com.br\\\/site\\\/categoria\\\/gerais\\\/#listItem\",\"name\":\"Gerais\"}}]},{\"@type\":\"Organization\",\"@id\":\"https:\\\/\\\/anoticiaonline.com.br\\\/site\\\/#organization\",\"name\":\"A Not\\u00edcia Online\",\"description\":\"Noticias de Muria\\u00e9 e regi\\u00e3o\",\"url\":\"https:\\\/\\\/anoticiaonline.com.br\\\/site\\\/\",\"logo\":{\"@type\":\"ImageObject\",\"url\":\"https:\\\/\\\/scontent-gig4-1.xx.fbcdn.net\\\/v\\\/t39.30808-1\\\/270437624_4564083193639691_6907940295614233970_n.jpg?stp=dst-jpg_s200x200_tt6&_nc_cat=111&ccb=1-7&_nc_sid=f907e8&_nc_ohc=SM1wRlP3lJwQ7kNvwEPuBYA&_nc_oc=AdnqrjDN_BNjSSHWO-GbkIWH6fkGMLw4bqvL_NH6e2wMveX7G-rP2dAqsDSq1mJMOaY&_nc_zt=24&_nc_ht=scontent-gig4-1.xx&_nc_gid=AoBFJeGrT1hVaew_6rchkQ&oh=00_AfX7QmFGhQhG2jAllVgXCiM1ZrWgvtp80-Bfppyexh1QEg&oe=689E923C\",\"@id\":\"https:\\\/\\\/anoticiaonline.com.br\\\/site\\\/ii-marcha-e-prosa-reune-amantes-do-cavalo-margalarga-marchador-no-haras-levate\\\/#organizationLogo\"},\"image\":{\"@id\":\"https:\\\/\\\/anoticiaonline.com.br\\\/site\\\/ii-marcha-e-prosa-reune-amantes-do-cavalo-margalarga-marchador-no-haras-levate\\\/#organizationLogo\"}},{\"@type\":\"Person\",\"@id\":\"https:\\\/\\\/anoticiaonline.com.br\\\/site\\\/author\\\/juliana\\\/#author\",\"url\":\"https:\\\/\\\/anoticiaonline.com.br\\\/site\\\/author\\\/juliana\\\/\",\"name\":\"Juliana Laviola\",\"image\":{\"@type\":\"ImageObject\",\"@id\":\"https:\\\/\\\/anoticiaonline.com.br\\\/site\\\/ii-marcha-e-prosa-reune-amantes-do-cavalo-margalarga-marchador-no-haras-levate\\\/#authorImage\",\"url\":\"https:\\\/\\\/secure.gravatar.com\\\/avatar\\\/b8d45f5c699b100dfaf0e543582f38f38bf94cb7ae3a5e9abf8d891a34773335?s=96&d=mm&r=g\",\"width\":96,\"height\":96,\"caption\":\"Juliana Laviola\"}},{\"@type\":\"WebPage\",\"@id\":\"https:\\\/\\\/anoticiaonline.com.br\\\/site\\\/ii-marcha-e-prosa-reune-amantes-do-cavalo-margalarga-marchador-no-haras-levate\\\/#webpage\",\"url\":\"https:\\\/\\\/anoticiaonline.com.br\\\/site\\\/ii-marcha-e-prosa-reune-amantes-do-cavalo-margalarga-marchador-no-haras-levate\\\/\",\"name\":\"II Marcha e Prosa re\\u00fane amantes do cavalo Margalarga Marchador no Haras Levate - A Not\\u00edcia Online\",\"description\":\"Foi realizado pelo N\\u00facleo dos Criadores do Cavalo Mangalarga Marchador de Muria\\u00e9 e Regi\\u00e3o, no \\u00faltimo s\\u00e1bado (3), o II Marcha e Prosa, no Haras Levate, de propriedade do empres\\u00e1rio Dudu Levate, um dos organizadores do evento. O II Marcha e Prosa faz parte de um projeto do N\\u00facleo, uma organiza\\u00e7\\u00e3o sem fins lucrativos que\",\"inLanguage\":\"pt-BR\",\"isPartOf\":{\"@id\":\"https:\\\/\\\/anoticiaonline.com.br\\\/site\\\/#website\"},\"breadcrumb\":{\"@id\":\"https:\\\/\\\/anoticiaonline.com.br\\\/site\\\/ii-marcha-e-prosa-reune-amantes-do-cavalo-margalarga-marchador-no-haras-levate\\\/#breadcrumblist\"},\"author\":{\"@id\":\"https:\\\/\\\/anoticiaonline.com.br\\\/site\\\/author\\\/juliana\\\/#author\"},\"creator\":{\"@id\":\"https:\\\/\\\/anoticiaonline.com.br\\\/site\\\/author\\\/juliana\\\/#author\"},\"image\":{\"@type\":\"ImageObject\",\"url\":\"https:\\\/\\\/anoticiaonline.com.br\\\/site\\\/wp-content\\\/uploads\\\/2018\\\/04\\\/A-NOT\\u00cdCIA-50.jpg\",\"@id\":\"https:\\\/\\\/anoticiaonline.com.br\\\/site\\\/ii-marcha-e-prosa-reune-amantes-do-cavalo-margalarga-marchador-no-haras-levate\\\/#mainImage\",\"width\":640,\"height\":427},\"primaryImageOfPage\":{\"@id\":\"https:\\\/\\\/anoticiaonline.com.br\\\/site\\\/ii-marcha-e-prosa-reune-amantes-do-cavalo-margalarga-marchador-no-haras-levate\\\/#mainImage\"},\"datePublished\":\"2018-04-26T23:32:19-03:00\",\"dateModified\":\"2018-04-26T23:33:29-03:00\"},{\"@type\":\"WebSite\",\"@id\":\"https:\\\/\\\/anoticiaonline.com.br\\\/site\\\/#website\",\"url\":\"https:\\\/\\\/anoticiaonline.com.br\\\/site\\\/\",\"name\":\"A Not\\u00edcia Online\",\"description\":\"Noticias de Muria\\u00e9 e regi\\u00e3o\",\"inLanguage\":\"pt-BR\",\"publisher\":{\"@id\":\"https:\\\/\\\/anoticiaonline.com.br\\\/site\\\/#organization\"}}]}\n\t\t<\/script>\n\t\t<!-- All in One SEO -->\n\n","aioseo_head_json":{"title":"II Marcha e Prosa re\u00fane amantes do cavalo Margalarga Marchador no Haras Levate - A Not\u00edcia Online","description":"Foi realizado pelo N\u00facleo dos Criadores do Cavalo Mangalarga Marchador de Muria\u00e9 e Regi\u00e3o, no \u00faltimo s\u00e1bado (3), o II Marcha e Prosa, no Haras Levate, de propriedade do empres\u00e1rio Dudu Levate, um dos organizadores do evento. O II Marcha e Prosa faz parte de um projeto do N\u00facleo, uma organiza\u00e7\u00e3o sem fins lucrativos que","canonical_url":"https:\/\/anoticiaonline.com.br\/site\/ii-marcha-e-prosa-reune-amantes-do-cavalo-margalarga-marchador-no-haras-levate\/","robots":"max-image-preview:large","keywords":"","webmasterTools":{"miscellaneous":""},"schema":{"@context":"https:\/\/schema.org","@graph":[{"@type":"BlogPosting","@id":"https:\/\/anoticiaonline.com.br\/site\/ii-marcha-e-prosa-reune-amantes-do-cavalo-margalarga-marchador-no-haras-levate\/#blogposting","name":"II Marcha e Prosa re\u00fane amantes do cavalo Margalarga Marchador no Haras Levate - A Not\u00edcia Online","headline":"II Marcha e Prosa re\u00fane amantes do cavalo Margalarga Marchador no Haras Levate","author":{"@id":"https:\/\/anoticiaonline.com.br\/site\/author\/juliana\/#author"},"publisher":{"@id":"https:\/\/anoticiaonline.com.br\/site\/#organization"},"image":{"@type":"ImageObject","url":"https:\/\/anoticiaonline.com.br\/site\/wp-content\/uploads\/2018\/04\/A-NOT\u00cdCIA-50.jpg","width":640,"height":427},"datePublished":"2018-04-26T23:32:19-03:00","dateModified":"2018-04-26T23:33:29-03:00","inLanguage":"pt-BR","mainEntityOfPage":{"@id":"https:\/\/anoticiaonline.com.br\/site\/ii-marcha-e-prosa-reune-amantes-do-cavalo-margalarga-marchador-no-haras-levate\/#webpage"},"isPartOf":{"@id":"https:\/\/anoticiaonline.com.br\/site\/ii-marcha-e-prosa-reune-amantes-do-cavalo-margalarga-marchador-no-haras-levate\/#webpage"},"articleSection":"Gerais, Cavalo Mangalarga Marchador, Exposi\u00e7\u00f5es Lael Varella, Haras \u00c1guia Dourada, Haras Levate, II Marcha e Prosa, Lael Varella, mangalarga marchador, Margareth Heloise, N\u00facleo do Cavalo Mangalarga Marchador, Robson Tavares, Segunda Exposi\u00e7\u00e3o Especializada do Cavalo Mangalarga Marchador"},{"@type":"BreadcrumbList","@id":"https:\/\/anoticiaonline.com.br\/site\/ii-marcha-e-prosa-reune-amantes-do-cavalo-margalarga-marchador-no-haras-levate\/#breadcrumblist","itemListElement":[{"@type":"ListItem","@id":"https:\/\/anoticiaonline.com.br\/site#listItem","position":1,"name":"Home","item":"https:\/\/anoticiaonline.com.br\/site","nextItem":{"@type":"ListItem","@id":"https:\/\/anoticiaonline.com.br\/site\/categoria\/gerais\/#listItem","name":"Gerais"}},{"@type":"ListItem","@id":"https:\/\/anoticiaonline.com.br\/site\/categoria\/gerais\/#listItem","position":2,"name":"Gerais","item":"https:\/\/anoticiaonline.com.br\/site\/categoria\/gerais\/","nextItem":{"@type":"ListItem","@id":"https:\/\/anoticiaonline.com.br\/site\/ii-marcha-e-prosa-reune-amantes-do-cavalo-margalarga-marchador-no-haras-levate\/#listItem","name":"II Marcha e Prosa re\u00fane amantes do cavalo Margalarga Marchador no Haras Levate"},"previousItem":{"@type":"ListItem","@id":"https:\/\/anoticiaonline.com.br\/site#listItem","name":"Home"}},{"@type":"ListItem","@id":"https:\/\/anoticiaonline.com.br\/site\/ii-marcha-e-prosa-reune-amantes-do-cavalo-margalarga-marchador-no-haras-levate\/#listItem","position":3,"name":"II Marcha e Prosa re\u00fane amantes do cavalo Margalarga Marchador no Haras Levate","previousItem":{"@type":"ListItem","@id":"https:\/\/anoticiaonline.com.br\/site\/categoria\/gerais\/#listItem","name":"Gerais"}}]},{"@type":"Organization","@id":"https:\/\/anoticiaonline.com.br\/site\/#organization","name":"A Not\u00edcia Online","description":"Noticias de Muria\u00e9 e regi\u00e3o","url":"https:\/\/anoticiaonline.com.br\/site\/","logo":{"@type":"ImageObject","url":"https:\/\/scontent-gig4-1.xx.fbcdn.net\/v\/t39.30808-1\/270437624_4564083193639691_6907940295614233970_n.jpg?stp=dst-jpg_s200x200_tt6&_nc_cat=111&ccb=1-7&_nc_sid=f907e8&_nc_ohc=SM1wRlP3lJwQ7kNvwEPuBYA&_nc_oc=AdnqrjDN_BNjSSHWO-GbkIWH6fkGMLw4bqvL_NH6e2wMveX7G-rP2dAqsDSq1mJMOaY&_nc_zt=24&_nc_ht=scontent-gig4-1.xx&_nc_gid=AoBFJeGrT1hVaew_6rchkQ&oh=00_AfX7QmFGhQhG2jAllVgXCiM1ZrWgvtp80-Bfppyexh1QEg&oe=689E923C","@id":"https:\/\/anoticiaonline.com.br\/site\/ii-marcha-e-prosa-reune-amantes-do-cavalo-margalarga-marchador-no-haras-levate\/#organizationLogo"},"image":{"@id":"https:\/\/anoticiaonline.com.br\/site\/ii-marcha-e-prosa-reune-amantes-do-cavalo-margalarga-marchador-no-haras-levate\/#organizationLogo"}},{"@type":"Person","@id":"https:\/\/anoticiaonline.com.br\/site\/author\/juliana\/#author","url":"https:\/\/anoticiaonline.com.br\/site\/author\/juliana\/","name":"Juliana Laviola","image":{"@type":"ImageObject","@id":"https:\/\/anoticiaonline.com.br\/site\/ii-marcha-e-prosa-reune-amantes-do-cavalo-margalarga-marchador-no-haras-levate\/#authorImage","url":"https:\/\/secure.gravatar.com\/avatar\/b8d45f5c699b100dfaf0e543582f38f38bf94cb7ae3a5e9abf8d891a34773335?s=96&d=mm&r=g","width":96,"height":96,"caption":"Juliana Laviola"}},{"@type":"WebPage","@id":"https:\/\/anoticiaonline.com.br\/site\/ii-marcha-e-prosa-reune-amantes-do-cavalo-margalarga-marchador-no-haras-levate\/#webpage","url":"https:\/\/anoticiaonline.com.br\/site\/ii-marcha-e-prosa-reune-amantes-do-cavalo-margalarga-marchador-no-haras-levate\/","name":"II Marcha e Prosa re\u00fane amantes do cavalo Margalarga Marchador no Haras Levate - A Not\u00edcia Online","description":"Foi realizado pelo N\u00facleo dos Criadores do Cavalo Mangalarga Marchador de Muria\u00e9 e Regi\u00e3o, no \u00faltimo s\u00e1bado (3), o II Marcha e Prosa, no Haras Levate, de propriedade do empres\u00e1rio Dudu Levate, um dos organizadores do evento. O II Marcha e Prosa faz parte de um projeto do N\u00facleo, uma organiza\u00e7\u00e3o sem fins lucrativos que","inLanguage":"pt-BR","isPartOf":{"@id":"https:\/\/anoticiaonline.com.br\/site\/#website"},"breadcrumb":{"@id":"https:\/\/anoticiaonline.com.br\/site\/ii-marcha-e-prosa-reune-amantes-do-cavalo-margalarga-marchador-no-haras-levate\/#breadcrumblist"},"author":{"@id":"https:\/\/anoticiaonline.com.br\/site\/author\/juliana\/#author"},"creator":{"@id":"https:\/\/anoticiaonline.com.br\/site\/author\/juliana\/#author"},"image":{"@type":"ImageObject","url":"https:\/\/anoticiaonline.com.br\/site\/wp-content\/uploads\/2018\/04\/A-NOT\u00cdCIA-50.jpg","@id":"https:\/\/anoticiaonline.com.br\/site\/ii-marcha-e-prosa-reune-amantes-do-cavalo-margalarga-marchador-no-haras-levate\/#mainImage","width":640,"height":427},"primaryImageOfPage":{"@id":"https:\/\/anoticiaonline.com.br\/site\/ii-marcha-e-prosa-reune-amantes-do-cavalo-margalarga-marchador-no-haras-levate\/#mainImage"},"datePublished":"2018-04-26T23:32:19-03:00","dateModified":"2018-04-26T23:33:29-03:00"},{"@type":"WebSite","@id":"https:\/\/anoticiaonline.com.br\/site\/#website","url":"https:\/\/anoticiaonline.com.br\/site\/","name":"A Not\u00edcia Online","description":"Noticias de Muria\u00e9 e regi\u00e3o","inLanguage":"pt-BR","publisher":{"@id":"https:\/\/anoticiaonline.com.br\/site\/#organization"}}]},"og:locale":"pt_BR","og:site_name":"A Not\u00edcia Online - Noticias de Muria\u00e9 e regi\u00e3o","og:type":"article","og:title":"II Marcha e Prosa re\u00fane amantes do cavalo Margalarga Marchador no Haras Levate - A Not\u00edcia Online","og:description":"Foi realizado pelo N\u00facleo dos Criadores do Cavalo Mangalarga Marchador de Muria\u00e9 e Regi\u00e3o, no \u00faltimo s\u00e1bado (3), o II Marcha e Prosa, no Haras Levate, de propriedade do empres\u00e1rio Dudu Levate, um dos organizadores do evento. O II Marcha e Prosa faz parte de um projeto do N\u00facleo, uma organiza\u00e7\u00e3o sem fins lucrativos que","og:url":"https:\/\/anoticiaonline.com.br\/site\/ii-marcha-e-prosa-reune-amantes-do-cavalo-margalarga-marchador-no-haras-levate\/","og:image":"https:\/\/scontent-gig4-1.xx.fbcdn.net\/v\/t39.30808-1\/270437624_4564083193639691_6907940295614233970_n.jpg?stp=dst-jpg_s200x200_tt6&#038;_nc_cat=111&#038;ccb=1-7&#038;_nc_sid=f907e8&#038;_nc_ohc=SM1wRlP3lJwQ7kNvwEPuBYA&#038;_nc_oc=AdnqrjDN_BNjSSHWO-GbkIWH6fkGMLw4bqvL_NH6e2wMveX7G-rP2dAqsDSq1mJMOaY&#038;_nc_zt=24&#038;_nc_ht=scontent-gig4-1.xx&#038;_nc_gid=AoBFJeGrT1hVaew_6rchkQ&#038;oh=00_AfX7QmFGhQhG2jAllVgXCiM1ZrWgvtp80-Bfppyexh1QEg&#038;oe=689E923C","og:image:secure_url":"https:\/\/scontent-gig4-1.xx.fbcdn.net\/v\/t39.30808-1\/270437624_4564083193639691_6907940295614233970_n.jpg?stp=dst-jpg_s200x200_tt6&#038;_nc_cat=111&#038;ccb=1-7&#038;_nc_sid=f907e8&#038;_nc_ohc=SM1wRlP3lJwQ7kNvwEPuBYA&#038;_nc_oc=AdnqrjDN_BNjSSHWO-GbkIWH6fkGMLw4bqvL_NH6e2wMveX7G-rP2dAqsDSq1mJMOaY&#038;_nc_zt=24&#038;_nc_ht=scontent-gig4-1.xx&#038;_nc_gid=AoBFJeGrT1hVaew_6rchkQ&#038;oh=00_AfX7QmFGhQhG2jAllVgXCiM1ZrWgvtp80-Bfppyexh1QEg&#038;oe=689E923C","article:published_time":"2018-04-27T02:32:19+00:00","article:modified_time":"2018-04-27T02:33:29+00:00","twitter:card":"summary_large_image","twitter:title":"II Marcha e Prosa re\u00fane amantes do cavalo Margalarga Marchador no Haras Levate - A Not\u00edcia Online","twitter:description":"Foi realizado pelo N\u00facleo dos Criadores do Cavalo Mangalarga Marchador de Muria\u00e9 e Regi\u00e3o, no \u00faltimo s\u00e1bado (3), o II Marcha e Prosa, no Haras Levate, de propriedade do empres\u00e1rio Dudu Levate, um dos organizadores do evento. O II Marcha e Prosa faz parte de um projeto do N\u00facleo, uma organiza\u00e7\u00e3o sem fins lucrativos que","twitter:image":"https:\/\/scontent-gig4-1.xx.fbcdn.net\/v\/t39.30808-1\/270437624_4564083193639691_6907940295614233970_n.jpg?stp=dst-jpg_s200x200_tt6&_nc_cat=111&ccb=1-7&_nc_sid=f907e8&_nc_ohc=SM1wRlP3lJwQ7kNvwEPuBYA&_nc_oc=AdnqrjDN_BNjSSHWO-GbkIWH6fkGMLw4bqvL_NH6e2wMveX7G-rP2dAqsDSq1mJMOaY&_nc_zt=24&_nc_ht=scontent-gig4-1.xx&_nc_gid=AoBFJeGrT1hVaew_6rchkQ&oh=00_AfX7QmFGhQhG2jAllVgXCiM1ZrWgvtp80-Bfppyexh1QEg&oe=689E923C"},"aioseo_meta_data":{"post_id":"54410","title":null,"description":null,"keywords":null,"keyphrases":null,"primary_term":null,"canonical_url":null,"og_title":null,"og_description":null,"og_object_type":"default","og_image_type":"default","og_image_url":null,"og_image_width":null,"og_image_height":null,"og_image_custom_url":null,"og_image_custom_fields":null,"og_video":null,"og_custom_url":null,"og_article_section":null,"og_article_tags":null,"twitter_use_og":false,"twitter_card":"default","twitter_image_type":"default","twitter_image_url":null,"twitter_image_custom_url":null,"twitter_image_custom_fields":null,"twitter_title":null,"twitter_description":null,"schema":{"blockGraphs":[],"customGraphs":[],"default":{"data":{"Article":[],"Course":[],"Dataset":[],"FAQPage":[],"Movie":[],"Person":[],"Product":[],"ProductReview":[],"Car":[],"Recipe":[],"Service":[],"SoftwareApplication":[],"WebPage":[]},"graphName":"","isEnabled":true},"graphs":[]},"schema_type":"default","schema_type_options":null,"pillar_content":false,"robots_default":true,"robots_noindex":false,"robots_noarchive":false,"robots_nosnippet":false,"robots_nofollow":false,"robots_noimageindex":false,"robots_noodp":false,"robots_notranslate":false,"robots_max_snippet":null,"robots_max_videopreview":null,"robots_max_imagepreview":"large","priority":null,"frequency":null,"local_seo":null,"breadcrumb_settings":null,"limit_modified_date":false,"ai":null,"created":"2025-08-16 20:46:24","updated":"2025-08-16 20:46:24","focus_keyword":null,"additional_keywords":null,"truseo_locale":null,"seo_analyzer_scan_date":null},"aioseo_breadcrumb":"<div class=\"aioseo-breadcrumbs\"><span class=\"aioseo-breadcrumb\">\n\t\t\t<a href=\"https:\/\/anoticiaonline.com.br\/site\" title=\"Home\">Home<\/a>\n\t\t<\/span><span class=\"aioseo-breadcrumb-separator\">&raquo;<\/span><span class=\"aioseo-breadcrumb\">\n\t\t\t<a href=\"https:\/\/anoticiaonline.com.br\/site\/categoria\/gerais\/\" title=\"Gerais\">Gerais<\/a>\n\t\t<\/span><span class=\"aioseo-breadcrumb-separator\">&raquo;<\/span><span class=\"aioseo-breadcrumb\">\n\t\t\tII Marcha e Prosa re\u00fane amantes do cavalo Margalarga Marchador no Haras Levate\n\t\t<\/span><\/div>","aioseo_breadcrumb_json":[{"label":"Home","link":"https:\/\/anoticiaonline.com.br\/site"},{"label":"Gerais","link":"https:\/\/anoticiaonline.com.br\/site\/categoria\/gerais\/"},{"label":"II Marcha e Prosa re\u00fane amantes do cavalo Margalarga Marchador no Haras Levate","link":"https:\/\/anoticiaonline.com.br\/site\/ii-marcha-e-prosa-reune-amantes-do-cavalo-margalarga-marchador-no-haras-levate\/"}],"views":172,"_links":{"self":[{"href":"https:\/\/anoticiaonline.com.br\/site\/wp-json\/wp\/v2\/posts\/54410","targetHints":{"allow":["GET"]}}],"collection":[{"href":"https:\/\/anoticiaonline.com.br\/site\/wp-json\/wp\/v2\/posts"}],"about":[{"href":"https:\/\/anoticiaonline.com.br\/site\/wp-json\/wp\/v2\/types\/post"}],"author":[{"embeddable":true,"href":"https:\/\/anoticiaonline.com.br\/site\/wp-json\/wp\/v2\/users\/2"}],"replies":[{"embeddable":true,"href":"https:\/\/anoticiaonline.com.br\/site\/wp-json\/wp\/v2\/comments?post=54410"}],"version-history":[{"count":0,"href":"https:\/\/anoticiaonline.com.br\/site\/wp-json\/wp\/v2\/posts\/54410\/revisions"}],"wp:featuredmedia":[{"embeddable":true,"href":"https:\/\/anoticiaonline.com.br\/site\/wp-json\/wp\/v2\/media\/54490"}],"wp:attachment":[{"href":"https:\/\/anoticiaonline.com.br\/site\/wp-json\/wp\/v2\/media?parent=54410"}],"wp:term":[{"taxonomy":"category","embeddable":true,"href":"https:\/\/anoticiaonline.com.br\/site\/wp-json\/wp\/v2\/categories?post=54410"},{"taxonomy":"post_tag","embeddable":true,"href":"https:\/\/anoticiaonline.com.br\/site\/wp-json\/wp\/v2\/tags?post=54410"}],"curies":[{"name":"wp","href":"https:\/\/api.w.org\/{rel}","templated":true}]}}