{"id":54393,"date":"2018-04-26T22:57:58","date_gmt":"2018-04-27T01:57:58","guid":{"rendered":"http:\/\/anoticiaonline.com.br\/site\/?p=54393"},"modified":"2018-04-26T22:59:22","modified_gmt":"2018-04-27T01:59:22","slug":"dutra-e-fabao-comemoram-20-anos-de-aabb","status":"publish","type":"post","link":"https:\/\/anoticiaonline.com.br\/site\/dutra-e-fabao-comemoram-20-anos-de-aabb\/","title":{"rendered":"Dutra e Fab\u00e3o comemoram 20 anos de AABB"},"content":{"rendered":"<p><a href=\"https:\/\/anoticiaonline.com.br\/site\/wp-content\/uploads\/2018\/04\/Dutra-e-Fabao-20-anos-4.jpg\"><img fetchpriority=\"high\" decoding=\"async\" class=\"aligncenter size-full wp-image-54394\" src=\"https:\/\/anoticiaonline.com.br\/site\/wp-content\/uploads\/2018\/04\/Dutra-e-Fabao-20-anos-4.jpg\" alt=\"\" width=\"746\" height=\"498\" srcset=\"https:\/\/anoticiaonline.com.br\/site\/wp-content\/uploads\/2018\/04\/Dutra-e-Fabao-20-anos-4.jpg 640w, https:\/\/anoticiaonline.com.br\/site\/wp-content\/uploads\/2018\/04\/Dutra-e-Fabao-20-anos-4-300x200.jpg 300w\" sizes=\"(max-width: 746px) 100vw, 746px\" \/><\/a> <a href=\"https:\/\/anoticiaonline.com.br\/site\/wp-content\/uploads\/2018\/04\/Dutra-e-Fabao-20-anos-7.jpg\"><img decoding=\"async\" class=\"aligncenter size-full wp-image-54395\" src=\"https:\/\/anoticiaonline.com.br\/site\/wp-content\/uploads\/2018\/04\/Dutra-e-Fabao-20-anos-7.jpg\" alt=\"\" width=\"763\" height=\"510\" srcset=\"https:\/\/anoticiaonline.com.br\/site\/wp-content\/uploads\/2018\/04\/Dutra-e-Fabao-20-anos-7.jpg 640w, https:\/\/anoticiaonline.com.br\/site\/wp-content\/uploads\/2018\/04\/Dutra-e-Fabao-20-anos-7-300x201.jpg 300w\" sizes=\"(max-width: 763px) 100vw, 763px\" \/><\/a><a href=\"https:\/\/anoticiaonline.com.br\/site\/wp-content\/uploads\/2018\/04\/Dutra-e-Fabao-20-anos-9.jpg\"><img decoding=\"async\" class=\"aligncenter size-full wp-image-54397\" src=\"https:\/\/anoticiaonline.com.br\/site\/wp-content\/uploads\/2018\/04\/Dutra-e-Fabao-20-anos-9.jpg\" alt=\"\" width=\"770\" height=\"513\" srcset=\"https:\/\/anoticiaonline.com.br\/site\/wp-content\/uploads\/2018\/04\/Dutra-e-Fabao-20-anos-9.jpg 640w, https:\/\/anoticiaonline.com.br\/site\/wp-content\/uploads\/2018\/04\/Dutra-e-Fabao-20-anos-9-300x200.jpg 300w, https:\/\/anoticiaonline.com.br\/site\/wp-content\/uploads\/2018\/04\/Dutra-e-Fabao-20-anos-9-768x512.jpg 768w\" sizes=\"(max-width: 770px) 100vw, 770px\" \/><\/a><\/p>\n<p>Uma super festa aconteceu na sexta-feira (20), na Associa\u00e7\u00e3o Atl\u00e9tica do Banco do Brasil (AABB), para comemorar a presen\u00e7a de Dutra e Fab\u00e3o, duas figuras emblem\u00e1ticas que comandam a lanchonete do clube h\u00e1 20 anos.<\/p>\n<p>A noite foi animada pelo som da banda Thop\u00e1zio e contou com amigos da dupla e demais associados.\u00a0Rita de C\u00e1ssia, presidente da Associa\u00e7\u00e3o, disse que este \u00e9 um momento \u00fanico para a AABB.<\/p>\n<p>\u201cAl\u00e9m de estarem aqui h\u00e1 muito tempo, Dutra e Fab\u00e3o s\u00e3o pessoas carinhosas que geram grande empatia com os associados. A impress\u00e3o que temos \u00e9 que eles n\u00e3o est\u00e3o trabalhando, e sim se divertindo. Sem d\u00favida, s\u00e3o pessoas muito queridas, simples, tranquilos e est\u00e3o alinhados com a proposta do clube. Espero que nossa parceria continue e que eles possam fazer parte da nossa fam\u00edlia por muitos anos\u201d, conta.<\/p>\n<p>Ademares Dutra Bonfim, o Dutra, disse que este prest\u00edgio dos associados \u00e9 resultado de muita dedica\u00e7\u00e3o e amor pelo trabalho. \u201cTrabalhamos de ter\u00e7a a domingo, de janeiro a dezembro com o sorriso no rosto. Somos uma fam\u00edlia. Nestes 20 anos, n\u00e3o imaginei que tantas pessoas pudessem estar ao meu lado. Esta festa reuniu pessoas que n\u00e3o costumam sair sempre de casa e isto mostra o prest\u00edgio que temos. Esta \u00e9 uma noite muito especial. Deixo aqui o meu abra\u00e7o a toda a diretoria da AABB, tanto a atual quanto aos diretores que j\u00e1 trabalharam conosco\u201d, conta Dutra que \u00e9 natural de Pedra Azul, no Vale do Jequitinhonha.<\/p>\n<p>F\u00e1bio Alves de Souza, o Fab\u00e3o, atendente de lanchonete h\u00e1 20 anos na AABB, disse que a ideia foi celebrar uma gera\u00e7\u00e3o que foi marcada pela atua\u00e7\u00e3o dele e de Dutra na associa\u00e7\u00e3o. \u201cEstamos muito felizes com a presen\u00e7a dos associados, pois sem eles a festa n\u00e3o aconteceria. Este carinho que nos faz trabalhar com ainda mais felicidade. Agora, esperamos comemorar nossos 30 anos de AABB\u201d, comemora.<\/p>\n<p><a href=\"https:\/\/anoticiaonline.com.br\/site\/wp-content\/uploads\/2018\/04\/Dutra-e-Fabao-20-anos-11.jpg\"><img loading=\"lazy\" decoding=\"async\" class=\"aligncenter size-full wp-image-54398\" src=\"https:\/\/anoticiaonline.com.br\/site\/wp-content\/uploads\/2018\/04\/Dutra-e-Fabao-20-anos-11.jpg\" alt=\"\" width=\"872\" height=\"582\" srcset=\"https:\/\/anoticiaonline.com.br\/site\/wp-content\/uploads\/2018\/04\/Dutra-e-Fabao-20-anos-11.jpg 640w, https:\/\/anoticiaonline.com.br\/site\/wp-content\/uploads\/2018\/04\/Dutra-e-Fabao-20-anos-11-300x200.jpg 300w, https:\/\/anoticiaonline.com.br\/site\/wp-content\/uploads\/2018\/04\/Dutra-e-Fabao-20-anos-11-768x513.jpg 768w\" sizes=\"(max-width: 872px) 100vw, 872px\" \/><\/a> <a href=\"https:\/\/anoticiaonline.com.br\/site\/wp-content\/uploads\/2018\/04\/Dutra-e-Fabao-20-anos-17.jpg\"><img loading=\"lazy\" decoding=\"async\" class=\"aligncenter size-full wp-image-54399\" src=\"https:\/\/anoticiaonline.com.br\/site\/wp-content\/uploads\/2018\/04\/Dutra-e-Fabao-20-anos-17.jpg\" alt=\"\" width=\"807\" height=\"539\" srcset=\"https:\/\/anoticiaonline.com.br\/site\/wp-content\/uploads\/2018\/04\/Dutra-e-Fabao-20-anos-17.jpg 640w, https:\/\/anoticiaonline.com.br\/site\/wp-content\/uploads\/2018\/04\/Dutra-e-Fabao-20-anos-17-300x200.jpg 300w, https:\/\/anoticiaonline.com.br\/site\/wp-content\/uploads\/2018\/04\/Dutra-e-Fabao-20-anos-17-768x513.jpg 768w\" sizes=\"(max-width: 807px) 100vw, 807px\" \/><\/a><\/p>\n<p><a href=\"https:\/\/anoticiaonline.com.br\/site\/wp-content\/uploads\/2018\/04\/Dutra-e-Fabao-20-anos-8.jpg\"><img loading=\"lazy\" decoding=\"async\" class=\"aligncenter size-full wp-image-54396\" src=\"https:\/\/anoticiaonline.com.br\/site\/wp-content\/uploads\/2018\/04\/Dutra-e-Fabao-20-anos-8.jpg\" alt=\"\" width=\"767\" height=\"512\" srcset=\"https:\/\/anoticiaonline.com.br\/site\/wp-content\/uploads\/2018\/04\/Dutra-e-Fabao-20-anos-8.jpg 640w, https:\/\/anoticiaonline.com.br\/site\/wp-content\/uploads\/2018\/04\/Dutra-e-Fabao-20-anos-8-300x200.jpg 300w\" sizes=\"(max-width: 767px) 100vw, 767px\" \/><\/a><\/p>\n<p>&nbsp;<\/p>\n<p><img decoding=\"async\" class=\"ngg_displayed_gallery mceItem\" src=\"https:\/\/anoticiaonline.com.br\/site\/nextgen-attach_to_post\/preview\/id--54479\" \/><\/p>\n<p>&nbsp;<\/p>\n<p>&nbsp;<\/p>\n<p>&nbsp;<\/p>\n<p>&nbsp;<\/p>\n<p>&nbsp;<\/p>\n","protected":false},"excerpt":{"rendered":"<p>Uma super festa aconteceu na sexta-feira (20), na Associa\u00e7\u00e3o Atl\u00e9tica do Banco do Brasil (AABB), para comemorar a presen\u00e7a de Dutra e Fab\u00e3o, duas figuras emblem\u00e1ticas que comandam a lanchonete do clube h\u00e1 20 anos. A noite foi animada pelo som da banda Thop\u00e1zio e contou com amigos da dupla e demais associados.\u00a0Rita de C\u00e1ssia, &#8230; <a title=\"Dutra e Fab\u00e3o comemoram 20 anos de AABB\" class=\"read-more\" href=\"https:\/\/anoticiaonline.com.br\/site\/dutra-e-fabao-comemoram-20-anos-de-aabb\/\" aria-label=\"Read more about Dutra e Fab\u00e3o comemoram 20 anos de AABB\">Ler mais<\/a><\/p>\n","protected":false},"author":2,"featured_media":54398,"comment_status":"open","ping_status":"open","sticky":false,"template":"","format":"standard","meta":{"_acf_changed":false,"_monsterinsights_skip_tracking":false,"footnotes":""},"categories":[1],"tags":[933,2458,1001,2456,2457],"class_list":["post-54393","post","type-post","status-publish","format-standard","has-post-thumbnail","hentry","category-gerais","tag-aabb","tag-associacao-atletica-do-banco-do-brasil","tag-banco-do-brasil","tag-dutra","tag-fabao"],"acf":[],"aioseo_notices":[],"aioseo_head":"\n\t\t<!-- All in One SEO 5.0.0.1 - aioseo.com -->\n\t<meta name=\"description\" content=\"Uma super festa aconteceu na sexta-feira (20), na Associa\u00e7\u00e3o Atl\u00e9tica do Banco do Brasil (AABB), para comemorar a presen\u00e7a de Dutra e Fab\u00e3o, duas figuras emblem\u00e1ticas que comandam a lanchonete do clube h\u00e1 20 anos. A noite foi animada pelo som da banda Thop\u00e1zio e contou com amigos da dupla e demais associados. Rita de C\u00e1ssia,\" \/>\n\t<meta name=\"robots\" content=\"max-image-preview:large\" \/>\n\t<meta name=\"author\" content=\"Juliana Laviola\"\/>\n\t<link rel=\"canonical\" href=\"https:\/\/anoticiaonline.com.br\/site\/dutra-e-fabao-comemoram-20-anos-de-aabb\/\" \/>\n\t<meta name=\"generator\" content=\"All in One SEO (AIOSEO) 5.0.0.1\" \/>\n\t\t<meta property=\"og:locale\" content=\"pt_BR\" \/>\n\t\t<meta property=\"og:site_name\" content=\"A Not\u00edcia Online - Noticias de Muria\u00e9 e regi\u00e3o\" \/>\n\t\t<meta property=\"og:type\" content=\"article\" \/>\n\t\t<meta property=\"og:title\" content=\"Dutra e Fab\u00e3o comemoram 20 anos de AABB - A Not\u00edcia Online\" \/>\n\t\t<meta property=\"og:description\" content=\"Uma super festa aconteceu na sexta-feira (20), na Associa\u00e7\u00e3o Atl\u00e9tica do Banco do Brasil (AABB), para comemorar a presen\u00e7a de Dutra e Fab\u00e3o, duas figuras emblem\u00e1ticas que comandam a lanchonete do clube h\u00e1 20 anos. A noite foi animada pelo som da banda Thop\u00e1zio e contou com amigos da dupla e demais associados. Rita de C\u00e1ssia,\" \/>\n\t\t<meta property=\"og:url\" content=\"https:\/\/anoticiaonline.com.br\/site\/dutra-e-fabao-comemoram-20-anos-de-aabb\/\" \/>\n\t\t<meta property=\"og:image\" content=\"https:\/\/scontent-gig4-1.xx.fbcdn.net\/v\/t39.30808-1\/270437624_4564083193639691_6907940295614233970_n.jpg?stp=dst-jpg_s200x200_tt6&#038;_nc_cat=111&#038;ccb=1-7&#038;_nc_sid=f907e8&#038;_nc_ohc=SM1wRlP3lJwQ7kNvwEPuBYA&#038;_nc_oc=AdnqrjDN_BNjSSHWO-GbkIWH6fkGMLw4bqvL_NH6e2wMveX7G-rP2dAqsDSq1mJMOaY&#038;_nc_zt=24&#038;_nc_ht=scontent-gig4-1.xx&#038;_nc_gid=AoBFJeGrT1hVaew_6rchkQ&#038;oh=00_AfX7QmFGhQhG2jAllVgXCiM1ZrWgvtp80-Bfppyexh1QEg&#038;oe=689E923C\" \/>\n\t\t<meta property=\"og:image:secure_url\" content=\"https:\/\/scontent-gig4-1.xx.fbcdn.net\/v\/t39.30808-1\/270437624_4564083193639691_6907940295614233970_n.jpg?stp=dst-jpg_s200x200_tt6&#038;_nc_cat=111&#038;ccb=1-7&#038;_nc_sid=f907e8&#038;_nc_ohc=SM1wRlP3lJwQ7kNvwEPuBYA&#038;_nc_oc=AdnqrjDN_BNjSSHWO-GbkIWH6fkGMLw4bqvL_NH6e2wMveX7G-rP2dAqsDSq1mJMOaY&#038;_nc_zt=24&#038;_nc_ht=scontent-gig4-1.xx&#038;_nc_gid=AoBFJeGrT1hVaew_6rchkQ&#038;oh=00_AfX7QmFGhQhG2jAllVgXCiM1ZrWgvtp80-Bfppyexh1QEg&#038;oe=689E923C\" \/>\n\t\t<meta property=\"article:published_time\" content=\"2018-04-27T01:57:58+00:00\" \/>\n\t\t<meta property=\"article:modified_time\" content=\"2018-04-27T01:59:22+00:00\" \/>\n\t\t<meta name=\"twitter:card\" content=\"summary_large_image\" \/>\n\t\t<meta name=\"twitter:title\" content=\"Dutra e Fab\u00e3o comemoram 20 anos de AABB - A Not\u00edcia Online\" \/>\n\t\t<meta name=\"twitter:description\" content=\"Uma super festa aconteceu na sexta-feira (20), na Associa\u00e7\u00e3o Atl\u00e9tica do Banco do Brasil (AABB), para comemorar a presen\u00e7a de Dutra e Fab\u00e3o, duas figuras emblem\u00e1ticas que comandam a lanchonete do clube h\u00e1 20 anos. A noite foi animada pelo som da banda Thop\u00e1zio e contou com amigos da dupla e demais associados. Rita de C\u00e1ssia,\" \/>\n\t\t<meta name=\"twitter:image\" content=\"https:\/\/scontent-gig4-1.xx.fbcdn.net\/v\/t39.30808-1\/270437624_4564083193639691_6907940295614233970_n.jpg?stp=dst-jpg_s200x200_tt6&amp;_nc_cat=111&amp;ccb=1-7&amp;_nc_sid=f907e8&amp;_nc_ohc=SM1wRlP3lJwQ7kNvwEPuBYA&amp;_nc_oc=AdnqrjDN_BNjSSHWO-GbkIWH6fkGMLw4bqvL_NH6e2wMveX7G-rP2dAqsDSq1mJMOaY&amp;_nc_zt=24&amp;_nc_ht=scontent-gig4-1.xx&amp;_nc_gid=AoBFJeGrT1hVaew_6rchkQ&amp;oh=00_AfX7QmFGhQhG2jAllVgXCiM1ZrWgvtp80-Bfppyexh1QEg&amp;oe=689E923C\" \/>\n\t\t<script type=\"application\/ld+json\" class=\"aioseo-schema\">\n\t\t\t{\"@context\":\"https:\\\/\\\/schema.org\",\"@graph\":[{\"@type\":\"BlogPosting\",\"@id\":\"https:\\\/\\\/anoticiaonline.com.br\\\/site\\\/dutra-e-fabao-comemoram-20-anos-de-aabb\\\/#blogposting\",\"name\":\"Dutra e Fab\\u00e3o comemoram 20 anos de AABB - A Not\\u00edcia Online\",\"headline\":\"Dutra e Fab\\u00e3o comemoram 20 anos de AABB\",\"author\":{\"@id\":\"https:\\\/\\\/anoticiaonline.com.br\\\/site\\\/author\\\/juliana\\\/#author\"},\"publisher\":{\"@id\":\"https:\\\/\\\/anoticiaonline.com.br\\\/site\\\/#organization\"},\"image\":{\"@type\":\"ImageObject\",\"url\":\"https:\\\/\\\/anoticiaonline.com.br\\\/site\\\/wp-content\\\/uploads\\\/2018\\\/04\\\/Dutra-e-Fabao-20-anos-11.jpg\",\"width\":640,\"height\":427},\"datePublished\":\"2018-04-26T22:57:58-03:00\",\"dateModified\":\"2018-04-26T22:59:22-03:00\",\"inLanguage\":\"pt-BR\",\"mainEntityOfPage\":{\"@id\":\"https:\\\/\\\/anoticiaonline.com.br\\\/site\\\/dutra-e-fabao-comemoram-20-anos-de-aabb\\\/#webpage\"},\"isPartOf\":{\"@id\":\"https:\\\/\\\/anoticiaonline.com.br\\\/site\\\/dutra-e-fabao-comemoram-20-anos-de-aabb\\\/#webpage\"},\"articleSection\":\"Gerais, AABB, Associa\\u00e7\\u00e3o Atl\\u00e9tica do Banco do Brasil, Banco do Brasil, Dutra, Fab\\u00e3o\"},{\"@type\":\"BreadcrumbList\",\"@id\":\"https:\\\/\\\/anoticiaonline.com.br\\\/site\\\/dutra-e-fabao-comemoram-20-anos-de-aabb\\\/#breadcrumblist\",\"itemListElement\":[{\"@type\":\"ListItem\",\"@id\":\"https:\\\/\\\/anoticiaonline.com.br\\\/site#listItem\",\"position\":1,\"name\":\"Home\",\"item\":\"https:\\\/\\\/anoticiaonline.com.br\\\/site\",\"nextItem\":{\"@type\":\"ListItem\",\"@id\":\"https:\\\/\\\/anoticiaonline.com.br\\\/site\\\/categoria\\\/gerais\\\/#listItem\",\"name\":\"Gerais\"}},{\"@type\":\"ListItem\",\"@id\":\"https:\\\/\\\/anoticiaonline.com.br\\\/site\\\/categoria\\\/gerais\\\/#listItem\",\"position\":2,\"name\":\"Gerais\",\"item\":\"https:\\\/\\\/anoticiaonline.com.br\\\/site\\\/categoria\\\/gerais\\\/\",\"nextItem\":{\"@type\":\"ListItem\",\"@id\":\"https:\\\/\\\/anoticiaonline.com.br\\\/site\\\/dutra-e-fabao-comemoram-20-anos-de-aabb\\\/#listItem\",\"name\":\"Dutra e Fab\\u00e3o comemoram 20 anos de AABB\"},\"previousItem\":{\"@type\":\"ListItem\",\"@id\":\"https:\\\/\\\/anoticiaonline.com.br\\\/site#listItem\",\"name\":\"Home\"}},{\"@type\":\"ListItem\",\"@id\":\"https:\\\/\\\/anoticiaonline.com.br\\\/site\\\/dutra-e-fabao-comemoram-20-anos-de-aabb\\\/#listItem\",\"position\":3,\"name\":\"Dutra e Fab\\u00e3o comemoram 20 anos de AABB\",\"previousItem\":{\"@type\":\"ListItem\",\"@id\":\"https:\\\/\\\/anoticiaonline.com.br\\\/site\\\/categoria\\\/gerais\\\/#listItem\",\"name\":\"Gerais\"}}]},{\"@type\":\"Organization\",\"@id\":\"https:\\\/\\\/anoticiaonline.com.br\\\/site\\\/#organization\",\"name\":\"A Not\\u00edcia Online\",\"description\":\"Noticias de Muria\\u00e9 e regi\\u00e3o\",\"url\":\"https:\\\/\\\/anoticiaonline.com.br\\\/site\\\/\",\"logo\":{\"@type\":\"ImageObject\",\"url\":\"https:\\\/\\\/scontent-gig4-1.xx.fbcdn.net\\\/v\\\/t39.30808-1\\\/270437624_4564083193639691_6907940295614233970_n.jpg?stp=dst-jpg_s200x200_tt6&_nc_cat=111&ccb=1-7&_nc_sid=f907e8&_nc_ohc=SM1wRlP3lJwQ7kNvwEPuBYA&_nc_oc=AdnqrjDN_BNjSSHWO-GbkIWH6fkGMLw4bqvL_NH6e2wMveX7G-rP2dAqsDSq1mJMOaY&_nc_zt=24&_nc_ht=scontent-gig4-1.xx&_nc_gid=AoBFJeGrT1hVaew_6rchkQ&oh=00_AfX7QmFGhQhG2jAllVgXCiM1ZrWgvtp80-Bfppyexh1QEg&oe=689E923C\",\"@id\":\"https:\\\/\\\/anoticiaonline.com.br\\\/site\\\/dutra-e-fabao-comemoram-20-anos-de-aabb\\\/#organizationLogo\"},\"image\":{\"@id\":\"https:\\\/\\\/anoticiaonline.com.br\\\/site\\\/dutra-e-fabao-comemoram-20-anos-de-aabb\\\/#organizationLogo\"}},{\"@type\":\"Person\",\"@id\":\"https:\\\/\\\/anoticiaonline.com.br\\\/site\\\/author\\\/juliana\\\/#author\",\"url\":\"https:\\\/\\\/anoticiaonline.com.br\\\/site\\\/author\\\/juliana\\\/\",\"name\":\"Juliana Laviola\",\"image\":{\"@type\":\"ImageObject\",\"@id\":\"https:\\\/\\\/anoticiaonline.com.br\\\/site\\\/dutra-e-fabao-comemoram-20-anos-de-aabb\\\/#authorImage\",\"url\":\"https:\\\/\\\/secure.gravatar.com\\\/avatar\\\/b8d45f5c699b100dfaf0e543582f38f38bf94cb7ae3a5e9abf8d891a34773335?s=96&d=mm&r=g\",\"width\":96,\"height\":96,\"caption\":\"Juliana Laviola\"}},{\"@type\":\"WebPage\",\"@id\":\"https:\\\/\\\/anoticiaonline.com.br\\\/site\\\/dutra-e-fabao-comemoram-20-anos-de-aabb\\\/#webpage\",\"url\":\"https:\\\/\\\/anoticiaonline.com.br\\\/site\\\/dutra-e-fabao-comemoram-20-anos-de-aabb\\\/\",\"name\":\"Dutra e Fab\\u00e3o comemoram 20 anos de AABB - A Not\\u00edcia Online\",\"description\":\"Uma super festa aconteceu na sexta-feira (20), na Associa\\u00e7\\u00e3o Atl\\u00e9tica do Banco do Brasil (AABB), para comemorar a presen\\u00e7a de Dutra e Fab\\u00e3o, duas figuras emblem\\u00e1ticas que comandam a lanchonete do clube h\\u00e1 20 anos. A noite foi animada pelo som da banda Thop\\u00e1zio e contou com amigos da dupla e demais associados. Rita de C\\u00e1ssia,\",\"inLanguage\":\"pt-BR\",\"isPartOf\":{\"@id\":\"https:\\\/\\\/anoticiaonline.com.br\\\/site\\\/#website\"},\"breadcrumb\":{\"@id\":\"https:\\\/\\\/anoticiaonline.com.br\\\/site\\\/dutra-e-fabao-comemoram-20-anos-de-aabb\\\/#breadcrumblist\"},\"author\":{\"@id\":\"https:\\\/\\\/anoticiaonline.com.br\\\/site\\\/author\\\/juliana\\\/#author\"},\"creator\":{\"@id\":\"https:\\\/\\\/anoticiaonline.com.br\\\/site\\\/author\\\/juliana\\\/#author\"},\"image\":{\"@type\":\"ImageObject\",\"url\":\"https:\\\/\\\/anoticiaonline.com.br\\\/site\\\/wp-content\\\/uploads\\\/2018\\\/04\\\/Dutra-e-Fabao-20-anos-11.jpg\",\"@id\":\"https:\\\/\\\/anoticiaonline.com.br\\\/site\\\/dutra-e-fabao-comemoram-20-anos-de-aabb\\\/#mainImage\",\"width\":640,\"height\":427},\"primaryImageOfPage\":{\"@id\":\"https:\\\/\\\/anoticiaonline.com.br\\\/site\\\/dutra-e-fabao-comemoram-20-anos-de-aabb\\\/#mainImage\"},\"datePublished\":\"2018-04-26T22:57:58-03:00\",\"dateModified\":\"2018-04-26T22:59:22-03:00\"},{\"@type\":\"WebSite\",\"@id\":\"https:\\\/\\\/anoticiaonline.com.br\\\/site\\\/#website\",\"url\":\"https:\\\/\\\/anoticiaonline.com.br\\\/site\\\/\",\"name\":\"A Not\\u00edcia Online\",\"description\":\"Noticias de Muria\\u00e9 e regi\\u00e3o\",\"inLanguage\":\"pt-BR\",\"publisher\":{\"@id\":\"https:\\\/\\\/anoticiaonline.com.br\\\/site\\\/#organization\"}}]}\n\t\t<\/script>\n\t\t<!-- All in One SEO -->\n\n","aioseo_head_json":{"title":"Dutra e Fab\u00e3o comemoram 20 anos de AABB - A Not\u00edcia Online","description":"Uma super festa aconteceu na sexta-feira (20), na Associa\u00e7\u00e3o Atl\u00e9tica do Banco do Brasil (AABB), para comemorar a presen\u00e7a de Dutra e Fab\u00e3o, duas figuras emblem\u00e1ticas que comandam a lanchonete do clube h\u00e1 20 anos. A noite foi animada pelo som da banda Thop\u00e1zio e contou com amigos da dupla e demais associados. Rita de C\u00e1ssia,","canonical_url":"https:\/\/anoticiaonline.com.br\/site\/dutra-e-fabao-comemoram-20-anos-de-aabb\/","robots":"max-image-preview:large","keywords":"","webmasterTools":{"miscellaneous":""},"schema":{"@context":"https:\/\/schema.org","@graph":[{"@type":"BlogPosting","@id":"https:\/\/anoticiaonline.com.br\/site\/dutra-e-fabao-comemoram-20-anos-de-aabb\/#blogposting","name":"Dutra e Fab\u00e3o comemoram 20 anos de AABB - A Not\u00edcia Online","headline":"Dutra e Fab\u00e3o comemoram 20 anos de AABB","author":{"@id":"https:\/\/anoticiaonline.com.br\/site\/author\/juliana\/#author"},"publisher":{"@id":"https:\/\/anoticiaonline.com.br\/site\/#organization"},"image":{"@type":"ImageObject","url":"https:\/\/anoticiaonline.com.br\/site\/wp-content\/uploads\/2018\/04\/Dutra-e-Fabao-20-anos-11.jpg","width":640,"height":427},"datePublished":"2018-04-26T22:57:58-03:00","dateModified":"2018-04-26T22:59:22-03:00","inLanguage":"pt-BR","mainEntityOfPage":{"@id":"https:\/\/anoticiaonline.com.br\/site\/dutra-e-fabao-comemoram-20-anos-de-aabb\/#webpage"},"isPartOf":{"@id":"https:\/\/anoticiaonline.com.br\/site\/dutra-e-fabao-comemoram-20-anos-de-aabb\/#webpage"},"articleSection":"Gerais, AABB, Associa\u00e7\u00e3o Atl\u00e9tica do Banco do Brasil, Banco do Brasil, Dutra, Fab\u00e3o"},{"@type":"BreadcrumbList","@id":"https:\/\/anoticiaonline.com.br\/site\/dutra-e-fabao-comemoram-20-anos-de-aabb\/#breadcrumblist","itemListElement":[{"@type":"ListItem","@id":"https:\/\/anoticiaonline.com.br\/site#listItem","position":1,"name":"Home","item":"https:\/\/anoticiaonline.com.br\/site","nextItem":{"@type":"ListItem","@id":"https:\/\/anoticiaonline.com.br\/site\/categoria\/gerais\/#listItem","name":"Gerais"}},{"@type":"ListItem","@id":"https:\/\/anoticiaonline.com.br\/site\/categoria\/gerais\/#listItem","position":2,"name":"Gerais","item":"https:\/\/anoticiaonline.com.br\/site\/categoria\/gerais\/","nextItem":{"@type":"ListItem","@id":"https:\/\/anoticiaonline.com.br\/site\/dutra-e-fabao-comemoram-20-anos-de-aabb\/#listItem","name":"Dutra e Fab\u00e3o comemoram 20 anos de AABB"},"previousItem":{"@type":"ListItem","@id":"https:\/\/anoticiaonline.com.br\/site#listItem","name":"Home"}},{"@type":"ListItem","@id":"https:\/\/anoticiaonline.com.br\/site\/dutra-e-fabao-comemoram-20-anos-de-aabb\/#listItem","position":3,"name":"Dutra e Fab\u00e3o comemoram 20 anos de AABB","previousItem":{"@type":"ListItem","@id":"https:\/\/anoticiaonline.com.br\/site\/categoria\/gerais\/#listItem","name":"Gerais"}}]},{"@type":"Organization","@id":"https:\/\/anoticiaonline.com.br\/site\/#organization","name":"A Not\u00edcia Online","description":"Noticias de Muria\u00e9 e regi\u00e3o","url":"https:\/\/anoticiaonline.com.br\/site\/","logo":{"@type":"ImageObject","url":"https:\/\/scontent-gig4-1.xx.fbcdn.net\/v\/t39.30808-1\/270437624_4564083193639691_6907940295614233970_n.jpg?stp=dst-jpg_s200x200_tt6&_nc_cat=111&ccb=1-7&_nc_sid=f907e8&_nc_ohc=SM1wRlP3lJwQ7kNvwEPuBYA&_nc_oc=AdnqrjDN_BNjSSHWO-GbkIWH6fkGMLw4bqvL_NH6e2wMveX7G-rP2dAqsDSq1mJMOaY&_nc_zt=24&_nc_ht=scontent-gig4-1.xx&_nc_gid=AoBFJeGrT1hVaew_6rchkQ&oh=00_AfX7QmFGhQhG2jAllVgXCiM1ZrWgvtp80-Bfppyexh1QEg&oe=689E923C","@id":"https:\/\/anoticiaonline.com.br\/site\/dutra-e-fabao-comemoram-20-anos-de-aabb\/#organizationLogo"},"image":{"@id":"https:\/\/anoticiaonline.com.br\/site\/dutra-e-fabao-comemoram-20-anos-de-aabb\/#organizationLogo"}},{"@type":"Person","@id":"https:\/\/anoticiaonline.com.br\/site\/author\/juliana\/#author","url":"https:\/\/anoticiaonline.com.br\/site\/author\/juliana\/","name":"Juliana Laviola","image":{"@type":"ImageObject","@id":"https:\/\/anoticiaonline.com.br\/site\/dutra-e-fabao-comemoram-20-anos-de-aabb\/#authorImage","url":"https:\/\/secure.gravatar.com\/avatar\/b8d45f5c699b100dfaf0e543582f38f38bf94cb7ae3a5e9abf8d891a34773335?s=96&d=mm&r=g","width":96,"height":96,"caption":"Juliana Laviola"}},{"@type":"WebPage","@id":"https:\/\/anoticiaonline.com.br\/site\/dutra-e-fabao-comemoram-20-anos-de-aabb\/#webpage","url":"https:\/\/anoticiaonline.com.br\/site\/dutra-e-fabao-comemoram-20-anos-de-aabb\/","name":"Dutra e Fab\u00e3o comemoram 20 anos de AABB - A Not\u00edcia Online","description":"Uma super festa aconteceu na sexta-feira (20), na Associa\u00e7\u00e3o Atl\u00e9tica do Banco do Brasil (AABB), para comemorar a presen\u00e7a de Dutra e Fab\u00e3o, duas figuras emblem\u00e1ticas que comandam a lanchonete do clube h\u00e1 20 anos. A noite foi animada pelo som da banda Thop\u00e1zio e contou com amigos da dupla e demais associados. Rita de C\u00e1ssia,","inLanguage":"pt-BR","isPartOf":{"@id":"https:\/\/anoticiaonline.com.br\/site\/#website"},"breadcrumb":{"@id":"https:\/\/anoticiaonline.com.br\/site\/dutra-e-fabao-comemoram-20-anos-de-aabb\/#breadcrumblist"},"author":{"@id":"https:\/\/anoticiaonline.com.br\/site\/author\/juliana\/#author"},"creator":{"@id":"https:\/\/anoticiaonline.com.br\/site\/author\/juliana\/#author"},"image":{"@type":"ImageObject","url":"https:\/\/anoticiaonline.com.br\/site\/wp-content\/uploads\/2018\/04\/Dutra-e-Fabao-20-anos-11.jpg","@id":"https:\/\/anoticiaonline.com.br\/site\/dutra-e-fabao-comemoram-20-anos-de-aabb\/#mainImage","width":640,"height":427},"primaryImageOfPage":{"@id":"https:\/\/anoticiaonline.com.br\/site\/dutra-e-fabao-comemoram-20-anos-de-aabb\/#mainImage"},"datePublished":"2018-04-26T22:57:58-03:00","dateModified":"2018-04-26T22:59:22-03:00"},{"@type":"WebSite","@id":"https:\/\/anoticiaonline.com.br\/site\/#website","url":"https:\/\/anoticiaonline.com.br\/site\/","name":"A Not\u00edcia Online","description":"Noticias de Muria\u00e9 e regi\u00e3o","inLanguage":"pt-BR","publisher":{"@id":"https:\/\/anoticiaonline.com.br\/site\/#organization"}}]},"og:locale":"pt_BR","og:site_name":"A Not\u00edcia Online - Noticias de Muria\u00e9 e regi\u00e3o","og:type":"article","og:title":"Dutra e Fab\u00e3o comemoram 20 anos de AABB - A Not\u00edcia Online","og:description":"Uma super festa aconteceu na sexta-feira (20), na Associa\u00e7\u00e3o Atl\u00e9tica do Banco do Brasil (AABB), para comemorar a presen\u00e7a de Dutra e Fab\u00e3o, duas figuras emblem\u00e1ticas que comandam a lanchonete do clube h\u00e1 20 anos. A noite foi animada pelo som da banda Thop\u00e1zio e contou com amigos da dupla e demais associados. Rita de C\u00e1ssia,","og:url":"https:\/\/anoticiaonline.com.br\/site\/dutra-e-fabao-comemoram-20-anos-de-aabb\/","og:image":"https:\/\/scontent-gig4-1.xx.fbcdn.net\/v\/t39.30808-1\/270437624_4564083193639691_6907940295614233970_n.jpg?stp=dst-jpg_s200x200_tt6&#038;_nc_cat=111&#038;ccb=1-7&#038;_nc_sid=f907e8&#038;_nc_ohc=SM1wRlP3lJwQ7kNvwEPuBYA&#038;_nc_oc=AdnqrjDN_BNjSSHWO-GbkIWH6fkGMLw4bqvL_NH6e2wMveX7G-rP2dAqsDSq1mJMOaY&#038;_nc_zt=24&#038;_nc_ht=scontent-gig4-1.xx&#038;_nc_gid=AoBFJeGrT1hVaew_6rchkQ&#038;oh=00_AfX7QmFGhQhG2jAllVgXCiM1ZrWgvtp80-Bfppyexh1QEg&#038;oe=689E923C","og:image:secure_url":"https:\/\/scontent-gig4-1.xx.fbcdn.net\/v\/t39.30808-1\/270437624_4564083193639691_6907940295614233970_n.jpg?stp=dst-jpg_s200x200_tt6&#038;_nc_cat=111&#038;ccb=1-7&#038;_nc_sid=f907e8&#038;_nc_ohc=SM1wRlP3lJwQ7kNvwEPuBYA&#038;_nc_oc=AdnqrjDN_BNjSSHWO-GbkIWH6fkGMLw4bqvL_NH6e2wMveX7G-rP2dAqsDSq1mJMOaY&#038;_nc_zt=24&#038;_nc_ht=scontent-gig4-1.xx&#038;_nc_gid=AoBFJeGrT1hVaew_6rchkQ&#038;oh=00_AfX7QmFGhQhG2jAllVgXCiM1ZrWgvtp80-Bfppyexh1QEg&#038;oe=689E923C","article:published_time":"2018-04-27T01:57:58+00:00","article:modified_time":"2018-04-27T01:59:22+00:00","twitter:card":"summary_large_image","twitter:title":"Dutra e Fab\u00e3o comemoram 20 anos de AABB - A Not\u00edcia Online","twitter:description":"Uma super festa aconteceu na sexta-feira (20), na Associa\u00e7\u00e3o Atl\u00e9tica do Banco do Brasil (AABB), para comemorar a presen\u00e7a de Dutra e Fab\u00e3o, duas figuras emblem\u00e1ticas que comandam a lanchonete do clube h\u00e1 20 anos. A noite foi animada pelo som da banda Thop\u00e1zio e contou com amigos da dupla e demais associados. Rita de C\u00e1ssia,","twitter:image":"https:\/\/scontent-gig4-1.xx.fbcdn.net\/v\/t39.30808-1\/270437624_4564083193639691_6907940295614233970_n.jpg?stp=dst-jpg_s200x200_tt6&_nc_cat=111&ccb=1-7&_nc_sid=f907e8&_nc_ohc=SM1wRlP3lJwQ7kNvwEPuBYA&_nc_oc=AdnqrjDN_BNjSSHWO-GbkIWH6fkGMLw4bqvL_NH6e2wMveX7G-rP2dAqsDSq1mJMOaY&_nc_zt=24&_nc_ht=scontent-gig4-1.xx&_nc_gid=AoBFJeGrT1hVaew_6rchkQ&oh=00_AfX7QmFGhQhG2jAllVgXCiM1ZrWgvtp80-Bfppyexh1QEg&oe=689E923C"},"aioseo_meta_data":{"post_id":"54393","title":null,"description":null,"keywords":null,"keyphrases":null,"primary_term":null,"canonical_url":null,"og_title":null,"og_description":null,"og_object_type":"default","og_image_type":"default","og_image_url":null,"og_image_width":null,"og_image_height":null,"og_image_custom_url":null,"og_image_custom_fields":null,"og_video":null,"og_custom_url":null,"og_article_section":null,"og_article_tags":null,"twitter_use_og":false,"twitter_card":"default","twitter_image_type":"default","twitter_image_url":null,"twitter_image_custom_url":null,"twitter_image_custom_fields":null,"twitter_title":null,"twitter_description":null,"schema":{"blockGraphs":[],"customGraphs":[],"default":{"data":{"Article":[],"Course":[],"Dataset":[],"FAQPage":[],"Movie":[],"Person":[],"Product":[],"ProductReview":[],"Car":[],"Recipe":[],"Service":[],"SoftwareApplication":[],"WebPage":[]},"graphName":"","isEnabled":true},"graphs":[]},"schema_type":"default","schema_type_options":null,"pillar_content":false,"robots_default":true,"robots_noindex":false,"robots_noarchive":false,"robots_nosnippet":false,"robots_nofollow":false,"robots_noimageindex":false,"robots_noodp":false,"robots_notranslate":false,"robots_max_snippet":null,"robots_max_videopreview":null,"robots_max_imagepreview":"large","priority":null,"frequency":null,"local_seo":null,"breadcrumb_settings":null,"limit_modified_date":false,"ai":null,"created":"2025-08-16 20:46:24","updated":"2025-08-16 20:46:24","focus_keyword":null,"additional_keywords":null,"truseo_locale":null,"seo_analyzer_scan_date":null},"aioseo_breadcrumb":"<div class=\"aioseo-breadcrumbs\"><span class=\"aioseo-breadcrumb\">\n\t\t\t<a href=\"https:\/\/anoticiaonline.com.br\/site\" title=\"Home\">Home<\/a>\n\t\t<\/span><span class=\"aioseo-breadcrumb-separator\">&raquo;<\/span><span class=\"aioseo-breadcrumb\">\n\t\t\t<a href=\"https:\/\/anoticiaonline.com.br\/site\/categoria\/gerais\/\" title=\"Gerais\">Gerais<\/a>\n\t\t<\/span><span class=\"aioseo-breadcrumb-separator\">&raquo;<\/span><span class=\"aioseo-breadcrumb\">\n\t\t\tDutra e Fab\u00e3o comemoram 20 anos de AABB\n\t\t<\/span><\/div>","aioseo_breadcrumb_json":[{"label":"Home","link":"https:\/\/anoticiaonline.com.br\/site"},{"label":"Gerais","link":"https:\/\/anoticiaonline.com.br\/site\/categoria\/gerais\/"},{"label":"Dutra e Fab\u00e3o comemoram 20 anos de AABB","link":"https:\/\/anoticiaonline.com.br\/site\/dutra-e-fabao-comemoram-20-anos-de-aabb\/"}],"views":159,"_links":{"self":[{"href":"https:\/\/anoticiaonline.com.br\/site\/wp-json\/wp\/v2\/posts\/54393","targetHints":{"allow":["GET"]}}],"collection":[{"href":"https:\/\/anoticiaonline.com.br\/site\/wp-json\/wp\/v2\/posts"}],"about":[{"href":"https:\/\/anoticiaonline.com.br\/site\/wp-json\/wp\/v2\/types\/post"}],"author":[{"embeddable":true,"href":"https:\/\/anoticiaonline.com.br\/site\/wp-json\/wp\/v2\/users\/2"}],"replies":[{"embeddable":true,"href":"https:\/\/anoticiaonline.com.br\/site\/wp-json\/wp\/v2\/comments?post=54393"}],"version-history":[{"count":0,"href":"https:\/\/anoticiaonline.com.br\/site\/wp-json\/wp\/v2\/posts\/54393\/revisions"}],"wp:featuredmedia":[{"embeddable":true,"href":"https:\/\/anoticiaonline.com.br\/site\/wp-json\/wp\/v2\/media\/54398"}],"wp:attachment":[{"href":"https:\/\/anoticiaonline.com.br\/site\/wp-json\/wp\/v2\/media?parent=54393"}],"wp:term":[{"taxonomy":"category","embeddable":true,"href":"https:\/\/anoticiaonline.com.br\/site\/wp-json\/wp\/v2\/categories?post=54393"},{"taxonomy":"post_tag","embeddable":true,"href":"https:\/\/anoticiaonline.com.br\/site\/wp-json\/wp\/v2\/tags?post=54393"}],"curies":[{"name":"wp","href":"https:\/\/api.w.org\/{rel}","templated":true}]}}