{"id":5420,"date":"2015-10-30T14:00:08","date_gmt":"2015-10-30T17:00:08","guid":{"rendered":"http:\/\/anoticiaonline.com.br\/site\/?p=5420"},"modified":"2015-10-29T19:15:43","modified_gmt":"2015-10-29T22:15:43","slug":"muriae-prev-comemora-o-dia-do-servidor-publico-com-palestra","status":"publish","type":"post","link":"https:\/\/anoticiaonline.com.br\/site\/muriae-prev-comemora-o-dia-do-servidor-publico-com-palestra\/","title":{"rendered":"MURIA\u00c9-PREV comemora o Dia do Servidor P\u00fablico com palestra"},"content":{"rendered":"<p><a href=\"https:\/\/anoticiaonline.com.br\/site\/wp-content\/uploads\/2015\/10\/DSC_0576.jpg\"><img fetchpriority=\"high\" decoding=\"async\" class=\" size-medium wp-image-5421 alignleft\" src=\"https:\/\/anoticiaonline.com.br\/site\/wp-content\/uploads\/2015\/10\/DSC_0576-300x199.jpg\" alt=\"DSC_0576\" width=\"300\" height=\"199\" srcset=\"https:\/\/anoticiaonline.com.br\/site\/wp-content\/uploads\/2015\/10\/DSC_0576-300x199.jpg 300w, https:\/\/anoticiaonline.com.br\/site\/wp-content\/uploads\/2015\/10\/DSC_0576.jpg 640w\" sizes=\"(max-width: 300px) 100vw, 300px\" \/><\/a>O Dia do Servidor P\u00fablico (28 de outubro) foi comemorado pelo Fundo Previdenci\u00e1rio dos Servidores P\u00fablicos de Muria\u00e9 (MURIA\u00c9-PREV) com uma palestra, que foi realizada na noite desta quarta-feira, no Teatro Zaccaria Marques. Nela, foram abordados temas sobre direitos e deveres, regras de aposentadoria e benef\u00edcios previdenci\u00e1rios do servidor p\u00fablico.<\/p>\n<p>Segundo o presidente do MURIA\u00c9-PREV, Ant\u00f4nio Jos\u00e9 Pereira de Oliveira, o servidor p\u00fablico tem de ser valorizado. \u201cPara n\u00f3s, do MURIA\u00c9-PREV, \u00e9 motivo de muito orgulho comemorar esta data. Os servidores s\u00e3o muito importantes para o munic\u00edpio. Como servidor p\u00fablico municipal h\u00e1 quase 33 anos, parabenizo a todos os servidores pelo seu dia. Espero todos os anos, durante minha gest\u00e3o, poder fazer esta comemora\u00e7\u00e3o para os servidores\u201d, disse.<\/p>\n<p>O evento foi realizado pelo Setor de Benef\u00edcios, sob a responsabilidade de Solange Baldanza, que elaborou uma cartilha previdenci\u00e1ria, a qual servir\u00e1 de consulta para os servidores p\u00fablicos, em parceria \u201cvitoriosa\u201d com a Caixa Econ\u00f4mica Federal, que patrocinou o encontro.\u00a0 Na cartilha constam os direitos e deveres do servidor p\u00fablico, regras de aposentaria e d\u00favidas. \u201cEsta cartilha \u00e9 de grande import\u00e2ncia. Funciona como um objeto de consulta do servidor\u201d, frisa o presidente Ant\u00f4nio Jos\u00e9.<\/p>\n<p>De acordo com Adellunar Marge, chefe de Gabinete da Prefeitura, que na ocasi\u00e3o representou o prefeito Aloysio Aquino, o servidor p\u00fablico \u00e9 \u201cfundamental\u201d para a administra\u00e7\u00e3o p\u00fablica. \u201c\u00c9 ele que movimenta a m\u00e1quina administrativa. Os administradores, aqueles que s\u00e3o eleitos para um cargo, s\u00e3o elementos passageiros, mas o servidor \u00e9 aquele que permanece, que faz o servi\u00e7o p\u00fablico funcionar\u201d, ressalta. \u201cNesta data, de 28 de outubro, cumprimento a todos os servidores p\u00fablicos municipais pelos excelentes servi\u00e7os que prestam \u00e0 comunidade\u201d, acrescenta.<\/p>\n<p>A palestra foi proferida pela Dr\u00aa Daniela Morais Malta, da empresa Libertas &amp; Associados, de Belo Horizonte. Ela apresentou os benef\u00edcios que s\u00e3o assegurados aos servidores p\u00fablicos de Muria\u00e9, como aposentadoria, pens\u00e3o, entre outros. Ao final, esclareceu d\u00favidas dos presentes. \u201cAgrade\u00e7o ao MURIA\u00c9-PREV pelo convite. Foi uma palestra muito proveitosa. Acho que os servidores conseguiram compreender o que foi repassado\u201d, avalia.<\/p>\n<p>Hoje, o MURIA\u00c9-PREV possui quase 2 mil servidores contribuintes e uma m\u00e9dia de 450 aposentados e pensionistas.<\/p>\n<p><strong>PARCERIA COM A CAIXA \u2013<\/strong> A Caixa Econ\u00f4mica Federal, parceira do MURIA\u00c9-PREV, foi a patrocinadora do evento. O superintendente regional da Caixa, Luiz Guilherme de Campos, ressaltou que esta parceria acontece h\u00e1 muitos anos e que a aproxima\u00e7\u00e3o com a Prefeitura, com o servidor e com a popula\u00e7\u00e3o \u00e9 um dos objetivos da institui\u00e7\u00e3o. \u201cO patroc\u00ednio da Caixa neste evento vai ao encontro desta parceria, que \u00e9 a busca da valoriza\u00e7\u00e3o dos servidores p\u00fablicos. \u00c9 isso que a Caixa quer: cumprir seu papel social, de desenvolvimento, gerar emprego e renda\u201d, diz.<\/p>\n<p>A gerente geral da Caixa de Muria\u00e9, Kerma Marinho Benini Andrade, frisa que a miss\u00e3o da Caixa \u00e9 ser o principal banco de relacionamento dos \u00f3rg\u00e3os p\u00fablicos. \u201cNeste sentido, a Caixa est\u00e1 muito pr\u00f3xima, tanto da Prefeitura quanto do MURIA\u00c9-PREV e dos servidores. Queremos que a Caixa esteja cada dia mais presente na vida do servidor, atendendo as suas necessidades e trazendo para cada um deles os servi\u00e7os e produtos que eles necessitam e que a Caixa pode ofertar\u201d, salienta.<\/p>\n<p>Ao final do evento, o presidente do MURIA\u00c9-PREV convidou a todos para saborear um delicioso coquetel.<\/p>\n<p><img decoding=\"async\" class=\"ngg_displayed_gallery mceItem\" src=\"https:\/\/anoticiaonline.com.br\/site\/nextgen-attach_to_post\/preview\/id--5474\" alt=\"\" \/><\/p>\n","protected":false},"excerpt":{"rendered":"<p>O Dia do Servidor P\u00fablico (28 de outubro) foi comemorado pelo Fundo Previdenci\u00e1rio dos Servidores P\u00fablicos de Muria\u00e9 (MURIA\u00c9-PREV) com uma palestra, que foi realizada na noite desta quarta-feira, no Teatro Zaccaria Marques. Nela, foram abordados temas sobre direitos e deveres, regras de aposentadoria e benef\u00edcios previdenci\u00e1rios do servidor p\u00fablico. Segundo o presidente do MURIA\u00c9-PREV, &#8230; <a title=\"MURIA\u00c9-PREV comemora o Dia do Servidor P\u00fablico com palestra\" class=\"read-more\" href=\"https:\/\/anoticiaonline.com.br\/site\/muriae-prev-comemora-o-dia-do-servidor-publico-com-palestra\/\" aria-label=\"Read more about MURIA\u00c9-PREV comemora o Dia do Servidor P\u00fablico com palestra\">Ler mais<\/a><\/p>\n","protected":false},"author":2,"featured_media":0,"comment_status":"open","ping_status":"open","sticky":false,"template":"","format":"standard","meta":{"_acf_changed":false,"_monsterinsights_skip_tracking":false,"footnotes":""},"categories":[1],"tags":[],"class_list":["post-5420","post","type-post","status-publish","format-standard","hentry","category-gerais"],"acf":[],"aioseo_notices":[],"aioseo_head":"\n\t\t<!-- All in One SEO 5.0.0.1 - aioseo.com -->\n\t<meta name=\"description\" content=\"O Dia do Servidor P\u00fablico (28 de outubro) foi comemorado pelo Fundo Previdenci\u00e1rio dos Servidores P\u00fablicos de Muria\u00e9 (MURIA\u00c9-PREV) com uma palestra, que foi realizada na noite desta quarta-feira, no Teatro Zaccaria Marques. Nela, foram abordados temas sobre direitos e deveres, regras de aposentadoria e benef\u00edcios previdenci\u00e1rios do servidor p\u00fablico. Segundo o presidente do MURIA\u00c9-PREV,\" \/>\n\t<meta name=\"robots\" content=\"max-image-preview:large\" \/>\n\t<meta name=\"author\" content=\"Juliana Laviola\"\/>\n\t<link rel=\"canonical\" href=\"https:\/\/anoticiaonline.com.br\/site\/muriae-prev-comemora-o-dia-do-servidor-publico-com-palestra\/\" \/>\n\t<meta name=\"generator\" content=\"All in One SEO (AIOSEO) 5.0.0.1\" \/>\n\t\t<meta property=\"og:locale\" content=\"pt_BR\" \/>\n\t\t<meta property=\"og:site_name\" content=\"A Not\u00edcia Online - Noticias de Muria\u00e9 e regi\u00e3o\" \/>\n\t\t<meta property=\"og:type\" content=\"article\" \/>\n\t\t<meta property=\"og:title\" content=\"MURIA\u00c9-PREV comemora o Dia do Servidor P\u00fablico com palestra - A Not\u00edcia Online\" \/>\n\t\t<meta property=\"og:description\" content=\"O Dia do Servidor P\u00fablico (28 de outubro) foi comemorado pelo Fundo Previdenci\u00e1rio dos Servidores P\u00fablicos de Muria\u00e9 (MURIA\u00c9-PREV) com uma palestra, que foi realizada na noite desta quarta-feira, no Teatro Zaccaria Marques. Nela, foram abordados temas sobre direitos e deveres, regras de aposentadoria e benef\u00edcios previdenci\u00e1rios do servidor p\u00fablico. Segundo o presidente do MURIA\u00c9-PREV,\" \/>\n\t\t<meta property=\"og:url\" content=\"https:\/\/anoticiaonline.com.br\/site\/muriae-prev-comemora-o-dia-do-servidor-publico-com-palestra\/\" \/>\n\t\t<meta property=\"og:image\" content=\"https:\/\/scontent-gig4-1.xx.fbcdn.net\/v\/t39.30808-1\/270437624_4564083193639691_6907940295614233970_n.jpg?stp=dst-jpg_s200x200_tt6&#038;_nc_cat=111&#038;ccb=1-7&#038;_nc_sid=f907e8&#038;_nc_ohc=SM1wRlP3lJwQ7kNvwEPuBYA&#038;_nc_oc=AdnqrjDN_BNjSSHWO-GbkIWH6fkGMLw4bqvL_NH6e2wMveX7G-rP2dAqsDSq1mJMOaY&#038;_nc_zt=24&#038;_nc_ht=scontent-gig4-1.xx&#038;_nc_gid=AoBFJeGrT1hVaew_6rchkQ&#038;oh=00_AfX7QmFGhQhG2jAllVgXCiM1ZrWgvtp80-Bfppyexh1QEg&#038;oe=689E923C\" \/>\n\t\t<meta property=\"og:image:secure_url\" content=\"https:\/\/scontent-gig4-1.xx.fbcdn.net\/v\/t39.30808-1\/270437624_4564083193639691_6907940295614233970_n.jpg?stp=dst-jpg_s200x200_tt6&#038;_nc_cat=111&#038;ccb=1-7&#038;_nc_sid=f907e8&#038;_nc_ohc=SM1wRlP3lJwQ7kNvwEPuBYA&#038;_nc_oc=AdnqrjDN_BNjSSHWO-GbkIWH6fkGMLw4bqvL_NH6e2wMveX7G-rP2dAqsDSq1mJMOaY&#038;_nc_zt=24&#038;_nc_ht=scontent-gig4-1.xx&#038;_nc_gid=AoBFJeGrT1hVaew_6rchkQ&#038;oh=00_AfX7QmFGhQhG2jAllVgXCiM1ZrWgvtp80-Bfppyexh1QEg&#038;oe=689E923C\" \/>\n\t\t<meta property=\"article:published_time\" content=\"2015-10-30T17:00:08+00:00\" \/>\n\t\t<meta property=\"article:modified_time\" content=\"2015-10-29T22:15:43+00:00\" \/>\n\t\t<meta name=\"twitter:card\" content=\"summary_large_image\" \/>\n\t\t<meta name=\"twitter:title\" content=\"MURIA\u00c9-PREV comemora o Dia do Servidor P\u00fablico com palestra - A Not\u00edcia Online\" \/>\n\t\t<meta name=\"twitter:description\" content=\"O Dia do Servidor P\u00fablico (28 de outubro) foi comemorado pelo Fundo Previdenci\u00e1rio dos Servidores P\u00fablicos de Muria\u00e9 (MURIA\u00c9-PREV) com uma palestra, que foi realizada na noite desta quarta-feira, no Teatro Zaccaria Marques. Nela, foram abordados temas sobre direitos e deveres, regras de aposentadoria e benef\u00edcios previdenci\u00e1rios do servidor p\u00fablico. Segundo o presidente do MURIA\u00c9-PREV,\" \/>\n\t\t<meta name=\"twitter:image\" content=\"https:\/\/scontent-gig4-1.xx.fbcdn.net\/v\/t39.30808-1\/270437624_4564083193639691_6907940295614233970_n.jpg?stp=dst-jpg_s200x200_tt6&amp;_nc_cat=111&amp;ccb=1-7&amp;_nc_sid=f907e8&amp;_nc_ohc=SM1wRlP3lJwQ7kNvwEPuBYA&amp;_nc_oc=AdnqrjDN_BNjSSHWO-GbkIWH6fkGMLw4bqvL_NH6e2wMveX7G-rP2dAqsDSq1mJMOaY&amp;_nc_zt=24&amp;_nc_ht=scontent-gig4-1.xx&amp;_nc_gid=AoBFJeGrT1hVaew_6rchkQ&amp;oh=00_AfX7QmFGhQhG2jAllVgXCiM1ZrWgvtp80-Bfppyexh1QEg&amp;oe=689E923C\" \/>\n\t\t<script type=\"application\/ld+json\" class=\"aioseo-schema\">\n\t\t\t{\"@context\":\"https:\\\/\\\/schema.org\",\"@graph\":[{\"@type\":\"BlogPosting\",\"@id\":\"https:\\\/\\\/anoticiaonline.com.br\\\/site\\\/muriae-prev-comemora-o-dia-do-servidor-publico-com-palestra\\\/#blogposting\",\"name\":\"MURIA\\u00c9-PREV comemora o Dia do Servidor P\\u00fablico com palestra - A Not\\u00edcia Online\",\"headline\":\"MURIA\\u00c9-PREV comemora o Dia do Servidor P\\u00fablico com palestra\",\"author\":{\"@id\":\"https:\\\/\\\/anoticiaonline.com.br\\\/site\\\/author\\\/juliana\\\/#author\"},\"publisher\":{\"@id\":\"https:\\\/\\\/anoticiaonline.com.br\\\/site\\\/#organization\"},\"image\":{\"@type\":\"ImageObject\",\"url\":\"http:\\\/\\\/anoticiaonline.com.br\\\/site\\\/wp-content\\\/uploads\\\/2015\\\/10\\\/DSC_0576-300x199.jpg\",\"@id\":\"https:\\\/\\\/anoticiaonline.com.br\\\/site\\\/muriae-prev-comemora-o-dia-do-servidor-publico-com-palestra\\\/#articleImage\"},\"datePublished\":\"2015-10-30T14:00:08-03:00\",\"dateModified\":\"2015-10-29T19:15:43-03:00\",\"inLanguage\":\"pt-BR\",\"mainEntityOfPage\":{\"@id\":\"https:\\\/\\\/anoticiaonline.com.br\\\/site\\\/muriae-prev-comemora-o-dia-do-servidor-publico-com-palestra\\\/#webpage\"},\"isPartOf\":{\"@id\":\"https:\\\/\\\/anoticiaonline.com.br\\\/site\\\/muriae-prev-comemora-o-dia-do-servidor-publico-com-palestra\\\/#webpage\"},\"articleSection\":\"Gerais\"},{\"@type\":\"BreadcrumbList\",\"@id\":\"https:\\\/\\\/anoticiaonline.com.br\\\/site\\\/muriae-prev-comemora-o-dia-do-servidor-publico-com-palestra\\\/#breadcrumblist\",\"itemListElement\":[{\"@type\":\"ListItem\",\"@id\":\"https:\\\/\\\/anoticiaonline.com.br\\\/site#listItem\",\"position\":1,\"name\":\"Home\",\"item\":\"https:\\\/\\\/anoticiaonline.com.br\\\/site\",\"nextItem\":{\"@type\":\"ListItem\",\"@id\":\"https:\\\/\\\/anoticiaonline.com.br\\\/site\\\/categoria\\\/gerais\\\/#listItem\",\"name\":\"Gerais\"}},{\"@type\":\"ListItem\",\"@id\":\"https:\\\/\\\/anoticiaonline.com.br\\\/site\\\/categoria\\\/gerais\\\/#listItem\",\"position\":2,\"name\":\"Gerais\",\"item\":\"https:\\\/\\\/anoticiaonline.com.br\\\/site\\\/categoria\\\/gerais\\\/\",\"nextItem\":{\"@type\":\"ListItem\",\"@id\":\"https:\\\/\\\/anoticiaonline.com.br\\\/site\\\/muriae-prev-comemora-o-dia-do-servidor-publico-com-palestra\\\/#listItem\",\"name\":\"MURIA\\u00c9-PREV comemora o Dia do Servidor P\\u00fablico com palestra\"},\"previousItem\":{\"@type\":\"ListItem\",\"@id\":\"https:\\\/\\\/anoticiaonline.com.br\\\/site#listItem\",\"name\":\"Home\"}},{\"@type\":\"ListItem\",\"@id\":\"https:\\\/\\\/anoticiaonline.com.br\\\/site\\\/muriae-prev-comemora-o-dia-do-servidor-publico-com-palestra\\\/#listItem\",\"position\":3,\"name\":\"MURIA\\u00c9-PREV comemora o Dia do Servidor P\\u00fablico com palestra\",\"previousItem\":{\"@type\":\"ListItem\",\"@id\":\"https:\\\/\\\/anoticiaonline.com.br\\\/site\\\/categoria\\\/gerais\\\/#listItem\",\"name\":\"Gerais\"}}]},{\"@type\":\"Organization\",\"@id\":\"https:\\\/\\\/anoticiaonline.com.br\\\/site\\\/#organization\",\"name\":\"A Not\\u00edcia Online\",\"description\":\"Noticias de Muria\\u00e9 e regi\\u00e3o\",\"url\":\"https:\\\/\\\/anoticiaonline.com.br\\\/site\\\/\",\"logo\":{\"@type\":\"ImageObject\",\"url\":\"https:\\\/\\\/scontent-gig4-1.xx.fbcdn.net\\\/v\\\/t39.30808-1\\\/270437624_4564083193639691_6907940295614233970_n.jpg?stp=dst-jpg_s200x200_tt6&_nc_cat=111&ccb=1-7&_nc_sid=f907e8&_nc_ohc=SM1wRlP3lJwQ7kNvwEPuBYA&_nc_oc=AdnqrjDN_BNjSSHWO-GbkIWH6fkGMLw4bqvL_NH6e2wMveX7G-rP2dAqsDSq1mJMOaY&_nc_zt=24&_nc_ht=scontent-gig4-1.xx&_nc_gid=AoBFJeGrT1hVaew_6rchkQ&oh=00_AfX7QmFGhQhG2jAllVgXCiM1ZrWgvtp80-Bfppyexh1QEg&oe=689E923C\",\"@id\":\"https:\\\/\\\/anoticiaonline.com.br\\\/site\\\/muriae-prev-comemora-o-dia-do-servidor-publico-com-palestra\\\/#organizationLogo\"},\"image\":{\"@id\":\"https:\\\/\\\/anoticiaonline.com.br\\\/site\\\/muriae-prev-comemora-o-dia-do-servidor-publico-com-palestra\\\/#organizationLogo\"}},{\"@type\":\"Person\",\"@id\":\"https:\\\/\\\/anoticiaonline.com.br\\\/site\\\/author\\\/juliana\\\/#author\",\"url\":\"https:\\\/\\\/anoticiaonline.com.br\\\/site\\\/author\\\/juliana\\\/\",\"name\":\"Juliana Laviola\",\"image\":{\"@type\":\"ImageObject\",\"@id\":\"https:\\\/\\\/anoticiaonline.com.br\\\/site\\\/muriae-prev-comemora-o-dia-do-servidor-publico-com-palestra\\\/#authorImage\",\"url\":\"https:\\\/\\\/secure.gravatar.com\\\/avatar\\\/b8d45f5c699b100dfaf0e543582f38f38bf94cb7ae3a5e9abf8d891a34773335?s=96&d=mm&r=g\",\"width\":96,\"height\":96,\"caption\":\"Juliana Laviola\"}},{\"@type\":\"WebPage\",\"@id\":\"https:\\\/\\\/anoticiaonline.com.br\\\/site\\\/muriae-prev-comemora-o-dia-do-servidor-publico-com-palestra\\\/#webpage\",\"url\":\"https:\\\/\\\/anoticiaonline.com.br\\\/site\\\/muriae-prev-comemora-o-dia-do-servidor-publico-com-palestra\\\/\",\"name\":\"MURIA\\u00c9-PREV comemora o Dia do Servidor P\\u00fablico com palestra - A Not\\u00edcia Online\",\"description\":\"O Dia do Servidor P\\u00fablico (28 de outubro) foi comemorado pelo Fundo Previdenci\\u00e1rio dos Servidores P\\u00fablicos de Muria\\u00e9 (MURIA\\u00c9-PREV) com uma palestra, que foi realizada na noite desta quarta-feira, no Teatro Zaccaria Marques. Nela, foram abordados temas sobre direitos e deveres, regras de aposentadoria e benef\\u00edcios previdenci\\u00e1rios do servidor p\\u00fablico. Segundo o presidente do MURIA\\u00c9-PREV,\",\"inLanguage\":\"pt-BR\",\"isPartOf\":{\"@id\":\"https:\\\/\\\/anoticiaonline.com.br\\\/site\\\/#website\"},\"breadcrumb\":{\"@id\":\"https:\\\/\\\/anoticiaonline.com.br\\\/site\\\/muriae-prev-comemora-o-dia-do-servidor-publico-com-palestra\\\/#breadcrumblist\"},\"author\":{\"@id\":\"https:\\\/\\\/anoticiaonline.com.br\\\/site\\\/author\\\/juliana\\\/#author\"},\"creator\":{\"@id\":\"https:\\\/\\\/anoticiaonline.com.br\\\/site\\\/author\\\/juliana\\\/#author\"},\"datePublished\":\"2015-10-30T14:00:08-03:00\",\"dateModified\":\"2015-10-29T19:15:43-03:00\"},{\"@type\":\"WebSite\",\"@id\":\"https:\\\/\\\/anoticiaonline.com.br\\\/site\\\/#website\",\"url\":\"https:\\\/\\\/anoticiaonline.com.br\\\/site\\\/\",\"name\":\"A Not\\u00edcia Online\",\"description\":\"Noticias de Muria\\u00e9 e regi\\u00e3o\",\"inLanguage\":\"pt-BR\",\"publisher\":{\"@id\":\"https:\\\/\\\/anoticiaonline.com.br\\\/site\\\/#organization\"}}]}\n\t\t<\/script>\n\t\t<!-- All in One SEO -->\n\n","aioseo_head_json":{"title":"MURIA\u00c9-PREV comemora o Dia do Servidor P\u00fablico com palestra - A Not\u00edcia Online","description":"O Dia do Servidor P\u00fablico (28 de outubro) foi comemorado pelo Fundo Previdenci\u00e1rio dos Servidores P\u00fablicos de Muria\u00e9 (MURIA\u00c9-PREV) com uma palestra, que foi realizada na noite desta quarta-feira, no Teatro Zaccaria Marques. Nela, foram abordados temas sobre direitos e deveres, regras de aposentadoria e benef\u00edcios previdenci\u00e1rios do servidor p\u00fablico. Segundo o presidente do MURIA\u00c9-PREV,","canonical_url":"https:\/\/anoticiaonline.com.br\/site\/muriae-prev-comemora-o-dia-do-servidor-publico-com-palestra\/","robots":"max-image-preview:large","keywords":"","webmasterTools":{"miscellaneous":""},"schema":{"@context":"https:\/\/schema.org","@graph":[{"@type":"BlogPosting","@id":"https:\/\/anoticiaonline.com.br\/site\/muriae-prev-comemora-o-dia-do-servidor-publico-com-palestra\/#blogposting","name":"MURIA\u00c9-PREV comemora o Dia do Servidor P\u00fablico com palestra - A Not\u00edcia Online","headline":"MURIA\u00c9-PREV comemora o Dia do Servidor P\u00fablico com palestra","author":{"@id":"https:\/\/anoticiaonline.com.br\/site\/author\/juliana\/#author"},"publisher":{"@id":"https:\/\/anoticiaonline.com.br\/site\/#organization"},"image":{"@type":"ImageObject","url":"http:\/\/anoticiaonline.com.br\/site\/wp-content\/uploads\/2015\/10\/DSC_0576-300x199.jpg","@id":"https:\/\/anoticiaonline.com.br\/site\/muriae-prev-comemora-o-dia-do-servidor-publico-com-palestra\/#articleImage"},"datePublished":"2015-10-30T14:00:08-03:00","dateModified":"2015-10-29T19:15:43-03:00","inLanguage":"pt-BR","mainEntityOfPage":{"@id":"https:\/\/anoticiaonline.com.br\/site\/muriae-prev-comemora-o-dia-do-servidor-publico-com-palestra\/#webpage"},"isPartOf":{"@id":"https:\/\/anoticiaonline.com.br\/site\/muriae-prev-comemora-o-dia-do-servidor-publico-com-palestra\/#webpage"},"articleSection":"Gerais"},{"@type":"BreadcrumbList","@id":"https:\/\/anoticiaonline.com.br\/site\/muriae-prev-comemora-o-dia-do-servidor-publico-com-palestra\/#breadcrumblist","itemListElement":[{"@type":"ListItem","@id":"https:\/\/anoticiaonline.com.br\/site#listItem","position":1,"name":"Home","item":"https:\/\/anoticiaonline.com.br\/site","nextItem":{"@type":"ListItem","@id":"https:\/\/anoticiaonline.com.br\/site\/categoria\/gerais\/#listItem","name":"Gerais"}},{"@type":"ListItem","@id":"https:\/\/anoticiaonline.com.br\/site\/categoria\/gerais\/#listItem","position":2,"name":"Gerais","item":"https:\/\/anoticiaonline.com.br\/site\/categoria\/gerais\/","nextItem":{"@type":"ListItem","@id":"https:\/\/anoticiaonline.com.br\/site\/muriae-prev-comemora-o-dia-do-servidor-publico-com-palestra\/#listItem","name":"MURIA\u00c9-PREV comemora o Dia do Servidor P\u00fablico com palestra"},"previousItem":{"@type":"ListItem","@id":"https:\/\/anoticiaonline.com.br\/site#listItem","name":"Home"}},{"@type":"ListItem","@id":"https:\/\/anoticiaonline.com.br\/site\/muriae-prev-comemora-o-dia-do-servidor-publico-com-palestra\/#listItem","position":3,"name":"MURIA\u00c9-PREV comemora o Dia do Servidor P\u00fablico com palestra","previousItem":{"@type":"ListItem","@id":"https:\/\/anoticiaonline.com.br\/site\/categoria\/gerais\/#listItem","name":"Gerais"}}]},{"@type":"Organization","@id":"https:\/\/anoticiaonline.com.br\/site\/#organization","name":"A Not\u00edcia Online","description":"Noticias de Muria\u00e9 e regi\u00e3o","url":"https:\/\/anoticiaonline.com.br\/site\/","logo":{"@type":"ImageObject","url":"https:\/\/scontent-gig4-1.xx.fbcdn.net\/v\/t39.30808-1\/270437624_4564083193639691_6907940295614233970_n.jpg?stp=dst-jpg_s200x200_tt6&_nc_cat=111&ccb=1-7&_nc_sid=f907e8&_nc_ohc=SM1wRlP3lJwQ7kNvwEPuBYA&_nc_oc=AdnqrjDN_BNjSSHWO-GbkIWH6fkGMLw4bqvL_NH6e2wMveX7G-rP2dAqsDSq1mJMOaY&_nc_zt=24&_nc_ht=scontent-gig4-1.xx&_nc_gid=AoBFJeGrT1hVaew_6rchkQ&oh=00_AfX7QmFGhQhG2jAllVgXCiM1ZrWgvtp80-Bfppyexh1QEg&oe=689E923C","@id":"https:\/\/anoticiaonline.com.br\/site\/muriae-prev-comemora-o-dia-do-servidor-publico-com-palestra\/#organizationLogo"},"image":{"@id":"https:\/\/anoticiaonline.com.br\/site\/muriae-prev-comemora-o-dia-do-servidor-publico-com-palestra\/#organizationLogo"}},{"@type":"Person","@id":"https:\/\/anoticiaonline.com.br\/site\/author\/juliana\/#author","url":"https:\/\/anoticiaonline.com.br\/site\/author\/juliana\/","name":"Juliana Laviola","image":{"@type":"ImageObject","@id":"https:\/\/anoticiaonline.com.br\/site\/muriae-prev-comemora-o-dia-do-servidor-publico-com-palestra\/#authorImage","url":"https:\/\/secure.gravatar.com\/avatar\/b8d45f5c699b100dfaf0e543582f38f38bf94cb7ae3a5e9abf8d891a34773335?s=96&d=mm&r=g","width":96,"height":96,"caption":"Juliana Laviola"}},{"@type":"WebPage","@id":"https:\/\/anoticiaonline.com.br\/site\/muriae-prev-comemora-o-dia-do-servidor-publico-com-palestra\/#webpage","url":"https:\/\/anoticiaonline.com.br\/site\/muriae-prev-comemora-o-dia-do-servidor-publico-com-palestra\/","name":"MURIA\u00c9-PREV comemora o Dia do Servidor P\u00fablico com palestra - A Not\u00edcia Online","description":"O Dia do Servidor P\u00fablico (28 de outubro) foi comemorado pelo Fundo Previdenci\u00e1rio dos Servidores P\u00fablicos de Muria\u00e9 (MURIA\u00c9-PREV) com uma palestra, que foi realizada na noite desta quarta-feira, no Teatro Zaccaria Marques. Nela, foram abordados temas sobre direitos e deveres, regras de aposentadoria e benef\u00edcios previdenci\u00e1rios do servidor p\u00fablico. Segundo o presidente do MURIA\u00c9-PREV,","inLanguage":"pt-BR","isPartOf":{"@id":"https:\/\/anoticiaonline.com.br\/site\/#website"},"breadcrumb":{"@id":"https:\/\/anoticiaonline.com.br\/site\/muriae-prev-comemora-o-dia-do-servidor-publico-com-palestra\/#breadcrumblist"},"author":{"@id":"https:\/\/anoticiaonline.com.br\/site\/author\/juliana\/#author"},"creator":{"@id":"https:\/\/anoticiaonline.com.br\/site\/author\/juliana\/#author"},"datePublished":"2015-10-30T14:00:08-03:00","dateModified":"2015-10-29T19:15:43-03:00"},{"@type":"WebSite","@id":"https:\/\/anoticiaonline.com.br\/site\/#website","url":"https:\/\/anoticiaonline.com.br\/site\/","name":"A Not\u00edcia Online","description":"Noticias de Muria\u00e9 e regi\u00e3o","inLanguage":"pt-BR","publisher":{"@id":"https:\/\/anoticiaonline.com.br\/site\/#organization"}}]},"og:locale":"pt_BR","og:site_name":"A Not\u00edcia Online - Noticias de Muria\u00e9 e regi\u00e3o","og:type":"article","og:title":"MURIA\u00c9-PREV comemora o Dia do Servidor P\u00fablico com palestra - A Not\u00edcia Online","og:description":"O Dia do Servidor P\u00fablico (28 de outubro) foi comemorado pelo Fundo Previdenci\u00e1rio dos Servidores P\u00fablicos de Muria\u00e9 (MURIA\u00c9-PREV) com uma palestra, que foi realizada na noite desta quarta-feira, no Teatro Zaccaria Marques. Nela, foram abordados temas sobre direitos e deveres, regras de aposentadoria e benef\u00edcios previdenci\u00e1rios do servidor p\u00fablico. Segundo o presidente do MURIA\u00c9-PREV,","og:url":"https:\/\/anoticiaonline.com.br\/site\/muriae-prev-comemora-o-dia-do-servidor-publico-com-palestra\/","og:image":"https:\/\/scontent-gig4-1.xx.fbcdn.net\/v\/t39.30808-1\/270437624_4564083193639691_6907940295614233970_n.jpg?stp=dst-jpg_s200x200_tt6&#038;_nc_cat=111&#038;ccb=1-7&#038;_nc_sid=f907e8&#038;_nc_ohc=SM1wRlP3lJwQ7kNvwEPuBYA&#038;_nc_oc=AdnqrjDN_BNjSSHWO-GbkIWH6fkGMLw4bqvL_NH6e2wMveX7G-rP2dAqsDSq1mJMOaY&#038;_nc_zt=24&#038;_nc_ht=scontent-gig4-1.xx&#038;_nc_gid=AoBFJeGrT1hVaew_6rchkQ&#038;oh=00_AfX7QmFGhQhG2jAllVgXCiM1ZrWgvtp80-Bfppyexh1QEg&#038;oe=689E923C","og:image:secure_url":"https:\/\/scontent-gig4-1.xx.fbcdn.net\/v\/t39.30808-1\/270437624_4564083193639691_6907940295614233970_n.jpg?stp=dst-jpg_s200x200_tt6&#038;_nc_cat=111&#038;ccb=1-7&#038;_nc_sid=f907e8&#038;_nc_ohc=SM1wRlP3lJwQ7kNvwEPuBYA&#038;_nc_oc=AdnqrjDN_BNjSSHWO-GbkIWH6fkGMLw4bqvL_NH6e2wMveX7G-rP2dAqsDSq1mJMOaY&#038;_nc_zt=24&#038;_nc_ht=scontent-gig4-1.xx&#038;_nc_gid=AoBFJeGrT1hVaew_6rchkQ&#038;oh=00_AfX7QmFGhQhG2jAllVgXCiM1ZrWgvtp80-Bfppyexh1QEg&#038;oe=689E923C","article:published_time":"2015-10-30T17:00:08+00:00","article:modified_time":"2015-10-29T22:15:43+00:00","twitter:card":"summary_large_image","twitter:title":"MURIA\u00c9-PREV comemora o Dia do Servidor P\u00fablico com palestra - A Not\u00edcia Online","twitter:description":"O Dia do Servidor P\u00fablico (28 de outubro) foi comemorado pelo Fundo Previdenci\u00e1rio dos Servidores P\u00fablicos de Muria\u00e9 (MURIA\u00c9-PREV) com uma palestra, que foi realizada na noite desta quarta-feira, no Teatro Zaccaria Marques. Nela, foram abordados temas sobre direitos e deveres, regras de aposentadoria e benef\u00edcios previdenci\u00e1rios do servidor p\u00fablico. Segundo o presidente do MURIA\u00c9-PREV,","twitter:image":"https:\/\/scontent-gig4-1.xx.fbcdn.net\/v\/t39.30808-1\/270437624_4564083193639691_6907940295614233970_n.jpg?stp=dst-jpg_s200x200_tt6&_nc_cat=111&ccb=1-7&_nc_sid=f907e8&_nc_ohc=SM1wRlP3lJwQ7kNvwEPuBYA&_nc_oc=AdnqrjDN_BNjSSHWO-GbkIWH6fkGMLw4bqvL_NH6e2wMveX7G-rP2dAqsDSq1mJMOaY&_nc_zt=24&_nc_ht=scontent-gig4-1.xx&_nc_gid=AoBFJeGrT1hVaew_6rchkQ&oh=00_AfX7QmFGhQhG2jAllVgXCiM1ZrWgvtp80-Bfppyexh1QEg&oe=689E923C"},"aioseo_meta_data":{"post_id":"5420","title":null,"description":null,"keywords":null,"keyphrases":null,"primary_term":null,"canonical_url":null,"og_title":null,"og_description":null,"og_object_type":"default","og_image_type":"default","og_image_url":null,"og_image_width":null,"og_image_height":null,"og_image_custom_url":null,"og_image_custom_fields":null,"og_video":null,"og_custom_url":null,"og_article_section":null,"og_article_tags":null,"twitter_use_og":false,"twitter_card":"default","twitter_image_type":"default","twitter_image_url":null,"twitter_image_custom_url":null,"twitter_image_custom_fields":null,"twitter_title":null,"twitter_description":null,"schema":{"blockGraphs":[],"customGraphs":[],"default":{"data":{"Article":[],"Course":[],"Dataset":[],"FAQPage":[],"Movie":[],"Person":[],"Product":[],"ProductReview":[],"Car":[],"Recipe":[],"Service":[],"SoftwareApplication":[],"WebPage":[]},"graphName":"","isEnabled":true},"graphs":[]},"schema_type":"default","schema_type_options":null,"pillar_content":false,"robots_default":true,"robots_noindex":false,"robots_noarchive":false,"robots_nosnippet":false,"robots_nofollow":false,"robots_noimageindex":false,"robots_noodp":false,"robots_notranslate":false,"robots_max_snippet":null,"robots_max_videopreview":null,"robots_max_imagepreview":"large","priority":null,"frequency":null,"local_seo":null,"breadcrumb_settings":null,"limit_modified_date":false,"ai":null,"created":"2025-08-16 13:46:53","updated":"2025-08-16 13:46:53","focus_keyword":null,"additional_keywords":null,"truseo_locale":null,"seo_analyzer_scan_date":null},"aioseo_breadcrumb":"<div class=\"aioseo-breadcrumbs\"><span class=\"aioseo-breadcrumb\">\n\t\t\t<a href=\"https:\/\/anoticiaonline.com.br\/site\" title=\"Home\">Home<\/a>\n\t\t<\/span><span class=\"aioseo-breadcrumb-separator\">&raquo;<\/span><span class=\"aioseo-breadcrumb\">\n\t\t\t<a href=\"https:\/\/anoticiaonline.com.br\/site\/categoria\/gerais\/\" title=\"Gerais\">Gerais<\/a>\n\t\t<\/span><span class=\"aioseo-breadcrumb-separator\">&raquo;<\/span><span class=\"aioseo-breadcrumb\">\n\t\t\tMURIA\u00c9-PREV comemora o Dia do Servidor P\u00fablico com palestra\n\t\t<\/span><\/div>","aioseo_breadcrumb_json":[{"label":"Home","link":"https:\/\/anoticiaonline.com.br\/site"},{"label":"Gerais","link":"https:\/\/anoticiaonline.com.br\/site\/categoria\/gerais\/"},{"label":"MURIA\u00c9-PREV comemora o Dia do Servidor P\u00fablico com palestra","link":"https:\/\/anoticiaonline.com.br\/site\/muriae-prev-comemora-o-dia-do-servidor-publico-com-palestra\/"}],"views":137,"_links":{"self":[{"href":"https:\/\/anoticiaonline.com.br\/site\/wp-json\/wp\/v2\/posts\/5420","targetHints":{"allow":["GET"]}}],"collection":[{"href":"https:\/\/anoticiaonline.com.br\/site\/wp-json\/wp\/v2\/posts"}],"about":[{"href":"https:\/\/anoticiaonline.com.br\/site\/wp-json\/wp\/v2\/types\/post"}],"author":[{"embeddable":true,"href":"https:\/\/anoticiaonline.com.br\/site\/wp-json\/wp\/v2\/users\/2"}],"replies":[{"embeddable":true,"href":"https:\/\/anoticiaonline.com.br\/site\/wp-json\/wp\/v2\/comments?post=5420"}],"version-history":[{"count":0,"href":"https:\/\/anoticiaonline.com.br\/site\/wp-json\/wp\/v2\/posts\/5420\/revisions"}],"wp:attachment":[{"href":"https:\/\/anoticiaonline.com.br\/site\/wp-json\/wp\/v2\/media?parent=5420"}],"wp:term":[{"taxonomy":"category","embeddable":true,"href":"https:\/\/anoticiaonline.com.br\/site\/wp-json\/wp\/v2\/categories?post=5420"},{"taxonomy":"post_tag","embeddable":true,"href":"https:\/\/anoticiaonline.com.br\/site\/wp-json\/wp\/v2\/tags?post=5420"}],"curies":[{"name":"wp","href":"https:\/\/api.w.org\/{rel}","templated":true}]}}