{"id":54038,"date":"2018-04-19T22:36:44","date_gmt":"2018-04-20T01:36:44","guid":{"rendered":"http:\/\/anoticiaonline.com.br\/site\/?p=54038"},"modified":"2018-04-19T22:53:30","modified_gmt":"2018-04-20T01:53:30","slug":"salha-lilian-salles-atelie-e-inaugurada-no-centro-de-muriae","status":"publish","type":"post","link":"https:\/\/anoticiaonline.com.br\/site\/salha-lilian-salles-atelie-e-inaugurada-no-centro-de-muriae\/","title":{"rendered":"Salha L\u00edlian Salles Ateli\u00ea \u00e9 inaugurada"},"content":{"rendered":"<p><a href=\"https:\/\/anoticiaonline.com.br\/site\/wp-content\/uploads\/2018\/04\/A-NOT\u00cdCIA-23.jpg\"><img fetchpriority=\"high\" decoding=\"async\" class=\"aligncenter size-full wp-image-54134\" src=\"https:\/\/anoticiaonline.com.br\/site\/wp-content\/uploads\/2018\/04\/A-NOT\u00cdCIA-23.jpg\" alt=\"\" width=\"640\" height=\"480\" srcset=\"https:\/\/anoticiaonline.com.br\/site\/wp-content\/uploads\/2018\/04\/A-NOT\u00cdCIA-23.jpg 640w, https:\/\/anoticiaonline.com.br\/site\/wp-content\/uploads\/2018\/04\/A-NOT\u00cdCIA-23-300x225.jpg 300w\" sizes=\"(max-width: 640px) 100vw, 640px\" \/><\/a> <a href=\"https:\/\/anoticiaonline.com.br\/site\/wp-content\/uploads\/2018\/04\/A-NOT\u00cdCIA-24.jpg\"><img decoding=\"async\" class=\"aligncenter size-full wp-image-54135\" src=\"https:\/\/anoticiaonline.com.br\/site\/wp-content\/uploads\/2018\/04\/A-NOT\u00cdCIA-24.jpg\" alt=\"\" width=\"640\" height=\"480\" srcset=\"https:\/\/anoticiaonline.com.br\/site\/wp-content\/uploads\/2018\/04\/A-NOT\u00cdCIA-24.jpg 640w, https:\/\/anoticiaonline.com.br\/site\/wp-content\/uploads\/2018\/04\/A-NOT\u00cdCIA-24-300x225.jpg 300w\" sizes=\"(max-width: 640px) 100vw, 640px\" \/><\/a><a href=\"https:\/\/anoticiaonline.com.br\/site\/wp-content\/uploads\/2018\/04\/A-NOT\u00cdCIA-30.jpg\"><img decoding=\"async\" class=\"aligncenter size-full wp-image-54137\" src=\"https:\/\/anoticiaonline.com.br\/site\/wp-content\/uploads\/2018\/04\/A-NOT\u00cdCIA-30.jpg\" alt=\"\" width=\"640\" height=\"480\" srcset=\"https:\/\/anoticiaonline.com.br\/site\/wp-content\/uploads\/2018\/04\/A-NOT\u00cdCIA-30.jpg 640w, https:\/\/anoticiaonline.com.br\/site\/wp-content\/uploads\/2018\/04\/A-NOT\u00cdCIA-30-300x225.jpg 300w\" sizes=\"(max-width: 640px) 100vw, 640px\" \/><\/a> <a href=\"https:\/\/anoticiaonline.com.br\/site\/wp-content\/uploads\/2018\/04\/A-NOT\u00cdCIA-32.jpg\"><img loading=\"lazy\" decoding=\"async\" class=\"aligncenter size-full wp-image-54138\" src=\"https:\/\/anoticiaonline.com.br\/site\/wp-content\/uploads\/2018\/04\/A-NOT\u00cdCIA-32.jpg\" alt=\"\" width=\"480\" height=\"640\" srcset=\"https:\/\/anoticiaonline.com.br\/site\/wp-content\/uploads\/2018\/04\/A-NOT\u00cdCIA-32.jpg 480w, https:\/\/anoticiaonline.com.br\/site\/wp-content\/uploads\/2018\/04\/A-NOT\u00cdCIA-32-225x300.jpg 225w\" sizes=\"(max-width: 480px) 100vw, 480px\" \/><\/a> <a href=\"https:\/\/anoticiaonline.com.br\/site\/wp-content\/uploads\/2018\/04\/A-NOT\u00cdCIA-35.jpg\"><img loading=\"lazy\" decoding=\"async\" class=\"aligncenter size-full wp-image-54141\" src=\"https:\/\/anoticiaonline.com.br\/site\/wp-content\/uploads\/2018\/04\/A-NOT\u00cdCIA-35.jpg\" alt=\"\" width=\"490\" height=\"640\" srcset=\"https:\/\/anoticiaonline.com.br\/site\/wp-content\/uploads\/2018\/04\/A-NOT\u00cdCIA-35.jpg 490w, https:\/\/anoticiaonline.com.br\/site\/wp-content\/uploads\/2018\/04\/A-NOT\u00cdCIA-35-230x300.jpg 230w\" sizes=\"(max-width: 490px) 100vw, 490px\" \/><\/a>Pensando sempre em inova\u00e7\u00e3o, a Salha, loja que fabrica com roupas femininas h\u00e1 26 anos em Muria\u00e9, atendeu ao pedido das clientes e inaugurou, na tarde de quarta-feira (18), a Salha L\u00edlian Salles Ateli\u00ea, que transformar\u00e1 lindos tecidos em bela pe\u00e7as exclusivas, como vestidos, saias, cal\u00e7as, blusas e outras tudo com atendimento personalizado e agendado.<\/p>\n<p>Localizada na Rua Coronel Domiciano, n\u00famero 63, o objetivo da loja, de propriedade do casal de empreendedores, Marco Salles e L\u00edlian Salles, \u00e9 trabalhar com pe\u00e7as exclusivas e material pr\u00f3prio, a partir de encomendas feitas previamente pelas clientes, algo diferente da proposta que j\u00e1 existe na loja Salha, situada na Central da Pronta Entrega, na Barra, que trabalha com atacado e varejo.<\/p>\n<p>\u201cNossa proposta \u00e9, \u00fanica e exclusivamente, realizar os sonhos e desejos de cada cliente, com modelos e looks diferenciados. Nossa equipe de modelistas e costureiras trabalhar\u00e3o com vestidos de festa, bordados ou n\u00e3o, que requerem todo o cuidado, manuseio, sofistica\u00e7\u00e3o e exclusividade. Basta escolher o modelo, que teremos todos os itens necess\u00e1rios para desenvolv\u00ea-lo\u201d, conta L\u00edlian.<\/p>\n<p>De acordo com a empres\u00e1ria, o ateli\u00ea oferecer\u00e1 tamb\u00e9m pe\u00e7as para serem vendidas no varejo. \u201cSer\u00e3o cal\u00e7as, saias, vestidos e blusas sob medida. A inaugura\u00e7\u00e3o da Salha L\u00edlian Salles Ateli\u00ea foi um pedido antigo de nossas clientes que resolvemos atender, pois sabemos o quanto elas gostam dos nossos produtos\u201d, conta.<\/p>\n<p>L\u00edlian explica ainda que, para trabalhar com tranquilidade e qualidade, as encomendas para vestidos de festa devem ser feitas com anteced\u00eancia m\u00ednima de 40 dias. \u201cNossa inten\u00e7\u00e3o \u00e9 atender sempre da melhor forma do cl\u00e1ssico ao mais aprimorado, pois sabemos o quanto as mulheres s\u00e3o exigentes e especiais. Agora, pedimos a Deus para que este novo empreendimento seja um sucesso e que muitas conquistas fa\u00e7am parte desta nova hist\u00f3ria\u201d, diz.<\/p>\n<p>&nbsp;<\/p>\n<p>&nbsp;<\/p>\n<p><a href=\"https:\/\/anoticiaonline.com.br\/site\/wp-content\/uploads\/2018\/04\/A-NOT\u00cdCIA-26.jpg\"><img loading=\"lazy\" decoding=\"async\" class=\"aligncenter size-full wp-image-54136\" src=\"https:\/\/anoticiaonline.com.br\/site\/wp-content\/uploads\/2018\/04\/A-NOT\u00cdCIA-26.jpg\" alt=\"\" width=\"480\" height=\"640\" srcset=\"https:\/\/anoticiaonline.com.br\/site\/wp-content\/uploads\/2018\/04\/A-NOT\u00cdCIA-26.jpg 480w, https:\/\/anoticiaonline.com.br\/site\/wp-content\/uploads\/2018\/04\/A-NOT\u00cdCIA-26-225x300.jpg 225w\" sizes=\"(max-width: 480px) 100vw, 480px\" \/><\/a><\/p>\n<p><a href=\"https:\/\/anoticiaonline.com.br\/site\/wp-content\/uploads\/2018\/04\/A-NOT\u00cdCIA-20.jpg\"><img loading=\"lazy\" decoding=\"async\" class=\"aligncenter size-full wp-image-54133\" src=\"https:\/\/anoticiaonline.com.br\/site\/wp-content\/uploads\/2018\/04\/A-NOT\u00cdCIA-20.jpg\" alt=\"\" width=\"480\" height=\"640\" srcset=\"https:\/\/anoticiaonline.com.br\/site\/wp-content\/uploads\/2018\/04\/A-NOT\u00cdCIA-20.jpg 480w, https:\/\/anoticiaonline.com.br\/site\/wp-content\/uploads\/2018\/04\/A-NOT\u00cdCIA-20-225x300.jpg 225w\" sizes=\"(max-width: 480px) 100vw, 480px\" \/><\/a><\/p>\n<p>&nbsp;<\/p>\n<p><img decoding=\"async\" class=\"ngg_displayed_gallery mceItem\" src=\"https:\/\/anoticiaonline.com.br\/site\/nextgen-attach_to_post\/preview\/id--54219\" \/><\/p>\n<p>&nbsp;<\/p>\n","protected":false},"excerpt":{"rendered":"<p>Pensando sempre em inova\u00e7\u00e3o, a Salha, loja que fabrica com roupas femininas h\u00e1 26 anos em Muria\u00e9, atendeu ao pedido das clientes e inaugurou, na tarde de quarta-feira (18), a Salha L\u00edlian Salles Ateli\u00ea, que transformar\u00e1 lindos tecidos em bela pe\u00e7as exclusivas, como vestidos, saias, cal\u00e7as, blusas e outras tudo com atendimento personalizado e agendado. &#8230; <a title=\"Salha L\u00edlian Salles Ateli\u00ea \u00e9 inaugurada\" class=\"read-more\" href=\"https:\/\/anoticiaonline.com.br\/site\/salha-lilian-salles-atelie-e-inaugurada-no-centro-de-muriae\/\" aria-label=\"Read more about Salha L\u00edlian Salles Ateli\u00ea \u00e9 inaugurada\">Ler mais<\/a><\/p>\n","protected":false},"author":2,"featured_media":54135,"comment_status":"open","ping_status":"open","sticky":false,"template":"","format":"standard","meta":{"_acf_changed":false,"_monsterinsights_skip_tracking":false,"footnotes":""},"categories":[24],"tags":[20,74,2427,2426],"class_list":["post-54038","post","type-post","status-publish","format-standard","has-post-thumbnail","hentry","category-eventos","tag-inauguracao","tag-muriae","tag-rua-coronel-domiciano","tag-salha-lilian-salles-atelie"],"acf":[],"aioseo_notices":[],"aioseo_head":"\n\t\t<!-- All in One SEO 5.0.0.1 - aioseo.com -->\n\t<meta name=\"description\" content=\"Pensando sempre em inova\u00e7\u00e3o, a Salha, loja que fabrica com roupas femininas h\u00e1 26 anos em Muria\u00e9, atendeu ao pedido das clientes e inaugurou, na tarde de quarta-feira (18), a Salha L\u00edlian Salles Ateli\u00ea, que transformar\u00e1 lindos tecidos em bela pe\u00e7as exclusivas, como vestidos, saias, cal\u00e7as, blusas e outras tudo com atendimento personalizado e agendado.\" \/>\n\t<meta name=\"robots\" content=\"max-image-preview:large\" \/>\n\t<meta name=\"author\" content=\"Juliana Laviola\"\/>\n\t<link rel=\"canonical\" href=\"https:\/\/anoticiaonline.com.br\/site\/salha-lilian-salles-atelie-e-inaugurada-no-centro-de-muriae\/\" \/>\n\t<meta name=\"generator\" content=\"All in One SEO (AIOSEO) 5.0.0.1\" \/>\n\t\t<meta property=\"og:locale\" content=\"pt_BR\" \/>\n\t\t<meta property=\"og:site_name\" content=\"A Not\u00edcia Online - Noticias de Muria\u00e9 e regi\u00e3o\" \/>\n\t\t<meta property=\"og:type\" content=\"article\" \/>\n\t\t<meta property=\"og:title\" content=\"Salha L\u00edlian Salles Ateli\u00ea \u00e9 inaugurada - A Not\u00edcia Online\" \/>\n\t\t<meta property=\"og:description\" content=\"Pensando sempre em inova\u00e7\u00e3o, a Salha, loja que fabrica com roupas femininas h\u00e1 26 anos em Muria\u00e9, atendeu ao pedido das clientes e inaugurou, na tarde de quarta-feira (18), a Salha L\u00edlian Salles Ateli\u00ea, que transformar\u00e1 lindos tecidos em bela pe\u00e7as exclusivas, como vestidos, saias, cal\u00e7as, blusas e outras tudo com atendimento personalizado e agendado.\" \/>\n\t\t<meta property=\"og:url\" content=\"https:\/\/anoticiaonline.com.br\/site\/salha-lilian-salles-atelie-e-inaugurada-no-centro-de-muriae\/\" \/>\n\t\t<meta property=\"og:image\" content=\"https:\/\/scontent-gig4-1.xx.fbcdn.net\/v\/t39.30808-1\/270437624_4564083193639691_6907940295614233970_n.jpg?stp=dst-jpg_s200x200_tt6&#038;_nc_cat=111&#038;ccb=1-7&#038;_nc_sid=f907e8&#038;_nc_ohc=SM1wRlP3lJwQ7kNvwEPuBYA&#038;_nc_oc=AdnqrjDN_BNjSSHWO-GbkIWH6fkGMLw4bqvL_NH6e2wMveX7G-rP2dAqsDSq1mJMOaY&#038;_nc_zt=24&#038;_nc_ht=scontent-gig4-1.xx&#038;_nc_gid=AoBFJeGrT1hVaew_6rchkQ&#038;oh=00_AfX7QmFGhQhG2jAllVgXCiM1ZrWgvtp80-Bfppyexh1QEg&#038;oe=689E923C\" \/>\n\t\t<meta property=\"og:image:secure_url\" content=\"https:\/\/scontent-gig4-1.xx.fbcdn.net\/v\/t39.30808-1\/270437624_4564083193639691_6907940295614233970_n.jpg?stp=dst-jpg_s200x200_tt6&#038;_nc_cat=111&#038;ccb=1-7&#038;_nc_sid=f907e8&#038;_nc_ohc=SM1wRlP3lJwQ7kNvwEPuBYA&#038;_nc_oc=AdnqrjDN_BNjSSHWO-GbkIWH6fkGMLw4bqvL_NH6e2wMveX7G-rP2dAqsDSq1mJMOaY&#038;_nc_zt=24&#038;_nc_ht=scontent-gig4-1.xx&#038;_nc_gid=AoBFJeGrT1hVaew_6rchkQ&#038;oh=00_AfX7QmFGhQhG2jAllVgXCiM1ZrWgvtp80-Bfppyexh1QEg&#038;oe=689E923C\" \/>\n\t\t<meta property=\"article:published_time\" content=\"2018-04-20T01:36:44+00:00\" \/>\n\t\t<meta property=\"article:modified_time\" content=\"2018-04-20T01:53:30+00:00\" \/>\n\t\t<meta name=\"twitter:card\" content=\"summary_large_image\" \/>\n\t\t<meta name=\"twitter:title\" content=\"Salha L\u00edlian Salles Ateli\u00ea \u00e9 inaugurada - A Not\u00edcia Online\" \/>\n\t\t<meta name=\"twitter:description\" content=\"Pensando sempre em inova\u00e7\u00e3o, a Salha, loja que fabrica com roupas femininas h\u00e1 26 anos em Muria\u00e9, atendeu ao pedido das clientes e inaugurou, na tarde de quarta-feira (18), a Salha L\u00edlian Salles Ateli\u00ea, que transformar\u00e1 lindos tecidos em bela pe\u00e7as exclusivas, como vestidos, saias, cal\u00e7as, blusas e outras tudo com atendimento personalizado e agendado.\" \/>\n\t\t<meta name=\"twitter:image\" content=\"https:\/\/scontent-gig4-1.xx.fbcdn.net\/v\/t39.30808-1\/270437624_4564083193639691_6907940295614233970_n.jpg?stp=dst-jpg_s200x200_tt6&amp;_nc_cat=111&amp;ccb=1-7&amp;_nc_sid=f907e8&amp;_nc_ohc=SM1wRlP3lJwQ7kNvwEPuBYA&amp;_nc_oc=AdnqrjDN_BNjSSHWO-GbkIWH6fkGMLw4bqvL_NH6e2wMveX7G-rP2dAqsDSq1mJMOaY&amp;_nc_zt=24&amp;_nc_ht=scontent-gig4-1.xx&amp;_nc_gid=AoBFJeGrT1hVaew_6rchkQ&amp;oh=00_AfX7QmFGhQhG2jAllVgXCiM1ZrWgvtp80-Bfppyexh1QEg&amp;oe=689E923C\" \/>\n\t\t<script type=\"application\/ld+json\" class=\"aioseo-schema\">\n\t\t\t{\"@context\":\"https:\\\/\\\/schema.org\",\"@graph\":[{\"@type\":\"BlogPosting\",\"@id\":\"https:\\\/\\\/anoticiaonline.com.br\\\/site\\\/salha-lilian-salles-atelie-e-inaugurada-no-centro-de-muriae\\\/#blogposting\",\"name\":\"Salha L\\u00edlian Salles Ateli\\u00ea \\u00e9 inaugurada - A Not\\u00edcia Online\",\"headline\":\"Salha L\\u00edlian Salles Ateli\\u00ea \\u00e9 inaugurada\",\"author\":{\"@id\":\"https:\\\/\\\/anoticiaonline.com.br\\\/site\\\/author\\\/juliana\\\/#author\"},\"publisher\":{\"@id\":\"https:\\\/\\\/anoticiaonline.com.br\\\/site\\\/#organization\"},\"image\":{\"@type\":\"ImageObject\",\"url\":\"https:\\\/\\\/anoticiaonline.com.br\\\/site\\\/wp-content\\\/uploads\\\/2018\\\/04\\\/A-NOT\\u00cdCIA-24.jpg\",\"width\":640,\"height\":480},\"datePublished\":\"2018-04-19T22:36:44-03:00\",\"dateModified\":\"2018-04-19T22:53:30-03:00\",\"inLanguage\":\"pt-BR\",\"mainEntityOfPage\":{\"@id\":\"https:\\\/\\\/anoticiaonline.com.br\\\/site\\\/salha-lilian-salles-atelie-e-inaugurada-no-centro-de-muriae\\\/#webpage\"},\"isPartOf\":{\"@id\":\"https:\\\/\\\/anoticiaonline.com.br\\\/site\\\/salha-lilian-salles-atelie-e-inaugurada-no-centro-de-muriae\\\/#webpage\"},\"articleSection\":\"Eventos, inauguracao, Muria\\u00e9, Rua Coronel Domiciano, Salha L\\u00edlian Salles Ateli\\u00ea\"},{\"@type\":\"BreadcrumbList\",\"@id\":\"https:\\\/\\\/anoticiaonline.com.br\\\/site\\\/salha-lilian-salles-atelie-e-inaugurada-no-centro-de-muriae\\\/#breadcrumblist\",\"itemListElement\":[{\"@type\":\"ListItem\",\"@id\":\"https:\\\/\\\/anoticiaonline.com.br\\\/site#listItem\",\"position\":1,\"name\":\"Home\",\"item\":\"https:\\\/\\\/anoticiaonline.com.br\\\/site\",\"nextItem\":{\"@type\":\"ListItem\",\"@id\":\"https:\\\/\\\/anoticiaonline.com.br\\\/site\\\/categoria\\\/eventos\\\/#listItem\",\"name\":\"Eventos\"}},{\"@type\":\"ListItem\",\"@id\":\"https:\\\/\\\/anoticiaonline.com.br\\\/site\\\/categoria\\\/eventos\\\/#listItem\",\"position\":2,\"name\":\"Eventos\",\"item\":\"https:\\\/\\\/anoticiaonline.com.br\\\/site\\\/categoria\\\/eventos\\\/\",\"nextItem\":{\"@type\":\"ListItem\",\"@id\":\"https:\\\/\\\/anoticiaonline.com.br\\\/site\\\/salha-lilian-salles-atelie-e-inaugurada-no-centro-de-muriae\\\/#listItem\",\"name\":\"Salha L\\u00edlian Salles Ateli\\u00ea \\u00e9 inaugurada\"},\"previousItem\":{\"@type\":\"ListItem\",\"@id\":\"https:\\\/\\\/anoticiaonline.com.br\\\/site#listItem\",\"name\":\"Home\"}},{\"@type\":\"ListItem\",\"@id\":\"https:\\\/\\\/anoticiaonline.com.br\\\/site\\\/salha-lilian-salles-atelie-e-inaugurada-no-centro-de-muriae\\\/#listItem\",\"position\":3,\"name\":\"Salha L\\u00edlian Salles Ateli\\u00ea \\u00e9 inaugurada\",\"previousItem\":{\"@type\":\"ListItem\",\"@id\":\"https:\\\/\\\/anoticiaonline.com.br\\\/site\\\/categoria\\\/eventos\\\/#listItem\",\"name\":\"Eventos\"}}]},{\"@type\":\"Organization\",\"@id\":\"https:\\\/\\\/anoticiaonline.com.br\\\/site\\\/#organization\",\"name\":\"A Not\\u00edcia Online\",\"description\":\"Noticias de Muria\\u00e9 e regi\\u00e3o\",\"url\":\"https:\\\/\\\/anoticiaonline.com.br\\\/site\\\/\",\"logo\":{\"@type\":\"ImageObject\",\"url\":\"https:\\\/\\\/scontent-gig4-1.xx.fbcdn.net\\\/v\\\/t39.30808-1\\\/270437624_4564083193639691_6907940295614233970_n.jpg?stp=dst-jpg_s200x200_tt6&_nc_cat=111&ccb=1-7&_nc_sid=f907e8&_nc_ohc=SM1wRlP3lJwQ7kNvwEPuBYA&_nc_oc=AdnqrjDN_BNjSSHWO-GbkIWH6fkGMLw4bqvL_NH6e2wMveX7G-rP2dAqsDSq1mJMOaY&_nc_zt=24&_nc_ht=scontent-gig4-1.xx&_nc_gid=AoBFJeGrT1hVaew_6rchkQ&oh=00_AfX7QmFGhQhG2jAllVgXCiM1ZrWgvtp80-Bfppyexh1QEg&oe=689E923C\",\"@id\":\"https:\\\/\\\/anoticiaonline.com.br\\\/site\\\/salha-lilian-salles-atelie-e-inaugurada-no-centro-de-muriae\\\/#organizationLogo\"},\"image\":{\"@id\":\"https:\\\/\\\/anoticiaonline.com.br\\\/site\\\/salha-lilian-salles-atelie-e-inaugurada-no-centro-de-muriae\\\/#organizationLogo\"}},{\"@type\":\"Person\",\"@id\":\"https:\\\/\\\/anoticiaonline.com.br\\\/site\\\/author\\\/juliana\\\/#author\",\"url\":\"https:\\\/\\\/anoticiaonline.com.br\\\/site\\\/author\\\/juliana\\\/\",\"name\":\"Juliana Laviola\",\"image\":{\"@type\":\"ImageObject\",\"@id\":\"https:\\\/\\\/anoticiaonline.com.br\\\/site\\\/salha-lilian-salles-atelie-e-inaugurada-no-centro-de-muriae\\\/#authorImage\",\"url\":\"https:\\\/\\\/secure.gravatar.com\\\/avatar\\\/b8d45f5c699b100dfaf0e543582f38f38bf94cb7ae3a5e9abf8d891a34773335?s=96&d=mm&r=g\",\"width\":96,\"height\":96,\"caption\":\"Juliana Laviola\"}},{\"@type\":\"WebPage\",\"@id\":\"https:\\\/\\\/anoticiaonline.com.br\\\/site\\\/salha-lilian-salles-atelie-e-inaugurada-no-centro-de-muriae\\\/#webpage\",\"url\":\"https:\\\/\\\/anoticiaonline.com.br\\\/site\\\/salha-lilian-salles-atelie-e-inaugurada-no-centro-de-muriae\\\/\",\"name\":\"Salha L\\u00edlian Salles Ateli\\u00ea \\u00e9 inaugurada - A Not\\u00edcia Online\",\"description\":\"Pensando sempre em inova\\u00e7\\u00e3o, a Salha, loja que fabrica com roupas femininas h\\u00e1 26 anos em Muria\\u00e9, atendeu ao pedido das clientes e inaugurou, na tarde de quarta-feira (18), a Salha L\\u00edlian Salles Ateli\\u00ea, que transformar\\u00e1 lindos tecidos em bela pe\\u00e7as exclusivas, como vestidos, saias, cal\\u00e7as, blusas e outras tudo com atendimento personalizado e agendado.\",\"inLanguage\":\"pt-BR\",\"isPartOf\":{\"@id\":\"https:\\\/\\\/anoticiaonline.com.br\\\/site\\\/#website\"},\"breadcrumb\":{\"@id\":\"https:\\\/\\\/anoticiaonline.com.br\\\/site\\\/salha-lilian-salles-atelie-e-inaugurada-no-centro-de-muriae\\\/#breadcrumblist\"},\"author\":{\"@id\":\"https:\\\/\\\/anoticiaonline.com.br\\\/site\\\/author\\\/juliana\\\/#author\"},\"creator\":{\"@id\":\"https:\\\/\\\/anoticiaonline.com.br\\\/site\\\/author\\\/juliana\\\/#author\"},\"image\":{\"@type\":\"ImageObject\",\"url\":\"https:\\\/\\\/anoticiaonline.com.br\\\/site\\\/wp-content\\\/uploads\\\/2018\\\/04\\\/A-NOT\\u00cdCIA-24.jpg\",\"@id\":\"https:\\\/\\\/anoticiaonline.com.br\\\/site\\\/salha-lilian-salles-atelie-e-inaugurada-no-centro-de-muriae\\\/#mainImage\",\"width\":640,\"height\":480},\"primaryImageOfPage\":{\"@id\":\"https:\\\/\\\/anoticiaonline.com.br\\\/site\\\/salha-lilian-salles-atelie-e-inaugurada-no-centro-de-muriae\\\/#mainImage\"},\"datePublished\":\"2018-04-19T22:36:44-03:00\",\"dateModified\":\"2018-04-19T22:53:30-03:00\"},{\"@type\":\"WebSite\",\"@id\":\"https:\\\/\\\/anoticiaonline.com.br\\\/site\\\/#website\",\"url\":\"https:\\\/\\\/anoticiaonline.com.br\\\/site\\\/\",\"name\":\"A Not\\u00edcia Online\",\"description\":\"Noticias de Muria\\u00e9 e regi\\u00e3o\",\"inLanguage\":\"pt-BR\",\"publisher\":{\"@id\":\"https:\\\/\\\/anoticiaonline.com.br\\\/site\\\/#organization\"}}]}\n\t\t<\/script>\n\t\t<!-- All in One SEO -->\n\n","aioseo_head_json":{"title":"Salha L\u00edlian Salles Ateli\u00ea \u00e9 inaugurada - A Not\u00edcia Online","description":"Pensando sempre em inova\u00e7\u00e3o, a Salha, loja que fabrica com roupas femininas h\u00e1 26 anos em Muria\u00e9, atendeu ao pedido das clientes e inaugurou, na tarde de quarta-feira (18), a Salha L\u00edlian Salles Ateli\u00ea, que transformar\u00e1 lindos tecidos em bela pe\u00e7as exclusivas, como vestidos, saias, cal\u00e7as, blusas e outras tudo com atendimento personalizado e agendado.","canonical_url":"https:\/\/anoticiaonline.com.br\/site\/salha-lilian-salles-atelie-e-inaugurada-no-centro-de-muriae\/","robots":"max-image-preview:large","keywords":"","webmasterTools":{"miscellaneous":""},"schema":{"@context":"https:\/\/schema.org","@graph":[{"@type":"BlogPosting","@id":"https:\/\/anoticiaonline.com.br\/site\/salha-lilian-salles-atelie-e-inaugurada-no-centro-de-muriae\/#blogposting","name":"Salha L\u00edlian Salles Ateli\u00ea \u00e9 inaugurada - A Not\u00edcia Online","headline":"Salha L\u00edlian Salles Ateli\u00ea \u00e9 inaugurada","author":{"@id":"https:\/\/anoticiaonline.com.br\/site\/author\/juliana\/#author"},"publisher":{"@id":"https:\/\/anoticiaonline.com.br\/site\/#organization"},"image":{"@type":"ImageObject","url":"https:\/\/anoticiaonline.com.br\/site\/wp-content\/uploads\/2018\/04\/A-NOT\u00cdCIA-24.jpg","width":640,"height":480},"datePublished":"2018-04-19T22:36:44-03:00","dateModified":"2018-04-19T22:53:30-03:00","inLanguage":"pt-BR","mainEntityOfPage":{"@id":"https:\/\/anoticiaonline.com.br\/site\/salha-lilian-salles-atelie-e-inaugurada-no-centro-de-muriae\/#webpage"},"isPartOf":{"@id":"https:\/\/anoticiaonline.com.br\/site\/salha-lilian-salles-atelie-e-inaugurada-no-centro-de-muriae\/#webpage"},"articleSection":"Eventos, inauguracao, Muria\u00e9, Rua Coronel Domiciano, Salha L\u00edlian Salles Ateli\u00ea"},{"@type":"BreadcrumbList","@id":"https:\/\/anoticiaonline.com.br\/site\/salha-lilian-salles-atelie-e-inaugurada-no-centro-de-muriae\/#breadcrumblist","itemListElement":[{"@type":"ListItem","@id":"https:\/\/anoticiaonline.com.br\/site#listItem","position":1,"name":"Home","item":"https:\/\/anoticiaonline.com.br\/site","nextItem":{"@type":"ListItem","@id":"https:\/\/anoticiaonline.com.br\/site\/categoria\/eventos\/#listItem","name":"Eventos"}},{"@type":"ListItem","@id":"https:\/\/anoticiaonline.com.br\/site\/categoria\/eventos\/#listItem","position":2,"name":"Eventos","item":"https:\/\/anoticiaonline.com.br\/site\/categoria\/eventos\/","nextItem":{"@type":"ListItem","@id":"https:\/\/anoticiaonline.com.br\/site\/salha-lilian-salles-atelie-e-inaugurada-no-centro-de-muriae\/#listItem","name":"Salha L\u00edlian Salles Ateli\u00ea \u00e9 inaugurada"},"previousItem":{"@type":"ListItem","@id":"https:\/\/anoticiaonline.com.br\/site#listItem","name":"Home"}},{"@type":"ListItem","@id":"https:\/\/anoticiaonline.com.br\/site\/salha-lilian-salles-atelie-e-inaugurada-no-centro-de-muriae\/#listItem","position":3,"name":"Salha L\u00edlian Salles Ateli\u00ea \u00e9 inaugurada","previousItem":{"@type":"ListItem","@id":"https:\/\/anoticiaonline.com.br\/site\/categoria\/eventos\/#listItem","name":"Eventos"}}]},{"@type":"Organization","@id":"https:\/\/anoticiaonline.com.br\/site\/#organization","name":"A Not\u00edcia Online","description":"Noticias de Muria\u00e9 e regi\u00e3o","url":"https:\/\/anoticiaonline.com.br\/site\/","logo":{"@type":"ImageObject","url":"https:\/\/scontent-gig4-1.xx.fbcdn.net\/v\/t39.30808-1\/270437624_4564083193639691_6907940295614233970_n.jpg?stp=dst-jpg_s200x200_tt6&_nc_cat=111&ccb=1-7&_nc_sid=f907e8&_nc_ohc=SM1wRlP3lJwQ7kNvwEPuBYA&_nc_oc=AdnqrjDN_BNjSSHWO-GbkIWH6fkGMLw4bqvL_NH6e2wMveX7G-rP2dAqsDSq1mJMOaY&_nc_zt=24&_nc_ht=scontent-gig4-1.xx&_nc_gid=AoBFJeGrT1hVaew_6rchkQ&oh=00_AfX7QmFGhQhG2jAllVgXCiM1ZrWgvtp80-Bfppyexh1QEg&oe=689E923C","@id":"https:\/\/anoticiaonline.com.br\/site\/salha-lilian-salles-atelie-e-inaugurada-no-centro-de-muriae\/#organizationLogo"},"image":{"@id":"https:\/\/anoticiaonline.com.br\/site\/salha-lilian-salles-atelie-e-inaugurada-no-centro-de-muriae\/#organizationLogo"}},{"@type":"Person","@id":"https:\/\/anoticiaonline.com.br\/site\/author\/juliana\/#author","url":"https:\/\/anoticiaonline.com.br\/site\/author\/juliana\/","name":"Juliana Laviola","image":{"@type":"ImageObject","@id":"https:\/\/anoticiaonline.com.br\/site\/salha-lilian-salles-atelie-e-inaugurada-no-centro-de-muriae\/#authorImage","url":"https:\/\/secure.gravatar.com\/avatar\/b8d45f5c699b100dfaf0e543582f38f38bf94cb7ae3a5e9abf8d891a34773335?s=96&d=mm&r=g","width":96,"height":96,"caption":"Juliana Laviola"}},{"@type":"WebPage","@id":"https:\/\/anoticiaonline.com.br\/site\/salha-lilian-salles-atelie-e-inaugurada-no-centro-de-muriae\/#webpage","url":"https:\/\/anoticiaonline.com.br\/site\/salha-lilian-salles-atelie-e-inaugurada-no-centro-de-muriae\/","name":"Salha L\u00edlian Salles Ateli\u00ea \u00e9 inaugurada - A Not\u00edcia Online","description":"Pensando sempre em inova\u00e7\u00e3o, a Salha, loja que fabrica com roupas femininas h\u00e1 26 anos em Muria\u00e9, atendeu ao pedido das clientes e inaugurou, na tarde de quarta-feira (18), a Salha L\u00edlian Salles Ateli\u00ea, que transformar\u00e1 lindos tecidos em bela pe\u00e7as exclusivas, como vestidos, saias, cal\u00e7as, blusas e outras tudo com atendimento personalizado e agendado.","inLanguage":"pt-BR","isPartOf":{"@id":"https:\/\/anoticiaonline.com.br\/site\/#website"},"breadcrumb":{"@id":"https:\/\/anoticiaonline.com.br\/site\/salha-lilian-salles-atelie-e-inaugurada-no-centro-de-muriae\/#breadcrumblist"},"author":{"@id":"https:\/\/anoticiaonline.com.br\/site\/author\/juliana\/#author"},"creator":{"@id":"https:\/\/anoticiaonline.com.br\/site\/author\/juliana\/#author"},"image":{"@type":"ImageObject","url":"https:\/\/anoticiaonline.com.br\/site\/wp-content\/uploads\/2018\/04\/A-NOT\u00cdCIA-24.jpg","@id":"https:\/\/anoticiaonline.com.br\/site\/salha-lilian-salles-atelie-e-inaugurada-no-centro-de-muriae\/#mainImage","width":640,"height":480},"primaryImageOfPage":{"@id":"https:\/\/anoticiaonline.com.br\/site\/salha-lilian-salles-atelie-e-inaugurada-no-centro-de-muriae\/#mainImage"},"datePublished":"2018-04-19T22:36:44-03:00","dateModified":"2018-04-19T22:53:30-03:00"},{"@type":"WebSite","@id":"https:\/\/anoticiaonline.com.br\/site\/#website","url":"https:\/\/anoticiaonline.com.br\/site\/","name":"A Not\u00edcia Online","description":"Noticias de Muria\u00e9 e regi\u00e3o","inLanguage":"pt-BR","publisher":{"@id":"https:\/\/anoticiaonline.com.br\/site\/#organization"}}]},"og:locale":"pt_BR","og:site_name":"A Not\u00edcia Online - Noticias de Muria\u00e9 e regi\u00e3o","og:type":"article","og:title":"Salha L\u00edlian Salles Ateli\u00ea \u00e9 inaugurada - A Not\u00edcia Online","og:description":"Pensando sempre em inova\u00e7\u00e3o, a Salha, loja que fabrica com roupas femininas h\u00e1 26 anos em Muria\u00e9, atendeu ao pedido das clientes e inaugurou, na tarde de quarta-feira (18), a Salha L\u00edlian Salles Ateli\u00ea, que transformar\u00e1 lindos tecidos em bela pe\u00e7as exclusivas, como vestidos, saias, cal\u00e7as, blusas e outras tudo com atendimento personalizado e agendado.","og:url":"https:\/\/anoticiaonline.com.br\/site\/salha-lilian-salles-atelie-e-inaugurada-no-centro-de-muriae\/","og:image":"https:\/\/scontent-gig4-1.xx.fbcdn.net\/v\/t39.30808-1\/270437624_4564083193639691_6907940295614233970_n.jpg?stp=dst-jpg_s200x200_tt6&#038;_nc_cat=111&#038;ccb=1-7&#038;_nc_sid=f907e8&#038;_nc_ohc=SM1wRlP3lJwQ7kNvwEPuBYA&#038;_nc_oc=AdnqrjDN_BNjSSHWO-GbkIWH6fkGMLw4bqvL_NH6e2wMveX7G-rP2dAqsDSq1mJMOaY&#038;_nc_zt=24&#038;_nc_ht=scontent-gig4-1.xx&#038;_nc_gid=AoBFJeGrT1hVaew_6rchkQ&#038;oh=00_AfX7QmFGhQhG2jAllVgXCiM1ZrWgvtp80-Bfppyexh1QEg&#038;oe=689E923C","og:image:secure_url":"https:\/\/scontent-gig4-1.xx.fbcdn.net\/v\/t39.30808-1\/270437624_4564083193639691_6907940295614233970_n.jpg?stp=dst-jpg_s200x200_tt6&#038;_nc_cat=111&#038;ccb=1-7&#038;_nc_sid=f907e8&#038;_nc_ohc=SM1wRlP3lJwQ7kNvwEPuBYA&#038;_nc_oc=AdnqrjDN_BNjSSHWO-GbkIWH6fkGMLw4bqvL_NH6e2wMveX7G-rP2dAqsDSq1mJMOaY&#038;_nc_zt=24&#038;_nc_ht=scontent-gig4-1.xx&#038;_nc_gid=AoBFJeGrT1hVaew_6rchkQ&#038;oh=00_AfX7QmFGhQhG2jAllVgXCiM1ZrWgvtp80-Bfppyexh1QEg&#038;oe=689E923C","article:published_time":"2018-04-20T01:36:44+00:00","article:modified_time":"2018-04-20T01:53:30+00:00","twitter:card":"summary_large_image","twitter:title":"Salha L\u00edlian Salles Ateli\u00ea \u00e9 inaugurada - A Not\u00edcia Online","twitter:description":"Pensando sempre em inova\u00e7\u00e3o, a Salha, loja que fabrica com roupas femininas h\u00e1 26 anos em Muria\u00e9, atendeu ao pedido das clientes e inaugurou, na tarde de quarta-feira (18), a Salha L\u00edlian Salles Ateli\u00ea, que transformar\u00e1 lindos tecidos em bela pe\u00e7as exclusivas, como vestidos, saias, cal\u00e7as, blusas e outras tudo com atendimento personalizado e agendado.","twitter:image":"https:\/\/scontent-gig4-1.xx.fbcdn.net\/v\/t39.30808-1\/270437624_4564083193639691_6907940295614233970_n.jpg?stp=dst-jpg_s200x200_tt6&_nc_cat=111&ccb=1-7&_nc_sid=f907e8&_nc_ohc=SM1wRlP3lJwQ7kNvwEPuBYA&_nc_oc=AdnqrjDN_BNjSSHWO-GbkIWH6fkGMLw4bqvL_NH6e2wMveX7G-rP2dAqsDSq1mJMOaY&_nc_zt=24&_nc_ht=scontent-gig4-1.xx&_nc_gid=AoBFJeGrT1hVaew_6rchkQ&oh=00_AfX7QmFGhQhG2jAllVgXCiM1ZrWgvtp80-Bfppyexh1QEg&oe=689E923C"},"aioseo_meta_data":{"post_id":"54038","title":null,"description":null,"keywords":null,"keyphrases":null,"primary_term":null,"canonical_url":null,"og_title":null,"og_description":null,"og_object_type":"default","og_image_type":"default","og_image_url":null,"og_image_width":null,"og_image_height":null,"og_image_custom_url":null,"og_image_custom_fields":null,"og_video":null,"og_custom_url":null,"og_article_section":null,"og_article_tags":null,"twitter_use_og":false,"twitter_card":"default","twitter_image_type":"default","twitter_image_url":null,"twitter_image_custom_url":null,"twitter_image_custom_fields":null,"twitter_title":null,"twitter_description":null,"schema":{"blockGraphs":[],"customGraphs":[],"default":{"data":{"Article":[],"Course":[],"Dataset":[],"FAQPage":[],"Movie":[],"Person":[],"Product":[],"ProductReview":[],"Car":[],"Recipe":[],"Service":[],"SoftwareApplication":[],"WebPage":[]},"graphName":"","isEnabled":true},"graphs":[]},"schema_type":"default","schema_type_options":null,"pillar_content":false,"robots_default":true,"robots_noindex":false,"robots_noarchive":false,"robots_nosnippet":false,"robots_nofollow":false,"robots_noimageindex":false,"robots_noodp":false,"robots_notranslate":false,"robots_max_snippet":null,"robots_max_videopreview":null,"robots_max_imagepreview":"large","priority":null,"frequency":null,"local_seo":null,"breadcrumb_settings":null,"limit_modified_date":false,"ai":null,"created":"2025-08-16 20:42:36","updated":"2025-08-16 20:42:36","focus_keyword":null,"additional_keywords":null,"truseo_locale":null,"seo_analyzer_scan_date":null},"aioseo_breadcrumb":"<div class=\"aioseo-breadcrumbs\"><span class=\"aioseo-breadcrumb\">\n\t\t\t<a href=\"https:\/\/anoticiaonline.com.br\/site\" title=\"Home\">Home<\/a>\n\t\t<\/span><span class=\"aioseo-breadcrumb-separator\">&raquo;<\/span><span class=\"aioseo-breadcrumb\">\n\t\t\t<a href=\"https:\/\/anoticiaonline.com.br\/site\/categoria\/eventos\/\" title=\"Eventos\">Eventos<\/a>\n\t\t<\/span><span class=\"aioseo-breadcrumb-separator\">&raquo;<\/span><span class=\"aioseo-breadcrumb\">\n\t\t\tSalha L\u00edlian Salles Ateli\u00ea \u00e9 inaugurada\n\t\t<\/span><\/div>","aioseo_breadcrumb_json":[{"label":"Home","link":"https:\/\/anoticiaonline.com.br\/site"},{"label":"Eventos","link":"https:\/\/anoticiaonline.com.br\/site\/categoria\/eventos\/"},{"label":"Salha L\u00edlian Salles Ateli\u00ea \u00e9 inaugurada","link":"https:\/\/anoticiaonline.com.br\/site\/salha-lilian-salles-atelie-e-inaugurada-no-centro-de-muriae\/"}],"views":165,"_links":{"self":[{"href":"https:\/\/anoticiaonline.com.br\/site\/wp-json\/wp\/v2\/posts\/54038","targetHints":{"allow":["GET"]}}],"collection":[{"href":"https:\/\/anoticiaonline.com.br\/site\/wp-json\/wp\/v2\/posts"}],"about":[{"href":"https:\/\/anoticiaonline.com.br\/site\/wp-json\/wp\/v2\/types\/post"}],"author":[{"embeddable":true,"href":"https:\/\/anoticiaonline.com.br\/site\/wp-json\/wp\/v2\/users\/2"}],"replies":[{"embeddable":true,"href":"https:\/\/anoticiaonline.com.br\/site\/wp-json\/wp\/v2\/comments?post=54038"}],"version-history":[{"count":0,"href":"https:\/\/anoticiaonline.com.br\/site\/wp-json\/wp\/v2\/posts\/54038\/revisions"}],"wp:featuredmedia":[{"embeddable":true,"href":"https:\/\/anoticiaonline.com.br\/site\/wp-json\/wp\/v2\/media\/54135"}],"wp:attachment":[{"href":"https:\/\/anoticiaonline.com.br\/site\/wp-json\/wp\/v2\/media?parent=54038"}],"wp:term":[{"taxonomy":"category","embeddable":true,"href":"https:\/\/anoticiaonline.com.br\/site\/wp-json\/wp\/v2\/categories?post=54038"},{"taxonomy":"post_tag","embeddable":true,"href":"https:\/\/anoticiaonline.com.br\/site\/wp-json\/wp\/v2\/tags?post=54038"}],"curies":[{"name":"wp","href":"https:\/\/api.w.org\/{rel}","templated":true}]}}