{"id":53805,"date":"2018-04-19T21:41:16","date_gmt":"2018-04-20T00:41:16","guid":{"rendered":"http:\/\/anoticiaonline.com.br\/site\/?p=53805"},"modified":"2018-04-19T21:47:20","modified_gmt":"2018-04-20T00:47:20","slug":"cafeicultores-participam-de-encontro-no-distrito-de-belisario","status":"publish","type":"post","link":"https:\/\/anoticiaonline.com.br\/site\/cafeicultores-participam-de-encontro-no-distrito-de-belisario\/","title":{"rendered":"Cafeicultores participam de encontro no distrito de Belis\u00e1rio"},"content":{"rendered":"<p>A Comunidade Pedra Alta, localizada no distrito de Belis\u00e1rio, recebeu o Encontro de Cafeicultores, evento promovido pela Empresa de Assist\u00eancia T\u00e9cnica e Extens\u00e3o Rural de Minas Gerais (EMATER- MG), na quarta-feira (18), que incluiu, em sua programa\u00e7\u00e3o, palestras sobre aduba\u00e7\u00e3o, poda de cafeeiro, colheita e p\u00f3s-colheita de caf\u00e9.<\/p>\n<p><a href=\"https:\/\/anoticiaonline.com.br\/site\/wp-content\/uploads\/2018\/04\/Cafeicultores-participam-de-encontro-no-distrito-de-Belis\u00e1rio.jpg\"><img fetchpriority=\"high\" decoding=\"async\" class=\"alignnone size-full wp-image-53817\" src=\"https:\/\/anoticiaonline.com.br\/site\/wp-content\/uploads\/2018\/04\/Cafeicultores-participam-de-encontro-no-distrito-de-Belis\u00e1rio.jpg\" alt=\"\" width=\"640\" height=\"427\" srcset=\"https:\/\/anoticiaonline.com.br\/site\/wp-content\/uploads\/2018\/04\/Cafeicultores-participam-de-encontro-no-distrito-de-Belis\u00e1rio.jpg 640w, https:\/\/anoticiaonline.com.br\/site\/wp-content\/uploads\/2018\/04\/Cafeicultores-participam-de-encontro-no-distrito-de-Belis\u00e1rio-300x200.jpg 300w\" sizes=\"(max-width: 640px) 100vw, 640px\" \/><\/a><\/p>\n<p>O encontro, que contou com a parceria da prefeitura de Muria\u00e9 e diversas empresas, teve como objetivo principal apresentar novas t\u00e9cnicas e proporcionar a troca de experi\u00eancias aos produtores rurais atrav\u00e9s de palestras sobre aduba\u00e7\u00e3o racional de cafeeiro, feita pelo engenheiro agr\u00f4nomo Rodrigo Guimar\u00e3es Favoreto; podas do cafeeiro, ministrada pelo engenheiro agr\u00f4nomo e coordenador t\u00e9cnico da Emater-MG, Ricardo Tadeu Galv\u00e3o Pereira; finalizando com tema colheita e p\u00f3s-colheita de caf\u00e9, feita pelo engenheiro agr\u00f4nomo da Emater-MG, Rob\u00e9rio de Oliveira Torres.<\/p>\n<p>&#8220;O encontro foi uma ferramenta importante utilizada pela extens\u00e3o rural para que os produtores rurais entrem em contato com novas tecnologias, ajude-os a entender melhor as suas pr\u00e1ticas comuns do dia a dia e os auxiliem na gest\u00e3o de suas propriedades, no aumento de produtividade e melhoria de renda de sua fam\u00edlia. Este dia aqui em Pedra Alta, com mais de uma centena de cafeicultores presentes teve aspectos altamente positivos para Muria\u00e9 e regi\u00e3o\u201d, conta Rob\u00e9rio de Oliveira Torres, engenheiro agr\u00f4nomo e extensionista agropecu\u00e1rio II do Escrit\u00f3rio da EMATER-MG de Muria\u00e9.<\/p>\n<p>De acordo com o representante da empresa Fertilizantes Heringer, Fabr\u00edcio Teixeira, engenheiro agr\u00f4nomo, de Vi\u00e7osa, aproveitou o evento para divulgar a marca. \u201cNossa empresa tem como foco o atendimento de produtores de caf\u00e9 da Zona da Mata Mineira. Al\u00e9m disso, possu\u00edmos uma parceria com a EMATER-MG h\u00e1 muitos anos na busca por novas tecnologias voltadas para o produtor rural, principalmente aquelas que auxiliam no aumento da produtividade e da sustentabilidade\u201d, conta.<\/p>\n<p>O cafeicultor, Jo\u00e3o Polido, disse que eventos como esse proporcionam aprendizado de novas pr\u00e1ticas para melhorar a produ\u00e7\u00e3o. \u201cEsses encontros nos ajudam muito, pois aprendemos novas t\u00e9cnicas, como o melhor tipo de adubo a ser usado e como selecionar o caf\u00e9 durante a colheita. Isso melhora a produ\u00e7\u00e3o, a qualidade do gr\u00e3o a ser vendido e tamb\u00e9m o pre\u00e7o do produto\u201d, conta.<\/p>\n","protected":false},"excerpt":{"rendered":"<p>A Comunidade Pedra Alta, localizada no distrito de Belis\u00e1rio, recebeu o Encontro de Cafeicultores, evento promovido pela Empresa de Assist\u00eancia T\u00e9cnica e Extens\u00e3o Rural de Minas Gerais (EMATER- MG), na quarta-feira (18), que incluiu, em sua programa\u00e7\u00e3o, palestras sobre aduba\u00e7\u00e3o, poda de cafeeiro, colheita e p\u00f3s-colheita de caf\u00e9. O encontro, que contou com a parceria &#8230; <a title=\"Cafeicultores participam de encontro no distrito de Belis\u00e1rio\" class=\"read-more\" href=\"https:\/\/anoticiaonline.com.br\/site\/cafeicultores-participam-de-encontro-no-distrito-de-belisario\/\" aria-label=\"Read more about Cafeicultores participam de encontro no distrito de Belis\u00e1rio\">Ler mais<\/a><\/p>\n","protected":false},"author":2,"featured_media":53817,"comment_status":"open","ping_status":"open","sticky":false,"template":"","format":"standard","meta":{"_acf_changed":false,"_monsterinsights_skip_tracking":false,"footnotes":""},"categories":[30],"tags":[57,2418,1428,749],"class_list":["post-53805","post","type-post","status-publish","format-standard","has-post-thumbnail","hentry","category-muriae","tag-agricultura","tag-cafeicultores","tag-emater","tag-encontro"],"acf":[],"aioseo_notices":[],"aioseo_head":"\n\t\t<!-- All in One SEO 5.0.0.1 - aioseo.com -->\n\t<meta name=\"description\" content=\"A Comunidade Pedra Alta, localizada no distrito de Belis\u00e1rio, recebeu o Encontro de Cafeicultores, evento promovido pela Empresa de Assist\u00eancia T\u00e9cnica e Extens\u00e3o Rural de Minas Gerais (EMATER- MG), na quarta-feira (18), que incluiu, em sua programa\u00e7\u00e3o, palestras sobre aduba\u00e7\u00e3o, poda de cafeeiro, colheita e p\u00f3s-colheita de caf\u00e9. O encontro, que contou com a parceria\" \/>\n\t<meta name=\"robots\" content=\"max-image-preview:large\" \/>\n\t<meta name=\"author\" content=\"Juliana Laviola\"\/>\n\t<link rel=\"canonical\" href=\"https:\/\/anoticiaonline.com.br\/site\/cafeicultores-participam-de-encontro-no-distrito-de-belisario\/\" \/>\n\t<meta name=\"generator\" content=\"All in One SEO (AIOSEO) 5.0.0.1\" \/>\n\t\t<meta property=\"og:locale\" content=\"pt_BR\" \/>\n\t\t<meta property=\"og:site_name\" content=\"A Not\u00edcia Online - Noticias de Muria\u00e9 e regi\u00e3o\" \/>\n\t\t<meta property=\"og:type\" content=\"article\" \/>\n\t\t<meta property=\"og:title\" content=\"Cafeicultores participam de encontro no distrito de Belis\u00e1rio - A Not\u00edcia Online\" \/>\n\t\t<meta property=\"og:description\" content=\"A Comunidade Pedra Alta, localizada no distrito de Belis\u00e1rio, recebeu o Encontro de Cafeicultores, evento promovido pela Empresa de Assist\u00eancia T\u00e9cnica e Extens\u00e3o Rural de Minas Gerais (EMATER- MG), na quarta-feira (18), que incluiu, em sua programa\u00e7\u00e3o, palestras sobre aduba\u00e7\u00e3o, poda de cafeeiro, colheita e p\u00f3s-colheita de caf\u00e9. O encontro, que contou com a parceria\" \/>\n\t\t<meta property=\"og:url\" content=\"https:\/\/anoticiaonline.com.br\/site\/cafeicultores-participam-de-encontro-no-distrito-de-belisario\/\" \/>\n\t\t<meta property=\"og:image\" content=\"https:\/\/scontent-gig4-1.xx.fbcdn.net\/v\/t39.30808-1\/270437624_4564083193639691_6907940295614233970_n.jpg?stp=dst-jpg_s200x200_tt6&#038;_nc_cat=111&#038;ccb=1-7&#038;_nc_sid=f907e8&#038;_nc_ohc=SM1wRlP3lJwQ7kNvwEPuBYA&#038;_nc_oc=AdnqrjDN_BNjSSHWO-GbkIWH6fkGMLw4bqvL_NH6e2wMveX7G-rP2dAqsDSq1mJMOaY&#038;_nc_zt=24&#038;_nc_ht=scontent-gig4-1.xx&#038;_nc_gid=AoBFJeGrT1hVaew_6rchkQ&#038;oh=00_AfX7QmFGhQhG2jAllVgXCiM1ZrWgvtp80-Bfppyexh1QEg&#038;oe=689E923C\" \/>\n\t\t<meta property=\"og:image:secure_url\" content=\"https:\/\/scontent-gig4-1.xx.fbcdn.net\/v\/t39.30808-1\/270437624_4564083193639691_6907940295614233970_n.jpg?stp=dst-jpg_s200x200_tt6&#038;_nc_cat=111&#038;ccb=1-7&#038;_nc_sid=f907e8&#038;_nc_ohc=SM1wRlP3lJwQ7kNvwEPuBYA&#038;_nc_oc=AdnqrjDN_BNjSSHWO-GbkIWH6fkGMLw4bqvL_NH6e2wMveX7G-rP2dAqsDSq1mJMOaY&#038;_nc_zt=24&#038;_nc_ht=scontent-gig4-1.xx&#038;_nc_gid=AoBFJeGrT1hVaew_6rchkQ&#038;oh=00_AfX7QmFGhQhG2jAllVgXCiM1ZrWgvtp80-Bfppyexh1QEg&#038;oe=689E923C\" \/>\n\t\t<meta property=\"article:published_time\" content=\"2018-04-20T00:41:16+00:00\" \/>\n\t\t<meta property=\"article:modified_time\" content=\"2018-04-20T00:47:20+00:00\" \/>\n\t\t<meta name=\"twitter:card\" content=\"summary_large_image\" \/>\n\t\t<meta name=\"twitter:title\" content=\"Cafeicultores participam de encontro no distrito de Belis\u00e1rio - A Not\u00edcia Online\" \/>\n\t\t<meta name=\"twitter:description\" content=\"A Comunidade Pedra Alta, localizada no distrito de Belis\u00e1rio, recebeu o Encontro de Cafeicultores, evento promovido pela Empresa de Assist\u00eancia T\u00e9cnica e Extens\u00e3o Rural de Minas Gerais (EMATER- MG), na quarta-feira (18), que incluiu, em sua programa\u00e7\u00e3o, palestras sobre aduba\u00e7\u00e3o, poda de cafeeiro, colheita e p\u00f3s-colheita de caf\u00e9. O encontro, que contou com a parceria\" \/>\n\t\t<meta name=\"twitter:image\" content=\"https:\/\/scontent-gig4-1.xx.fbcdn.net\/v\/t39.30808-1\/270437624_4564083193639691_6907940295614233970_n.jpg?stp=dst-jpg_s200x200_tt6&amp;_nc_cat=111&amp;ccb=1-7&amp;_nc_sid=f907e8&amp;_nc_ohc=SM1wRlP3lJwQ7kNvwEPuBYA&amp;_nc_oc=AdnqrjDN_BNjSSHWO-GbkIWH6fkGMLw4bqvL_NH6e2wMveX7G-rP2dAqsDSq1mJMOaY&amp;_nc_zt=24&amp;_nc_ht=scontent-gig4-1.xx&amp;_nc_gid=AoBFJeGrT1hVaew_6rchkQ&amp;oh=00_AfX7QmFGhQhG2jAllVgXCiM1ZrWgvtp80-Bfppyexh1QEg&amp;oe=689E923C\" \/>\n\t\t<script type=\"application\/ld+json\" class=\"aioseo-schema\">\n\t\t\t{\"@context\":\"https:\\\/\\\/schema.org\",\"@graph\":[{\"@type\":\"BlogPosting\",\"@id\":\"https:\\\/\\\/anoticiaonline.com.br\\\/site\\\/cafeicultores-participam-de-encontro-no-distrito-de-belisario\\\/#blogposting\",\"name\":\"Cafeicultores participam de encontro no distrito de Belis\\u00e1rio - A Not\\u00edcia Online\",\"headline\":\"Cafeicultores participam de encontro no distrito de Belis\\u00e1rio\",\"author\":{\"@id\":\"https:\\\/\\\/anoticiaonline.com.br\\\/site\\\/author\\\/juliana\\\/#author\"},\"publisher\":{\"@id\":\"https:\\\/\\\/anoticiaonline.com.br\\\/site\\\/#organization\"},\"image\":{\"@type\":\"ImageObject\",\"url\":\"https:\\\/\\\/anoticiaonline.com.br\\\/site\\\/wp-content\\\/uploads\\\/2018\\\/04\\\/Cafeicultores-participam-de-encontro-no-distrito-de-Belis\\u00e1rio.jpg\",\"width\":640,\"height\":427},\"datePublished\":\"2018-04-19T21:41:16-03:00\",\"dateModified\":\"2018-04-19T21:47:20-03:00\",\"inLanguage\":\"pt-BR\",\"mainEntityOfPage\":{\"@id\":\"https:\\\/\\\/anoticiaonline.com.br\\\/site\\\/cafeicultores-participam-de-encontro-no-distrito-de-belisario\\\/#webpage\"},\"isPartOf\":{\"@id\":\"https:\\\/\\\/anoticiaonline.com.br\\\/site\\\/cafeicultores-participam-de-encontro-no-distrito-de-belisario\\\/#webpage\"},\"articleSection\":\"Blog, agricultura, cafeicultores, Emater, encontro\"},{\"@type\":\"BreadcrumbList\",\"@id\":\"https:\\\/\\\/anoticiaonline.com.br\\\/site\\\/cafeicultores-participam-de-encontro-no-distrito-de-belisario\\\/#breadcrumblist\",\"itemListElement\":[{\"@type\":\"ListItem\",\"@id\":\"https:\\\/\\\/anoticiaonline.com.br\\\/site#listItem\",\"position\":1,\"name\":\"Home\",\"item\":\"https:\\\/\\\/anoticiaonline.com.br\\\/site\",\"nextItem\":{\"@type\":\"ListItem\",\"@id\":\"https:\\\/\\\/anoticiaonline.com.br\\\/site\\\/categoria\\\/muriae\\\/#listItem\",\"name\":\"Blog\"}},{\"@type\":\"ListItem\",\"@id\":\"https:\\\/\\\/anoticiaonline.com.br\\\/site\\\/categoria\\\/muriae\\\/#listItem\",\"position\":2,\"name\":\"Blog\",\"item\":\"https:\\\/\\\/anoticiaonline.com.br\\\/site\\\/categoria\\\/muriae\\\/\",\"nextItem\":{\"@type\":\"ListItem\",\"@id\":\"https:\\\/\\\/anoticiaonline.com.br\\\/site\\\/cafeicultores-participam-de-encontro-no-distrito-de-belisario\\\/#listItem\",\"name\":\"Cafeicultores participam de encontro no distrito de Belis\\u00e1rio\"},\"previousItem\":{\"@type\":\"ListItem\",\"@id\":\"https:\\\/\\\/anoticiaonline.com.br\\\/site#listItem\",\"name\":\"Home\"}},{\"@type\":\"ListItem\",\"@id\":\"https:\\\/\\\/anoticiaonline.com.br\\\/site\\\/cafeicultores-participam-de-encontro-no-distrito-de-belisario\\\/#listItem\",\"position\":3,\"name\":\"Cafeicultores participam de encontro no distrito de Belis\\u00e1rio\",\"previousItem\":{\"@type\":\"ListItem\",\"@id\":\"https:\\\/\\\/anoticiaonline.com.br\\\/site\\\/categoria\\\/muriae\\\/#listItem\",\"name\":\"Blog\"}}]},{\"@type\":\"Organization\",\"@id\":\"https:\\\/\\\/anoticiaonline.com.br\\\/site\\\/#organization\",\"name\":\"A Not\\u00edcia Online\",\"description\":\"Noticias de Muria\\u00e9 e regi\\u00e3o\",\"url\":\"https:\\\/\\\/anoticiaonline.com.br\\\/site\\\/\",\"logo\":{\"@type\":\"ImageObject\",\"url\":\"https:\\\/\\\/scontent-gig4-1.xx.fbcdn.net\\\/v\\\/t39.30808-1\\\/270437624_4564083193639691_6907940295614233970_n.jpg?stp=dst-jpg_s200x200_tt6&_nc_cat=111&ccb=1-7&_nc_sid=f907e8&_nc_ohc=SM1wRlP3lJwQ7kNvwEPuBYA&_nc_oc=AdnqrjDN_BNjSSHWO-GbkIWH6fkGMLw4bqvL_NH6e2wMveX7G-rP2dAqsDSq1mJMOaY&_nc_zt=24&_nc_ht=scontent-gig4-1.xx&_nc_gid=AoBFJeGrT1hVaew_6rchkQ&oh=00_AfX7QmFGhQhG2jAllVgXCiM1ZrWgvtp80-Bfppyexh1QEg&oe=689E923C\",\"@id\":\"https:\\\/\\\/anoticiaonline.com.br\\\/site\\\/cafeicultores-participam-de-encontro-no-distrito-de-belisario\\\/#organizationLogo\"},\"image\":{\"@id\":\"https:\\\/\\\/anoticiaonline.com.br\\\/site\\\/cafeicultores-participam-de-encontro-no-distrito-de-belisario\\\/#organizationLogo\"}},{\"@type\":\"Person\",\"@id\":\"https:\\\/\\\/anoticiaonline.com.br\\\/site\\\/author\\\/juliana\\\/#author\",\"url\":\"https:\\\/\\\/anoticiaonline.com.br\\\/site\\\/author\\\/juliana\\\/\",\"name\":\"Juliana Laviola\",\"image\":{\"@type\":\"ImageObject\",\"@id\":\"https:\\\/\\\/anoticiaonline.com.br\\\/site\\\/cafeicultores-participam-de-encontro-no-distrito-de-belisario\\\/#authorImage\",\"url\":\"https:\\\/\\\/secure.gravatar.com\\\/avatar\\\/b8d45f5c699b100dfaf0e543582f38f38bf94cb7ae3a5e9abf8d891a34773335?s=96&d=mm&r=g\",\"width\":96,\"height\":96,\"caption\":\"Juliana Laviola\"}},{\"@type\":\"WebPage\",\"@id\":\"https:\\\/\\\/anoticiaonline.com.br\\\/site\\\/cafeicultores-participam-de-encontro-no-distrito-de-belisario\\\/#webpage\",\"url\":\"https:\\\/\\\/anoticiaonline.com.br\\\/site\\\/cafeicultores-participam-de-encontro-no-distrito-de-belisario\\\/\",\"name\":\"Cafeicultores participam de encontro no distrito de Belis\\u00e1rio - A Not\\u00edcia Online\",\"description\":\"A Comunidade Pedra Alta, localizada no distrito de Belis\\u00e1rio, recebeu o Encontro de Cafeicultores, evento promovido pela Empresa de Assist\\u00eancia T\\u00e9cnica e Extens\\u00e3o Rural de Minas Gerais (EMATER- MG), na quarta-feira (18), que incluiu, em sua programa\\u00e7\\u00e3o, palestras sobre aduba\\u00e7\\u00e3o, poda de cafeeiro, colheita e p\\u00f3s-colheita de caf\\u00e9. O encontro, que contou com a parceria\",\"inLanguage\":\"pt-BR\",\"isPartOf\":{\"@id\":\"https:\\\/\\\/anoticiaonline.com.br\\\/site\\\/#website\"},\"breadcrumb\":{\"@id\":\"https:\\\/\\\/anoticiaonline.com.br\\\/site\\\/cafeicultores-participam-de-encontro-no-distrito-de-belisario\\\/#breadcrumblist\"},\"author\":{\"@id\":\"https:\\\/\\\/anoticiaonline.com.br\\\/site\\\/author\\\/juliana\\\/#author\"},\"creator\":{\"@id\":\"https:\\\/\\\/anoticiaonline.com.br\\\/site\\\/author\\\/juliana\\\/#author\"},\"image\":{\"@type\":\"ImageObject\",\"url\":\"https:\\\/\\\/anoticiaonline.com.br\\\/site\\\/wp-content\\\/uploads\\\/2018\\\/04\\\/Cafeicultores-participam-de-encontro-no-distrito-de-Belis\\u00e1rio.jpg\",\"@id\":\"https:\\\/\\\/anoticiaonline.com.br\\\/site\\\/cafeicultores-participam-de-encontro-no-distrito-de-belisario\\\/#mainImage\",\"width\":640,\"height\":427},\"primaryImageOfPage\":{\"@id\":\"https:\\\/\\\/anoticiaonline.com.br\\\/site\\\/cafeicultores-participam-de-encontro-no-distrito-de-belisario\\\/#mainImage\"},\"datePublished\":\"2018-04-19T21:41:16-03:00\",\"dateModified\":\"2018-04-19T21:47:20-03:00\"},{\"@type\":\"WebSite\",\"@id\":\"https:\\\/\\\/anoticiaonline.com.br\\\/site\\\/#website\",\"url\":\"https:\\\/\\\/anoticiaonline.com.br\\\/site\\\/\",\"name\":\"A Not\\u00edcia Online\",\"description\":\"Noticias de Muria\\u00e9 e regi\\u00e3o\",\"inLanguage\":\"pt-BR\",\"publisher\":{\"@id\":\"https:\\\/\\\/anoticiaonline.com.br\\\/site\\\/#organization\"}}]}\n\t\t<\/script>\n\t\t<!-- All in One SEO -->\n\n","aioseo_head_json":{"title":"Cafeicultores participam de encontro no distrito de Belis\u00e1rio - A Not\u00edcia Online","description":"A Comunidade Pedra Alta, localizada no distrito de Belis\u00e1rio, recebeu o Encontro de Cafeicultores, evento promovido pela Empresa de Assist\u00eancia T\u00e9cnica e Extens\u00e3o Rural de Minas Gerais (EMATER- MG), na quarta-feira (18), que incluiu, em sua programa\u00e7\u00e3o, palestras sobre aduba\u00e7\u00e3o, poda de cafeeiro, colheita e p\u00f3s-colheita de caf\u00e9. O encontro, que contou com a parceria","canonical_url":"https:\/\/anoticiaonline.com.br\/site\/cafeicultores-participam-de-encontro-no-distrito-de-belisario\/","robots":"max-image-preview:large","keywords":"","webmasterTools":{"miscellaneous":""},"schema":{"@context":"https:\/\/schema.org","@graph":[{"@type":"BlogPosting","@id":"https:\/\/anoticiaonline.com.br\/site\/cafeicultores-participam-de-encontro-no-distrito-de-belisario\/#blogposting","name":"Cafeicultores participam de encontro no distrito de Belis\u00e1rio - A Not\u00edcia Online","headline":"Cafeicultores participam de encontro no distrito de Belis\u00e1rio","author":{"@id":"https:\/\/anoticiaonline.com.br\/site\/author\/juliana\/#author"},"publisher":{"@id":"https:\/\/anoticiaonline.com.br\/site\/#organization"},"image":{"@type":"ImageObject","url":"https:\/\/anoticiaonline.com.br\/site\/wp-content\/uploads\/2018\/04\/Cafeicultores-participam-de-encontro-no-distrito-de-Belis\u00e1rio.jpg","width":640,"height":427},"datePublished":"2018-04-19T21:41:16-03:00","dateModified":"2018-04-19T21:47:20-03:00","inLanguage":"pt-BR","mainEntityOfPage":{"@id":"https:\/\/anoticiaonline.com.br\/site\/cafeicultores-participam-de-encontro-no-distrito-de-belisario\/#webpage"},"isPartOf":{"@id":"https:\/\/anoticiaonline.com.br\/site\/cafeicultores-participam-de-encontro-no-distrito-de-belisario\/#webpage"},"articleSection":"Blog, agricultura, cafeicultores, Emater, encontro"},{"@type":"BreadcrumbList","@id":"https:\/\/anoticiaonline.com.br\/site\/cafeicultores-participam-de-encontro-no-distrito-de-belisario\/#breadcrumblist","itemListElement":[{"@type":"ListItem","@id":"https:\/\/anoticiaonline.com.br\/site#listItem","position":1,"name":"Home","item":"https:\/\/anoticiaonline.com.br\/site","nextItem":{"@type":"ListItem","@id":"https:\/\/anoticiaonline.com.br\/site\/categoria\/muriae\/#listItem","name":"Blog"}},{"@type":"ListItem","@id":"https:\/\/anoticiaonline.com.br\/site\/categoria\/muriae\/#listItem","position":2,"name":"Blog","item":"https:\/\/anoticiaonline.com.br\/site\/categoria\/muriae\/","nextItem":{"@type":"ListItem","@id":"https:\/\/anoticiaonline.com.br\/site\/cafeicultores-participam-de-encontro-no-distrito-de-belisario\/#listItem","name":"Cafeicultores participam de encontro no distrito de Belis\u00e1rio"},"previousItem":{"@type":"ListItem","@id":"https:\/\/anoticiaonline.com.br\/site#listItem","name":"Home"}},{"@type":"ListItem","@id":"https:\/\/anoticiaonline.com.br\/site\/cafeicultores-participam-de-encontro-no-distrito-de-belisario\/#listItem","position":3,"name":"Cafeicultores participam de encontro no distrito de Belis\u00e1rio","previousItem":{"@type":"ListItem","@id":"https:\/\/anoticiaonline.com.br\/site\/categoria\/muriae\/#listItem","name":"Blog"}}]},{"@type":"Organization","@id":"https:\/\/anoticiaonline.com.br\/site\/#organization","name":"A Not\u00edcia Online","description":"Noticias de Muria\u00e9 e regi\u00e3o","url":"https:\/\/anoticiaonline.com.br\/site\/","logo":{"@type":"ImageObject","url":"https:\/\/scontent-gig4-1.xx.fbcdn.net\/v\/t39.30808-1\/270437624_4564083193639691_6907940295614233970_n.jpg?stp=dst-jpg_s200x200_tt6&_nc_cat=111&ccb=1-7&_nc_sid=f907e8&_nc_ohc=SM1wRlP3lJwQ7kNvwEPuBYA&_nc_oc=AdnqrjDN_BNjSSHWO-GbkIWH6fkGMLw4bqvL_NH6e2wMveX7G-rP2dAqsDSq1mJMOaY&_nc_zt=24&_nc_ht=scontent-gig4-1.xx&_nc_gid=AoBFJeGrT1hVaew_6rchkQ&oh=00_AfX7QmFGhQhG2jAllVgXCiM1ZrWgvtp80-Bfppyexh1QEg&oe=689E923C","@id":"https:\/\/anoticiaonline.com.br\/site\/cafeicultores-participam-de-encontro-no-distrito-de-belisario\/#organizationLogo"},"image":{"@id":"https:\/\/anoticiaonline.com.br\/site\/cafeicultores-participam-de-encontro-no-distrito-de-belisario\/#organizationLogo"}},{"@type":"Person","@id":"https:\/\/anoticiaonline.com.br\/site\/author\/juliana\/#author","url":"https:\/\/anoticiaonline.com.br\/site\/author\/juliana\/","name":"Juliana Laviola","image":{"@type":"ImageObject","@id":"https:\/\/anoticiaonline.com.br\/site\/cafeicultores-participam-de-encontro-no-distrito-de-belisario\/#authorImage","url":"https:\/\/secure.gravatar.com\/avatar\/b8d45f5c699b100dfaf0e543582f38f38bf94cb7ae3a5e9abf8d891a34773335?s=96&d=mm&r=g","width":96,"height":96,"caption":"Juliana Laviola"}},{"@type":"WebPage","@id":"https:\/\/anoticiaonline.com.br\/site\/cafeicultores-participam-de-encontro-no-distrito-de-belisario\/#webpage","url":"https:\/\/anoticiaonline.com.br\/site\/cafeicultores-participam-de-encontro-no-distrito-de-belisario\/","name":"Cafeicultores participam de encontro no distrito de Belis\u00e1rio - A Not\u00edcia Online","description":"A Comunidade Pedra Alta, localizada no distrito de Belis\u00e1rio, recebeu o Encontro de Cafeicultores, evento promovido pela Empresa de Assist\u00eancia T\u00e9cnica e Extens\u00e3o Rural de Minas Gerais (EMATER- MG), na quarta-feira (18), que incluiu, em sua programa\u00e7\u00e3o, palestras sobre aduba\u00e7\u00e3o, poda de cafeeiro, colheita e p\u00f3s-colheita de caf\u00e9. O encontro, que contou com a parceria","inLanguage":"pt-BR","isPartOf":{"@id":"https:\/\/anoticiaonline.com.br\/site\/#website"},"breadcrumb":{"@id":"https:\/\/anoticiaonline.com.br\/site\/cafeicultores-participam-de-encontro-no-distrito-de-belisario\/#breadcrumblist"},"author":{"@id":"https:\/\/anoticiaonline.com.br\/site\/author\/juliana\/#author"},"creator":{"@id":"https:\/\/anoticiaonline.com.br\/site\/author\/juliana\/#author"},"image":{"@type":"ImageObject","url":"https:\/\/anoticiaonline.com.br\/site\/wp-content\/uploads\/2018\/04\/Cafeicultores-participam-de-encontro-no-distrito-de-Belis\u00e1rio.jpg","@id":"https:\/\/anoticiaonline.com.br\/site\/cafeicultores-participam-de-encontro-no-distrito-de-belisario\/#mainImage","width":640,"height":427},"primaryImageOfPage":{"@id":"https:\/\/anoticiaonline.com.br\/site\/cafeicultores-participam-de-encontro-no-distrito-de-belisario\/#mainImage"},"datePublished":"2018-04-19T21:41:16-03:00","dateModified":"2018-04-19T21:47:20-03:00"},{"@type":"WebSite","@id":"https:\/\/anoticiaonline.com.br\/site\/#website","url":"https:\/\/anoticiaonline.com.br\/site\/","name":"A Not\u00edcia Online","description":"Noticias de Muria\u00e9 e regi\u00e3o","inLanguage":"pt-BR","publisher":{"@id":"https:\/\/anoticiaonline.com.br\/site\/#organization"}}]},"og:locale":"pt_BR","og:site_name":"A Not\u00edcia Online - Noticias de Muria\u00e9 e regi\u00e3o","og:type":"article","og:title":"Cafeicultores participam de encontro no distrito de Belis\u00e1rio - A Not\u00edcia Online","og:description":"A Comunidade Pedra Alta, localizada no distrito de Belis\u00e1rio, recebeu o Encontro de Cafeicultores, evento promovido pela Empresa de Assist\u00eancia T\u00e9cnica e Extens\u00e3o Rural de Minas Gerais (EMATER- MG), na quarta-feira (18), que incluiu, em sua programa\u00e7\u00e3o, palestras sobre aduba\u00e7\u00e3o, poda de cafeeiro, colheita e p\u00f3s-colheita de caf\u00e9. O encontro, que contou com a parceria","og:url":"https:\/\/anoticiaonline.com.br\/site\/cafeicultores-participam-de-encontro-no-distrito-de-belisario\/","og:image":"https:\/\/scontent-gig4-1.xx.fbcdn.net\/v\/t39.30808-1\/270437624_4564083193639691_6907940295614233970_n.jpg?stp=dst-jpg_s200x200_tt6&#038;_nc_cat=111&#038;ccb=1-7&#038;_nc_sid=f907e8&#038;_nc_ohc=SM1wRlP3lJwQ7kNvwEPuBYA&#038;_nc_oc=AdnqrjDN_BNjSSHWO-GbkIWH6fkGMLw4bqvL_NH6e2wMveX7G-rP2dAqsDSq1mJMOaY&#038;_nc_zt=24&#038;_nc_ht=scontent-gig4-1.xx&#038;_nc_gid=AoBFJeGrT1hVaew_6rchkQ&#038;oh=00_AfX7QmFGhQhG2jAllVgXCiM1ZrWgvtp80-Bfppyexh1QEg&#038;oe=689E923C","og:image:secure_url":"https:\/\/scontent-gig4-1.xx.fbcdn.net\/v\/t39.30808-1\/270437624_4564083193639691_6907940295614233970_n.jpg?stp=dst-jpg_s200x200_tt6&#038;_nc_cat=111&#038;ccb=1-7&#038;_nc_sid=f907e8&#038;_nc_ohc=SM1wRlP3lJwQ7kNvwEPuBYA&#038;_nc_oc=AdnqrjDN_BNjSSHWO-GbkIWH6fkGMLw4bqvL_NH6e2wMveX7G-rP2dAqsDSq1mJMOaY&#038;_nc_zt=24&#038;_nc_ht=scontent-gig4-1.xx&#038;_nc_gid=AoBFJeGrT1hVaew_6rchkQ&#038;oh=00_AfX7QmFGhQhG2jAllVgXCiM1ZrWgvtp80-Bfppyexh1QEg&#038;oe=689E923C","article:published_time":"2018-04-20T00:41:16+00:00","article:modified_time":"2018-04-20T00:47:20+00:00","twitter:card":"summary_large_image","twitter:title":"Cafeicultores participam de encontro no distrito de Belis\u00e1rio - A Not\u00edcia Online","twitter:description":"A Comunidade Pedra Alta, localizada no distrito de Belis\u00e1rio, recebeu o Encontro de Cafeicultores, evento promovido pela Empresa de Assist\u00eancia T\u00e9cnica e Extens\u00e3o Rural de Minas Gerais (EMATER- MG), na quarta-feira (18), que incluiu, em sua programa\u00e7\u00e3o, palestras sobre aduba\u00e7\u00e3o, poda de cafeeiro, colheita e p\u00f3s-colheita de caf\u00e9. O encontro, que contou com a parceria","twitter:image":"https:\/\/scontent-gig4-1.xx.fbcdn.net\/v\/t39.30808-1\/270437624_4564083193639691_6907940295614233970_n.jpg?stp=dst-jpg_s200x200_tt6&_nc_cat=111&ccb=1-7&_nc_sid=f907e8&_nc_ohc=SM1wRlP3lJwQ7kNvwEPuBYA&_nc_oc=AdnqrjDN_BNjSSHWO-GbkIWH6fkGMLw4bqvL_NH6e2wMveX7G-rP2dAqsDSq1mJMOaY&_nc_zt=24&_nc_ht=scontent-gig4-1.xx&_nc_gid=AoBFJeGrT1hVaew_6rchkQ&oh=00_AfX7QmFGhQhG2jAllVgXCiM1ZrWgvtp80-Bfppyexh1QEg&oe=689E923C"},"aioseo_meta_data":{"post_id":"53805","title":null,"description":null,"keywords":null,"keyphrases":null,"primary_term":null,"canonical_url":null,"og_title":null,"og_description":null,"og_object_type":"default","og_image_type":"default","og_image_url":null,"og_image_width":null,"og_image_height":null,"og_image_custom_url":null,"og_image_custom_fields":null,"og_video":null,"og_custom_url":null,"og_article_section":null,"og_article_tags":null,"twitter_use_og":false,"twitter_card":"default","twitter_image_type":"default","twitter_image_url":null,"twitter_image_custom_url":null,"twitter_image_custom_fields":null,"twitter_title":null,"twitter_description":null,"schema":{"blockGraphs":[],"customGraphs":[],"default":{"data":{"Article":[],"Course":[],"Dataset":[],"FAQPage":[],"Movie":[],"Person":[],"Product":[],"ProductReview":[],"Car":[],"Recipe":[],"Service":[],"SoftwareApplication":[],"WebPage":[]},"graphName":"","isEnabled":true},"graphs":[]},"schema_type":"default","schema_type_options":null,"pillar_content":false,"robots_default":true,"robots_noindex":false,"robots_noarchive":false,"robots_nosnippet":false,"robots_nofollow":false,"robots_noimageindex":false,"robots_noodp":false,"robots_notranslate":false,"robots_max_snippet":null,"robots_max_videopreview":null,"robots_max_imagepreview":"large","priority":null,"frequency":null,"local_seo":null,"breadcrumb_settings":null,"limit_modified_date":false,"ai":null,"created":"2025-08-16 20:42:36","updated":"2025-08-16 20:42:36","focus_keyword":null,"additional_keywords":null,"truseo_locale":null,"seo_analyzer_scan_date":null},"aioseo_breadcrumb":"<div class=\"aioseo-breadcrumbs\"><span class=\"aioseo-breadcrumb\">\n\t\t\t<a href=\"https:\/\/anoticiaonline.com.br\/site\" title=\"Home\">Home<\/a>\n\t\t<\/span><span class=\"aioseo-breadcrumb-separator\">&raquo;<\/span><span class=\"aioseo-breadcrumb\">\n\t\t\t<a href=\"https:\/\/anoticiaonline.com.br\/site\/categoria\/muriae\/\" title=\"Blog\">Blog<\/a>\n\t\t<\/span><span class=\"aioseo-breadcrumb-separator\">&raquo;<\/span><span class=\"aioseo-breadcrumb\">\n\t\t\tCafeicultores participam de encontro no distrito de Belis\u00e1rio\n\t\t<\/span><\/div>","aioseo_breadcrumb_json":[{"label":"Home","link":"https:\/\/anoticiaonline.com.br\/site"},{"label":"Blog","link":"https:\/\/anoticiaonline.com.br\/site\/categoria\/muriae\/"},{"label":"Cafeicultores participam de encontro no distrito de Belis\u00e1rio","link":"https:\/\/anoticiaonline.com.br\/site\/cafeicultores-participam-de-encontro-no-distrito-de-belisario\/"}],"views":150,"_links":{"self":[{"href":"https:\/\/anoticiaonline.com.br\/site\/wp-json\/wp\/v2\/posts\/53805","targetHints":{"allow":["GET"]}}],"collection":[{"href":"https:\/\/anoticiaonline.com.br\/site\/wp-json\/wp\/v2\/posts"}],"about":[{"href":"https:\/\/anoticiaonline.com.br\/site\/wp-json\/wp\/v2\/types\/post"}],"author":[{"embeddable":true,"href":"https:\/\/anoticiaonline.com.br\/site\/wp-json\/wp\/v2\/users\/2"}],"replies":[{"embeddable":true,"href":"https:\/\/anoticiaonline.com.br\/site\/wp-json\/wp\/v2\/comments?post=53805"}],"version-history":[{"count":0,"href":"https:\/\/anoticiaonline.com.br\/site\/wp-json\/wp\/v2\/posts\/53805\/revisions"}],"wp:featuredmedia":[{"embeddable":true,"href":"https:\/\/anoticiaonline.com.br\/site\/wp-json\/wp\/v2\/media\/53817"}],"wp:attachment":[{"href":"https:\/\/anoticiaonline.com.br\/site\/wp-json\/wp\/v2\/media?parent=53805"}],"wp:term":[{"taxonomy":"category","embeddable":true,"href":"https:\/\/anoticiaonline.com.br\/site\/wp-json\/wp\/v2\/categories?post=53805"},{"taxonomy":"post_tag","embeddable":true,"href":"https:\/\/anoticiaonline.com.br\/site\/wp-json\/wp\/v2\/tags?post=53805"}],"curies":[{"name":"wp","href":"https:\/\/api.w.org\/{rel}","templated":true}]}}