{"id":53799,"date":"2018-04-19T21:51:39","date_gmt":"2018-04-20T00:51:39","guid":{"rendered":"http:\/\/anoticiaonline.com.br\/site\/?p=53799"},"modified":"2018-04-19T21:52:34","modified_gmt":"2018-04-20T00:52:34","slug":"com-show-reformulado-capital-inicial-se-apresenta-em-muriae","status":"publish","type":"post","link":"https:\/\/anoticiaonline.com.br\/site\/com-show-reformulado-capital-inicial-se-apresenta-em-muriae\/","title":{"rendered":"Com show reformulado, Capital Inicial se apresenta em Muria\u00e9"},"content":{"rendered":"<p><a href=\"https:\/\/anoticiaonline.com.br\/site\/wp-content\/uploads\/2018\/04\/Capital-A-NOT\u00cdCIA-40.jpg\"><img fetchpriority=\"high\" decoding=\"async\" class=\"aligncenter size-full wp-image-53802\" src=\"https:\/\/anoticiaonline.com.br\/site\/wp-content\/uploads\/2018\/04\/Capital-A-NOT\u00cdCIA-40.jpg\" alt=\"\" width=\"640\" height=\"427\" srcset=\"https:\/\/anoticiaonline.com.br\/site\/wp-content\/uploads\/2018\/04\/Capital-A-NOT\u00cdCIA-40.jpg 640w, https:\/\/anoticiaonline.com.br\/site\/wp-content\/uploads\/2018\/04\/Capital-A-NOT\u00cdCIA-40-300x200.jpg 300w\" sizes=\"(max-width: 640px) 100vw, 640px\" \/><\/a> <a href=\"https:\/\/anoticiaonline.com.br\/site\/wp-content\/uploads\/2018\/04\/Capital-A-NOT\u00cdCIA-41.jpg\"><img decoding=\"async\" class=\"aligncenter size-full wp-image-53803\" src=\"https:\/\/anoticiaonline.com.br\/site\/wp-content\/uploads\/2018\/04\/Capital-A-NOT\u00cdCIA-41.jpg\" alt=\"\" width=\"640\" height=\"427\" srcset=\"https:\/\/anoticiaonline.com.br\/site\/wp-content\/uploads\/2018\/04\/Capital-A-NOT\u00cdCIA-41.jpg 640w, https:\/\/anoticiaonline.com.br\/site\/wp-content\/uploads\/2018\/04\/Capital-A-NOT\u00cdCIA-41-300x200.jpg 300w\" sizes=\"(max-width: 640px) 100vw, 640px\" \/><\/a> <a href=\"https:\/\/anoticiaonline.com.br\/site\/wp-content\/uploads\/2018\/04\/Capital-A-NOT\u00cdCIA-43.jpg\"><img decoding=\"async\" class=\"aligncenter size-full wp-image-53804\" src=\"https:\/\/anoticiaonline.com.br\/site\/wp-content\/uploads\/2018\/04\/Capital-A-NOT\u00cdCIA-43.jpg\" alt=\"\" width=\"640\" height=\"427\" srcset=\"https:\/\/anoticiaonline.com.br\/site\/wp-content\/uploads\/2018\/04\/Capital-A-NOT\u00cdCIA-43.jpg 640w, https:\/\/anoticiaonline.com.br\/site\/wp-content\/uploads\/2018\/04\/Capital-A-NOT\u00cdCIA-43-300x200.jpg 300w\" sizes=\"(max-width: 640px) 100vw, 640px\" \/><\/a>Ap\u00f3s sete anos, a banda Capital Inicial retornou a Muria\u00e9 e agitou o p\u00fablico no Colina Country Clube, na noite de s\u00e1bado (14), com m\u00fasicas de sucesso que fazem da banda uma das maiores do cen\u00e1rio do rock brasileiro nos \u00faltimos 30 anos.<\/p>\n<p>Liderado pelo vocalista curitibano, Dinho Ouro Preto, o Capital Inicial apresentou o repert\u00f3rio do novo \u00e1lbum \u201cAc\u00fastico NYC\u201d ap\u00f3s o show de abertura dos muriaeenses da Banda Zem.<\/p>\n<p><strong>Sobre o \u201cAc\u00fastico NYC\u201d<\/strong> \u2013 O novo \u00e1lbum vai al\u00e9m dos hits obrigat\u00f3rios. Ele recupera can\u00e7\u00f5es de \u00e1lbuns recentes que n\u00e3o foram trabalhadas como singles, mas mereciam uma nova chance, casos da emblem\u00e1tica \u201cRessurrei\u00e7\u00e3o\u201d e de \u201cO Cristo Redentor\u201d, al\u00e9m de introduzir tr\u00eas in\u00e9ditas: \u201cVai e Vem\u201d, \u201cA Mina\u201d e \u201cDoce e Amargo\u201d. Ao todo, s\u00e3o 19 faixas no CD e 23 no DVD, cuja dire\u00e7\u00e3o \u00e9 assinada por Raoni Carneiro.<\/p>\n<p><a href=\"https:\/\/anoticiaonline.com.br\/site\/wp-content\/uploads\/2018\/04\/Capital-A-NOT\u00cdCIA-37.jpg\"><img loading=\"lazy\" decoding=\"async\" class=\"aligncenter size-full wp-image-53801\" src=\"https:\/\/anoticiaonline.com.br\/site\/wp-content\/uploads\/2018\/04\/Capital-A-NOT\u00cdCIA-37.jpg\" alt=\"\" width=\"640\" height=\"427\" srcset=\"https:\/\/anoticiaonline.com.br\/site\/wp-content\/uploads\/2018\/04\/Capital-A-NOT\u00cdCIA-37.jpg 640w, https:\/\/anoticiaonline.com.br\/site\/wp-content\/uploads\/2018\/04\/Capital-A-NOT\u00cdCIA-37-300x200.jpg 300w\" sizes=\"(max-width: 640px) 100vw, 640px\" \/><\/a><\/p>\n<p><a href=\"https:\/\/anoticiaonline.com.br\/site\/wp-content\/uploads\/2018\/04\/Capital-A-NOT\u00cdCIA-2.jpg\"><img loading=\"lazy\" decoding=\"async\" class=\"aligncenter size-full wp-image-53800\" src=\"https:\/\/anoticiaonline.com.br\/site\/wp-content\/uploads\/2018\/04\/Capital-A-NOT\u00cdCIA-2.jpg\" alt=\"\" width=\"640\" height=\"476\" srcset=\"https:\/\/anoticiaonline.com.br\/site\/wp-content\/uploads\/2018\/04\/Capital-A-NOT\u00cdCIA-2.jpg 640w, https:\/\/anoticiaonline.com.br\/site\/wp-content\/uploads\/2018\/04\/Capital-A-NOT\u00cdCIA-2-300x223.jpg 300w\" sizes=\"(max-width: 640px) 100vw, 640px\" \/><\/a><\/p>\n<p><img decoding=\"async\" class=\"ngg_displayed_gallery mceItem\" src=\"https:\/\/anoticiaonline.com.br\/site\/nextgen-attach_to_post\/preview\/id--53949\" \/><\/p>\n","protected":false},"excerpt":{"rendered":"<p>Ap\u00f3s sete anos, a banda Capital Inicial retornou a Muria\u00e9 e agitou o p\u00fablico no Colina Country Clube, na noite de s\u00e1bado (14), com m\u00fasicas de sucesso que fazem da banda uma das maiores do cen\u00e1rio do rock brasileiro nos \u00faltimos 30 anos. Liderado pelo vocalista curitibano, Dinho Ouro Preto, o Capital Inicial apresentou o &#8230; <a title=\"Com show reformulado, Capital Inicial se apresenta em Muria\u00e9\" class=\"read-more\" href=\"https:\/\/anoticiaonline.com.br\/site\/com-show-reformulado-capital-inicial-se-apresenta-em-muriae\/\" aria-label=\"Read more about Com show reformulado, Capital Inicial se apresenta em Muria\u00e9\">Ler mais<\/a><\/p>\n","protected":false},"author":2,"featured_media":53803,"comment_status":"open","ping_status":"open","sticky":false,"template":"","format":"standard","meta":{"_acf_changed":false,"_monsterinsights_skip_tracking":false,"footnotes":""},"categories":[24],"tags":[],"class_list":["post-53799","post","type-post","status-publish","format-standard","has-post-thumbnail","hentry","category-eventos"],"acf":[],"aioseo_notices":[],"aioseo_head":"\n\t\t<!-- All in One SEO 5.0.0.1 - aioseo.com -->\n\t<meta name=\"description\" content=\"Ap\u00f3s sete anos, a banda Capital Inicial retornou a Muria\u00e9 e agitou o p\u00fablico no Colina Country Clube, na noite de s\u00e1bado (14), com m\u00fasicas de sucesso que fazem da banda uma das maiores do cen\u00e1rio do rock brasileiro nos \u00faltimos 30 anos. Liderado pelo vocalista curitibano, Dinho Ouro Preto, o Capital Inicial apresentou o\" \/>\n\t<meta name=\"robots\" content=\"max-image-preview:large\" \/>\n\t<meta name=\"author\" content=\"Juliana Laviola\"\/>\n\t<link rel=\"canonical\" href=\"https:\/\/anoticiaonline.com.br\/site\/com-show-reformulado-capital-inicial-se-apresenta-em-muriae\/\" \/>\n\t<meta name=\"generator\" content=\"All in One SEO (AIOSEO) 5.0.0.1\" \/>\n\t\t<meta property=\"og:locale\" content=\"pt_BR\" \/>\n\t\t<meta property=\"og:site_name\" content=\"A Not\u00edcia Online - Noticias de Muria\u00e9 e regi\u00e3o\" \/>\n\t\t<meta property=\"og:type\" content=\"article\" \/>\n\t\t<meta property=\"og:title\" content=\"Com show reformulado, Capital Inicial se apresenta em Muria\u00e9 - A Not\u00edcia Online\" \/>\n\t\t<meta property=\"og:description\" content=\"Ap\u00f3s sete anos, a banda Capital Inicial retornou a Muria\u00e9 e agitou o p\u00fablico no Colina Country Clube, na noite de s\u00e1bado (14), com m\u00fasicas de sucesso que fazem da banda uma das maiores do cen\u00e1rio do rock brasileiro nos \u00faltimos 30 anos. Liderado pelo vocalista curitibano, Dinho Ouro Preto, o Capital Inicial apresentou o\" \/>\n\t\t<meta property=\"og:url\" content=\"https:\/\/anoticiaonline.com.br\/site\/com-show-reformulado-capital-inicial-se-apresenta-em-muriae\/\" \/>\n\t\t<meta property=\"og:image\" content=\"https:\/\/scontent-gig4-1.xx.fbcdn.net\/v\/t39.30808-1\/270437624_4564083193639691_6907940295614233970_n.jpg?stp=dst-jpg_s200x200_tt6&#038;_nc_cat=111&#038;ccb=1-7&#038;_nc_sid=f907e8&#038;_nc_ohc=SM1wRlP3lJwQ7kNvwEPuBYA&#038;_nc_oc=AdnqrjDN_BNjSSHWO-GbkIWH6fkGMLw4bqvL_NH6e2wMveX7G-rP2dAqsDSq1mJMOaY&#038;_nc_zt=24&#038;_nc_ht=scontent-gig4-1.xx&#038;_nc_gid=AoBFJeGrT1hVaew_6rchkQ&#038;oh=00_AfX7QmFGhQhG2jAllVgXCiM1ZrWgvtp80-Bfppyexh1QEg&#038;oe=689E923C\" \/>\n\t\t<meta property=\"og:image:secure_url\" content=\"https:\/\/scontent-gig4-1.xx.fbcdn.net\/v\/t39.30808-1\/270437624_4564083193639691_6907940295614233970_n.jpg?stp=dst-jpg_s200x200_tt6&#038;_nc_cat=111&#038;ccb=1-7&#038;_nc_sid=f907e8&#038;_nc_ohc=SM1wRlP3lJwQ7kNvwEPuBYA&#038;_nc_oc=AdnqrjDN_BNjSSHWO-GbkIWH6fkGMLw4bqvL_NH6e2wMveX7G-rP2dAqsDSq1mJMOaY&#038;_nc_zt=24&#038;_nc_ht=scontent-gig4-1.xx&#038;_nc_gid=AoBFJeGrT1hVaew_6rchkQ&#038;oh=00_AfX7QmFGhQhG2jAllVgXCiM1ZrWgvtp80-Bfppyexh1QEg&#038;oe=689E923C\" \/>\n\t\t<meta property=\"article:published_time\" content=\"2018-04-20T00:51:39+00:00\" \/>\n\t\t<meta property=\"article:modified_time\" content=\"2018-04-20T00:52:34+00:00\" \/>\n\t\t<meta name=\"twitter:card\" content=\"summary_large_image\" \/>\n\t\t<meta name=\"twitter:title\" content=\"Com show reformulado, Capital Inicial se apresenta em Muria\u00e9 - A Not\u00edcia Online\" \/>\n\t\t<meta name=\"twitter:description\" content=\"Ap\u00f3s sete anos, a banda Capital Inicial retornou a Muria\u00e9 e agitou o p\u00fablico no Colina Country Clube, na noite de s\u00e1bado (14), com m\u00fasicas de sucesso que fazem da banda uma das maiores do cen\u00e1rio do rock brasileiro nos \u00faltimos 30 anos. Liderado pelo vocalista curitibano, Dinho Ouro Preto, o Capital Inicial apresentou o\" \/>\n\t\t<meta name=\"twitter:image\" content=\"https:\/\/scontent-gig4-1.xx.fbcdn.net\/v\/t39.30808-1\/270437624_4564083193639691_6907940295614233970_n.jpg?stp=dst-jpg_s200x200_tt6&amp;_nc_cat=111&amp;ccb=1-7&amp;_nc_sid=f907e8&amp;_nc_ohc=SM1wRlP3lJwQ7kNvwEPuBYA&amp;_nc_oc=AdnqrjDN_BNjSSHWO-GbkIWH6fkGMLw4bqvL_NH6e2wMveX7G-rP2dAqsDSq1mJMOaY&amp;_nc_zt=24&amp;_nc_ht=scontent-gig4-1.xx&amp;_nc_gid=AoBFJeGrT1hVaew_6rchkQ&amp;oh=00_AfX7QmFGhQhG2jAllVgXCiM1ZrWgvtp80-Bfppyexh1QEg&amp;oe=689E923C\" \/>\n\t\t<script type=\"application\/ld+json\" class=\"aioseo-schema\">\n\t\t\t{\"@context\":\"https:\\\/\\\/schema.org\",\"@graph\":[{\"@type\":\"BlogPosting\",\"@id\":\"https:\\\/\\\/anoticiaonline.com.br\\\/site\\\/com-show-reformulado-capital-inicial-se-apresenta-em-muriae\\\/#blogposting\",\"name\":\"Com show reformulado, Capital Inicial se apresenta em Muria\\u00e9 - A Not\\u00edcia Online\",\"headline\":\"Com show reformulado, Capital Inicial se apresenta em Muria\\u00e9\",\"author\":{\"@id\":\"https:\\\/\\\/anoticiaonline.com.br\\\/site\\\/author\\\/juliana\\\/#author\"},\"publisher\":{\"@id\":\"https:\\\/\\\/anoticiaonline.com.br\\\/site\\\/#organization\"},\"image\":{\"@type\":\"ImageObject\",\"url\":\"https:\\\/\\\/anoticiaonline.com.br\\\/site\\\/wp-content\\\/uploads\\\/2018\\\/04\\\/Capital-A-NOT\\u00cdCIA-41.jpg\",\"width\":640,\"height\":427},\"datePublished\":\"2018-04-19T21:51:39-03:00\",\"dateModified\":\"2018-04-19T21:52:34-03:00\",\"inLanguage\":\"pt-BR\",\"mainEntityOfPage\":{\"@id\":\"https:\\\/\\\/anoticiaonline.com.br\\\/site\\\/com-show-reformulado-capital-inicial-se-apresenta-em-muriae\\\/#webpage\"},\"isPartOf\":{\"@id\":\"https:\\\/\\\/anoticiaonline.com.br\\\/site\\\/com-show-reformulado-capital-inicial-se-apresenta-em-muriae\\\/#webpage\"},\"articleSection\":\"Eventos\"},{\"@type\":\"BreadcrumbList\",\"@id\":\"https:\\\/\\\/anoticiaonline.com.br\\\/site\\\/com-show-reformulado-capital-inicial-se-apresenta-em-muriae\\\/#breadcrumblist\",\"itemListElement\":[{\"@type\":\"ListItem\",\"@id\":\"https:\\\/\\\/anoticiaonline.com.br\\\/site#listItem\",\"position\":1,\"name\":\"Home\",\"item\":\"https:\\\/\\\/anoticiaonline.com.br\\\/site\",\"nextItem\":{\"@type\":\"ListItem\",\"@id\":\"https:\\\/\\\/anoticiaonline.com.br\\\/site\\\/categoria\\\/eventos\\\/#listItem\",\"name\":\"Eventos\"}},{\"@type\":\"ListItem\",\"@id\":\"https:\\\/\\\/anoticiaonline.com.br\\\/site\\\/categoria\\\/eventos\\\/#listItem\",\"position\":2,\"name\":\"Eventos\",\"item\":\"https:\\\/\\\/anoticiaonline.com.br\\\/site\\\/categoria\\\/eventos\\\/\",\"nextItem\":{\"@type\":\"ListItem\",\"@id\":\"https:\\\/\\\/anoticiaonline.com.br\\\/site\\\/com-show-reformulado-capital-inicial-se-apresenta-em-muriae\\\/#listItem\",\"name\":\"Com show reformulado, Capital Inicial se apresenta em Muria\\u00e9\"},\"previousItem\":{\"@type\":\"ListItem\",\"@id\":\"https:\\\/\\\/anoticiaonline.com.br\\\/site#listItem\",\"name\":\"Home\"}},{\"@type\":\"ListItem\",\"@id\":\"https:\\\/\\\/anoticiaonline.com.br\\\/site\\\/com-show-reformulado-capital-inicial-se-apresenta-em-muriae\\\/#listItem\",\"position\":3,\"name\":\"Com show reformulado, Capital Inicial se apresenta em Muria\\u00e9\",\"previousItem\":{\"@type\":\"ListItem\",\"@id\":\"https:\\\/\\\/anoticiaonline.com.br\\\/site\\\/categoria\\\/eventos\\\/#listItem\",\"name\":\"Eventos\"}}]},{\"@type\":\"Organization\",\"@id\":\"https:\\\/\\\/anoticiaonline.com.br\\\/site\\\/#organization\",\"name\":\"A Not\\u00edcia Online\",\"description\":\"Noticias de Muria\\u00e9 e regi\\u00e3o\",\"url\":\"https:\\\/\\\/anoticiaonline.com.br\\\/site\\\/\",\"logo\":{\"@type\":\"ImageObject\",\"url\":\"https:\\\/\\\/scontent-gig4-1.xx.fbcdn.net\\\/v\\\/t39.30808-1\\\/270437624_4564083193639691_6907940295614233970_n.jpg?stp=dst-jpg_s200x200_tt6&_nc_cat=111&ccb=1-7&_nc_sid=f907e8&_nc_ohc=SM1wRlP3lJwQ7kNvwEPuBYA&_nc_oc=AdnqrjDN_BNjSSHWO-GbkIWH6fkGMLw4bqvL_NH6e2wMveX7G-rP2dAqsDSq1mJMOaY&_nc_zt=24&_nc_ht=scontent-gig4-1.xx&_nc_gid=AoBFJeGrT1hVaew_6rchkQ&oh=00_AfX7QmFGhQhG2jAllVgXCiM1ZrWgvtp80-Bfppyexh1QEg&oe=689E923C\",\"@id\":\"https:\\\/\\\/anoticiaonline.com.br\\\/site\\\/com-show-reformulado-capital-inicial-se-apresenta-em-muriae\\\/#organizationLogo\"},\"image\":{\"@id\":\"https:\\\/\\\/anoticiaonline.com.br\\\/site\\\/com-show-reformulado-capital-inicial-se-apresenta-em-muriae\\\/#organizationLogo\"}},{\"@type\":\"Person\",\"@id\":\"https:\\\/\\\/anoticiaonline.com.br\\\/site\\\/author\\\/juliana\\\/#author\",\"url\":\"https:\\\/\\\/anoticiaonline.com.br\\\/site\\\/author\\\/juliana\\\/\",\"name\":\"Juliana Laviola\",\"image\":{\"@type\":\"ImageObject\",\"@id\":\"https:\\\/\\\/anoticiaonline.com.br\\\/site\\\/com-show-reformulado-capital-inicial-se-apresenta-em-muriae\\\/#authorImage\",\"url\":\"https:\\\/\\\/secure.gravatar.com\\\/avatar\\\/b8d45f5c699b100dfaf0e543582f38f38bf94cb7ae3a5e9abf8d891a34773335?s=96&d=mm&r=g\",\"width\":96,\"height\":96,\"caption\":\"Juliana Laviola\"}},{\"@type\":\"WebPage\",\"@id\":\"https:\\\/\\\/anoticiaonline.com.br\\\/site\\\/com-show-reformulado-capital-inicial-se-apresenta-em-muriae\\\/#webpage\",\"url\":\"https:\\\/\\\/anoticiaonline.com.br\\\/site\\\/com-show-reformulado-capital-inicial-se-apresenta-em-muriae\\\/\",\"name\":\"Com show reformulado, Capital Inicial se apresenta em Muria\\u00e9 - A Not\\u00edcia Online\",\"description\":\"Ap\\u00f3s sete anos, a banda Capital Inicial retornou a Muria\\u00e9 e agitou o p\\u00fablico no Colina Country Clube, na noite de s\\u00e1bado (14), com m\\u00fasicas de sucesso que fazem da banda uma das maiores do cen\\u00e1rio do rock brasileiro nos \\u00faltimos 30 anos. Liderado pelo vocalista curitibano, Dinho Ouro Preto, o Capital Inicial apresentou o\",\"inLanguage\":\"pt-BR\",\"isPartOf\":{\"@id\":\"https:\\\/\\\/anoticiaonline.com.br\\\/site\\\/#website\"},\"breadcrumb\":{\"@id\":\"https:\\\/\\\/anoticiaonline.com.br\\\/site\\\/com-show-reformulado-capital-inicial-se-apresenta-em-muriae\\\/#breadcrumblist\"},\"author\":{\"@id\":\"https:\\\/\\\/anoticiaonline.com.br\\\/site\\\/author\\\/juliana\\\/#author\"},\"creator\":{\"@id\":\"https:\\\/\\\/anoticiaonline.com.br\\\/site\\\/author\\\/juliana\\\/#author\"},\"image\":{\"@type\":\"ImageObject\",\"url\":\"https:\\\/\\\/anoticiaonline.com.br\\\/site\\\/wp-content\\\/uploads\\\/2018\\\/04\\\/Capital-A-NOT\\u00cdCIA-41.jpg\",\"@id\":\"https:\\\/\\\/anoticiaonline.com.br\\\/site\\\/com-show-reformulado-capital-inicial-se-apresenta-em-muriae\\\/#mainImage\",\"width\":640,\"height\":427},\"primaryImageOfPage\":{\"@id\":\"https:\\\/\\\/anoticiaonline.com.br\\\/site\\\/com-show-reformulado-capital-inicial-se-apresenta-em-muriae\\\/#mainImage\"},\"datePublished\":\"2018-04-19T21:51:39-03:00\",\"dateModified\":\"2018-04-19T21:52:34-03:00\"},{\"@type\":\"WebSite\",\"@id\":\"https:\\\/\\\/anoticiaonline.com.br\\\/site\\\/#website\",\"url\":\"https:\\\/\\\/anoticiaonline.com.br\\\/site\\\/\",\"name\":\"A Not\\u00edcia Online\",\"description\":\"Noticias de Muria\\u00e9 e regi\\u00e3o\",\"inLanguage\":\"pt-BR\",\"publisher\":{\"@id\":\"https:\\\/\\\/anoticiaonline.com.br\\\/site\\\/#organization\"}}]}\n\t\t<\/script>\n\t\t<!-- All in One SEO -->\n\n","aioseo_head_json":{"title":"Com show reformulado, Capital Inicial se apresenta em Muria\u00e9 - A Not\u00edcia Online","description":"Ap\u00f3s sete anos, a banda Capital Inicial retornou a Muria\u00e9 e agitou o p\u00fablico no Colina Country Clube, na noite de s\u00e1bado (14), com m\u00fasicas de sucesso que fazem da banda uma das maiores do cen\u00e1rio do rock brasileiro nos \u00faltimos 30 anos. Liderado pelo vocalista curitibano, Dinho Ouro Preto, o Capital Inicial apresentou o","canonical_url":"https:\/\/anoticiaonline.com.br\/site\/com-show-reformulado-capital-inicial-se-apresenta-em-muriae\/","robots":"max-image-preview:large","keywords":"","webmasterTools":{"miscellaneous":""},"schema":{"@context":"https:\/\/schema.org","@graph":[{"@type":"BlogPosting","@id":"https:\/\/anoticiaonline.com.br\/site\/com-show-reformulado-capital-inicial-se-apresenta-em-muriae\/#blogposting","name":"Com show reformulado, Capital Inicial se apresenta em Muria\u00e9 - A Not\u00edcia Online","headline":"Com show reformulado, Capital Inicial se apresenta em Muria\u00e9","author":{"@id":"https:\/\/anoticiaonline.com.br\/site\/author\/juliana\/#author"},"publisher":{"@id":"https:\/\/anoticiaonline.com.br\/site\/#organization"},"image":{"@type":"ImageObject","url":"https:\/\/anoticiaonline.com.br\/site\/wp-content\/uploads\/2018\/04\/Capital-A-NOT\u00cdCIA-41.jpg","width":640,"height":427},"datePublished":"2018-04-19T21:51:39-03:00","dateModified":"2018-04-19T21:52:34-03:00","inLanguage":"pt-BR","mainEntityOfPage":{"@id":"https:\/\/anoticiaonline.com.br\/site\/com-show-reformulado-capital-inicial-se-apresenta-em-muriae\/#webpage"},"isPartOf":{"@id":"https:\/\/anoticiaonline.com.br\/site\/com-show-reformulado-capital-inicial-se-apresenta-em-muriae\/#webpage"},"articleSection":"Eventos"},{"@type":"BreadcrumbList","@id":"https:\/\/anoticiaonline.com.br\/site\/com-show-reformulado-capital-inicial-se-apresenta-em-muriae\/#breadcrumblist","itemListElement":[{"@type":"ListItem","@id":"https:\/\/anoticiaonline.com.br\/site#listItem","position":1,"name":"Home","item":"https:\/\/anoticiaonline.com.br\/site","nextItem":{"@type":"ListItem","@id":"https:\/\/anoticiaonline.com.br\/site\/categoria\/eventos\/#listItem","name":"Eventos"}},{"@type":"ListItem","@id":"https:\/\/anoticiaonline.com.br\/site\/categoria\/eventos\/#listItem","position":2,"name":"Eventos","item":"https:\/\/anoticiaonline.com.br\/site\/categoria\/eventos\/","nextItem":{"@type":"ListItem","@id":"https:\/\/anoticiaonline.com.br\/site\/com-show-reformulado-capital-inicial-se-apresenta-em-muriae\/#listItem","name":"Com show reformulado, Capital Inicial se apresenta em Muria\u00e9"},"previousItem":{"@type":"ListItem","@id":"https:\/\/anoticiaonline.com.br\/site#listItem","name":"Home"}},{"@type":"ListItem","@id":"https:\/\/anoticiaonline.com.br\/site\/com-show-reformulado-capital-inicial-se-apresenta-em-muriae\/#listItem","position":3,"name":"Com show reformulado, Capital Inicial se apresenta em Muria\u00e9","previousItem":{"@type":"ListItem","@id":"https:\/\/anoticiaonline.com.br\/site\/categoria\/eventos\/#listItem","name":"Eventos"}}]},{"@type":"Organization","@id":"https:\/\/anoticiaonline.com.br\/site\/#organization","name":"A Not\u00edcia Online","description":"Noticias de Muria\u00e9 e regi\u00e3o","url":"https:\/\/anoticiaonline.com.br\/site\/","logo":{"@type":"ImageObject","url":"https:\/\/scontent-gig4-1.xx.fbcdn.net\/v\/t39.30808-1\/270437624_4564083193639691_6907940295614233970_n.jpg?stp=dst-jpg_s200x200_tt6&_nc_cat=111&ccb=1-7&_nc_sid=f907e8&_nc_ohc=SM1wRlP3lJwQ7kNvwEPuBYA&_nc_oc=AdnqrjDN_BNjSSHWO-GbkIWH6fkGMLw4bqvL_NH6e2wMveX7G-rP2dAqsDSq1mJMOaY&_nc_zt=24&_nc_ht=scontent-gig4-1.xx&_nc_gid=AoBFJeGrT1hVaew_6rchkQ&oh=00_AfX7QmFGhQhG2jAllVgXCiM1ZrWgvtp80-Bfppyexh1QEg&oe=689E923C","@id":"https:\/\/anoticiaonline.com.br\/site\/com-show-reformulado-capital-inicial-se-apresenta-em-muriae\/#organizationLogo"},"image":{"@id":"https:\/\/anoticiaonline.com.br\/site\/com-show-reformulado-capital-inicial-se-apresenta-em-muriae\/#organizationLogo"}},{"@type":"Person","@id":"https:\/\/anoticiaonline.com.br\/site\/author\/juliana\/#author","url":"https:\/\/anoticiaonline.com.br\/site\/author\/juliana\/","name":"Juliana Laviola","image":{"@type":"ImageObject","@id":"https:\/\/anoticiaonline.com.br\/site\/com-show-reformulado-capital-inicial-se-apresenta-em-muriae\/#authorImage","url":"https:\/\/secure.gravatar.com\/avatar\/b8d45f5c699b100dfaf0e543582f38f38bf94cb7ae3a5e9abf8d891a34773335?s=96&d=mm&r=g","width":96,"height":96,"caption":"Juliana Laviola"}},{"@type":"WebPage","@id":"https:\/\/anoticiaonline.com.br\/site\/com-show-reformulado-capital-inicial-se-apresenta-em-muriae\/#webpage","url":"https:\/\/anoticiaonline.com.br\/site\/com-show-reformulado-capital-inicial-se-apresenta-em-muriae\/","name":"Com show reformulado, Capital Inicial se apresenta em Muria\u00e9 - A Not\u00edcia Online","description":"Ap\u00f3s sete anos, a banda Capital Inicial retornou a Muria\u00e9 e agitou o p\u00fablico no Colina Country Clube, na noite de s\u00e1bado (14), com m\u00fasicas de sucesso que fazem da banda uma das maiores do cen\u00e1rio do rock brasileiro nos \u00faltimos 30 anos. Liderado pelo vocalista curitibano, Dinho Ouro Preto, o Capital Inicial apresentou o","inLanguage":"pt-BR","isPartOf":{"@id":"https:\/\/anoticiaonline.com.br\/site\/#website"},"breadcrumb":{"@id":"https:\/\/anoticiaonline.com.br\/site\/com-show-reformulado-capital-inicial-se-apresenta-em-muriae\/#breadcrumblist"},"author":{"@id":"https:\/\/anoticiaonline.com.br\/site\/author\/juliana\/#author"},"creator":{"@id":"https:\/\/anoticiaonline.com.br\/site\/author\/juliana\/#author"},"image":{"@type":"ImageObject","url":"https:\/\/anoticiaonline.com.br\/site\/wp-content\/uploads\/2018\/04\/Capital-A-NOT\u00cdCIA-41.jpg","@id":"https:\/\/anoticiaonline.com.br\/site\/com-show-reformulado-capital-inicial-se-apresenta-em-muriae\/#mainImage","width":640,"height":427},"primaryImageOfPage":{"@id":"https:\/\/anoticiaonline.com.br\/site\/com-show-reformulado-capital-inicial-se-apresenta-em-muriae\/#mainImage"},"datePublished":"2018-04-19T21:51:39-03:00","dateModified":"2018-04-19T21:52:34-03:00"},{"@type":"WebSite","@id":"https:\/\/anoticiaonline.com.br\/site\/#website","url":"https:\/\/anoticiaonline.com.br\/site\/","name":"A Not\u00edcia Online","description":"Noticias de Muria\u00e9 e regi\u00e3o","inLanguage":"pt-BR","publisher":{"@id":"https:\/\/anoticiaonline.com.br\/site\/#organization"}}]},"og:locale":"pt_BR","og:site_name":"A Not\u00edcia Online - Noticias de Muria\u00e9 e regi\u00e3o","og:type":"article","og:title":"Com show reformulado, Capital Inicial se apresenta em Muria\u00e9 - A Not\u00edcia Online","og:description":"Ap\u00f3s sete anos, a banda Capital Inicial retornou a Muria\u00e9 e agitou o p\u00fablico no Colina Country Clube, na noite de s\u00e1bado (14), com m\u00fasicas de sucesso que fazem da banda uma das maiores do cen\u00e1rio do rock brasileiro nos \u00faltimos 30 anos. Liderado pelo vocalista curitibano, Dinho Ouro Preto, o Capital Inicial apresentou o","og:url":"https:\/\/anoticiaonline.com.br\/site\/com-show-reformulado-capital-inicial-se-apresenta-em-muriae\/","og:image":"https:\/\/scontent-gig4-1.xx.fbcdn.net\/v\/t39.30808-1\/270437624_4564083193639691_6907940295614233970_n.jpg?stp=dst-jpg_s200x200_tt6&#038;_nc_cat=111&#038;ccb=1-7&#038;_nc_sid=f907e8&#038;_nc_ohc=SM1wRlP3lJwQ7kNvwEPuBYA&#038;_nc_oc=AdnqrjDN_BNjSSHWO-GbkIWH6fkGMLw4bqvL_NH6e2wMveX7G-rP2dAqsDSq1mJMOaY&#038;_nc_zt=24&#038;_nc_ht=scontent-gig4-1.xx&#038;_nc_gid=AoBFJeGrT1hVaew_6rchkQ&#038;oh=00_AfX7QmFGhQhG2jAllVgXCiM1ZrWgvtp80-Bfppyexh1QEg&#038;oe=689E923C","og:image:secure_url":"https:\/\/scontent-gig4-1.xx.fbcdn.net\/v\/t39.30808-1\/270437624_4564083193639691_6907940295614233970_n.jpg?stp=dst-jpg_s200x200_tt6&#038;_nc_cat=111&#038;ccb=1-7&#038;_nc_sid=f907e8&#038;_nc_ohc=SM1wRlP3lJwQ7kNvwEPuBYA&#038;_nc_oc=AdnqrjDN_BNjSSHWO-GbkIWH6fkGMLw4bqvL_NH6e2wMveX7G-rP2dAqsDSq1mJMOaY&#038;_nc_zt=24&#038;_nc_ht=scontent-gig4-1.xx&#038;_nc_gid=AoBFJeGrT1hVaew_6rchkQ&#038;oh=00_AfX7QmFGhQhG2jAllVgXCiM1ZrWgvtp80-Bfppyexh1QEg&#038;oe=689E923C","article:published_time":"2018-04-20T00:51:39+00:00","article:modified_time":"2018-04-20T00:52:34+00:00","twitter:card":"summary_large_image","twitter:title":"Com show reformulado, Capital Inicial se apresenta em Muria\u00e9 - A Not\u00edcia Online","twitter:description":"Ap\u00f3s sete anos, a banda Capital Inicial retornou a Muria\u00e9 e agitou o p\u00fablico no Colina Country Clube, na noite de s\u00e1bado (14), com m\u00fasicas de sucesso que fazem da banda uma das maiores do cen\u00e1rio do rock brasileiro nos \u00faltimos 30 anos. Liderado pelo vocalista curitibano, Dinho Ouro Preto, o Capital Inicial apresentou o","twitter:image":"https:\/\/scontent-gig4-1.xx.fbcdn.net\/v\/t39.30808-1\/270437624_4564083193639691_6907940295614233970_n.jpg?stp=dst-jpg_s200x200_tt6&_nc_cat=111&ccb=1-7&_nc_sid=f907e8&_nc_ohc=SM1wRlP3lJwQ7kNvwEPuBYA&_nc_oc=AdnqrjDN_BNjSSHWO-GbkIWH6fkGMLw4bqvL_NH6e2wMveX7G-rP2dAqsDSq1mJMOaY&_nc_zt=24&_nc_ht=scontent-gig4-1.xx&_nc_gid=AoBFJeGrT1hVaew_6rchkQ&oh=00_AfX7QmFGhQhG2jAllVgXCiM1ZrWgvtp80-Bfppyexh1QEg&oe=689E923C"},"aioseo_meta_data":{"post_id":"53799","title":null,"description":null,"keywords":null,"keyphrases":null,"primary_term":null,"canonical_url":null,"og_title":null,"og_description":null,"og_object_type":"default","og_image_type":"default","og_image_url":null,"og_image_width":null,"og_image_height":null,"og_image_custom_url":null,"og_image_custom_fields":null,"og_video":null,"og_custom_url":null,"og_article_section":null,"og_article_tags":null,"twitter_use_og":false,"twitter_card":"default","twitter_image_type":"default","twitter_image_url":null,"twitter_image_custom_url":null,"twitter_image_custom_fields":null,"twitter_title":null,"twitter_description":null,"schema":{"blockGraphs":[],"customGraphs":[],"default":{"data":{"Article":[],"Course":[],"Dataset":[],"FAQPage":[],"Movie":[],"Person":[],"Product":[],"ProductReview":[],"Car":[],"Recipe":[],"Service":[],"SoftwareApplication":[],"WebPage":[]},"graphName":"","isEnabled":true},"graphs":[]},"schema_type":"default","schema_type_options":null,"pillar_content":false,"robots_default":true,"robots_noindex":false,"robots_noarchive":false,"robots_nosnippet":false,"robots_nofollow":false,"robots_noimageindex":false,"robots_noodp":false,"robots_notranslate":false,"robots_max_snippet":null,"robots_max_videopreview":null,"robots_max_imagepreview":"large","priority":null,"frequency":null,"local_seo":null,"breadcrumb_settings":null,"limit_modified_date":false,"ai":null,"created":"2025-08-16 20:42:36","updated":"2025-08-16 20:42:36","focus_keyword":null,"additional_keywords":null,"truseo_locale":null,"seo_analyzer_scan_date":null},"aioseo_breadcrumb":"<div class=\"aioseo-breadcrumbs\"><span class=\"aioseo-breadcrumb\">\n\t\t\t<a href=\"https:\/\/anoticiaonline.com.br\/site\" title=\"Home\">Home<\/a>\n\t\t<\/span><span class=\"aioseo-breadcrumb-separator\">&raquo;<\/span><span class=\"aioseo-breadcrumb\">\n\t\t\t<a href=\"https:\/\/anoticiaonline.com.br\/site\/categoria\/eventos\/\" title=\"Eventos\">Eventos<\/a>\n\t\t<\/span><span class=\"aioseo-breadcrumb-separator\">&raquo;<\/span><span class=\"aioseo-breadcrumb\">\n\t\t\tCom show reformulado, Capital Inicial se apresenta em Muria\u00e9\n\t\t<\/span><\/div>","aioseo_breadcrumb_json":[{"label":"Home","link":"https:\/\/anoticiaonline.com.br\/site"},{"label":"Eventos","link":"https:\/\/anoticiaonline.com.br\/site\/categoria\/eventos\/"},{"label":"Com show reformulado, Capital Inicial se apresenta em Muria\u00e9","link":"https:\/\/anoticiaonline.com.br\/site\/com-show-reformulado-capital-inicial-se-apresenta-em-muriae\/"}],"views":155,"_links":{"self":[{"href":"https:\/\/anoticiaonline.com.br\/site\/wp-json\/wp\/v2\/posts\/53799","targetHints":{"allow":["GET"]}}],"collection":[{"href":"https:\/\/anoticiaonline.com.br\/site\/wp-json\/wp\/v2\/posts"}],"about":[{"href":"https:\/\/anoticiaonline.com.br\/site\/wp-json\/wp\/v2\/types\/post"}],"author":[{"embeddable":true,"href":"https:\/\/anoticiaonline.com.br\/site\/wp-json\/wp\/v2\/users\/2"}],"replies":[{"embeddable":true,"href":"https:\/\/anoticiaonline.com.br\/site\/wp-json\/wp\/v2\/comments?post=53799"}],"version-history":[{"count":0,"href":"https:\/\/anoticiaonline.com.br\/site\/wp-json\/wp\/v2\/posts\/53799\/revisions"}],"wp:featuredmedia":[{"embeddable":true,"href":"https:\/\/anoticiaonline.com.br\/site\/wp-json\/wp\/v2\/media\/53803"}],"wp:attachment":[{"href":"https:\/\/anoticiaonline.com.br\/site\/wp-json\/wp\/v2\/media?parent=53799"}],"wp:term":[{"taxonomy":"category","embeddable":true,"href":"https:\/\/anoticiaonline.com.br\/site\/wp-json\/wp\/v2\/categories?post=53799"},{"taxonomy":"post_tag","embeddable":true,"href":"https:\/\/anoticiaonline.com.br\/site\/wp-json\/wp\/v2\/tags?post=53799"}],"curies":[{"name":"wp","href":"https:\/\/api.w.org\/{rel}","templated":true}]}}