{"id":53792,"date":"2018-04-19T21:17:08","date_gmt":"2018-04-20T00:17:08","guid":{"rendered":"http:\/\/anoticiaonline.com.br\/site\/?p=53792"},"modified":"2018-04-19T21:17:08","modified_gmt":"2018-04-20T00:17:08","slug":"tarifa-de-onibus-tera-reajuste-de-10-a-partir-deste-domingo","status":"publish","type":"post","link":"https:\/\/anoticiaonline.com.br\/site\/tarifa-de-onibus-tera-reajuste-de-10-a-partir-deste-domingo\/","title":{"rendered":"Tarifa de \u00f4nibus ter\u00e1 reajuste de 10% a partir deste domingo"},"content":{"rendered":"<p>A partir deste domingo (22), a passagem dos \u00f4nibus da Via\u00e7\u00e3o Uni\u00e3o ter\u00e1 valor de R$2,75, um reajuste de 10% sobre os R$2,50 da tarifa atual. O aumento foi autorizado atrav\u00e9s de decreto do prefeito Grego.<\/p>\n<p><a href=\"https:\/\/anoticiaonline.com.br\/site\/wp-content\/uploads\/2018\/04\/Tarifa-de-\u00f4nibus-ter\u00e1-reajuste-de-10-a-partir-deste-domingo-2.jpg\"><img fetchpriority=\"high\" decoding=\"async\" class=\"alignnone size-full wp-image-53794\" src=\"https:\/\/anoticiaonline.com.br\/site\/wp-content\/uploads\/2018\/04\/Tarifa-de-\u00f4nibus-ter\u00e1-reajuste-de-10-a-partir-deste-domingo-2.jpg\" alt=\"\" width=\"640\" height=\"427\" srcset=\"https:\/\/anoticiaonline.com.br\/site\/wp-content\/uploads\/2018\/04\/Tarifa-de-\u00f4nibus-ter\u00e1-reajuste-de-10-a-partir-deste-domingo-2.jpg 640w, https:\/\/anoticiaonline.com.br\/site\/wp-content\/uploads\/2018\/04\/Tarifa-de-\u00f4nibus-ter\u00e1-reajuste-de-10-a-partir-deste-domingo-2-300x200.jpg 300w\" sizes=\"(max-width: 640px) 100vw, 640px\" \/><\/a><\/p>\n<p>De acordo com a empresa respons\u00e1vel pelo transporte coletivo na cidade, o reajuste deve-se aos aumentos consecutivos de combust\u00edveis.<\/p>\n<p>\u201cAp\u00f3s an\u00e1lises das planilhas de custos, como aumentos sucessivos de combust\u00edveis e dos sal\u00e1rios dos funcion\u00e1rios e manuten\u00e7\u00e3o de toda a frota, verificamos a necessidade de reajuste no valor da tarifa. Por\u00e9m, nesses dois anos, fizemos todo o poss\u00edvel para n\u00e3o repassar esse custo para nossos usu\u00e1rios\u201d, afirma a diretoria da empresa.<\/p>\n<p>A Via\u00e7\u00e3o Uni\u00e3o frisou ainda que \u201co valor reajustado \u00e9 menor que a varia\u00e7\u00e3o do diesel no mesmo per\u00edodo, que foi de 13,6%. De acordo com dados da Ag\u00eancia Nacional de Petr\u00f3leo, o pre\u00e7o m\u00e9dio do combust\u00edvel na cidade passou de R$3,09 para R$3,51 nos \u00faltimos dois anos\u201d, divulgou a assessoria da empresa.<\/p>\n<p>Tamb\u00e9m em nota, a prefeitura de Muria\u00e9 divulgou que foi rejeitado, pelo Poder Executivo, o aumento de 12% no valor das tarifas de \u00f4nibus na cidade. \u201cO percentual havia sido aprovado na \u00faltima semana pelo Conselho Municipal de Tr\u00e2nsito (Comutran), mas foi vetado por meio de decreto. Assim, o documento autoriza que o reajuste seja de 10% (ou R$0,25) no valor do bilhete, que passa a custar R$2,75 a partir do pr\u00f3ximo domingo (22). Para promover a atualiza\u00e7\u00e3o do pre\u00e7o, foram feitas an\u00e1lises sobre as planilhas de custos apresentadas pela empresa prestadora do servi\u00e7o na cidade, bem como sobre o resultado da reuni\u00e3o do Comutran\u201d, divulgou a assessoria da prefeitura.<\/p>\n<p><strong>Opini\u00e3o do usu\u00e1rio \u2013 <\/strong>O jovem Ant\u00f4nio disse n\u00e3o concordar com aumento da passagem. \u201cInicialmente, penso que eles deveriam melhorar a situa\u00e7\u00e3o dos \u00f4nibus da cidade. H\u00e1 alguns dias, percebi que, em um dos ve\u00edculos, o acesso dos passageiros com defici\u00eancia n\u00e3o estava funcionando. Eles precisam melhorar nestas quest\u00f5es\u201d, conta.<\/p>\n<figure id=\"attachment_53795\" aria-describedby=\"caption-attachment-53795\" style=\"width: 630px\" class=\"wp-caption alignnone\"><a href=\"https:\/\/anoticiaonline.com.br\/site\/wp-content\/uploads\/2018\/04\/Tarifa-de-\u00f4nibus-ter\u00e1-reajuste-de-10-a-partir-deste-domingo.jpg\"><img decoding=\"async\" class=\"size-full wp-image-53795\" src=\"https:\/\/anoticiaonline.com.br\/site\/wp-content\/uploads\/2018\/04\/Tarifa-de-\u00f4nibus-ter\u00e1-reajuste-de-10-a-partir-deste-domingo.jpg\" alt=\"\" width=\"640\" height=\"427\" srcset=\"https:\/\/anoticiaonline.com.br\/site\/wp-content\/uploads\/2018\/04\/Tarifa-de-\u00f4nibus-ter\u00e1-reajuste-de-10-a-partir-deste-domingo.jpg 640w, https:\/\/anoticiaonline.com.br\/site\/wp-content\/uploads\/2018\/04\/Tarifa-de-\u00f4nibus-ter\u00e1-reajuste-de-10-a-partir-deste-domingo-300x200.jpg 300w\" sizes=\"(max-width: 640px) 100vw, 640px\" \/><\/a><figcaption id=\"caption-attachment-53795\" class=\"wp-caption-text\">Ant\u00f4nio disse n\u00e3o concordar com o reajuste da tarifa<\/figcaption><\/figure>\n<p>&nbsp;<\/p>\n<p>&nbsp;<\/p>\n","protected":false},"excerpt":{"rendered":"<p>A partir deste domingo (22), a passagem dos \u00f4nibus da Via\u00e7\u00e3o Uni\u00e3o ter\u00e1 valor de R$2,75, um reajuste de 10% sobre os R$2,50 da tarifa atual. O aumento foi autorizado atrav\u00e9s de decreto do prefeito Grego. De acordo com a empresa respons\u00e1vel pelo transporte coletivo na cidade, o reajuste deve-se aos aumentos consecutivos de combust\u00edveis. &#8230; <a title=\"Tarifa de \u00f4nibus ter\u00e1 reajuste de 10% a partir deste domingo\" class=\"read-more\" href=\"https:\/\/anoticiaonline.com.br\/site\/tarifa-de-onibus-tera-reajuste-de-10-a-partir-deste-domingo\/\" aria-label=\"Read more about Tarifa de \u00f4nibus ter\u00e1 reajuste de 10% a partir deste domingo\">Ler mais<\/a><\/p>\n","protected":false},"author":2,"featured_media":53794,"comment_status":"open","ping_status":"open","sticky":false,"template":"","format":"standard","meta":{"_acf_changed":false,"_monsterinsights_skip_tracking":false,"footnotes":""},"categories":[30],"tags":[2416,2417,74,400,2415,389,2414],"class_list":["post-53792","post","type-post","status-publish","format-standard","has-post-thumbnail","hentry","category-muriae","tag-aumento","tag-decreto","tag-muriae","tag-onibus","tag-passagem","tag-reajuste","tag-tarifas"],"acf":[],"aioseo_notices":[],"aioseo_head":"\n\t\t<!-- All in One SEO 5.0.0.1 - aioseo.com -->\n\t<meta name=\"description\" content=\"A partir deste domingo (22), a passagem dos \u00f4nibus da Via\u00e7\u00e3o Uni\u00e3o ter\u00e1 valor de R$2,75, um reajuste de 10% sobre os R$2,50 da tarifa atual. O aumento foi autorizado atrav\u00e9s de decreto do prefeito Grego. De acordo com a empresa respons\u00e1vel pelo transporte coletivo na cidade, o reajuste deve-se aos aumentos consecutivos de combust\u00edveis.\" \/>\n\t<meta name=\"robots\" content=\"max-image-preview:large\" \/>\n\t<meta name=\"author\" content=\"Juliana Laviola\"\/>\n\t<link rel=\"canonical\" href=\"https:\/\/anoticiaonline.com.br\/site\/tarifa-de-onibus-tera-reajuste-de-10-a-partir-deste-domingo\/\" \/>\n\t<meta name=\"generator\" content=\"All in One SEO (AIOSEO) 5.0.0.1\" \/>\n\t\t<meta property=\"og:locale\" content=\"pt_BR\" \/>\n\t\t<meta property=\"og:site_name\" content=\"A Not\u00edcia Online - Noticias de Muria\u00e9 e regi\u00e3o\" \/>\n\t\t<meta property=\"og:type\" content=\"article\" \/>\n\t\t<meta property=\"og:title\" content=\"Tarifa de \u00f4nibus ter\u00e1 reajuste de 10% a partir deste domingo - A Not\u00edcia Online\" \/>\n\t\t<meta property=\"og:description\" content=\"A partir deste domingo (22), a passagem dos \u00f4nibus da Via\u00e7\u00e3o Uni\u00e3o ter\u00e1 valor de R$2,75, um reajuste de 10% sobre os R$2,50 da tarifa atual. O aumento foi autorizado atrav\u00e9s de decreto do prefeito Grego. De acordo com a empresa respons\u00e1vel pelo transporte coletivo na cidade, o reajuste deve-se aos aumentos consecutivos de combust\u00edveis.\" \/>\n\t\t<meta property=\"og:url\" content=\"https:\/\/anoticiaonline.com.br\/site\/tarifa-de-onibus-tera-reajuste-de-10-a-partir-deste-domingo\/\" \/>\n\t\t<meta property=\"og:image\" content=\"https:\/\/scontent-gig4-1.xx.fbcdn.net\/v\/t39.30808-1\/270437624_4564083193639691_6907940295614233970_n.jpg?stp=dst-jpg_s200x200_tt6&#038;_nc_cat=111&#038;ccb=1-7&#038;_nc_sid=f907e8&#038;_nc_ohc=SM1wRlP3lJwQ7kNvwEPuBYA&#038;_nc_oc=AdnqrjDN_BNjSSHWO-GbkIWH6fkGMLw4bqvL_NH6e2wMveX7G-rP2dAqsDSq1mJMOaY&#038;_nc_zt=24&#038;_nc_ht=scontent-gig4-1.xx&#038;_nc_gid=AoBFJeGrT1hVaew_6rchkQ&#038;oh=00_AfX7QmFGhQhG2jAllVgXCiM1ZrWgvtp80-Bfppyexh1QEg&#038;oe=689E923C\" \/>\n\t\t<meta property=\"og:image:secure_url\" content=\"https:\/\/scontent-gig4-1.xx.fbcdn.net\/v\/t39.30808-1\/270437624_4564083193639691_6907940295614233970_n.jpg?stp=dst-jpg_s200x200_tt6&#038;_nc_cat=111&#038;ccb=1-7&#038;_nc_sid=f907e8&#038;_nc_ohc=SM1wRlP3lJwQ7kNvwEPuBYA&#038;_nc_oc=AdnqrjDN_BNjSSHWO-GbkIWH6fkGMLw4bqvL_NH6e2wMveX7G-rP2dAqsDSq1mJMOaY&#038;_nc_zt=24&#038;_nc_ht=scontent-gig4-1.xx&#038;_nc_gid=AoBFJeGrT1hVaew_6rchkQ&#038;oh=00_AfX7QmFGhQhG2jAllVgXCiM1ZrWgvtp80-Bfppyexh1QEg&#038;oe=689E923C\" \/>\n\t\t<meta property=\"article:published_time\" content=\"2018-04-20T00:17:08+00:00\" \/>\n\t\t<meta property=\"article:modified_time\" content=\"2018-04-20T00:17:08+00:00\" \/>\n\t\t<meta name=\"twitter:card\" content=\"summary_large_image\" \/>\n\t\t<meta name=\"twitter:title\" content=\"Tarifa de \u00f4nibus ter\u00e1 reajuste de 10% a partir deste domingo - A Not\u00edcia Online\" \/>\n\t\t<meta name=\"twitter:description\" content=\"A partir deste domingo (22), a passagem dos \u00f4nibus da Via\u00e7\u00e3o Uni\u00e3o ter\u00e1 valor de R$2,75, um reajuste de 10% sobre os R$2,50 da tarifa atual. O aumento foi autorizado atrav\u00e9s de decreto do prefeito Grego. De acordo com a empresa respons\u00e1vel pelo transporte coletivo na cidade, o reajuste deve-se aos aumentos consecutivos de combust\u00edveis.\" \/>\n\t\t<meta name=\"twitter:image\" content=\"https:\/\/scontent-gig4-1.xx.fbcdn.net\/v\/t39.30808-1\/270437624_4564083193639691_6907940295614233970_n.jpg?stp=dst-jpg_s200x200_tt6&amp;_nc_cat=111&amp;ccb=1-7&amp;_nc_sid=f907e8&amp;_nc_ohc=SM1wRlP3lJwQ7kNvwEPuBYA&amp;_nc_oc=AdnqrjDN_BNjSSHWO-GbkIWH6fkGMLw4bqvL_NH6e2wMveX7G-rP2dAqsDSq1mJMOaY&amp;_nc_zt=24&amp;_nc_ht=scontent-gig4-1.xx&amp;_nc_gid=AoBFJeGrT1hVaew_6rchkQ&amp;oh=00_AfX7QmFGhQhG2jAllVgXCiM1ZrWgvtp80-Bfppyexh1QEg&amp;oe=689E923C\" \/>\n\t\t<script type=\"application\/ld+json\" class=\"aioseo-schema\">\n\t\t\t{\"@context\":\"https:\\\/\\\/schema.org\",\"@graph\":[{\"@type\":\"BlogPosting\",\"@id\":\"https:\\\/\\\/anoticiaonline.com.br\\\/site\\\/tarifa-de-onibus-tera-reajuste-de-10-a-partir-deste-domingo\\\/#blogposting\",\"name\":\"Tarifa de \\u00f4nibus ter\\u00e1 reajuste de 10% a partir deste domingo - A Not\\u00edcia Online\",\"headline\":\"Tarifa de \\u00f4nibus ter\\u00e1 reajuste de 10% a partir deste domingo\",\"author\":{\"@id\":\"https:\\\/\\\/anoticiaonline.com.br\\\/site\\\/author\\\/juliana\\\/#author\"},\"publisher\":{\"@id\":\"https:\\\/\\\/anoticiaonline.com.br\\\/site\\\/#organization\"},\"image\":{\"@type\":\"ImageObject\",\"url\":\"https:\\\/\\\/anoticiaonline.com.br\\\/site\\\/wp-content\\\/uploads\\\/2018\\\/04\\\/Tarifa-de-\\u00f4nibus-ter\\u00e1-reajuste-de-10-a-partir-deste-domingo-2.jpg\",\"width\":640,\"height\":427},\"datePublished\":\"2018-04-19T21:17:08-03:00\",\"dateModified\":\"2018-04-19T21:17:08-03:00\",\"inLanguage\":\"pt-BR\",\"mainEntityOfPage\":{\"@id\":\"https:\\\/\\\/anoticiaonline.com.br\\\/site\\\/tarifa-de-onibus-tera-reajuste-de-10-a-partir-deste-domingo\\\/#webpage\"},\"isPartOf\":{\"@id\":\"https:\\\/\\\/anoticiaonline.com.br\\\/site\\\/tarifa-de-onibus-tera-reajuste-de-10-a-partir-deste-domingo\\\/#webpage\"},\"articleSection\":\"Blog, aumento, decreto, Muria\\u00e9, \\u00f4nibus, passagem, reajuste, tarifas\"},{\"@type\":\"BreadcrumbList\",\"@id\":\"https:\\\/\\\/anoticiaonline.com.br\\\/site\\\/tarifa-de-onibus-tera-reajuste-de-10-a-partir-deste-domingo\\\/#breadcrumblist\",\"itemListElement\":[{\"@type\":\"ListItem\",\"@id\":\"https:\\\/\\\/anoticiaonline.com.br\\\/site#listItem\",\"position\":1,\"name\":\"Home\",\"item\":\"https:\\\/\\\/anoticiaonline.com.br\\\/site\",\"nextItem\":{\"@type\":\"ListItem\",\"@id\":\"https:\\\/\\\/anoticiaonline.com.br\\\/site\\\/categoria\\\/muriae\\\/#listItem\",\"name\":\"Blog\"}},{\"@type\":\"ListItem\",\"@id\":\"https:\\\/\\\/anoticiaonline.com.br\\\/site\\\/categoria\\\/muriae\\\/#listItem\",\"position\":2,\"name\":\"Blog\",\"item\":\"https:\\\/\\\/anoticiaonline.com.br\\\/site\\\/categoria\\\/muriae\\\/\",\"nextItem\":{\"@type\":\"ListItem\",\"@id\":\"https:\\\/\\\/anoticiaonline.com.br\\\/site\\\/tarifa-de-onibus-tera-reajuste-de-10-a-partir-deste-domingo\\\/#listItem\",\"name\":\"Tarifa de \\u00f4nibus ter\\u00e1 reajuste de 10% a partir deste domingo\"},\"previousItem\":{\"@type\":\"ListItem\",\"@id\":\"https:\\\/\\\/anoticiaonline.com.br\\\/site#listItem\",\"name\":\"Home\"}},{\"@type\":\"ListItem\",\"@id\":\"https:\\\/\\\/anoticiaonline.com.br\\\/site\\\/tarifa-de-onibus-tera-reajuste-de-10-a-partir-deste-domingo\\\/#listItem\",\"position\":3,\"name\":\"Tarifa de \\u00f4nibus ter\\u00e1 reajuste de 10% a partir deste domingo\",\"previousItem\":{\"@type\":\"ListItem\",\"@id\":\"https:\\\/\\\/anoticiaonline.com.br\\\/site\\\/categoria\\\/muriae\\\/#listItem\",\"name\":\"Blog\"}}]},{\"@type\":\"Organization\",\"@id\":\"https:\\\/\\\/anoticiaonline.com.br\\\/site\\\/#organization\",\"name\":\"A Not\\u00edcia Online\",\"description\":\"Noticias de Muria\\u00e9 e regi\\u00e3o\",\"url\":\"https:\\\/\\\/anoticiaonline.com.br\\\/site\\\/\",\"logo\":{\"@type\":\"ImageObject\",\"url\":\"https:\\\/\\\/scontent-gig4-1.xx.fbcdn.net\\\/v\\\/t39.30808-1\\\/270437624_4564083193639691_6907940295614233970_n.jpg?stp=dst-jpg_s200x200_tt6&_nc_cat=111&ccb=1-7&_nc_sid=f907e8&_nc_ohc=SM1wRlP3lJwQ7kNvwEPuBYA&_nc_oc=AdnqrjDN_BNjSSHWO-GbkIWH6fkGMLw4bqvL_NH6e2wMveX7G-rP2dAqsDSq1mJMOaY&_nc_zt=24&_nc_ht=scontent-gig4-1.xx&_nc_gid=AoBFJeGrT1hVaew_6rchkQ&oh=00_AfX7QmFGhQhG2jAllVgXCiM1ZrWgvtp80-Bfppyexh1QEg&oe=689E923C\",\"@id\":\"https:\\\/\\\/anoticiaonline.com.br\\\/site\\\/tarifa-de-onibus-tera-reajuste-de-10-a-partir-deste-domingo\\\/#organizationLogo\"},\"image\":{\"@id\":\"https:\\\/\\\/anoticiaonline.com.br\\\/site\\\/tarifa-de-onibus-tera-reajuste-de-10-a-partir-deste-domingo\\\/#organizationLogo\"}},{\"@type\":\"Person\",\"@id\":\"https:\\\/\\\/anoticiaonline.com.br\\\/site\\\/author\\\/juliana\\\/#author\",\"url\":\"https:\\\/\\\/anoticiaonline.com.br\\\/site\\\/author\\\/juliana\\\/\",\"name\":\"Juliana Laviola\",\"image\":{\"@type\":\"ImageObject\",\"@id\":\"https:\\\/\\\/anoticiaonline.com.br\\\/site\\\/tarifa-de-onibus-tera-reajuste-de-10-a-partir-deste-domingo\\\/#authorImage\",\"url\":\"https:\\\/\\\/secure.gravatar.com\\\/avatar\\\/b8d45f5c699b100dfaf0e543582f38f38bf94cb7ae3a5e9abf8d891a34773335?s=96&d=mm&r=g\",\"width\":96,\"height\":96,\"caption\":\"Juliana Laviola\"}},{\"@type\":\"WebPage\",\"@id\":\"https:\\\/\\\/anoticiaonline.com.br\\\/site\\\/tarifa-de-onibus-tera-reajuste-de-10-a-partir-deste-domingo\\\/#webpage\",\"url\":\"https:\\\/\\\/anoticiaonline.com.br\\\/site\\\/tarifa-de-onibus-tera-reajuste-de-10-a-partir-deste-domingo\\\/\",\"name\":\"Tarifa de \\u00f4nibus ter\\u00e1 reajuste de 10% a partir deste domingo - A Not\\u00edcia Online\",\"description\":\"A partir deste domingo (22), a passagem dos \\u00f4nibus da Via\\u00e7\\u00e3o Uni\\u00e3o ter\\u00e1 valor de R$2,75, um reajuste de 10% sobre os R$2,50 da tarifa atual. O aumento foi autorizado atrav\\u00e9s de decreto do prefeito Grego. De acordo com a empresa respons\\u00e1vel pelo transporte coletivo na cidade, o reajuste deve-se aos aumentos consecutivos de combust\\u00edveis.\",\"inLanguage\":\"pt-BR\",\"isPartOf\":{\"@id\":\"https:\\\/\\\/anoticiaonline.com.br\\\/site\\\/#website\"},\"breadcrumb\":{\"@id\":\"https:\\\/\\\/anoticiaonline.com.br\\\/site\\\/tarifa-de-onibus-tera-reajuste-de-10-a-partir-deste-domingo\\\/#breadcrumblist\"},\"author\":{\"@id\":\"https:\\\/\\\/anoticiaonline.com.br\\\/site\\\/author\\\/juliana\\\/#author\"},\"creator\":{\"@id\":\"https:\\\/\\\/anoticiaonline.com.br\\\/site\\\/author\\\/juliana\\\/#author\"},\"image\":{\"@type\":\"ImageObject\",\"url\":\"https:\\\/\\\/anoticiaonline.com.br\\\/site\\\/wp-content\\\/uploads\\\/2018\\\/04\\\/Tarifa-de-\\u00f4nibus-ter\\u00e1-reajuste-de-10-a-partir-deste-domingo-2.jpg\",\"@id\":\"https:\\\/\\\/anoticiaonline.com.br\\\/site\\\/tarifa-de-onibus-tera-reajuste-de-10-a-partir-deste-domingo\\\/#mainImage\",\"width\":640,\"height\":427},\"primaryImageOfPage\":{\"@id\":\"https:\\\/\\\/anoticiaonline.com.br\\\/site\\\/tarifa-de-onibus-tera-reajuste-de-10-a-partir-deste-domingo\\\/#mainImage\"},\"datePublished\":\"2018-04-19T21:17:08-03:00\",\"dateModified\":\"2018-04-19T21:17:08-03:00\"},{\"@type\":\"WebSite\",\"@id\":\"https:\\\/\\\/anoticiaonline.com.br\\\/site\\\/#website\",\"url\":\"https:\\\/\\\/anoticiaonline.com.br\\\/site\\\/\",\"name\":\"A Not\\u00edcia Online\",\"description\":\"Noticias de Muria\\u00e9 e regi\\u00e3o\",\"inLanguage\":\"pt-BR\",\"publisher\":{\"@id\":\"https:\\\/\\\/anoticiaonline.com.br\\\/site\\\/#organization\"}}]}\n\t\t<\/script>\n\t\t<!-- All in One SEO -->\n\n","aioseo_head_json":{"title":"Tarifa de \u00f4nibus ter\u00e1 reajuste de 10% a partir deste domingo - A Not\u00edcia Online","description":"A partir deste domingo (22), a passagem dos \u00f4nibus da Via\u00e7\u00e3o Uni\u00e3o ter\u00e1 valor de R$2,75, um reajuste de 10% sobre os R$2,50 da tarifa atual. O aumento foi autorizado atrav\u00e9s de decreto do prefeito Grego. De acordo com a empresa respons\u00e1vel pelo transporte coletivo na cidade, o reajuste deve-se aos aumentos consecutivos de combust\u00edveis.","canonical_url":"https:\/\/anoticiaonline.com.br\/site\/tarifa-de-onibus-tera-reajuste-de-10-a-partir-deste-domingo\/","robots":"max-image-preview:large","keywords":"","webmasterTools":{"miscellaneous":""},"schema":{"@context":"https:\/\/schema.org","@graph":[{"@type":"BlogPosting","@id":"https:\/\/anoticiaonline.com.br\/site\/tarifa-de-onibus-tera-reajuste-de-10-a-partir-deste-domingo\/#blogposting","name":"Tarifa de \u00f4nibus ter\u00e1 reajuste de 10% a partir deste domingo - A Not\u00edcia Online","headline":"Tarifa de \u00f4nibus ter\u00e1 reajuste de 10% a partir deste domingo","author":{"@id":"https:\/\/anoticiaonline.com.br\/site\/author\/juliana\/#author"},"publisher":{"@id":"https:\/\/anoticiaonline.com.br\/site\/#organization"},"image":{"@type":"ImageObject","url":"https:\/\/anoticiaonline.com.br\/site\/wp-content\/uploads\/2018\/04\/Tarifa-de-\u00f4nibus-ter\u00e1-reajuste-de-10-a-partir-deste-domingo-2.jpg","width":640,"height":427},"datePublished":"2018-04-19T21:17:08-03:00","dateModified":"2018-04-19T21:17:08-03:00","inLanguage":"pt-BR","mainEntityOfPage":{"@id":"https:\/\/anoticiaonline.com.br\/site\/tarifa-de-onibus-tera-reajuste-de-10-a-partir-deste-domingo\/#webpage"},"isPartOf":{"@id":"https:\/\/anoticiaonline.com.br\/site\/tarifa-de-onibus-tera-reajuste-de-10-a-partir-deste-domingo\/#webpage"},"articleSection":"Blog, aumento, decreto, Muria\u00e9, \u00f4nibus, passagem, reajuste, tarifas"},{"@type":"BreadcrumbList","@id":"https:\/\/anoticiaonline.com.br\/site\/tarifa-de-onibus-tera-reajuste-de-10-a-partir-deste-domingo\/#breadcrumblist","itemListElement":[{"@type":"ListItem","@id":"https:\/\/anoticiaonline.com.br\/site#listItem","position":1,"name":"Home","item":"https:\/\/anoticiaonline.com.br\/site","nextItem":{"@type":"ListItem","@id":"https:\/\/anoticiaonline.com.br\/site\/categoria\/muriae\/#listItem","name":"Blog"}},{"@type":"ListItem","@id":"https:\/\/anoticiaonline.com.br\/site\/categoria\/muriae\/#listItem","position":2,"name":"Blog","item":"https:\/\/anoticiaonline.com.br\/site\/categoria\/muriae\/","nextItem":{"@type":"ListItem","@id":"https:\/\/anoticiaonline.com.br\/site\/tarifa-de-onibus-tera-reajuste-de-10-a-partir-deste-domingo\/#listItem","name":"Tarifa de \u00f4nibus ter\u00e1 reajuste de 10% a partir deste domingo"},"previousItem":{"@type":"ListItem","@id":"https:\/\/anoticiaonline.com.br\/site#listItem","name":"Home"}},{"@type":"ListItem","@id":"https:\/\/anoticiaonline.com.br\/site\/tarifa-de-onibus-tera-reajuste-de-10-a-partir-deste-domingo\/#listItem","position":3,"name":"Tarifa de \u00f4nibus ter\u00e1 reajuste de 10% a partir deste domingo","previousItem":{"@type":"ListItem","@id":"https:\/\/anoticiaonline.com.br\/site\/categoria\/muriae\/#listItem","name":"Blog"}}]},{"@type":"Organization","@id":"https:\/\/anoticiaonline.com.br\/site\/#organization","name":"A Not\u00edcia Online","description":"Noticias de Muria\u00e9 e regi\u00e3o","url":"https:\/\/anoticiaonline.com.br\/site\/","logo":{"@type":"ImageObject","url":"https:\/\/scontent-gig4-1.xx.fbcdn.net\/v\/t39.30808-1\/270437624_4564083193639691_6907940295614233970_n.jpg?stp=dst-jpg_s200x200_tt6&_nc_cat=111&ccb=1-7&_nc_sid=f907e8&_nc_ohc=SM1wRlP3lJwQ7kNvwEPuBYA&_nc_oc=AdnqrjDN_BNjSSHWO-GbkIWH6fkGMLw4bqvL_NH6e2wMveX7G-rP2dAqsDSq1mJMOaY&_nc_zt=24&_nc_ht=scontent-gig4-1.xx&_nc_gid=AoBFJeGrT1hVaew_6rchkQ&oh=00_AfX7QmFGhQhG2jAllVgXCiM1ZrWgvtp80-Bfppyexh1QEg&oe=689E923C","@id":"https:\/\/anoticiaonline.com.br\/site\/tarifa-de-onibus-tera-reajuste-de-10-a-partir-deste-domingo\/#organizationLogo"},"image":{"@id":"https:\/\/anoticiaonline.com.br\/site\/tarifa-de-onibus-tera-reajuste-de-10-a-partir-deste-domingo\/#organizationLogo"}},{"@type":"Person","@id":"https:\/\/anoticiaonline.com.br\/site\/author\/juliana\/#author","url":"https:\/\/anoticiaonline.com.br\/site\/author\/juliana\/","name":"Juliana Laviola","image":{"@type":"ImageObject","@id":"https:\/\/anoticiaonline.com.br\/site\/tarifa-de-onibus-tera-reajuste-de-10-a-partir-deste-domingo\/#authorImage","url":"https:\/\/secure.gravatar.com\/avatar\/b8d45f5c699b100dfaf0e543582f38f38bf94cb7ae3a5e9abf8d891a34773335?s=96&d=mm&r=g","width":96,"height":96,"caption":"Juliana Laviola"}},{"@type":"WebPage","@id":"https:\/\/anoticiaonline.com.br\/site\/tarifa-de-onibus-tera-reajuste-de-10-a-partir-deste-domingo\/#webpage","url":"https:\/\/anoticiaonline.com.br\/site\/tarifa-de-onibus-tera-reajuste-de-10-a-partir-deste-domingo\/","name":"Tarifa de \u00f4nibus ter\u00e1 reajuste de 10% a partir deste domingo - A Not\u00edcia Online","description":"A partir deste domingo (22), a passagem dos \u00f4nibus da Via\u00e7\u00e3o Uni\u00e3o ter\u00e1 valor de R$2,75, um reajuste de 10% sobre os R$2,50 da tarifa atual. O aumento foi autorizado atrav\u00e9s de decreto do prefeito Grego. De acordo com a empresa respons\u00e1vel pelo transporte coletivo na cidade, o reajuste deve-se aos aumentos consecutivos de combust\u00edveis.","inLanguage":"pt-BR","isPartOf":{"@id":"https:\/\/anoticiaonline.com.br\/site\/#website"},"breadcrumb":{"@id":"https:\/\/anoticiaonline.com.br\/site\/tarifa-de-onibus-tera-reajuste-de-10-a-partir-deste-domingo\/#breadcrumblist"},"author":{"@id":"https:\/\/anoticiaonline.com.br\/site\/author\/juliana\/#author"},"creator":{"@id":"https:\/\/anoticiaonline.com.br\/site\/author\/juliana\/#author"},"image":{"@type":"ImageObject","url":"https:\/\/anoticiaonline.com.br\/site\/wp-content\/uploads\/2018\/04\/Tarifa-de-\u00f4nibus-ter\u00e1-reajuste-de-10-a-partir-deste-domingo-2.jpg","@id":"https:\/\/anoticiaonline.com.br\/site\/tarifa-de-onibus-tera-reajuste-de-10-a-partir-deste-domingo\/#mainImage","width":640,"height":427},"primaryImageOfPage":{"@id":"https:\/\/anoticiaonline.com.br\/site\/tarifa-de-onibus-tera-reajuste-de-10-a-partir-deste-domingo\/#mainImage"},"datePublished":"2018-04-19T21:17:08-03:00","dateModified":"2018-04-19T21:17:08-03:00"},{"@type":"WebSite","@id":"https:\/\/anoticiaonline.com.br\/site\/#website","url":"https:\/\/anoticiaonline.com.br\/site\/","name":"A Not\u00edcia Online","description":"Noticias de Muria\u00e9 e regi\u00e3o","inLanguage":"pt-BR","publisher":{"@id":"https:\/\/anoticiaonline.com.br\/site\/#organization"}}]},"og:locale":"pt_BR","og:site_name":"A Not\u00edcia Online - Noticias de Muria\u00e9 e regi\u00e3o","og:type":"article","og:title":"Tarifa de \u00f4nibus ter\u00e1 reajuste de 10% a partir deste domingo - A Not\u00edcia Online","og:description":"A partir deste domingo (22), a passagem dos \u00f4nibus da Via\u00e7\u00e3o Uni\u00e3o ter\u00e1 valor de R$2,75, um reajuste de 10% sobre os R$2,50 da tarifa atual. O aumento foi autorizado atrav\u00e9s de decreto do prefeito Grego. De acordo com a empresa respons\u00e1vel pelo transporte coletivo na cidade, o reajuste deve-se aos aumentos consecutivos de combust\u00edveis.","og:url":"https:\/\/anoticiaonline.com.br\/site\/tarifa-de-onibus-tera-reajuste-de-10-a-partir-deste-domingo\/","og:image":"https:\/\/scontent-gig4-1.xx.fbcdn.net\/v\/t39.30808-1\/270437624_4564083193639691_6907940295614233970_n.jpg?stp=dst-jpg_s200x200_tt6&#038;_nc_cat=111&#038;ccb=1-7&#038;_nc_sid=f907e8&#038;_nc_ohc=SM1wRlP3lJwQ7kNvwEPuBYA&#038;_nc_oc=AdnqrjDN_BNjSSHWO-GbkIWH6fkGMLw4bqvL_NH6e2wMveX7G-rP2dAqsDSq1mJMOaY&#038;_nc_zt=24&#038;_nc_ht=scontent-gig4-1.xx&#038;_nc_gid=AoBFJeGrT1hVaew_6rchkQ&#038;oh=00_AfX7QmFGhQhG2jAllVgXCiM1ZrWgvtp80-Bfppyexh1QEg&#038;oe=689E923C","og:image:secure_url":"https:\/\/scontent-gig4-1.xx.fbcdn.net\/v\/t39.30808-1\/270437624_4564083193639691_6907940295614233970_n.jpg?stp=dst-jpg_s200x200_tt6&#038;_nc_cat=111&#038;ccb=1-7&#038;_nc_sid=f907e8&#038;_nc_ohc=SM1wRlP3lJwQ7kNvwEPuBYA&#038;_nc_oc=AdnqrjDN_BNjSSHWO-GbkIWH6fkGMLw4bqvL_NH6e2wMveX7G-rP2dAqsDSq1mJMOaY&#038;_nc_zt=24&#038;_nc_ht=scontent-gig4-1.xx&#038;_nc_gid=AoBFJeGrT1hVaew_6rchkQ&#038;oh=00_AfX7QmFGhQhG2jAllVgXCiM1ZrWgvtp80-Bfppyexh1QEg&#038;oe=689E923C","article:published_time":"2018-04-20T00:17:08+00:00","article:modified_time":"2018-04-20T00:17:08+00:00","twitter:card":"summary_large_image","twitter:title":"Tarifa de \u00f4nibus ter\u00e1 reajuste de 10% a partir deste domingo - A Not\u00edcia Online","twitter:description":"A partir deste domingo (22), a passagem dos \u00f4nibus da Via\u00e7\u00e3o Uni\u00e3o ter\u00e1 valor de R$2,75, um reajuste de 10% sobre os R$2,50 da tarifa atual. O aumento foi autorizado atrav\u00e9s de decreto do prefeito Grego. De acordo com a empresa respons\u00e1vel pelo transporte coletivo na cidade, o reajuste deve-se aos aumentos consecutivos de combust\u00edveis.","twitter:image":"https:\/\/scontent-gig4-1.xx.fbcdn.net\/v\/t39.30808-1\/270437624_4564083193639691_6907940295614233970_n.jpg?stp=dst-jpg_s200x200_tt6&_nc_cat=111&ccb=1-7&_nc_sid=f907e8&_nc_ohc=SM1wRlP3lJwQ7kNvwEPuBYA&_nc_oc=AdnqrjDN_BNjSSHWO-GbkIWH6fkGMLw4bqvL_NH6e2wMveX7G-rP2dAqsDSq1mJMOaY&_nc_zt=24&_nc_ht=scontent-gig4-1.xx&_nc_gid=AoBFJeGrT1hVaew_6rchkQ&oh=00_AfX7QmFGhQhG2jAllVgXCiM1ZrWgvtp80-Bfppyexh1QEg&oe=689E923C"},"aioseo_meta_data":{"post_id":"53792","title":null,"description":null,"keywords":null,"keyphrases":null,"primary_term":null,"canonical_url":null,"og_title":null,"og_description":null,"og_object_type":"default","og_image_type":"default","og_image_url":null,"og_image_width":null,"og_image_height":null,"og_image_custom_url":null,"og_image_custom_fields":null,"og_video":null,"og_custom_url":null,"og_article_section":null,"og_article_tags":null,"twitter_use_og":false,"twitter_card":"default","twitter_image_type":"default","twitter_image_url":null,"twitter_image_custom_url":null,"twitter_image_custom_fields":null,"twitter_title":null,"twitter_description":null,"schema":{"blockGraphs":[],"customGraphs":[],"default":{"data":{"Article":[],"Course":[],"Dataset":[],"FAQPage":[],"Movie":[],"Person":[],"Product":[],"ProductReview":[],"Car":[],"Recipe":[],"Service":[],"SoftwareApplication":[],"WebPage":[]},"graphName":"","isEnabled":true},"graphs":[]},"schema_type":"default","schema_type_options":null,"pillar_content":false,"robots_default":true,"robots_noindex":false,"robots_noarchive":false,"robots_nosnippet":false,"robots_nofollow":false,"robots_noimageindex":false,"robots_noodp":false,"robots_notranslate":false,"robots_max_snippet":null,"robots_max_videopreview":null,"robots_max_imagepreview":"large","priority":null,"frequency":null,"local_seo":null,"breadcrumb_settings":null,"limit_modified_date":false,"ai":null,"created":"2025-08-16 20:42:36","updated":"2025-08-16 20:42:36","focus_keyword":null,"additional_keywords":null,"truseo_locale":null,"seo_analyzer_scan_date":null},"aioseo_breadcrumb":"<div class=\"aioseo-breadcrumbs\"><span class=\"aioseo-breadcrumb\">\n\t\t\t<a href=\"https:\/\/anoticiaonline.com.br\/site\" title=\"Home\">Home<\/a>\n\t\t<\/span><span class=\"aioseo-breadcrumb-separator\">&raquo;<\/span><span class=\"aioseo-breadcrumb\">\n\t\t\t<a href=\"https:\/\/anoticiaonline.com.br\/site\/categoria\/muriae\/\" title=\"Blog\">Blog<\/a>\n\t\t<\/span><span class=\"aioseo-breadcrumb-separator\">&raquo;<\/span><span class=\"aioseo-breadcrumb\">\n\t\t\tTarifa de \u00f4nibus ter\u00e1 reajuste de 10% a partir deste domingo\n\t\t<\/span><\/div>","aioseo_breadcrumb_json":[{"label":"Home","link":"https:\/\/anoticiaonline.com.br\/site"},{"label":"Blog","link":"https:\/\/anoticiaonline.com.br\/site\/categoria\/muriae\/"},{"label":"Tarifa de \u00f4nibus ter\u00e1 reajuste de 10% a partir deste domingo","link":"https:\/\/anoticiaonline.com.br\/site\/tarifa-de-onibus-tera-reajuste-de-10-a-partir-deste-domingo\/"}],"views":118,"_links":{"self":[{"href":"https:\/\/anoticiaonline.com.br\/site\/wp-json\/wp\/v2\/posts\/53792","targetHints":{"allow":["GET"]}}],"collection":[{"href":"https:\/\/anoticiaonline.com.br\/site\/wp-json\/wp\/v2\/posts"}],"about":[{"href":"https:\/\/anoticiaonline.com.br\/site\/wp-json\/wp\/v2\/types\/post"}],"author":[{"embeddable":true,"href":"https:\/\/anoticiaonline.com.br\/site\/wp-json\/wp\/v2\/users\/2"}],"replies":[{"embeddable":true,"href":"https:\/\/anoticiaonline.com.br\/site\/wp-json\/wp\/v2\/comments?post=53792"}],"version-history":[{"count":0,"href":"https:\/\/anoticiaonline.com.br\/site\/wp-json\/wp\/v2\/posts\/53792\/revisions"}],"wp:featuredmedia":[{"embeddable":true,"href":"https:\/\/anoticiaonline.com.br\/site\/wp-json\/wp\/v2\/media\/53794"}],"wp:attachment":[{"href":"https:\/\/anoticiaonline.com.br\/site\/wp-json\/wp\/v2\/media?parent=53792"}],"wp:term":[{"taxonomy":"category","embeddable":true,"href":"https:\/\/anoticiaonline.com.br\/site\/wp-json\/wp\/v2\/categories?post=53792"},{"taxonomy":"post_tag","embeddable":true,"href":"https:\/\/anoticiaonline.com.br\/site\/wp-json\/wp\/v2\/tags?post=53792"}],"curies":[{"name":"wp","href":"https:\/\/api.w.org\/{rel}","templated":true}]}}