{"id":53766,"date":"2018-04-14T10:10:03","date_gmt":"2018-04-14T13:10:03","guid":{"rendered":"http:\/\/anoticiaonline.com.br\/site\/?p=53766"},"modified":"2018-04-19T10:15:09","modified_gmt":"2018-04-19T13:15:09","slug":"sociarte-13-04-18-2","status":"publish","type":"post","link":"https:\/\/anoticiaonline.com.br\/site\/sociarte-13-04-18-2\/","title":{"rendered":"SOCIARTE 13.04.18"},"content":{"rendered":"<p><a href=\"https:\/\/anoticiaonline.com.br\/site\/wp-content\/uploads\/2018\/04\/Parab\u00e9ns-Pedro.jpg\"><img fetchpriority=\"high\" decoding=\"async\" class=\"aligncenter size-full wp-image-53771\" src=\"https:\/\/anoticiaonline.com.br\/site\/wp-content\/uploads\/2018\/04\/Parab\u00e9ns-Pedro.jpg\" alt=\"\" width=\"640\" height=\"426\" srcset=\"https:\/\/anoticiaonline.com.br\/site\/wp-content\/uploads\/2018\/04\/Parab\u00e9ns-Pedro.jpg 640w, https:\/\/anoticiaonline.com.br\/site\/wp-content\/uploads\/2018\/04\/Parab\u00e9ns-Pedro-300x200.jpg 300w\" sizes=\"(max-width: 640px) 100vw, 640px\" \/><\/a>Parab\u00e9ns Pedro<\/p>\n<p>E o Pedr\u00e3o completou 6 anos! Ele convidou os coleguinhas de escola e os amiguinhos mais chegados, para comemorar seu niver no Tio Vov\u00f4 Play, na sexta-feira (6), com o tema M\u00e1rio Bros. Com buffet, decora\u00e7\u00e3o e entretenimento pr\u00f3prios do espa\u00e7o e doces da Do\u00e7uras da Telma, a crian\u00e7ada se deliciou muito e brincou at\u00e9 cansar. Papai C\u00e9sar Bittencourt, mam\u00e3e Clarissana e irm\u00e3zinhas Cec\u00edlia e Lu\u00edsa tamb\u00e9m se divertiram pra caramba!<\/p>\n<p>&nbsp;<\/p>\n<p><a href=\"https:\/\/anoticiaonline.com.br\/site\/wp-content\/uploads\/2018\/04\/2-anos-de-Maria-Ant\u00f4nia.jpg\"><img decoding=\"async\" class=\"aligncenter size-full wp-image-53767\" src=\"https:\/\/anoticiaonline.com.br\/site\/wp-content\/uploads\/2018\/04\/2-anos-de-Maria-Ant\u00f4nia.jpg\" alt=\"\" width=\"426\" height=\"640\" srcset=\"https:\/\/anoticiaonline.com.br\/site\/wp-content\/uploads\/2018\/04\/2-anos-de-Maria-Ant\u00f4nia.jpg 426w, https:\/\/anoticiaonline.com.br\/site\/wp-content\/uploads\/2018\/04\/2-anos-de-Maria-Ant\u00f4nia-200x300.jpg 200w\" sizes=\"(max-width: 426px) 100vw, 426px\" \/><\/a>2 anos de Maria Ant\u00f4nia<\/p>\n<p>A pequena Maria Ant\u00f4nia dos Reis escolheu o tema \u201cMarsha e Urso\u201d para comemorar o seu anivers\u00e1rio de 2 aninhos. Ela e os papais Ros\u00e2ngela Ant\u00f4nia Peixoto e Vin\u00edcius Jos\u00e9 dos Reis receberam amigos e familiares para uma festa no s\u00e1bado (7), no sal\u00e3o da Igreja do Santa Terezinha. Parab\u00e9ns, Maria Ant\u00f4nia, que Deus te d\u00ea muitos anos de vida! Foto: Revele Photo.<\/p>\n<p>&nbsp;<\/p>\n<p><a href=\"https:\/\/anoticiaonline.com.br\/site\/wp-content\/uploads\/2018\/04\/Parab\u00e9ns-Neto.jpg\"><img decoding=\"async\" class=\"aligncenter size-full wp-image-53770\" src=\"https:\/\/anoticiaonline.com.br\/site\/wp-content\/uploads\/2018\/04\/Parab\u00e9ns-Neto.jpg\" alt=\"\" width=\"640\" height=\"424\" srcset=\"https:\/\/anoticiaonline.com.br\/site\/wp-content\/uploads\/2018\/04\/Parab\u00e9ns-Neto.jpg 640w, https:\/\/anoticiaonline.com.br\/site\/wp-content\/uploads\/2018\/04\/Parab\u00e9ns-Neto-300x199.jpg 300w\" sizes=\"(max-width: 640px) 100vw, 640px\" \/><\/a>Niver de Neto Salum<\/p>\n<p>O simp\u00e1tico Neto Salum aniversariou no s\u00e1bado (7) e ganhou uma festa surpresa de todos os funcion\u00e1rios que trabalham na Churrascaria Serra do Sol para comemorar a chegada dos seus 18 anos. Ele que \u00e9 filho do casal Selma Soares da Silva Salum e Jos\u00e9 Alberto Guedes Teixeira Salum, e tamb\u00e9m irm\u00e3o de Nath\u00e1lia Soares Salum, \u00e9 querido por todos que frequentam a churrascaria. Parab\u00e9ns, Neto! Muita sa\u00fade e paz!<\/p>\n<p>&nbsp;<\/p>\n<p><a href=\"https:\/\/anoticiaonline.com.br\/site\/wp-content\/uploads\/2018\/04\/Parab\u00e9ns-Gabi.jpg\"><img loading=\"lazy\" decoding=\"async\" class=\"aligncenter size-full wp-image-53769\" src=\"https:\/\/anoticiaonline.com.br\/site\/wp-content\/uploads\/2018\/04\/Parab\u00e9ns-Gabi.jpg\" alt=\"\" width=\"640\" height=\"640\" srcset=\"https:\/\/anoticiaonline.com.br\/site\/wp-content\/uploads\/2018\/04\/Parab\u00e9ns-Gabi.jpg 640w, https:\/\/anoticiaonline.com.br\/site\/wp-content\/uploads\/2018\/04\/Parab\u00e9ns-Gabi-150x150.jpg 150w, https:\/\/anoticiaonline.com.br\/site\/wp-content\/uploads\/2018\/04\/Parab\u00e9ns-Gabi-300x300.jpg 300w, https:\/\/anoticiaonline.com.br\/site\/wp-content\/uploads\/2018\/04\/Parab\u00e9ns-Gabi-144x144.jpg 144w\" sizes=\"(max-width: 640px) 100vw, 640px\" \/><\/a>Parab\u00e9ns Gabi<\/p>\n<p>A nossa querida amiga jornalista, Gabriela Marquito, completou idade nova nesta \u00faltima ter\u00e7a-feira (10). Ela que, por quase uma d\u00e9cada, trabalhou no jornal A Not\u00edcia, hoje \u00e9 assessora de comunica\u00e7\u00e3o da Prefeitura Municipal de Muria\u00e9. Parab\u00e9ns, Gabi, que Deus te d\u00ea muitos e muitos anos de vida para que voc\u00ea alcance todos os seus objetivos e que Ele realize todos os seus sonhos. Parab\u00e9ns hoje e sempre!!!<\/p>\n<p>&nbsp;<\/p>\n<p><a href=\"https:\/\/anoticiaonline.com.br\/site\/wp-content\/uploads\/2018\/04\/Parab\u00e9ns-Silvan.jpg\"><img loading=\"lazy\" decoding=\"async\" class=\"aligncenter size-full wp-image-53772\" src=\"https:\/\/anoticiaonline.com.br\/site\/wp-content\/uploads\/2018\/04\/Parab\u00e9ns-Silvan.jpg\" alt=\"\" width=\"640\" height=\"614\" srcset=\"https:\/\/anoticiaonline.com.br\/site\/wp-content\/uploads\/2018\/04\/Parab\u00e9ns-Silvan.jpg 640w, https:\/\/anoticiaonline.com.br\/site\/wp-content\/uploads\/2018\/04\/Parab\u00e9ns-Silvan-300x288.jpg 300w\" sizes=\"(max-width: 640px) 100vw, 640px\" \/><\/a>Parab\u00e9ns Silvan<\/p>\n<p>O nosso amigo jornalista Silvan Alves ir\u00e1 completar idade nova na segunda-feira (16). A ele, que faz um belo trabalho no jornalismo em Muria\u00e9 e regi\u00e3o, desejamos muitos e muitos anos de vida. Enviamos votos de muitas felicidades hoje e sempre. Parab\u00e9ns Silvan!<\/p>\n<p>&nbsp;<\/p>\n<p><a href=\"https:\/\/anoticiaonline.com.br\/site\/wp-content\/uploads\/2018\/04\/Lan\u00e7amento-do-Livro.jpg\"><img loading=\"lazy\" decoding=\"async\" class=\"aligncenter size-full wp-image-53768\" src=\"https:\/\/anoticiaonline.com.br\/site\/wp-content\/uploads\/2018\/04\/Lan\u00e7amento-do-Livro.jpg\" alt=\"\" width=\"640\" height=\"360\" srcset=\"https:\/\/anoticiaonline.com.br\/site\/wp-content\/uploads\/2018\/04\/Lan\u00e7amento-do-Livro.jpg 640w, https:\/\/anoticiaonline.com.br\/site\/wp-content\/uploads\/2018\/04\/Lan\u00e7amento-do-Livro-300x169.jpg 300w\" sizes=\"(max-width: 640px) 100vw, 640px\" \/><\/a>Lan\u00e7amento de \u201cMinha Hist\u00f3ria\u201d<\/p>\n<p>Neste s\u00e1bado, acontece o lan\u00e7amento oficial da biografia \u201cMinha Hist\u00f3ria\u201d, que conta a vida do l\u00edder da Igreja do Evangelho Quadrangular em Muria\u00e9, reverendo Wilson Reis. Os exemplares j\u00e1 se encontram a disposi\u00e7\u00e3o dos interessados na sede da igreja, localizada na rua Dr. Ant\u00f4nio Rog\u00e9rio de Castro, 24, no bairro da Barra. Parab\u00e9ns, reverendo, pela iniciativa.<\/p>\n","protected":false},"excerpt":{"rendered":"<p>Parab\u00e9ns Pedro E o Pedr\u00e3o completou 6 anos! Ele convidou os coleguinhas de escola e os amiguinhos mais chegados, para comemorar seu niver no Tio Vov\u00f4 Play, na sexta-feira (6), com o tema M\u00e1rio Bros. Com buffet, decora\u00e7\u00e3o e entretenimento pr\u00f3prios do espa\u00e7o e doces da Do\u00e7uras da Telma, a crian\u00e7ada se deliciou muito e &#8230; <a title=\"SOCIARTE 13.04.18\" class=\"read-more\" href=\"https:\/\/anoticiaonline.com.br\/site\/sociarte-13-04-18-2\/\" aria-label=\"Read more about SOCIARTE 13.04.18\">Ler mais<\/a><\/p>\n","protected":false},"author":2,"featured_media":0,"comment_status":"open","ping_status":"open","sticky":false,"template":"","format":"standard","meta":{"_acf_changed":false,"_monsterinsights_skip_tracking":false,"footnotes":""},"categories":[31,38],"tags":[],"class_list":["post-53766","post","type-post","status-publish","format-standard","hentry","category-colunistas","category-sociarte"],"acf":[],"aioseo_notices":[],"aioseo_head":"\n\t\t<!-- All in One SEO 5.0.0.1 - aioseo.com -->\n\t<meta name=\"description\" content=\"Parab\u00e9ns Pedro E o Pedr\u00e3o completou 6 anos! Ele convidou os coleguinhas de escola e os amiguinhos mais chegados, para comemorar seu niver no Tio Vov\u00f4 Play, na sexta-feira (6), com o tema M\u00e1rio Bros. Com buffet, decora\u00e7\u00e3o e entretenimento pr\u00f3prios do espa\u00e7o e doces da Do\u00e7uras da Telma, a crian\u00e7ada se deliciou muito e\" \/>\n\t<meta name=\"robots\" content=\"max-image-preview:large\" \/>\n\t<meta name=\"author\" content=\"Juliana Laviola\"\/>\n\t<link rel=\"canonical\" href=\"https:\/\/anoticiaonline.com.br\/site\/sociarte-13-04-18-2\/\" \/>\n\t<meta name=\"generator\" content=\"All in One SEO (AIOSEO) 5.0.0.1\" \/>\n\t\t<meta property=\"og:locale\" content=\"pt_BR\" \/>\n\t\t<meta property=\"og:site_name\" content=\"A Not\u00edcia Online - Noticias de Muria\u00e9 e regi\u00e3o\" \/>\n\t\t<meta property=\"og:type\" content=\"article\" \/>\n\t\t<meta property=\"og:title\" content=\"SOCIARTE 13.04.18 - A Not\u00edcia Online\" \/>\n\t\t<meta property=\"og:description\" content=\"Parab\u00e9ns Pedro E o Pedr\u00e3o completou 6 anos! Ele convidou os coleguinhas de escola e os amiguinhos mais chegados, para comemorar seu niver no Tio Vov\u00f4 Play, na sexta-feira (6), com o tema M\u00e1rio Bros. Com buffet, decora\u00e7\u00e3o e entretenimento pr\u00f3prios do espa\u00e7o e doces da Do\u00e7uras da Telma, a crian\u00e7ada se deliciou muito e\" \/>\n\t\t<meta property=\"og:url\" content=\"https:\/\/anoticiaonline.com.br\/site\/sociarte-13-04-18-2\/\" \/>\n\t\t<meta property=\"og:image\" content=\"https:\/\/scontent-gig4-1.xx.fbcdn.net\/v\/t39.30808-1\/270437624_4564083193639691_6907940295614233970_n.jpg?stp=dst-jpg_s200x200_tt6&#038;_nc_cat=111&#038;ccb=1-7&#038;_nc_sid=f907e8&#038;_nc_ohc=SM1wRlP3lJwQ7kNvwEPuBYA&#038;_nc_oc=AdnqrjDN_BNjSSHWO-GbkIWH6fkGMLw4bqvL_NH6e2wMveX7G-rP2dAqsDSq1mJMOaY&#038;_nc_zt=24&#038;_nc_ht=scontent-gig4-1.xx&#038;_nc_gid=AoBFJeGrT1hVaew_6rchkQ&#038;oh=00_AfX7QmFGhQhG2jAllVgXCiM1ZrWgvtp80-Bfppyexh1QEg&#038;oe=689E923C\" \/>\n\t\t<meta property=\"og:image:secure_url\" content=\"https:\/\/scontent-gig4-1.xx.fbcdn.net\/v\/t39.30808-1\/270437624_4564083193639691_6907940295614233970_n.jpg?stp=dst-jpg_s200x200_tt6&#038;_nc_cat=111&#038;ccb=1-7&#038;_nc_sid=f907e8&#038;_nc_ohc=SM1wRlP3lJwQ7kNvwEPuBYA&#038;_nc_oc=AdnqrjDN_BNjSSHWO-GbkIWH6fkGMLw4bqvL_NH6e2wMveX7G-rP2dAqsDSq1mJMOaY&#038;_nc_zt=24&#038;_nc_ht=scontent-gig4-1.xx&#038;_nc_gid=AoBFJeGrT1hVaew_6rchkQ&#038;oh=00_AfX7QmFGhQhG2jAllVgXCiM1ZrWgvtp80-Bfppyexh1QEg&#038;oe=689E923C\" \/>\n\t\t<meta property=\"article:published_time\" content=\"2018-04-14T13:10:03+00:00\" \/>\n\t\t<meta property=\"article:modified_time\" content=\"2018-04-19T13:15:09+00:00\" \/>\n\t\t<meta name=\"twitter:card\" content=\"summary_large_image\" \/>\n\t\t<meta name=\"twitter:title\" content=\"SOCIARTE 13.04.18 - A Not\u00edcia Online\" \/>\n\t\t<meta name=\"twitter:description\" content=\"Parab\u00e9ns Pedro E o Pedr\u00e3o completou 6 anos! Ele convidou os coleguinhas de escola e os amiguinhos mais chegados, para comemorar seu niver no Tio Vov\u00f4 Play, na sexta-feira (6), com o tema M\u00e1rio Bros. Com buffet, decora\u00e7\u00e3o e entretenimento pr\u00f3prios do espa\u00e7o e doces da Do\u00e7uras da Telma, a crian\u00e7ada se deliciou muito e\" \/>\n\t\t<meta name=\"twitter:image\" content=\"https:\/\/scontent-gig4-1.xx.fbcdn.net\/v\/t39.30808-1\/270437624_4564083193639691_6907940295614233970_n.jpg?stp=dst-jpg_s200x200_tt6&amp;_nc_cat=111&amp;ccb=1-7&amp;_nc_sid=f907e8&amp;_nc_ohc=SM1wRlP3lJwQ7kNvwEPuBYA&amp;_nc_oc=AdnqrjDN_BNjSSHWO-GbkIWH6fkGMLw4bqvL_NH6e2wMveX7G-rP2dAqsDSq1mJMOaY&amp;_nc_zt=24&amp;_nc_ht=scontent-gig4-1.xx&amp;_nc_gid=AoBFJeGrT1hVaew_6rchkQ&amp;oh=00_AfX7QmFGhQhG2jAllVgXCiM1ZrWgvtp80-Bfppyexh1QEg&amp;oe=689E923C\" \/>\n\t\t<script type=\"application\/ld+json\" class=\"aioseo-schema\">\n\t\t\t{\"@context\":\"https:\\\/\\\/schema.org\",\"@graph\":[{\"@type\":\"BlogPosting\",\"@id\":\"https:\\\/\\\/anoticiaonline.com.br\\\/site\\\/sociarte-13-04-18-2\\\/#blogposting\",\"name\":\"SOCIARTE 13.04.18 - A Not\\u00edcia Online\",\"headline\":\"SOCIARTE 13.04.18\",\"author\":{\"@id\":\"https:\\\/\\\/anoticiaonline.com.br\\\/site\\\/author\\\/juliana\\\/#author\"},\"publisher\":{\"@id\":\"https:\\\/\\\/anoticiaonline.com.br\\\/site\\\/#organization\"},\"image\":{\"@type\":\"ImageObject\",\"url\":\"https:\\\/\\\/anoticiaonline.com.br\\\/site\\\/wp-content\\\/uploads\\\/2018\\\/04\\\/Parab\\u00e9ns-Pedro.jpg\",\"@id\":\"https:\\\/\\\/anoticiaonline.com.br\\\/site\\\/sociarte-13-04-18-2\\\/#articleImage\",\"width\":640,\"height\":426},\"datePublished\":\"2018-04-14T10:10:03-03:00\",\"dateModified\":\"2018-04-19T10:15:09-03:00\",\"inLanguage\":\"pt-BR\",\"mainEntityOfPage\":{\"@id\":\"https:\\\/\\\/anoticiaonline.com.br\\\/site\\\/sociarte-13-04-18-2\\\/#webpage\"},\"isPartOf\":{\"@id\":\"https:\\\/\\\/anoticiaonline.com.br\\\/site\\\/sociarte-13-04-18-2\\\/#webpage\"},\"articleSection\":\"Colunistas, Sociarte\"},{\"@type\":\"BreadcrumbList\",\"@id\":\"https:\\\/\\\/anoticiaonline.com.br\\\/site\\\/sociarte-13-04-18-2\\\/#breadcrumblist\",\"itemListElement\":[{\"@type\":\"ListItem\",\"@id\":\"https:\\\/\\\/anoticiaonline.com.br\\\/site#listItem\",\"position\":1,\"name\":\"Home\",\"item\":\"https:\\\/\\\/anoticiaonline.com.br\\\/site\",\"nextItem\":{\"@type\":\"ListItem\",\"@id\":\"https:\\\/\\\/anoticiaonline.com.br\\\/site\\\/categoria\\\/colunistas\\\/#listItem\",\"name\":\"Colunistas\"}},{\"@type\":\"ListItem\",\"@id\":\"https:\\\/\\\/anoticiaonline.com.br\\\/site\\\/categoria\\\/colunistas\\\/#listItem\",\"position\":2,\"name\":\"Colunistas\",\"item\":\"https:\\\/\\\/anoticiaonline.com.br\\\/site\\\/categoria\\\/colunistas\\\/\",\"nextItem\":{\"@type\":\"ListItem\",\"@id\":\"https:\\\/\\\/anoticiaonline.com.br\\\/site\\\/categoria\\\/colunistas\\\/sociarte\\\/#listItem\",\"name\":\"Sociarte\"},\"previousItem\":{\"@type\":\"ListItem\",\"@id\":\"https:\\\/\\\/anoticiaonline.com.br\\\/site#listItem\",\"name\":\"Home\"}},{\"@type\":\"ListItem\",\"@id\":\"https:\\\/\\\/anoticiaonline.com.br\\\/site\\\/categoria\\\/colunistas\\\/sociarte\\\/#listItem\",\"position\":3,\"name\":\"Sociarte\",\"item\":\"https:\\\/\\\/anoticiaonline.com.br\\\/site\\\/categoria\\\/colunistas\\\/sociarte\\\/\",\"nextItem\":{\"@type\":\"ListItem\",\"@id\":\"https:\\\/\\\/anoticiaonline.com.br\\\/site\\\/sociarte-13-04-18-2\\\/#listItem\",\"name\":\"SOCIARTE 13.04.18\"},\"previousItem\":{\"@type\":\"ListItem\",\"@id\":\"https:\\\/\\\/anoticiaonline.com.br\\\/site\\\/categoria\\\/colunistas\\\/#listItem\",\"name\":\"Colunistas\"}},{\"@type\":\"ListItem\",\"@id\":\"https:\\\/\\\/anoticiaonline.com.br\\\/site\\\/sociarte-13-04-18-2\\\/#listItem\",\"position\":4,\"name\":\"SOCIARTE 13.04.18\",\"previousItem\":{\"@type\":\"ListItem\",\"@id\":\"https:\\\/\\\/anoticiaonline.com.br\\\/site\\\/categoria\\\/colunistas\\\/sociarte\\\/#listItem\",\"name\":\"Sociarte\"}}]},{\"@type\":\"Organization\",\"@id\":\"https:\\\/\\\/anoticiaonline.com.br\\\/site\\\/#organization\",\"name\":\"A Not\\u00edcia Online\",\"description\":\"Noticias de Muria\\u00e9 e regi\\u00e3o\",\"url\":\"https:\\\/\\\/anoticiaonline.com.br\\\/site\\\/\",\"logo\":{\"@type\":\"ImageObject\",\"url\":\"https:\\\/\\\/scontent-gig4-1.xx.fbcdn.net\\\/v\\\/t39.30808-1\\\/270437624_4564083193639691_6907940295614233970_n.jpg?stp=dst-jpg_s200x200_tt6&_nc_cat=111&ccb=1-7&_nc_sid=f907e8&_nc_ohc=SM1wRlP3lJwQ7kNvwEPuBYA&_nc_oc=AdnqrjDN_BNjSSHWO-GbkIWH6fkGMLw4bqvL_NH6e2wMveX7G-rP2dAqsDSq1mJMOaY&_nc_zt=24&_nc_ht=scontent-gig4-1.xx&_nc_gid=AoBFJeGrT1hVaew_6rchkQ&oh=00_AfX7QmFGhQhG2jAllVgXCiM1ZrWgvtp80-Bfppyexh1QEg&oe=689E923C\",\"@id\":\"https:\\\/\\\/anoticiaonline.com.br\\\/site\\\/sociarte-13-04-18-2\\\/#organizationLogo\"},\"image\":{\"@id\":\"https:\\\/\\\/anoticiaonline.com.br\\\/site\\\/sociarte-13-04-18-2\\\/#organizationLogo\"}},{\"@type\":\"Person\",\"@id\":\"https:\\\/\\\/anoticiaonline.com.br\\\/site\\\/author\\\/juliana\\\/#author\",\"url\":\"https:\\\/\\\/anoticiaonline.com.br\\\/site\\\/author\\\/juliana\\\/\",\"name\":\"Juliana Laviola\",\"image\":{\"@type\":\"ImageObject\",\"@id\":\"https:\\\/\\\/anoticiaonline.com.br\\\/site\\\/sociarte-13-04-18-2\\\/#authorImage\",\"url\":\"https:\\\/\\\/secure.gravatar.com\\\/avatar\\\/b8d45f5c699b100dfaf0e543582f38f38bf94cb7ae3a5e9abf8d891a34773335?s=96&d=mm&r=g\",\"width\":96,\"height\":96,\"caption\":\"Juliana Laviola\"}},{\"@type\":\"WebPage\",\"@id\":\"https:\\\/\\\/anoticiaonline.com.br\\\/site\\\/sociarte-13-04-18-2\\\/#webpage\",\"url\":\"https:\\\/\\\/anoticiaonline.com.br\\\/site\\\/sociarte-13-04-18-2\\\/\",\"name\":\"SOCIARTE 13.04.18 - A Not\\u00edcia Online\",\"description\":\"Parab\\u00e9ns Pedro E o Pedr\\u00e3o completou 6 anos! Ele convidou os coleguinhas de escola e os amiguinhos mais chegados, para comemorar seu niver no Tio Vov\\u00f4 Play, na sexta-feira (6), com o tema M\\u00e1rio Bros. Com buffet, decora\\u00e7\\u00e3o e entretenimento pr\\u00f3prios do espa\\u00e7o e doces da Do\\u00e7uras da Telma, a crian\\u00e7ada se deliciou muito e\",\"inLanguage\":\"pt-BR\",\"isPartOf\":{\"@id\":\"https:\\\/\\\/anoticiaonline.com.br\\\/site\\\/#website\"},\"breadcrumb\":{\"@id\":\"https:\\\/\\\/anoticiaonline.com.br\\\/site\\\/sociarte-13-04-18-2\\\/#breadcrumblist\"},\"author\":{\"@id\":\"https:\\\/\\\/anoticiaonline.com.br\\\/site\\\/author\\\/juliana\\\/#author\"},\"creator\":{\"@id\":\"https:\\\/\\\/anoticiaonline.com.br\\\/site\\\/author\\\/juliana\\\/#author\"},\"datePublished\":\"2018-04-14T10:10:03-03:00\",\"dateModified\":\"2018-04-19T10:15:09-03:00\"},{\"@type\":\"WebSite\",\"@id\":\"https:\\\/\\\/anoticiaonline.com.br\\\/site\\\/#website\",\"url\":\"https:\\\/\\\/anoticiaonline.com.br\\\/site\\\/\",\"name\":\"A Not\\u00edcia Online\",\"description\":\"Noticias de Muria\\u00e9 e regi\\u00e3o\",\"inLanguage\":\"pt-BR\",\"publisher\":{\"@id\":\"https:\\\/\\\/anoticiaonline.com.br\\\/site\\\/#organization\"}}]}\n\t\t<\/script>\n\t\t<!-- All in One SEO -->\n\n","aioseo_head_json":{"title":"SOCIARTE 13.04.18 - A Not\u00edcia Online","description":"Parab\u00e9ns Pedro E o Pedr\u00e3o completou 6 anos! Ele convidou os coleguinhas de escola e os amiguinhos mais chegados, para comemorar seu niver no Tio Vov\u00f4 Play, na sexta-feira (6), com o tema M\u00e1rio Bros. Com buffet, decora\u00e7\u00e3o e entretenimento pr\u00f3prios do espa\u00e7o e doces da Do\u00e7uras da Telma, a crian\u00e7ada se deliciou muito e","canonical_url":"https:\/\/anoticiaonline.com.br\/site\/sociarte-13-04-18-2\/","robots":"max-image-preview:large","keywords":"","webmasterTools":{"miscellaneous":""},"schema":{"@context":"https:\/\/schema.org","@graph":[{"@type":"BlogPosting","@id":"https:\/\/anoticiaonline.com.br\/site\/sociarte-13-04-18-2\/#blogposting","name":"SOCIARTE 13.04.18 - A Not\u00edcia Online","headline":"SOCIARTE 13.04.18","author":{"@id":"https:\/\/anoticiaonline.com.br\/site\/author\/juliana\/#author"},"publisher":{"@id":"https:\/\/anoticiaonline.com.br\/site\/#organization"},"image":{"@type":"ImageObject","url":"https:\/\/anoticiaonline.com.br\/site\/wp-content\/uploads\/2018\/04\/Parab\u00e9ns-Pedro.jpg","@id":"https:\/\/anoticiaonline.com.br\/site\/sociarte-13-04-18-2\/#articleImage","width":640,"height":426},"datePublished":"2018-04-14T10:10:03-03:00","dateModified":"2018-04-19T10:15:09-03:00","inLanguage":"pt-BR","mainEntityOfPage":{"@id":"https:\/\/anoticiaonline.com.br\/site\/sociarte-13-04-18-2\/#webpage"},"isPartOf":{"@id":"https:\/\/anoticiaonline.com.br\/site\/sociarte-13-04-18-2\/#webpage"},"articleSection":"Colunistas, Sociarte"},{"@type":"BreadcrumbList","@id":"https:\/\/anoticiaonline.com.br\/site\/sociarte-13-04-18-2\/#breadcrumblist","itemListElement":[{"@type":"ListItem","@id":"https:\/\/anoticiaonline.com.br\/site#listItem","position":1,"name":"Home","item":"https:\/\/anoticiaonline.com.br\/site","nextItem":{"@type":"ListItem","@id":"https:\/\/anoticiaonline.com.br\/site\/categoria\/colunistas\/#listItem","name":"Colunistas"}},{"@type":"ListItem","@id":"https:\/\/anoticiaonline.com.br\/site\/categoria\/colunistas\/#listItem","position":2,"name":"Colunistas","item":"https:\/\/anoticiaonline.com.br\/site\/categoria\/colunistas\/","nextItem":{"@type":"ListItem","@id":"https:\/\/anoticiaonline.com.br\/site\/categoria\/colunistas\/sociarte\/#listItem","name":"Sociarte"},"previousItem":{"@type":"ListItem","@id":"https:\/\/anoticiaonline.com.br\/site#listItem","name":"Home"}},{"@type":"ListItem","@id":"https:\/\/anoticiaonline.com.br\/site\/categoria\/colunistas\/sociarte\/#listItem","position":3,"name":"Sociarte","item":"https:\/\/anoticiaonline.com.br\/site\/categoria\/colunistas\/sociarte\/","nextItem":{"@type":"ListItem","@id":"https:\/\/anoticiaonline.com.br\/site\/sociarte-13-04-18-2\/#listItem","name":"SOCIARTE 13.04.18"},"previousItem":{"@type":"ListItem","@id":"https:\/\/anoticiaonline.com.br\/site\/categoria\/colunistas\/#listItem","name":"Colunistas"}},{"@type":"ListItem","@id":"https:\/\/anoticiaonline.com.br\/site\/sociarte-13-04-18-2\/#listItem","position":4,"name":"SOCIARTE 13.04.18","previousItem":{"@type":"ListItem","@id":"https:\/\/anoticiaonline.com.br\/site\/categoria\/colunistas\/sociarte\/#listItem","name":"Sociarte"}}]},{"@type":"Organization","@id":"https:\/\/anoticiaonline.com.br\/site\/#organization","name":"A Not\u00edcia Online","description":"Noticias de Muria\u00e9 e regi\u00e3o","url":"https:\/\/anoticiaonline.com.br\/site\/","logo":{"@type":"ImageObject","url":"https:\/\/scontent-gig4-1.xx.fbcdn.net\/v\/t39.30808-1\/270437624_4564083193639691_6907940295614233970_n.jpg?stp=dst-jpg_s200x200_tt6&_nc_cat=111&ccb=1-7&_nc_sid=f907e8&_nc_ohc=SM1wRlP3lJwQ7kNvwEPuBYA&_nc_oc=AdnqrjDN_BNjSSHWO-GbkIWH6fkGMLw4bqvL_NH6e2wMveX7G-rP2dAqsDSq1mJMOaY&_nc_zt=24&_nc_ht=scontent-gig4-1.xx&_nc_gid=AoBFJeGrT1hVaew_6rchkQ&oh=00_AfX7QmFGhQhG2jAllVgXCiM1ZrWgvtp80-Bfppyexh1QEg&oe=689E923C","@id":"https:\/\/anoticiaonline.com.br\/site\/sociarte-13-04-18-2\/#organizationLogo"},"image":{"@id":"https:\/\/anoticiaonline.com.br\/site\/sociarte-13-04-18-2\/#organizationLogo"}},{"@type":"Person","@id":"https:\/\/anoticiaonline.com.br\/site\/author\/juliana\/#author","url":"https:\/\/anoticiaonline.com.br\/site\/author\/juliana\/","name":"Juliana Laviola","image":{"@type":"ImageObject","@id":"https:\/\/anoticiaonline.com.br\/site\/sociarte-13-04-18-2\/#authorImage","url":"https:\/\/secure.gravatar.com\/avatar\/b8d45f5c699b100dfaf0e543582f38f38bf94cb7ae3a5e9abf8d891a34773335?s=96&d=mm&r=g","width":96,"height":96,"caption":"Juliana Laviola"}},{"@type":"WebPage","@id":"https:\/\/anoticiaonline.com.br\/site\/sociarte-13-04-18-2\/#webpage","url":"https:\/\/anoticiaonline.com.br\/site\/sociarte-13-04-18-2\/","name":"SOCIARTE 13.04.18 - A Not\u00edcia Online","description":"Parab\u00e9ns Pedro E o Pedr\u00e3o completou 6 anos! Ele convidou os coleguinhas de escola e os amiguinhos mais chegados, para comemorar seu niver no Tio Vov\u00f4 Play, na sexta-feira (6), com o tema M\u00e1rio Bros. Com buffet, decora\u00e7\u00e3o e entretenimento pr\u00f3prios do espa\u00e7o e doces da Do\u00e7uras da Telma, a crian\u00e7ada se deliciou muito e","inLanguage":"pt-BR","isPartOf":{"@id":"https:\/\/anoticiaonline.com.br\/site\/#website"},"breadcrumb":{"@id":"https:\/\/anoticiaonline.com.br\/site\/sociarte-13-04-18-2\/#breadcrumblist"},"author":{"@id":"https:\/\/anoticiaonline.com.br\/site\/author\/juliana\/#author"},"creator":{"@id":"https:\/\/anoticiaonline.com.br\/site\/author\/juliana\/#author"},"datePublished":"2018-04-14T10:10:03-03:00","dateModified":"2018-04-19T10:15:09-03:00"},{"@type":"WebSite","@id":"https:\/\/anoticiaonline.com.br\/site\/#website","url":"https:\/\/anoticiaonline.com.br\/site\/","name":"A Not\u00edcia Online","description":"Noticias de Muria\u00e9 e regi\u00e3o","inLanguage":"pt-BR","publisher":{"@id":"https:\/\/anoticiaonline.com.br\/site\/#organization"}}]},"og:locale":"pt_BR","og:site_name":"A Not\u00edcia Online - Noticias de Muria\u00e9 e regi\u00e3o","og:type":"article","og:title":"SOCIARTE 13.04.18 - A Not\u00edcia Online","og:description":"Parab\u00e9ns Pedro E o Pedr\u00e3o completou 6 anos! Ele convidou os coleguinhas de escola e os amiguinhos mais chegados, para comemorar seu niver no Tio Vov\u00f4 Play, na sexta-feira (6), com o tema M\u00e1rio Bros. Com buffet, decora\u00e7\u00e3o e entretenimento pr\u00f3prios do espa\u00e7o e doces da Do\u00e7uras da Telma, a crian\u00e7ada se deliciou muito e","og:url":"https:\/\/anoticiaonline.com.br\/site\/sociarte-13-04-18-2\/","og:image":"https:\/\/scontent-gig4-1.xx.fbcdn.net\/v\/t39.30808-1\/270437624_4564083193639691_6907940295614233970_n.jpg?stp=dst-jpg_s200x200_tt6&#038;_nc_cat=111&#038;ccb=1-7&#038;_nc_sid=f907e8&#038;_nc_ohc=SM1wRlP3lJwQ7kNvwEPuBYA&#038;_nc_oc=AdnqrjDN_BNjSSHWO-GbkIWH6fkGMLw4bqvL_NH6e2wMveX7G-rP2dAqsDSq1mJMOaY&#038;_nc_zt=24&#038;_nc_ht=scontent-gig4-1.xx&#038;_nc_gid=AoBFJeGrT1hVaew_6rchkQ&#038;oh=00_AfX7QmFGhQhG2jAllVgXCiM1ZrWgvtp80-Bfppyexh1QEg&#038;oe=689E923C","og:image:secure_url":"https:\/\/scontent-gig4-1.xx.fbcdn.net\/v\/t39.30808-1\/270437624_4564083193639691_6907940295614233970_n.jpg?stp=dst-jpg_s200x200_tt6&#038;_nc_cat=111&#038;ccb=1-7&#038;_nc_sid=f907e8&#038;_nc_ohc=SM1wRlP3lJwQ7kNvwEPuBYA&#038;_nc_oc=AdnqrjDN_BNjSSHWO-GbkIWH6fkGMLw4bqvL_NH6e2wMveX7G-rP2dAqsDSq1mJMOaY&#038;_nc_zt=24&#038;_nc_ht=scontent-gig4-1.xx&#038;_nc_gid=AoBFJeGrT1hVaew_6rchkQ&#038;oh=00_AfX7QmFGhQhG2jAllVgXCiM1ZrWgvtp80-Bfppyexh1QEg&#038;oe=689E923C","article:published_time":"2018-04-14T13:10:03+00:00","article:modified_time":"2018-04-19T13:15:09+00:00","twitter:card":"summary_large_image","twitter:title":"SOCIARTE 13.04.18 - A Not\u00edcia Online","twitter:description":"Parab\u00e9ns Pedro E o Pedr\u00e3o completou 6 anos! Ele convidou os coleguinhas de escola e os amiguinhos mais chegados, para comemorar seu niver no Tio Vov\u00f4 Play, na sexta-feira (6), com o tema M\u00e1rio Bros. Com buffet, decora\u00e7\u00e3o e entretenimento pr\u00f3prios do espa\u00e7o e doces da Do\u00e7uras da Telma, a crian\u00e7ada se deliciou muito e","twitter:image":"https:\/\/scontent-gig4-1.xx.fbcdn.net\/v\/t39.30808-1\/270437624_4564083193639691_6907940295614233970_n.jpg?stp=dst-jpg_s200x200_tt6&_nc_cat=111&ccb=1-7&_nc_sid=f907e8&_nc_ohc=SM1wRlP3lJwQ7kNvwEPuBYA&_nc_oc=AdnqrjDN_BNjSSHWO-GbkIWH6fkGMLw4bqvL_NH6e2wMveX7G-rP2dAqsDSq1mJMOaY&_nc_zt=24&_nc_ht=scontent-gig4-1.xx&_nc_gid=AoBFJeGrT1hVaew_6rchkQ&oh=00_AfX7QmFGhQhG2jAllVgXCiM1ZrWgvtp80-Bfppyexh1QEg&oe=689E923C"},"aioseo_meta_data":{"post_id":"53766","title":null,"description":null,"keywords":null,"keyphrases":null,"primary_term":null,"canonical_url":null,"og_title":null,"og_description":null,"og_object_type":"default","og_image_type":"default","og_image_url":null,"og_image_width":null,"og_image_height":null,"og_image_custom_url":null,"og_image_custom_fields":null,"og_video":null,"og_custom_url":null,"og_article_section":null,"og_article_tags":null,"twitter_use_og":false,"twitter_card":"default","twitter_image_type":"default","twitter_image_url":null,"twitter_image_custom_url":null,"twitter_image_custom_fields":null,"twitter_title":null,"twitter_description":null,"schema":{"blockGraphs":[],"customGraphs":[],"default":{"data":{"Article":[],"Course":[],"Dataset":[],"FAQPage":[],"Movie":[],"Person":[],"Product":[],"ProductReview":[],"Car":[],"Recipe":[],"Service":[],"SoftwareApplication":[],"WebPage":[]},"graphName":"","isEnabled":true},"graphs":[]},"schema_type":"default","schema_type_options":null,"pillar_content":false,"robots_default":true,"robots_noindex":false,"robots_noarchive":false,"robots_nosnippet":false,"robots_nofollow":false,"robots_noimageindex":false,"robots_noodp":false,"robots_notranslate":false,"robots_max_snippet":null,"robots_max_videopreview":null,"robots_max_imagepreview":"large","priority":null,"frequency":null,"local_seo":null,"breadcrumb_settings":null,"limit_modified_date":false,"ai":null,"created":"2025-08-16 20:41:30","updated":"2025-08-16 20:41:30","focus_keyword":null,"additional_keywords":null,"truseo_locale":null,"seo_analyzer_scan_date":null},"aioseo_breadcrumb":"<div class=\"aioseo-breadcrumbs\"><span class=\"aioseo-breadcrumb\">\n\t\t\t<a href=\"https:\/\/anoticiaonline.com.br\/site\" title=\"Home\">Home<\/a>\n\t\t<\/span><span class=\"aioseo-breadcrumb-separator\">&raquo;<\/span><span class=\"aioseo-breadcrumb\">\n\t\t\t<a href=\"https:\/\/anoticiaonline.com.br\/site\/categoria\/colunistas\/\" title=\"Colunistas\">Colunistas<\/a>\n\t\t<\/span><span class=\"aioseo-breadcrumb-separator\">&raquo;<\/span><span class=\"aioseo-breadcrumb\">\n\t\t\t<a href=\"https:\/\/anoticiaonline.com.br\/site\/categoria\/colunistas\/sociarte\/\" title=\"Sociarte\">Sociarte<\/a>\n\t\t<\/span><span class=\"aioseo-breadcrumb-separator\">&raquo;<\/span><span class=\"aioseo-breadcrumb\">\n\t\t\tSOCIARTE 13.04.18\n\t\t<\/span><\/div>","aioseo_breadcrumb_json":[{"label":"Home","link":"https:\/\/anoticiaonline.com.br\/site"},{"label":"Colunistas","link":"https:\/\/anoticiaonline.com.br\/site\/categoria\/colunistas\/"},{"label":"Sociarte","link":"https:\/\/anoticiaonline.com.br\/site\/categoria\/colunistas\/sociarte\/"},{"label":"SOCIARTE 13.04.18","link":"https:\/\/anoticiaonline.com.br\/site\/sociarte-13-04-18-2\/"}],"views":139,"_links":{"self":[{"href":"https:\/\/anoticiaonline.com.br\/site\/wp-json\/wp\/v2\/posts\/53766","targetHints":{"allow":["GET"]}}],"collection":[{"href":"https:\/\/anoticiaonline.com.br\/site\/wp-json\/wp\/v2\/posts"}],"about":[{"href":"https:\/\/anoticiaonline.com.br\/site\/wp-json\/wp\/v2\/types\/post"}],"author":[{"embeddable":true,"href":"https:\/\/anoticiaonline.com.br\/site\/wp-json\/wp\/v2\/users\/2"}],"replies":[{"embeddable":true,"href":"https:\/\/anoticiaonline.com.br\/site\/wp-json\/wp\/v2\/comments?post=53766"}],"version-history":[{"count":0,"href":"https:\/\/anoticiaonline.com.br\/site\/wp-json\/wp\/v2\/posts\/53766\/revisions"}],"wp:attachment":[{"href":"https:\/\/anoticiaonline.com.br\/site\/wp-json\/wp\/v2\/media?parent=53766"}],"wp:term":[{"taxonomy":"category","embeddable":true,"href":"https:\/\/anoticiaonline.com.br\/site\/wp-json\/wp\/v2\/categories?post=53766"},{"taxonomy":"post_tag","embeddable":true,"href":"https:\/\/anoticiaonline.com.br\/site\/wp-json\/wp\/v2\/tags?post=53766"}],"curies":[{"name":"wp","href":"https:\/\/api.w.org\/{rel}","templated":true}]}}