{"id":53756,"date":"2018-04-18T16:51:40","date_gmt":"2018-04-18T19:51:40","guid":{"rendered":"http:\/\/anoticiaonline.com.br\/site\/?p=53756"},"modified":"2018-04-18T16:51:57","modified_gmt":"2018-04-18T19:51:57","slug":"reuniao-da-camara-conta-com-a-participacao-da-emater","status":"publish","type":"post","link":"https:\/\/anoticiaonline.com.br\/site\/reuniao-da-camara-conta-com-a-participacao-da-emater\/","title":{"rendered":"Reuni\u00e3o da C\u00e2mara conta com a participa\u00e7\u00e3o da Emater"},"content":{"rendered":"<p>Em reuni\u00e3o semanal, na \u00faltima ter\u00e7a-feira (17), a C\u00e2mara de Muria\u00e9 recebeu a visita de representantes da Emater (Empresa de Assist\u00eancia T\u00e9cnica e Extens\u00e3o Rural de Minas Gerais) para apresenta\u00e7\u00e3o do Relat\u00f3rio Anual de Atividades.<\/p>\n<p>A Emater, representada pelo t\u00e9cnico Rob\u00e9rio de Oliveira Torres, apresentou seu Relat\u00f3rio Anual de Atividades de 2017 com dados sobre a atua\u00e7\u00e3o do escrit\u00f3rio local em Muria\u00e9. Com mais de 2.800 assist\u00eancias t\u00e9cnicas no ano passado em seus diversos programas desenvolvidos, a empresa do governo de Minas capitaneou mais de R$ 30 milh\u00f5es para o munic\u00edpio, sendo que cerca de 95% destes recursos foram oriundos da libera\u00e7\u00e3o de cr\u00e9ditos rurais aos agricultores de Muria\u00e9. A Emater assistiu 20 grupos e organiza\u00e7\u00f5es locais e organizou seis eventos, entre dias de campo, simp\u00f3sios, encontros e concurso de qualidade. Al\u00e9m disso, em parceira com o munic\u00edpio, a Emater conseguiu, com a implementa\u00e7\u00e3o do Projeto Renascer, proteger 22 minas de \u00e1gua at\u00e9 o final de 2017 o que trouxe benef\u00edcios aos produtores rurais e ao meio ambiente local.<\/p>\n<p><a href=\"https:\/\/anoticiaonline.com.br\/site\/wp-content\/uploads\/2018\/04\/Reuni\u00e3o-da-C\u00e2mara-conta-com-a-participa\u00e7\u00e3o-da-Emater.jpg\"><img fetchpriority=\"high\" decoding=\"async\" class=\"alignnone size-full wp-image-53757\" src=\"https:\/\/anoticiaonline.com.br\/site\/wp-content\/uploads\/2018\/04\/Reuni\u00e3o-da-C\u00e2mara-conta-com-a-participa\u00e7\u00e3o-da-Emater.jpg\" alt=\"\" width=\"640\" height=\"427\" srcset=\"https:\/\/anoticiaonline.com.br\/site\/wp-content\/uploads\/2018\/04\/Reuni\u00e3o-da-C\u00e2mara-conta-com-a-participa\u00e7\u00e3o-da-Emater.jpg 640w, https:\/\/anoticiaonline.com.br\/site\/wp-content\/uploads\/2018\/04\/Reuni\u00e3o-da-C\u00e2mara-conta-com-a-participa\u00e7\u00e3o-da-Emater-300x200.jpg 300w\" sizes=\"(max-width: 640px) 100vw, 640px\" \/><\/a> <a href=\"https:\/\/anoticiaonline.com.br\/site\/wp-content\/uploads\/2018\/04\/Reuni\u00e3o-da-C\u00e2mara-conta-com-a-participa\u00e7\u00e3o-da-Emater-2.jpg\"><img decoding=\"async\" class=\"alignnone size-full wp-image-53758\" src=\"https:\/\/anoticiaonline.com.br\/site\/wp-content\/uploads\/2018\/04\/Reuni\u00e3o-da-C\u00e2mara-conta-com-a-participa\u00e7\u00e3o-da-Emater-2.jpg\" alt=\"\" width=\"640\" height=\"427\" srcset=\"https:\/\/anoticiaonline.com.br\/site\/wp-content\/uploads\/2018\/04\/Reuni\u00e3o-da-C\u00e2mara-conta-com-a-participa\u00e7\u00e3o-da-Emater-2.jpg 640w, https:\/\/anoticiaonline.com.br\/site\/wp-content\/uploads\/2018\/04\/Reuni\u00e3o-da-C\u00e2mara-conta-com-a-participa\u00e7\u00e3o-da-Emater-2-300x200.jpg 300w\" sizes=\"(max-width: 640px) 100vw, 640px\" \/><\/a><\/p>\n<p>Cr\u00e9ditos: ASCOM CMM<\/p>\n","protected":false},"excerpt":{"rendered":"<p>Em reuni\u00e3o semanal, na \u00faltima ter\u00e7a-feira (17), a C\u00e2mara de Muria\u00e9 recebeu a visita de representantes da Emater (Empresa de Assist\u00eancia T\u00e9cnica e Extens\u00e3o Rural de Minas Gerais) para apresenta\u00e7\u00e3o do Relat\u00f3rio Anual de Atividades. A Emater, representada pelo t\u00e9cnico Rob\u00e9rio de Oliveira Torres, apresentou seu Relat\u00f3rio Anual de Atividades de 2017 com dados sobre &#8230; <a title=\"Reuni\u00e3o da C\u00e2mara conta com a participa\u00e7\u00e3o da Emater\" class=\"read-more\" href=\"https:\/\/anoticiaonline.com.br\/site\/reuniao-da-camara-conta-com-a-participacao-da-emater\/\" aria-label=\"Read more about Reuni\u00e3o da C\u00e2mara conta com a participa\u00e7\u00e3o da Emater\">Ler mais<\/a><\/p>\n","protected":false},"author":2,"featured_media":53758,"comment_status":"open","ping_status":"open","sticky":false,"template":"","format":"standard","meta":{"_acf_changed":false,"_monsterinsights_skip_tracking":false,"footnotes":""},"categories":[30],"tags":[821,1428,74,1042,62],"class_list":["post-53756","post","type-post","status-publish","format-standard","has-post-thumbnail","hentry","category-muriae","tag-camara","tag-emater","tag-muriae","tag-reuniao","tag-vereadores"],"acf":[],"aioseo_notices":[],"aioseo_head":"\n\t\t<!-- All in One SEO 5.0.0.1 - aioseo.com -->\n\t<meta name=\"description\" content=\"Em reuni\u00e3o semanal, na \u00faltima ter\u00e7a-feira (17), a C\u00e2mara de Muria\u00e9 recebeu a visita de representantes da Emater (Empresa de Assist\u00eancia T\u00e9cnica e Extens\u00e3o Rural de Minas Gerais) para apresenta\u00e7\u00e3o do Relat\u00f3rio Anual de Atividades. A Emater, representada pelo t\u00e9cnico Rob\u00e9rio de Oliveira Torres, apresentou seu Relat\u00f3rio Anual de Atividades de 2017 com dados sobre\" \/>\n\t<meta name=\"robots\" content=\"max-image-preview:large\" \/>\n\t<meta name=\"author\" content=\"Juliana Laviola\"\/>\n\t<link rel=\"canonical\" href=\"https:\/\/anoticiaonline.com.br\/site\/reuniao-da-camara-conta-com-a-participacao-da-emater\/\" \/>\n\t<meta name=\"generator\" content=\"All in One SEO (AIOSEO) 5.0.0.1\" \/>\n\t\t<meta property=\"og:locale\" content=\"pt_BR\" \/>\n\t\t<meta property=\"og:site_name\" content=\"A Not\u00edcia Online - Noticias de Muria\u00e9 e regi\u00e3o\" \/>\n\t\t<meta property=\"og:type\" content=\"article\" \/>\n\t\t<meta property=\"og:title\" content=\"Reuni\u00e3o da C\u00e2mara conta com a participa\u00e7\u00e3o da Emater - A Not\u00edcia Online\" \/>\n\t\t<meta property=\"og:description\" content=\"Em reuni\u00e3o semanal, na \u00faltima ter\u00e7a-feira (17), a C\u00e2mara de Muria\u00e9 recebeu a visita de representantes da Emater (Empresa de Assist\u00eancia T\u00e9cnica e Extens\u00e3o Rural de Minas Gerais) para apresenta\u00e7\u00e3o do Relat\u00f3rio Anual de Atividades. A Emater, representada pelo t\u00e9cnico Rob\u00e9rio de Oliveira Torres, apresentou seu Relat\u00f3rio Anual de Atividades de 2017 com dados sobre\" \/>\n\t\t<meta property=\"og:url\" content=\"https:\/\/anoticiaonline.com.br\/site\/reuniao-da-camara-conta-com-a-participacao-da-emater\/\" \/>\n\t\t<meta property=\"og:image\" content=\"https:\/\/scontent-gig4-1.xx.fbcdn.net\/v\/t39.30808-1\/270437624_4564083193639691_6907940295614233970_n.jpg?stp=dst-jpg_s200x200_tt6&#038;_nc_cat=111&#038;ccb=1-7&#038;_nc_sid=f907e8&#038;_nc_ohc=SM1wRlP3lJwQ7kNvwEPuBYA&#038;_nc_oc=AdnqrjDN_BNjSSHWO-GbkIWH6fkGMLw4bqvL_NH6e2wMveX7G-rP2dAqsDSq1mJMOaY&#038;_nc_zt=24&#038;_nc_ht=scontent-gig4-1.xx&#038;_nc_gid=AoBFJeGrT1hVaew_6rchkQ&#038;oh=00_AfX7QmFGhQhG2jAllVgXCiM1ZrWgvtp80-Bfppyexh1QEg&#038;oe=689E923C\" \/>\n\t\t<meta property=\"og:image:secure_url\" content=\"https:\/\/scontent-gig4-1.xx.fbcdn.net\/v\/t39.30808-1\/270437624_4564083193639691_6907940295614233970_n.jpg?stp=dst-jpg_s200x200_tt6&#038;_nc_cat=111&#038;ccb=1-7&#038;_nc_sid=f907e8&#038;_nc_ohc=SM1wRlP3lJwQ7kNvwEPuBYA&#038;_nc_oc=AdnqrjDN_BNjSSHWO-GbkIWH6fkGMLw4bqvL_NH6e2wMveX7G-rP2dAqsDSq1mJMOaY&#038;_nc_zt=24&#038;_nc_ht=scontent-gig4-1.xx&#038;_nc_gid=AoBFJeGrT1hVaew_6rchkQ&#038;oh=00_AfX7QmFGhQhG2jAllVgXCiM1ZrWgvtp80-Bfppyexh1QEg&#038;oe=689E923C\" \/>\n\t\t<meta property=\"article:published_time\" content=\"2018-04-18T19:51:40+00:00\" \/>\n\t\t<meta property=\"article:modified_time\" content=\"2018-04-18T19:51:57+00:00\" \/>\n\t\t<meta name=\"twitter:card\" content=\"summary_large_image\" \/>\n\t\t<meta name=\"twitter:title\" content=\"Reuni\u00e3o da C\u00e2mara conta com a participa\u00e7\u00e3o da Emater - A Not\u00edcia Online\" \/>\n\t\t<meta name=\"twitter:description\" content=\"Em reuni\u00e3o semanal, na \u00faltima ter\u00e7a-feira (17), a C\u00e2mara de Muria\u00e9 recebeu a visita de representantes da Emater (Empresa de Assist\u00eancia T\u00e9cnica e Extens\u00e3o Rural de Minas Gerais) para apresenta\u00e7\u00e3o do Relat\u00f3rio Anual de Atividades. A Emater, representada pelo t\u00e9cnico Rob\u00e9rio de Oliveira Torres, apresentou seu Relat\u00f3rio Anual de Atividades de 2017 com dados sobre\" \/>\n\t\t<meta name=\"twitter:image\" content=\"https:\/\/scontent-gig4-1.xx.fbcdn.net\/v\/t39.30808-1\/270437624_4564083193639691_6907940295614233970_n.jpg?stp=dst-jpg_s200x200_tt6&amp;_nc_cat=111&amp;ccb=1-7&amp;_nc_sid=f907e8&amp;_nc_ohc=SM1wRlP3lJwQ7kNvwEPuBYA&amp;_nc_oc=AdnqrjDN_BNjSSHWO-GbkIWH6fkGMLw4bqvL_NH6e2wMveX7G-rP2dAqsDSq1mJMOaY&amp;_nc_zt=24&amp;_nc_ht=scontent-gig4-1.xx&amp;_nc_gid=AoBFJeGrT1hVaew_6rchkQ&amp;oh=00_AfX7QmFGhQhG2jAllVgXCiM1ZrWgvtp80-Bfppyexh1QEg&amp;oe=689E923C\" \/>\n\t\t<script type=\"application\/ld+json\" class=\"aioseo-schema\">\n\t\t\t{\"@context\":\"https:\\\/\\\/schema.org\",\"@graph\":[{\"@type\":\"BlogPosting\",\"@id\":\"https:\\\/\\\/anoticiaonline.com.br\\\/site\\\/reuniao-da-camara-conta-com-a-participacao-da-emater\\\/#blogposting\",\"name\":\"Reuni\\u00e3o da C\\u00e2mara conta com a participa\\u00e7\\u00e3o da Emater - A Not\\u00edcia Online\",\"headline\":\"Reuni\\u00e3o da C\\u00e2mara conta com a participa\\u00e7\\u00e3o da Emater\",\"author\":{\"@id\":\"https:\\\/\\\/anoticiaonline.com.br\\\/site\\\/author\\\/juliana\\\/#author\"},\"publisher\":{\"@id\":\"https:\\\/\\\/anoticiaonline.com.br\\\/site\\\/#organization\"},\"image\":{\"@type\":\"ImageObject\",\"url\":\"https:\\\/\\\/anoticiaonline.com.br\\\/site\\\/wp-content\\\/uploads\\\/2018\\\/04\\\/Reuni\\u00e3o-da-C\\u00e2mara-conta-com-a-participa\\u00e7\\u00e3o-da-Emater-2.jpg\",\"width\":640,\"height\":427},\"datePublished\":\"2018-04-18T16:51:40-03:00\",\"dateModified\":\"2018-04-18T16:51:57-03:00\",\"inLanguage\":\"pt-BR\",\"mainEntityOfPage\":{\"@id\":\"https:\\\/\\\/anoticiaonline.com.br\\\/site\\\/reuniao-da-camara-conta-com-a-participacao-da-emater\\\/#webpage\"},\"isPartOf\":{\"@id\":\"https:\\\/\\\/anoticiaonline.com.br\\\/site\\\/reuniao-da-camara-conta-com-a-participacao-da-emater\\\/#webpage\"},\"articleSection\":\"Blog, C\\u00e2mara, Emater, Muria\\u00e9, reuni\\u00e3o, vereadores\"},{\"@type\":\"BreadcrumbList\",\"@id\":\"https:\\\/\\\/anoticiaonline.com.br\\\/site\\\/reuniao-da-camara-conta-com-a-participacao-da-emater\\\/#breadcrumblist\",\"itemListElement\":[{\"@type\":\"ListItem\",\"@id\":\"https:\\\/\\\/anoticiaonline.com.br\\\/site#listItem\",\"position\":1,\"name\":\"Home\",\"item\":\"https:\\\/\\\/anoticiaonline.com.br\\\/site\",\"nextItem\":{\"@type\":\"ListItem\",\"@id\":\"https:\\\/\\\/anoticiaonline.com.br\\\/site\\\/categoria\\\/muriae\\\/#listItem\",\"name\":\"Blog\"}},{\"@type\":\"ListItem\",\"@id\":\"https:\\\/\\\/anoticiaonline.com.br\\\/site\\\/categoria\\\/muriae\\\/#listItem\",\"position\":2,\"name\":\"Blog\",\"item\":\"https:\\\/\\\/anoticiaonline.com.br\\\/site\\\/categoria\\\/muriae\\\/\",\"nextItem\":{\"@type\":\"ListItem\",\"@id\":\"https:\\\/\\\/anoticiaonline.com.br\\\/site\\\/reuniao-da-camara-conta-com-a-participacao-da-emater\\\/#listItem\",\"name\":\"Reuni\\u00e3o da C\\u00e2mara conta com a participa\\u00e7\\u00e3o da Emater\"},\"previousItem\":{\"@type\":\"ListItem\",\"@id\":\"https:\\\/\\\/anoticiaonline.com.br\\\/site#listItem\",\"name\":\"Home\"}},{\"@type\":\"ListItem\",\"@id\":\"https:\\\/\\\/anoticiaonline.com.br\\\/site\\\/reuniao-da-camara-conta-com-a-participacao-da-emater\\\/#listItem\",\"position\":3,\"name\":\"Reuni\\u00e3o da C\\u00e2mara conta com a participa\\u00e7\\u00e3o da Emater\",\"previousItem\":{\"@type\":\"ListItem\",\"@id\":\"https:\\\/\\\/anoticiaonline.com.br\\\/site\\\/categoria\\\/muriae\\\/#listItem\",\"name\":\"Blog\"}}]},{\"@type\":\"Organization\",\"@id\":\"https:\\\/\\\/anoticiaonline.com.br\\\/site\\\/#organization\",\"name\":\"A Not\\u00edcia Online\",\"description\":\"Noticias de Muria\\u00e9 e regi\\u00e3o\",\"url\":\"https:\\\/\\\/anoticiaonline.com.br\\\/site\\\/\",\"logo\":{\"@type\":\"ImageObject\",\"url\":\"https:\\\/\\\/scontent-gig4-1.xx.fbcdn.net\\\/v\\\/t39.30808-1\\\/270437624_4564083193639691_6907940295614233970_n.jpg?stp=dst-jpg_s200x200_tt6&_nc_cat=111&ccb=1-7&_nc_sid=f907e8&_nc_ohc=SM1wRlP3lJwQ7kNvwEPuBYA&_nc_oc=AdnqrjDN_BNjSSHWO-GbkIWH6fkGMLw4bqvL_NH6e2wMveX7G-rP2dAqsDSq1mJMOaY&_nc_zt=24&_nc_ht=scontent-gig4-1.xx&_nc_gid=AoBFJeGrT1hVaew_6rchkQ&oh=00_AfX7QmFGhQhG2jAllVgXCiM1ZrWgvtp80-Bfppyexh1QEg&oe=689E923C\",\"@id\":\"https:\\\/\\\/anoticiaonline.com.br\\\/site\\\/reuniao-da-camara-conta-com-a-participacao-da-emater\\\/#organizationLogo\"},\"image\":{\"@id\":\"https:\\\/\\\/anoticiaonline.com.br\\\/site\\\/reuniao-da-camara-conta-com-a-participacao-da-emater\\\/#organizationLogo\"}},{\"@type\":\"Person\",\"@id\":\"https:\\\/\\\/anoticiaonline.com.br\\\/site\\\/author\\\/juliana\\\/#author\",\"url\":\"https:\\\/\\\/anoticiaonline.com.br\\\/site\\\/author\\\/juliana\\\/\",\"name\":\"Juliana Laviola\",\"image\":{\"@type\":\"ImageObject\",\"@id\":\"https:\\\/\\\/anoticiaonline.com.br\\\/site\\\/reuniao-da-camara-conta-com-a-participacao-da-emater\\\/#authorImage\",\"url\":\"https:\\\/\\\/secure.gravatar.com\\\/avatar\\\/b8d45f5c699b100dfaf0e543582f38f38bf94cb7ae3a5e9abf8d891a34773335?s=96&d=mm&r=g\",\"width\":96,\"height\":96,\"caption\":\"Juliana Laviola\"}},{\"@type\":\"WebPage\",\"@id\":\"https:\\\/\\\/anoticiaonline.com.br\\\/site\\\/reuniao-da-camara-conta-com-a-participacao-da-emater\\\/#webpage\",\"url\":\"https:\\\/\\\/anoticiaonline.com.br\\\/site\\\/reuniao-da-camara-conta-com-a-participacao-da-emater\\\/\",\"name\":\"Reuni\\u00e3o da C\\u00e2mara conta com a participa\\u00e7\\u00e3o da Emater - A Not\\u00edcia Online\",\"description\":\"Em reuni\\u00e3o semanal, na \\u00faltima ter\\u00e7a-feira (17), a C\\u00e2mara de Muria\\u00e9 recebeu a visita de representantes da Emater (Empresa de Assist\\u00eancia T\\u00e9cnica e Extens\\u00e3o Rural de Minas Gerais) para apresenta\\u00e7\\u00e3o do Relat\\u00f3rio Anual de Atividades. A Emater, representada pelo t\\u00e9cnico Rob\\u00e9rio de Oliveira Torres, apresentou seu Relat\\u00f3rio Anual de Atividades de 2017 com dados sobre\",\"inLanguage\":\"pt-BR\",\"isPartOf\":{\"@id\":\"https:\\\/\\\/anoticiaonline.com.br\\\/site\\\/#website\"},\"breadcrumb\":{\"@id\":\"https:\\\/\\\/anoticiaonline.com.br\\\/site\\\/reuniao-da-camara-conta-com-a-participacao-da-emater\\\/#breadcrumblist\"},\"author\":{\"@id\":\"https:\\\/\\\/anoticiaonline.com.br\\\/site\\\/author\\\/juliana\\\/#author\"},\"creator\":{\"@id\":\"https:\\\/\\\/anoticiaonline.com.br\\\/site\\\/author\\\/juliana\\\/#author\"},\"image\":{\"@type\":\"ImageObject\",\"url\":\"https:\\\/\\\/anoticiaonline.com.br\\\/site\\\/wp-content\\\/uploads\\\/2018\\\/04\\\/Reuni\\u00e3o-da-C\\u00e2mara-conta-com-a-participa\\u00e7\\u00e3o-da-Emater-2.jpg\",\"@id\":\"https:\\\/\\\/anoticiaonline.com.br\\\/site\\\/reuniao-da-camara-conta-com-a-participacao-da-emater\\\/#mainImage\",\"width\":640,\"height\":427},\"primaryImageOfPage\":{\"@id\":\"https:\\\/\\\/anoticiaonline.com.br\\\/site\\\/reuniao-da-camara-conta-com-a-participacao-da-emater\\\/#mainImage\"},\"datePublished\":\"2018-04-18T16:51:40-03:00\",\"dateModified\":\"2018-04-18T16:51:57-03:00\"},{\"@type\":\"WebSite\",\"@id\":\"https:\\\/\\\/anoticiaonline.com.br\\\/site\\\/#website\",\"url\":\"https:\\\/\\\/anoticiaonline.com.br\\\/site\\\/\",\"name\":\"A Not\\u00edcia Online\",\"description\":\"Noticias de Muria\\u00e9 e regi\\u00e3o\",\"inLanguage\":\"pt-BR\",\"publisher\":{\"@id\":\"https:\\\/\\\/anoticiaonline.com.br\\\/site\\\/#organization\"}}]}\n\t\t<\/script>\n\t\t<!-- All in One SEO -->\n\n","aioseo_head_json":{"title":"Reuni\u00e3o da C\u00e2mara conta com a participa\u00e7\u00e3o da Emater - A Not\u00edcia Online","description":"Em reuni\u00e3o semanal, na \u00faltima ter\u00e7a-feira (17), a C\u00e2mara de Muria\u00e9 recebeu a visita de representantes da Emater (Empresa de Assist\u00eancia T\u00e9cnica e Extens\u00e3o Rural de Minas Gerais) para apresenta\u00e7\u00e3o do Relat\u00f3rio Anual de Atividades. A Emater, representada pelo t\u00e9cnico Rob\u00e9rio de Oliveira Torres, apresentou seu Relat\u00f3rio Anual de Atividades de 2017 com dados sobre","canonical_url":"https:\/\/anoticiaonline.com.br\/site\/reuniao-da-camara-conta-com-a-participacao-da-emater\/","robots":"max-image-preview:large","keywords":"","webmasterTools":{"miscellaneous":""},"schema":{"@context":"https:\/\/schema.org","@graph":[{"@type":"BlogPosting","@id":"https:\/\/anoticiaonline.com.br\/site\/reuniao-da-camara-conta-com-a-participacao-da-emater\/#blogposting","name":"Reuni\u00e3o da C\u00e2mara conta com a participa\u00e7\u00e3o da Emater - A Not\u00edcia Online","headline":"Reuni\u00e3o da C\u00e2mara conta com a participa\u00e7\u00e3o da Emater","author":{"@id":"https:\/\/anoticiaonline.com.br\/site\/author\/juliana\/#author"},"publisher":{"@id":"https:\/\/anoticiaonline.com.br\/site\/#organization"},"image":{"@type":"ImageObject","url":"https:\/\/anoticiaonline.com.br\/site\/wp-content\/uploads\/2018\/04\/Reuni\u00e3o-da-C\u00e2mara-conta-com-a-participa\u00e7\u00e3o-da-Emater-2.jpg","width":640,"height":427},"datePublished":"2018-04-18T16:51:40-03:00","dateModified":"2018-04-18T16:51:57-03:00","inLanguage":"pt-BR","mainEntityOfPage":{"@id":"https:\/\/anoticiaonline.com.br\/site\/reuniao-da-camara-conta-com-a-participacao-da-emater\/#webpage"},"isPartOf":{"@id":"https:\/\/anoticiaonline.com.br\/site\/reuniao-da-camara-conta-com-a-participacao-da-emater\/#webpage"},"articleSection":"Blog, C\u00e2mara, Emater, Muria\u00e9, reuni\u00e3o, vereadores"},{"@type":"BreadcrumbList","@id":"https:\/\/anoticiaonline.com.br\/site\/reuniao-da-camara-conta-com-a-participacao-da-emater\/#breadcrumblist","itemListElement":[{"@type":"ListItem","@id":"https:\/\/anoticiaonline.com.br\/site#listItem","position":1,"name":"Home","item":"https:\/\/anoticiaonline.com.br\/site","nextItem":{"@type":"ListItem","@id":"https:\/\/anoticiaonline.com.br\/site\/categoria\/muriae\/#listItem","name":"Blog"}},{"@type":"ListItem","@id":"https:\/\/anoticiaonline.com.br\/site\/categoria\/muriae\/#listItem","position":2,"name":"Blog","item":"https:\/\/anoticiaonline.com.br\/site\/categoria\/muriae\/","nextItem":{"@type":"ListItem","@id":"https:\/\/anoticiaonline.com.br\/site\/reuniao-da-camara-conta-com-a-participacao-da-emater\/#listItem","name":"Reuni\u00e3o da C\u00e2mara conta com a participa\u00e7\u00e3o da Emater"},"previousItem":{"@type":"ListItem","@id":"https:\/\/anoticiaonline.com.br\/site#listItem","name":"Home"}},{"@type":"ListItem","@id":"https:\/\/anoticiaonline.com.br\/site\/reuniao-da-camara-conta-com-a-participacao-da-emater\/#listItem","position":3,"name":"Reuni\u00e3o da C\u00e2mara conta com a participa\u00e7\u00e3o da Emater","previousItem":{"@type":"ListItem","@id":"https:\/\/anoticiaonline.com.br\/site\/categoria\/muriae\/#listItem","name":"Blog"}}]},{"@type":"Organization","@id":"https:\/\/anoticiaonline.com.br\/site\/#organization","name":"A Not\u00edcia Online","description":"Noticias de Muria\u00e9 e regi\u00e3o","url":"https:\/\/anoticiaonline.com.br\/site\/","logo":{"@type":"ImageObject","url":"https:\/\/scontent-gig4-1.xx.fbcdn.net\/v\/t39.30808-1\/270437624_4564083193639691_6907940295614233970_n.jpg?stp=dst-jpg_s200x200_tt6&_nc_cat=111&ccb=1-7&_nc_sid=f907e8&_nc_ohc=SM1wRlP3lJwQ7kNvwEPuBYA&_nc_oc=AdnqrjDN_BNjSSHWO-GbkIWH6fkGMLw4bqvL_NH6e2wMveX7G-rP2dAqsDSq1mJMOaY&_nc_zt=24&_nc_ht=scontent-gig4-1.xx&_nc_gid=AoBFJeGrT1hVaew_6rchkQ&oh=00_AfX7QmFGhQhG2jAllVgXCiM1ZrWgvtp80-Bfppyexh1QEg&oe=689E923C","@id":"https:\/\/anoticiaonline.com.br\/site\/reuniao-da-camara-conta-com-a-participacao-da-emater\/#organizationLogo"},"image":{"@id":"https:\/\/anoticiaonline.com.br\/site\/reuniao-da-camara-conta-com-a-participacao-da-emater\/#organizationLogo"}},{"@type":"Person","@id":"https:\/\/anoticiaonline.com.br\/site\/author\/juliana\/#author","url":"https:\/\/anoticiaonline.com.br\/site\/author\/juliana\/","name":"Juliana Laviola","image":{"@type":"ImageObject","@id":"https:\/\/anoticiaonline.com.br\/site\/reuniao-da-camara-conta-com-a-participacao-da-emater\/#authorImage","url":"https:\/\/secure.gravatar.com\/avatar\/b8d45f5c699b100dfaf0e543582f38f38bf94cb7ae3a5e9abf8d891a34773335?s=96&d=mm&r=g","width":96,"height":96,"caption":"Juliana Laviola"}},{"@type":"WebPage","@id":"https:\/\/anoticiaonline.com.br\/site\/reuniao-da-camara-conta-com-a-participacao-da-emater\/#webpage","url":"https:\/\/anoticiaonline.com.br\/site\/reuniao-da-camara-conta-com-a-participacao-da-emater\/","name":"Reuni\u00e3o da C\u00e2mara conta com a participa\u00e7\u00e3o da Emater - A Not\u00edcia Online","description":"Em reuni\u00e3o semanal, na \u00faltima ter\u00e7a-feira (17), a C\u00e2mara de Muria\u00e9 recebeu a visita de representantes da Emater (Empresa de Assist\u00eancia T\u00e9cnica e Extens\u00e3o Rural de Minas Gerais) para apresenta\u00e7\u00e3o do Relat\u00f3rio Anual de Atividades. A Emater, representada pelo t\u00e9cnico Rob\u00e9rio de Oliveira Torres, apresentou seu Relat\u00f3rio Anual de Atividades de 2017 com dados sobre","inLanguage":"pt-BR","isPartOf":{"@id":"https:\/\/anoticiaonline.com.br\/site\/#website"},"breadcrumb":{"@id":"https:\/\/anoticiaonline.com.br\/site\/reuniao-da-camara-conta-com-a-participacao-da-emater\/#breadcrumblist"},"author":{"@id":"https:\/\/anoticiaonline.com.br\/site\/author\/juliana\/#author"},"creator":{"@id":"https:\/\/anoticiaonline.com.br\/site\/author\/juliana\/#author"},"image":{"@type":"ImageObject","url":"https:\/\/anoticiaonline.com.br\/site\/wp-content\/uploads\/2018\/04\/Reuni\u00e3o-da-C\u00e2mara-conta-com-a-participa\u00e7\u00e3o-da-Emater-2.jpg","@id":"https:\/\/anoticiaonline.com.br\/site\/reuniao-da-camara-conta-com-a-participacao-da-emater\/#mainImage","width":640,"height":427},"primaryImageOfPage":{"@id":"https:\/\/anoticiaonline.com.br\/site\/reuniao-da-camara-conta-com-a-participacao-da-emater\/#mainImage"},"datePublished":"2018-04-18T16:51:40-03:00","dateModified":"2018-04-18T16:51:57-03:00"},{"@type":"WebSite","@id":"https:\/\/anoticiaonline.com.br\/site\/#website","url":"https:\/\/anoticiaonline.com.br\/site\/","name":"A Not\u00edcia Online","description":"Noticias de Muria\u00e9 e regi\u00e3o","inLanguage":"pt-BR","publisher":{"@id":"https:\/\/anoticiaonline.com.br\/site\/#organization"}}]},"og:locale":"pt_BR","og:site_name":"A Not\u00edcia Online - Noticias de Muria\u00e9 e regi\u00e3o","og:type":"article","og:title":"Reuni\u00e3o da C\u00e2mara conta com a participa\u00e7\u00e3o da Emater - A Not\u00edcia Online","og:description":"Em reuni\u00e3o semanal, na \u00faltima ter\u00e7a-feira (17), a C\u00e2mara de Muria\u00e9 recebeu a visita de representantes da Emater (Empresa de Assist\u00eancia T\u00e9cnica e Extens\u00e3o Rural de Minas Gerais) para apresenta\u00e7\u00e3o do Relat\u00f3rio Anual de Atividades. A Emater, representada pelo t\u00e9cnico Rob\u00e9rio de Oliveira Torres, apresentou seu Relat\u00f3rio Anual de Atividades de 2017 com dados sobre","og:url":"https:\/\/anoticiaonline.com.br\/site\/reuniao-da-camara-conta-com-a-participacao-da-emater\/","og:image":"https:\/\/scontent-gig4-1.xx.fbcdn.net\/v\/t39.30808-1\/270437624_4564083193639691_6907940295614233970_n.jpg?stp=dst-jpg_s200x200_tt6&#038;_nc_cat=111&#038;ccb=1-7&#038;_nc_sid=f907e8&#038;_nc_ohc=SM1wRlP3lJwQ7kNvwEPuBYA&#038;_nc_oc=AdnqrjDN_BNjSSHWO-GbkIWH6fkGMLw4bqvL_NH6e2wMveX7G-rP2dAqsDSq1mJMOaY&#038;_nc_zt=24&#038;_nc_ht=scontent-gig4-1.xx&#038;_nc_gid=AoBFJeGrT1hVaew_6rchkQ&#038;oh=00_AfX7QmFGhQhG2jAllVgXCiM1ZrWgvtp80-Bfppyexh1QEg&#038;oe=689E923C","og:image:secure_url":"https:\/\/scontent-gig4-1.xx.fbcdn.net\/v\/t39.30808-1\/270437624_4564083193639691_6907940295614233970_n.jpg?stp=dst-jpg_s200x200_tt6&#038;_nc_cat=111&#038;ccb=1-7&#038;_nc_sid=f907e8&#038;_nc_ohc=SM1wRlP3lJwQ7kNvwEPuBYA&#038;_nc_oc=AdnqrjDN_BNjSSHWO-GbkIWH6fkGMLw4bqvL_NH6e2wMveX7G-rP2dAqsDSq1mJMOaY&#038;_nc_zt=24&#038;_nc_ht=scontent-gig4-1.xx&#038;_nc_gid=AoBFJeGrT1hVaew_6rchkQ&#038;oh=00_AfX7QmFGhQhG2jAllVgXCiM1ZrWgvtp80-Bfppyexh1QEg&#038;oe=689E923C","article:published_time":"2018-04-18T19:51:40+00:00","article:modified_time":"2018-04-18T19:51:57+00:00","twitter:card":"summary_large_image","twitter:title":"Reuni\u00e3o da C\u00e2mara conta com a participa\u00e7\u00e3o da Emater - A Not\u00edcia Online","twitter:description":"Em reuni\u00e3o semanal, na \u00faltima ter\u00e7a-feira (17), a C\u00e2mara de Muria\u00e9 recebeu a visita de representantes da Emater (Empresa de Assist\u00eancia T\u00e9cnica e Extens\u00e3o Rural de Minas Gerais) para apresenta\u00e7\u00e3o do Relat\u00f3rio Anual de Atividades. A Emater, representada pelo t\u00e9cnico Rob\u00e9rio de Oliveira Torres, apresentou seu Relat\u00f3rio Anual de Atividades de 2017 com dados sobre","twitter:image":"https:\/\/scontent-gig4-1.xx.fbcdn.net\/v\/t39.30808-1\/270437624_4564083193639691_6907940295614233970_n.jpg?stp=dst-jpg_s200x200_tt6&_nc_cat=111&ccb=1-7&_nc_sid=f907e8&_nc_ohc=SM1wRlP3lJwQ7kNvwEPuBYA&_nc_oc=AdnqrjDN_BNjSSHWO-GbkIWH6fkGMLw4bqvL_NH6e2wMveX7G-rP2dAqsDSq1mJMOaY&_nc_zt=24&_nc_ht=scontent-gig4-1.xx&_nc_gid=AoBFJeGrT1hVaew_6rchkQ&oh=00_AfX7QmFGhQhG2jAllVgXCiM1ZrWgvtp80-Bfppyexh1QEg&oe=689E923C"},"aioseo_meta_data":{"post_id":"53756","title":null,"description":null,"keywords":null,"keyphrases":null,"primary_term":null,"canonical_url":null,"og_title":null,"og_description":null,"og_object_type":"default","og_image_type":"default","og_image_url":null,"og_image_width":null,"og_image_height":null,"og_image_custom_url":null,"og_image_custom_fields":null,"og_video":null,"og_custom_url":null,"og_article_section":null,"og_article_tags":null,"twitter_use_og":false,"twitter_card":"default","twitter_image_type":"default","twitter_image_url":null,"twitter_image_custom_url":null,"twitter_image_custom_fields":null,"twitter_title":null,"twitter_description":null,"schema":{"blockGraphs":[],"customGraphs":[],"default":{"data":{"Article":[],"Course":[],"Dataset":[],"FAQPage":[],"Movie":[],"Person":[],"Product":[],"ProductReview":[],"Car":[],"Recipe":[],"Service":[],"SoftwareApplication":[],"WebPage":[]},"graphName":"","isEnabled":true},"graphs":[]},"schema_type":"default","schema_type_options":null,"pillar_content":false,"robots_default":true,"robots_noindex":false,"robots_noarchive":false,"robots_nosnippet":false,"robots_nofollow":false,"robots_noimageindex":false,"robots_noodp":false,"robots_notranslate":false,"robots_max_snippet":null,"robots_max_videopreview":null,"robots_max_imagepreview":"large","priority":null,"frequency":null,"local_seo":null,"breadcrumb_settings":null,"limit_modified_date":false,"ai":null,"created":"2025-08-16 20:41:29","updated":"2025-08-16 20:41:29","focus_keyword":null,"additional_keywords":null,"truseo_locale":null,"seo_analyzer_scan_date":null},"aioseo_breadcrumb":"<div class=\"aioseo-breadcrumbs\"><span class=\"aioseo-breadcrumb\">\n\t\t\t<a href=\"https:\/\/anoticiaonline.com.br\/site\" title=\"Home\">Home<\/a>\n\t\t<\/span><span class=\"aioseo-breadcrumb-separator\">&raquo;<\/span><span class=\"aioseo-breadcrumb\">\n\t\t\t<a href=\"https:\/\/anoticiaonline.com.br\/site\/categoria\/muriae\/\" title=\"Blog\">Blog<\/a>\n\t\t<\/span><span class=\"aioseo-breadcrumb-separator\">&raquo;<\/span><span class=\"aioseo-breadcrumb\">\n\t\t\tReuni\u00e3o da C\u00e2mara conta com a participa\u00e7\u00e3o da Emater\n\t\t<\/span><\/div>","aioseo_breadcrumb_json":[{"label":"Home","link":"https:\/\/anoticiaonline.com.br\/site"},{"label":"Blog","link":"https:\/\/anoticiaonline.com.br\/site\/categoria\/muriae\/"},{"label":"Reuni\u00e3o da C\u00e2mara conta com a participa\u00e7\u00e3o da Emater","link":"https:\/\/anoticiaonline.com.br\/site\/reuniao-da-camara-conta-com-a-participacao-da-emater\/"}],"views":159,"_links":{"self":[{"href":"https:\/\/anoticiaonline.com.br\/site\/wp-json\/wp\/v2\/posts\/53756","targetHints":{"allow":["GET"]}}],"collection":[{"href":"https:\/\/anoticiaonline.com.br\/site\/wp-json\/wp\/v2\/posts"}],"about":[{"href":"https:\/\/anoticiaonline.com.br\/site\/wp-json\/wp\/v2\/types\/post"}],"author":[{"embeddable":true,"href":"https:\/\/anoticiaonline.com.br\/site\/wp-json\/wp\/v2\/users\/2"}],"replies":[{"embeddable":true,"href":"https:\/\/anoticiaonline.com.br\/site\/wp-json\/wp\/v2\/comments?post=53756"}],"version-history":[{"count":0,"href":"https:\/\/anoticiaonline.com.br\/site\/wp-json\/wp\/v2\/posts\/53756\/revisions"}],"wp:featuredmedia":[{"embeddable":true,"href":"https:\/\/anoticiaonline.com.br\/site\/wp-json\/wp\/v2\/media\/53758"}],"wp:attachment":[{"href":"https:\/\/anoticiaonline.com.br\/site\/wp-json\/wp\/v2\/media?parent=53756"}],"wp:term":[{"taxonomy":"category","embeddable":true,"href":"https:\/\/anoticiaonline.com.br\/site\/wp-json\/wp\/v2\/categories?post=53756"},{"taxonomy":"post_tag","embeddable":true,"href":"https:\/\/anoticiaonline.com.br\/site\/wp-json\/wp\/v2\/tags?post=53756"}],"curies":[{"name":"wp","href":"https:\/\/api.w.org\/{rel}","templated":true}]}}