{"id":53738,"date":"2018-04-17T17:22:32","date_gmt":"2018-04-17T20:22:32","guid":{"rendered":"http:\/\/anoticiaonline.com.br\/site\/?p=53738"},"modified":"2018-04-17T17:22:32","modified_gmt":"2018-04-17T20:22:32","slug":"canteiros-e-trevos-na-br-116-serao-reformados","status":"publish","type":"post","link":"https:\/\/anoticiaonline.com.br\/site\/canteiros-e-trevos-na-br-116-serao-reformados\/","title":{"rendered":"Canteiros e trevos na BR-116 ser\u00e3o reformados"},"content":{"rendered":"<p>Os canteiros \u00e0s margens da BR-116 ser\u00e3o reformados a partir do pr\u00f3ximo m\u00eas, segundo a prefeitura, o objetivo \u00e9 beneficiar a passagem de pedestres e aprimorar a seguran\u00e7a entre as pistas da rodovia federal. A reforma se estender\u00e1 do t\u00fanel Dornelas (Rua Euc\u00e1rio Godinho) at\u00e9 o trevo onde as BRs se encontram. O servi\u00e7o possui autoriza\u00e7\u00e3o do Departamento Nacional de Infraestrutura de Transporte (Dnit).<\/p>\n<p>A reforma faz parte do programa de mobilidade urbana que tem como base a melhoria das\u00a0condi\u00e7\u00f5es dos passeios p\u00fablicos. \u201cModificaremos os canteiros nas imedia\u00e7\u00f5es dos bairros que margeiam a BR-116 para facilitar o acesso dos moradores daquelas regi\u00f5es a outras partes da cidade. Mas tamb\u00e9m desejamos ampliar a seguran\u00e7a dos muriaeenses e melhorar a apar\u00eancia de um dos principais acessos do munic\u00edpio\u201d, disse o secret\u00e1rio de obras P\u00fablicas e Urbanismo, Aderbal Fernandes.<\/p>\n<p><a href=\"https:\/\/anoticiaonline.com.br\/site\/wp-content\/uploads\/2018\/04\/IMG_7940.jpg\"><img fetchpriority=\"high\" decoding=\"async\" class=\"alignnone size-full wp-image-53739\" src=\"https:\/\/anoticiaonline.com.br\/site\/wp-content\/uploads\/2018\/04\/IMG_7940.jpg\" alt=\"\" width=\"640\" height=\"426\" srcset=\"https:\/\/anoticiaonline.com.br\/site\/wp-content\/uploads\/2018\/04\/IMG_7940.jpg 640w, https:\/\/anoticiaonline.com.br\/site\/wp-content\/uploads\/2018\/04\/IMG_7940-300x200.jpg 300w\" sizes=\"(max-width: 640px) 100vw, 640px\" \/><\/a><\/p>\n<p>Cr\u00e9ditos: ASCOM PMM<\/p>\n","protected":false},"excerpt":{"rendered":"<p>Os canteiros \u00e0s margens da BR-116 ser\u00e3o reformados a partir do pr\u00f3ximo m\u00eas, segundo a prefeitura, o objetivo \u00e9 beneficiar a passagem de pedestres e aprimorar a seguran\u00e7a entre as pistas da rodovia federal. A reforma se estender\u00e1 do t\u00fanel Dornelas (Rua Euc\u00e1rio Godinho) at\u00e9 o trevo onde as BRs se encontram. O servi\u00e7o possui &#8230; <a title=\"Canteiros e trevos na BR-116 ser\u00e3o reformados\" class=\"read-more\" href=\"https:\/\/anoticiaonline.com.br\/site\/canteiros-e-trevos-na-br-116-serao-reformados\/\" aria-label=\"Read more about Canteiros e trevos na BR-116 ser\u00e3o reformados\">Ler mais<\/a><\/p>\n","protected":false},"author":2,"featured_media":53739,"comment_status":"open","ping_status":"open","sticky":false,"template":"","format":"standard","meta":{"_acf_changed":false,"_monsterinsights_skip_tracking":false,"footnotes":""},"categories":[30],"tags":[126,74,2409,414],"class_list":["post-53738","post","type-post","status-publish","format-standard","has-post-thumbnail","hentry","category-muriae","tag-cidade","tag-muriae","tag-reformas","tag-transito"],"acf":[],"aioseo_notices":[],"aioseo_head":"\n\t\t<!-- All in One SEO 5.0.0.1 - aioseo.com -->\n\t<meta name=\"description\" content=\"Os canteiros \u00e0s margens da BR-116 ser\u00e3o reformados a partir do pr\u00f3ximo m\u00eas, segundo a prefeitura, o objetivo \u00e9 beneficiar a passagem de pedestres e aprimorar a seguran\u00e7a entre as pistas da rodovia federal. A reforma se estender\u00e1 do t\u00fanel Dornelas (Rua Euc\u00e1rio Godinho) at\u00e9 o trevo onde as BRs se encontram. O servi\u00e7o possui\" \/>\n\t<meta name=\"robots\" content=\"max-image-preview:large\" \/>\n\t<meta name=\"author\" content=\"Juliana Laviola\"\/>\n\t<link rel=\"canonical\" href=\"https:\/\/anoticiaonline.com.br\/site\/canteiros-e-trevos-na-br-116-serao-reformados\/\" \/>\n\t<meta name=\"generator\" content=\"All in One SEO (AIOSEO) 5.0.0.1\" \/>\n\t\t<meta property=\"og:locale\" content=\"pt_BR\" \/>\n\t\t<meta property=\"og:site_name\" content=\"A Not\u00edcia Online - Noticias de Muria\u00e9 e regi\u00e3o\" \/>\n\t\t<meta property=\"og:type\" content=\"article\" \/>\n\t\t<meta property=\"og:title\" content=\"Canteiros e trevos na BR-116 ser\u00e3o reformados - A Not\u00edcia Online\" \/>\n\t\t<meta property=\"og:description\" content=\"Os canteiros \u00e0s margens da BR-116 ser\u00e3o reformados a partir do pr\u00f3ximo m\u00eas, segundo a prefeitura, o objetivo \u00e9 beneficiar a passagem de pedestres e aprimorar a seguran\u00e7a entre as pistas da rodovia federal. A reforma se estender\u00e1 do t\u00fanel Dornelas (Rua Euc\u00e1rio Godinho) at\u00e9 o trevo onde as BRs se encontram. O servi\u00e7o possui\" \/>\n\t\t<meta property=\"og:url\" content=\"https:\/\/anoticiaonline.com.br\/site\/canteiros-e-trevos-na-br-116-serao-reformados\/\" \/>\n\t\t<meta property=\"og:image\" content=\"https:\/\/scontent-gig4-1.xx.fbcdn.net\/v\/t39.30808-1\/270437624_4564083193639691_6907940295614233970_n.jpg?stp=dst-jpg_s200x200_tt6&#038;_nc_cat=111&#038;ccb=1-7&#038;_nc_sid=f907e8&#038;_nc_ohc=SM1wRlP3lJwQ7kNvwEPuBYA&#038;_nc_oc=AdnqrjDN_BNjSSHWO-GbkIWH6fkGMLw4bqvL_NH6e2wMveX7G-rP2dAqsDSq1mJMOaY&#038;_nc_zt=24&#038;_nc_ht=scontent-gig4-1.xx&#038;_nc_gid=AoBFJeGrT1hVaew_6rchkQ&#038;oh=00_AfX7QmFGhQhG2jAllVgXCiM1ZrWgvtp80-Bfppyexh1QEg&#038;oe=689E923C\" \/>\n\t\t<meta property=\"og:image:secure_url\" content=\"https:\/\/scontent-gig4-1.xx.fbcdn.net\/v\/t39.30808-1\/270437624_4564083193639691_6907940295614233970_n.jpg?stp=dst-jpg_s200x200_tt6&#038;_nc_cat=111&#038;ccb=1-7&#038;_nc_sid=f907e8&#038;_nc_ohc=SM1wRlP3lJwQ7kNvwEPuBYA&#038;_nc_oc=AdnqrjDN_BNjSSHWO-GbkIWH6fkGMLw4bqvL_NH6e2wMveX7G-rP2dAqsDSq1mJMOaY&#038;_nc_zt=24&#038;_nc_ht=scontent-gig4-1.xx&#038;_nc_gid=AoBFJeGrT1hVaew_6rchkQ&#038;oh=00_AfX7QmFGhQhG2jAllVgXCiM1ZrWgvtp80-Bfppyexh1QEg&#038;oe=689E923C\" \/>\n\t\t<meta property=\"article:published_time\" content=\"2018-04-17T20:22:32+00:00\" \/>\n\t\t<meta property=\"article:modified_time\" content=\"2018-04-17T20:22:32+00:00\" \/>\n\t\t<meta name=\"twitter:card\" content=\"summary_large_image\" \/>\n\t\t<meta name=\"twitter:title\" content=\"Canteiros e trevos na BR-116 ser\u00e3o reformados - A Not\u00edcia Online\" \/>\n\t\t<meta name=\"twitter:description\" content=\"Os canteiros \u00e0s margens da BR-116 ser\u00e3o reformados a partir do pr\u00f3ximo m\u00eas, segundo a prefeitura, o objetivo \u00e9 beneficiar a passagem de pedestres e aprimorar a seguran\u00e7a entre as pistas da rodovia federal. A reforma se estender\u00e1 do t\u00fanel Dornelas (Rua Euc\u00e1rio Godinho) at\u00e9 o trevo onde as BRs se encontram. O servi\u00e7o possui\" \/>\n\t\t<meta name=\"twitter:image\" content=\"https:\/\/scontent-gig4-1.xx.fbcdn.net\/v\/t39.30808-1\/270437624_4564083193639691_6907940295614233970_n.jpg?stp=dst-jpg_s200x200_tt6&amp;_nc_cat=111&amp;ccb=1-7&amp;_nc_sid=f907e8&amp;_nc_ohc=SM1wRlP3lJwQ7kNvwEPuBYA&amp;_nc_oc=AdnqrjDN_BNjSSHWO-GbkIWH6fkGMLw4bqvL_NH6e2wMveX7G-rP2dAqsDSq1mJMOaY&amp;_nc_zt=24&amp;_nc_ht=scontent-gig4-1.xx&amp;_nc_gid=AoBFJeGrT1hVaew_6rchkQ&amp;oh=00_AfX7QmFGhQhG2jAllVgXCiM1ZrWgvtp80-Bfppyexh1QEg&amp;oe=689E923C\" \/>\n\t\t<script type=\"application\/ld+json\" class=\"aioseo-schema\">\n\t\t\t{\"@context\":\"https:\\\/\\\/schema.org\",\"@graph\":[{\"@type\":\"BlogPosting\",\"@id\":\"https:\\\/\\\/anoticiaonline.com.br\\\/site\\\/canteiros-e-trevos-na-br-116-serao-reformados\\\/#blogposting\",\"name\":\"Canteiros e trevos na BR-116 ser\\u00e3o reformados - A Not\\u00edcia Online\",\"headline\":\"Canteiros e trevos na BR-116 ser\\u00e3o reformados\",\"author\":{\"@id\":\"https:\\\/\\\/anoticiaonline.com.br\\\/site\\\/author\\\/juliana\\\/#author\"},\"publisher\":{\"@id\":\"https:\\\/\\\/anoticiaonline.com.br\\\/site\\\/#organization\"},\"image\":{\"@type\":\"ImageObject\",\"url\":\"https:\\\/\\\/anoticiaonline.com.br\\\/site\\\/wp-content\\\/uploads\\\/2018\\\/04\\\/IMG_7940.jpg\",\"width\":640,\"height\":426},\"datePublished\":\"2018-04-17T17:22:32-03:00\",\"dateModified\":\"2018-04-17T17:22:32-03:00\",\"inLanguage\":\"pt-BR\",\"mainEntityOfPage\":{\"@id\":\"https:\\\/\\\/anoticiaonline.com.br\\\/site\\\/canteiros-e-trevos-na-br-116-serao-reformados\\\/#webpage\"},\"isPartOf\":{\"@id\":\"https:\\\/\\\/anoticiaonline.com.br\\\/site\\\/canteiros-e-trevos-na-br-116-serao-reformados\\\/#webpage\"},\"articleSection\":\"Blog, cidade, Muria\\u00e9, reformas, tr\\u00e2nsito\"},{\"@type\":\"BreadcrumbList\",\"@id\":\"https:\\\/\\\/anoticiaonline.com.br\\\/site\\\/canteiros-e-trevos-na-br-116-serao-reformados\\\/#breadcrumblist\",\"itemListElement\":[{\"@type\":\"ListItem\",\"@id\":\"https:\\\/\\\/anoticiaonline.com.br\\\/site#listItem\",\"position\":1,\"name\":\"Home\",\"item\":\"https:\\\/\\\/anoticiaonline.com.br\\\/site\",\"nextItem\":{\"@type\":\"ListItem\",\"@id\":\"https:\\\/\\\/anoticiaonline.com.br\\\/site\\\/categoria\\\/muriae\\\/#listItem\",\"name\":\"Blog\"}},{\"@type\":\"ListItem\",\"@id\":\"https:\\\/\\\/anoticiaonline.com.br\\\/site\\\/categoria\\\/muriae\\\/#listItem\",\"position\":2,\"name\":\"Blog\",\"item\":\"https:\\\/\\\/anoticiaonline.com.br\\\/site\\\/categoria\\\/muriae\\\/\",\"nextItem\":{\"@type\":\"ListItem\",\"@id\":\"https:\\\/\\\/anoticiaonline.com.br\\\/site\\\/canteiros-e-trevos-na-br-116-serao-reformados\\\/#listItem\",\"name\":\"Canteiros e trevos na BR-116 ser\\u00e3o reformados\"},\"previousItem\":{\"@type\":\"ListItem\",\"@id\":\"https:\\\/\\\/anoticiaonline.com.br\\\/site#listItem\",\"name\":\"Home\"}},{\"@type\":\"ListItem\",\"@id\":\"https:\\\/\\\/anoticiaonline.com.br\\\/site\\\/canteiros-e-trevos-na-br-116-serao-reformados\\\/#listItem\",\"position\":3,\"name\":\"Canteiros e trevos na BR-116 ser\\u00e3o reformados\",\"previousItem\":{\"@type\":\"ListItem\",\"@id\":\"https:\\\/\\\/anoticiaonline.com.br\\\/site\\\/categoria\\\/muriae\\\/#listItem\",\"name\":\"Blog\"}}]},{\"@type\":\"Organization\",\"@id\":\"https:\\\/\\\/anoticiaonline.com.br\\\/site\\\/#organization\",\"name\":\"A Not\\u00edcia Online\",\"description\":\"Noticias de Muria\\u00e9 e regi\\u00e3o\",\"url\":\"https:\\\/\\\/anoticiaonline.com.br\\\/site\\\/\",\"logo\":{\"@type\":\"ImageObject\",\"url\":\"https:\\\/\\\/scontent-gig4-1.xx.fbcdn.net\\\/v\\\/t39.30808-1\\\/270437624_4564083193639691_6907940295614233970_n.jpg?stp=dst-jpg_s200x200_tt6&_nc_cat=111&ccb=1-7&_nc_sid=f907e8&_nc_ohc=SM1wRlP3lJwQ7kNvwEPuBYA&_nc_oc=AdnqrjDN_BNjSSHWO-GbkIWH6fkGMLw4bqvL_NH6e2wMveX7G-rP2dAqsDSq1mJMOaY&_nc_zt=24&_nc_ht=scontent-gig4-1.xx&_nc_gid=AoBFJeGrT1hVaew_6rchkQ&oh=00_AfX7QmFGhQhG2jAllVgXCiM1ZrWgvtp80-Bfppyexh1QEg&oe=689E923C\",\"@id\":\"https:\\\/\\\/anoticiaonline.com.br\\\/site\\\/canteiros-e-trevos-na-br-116-serao-reformados\\\/#organizationLogo\"},\"image\":{\"@id\":\"https:\\\/\\\/anoticiaonline.com.br\\\/site\\\/canteiros-e-trevos-na-br-116-serao-reformados\\\/#organizationLogo\"}},{\"@type\":\"Person\",\"@id\":\"https:\\\/\\\/anoticiaonline.com.br\\\/site\\\/author\\\/juliana\\\/#author\",\"url\":\"https:\\\/\\\/anoticiaonline.com.br\\\/site\\\/author\\\/juliana\\\/\",\"name\":\"Juliana Laviola\",\"image\":{\"@type\":\"ImageObject\",\"@id\":\"https:\\\/\\\/anoticiaonline.com.br\\\/site\\\/canteiros-e-trevos-na-br-116-serao-reformados\\\/#authorImage\",\"url\":\"https:\\\/\\\/secure.gravatar.com\\\/avatar\\\/b8d45f5c699b100dfaf0e543582f38f38bf94cb7ae3a5e9abf8d891a34773335?s=96&d=mm&r=g\",\"width\":96,\"height\":96,\"caption\":\"Juliana Laviola\"}},{\"@type\":\"WebPage\",\"@id\":\"https:\\\/\\\/anoticiaonline.com.br\\\/site\\\/canteiros-e-trevos-na-br-116-serao-reformados\\\/#webpage\",\"url\":\"https:\\\/\\\/anoticiaonline.com.br\\\/site\\\/canteiros-e-trevos-na-br-116-serao-reformados\\\/\",\"name\":\"Canteiros e trevos na BR-116 ser\\u00e3o reformados - A Not\\u00edcia Online\",\"description\":\"Os canteiros \\u00e0s margens da BR-116 ser\\u00e3o reformados a partir do pr\\u00f3ximo m\\u00eas, segundo a prefeitura, o objetivo \\u00e9 beneficiar a passagem de pedestres e aprimorar a seguran\\u00e7a entre as pistas da rodovia federal. A reforma se estender\\u00e1 do t\\u00fanel Dornelas (Rua Euc\\u00e1rio Godinho) at\\u00e9 o trevo onde as BRs se encontram. O servi\\u00e7o possui\",\"inLanguage\":\"pt-BR\",\"isPartOf\":{\"@id\":\"https:\\\/\\\/anoticiaonline.com.br\\\/site\\\/#website\"},\"breadcrumb\":{\"@id\":\"https:\\\/\\\/anoticiaonline.com.br\\\/site\\\/canteiros-e-trevos-na-br-116-serao-reformados\\\/#breadcrumblist\"},\"author\":{\"@id\":\"https:\\\/\\\/anoticiaonline.com.br\\\/site\\\/author\\\/juliana\\\/#author\"},\"creator\":{\"@id\":\"https:\\\/\\\/anoticiaonline.com.br\\\/site\\\/author\\\/juliana\\\/#author\"},\"image\":{\"@type\":\"ImageObject\",\"url\":\"https:\\\/\\\/anoticiaonline.com.br\\\/site\\\/wp-content\\\/uploads\\\/2018\\\/04\\\/IMG_7940.jpg\",\"@id\":\"https:\\\/\\\/anoticiaonline.com.br\\\/site\\\/canteiros-e-trevos-na-br-116-serao-reformados\\\/#mainImage\",\"width\":640,\"height\":426},\"primaryImageOfPage\":{\"@id\":\"https:\\\/\\\/anoticiaonline.com.br\\\/site\\\/canteiros-e-trevos-na-br-116-serao-reformados\\\/#mainImage\"},\"datePublished\":\"2018-04-17T17:22:32-03:00\",\"dateModified\":\"2018-04-17T17:22:32-03:00\"},{\"@type\":\"WebSite\",\"@id\":\"https:\\\/\\\/anoticiaonline.com.br\\\/site\\\/#website\",\"url\":\"https:\\\/\\\/anoticiaonline.com.br\\\/site\\\/\",\"name\":\"A Not\\u00edcia Online\",\"description\":\"Noticias de Muria\\u00e9 e regi\\u00e3o\",\"inLanguage\":\"pt-BR\",\"publisher\":{\"@id\":\"https:\\\/\\\/anoticiaonline.com.br\\\/site\\\/#organization\"}}]}\n\t\t<\/script>\n\t\t<!-- All in One SEO -->\n\n","aioseo_head_json":{"title":"Canteiros e trevos na BR-116 ser\u00e3o reformados - A Not\u00edcia Online","description":"Os canteiros \u00e0s margens da BR-116 ser\u00e3o reformados a partir do pr\u00f3ximo m\u00eas, segundo a prefeitura, o objetivo \u00e9 beneficiar a passagem de pedestres e aprimorar a seguran\u00e7a entre as pistas da rodovia federal. A reforma se estender\u00e1 do t\u00fanel Dornelas (Rua Euc\u00e1rio Godinho) at\u00e9 o trevo onde as BRs se encontram. O servi\u00e7o possui","canonical_url":"https:\/\/anoticiaonline.com.br\/site\/canteiros-e-trevos-na-br-116-serao-reformados\/","robots":"max-image-preview:large","keywords":"","webmasterTools":{"miscellaneous":""},"schema":{"@context":"https:\/\/schema.org","@graph":[{"@type":"BlogPosting","@id":"https:\/\/anoticiaonline.com.br\/site\/canteiros-e-trevos-na-br-116-serao-reformados\/#blogposting","name":"Canteiros e trevos na BR-116 ser\u00e3o reformados - A Not\u00edcia Online","headline":"Canteiros e trevos na BR-116 ser\u00e3o reformados","author":{"@id":"https:\/\/anoticiaonline.com.br\/site\/author\/juliana\/#author"},"publisher":{"@id":"https:\/\/anoticiaonline.com.br\/site\/#organization"},"image":{"@type":"ImageObject","url":"https:\/\/anoticiaonline.com.br\/site\/wp-content\/uploads\/2018\/04\/IMG_7940.jpg","width":640,"height":426},"datePublished":"2018-04-17T17:22:32-03:00","dateModified":"2018-04-17T17:22:32-03:00","inLanguage":"pt-BR","mainEntityOfPage":{"@id":"https:\/\/anoticiaonline.com.br\/site\/canteiros-e-trevos-na-br-116-serao-reformados\/#webpage"},"isPartOf":{"@id":"https:\/\/anoticiaonline.com.br\/site\/canteiros-e-trevos-na-br-116-serao-reformados\/#webpage"},"articleSection":"Blog, cidade, Muria\u00e9, reformas, tr\u00e2nsito"},{"@type":"BreadcrumbList","@id":"https:\/\/anoticiaonline.com.br\/site\/canteiros-e-trevos-na-br-116-serao-reformados\/#breadcrumblist","itemListElement":[{"@type":"ListItem","@id":"https:\/\/anoticiaonline.com.br\/site#listItem","position":1,"name":"Home","item":"https:\/\/anoticiaonline.com.br\/site","nextItem":{"@type":"ListItem","@id":"https:\/\/anoticiaonline.com.br\/site\/categoria\/muriae\/#listItem","name":"Blog"}},{"@type":"ListItem","@id":"https:\/\/anoticiaonline.com.br\/site\/categoria\/muriae\/#listItem","position":2,"name":"Blog","item":"https:\/\/anoticiaonline.com.br\/site\/categoria\/muriae\/","nextItem":{"@type":"ListItem","@id":"https:\/\/anoticiaonline.com.br\/site\/canteiros-e-trevos-na-br-116-serao-reformados\/#listItem","name":"Canteiros e trevos na BR-116 ser\u00e3o reformados"},"previousItem":{"@type":"ListItem","@id":"https:\/\/anoticiaonline.com.br\/site#listItem","name":"Home"}},{"@type":"ListItem","@id":"https:\/\/anoticiaonline.com.br\/site\/canteiros-e-trevos-na-br-116-serao-reformados\/#listItem","position":3,"name":"Canteiros e trevos na BR-116 ser\u00e3o reformados","previousItem":{"@type":"ListItem","@id":"https:\/\/anoticiaonline.com.br\/site\/categoria\/muriae\/#listItem","name":"Blog"}}]},{"@type":"Organization","@id":"https:\/\/anoticiaonline.com.br\/site\/#organization","name":"A Not\u00edcia Online","description":"Noticias de Muria\u00e9 e regi\u00e3o","url":"https:\/\/anoticiaonline.com.br\/site\/","logo":{"@type":"ImageObject","url":"https:\/\/scontent-gig4-1.xx.fbcdn.net\/v\/t39.30808-1\/270437624_4564083193639691_6907940295614233970_n.jpg?stp=dst-jpg_s200x200_tt6&_nc_cat=111&ccb=1-7&_nc_sid=f907e8&_nc_ohc=SM1wRlP3lJwQ7kNvwEPuBYA&_nc_oc=AdnqrjDN_BNjSSHWO-GbkIWH6fkGMLw4bqvL_NH6e2wMveX7G-rP2dAqsDSq1mJMOaY&_nc_zt=24&_nc_ht=scontent-gig4-1.xx&_nc_gid=AoBFJeGrT1hVaew_6rchkQ&oh=00_AfX7QmFGhQhG2jAllVgXCiM1ZrWgvtp80-Bfppyexh1QEg&oe=689E923C","@id":"https:\/\/anoticiaonline.com.br\/site\/canteiros-e-trevos-na-br-116-serao-reformados\/#organizationLogo"},"image":{"@id":"https:\/\/anoticiaonline.com.br\/site\/canteiros-e-trevos-na-br-116-serao-reformados\/#organizationLogo"}},{"@type":"Person","@id":"https:\/\/anoticiaonline.com.br\/site\/author\/juliana\/#author","url":"https:\/\/anoticiaonline.com.br\/site\/author\/juliana\/","name":"Juliana Laviola","image":{"@type":"ImageObject","@id":"https:\/\/anoticiaonline.com.br\/site\/canteiros-e-trevos-na-br-116-serao-reformados\/#authorImage","url":"https:\/\/secure.gravatar.com\/avatar\/b8d45f5c699b100dfaf0e543582f38f38bf94cb7ae3a5e9abf8d891a34773335?s=96&d=mm&r=g","width":96,"height":96,"caption":"Juliana Laviola"}},{"@type":"WebPage","@id":"https:\/\/anoticiaonline.com.br\/site\/canteiros-e-trevos-na-br-116-serao-reformados\/#webpage","url":"https:\/\/anoticiaonline.com.br\/site\/canteiros-e-trevos-na-br-116-serao-reformados\/","name":"Canteiros e trevos na BR-116 ser\u00e3o reformados - A Not\u00edcia Online","description":"Os canteiros \u00e0s margens da BR-116 ser\u00e3o reformados a partir do pr\u00f3ximo m\u00eas, segundo a prefeitura, o objetivo \u00e9 beneficiar a passagem de pedestres e aprimorar a seguran\u00e7a entre as pistas da rodovia federal. A reforma se estender\u00e1 do t\u00fanel Dornelas (Rua Euc\u00e1rio Godinho) at\u00e9 o trevo onde as BRs se encontram. O servi\u00e7o possui","inLanguage":"pt-BR","isPartOf":{"@id":"https:\/\/anoticiaonline.com.br\/site\/#website"},"breadcrumb":{"@id":"https:\/\/anoticiaonline.com.br\/site\/canteiros-e-trevos-na-br-116-serao-reformados\/#breadcrumblist"},"author":{"@id":"https:\/\/anoticiaonline.com.br\/site\/author\/juliana\/#author"},"creator":{"@id":"https:\/\/anoticiaonline.com.br\/site\/author\/juliana\/#author"},"image":{"@type":"ImageObject","url":"https:\/\/anoticiaonline.com.br\/site\/wp-content\/uploads\/2018\/04\/IMG_7940.jpg","@id":"https:\/\/anoticiaonline.com.br\/site\/canteiros-e-trevos-na-br-116-serao-reformados\/#mainImage","width":640,"height":426},"primaryImageOfPage":{"@id":"https:\/\/anoticiaonline.com.br\/site\/canteiros-e-trevos-na-br-116-serao-reformados\/#mainImage"},"datePublished":"2018-04-17T17:22:32-03:00","dateModified":"2018-04-17T17:22:32-03:00"},{"@type":"WebSite","@id":"https:\/\/anoticiaonline.com.br\/site\/#website","url":"https:\/\/anoticiaonline.com.br\/site\/","name":"A Not\u00edcia Online","description":"Noticias de Muria\u00e9 e regi\u00e3o","inLanguage":"pt-BR","publisher":{"@id":"https:\/\/anoticiaonline.com.br\/site\/#organization"}}]},"og:locale":"pt_BR","og:site_name":"A Not\u00edcia Online - Noticias de Muria\u00e9 e regi\u00e3o","og:type":"article","og:title":"Canteiros e trevos na BR-116 ser\u00e3o reformados - A Not\u00edcia Online","og:description":"Os canteiros \u00e0s margens da BR-116 ser\u00e3o reformados a partir do pr\u00f3ximo m\u00eas, segundo a prefeitura, o objetivo \u00e9 beneficiar a passagem de pedestres e aprimorar a seguran\u00e7a entre as pistas da rodovia federal. A reforma se estender\u00e1 do t\u00fanel Dornelas (Rua Euc\u00e1rio Godinho) at\u00e9 o trevo onde as BRs se encontram. O servi\u00e7o possui","og:url":"https:\/\/anoticiaonline.com.br\/site\/canteiros-e-trevos-na-br-116-serao-reformados\/","og:image":"https:\/\/scontent-gig4-1.xx.fbcdn.net\/v\/t39.30808-1\/270437624_4564083193639691_6907940295614233970_n.jpg?stp=dst-jpg_s200x200_tt6&#038;_nc_cat=111&#038;ccb=1-7&#038;_nc_sid=f907e8&#038;_nc_ohc=SM1wRlP3lJwQ7kNvwEPuBYA&#038;_nc_oc=AdnqrjDN_BNjSSHWO-GbkIWH6fkGMLw4bqvL_NH6e2wMveX7G-rP2dAqsDSq1mJMOaY&#038;_nc_zt=24&#038;_nc_ht=scontent-gig4-1.xx&#038;_nc_gid=AoBFJeGrT1hVaew_6rchkQ&#038;oh=00_AfX7QmFGhQhG2jAllVgXCiM1ZrWgvtp80-Bfppyexh1QEg&#038;oe=689E923C","og:image:secure_url":"https:\/\/scontent-gig4-1.xx.fbcdn.net\/v\/t39.30808-1\/270437624_4564083193639691_6907940295614233970_n.jpg?stp=dst-jpg_s200x200_tt6&#038;_nc_cat=111&#038;ccb=1-7&#038;_nc_sid=f907e8&#038;_nc_ohc=SM1wRlP3lJwQ7kNvwEPuBYA&#038;_nc_oc=AdnqrjDN_BNjSSHWO-GbkIWH6fkGMLw4bqvL_NH6e2wMveX7G-rP2dAqsDSq1mJMOaY&#038;_nc_zt=24&#038;_nc_ht=scontent-gig4-1.xx&#038;_nc_gid=AoBFJeGrT1hVaew_6rchkQ&#038;oh=00_AfX7QmFGhQhG2jAllVgXCiM1ZrWgvtp80-Bfppyexh1QEg&#038;oe=689E923C","article:published_time":"2018-04-17T20:22:32+00:00","article:modified_time":"2018-04-17T20:22:32+00:00","twitter:card":"summary_large_image","twitter:title":"Canteiros e trevos na BR-116 ser\u00e3o reformados - A Not\u00edcia Online","twitter:description":"Os canteiros \u00e0s margens da BR-116 ser\u00e3o reformados a partir do pr\u00f3ximo m\u00eas, segundo a prefeitura, o objetivo \u00e9 beneficiar a passagem de pedestres e aprimorar a seguran\u00e7a entre as pistas da rodovia federal. A reforma se estender\u00e1 do t\u00fanel Dornelas (Rua Euc\u00e1rio Godinho) at\u00e9 o trevo onde as BRs se encontram. O servi\u00e7o possui","twitter:image":"https:\/\/scontent-gig4-1.xx.fbcdn.net\/v\/t39.30808-1\/270437624_4564083193639691_6907940295614233970_n.jpg?stp=dst-jpg_s200x200_tt6&_nc_cat=111&ccb=1-7&_nc_sid=f907e8&_nc_ohc=SM1wRlP3lJwQ7kNvwEPuBYA&_nc_oc=AdnqrjDN_BNjSSHWO-GbkIWH6fkGMLw4bqvL_NH6e2wMveX7G-rP2dAqsDSq1mJMOaY&_nc_zt=24&_nc_ht=scontent-gig4-1.xx&_nc_gid=AoBFJeGrT1hVaew_6rchkQ&oh=00_AfX7QmFGhQhG2jAllVgXCiM1ZrWgvtp80-Bfppyexh1QEg&oe=689E923C"},"aioseo_meta_data":{"post_id":"53738","title":null,"description":null,"keywords":null,"keyphrases":null,"primary_term":null,"canonical_url":null,"og_title":null,"og_description":null,"og_object_type":"default","og_image_type":"default","og_image_url":null,"og_image_width":null,"og_image_height":null,"og_image_custom_url":null,"og_image_custom_fields":null,"og_video":null,"og_custom_url":null,"og_article_section":null,"og_article_tags":null,"twitter_use_og":false,"twitter_card":"default","twitter_image_type":"default","twitter_image_url":null,"twitter_image_custom_url":null,"twitter_image_custom_fields":null,"twitter_title":null,"twitter_description":null,"schema":{"blockGraphs":[],"customGraphs":[],"default":{"data":{"Article":[],"Course":[],"Dataset":[],"FAQPage":[],"Movie":[],"Person":[],"Product":[],"ProductReview":[],"Car":[],"Recipe":[],"Service":[],"SoftwareApplication":[],"WebPage":[]},"graphName":"","isEnabled":true},"graphs":[]},"schema_type":"default","schema_type_options":null,"pillar_content":false,"robots_default":true,"robots_noindex":false,"robots_noarchive":false,"robots_nosnippet":false,"robots_nofollow":false,"robots_noimageindex":false,"robots_noodp":false,"robots_notranslate":false,"robots_max_snippet":null,"robots_max_videopreview":null,"robots_max_imagepreview":"large","priority":null,"frequency":null,"local_seo":null,"breadcrumb_settings":null,"limit_modified_date":false,"ai":null,"created":"2025-08-16 20:41:29","updated":"2025-08-16 20:41:29","focus_keyword":null,"additional_keywords":null,"truseo_locale":null,"seo_analyzer_scan_date":null},"aioseo_breadcrumb":"<div class=\"aioseo-breadcrumbs\"><span class=\"aioseo-breadcrumb\">\n\t\t\t<a href=\"https:\/\/anoticiaonline.com.br\/site\" title=\"Home\">Home<\/a>\n\t\t<\/span><span class=\"aioseo-breadcrumb-separator\">&raquo;<\/span><span class=\"aioseo-breadcrumb\">\n\t\t\t<a href=\"https:\/\/anoticiaonline.com.br\/site\/categoria\/muriae\/\" title=\"Blog\">Blog<\/a>\n\t\t<\/span><span class=\"aioseo-breadcrumb-separator\">&raquo;<\/span><span class=\"aioseo-breadcrumb\">\n\t\t\tCanteiros e trevos na BR-116 ser\u00e3o reformados\n\t\t<\/span><\/div>","aioseo_breadcrumb_json":[{"label":"Home","link":"https:\/\/anoticiaonline.com.br\/site"},{"label":"Blog","link":"https:\/\/anoticiaonline.com.br\/site\/categoria\/muriae\/"},{"label":"Canteiros e trevos na BR-116 ser\u00e3o reformados","link":"https:\/\/anoticiaonline.com.br\/site\/canteiros-e-trevos-na-br-116-serao-reformados\/"}],"views":160,"_links":{"self":[{"href":"https:\/\/anoticiaonline.com.br\/site\/wp-json\/wp\/v2\/posts\/53738","targetHints":{"allow":["GET"]}}],"collection":[{"href":"https:\/\/anoticiaonline.com.br\/site\/wp-json\/wp\/v2\/posts"}],"about":[{"href":"https:\/\/anoticiaonline.com.br\/site\/wp-json\/wp\/v2\/types\/post"}],"author":[{"embeddable":true,"href":"https:\/\/anoticiaonline.com.br\/site\/wp-json\/wp\/v2\/users\/2"}],"replies":[{"embeddable":true,"href":"https:\/\/anoticiaonline.com.br\/site\/wp-json\/wp\/v2\/comments?post=53738"}],"version-history":[{"count":0,"href":"https:\/\/anoticiaonline.com.br\/site\/wp-json\/wp\/v2\/posts\/53738\/revisions"}],"wp:featuredmedia":[{"embeddable":true,"href":"https:\/\/anoticiaonline.com.br\/site\/wp-json\/wp\/v2\/media\/53739"}],"wp:attachment":[{"href":"https:\/\/anoticiaonline.com.br\/site\/wp-json\/wp\/v2\/media?parent=53738"}],"wp:term":[{"taxonomy":"category","embeddable":true,"href":"https:\/\/anoticiaonline.com.br\/site\/wp-json\/wp\/v2\/categories?post=53738"},{"taxonomy":"post_tag","embeddable":true,"href":"https:\/\/anoticiaonline.com.br\/site\/wp-json\/wp\/v2\/tags?post=53738"}],"curies":[{"name":"wp","href":"https:\/\/api.w.org\/{rel}","templated":true}]}}