{"id":53482,"date":"2018-04-12T21:42:21","date_gmt":"2018-04-13T00:42:21","guid":{"rendered":"http:\/\/anoticiaonline.com.br\/site\/?p=53482"},"modified":"2018-04-12T22:10:30","modified_gmt":"2018-04-13T01:10:30","slug":"restaurante-da-charretinha-promove-sua-tradicional-feijoada","status":"publish","type":"post","link":"https:\/\/anoticiaonline.com.br\/site\/restaurante-da-charretinha-promove-sua-tradicional-feijoada\/","title":{"rendered":"Restaurante da Charretinha promove sua tradicional Feijoada"},"content":{"rendered":"<p><a href=\"https:\/\/anoticiaonline.com.br\/site\/wp-content\/uploads\/2018\/04\/DSC_0913.jpg\"><img fetchpriority=\"high\" decoding=\"async\" class=\"aligncenter size-full wp-image-53487\" src=\"https:\/\/anoticiaonline.com.br\/site\/wp-content\/uploads\/2018\/04\/DSC_0913.jpg\" alt=\"\" width=\"640\" height=\"427\" srcset=\"https:\/\/anoticiaonline.com.br\/site\/wp-content\/uploads\/2018\/04\/DSC_0913.jpg 640w, https:\/\/anoticiaonline.com.br\/site\/wp-content\/uploads\/2018\/04\/DSC_0913-300x200.jpg 300w\" sizes=\"(max-width: 640px) 100vw, 640px\" \/><\/a> <a href=\"https:\/\/anoticiaonline.com.br\/site\/wp-content\/uploads\/2018\/04\/DSC_0927.jpg\"><img decoding=\"async\" class=\"aligncenter size-full wp-image-53488\" src=\"https:\/\/anoticiaonline.com.br\/site\/wp-content\/uploads\/2018\/04\/DSC_0927.jpg\" alt=\"\" width=\"640\" height=\"427\" srcset=\"https:\/\/anoticiaonline.com.br\/site\/wp-content\/uploads\/2018\/04\/DSC_0927.jpg 640w, https:\/\/anoticiaonline.com.br\/site\/wp-content\/uploads\/2018\/04\/DSC_0927-300x200.jpg 300w\" sizes=\"(max-width: 640px) 100vw, 640px\" \/><\/a> <a href=\"https:\/\/anoticiaonline.com.br\/site\/wp-content\/uploads\/2018\/04\/DSC_0945.jpg\"><img decoding=\"async\" class=\"aligncenter size-full wp-image-53489\" src=\"https:\/\/anoticiaonline.com.br\/site\/wp-content\/uploads\/2018\/04\/DSC_0945.jpg\" alt=\"\" width=\"640\" height=\"427\" srcset=\"https:\/\/anoticiaonline.com.br\/site\/wp-content\/uploads\/2018\/04\/DSC_0945.jpg 640w, https:\/\/anoticiaonline.com.br\/site\/wp-content\/uploads\/2018\/04\/DSC_0945-300x200.jpg 300w\" sizes=\"(max-width: 640px) 100vw, 640px\" \/><\/a><a href=\"https:\/\/anoticiaonline.com.br\/site\/wp-content\/uploads\/2018\/04\/DSC_0984.jpg\"><img loading=\"lazy\" decoding=\"async\" class=\"aligncenter size-full wp-image-53492\" src=\"https:\/\/anoticiaonline.com.br\/site\/wp-content\/uploads\/2018\/04\/DSC_0984.jpg\" alt=\"\" width=\"640\" height=\"427\" srcset=\"https:\/\/anoticiaonline.com.br\/site\/wp-content\/uploads\/2018\/04\/DSC_0984.jpg 640w, https:\/\/anoticiaonline.com.br\/site\/wp-content\/uploads\/2018\/04\/DSC_0984-300x200.jpg 300w\" sizes=\"(max-width: 640px) 100vw, 640px\" \/><\/a>A tradicional Feijoada do Restaurante da Charretinha foi sucesso mais uma vez. O evento reuniu centenas de pessoas, que puderam desfrutar de uma noite agrad\u00e1vel, com uma deliciosa feijoada e seus acompanhamentos, em um ambiente familiar. Houve ainda m\u00fasica ao vivo com Vinn\u00edcius Viola.<\/p>\n<p>A festa aconteceu na noite de s\u00e1bado (7), no Restaurante da Charretinha, no Bairro Sofoc\u00f3. Durante o evento tamb\u00e9m foram feitos sorteios de brindes e vale-compras oferecidos pela loja de roupas e acess\u00f3rios femininos, Charm Store.<\/p>\n<p>O senhor Toninho, juntamente com o casal Marco Ant\u00f4nio e Rosiane, agradece a todos que compareceram \u00e0 Feijoada mais famosa da regi\u00e3o e aguardam clientes e amigos para os demais eventos que ser\u00e3o divulgados em breve.<\/p>\n<p>O restaurante funciona aos s\u00e1bados, domingos e feriados durante o dia todo. Durante a semana, o restaurante atende por pedido. O espa\u00e7o tamb\u00e9m pode ser alugado para festas.<\/p>\n<p><a href=\"https:\/\/anoticiaonline.com.br\/site\/wp-content\/uploads\/2018\/04\/DSC_0861.jpg\"><img loading=\"lazy\" decoding=\"async\" class=\"aligncenter size-full wp-image-53485\" src=\"https:\/\/anoticiaonline.com.br\/site\/wp-content\/uploads\/2018\/04\/DSC_0861.jpg\" alt=\"\" width=\"640\" height=\"427\" srcset=\"https:\/\/anoticiaonline.com.br\/site\/wp-content\/uploads\/2018\/04\/DSC_0861.jpg 640w, https:\/\/anoticiaonline.com.br\/site\/wp-content\/uploads\/2018\/04\/DSC_0861-300x200.jpg 300w\" sizes=\"(max-width: 640px) 100vw, 640px\" \/><\/a><a href=\"https:\/\/anoticiaonline.com.br\/site\/wp-content\/uploads\/2018\/04\/DSC_0950.jpg\"><img loading=\"lazy\" decoding=\"async\" class=\"aligncenter size-full wp-image-53490\" src=\"https:\/\/anoticiaonline.com.br\/site\/wp-content\/uploads\/2018\/04\/DSC_0950.jpg\" alt=\"\" width=\"640\" height=\"427\" srcset=\"https:\/\/anoticiaonline.com.br\/site\/wp-content\/uploads\/2018\/04\/DSC_0950.jpg 640w, https:\/\/anoticiaonline.com.br\/site\/wp-content\/uploads\/2018\/04\/DSC_0950-300x200.jpg 300w\" sizes=\"(max-width: 640px) 100vw, 640px\" \/><\/a><a href=\"https:\/\/anoticiaonline.com.br\/site\/wp-content\/uploads\/2018\/04\/DSC_0881.jpg\"><img loading=\"lazy\" decoding=\"async\" class=\"aligncenter size-full wp-image-53486\" src=\"https:\/\/anoticiaonline.com.br\/site\/wp-content\/uploads\/2018\/04\/DSC_0881.jpg\" alt=\"\" width=\"640\" height=\"427\" srcset=\"https:\/\/anoticiaonline.com.br\/site\/wp-content\/uploads\/2018\/04\/DSC_0881.jpg 640w, https:\/\/anoticiaonline.com.br\/site\/wp-content\/uploads\/2018\/04\/DSC_0881-300x200.jpg 300w\" sizes=\"(max-width: 640px) 100vw, 640px\" \/><\/a><a href=\"https:\/\/anoticiaonline.com.br\/site\/wp-content\/uploads\/2018\/04\/DSC_0962.jpg\"><img loading=\"lazy\" decoding=\"async\" class=\"aligncenter size-full wp-image-53491\" src=\"https:\/\/anoticiaonline.com.br\/site\/wp-content\/uploads\/2018\/04\/DSC_0962.jpg\" alt=\"\" width=\"640\" height=\"427\" srcset=\"https:\/\/anoticiaonline.com.br\/site\/wp-content\/uploads\/2018\/04\/DSC_0962.jpg 640w, https:\/\/anoticiaonline.com.br\/site\/wp-content\/uploads\/2018\/04\/DSC_0962-300x200.jpg 300w\" sizes=\"(max-width: 640px) 100vw, 640px\" \/><img decoding=\"async\" class=\"ngg_displayed_gallery mceItem\" src=\"https:\/\/anoticiaonline.com.br\/site\/nextgen-attach_to_post\/preview\/id--53598\" \/><\/a><\/p>\n","protected":false},"excerpt":{"rendered":"<p>A tradicional Feijoada do Restaurante da Charretinha foi sucesso mais uma vez. O evento reuniu centenas de pessoas, que puderam desfrutar de uma noite agrad\u00e1vel, com uma deliciosa feijoada e seus acompanhamentos, em um ambiente familiar. Houve ainda m\u00fasica ao vivo com Vinn\u00edcius Viola. A festa aconteceu na noite de s\u00e1bado (7), no Restaurante da &#8230; <a title=\"Restaurante da Charretinha promove sua tradicional Feijoada\" class=\"read-more\" href=\"https:\/\/anoticiaonline.com.br\/site\/restaurante-da-charretinha-promove-sua-tradicional-feijoada\/\" aria-label=\"Read more about Restaurante da Charretinha promove sua tradicional Feijoada\">Ler mais<\/a><\/p>\n","protected":false},"author":2,"featured_media":53492,"comment_status":"open","ping_status":"open","sticky":false,"template":"","format":"standard","meta":{"_acf_changed":false,"_monsterinsights_skip_tracking":false,"footnotes":""},"categories":[1],"tags":[26,2394,620,2395,2396],"class_list":["post-53482","post","type-post","status-publish","format-standard","has-post-thumbnail","hentry","category-gerais","tag-feijoada","tag-restaurante-da-charretinha","tag-sofoco","tag-tradicional-feijoada-do-restaurante-da-charretinha","tag-vinnicius-viola"],"acf":[],"aioseo_notices":[],"aioseo_head":"\n\t\t<!-- All in One SEO 5.0.0.1 - aioseo.com -->\n\t<meta name=\"description\" content=\"A tradicional Feijoada do Restaurante da Charretinha foi sucesso mais uma vez. O evento reuniu centenas de pessoas, que puderam desfrutar de uma noite agrad\u00e1vel, com uma deliciosa feijoada e seus acompanhamentos, em um ambiente familiar. Houve ainda m\u00fasica ao vivo com Vinn\u00edcius Viola. A festa aconteceu na noite de s\u00e1bado (7), no Restaurante da\" \/>\n\t<meta name=\"robots\" content=\"max-image-preview:large\" \/>\n\t<meta name=\"author\" content=\"Juliana Laviola\"\/>\n\t<link rel=\"canonical\" href=\"https:\/\/anoticiaonline.com.br\/site\/restaurante-da-charretinha-promove-sua-tradicional-feijoada\/\" \/>\n\t<meta name=\"generator\" content=\"All in One SEO (AIOSEO) 5.0.0.1\" \/>\n\t\t<meta property=\"og:locale\" content=\"pt_BR\" \/>\n\t\t<meta property=\"og:site_name\" content=\"A Not\u00edcia Online - Noticias de Muria\u00e9 e regi\u00e3o\" \/>\n\t\t<meta property=\"og:type\" content=\"article\" \/>\n\t\t<meta property=\"og:title\" content=\"Restaurante da Charretinha promove sua tradicional Feijoada - A Not\u00edcia Online\" \/>\n\t\t<meta property=\"og:description\" content=\"A tradicional Feijoada do Restaurante da Charretinha foi sucesso mais uma vez. O evento reuniu centenas de pessoas, que puderam desfrutar de uma noite agrad\u00e1vel, com uma deliciosa feijoada e seus acompanhamentos, em um ambiente familiar. Houve ainda m\u00fasica ao vivo com Vinn\u00edcius Viola. A festa aconteceu na noite de s\u00e1bado (7), no Restaurante da\" \/>\n\t\t<meta property=\"og:url\" content=\"https:\/\/anoticiaonline.com.br\/site\/restaurante-da-charretinha-promove-sua-tradicional-feijoada\/\" \/>\n\t\t<meta property=\"og:image\" content=\"https:\/\/scontent-gig4-1.xx.fbcdn.net\/v\/t39.30808-1\/270437624_4564083193639691_6907940295614233970_n.jpg?stp=dst-jpg_s200x200_tt6&#038;_nc_cat=111&#038;ccb=1-7&#038;_nc_sid=f907e8&#038;_nc_ohc=SM1wRlP3lJwQ7kNvwEPuBYA&#038;_nc_oc=AdnqrjDN_BNjSSHWO-GbkIWH6fkGMLw4bqvL_NH6e2wMveX7G-rP2dAqsDSq1mJMOaY&#038;_nc_zt=24&#038;_nc_ht=scontent-gig4-1.xx&#038;_nc_gid=AoBFJeGrT1hVaew_6rchkQ&#038;oh=00_AfX7QmFGhQhG2jAllVgXCiM1ZrWgvtp80-Bfppyexh1QEg&#038;oe=689E923C\" \/>\n\t\t<meta property=\"og:image:secure_url\" content=\"https:\/\/scontent-gig4-1.xx.fbcdn.net\/v\/t39.30808-1\/270437624_4564083193639691_6907940295614233970_n.jpg?stp=dst-jpg_s200x200_tt6&#038;_nc_cat=111&#038;ccb=1-7&#038;_nc_sid=f907e8&#038;_nc_ohc=SM1wRlP3lJwQ7kNvwEPuBYA&#038;_nc_oc=AdnqrjDN_BNjSSHWO-GbkIWH6fkGMLw4bqvL_NH6e2wMveX7G-rP2dAqsDSq1mJMOaY&#038;_nc_zt=24&#038;_nc_ht=scontent-gig4-1.xx&#038;_nc_gid=AoBFJeGrT1hVaew_6rchkQ&#038;oh=00_AfX7QmFGhQhG2jAllVgXCiM1ZrWgvtp80-Bfppyexh1QEg&#038;oe=689E923C\" \/>\n\t\t<meta property=\"article:published_time\" content=\"2018-04-13T00:42:21+00:00\" \/>\n\t\t<meta property=\"article:modified_time\" content=\"2018-04-13T01:10:30+00:00\" \/>\n\t\t<meta name=\"twitter:card\" content=\"summary_large_image\" \/>\n\t\t<meta name=\"twitter:title\" content=\"Restaurante da Charretinha promove sua tradicional Feijoada - A Not\u00edcia Online\" \/>\n\t\t<meta name=\"twitter:description\" content=\"A tradicional Feijoada do Restaurante da Charretinha foi sucesso mais uma vez. O evento reuniu centenas de pessoas, que puderam desfrutar de uma noite agrad\u00e1vel, com uma deliciosa feijoada e seus acompanhamentos, em um ambiente familiar. Houve ainda m\u00fasica ao vivo com Vinn\u00edcius Viola. A festa aconteceu na noite de s\u00e1bado (7), no Restaurante da\" \/>\n\t\t<meta name=\"twitter:image\" content=\"https:\/\/scontent-gig4-1.xx.fbcdn.net\/v\/t39.30808-1\/270437624_4564083193639691_6907940295614233970_n.jpg?stp=dst-jpg_s200x200_tt6&amp;_nc_cat=111&amp;ccb=1-7&amp;_nc_sid=f907e8&amp;_nc_ohc=SM1wRlP3lJwQ7kNvwEPuBYA&amp;_nc_oc=AdnqrjDN_BNjSSHWO-GbkIWH6fkGMLw4bqvL_NH6e2wMveX7G-rP2dAqsDSq1mJMOaY&amp;_nc_zt=24&amp;_nc_ht=scontent-gig4-1.xx&amp;_nc_gid=AoBFJeGrT1hVaew_6rchkQ&amp;oh=00_AfX7QmFGhQhG2jAllVgXCiM1ZrWgvtp80-Bfppyexh1QEg&amp;oe=689E923C\" \/>\n\t\t<script type=\"application\/ld+json\" class=\"aioseo-schema\">\n\t\t\t{\"@context\":\"https:\\\/\\\/schema.org\",\"@graph\":[{\"@type\":\"BlogPosting\",\"@id\":\"https:\\\/\\\/anoticiaonline.com.br\\\/site\\\/restaurante-da-charretinha-promove-sua-tradicional-feijoada\\\/#blogposting\",\"name\":\"Restaurante da Charretinha promove sua tradicional Feijoada - A Not\\u00edcia Online\",\"headline\":\"Restaurante da Charretinha promove sua tradicional Feijoada\",\"author\":{\"@id\":\"https:\\\/\\\/anoticiaonline.com.br\\\/site\\\/author\\\/juliana\\\/#author\"},\"publisher\":{\"@id\":\"https:\\\/\\\/anoticiaonline.com.br\\\/site\\\/#organization\"},\"image\":{\"@type\":\"ImageObject\",\"url\":\"https:\\\/\\\/anoticiaonline.com.br\\\/site\\\/wp-content\\\/uploads\\\/2018\\\/04\\\/DSC_0984.jpg\",\"width\":640,\"height\":427},\"datePublished\":\"2018-04-12T21:42:21-03:00\",\"dateModified\":\"2018-04-12T22:10:30-03:00\",\"inLanguage\":\"pt-BR\",\"mainEntityOfPage\":{\"@id\":\"https:\\\/\\\/anoticiaonline.com.br\\\/site\\\/restaurante-da-charretinha-promove-sua-tradicional-feijoada\\\/#webpage\"},\"isPartOf\":{\"@id\":\"https:\\\/\\\/anoticiaonline.com.br\\\/site\\\/restaurante-da-charretinha-promove-sua-tradicional-feijoada\\\/#webpage\"},\"articleSection\":\"Gerais, Feijoada, Restaurante da Charretinha, Sofoc\\u00f3, tradicional Feijoada do Restaurante da Charretinha, Vinn\\u00edcius Viola\"},{\"@type\":\"BreadcrumbList\",\"@id\":\"https:\\\/\\\/anoticiaonline.com.br\\\/site\\\/restaurante-da-charretinha-promove-sua-tradicional-feijoada\\\/#breadcrumblist\",\"itemListElement\":[{\"@type\":\"ListItem\",\"@id\":\"https:\\\/\\\/anoticiaonline.com.br\\\/site#listItem\",\"position\":1,\"name\":\"Home\",\"item\":\"https:\\\/\\\/anoticiaonline.com.br\\\/site\",\"nextItem\":{\"@type\":\"ListItem\",\"@id\":\"https:\\\/\\\/anoticiaonline.com.br\\\/site\\\/categoria\\\/gerais\\\/#listItem\",\"name\":\"Gerais\"}},{\"@type\":\"ListItem\",\"@id\":\"https:\\\/\\\/anoticiaonline.com.br\\\/site\\\/categoria\\\/gerais\\\/#listItem\",\"position\":2,\"name\":\"Gerais\",\"item\":\"https:\\\/\\\/anoticiaonline.com.br\\\/site\\\/categoria\\\/gerais\\\/\",\"nextItem\":{\"@type\":\"ListItem\",\"@id\":\"https:\\\/\\\/anoticiaonline.com.br\\\/site\\\/restaurante-da-charretinha-promove-sua-tradicional-feijoada\\\/#listItem\",\"name\":\"Restaurante da Charretinha promove sua tradicional Feijoada\"},\"previousItem\":{\"@type\":\"ListItem\",\"@id\":\"https:\\\/\\\/anoticiaonline.com.br\\\/site#listItem\",\"name\":\"Home\"}},{\"@type\":\"ListItem\",\"@id\":\"https:\\\/\\\/anoticiaonline.com.br\\\/site\\\/restaurante-da-charretinha-promove-sua-tradicional-feijoada\\\/#listItem\",\"position\":3,\"name\":\"Restaurante da Charretinha promove sua tradicional Feijoada\",\"previousItem\":{\"@type\":\"ListItem\",\"@id\":\"https:\\\/\\\/anoticiaonline.com.br\\\/site\\\/categoria\\\/gerais\\\/#listItem\",\"name\":\"Gerais\"}}]},{\"@type\":\"Organization\",\"@id\":\"https:\\\/\\\/anoticiaonline.com.br\\\/site\\\/#organization\",\"name\":\"A Not\\u00edcia Online\",\"description\":\"Noticias de Muria\\u00e9 e regi\\u00e3o\",\"url\":\"https:\\\/\\\/anoticiaonline.com.br\\\/site\\\/\",\"logo\":{\"@type\":\"ImageObject\",\"url\":\"https:\\\/\\\/scontent-gig4-1.xx.fbcdn.net\\\/v\\\/t39.30808-1\\\/270437624_4564083193639691_6907940295614233970_n.jpg?stp=dst-jpg_s200x200_tt6&_nc_cat=111&ccb=1-7&_nc_sid=f907e8&_nc_ohc=SM1wRlP3lJwQ7kNvwEPuBYA&_nc_oc=AdnqrjDN_BNjSSHWO-GbkIWH6fkGMLw4bqvL_NH6e2wMveX7G-rP2dAqsDSq1mJMOaY&_nc_zt=24&_nc_ht=scontent-gig4-1.xx&_nc_gid=AoBFJeGrT1hVaew_6rchkQ&oh=00_AfX7QmFGhQhG2jAllVgXCiM1ZrWgvtp80-Bfppyexh1QEg&oe=689E923C\",\"@id\":\"https:\\\/\\\/anoticiaonline.com.br\\\/site\\\/restaurante-da-charretinha-promove-sua-tradicional-feijoada\\\/#organizationLogo\"},\"image\":{\"@id\":\"https:\\\/\\\/anoticiaonline.com.br\\\/site\\\/restaurante-da-charretinha-promove-sua-tradicional-feijoada\\\/#organizationLogo\"}},{\"@type\":\"Person\",\"@id\":\"https:\\\/\\\/anoticiaonline.com.br\\\/site\\\/author\\\/juliana\\\/#author\",\"url\":\"https:\\\/\\\/anoticiaonline.com.br\\\/site\\\/author\\\/juliana\\\/\",\"name\":\"Juliana Laviola\",\"image\":{\"@type\":\"ImageObject\",\"@id\":\"https:\\\/\\\/anoticiaonline.com.br\\\/site\\\/restaurante-da-charretinha-promove-sua-tradicional-feijoada\\\/#authorImage\",\"url\":\"https:\\\/\\\/secure.gravatar.com\\\/avatar\\\/b8d45f5c699b100dfaf0e543582f38f38bf94cb7ae3a5e9abf8d891a34773335?s=96&d=mm&r=g\",\"width\":96,\"height\":96,\"caption\":\"Juliana Laviola\"}},{\"@type\":\"WebPage\",\"@id\":\"https:\\\/\\\/anoticiaonline.com.br\\\/site\\\/restaurante-da-charretinha-promove-sua-tradicional-feijoada\\\/#webpage\",\"url\":\"https:\\\/\\\/anoticiaonline.com.br\\\/site\\\/restaurante-da-charretinha-promove-sua-tradicional-feijoada\\\/\",\"name\":\"Restaurante da Charretinha promove sua tradicional Feijoada - A Not\\u00edcia Online\",\"description\":\"A tradicional Feijoada do Restaurante da Charretinha foi sucesso mais uma vez. O evento reuniu centenas de pessoas, que puderam desfrutar de uma noite agrad\\u00e1vel, com uma deliciosa feijoada e seus acompanhamentos, em um ambiente familiar. Houve ainda m\\u00fasica ao vivo com Vinn\\u00edcius Viola. A festa aconteceu na noite de s\\u00e1bado (7), no Restaurante da\",\"inLanguage\":\"pt-BR\",\"isPartOf\":{\"@id\":\"https:\\\/\\\/anoticiaonline.com.br\\\/site\\\/#website\"},\"breadcrumb\":{\"@id\":\"https:\\\/\\\/anoticiaonline.com.br\\\/site\\\/restaurante-da-charretinha-promove-sua-tradicional-feijoada\\\/#breadcrumblist\"},\"author\":{\"@id\":\"https:\\\/\\\/anoticiaonline.com.br\\\/site\\\/author\\\/juliana\\\/#author\"},\"creator\":{\"@id\":\"https:\\\/\\\/anoticiaonline.com.br\\\/site\\\/author\\\/juliana\\\/#author\"},\"image\":{\"@type\":\"ImageObject\",\"url\":\"https:\\\/\\\/anoticiaonline.com.br\\\/site\\\/wp-content\\\/uploads\\\/2018\\\/04\\\/DSC_0984.jpg\",\"@id\":\"https:\\\/\\\/anoticiaonline.com.br\\\/site\\\/restaurante-da-charretinha-promove-sua-tradicional-feijoada\\\/#mainImage\",\"width\":640,\"height\":427},\"primaryImageOfPage\":{\"@id\":\"https:\\\/\\\/anoticiaonline.com.br\\\/site\\\/restaurante-da-charretinha-promove-sua-tradicional-feijoada\\\/#mainImage\"},\"datePublished\":\"2018-04-12T21:42:21-03:00\",\"dateModified\":\"2018-04-12T22:10:30-03:00\"},{\"@type\":\"WebSite\",\"@id\":\"https:\\\/\\\/anoticiaonline.com.br\\\/site\\\/#website\",\"url\":\"https:\\\/\\\/anoticiaonline.com.br\\\/site\\\/\",\"name\":\"A Not\\u00edcia Online\",\"description\":\"Noticias de Muria\\u00e9 e regi\\u00e3o\",\"inLanguage\":\"pt-BR\",\"publisher\":{\"@id\":\"https:\\\/\\\/anoticiaonline.com.br\\\/site\\\/#organization\"}}]}\n\t\t<\/script>\n\t\t<!-- All in One SEO -->\n\n","aioseo_head_json":{"title":"Restaurante da Charretinha promove sua tradicional Feijoada - A Not\u00edcia Online","description":"A tradicional Feijoada do Restaurante da Charretinha foi sucesso mais uma vez. O evento reuniu centenas de pessoas, que puderam desfrutar de uma noite agrad\u00e1vel, com uma deliciosa feijoada e seus acompanhamentos, em um ambiente familiar. Houve ainda m\u00fasica ao vivo com Vinn\u00edcius Viola. A festa aconteceu na noite de s\u00e1bado (7), no Restaurante da","canonical_url":"https:\/\/anoticiaonline.com.br\/site\/restaurante-da-charretinha-promove-sua-tradicional-feijoada\/","robots":"max-image-preview:large","keywords":"","webmasterTools":{"miscellaneous":""},"schema":{"@context":"https:\/\/schema.org","@graph":[{"@type":"BlogPosting","@id":"https:\/\/anoticiaonline.com.br\/site\/restaurante-da-charretinha-promove-sua-tradicional-feijoada\/#blogposting","name":"Restaurante da Charretinha promove sua tradicional Feijoada - A Not\u00edcia Online","headline":"Restaurante da Charretinha promove sua tradicional Feijoada","author":{"@id":"https:\/\/anoticiaonline.com.br\/site\/author\/juliana\/#author"},"publisher":{"@id":"https:\/\/anoticiaonline.com.br\/site\/#organization"},"image":{"@type":"ImageObject","url":"https:\/\/anoticiaonline.com.br\/site\/wp-content\/uploads\/2018\/04\/DSC_0984.jpg","width":640,"height":427},"datePublished":"2018-04-12T21:42:21-03:00","dateModified":"2018-04-12T22:10:30-03:00","inLanguage":"pt-BR","mainEntityOfPage":{"@id":"https:\/\/anoticiaonline.com.br\/site\/restaurante-da-charretinha-promove-sua-tradicional-feijoada\/#webpage"},"isPartOf":{"@id":"https:\/\/anoticiaonline.com.br\/site\/restaurante-da-charretinha-promove-sua-tradicional-feijoada\/#webpage"},"articleSection":"Gerais, Feijoada, Restaurante da Charretinha, Sofoc\u00f3, tradicional Feijoada do Restaurante da Charretinha, Vinn\u00edcius Viola"},{"@type":"BreadcrumbList","@id":"https:\/\/anoticiaonline.com.br\/site\/restaurante-da-charretinha-promove-sua-tradicional-feijoada\/#breadcrumblist","itemListElement":[{"@type":"ListItem","@id":"https:\/\/anoticiaonline.com.br\/site#listItem","position":1,"name":"Home","item":"https:\/\/anoticiaonline.com.br\/site","nextItem":{"@type":"ListItem","@id":"https:\/\/anoticiaonline.com.br\/site\/categoria\/gerais\/#listItem","name":"Gerais"}},{"@type":"ListItem","@id":"https:\/\/anoticiaonline.com.br\/site\/categoria\/gerais\/#listItem","position":2,"name":"Gerais","item":"https:\/\/anoticiaonline.com.br\/site\/categoria\/gerais\/","nextItem":{"@type":"ListItem","@id":"https:\/\/anoticiaonline.com.br\/site\/restaurante-da-charretinha-promove-sua-tradicional-feijoada\/#listItem","name":"Restaurante da Charretinha promove sua tradicional Feijoada"},"previousItem":{"@type":"ListItem","@id":"https:\/\/anoticiaonline.com.br\/site#listItem","name":"Home"}},{"@type":"ListItem","@id":"https:\/\/anoticiaonline.com.br\/site\/restaurante-da-charretinha-promove-sua-tradicional-feijoada\/#listItem","position":3,"name":"Restaurante da Charretinha promove sua tradicional Feijoada","previousItem":{"@type":"ListItem","@id":"https:\/\/anoticiaonline.com.br\/site\/categoria\/gerais\/#listItem","name":"Gerais"}}]},{"@type":"Organization","@id":"https:\/\/anoticiaonline.com.br\/site\/#organization","name":"A Not\u00edcia Online","description":"Noticias de Muria\u00e9 e regi\u00e3o","url":"https:\/\/anoticiaonline.com.br\/site\/","logo":{"@type":"ImageObject","url":"https:\/\/scontent-gig4-1.xx.fbcdn.net\/v\/t39.30808-1\/270437624_4564083193639691_6907940295614233970_n.jpg?stp=dst-jpg_s200x200_tt6&_nc_cat=111&ccb=1-7&_nc_sid=f907e8&_nc_ohc=SM1wRlP3lJwQ7kNvwEPuBYA&_nc_oc=AdnqrjDN_BNjSSHWO-GbkIWH6fkGMLw4bqvL_NH6e2wMveX7G-rP2dAqsDSq1mJMOaY&_nc_zt=24&_nc_ht=scontent-gig4-1.xx&_nc_gid=AoBFJeGrT1hVaew_6rchkQ&oh=00_AfX7QmFGhQhG2jAllVgXCiM1ZrWgvtp80-Bfppyexh1QEg&oe=689E923C","@id":"https:\/\/anoticiaonline.com.br\/site\/restaurante-da-charretinha-promove-sua-tradicional-feijoada\/#organizationLogo"},"image":{"@id":"https:\/\/anoticiaonline.com.br\/site\/restaurante-da-charretinha-promove-sua-tradicional-feijoada\/#organizationLogo"}},{"@type":"Person","@id":"https:\/\/anoticiaonline.com.br\/site\/author\/juliana\/#author","url":"https:\/\/anoticiaonline.com.br\/site\/author\/juliana\/","name":"Juliana Laviola","image":{"@type":"ImageObject","@id":"https:\/\/anoticiaonline.com.br\/site\/restaurante-da-charretinha-promove-sua-tradicional-feijoada\/#authorImage","url":"https:\/\/secure.gravatar.com\/avatar\/b8d45f5c699b100dfaf0e543582f38f38bf94cb7ae3a5e9abf8d891a34773335?s=96&d=mm&r=g","width":96,"height":96,"caption":"Juliana Laviola"}},{"@type":"WebPage","@id":"https:\/\/anoticiaonline.com.br\/site\/restaurante-da-charretinha-promove-sua-tradicional-feijoada\/#webpage","url":"https:\/\/anoticiaonline.com.br\/site\/restaurante-da-charretinha-promove-sua-tradicional-feijoada\/","name":"Restaurante da Charretinha promove sua tradicional Feijoada - A Not\u00edcia Online","description":"A tradicional Feijoada do Restaurante da Charretinha foi sucesso mais uma vez. O evento reuniu centenas de pessoas, que puderam desfrutar de uma noite agrad\u00e1vel, com uma deliciosa feijoada e seus acompanhamentos, em um ambiente familiar. Houve ainda m\u00fasica ao vivo com Vinn\u00edcius Viola. A festa aconteceu na noite de s\u00e1bado (7), no Restaurante da","inLanguage":"pt-BR","isPartOf":{"@id":"https:\/\/anoticiaonline.com.br\/site\/#website"},"breadcrumb":{"@id":"https:\/\/anoticiaonline.com.br\/site\/restaurante-da-charretinha-promove-sua-tradicional-feijoada\/#breadcrumblist"},"author":{"@id":"https:\/\/anoticiaonline.com.br\/site\/author\/juliana\/#author"},"creator":{"@id":"https:\/\/anoticiaonline.com.br\/site\/author\/juliana\/#author"},"image":{"@type":"ImageObject","url":"https:\/\/anoticiaonline.com.br\/site\/wp-content\/uploads\/2018\/04\/DSC_0984.jpg","@id":"https:\/\/anoticiaonline.com.br\/site\/restaurante-da-charretinha-promove-sua-tradicional-feijoada\/#mainImage","width":640,"height":427},"primaryImageOfPage":{"@id":"https:\/\/anoticiaonline.com.br\/site\/restaurante-da-charretinha-promove-sua-tradicional-feijoada\/#mainImage"},"datePublished":"2018-04-12T21:42:21-03:00","dateModified":"2018-04-12T22:10:30-03:00"},{"@type":"WebSite","@id":"https:\/\/anoticiaonline.com.br\/site\/#website","url":"https:\/\/anoticiaonline.com.br\/site\/","name":"A Not\u00edcia Online","description":"Noticias de Muria\u00e9 e regi\u00e3o","inLanguage":"pt-BR","publisher":{"@id":"https:\/\/anoticiaonline.com.br\/site\/#organization"}}]},"og:locale":"pt_BR","og:site_name":"A Not\u00edcia Online - Noticias de Muria\u00e9 e regi\u00e3o","og:type":"article","og:title":"Restaurante da Charretinha promove sua tradicional Feijoada - A Not\u00edcia Online","og:description":"A tradicional Feijoada do Restaurante da Charretinha foi sucesso mais uma vez. O evento reuniu centenas de pessoas, que puderam desfrutar de uma noite agrad\u00e1vel, com uma deliciosa feijoada e seus acompanhamentos, em um ambiente familiar. Houve ainda m\u00fasica ao vivo com Vinn\u00edcius Viola. A festa aconteceu na noite de s\u00e1bado (7), no Restaurante da","og:url":"https:\/\/anoticiaonline.com.br\/site\/restaurante-da-charretinha-promove-sua-tradicional-feijoada\/","og:image":"https:\/\/scontent-gig4-1.xx.fbcdn.net\/v\/t39.30808-1\/270437624_4564083193639691_6907940295614233970_n.jpg?stp=dst-jpg_s200x200_tt6&#038;_nc_cat=111&#038;ccb=1-7&#038;_nc_sid=f907e8&#038;_nc_ohc=SM1wRlP3lJwQ7kNvwEPuBYA&#038;_nc_oc=AdnqrjDN_BNjSSHWO-GbkIWH6fkGMLw4bqvL_NH6e2wMveX7G-rP2dAqsDSq1mJMOaY&#038;_nc_zt=24&#038;_nc_ht=scontent-gig4-1.xx&#038;_nc_gid=AoBFJeGrT1hVaew_6rchkQ&#038;oh=00_AfX7QmFGhQhG2jAllVgXCiM1ZrWgvtp80-Bfppyexh1QEg&#038;oe=689E923C","og:image:secure_url":"https:\/\/scontent-gig4-1.xx.fbcdn.net\/v\/t39.30808-1\/270437624_4564083193639691_6907940295614233970_n.jpg?stp=dst-jpg_s200x200_tt6&#038;_nc_cat=111&#038;ccb=1-7&#038;_nc_sid=f907e8&#038;_nc_ohc=SM1wRlP3lJwQ7kNvwEPuBYA&#038;_nc_oc=AdnqrjDN_BNjSSHWO-GbkIWH6fkGMLw4bqvL_NH6e2wMveX7G-rP2dAqsDSq1mJMOaY&#038;_nc_zt=24&#038;_nc_ht=scontent-gig4-1.xx&#038;_nc_gid=AoBFJeGrT1hVaew_6rchkQ&#038;oh=00_AfX7QmFGhQhG2jAllVgXCiM1ZrWgvtp80-Bfppyexh1QEg&#038;oe=689E923C","article:published_time":"2018-04-13T00:42:21+00:00","article:modified_time":"2018-04-13T01:10:30+00:00","twitter:card":"summary_large_image","twitter:title":"Restaurante da Charretinha promove sua tradicional Feijoada - A Not\u00edcia Online","twitter:description":"A tradicional Feijoada do Restaurante da Charretinha foi sucesso mais uma vez. O evento reuniu centenas de pessoas, que puderam desfrutar de uma noite agrad\u00e1vel, com uma deliciosa feijoada e seus acompanhamentos, em um ambiente familiar. Houve ainda m\u00fasica ao vivo com Vinn\u00edcius Viola. A festa aconteceu na noite de s\u00e1bado (7), no Restaurante da","twitter:image":"https:\/\/scontent-gig4-1.xx.fbcdn.net\/v\/t39.30808-1\/270437624_4564083193639691_6907940295614233970_n.jpg?stp=dst-jpg_s200x200_tt6&_nc_cat=111&ccb=1-7&_nc_sid=f907e8&_nc_ohc=SM1wRlP3lJwQ7kNvwEPuBYA&_nc_oc=AdnqrjDN_BNjSSHWO-GbkIWH6fkGMLw4bqvL_NH6e2wMveX7G-rP2dAqsDSq1mJMOaY&_nc_zt=24&_nc_ht=scontent-gig4-1.xx&_nc_gid=AoBFJeGrT1hVaew_6rchkQ&oh=00_AfX7QmFGhQhG2jAllVgXCiM1ZrWgvtp80-Bfppyexh1QEg&oe=689E923C"},"aioseo_meta_data":{"post_id":"53482","title":null,"description":null,"keywords":null,"keyphrases":null,"primary_term":null,"canonical_url":null,"og_title":null,"og_description":null,"og_object_type":"default","og_image_type":"default","og_image_url":null,"og_image_width":null,"og_image_height":null,"og_image_custom_url":null,"og_image_custom_fields":null,"og_video":null,"og_custom_url":null,"og_article_section":null,"og_article_tags":null,"twitter_use_og":false,"twitter_card":"default","twitter_image_type":"default","twitter_image_url":null,"twitter_image_custom_url":null,"twitter_image_custom_fields":null,"twitter_title":null,"twitter_description":null,"schema":{"blockGraphs":[],"customGraphs":[],"default":{"data":{"Article":[],"Course":[],"Dataset":[],"FAQPage":[],"Movie":[],"Person":[],"Product":[],"ProductReview":[],"Car":[],"Recipe":[],"Service":[],"SoftwareApplication":[],"WebPage":[]},"graphName":"","isEnabled":true},"graphs":[]},"schema_type":"default","schema_type_options":null,"pillar_content":false,"robots_default":true,"robots_noindex":false,"robots_noarchive":false,"robots_nosnippet":false,"robots_nofollow":false,"robots_noimageindex":false,"robots_noodp":false,"robots_notranslate":false,"robots_max_snippet":null,"robots_max_videopreview":null,"robots_max_imagepreview":"large","priority":null,"frequency":null,"local_seo":null,"breadcrumb_settings":null,"limit_modified_date":false,"ai":null,"created":"2025-08-16 20:40:27","updated":"2025-08-16 20:40:27","focus_keyword":null,"additional_keywords":null,"truseo_locale":null,"seo_analyzer_scan_date":null},"aioseo_breadcrumb":"<div class=\"aioseo-breadcrumbs\"><span class=\"aioseo-breadcrumb\">\n\t\t\t<a href=\"https:\/\/anoticiaonline.com.br\/site\" title=\"Home\">Home<\/a>\n\t\t<\/span><span class=\"aioseo-breadcrumb-separator\">&raquo;<\/span><span class=\"aioseo-breadcrumb\">\n\t\t\t<a href=\"https:\/\/anoticiaonline.com.br\/site\/categoria\/gerais\/\" title=\"Gerais\">Gerais<\/a>\n\t\t<\/span><span class=\"aioseo-breadcrumb-separator\">&raquo;<\/span><span class=\"aioseo-breadcrumb\">\n\t\t\tRestaurante da Charretinha promove sua tradicional Feijoada\n\t\t<\/span><\/div>","aioseo_breadcrumb_json":[{"label":"Home","link":"https:\/\/anoticiaonline.com.br\/site"},{"label":"Gerais","link":"https:\/\/anoticiaonline.com.br\/site\/categoria\/gerais\/"},{"label":"Restaurante da Charretinha promove sua tradicional Feijoada","link":"https:\/\/anoticiaonline.com.br\/site\/restaurante-da-charretinha-promove-sua-tradicional-feijoada\/"}],"views":152,"_links":{"self":[{"href":"https:\/\/anoticiaonline.com.br\/site\/wp-json\/wp\/v2\/posts\/53482","targetHints":{"allow":["GET"]}}],"collection":[{"href":"https:\/\/anoticiaonline.com.br\/site\/wp-json\/wp\/v2\/posts"}],"about":[{"href":"https:\/\/anoticiaonline.com.br\/site\/wp-json\/wp\/v2\/types\/post"}],"author":[{"embeddable":true,"href":"https:\/\/anoticiaonline.com.br\/site\/wp-json\/wp\/v2\/users\/2"}],"replies":[{"embeddable":true,"href":"https:\/\/anoticiaonline.com.br\/site\/wp-json\/wp\/v2\/comments?post=53482"}],"version-history":[{"count":0,"href":"https:\/\/anoticiaonline.com.br\/site\/wp-json\/wp\/v2\/posts\/53482\/revisions"}],"wp:featuredmedia":[{"embeddable":true,"href":"https:\/\/anoticiaonline.com.br\/site\/wp-json\/wp\/v2\/media\/53492"}],"wp:attachment":[{"href":"https:\/\/anoticiaonline.com.br\/site\/wp-json\/wp\/v2\/media?parent=53482"}],"wp:term":[{"taxonomy":"category","embeddable":true,"href":"https:\/\/anoticiaonline.com.br\/site\/wp-json\/wp\/v2\/categories?post=53482"},{"taxonomy":"post_tag","embeddable":true,"href":"https:\/\/anoticiaonline.com.br\/site\/wp-json\/wp\/v2\/tags?post=53482"}],"curies":[{"name":"wp","href":"https:\/\/api.w.org\/{rel}","templated":true}]}}