{"id":53478,"date":"2018-04-12T21:38:51","date_gmt":"2018-04-13T00:38:51","guid":{"rendered":"http:\/\/anoticiaonline.com.br\/site\/?p=53478"},"modified":"2018-04-12T21:43:29","modified_gmt":"2018-04-13T00:43:29","slug":"escola-sao-paulo-realiza-tradicional-feira-do-livro","status":"publish","type":"post","link":"https:\/\/anoticiaonline.com.br\/site\/escola-sao-paulo-realiza-tradicional-feira-do-livro\/","title":{"rendered":"Escola S\u00e3o Paulo realiza tradicional Feira do Livro"},"content":{"rendered":"<p><a href=\"https:\/\/anoticiaonline.com.br\/site\/wp-content\/uploads\/2018\/04\/DSC_0851-1.jpg\"><img fetchpriority=\"high\" decoding=\"async\" class=\"aligncenter size-full wp-image-53595\" src=\"https:\/\/anoticiaonline.com.br\/site\/wp-content\/uploads\/2018\/04\/DSC_0851-1.jpg\" alt=\"\" width=\"640\" height=\"560\" srcset=\"https:\/\/anoticiaonline.com.br\/site\/wp-content\/uploads\/2018\/04\/DSC_0851-1.jpg 640w, https:\/\/anoticiaonline.com.br\/site\/wp-content\/uploads\/2018\/04\/DSC_0851-1-300x263.jpg 300w\" sizes=\"(max-width: 640px) 100vw, 640px\" \/><\/a><a href=\"https:\/\/anoticiaonline.com.br\/site\/wp-content\/uploads\/2018\/04\/DSC_0774.jpg\"><img decoding=\"async\" class=\"aligncenter size-full wp-image-53494\" src=\"https:\/\/anoticiaonline.com.br\/site\/wp-content\/uploads\/2018\/04\/DSC_0774.jpg\" alt=\"\" width=\"640\" height=\"427\" srcset=\"https:\/\/anoticiaonline.com.br\/site\/wp-content\/uploads\/2018\/04\/DSC_0774.jpg 640w, https:\/\/anoticiaonline.com.br\/site\/wp-content\/uploads\/2018\/04\/DSC_0774-300x200.jpg 300w\" sizes=\"(max-width: 640px) 100vw, 640px\" \/><\/a><a href=\"https:\/\/anoticiaonline.com.br\/site\/wp-content\/uploads\/2018\/04\/DSC_0810.jpg\"><img decoding=\"async\" class=\"aligncenter size-full wp-image-53501\" src=\"https:\/\/anoticiaonline.com.br\/site\/wp-content\/uploads\/2018\/04\/DSC_0810.jpg\" alt=\"\" width=\"640\" height=\"427\" srcset=\"https:\/\/anoticiaonline.com.br\/site\/wp-content\/uploads\/2018\/04\/DSC_0810.jpg 640w, https:\/\/anoticiaonline.com.br\/site\/wp-content\/uploads\/2018\/04\/DSC_0810-300x200.jpg 300w\" sizes=\"(max-width: 640px) 100vw, 640px\" \/><\/a> <a href=\"https:\/\/anoticiaonline.com.br\/site\/wp-content\/uploads\/2018\/04\/DSC_0817.jpg\"><img loading=\"lazy\" decoding=\"async\" class=\"aligncenter size-full wp-image-53506\" src=\"https:\/\/anoticiaonline.com.br\/site\/wp-content\/uploads\/2018\/04\/DSC_0817.jpg\" alt=\"\" width=\"640\" height=\"427\" srcset=\"https:\/\/anoticiaonline.com.br\/site\/wp-content\/uploads\/2018\/04\/DSC_0817.jpg 640w, https:\/\/anoticiaonline.com.br\/site\/wp-content\/uploads\/2018\/04\/DSC_0817-300x200.jpg 300w\" sizes=\"(max-width: 640px) 100vw, 640px\" \/><\/a> <a href=\"https:\/\/anoticiaonline.com.br\/site\/wp-content\/uploads\/2018\/04\/DSC_0851.jpg\"><img loading=\"lazy\" decoding=\"async\" class=\"aligncenter size-full wp-image-53511\" src=\"https:\/\/anoticiaonline.com.br\/site\/wp-content\/uploads\/2018\/04\/DSC_0851.jpg\" alt=\"\" width=\"427\" height=\"640\" \/><\/a> <a href=\"https:\/\/anoticiaonline.com.br\/site\/wp-content\/uploads\/2018\/04\/DSC_0932.jpg\"><img loading=\"lazy\" decoding=\"async\" class=\"aligncenter size-full wp-image-53514\" src=\"https:\/\/anoticiaonline.com.br\/site\/wp-content\/uploads\/2018\/04\/DSC_0932.jpg\" alt=\"\" width=\"640\" height=\"427\" srcset=\"https:\/\/anoticiaonline.com.br\/site\/wp-content\/uploads\/2018\/04\/DSC_0932.jpg 640w, https:\/\/anoticiaonline.com.br\/site\/wp-content\/uploads\/2018\/04\/DSC_0932-300x200.jpg 300w\" sizes=\"(max-width: 640px) 100vw, 640px\" \/><\/a> <a href=\"https:\/\/anoticiaonline.com.br\/site\/wp-content\/uploads\/2018\/04\/DSC_0937.jpg\"><img loading=\"lazy\" decoding=\"async\" class=\"aligncenter size-full wp-image-53519\" src=\"https:\/\/anoticiaonline.com.br\/site\/wp-content\/uploads\/2018\/04\/DSC_0937.jpg\" alt=\"\" width=\"640\" height=\"427\" srcset=\"https:\/\/anoticiaonline.com.br\/site\/wp-content\/uploads\/2018\/04\/DSC_0937.jpg 640w, https:\/\/anoticiaonline.com.br\/site\/wp-content\/uploads\/2018\/04\/DSC_0937-300x200.jpg 300w\" sizes=\"(max-width: 640px) 100vw, 640px\" \/><\/a><a href=\"https:\/\/anoticiaonline.com.br\/site\/wp-content\/uploads\/2018\/04\/DSC_0996.jpg\"><img loading=\"lazy\" decoding=\"async\" class=\"aligncenter size-full wp-image-53534\" src=\"https:\/\/anoticiaonline.com.br\/site\/wp-content\/uploads\/2018\/04\/DSC_0996.jpg\" alt=\"\" width=\"472\" height=\"640\" srcset=\"https:\/\/anoticiaonline.com.br\/site\/wp-content\/uploads\/2018\/04\/DSC_0996.jpg 472w, https:\/\/anoticiaonline.com.br\/site\/wp-content\/uploads\/2018\/04\/DSC_0996-221x300.jpg 221w\" sizes=\"(max-width: 472px) 100vw, 472px\" \/><\/a>A Escola S\u00e3o Paulo promoveu, na manh\u00e3 do \u00faltimo s\u00e1bado (7), uma Feira do Livro voltada para os alunos da Educa\u00e7\u00e3o Infantil ao sexto ano do Ensino Fundamental. Na ocasi\u00e3o, o escritor, Marcos Roberto Mota Ribeiro, ex-aluno da Institui\u00e7\u00e3o, apresentou suas publica\u00e7\u00f5es e participou de uma conversa com os estudantes.<\/p>\n<p>Jos\u00e9 Nicodemos Couto, diretor da Escola S\u00e3o Paulo, disse que a Feira do Livro \u00e9 um trabalho que a Institui\u00e7\u00e3o realiza juntamente com os professores, fam\u00edlia e alunos. \u201cNa feira, s\u00e3o apresentados trabalhos desenvolvidos pelas crian\u00e7as no \u00e2mbito da literatura. Este trabalho continua no segundo semestre com os alunos do s\u00e9timo e do nono ano do Ensino Fundamental com os alunos do Ensino M\u00e9dio, na Feira do Livro do turno matutino\u201d, conta.<\/p>\n<p>O diretor disse que a visita do escritor Marcos Mota abrilhantou ainda mais o evento. \u201cPara n\u00f3s da Escola S\u00e3o Paulo, a visita do Marcos veio coroar a Feira do Livro, pois n\u00e3o \u00e9 todo dia que temos a oportunidade de ter um escritor desta qualidade em nossa Institui\u00e7\u00e3o, contando um pouco sobre sua trajet\u00f3ria e sobre seu trabalho. Ele \u00e9 uma pessoa extremamente simp\u00e1tica e acess\u00edvel. Dessa forma, aproveitamos o momento para agendar a presen\u00e7a dele na Feira do Livro do segundo semestre, que acontecer\u00e1 na segunda quinzena de agosto, de acordo com o nosso calend\u00e1rio cultural\u201d, conta.<\/p>\n<p>Segundo o diretor, a Feira do Livro \u00e9 um projeto que proporciona o contato dos alunos aos mais diversos autores brasileiros, sejam por pesquisas, leituras e rodas de conversas. \u201cEste \u00e9 o momento em que nossos pequenos leitores t\u00eam a chance de terem contato com os escritores, como, por exemplo, Ziraldo. O mais interessante tamb\u00e9m \u00e9 que em todas as salas de aula, os alunos possuem um \u2018patrono\u2019. Na sala na qual nos encontramos neste momento, o autor homenageado \u00e9 o ga\u00facho, M\u00e1rio Quintana. Assim, c\u00e9lebres autores fazem parte do dia a dia dos estudantes desta centen\u00e1ria escola\u201d, diz.<\/p>\n<p>Segundo Marcos Mota, o retorno \u00e0 Escola S\u00e3o Paulo foi emocionante. \u201cFiquei vinte anos fora da cidade. Tive um bate-papo muito agrad\u00e1vel com os alunos. Na conversa, procurei passar um pouco sobre os novos escritores que est\u00e3o surgindo e como as editoras est\u00e3o de olho nestes autores. Apesar de ainda haver um pouco de resist\u00eancia \u00e0 literatura fant\u00e1stica, g\u00eanero o qual eu produzo, as barreiras v\u00eam sendo quebradas. Para aqueles que desejam ser escritores hoje no Brasil, aconselho correr atr\u00e1s deste sonho para publicarem seus livros. Pode demorar um pouco e surgirem v\u00e1rios desafios no caminho, mas, ao final, vale muito a pena\u201d, conta o autor que autografou, para os alunos, as tr\u00eas obras que fazem parte da cole\u00e7\u00e3o \u201cObjetos de Poder\u201d: \u201cO Enigma dos Dados\u201d, \u201cO Cemit\u00e9rio dos An\u00f5es\u201d e a \u201cMaldi\u00e7\u00e3o das Fadas\u201d, livros com hist\u00f3rias independentes que ocorrem no mesmo universo e que ter\u00e3o uma sequ\u00eancia totalizando sete publica\u00e7\u00f5es.<\/p>\n<p>De acordo com o autor, as obras, apesar de serem voltadas para o p\u00fablico infanto-juvenil, t\u00eam atra\u00eddo leitores adultos. As publica\u00e7\u00f5es do autor podem ser encontradas na Livraria Central, em Muria\u00e9 ou Facebook: \/marcos.mota.524.<\/p>\n<p>Ludmila Braga Gusman Carvalho, jornalista, fot\u00f3grafa e m\u00e3e de duas alunas da Escola S\u00e3o Paulo, disse que incentiva muito a leitura. \u201c\u00c9 muito bom ter na escola a extens\u00e3o daquilo que praticamos dentro de casa. A Feira do Livro \u00e9 uma continuidade da educa\u00e7\u00e3o que passamos para os filhos. Com o evento, pude perceber a empolga\u00e7\u00e3o de minhas filhas ao verem os livros. Esta intera\u00e7\u00e3o, escola\/fam\u00edlia, promovida pela Institui\u00e7\u00e3o, \u00e9 essencial\u201d, conta.<\/p>\n<p>A supervisora pedag\u00f3gica, Carla Beatriz Pacheco Novaes, ressaltou a import\u00e2ncia da parceria da fam\u00edlia nos projetos desenvolvidos pela Escola S\u00e3o Paulo e parabenizou a todos os professores e funcion\u00e1rios pelo sucesso do evento.<\/p>\n<p><a href=\"https:\/\/anoticiaonline.com.br\/site\/wp-content\/uploads\/2018\/04\/DSC_0962-1.jpg\"><img loading=\"lazy\" decoding=\"async\" class=\"aligncenter size-full wp-image-53525\" src=\"https:\/\/anoticiaonline.com.br\/site\/wp-content\/uploads\/2018\/04\/DSC_0962-1.jpg\" alt=\"\" width=\"640\" height=\"427\" srcset=\"https:\/\/anoticiaonline.com.br\/site\/wp-content\/uploads\/2018\/04\/DSC_0962-1.jpg 640w, https:\/\/anoticiaonline.com.br\/site\/wp-content\/uploads\/2018\/04\/DSC_0962-1-300x200.jpg 300w\" sizes=\"(max-width: 640px) 100vw, 640px\" \/><\/a><a href=\"https:\/\/anoticiaonline.com.br\/site\/wp-content\/uploads\/2018\/04\/DSC_0978.jpg\"><img loading=\"lazy\" decoding=\"async\" class=\"aligncenter size-full wp-image-53529\" src=\"https:\/\/anoticiaonline.com.br\/site\/wp-content\/uploads\/2018\/04\/DSC_0978.jpg\" alt=\"\" width=\"640\" height=\"427\" srcset=\"https:\/\/anoticiaonline.com.br\/site\/wp-content\/uploads\/2018\/04\/DSC_0978.jpg 640w, https:\/\/anoticiaonline.com.br\/site\/wp-content\/uploads\/2018\/04\/DSC_0978-300x200.jpg 300w\" sizes=\"(max-width: 640px) 100vw, 640px\" \/><\/a><a href=\"https:\/\/anoticiaonline.com.br\/site\/wp-content\/uploads\/2018\/04\/DSC_0777.jpg\"><img loading=\"lazy\" decoding=\"async\" class=\"aligncenter size-full wp-image-53495\" src=\"https:\/\/anoticiaonline.com.br\/site\/wp-content\/uploads\/2018\/04\/DSC_0777.jpg\" alt=\"\" width=\"640\" height=\"427\" srcset=\"https:\/\/anoticiaonline.com.br\/site\/wp-content\/uploads\/2018\/04\/DSC_0777.jpg 640w, https:\/\/anoticiaonline.com.br\/site\/wp-content\/uploads\/2018\/04\/DSC_0777-300x200.jpg 300w\" sizes=\"(max-width: 640px) 100vw, 640px\" \/><\/a><\/p>\n","protected":false},"excerpt":{"rendered":"<p>A Escola S\u00e3o Paulo promoveu, na manh\u00e3 do \u00faltimo s\u00e1bado (7), uma Feira do Livro voltada para os alunos da Educa\u00e7\u00e3o Infantil ao sexto ano do Ensino Fundamental. Na ocasi\u00e3o, o escritor, Marcos Roberto Mota Ribeiro, ex-aluno da Institui\u00e7\u00e3o, apresentou suas publica\u00e7\u00f5es e participou de uma conversa com os estudantes. Jos\u00e9 Nicodemos Couto, diretor da &#8230; <a title=\"Escola S\u00e3o Paulo realiza tradicional Feira do Livro\" class=\"read-more\" href=\"https:\/\/anoticiaonline.com.br\/site\/escola-sao-paulo-realiza-tradicional-feira-do-livro\/\" aria-label=\"Read more about Escola S\u00e3o Paulo realiza tradicional Feira do Livro\">Ler mais<\/a><\/p>\n","protected":false},"author":2,"featured_media":53595,"comment_status":"open","ping_status":"open","sticky":false,"template":"","format":"standard","meta":{"_acf_changed":false,"_monsterinsights_skip_tracking":false,"footnotes":""},"categories":[24],"tags":[249,2393],"class_list":["post-53478","post","type-post","status-publish","format-standard","has-post-thumbnail","hentry","category-eventos","tag-escola-sao-paulo","tag-feira-do-livro"],"acf":[],"aioseo_notices":[],"aioseo_head":"\n\t\t<!-- All in One SEO 5.0.0.1 - aioseo.com -->\n\t<meta name=\"description\" content=\"A Escola S\u00e3o Paulo promoveu, na manh\u00e3 do \u00faltimo s\u00e1bado (7), uma Feira do Livro voltada para os alunos da Educa\u00e7\u00e3o Infantil ao sexto ano do Ensino Fundamental. Na ocasi\u00e3o, o escritor, Marcos Roberto Mota Ribeiro, ex-aluno da Institui\u00e7\u00e3o, apresentou suas publica\u00e7\u00f5es e participou de uma conversa com os estudantes. Jos\u00e9 Nicodemos Couto, diretor da\" \/>\n\t<meta name=\"robots\" content=\"max-image-preview:large\" \/>\n\t<meta name=\"author\" content=\"Juliana Laviola\"\/>\n\t<link rel=\"canonical\" href=\"https:\/\/anoticiaonline.com.br\/site\/escola-sao-paulo-realiza-tradicional-feira-do-livro\/\" \/>\n\t<meta name=\"generator\" content=\"All in One SEO (AIOSEO) 5.0.0.1\" \/>\n\t\t<meta property=\"og:locale\" content=\"pt_BR\" \/>\n\t\t<meta property=\"og:site_name\" content=\"A Not\u00edcia Online - Noticias de Muria\u00e9 e regi\u00e3o\" \/>\n\t\t<meta property=\"og:type\" content=\"article\" \/>\n\t\t<meta property=\"og:title\" content=\"Escola S\u00e3o Paulo realiza tradicional Feira do Livro - A Not\u00edcia Online\" \/>\n\t\t<meta property=\"og:description\" content=\"A Escola S\u00e3o Paulo promoveu, na manh\u00e3 do \u00faltimo s\u00e1bado (7), uma Feira do Livro voltada para os alunos da Educa\u00e7\u00e3o Infantil ao sexto ano do Ensino Fundamental. Na ocasi\u00e3o, o escritor, Marcos Roberto Mota Ribeiro, ex-aluno da Institui\u00e7\u00e3o, apresentou suas publica\u00e7\u00f5es e participou de uma conversa com os estudantes. Jos\u00e9 Nicodemos Couto, diretor da\" \/>\n\t\t<meta property=\"og:url\" content=\"https:\/\/anoticiaonline.com.br\/site\/escola-sao-paulo-realiza-tradicional-feira-do-livro\/\" \/>\n\t\t<meta property=\"og:image\" content=\"https:\/\/scontent-gig4-1.xx.fbcdn.net\/v\/t39.30808-1\/270437624_4564083193639691_6907940295614233970_n.jpg?stp=dst-jpg_s200x200_tt6&#038;_nc_cat=111&#038;ccb=1-7&#038;_nc_sid=f907e8&#038;_nc_ohc=SM1wRlP3lJwQ7kNvwEPuBYA&#038;_nc_oc=AdnqrjDN_BNjSSHWO-GbkIWH6fkGMLw4bqvL_NH6e2wMveX7G-rP2dAqsDSq1mJMOaY&#038;_nc_zt=24&#038;_nc_ht=scontent-gig4-1.xx&#038;_nc_gid=AoBFJeGrT1hVaew_6rchkQ&#038;oh=00_AfX7QmFGhQhG2jAllVgXCiM1ZrWgvtp80-Bfppyexh1QEg&#038;oe=689E923C\" \/>\n\t\t<meta property=\"og:image:secure_url\" content=\"https:\/\/scontent-gig4-1.xx.fbcdn.net\/v\/t39.30808-1\/270437624_4564083193639691_6907940295614233970_n.jpg?stp=dst-jpg_s200x200_tt6&#038;_nc_cat=111&#038;ccb=1-7&#038;_nc_sid=f907e8&#038;_nc_ohc=SM1wRlP3lJwQ7kNvwEPuBYA&#038;_nc_oc=AdnqrjDN_BNjSSHWO-GbkIWH6fkGMLw4bqvL_NH6e2wMveX7G-rP2dAqsDSq1mJMOaY&#038;_nc_zt=24&#038;_nc_ht=scontent-gig4-1.xx&#038;_nc_gid=AoBFJeGrT1hVaew_6rchkQ&#038;oh=00_AfX7QmFGhQhG2jAllVgXCiM1ZrWgvtp80-Bfppyexh1QEg&#038;oe=689E923C\" \/>\n\t\t<meta property=\"article:published_time\" content=\"2018-04-13T00:38:51+00:00\" \/>\n\t\t<meta property=\"article:modified_time\" content=\"2018-04-13T00:43:29+00:00\" \/>\n\t\t<meta name=\"twitter:card\" content=\"summary_large_image\" \/>\n\t\t<meta name=\"twitter:title\" content=\"Escola S\u00e3o Paulo realiza tradicional Feira do Livro - A Not\u00edcia Online\" \/>\n\t\t<meta name=\"twitter:description\" content=\"A Escola S\u00e3o Paulo promoveu, na manh\u00e3 do \u00faltimo s\u00e1bado (7), uma Feira do Livro voltada para os alunos da Educa\u00e7\u00e3o Infantil ao sexto ano do Ensino Fundamental. Na ocasi\u00e3o, o escritor, Marcos Roberto Mota Ribeiro, ex-aluno da Institui\u00e7\u00e3o, apresentou suas publica\u00e7\u00f5es e participou de uma conversa com os estudantes. Jos\u00e9 Nicodemos Couto, diretor da\" \/>\n\t\t<meta name=\"twitter:image\" content=\"https:\/\/scontent-gig4-1.xx.fbcdn.net\/v\/t39.30808-1\/270437624_4564083193639691_6907940295614233970_n.jpg?stp=dst-jpg_s200x200_tt6&amp;_nc_cat=111&amp;ccb=1-7&amp;_nc_sid=f907e8&amp;_nc_ohc=SM1wRlP3lJwQ7kNvwEPuBYA&amp;_nc_oc=AdnqrjDN_BNjSSHWO-GbkIWH6fkGMLw4bqvL_NH6e2wMveX7G-rP2dAqsDSq1mJMOaY&amp;_nc_zt=24&amp;_nc_ht=scontent-gig4-1.xx&amp;_nc_gid=AoBFJeGrT1hVaew_6rchkQ&amp;oh=00_AfX7QmFGhQhG2jAllVgXCiM1ZrWgvtp80-Bfppyexh1QEg&amp;oe=689E923C\" \/>\n\t\t<script type=\"application\/ld+json\" class=\"aioseo-schema\">\n\t\t\t{\"@context\":\"https:\\\/\\\/schema.org\",\"@graph\":[{\"@type\":\"BlogPosting\",\"@id\":\"https:\\\/\\\/anoticiaonline.com.br\\\/site\\\/escola-sao-paulo-realiza-tradicional-feira-do-livro\\\/#blogposting\",\"name\":\"Escola S\\u00e3o Paulo realiza tradicional Feira do Livro - A Not\\u00edcia Online\",\"headline\":\"Escola S\\u00e3o Paulo realiza tradicional Feira do Livro\",\"author\":{\"@id\":\"https:\\\/\\\/anoticiaonline.com.br\\\/site\\\/author\\\/juliana\\\/#author\"},\"publisher\":{\"@id\":\"https:\\\/\\\/anoticiaonline.com.br\\\/site\\\/#organization\"},\"image\":{\"@type\":\"ImageObject\",\"url\":\"https:\\\/\\\/anoticiaonline.com.br\\\/site\\\/wp-content\\\/uploads\\\/2018\\\/04\\\/DSC_0851-1.jpg\",\"width\":640,\"height\":560},\"datePublished\":\"2018-04-12T21:38:51-03:00\",\"dateModified\":\"2018-04-12T21:43:29-03:00\",\"inLanguage\":\"pt-BR\",\"mainEntityOfPage\":{\"@id\":\"https:\\\/\\\/anoticiaonline.com.br\\\/site\\\/escola-sao-paulo-realiza-tradicional-feira-do-livro\\\/#webpage\"},\"isPartOf\":{\"@id\":\"https:\\\/\\\/anoticiaonline.com.br\\\/site\\\/escola-sao-paulo-realiza-tradicional-feira-do-livro\\\/#webpage\"},\"articleSection\":\"Eventos, escola s\\u00e3o paulo, Feira do Livro\"},{\"@type\":\"BreadcrumbList\",\"@id\":\"https:\\\/\\\/anoticiaonline.com.br\\\/site\\\/escola-sao-paulo-realiza-tradicional-feira-do-livro\\\/#breadcrumblist\",\"itemListElement\":[{\"@type\":\"ListItem\",\"@id\":\"https:\\\/\\\/anoticiaonline.com.br\\\/site#listItem\",\"position\":1,\"name\":\"Home\",\"item\":\"https:\\\/\\\/anoticiaonline.com.br\\\/site\",\"nextItem\":{\"@type\":\"ListItem\",\"@id\":\"https:\\\/\\\/anoticiaonline.com.br\\\/site\\\/categoria\\\/eventos\\\/#listItem\",\"name\":\"Eventos\"}},{\"@type\":\"ListItem\",\"@id\":\"https:\\\/\\\/anoticiaonline.com.br\\\/site\\\/categoria\\\/eventos\\\/#listItem\",\"position\":2,\"name\":\"Eventos\",\"item\":\"https:\\\/\\\/anoticiaonline.com.br\\\/site\\\/categoria\\\/eventos\\\/\",\"nextItem\":{\"@type\":\"ListItem\",\"@id\":\"https:\\\/\\\/anoticiaonline.com.br\\\/site\\\/escola-sao-paulo-realiza-tradicional-feira-do-livro\\\/#listItem\",\"name\":\"Escola S\\u00e3o Paulo realiza tradicional Feira do Livro\"},\"previousItem\":{\"@type\":\"ListItem\",\"@id\":\"https:\\\/\\\/anoticiaonline.com.br\\\/site#listItem\",\"name\":\"Home\"}},{\"@type\":\"ListItem\",\"@id\":\"https:\\\/\\\/anoticiaonline.com.br\\\/site\\\/escola-sao-paulo-realiza-tradicional-feira-do-livro\\\/#listItem\",\"position\":3,\"name\":\"Escola S\\u00e3o Paulo realiza tradicional Feira do Livro\",\"previousItem\":{\"@type\":\"ListItem\",\"@id\":\"https:\\\/\\\/anoticiaonline.com.br\\\/site\\\/categoria\\\/eventos\\\/#listItem\",\"name\":\"Eventos\"}}]},{\"@type\":\"Organization\",\"@id\":\"https:\\\/\\\/anoticiaonline.com.br\\\/site\\\/#organization\",\"name\":\"A Not\\u00edcia Online\",\"description\":\"Noticias de Muria\\u00e9 e regi\\u00e3o\",\"url\":\"https:\\\/\\\/anoticiaonline.com.br\\\/site\\\/\",\"logo\":{\"@type\":\"ImageObject\",\"url\":\"https:\\\/\\\/scontent-gig4-1.xx.fbcdn.net\\\/v\\\/t39.30808-1\\\/270437624_4564083193639691_6907940295614233970_n.jpg?stp=dst-jpg_s200x200_tt6&_nc_cat=111&ccb=1-7&_nc_sid=f907e8&_nc_ohc=SM1wRlP3lJwQ7kNvwEPuBYA&_nc_oc=AdnqrjDN_BNjSSHWO-GbkIWH6fkGMLw4bqvL_NH6e2wMveX7G-rP2dAqsDSq1mJMOaY&_nc_zt=24&_nc_ht=scontent-gig4-1.xx&_nc_gid=AoBFJeGrT1hVaew_6rchkQ&oh=00_AfX7QmFGhQhG2jAllVgXCiM1ZrWgvtp80-Bfppyexh1QEg&oe=689E923C\",\"@id\":\"https:\\\/\\\/anoticiaonline.com.br\\\/site\\\/escola-sao-paulo-realiza-tradicional-feira-do-livro\\\/#organizationLogo\"},\"image\":{\"@id\":\"https:\\\/\\\/anoticiaonline.com.br\\\/site\\\/escola-sao-paulo-realiza-tradicional-feira-do-livro\\\/#organizationLogo\"}},{\"@type\":\"Person\",\"@id\":\"https:\\\/\\\/anoticiaonline.com.br\\\/site\\\/author\\\/juliana\\\/#author\",\"url\":\"https:\\\/\\\/anoticiaonline.com.br\\\/site\\\/author\\\/juliana\\\/\",\"name\":\"Juliana Laviola\",\"image\":{\"@type\":\"ImageObject\",\"@id\":\"https:\\\/\\\/anoticiaonline.com.br\\\/site\\\/escola-sao-paulo-realiza-tradicional-feira-do-livro\\\/#authorImage\",\"url\":\"https:\\\/\\\/secure.gravatar.com\\\/avatar\\\/b8d45f5c699b100dfaf0e543582f38f38bf94cb7ae3a5e9abf8d891a34773335?s=96&d=mm&r=g\",\"width\":96,\"height\":96,\"caption\":\"Juliana Laviola\"}},{\"@type\":\"WebPage\",\"@id\":\"https:\\\/\\\/anoticiaonline.com.br\\\/site\\\/escola-sao-paulo-realiza-tradicional-feira-do-livro\\\/#webpage\",\"url\":\"https:\\\/\\\/anoticiaonline.com.br\\\/site\\\/escola-sao-paulo-realiza-tradicional-feira-do-livro\\\/\",\"name\":\"Escola S\\u00e3o Paulo realiza tradicional Feira do Livro - A Not\\u00edcia Online\",\"description\":\"A Escola S\\u00e3o Paulo promoveu, na manh\\u00e3 do \\u00faltimo s\\u00e1bado (7), uma Feira do Livro voltada para os alunos da Educa\\u00e7\\u00e3o Infantil ao sexto ano do Ensino Fundamental. Na ocasi\\u00e3o, o escritor, Marcos Roberto Mota Ribeiro, ex-aluno da Institui\\u00e7\\u00e3o, apresentou suas publica\\u00e7\\u00f5es e participou de uma conversa com os estudantes. Jos\\u00e9 Nicodemos Couto, diretor da\",\"inLanguage\":\"pt-BR\",\"isPartOf\":{\"@id\":\"https:\\\/\\\/anoticiaonline.com.br\\\/site\\\/#website\"},\"breadcrumb\":{\"@id\":\"https:\\\/\\\/anoticiaonline.com.br\\\/site\\\/escola-sao-paulo-realiza-tradicional-feira-do-livro\\\/#breadcrumblist\"},\"author\":{\"@id\":\"https:\\\/\\\/anoticiaonline.com.br\\\/site\\\/author\\\/juliana\\\/#author\"},\"creator\":{\"@id\":\"https:\\\/\\\/anoticiaonline.com.br\\\/site\\\/author\\\/juliana\\\/#author\"},\"image\":{\"@type\":\"ImageObject\",\"url\":\"https:\\\/\\\/anoticiaonline.com.br\\\/site\\\/wp-content\\\/uploads\\\/2018\\\/04\\\/DSC_0851-1.jpg\",\"@id\":\"https:\\\/\\\/anoticiaonline.com.br\\\/site\\\/escola-sao-paulo-realiza-tradicional-feira-do-livro\\\/#mainImage\",\"width\":640,\"height\":560},\"primaryImageOfPage\":{\"@id\":\"https:\\\/\\\/anoticiaonline.com.br\\\/site\\\/escola-sao-paulo-realiza-tradicional-feira-do-livro\\\/#mainImage\"},\"datePublished\":\"2018-04-12T21:38:51-03:00\",\"dateModified\":\"2018-04-12T21:43:29-03:00\"},{\"@type\":\"WebSite\",\"@id\":\"https:\\\/\\\/anoticiaonline.com.br\\\/site\\\/#website\",\"url\":\"https:\\\/\\\/anoticiaonline.com.br\\\/site\\\/\",\"name\":\"A Not\\u00edcia Online\",\"description\":\"Noticias de Muria\\u00e9 e regi\\u00e3o\",\"inLanguage\":\"pt-BR\",\"publisher\":{\"@id\":\"https:\\\/\\\/anoticiaonline.com.br\\\/site\\\/#organization\"}}]}\n\t\t<\/script>\n\t\t<!-- All in One SEO -->\n\n","aioseo_head_json":{"title":"Escola S\u00e3o Paulo realiza tradicional Feira do Livro - A Not\u00edcia Online","description":"A Escola S\u00e3o Paulo promoveu, na manh\u00e3 do \u00faltimo s\u00e1bado (7), uma Feira do Livro voltada para os alunos da Educa\u00e7\u00e3o Infantil ao sexto ano do Ensino Fundamental. Na ocasi\u00e3o, o escritor, Marcos Roberto Mota Ribeiro, ex-aluno da Institui\u00e7\u00e3o, apresentou suas publica\u00e7\u00f5es e participou de uma conversa com os estudantes. Jos\u00e9 Nicodemos Couto, diretor da","canonical_url":"https:\/\/anoticiaonline.com.br\/site\/escola-sao-paulo-realiza-tradicional-feira-do-livro\/","robots":"max-image-preview:large","keywords":"","webmasterTools":{"miscellaneous":""},"schema":{"@context":"https:\/\/schema.org","@graph":[{"@type":"BlogPosting","@id":"https:\/\/anoticiaonline.com.br\/site\/escola-sao-paulo-realiza-tradicional-feira-do-livro\/#blogposting","name":"Escola S\u00e3o Paulo realiza tradicional Feira do Livro - A Not\u00edcia Online","headline":"Escola S\u00e3o Paulo realiza tradicional Feira do Livro","author":{"@id":"https:\/\/anoticiaonline.com.br\/site\/author\/juliana\/#author"},"publisher":{"@id":"https:\/\/anoticiaonline.com.br\/site\/#organization"},"image":{"@type":"ImageObject","url":"https:\/\/anoticiaonline.com.br\/site\/wp-content\/uploads\/2018\/04\/DSC_0851-1.jpg","width":640,"height":560},"datePublished":"2018-04-12T21:38:51-03:00","dateModified":"2018-04-12T21:43:29-03:00","inLanguage":"pt-BR","mainEntityOfPage":{"@id":"https:\/\/anoticiaonline.com.br\/site\/escola-sao-paulo-realiza-tradicional-feira-do-livro\/#webpage"},"isPartOf":{"@id":"https:\/\/anoticiaonline.com.br\/site\/escola-sao-paulo-realiza-tradicional-feira-do-livro\/#webpage"},"articleSection":"Eventos, escola s\u00e3o paulo, Feira do Livro"},{"@type":"BreadcrumbList","@id":"https:\/\/anoticiaonline.com.br\/site\/escola-sao-paulo-realiza-tradicional-feira-do-livro\/#breadcrumblist","itemListElement":[{"@type":"ListItem","@id":"https:\/\/anoticiaonline.com.br\/site#listItem","position":1,"name":"Home","item":"https:\/\/anoticiaonline.com.br\/site","nextItem":{"@type":"ListItem","@id":"https:\/\/anoticiaonline.com.br\/site\/categoria\/eventos\/#listItem","name":"Eventos"}},{"@type":"ListItem","@id":"https:\/\/anoticiaonline.com.br\/site\/categoria\/eventos\/#listItem","position":2,"name":"Eventos","item":"https:\/\/anoticiaonline.com.br\/site\/categoria\/eventos\/","nextItem":{"@type":"ListItem","@id":"https:\/\/anoticiaonline.com.br\/site\/escola-sao-paulo-realiza-tradicional-feira-do-livro\/#listItem","name":"Escola S\u00e3o Paulo realiza tradicional Feira do Livro"},"previousItem":{"@type":"ListItem","@id":"https:\/\/anoticiaonline.com.br\/site#listItem","name":"Home"}},{"@type":"ListItem","@id":"https:\/\/anoticiaonline.com.br\/site\/escola-sao-paulo-realiza-tradicional-feira-do-livro\/#listItem","position":3,"name":"Escola S\u00e3o Paulo realiza tradicional Feira do Livro","previousItem":{"@type":"ListItem","@id":"https:\/\/anoticiaonline.com.br\/site\/categoria\/eventos\/#listItem","name":"Eventos"}}]},{"@type":"Organization","@id":"https:\/\/anoticiaonline.com.br\/site\/#organization","name":"A Not\u00edcia Online","description":"Noticias de Muria\u00e9 e regi\u00e3o","url":"https:\/\/anoticiaonline.com.br\/site\/","logo":{"@type":"ImageObject","url":"https:\/\/scontent-gig4-1.xx.fbcdn.net\/v\/t39.30808-1\/270437624_4564083193639691_6907940295614233970_n.jpg?stp=dst-jpg_s200x200_tt6&_nc_cat=111&ccb=1-7&_nc_sid=f907e8&_nc_ohc=SM1wRlP3lJwQ7kNvwEPuBYA&_nc_oc=AdnqrjDN_BNjSSHWO-GbkIWH6fkGMLw4bqvL_NH6e2wMveX7G-rP2dAqsDSq1mJMOaY&_nc_zt=24&_nc_ht=scontent-gig4-1.xx&_nc_gid=AoBFJeGrT1hVaew_6rchkQ&oh=00_AfX7QmFGhQhG2jAllVgXCiM1ZrWgvtp80-Bfppyexh1QEg&oe=689E923C","@id":"https:\/\/anoticiaonline.com.br\/site\/escola-sao-paulo-realiza-tradicional-feira-do-livro\/#organizationLogo"},"image":{"@id":"https:\/\/anoticiaonline.com.br\/site\/escola-sao-paulo-realiza-tradicional-feira-do-livro\/#organizationLogo"}},{"@type":"Person","@id":"https:\/\/anoticiaonline.com.br\/site\/author\/juliana\/#author","url":"https:\/\/anoticiaonline.com.br\/site\/author\/juliana\/","name":"Juliana Laviola","image":{"@type":"ImageObject","@id":"https:\/\/anoticiaonline.com.br\/site\/escola-sao-paulo-realiza-tradicional-feira-do-livro\/#authorImage","url":"https:\/\/secure.gravatar.com\/avatar\/b8d45f5c699b100dfaf0e543582f38f38bf94cb7ae3a5e9abf8d891a34773335?s=96&d=mm&r=g","width":96,"height":96,"caption":"Juliana Laviola"}},{"@type":"WebPage","@id":"https:\/\/anoticiaonline.com.br\/site\/escola-sao-paulo-realiza-tradicional-feira-do-livro\/#webpage","url":"https:\/\/anoticiaonline.com.br\/site\/escola-sao-paulo-realiza-tradicional-feira-do-livro\/","name":"Escola S\u00e3o Paulo realiza tradicional Feira do Livro - A Not\u00edcia Online","description":"A Escola S\u00e3o Paulo promoveu, na manh\u00e3 do \u00faltimo s\u00e1bado (7), uma Feira do Livro voltada para os alunos da Educa\u00e7\u00e3o Infantil ao sexto ano do Ensino Fundamental. Na ocasi\u00e3o, o escritor, Marcos Roberto Mota Ribeiro, ex-aluno da Institui\u00e7\u00e3o, apresentou suas publica\u00e7\u00f5es e participou de uma conversa com os estudantes. Jos\u00e9 Nicodemos Couto, diretor da","inLanguage":"pt-BR","isPartOf":{"@id":"https:\/\/anoticiaonline.com.br\/site\/#website"},"breadcrumb":{"@id":"https:\/\/anoticiaonline.com.br\/site\/escola-sao-paulo-realiza-tradicional-feira-do-livro\/#breadcrumblist"},"author":{"@id":"https:\/\/anoticiaonline.com.br\/site\/author\/juliana\/#author"},"creator":{"@id":"https:\/\/anoticiaonline.com.br\/site\/author\/juliana\/#author"},"image":{"@type":"ImageObject","url":"https:\/\/anoticiaonline.com.br\/site\/wp-content\/uploads\/2018\/04\/DSC_0851-1.jpg","@id":"https:\/\/anoticiaonline.com.br\/site\/escola-sao-paulo-realiza-tradicional-feira-do-livro\/#mainImage","width":640,"height":560},"primaryImageOfPage":{"@id":"https:\/\/anoticiaonline.com.br\/site\/escola-sao-paulo-realiza-tradicional-feira-do-livro\/#mainImage"},"datePublished":"2018-04-12T21:38:51-03:00","dateModified":"2018-04-12T21:43:29-03:00"},{"@type":"WebSite","@id":"https:\/\/anoticiaonline.com.br\/site\/#website","url":"https:\/\/anoticiaonline.com.br\/site\/","name":"A Not\u00edcia Online","description":"Noticias de Muria\u00e9 e regi\u00e3o","inLanguage":"pt-BR","publisher":{"@id":"https:\/\/anoticiaonline.com.br\/site\/#organization"}}]},"og:locale":"pt_BR","og:site_name":"A Not\u00edcia Online - Noticias de Muria\u00e9 e regi\u00e3o","og:type":"article","og:title":"Escola S\u00e3o Paulo realiza tradicional Feira do Livro - A Not\u00edcia Online","og:description":"A Escola S\u00e3o Paulo promoveu, na manh\u00e3 do \u00faltimo s\u00e1bado (7), uma Feira do Livro voltada para os alunos da Educa\u00e7\u00e3o Infantil ao sexto ano do Ensino Fundamental. Na ocasi\u00e3o, o escritor, Marcos Roberto Mota Ribeiro, ex-aluno da Institui\u00e7\u00e3o, apresentou suas publica\u00e7\u00f5es e participou de uma conversa com os estudantes. Jos\u00e9 Nicodemos Couto, diretor da","og:url":"https:\/\/anoticiaonline.com.br\/site\/escola-sao-paulo-realiza-tradicional-feira-do-livro\/","og:image":"https:\/\/scontent-gig4-1.xx.fbcdn.net\/v\/t39.30808-1\/270437624_4564083193639691_6907940295614233970_n.jpg?stp=dst-jpg_s200x200_tt6&#038;_nc_cat=111&#038;ccb=1-7&#038;_nc_sid=f907e8&#038;_nc_ohc=SM1wRlP3lJwQ7kNvwEPuBYA&#038;_nc_oc=AdnqrjDN_BNjSSHWO-GbkIWH6fkGMLw4bqvL_NH6e2wMveX7G-rP2dAqsDSq1mJMOaY&#038;_nc_zt=24&#038;_nc_ht=scontent-gig4-1.xx&#038;_nc_gid=AoBFJeGrT1hVaew_6rchkQ&#038;oh=00_AfX7QmFGhQhG2jAllVgXCiM1ZrWgvtp80-Bfppyexh1QEg&#038;oe=689E923C","og:image:secure_url":"https:\/\/scontent-gig4-1.xx.fbcdn.net\/v\/t39.30808-1\/270437624_4564083193639691_6907940295614233970_n.jpg?stp=dst-jpg_s200x200_tt6&#038;_nc_cat=111&#038;ccb=1-7&#038;_nc_sid=f907e8&#038;_nc_ohc=SM1wRlP3lJwQ7kNvwEPuBYA&#038;_nc_oc=AdnqrjDN_BNjSSHWO-GbkIWH6fkGMLw4bqvL_NH6e2wMveX7G-rP2dAqsDSq1mJMOaY&#038;_nc_zt=24&#038;_nc_ht=scontent-gig4-1.xx&#038;_nc_gid=AoBFJeGrT1hVaew_6rchkQ&#038;oh=00_AfX7QmFGhQhG2jAllVgXCiM1ZrWgvtp80-Bfppyexh1QEg&#038;oe=689E923C","article:published_time":"2018-04-13T00:38:51+00:00","article:modified_time":"2018-04-13T00:43:29+00:00","twitter:card":"summary_large_image","twitter:title":"Escola S\u00e3o Paulo realiza tradicional Feira do Livro - A Not\u00edcia Online","twitter:description":"A Escola S\u00e3o Paulo promoveu, na manh\u00e3 do \u00faltimo s\u00e1bado (7), uma Feira do Livro voltada para os alunos da Educa\u00e7\u00e3o Infantil ao sexto ano do Ensino Fundamental. Na ocasi\u00e3o, o escritor, Marcos Roberto Mota Ribeiro, ex-aluno da Institui\u00e7\u00e3o, apresentou suas publica\u00e7\u00f5es e participou de uma conversa com os estudantes. Jos\u00e9 Nicodemos Couto, diretor da","twitter:image":"https:\/\/scontent-gig4-1.xx.fbcdn.net\/v\/t39.30808-1\/270437624_4564083193639691_6907940295614233970_n.jpg?stp=dst-jpg_s200x200_tt6&_nc_cat=111&ccb=1-7&_nc_sid=f907e8&_nc_ohc=SM1wRlP3lJwQ7kNvwEPuBYA&_nc_oc=AdnqrjDN_BNjSSHWO-GbkIWH6fkGMLw4bqvL_NH6e2wMveX7G-rP2dAqsDSq1mJMOaY&_nc_zt=24&_nc_ht=scontent-gig4-1.xx&_nc_gid=AoBFJeGrT1hVaew_6rchkQ&oh=00_AfX7QmFGhQhG2jAllVgXCiM1ZrWgvtp80-Bfppyexh1QEg&oe=689E923C"},"aioseo_meta_data":{"post_id":"53478","title":null,"description":null,"keywords":null,"keyphrases":null,"primary_term":null,"canonical_url":null,"og_title":null,"og_description":null,"og_object_type":"default","og_image_type":"default","og_image_url":null,"og_image_width":null,"og_image_height":null,"og_image_custom_url":null,"og_image_custom_fields":null,"og_video":null,"og_custom_url":null,"og_article_section":null,"og_article_tags":null,"twitter_use_og":false,"twitter_card":"default","twitter_image_type":"default","twitter_image_url":null,"twitter_image_custom_url":null,"twitter_image_custom_fields":null,"twitter_title":null,"twitter_description":null,"schema":{"blockGraphs":[],"customGraphs":[],"default":{"data":{"Article":[],"Course":[],"Dataset":[],"FAQPage":[],"Movie":[],"Person":[],"Product":[],"ProductReview":[],"Car":[],"Recipe":[],"Service":[],"SoftwareApplication":[],"WebPage":[]},"graphName":"","isEnabled":true},"graphs":[]},"schema_type":"default","schema_type_options":null,"pillar_content":false,"robots_default":true,"robots_noindex":false,"robots_noarchive":false,"robots_nosnippet":false,"robots_nofollow":false,"robots_noimageindex":false,"robots_noodp":false,"robots_notranslate":false,"robots_max_snippet":null,"robots_max_videopreview":null,"robots_max_imagepreview":"large","priority":null,"frequency":null,"local_seo":null,"breadcrumb_settings":null,"limit_modified_date":false,"ai":null,"created":"2025-08-16 20:40:27","updated":"2025-08-16 20:40:27","focus_keyword":null,"additional_keywords":null,"truseo_locale":null,"seo_analyzer_scan_date":null},"aioseo_breadcrumb":"<div class=\"aioseo-breadcrumbs\"><span class=\"aioseo-breadcrumb\">\n\t\t\t<a href=\"https:\/\/anoticiaonline.com.br\/site\" title=\"Home\">Home<\/a>\n\t\t<\/span><span class=\"aioseo-breadcrumb-separator\">&raquo;<\/span><span class=\"aioseo-breadcrumb\">\n\t\t\t<a href=\"https:\/\/anoticiaonline.com.br\/site\/categoria\/eventos\/\" title=\"Eventos\">Eventos<\/a>\n\t\t<\/span><span class=\"aioseo-breadcrumb-separator\">&raquo;<\/span><span class=\"aioseo-breadcrumb\">\n\t\t\tEscola S\u00e3o Paulo realiza tradicional Feira do Livro\n\t\t<\/span><\/div>","aioseo_breadcrumb_json":[{"label":"Home","link":"https:\/\/anoticiaonline.com.br\/site"},{"label":"Eventos","link":"https:\/\/anoticiaonline.com.br\/site\/categoria\/eventos\/"},{"label":"Escola S\u00e3o Paulo realiza tradicional Feira do Livro","link":"https:\/\/anoticiaonline.com.br\/site\/escola-sao-paulo-realiza-tradicional-feira-do-livro\/"}],"views":207,"_links":{"self":[{"href":"https:\/\/anoticiaonline.com.br\/site\/wp-json\/wp\/v2\/posts\/53478","targetHints":{"allow":["GET"]}}],"collection":[{"href":"https:\/\/anoticiaonline.com.br\/site\/wp-json\/wp\/v2\/posts"}],"about":[{"href":"https:\/\/anoticiaonline.com.br\/site\/wp-json\/wp\/v2\/types\/post"}],"author":[{"embeddable":true,"href":"https:\/\/anoticiaonline.com.br\/site\/wp-json\/wp\/v2\/users\/2"}],"replies":[{"embeddable":true,"href":"https:\/\/anoticiaonline.com.br\/site\/wp-json\/wp\/v2\/comments?post=53478"}],"version-history":[{"count":0,"href":"https:\/\/anoticiaonline.com.br\/site\/wp-json\/wp\/v2\/posts\/53478\/revisions"}],"wp:featuredmedia":[{"embeddable":true,"href":"https:\/\/anoticiaonline.com.br\/site\/wp-json\/wp\/v2\/media\/53595"}],"wp:attachment":[{"href":"https:\/\/anoticiaonline.com.br\/site\/wp-json\/wp\/v2\/media?parent=53478"}],"wp:term":[{"taxonomy":"category","embeddable":true,"href":"https:\/\/anoticiaonline.com.br\/site\/wp-json\/wp\/v2\/categories?post=53478"},{"taxonomy":"post_tag","embeddable":true,"href":"https:\/\/anoticiaonline.com.br\/site\/wp-json\/wp\/v2\/tags?post=53478"}],"curies":[{"name":"wp","href":"https:\/\/api.w.org\/{rel}","templated":true}]}}