{"id":53469,"date":"2018-04-12T21:16:04","date_gmt":"2018-04-13T00:16:04","guid":{"rendered":"http:\/\/anoticiaonline.com.br\/site\/?p=53469"},"modified":"2018-04-12T21:23:49","modified_gmt":"2018-04-13T00:23:49","slug":"pm-de-fervedouro-prende-homem-acursado-de-trafico-de-drogas-e-por-posse-de-arma-de-fogo","status":"publish","type":"post","link":"https:\/\/anoticiaonline.com.br\/site\/pm-de-fervedouro-prende-homem-acursado-de-trafico-de-drogas-e-por-posse-de-arma-de-fogo\/","title":{"rendered":"PM de Fervedouro prende homem acusado de tr\u00e1fico de drogas e por posse de arma de fogo"},"content":{"rendered":"<p>A Pol\u00edcia Militar de Fervedouro durante patrulhamento pela cidade, realizado na ter\u00e7a-feira (10), percebeu que um homem, de 20 anos, mudou seu comportamento quando avistou a viatura policial.<\/p>\n<p>Ao ser abordado, o mesmo foi revistado. Com ele, foram encontrados um tablete prensado de subst\u00e2ncia parecidas com maconha; 12 buchas de subst\u00e2ncia tamb\u00e9m parecidas com maconha; dois pacotes de saquinhos de \u201cchup-chup\u201d, geralmente usados como embalagem de drogas para a venda, R$ 65 em dinheiro e, dentro de sua bolsa, foi encontrada uma cal\u00e7a do fardamento oficial de PMMG. Foi dada voz de pris\u00e3o ao autor L.H.F. e os materiais localizados foram apreendidos.<\/p>\n<p>Posteriormente, a PM recebeu informa\u00e7\u00f5es de que o autor L.H.F. estaria de posse de uma arma de fogo na noite anterior. A PM, ent\u00e3o, se deslocou at\u00e9 o local onde o mesmo estava pernoitando e localizou um rev\u00f3lver calibre .32 marca Taurus, municiado com quatro proj\u00e9teis intactos, o qual tamb\u00e9m foi apreendido.<\/p>\n<p><a href=\"https:\/\/anoticiaonline.com.br\/site\/wp-content\/uploads\/2018\/04\/PM-de-Fervedouro-prende-homem-acursado-de-tr\u00e1fico-de-drogas-e-por-posse-de-arma-de-fogo.jpeg\"><img fetchpriority=\"high\" decoding=\"async\" class=\"alignnone size-full wp-image-53472\" src=\"https:\/\/anoticiaonline.com.br\/site\/wp-content\/uploads\/2018\/04\/PM-de-Fervedouro-prende-homem-acursado-de-tr\u00e1fico-de-drogas-e-por-posse-de-arma-de-fogo.jpeg\" alt=\"\" width=\"640\" height=\"427\" srcset=\"https:\/\/anoticiaonline.com.br\/site\/wp-content\/uploads\/2018\/04\/PM-de-Fervedouro-prende-homem-acursado-de-tr\u00e1fico-de-drogas-e-por-posse-de-arma-de-fogo.jpeg 640w, https:\/\/anoticiaonline.com.br\/site\/wp-content\/uploads\/2018\/04\/PM-de-Fervedouro-prende-homem-acursado-de-tr\u00e1fico-de-drogas-e-por-posse-de-arma-de-fogo-300x200.jpeg 300w\" sizes=\"(max-width: 640px) 100vw, 640px\" \/><\/a><\/p>\n<p>Cr\u00e9ditos: ASCOM PMMG<\/p>\n","protected":false},"excerpt":{"rendered":"<p>A Pol\u00edcia Militar de Fervedouro durante patrulhamento pela cidade, realizado na ter\u00e7a-feira (10), percebeu que um homem, de 20 anos, mudou seu comportamento quando avistou a viatura policial. Ao ser abordado, o mesmo foi revistado. Com ele, foram encontrados um tablete prensado de subst\u00e2ncia parecidas com maconha; 12 buchas de subst\u00e2ncia tamb\u00e9m parecidas com maconha; &#8230; <a title=\"PM de Fervedouro prende homem acusado de tr\u00e1fico de drogas e por posse de arma de fogo\" class=\"read-more\" href=\"https:\/\/anoticiaonline.com.br\/site\/pm-de-fervedouro-prende-homem-acursado-de-trafico-de-drogas-e-por-posse-de-arma-de-fogo\/\" aria-label=\"Read more about PM de Fervedouro prende homem acusado de tr\u00e1fico de drogas e por posse de arma de fogo\">Ler mais<\/a><\/p>\n","protected":false},"author":2,"featured_media":53472,"comment_status":"open","ping_status":"open","sticky":false,"template":"","format":"standard","meta":{"_acf_changed":false,"_monsterinsights_skip_tracking":false,"footnotes":""},"categories":[6],"tags":[1077,387,1109,239,404],"class_list":["post-53469","post","type-post","status-publish","format-standard","has-post-thumbnail","hentry","category-regiao","tag-armas","tag-drogas","tag-fervedouro","tag-policia","tag-regiao"],"acf":[],"aioseo_notices":[],"aioseo_head":"\n\t\t<!-- All in One SEO 5.0.0.1 - aioseo.com -->\n\t<meta name=\"description\" content=\"A Pol\u00edcia Militar de Fervedouro durante patrulhamento pela cidade, realizado na ter\u00e7a-feira (10), percebeu que um homem, de 20 anos, mudou seu comportamento quando avistou a viatura policial. Ao ser abordado, o mesmo foi revistado. Com ele, foram encontrados um tablete prensado de subst\u00e2ncia parecidas com maconha; 12 buchas de subst\u00e2ncia tamb\u00e9m parecidas com maconha;\" \/>\n\t<meta name=\"robots\" content=\"max-image-preview:large\" \/>\n\t<meta name=\"author\" content=\"Juliana Laviola\"\/>\n\t<link rel=\"canonical\" href=\"https:\/\/anoticiaonline.com.br\/site\/pm-de-fervedouro-prende-homem-acursado-de-trafico-de-drogas-e-por-posse-de-arma-de-fogo\/\" \/>\n\t<meta name=\"generator\" content=\"All in One SEO (AIOSEO) 5.0.0.1\" \/>\n\t\t<meta property=\"og:locale\" content=\"pt_BR\" \/>\n\t\t<meta property=\"og:site_name\" content=\"A Not\u00edcia Online - Noticias de Muria\u00e9 e regi\u00e3o\" \/>\n\t\t<meta property=\"og:type\" content=\"article\" \/>\n\t\t<meta property=\"og:title\" content=\"PM de Fervedouro prende homem acusado de tr\u00e1fico de drogas e por posse de arma de fogo - A Not\u00edcia Online\" \/>\n\t\t<meta property=\"og:description\" content=\"A Pol\u00edcia Militar de Fervedouro durante patrulhamento pela cidade, realizado na ter\u00e7a-feira (10), percebeu que um homem, de 20 anos, mudou seu comportamento quando avistou a viatura policial. Ao ser abordado, o mesmo foi revistado. Com ele, foram encontrados um tablete prensado de subst\u00e2ncia parecidas com maconha; 12 buchas de subst\u00e2ncia tamb\u00e9m parecidas com maconha;\" \/>\n\t\t<meta property=\"og:url\" content=\"https:\/\/anoticiaonline.com.br\/site\/pm-de-fervedouro-prende-homem-acursado-de-trafico-de-drogas-e-por-posse-de-arma-de-fogo\/\" \/>\n\t\t<meta property=\"og:image\" content=\"https:\/\/scontent-gig4-1.xx.fbcdn.net\/v\/t39.30808-1\/270437624_4564083193639691_6907940295614233970_n.jpg?stp=dst-jpg_s200x200_tt6&#038;_nc_cat=111&#038;ccb=1-7&#038;_nc_sid=f907e8&#038;_nc_ohc=SM1wRlP3lJwQ7kNvwEPuBYA&#038;_nc_oc=AdnqrjDN_BNjSSHWO-GbkIWH6fkGMLw4bqvL_NH6e2wMveX7G-rP2dAqsDSq1mJMOaY&#038;_nc_zt=24&#038;_nc_ht=scontent-gig4-1.xx&#038;_nc_gid=AoBFJeGrT1hVaew_6rchkQ&#038;oh=00_AfX7QmFGhQhG2jAllVgXCiM1ZrWgvtp80-Bfppyexh1QEg&#038;oe=689E923C\" \/>\n\t\t<meta property=\"og:image:secure_url\" content=\"https:\/\/scontent-gig4-1.xx.fbcdn.net\/v\/t39.30808-1\/270437624_4564083193639691_6907940295614233970_n.jpg?stp=dst-jpg_s200x200_tt6&#038;_nc_cat=111&#038;ccb=1-7&#038;_nc_sid=f907e8&#038;_nc_ohc=SM1wRlP3lJwQ7kNvwEPuBYA&#038;_nc_oc=AdnqrjDN_BNjSSHWO-GbkIWH6fkGMLw4bqvL_NH6e2wMveX7G-rP2dAqsDSq1mJMOaY&#038;_nc_zt=24&#038;_nc_ht=scontent-gig4-1.xx&#038;_nc_gid=AoBFJeGrT1hVaew_6rchkQ&#038;oh=00_AfX7QmFGhQhG2jAllVgXCiM1ZrWgvtp80-Bfppyexh1QEg&#038;oe=689E923C\" \/>\n\t\t<meta property=\"article:published_time\" content=\"2018-04-13T00:16:04+00:00\" \/>\n\t\t<meta property=\"article:modified_time\" content=\"2018-04-13T00:23:49+00:00\" \/>\n\t\t<meta name=\"twitter:card\" content=\"summary_large_image\" \/>\n\t\t<meta name=\"twitter:title\" content=\"PM de Fervedouro prende homem acusado de tr\u00e1fico de drogas e por posse de arma de fogo - A Not\u00edcia Online\" \/>\n\t\t<meta name=\"twitter:description\" content=\"A Pol\u00edcia Militar de Fervedouro durante patrulhamento pela cidade, realizado na ter\u00e7a-feira (10), percebeu que um homem, de 20 anos, mudou seu comportamento quando avistou a viatura policial. Ao ser abordado, o mesmo foi revistado. Com ele, foram encontrados um tablete prensado de subst\u00e2ncia parecidas com maconha; 12 buchas de subst\u00e2ncia tamb\u00e9m parecidas com maconha;\" \/>\n\t\t<meta name=\"twitter:image\" content=\"https:\/\/scontent-gig4-1.xx.fbcdn.net\/v\/t39.30808-1\/270437624_4564083193639691_6907940295614233970_n.jpg?stp=dst-jpg_s200x200_tt6&amp;_nc_cat=111&amp;ccb=1-7&amp;_nc_sid=f907e8&amp;_nc_ohc=SM1wRlP3lJwQ7kNvwEPuBYA&amp;_nc_oc=AdnqrjDN_BNjSSHWO-GbkIWH6fkGMLw4bqvL_NH6e2wMveX7G-rP2dAqsDSq1mJMOaY&amp;_nc_zt=24&amp;_nc_ht=scontent-gig4-1.xx&amp;_nc_gid=AoBFJeGrT1hVaew_6rchkQ&amp;oh=00_AfX7QmFGhQhG2jAllVgXCiM1ZrWgvtp80-Bfppyexh1QEg&amp;oe=689E923C\" \/>\n\t\t<script type=\"application\/ld+json\" class=\"aioseo-schema\">\n\t\t\t{\"@context\":\"https:\\\/\\\/schema.org\",\"@graph\":[{\"@type\":\"BlogPosting\",\"@id\":\"https:\\\/\\\/anoticiaonline.com.br\\\/site\\\/pm-de-fervedouro-prende-homem-acursado-de-trafico-de-drogas-e-por-posse-de-arma-de-fogo\\\/#blogposting\",\"name\":\"PM de Fervedouro prende homem acusado de tr\\u00e1fico de drogas e por posse de arma de fogo - A Not\\u00edcia Online\",\"headline\":\"PM de Fervedouro prende homem acusado de tr\\u00e1fico de drogas e por posse de arma de fogo\",\"author\":{\"@id\":\"https:\\\/\\\/anoticiaonline.com.br\\\/site\\\/author\\\/juliana\\\/#author\"},\"publisher\":{\"@id\":\"https:\\\/\\\/anoticiaonline.com.br\\\/site\\\/#organization\"},\"image\":{\"@type\":\"ImageObject\",\"url\":\"https:\\\/\\\/anoticiaonline.com.br\\\/site\\\/wp-content\\\/uploads\\\/2018\\\/04\\\/PM-de-Fervedouro-prende-homem-acursado-de-tr\\u00e1fico-de-drogas-e-por-posse-de-arma-de-fogo.jpeg\",\"width\":640,\"height\":427},\"datePublished\":\"2018-04-12T21:16:04-03:00\",\"dateModified\":\"2018-04-12T21:23:49-03:00\",\"inLanguage\":\"pt-BR\",\"mainEntityOfPage\":{\"@id\":\"https:\\\/\\\/anoticiaonline.com.br\\\/site\\\/pm-de-fervedouro-prende-homem-acursado-de-trafico-de-drogas-e-por-posse-de-arma-de-fogo\\\/#webpage\"},\"isPartOf\":{\"@id\":\"https:\\\/\\\/anoticiaonline.com.br\\\/site\\\/pm-de-fervedouro-prende-homem-acursado-de-trafico-de-drogas-e-por-posse-de-arma-de-fogo\\\/#webpage\"},\"articleSection\":\"Regi\\u00e3o, armas, drogas, FERVEDOURO, pol\\u00edcia, regi\\u00e3o\"},{\"@type\":\"BreadcrumbList\",\"@id\":\"https:\\\/\\\/anoticiaonline.com.br\\\/site\\\/pm-de-fervedouro-prende-homem-acursado-de-trafico-de-drogas-e-por-posse-de-arma-de-fogo\\\/#breadcrumblist\",\"itemListElement\":[{\"@type\":\"ListItem\",\"@id\":\"https:\\\/\\\/anoticiaonline.com.br\\\/site#listItem\",\"position\":1,\"name\":\"Home\",\"item\":\"https:\\\/\\\/anoticiaonline.com.br\\\/site\",\"nextItem\":{\"@type\":\"ListItem\",\"@id\":\"https:\\\/\\\/anoticiaonline.com.br\\\/site\\\/categoria\\\/regiao\\\/#listItem\",\"name\":\"Regi\\u00e3o\"}},{\"@type\":\"ListItem\",\"@id\":\"https:\\\/\\\/anoticiaonline.com.br\\\/site\\\/categoria\\\/regiao\\\/#listItem\",\"position\":2,\"name\":\"Regi\\u00e3o\",\"item\":\"https:\\\/\\\/anoticiaonline.com.br\\\/site\\\/categoria\\\/regiao\\\/\",\"nextItem\":{\"@type\":\"ListItem\",\"@id\":\"https:\\\/\\\/anoticiaonline.com.br\\\/site\\\/pm-de-fervedouro-prende-homem-acursado-de-trafico-de-drogas-e-por-posse-de-arma-de-fogo\\\/#listItem\",\"name\":\"PM de Fervedouro prende homem acusado de tr\\u00e1fico de drogas e por posse de arma de fogo\"},\"previousItem\":{\"@type\":\"ListItem\",\"@id\":\"https:\\\/\\\/anoticiaonline.com.br\\\/site#listItem\",\"name\":\"Home\"}},{\"@type\":\"ListItem\",\"@id\":\"https:\\\/\\\/anoticiaonline.com.br\\\/site\\\/pm-de-fervedouro-prende-homem-acursado-de-trafico-de-drogas-e-por-posse-de-arma-de-fogo\\\/#listItem\",\"position\":3,\"name\":\"PM de Fervedouro prende homem acusado de tr\\u00e1fico de drogas e por posse de arma de fogo\",\"previousItem\":{\"@type\":\"ListItem\",\"@id\":\"https:\\\/\\\/anoticiaonline.com.br\\\/site\\\/categoria\\\/regiao\\\/#listItem\",\"name\":\"Regi\\u00e3o\"}}]},{\"@type\":\"Organization\",\"@id\":\"https:\\\/\\\/anoticiaonline.com.br\\\/site\\\/#organization\",\"name\":\"A Not\\u00edcia Online\",\"description\":\"Noticias de Muria\\u00e9 e regi\\u00e3o\",\"url\":\"https:\\\/\\\/anoticiaonline.com.br\\\/site\\\/\",\"logo\":{\"@type\":\"ImageObject\",\"url\":\"https:\\\/\\\/scontent-gig4-1.xx.fbcdn.net\\\/v\\\/t39.30808-1\\\/270437624_4564083193639691_6907940295614233970_n.jpg?stp=dst-jpg_s200x200_tt6&_nc_cat=111&ccb=1-7&_nc_sid=f907e8&_nc_ohc=SM1wRlP3lJwQ7kNvwEPuBYA&_nc_oc=AdnqrjDN_BNjSSHWO-GbkIWH6fkGMLw4bqvL_NH6e2wMveX7G-rP2dAqsDSq1mJMOaY&_nc_zt=24&_nc_ht=scontent-gig4-1.xx&_nc_gid=AoBFJeGrT1hVaew_6rchkQ&oh=00_AfX7QmFGhQhG2jAllVgXCiM1ZrWgvtp80-Bfppyexh1QEg&oe=689E923C\",\"@id\":\"https:\\\/\\\/anoticiaonline.com.br\\\/site\\\/pm-de-fervedouro-prende-homem-acursado-de-trafico-de-drogas-e-por-posse-de-arma-de-fogo\\\/#organizationLogo\"},\"image\":{\"@id\":\"https:\\\/\\\/anoticiaonline.com.br\\\/site\\\/pm-de-fervedouro-prende-homem-acursado-de-trafico-de-drogas-e-por-posse-de-arma-de-fogo\\\/#organizationLogo\"}},{\"@type\":\"Person\",\"@id\":\"https:\\\/\\\/anoticiaonline.com.br\\\/site\\\/author\\\/juliana\\\/#author\",\"url\":\"https:\\\/\\\/anoticiaonline.com.br\\\/site\\\/author\\\/juliana\\\/\",\"name\":\"Juliana Laviola\",\"image\":{\"@type\":\"ImageObject\",\"@id\":\"https:\\\/\\\/anoticiaonline.com.br\\\/site\\\/pm-de-fervedouro-prende-homem-acursado-de-trafico-de-drogas-e-por-posse-de-arma-de-fogo\\\/#authorImage\",\"url\":\"https:\\\/\\\/secure.gravatar.com\\\/avatar\\\/b8d45f5c699b100dfaf0e543582f38f38bf94cb7ae3a5e9abf8d891a34773335?s=96&d=mm&r=g\",\"width\":96,\"height\":96,\"caption\":\"Juliana Laviola\"}},{\"@type\":\"WebPage\",\"@id\":\"https:\\\/\\\/anoticiaonline.com.br\\\/site\\\/pm-de-fervedouro-prende-homem-acursado-de-trafico-de-drogas-e-por-posse-de-arma-de-fogo\\\/#webpage\",\"url\":\"https:\\\/\\\/anoticiaonline.com.br\\\/site\\\/pm-de-fervedouro-prende-homem-acursado-de-trafico-de-drogas-e-por-posse-de-arma-de-fogo\\\/\",\"name\":\"PM de Fervedouro prende homem acusado de tr\\u00e1fico de drogas e por posse de arma de fogo - A Not\\u00edcia Online\",\"description\":\"A Pol\\u00edcia Militar de Fervedouro durante patrulhamento pela cidade, realizado na ter\\u00e7a-feira (10), percebeu que um homem, de 20 anos, mudou seu comportamento quando avistou a viatura policial. Ao ser abordado, o mesmo foi revistado. Com ele, foram encontrados um tablete prensado de subst\\u00e2ncia parecidas com maconha; 12 buchas de subst\\u00e2ncia tamb\\u00e9m parecidas com maconha;\",\"inLanguage\":\"pt-BR\",\"isPartOf\":{\"@id\":\"https:\\\/\\\/anoticiaonline.com.br\\\/site\\\/#website\"},\"breadcrumb\":{\"@id\":\"https:\\\/\\\/anoticiaonline.com.br\\\/site\\\/pm-de-fervedouro-prende-homem-acursado-de-trafico-de-drogas-e-por-posse-de-arma-de-fogo\\\/#breadcrumblist\"},\"author\":{\"@id\":\"https:\\\/\\\/anoticiaonline.com.br\\\/site\\\/author\\\/juliana\\\/#author\"},\"creator\":{\"@id\":\"https:\\\/\\\/anoticiaonline.com.br\\\/site\\\/author\\\/juliana\\\/#author\"},\"image\":{\"@type\":\"ImageObject\",\"url\":\"https:\\\/\\\/anoticiaonline.com.br\\\/site\\\/wp-content\\\/uploads\\\/2018\\\/04\\\/PM-de-Fervedouro-prende-homem-acursado-de-tr\\u00e1fico-de-drogas-e-por-posse-de-arma-de-fogo.jpeg\",\"@id\":\"https:\\\/\\\/anoticiaonline.com.br\\\/site\\\/pm-de-fervedouro-prende-homem-acursado-de-trafico-de-drogas-e-por-posse-de-arma-de-fogo\\\/#mainImage\",\"width\":640,\"height\":427},\"primaryImageOfPage\":{\"@id\":\"https:\\\/\\\/anoticiaonline.com.br\\\/site\\\/pm-de-fervedouro-prende-homem-acursado-de-trafico-de-drogas-e-por-posse-de-arma-de-fogo\\\/#mainImage\"},\"datePublished\":\"2018-04-12T21:16:04-03:00\",\"dateModified\":\"2018-04-12T21:23:49-03:00\"},{\"@type\":\"WebSite\",\"@id\":\"https:\\\/\\\/anoticiaonline.com.br\\\/site\\\/#website\",\"url\":\"https:\\\/\\\/anoticiaonline.com.br\\\/site\\\/\",\"name\":\"A Not\\u00edcia Online\",\"description\":\"Noticias de Muria\\u00e9 e regi\\u00e3o\",\"inLanguage\":\"pt-BR\",\"publisher\":{\"@id\":\"https:\\\/\\\/anoticiaonline.com.br\\\/site\\\/#organization\"}}]}\n\t\t<\/script>\n\t\t<!-- All in One SEO -->\n\n","aioseo_head_json":{"title":"PM de Fervedouro prende homem acusado de tr\u00e1fico de drogas e por posse de arma de fogo - A Not\u00edcia Online","description":"A Pol\u00edcia Militar de Fervedouro durante patrulhamento pela cidade, realizado na ter\u00e7a-feira (10), percebeu que um homem, de 20 anos, mudou seu comportamento quando avistou a viatura policial. Ao ser abordado, o mesmo foi revistado. Com ele, foram encontrados um tablete prensado de subst\u00e2ncia parecidas com maconha; 12 buchas de subst\u00e2ncia tamb\u00e9m parecidas com maconha;","canonical_url":"https:\/\/anoticiaonline.com.br\/site\/pm-de-fervedouro-prende-homem-acursado-de-trafico-de-drogas-e-por-posse-de-arma-de-fogo\/","robots":"max-image-preview:large","keywords":"","webmasterTools":{"miscellaneous":""},"schema":{"@context":"https:\/\/schema.org","@graph":[{"@type":"BlogPosting","@id":"https:\/\/anoticiaonline.com.br\/site\/pm-de-fervedouro-prende-homem-acursado-de-trafico-de-drogas-e-por-posse-de-arma-de-fogo\/#blogposting","name":"PM de Fervedouro prende homem acusado de tr\u00e1fico de drogas e por posse de arma de fogo - A Not\u00edcia Online","headline":"PM de Fervedouro prende homem acusado de tr\u00e1fico de drogas e por posse de arma de fogo","author":{"@id":"https:\/\/anoticiaonline.com.br\/site\/author\/juliana\/#author"},"publisher":{"@id":"https:\/\/anoticiaonline.com.br\/site\/#organization"},"image":{"@type":"ImageObject","url":"https:\/\/anoticiaonline.com.br\/site\/wp-content\/uploads\/2018\/04\/PM-de-Fervedouro-prende-homem-acursado-de-tr\u00e1fico-de-drogas-e-por-posse-de-arma-de-fogo.jpeg","width":640,"height":427},"datePublished":"2018-04-12T21:16:04-03:00","dateModified":"2018-04-12T21:23:49-03:00","inLanguage":"pt-BR","mainEntityOfPage":{"@id":"https:\/\/anoticiaonline.com.br\/site\/pm-de-fervedouro-prende-homem-acursado-de-trafico-de-drogas-e-por-posse-de-arma-de-fogo\/#webpage"},"isPartOf":{"@id":"https:\/\/anoticiaonline.com.br\/site\/pm-de-fervedouro-prende-homem-acursado-de-trafico-de-drogas-e-por-posse-de-arma-de-fogo\/#webpage"},"articleSection":"Regi\u00e3o, armas, drogas, FERVEDOURO, pol\u00edcia, regi\u00e3o"},{"@type":"BreadcrumbList","@id":"https:\/\/anoticiaonline.com.br\/site\/pm-de-fervedouro-prende-homem-acursado-de-trafico-de-drogas-e-por-posse-de-arma-de-fogo\/#breadcrumblist","itemListElement":[{"@type":"ListItem","@id":"https:\/\/anoticiaonline.com.br\/site#listItem","position":1,"name":"Home","item":"https:\/\/anoticiaonline.com.br\/site","nextItem":{"@type":"ListItem","@id":"https:\/\/anoticiaonline.com.br\/site\/categoria\/regiao\/#listItem","name":"Regi\u00e3o"}},{"@type":"ListItem","@id":"https:\/\/anoticiaonline.com.br\/site\/categoria\/regiao\/#listItem","position":2,"name":"Regi\u00e3o","item":"https:\/\/anoticiaonline.com.br\/site\/categoria\/regiao\/","nextItem":{"@type":"ListItem","@id":"https:\/\/anoticiaonline.com.br\/site\/pm-de-fervedouro-prende-homem-acursado-de-trafico-de-drogas-e-por-posse-de-arma-de-fogo\/#listItem","name":"PM de Fervedouro prende homem acusado de tr\u00e1fico de drogas e por posse de arma de fogo"},"previousItem":{"@type":"ListItem","@id":"https:\/\/anoticiaonline.com.br\/site#listItem","name":"Home"}},{"@type":"ListItem","@id":"https:\/\/anoticiaonline.com.br\/site\/pm-de-fervedouro-prende-homem-acursado-de-trafico-de-drogas-e-por-posse-de-arma-de-fogo\/#listItem","position":3,"name":"PM de Fervedouro prende homem acusado de tr\u00e1fico de drogas e por posse de arma de fogo","previousItem":{"@type":"ListItem","@id":"https:\/\/anoticiaonline.com.br\/site\/categoria\/regiao\/#listItem","name":"Regi\u00e3o"}}]},{"@type":"Organization","@id":"https:\/\/anoticiaonline.com.br\/site\/#organization","name":"A Not\u00edcia Online","description":"Noticias de Muria\u00e9 e regi\u00e3o","url":"https:\/\/anoticiaonline.com.br\/site\/","logo":{"@type":"ImageObject","url":"https:\/\/scontent-gig4-1.xx.fbcdn.net\/v\/t39.30808-1\/270437624_4564083193639691_6907940295614233970_n.jpg?stp=dst-jpg_s200x200_tt6&_nc_cat=111&ccb=1-7&_nc_sid=f907e8&_nc_ohc=SM1wRlP3lJwQ7kNvwEPuBYA&_nc_oc=AdnqrjDN_BNjSSHWO-GbkIWH6fkGMLw4bqvL_NH6e2wMveX7G-rP2dAqsDSq1mJMOaY&_nc_zt=24&_nc_ht=scontent-gig4-1.xx&_nc_gid=AoBFJeGrT1hVaew_6rchkQ&oh=00_AfX7QmFGhQhG2jAllVgXCiM1ZrWgvtp80-Bfppyexh1QEg&oe=689E923C","@id":"https:\/\/anoticiaonline.com.br\/site\/pm-de-fervedouro-prende-homem-acursado-de-trafico-de-drogas-e-por-posse-de-arma-de-fogo\/#organizationLogo"},"image":{"@id":"https:\/\/anoticiaonline.com.br\/site\/pm-de-fervedouro-prende-homem-acursado-de-trafico-de-drogas-e-por-posse-de-arma-de-fogo\/#organizationLogo"}},{"@type":"Person","@id":"https:\/\/anoticiaonline.com.br\/site\/author\/juliana\/#author","url":"https:\/\/anoticiaonline.com.br\/site\/author\/juliana\/","name":"Juliana Laviola","image":{"@type":"ImageObject","@id":"https:\/\/anoticiaonline.com.br\/site\/pm-de-fervedouro-prende-homem-acursado-de-trafico-de-drogas-e-por-posse-de-arma-de-fogo\/#authorImage","url":"https:\/\/secure.gravatar.com\/avatar\/b8d45f5c699b100dfaf0e543582f38f38bf94cb7ae3a5e9abf8d891a34773335?s=96&d=mm&r=g","width":96,"height":96,"caption":"Juliana Laviola"}},{"@type":"WebPage","@id":"https:\/\/anoticiaonline.com.br\/site\/pm-de-fervedouro-prende-homem-acursado-de-trafico-de-drogas-e-por-posse-de-arma-de-fogo\/#webpage","url":"https:\/\/anoticiaonline.com.br\/site\/pm-de-fervedouro-prende-homem-acursado-de-trafico-de-drogas-e-por-posse-de-arma-de-fogo\/","name":"PM de Fervedouro prende homem acusado de tr\u00e1fico de drogas e por posse de arma de fogo - A Not\u00edcia Online","description":"A Pol\u00edcia Militar de Fervedouro durante patrulhamento pela cidade, realizado na ter\u00e7a-feira (10), percebeu que um homem, de 20 anos, mudou seu comportamento quando avistou a viatura policial. Ao ser abordado, o mesmo foi revistado. Com ele, foram encontrados um tablete prensado de subst\u00e2ncia parecidas com maconha; 12 buchas de subst\u00e2ncia tamb\u00e9m parecidas com maconha;","inLanguage":"pt-BR","isPartOf":{"@id":"https:\/\/anoticiaonline.com.br\/site\/#website"},"breadcrumb":{"@id":"https:\/\/anoticiaonline.com.br\/site\/pm-de-fervedouro-prende-homem-acursado-de-trafico-de-drogas-e-por-posse-de-arma-de-fogo\/#breadcrumblist"},"author":{"@id":"https:\/\/anoticiaonline.com.br\/site\/author\/juliana\/#author"},"creator":{"@id":"https:\/\/anoticiaonline.com.br\/site\/author\/juliana\/#author"},"image":{"@type":"ImageObject","url":"https:\/\/anoticiaonline.com.br\/site\/wp-content\/uploads\/2018\/04\/PM-de-Fervedouro-prende-homem-acursado-de-tr\u00e1fico-de-drogas-e-por-posse-de-arma-de-fogo.jpeg","@id":"https:\/\/anoticiaonline.com.br\/site\/pm-de-fervedouro-prende-homem-acursado-de-trafico-de-drogas-e-por-posse-de-arma-de-fogo\/#mainImage","width":640,"height":427},"primaryImageOfPage":{"@id":"https:\/\/anoticiaonline.com.br\/site\/pm-de-fervedouro-prende-homem-acursado-de-trafico-de-drogas-e-por-posse-de-arma-de-fogo\/#mainImage"},"datePublished":"2018-04-12T21:16:04-03:00","dateModified":"2018-04-12T21:23:49-03:00"},{"@type":"WebSite","@id":"https:\/\/anoticiaonline.com.br\/site\/#website","url":"https:\/\/anoticiaonline.com.br\/site\/","name":"A Not\u00edcia Online","description":"Noticias de Muria\u00e9 e regi\u00e3o","inLanguage":"pt-BR","publisher":{"@id":"https:\/\/anoticiaonline.com.br\/site\/#organization"}}]},"og:locale":"pt_BR","og:site_name":"A Not\u00edcia Online - Noticias de Muria\u00e9 e regi\u00e3o","og:type":"article","og:title":"PM de Fervedouro prende homem acusado de tr\u00e1fico de drogas e por posse de arma de fogo - A Not\u00edcia Online","og:description":"A Pol\u00edcia Militar de Fervedouro durante patrulhamento pela cidade, realizado na ter\u00e7a-feira (10), percebeu que um homem, de 20 anos, mudou seu comportamento quando avistou a viatura policial. Ao ser abordado, o mesmo foi revistado. Com ele, foram encontrados um tablete prensado de subst\u00e2ncia parecidas com maconha; 12 buchas de subst\u00e2ncia tamb\u00e9m parecidas com maconha;","og:url":"https:\/\/anoticiaonline.com.br\/site\/pm-de-fervedouro-prende-homem-acursado-de-trafico-de-drogas-e-por-posse-de-arma-de-fogo\/","og:image":"https:\/\/scontent-gig4-1.xx.fbcdn.net\/v\/t39.30808-1\/270437624_4564083193639691_6907940295614233970_n.jpg?stp=dst-jpg_s200x200_tt6&#038;_nc_cat=111&#038;ccb=1-7&#038;_nc_sid=f907e8&#038;_nc_ohc=SM1wRlP3lJwQ7kNvwEPuBYA&#038;_nc_oc=AdnqrjDN_BNjSSHWO-GbkIWH6fkGMLw4bqvL_NH6e2wMveX7G-rP2dAqsDSq1mJMOaY&#038;_nc_zt=24&#038;_nc_ht=scontent-gig4-1.xx&#038;_nc_gid=AoBFJeGrT1hVaew_6rchkQ&#038;oh=00_AfX7QmFGhQhG2jAllVgXCiM1ZrWgvtp80-Bfppyexh1QEg&#038;oe=689E923C","og:image:secure_url":"https:\/\/scontent-gig4-1.xx.fbcdn.net\/v\/t39.30808-1\/270437624_4564083193639691_6907940295614233970_n.jpg?stp=dst-jpg_s200x200_tt6&#038;_nc_cat=111&#038;ccb=1-7&#038;_nc_sid=f907e8&#038;_nc_ohc=SM1wRlP3lJwQ7kNvwEPuBYA&#038;_nc_oc=AdnqrjDN_BNjSSHWO-GbkIWH6fkGMLw4bqvL_NH6e2wMveX7G-rP2dAqsDSq1mJMOaY&#038;_nc_zt=24&#038;_nc_ht=scontent-gig4-1.xx&#038;_nc_gid=AoBFJeGrT1hVaew_6rchkQ&#038;oh=00_AfX7QmFGhQhG2jAllVgXCiM1ZrWgvtp80-Bfppyexh1QEg&#038;oe=689E923C","article:published_time":"2018-04-13T00:16:04+00:00","article:modified_time":"2018-04-13T00:23:49+00:00","twitter:card":"summary_large_image","twitter:title":"PM de Fervedouro prende homem acusado de tr\u00e1fico de drogas e por posse de arma de fogo - A Not\u00edcia Online","twitter:description":"A Pol\u00edcia Militar de Fervedouro durante patrulhamento pela cidade, realizado na ter\u00e7a-feira (10), percebeu que um homem, de 20 anos, mudou seu comportamento quando avistou a viatura policial. Ao ser abordado, o mesmo foi revistado. Com ele, foram encontrados um tablete prensado de subst\u00e2ncia parecidas com maconha; 12 buchas de subst\u00e2ncia tamb\u00e9m parecidas com maconha;","twitter:image":"https:\/\/scontent-gig4-1.xx.fbcdn.net\/v\/t39.30808-1\/270437624_4564083193639691_6907940295614233970_n.jpg?stp=dst-jpg_s200x200_tt6&_nc_cat=111&ccb=1-7&_nc_sid=f907e8&_nc_ohc=SM1wRlP3lJwQ7kNvwEPuBYA&_nc_oc=AdnqrjDN_BNjSSHWO-GbkIWH6fkGMLw4bqvL_NH6e2wMveX7G-rP2dAqsDSq1mJMOaY&_nc_zt=24&_nc_ht=scontent-gig4-1.xx&_nc_gid=AoBFJeGrT1hVaew_6rchkQ&oh=00_AfX7QmFGhQhG2jAllVgXCiM1ZrWgvtp80-Bfppyexh1QEg&oe=689E923C"},"aioseo_meta_data":{"post_id":"53469","title":null,"description":null,"keywords":null,"keyphrases":null,"primary_term":null,"canonical_url":null,"og_title":null,"og_description":null,"og_object_type":"default","og_image_type":"default","og_image_url":null,"og_image_width":null,"og_image_height":null,"og_image_custom_url":null,"og_image_custom_fields":null,"og_video":null,"og_custom_url":null,"og_article_section":null,"og_article_tags":null,"twitter_use_og":false,"twitter_card":"default","twitter_image_type":"default","twitter_image_url":null,"twitter_image_custom_url":null,"twitter_image_custom_fields":null,"twitter_title":null,"twitter_description":null,"schema":{"blockGraphs":[],"customGraphs":[],"default":{"data":{"Article":[],"Course":[],"Dataset":[],"FAQPage":[],"Movie":[],"Person":[],"Product":[],"ProductReview":[],"Car":[],"Recipe":[],"Service":[],"SoftwareApplication":[],"WebPage":[]},"graphName":"","isEnabled":true},"graphs":[]},"schema_type":"default","schema_type_options":null,"pillar_content":false,"robots_default":true,"robots_noindex":false,"robots_noarchive":false,"robots_nosnippet":false,"robots_nofollow":false,"robots_noimageindex":false,"robots_noodp":false,"robots_notranslate":false,"robots_max_snippet":null,"robots_max_videopreview":null,"robots_max_imagepreview":"large","priority":null,"frequency":null,"local_seo":null,"breadcrumb_settings":null,"limit_modified_date":false,"ai":null,"created":"2025-08-16 20:40:27","updated":"2025-08-16 20:40:27","focus_keyword":null,"additional_keywords":null,"truseo_locale":null,"seo_analyzer_scan_date":null},"aioseo_breadcrumb":"<div class=\"aioseo-breadcrumbs\"><span class=\"aioseo-breadcrumb\">\n\t\t\t<a href=\"https:\/\/anoticiaonline.com.br\/site\" title=\"Home\">Home<\/a>\n\t\t<\/span><span class=\"aioseo-breadcrumb-separator\">&raquo;<\/span><span class=\"aioseo-breadcrumb\">\n\t\t\t<a href=\"https:\/\/anoticiaonline.com.br\/site\/categoria\/regiao\/\" title=\"Regi\u00e3o\">Regi\u00e3o<\/a>\n\t\t<\/span><span class=\"aioseo-breadcrumb-separator\">&raquo;<\/span><span class=\"aioseo-breadcrumb\">\n\t\t\tPM de Fervedouro prende homem acusado de tr\u00e1fico de drogas e por posse de arma de fogo\n\t\t<\/span><\/div>","aioseo_breadcrumb_json":[{"label":"Home","link":"https:\/\/anoticiaonline.com.br\/site"},{"label":"Regi\u00e3o","link":"https:\/\/anoticiaonline.com.br\/site\/categoria\/regiao\/"},{"label":"PM de Fervedouro prende homem acusado de tr\u00e1fico de drogas e por posse de arma de fogo","link":"https:\/\/anoticiaonline.com.br\/site\/pm-de-fervedouro-prende-homem-acursado-de-trafico-de-drogas-e-por-posse-de-arma-de-fogo\/"}],"views":194,"_links":{"self":[{"href":"https:\/\/anoticiaonline.com.br\/site\/wp-json\/wp\/v2\/posts\/53469","targetHints":{"allow":["GET"]}}],"collection":[{"href":"https:\/\/anoticiaonline.com.br\/site\/wp-json\/wp\/v2\/posts"}],"about":[{"href":"https:\/\/anoticiaonline.com.br\/site\/wp-json\/wp\/v2\/types\/post"}],"author":[{"embeddable":true,"href":"https:\/\/anoticiaonline.com.br\/site\/wp-json\/wp\/v2\/users\/2"}],"replies":[{"embeddable":true,"href":"https:\/\/anoticiaonline.com.br\/site\/wp-json\/wp\/v2\/comments?post=53469"}],"version-history":[{"count":0,"href":"https:\/\/anoticiaonline.com.br\/site\/wp-json\/wp\/v2\/posts\/53469\/revisions"}],"wp:featuredmedia":[{"embeddable":true,"href":"https:\/\/anoticiaonline.com.br\/site\/wp-json\/wp\/v2\/media\/53472"}],"wp:attachment":[{"href":"https:\/\/anoticiaonline.com.br\/site\/wp-json\/wp\/v2\/media?parent=53469"}],"wp:term":[{"taxonomy":"category","embeddable":true,"href":"https:\/\/anoticiaonline.com.br\/site\/wp-json\/wp\/v2\/categories?post=53469"},{"taxonomy":"post_tag","embeddable":true,"href":"https:\/\/anoticiaonline.com.br\/site\/wp-json\/wp\/v2\/tags?post=53469"}],"curies":[{"name":"wp","href":"https:\/\/api.w.org\/{rel}","templated":true}]}}