{"id":53410,"date":"2018-04-12T21:14:03","date_gmt":"2018-04-13T00:14:03","guid":{"rendered":"http:\/\/anoticiaonline.com.br\/site\/?p=53410"},"modified":"2018-04-12T21:18:05","modified_gmt":"2018-04-13T00:18:05","slug":"lael-e-misael-varella-celebram-mudanca-de-partido-com-visita-do-ministro-kassab-e-deputados-do-psd-a-muriae","status":"publish","type":"post","link":"https:\/\/anoticiaonline.com.br\/site\/lael-e-misael-varella-celebram-mudanca-de-partido-com-visita-do-ministro-kassab-e-deputados-do-psd-a-muriae\/","title":{"rendered":"Lael e Misael Varella celebram mudan\u00e7a de partido com visita do Ministro Kassab"},"content":{"rendered":"<p><a href=\"https:\/\/anoticiaonline.com.br\/site\/wp-content\/uploads\/2018\/04\/DSC_1127.jpg\"><img fetchpriority=\"high\" decoding=\"async\" class=\"aligncenter size-full wp-image-53454\" src=\"https:\/\/anoticiaonline.com.br\/site\/wp-content\/uploads\/2018\/04\/DSC_1127.jpg\" alt=\"\" width=\"640\" height=\"427\" srcset=\"https:\/\/anoticiaonline.com.br\/site\/wp-content\/uploads\/2018\/04\/DSC_1127.jpg 640w, https:\/\/anoticiaonline.com.br\/site\/wp-content\/uploads\/2018\/04\/DSC_1127-300x200.jpg 300w\" sizes=\"(max-width: 640px) 100vw, 640px\" \/><\/a> <a href=\"https:\/\/anoticiaonline.com.br\/site\/wp-content\/uploads\/2018\/04\/DSC_1008.jpg\"><img decoding=\"async\" class=\"aligncenter size-full wp-image-53440\" src=\"https:\/\/anoticiaonline.com.br\/site\/wp-content\/uploads\/2018\/04\/DSC_1008.jpg\" alt=\"\" width=\"640\" height=\"424\" srcset=\"https:\/\/anoticiaonline.com.br\/site\/wp-content\/uploads\/2018\/04\/DSC_1008.jpg 640w, https:\/\/anoticiaonline.com.br\/site\/wp-content\/uploads\/2018\/04\/DSC_1008-300x199.jpg 300w\" sizes=\"(max-width: 640px) 100vw, 640px\" \/><\/a><a href=\"https:\/\/anoticiaonline.com.br\/site\/wp-content\/uploads\/2018\/04\/DSC_1080.jpg\"><img decoding=\"async\" class=\"aligncenter size-full wp-image-53451\" src=\"https:\/\/anoticiaonline.com.br\/site\/wp-content\/uploads\/2018\/04\/DSC_1080.jpg\" alt=\"\" width=\"640\" height=\"424\" srcset=\"https:\/\/anoticiaonline.com.br\/site\/wp-content\/uploads\/2018\/04\/DSC_1080.jpg 640w, https:\/\/anoticiaonline.com.br\/site\/wp-content\/uploads\/2018\/04\/DSC_1080-300x199.jpg 300w\" sizes=\"(max-width: 640px) 100vw, 640px\" \/><\/a> <a href=\"https:\/\/anoticiaonline.com.br\/site\/wp-content\/uploads\/2018\/04\/DSC_1076.jpg\"><img loading=\"lazy\" decoding=\"async\" class=\"aligncenter size-full wp-image-53446\" src=\"https:\/\/anoticiaonline.com.br\/site\/wp-content\/uploads\/2018\/04\/DSC_1076.jpg\" alt=\"\" width=\"640\" height=\"424\" srcset=\"https:\/\/anoticiaonline.com.br\/site\/wp-content\/uploads\/2018\/04\/DSC_1076.jpg 640w, https:\/\/anoticiaonline.com.br\/site\/wp-content\/uploads\/2018\/04\/DSC_1076-300x199.jpg 300w\" sizes=\"(max-width: 640px) 100vw, 640px\" \/><\/a> <a href=\"https:\/\/anoticiaonline.com.br\/site\/wp-content\/uploads\/2018\/04\/DSC_1052.jpg\"><img loading=\"lazy\" decoding=\"async\" class=\"aligncenter size-full wp-image-53443\" src=\"https:\/\/anoticiaonline.com.br\/site\/wp-content\/uploads\/2018\/04\/DSC_1052.jpg\" alt=\"\" width=\"640\" height=\"424\" srcset=\"https:\/\/anoticiaonline.com.br\/site\/wp-content\/uploads\/2018\/04\/DSC_1052.jpg 640w, https:\/\/anoticiaonline.com.br\/site\/wp-content\/uploads\/2018\/04\/DSC_1052-300x199.jpg 300w\" sizes=\"(max-width: 640px) 100vw, 640px\" \/><\/a><a href=\"https:\/\/anoticiaonline.com.br\/site\/wp-content\/uploads\/2018\/04\/DSC_0976.jpg\"><img loading=\"lazy\" decoding=\"async\" class=\"aligncenter size-full wp-image-53435\" src=\"https:\/\/anoticiaonline.com.br\/site\/wp-content\/uploads\/2018\/04\/DSC_0976.jpg\" alt=\"\" width=\"640\" height=\"424\" srcset=\"https:\/\/anoticiaonline.com.br\/site\/wp-content\/uploads\/2018\/04\/DSC_0976.jpg 640w, https:\/\/anoticiaonline.com.br\/site\/wp-content\/uploads\/2018\/04\/DSC_0976-300x199.jpg 300w\" sizes=\"(max-width: 640px) 100vw, 640px\" \/><\/a><a href=\"https:\/\/anoticiaonline.com.br\/site\/wp-content\/uploads\/2018\/04\/DSC_0002.jpg\"><img loading=\"lazy\" decoding=\"async\" class=\"aligncenter size-full wp-image-53431\" src=\"https:\/\/anoticiaonline.com.br\/site\/wp-content\/uploads\/2018\/04\/DSC_0002.jpg\" alt=\"\" width=\"640\" height=\"424\" srcset=\"https:\/\/anoticiaonline.com.br\/site\/wp-content\/uploads\/2018\/04\/DSC_0002.jpg 640w, https:\/\/anoticiaonline.com.br\/site\/wp-content\/uploads\/2018\/04\/DSC_0002-300x199.jpg 300w\" sizes=\"(max-width: 640px) 100vw, 640px\" \/><\/a>Em um evento marcado pela grande participa\u00e7\u00e3o de pol\u00edticos mineiros, dentre eles prefeitos, vice-prefeitos, deputados federais e estaduais, o deputado federal Misael Varella e o suplente ao Senado Lael Varella receberam em Muria\u00e9, na ter\u00e7a-feira (10), o ministro Gilberto Kassab, ex-prefeito de S\u00e3o Paulo e fundador do Partido Social Democr\u00e1tico (PSD). O encontro marca o crescimento do partido em Minas, especialmente na zona da mata. Kassab tamb\u00e9m conheceu todas as instala\u00e7\u00f5es da Funda\u00e7\u00e3o Cristiano Varella.<\/p>\n<p>Na visita, o ministro Kassab aproveitou para falar sobre o programa \u201cInternet para Todos\u201d, do Governo Federal, que tem como objetivo usar o sat\u00e9lite geoestacion\u00e1rio gerido pela Telebr\u00e1s para garantir conectividade em \u00e1reas desatendidas do territ\u00f3rio nacional.<\/p>\n<p>\u201cTemos visitado as principais regi\u00f5es do Brasil levando o programa \u2018Internet para Todos\u2019, motivando os prefeitos a fazerem a ades\u00e3o. Tivemos a oportunidade de visitar a Funda\u00e7\u00e3o Cristiano Varella e conhecer tamb\u00e9m as instala\u00e7\u00f5es do Centro Universit\u00e1rio Unifaminas. Al\u00e9m disso, comemoramos, mais uma vez, a chegada de Lael e Misael Varella ao PSD. \u00c9 evidente que a presen\u00e7a deles fortalece qualquer partido por tudo aquilo que representam para a popula\u00e7\u00e3o por suas capacidades pol\u00edticas e eleitorais\u201d, afirma.<\/p>\n<p>O deputado Misael Varella contou que foi um grande privil\u00e9gio receber Gilbeto Kassab em Muria\u00e9. \u201c\u00c9 muito bom poder contar com a presen\u00e7a de tantas pessoas juntamente com o ministro. Foram mais de cem cidades presentes representadas atrav\u00e9s de suas lideran\u00e7as para ouvi-lo neste encontro. Al\u00e9m disso, nos sentimos muito honrados em poder receber os colegas de bancada na C\u00e2mara e os deputados estaduais e companheiros de partido\u201d, diz.<\/p>\n<p>Lael Varella disse que est\u00e1 muito satisfeito com a filia\u00e7\u00e3o ao PSD. \u201cS\u00f3 encontrei amigos no partido, como \u00e9 o caso do ministro Gilberto Kassab, que j\u00e1 me acompanha desde a \u00e9poca em que eu estava no PFL. Estou muito orgulhoso e feliz de receb\u00ea-lo em Muria\u00e9, ao lado dos nossos prefeitos, vice-prefeitos, vereadores e diversas lideran\u00e7as de toda nossa regi\u00e3o que participaram em massa deste encontro\u201d, comenta.<\/p>\n<p>S\u00e9rgio Dias Henriques, diretor administrativo da FCV, aproveitou a oportunidade para agradecer ao ministro Gilberto Kassab pela visita \u00e0s instala\u00e7\u00f5es da institui\u00e7\u00e3o. \u201c\u00c9 sempre muito bom receber na FCV pessoas do gabarito do ministro e mostr\u00e1-lo um pouco do trabalho que desenvolvemos na Funda\u00e7\u00e3o Cristiano Varella\u201d, diz. S\u00e9rgio tamb\u00e9m comemorou sua filia\u00e7\u00e3o ao PSD e est\u00e1 \u00e0 disposi\u00e7\u00e3o para os projetos pol\u00edticos da sigla.<\/p>\n<p>O deputado federal, Diego Andrade, presidente estadual do PSD de Minas, um dos grandes articuladores da transi\u00e7\u00e3o partid\u00e1ria, enalteceu em seu discurso a chegada de Lael e Misael. \u201c\u00c9 uma alegria muito grande ter, no PSD, estes dois grandes nomes que tanto admiramos pela trajet\u00f3ria e pelo trabalho que cada um executa na pol\u00edtica brasileira\u201d.<\/p>\n<p>Segundo o deputado estadual, Wilson Batista, tamb\u00e9m do PSD \u201cGilberto Kassab \u00e9 uma lideran\u00e7a nacional e um pol\u00edtico vocacionado, que criou um partido que tem boas propostas que agregam pessoas de muita responsabilidade e s\u00e3o exemplos para a pol\u00edtica brasileira, que permitem que a democracia seja praticada, batalhando com honestidade em busca de resultados. Tenho certeza que Misael e Lael Varella t\u00eam muito a somar na hist\u00f3ria do PSD\u201d, diz.<\/p>\n<p>O prefeito Grego tamb\u00e9m esteve na comitiva que recebeu os l\u00edderes do PSD em Muria\u00e9. \u201c\u00c9 a visita de um ministro de Estado que escolhe Muria\u00e9 como uma cidade polo, e isso s\u00f3 fortalece a figura de nosso munic\u00edpio como refer\u00eancia para a nossa regi\u00e3o. Como prefeito, eu me sinto muito honrado\u201d, afirmou.<\/p>\n<p>Os deputados federais Marcos Montes, Raquel Muniz, St\u00e9fano Aguiar, al\u00e9m do estadual C\u00e1ssio Soares tamb\u00e9m participaram do encontro. Um dos momentos marcantes foi a participa\u00e7\u00e3o do primeiro suplente ao Senado, Alexandre Silveira, que em seu discurso sinalizou as grandes chances de Lael Varella assumir a vaga no Senado, a depender do resultado das pr\u00f3ximas elei\u00e7\u00f5es.<\/p>\n<p><a href=\"https:\/\/anoticiaonline.com.br\/site\/wp-content\/uploads\/2018\/04\/DSC_0010.jpg\"><img loading=\"lazy\" decoding=\"async\" class=\"aligncenter size-full wp-image-53432\" src=\"https:\/\/anoticiaonline.com.br\/site\/wp-content\/uploads\/2018\/04\/DSC_0010.jpg\" alt=\"\" width=\"640\" height=\"400\" srcset=\"https:\/\/anoticiaonline.com.br\/site\/wp-content\/uploads\/2018\/04\/DSC_0010.jpg 640w, https:\/\/anoticiaonline.com.br\/site\/wp-content\/uploads\/2018\/04\/DSC_0010-300x188.jpg 300w\" sizes=\"(max-width: 640px) 100vw, 640px\" \/><\/a><a href=\"https:\/\/anoticiaonline.com.br\/site\/wp-content\/uploads\/2018\/04\/DSC_1129.jpg\"><img loading=\"lazy\" decoding=\"async\" class=\"aligncenter size-full wp-image-53457\" src=\"https:\/\/anoticiaonline.com.br\/site\/wp-content\/uploads\/2018\/04\/DSC_1129.jpg\" alt=\"\" width=\"640\" height=\"427\" srcset=\"https:\/\/anoticiaonline.com.br\/site\/wp-content\/uploads\/2018\/04\/DSC_1129.jpg 640w, https:\/\/anoticiaonline.com.br\/site\/wp-content\/uploads\/2018\/04\/DSC_1129-300x200.jpg 300w\" sizes=\"(max-width: 640px) 100vw, 640px\" \/><\/a><\/p>\n<p>&nbsp;<\/p>\n<p>&nbsp;<\/p>\n<p>&nbsp;<\/p>\n<p>&nbsp;<\/p>\n<p>&nbsp;<\/p>\n<p>&nbsp;<\/p>\n<p>&nbsp;<\/p>\n<p>&nbsp;<\/p>\n<p>&nbsp;<\/p>\n<p>&nbsp;<\/p>\n<p>&nbsp;<\/p>\n<p>&nbsp;<\/p>\n","protected":false},"excerpt":{"rendered":"<p>Em um evento marcado pela grande participa\u00e7\u00e3o de pol\u00edticos mineiros, dentre eles prefeitos, vice-prefeitos, deputados federais e estaduais, o deputado federal Misael Varella e o suplente ao Senado Lael Varella receberam em Muria\u00e9, na ter\u00e7a-feira (10), o ministro Gilberto Kassab, ex-prefeito de S\u00e3o Paulo e fundador do Partido Social Democr\u00e1tico (PSD). O encontro marca o &#8230; <a title=\"Lael e Misael Varella celebram mudan\u00e7a de partido com visita do Ministro Kassab\" class=\"read-more\" href=\"https:\/\/anoticiaonline.com.br\/site\/lael-e-misael-varella-celebram-mudanca-de-partido-com-visita-do-ministro-kassab-e-deputados-do-psd-a-muriae\/\" aria-label=\"Read more about Lael e Misael Varella celebram mudan\u00e7a de partido com visita do Ministro Kassab\">Ler mais<\/a><\/p>\n","protected":false},"author":2,"featured_media":53432,"comment_status":"open","ping_status":"open","sticky":false,"template":"","format":"standard","meta":{"_acf_changed":false,"_monsterinsights_skip_tracking":false,"footnotes":""},"categories":[1,6],"tags":[443,84,1865,2377,817,74,2379,2378],"class_list":["post-53410","post","type-post","status-publish","format-standard","has-post-thumbnail","hentry","category-gerais","category-regiao","tag-fcv","tag-fundacao-cristiano-varella","tag-lael-varella","tag-ministro-gilberto-kassab","tag-misael-varella","tag-muriae","tag-psd","tag-sergio-dias-henriques"],"acf":[],"aioseo_notices":[],"aioseo_head":"\n\t\t<!-- All in One SEO 5.0.0.1 - aioseo.com -->\n\t<meta name=\"description\" content=\"Em um evento marcado pela grande participa\u00e7\u00e3o de pol\u00edticos mineiros, dentre eles prefeitos, vice-prefeitos, deputados federais e estaduais, o deputado federal Misael Varella e o suplente ao Senado Lael Varella receberam em Muria\u00e9, na ter\u00e7a-feira (10), o ministro Gilberto Kassab, ex-prefeito de S\u00e3o Paulo e fundador do Partido Social Democr\u00e1tico (PSD). O encontro marca o\" \/>\n\t<meta name=\"robots\" content=\"max-image-preview:large\" \/>\n\t<meta name=\"author\" content=\"Juliana Laviola\"\/>\n\t<link rel=\"canonical\" href=\"https:\/\/anoticiaonline.com.br\/site\/lael-e-misael-varella-celebram-mudanca-de-partido-com-visita-do-ministro-kassab-e-deputados-do-psd-a-muriae\/\" \/>\n\t<meta name=\"generator\" content=\"All in One SEO (AIOSEO) 5.0.0.1\" \/>\n\t\t<meta property=\"og:locale\" content=\"pt_BR\" \/>\n\t\t<meta property=\"og:site_name\" content=\"A Not\u00edcia Online - Noticias de Muria\u00e9 e regi\u00e3o\" \/>\n\t\t<meta property=\"og:type\" content=\"article\" \/>\n\t\t<meta property=\"og:title\" content=\"Lael e Misael Varella celebram mudan\u00e7a de partido com visita do Ministro Kassab - A Not\u00edcia Online\" \/>\n\t\t<meta property=\"og:description\" content=\"Em um evento marcado pela grande participa\u00e7\u00e3o de pol\u00edticos mineiros, dentre eles prefeitos, vice-prefeitos, deputados federais e estaduais, o deputado federal Misael Varella e o suplente ao Senado Lael Varella receberam em Muria\u00e9, na ter\u00e7a-feira (10), o ministro Gilberto Kassab, ex-prefeito de S\u00e3o Paulo e fundador do Partido Social Democr\u00e1tico (PSD). O encontro marca o\" \/>\n\t\t<meta property=\"og:url\" content=\"https:\/\/anoticiaonline.com.br\/site\/lael-e-misael-varella-celebram-mudanca-de-partido-com-visita-do-ministro-kassab-e-deputados-do-psd-a-muriae\/\" \/>\n\t\t<meta property=\"og:image\" content=\"https:\/\/scontent-gig4-1.xx.fbcdn.net\/v\/t39.30808-1\/270437624_4564083193639691_6907940295614233970_n.jpg?stp=dst-jpg_s200x200_tt6&#038;_nc_cat=111&#038;ccb=1-7&#038;_nc_sid=f907e8&#038;_nc_ohc=SM1wRlP3lJwQ7kNvwEPuBYA&#038;_nc_oc=AdnqrjDN_BNjSSHWO-GbkIWH6fkGMLw4bqvL_NH6e2wMveX7G-rP2dAqsDSq1mJMOaY&#038;_nc_zt=24&#038;_nc_ht=scontent-gig4-1.xx&#038;_nc_gid=AoBFJeGrT1hVaew_6rchkQ&#038;oh=00_AfX7QmFGhQhG2jAllVgXCiM1ZrWgvtp80-Bfppyexh1QEg&#038;oe=689E923C\" \/>\n\t\t<meta property=\"og:image:secure_url\" content=\"https:\/\/scontent-gig4-1.xx.fbcdn.net\/v\/t39.30808-1\/270437624_4564083193639691_6907940295614233970_n.jpg?stp=dst-jpg_s200x200_tt6&#038;_nc_cat=111&#038;ccb=1-7&#038;_nc_sid=f907e8&#038;_nc_ohc=SM1wRlP3lJwQ7kNvwEPuBYA&#038;_nc_oc=AdnqrjDN_BNjSSHWO-GbkIWH6fkGMLw4bqvL_NH6e2wMveX7G-rP2dAqsDSq1mJMOaY&#038;_nc_zt=24&#038;_nc_ht=scontent-gig4-1.xx&#038;_nc_gid=AoBFJeGrT1hVaew_6rchkQ&#038;oh=00_AfX7QmFGhQhG2jAllVgXCiM1ZrWgvtp80-Bfppyexh1QEg&#038;oe=689E923C\" \/>\n\t\t<meta property=\"article:published_time\" content=\"2018-04-13T00:14:03+00:00\" \/>\n\t\t<meta property=\"article:modified_time\" content=\"2018-04-13T00:18:05+00:00\" \/>\n\t\t<meta name=\"twitter:card\" content=\"summary_large_image\" \/>\n\t\t<meta name=\"twitter:title\" content=\"Lael e Misael Varella celebram mudan\u00e7a de partido com visita do Ministro Kassab - A Not\u00edcia Online\" \/>\n\t\t<meta name=\"twitter:description\" content=\"Em um evento marcado pela grande participa\u00e7\u00e3o de pol\u00edticos mineiros, dentre eles prefeitos, vice-prefeitos, deputados federais e estaduais, o deputado federal Misael Varella e o suplente ao Senado Lael Varella receberam em Muria\u00e9, na ter\u00e7a-feira (10), o ministro Gilberto Kassab, ex-prefeito de S\u00e3o Paulo e fundador do Partido Social Democr\u00e1tico (PSD). O encontro marca o\" \/>\n\t\t<meta name=\"twitter:image\" content=\"https:\/\/scontent-gig4-1.xx.fbcdn.net\/v\/t39.30808-1\/270437624_4564083193639691_6907940295614233970_n.jpg?stp=dst-jpg_s200x200_tt6&amp;_nc_cat=111&amp;ccb=1-7&amp;_nc_sid=f907e8&amp;_nc_ohc=SM1wRlP3lJwQ7kNvwEPuBYA&amp;_nc_oc=AdnqrjDN_BNjSSHWO-GbkIWH6fkGMLw4bqvL_NH6e2wMveX7G-rP2dAqsDSq1mJMOaY&amp;_nc_zt=24&amp;_nc_ht=scontent-gig4-1.xx&amp;_nc_gid=AoBFJeGrT1hVaew_6rchkQ&amp;oh=00_AfX7QmFGhQhG2jAllVgXCiM1ZrWgvtp80-Bfppyexh1QEg&amp;oe=689E923C\" \/>\n\t\t<script type=\"application\/ld+json\" class=\"aioseo-schema\">\n\t\t\t{\"@context\":\"https:\\\/\\\/schema.org\",\"@graph\":[{\"@type\":\"BlogPosting\",\"@id\":\"https:\\\/\\\/anoticiaonline.com.br\\\/site\\\/lael-e-misael-varella-celebram-mudanca-de-partido-com-visita-do-ministro-kassab-e-deputados-do-psd-a-muriae\\\/#blogposting\",\"name\":\"Lael e Misael Varella celebram mudan\\u00e7a de partido com visita do Ministro Kassab - A Not\\u00edcia Online\",\"headline\":\"Lael e Misael Varella celebram mudan\\u00e7a de partido com visita do Ministro Kassab\",\"author\":{\"@id\":\"https:\\\/\\\/anoticiaonline.com.br\\\/site\\\/author\\\/juliana\\\/#author\"},\"publisher\":{\"@id\":\"https:\\\/\\\/anoticiaonline.com.br\\\/site\\\/#organization\"},\"image\":{\"@type\":\"ImageObject\",\"url\":\"https:\\\/\\\/anoticiaonline.com.br\\\/site\\\/wp-content\\\/uploads\\\/2018\\\/04\\\/DSC_0010.jpg\",\"width\":640,\"height\":400},\"datePublished\":\"2018-04-12T21:14:03-03:00\",\"dateModified\":\"2018-04-12T21:18:05-03:00\",\"inLanguage\":\"pt-BR\",\"mainEntityOfPage\":{\"@id\":\"https:\\\/\\\/anoticiaonline.com.br\\\/site\\\/lael-e-misael-varella-celebram-mudanca-de-partido-com-visita-do-ministro-kassab-e-deputados-do-psd-a-muriae\\\/#webpage\"},\"isPartOf\":{\"@id\":\"https:\\\/\\\/anoticiaonline.com.br\\\/site\\\/lael-e-misael-varella-celebram-mudanca-de-partido-com-visita-do-ministro-kassab-e-deputados-do-psd-a-muriae\\\/#webpage\"},\"articleSection\":\"Gerais, Regi\\u00e3o, fcv, funda\\u00e7\\u00e3o cristiano varella, Lael Varella, ministro Gilberto Kassab, misael varella, Muria\\u00e9, PSD, S\\u00e9rgio Dias Henriques\"},{\"@type\":\"BreadcrumbList\",\"@id\":\"https:\\\/\\\/anoticiaonline.com.br\\\/site\\\/lael-e-misael-varella-celebram-mudanca-de-partido-com-visita-do-ministro-kassab-e-deputados-do-psd-a-muriae\\\/#breadcrumblist\",\"itemListElement\":[{\"@type\":\"ListItem\",\"@id\":\"https:\\\/\\\/anoticiaonline.com.br\\\/site#listItem\",\"position\":1,\"name\":\"Home\",\"item\":\"https:\\\/\\\/anoticiaonline.com.br\\\/site\",\"nextItem\":{\"@type\":\"ListItem\",\"@id\":\"https:\\\/\\\/anoticiaonline.com.br\\\/site\\\/categoria\\\/gerais\\\/#listItem\",\"name\":\"Gerais\"}},{\"@type\":\"ListItem\",\"@id\":\"https:\\\/\\\/anoticiaonline.com.br\\\/site\\\/categoria\\\/gerais\\\/#listItem\",\"position\":2,\"name\":\"Gerais\",\"item\":\"https:\\\/\\\/anoticiaonline.com.br\\\/site\\\/categoria\\\/gerais\\\/\",\"nextItem\":{\"@type\":\"ListItem\",\"@id\":\"https:\\\/\\\/anoticiaonline.com.br\\\/site\\\/lael-e-misael-varella-celebram-mudanca-de-partido-com-visita-do-ministro-kassab-e-deputados-do-psd-a-muriae\\\/#listItem\",\"name\":\"Lael e Misael Varella celebram mudan\\u00e7a de partido com visita do Ministro Kassab\"},\"previousItem\":{\"@type\":\"ListItem\",\"@id\":\"https:\\\/\\\/anoticiaonline.com.br\\\/site#listItem\",\"name\":\"Home\"}},{\"@type\":\"ListItem\",\"@id\":\"https:\\\/\\\/anoticiaonline.com.br\\\/site\\\/lael-e-misael-varella-celebram-mudanca-de-partido-com-visita-do-ministro-kassab-e-deputados-do-psd-a-muriae\\\/#listItem\",\"position\":3,\"name\":\"Lael e Misael Varella celebram mudan\\u00e7a de partido com visita do Ministro Kassab\",\"previousItem\":{\"@type\":\"ListItem\",\"@id\":\"https:\\\/\\\/anoticiaonline.com.br\\\/site\\\/categoria\\\/gerais\\\/#listItem\",\"name\":\"Gerais\"}}]},{\"@type\":\"Organization\",\"@id\":\"https:\\\/\\\/anoticiaonline.com.br\\\/site\\\/#organization\",\"name\":\"A Not\\u00edcia Online\",\"description\":\"Noticias de Muria\\u00e9 e regi\\u00e3o\",\"url\":\"https:\\\/\\\/anoticiaonline.com.br\\\/site\\\/\",\"logo\":{\"@type\":\"ImageObject\",\"url\":\"https:\\\/\\\/scontent-gig4-1.xx.fbcdn.net\\\/v\\\/t39.30808-1\\\/270437624_4564083193639691_6907940295614233970_n.jpg?stp=dst-jpg_s200x200_tt6&_nc_cat=111&ccb=1-7&_nc_sid=f907e8&_nc_ohc=SM1wRlP3lJwQ7kNvwEPuBYA&_nc_oc=AdnqrjDN_BNjSSHWO-GbkIWH6fkGMLw4bqvL_NH6e2wMveX7G-rP2dAqsDSq1mJMOaY&_nc_zt=24&_nc_ht=scontent-gig4-1.xx&_nc_gid=AoBFJeGrT1hVaew_6rchkQ&oh=00_AfX7QmFGhQhG2jAllVgXCiM1ZrWgvtp80-Bfppyexh1QEg&oe=689E923C\",\"@id\":\"https:\\\/\\\/anoticiaonline.com.br\\\/site\\\/lael-e-misael-varella-celebram-mudanca-de-partido-com-visita-do-ministro-kassab-e-deputados-do-psd-a-muriae\\\/#organizationLogo\"},\"image\":{\"@id\":\"https:\\\/\\\/anoticiaonline.com.br\\\/site\\\/lael-e-misael-varella-celebram-mudanca-de-partido-com-visita-do-ministro-kassab-e-deputados-do-psd-a-muriae\\\/#organizationLogo\"}},{\"@type\":\"Person\",\"@id\":\"https:\\\/\\\/anoticiaonline.com.br\\\/site\\\/author\\\/juliana\\\/#author\",\"url\":\"https:\\\/\\\/anoticiaonline.com.br\\\/site\\\/author\\\/juliana\\\/\",\"name\":\"Juliana Laviola\",\"image\":{\"@type\":\"ImageObject\",\"@id\":\"https:\\\/\\\/anoticiaonline.com.br\\\/site\\\/lael-e-misael-varella-celebram-mudanca-de-partido-com-visita-do-ministro-kassab-e-deputados-do-psd-a-muriae\\\/#authorImage\",\"url\":\"https:\\\/\\\/secure.gravatar.com\\\/avatar\\\/b8d45f5c699b100dfaf0e543582f38f38bf94cb7ae3a5e9abf8d891a34773335?s=96&d=mm&r=g\",\"width\":96,\"height\":96,\"caption\":\"Juliana Laviola\"}},{\"@type\":\"WebPage\",\"@id\":\"https:\\\/\\\/anoticiaonline.com.br\\\/site\\\/lael-e-misael-varella-celebram-mudanca-de-partido-com-visita-do-ministro-kassab-e-deputados-do-psd-a-muriae\\\/#webpage\",\"url\":\"https:\\\/\\\/anoticiaonline.com.br\\\/site\\\/lael-e-misael-varella-celebram-mudanca-de-partido-com-visita-do-ministro-kassab-e-deputados-do-psd-a-muriae\\\/\",\"name\":\"Lael e Misael Varella celebram mudan\\u00e7a de partido com visita do Ministro Kassab - A Not\\u00edcia Online\",\"description\":\"Em um evento marcado pela grande participa\\u00e7\\u00e3o de pol\\u00edticos mineiros, dentre eles prefeitos, vice-prefeitos, deputados federais e estaduais, o deputado federal Misael Varella e o suplente ao Senado Lael Varella receberam em Muria\\u00e9, na ter\\u00e7a-feira (10), o ministro Gilberto Kassab, ex-prefeito de S\\u00e3o Paulo e fundador do Partido Social Democr\\u00e1tico (PSD). O encontro marca o\",\"inLanguage\":\"pt-BR\",\"isPartOf\":{\"@id\":\"https:\\\/\\\/anoticiaonline.com.br\\\/site\\\/#website\"},\"breadcrumb\":{\"@id\":\"https:\\\/\\\/anoticiaonline.com.br\\\/site\\\/lael-e-misael-varella-celebram-mudanca-de-partido-com-visita-do-ministro-kassab-e-deputados-do-psd-a-muriae\\\/#breadcrumblist\"},\"author\":{\"@id\":\"https:\\\/\\\/anoticiaonline.com.br\\\/site\\\/author\\\/juliana\\\/#author\"},\"creator\":{\"@id\":\"https:\\\/\\\/anoticiaonline.com.br\\\/site\\\/author\\\/juliana\\\/#author\"},\"image\":{\"@type\":\"ImageObject\",\"url\":\"https:\\\/\\\/anoticiaonline.com.br\\\/site\\\/wp-content\\\/uploads\\\/2018\\\/04\\\/DSC_0010.jpg\",\"@id\":\"https:\\\/\\\/anoticiaonline.com.br\\\/site\\\/lael-e-misael-varella-celebram-mudanca-de-partido-com-visita-do-ministro-kassab-e-deputados-do-psd-a-muriae\\\/#mainImage\",\"width\":640,\"height\":400},\"primaryImageOfPage\":{\"@id\":\"https:\\\/\\\/anoticiaonline.com.br\\\/site\\\/lael-e-misael-varella-celebram-mudanca-de-partido-com-visita-do-ministro-kassab-e-deputados-do-psd-a-muriae\\\/#mainImage\"},\"datePublished\":\"2018-04-12T21:14:03-03:00\",\"dateModified\":\"2018-04-12T21:18:05-03:00\"},{\"@type\":\"WebSite\",\"@id\":\"https:\\\/\\\/anoticiaonline.com.br\\\/site\\\/#website\",\"url\":\"https:\\\/\\\/anoticiaonline.com.br\\\/site\\\/\",\"name\":\"A Not\\u00edcia Online\",\"description\":\"Noticias de Muria\\u00e9 e regi\\u00e3o\",\"inLanguage\":\"pt-BR\",\"publisher\":{\"@id\":\"https:\\\/\\\/anoticiaonline.com.br\\\/site\\\/#organization\"}}]}\n\t\t<\/script>\n\t\t<!-- All in One SEO -->\n\n","aioseo_head_json":{"title":"Lael e Misael Varella celebram mudan\u00e7a de partido com visita do Ministro Kassab - A Not\u00edcia Online","description":"Em um evento marcado pela grande participa\u00e7\u00e3o de pol\u00edticos mineiros, dentre eles prefeitos, vice-prefeitos, deputados federais e estaduais, o deputado federal Misael Varella e o suplente ao Senado Lael Varella receberam em Muria\u00e9, na ter\u00e7a-feira (10), o ministro Gilberto Kassab, ex-prefeito de S\u00e3o Paulo e fundador do Partido Social Democr\u00e1tico (PSD). O encontro marca o","canonical_url":"https:\/\/anoticiaonline.com.br\/site\/lael-e-misael-varella-celebram-mudanca-de-partido-com-visita-do-ministro-kassab-e-deputados-do-psd-a-muriae\/","robots":"max-image-preview:large","keywords":"","webmasterTools":{"miscellaneous":""},"schema":{"@context":"https:\/\/schema.org","@graph":[{"@type":"BlogPosting","@id":"https:\/\/anoticiaonline.com.br\/site\/lael-e-misael-varella-celebram-mudanca-de-partido-com-visita-do-ministro-kassab-e-deputados-do-psd-a-muriae\/#blogposting","name":"Lael e Misael Varella celebram mudan\u00e7a de partido com visita do Ministro Kassab - A Not\u00edcia Online","headline":"Lael e Misael Varella celebram mudan\u00e7a de partido com visita do Ministro Kassab","author":{"@id":"https:\/\/anoticiaonline.com.br\/site\/author\/juliana\/#author"},"publisher":{"@id":"https:\/\/anoticiaonline.com.br\/site\/#organization"},"image":{"@type":"ImageObject","url":"https:\/\/anoticiaonline.com.br\/site\/wp-content\/uploads\/2018\/04\/DSC_0010.jpg","width":640,"height":400},"datePublished":"2018-04-12T21:14:03-03:00","dateModified":"2018-04-12T21:18:05-03:00","inLanguage":"pt-BR","mainEntityOfPage":{"@id":"https:\/\/anoticiaonline.com.br\/site\/lael-e-misael-varella-celebram-mudanca-de-partido-com-visita-do-ministro-kassab-e-deputados-do-psd-a-muriae\/#webpage"},"isPartOf":{"@id":"https:\/\/anoticiaonline.com.br\/site\/lael-e-misael-varella-celebram-mudanca-de-partido-com-visita-do-ministro-kassab-e-deputados-do-psd-a-muriae\/#webpage"},"articleSection":"Gerais, Regi\u00e3o, fcv, funda\u00e7\u00e3o cristiano varella, Lael Varella, ministro Gilberto Kassab, misael varella, Muria\u00e9, PSD, S\u00e9rgio Dias Henriques"},{"@type":"BreadcrumbList","@id":"https:\/\/anoticiaonline.com.br\/site\/lael-e-misael-varella-celebram-mudanca-de-partido-com-visita-do-ministro-kassab-e-deputados-do-psd-a-muriae\/#breadcrumblist","itemListElement":[{"@type":"ListItem","@id":"https:\/\/anoticiaonline.com.br\/site#listItem","position":1,"name":"Home","item":"https:\/\/anoticiaonline.com.br\/site","nextItem":{"@type":"ListItem","@id":"https:\/\/anoticiaonline.com.br\/site\/categoria\/gerais\/#listItem","name":"Gerais"}},{"@type":"ListItem","@id":"https:\/\/anoticiaonline.com.br\/site\/categoria\/gerais\/#listItem","position":2,"name":"Gerais","item":"https:\/\/anoticiaonline.com.br\/site\/categoria\/gerais\/","nextItem":{"@type":"ListItem","@id":"https:\/\/anoticiaonline.com.br\/site\/lael-e-misael-varella-celebram-mudanca-de-partido-com-visita-do-ministro-kassab-e-deputados-do-psd-a-muriae\/#listItem","name":"Lael e Misael Varella celebram mudan\u00e7a de partido com visita do Ministro Kassab"},"previousItem":{"@type":"ListItem","@id":"https:\/\/anoticiaonline.com.br\/site#listItem","name":"Home"}},{"@type":"ListItem","@id":"https:\/\/anoticiaonline.com.br\/site\/lael-e-misael-varella-celebram-mudanca-de-partido-com-visita-do-ministro-kassab-e-deputados-do-psd-a-muriae\/#listItem","position":3,"name":"Lael e Misael Varella celebram mudan\u00e7a de partido com visita do Ministro Kassab","previousItem":{"@type":"ListItem","@id":"https:\/\/anoticiaonline.com.br\/site\/categoria\/gerais\/#listItem","name":"Gerais"}}]},{"@type":"Organization","@id":"https:\/\/anoticiaonline.com.br\/site\/#organization","name":"A Not\u00edcia Online","description":"Noticias de Muria\u00e9 e regi\u00e3o","url":"https:\/\/anoticiaonline.com.br\/site\/","logo":{"@type":"ImageObject","url":"https:\/\/scontent-gig4-1.xx.fbcdn.net\/v\/t39.30808-1\/270437624_4564083193639691_6907940295614233970_n.jpg?stp=dst-jpg_s200x200_tt6&_nc_cat=111&ccb=1-7&_nc_sid=f907e8&_nc_ohc=SM1wRlP3lJwQ7kNvwEPuBYA&_nc_oc=AdnqrjDN_BNjSSHWO-GbkIWH6fkGMLw4bqvL_NH6e2wMveX7G-rP2dAqsDSq1mJMOaY&_nc_zt=24&_nc_ht=scontent-gig4-1.xx&_nc_gid=AoBFJeGrT1hVaew_6rchkQ&oh=00_AfX7QmFGhQhG2jAllVgXCiM1ZrWgvtp80-Bfppyexh1QEg&oe=689E923C","@id":"https:\/\/anoticiaonline.com.br\/site\/lael-e-misael-varella-celebram-mudanca-de-partido-com-visita-do-ministro-kassab-e-deputados-do-psd-a-muriae\/#organizationLogo"},"image":{"@id":"https:\/\/anoticiaonline.com.br\/site\/lael-e-misael-varella-celebram-mudanca-de-partido-com-visita-do-ministro-kassab-e-deputados-do-psd-a-muriae\/#organizationLogo"}},{"@type":"Person","@id":"https:\/\/anoticiaonline.com.br\/site\/author\/juliana\/#author","url":"https:\/\/anoticiaonline.com.br\/site\/author\/juliana\/","name":"Juliana Laviola","image":{"@type":"ImageObject","@id":"https:\/\/anoticiaonline.com.br\/site\/lael-e-misael-varella-celebram-mudanca-de-partido-com-visita-do-ministro-kassab-e-deputados-do-psd-a-muriae\/#authorImage","url":"https:\/\/secure.gravatar.com\/avatar\/b8d45f5c699b100dfaf0e543582f38f38bf94cb7ae3a5e9abf8d891a34773335?s=96&d=mm&r=g","width":96,"height":96,"caption":"Juliana Laviola"}},{"@type":"WebPage","@id":"https:\/\/anoticiaonline.com.br\/site\/lael-e-misael-varella-celebram-mudanca-de-partido-com-visita-do-ministro-kassab-e-deputados-do-psd-a-muriae\/#webpage","url":"https:\/\/anoticiaonline.com.br\/site\/lael-e-misael-varella-celebram-mudanca-de-partido-com-visita-do-ministro-kassab-e-deputados-do-psd-a-muriae\/","name":"Lael e Misael Varella celebram mudan\u00e7a de partido com visita do Ministro Kassab - A Not\u00edcia Online","description":"Em um evento marcado pela grande participa\u00e7\u00e3o de pol\u00edticos mineiros, dentre eles prefeitos, vice-prefeitos, deputados federais e estaduais, o deputado federal Misael Varella e o suplente ao Senado Lael Varella receberam em Muria\u00e9, na ter\u00e7a-feira (10), o ministro Gilberto Kassab, ex-prefeito de S\u00e3o Paulo e fundador do Partido Social Democr\u00e1tico (PSD). O encontro marca o","inLanguage":"pt-BR","isPartOf":{"@id":"https:\/\/anoticiaonline.com.br\/site\/#website"},"breadcrumb":{"@id":"https:\/\/anoticiaonline.com.br\/site\/lael-e-misael-varella-celebram-mudanca-de-partido-com-visita-do-ministro-kassab-e-deputados-do-psd-a-muriae\/#breadcrumblist"},"author":{"@id":"https:\/\/anoticiaonline.com.br\/site\/author\/juliana\/#author"},"creator":{"@id":"https:\/\/anoticiaonline.com.br\/site\/author\/juliana\/#author"},"image":{"@type":"ImageObject","url":"https:\/\/anoticiaonline.com.br\/site\/wp-content\/uploads\/2018\/04\/DSC_0010.jpg","@id":"https:\/\/anoticiaonline.com.br\/site\/lael-e-misael-varella-celebram-mudanca-de-partido-com-visita-do-ministro-kassab-e-deputados-do-psd-a-muriae\/#mainImage","width":640,"height":400},"primaryImageOfPage":{"@id":"https:\/\/anoticiaonline.com.br\/site\/lael-e-misael-varella-celebram-mudanca-de-partido-com-visita-do-ministro-kassab-e-deputados-do-psd-a-muriae\/#mainImage"},"datePublished":"2018-04-12T21:14:03-03:00","dateModified":"2018-04-12T21:18:05-03:00"},{"@type":"WebSite","@id":"https:\/\/anoticiaonline.com.br\/site\/#website","url":"https:\/\/anoticiaonline.com.br\/site\/","name":"A Not\u00edcia Online","description":"Noticias de Muria\u00e9 e regi\u00e3o","inLanguage":"pt-BR","publisher":{"@id":"https:\/\/anoticiaonline.com.br\/site\/#organization"}}]},"og:locale":"pt_BR","og:site_name":"A Not\u00edcia Online - Noticias de Muria\u00e9 e regi\u00e3o","og:type":"article","og:title":"Lael e Misael Varella celebram mudan\u00e7a de partido com visita do Ministro Kassab - A Not\u00edcia Online","og:description":"Em um evento marcado pela grande participa\u00e7\u00e3o de pol\u00edticos mineiros, dentre eles prefeitos, vice-prefeitos, deputados federais e estaduais, o deputado federal Misael Varella e o suplente ao Senado Lael Varella receberam em Muria\u00e9, na ter\u00e7a-feira (10), o ministro Gilberto Kassab, ex-prefeito de S\u00e3o Paulo e fundador do Partido Social Democr\u00e1tico (PSD). O encontro marca o","og:url":"https:\/\/anoticiaonline.com.br\/site\/lael-e-misael-varella-celebram-mudanca-de-partido-com-visita-do-ministro-kassab-e-deputados-do-psd-a-muriae\/","og:image":"https:\/\/scontent-gig4-1.xx.fbcdn.net\/v\/t39.30808-1\/270437624_4564083193639691_6907940295614233970_n.jpg?stp=dst-jpg_s200x200_tt6&#038;_nc_cat=111&#038;ccb=1-7&#038;_nc_sid=f907e8&#038;_nc_ohc=SM1wRlP3lJwQ7kNvwEPuBYA&#038;_nc_oc=AdnqrjDN_BNjSSHWO-GbkIWH6fkGMLw4bqvL_NH6e2wMveX7G-rP2dAqsDSq1mJMOaY&#038;_nc_zt=24&#038;_nc_ht=scontent-gig4-1.xx&#038;_nc_gid=AoBFJeGrT1hVaew_6rchkQ&#038;oh=00_AfX7QmFGhQhG2jAllVgXCiM1ZrWgvtp80-Bfppyexh1QEg&#038;oe=689E923C","og:image:secure_url":"https:\/\/scontent-gig4-1.xx.fbcdn.net\/v\/t39.30808-1\/270437624_4564083193639691_6907940295614233970_n.jpg?stp=dst-jpg_s200x200_tt6&#038;_nc_cat=111&#038;ccb=1-7&#038;_nc_sid=f907e8&#038;_nc_ohc=SM1wRlP3lJwQ7kNvwEPuBYA&#038;_nc_oc=AdnqrjDN_BNjSSHWO-GbkIWH6fkGMLw4bqvL_NH6e2wMveX7G-rP2dAqsDSq1mJMOaY&#038;_nc_zt=24&#038;_nc_ht=scontent-gig4-1.xx&#038;_nc_gid=AoBFJeGrT1hVaew_6rchkQ&#038;oh=00_AfX7QmFGhQhG2jAllVgXCiM1ZrWgvtp80-Bfppyexh1QEg&#038;oe=689E923C","article:published_time":"2018-04-13T00:14:03+00:00","article:modified_time":"2018-04-13T00:18:05+00:00","twitter:card":"summary_large_image","twitter:title":"Lael e Misael Varella celebram mudan\u00e7a de partido com visita do Ministro Kassab - A Not\u00edcia Online","twitter:description":"Em um evento marcado pela grande participa\u00e7\u00e3o de pol\u00edticos mineiros, dentre eles prefeitos, vice-prefeitos, deputados federais e estaduais, o deputado federal Misael Varella e o suplente ao Senado Lael Varella receberam em Muria\u00e9, na ter\u00e7a-feira (10), o ministro Gilberto Kassab, ex-prefeito de S\u00e3o Paulo e fundador do Partido Social Democr\u00e1tico (PSD). O encontro marca o","twitter:image":"https:\/\/scontent-gig4-1.xx.fbcdn.net\/v\/t39.30808-1\/270437624_4564083193639691_6907940295614233970_n.jpg?stp=dst-jpg_s200x200_tt6&_nc_cat=111&ccb=1-7&_nc_sid=f907e8&_nc_ohc=SM1wRlP3lJwQ7kNvwEPuBYA&_nc_oc=AdnqrjDN_BNjSSHWO-GbkIWH6fkGMLw4bqvL_NH6e2wMveX7G-rP2dAqsDSq1mJMOaY&_nc_zt=24&_nc_ht=scontent-gig4-1.xx&_nc_gid=AoBFJeGrT1hVaew_6rchkQ&oh=00_AfX7QmFGhQhG2jAllVgXCiM1ZrWgvtp80-Bfppyexh1QEg&oe=689E923C"},"aioseo_meta_data":{"post_id":"53410","title":null,"description":null,"keywords":null,"keyphrases":null,"primary_term":null,"canonical_url":null,"og_title":null,"og_description":null,"og_object_type":"default","og_image_type":"default","og_image_url":null,"og_image_width":null,"og_image_height":null,"og_image_custom_url":null,"og_image_custom_fields":null,"og_video":null,"og_custom_url":null,"og_article_section":null,"og_article_tags":null,"twitter_use_og":false,"twitter_card":"default","twitter_image_type":"default","twitter_image_url":null,"twitter_image_custom_url":null,"twitter_image_custom_fields":null,"twitter_title":null,"twitter_description":null,"schema":{"blockGraphs":[],"customGraphs":[],"default":{"data":{"Article":[],"Course":[],"Dataset":[],"FAQPage":[],"Movie":[],"Person":[],"Product":[],"ProductReview":[],"Car":[],"Recipe":[],"Service":[],"SoftwareApplication":[],"WebPage":[]},"graphName":"","isEnabled":true},"graphs":[]},"schema_type":"default","schema_type_options":null,"pillar_content":false,"robots_default":true,"robots_noindex":false,"robots_noarchive":false,"robots_nosnippet":false,"robots_nofollow":false,"robots_noimageindex":false,"robots_noodp":false,"robots_notranslate":false,"robots_max_snippet":null,"robots_max_videopreview":null,"robots_max_imagepreview":"large","priority":null,"frequency":null,"local_seo":null,"breadcrumb_settings":null,"limit_modified_date":false,"ai":null,"created":"2025-08-16 20:40:27","updated":"2025-08-16 20:40:27","focus_keyword":null,"additional_keywords":null,"truseo_locale":null,"seo_analyzer_scan_date":null},"aioseo_breadcrumb":"<div class=\"aioseo-breadcrumbs\"><span class=\"aioseo-breadcrumb\">\n\t\t\t<a href=\"https:\/\/anoticiaonline.com.br\/site\" title=\"Home\">Home<\/a>\n\t\t<\/span><span class=\"aioseo-breadcrumb-separator\">&raquo;<\/span><span class=\"aioseo-breadcrumb\">\n\t\t\t<a href=\"https:\/\/anoticiaonline.com.br\/site\/categoria\/gerais\/\" title=\"Gerais\">Gerais<\/a>\n\t\t<\/span><span class=\"aioseo-breadcrumb-separator\">&raquo;<\/span><span class=\"aioseo-breadcrumb\">\n\t\t\tLael e Misael Varella celebram mudan\u00e7a de partido com visita do Ministro Kassab\n\t\t<\/span><\/div>","aioseo_breadcrumb_json":[{"label":"Home","link":"https:\/\/anoticiaonline.com.br\/site"},{"label":"Gerais","link":"https:\/\/anoticiaonline.com.br\/site\/categoria\/gerais\/"},{"label":"Lael e Misael Varella celebram mudan\u00e7a de partido com visita do Ministro Kassab","link":"https:\/\/anoticiaonline.com.br\/site\/lael-e-misael-varella-celebram-mudanca-de-partido-com-visita-do-ministro-kassab-e-deputados-do-psd-a-muriae\/"}],"views":177,"_links":{"self":[{"href":"https:\/\/anoticiaonline.com.br\/site\/wp-json\/wp\/v2\/posts\/53410","targetHints":{"allow":["GET"]}}],"collection":[{"href":"https:\/\/anoticiaonline.com.br\/site\/wp-json\/wp\/v2\/posts"}],"about":[{"href":"https:\/\/anoticiaonline.com.br\/site\/wp-json\/wp\/v2\/types\/post"}],"author":[{"embeddable":true,"href":"https:\/\/anoticiaonline.com.br\/site\/wp-json\/wp\/v2\/users\/2"}],"replies":[{"embeddable":true,"href":"https:\/\/anoticiaonline.com.br\/site\/wp-json\/wp\/v2\/comments?post=53410"}],"version-history":[{"count":0,"href":"https:\/\/anoticiaonline.com.br\/site\/wp-json\/wp\/v2\/posts\/53410\/revisions"}],"wp:featuredmedia":[{"embeddable":true,"href":"https:\/\/anoticiaonline.com.br\/site\/wp-json\/wp\/v2\/media\/53432"}],"wp:attachment":[{"href":"https:\/\/anoticiaonline.com.br\/site\/wp-json\/wp\/v2\/media?parent=53410"}],"wp:term":[{"taxonomy":"category","embeddable":true,"href":"https:\/\/anoticiaonline.com.br\/site\/wp-json\/wp\/v2\/categories?post=53410"},{"taxonomy":"post_tag","embeddable":true,"href":"https:\/\/anoticiaonline.com.br\/site\/wp-json\/wp\/v2\/tags?post=53410"}],"curies":[{"name":"wp","href":"https:\/\/api.w.org\/{rel}","templated":true}]}}