{"id":5326,"date":"2015-10-29T16:23:32","date_gmt":"2015-10-29T19:23:32","guid":{"rendered":"http:\/\/anoticiaonline.com.br\/site\/?p=5326"},"modified":"2015-10-29T16:23:32","modified_gmt":"2015-10-29T19:23:32","slug":"oscar-lisboa","status":"publish","type":"post","link":"https:\/\/anoticiaonline.com.br\/site\/oscar-lisboa\/","title":{"rendered":"OSCAR LISB\u00d4A"},"content":{"rendered":"<p style=\"text-align: center;\"><strong>Nascido em 1902<\/strong><br \/>\n<strong>Falecido em 20 de fevereiro de 1957<\/strong><\/p>\n<p><a href=\"https:\/\/anoticiaonline.com.br\/site\/wp-content\/uploads\/2015\/10\/oscar-lisboa.jpg\"><img fetchpriority=\"high\" decoding=\"async\" class=\" size-medium wp-image-5327 alignleft\" src=\"https:\/\/anoticiaonline.com.br\/site\/wp-content\/uploads\/2015\/10\/oscar-lisboa-242x300.jpg\" alt=\"oscar lisboa\" width=\"242\" height=\"300\" srcset=\"https:\/\/anoticiaonline.com.br\/site\/wp-content\/uploads\/2015\/10\/oscar-lisboa-242x300.jpg 242w, https:\/\/anoticiaonline.com.br\/site\/wp-content\/uploads\/2015\/10\/oscar-lisboa.jpg 517w\" sizes=\"(max-width: 242px) 100vw, 242px\" \/><\/a>Oscar Lisb\u00f4a nasceu em Patroc\u00ednio do Muria\u00e9. Era filho do Comendador Lisb\u00f4a e de Maria Regina Lisboa. Foi casado com Arlete Freitas Silva Lisb\u00f4a, com quem teve os seguintes filhos: Oscar, Efig\u00eania Maria e N\u00e9lia Maria. Exerceu o cargo de Coletor do Munic\u00edpio de Miradouro, onde tamb\u00e9m foi interventor. Era Escriv\u00e3o da Coletoria Estadual em Muria\u00e9, cargo que exerceu como a um sacerd\u00f3cio, a ele dando v\u00e1rios anos de sua vida, sempre preocupado em ser \u00fatil ao estado, sem prejudicar os direitos e interesses dos contribuintes. Foi um funcion\u00e1rio completo, um homem \u00e0s direitas, um manso de cora\u00e7\u00e3o.<\/p>\n<p>A Gazeta Municipal publicou, em 3 de mar\u00e7o de 1957, a seguinte nota quando de seu falecimento:<\/p>\n<p>&#8220;(&#8230;) Oscar Lisb\u00f4a era um homem extraordinariamente bom. Todos quantos dele se aproximavam tornavam-se seus grandes amigos. Preocupava-se ele em fazer o bem. Alegre, sincero, tolerante e afetivo, o querido morto deixa um vasto c\u00edrculo de estima e de admira\u00e7\u00e3o. A essas virtudes, deve-se somar a paci\u00eancia e a resigna\u00e7\u00e3o que o tornaram ainda maior aos olhos de quantos o visitaram no longo per\u00edodo de sua enfermidade.<\/p>\n<p>No exerc\u00edcio de suas delicadas fun\u00e7\u00f5es de representante do fisco estadual, como no desempenho da presid\u00eancia do Muria\u00e9 T\u00eanis Clube e do Rotary Clube, a sua capacidade de trabalho e a sua honradez, fizeram-no merecedor de aplausos gerais. Todos os movimentos filantr\u00f3picos e esportivos da cidade contavam invariavelmente com a sua ajuda eficiente e os movimentos de cunho religioso, tinham na sua pessoa de cat\u00f3lico praticante, um defensor sincero.<\/p>\n<p>(&#8230;) Sobreviveu-lhe os seguintes irm\u00e3os: Concei\u00e7\u00e3o Lisb\u00f4a Oliveira, vi\u00fava, residente em S\u00e3o Paulo; Doutor Manoel Martins Lisb\u00f4a J\u00fanior, advogado nesta Comarca; Stela Lisb\u00f4a Martins, casada com Benjamim Martins, residente em Niter\u00f3i; Regina Lisb\u00f4a Lyrio, casada com o Doutor Dermeval Lyrio, Juiz de Direito em Vit\u00f3ria; Cristovam C. Lisboa, farmac\u00eautico, e a senhorita Rosa Branca Lisb\u00f4a, residentes no Rio de Janeiro.<\/p>\n<p>Desaparece Oscar Lisb\u00f4a aos cinq\u00fcenta e cinco anos de idade.&#8221;<\/p>\n<p>No mesmo n\u00famero do jornal, seu irm\u00e3o Manoel Martins Lisb\u00f4a J\u00fanior, que escrevia a cr\u00f4nica humor\u00edstica intitulada &#8220;FARPAS&#8221;, sob o pseud\u00f4nimo de Jo\u00e3o da Grota, despediu-se dele com uma homenagem.<\/p>\n","protected":false},"excerpt":{"rendered":"<p>Nascido em 1902 Falecido em 20 de fevereiro de 1957 Oscar Lisb\u00f4a nasceu em Patroc\u00ednio do Muria\u00e9. Era filho do Comendador Lisb\u00f4a e de Maria Regina Lisboa. Foi casado com Arlete Freitas Silva Lisb\u00f4a, com quem teve os seguintes filhos: Oscar, Efig\u00eania Maria e N\u00e9lia Maria. Exerceu o cargo de Coletor do Munic\u00edpio de Miradouro, &#8230; <a title=\"OSCAR LISB\u00d4A\" class=\"read-more\" href=\"https:\/\/anoticiaonline.com.br\/site\/oscar-lisboa\/\" aria-label=\"Read more about OSCAR LISB\u00d4A\">Ler mais<\/a><\/p>\n","protected":false},"author":2,"featured_media":0,"comment_status":"open","ping_status":"open","sticky":false,"template":"","format":"standard","meta":{"_acf_changed":false,"_monsterinsights_skip_tracking":false,"footnotes":""},"categories":[35],"tags":[],"class_list":["post-5326","post","type-post","status-publish","format-standard","hentry","category-nomes-da-nossa-terra-joao-carlos-vargas-e-flavia-alves-junqueira-memorial-municipal-de-muriae"],"acf":[],"aioseo_notices":[],"aioseo_head":"\n\t\t<!-- All in One SEO 5.0.0.1 - aioseo.com -->\n\t<meta name=\"description\" content=\"Nascido em 1902 Falecido em 20 de fevereiro de 1957 Oscar Lisb\u00f4a nasceu em Patroc\u00ednio do Muria\u00e9. Era filho do Comendador Lisb\u00f4a e de Maria Regina Lisboa. Foi casado com Arlete Freitas Silva Lisb\u00f4a, com quem teve os seguintes filhos: Oscar, Efig\u00eania Maria e N\u00e9lia Maria. Exerceu o cargo de Coletor do Munic\u00edpio de Miradouro,\" \/>\n\t<meta name=\"robots\" content=\"max-image-preview:large\" \/>\n\t<meta name=\"author\" content=\"Juliana Laviola\"\/>\n\t<link rel=\"canonical\" href=\"https:\/\/anoticiaonline.com.br\/site\/oscar-lisboa\/\" \/>\n\t<meta name=\"generator\" content=\"All in One SEO (AIOSEO) 5.0.0.1\" \/>\n\t\t<meta property=\"og:locale\" content=\"pt_BR\" \/>\n\t\t<meta property=\"og:site_name\" content=\"A Not\u00edcia Online - Noticias de Muria\u00e9 e regi\u00e3o\" \/>\n\t\t<meta property=\"og:type\" content=\"article\" \/>\n\t\t<meta property=\"og:title\" content=\"OSCAR LISB\u00d4A - A Not\u00edcia Online\" \/>\n\t\t<meta property=\"og:description\" content=\"Nascido em 1902 Falecido em 20 de fevereiro de 1957 Oscar Lisb\u00f4a nasceu em Patroc\u00ednio do Muria\u00e9. Era filho do Comendador Lisb\u00f4a e de Maria Regina Lisboa. Foi casado com Arlete Freitas Silva Lisb\u00f4a, com quem teve os seguintes filhos: Oscar, Efig\u00eania Maria e N\u00e9lia Maria. Exerceu o cargo de Coletor do Munic\u00edpio de Miradouro,\" \/>\n\t\t<meta property=\"og:url\" content=\"https:\/\/anoticiaonline.com.br\/site\/oscar-lisboa\/\" \/>\n\t\t<meta property=\"og:image\" content=\"https:\/\/scontent-gig4-1.xx.fbcdn.net\/v\/t39.30808-1\/270437624_4564083193639691_6907940295614233970_n.jpg?stp=dst-jpg_s200x200_tt6&#038;_nc_cat=111&#038;ccb=1-7&#038;_nc_sid=f907e8&#038;_nc_ohc=SM1wRlP3lJwQ7kNvwEPuBYA&#038;_nc_oc=AdnqrjDN_BNjSSHWO-GbkIWH6fkGMLw4bqvL_NH6e2wMveX7G-rP2dAqsDSq1mJMOaY&#038;_nc_zt=24&#038;_nc_ht=scontent-gig4-1.xx&#038;_nc_gid=AoBFJeGrT1hVaew_6rchkQ&#038;oh=00_AfX7QmFGhQhG2jAllVgXCiM1ZrWgvtp80-Bfppyexh1QEg&#038;oe=689E923C\" \/>\n\t\t<meta property=\"og:image:secure_url\" content=\"https:\/\/scontent-gig4-1.xx.fbcdn.net\/v\/t39.30808-1\/270437624_4564083193639691_6907940295614233970_n.jpg?stp=dst-jpg_s200x200_tt6&#038;_nc_cat=111&#038;ccb=1-7&#038;_nc_sid=f907e8&#038;_nc_ohc=SM1wRlP3lJwQ7kNvwEPuBYA&#038;_nc_oc=AdnqrjDN_BNjSSHWO-GbkIWH6fkGMLw4bqvL_NH6e2wMveX7G-rP2dAqsDSq1mJMOaY&#038;_nc_zt=24&#038;_nc_ht=scontent-gig4-1.xx&#038;_nc_gid=AoBFJeGrT1hVaew_6rchkQ&#038;oh=00_AfX7QmFGhQhG2jAllVgXCiM1ZrWgvtp80-Bfppyexh1QEg&#038;oe=689E923C\" \/>\n\t\t<meta property=\"article:published_time\" content=\"2015-10-29T19:23:32+00:00\" \/>\n\t\t<meta property=\"article:modified_time\" content=\"2015-10-29T19:23:32+00:00\" \/>\n\t\t<meta name=\"twitter:card\" content=\"summary_large_image\" \/>\n\t\t<meta name=\"twitter:title\" content=\"OSCAR LISB\u00d4A - A Not\u00edcia Online\" \/>\n\t\t<meta name=\"twitter:description\" content=\"Nascido em 1902 Falecido em 20 de fevereiro de 1957 Oscar Lisb\u00f4a nasceu em Patroc\u00ednio do Muria\u00e9. Era filho do Comendador Lisb\u00f4a e de Maria Regina Lisboa. Foi casado com Arlete Freitas Silva Lisb\u00f4a, com quem teve os seguintes filhos: Oscar, Efig\u00eania Maria e N\u00e9lia Maria. Exerceu o cargo de Coletor do Munic\u00edpio de Miradouro,\" \/>\n\t\t<meta name=\"twitter:image\" content=\"https:\/\/scontent-gig4-1.xx.fbcdn.net\/v\/t39.30808-1\/270437624_4564083193639691_6907940295614233970_n.jpg?stp=dst-jpg_s200x200_tt6&amp;_nc_cat=111&amp;ccb=1-7&amp;_nc_sid=f907e8&amp;_nc_ohc=SM1wRlP3lJwQ7kNvwEPuBYA&amp;_nc_oc=AdnqrjDN_BNjSSHWO-GbkIWH6fkGMLw4bqvL_NH6e2wMveX7G-rP2dAqsDSq1mJMOaY&amp;_nc_zt=24&amp;_nc_ht=scontent-gig4-1.xx&amp;_nc_gid=AoBFJeGrT1hVaew_6rchkQ&amp;oh=00_AfX7QmFGhQhG2jAllVgXCiM1ZrWgvtp80-Bfppyexh1QEg&amp;oe=689E923C\" \/>\n\t\t<script type=\"application\/ld+json\" class=\"aioseo-schema\">\n\t\t\t{\"@context\":\"https:\\\/\\\/schema.org\",\"@graph\":[{\"@type\":\"BlogPosting\",\"@id\":\"https:\\\/\\\/anoticiaonline.com.br\\\/site\\\/oscar-lisboa\\\/#blogposting\",\"name\":\"OSCAR LISB\\u00d4A - A Not\\u00edcia Online\",\"headline\":\"OSCAR LISB\\u00d4A\",\"author\":{\"@id\":\"https:\\\/\\\/anoticiaonline.com.br\\\/site\\\/author\\\/juliana\\\/#author\"},\"publisher\":{\"@id\":\"https:\\\/\\\/anoticiaonline.com.br\\\/site\\\/#organization\"},\"image\":{\"@type\":\"ImageObject\",\"url\":\"http:\\\/\\\/anoticiaonline.com.br\\\/site\\\/wp-content\\\/uploads\\\/2015\\\/10\\\/oscar-lisboa-242x300.jpg\",\"@id\":\"https:\\\/\\\/anoticiaonline.com.br\\\/site\\\/oscar-lisboa\\\/#articleImage\"},\"datePublished\":\"2015-10-29T16:23:32-03:00\",\"dateModified\":\"2015-10-29T16:23:32-03:00\",\"inLanguage\":\"pt-BR\",\"mainEntityOfPage\":{\"@id\":\"https:\\\/\\\/anoticiaonline.com.br\\\/site\\\/oscar-lisboa\\\/#webpage\"},\"isPartOf\":{\"@id\":\"https:\\\/\\\/anoticiaonline.com.br\\\/site\\\/oscar-lisboa\\\/#webpage\"},\"articleSection\":\"Nomes da Nossa Terra - Jo\\u00e3o Carlos Vargas e Fl\\u00e1via Alves Junqueira - Memorial Municipal de Muria\\u00e9\"},{\"@type\":\"BreadcrumbList\",\"@id\":\"https:\\\/\\\/anoticiaonline.com.br\\\/site\\\/oscar-lisboa\\\/#breadcrumblist\",\"itemListElement\":[{\"@type\":\"ListItem\",\"@id\":\"https:\\\/\\\/anoticiaonline.com.br\\\/site#listItem\",\"position\":1,\"name\":\"Home\",\"item\":\"https:\\\/\\\/anoticiaonline.com.br\\\/site\",\"nextItem\":{\"@type\":\"ListItem\",\"@id\":\"https:\\\/\\\/anoticiaonline.com.br\\\/site\\\/categoria\\\/colunistas\\\/#listItem\",\"name\":\"Colunistas\"}},{\"@type\":\"ListItem\",\"@id\":\"https:\\\/\\\/anoticiaonline.com.br\\\/site\\\/categoria\\\/colunistas\\\/#listItem\",\"position\":2,\"name\":\"Colunistas\",\"item\":\"https:\\\/\\\/anoticiaonline.com.br\\\/site\\\/categoria\\\/colunistas\\\/\",\"nextItem\":{\"@type\":\"ListItem\",\"@id\":\"https:\\\/\\\/anoticiaonline.com.br\\\/site\\\/categoria\\\/colunistas\\\/nomes-da-nossa-terra-joao-carlos-vargas-e-flavia-alves-junqueira-memorial-municipal-de-muriae\\\/#listItem\",\"name\":\"Nomes da Nossa Terra - Jo\\u00e3o Carlos Vargas e Fl\\u00e1via Alves Junqueira - Memorial Municipal de Muria\\u00e9\"},\"previousItem\":{\"@type\":\"ListItem\",\"@id\":\"https:\\\/\\\/anoticiaonline.com.br\\\/site#listItem\",\"name\":\"Home\"}},{\"@type\":\"ListItem\",\"@id\":\"https:\\\/\\\/anoticiaonline.com.br\\\/site\\\/categoria\\\/colunistas\\\/nomes-da-nossa-terra-joao-carlos-vargas-e-flavia-alves-junqueira-memorial-municipal-de-muriae\\\/#listItem\",\"position\":3,\"name\":\"Nomes da Nossa Terra - Jo\\u00e3o Carlos Vargas e Fl\\u00e1via Alves Junqueira - Memorial Municipal de Muria\\u00e9\",\"item\":\"https:\\\/\\\/anoticiaonline.com.br\\\/site\\\/categoria\\\/colunistas\\\/nomes-da-nossa-terra-joao-carlos-vargas-e-flavia-alves-junqueira-memorial-municipal-de-muriae\\\/\",\"nextItem\":{\"@type\":\"ListItem\",\"@id\":\"https:\\\/\\\/anoticiaonline.com.br\\\/site\\\/oscar-lisboa\\\/#listItem\",\"name\":\"OSCAR LISB\\u00d4A\"},\"previousItem\":{\"@type\":\"ListItem\",\"@id\":\"https:\\\/\\\/anoticiaonline.com.br\\\/site\\\/categoria\\\/colunistas\\\/#listItem\",\"name\":\"Colunistas\"}},{\"@type\":\"ListItem\",\"@id\":\"https:\\\/\\\/anoticiaonline.com.br\\\/site\\\/oscar-lisboa\\\/#listItem\",\"position\":4,\"name\":\"OSCAR LISB\\u00d4A\",\"previousItem\":{\"@type\":\"ListItem\",\"@id\":\"https:\\\/\\\/anoticiaonline.com.br\\\/site\\\/categoria\\\/colunistas\\\/nomes-da-nossa-terra-joao-carlos-vargas-e-flavia-alves-junqueira-memorial-municipal-de-muriae\\\/#listItem\",\"name\":\"Nomes da Nossa Terra - Jo\\u00e3o Carlos Vargas e Fl\\u00e1via Alves Junqueira - Memorial Municipal de Muria\\u00e9\"}}]},{\"@type\":\"Organization\",\"@id\":\"https:\\\/\\\/anoticiaonline.com.br\\\/site\\\/#organization\",\"name\":\"A Not\\u00edcia Online\",\"description\":\"Noticias de Muria\\u00e9 e regi\\u00e3o\",\"url\":\"https:\\\/\\\/anoticiaonline.com.br\\\/site\\\/\",\"logo\":{\"@type\":\"ImageObject\",\"url\":\"https:\\\/\\\/scontent-gig4-1.xx.fbcdn.net\\\/v\\\/t39.30808-1\\\/270437624_4564083193639691_6907940295614233970_n.jpg?stp=dst-jpg_s200x200_tt6&_nc_cat=111&ccb=1-7&_nc_sid=f907e8&_nc_ohc=SM1wRlP3lJwQ7kNvwEPuBYA&_nc_oc=AdnqrjDN_BNjSSHWO-GbkIWH6fkGMLw4bqvL_NH6e2wMveX7G-rP2dAqsDSq1mJMOaY&_nc_zt=24&_nc_ht=scontent-gig4-1.xx&_nc_gid=AoBFJeGrT1hVaew_6rchkQ&oh=00_AfX7QmFGhQhG2jAllVgXCiM1ZrWgvtp80-Bfppyexh1QEg&oe=689E923C\",\"@id\":\"https:\\\/\\\/anoticiaonline.com.br\\\/site\\\/oscar-lisboa\\\/#organizationLogo\"},\"image\":{\"@id\":\"https:\\\/\\\/anoticiaonline.com.br\\\/site\\\/oscar-lisboa\\\/#organizationLogo\"}},{\"@type\":\"Person\",\"@id\":\"https:\\\/\\\/anoticiaonline.com.br\\\/site\\\/author\\\/juliana\\\/#author\",\"url\":\"https:\\\/\\\/anoticiaonline.com.br\\\/site\\\/author\\\/juliana\\\/\",\"name\":\"Juliana Laviola\",\"image\":{\"@type\":\"ImageObject\",\"@id\":\"https:\\\/\\\/anoticiaonline.com.br\\\/site\\\/oscar-lisboa\\\/#authorImage\",\"url\":\"https:\\\/\\\/secure.gravatar.com\\\/avatar\\\/b8d45f5c699b100dfaf0e543582f38f38bf94cb7ae3a5e9abf8d891a34773335?s=96&d=mm&r=g\",\"width\":96,\"height\":96,\"caption\":\"Juliana Laviola\"}},{\"@type\":\"WebPage\",\"@id\":\"https:\\\/\\\/anoticiaonline.com.br\\\/site\\\/oscar-lisboa\\\/#webpage\",\"url\":\"https:\\\/\\\/anoticiaonline.com.br\\\/site\\\/oscar-lisboa\\\/\",\"name\":\"OSCAR LISB\\u00d4A - A Not\\u00edcia Online\",\"description\":\"Nascido em 1902 Falecido em 20 de fevereiro de 1957 Oscar Lisb\\u00f4a nasceu em Patroc\\u00ednio do Muria\\u00e9. Era filho do Comendador Lisb\\u00f4a e de Maria Regina Lisboa. Foi casado com Arlete Freitas Silva Lisb\\u00f4a, com quem teve os seguintes filhos: Oscar, Efig\\u00eania Maria e N\\u00e9lia Maria. Exerceu o cargo de Coletor do Munic\\u00edpio de Miradouro,\",\"inLanguage\":\"pt-BR\",\"isPartOf\":{\"@id\":\"https:\\\/\\\/anoticiaonline.com.br\\\/site\\\/#website\"},\"breadcrumb\":{\"@id\":\"https:\\\/\\\/anoticiaonline.com.br\\\/site\\\/oscar-lisboa\\\/#breadcrumblist\"},\"author\":{\"@id\":\"https:\\\/\\\/anoticiaonline.com.br\\\/site\\\/author\\\/juliana\\\/#author\"},\"creator\":{\"@id\":\"https:\\\/\\\/anoticiaonline.com.br\\\/site\\\/author\\\/juliana\\\/#author\"},\"datePublished\":\"2015-10-29T16:23:32-03:00\",\"dateModified\":\"2015-10-29T16:23:32-03:00\"},{\"@type\":\"WebSite\",\"@id\":\"https:\\\/\\\/anoticiaonline.com.br\\\/site\\\/#website\",\"url\":\"https:\\\/\\\/anoticiaonline.com.br\\\/site\\\/\",\"name\":\"A Not\\u00edcia Online\",\"description\":\"Noticias de Muria\\u00e9 e regi\\u00e3o\",\"inLanguage\":\"pt-BR\",\"publisher\":{\"@id\":\"https:\\\/\\\/anoticiaonline.com.br\\\/site\\\/#organization\"}}]}\n\t\t<\/script>\n\t\t<!-- All in One SEO -->\n\n","aioseo_head_json":{"title":"OSCAR LISB\u00d4A - A Not\u00edcia Online","description":"Nascido em 1902 Falecido em 20 de fevereiro de 1957 Oscar Lisb\u00f4a nasceu em Patroc\u00ednio do Muria\u00e9. Era filho do Comendador Lisb\u00f4a e de Maria Regina Lisboa. Foi casado com Arlete Freitas Silva Lisb\u00f4a, com quem teve os seguintes filhos: Oscar, Efig\u00eania Maria e N\u00e9lia Maria. Exerceu o cargo de Coletor do Munic\u00edpio de Miradouro,","canonical_url":"https:\/\/anoticiaonline.com.br\/site\/oscar-lisboa\/","robots":"max-image-preview:large","keywords":"","webmasterTools":{"miscellaneous":""},"schema":{"@context":"https:\/\/schema.org","@graph":[{"@type":"BlogPosting","@id":"https:\/\/anoticiaonline.com.br\/site\/oscar-lisboa\/#blogposting","name":"OSCAR LISB\u00d4A - A Not\u00edcia Online","headline":"OSCAR LISB\u00d4A","author":{"@id":"https:\/\/anoticiaonline.com.br\/site\/author\/juliana\/#author"},"publisher":{"@id":"https:\/\/anoticiaonline.com.br\/site\/#organization"},"image":{"@type":"ImageObject","url":"http:\/\/anoticiaonline.com.br\/site\/wp-content\/uploads\/2015\/10\/oscar-lisboa-242x300.jpg","@id":"https:\/\/anoticiaonline.com.br\/site\/oscar-lisboa\/#articleImage"},"datePublished":"2015-10-29T16:23:32-03:00","dateModified":"2015-10-29T16:23:32-03:00","inLanguage":"pt-BR","mainEntityOfPage":{"@id":"https:\/\/anoticiaonline.com.br\/site\/oscar-lisboa\/#webpage"},"isPartOf":{"@id":"https:\/\/anoticiaonline.com.br\/site\/oscar-lisboa\/#webpage"},"articleSection":"Nomes da Nossa Terra - Jo\u00e3o Carlos Vargas e Fl\u00e1via Alves Junqueira - Memorial Municipal de Muria\u00e9"},{"@type":"BreadcrumbList","@id":"https:\/\/anoticiaonline.com.br\/site\/oscar-lisboa\/#breadcrumblist","itemListElement":[{"@type":"ListItem","@id":"https:\/\/anoticiaonline.com.br\/site#listItem","position":1,"name":"Home","item":"https:\/\/anoticiaonline.com.br\/site","nextItem":{"@type":"ListItem","@id":"https:\/\/anoticiaonline.com.br\/site\/categoria\/colunistas\/#listItem","name":"Colunistas"}},{"@type":"ListItem","@id":"https:\/\/anoticiaonline.com.br\/site\/categoria\/colunistas\/#listItem","position":2,"name":"Colunistas","item":"https:\/\/anoticiaonline.com.br\/site\/categoria\/colunistas\/","nextItem":{"@type":"ListItem","@id":"https:\/\/anoticiaonline.com.br\/site\/categoria\/colunistas\/nomes-da-nossa-terra-joao-carlos-vargas-e-flavia-alves-junqueira-memorial-municipal-de-muriae\/#listItem","name":"Nomes da Nossa Terra - Jo\u00e3o Carlos Vargas e Fl\u00e1via Alves Junqueira - Memorial Municipal de Muria\u00e9"},"previousItem":{"@type":"ListItem","@id":"https:\/\/anoticiaonline.com.br\/site#listItem","name":"Home"}},{"@type":"ListItem","@id":"https:\/\/anoticiaonline.com.br\/site\/categoria\/colunistas\/nomes-da-nossa-terra-joao-carlos-vargas-e-flavia-alves-junqueira-memorial-municipal-de-muriae\/#listItem","position":3,"name":"Nomes da Nossa Terra - Jo\u00e3o Carlos Vargas e Fl\u00e1via Alves Junqueira - Memorial Municipal de Muria\u00e9","item":"https:\/\/anoticiaonline.com.br\/site\/categoria\/colunistas\/nomes-da-nossa-terra-joao-carlos-vargas-e-flavia-alves-junqueira-memorial-municipal-de-muriae\/","nextItem":{"@type":"ListItem","@id":"https:\/\/anoticiaonline.com.br\/site\/oscar-lisboa\/#listItem","name":"OSCAR LISB\u00d4A"},"previousItem":{"@type":"ListItem","@id":"https:\/\/anoticiaonline.com.br\/site\/categoria\/colunistas\/#listItem","name":"Colunistas"}},{"@type":"ListItem","@id":"https:\/\/anoticiaonline.com.br\/site\/oscar-lisboa\/#listItem","position":4,"name":"OSCAR LISB\u00d4A","previousItem":{"@type":"ListItem","@id":"https:\/\/anoticiaonline.com.br\/site\/categoria\/colunistas\/nomes-da-nossa-terra-joao-carlos-vargas-e-flavia-alves-junqueira-memorial-municipal-de-muriae\/#listItem","name":"Nomes da Nossa Terra - Jo\u00e3o Carlos Vargas e Fl\u00e1via Alves Junqueira - Memorial Municipal de Muria\u00e9"}}]},{"@type":"Organization","@id":"https:\/\/anoticiaonline.com.br\/site\/#organization","name":"A Not\u00edcia Online","description":"Noticias de Muria\u00e9 e regi\u00e3o","url":"https:\/\/anoticiaonline.com.br\/site\/","logo":{"@type":"ImageObject","url":"https:\/\/scontent-gig4-1.xx.fbcdn.net\/v\/t39.30808-1\/270437624_4564083193639691_6907940295614233970_n.jpg?stp=dst-jpg_s200x200_tt6&_nc_cat=111&ccb=1-7&_nc_sid=f907e8&_nc_ohc=SM1wRlP3lJwQ7kNvwEPuBYA&_nc_oc=AdnqrjDN_BNjSSHWO-GbkIWH6fkGMLw4bqvL_NH6e2wMveX7G-rP2dAqsDSq1mJMOaY&_nc_zt=24&_nc_ht=scontent-gig4-1.xx&_nc_gid=AoBFJeGrT1hVaew_6rchkQ&oh=00_AfX7QmFGhQhG2jAllVgXCiM1ZrWgvtp80-Bfppyexh1QEg&oe=689E923C","@id":"https:\/\/anoticiaonline.com.br\/site\/oscar-lisboa\/#organizationLogo"},"image":{"@id":"https:\/\/anoticiaonline.com.br\/site\/oscar-lisboa\/#organizationLogo"}},{"@type":"Person","@id":"https:\/\/anoticiaonline.com.br\/site\/author\/juliana\/#author","url":"https:\/\/anoticiaonline.com.br\/site\/author\/juliana\/","name":"Juliana Laviola","image":{"@type":"ImageObject","@id":"https:\/\/anoticiaonline.com.br\/site\/oscar-lisboa\/#authorImage","url":"https:\/\/secure.gravatar.com\/avatar\/b8d45f5c699b100dfaf0e543582f38f38bf94cb7ae3a5e9abf8d891a34773335?s=96&d=mm&r=g","width":96,"height":96,"caption":"Juliana Laviola"}},{"@type":"WebPage","@id":"https:\/\/anoticiaonline.com.br\/site\/oscar-lisboa\/#webpage","url":"https:\/\/anoticiaonline.com.br\/site\/oscar-lisboa\/","name":"OSCAR LISB\u00d4A - A Not\u00edcia Online","description":"Nascido em 1902 Falecido em 20 de fevereiro de 1957 Oscar Lisb\u00f4a nasceu em Patroc\u00ednio do Muria\u00e9. Era filho do Comendador Lisb\u00f4a e de Maria Regina Lisboa. Foi casado com Arlete Freitas Silva Lisb\u00f4a, com quem teve os seguintes filhos: Oscar, Efig\u00eania Maria e N\u00e9lia Maria. Exerceu o cargo de Coletor do Munic\u00edpio de Miradouro,","inLanguage":"pt-BR","isPartOf":{"@id":"https:\/\/anoticiaonline.com.br\/site\/#website"},"breadcrumb":{"@id":"https:\/\/anoticiaonline.com.br\/site\/oscar-lisboa\/#breadcrumblist"},"author":{"@id":"https:\/\/anoticiaonline.com.br\/site\/author\/juliana\/#author"},"creator":{"@id":"https:\/\/anoticiaonline.com.br\/site\/author\/juliana\/#author"},"datePublished":"2015-10-29T16:23:32-03:00","dateModified":"2015-10-29T16:23:32-03:00"},{"@type":"WebSite","@id":"https:\/\/anoticiaonline.com.br\/site\/#website","url":"https:\/\/anoticiaonline.com.br\/site\/","name":"A Not\u00edcia Online","description":"Noticias de Muria\u00e9 e regi\u00e3o","inLanguage":"pt-BR","publisher":{"@id":"https:\/\/anoticiaonline.com.br\/site\/#organization"}}]},"og:locale":"pt_BR","og:site_name":"A Not\u00edcia Online - Noticias de Muria\u00e9 e regi\u00e3o","og:type":"article","og:title":"OSCAR LISB\u00d4A - A Not\u00edcia Online","og:description":"Nascido em 1902 Falecido em 20 de fevereiro de 1957 Oscar Lisb\u00f4a nasceu em Patroc\u00ednio do Muria\u00e9. Era filho do Comendador Lisb\u00f4a e de Maria Regina Lisboa. Foi casado com Arlete Freitas Silva Lisb\u00f4a, com quem teve os seguintes filhos: Oscar, Efig\u00eania Maria e N\u00e9lia Maria. Exerceu o cargo de Coletor do Munic\u00edpio de Miradouro,","og:url":"https:\/\/anoticiaonline.com.br\/site\/oscar-lisboa\/","og:image":"https:\/\/scontent-gig4-1.xx.fbcdn.net\/v\/t39.30808-1\/270437624_4564083193639691_6907940295614233970_n.jpg?stp=dst-jpg_s200x200_tt6&#038;_nc_cat=111&#038;ccb=1-7&#038;_nc_sid=f907e8&#038;_nc_ohc=SM1wRlP3lJwQ7kNvwEPuBYA&#038;_nc_oc=AdnqrjDN_BNjSSHWO-GbkIWH6fkGMLw4bqvL_NH6e2wMveX7G-rP2dAqsDSq1mJMOaY&#038;_nc_zt=24&#038;_nc_ht=scontent-gig4-1.xx&#038;_nc_gid=AoBFJeGrT1hVaew_6rchkQ&#038;oh=00_AfX7QmFGhQhG2jAllVgXCiM1ZrWgvtp80-Bfppyexh1QEg&#038;oe=689E923C","og:image:secure_url":"https:\/\/scontent-gig4-1.xx.fbcdn.net\/v\/t39.30808-1\/270437624_4564083193639691_6907940295614233970_n.jpg?stp=dst-jpg_s200x200_tt6&#038;_nc_cat=111&#038;ccb=1-7&#038;_nc_sid=f907e8&#038;_nc_ohc=SM1wRlP3lJwQ7kNvwEPuBYA&#038;_nc_oc=AdnqrjDN_BNjSSHWO-GbkIWH6fkGMLw4bqvL_NH6e2wMveX7G-rP2dAqsDSq1mJMOaY&#038;_nc_zt=24&#038;_nc_ht=scontent-gig4-1.xx&#038;_nc_gid=AoBFJeGrT1hVaew_6rchkQ&#038;oh=00_AfX7QmFGhQhG2jAllVgXCiM1ZrWgvtp80-Bfppyexh1QEg&#038;oe=689E923C","article:published_time":"2015-10-29T19:23:32+00:00","article:modified_time":"2015-10-29T19:23:32+00:00","twitter:card":"summary_large_image","twitter:title":"OSCAR LISB\u00d4A - A Not\u00edcia Online","twitter:description":"Nascido em 1902 Falecido em 20 de fevereiro de 1957 Oscar Lisb\u00f4a nasceu em Patroc\u00ednio do Muria\u00e9. Era filho do Comendador Lisb\u00f4a e de Maria Regina Lisboa. Foi casado com Arlete Freitas Silva Lisb\u00f4a, com quem teve os seguintes filhos: Oscar, Efig\u00eania Maria e N\u00e9lia Maria. Exerceu o cargo de Coletor do Munic\u00edpio de Miradouro,","twitter:image":"https:\/\/scontent-gig4-1.xx.fbcdn.net\/v\/t39.30808-1\/270437624_4564083193639691_6907940295614233970_n.jpg?stp=dst-jpg_s200x200_tt6&_nc_cat=111&ccb=1-7&_nc_sid=f907e8&_nc_ohc=SM1wRlP3lJwQ7kNvwEPuBYA&_nc_oc=AdnqrjDN_BNjSSHWO-GbkIWH6fkGMLw4bqvL_NH6e2wMveX7G-rP2dAqsDSq1mJMOaY&_nc_zt=24&_nc_ht=scontent-gig4-1.xx&_nc_gid=AoBFJeGrT1hVaew_6rchkQ&oh=00_AfX7QmFGhQhG2jAllVgXCiM1ZrWgvtp80-Bfppyexh1QEg&oe=689E923C"},"aioseo_meta_data":{"post_id":"5326","title":null,"description":null,"keywords":null,"keyphrases":null,"primary_term":null,"canonical_url":null,"og_title":null,"og_description":null,"og_object_type":"default","og_image_type":"default","og_image_url":null,"og_image_width":null,"og_image_height":null,"og_image_custom_url":null,"og_image_custom_fields":null,"og_video":null,"og_custom_url":null,"og_article_section":null,"og_article_tags":null,"twitter_use_og":false,"twitter_card":"default","twitter_image_type":"default","twitter_image_url":null,"twitter_image_custom_url":null,"twitter_image_custom_fields":null,"twitter_title":null,"twitter_description":null,"schema":{"blockGraphs":[],"customGraphs":[],"default":{"data":{"Article":[],"Course":[],"Dataset":[],"FAQPage":[],"Movie":[],"Person":[],"Product":[],"ProductReview":[],"Car":[],"Recipe":[],"Service":[],"SoftwareApplication":[],"WebPage":[]},"graphName":"","isEnabled":true},"graphs":[]},"schema_type":"default","schema_type_options":null,"pillar_content":false,"robots_default":true,"robots_noindex":false,"robots_noarchive":false,"robots_nosnippet":false,"robots_nofollow":false,"robots_noimageindex":false,"robots_noodp":false,"robots_notranslate":false,"robots_max_snippet":null,"robots_max_videopreview":null,"robots_max_imagepreview":"large","priority":null,"frequency":null,"local_seo":null,"breadcrumb_settings":null,"limit_modified_date":false,"ai":null,"created":"2025-08-16 13:44:56","updated":"2025-08-16 13:44:56","focus_keyword":null,"additional_keywords":null,"truseo_locale":null,"seo_analyzer_scan_date":null},"aioseo_breadcrumb":"<div class=\"aioseo-breadcrumbs\"><span class=\"aioseo-breadcrumb\">\n\t\t\t<a href=\"https:\/\/anoticiaonline.com.br\/site\" title=\"Home\">Home<\/a>\n\t\t<\/span><span class=\"aioseo-breadcrumb-separator\">&raquo;<\/span><span class=\"aioseo-breadcrumb\">\n\t\t\t<a href=\"https:\/\/anoticiaonline.com.br\/site\/categoria\/colunistas\/\" title=\"Colunistas\">Colunistas<\/a>\n\t\t<\/span><span class=\"aioseo-breadcrumb-separator\">&raquo;<\/span><span class=\"aioseo-breadcrumb\">\n\t\t\t<a href=\"https:\/\/anoticiaonline.com.br\/site\/categoria\/colunistas\/nomes-da-nossa-terra-joao-carlos-vargas-e-flavia-alves-junqueira-memorial-municipal-de-muriae\/\" title=\"Nomes da Nossa Terra - Jo\u00e3o Carlos Vargas e Fl\u00e1via Alves Junqueira - Memorial Municipal de Muria\u00e9\">Nomes da Nossa Terra - Jo\u00e3o Carlos Vargas e Fl\u00e1via Alves Junqueira - Memorial Municipal de Muria\u00e9<\/a>\n\t\t<\/span><span class=\"aioseo-breadcrumb-separator\">&raquo;<\/span><span class=\"aioseo-breadcrumb\">\n\t\t\tOSCAR LISB\u00d4A\n\t\t<\/span><\/div>","aioseo_breadcrumb_json":[{"label":"Home","link":"https:\/\/anoticiaonline.com.br\/site"},{"label":"Colunistas","link":"https:\/\/anoticiaonline.com.br\/site\/categoria\/colunistas\/"},{"label":"Nomes da Nossa Terra - Jo\u00e3o Carlos Vargas e Fl\u00e1via Alves Junqueira - Memorial Municipal de Muria\u00e9","link":"https:\/\/anoticiaonline.com.br\/site\/categoria\/colunistas\/nomes-da-nossa-terra-joao-carlos-vargas-e-flavia-alves-junqueira-memorial-municipal-de-muriae\/"},{"label":"OSCAR LISB\u00d4A","link":"https:\/\/anoticiaonline.com.br\/site\/oscar-lisboa\/"}],"views":172,"_links":{"self":[{"href":"https:\/\/anoticiaonline.com.br\/site\/wp-json\/wp\/v2\/posts\/5326","targetHints":{"allow":["GET"]}}],"collection":[{"href":"https:\/\/anoticiaonline.com.br\/site\/wp-json\/wp\/v2\/posts"}],"about":[{"href":"https:\/\/anoticiaonline.com.br\/site\/wp-json\/wp\/v2\/types\/post"}],"author":[{"embeddable":true,"href":"https:\/\/anoticiaonline.com.br\/site\/wp-json\/wp\/v2\/users\/2"}],"replies":[{"embeddable":true,"href":"https:\/\/anoticiaonline.com.br\/site\/wp-json\/wp\/v2\/comments?post=5326"}],"version-history":[{"count":0,"href":"https:\/\/anoticiaonline.com.br\/site\/wp-json\/wp\/v2\/posts\/5326\/revisions"}],"wp:attachment":[{"href":"https:\/\/anoticiaonline.com.br\/site\/wp-json\/wp\/v2\/media?parent=5326"}],"wp:term":[{"taxonomy":"category","embeddable":true,"href":"https:\/\/anoticiaonline.com.br\/site\/wp-json\/wp\/v2\/categories?post=5326"},{"taxonomy":"post_tag","embeddable":true,"href":"https:\/\/anoticiaonline.com.br\/site\/wp-json\/wp\/v2\/tags?post=5326"}],"curies":[{"name":"wp","href":"https:\/\/api.w.org\/{rel}","templated":true}]}}