{"id":53259,"date":"2018-04-12T19:11:28","date_gmt":"2018-04-12T22:11:28","guid":{"rendered":"http:\/\/anoticiaonline.com.br\/site\/?p=53259"},"modified":"2018-04-12T19:13:16","modified_gmt":"2018-04-12T22:13:16","slug":"o-supremo-e-o-foro-privilegiado","status":"publish","type":"post","link":"https:\/\/anoticiaonline.com.br\/site\/o-supremo-e-o-foro-privilegiado\/","title":{"rendered":"O Supremo e o Foro Privilegiado"},"content":{"rendered":"<p>Francisco Laviola \u2013 12\/04\/2018<\/p>\n<p>Est\u00e1 nas m\u00e3os do Supremo Tribunal Federal (STF) mais uma quest\u00e3o pol\u00eamica para ser resolvida, e que, certamente, a sociedade estar\u00e1 acompanhando de perto: O julgamento a respeito do instituto do foro privilegiado.<\/p>\n<p>A ideia inicial deste privil\u00e9gio seria a prote\u00e7\u00e3o dos mandatos contra eventuais pr\u00e1ticas que aconteceram durante a ditadura militar, al\u00e9m de proteger o mandat\u00e1rio contra persegui\u00e7\u00f5es pol\u00edticas. Todavia, como sempre acontece no Brasil, tudo que se cria com algum objetivo legal, encontra-se logo pelo caminho as distor\u00e7\u00f5es interpretativas daqueles que querem, por algum interesse escuso, enxergar al\u00e9m do horizonte previsto. \u00c9 por isso que hoje o foro privilegiado \u00e9 t\u00e3o combatido pela sociedade, que o considera um escudo para proteger uma lera de autoridades corruptas com mandato em curso, gerando mais impunidade. Al\u00e9m disso, o instituto vem contribuindo de forma determinante para a morosidade da Justi\u00e7a, em fun\u00e7\u00e3o do alt\u00edssimo n\u00famero de processos colocados \u00e0 disposi\u00e7\u00e3o do STF.<\/p>\n<p>Para se ter uma ideia, pol\u00edticos que n\u00e3o foram alcan\u00e7ados pelo privil\u00e9gio do instituto, como S\u00e9rgio Cabral, Ant\u00f4nio Palocci, Delc\u00eddio do Amaral, Gedel Vieira Lima e outros, est\u00e3o presos. O caso mais recente e mais rumoroso da hist\u00f3ria Republicana, \u00e9 o do ex-presidente Lula, o poderoso l\u00edder das esquerdas e que hoje anda vendo \u201co sol nascer quadrado\u201d.<\/p>\n<p>As estat\u00edsticas mostram que os processos sem a prote\u00e7\u00e3o do instituto j\u00e1 produziram mais de 180 condena\u00e7\u00f5es e aqueles que s\u00e3o escoltados por essa prerrogativa, n\u00e3o produziram nenhuma senten\u00e7a at\u00e9 o momento, apesar das a\u00e7\u00f5es da Lava Jato. Pol\u00edticos que tem mandato em curso como os senadores Renan Calheiros, Gleisi Hoffmann, Romero Juc\u00e1, Fernando Collor e dezenas de outros que s\u00e3o indiciados ou j\u00e1 s\u00e3o r\u00e9us por improbidade administrativa ou por pr\u00e1ticas de corrup\u00e7\u00e3o, continuam livres, leves e soltos para continuarem a enganar o povo.<\/p>\n<p>Os notici\u00e1rios d\u00e3o conta de que ainda neste m\u00eas, o Supremo Tribunal Federal ir\u00e1 retomar o seu julgamento, que ficou paralisado desde que os ministros Alexandre de Morais e Dias Toffoli pediram vistas do processo e demoraram a devolv\u00ea-lo, sabe-se l\u00e1 com que intuito.<\/p>\n<p>Segundo as expectativas dos mais otimistas, se o Supremo decidir pela restri\u00e7\u00e3o do foro privilegiado, uma parte muito expressiva das a\u00e7\u00f5es penais que tramitam na Alta Corte, seriam devolvidas \u00e0 primeira inst\u00e2ncia. O resultado pr\u00e1tico desse ato seria desafogar o Supremo, o que tornaria os julgamentos dos processos remanescentes mais c\u00e9leres.<\/p>\n<p>Al\u00e9m disso, se o STF optar por restringir o foro privilegiado com rela\u00e7\u00e3o a deputados, senadores e at\u00e9 membros do pr\u00f3prio Judici\u00e1rio, certamente, estar\u00e1 resgatando um pouco da sua credibilidade perdida, depois das evidentes divis\u00f5es demonstradas e de julgados considerados pol\u00edticos, que arranharam sobremaneira a sua imagem junto \u00e0 opini\u00e3o p\u00fablica.<\/p>\n<p>Se os outros dois poderes j\u00e1 n\u00e3o gozam de credibilidade por causa das constantes descobertas de a\u00e7\u00f5es anti-republicanas, resta ao Poder Judici\u00e1rio, dentro das responsabilidades que lhe s\u00e3o afeitas, buscar a credibilidade perdida, para que a sociedade tenha um m\u00ednimo de esperan\u00e7a de que a impunidade e a corrup\u00e7\u00e3o sejam debeladas um dia. Esperemos, pois.<\/p>\n<p>&nbsp;<\/p>\n","protected":false},"excerpt":{"rendered":"<p>Francisco Laviola \u2013 12\/04\/2018 Est\u00e1 nas m\u00e3os do Supremo Tribunal Federal (STF) mais uma quest\u00e3o pol\u00eamica para ser resolvida, e que, certamente, a sociedade estar\u00e1 acompanhando de perto: O julgamento a respeito do instituto do foro privilegiado. A ideia inicial deste privil\u00e9gio seria a prote\u00e7\u00e3o dos mandatos contra eventuais pr\u00e1ticas que aconteceram durante a ditadura &#8230; <a title=\"O Supremo e o Foro Privilegiado\" class=\"read-more\" href=\"https:\/\/anoticiaonline.com.br\/site\/o-supremo-e-o-foro-privilegiado\/\" aria-label=\"Read more about O Supremo e o Foro Privilegiado\">Ler mais<\/a><\/p>\n","protected":false},"author":2,"featured_media":0,"comment_status":"open","ping_status":"open","sticky":false,"template":"","format":"standard","meta":{"_acf_changed":false,"_monsterinsights_skip_tracking":false,"footnotes":""},"categories":[33],"tags":[330,331,1742,1484],"class_list":["post-53259","post","type-post","status-publish","format-standard","hentry","category-politica-e-atualidades-francisco-laviola","tag-coluna","tag-francisco-laviola","tag-lula","tag-stf"],"acf":[],"aioseo_notices":[],"aioseo_head":"\n\t\t<!-- All in One SEO 5.0.0.1 - aioseo.com -->\n\t<meta name=\"description\" content=\"Francisco Laviola \u2013 12\/04\/2018 Est\u00e1 nas m\u00e3os do Supremo Tribunal Federal (STF) mais uma quest\u00e3o pol\u00eamica para ser resolvida, e que, certamente, a sociedade estar\u00e1 acompanhando de perto: O julgamento a respeito do instituto do foro privilegiado. A ideia inicial deste privil\u00e9gio seria a prote\u00e7\u00e3o dos mandatos contra eventuais pr\u00e1ticas que aconteceram durante a ditadura\" \/>\n\t<meta name=\"robots\" content=\"max-image-preview:large\" \/>\n\t<meta name=\"author\" content=\"Juliana Laviola\"\/>\n\t<link rel=\"canonical\" href=\"https:\/\/anoticiaonline.com.br\/site\/o-supremo-e-o-foro-privilegiado\/\" \/>\n\t<meta name=\"generator\" content=\"All in One SEO (AIOSEO) 5.0.0.1\" \/>\n\t\t<meta property=\"og:locale\" content=\"pt_BR\" \/>\n\t\t<meta property=\"og:site_name\" content=\"A Not\u00edcia Online - Noticias de Muria\u00e9 e regi\u00e3o\" \/>\n\t\t<meta property=\"og:type\" content=\"article\" \/>\n\t\t<meta property=\"og:title\" content=\"O Supremo e o Foro Privilegiado - A Not\u00edcia Online\" \/>\n\t\t<meta property=\"og:description\" content=\"Francisco Laviola \u2013 12\/04\/2018 Est\u00e1 nas m\u00e3os do Supremo Tribunal Federal (STF) mais uma quest\u00e3o pol\u00eamica para ser resolvida, e que, certamente, a sociedade estar\u00e1 acompanhando de perto: O julgamento a respeito do instituto do foro privilegiado. A ideia inicial deste privil\u00e9gio seria a prote\u00e7\u00e3o dos mandatos contra eventuais pr\u00e1ticas que aconteceram durante a ditadura\" \/>\n\t\t<meta property=\"og:url\" content=\"https:\/\/anoticiaonline.com.br\/site\/o-supremo-e-o-foro-privilegiado\/\" \/>\n\t\t<meta property=\"og:image\" content=\"https:\/\/scontent-gig4-1.xx.fbcdn.net\/v\/t39.30808-1\/270437624_4564083193639691_6907940295614233970_n.jpg?stp=dst-jpg_s200x200_tt6&#038;_nc_cat=111&#038;ccb=1-7&#038;_nc_sid=f907e8&#038;_nc_ohc=SM1wRlP3lJwQ7kNvwEPuBYA&#038;_nc_oc=AdnqrjDN_BNjSSHWO-GbkIWH6fkGMLw4bqvL_NH6e2wMveX7G-rP2dAqsDSq1mJMOaY&#038;_nc_zt=24&#038;_nc_ht=scontent-gig4-1.xx&#038;_nc_gid=AoBFJeGrT1hVaew_6rchkQ&#038;oh=00_AfX7QmFGhQhG2jAllVgXCiM1ZrWgvtp80-Bfppyexh1QEg&#038;oe=689E923C\" \/>\n\t\t<meta property=\"og:image:secure_url\" content=\"https:\/\/scontent-gig4-1.xx.fbcdn.net\/v\/t39.30808-1\/270437624_4564083193639691_6907940295614233970_n.jpg?stp=dst-jpg_s200x200_tt6&#038;_nc_cat=111&#038;ccb=1-7&#038;_nc_sid=f907e8&#038;_nc_ohc=SM1wRlP3lJwQ7kNvwEPuBYA&#038;_nc_oc=AdnqrjDN_BNjSSHWO-GbkIWH6fkGMLw4bqvL_NH6e2wMveX7G-rP2dAqsDSq1mJMOaY&#038;_nc_zt=24&#038;_nc_ht=scontent-gig4-1.xx&#038;_nc_gid=AoBFJeGrT1hVaew_6rchkQ&#038;oh=00_AfX7QmFGhQhG2jAllVgXCiM1ZrWgvtp80-Bfppyexh1QEg&#038;oe=689E923C\" \/>\n\t\t<meta property=\"article:published_time\" content=\"2018-04-12T22:11:28+00:00\" \/>\n\t\t<meta property=\"article:modified_time\" content=\"2018-04-12T22:13:16+00:00\" \/>\n\t\t<meta name=\"twitter:card\" content=\"summary_large_image\" \/>\n\t\t<meta name=\"twitter:title\" content=\"O Supremo e o Foro Privilegiado - A Not\u00edcia Online\" \/>\n\t\t<meta name=\"twitter:description\" content=\"Francisco Laviola \u2013 12\/04\/2018 Est\u00e1 nas m\u00e3os do Supremo Tribunal Federal (STF) mais uma quest\u00e3o pol\u00eamica para ser resolvida, e que, certamente, a sociedade estar\u00e1 acompanhando de perto: O julgamento a respeito do instituto do foro privilegiado. A ideia inicial deste privil\u00e9gio seria a prote\u00e7\u00e3o dos mandatos contra eventuais pr\u00e1ticas que aconteceram durante a ditadura\" \/>\n\t\t<meta name=\"twitter:image\" content=\"https:\/\/scontent-gig4-1.xx.fbcdn.net\/v\/t39.30808-1\/270437624_4564083193639691_6907940295614233970_n.jpg?stp=dst-jpg_s200x200_tt6&amp;_nc_cat=111&amp;ccb=1-7&amp;_nc_sid=f907e8&amp;_nc_ohc=SM1wRlP3lJwQ7kNvwEPuBYA&amp;_nc_oc=AdnqrjDN_BNjSSHWO-GbkIWH6fkGMLw4bqvL_NH6e2wMveX7G-rP2dAqsDSq1mJMOaY&amp;_nc_zt=24&amp;_nc_ht=scontent-gig4-1.xx&amp;_nc_gid=AoBFJeGrT1hVaew_6rchkQ&amp;oh=00_AfX7QmFGhQhG2jAllVgXCiM1ZrWgvtp80-Bfppyexh1QEg&amp;oe=689E923C\" \/>\n\t\t<script type=\"application\/ld+json\" class=\"aioseo-schema\">\n\t\t\t{\"@context\":\"https:\\\/\\\/schema.org\",\"@graph\":[{\"@type\":\"BlogPosting\",\"@id\":\"https:\\\/\\\/anoticiaonline.com.br\\\/site\\\/o-supremo-e-o-foro-privilegiado\\\/#blogposting\",\"name\":\"O Supremo e o Foro Privilegiado - A Not\\u00edcia Online\",\"headline\":\"O Supremo e o Foro Privilegiado\",\"author\":{\"@id\":\"https:\\\/\\\/anoticiaonline.com.br\\\/site\\\/author\\\/juliana\\\/#author\"},\"publisher\":{\"@id\":\"https:\\\/\\\/anoticiaonline.com.br\\\/site\\\/#organization\"},\"image\":{\"@type\":\"ImageObject\",\"url\":\"https:\\\/\\\/scontent-gig4-1.xx.fbcdn.net\\\/v\\\/t39.30808-1\\\/270437624_4564083193639691_6907940295614233970_n.jpg?stp=dst-jpg_s200x200_tt6&_nc_cat=111&ccb=1-7&_nc_sid=f907e8&_nc_ohc=SM1wRlP3lJwQ7kNvwEPuBYA&_nc_oc=AdnqrjDN_BNjSSHWO-GbkIWH6fkGMLw4bqvL_NH6e2wMveX7G-rP2dAqsDSq1mJMOaY&_nc_zt=24&_nc_ht=scontent-gig4-1.xx&_nc_gid=AoBFJeGrT1hVaew_6rchkQ&oh=00_AfX7QmFGhQhG2jAllVgXCiM1ZrWgvtp80-Bfppyexh1QEg&oe=689E923C\",\"@id\":\"https:\\\/\\\/anoticiaonline.com.br\\\/site\\\/#articleImage\"},\"datePublished\":\"2018-04-12T19:11:28-03:00\",\"dateModified\":\"2018-04-12T19:13:16-03:00\",\"inLanguage\":\"pt-BR\",\"mainEntityOfPage\":{\"@id\":\"https:\\\/\\\/anoticiaonline.com.br\\\/site\\\/o-supremo-e-o-foro-privilegiado\\\/#webpage\"},\"isPartOf\":{\"@id\":\"https:\\\/\\\/anoticiaonline.com.br\\\/site\\\/o-supremo-e-o-foro-privilegiado\\\/#webpage\"},\"articleSection\":\"Pol\\u00edtica e Atualidades - Francisco Laviola, coluna, francisco laviola, lula, stf\"},{\"@type\":\"BreadcrumbList\",\"@id\":\"https:\\\/\\\/anoticiaonline.com.br\\\/site\\\/o-supremo-e-o-foro-privilegiado\\\/#breadcrumblist\",\"itemListElement\":[{\"@type\":\"ListItem\",\"@id\":\"https:\\\/\\\/anoticiaonline.com.br\\\/site#listItem\",\"position\":1,\"name\":\"Home\",\"item\":\"https:\\\/\\\/anoticiaonline.com.br\\\/site\",\"nextItem\":{\"@type\":\"ListItem\",\"@id\":\"https:\\\/\\\/anoticiaonline.com.br\\\/site\\\/categoria\\\/colunistas\\\/#listItem\",\"name\":\"Colunistas\"}},{\"@type\":\"ListItem\",\"@id\":\"https:\\\/\\\/anoticiaonline.com.br\\\/site\\\/categoria\\\/colunistas\\\/#listItem\",\"position\":2,\"name\":\"Colunistas\",\"item\":\"https:\\\/\\\/anoticiaonline.com.br\\\/site\\\/categoria\\\/colunistas\\\/\",\"nextItem\":{\"@type\":\"ListItem\",\"@id\":\"https:\\\/\\\/anoticiaonline.com.br\\\/site\\\/categoria\\\/colunistas\\\/politica-e-atualidades-francisco-laviola\\\/#listItem\",\"name\":\"Pol\\u00edtica e Atualidades - Francisco Laviola\"},\"previousItem\":{\"@type\":\"ListItem\",\"@id\":\"https:\\\/\\\/anoticiaonline.com.br\\\/site#listItem\",\"name\":\"Home\"}},{\"@type\":\"ListItem\",\"@id\":\"https:\\\/\\\/anoticiaonline.com.br\\\/site\\\/categoria\\\/colunistas\\\/politica-e-atualidades-francisco-laviola\\\/#listItem\",\"position\":3,\"name\":\"Pol\\u00edtica e Atualidades - Francisco Laviola\",\"item\":\"https:\\\/\\\/anoticiaonline.com.br\\\/site\\\/categoria\\\/colunistas\\\/politica-e-atualidades-francisco-laviola\\\/\",\"nextItem\":{\"@type\":\"ListItem\",\"@id\":\"https:\\\/\\\/anoticiaonline.com.br\\\/site\\\/o-supremo-e-o-foro-privilegiado\\\/#listItem\",\"name\":\"O Supremo e o Foro Privilegiado\"},\"previousItem\":{\"@type\":\"ListItem\",\"@id\":\"https:\\\/\\\/anoticiaonline.com.br\\\/site\\\/categoria\\\/colunistas\\\/#listItem\",\"name\":\"Colunistas\"}},{\"@type\":\"ListItem\",\"@id\":\"https:\\\/\\\/anoticiaonline.com.br\\\/site\\\/o-supremo-e-o-foro-privilegiado\\\/#listItem\",\"position\":4,\"name\":\"O Supremo e o Foro Privilegiado\",\"previousItem\":{\"@type\":\"ListItem\",\"@id\":\"https:\\\/\\\/anoticiaonline.com.br\\\/site\\\/categoria\\\/colunistas\\\/politica-e-atualidades-francisco-laviola\\\/#listItem\",\"name\":\"Pol\\u00edtica e Atualidades - Francisco Laviola\"}}]},{\"@type\":\"Organization\",\"@id\":\"https:\\\/\\\/anoticiaonline.com.br\\\/site\\\/#organization\",\"name\":\"A Not\\u00edcia Online\",\"description\":\"Noticias de Muria\\u00e9 e regi\\u00e3o\",\"url\":\"https:\\\/\\\/anoticiaonline.com.br\\\/site\\\/\",\"logo\":{\"@type\":\"ImageObject\",\"url\":\"https:\\\/\\\/scontent-gig4-1.xx.fbcdn.net\\\/v\\\/t39.30808-1\\\/270437624_4564083193639691_6907940295614233970_n.jpg?stp=dst-jpg_s200x200_tt6&_nc_cat=111&ccb=1-7&_nc_sid=f907e8&_nc_ohc=SM1wRlP3lJwQ7kNvwEPuBYA&_nc_oc=AdnqrjDN_BNjSSHWO-GbkIWH6fkGMLw4bqvL_NH6e2wMveX7G-rP2dAqsDSq1mJMOaY&_nc_zt=24&_nc_ht=scontent-gig4-1.xx&_nc_gid=AoBFJeGrT1hVaew_6rchkQ&oh=00_AfX7QmFGhQhG2jAllVgXCiM1ZrWgvtp80-Bfppyexh1QEg&oe=689E923C\",\"@id\":\"https:\\\/\\\/anoticiaonline.com.br\\\/site\\\/o-supremo-e-o-foro-privilegiado\\\/#organizationLogo\"},\"image\":{\"@id\":\"https:\\\/\\\/anoticiaonline.com.br\\\/site\\\/o-supremo-e-o-foro-privilegiado\\\/#organizationLogo\"}},{\"@type\":\"Person\",\"@id\":\"https:\\\/\\\/anoticiaonline.com.br\\\/site\\\/author\\\/juliana\\\/#author\",\"url\":\"https:\\\/\\\/anoticiaonline.com.br\\\/site\\\/author\\\/juliana\\\/\",\"name\":\"Juliana Laviola\",\"image\":{\"@type\":\"ImageObject\",\"@id\":\"https:\\\/\\\/anoticiaonline.com.br\\\/site\\\/o-supremo-e-o-foro-privilegiado\\\/#authorImage\",\"url\":\"https:\\\/\\\/secure.gravatar.com\\\/avatar\\\/b8d45f5c699b100dfaf0e543582f38f38bf94cb7ae3a5e9abf8d891a34773335?s=96&d=mm&r=g\",\"width\":96,\"height\":96,\"caption\":\"Juliana Laviola\"}},{\"@type\":\"WebPage\",\"@id\":\"https:\\\/\\\/anoticiaonline.com.br\\\/site\\\/o-supremo-e-o-foro-privilegiado\\\/#webpage\",\"url\":\"https:\\\/\\\/anoticiaonline.com.br\\\/site\\\/o-supremo-e-o-foro-privilegiado\\\/\",\"name\":\"O Supremo e o Foro Privilegiado - A Not\\u00edcia Online\",\"description\":\"Francisco Laviola \\u2013 12\\\/04\\\/2018 Est\\u00e1 nas m\\u00e3os do Supremo Tribunal Federal (STF) mais uma quest\\u00e3o pol\\u00eamica para ser resolvida, e que, certamente, a sociedade estar\\u00e1 acompanhando de perto: O julgamento a respeito do instituto do foro privilegiado. A ideia inicial deste privil\\u00e9gio seria a prote\\u00e7\\u00e3o dos mandatos contra eventuais pr\\u00e1ticas que aconteceram durante a ditadura\",\"inLanguage\":\"pt-BR\",\"isPartOf\":{\"@id\":\"https:\\\/\\\/anoticiaonline.com.br\\\/site\\\/#website\"},\"breadcrumb\":{\"@id\":\"https:\\\/\\\/anoticiaonline.com.br\\\/site\\\/o-supremo-e-o-foro-privilegiado\\\/#breadcrumblist\"},\"author\":{\"@id\":\"https:\\\/\\\/anoticiaonline.com.br\\\/site\\\/author\\\/juliana\\\/#author\"},\"creator\":{\"@id\":\"https:\\\/\\\/anoticiaonline.com.br\\\/site\\\/author\\\/juliana\\\/#author\"},\"datePublished\":\"2018-04-12T19:11:28-03:00\",\"dateModified\":\"2018-04-12T19:13:16-03:00\"},{\"@type\":\"WebSite\",\"@id\":\"https:\\\/\\\/anoticiaonline.com.br\\\/site\\\/#website\",\"url\":\"https:\\\/\\\/anoticiaonline.com.br\\\/site\\\/\",\"name\":\"A Not\\u00edcia Online\",\"description\":\"Noticias de Muria\\u00e9 e regi\\u00e3o\",\"inLanguage\":\"pt-BR\",\"publisher\":{\"@id\":\"https:\\\/\\\/anoticiaonline.com.br\\\/site\\\/#organization\"}}]}\n\t\t<\/script>\n\t\t<!-- All in One SEO -->\n\n","aioseo_head_json":{"title":"O Supremo e o Foro Privilegiado - A Not\u00edcia Online","description":"Francisco Laviola \u2013 12\/04\/2018 Est\u00e1 nas m\u00e3os do Supremo Tribunal Federal (STF) mais uma quest\u00e3o pol\u00eamica para ser resolvida, e que, certamente, a sociedade estar\u00e1 acompanhando de perto: O julgamento a respeito do instituto do foro privilegiado. A ideia inicial deste privil\u00e9gio seria a prote\u00e7\u00e3o dos mandatos contra eventuais pr\u00e1ticas que aconteceram durante a ditadura","canonical_url":"https:\/\/anoticiaonline.com.br\/site\/o-supremo-e-o-foro-privilegiado\/","robots":"max-image-preview:large","keywords":"","webmasterTools":{"miscellaneous":""},"schema":{"@context":"https:\/\/schema.org","@graph":[{"@type":"BlogPosting","@id":"https:\/\/anoticiaonline.com.br\/site\/o-supremo-e-o-foro-privilegiado\/#blogposting","name":"O Supremo e o Foro Privilegiado - A Not\u00edcia Online","headline":"O Supremo e o Foro Privilegiado","author":{"@id":"https:\/\/anoticiaonline.com.br\/site\/author\/juliana\/#author"},"publisher":{"@id":"https:\/\/anoticiaonline.com.br\/site\/#organization"},"image":{"@type":"ImageObject","url":"https:\/\/scontent-gig4-1.xx.fbcdn.net\/v\/t39.30808-1\/270437624_4564083193639691_6907940295614233970_n.jpg?stp=dst-jpg_s200x200_tt6&_nc_cat=111&ccb=1-7&_nc_sid=f907e8&_nc_ohc=SM1wRlP3lJwQ7kNvwEPuBYA&_nc_oc=AdnqrjDN_BNjSSHWO-GbkIWH6fkGMLw4bqvL_NH6e2wMveX7G-rP2dAqsDSq1mJMOaY&_nc_zt=24&_nc_ht=scontent-gig4-1.xx&_nc_gid=AoBFJeGrT1hVaew_6rchkQ&oh=00_AfX7QmFGhQhG2jAllVgXCiM1ZrWgvtp80-Bfppyexh1QEg&oe=689E923C","@id":"https:\/\/anoticiaonline.com.br\/site\/#articleImage"},"datePublished":"2018-04-12T19:11:28-03:00","dateModified":"2018-04-12T19:13:16-03:00","inLanguage":"pt-BR","mainEntityOfPage":{"@id":"https:\/\/anoticiaonline.com.br\/site\/o-supremo-e-o-foro-privilegiado\/#webpage"},"isPartOf":{"@id":"https:\/\/anoticiaonline.com.br\/site\/o-supremo-e-o-foro-privilegiado\/#webpage"},"articleSection":"Pol\u00edtica e Atualidades - Francisco Laviola, coluna, francisco laviola, lula, stf"},{"@type":"BreadcrumbList","@id":"https:\/\/anoticiaonline.com.br\/site\/o-supremo-e-o-foro-privilegiado\/#breadcrumblist","itemListElement":[{"@type":"ListItem","@id":"https:\/\/anoticiaonline.com.br\/site#listItem","position":1,"name":"Home","item":"https:\/\/anoticiaonline.com.br\/site","nextItem":{"@type":"ListItem","@id":"https:\/\/anoticiaonline.com.br\/site\/categoria\/colunistas\/#listItem","name":"Colunistas"}},{"@type":"ListItem","@id":"https:\/\/anoticiaonline.com.br\/site\/categoria\/colunistas\/#listItem","position":2,"name":"Colunistas","item":"https:\/\/anoticiaonline.com.br\/site\/categoria\/colunistas\/","nextItem":{"@type":"ListItem","@id":"https:\/\/anoticiaonline.com.br\/site\/categoria\/colunistas\/politica-e-atualidades-francisco-laviola\/#listItem","name":"Pol\u00edtica e Atualidades - Francisco Laviola"},"previousItem":{"@type":"ListItem","@id":"https:\/\/anoticiaonline.com.br\/site#listItem","name":"Home"}},{"@type":"ListItem","@id":"https:\/\/anoticiaonline.com.br\/site\/categoria\/colunistas\/politica-e-atualidades-francisco-laviola\/#listItem","position":3,"name":"Pol\u00edtica e Atualidades - Francisco Laviola","item":"https:\/\/anoticiaonline.com.br\/site\/categoria\/colunistas\/politica-e-atualidades-francisco-laviola\/","nextItem":{"@type":"ListItem","@id":"https:\/\/anoticiaonline.com.br\/site\/o-supremo-e-o-foro-privilegiado\/#listItem","name":"O Supremo e o Foro Privilegiado"},"previousItem":{"@type":"ListItem","@id":"https:\/\/anoticiaonline.com.br\/site\/categoria\/colunistas\/#listItem","name":"Colunistas"}},{"@type":"ListItem","@id":"https:\/\/anoticiaonline.com.br\/site\/o-supremo-e-o-foro-privilegiado\/#listItem","position":4,"name":"O Supremo e o Foro Privilegiado","previousItem":{"@type":"ListItem","@id":"https:\/\/anoticiaonline.com.br\/site\/categoria\/colunistas\/politica-e-atualidades-francisco-laviola\/#listItem","name":"Pol\u00edtica e Atualidades - Francisco Laviola"}}]},{"@type":"Organization","@id":"https:\/\/anoticiaonline.com.br\/site\/#organization","name":"A Not\u00edcia Online","description":"Noticias de Muria\u00e9 e regi\u00e3o","url":"https:\/\/anoticiaonline.com.br\/site\/","logo":{"@type":"ImageObject","url":"https:\/\/scontent-gig4-1.xx.fbcdn.net\/v\/t39.30808-1\/270437624_4564083193639691_6907940295614233970_n.jpg?stp=dst-jpg_s200x200_tt6&_nc_cat=111&ccb=1-7&_nc_sid=f907e8&_nc_ohc=SM1wRlP3lJwQ7kNvwEPuBYA&_nc_oc=AdnqrjDN_BNjSSHWO-GbkIWH6fkGMLw4bqvL_NH6e2wMveX7G-rP2dAqsDSq1mJMOaY&_nc_zt=24&_nc_ht=scontent-gig4-1.xx&_nc_gid=AoBFJeGrT1hVaew_6rchkQ&oh=00_AfX7QmFGhQhG2jAllVgXCiM1ZrWgvtp80-Bfppyexh1QEg&oe=689E923C","@id":"https:\/\/anoticiaonline.com.br\/site\/o-supremo-e-o-foro-privilegiado\/#organizationLogo"},"image":{"@id":"https:\/\/anoticiaonline.com.br\/site\/o-supremo-e-o-foro-privilegiado\/#organizationLogo"}},{"@type":"Person","@id":"https:\/\/anoticiaonline.com.br\/site\/author\/juliana\/#author","url":"https:\/\/anoticiaonline.com.br\/site\/author\/juliana\/","name":"Juliana Laviola","image":{"@type":"ImageObject","@id":"https:\/\/anoticiaonline.com.br\/site\/o-supremo-e-o-foro-privilegiado\/#authorImage","url":"https:\/\/secure.gravatar.com\/avatar\/b8d45f5c699b100dfaf0e543582f38f38bf94cb7ae3a5e9abf8d891a34773335?s=96&d=mm&r=g","width":96,"height":96,"caption":"Juliana Laviola"}},{"@type":"WebPage","@id":"https:\/\/anoticiaonline.com.br\/site\/o-supremo-e-o-foro-privilegiado\/#webpage","url":"https:\/\/anoticiaonline.com.br\/site\/o-supremo-e-o-foro-privilegiado\/","name":"O Supremo e o Foro Privilegiado - A Not\u00edcia Online","description":"Francisco Laviola \u2013 12\/04\/2018 Est\u00e1 nas m\u00e3os do Supremo Tribunal Federal (STF) mais uma quest\u00e3o pol\u00eamica para ser resolvida, e que, certamente, a sociedade estar\u00e1 acompanhando de perto: O julgamento a respeito do instituto do foro privilegiado. A ideia inicial deste privil\u00e9gio seria a prote\u00e7\u00e3o dos mandatos contra eventuais pr\u00e1ticas que aconteceram durante a ditadura","inLanguage":"pt-BR","isPartOf":{"@id":"https:\/\/anoticiaonline.com.br\/site\/#website"},"breadcrumb":{"@id":"https:\/\/anoticiaonline.com.br\/site\/o-supremo-e-o-foro-privilegiado\/#breadcrumblist"},"author":{"@id":"https:\/\/anoticiaonline.com.br\/site\/author\/juliana\/#author"},"creator":{"@id":"https:\/\/anoticiaonline.com.br\/site\/author\/juliana\/#author"},"datePublished":"2018-04-12T19:11:28-03:00","dateModified":"2018-04-12T19:13:16-03:00"},{"@type":"WebSite","@id":"https:\/\/anoticiaonline.com.br\/site\/#website","url":"https:\/\/anoticiaonline.com.br\/site\/","name":"A Not\u00edcia Online","description":"Noticias de Muria\u00e9 e regi\u00e3o","inLanguage":"pt-BR","publisher":{"@id":"https:\/\/anoticiaonline.com.br\/site\/#organization"}}]},"og:locale":"pt_BR","og:site_name":"A Not\u00edcia Online - Noticias de Muria\u00e9 e regi\u00e3o","og:type":"article","og:title":"O Supremo e o Foro Privilegiado - A Not\u00edcia Online","og:description":"Francisco Laviola \u2013 12\/04\/2018 Est\u00e1 nas m\u00e3os do Supremo Tribunal Federal (STF) mais uma quest\u00e3o pol\u00eamica para ser resolvida, e que, certamente, a sociedade estar\u00e1 acompanhando de perto: O julgamento a respeito do instituto do foro privilegiado. A ideia inicial deste privil\u00e9gio seria a prote\u00e7\u00e3o dos mandatos contra eventuais pr\u00e1ticas que aconteceram durante a ditadura","og:url":"https:\/\/anoticiaonline.com.br\/site\/o-supremo-e-o-foro-privilegiado\/","og:image":"https:\/\/scontent-gig4-1.xx.fbcdn.net\/v\/t39.30808-1\/270437624_4564083193639691_6907940295614233970_n.jpg?stp=dst-jpg_s200x200_tt6&#038;_nc_cat=111&#038;ccb=1-7&#038;_nc_sid=f907e8&#038;_nc_ohc=SM1wRlP3lJwQ7kNvwEPuBYA&#038;_nc_oc=AdnqrjDN_BNjSSHWO-GbkIWH6fkGMLw4bqvL_NH6e2wMveX7G-rP2dAqsDSq1mJMOaY&#038;_nc_zt=24&#038;_nc_ht=scontent-gig4-1.xx&#038;_nc_gid=AoBFJeGrT1hVaew_6rchkQ&#038;oh=00_AfX7QmFGhQhG2jAllVgXCiM1ZrWgvtp80-Bfppyexh1QEg&#038;oe=689E923C","og:image:secure_url":"https:\/\/scontent-gig4-1.xx.fbcdn.net\/v\/t39.30808-1\/270437624_4564083193639691_6907940295614233970_n.jpg?stp=dst-jpg_s200x200_tt6&#038;_nc_cat=111&#038;ccb=1-7&#038;_nc_sid=f907e8&#038;_nc_ohc=SM1wRlP3lJwQ7kNvwEPuBYA&#038;_nc_oc=AdnqrjDN_BNjSSHWO-GbkIWH6fkGMLw4bqvL_NH6e2wMveX7G-rP2dAqsDSq1mJMOaY&#038;_nc_zt=24&#038;_nc_ht=scontent-gig4-1.xx&#038;_nc_gid=AoBFJeGrT1hVaew_6rchkQ&#038;oh=00_AfX7QmFGhQhG2jAllVgXCiM1ZrWgvtp80-Bfppyexh1QEg&#038;oe=689E923C","article:published_time":"2018-04-12T22:11:28+00:00","article:modified_time":"2018-04-12T22:13:16+00:00","twitter:card":"summary_large_image","twitter:title":"O Supremo e o Foro Privilegiado - A Not\u00edcia Online","twitter:description":"Francisco Laviola \u2013 12\/04\/2018 Est\u00e1 nas m\u00e3os do Supremo Tribunal Federal (STF) mais uma quest\u00e3o pol\u00eamica para ser resolvida, e que, certamente, a sociedade estar\u00e1 acompanhando de perto: O julgamento a respeito do instituto do foro privilegiado. A ideia inicial deste privil\u00e9gio seria a prote\u00e7\u00e3o dos mandatos contra eventuais pr\u00e1ticas que aconteceram durante a ditadura","twitter:image":"https:\/\/scontent-gig4-1.xx.fbcdn.net\/v\/t39.30808-1\/270437624_4564083193639691_6907940295614233970_n.jpg?stp=dst-jpg_s200x200_tt6&_nc_cat=111&ccb=1-7&_nc_sid=f907e8&_nc_ohc=SM1wRlP3lJwQ7kNvwEPuBYA&_nc_oc=AdnqrjDN_BNjSSHWO-GbkIWH6fkGMLw4bqvL_NH6e2wMveX7G-rP2dAqsDSq1mJMOaY&_nc_zt=24&_nc_ht=scontent-gig4-1.xx&_nc_gid=AoBFJeGrT1hVaew_6rchkQ&oh=00_AfX7QmFGhQhG2jAllVgXCiM1ZrWgvtp80-Bfppyexh1QEg&oe=689E923C"},"aioseo_meta_data":{"post_id":"53259","title":null,"description":null,"keywords":null,"keyphrases":null,"primary_term":null,"canonical_url":null,"og_title":null,"og_description":null,"og_object_type":"default","og_image_type":"default","og_image_url":null,"og_image_width":null,"og_image_height":null,"og_image_custom_url":null,"og_image_custom_fields":null,"og_video":null,"og_custom_url":null,"og_article_section":null,"og_article_tags":null,"twitter_use_og":false,"twitter_card":"default","twitter_image_type":"default","twitter_image_url":null,"twitter_image_custom_url":null,"twitter_image_custom_fields":null,"twitter_title":null,"twitter_description":null,"schema":{"blockGraphs":[],"customGraphs":[],"default":{"data":{"Article":[],"Course":[],"Dataset":[],"FAQPage":[],"Movie":[],"Person":[],"Product":[],"ProductReview":[],"Car":[],"Recipe":[],"Service":[],"SoftwareApplication":[],"WebPage":[]},"graphName":"","isEnabled":true},"graphs":[]},"schema_type":"default","schema_type_options":null,"pillar_content":false,"robots_default":true,"robots_noindex":false,"robots_noarchive":false,"robots_nosnippet":false,"robots_nofollow":false,"robots_noimageindex":false,"robots_noodp":false,"robots_notranslate":false,"robots_max_snippet":null,"robots_max_videopreview":null,"robots_max_imagepreview":"large","priority":null,"frequency":null,"local_seo":null,"breadcrumb_settings":null,"limit_modified_date":false,"ai":null,"created":"2025-08-16 20:39:20","updated":"2025-08-16 20:39:20","focus_keyword":null,"additional_keywords":null,"truseo_locale":null,"seo_analyzer_scan_date":null},"aioseo_breadcrumb":"<div class=\"aioseo-breadcrumbs\"><span class=\"aioseo-breadcrumb\">\n\t\t\t<a href=\"https:\/\/anoticiaonline.com.br\/site\" title=\"Home\">Home<\/a>\n\t\t<\/span><span class=\"aioseo-breadcrumb-separator\">&raquo;<\/span><span class=\"aioseo-breadcrumb\">\n\t\t\t<a href=\"https:\/\/anoticiaonline.com.br\/site\/categoria\/colunistas\/\" title=\"Colunistas\">Colunistas<\/a>\n\t\t<\/span><span class=\"aioseo-breadcrumb-separator\">&raquo;<\/span><span class=\"aioseo-breadcrumb\">\n\t\t\t<a href=\"https:\/\/anoticiaonline.com.br\/site\/categoria\/colunistas\/politica-e-atualidades-francisco-laviola\/\" title=\"Pol\u00edtica e Atualidades - Francisco Laviola\">Pol\u00edtica e Atualidades - Francisco Laviola<\/a>\n\t\t<\/span><span class=\"aioseo-breadcrumb-separator\">&raquo;<\/span><span class=\"aioseo-breadcrumb\">\n\t\t\tO Supremo e o Foro Privilegiado\n\t\t<\/span><\/div>","aioseo_breadcrumb_json":[{"label":"Home","link":"https:\/\/anoticiaonline.com.br\/site"},{"label":"Colunistas","link":"https:\/\/anoticiaonline.com.br\/site\/categoria\/colunistas\/"},{"label":"Pol\u00edtica e Atualidades - Francisco Laviola","link":"https:\/\/anoticiaonline.com.br\/site\/categoria\/colunistas\/politica-e-atualidades-francisco-laviola\/"},{"label":"O Supremo e o Foro Privilegiado","link":"https:\/\/anoticiaonline.com.br\/site\/o-supremo-e-o-foro-privilegiado\/"}],"views":98,"_links":{"self":[{"href":"https:\/\/anoticiaonline.com.br\/site\/wp-json\/wp\/v2\/posts\/53259","targetHints":{"allow":["GET"]}}],"collection":[{"href":"https:\/\/anoticiaonline.com.br\/site\/wp-json\/wp\/v2\/posts"}],"about":[{"href":"https:\/\/anoticiaonline.com.br\/site\/wp-json\/wp\/v2\/types\/post"}],"author":[{"embeddable":true,"href":"https:\/\/anoticiaonline.com.br\/site\/wp-json\/wp\/v2\/users\/2"}],"replies":[{"embeddable":true,"href":"https:\/\/anoticiaonline.com.br\/site\/wp-json\/wp\/v2\/comments?post=53259"}],"version-history":[{"count":0,"href":"https:\/\/anoticiaonline.com.br\/site\/wp-json\/wp\/v2\/posts\/53259\/revisions"}],"wp:attachment":[{"href":"https:\/\/anoticiaonline.com.br\/site\/wp-json\/wp\/v2\/media?parent=53259"}],"wp:term":[{"taxonomy":"category","embeddable":true,"href":"https:\/\/anoticiaonline.com.br\/site\/wp-json\/wp\/v2\/categories?post=53259"},{"taxonomy":"post_tag","embeddable":true,"href":"https:\/\/anoticiaonline.com.br\/site\/wp-json\/wp\/v2\/tags?post=53259"}],"curies":[{"name":"wp","href":"https:\/\/api.w.org\/{rel}","templated":true}]}}