{"id":53255,"date":"2018-04-12T19:04:34","date_gmt":"2018-04-12T22:04:34","guid":{"rendered":"http:\/\/anoticiaonline.com.br\/site\/?p=53255"},"modified":"2018-04-12T19:04:34","modified_gmt":"2018-04-12T22:04:34","slug":"a-opcao-por-nao-ser-um-estadista","status":"publish","type":"post","link":"https:\/\/anoticiaonline.com.br\/site\/a-opcao-por-nao-ser-um-estadista\/","title":{"rendered":"A OP\u00c7\u00c3O POR N\u00c3O SER UM ESTADISTA"},"content":{"rendered":"<p style=\"text-align: right;\">\u00a0 \u00a0 \u00a0Adellunar Marge<\/p>\n<p>\u00a0\u00a0\u00a0\u00a0\u00a0\u00a0\u00a0\u00a0\u00a0\u00a0\u00a0\u00a0\u00a0\u00a0\u00a0 O poder n\u00e3o corrompe. Quando um poderoso \u00e9 corrupto, \u00e9 porque j\u00e1 traz dentro de si o germe da desonestidade. O poder apenas catalisa essa tend\u00eancia, fazendo-a brotar de dentro do indiv\u00edduo e refletir-se em suas a\u00e7\u00f5es.<\/p>\n<p>Lula tinha quase tudo para ser um verdadeiro pol\u00edtico e um estadista. Surgiu nas bases, atrav\u00e9s de um sindicato de trabalhadores, transformou-se em um grande negociador para as conquistas trabalhistas e construiu, entre aqueles que liderava, o respeito e a admira\u00e7\u00e3o. Poucos lograram tal \u00eaxito. A pouca instru\u00e7\u00e3o escolar n\u00e3o o impediu de dominar a arte e a t\u00e9cnica da orat\u00f3ria conquistando adeptos a despeito da marca inconfund\u00edvel da sua voz rouca e da sua l\u00edngua presa, que jamais o impediram de \u201csoltar\u201d o seu pensamento e comover seus adeptos.<\/p>\n<p>Rompeu barreiras e preconceitos e soube, na hora certa, adequar-se aos anseios do empresariado, ainda que capitalista, e chegar ao inimagin\u00e1vel cargo de Presidente da maior Rep\u00fablica da Am\u00e9rica Latina. Fez isso pelas vias da esquerda, uma linha de pensamento que j\u00e1 agonizava na Europa e conseguia lograr \u00eaxito apenas nos regimes autorit\u00e1rios que vicejavam no sul de uma Am\u00e9rica Latina castigada pela mis\u00e9ria e pela pobreza. Transformou-se em um l\u00edder populista e paternalista, tentando igualar-se ao Get\u00falio de tempos idos.<\/p>\n<p>Lula tinha sim quase tudo para ser um estadista, mas o poder catalisou e potencializou aquele germe da desonestidade que j\u00e1 trazia latente dentro de si. O dinheiro farto das Estatais, a cobi\u00e7a e tenta\u00e7\u00e3o dos grandes empreiteiros somados ao exemplo de uma casta pol\u00edtica de pr\u00e1ticas perniciosas seculares abriram caminho para os mensal\u00f5es, as licita\u00e7\u00f5es viciosas e o \u201csaqueamento\u201d das Estatais, principalmente a Petrobr\u00e1s, aonde o rombo chegou \u00e0 astron\u00f4mica soma de mais de seis bilh\u00f5es, repartidos entre pol\u00edticos, partidos e empreiteiros. Era preciso estancar essa sangria e algumas vozes se fizeram ouvir a favor de uma cruzada de moraliza\u00e7\u00e3o. A \u201cOpera\u00e7\u00e3o Lava Jato\u201d entrou como um trator no minado terreno pol\u00edtico e empresarial. Procuradores, Minist\u00e9rio P\u00fablico e competentes Ju\u00edzes, principalmente federais, abriram centenas de investiga\u00e7\u00f5es e processos e foram pondo \u00e0 mostra a podrid\u00e3o nacional. Lula perdeu mais uma oportunidade de fazer-se um estadista, preferindo insistir na desgastada tecla de que \u201cn\u00e3o sabia de nada\u201d, embora nomeasse para os postos chaves das Estatais, todos os corruptos que a \u201copera\u00e7\u00e3o Lava Jato\u201d ia desmascarando, processando e prendendo, ainda que as brechas das nossas leis propiciassem aos advogados colocar de volta \u00e0 liberdade grande parte dos acusados.<\/p>\n<p>Fragilizado com as den\u00fancias, que ca\u00edam em sua maior parte sobre seu grupo pol\u00edtico ou sobre os partidos que o apoiavam, Lula preferia negar o conhecimento dos fatos e acusar ju\u00edzes, procuradores e Cortes de Justi\u00e7a, de persegui\u00e7\u00e3o pol\u00edtica. Era a t\u00e1tica ineficiente da vitimiza\u00e7\u00e3o, pois a maioria absoluta da popula\u00e7\u00e3o sa\u00eda \u00e0s ruas pedindo o fim da corrup\u00e7\u00e3o e a puni\u00e7\u00e3o dos corruptos.<\/p>\n<p>Lula perdeu o bonde da hist\u00f3ria para adquirir a estatura de um verdadeiro governante. N\u00e3o acreditou que um simples Juiz de Primeira Inst\u00e2ncia ou um Tribunal de Desembargadores de Segunda Inst\u00e2ncia pudessem process\u00e1-lo e conden\u00e1-lo. Foi uma pena para a nossa hist\u00f3ria, pois n\u00e3o creio que seja prazeroso comemorar a pris\u00e3o de Lula. Mais do que isso, lamentamos a sua condena\u00e7\u00e3o e pris\u00e3o pois temos consci\u00eancia de que Lula percorreu um longo caminho de lutas e conquistas na pol\u00edtica. Um imigrante nordestino, pobre e combativo, que se fez conhecido no Brasil e no mundo.<\/p>\n<p>Certa vez, quando almo\u00e7ava em um restaurante pr\u00f3ximo \u00e0 Torre Eiffel, o dono do restaurante se aproximou de mim e disse: s\u00e3o do Brasil, do \u201cPr\u00e9sident Lul\u00e1\u201d? Mesmo n\u00e3o sendo petista e nem simpatizando com regimes de esquerda, tive uma ponta de orgulho em saber que o presidente do meu pa\u00eds era t\u00e3o conhecido no exterior, mas Lula trazia dentro de si aquele contagiante germe e abriu m\u00e3o de ser lembrado como um Chefe de Estado para entrar na hist\u00f3ria como um condenado a doze anos por corrup\u00e7\u00e3o e lavagem de dinheiro. Uma pena para o nosso pa\u00eds.<\/p>\n","protected":false},"excerpt":{"rendered":"<p>\u00a0 \u00a0 \u00a0Adellunar Marge \u00a0\u00a0\u00a0\u00a0\u00a0\u00a0\u00a0\u00a0\u00a0\u00a0\u00a0\u00a0\u00a0\u00a0\u00a0 O poder n\u00e3o corrompe. Quando um poderoso \u00e9 corrupto, \u00e9 porque j\u00e1 traz dentro de si o germe da desonestidade. O poder apenas catalisa essa tend\u00eancia, fazendo-a brotar de dentro do indiv\u00edduo e refletir-se em suas a\u00e7\u00f5es. Lula tinha quase tudo para ser um verdadeiro pol\u00edtico e um estadista. Surgiu &#8230; <a title=\"A OP\u00c7\u00c3O POR N\u00c3O SER UM ESTADISTA\" class=\"read-more\" href=\"https:\/\/anoticiaonline.com.br\/site\/a-opcao-por-nao-ser-um-estadista\/\" aria-label=\"Read more about A OP\u00c7\u00c3O POR N\u00c3O SER UM ESTADISTA\">Ler mais<\/a><\/p>\n","protected":false},"author":2,"featured_media":0,"comment_status":"open","ping_status":"open","sticky":false,"template":"","format":"standard","meta":{"_acf_changed":false,"_monsterinsights_skip_tracking":false,"footnotes":""},"categories":[36],"tags":[329,2373,1742,505],"class_list":["post-53255","post","type-post","status-publish","format-standard","hentry","category-logos-adellunar-marge","tag-adellunar-marge","tag-estadista","tag-lula","tag-presidente"],"acf":[],"aioseo_notices":[],"aioseo_head":"\n\t\t<!-- All in One SEO 5.0.0.1 - aioseo.com -->\n\t<meta name=\"description\" content=\"Adellunar Marge O poder n\u00e3o corrompe. Quando um poderoso \u00e9 corrupto, \u00e9 porque j\u00e1 traz dentro de si o germe da desonestidade. O poder apenas catalisa essa tend\u00eancia, fazendo-a brotar de dentro do indiv\u00edduo e refletir-se em suas a\u00e7\u00f5es. Lula tinha quase tudo para ser um verdadeiro pol\u00edtico e um estadista. Surgiu\" \/>\n\t<meta name=\"robots\" content=\"max-image-preview:large\" \/>\n\t<meta name=\"author\" content=\"Juliana Laviola\"\/>\n\t<link rel=\"canonical\" href=\"https:\/\/anoticiaonline.com.br\/site\/a-opcao-por-nao-ser-um-estadista\/\" \/>\n\t<meta name=\"generator\" content=\"All in One SEO (AIOSEO) 5.0.0.1\" \/>\n\t\t<meta property=\"og:locale\" content=\"pt_BR\" \/>\n\t\t<meta property=\"og:site_name\" content=\"A Not\u00edcia Online - Noticias de Muria\u00e9 e regi\u00e3o\" \/>\n\t\t<meta property=\"og:type\" content=\"article\" \/>\n\t\t<meta property=\"og:title\" content=\"A OP\u00c7\u00c3O POR N\u00c3O SER UM ESTADISTA - A Not\u00edcia Online\" \/>\n\t\t<meta property=\"og:description\" content=\"Adellunar Marge O poder n\u00e3o corrompe. Quando um poderoso \u00e9 corrupto, \u00e9 porque j\u00e1 traz dentro de si o germe da desonestidade. O poder apenas catalisa essa tend\u00eancia, fazendo-a brotar de dentro do indiv\u00edduo e refletir-se em suas a\u00e7\u00f5es. Lula tinha quase tudo para ser um verdadeiro pol\u00edtico e um estadista. Surgiu\" \/>\n\t\t<meta property=\"og:url\" content=\"https:\/\/anoticiaonline.com.br\/site\/a-opcao-por-nao-ser-um-estadista\/\" \/>\n\t\t<meta property=\"og:image\" content=\"https:\/\/scontent-gig4-1.xx.fbcdn.net\/v\/t39.30808-1\/270437624_4564083193639691_6907940295614233970_n.jpg?stp=dst-jpg_s200x200_tt6&#038;_nc_cat=111&#038;ccb=1-7&#038;_nc_sid=f907e8&#038;_nc_ohc=SM1wRlP3lJwQ7kNvwEPuBYA&#038;_nc_oc=AdnqrjDN_BNjSSHWO-GbkIWH6fkGMLw4bqvL_NH6e2wMveX7G-rP2dAqsDSq1mJMOaY&#038;_nc_zt=24&#038;_nc_ht=scontent-gig4-1.xx&#038;_nc_gid=AoBFJeGrT1hVaew_6rchkQ&#038;oh=00_AfX7QmFGhQhG2jAllVgXCiM1ZrWgvtp80-Bfppyexh1QEg&#038;oe=689E923C\" \/>\n\t\t<meta property=\"og:image:secure_url\" content=\"https:\/\/scontent-gig4-1.xx.fbcdn.net\/v\/t39.30808-1\/270437624_4564083193639691_6907940295614233970_n.jpg?stp=dst-jpg_s200x200_tt6&#038;_nc_cat=111&#038;ccb=1-7&#038;_nc_sid=f907e8&#038;_nc_ohc=SM1wRlP3lJwQ7kNvwEPuBYA&#038;_nc_oc=AdnqrjDN_BNjSSHWO-GbkIWH6fkGMLw4bqvL_NH6e2wMveX7G-rP2dAqsDSq1mJMOaY&#038;_nc_zt=24&#038;_nc_ht=scontent-gig4-1.xx&#038;_nc_gid=AoBFJeGrT1hVaew_6rchkQ&#038;oh=00_AfX7QmFGhQhG2jAllVgXCiM1ZrWgvtp80-Bfppyexh1QEg&#038;oe=689E923C\" \/>\n\t\t<meta property=\"article:published_time\" content=\"2018-04-12T22:04:34+00:00\" \/>\n\t\t<meta property=\"article:modified_time\" content=\"2018-04-12T22:04:34+00:00\" \/>\n\t\t<meta name=\"twitter:card\" content=\"summary_large_image\" \/>\n\t\t<meta name=\"twitter:title\" content=\"A OP\u00c7\u00c3O POR N\u00c3O SER UM ESTADISTA - A Not\u00edcia Online\" \/>\n\t\t<meta name=\"twitter:description\" content=\"Adellunar Marge O poder n\u00e3o corrompe. Quando um poderoso \u00e9 corrupto, \u00e9 porque j\u00e1 traz dentro de si o germe da desonestidade. O poder apenas catalisa essa tend\u00eancia, fazendo-a brotar de dentro do indiv\u00edduo e refletir-se em suas a\u00e7\u00f5es. Lula tinha quase tudo para ser um verdadeiro pol\u00edtico e um estadista. Surgiu\" \/>\n\t\t<meta name=\"twitter:image\" content=\"https:\/\/scontent-gig4-1.xx.fbcdn.net\/v\/t39.30808-1\/270437624_4564083193639691_6907940295614233970_n.jpg?stp=dst-jpg_s200x200_tt6&amp;_nc_cat=111&amp;ccb=1-7&amp;_nc_sid=f907e8&amp;_nc_ohc=SM1wRlP3lJwQ7kNvwEPuBYA&amp;_nc_oc=AdnqrjDN_BNjSSHWO-GbkIWH6fkGMLw4bqvL_NH6e2wMveX7G-rP2dAqsDSq1mJMOaY&amp;_nc_zt=24&amp;_nc_ht=scontent-gig4-1.xx&amp;_nc_gid=AoBFJeGrT1hVaew_6rchkQ&amp;oh=00_AfX7QmFGhQhG2jAllVgXCiM1ZrWgvtp80-Bfppyexh1QEg&amp;oe=689E923C\" \/>\n\t\t<script type=\"application\/ld+json\" class=\"aioseo-schema\">\n\t\t\t{\"@context\":\"https:\\\/\\\/schema.org\",\"@graph\":[{\"@type\":\"BlogPosting\",\"@id\":\"https:\\\/\\\/anoticiaonline.com.br\\\/site\\\/a-opcao-por-nao-ser-um-estadista\\\/#blogposting\",\"name\":\"A OP\\u00c7\\u00c3O POR N\\u00c3O SER UM ESTADISTA - A Not\\u00edcia Online\",\"headline\":\"A OP\\u00c7\\u00c3O POR N\\u00c3O SER UM ESTADISTA\",\"author\":{\"@id\":\"https:\\\/\\\/anoticiaonline.com.br\\\/site\\\/author\\\/juliana\\\/#author\"},\"publisher\":{\"@id\":\"https:\\\/\\\/anoticiaonline.com.br\\\/site\\\/#organization\"},\"image\":{\"@type\":\"ImageObject\",\"url\":\"https:\\\/\\\/scontent-gig4-1.xx.fbcdn.net\\\/v\\\/t39.30808-1\\\/270437624_4564083193639691_6907940295614233970_n.jpg?stp=dst-jpg_s200x200_tt6&_nc_cat=111&ccb=1-7&_nc_sid=f907e8&_nc_ohc=SM1wRlP3lJwQ7kNvwEPuBYA&_nc_oc=AdnqrjDN_BNjSSHWO-GbkIWH6fkGMLw4bqvL_NH6e2wMveX7G-rP2dAqsDSq1mJMOaY&_nc_zt=24&_nc_ht=scontent-gig4-1.xx&_nc_gid=AoBFJeGrT1hVaew_6rchkQ&oh=00_AfX7QmFGhQhG2jAllVgXCiM1ZrWgvtp80-Bfppyexh1QEg&oe=689E923C\",\"@id\":\"https:\\\/\\\/anoticiaonline.com.br\\\/site\\\/#articleImage\"},\"datePublished\":\"2018-04-12T19:04:34-03:00\",\"dateModified\":\"2018-04-12T19:04:34-03:00\",\"inLanguage\":\"pt-BR\",\"mainEntityOfPage\":{\"@id\":\"https:\\\/\\\/anoticiaonline.com.br\\\/site\\\/a-opcao-por-nao-ser-um-estadista\\\/#webpage\"},\"isPartOf\":{\"@id\":\"https:\\\/\\\/anoticiaonline.com.br\\\/site\\\/a-opcao-por-nao-ser-um-estadista\\\/#webpage\"},\"articleSection\":\"Logos - Adellunar Marge, adellunar marge, estadista, lula, presidente\"},{\"@type\":\"BreadcrumbList\",\"@id\":\"https:\\\/\\\/anoticiaonline.com.br\\\/site\\\/a-opcao-por-nao-ser-um-estadista\\\/#breadcrumblist\",\"itemListElement\":[{\"@type\":\"ListItem\",\"@id\":\"https:\\\/\\\/anoticiaonline.com.br\\\/site#listItem\",\"position\":1,\"name\":\"Home\",\"item\":\"https:\\\/\\\/anoticiaonline.com.br\\\/site\",\"nextItem\":{\"@type\":\"ListItem\",\"@id\":\"https:\\\/\\\/anoticiaonline.com.br\\\/site\\\/categoria\\\/colunistas\\\/#listItem\",\"name\":\"Colunistas\"}},{\"@type\":\"ListItem\",\"@id\":\"https:\\\/\\\/anoticiaonline.com.br\\\/site\\\/categoria\\\/colunistas\\\/#listItem\",\"position\":2,\"name\":\"Colunistas\",\"item\":\"https:\\\/\\\/anoticiaonline.com.br\\\/site\\\/categoria\\\/colunistas\\\/\",\"nextItem\":{\"@type\":\"ListItem\",\"@id\":\"https:\\\/\\\/anoticiaonline.com.br\\\/site\\\/categoria\\\/colunistas\\\/logos-adellunar-marge\\\/#listItem\",\"name\":\"Logos - Adellunar Marge\"},\"previousItem\":{\"@type\":\"ListItem\",\"@id\":\"https:\\\/\\\/anoticiaonline.com.br\\\/site#listItem\",\"name\":\"Home\"}},{\"@type\":\"ListItem\",\"@id\":\"https:\\\/\\\/anoticiaonline.com.br\\\/site\\\/categoria\\\/colunistas\\\/logos-adellunar-marge\\\/#listItem\",\"position\":3,\"name\":\"Logos - Adellunar Marge\",\"item\":\"https:\\\/\\\/anoticiaonline.com.br\\\/site\\\/categoria\\\/colunistas\\\/logos-adellunar-marge\\\/\",\"nextItem\":{\"@type\":\"ListItem\",\"@id\":\"https:\\\/\\\/anoticiaonline.com.br\\\/site\\\/a-opcao-por-nao-ser-um-estadista\\\/#listItem\",\"name\":\"A OP\\u00c7\\u00c3O POR N\\u00c3O SER UM ESTADISTA\"},\"previousItem\":{\"@type\":\"ListItem\",\"@id\":\"https:\\\/\\\/anoticiaonline.com.br\\\/site\\\/categoria\\\/colunistas\\\/#listItem\",\"name\":\"Colunistas\"}},{\"@type\":\"ListItem\",\"@id\":\"https:\\\/\\\/anoticiaonline.com.br\\\/site\\\/a-opcao-por-nao-ser-um-estadista\\\/#listItem\",\"position\":4,\"name\":\"A OP\\u00c7\\u00c3O POR N\\u00c3O SER UM ESTADISTA\",\"previousItem\":{\"@type\":\"ListItem\",\"@id\":\"https:\\\/\\\/anoticiaonline.com.br\\\/site\\\/categoria\\\/colunistas\\\/logos-adellunar-marge\\\/#listItem\",\"name\":\"Logos - Adellunar Marge\"}}]},{\"@type\":\"Organization\",\"@id\":\"https:\\\/\\\/anoticiaonline.com.br\\\/site\\\/#organization\",\"name\":\"A Not\\u00edcia Online\",\"description\":\"Noticias de Muria\\u00e9 e regi\\u00e3o\",\"url\":\"https:\\\/\\\/anoticiaonline.com.br\\\/site\\\/\",\"logo\":{\"@type\":\"ImageObject\",\"url\":\"https:\\\/\\\/scontent-gig4-1.xx.fbcdn.net\\\/v\\\/t39.30808-1\\\/270437624_4564083193639691_6907940295614233970_n.jpg?stp=dst-jpg_s200x200_tt6&_nc_cat=111&ccb=1-7&_nc_sid=f907e8&_nc_ohc=SM1wRlP3lJwQ7kNvwEPuBYA&_nc_oc=AdnqrjDN_BNjSSHWO-GbkIWH6fkGMLw4bqvL_NH6e2wMveX7G-rP2dAqsDSq1mJMOaY&_nc_zt=24&_nc_ht=scontent-gig4-1.xx&_nc_gid=AoBFJeGrT1hVaew_6rchkQ&oh=00_AfX7QmFGhQhG2jAllVgXCiM1ZrWgvtp80-Bfppyexh1QEg&oe=689E923C\",\"@id\":\"https:\\\/\\\/anoticiaonline.com.br\\\/site\\\/a-opcao-por-nao-ser-um-estadista\\\/#organizationLogo\"},\"image\":{\"@id\":\"https:\\\/\\\/anoticiaonline.com.br\\\/site\\\/a-opcao-por-nao-ser-um-estadista\\\/#organizationLogo\"}},{\"@type\":\"Person\",\"@id\":\"https:\\\/\\\/anoticiaonline.com.br\\\/site\\\/author\\\/juliana\\\/#author\",\"url\":\"https:\\\/\\\/anoticiaonline.com.br\\\/site\\\/author\\\/juliana\\\/\",\"name\":\"Juliana Laviola\",\"image\":{\"@type\":\"ImageObject\",\"@id\":\"https:\\\/\\\/anoticiaonline.com.br\\\/site\\\/a-opcao-por-nao-ser-um-estadista\\\/#authorImage\",\"url\":\"https:\\\/\\\/secure.gravatar.com\\\/avatar\\\/b8d45f5c699b100dfaf0e543582f38f38bf94cb7ae3a5e9abf8d891a34773335?s=96&d=mm&r=g\",\"width\":96,\"height\":96,\"caption\":\"Juliana Laviola\"}},{\"@type\":\"WebPage\",\"@id\":\"https:\\\/\\\/anoticiaonline.com.br\\\/site\\\/a-opcao-por-nao-ser-um-estadista\\\/#webpage\",\"url\":\"https:\\\/\\\/anoticiaonline.com.br\\\/site\\\/a-opcao-por-nao-ser-um-estadista\\\/\",\"name\":\"A OP\\u00c7\\u00c3O POR N\\u00c3O SER UM ESTADISTA - A Not\\u00edcia Online\",\"description\":\"Adellunar Marge O poder n\\u00e3o corrompe. Quando um poderoso \\u00e9 corrupto, \\u00e9 porque j\\u00e1 traz dentro de si o germe da desonestidade. O poder apenas catalisa essa tend\\u00eancia, fazendo-a brotar de dentro do indiv\\u00edduo e refletir-se em suas a\\u00e7\\u00f5es. Lula tinha quase tudo para ser um verdadeiro pol\\u00edtico e um estadista. Surgiu\",\"inLanguage\":\"pt-BR\",\"isPartOf\":{\"@id\":\"https:\\\/\\\/anoticiaonline.com.br\\\/site\\\/#website\"},\"breadcrumb\":{\"@id\":\"https:\\\/\\\/anoticiaonline.com.br\\\/site\\\/a-opcao-por-nao-ser-um-estadista\\\/#breadcrumblist\"},\"author\":{\"@id\":\"https:\\\/\\\/anoticiaonline.com.br\\\/site\\\/author\\\/juliana\\\/#author\"},\"creator\":{\"@id\":\"https:\\\/\\\/anoticiaonline.com.br\\\/site\\\/author\\\/juliana\\\/#author\"},\"datePublished\":\"2018-04-12T19:04:34-03:00\",\"dateModified\":\"2018-04-12T19:04:34-03:00\"},{\"@type\":\"WebSite\",\"@id\":\"https:\\\/\\\/anoticiaonline.com.br\\\/site\\\/#website\",\"url\":\"https:\\\/\\\/anoticiaonline.com.br\\\/site\\\/\",\"name\":\"A Not\\u00edcia Online\",\"description\":\"Noticias de Muria\\u00e9 e regi\\u00e3o\",\"inLanguage\":\"pt-BR\",\"publisher\":{\"@id\":\"https:\\\/\\\/anoticiaonline.com.br\\\/site\\\/#organization\"}}]}\n\t\t<\/script>\n\t\t<!-- All in One SEO -->\n\n","aioseo_head_json":{"title":"A OP\u00c7\u00c3O POR N\u00c3O SER UM ESTADISTA - A Not\u00edcia Online","description":"Adellunar Marge O poder n\u00e3o corrompe. Quando um poderoso \u00e9 corrupto, \u00e9 porque j\u00e1 traz dentro de si o germe da desonestidade. O poder apenas catalisa essa tend\u00eancia, fazendo-a brotar de dentro do indiv\u00edduo e refletir-se em suas a\u00e7\u00f5es. Lula tinha quase tudo para ser um verdadeiro pol\u00edtico e um estadista. Surgiu","canonical_url":"https:\/\/anoticiaonline.com.br\/site\/a-opcao-por-nao-ser-um-estadista\/","robots":"max-image-preview:large","keywords":"","webmasterTools":{"miscellaneous":""},"schema":{"@context":"https:\/\/schema.org","@graph":[{"@type":"BlogPosting","@id":"https:\/\/anoticiaonline.com.br\/site\/a-opcao-por-nao-ser-um-estadista\/#blogposting","name":"A OP\u00c7\u00c3O POR N\u00c3O SER UM ESTADISTA - A Not\u00edcia Online","headline":"A OP\u00c7\u00c3O POR N\u00c3O SER UM ESTADISTA","author":{"@id":"https:\/\/anoticiaonline.com.br\/site\/author\/juliana\/#author"},"publisher":{"@id":"https:\/\/anoticiaonline.com.br\/site\/#organization"},"image":{"@type":"ImageObject","url":"https:\/\/scontent-gig4-1.xx.fbcdn.net\/v\/t39.30808-1\/270437624_4564083193639691_6907940295614233970_n.jpg?stp=dst-jpg_s200x200_tt6&_nc_cat=111&ccb=1-7&_nc_sid=f907e8&_nc_ohc=SM1wRlP3lJwQ7kNvwEPuBYA&_nc_oc=AdnqrjDN_BNjSSHWO-GbkIWH6fkGMLw4bqvL_NH6e2wMveX7G-rP2dAqsDSq1mJMOaY&_nc_zt=24&_nc_ht=scontent-gig4-1.xx&_nc_gid=AoBFJeGrT1hVaew_6rchkQ&oh=00_AfX7QmFGhQhG2jAllVgXCiM1ZrWgvtp80-Bfppyexh1QEg&oe=689E923C","@id":"https:\/\/anoticiaonline.com.br\/site\/#articleImage"},"datePublished":"2018-04-12T19:04:34-03:00","dateModified":"2018-04-12T19:04:34-03:00","inLanguage":"pt-BR","mainEntityOfPage":{"@id":"https:\/\/anoticiaonline.com.br\/site\/a-opcao-por-nao-ser-um-estadista\/#webpage"},"isPartOf":{"@id":"https:\/\/anoticiaonline.com.br\/site\/a-opcao-por-nao-ser-um-estadista\/#webpage"},"articleSection":"Logos - Adellunar Marge, adellunar marge, estadista, lula, presidente"},{"@type":"BreadcrumbList","@id":"https:\/\/anoticiaonline.com.br\/site\/a-opcao-por-nao-ser-um-estadista\/#breadcrumblist","itemListElement":[{"@type":"ListItem","@id":"https:\/\/anoticiaonline.com.br\/site#listItem","position":1,"name":"Home","item":"https:\/\/anoticiaonline.com.br\/site","nextItem":{"@type":"ListItem","@id":"https:\/\/anoticiaonline.com.br\/site\/categoria\/colunistas\/#listItem","name":"Colunistas"}},{"@type":"ListItem","@id":"https:\/\/anoticiaonline.com.br\/site\/categoria\/colunistas\/#listItem","position":2,"name":"Colunistas","item":"https:\/\/anoticiaonline.com.br\/site\/categoria\/colunistas\/","nextItem":{"@type":"ListItem","@id":"https:\/\/anoticiaonline.com.br\/site\/categoria\/colunistas\/logos-adellunar-marge\/#listItem","name":"Logos - Adellunar Marge"},"previousItem":{"@type":"ListItem","@id":"https:\/\/anoticiaonline.com.br\/site#listItem","name":"Home"}},{"@type":"ListItem","@id":"https:\/\/anoticiaonline.com.br\/site\/categoria\/colunistas\/logos-adellunar-marge\/#listItem","position":3,"name":"Logos - Adellunar Marge","item":"https:\/\/anoticiaonline.com.br\/site\/categoria\/colunistas\/logos-adellunar-marge\/","nextItem":{"@type":"ListItem","@id":"https:\/\/anoticiaonline.com.br\/site\/a-opcao-por-nao-ser-um-estadista\/#listItem","name":"A OP\u00c7\u00c3O POR N\u00c3O SER UM ESTADISTA"},"previousItem":{"@type":"ListItem","@id":"https:\/\/anoticiaonline.com.br\/site\/categoria\/colunistas\/#listItem","name":"Colunistas"}},{"@type":"ListItem","@id":"https:\/\/anoticiaonline.com.br\/site\/a-opcao-por-nao-ser-um-estadista\/#listItem","position":4,"name":"A OP\u00c7\u00c3O POR N\u00c3O SER UM ESTADISTA","previousItem":{"@type":"ListItem","@id":"https:\/\/anoticiaonline.com.br\/site\/categoria\/colunistas\/logos-adellunar-marge\/#listItem","name":"Logos - Adellunar Marge"}}]},{"@type":"Organization","@id":"https:\/\/anoticiaonline.com.br\/site\/#organization","name":"A Not\u00edcia Online","description":"Noticias de Muria\u00e9 e regi\u00e3o","url":"https:\/\/anoticiaonline.com.br\/site\/","logo":{"@type":"ImageObject","url":"https:\/\/scontent-gig4-1.xx.fbcdn.net\/v\/t39.30808-1\/270437624_4564083193639691_6907940295614233970_n.jpg?stp=dst-jpg_s200x200_tt6&_nc_cat=111&ccb=1-7&_nc_sid=f907e8&_nc_ohc=SM1wRlP3lJwQ7kNvwEPuBYA&_nc_oc=AdnqrjDN_BNjSSHWO-GbkIWH6fkGMLw4bqvL_NH6e2wMveX7G-rP2dAqsDSq1mJMOaY&_nc_zt=24&_nc_ht=scontent-gig4-1.xx&_nc_gid=AoBFJeGrT1hVaew_6rchkQ&oh=00_AfX7QmFGhQhG2jAllVgXCiM1ZrWgvtp80-Bfppyexh1QEg&oe=689E923C","@id":"https:\/\/anoticiaonline.com.br\/site\/a-opcao-por-nao-ser-um-estadista\/#organizationLogo"},"image":{"@id":"https:\/\/anoticiaonline.com.br\/site\/a-opcao-por-nao-ser-um-estadista\/#organizationLogo"}},{"@type":"Person","@id":"https:\/\/anoticiaonline.com.br\/site\/author\/juliana\/#author","url":"https:\/\/anoticiaonline.com.br\/site\/author\/juliana\/","name":"Juliana Laviola","image":{"@type":"ImageObject","@id":"https:\/\/anoticiaonline.com.br\/site\/a-opcao-por-nao-ser-um-estadista\/#authorImage","url":"https:\/\/secure.gravatar.com\/avatar\/b8d45f5c699b100dfaf0e543582f38f38bf94cb7ae3a5e9abf8d891a34773335?s=96&d=mm&r=g","width":96,"height":96,"caption":"Juliana Laviola"}},{"@type":"WebPage","@id":"https:\/\/anoticiaonline.com.br\/site\/a-opcao-por-nao-ser-um-estadista\/#webpage","url":"https:\/\/anoticiaonline.com.br\/site\/a-opcao-por-nao-ser-um-estadista\/","name":"A OP\u00c7\u00c3O POR N\u00c3O SER UM ESTADISTA - A Not\u00edcia Online","description":"Adellunar Marge O poder n\u00e3o corrompe. Quando um poderoso \u00e9 corrupto, \u00e9 porque j\u00e1 traz dentro de si o germe da desonestidade. O poder apenas catalisa essa tend\u00eancia, fazendo-a brotar de dentro do indiv\u00edduo e refletir-se em suas a\u00e7\u00f5es. Lula tinha quase tudo para ser um verdadeiro pol\u00edtico e um estadista. Surgiu","inLanguage":"pt-BR","isPartOf":{"@id":"https:\/\/anoticiaonline.com.br\/site\/#website"},"breadcrumb":{"@id":"https:\/\/anoticiaonline.com.br\/site\/a-opcao-por-nao-ser-um-estadista\/#breadcrumblist"},"author":{"@id":"https:\/\/anoticiaonline.com.br\/site\/author\/juliana\/#author"},"creator":{"@id":"https:\/\/anoticiaonline.com.br\/site\/author\/juliana\/#author"},"datePublished":"2018-04-12T19:04:34-03:00","dateModified":"2018-04-12T19:04:34-03:00"},{"@type":"WebSite","@id":"https:\/\/anoticiaonline.com.br\/site\/#website","url":"https:\/\/anoticiaonline.com.br\/site\/","name":"A Not\u00edcia Online","description":"Noticias de Muria\u00e9 e regi\u00e3o","inLanguage":"pt-BR","publisher":{"@id":"https:\/\/anoticiaonline.com.br\/site\/#organization"}}]},"og:locale":"pt_BR","og:site_name":"A Not\u00edcia Online - Noticias de Muria\u00e9 e regi\u00e3o","og:type":"article","og:title":"A OP\u00c7\u00c3O POR N\u00c3O SER UM ESTADISTA - A Not\u00edcia Online","og:description":"Adellunar Marge O poder n\u00e3o corrompe. Quando um poderoso \u00e9 corrupto, \u00e9 porque j\u00e1 traz dentro de si o germe da desonestidade. O poder apenas catalisa essa tend\u00eancia, fazendo-a brotar de dentro do indiv\u00edduo e refletir-se em suas a\u00e7\u00f5es. Lula tinha quase tudo para ser um verdadeiro pol\u00edtico e um estadista. Surgiu","og:url":"https:\/\/anoticiaonline.com.br\/site\/a-opcao-por-nao-ser-um-estadista\/","og:image":"https:\/\/scontent-gig4-1.xx.fbcdn.net\/v\/t39.30808-1\/270437624_4564083193639691_6907940295614233970_n.jpg?stp=dst-jpg_s200x200_tt6&#038;_nc_cat=111&#038;ccb=1-7&#038;_nc_sid=f907e8&#038;_nc_ohc=SM1wRlP3lJwQ7kNvwEPuBYA&#038;_nc_oc=AdnqrjDN_BNjSSHWO-GbkIWH6fkGMLw4bqvL_NH6e2wMveX7G-rP2dAqsDSq1mJMOaY&#038;_nc_zt=24&#038;_nc_ht=scontent-gig4-1.xx&#038;_nc_gid=AoBFJeGrT1hVaew_6rchkQ&#038;oh=00_AfX7QmFGhQhG2jAllVgXCiM1ZrWgvtp80-Bfppyexh1QEg&#038;oe=689E923C","og:image:secure_url":"https:\/\/scontent-gig4-1.xx.fbcdn.net\/v\/t39.30808-1\/270437624_4564083193639691_6907940295614233970_n.jpg?stp=dst-jpg_s200x200_tt6&#038;_nc_cat=111&#038;ccb=1-7&#038;_nc_sid=f907e8&#038;_nc_ohc=SM1wRlP3lJwQ7kNvwEPuBYA&#038;_nc_oc=AdnqrjDN_BNjSSHWO-GbkIWH6fkGMLw4bqvL_NH6e2wMveX7G-rP2dAqsDSq1mJMOaY&#038;_nc_zt=24&#038;_nc_ht=scontent-gig4-1.xx&#038;_nc_gid=AoBFJeGrT1hVaew_6rchkQ&#038;oh=00_AfX7QmFGhQhG2jAllVgXCiM1ZrWgvtp80-Bfppyexh1QEg&#038;oe=689E923C","article:published_time":"2018-04-12T22:04:34+00:00","article:modified_time":"2018-04-12T22:04:34+00:00","twitter:card":"summary_large_image","twitter:title":"A OP\u00c7\u00c3O POR N\u00c3O SER UM ESTADISTA - A Not\u00edcia Online","twitter:description":"Adellunar Marge O poder n\u00e3o corrompe. Quando um poderoso \u00e9 corrupto, \u00e9 porque j\u00e1 traz dentro de si o germe da desonestidade. O poder apenas catalisa essa tend\u00eancia, fazendo-a brotar de dentro do indiv\u00edduo e refletir-se em suas a\u00e7\u00f5es. Lula tinha quase tudo para ser um verdadeiro pol\u00edtico e um estadista. Surgiu","twitter:image":"https:\/\/scontent-gig4-1.xx.fbcdn.net\/v\/t39.30808-1\/270437624_4564083193639691_6907940295614233970_n.jpg?stp=dst-jpg_s200x200_tt6&_nc_cat=111&ccb=1-7&_nc_sid=f907e8&_nc_ohc=SM1wRlP3lJwQ7kNvwEPuBYA&_nc_oc=AdnqrjDN_BNjSSHWO-GbkIWH6fkGMLw4bqvL_NH6e2wMveX7G-rP2dAqsDSq1mJMOaY&_nc_zt=24&_nc_ht=scontent-gig4-1.xx&_nc_gid=AoBFJeGrT1hVaew_6rchkQ&oh=00_AfX7QmFGhQhG2jAllVgXCiM1ZrWgvtp80-Bfppyexh1QEg&oe=689E923C"},"aioseo_meta_data":{"post_id":"53255","title":null,"description":null,"keywords":null,"keyphrases":null,"primary_term":null,"canonical_url":null,"og_title":null,"og_description":null,"og_object_type":"default","og_image_type":"default","og_image_url":null,"og_image_width":null,"og_image_height":null,"og_image_custom_url":null,"og_image_custom_fields":null,"og_video":null,"og_custom_url":null,"og_article_section":null,"og_article_tags":null,"twitter_use_og":false,"twitter_card":"default","twitter_image_type":"default","twitter_image_url":null,"twitter_image_custom_url":null,"twitter_image_custom_fields":null,"twitter_title":null,"twitter_description":null,"schema":{"blockGraphs":[],"customGraphs":[],"default":{"data":{"Article":[],"Course":[],"Dataset":[],"FAQPage":[],"Movie":[],"Person":[],"Product":[],"ProductReview":[],"Car":[],"Recipe":[],"Service":[],"SoftwareApplication":[],"WebPage":[]},"graphName":"","isEnabled":true},"graphs":[]},"schema_type":"default","schema_type_options":null,"pillar_content":false,"robots_default":true,"robots_noindex":false,"robots_noarchive":false,"robots_nosnippet":false,"robots_nofollow":false,"robots_noimageindex":false,"robots_noodp":false,"robots_notranslate":false,"robots_max_snippet":null,"robots_max_videopreview":null,"robots_max_imagepreview":"large","priority":null,"frequency":null,"local_seo":null,"breadcrumb_settings":null,"limit_modified_date":false,"ai":null,"created":"2025-08-16 20:39:20","updated":"2025-08-16 20:39:20","focus_keyword":null,"additional_keywords":null,"truseo_locale":null,"seo_analyzer_scan_date":null},"aioseo_breadcrumb":"<div class=\"aioseo-breadcrumbs\"><span class=\"aioseo-breadcrumb\">\n\t\t\t<a href=\"https:\/\/anoticiaonline.com.br\/site\" title=\"Home\">Home<\/a>\n\t\t<\/span><span class=\"aioseo-breadcrumb-separator\">&raquo;<\/span><span class=\"aioseo-breadcrumb\">\n\t\t\t<a href=\"https:\/\/anoticiaonline.com.br\/site\/categoria\/colunistas\/\" title=\"Colunistas\">Colunistas<\/a>\n\t\t<\/span><span class=\"aioseo-breadcrumb-separator\">&raquo;<\/span><span class=\"aioseo-breadcrumb\">\n\t\t\t<a href=\"https:\/\/anoticiaonline.com.br\/site\/categoria\/colunistas\/logos-adellunar-marge\/\" title=\"Logos - Adellunar Marge\">Logos - Adellunar Marge<\/a>\n\t\t<\/span><span class=\"aioseo-breadcrumb-separator\">&raquo;<\/span><span class=\"aioseo-breadcrumb\">\n\t\t\tA OP\u00c7\u00c3O POR N\u00c3O SER UM ESTADISTA\n\t\t<\/span><\/div>","aioseo_breadcrumb_json":[{"label":"Home","link":"https:\/\/anoticiaonline.com.br\/site"},{"label":"Colunistas","link":"https:\/\/anoticiaonline.com.br\/site\/categoria\/colunistas\/"},{"label":"Logos - Adellunar Marge","link":"https:\/\/anoticiaonline.com.br\/site\/categoria\/colunistas\/logos-adellunar-marge\/"},{"label":"A OP\u00c7\u00c3O POR N\u00c3O SER UM ESTADISTA","link":"https:\/\/anoticiaonline.com.br\/site\/a-opcao-por-nao-ser-um-estadista\/"}],"views":127,"_links":{"self":[{"href":"https:\/\/anoticiaonline.com.br\/site\/wp-json\/wp\/v2\/posts\/53255","targetHints":{"allow":["GET"]}}],"collection":[{"href":"https:\/\/anoticiaonline.com.br\/site\/wp-json\/wp\/v2\/posts"}],"about":[{"href":"https:\/\/anoticiaonline.com.br\/site\/wp-json\/wp\/v2\/types\/post"}],"author":[{"embeddable":true,"href":"https:\/\/anoticiaonline.com.br\/site\/wp-json\/wp\/v2\/users\/2"}],"replies":[{"embeddable":true,"href":"https:\/\/anoticiaonline.com.br\/site\/wp-json\/wp\/v2\/comments?post=53255"}],"version-history":[{"count":0,"href":"https:\/\/anoticiaonline.com.br\/site\/wp-json\/wp\/v2\/posts\/53255\/revisions"}],"wp:attachment":[{"href":"https:\/\/anoticiaonline.com.br\/site\/wp-json\/wp\/v2\/media?parent=53255"}],"wp:term":[{"taxonomy":"category","embeddable":true,"href":"https:\/\/anoticiaonline.com.br\/site\/wp-json\/wp\/v2\/categories?post=53255"},{"taxonomy":"post_tag","embeddable":true,"href":"https:\/\/anoticiaonline.com.br\/site\/wp-json\/wp\/v2\/tags?post=53255"}],"curies":[{"name":"wp","href":"https:\/\/api.w.org\/{rel}","templated":true}]}}