{"id":53252,"date":"2018-04-12T16:51:35","date_gmt":"2018-04-12T19:51:35","guid":{"rendered":"http:\/\/anoticiaonline.com.br\/site\/?p=53252"},"modified":"2018-04-12T16:51:35","modified_gmt":"2018-04-12T19:51:35","slug":"pre-assembleia-do-sicoob-credisudeste-firma-o-cooperativismo-na-regiao-de-muriae","status":"publish","type":"post","link":"https:\/\/anoticiaonline.com.br\/site\/pre-assembleia-do-sicoob-credisudeste-firma-o-cooperativismo-na-regiao-de-muriae\/","title":{"rendered":"Pr\u00e9-Assembleia do Sicoob Credisudeste firma o cooperativismo na regi\u00e3o de Muria\u00e9"},"content":{"rendered":"<p>O Sicoob Credisudeste mobilizou seus associados das tr\u00eas ag\u00eancias de Muria\u00e9: Barra, Centro e Dornelas, na noite desta sexta-feira (6) para a pr\u00e9-assembleia que antecedem a Assembleia Geral Ordin\u00e1ria, que acontece no dia 19 de abril, em Muria\u00e9 (MG). Os eventos come\u00e7aram em fevereiro e v\u00e3o at\u00e9 o dia 13 de abril em 20 localidades atendidas pela cooperativa de cr\u00e9dito.<\/p>\n<p>As pr\u00e9-assembleias s\u00e3o a oportunidade que o Sicoob Credisudeste tem para apresentar os resultados econ\u00f4micos do ano de 2017 e dos cooperados estarem em contato direto com diretores, conselheiros e colaboradores para tirar d\u00favidas e contribu\u00edrem com sugest\u00f5es.<\/p>\n<p>Segundo o gerente-geral do Sicoob Credisudeste Allan Hott, j\u00e1 \u00e9 um costume da cooperativa fazer a presta\u00e7\u00e3o de contas anual, de tudo que a cooperativa gerou de resultado e como foi seu desempenho no exerc\u00edcio anterior. \u201cEstamos aqui em Muria\u00e9 apresentando para os associados o nosso desempenho do ano passado, fazemos isso em todas as cidades onde temos ag\u00eancia, estimamos cerca de 500 pessoas aqui, ficamos lisonjeados com a presen\u00e7a dos nossos associados e de poder compartilhar informa\u00e7\u00f5es e estrat\u00e9gias ao longo do ano e sobre os novos rumos da cooperativa, nossos objetivos, princ\u00edpios e desafios para o ano de 2018. Reunimos nossas tr\u00eas ag\u00eancias: Barra, Centro e Dornelas, e fizemos a presta\u00e7\u00e3o de contas individualizada por ag\u00eancia e tamb\u00e9m da cooperativa de forma geral, como uma cooperativa que reside em 20 munic\u00edpios e com 23 ag\u00eancias\u201d, explicou.<\/p>\n<p>O presidente do Conselho de Administra\u00e7\u00e3o do Sicoob Credisudeste, Paulo Alexandre de Oliveira Carvalho, disse: &#8220;A obriga\u00e7\u00e3o de toda Cooperativa \u00e9 prestar contas aos associados e n\u00f3s fazemos nos munic\u00edpios onde temos ag\u00eancia, como a sede fica em Muria\u00e9 resolvemos fazer aqui a pr\u00e9-assembleia j\u00e1 que a Assembleia Geral precisa ser na sede\u201d.<\/p>\n<p>A gerente da ag\u00eancia do Dornelas, Bianca Dias Gon\u00e7alves, frisou: &#8220;S\u00f3 temos que agradecer aos nossos associados. Na ag\u00eancia do Dornelas temos cerca de 500 associados, a maioria s\u00e3o pessoas f\u00edsicas mas temos aproximadamente 200 pessoas jur\u00eddicas, abrangemos os bairros do Dornelas, Santana, Cardoso de Melo, S\u00e3o Joaquim e toda aquela comunidade\u201d.<\/p>\n<p>O gerente da ag\u00eancia da Barra, Gilberto Lemos Soares, explicou: &#8220;Foi a primeira vez que aconteceu uma pr\u00e9-assembleia em Muria\u00e9 e ficamos muito satisfeitos com a presen\u00e7a dos associados, vimos que quem veio aqui s\u00e3o as pessoas fi\u00e9is \u00e0 cooperativa, que t\u00eam prazer de estarem conosco e que est\u00e3o satisfeitos com o norte que a cooperativa tomou\u201d.<\/p>\n<p>A gerente da ag\u00eancia do centro, Ana Cristina de Oliveira Alves Rocha, disse: &#8220;Hoje realizamos nossa primeira pr\u00e9-assembleia em Muria\u00e9, est\u00e1vamos muito apreensivos para que tudo desse certo, os associados compareceram em massa no Colina para nos prestigiar e na noite de hoje, juntamente com a diretoria executiva, apresentamos os resultados que ag\u00eancia produziu no ano de 2017. Quero agradecer a presen\u00e7a de todo mundo e dizer que estamos dispon\u00edveis na ag\u00eancia para esclarecer d\u00favidas e ganhar novos associados, hoje temos em torno de 1500 associados. A assembleia geral ser\u00e1 nos dias 19 de Abril, onde apresentaremos os resultados da cooperativa inteira\u201d.<\/p>\n<p>A jornalista Gabriela Marquito, cooperada h\u00e1 6 anos do Sicoob Credisudeste no Dornelas, disse: &#8220;Gosto muito da cooperativa pelo tratamento e atendimento especializado, pelos servi\u00e7os de qualidade que s\u00e3o ofertados e pela seguran\u00e7a que ela oferece a todos n\u00f3s\u201d.<\/p>\n<p><a href=\"https:\/\/anoticiaonline.com.br\/site\/wp-content\/uploads\/2018\/04\/Pr\u00e9-Assembleia-do-Sicoob-Credisudeste-Barra-Centro-e-Dornelas-\u00e9-um-sucesso-e-firma-o-cooperativismo-na-regi\u00e3o-de-Muria\u00e9.jpg\"><img fetchpriority=\"high\" decoding=\"async\" class=\"alignnone size-full wp-image-53253\" src=\"https:\/\/anoticiaonline.com.br\/site\/wp-content\/uploads\/2018\/04\/Pr\u00e9-Assembleia-do-Sicoob-Credisudeste-Barra-Centro-e-Dornelas-\u00e9-um-sucesso-e-firma-o-cooperativismo-na-regi\u00e3o-de-Muria\u00e9.jpg\" alt=\"\" width=\"640\" height=\"427\" srcset=\"https:\/\/anoticiaonline.com.br\/site\/wp-content\/uploads\/2018\/04\/Pr\u00e9-Assembleia-do-Sicoob-Credisudeste-Barra-Centro-e-Dornelas-\u00e9-um-sucesso-e-firma-o-cooperativismo-na-regi\u00e3o-de-Muria\u00e9.jpg 640w, https:\/\/anoticiaonline.com.br\/site\/wp-content\/uploads\/2018\/04\/Pr\u00e9-Assembleia-do-Sicoob-Credisudeste-Barra-Centro-e-Dornelas-\u00e9-um-sucesso-e-firma-o-cooperativismo-na-regi\u00e3o-de-Muria\u00e9-300x200.jpg 300w\" sizes=\"(max-width: 640px) 100vw, 640px\" \/><\/a><\/p>\n<p>&nbsp;<\/p>\n<p>Cr\u00e9ditos: ASCOM Sicoob Credisudeste<\/p>\n","protected":false},"excerpt":{"rendered":"<p>O Sicoob Credisudeste mobilizou seus associados das tr\u00eas ag\u00eancias de Muria\u00e9: Barra, Centro e Dornelas, na noite desta sexta-feira (6) para a pr\u00e9-assembleia que antecedem a Assembleia Geral Ordin\u00e1ria, que acontece no dia 19 de abril, em Muria\u00e9 (MG). Os eventos come\u00e7aram em fevereiro e v\u00e3o at\u00e9 o dia 13 de abril em 20 localidades &#8230; <a title=\"Pr\u00e9-Assembleia do Sicoob Credisudeste firma o cooperativismo na regi\u00e3o de Muria\u00e9\" class=\"read-more\" href=\"https:\/\/anoticiaonline.com.br\/site\/pre-assembleia-do-sicoob-credisudeste-firma-o-cooperativismo-na-regiao-de-muriae\/\" aria-label=\"Read more about Pr\u00e9-Assembleia do Sicoob Credisudeste firma o cooperativismo na regi\u00e3o de Muria\u00e9\">Ler mais<\/a><\/p>\n","protected":false},"author":2,"featured_media":53253,"comment_status":"open","ping_status":"open","sticky":false,"template":"","format":"standard","meta":{"_acf_changed":false,"_monsterinsights_skip_tracking":false,"footnotes":""},"categories":[30],"tags":[74,2229,596],"class_list":["post-53252","post","type-post","status-publish","format-standard","has-post-thumbnail","hentry","category-muriae","tag-muriae","tag-pre-assembleia","tag-sicoob-credisudeste"],"acf":[],"aioseo_notices":[],"aioseo_head":"\n\t\t<!-- All in One SEO 5.0.0.1 - aioseo.com -->\n\t<meta name=\"description\" content=\"O Sicoob Credisudeste mobilizou seus associados das tr\u00eas ag\u00eancias de Muria\u00e9: Barra, Centro e Dornelas, na noite desta sexta-feira (6) para a pr\u00e9-assembleia que antecedem a Assembleia Geral Ordin\u00e1ria, que acontece no dia 19 de abril, em Muria\u00e9 (MG). Os eventos come\u00e7aram em fevereiro e v\u00e3o at\u00e9 o dia 13 de abril em 20 localidades\" \/>\n\t<meta name=\"robots\" content=\"max-image-preview:large\" \/>\n\t<meta name=\"author\" content=\"Juliana Laviola\"\/>\n\t<link rel=\"canonical\" href=\"https:\/\/anoticiaonline.com.br\/site\/pre-assembleia-do-sicoob-credisudeste-firma-o-cooperativismo-na-regiao-de-muriae\/\" \/>\n\t<meta name=\"generator\" content=\"All in One SEO (AIOSEO) 5.0.0.1\" \/>\n\t\t<meta property=\"og:locale\" content=\"pt_BR\" \/>\n\t\t<meta property=\"og:site_name\" content=\"A Not\u00edcia Online - Noticias de Muria\u00e9 e regi\u00e3o\" \/>\n\t\t<meta property=\"og:type\" content=\"article\" \/>\n\t\t<meta property=\"og:title\" content=\"Pr\u00e9-Assembleia do Sicoob Credisudeste firma o cooperativismo na regi\u00e3o de Muria\u00e9 - A Not\u00edcia Online\" \/>\n\t\t<meta property=\"og:description\" content=\"O Sicoob Credisudeste mobilizou seus associados das tr\u00eas ag\u00eancias de Muria\u00e9: Barra, Centro e Dornelas, na noite desta sexta-feira (6) para a pr\u00e9-assembleia que antecedem a Assembleia Geral Ordin\u00e1ria, que acontece no dia 19 de abril, em Muria\u00e9 (MG). Os eventos come\u00e7aram em fevereiro e v\u00e3o at\u00e9 o dia 13 de abril em 20 localidades\" \/>\n\t\t<meta property=\"og:url\" content=\"https:\/\/anoticiaonline.com.br\/site\/pre-assembleia-do-sicoob-credisudeste-firma-o-cooperativismo-na-regiao-de-muriae\/\" \/>\n\t\t<meta property=\"og:image\" content=\"https:\/\/scontent-gig4-1.xx.fbcdn.net\/v\/t39.30808-1\/270437624_4564083193639691_6907940295614233970_n.jpg?stp=dst-jpg_s200x200_tt6&#038;_nc_cat=111&#038;ccb=1-7&#038;_nc_sid=f907e8&#038;_nc_ohc=SM1wRlP3lJwQ7kNvwEPuBYA&#038;_nc_oc=AdnqrjDN_BNjSSHWO-GbkIWH6fkGMLw4bqvL_NH6e2wMveX7G-rP2dAqsDSq1mJMOaY&#038;_nc_zt=24&#038;_nc_ht=scontent-gig4-1.xx&#038;_nc_gid=AoBFJeGrT1hVaew_6rchkQ&#038;oh=00_AfX7QmFGhQhG2jAllVgXCiM1ZrWgvtp80-Bfppyexh1QEg&#038;oe=689E923C\" \/>\n\t\t<meta property=\"og:image:secure_url\" content=\"https:\/\/scontent-gig4-1.xx.fbcdn.net\/v\/t39.30808-1\/270437624_4564083193639691_6907940295614233970_n.jpg?stp=dst-jpg_s200x200_tt6&#038;_nc_cat=111&#038;ccb=1-7&#038;_nc_sid=f907e8&#038;_nc_ohc=SM1wRlP3lJwQ7kNvwEPuBYA&#038;_nc_oc=AdnqrjDN_BNjSSHWO-GbkIWH6fkGMLw4bqvL_NH6e2wMveX7G-rP2dAqsDSq1mJMOaY&#038;_nc_zt=24&#038;_nc_ht=scontent-gig4-1.xx&#038;_nc_gid=AoBFJeGrT1hVaew_6rchkQ&#038;oh=00_AfX7QmFGhQhG2jAllVgXCiM1ZrWgvtp80-Bfppyexh1QEg&#038;oe=689E923C\" \/>\n\t\t<meta property=\"article:published_time\" content=\"2018-04-12T19:51:35+00:00\" \/>\n\t\t<meta property=\"article:modified_time\" content=\"2018-04-12T19:51:35+00:00\" \/>\n\t\t<meta name=\"twitter:card\" content=\"summary_large_image\" \/>\n\t\t<meta name=\"twitter:title\" content=\"Pr\u00e9-Assembleia do Sicoob Credisudeste firma o cooperativismo na regi\u00e3o de Muria\u00e9 - A Not\u00edcia Online\" \/>\n\t\t<meta name=\"twitter:description\" content=\"O Sicoob Credisudeste mobilizou seus associados das tr\u00eas ag\u00eancias de Muria\u00e9: Barra, Centro e Dornelas, na noite desta sexta-feira (6) para a pr\u00e9-assembleia que antecedem a Assembleia Geral Ordin\u00e1ria, que acontece no dia 19 de abril, em Muria\u00e9 (MG). Os eventos come\u00e7aram em fevereiro e v\u00e3o at\u00e9 o dia 13 de abril em 20 localidades\" \/>\n\t\t<meta name=\"twitter:image\" content=\"https:\/\/scontent-gig4-1.xx.fbcdn.net\/v\/t39.30808-1\/270437624_4564083193639691_6907940295614233970_n.jpg?stp=dst-jpg_s200x200_tt6&amp;_nc_cat=111&amp;ccb=1-7&amp;_nc_sid=f907e8&amp;_nc_ohc=SM1wRlP3lJwQ7kNvwEPuBYA&amp;_nc_oc=AdnqrjDN_BNjSSHWO-GbkIWH6fkGMLw4bqvL_NH6e2wMveX7G-rP2dAqsDSq1mJMOaY&amp;_nc_zt=24&amp;_nc_ht=scontent-gig4-1.xx&amp;_nc_gid=AoBFJeGrT1hVaew_6rchkQ&amp;oh=00_AfX7QmFGhQhG2jAllVgXCiM1ZrWgvtp80-Bfppyexh1QEg&amp;oe=689E923C\" \/>\n\t\t<script type=\"application\/ld+json\" class=\"aioseo-schema\">\n\t\t\t{\"@context\":\"https:\\\/\\\/schema.org\",\"@graph\":[{\"@type\":\"BlogPosting\",\"@id\":\"https:\\\/\\\/anoticiaonline.com.br\\\/site\\\/pre-assembleia-do-sicoob-credisudeste-firma-o-cooperativismo-na-regiao-de-muriae\\\/#blogposting\",\"name\":\"Pr\\u00e9-Assembleia do Sicoob Credisudeste firma o cooperativismo na regi\\u00e3o de Muria\\u00e9 - A Not\\u00edcia Online\",\"headline\":\"Pr\\u00e9-Assembleia do Sicoob Credisudeste firma o cooperativismo na regi\\u00e3o de Muria\\u00e9\",\"author\":{\"@id\":\"https:\\\/\\\/anoticiaonline.com.br\\\/site\\\/author\\\/juliana\\\/#author\"},\"publisher\":{\"@id\":\"https:\\\/\\\/anoticiaonline.com.br\\\/site\\\/#organization\"},\"image\":{\"@type\":\"ImageObject\",\"url\":\"https:\\\/\\\/anoticiaonline.com.br\\\/site\\\/wp-content\\\/uploads\\\/2018\\\/04\\\/Pr\\u00e9-Assembleia-do-Sicoob-Credisudeste-Barra-Centro-e-Dornelas-\\u00e9-um-sucesso-e-firma-o-cooperativismo-na-regi\\u00e3o-de-Muria\\u00e9.jpg\",\"width\":640,\"height\":427},\"datePublished\":\"2018-04-12T16:51:35-03:00\",\"dateModified\":\"2018-04-12T16:51:35-03:00\",\"inLanguage\":\"pt-BR\",\"mainEntityOfPage\":{\"@id\":\"https:\\\/\\\/anoticiaonline.com.br\\\/site\\\/pre-assembleia-do-sicoob-credisudeste-firma-o-cooperativismo-na-regiao-de-muriae\\\/#webpage\"},\"isPartOf\":{\"@id\":\"https:\\\/\\\/anoticiaonline.com.br\\\/site\\\/pre-assembleia-do-sicoob-credisudeste-firma-o-cooperativismo-na-regiao-de-muriae\\\/#webpage\"},\"articleSection\":\"Blog, Muria\\u00e9, Pr\\u00e9-Assembleia, SICOOB\\u00a0 CREDISUDESTE\"},{\"@type\":\"BreadcrumbList\",\"@id\":\"https:\\\/\\\/anoticiaonline.com.br\\\/site\\\/pre-assembleia-do-sicoob-credisudeste-firma-o-cooperativismo-na-regiao-de-muriae\\\/#breadcrumblist\",\"itemListElement\":[{\"@type\":\"ListItem\",\"@id\":\"https:\\\/\\\/anoticiaonline.com.br\\\/site#listItem\",\"position\":1,\"name\":\"Home\",\"item\":\"https:\\\/\\\/anoticiaonline.com.br\\\/site\",\"nextItem\":{\"@type\":\"ListItem\",\"@id\":\"https:\\\/\\\/anoticiaonline.com.br\\\/site\\\/categoria\\\/muriae\\\/#listItem\",\"name\":\"Blog\"}},{\"@type\":\"ListItem\",\"@id\":\"https:\\\/\\\/anoticiaonline.com.br\\\/site\\\/categoria\\\/muriae\\\/#listItem\",\"position\":2,\"name\":\"Blog\",\"item\":\"https:\\\/\\\/anoticiaonline.com.br\\\/site\\\/categoria\\\/muriae\\\/\",\"nextItem\":{\"@type\":\"ListItem\",\"@id\":\"https:\\\/\\\/anoticiaonline.com.br\\\/site\\\/pre-assembleia-do-sicoob-credisudeste-firma-o-cooperativismo-na-regiao-de-muriae\\\/#listItem\",\"name\":\"Pr\\u00e9-Assembleia do Sicoob Credisudeste firma o cooperativismo na regi\\u00e3o de Muria\\u00e9\"},\"previousItem\":{\"@type\":\"ListItem\",\"@id\":\"https:\\\/\\\/anoticiaonline.com.br\\\/site#listItem\",\"name\":\"Home\"}},{\"@type\":\"ListItem\",\"@id\":\"https:\\\/\\\/anoticiaonline.com.br\\\/site\\\/pre-assembleia-do-sicoob-credisudeste-firma-o-cooperativismo-na-regiao-de-muriae\\\/#listItem\",\"position\":3,\"name\":\"Pr\\u00e9-Assembleia do Sicoob Credisudeste firma o cooperativismo na regi\\u00e3o de Muria\\u00e9\",\"previousItem\":{\"@type\":\"ListItem\",\"@id\":\"https:\\\/\\\/anoticiaonline.com.br\\\/site\\\/categoria\\\/muriae\\\/#listItem\",\"name\":\"Blog\"}}]},{\"@type\":\"Organization\",\"@id\":\"https:\\\/\\\/anoticiaonline.com.br\\\/site\\\/#organization\",\"name\":\"A Not\\u00edcia Online\",\"description\":\"Noticias de Muria\\u00e9 e regi\\u00e3o\",\"url\":\"https:\\\/\\\/anoticiaonline.com.br\\\/site\\\/\",\"logo\":{\"@type\":\"ImageObject\",\"url\":\"https:\\\/\\\/scontent-gig4-1.xx.fbcdn.net\\\/v\\\/t39.30808-1\\\/270437624_4564083193639691_6907940295614233970_n.jpg?stp=dst-jpg_s200x200_tt6&_nc_cat=111&ccb=1-7&_nc_sid=f907e8&_nc_ohc=SM1wRlP3lJwQ7kNvwEPuBYA&_nc_oc=AdnqrjDN_BNjSSHWO-GbkIWH6fkGMLw4bqvL_NH6e2wMveX7G-rP2dAqsDSq1mJMOaY&_nc_zt=24&_nc_ht=scontent-gig4-1.xx&_nc_gid=AoBFJeGrT1hVaew_6rchkQ&oh=00_AfX7QmFGhQhG2jAllVgXCiM1ZrWgvtp80-Bfppyexh1QEg&oe=689E923C\",\"@id\":\"https:\\\/\\\/anoticiaonline.com.br\\\/site\\\/pre-assembleia-do-sicoob-credisudeste-firma-o-cooperativismo-na-regiao-de-muriae\\\/#organizationLogo\"},\"image\":{\"@id\":\"https:\\\/\\\/anoticiaonline.com.br\\\/site\\\/pre-assembleia-do-sicoob-credisudeste-firma-o-cooperativismo-na-regiao-de-muriae\\\/#organizationLogo\"}},{\"@type\":\"Person\",\"@id\":\"https:\\\/\\\/anoticiaonline.com.br\\\/site\\\/author\\\/juliana\\\/#author\",\"url\":\"https:\\\/\\\/anoticiaonline.com.br\\\/site\\\/author\\\/juliana\\\/\",\"name\":\"Juliana Laviola\",\"image\":{\"@type\":\"ImageObject\",\"@id\":\"https:\\\/\\\/anoticiaonline.com.br\\\/site\\\/pre-assembleia-do-sicoob-credisudeste-firma-o-cooperativismo-na-regiao-de-muriae\\\/#authorImage\",\"url\":\"https:\\\/\\\/secure.gravatar.com\\\/avatar\\\/b8d45f5c699b100dfaf0e543582f38f38bf94cb7ae3a5e9abf8d891a34773335?s=96&d=mm&r=g\",\"width\":96,\"height\":96,\"caption\":\"Juliana Laviola\"}},{\"@type\":\"WebPage\",\"@id\":\"https:\\\/\\\/anoticiaonline.com.br\\\/site\\\/pre-assembleia-do-sicoob-credisudeste-firma-o-cooperativismo-na-regiao-de-muriae\\\/#webpage\",\"url\":\"https:\\\/\\\/anoticiaonline.com.br\\\/site\\\/pre-assembleia-do-sicoob-credisudeste-firma-o-cooperativismo-na-regiao-de-muriae\\\/\",\"name\":\"Pr\\u00e9-Assembleia do Sicoob Credisudeste firma o cooperativismo na regi\\u00e3o de Muria\\u00e9 - A Not\\u00edcia Online\",\"description\":\"O Sicoob Credisudeste mobilizou seus associados das tr\\u00eas ag\\u00eancias de Muria\\u00e9: Barra, Centro e Dornelas, na noite desta sexta-feira (6) para a pr\\u00e9-assembleia que antecedem a Assembleia Geral Ordin\\u00e1ria, que acontece no dia 19 de abril, em Muria\\u00e9 (MG). Os eventos come\\u00e7aram em fevereiro e v\\u00e3o at\\u00e9 o dia 13 de abril em 20 localidades\",\"inLanguage\":\"pt-BR\",\"isPartOf\":{\"@id\":\"https:\\\/\\\/anoticiaonline.com.br\\\/site\\\/#website\"},\"breadcrumb\":{\"@id\":\"https:\\\/\\\/anoticiaonline.com.br\\\/site\\\/pre-assembleia-do-sicoob-credisudeste-firma-o-cooperativismo-na-regiao-de-muriae\\\/#breadcrumblist\"},\"author\":{\"@id\":\"https:\\\/\\\/anoticiaonline.com.br\\\/site\\\/author\\\/juliana\\\/#author\"},\"creator\":{\"@id\":\"https:\\\/\\\/anoticiaonline.com.br\\\/site\\\/author\\\/juliana\\\/#author\"},\"image\":{\"@type\":\"ImageObject\",\"url\":\"https:\\\/\\\/anoticiaonline.com.br\\\/site\\\/wp-content\\\/uploads\\\/2018\\\/04\\\/Pr\\u00e9-Assembleia-do-Sicoob-Credisudeste-Barra-Centro-e-Dornelas-\\u00e9-um-sucesso-e-firma-o-cooperativismo-na-regi\\u00e3o-de-Muria\\u00e9.jpg\",\"@id\":\"https:\\\/\\\/anoticiaonline.com.br\\\/site\\\/pre-assembleia-do-sicoob-credisudeste-firma-o-cooperativismo-na-regiao-de-muriae\\\/#mainImage\",\"width\":640,\"height\":427},\"primaryImageOfPage\":{\"@id\":\"https:\\\/\\\/anoticiaonline.com.br\\\/site\\\/pre-assembleia-do-sicoob-credisudeste-firma-o-cooperativismo-na-regiao-de-muriae\\\/#mainImage\"},\"datePublished\":\"2018-04-12T16:51:35-03:00\",\"dateModified\":\"2018-04-12T16:51:35-03:00\"},{\"@type\":\"WebSite\",\"@id\":\"https:\\\/\\\/anoticiaonline.com.br\\\/site\\\/#website\",\"url\":\"https:\\\/\\\/anoticiaonline.com.br\\\/site\\\/\",\"name\":\"A Not\\u00edcia Online\",\"description\":\"Noticias de Muria\\u00e9 e regi\\u00e3o\",\"inLanguage\":\"pt-BR\",\"publisher\":{\"@id\":\"https:\\\/\\\/anoticiaonline.com.br\\\/site\\\/#organization\"}}]}\n\t\t<\/script>\n\t\t<!-- All in One SEO -->\n\n","aioseo_head_json":{"title":"Pr\u00e9-Assembleia do Sicoob Credisudeste firma o cooperativismo na regi\u00e3o de Muria\u00e9 - A Not\u00edcia Online","description":"O Sicoob Credisudeste mobilizou seus associados das tr\u00eas ag\u00eancias de Muria\u00e9: Barra, Centro e Dornelas, na noite desta sexta-feira (6) para a pr\u00e9-assembleia que antecedem a Assembleia Geral Ordin\u00e1ria, que acontece no dia 19 de abril, em Muria\u00e9 (MG). Os eventos come\u00e7aram em fevereiro e v\u00e3o at\u00e9 o dia 13 de abril em 20 localidades","canonical_url":"https:\/\/anoticiaonline.com.br\/site\/pre-assembleia-do-sicoob-credisudeste-firma-o-cooperativismo-na-regiao-de-muriae\/","robots":"max-image-preview:large","keywords":"","webmasterTools":{"miscellaneous":""},"schema":{"@context":"https:\/\/schema.org","@graph":[{"@type":"BlogPosting","@id":"https:\/\/anoticiaonline.com.br\/site\/pre-assembleia-do-sicoob-credisudeste-firma-o-cooperativismo-na-regiao-de-muriae\/#blogposting","name":"Pr\u00e9-Assembleia do Sicoob Credisudeste firma o cooperativismo na regi\u00e3o de Muria\u00e9 - A Not\u00edcia Online","headline":"Pr\u00e9-Assembleia do Sicoob Credisudeste firma o cooperativismo na regi\u00e3o de Muria\u00e9","author":{"@id":"https:\/\/anoticiaonline.com.br\/site\/author\/juliana\/#author"},"publisher":{"@id":"https:\/\/anoticiaonline.com.br\/site\/#organization"},"image":{"@type":"ImageObject","url":"https:\/\/anoticiaonline.com.br\/site\/wp-content\/uploads\/2018\/04\/Pr\u00e9-Assembleia-do-Sicoob-Credisudeste-Barra-Centro-e-Dornelas-\u00e9-um-sucesso-e-firma-o-cooperativismo-na-regi\u00e3o-de-Muria\u00e9.jpg","width":640,"height":427},"datePublished":"2018-04-12T16:51:35-03:00","dateModified":"2018-04-12T16:51:35-03:00","inLanguage":"pt-BR","mainEntityOfPage":{"@id":"https:\/\/anoticiaonline.com.br\/site\/pre-assembleia-do-sicoob-credisudeste-firma-o-cooperativismo-na-regiao-de-muriae\/#webpage"},"isPartOf":{"@id":"https:\/\/anoticiaonline.com.br\/site\/pre-assembleia-do-sicoob-credisudeste-firma-o-cooperativismo-na-regiao-de-muriae\/#webpage"},"articleSection":"Blog, Muria\u00e9, Pr\u00e9-Assembleia, SICOOB\u00a0 CREDISUDESTE"},{"@type":"BreadcrumbList","@id":"https:\/\/anoticiaonline.com.br\/site\/pre-assembleia-do-sicoob-credisudeste-firma-o-cooperativismo-na-regiao-de-muriae\/#breadcrumblist","itemListElement":[{"@type":"ListItem","@id":"https:\/\/anoticiaonline.com.br\/site#listItem","position":1,"name":"Home","item":"https:\/\/anoticiaonline.com.br\/site","nextItem":{"@type":"ListItem","@id":"https:\/\/anoticiaonline.com.br\/site\/categoria\/muriae\/#listItem","name":"Blog"}},{"@type":"ListItem","@id":"https:\/\/anoticiaonline.com.br\/site\/categoria\/muriae\/#listItem","position":2,"name":"Blog","item":"https:\/\/anoticiaonline.com.br\/site\/categoria\/muriae\/","nextItem":{"@type":"ListItem","@id":"https:\/\/anoticiaonline.com.br\/site\/pre-assembleia-do-sicoob-credisudeste-firma-o-cooperativismo-na-regiao-de-muriae\/#listItem","name":"Pr\u00e9-Assembleia do Sicoob Credisudeste firma o cooperativismo na regi\u00e3o de Muria\u00e9"},"previousItem":{"@type":"ListItem","@id":"https:\/\/anoticiaonline.com.br\/site#listItem","name":"Home"}},{"@type":"ListItem","@id":"https:\/\/anoticiaonline.com.br\/site\/pre-assembleia-do-sicoob-credisudeste-firma-o-cooperativismo-na-regiao-de-muriae\/#listItem","position":3,"name":"Pr\u00e9-Assembleia do Sicoob Credisudeste firma o cooperativismo na regi\u00e3o de Muria\u00e9","previousItem":{"@type":"ListItem","@id":"https:\/\/anoticiaonline.com.br\/site\/categoria\/muriae\/#listItem","name":"Blog"}}]},{"@type":"Organization","@id":"https:\/\/anoticiaonline.com.br\/site\/#organization","name":"A Not\u00edcia Online","description":"Noticias de Muria\u00e9 e regi\u00e3o","url":"https:\/\/anoticiaonline.com.br\/site\/","logo":{"@type":"ImageObject","url":"https:\/\/scontent-gig4-1.xx.fbcdn.net\/v\/t39.30808-1\/270437624_4564083193639691_6907940295614233970_n.jpg?stp=dst-jpg_s200x200_tt6&_nc_cat=111&ccb=1-7&_nc_sid=f907e8&_nc_ohc=SM1wRlP3lJwQ7kNvwEPuBYA&_nc_oc=AdnqrjDN_BNjSSHWO-GbkIWH6fkGMLw4bqvL_NH6e2wMveX7G-rP2dAqsDSq1mJMOaY&_nc_zt=24&_nc_ht=scontent-gig4-1.xx&_nc_gid=AoBFJeGrT1hVaew_6rchkQ&oh=00_AfX7QmFGhQhG2jAllVgXCiM1ZrWgvtp80-Bfppyexh1QEg&oe=689E923C","@id":"https:\/\/anoticiaonline.com.br\/site\/pre-assembleia-do-sicoob-credisudeste-firma-o-cooperativismo-na-regiao-de-muriae\/#organizationLogo"},"image":{"@id":"https:\/\/anoticiaonline.com.br\/site\/pre-assembleia-do-sicoob-credisudeste-firma-o-cooperativismo-na-regiao-de-muriae\/#organizationLogo"}},{"@type":"Person","@id":"https:\/\/anoticiaonline.com.br\/site\/author\/juliana\/#author","url":"https:\/\/anoticiaonline.com.br\/site\/author\/juliana\/","name":"Juliana Laviola","image":{"@type":"ImageObject","@id":"https:\/\/anoticiaonline.com.br\/site\/pre-assembleia-do-sicoob-credisudeste-firma-o-cooperativismo-na-regiao-de-muriae\/#authorImage","url":"https:\/\/secure.gravatar.com\/avatar\/b8d45f5c699b100dfaf0e543582f38f38bf94cb7ae3a5e9abf8d891a34773335?s=96&d=mm&r=g","width":96,"height":96,"caption":"Juliana Laviola"}},{"@type":"WebPage","@id":"https:\/\/anoticiaonline.com.br\/site\/pre-assembleia-do-sicoob-credisudeste-firma-o-cooperativismo-na-regiao-de-muriae\/#webpage","url":"https:\/\/anoticiaonline.com.br\/site\/pre-assembleia-do-sicoob-credisudeste-firma-o-cooperativismo-na-regiao-de-muriae\/","name":"Pr\u00e9-Assembleia do Sicoob Credisudeste firma o cooperativismo na regi\u00e3o de Muria\u00e9 - A Not\u00edcia Online","description":"O Sicoob Credisudeste mobilizou seus associados das tr\u00eas ag\u00eancias de Muria\u00e9: Barra, Centro e Dornelas, na noite desta sexta-feira (6) para a pr\u00e9-assembleia que antecedem a Assembleia Geral Ordin\u00e1ria, que acontece no dia 19 de abril, em Muria\u00e9 (MG). Os eventos come\u00e7aram em fevereiro e v\u00e3o at\u00e9 o dia 13 de abril em 20 localidades","inLanguage":"pt-BR","isPartOf":{"@id":"https:\/\/anoticiaonline.com.br\/site\/#website"},"breadcrumb":{"@id":"https:\/\/anoticiaonline.com.br\/site\/pre-assembleia-do-sicoob-credisudeste-firma-o-cooperativismo-na-regiao-de-muriae\/#breadcrumblist"},"author":{"@id":"https:\/\/anoticiaonline.com.br\/site\/author\/juliana\/#author"},"creator":{"@id":"https:\/\/anoticiaonline.com.br\/site\/author\/juliana\/#author"},"image":{"@type":"ImageObject","url":"https:\/\/anoticiaonline.com.br\/site\/wp-content\/uploads\/2018\/04\/Pr\u00e9-Assembleia-do-Sicoob-Credisudeste-Barra-Centro-e-Dornelas-\u00e9-um-sucesso-e-firma-o-cooperativismo-na-regi\u00e3o-de-Muria\u00e9.jpg","@id":"https:\/\/anoticiaonline.com.br\/site\/pre-assembleia-do-sicoob-credisudeste-firma-o-cooperativismo-na-regiao-de-muriae\/#mainImage","width":640,"height":427},"primaryImageOfPage":{"@id":"https:\/\/anoticiaonline.com.br\/site\/pre-assembleia-do-sicoob-credisudeste-firma-o-cooperativismo-na-regiao-de-muriae\/#mainImage"},"datePublished":"2018-04-12T16:51:35-03:00","dateModified":"2018-04-12T16:51:35-03:00"},{"@type":"WebSite","@id":"https:\/\/anoticiaonline.com.br\/site\/#website","url":"https:\/\/anoticiaonline.com.br\/site\/","name":"A Not\u00edcia Online","description":"Noticias de Muria\u00e9 e regi\u00e3o","inLanguage":"pt-BR","publisher":{"@id":"https:\/\/anoticiaonline.com.br\/site\/#organization"}}]},"og:locale":"pt_BR","og:site_name":"A Not\u00edcia Online - Noticias de Muria\u00e9 e regi\u00e3o","og:type":"article","og:title":"Pr\u00e9-Assembleia do Sicoob Credisudeste firma o cooperativismo na regi\u00e3o de Muria\u00e9 - A Not\u00edcia Online","og:description":"O Sicoob Credisudeste mobilizou seus associados das tr\u00eas ag\u00eancias de Muria\u00e9: Barra, Centro e Dornelas, na noite desta sexta-feira (6) para a pr\u00e9-assembleia que antecedem a Assembleia Geral Ordin\u00e1ria, que acontece no dia 19 de abril, em Muria\u00e9 (MG). Os eventos come\u00e7aram em fevereiro e v\u00e3o at\u00e9 o dia 13 de abril em 20 localidades","og:url":"https:\/\/anoticiaonline.com.br\/site\/pre-assembleia-do-sicoob-credisudeste-firma-o-cooperativismo-na-regiao-de-muriae\/","og:image":"https:\/\/scontent-gig4-1.xx.fbcdn.net\/v\/t39.30808-1\/270437624_4564083193639691_6907940295614233970_n.jpg?stp=dst-jpg_s200x200_tt6&#038;_nc_cat=111&#038;ccb=1-7&#038;_nc_sid=f907e8&#038;_nc_ohc=SM1wRlP3lJwQ7kNvwEPuBYA&#038;_nc_oc=AdnqrjDN_BNjSSHWO-GbkIWH6fkGMLw4bqvL_NH6e2wMveX7G-rP2dAqsDSq1mJMOaY&#038;_nc_zt=24&#038;_nc_ht=scontent-gig4-1.xx&#038;_nc_gid=AoBFJeGrT1hVaew_6rchkQ&#038;oh=00_AfX7QmFGhQhG2jAllVgXCiM1ZrWgvtp80-Bfppyexh1QEg&#038;oe=689E923C","og:image:secure_url":"https:\/\/scontent-gig4-1.xx.fbcdn.net\/v\/t39.30808-1\/270437624_4564083193639691_6907940295614233970_n.jpg?stp=dst-jpg_s200x200_tt6&#038;_nc_cat=111&#038;ccb=1-7&#038;_nc_sid=f907e8&#038;_nc_ohc=SM1wRlP3lJwQ7kNvwEPuBYA&#038;_nc_oc=AdnqrjDN_BNjSSHWO-GbkIWH6fkGMLw4bqvL_NH6e2wMveX7G-rP2dAqsDSq1mJMOaY&#038;_nc_zt=24&#038;_nc_ht=scontent-gig4-1.xx&#038;_nc_gid=AoBFJeGrT1hVaew_6rchkQ&#038;oh=00_AfX7QmFGhQhG2jAllVgXCiM1ZrWgvtp80-Bfppyexh1QEg&#038;oe=689E923C","article:published_time":"2018-04-12T19:51:35+00:00","article:modified_time":"2018-04-12T19:51:35+00:00","twitter:card":"summary_large_image","twitter:title":"Pr\u00e9-Assembleia do Sicoob Credisudeste firma o cooperativismo na regi\u00e3o de Muria\u00e9 - A Not\u00edcia Online","twitter:description":"O Sicoob Credisudeste mobilizou seus associados das tr\u00eas ag\u00eancias de Muria\u00e9: Barra, Centro e Dornelas, na noite desta sexta-feira (6) para a pr\u00e9-assembleia que antecedem a Assembleia Geral Ordin\u00e1ria, que acontece no dia 19 de abril, em Muria\u00e9 (MG). Os eventos come\u00e7aram em fevereiro e v\u00e3o at\u00e9 o dia 13 de abril em 20 localidades","twitter:image":"https:\/\/scontent-gig4-1.xx.fbcdn.net\/v\/t39.30808-1\/270437624_4564083193639691_6907940295614233970_n.jpg?stp=dst-jpg_s200x200_tt6&_nc_cat=111&ccb=1-7&_nc_sid=f907e8&_nc_ohc=SM1wRlP3lJwQ7kNvwEPuBYA&_nc_oc=AdnqrjDN_BNjSSHWO-GbkIWH6fkGMLw4bqvL_NH6e2wMveX7G-rP2dAqsDSq1mJMOaY&_nc_zt=24&_nc_ht=scontent-gig4-1.xx&_nc_gid=AoBFJeGrT1hVaew_6rchkQ&oh=00_AfX7QmFGhQhG2jAllVgXCiM1ZrWgvtp80-Bfppyexh1QEg&oe=689E923C"},"aioseo_meta_data":{"post_id":"53252","title":null,"description":null,"keywords":null,"keyphrases":null,"primary_term":null,"canonical_url":null,"og_title":null,"og_description":null,"og_object_type":"default","og_image_type":"default","og_image_url":null,"og_image_width":null,"og_image_height":null,"og_image_custom_url":null,"og_image_custom_fields":null,"og_video":null,"og_custom_url":null,"og_article_section":null,"og_article_tags":null,"twitter_use_og":false,"twitter_card":"default","twitter_image_type":"default","twitter_image_url":null,"twitter_image_custom_url":null,"twitter_image_custom_fields":null,"twitter_title":null,"twitter_description":null,"schema":{"blockGraphs":[],"customGraphs":[],"default":{"data":{"Article":[],"Course":[],"Dataset":[],"FAQPage":[],"Movie":[],"Person":[],"Product":[],"ProductReview":[],"Car":[],"Recipe":[],"Service":[],"SoftwareApplication":[],"WebPage":[]},"graphName":"","isEnabled":true},"graphs":[]},"schema_type":"default","schema_type_options":null,"pillar_content":false,"robots_default":true,"robots_noindex":false,"robots_noarchive":false,"robots_nosnippet":false,"robots_nofollow":false,"robots_noimageindex":false,"robots_noodp":false,"robots_notranslate":false,"robots_max_snippet":null,"robots_max_videopreview":null,"robots_max_imagepreview":"large","priority":null,"frequency":null,"local_seo":null,"breadcrumb_settings":null,"limit_modified_date":false,"ai":null,"created":"2025-08-16 20:39:20","updated":"2025-08-16 20:39:20","focus_keyword":null,"additional_keywords":null,"truseo_locale":null,"seo_analyzer_scan_date":null},"aioseo_breadcrumb":"<div class=\"aioseo-breadcrumbs\"><span class=\"aioseo-breadcrumb\">\n\t\t\t<a href=\"https:\/\/anoticiaonline.com.br\/site\" title=\"Home\">Home<\/a>\n\t\t<\/span><span class=\"aioseo-breadcrumb-separator\">&raquo;<\/span><span class=\"aioseo-breadcrumb\">\n\t\t\t<a href=\"https:\/\/anoticiaonline.com.br\/site\/categoria\/muriae\/\" title=\"Blog\">Blog<\/a>\n\t\t<\/span><span class=\"aioseo-breadcrumb-separator\">&raquo;<\/span><span class=\"aioseo-breadcrumb\">\n\t\t\tPr\u00e9-Assembleia do Sicoob Credisudeste firma o cooperativismo na regi\u00e3o de Muria\u00e9\n\t\t<\/span><\/div>","aioseo_breadcrumb_json":[{"label":"Home","link":"https:\/\/anoticiaonline.com.br\/site"},{"label":"Blog","link":"https:\/\/anoticiaonline.com.br\/site\/categoria\/muriae\/"},{"label":"Pr\u00e9-Assembleia do Sicoob Credisudeste firma o cooperativismo na regi\u00e3o de Muria\u00e9","link":"https:\/\/anoticiaonline.com.br\/site\/pre-assembleia-do-sicoob-credisudeste-firma-o-cooperativismo-na-regiao-de-muriae\/"}],"views":152,"_links":{"self":[{"href":"https:\/\/anoticiaonline.com.br\/site\/wp-json\/wp\/v2\/posts\/53252","targetHints":{"allow":["GET"]}}],"collection":[{"href":"https:\/\/anoticiaonline.com.br\/site\/wp-json\/wp\/v2\/posts"}],"about":[{"href":"https:\/\/anoticiaonline.com.br\/site\/wp-json\/wp\/v2\/types\/post"}],"author":[{"embeddable":true,"href":"https:\/\/anoticiaonline.com.br\/site\/wp-json\/wp\/v2\/users\/2"}],"replies":[{"embeddable":true,"href":"https:\/\/anoticiaonline.com.br\/site\/wp-json\/wp\/v2\/comments?post=53252"}],"version-history":[{"count":0,"href":"https:\/\/anoticiaonline.com.br\/site\/wp-json\/wp\/v2\/posts\/53252\/revisions"}],"wp:featuredmedia":[{"embeddable":true,"href":"https:\/\/anoticiaonline.com.br\/site\/wp-json\/wp\/v2\/media\/53253"}],"wp:attachment":[{"href":"https:\/\/anoticiaonline.com.br\/site\/wp-json\/wp\/v2\/media?parent=53252"}],"wp:term":[{"taxonomy":"category","embeddable":true,"href":"https:\/\/anoticiaonline.com.br\/site\/wp-json\/wp\/v2\/categories?post=53252"},{"taxonomy":"post_tag","embeddable":true,"href":"https:\/\/anoticiaonline.com.br\/site\/wp-json\/wp\/v2\/tags?post=53252"}],"curies":[{"name":"wp","href":"https:\/\/api.w.org\/{rel}","templated":true}]}}