{"id":5321,"date":"2015-10-30T08:00:50","date_gmt":"2015-10-30T11:00:50","guid":{"rendered":"http:\/\/anoticiaonline.com.br\/site\/?p=5321"},"modified":"2015-10-29T15:37:40","modified_gmt":"2015-10-29T18:37:40","slug":"periodo-da-piracema-continua-valendo-em-minas","status":"publish","type":"post","link":"https:\/\/anoticiaonline.com.br\/site\/periodo-da-piracema-continua-valendo-em-minas\/","title":{"rendered":"Per\u00edodo da piracema continua valendo em Minas"},"content":{"rendered":"<figure id=\"attachment_5322\" aria-describedby=\"caption-attachment-5322\" style=\"width: 290px\" class=\"wp-caption alignleft\"><a href=\"https:\/\/anoticiaonline.com.br\/site\/wp-content\/uploads\/2015\/10\/Piracema.jpg\"><img fetchpriority=\"high\" decoding=\"async\" class=\"size-medium wp-image-5322\" src=\"https:\/\/anoticiaonline.com.br\/site\/wp-content\/uploads\/2015\/10\/Piracema-300x225.jpg\" alt=\"Arquivo A NOT\u00cdCIA\" width=\"300\" height=\"225\" srcset=\"https:\/\/anoticiaonline.com.br\/site\/wp-content\/uploads\/2015\/10\/Piracema-300x225.jpg 300w, https:\/\/anoticiaonline.com.br\/site\/wp-content\/uploads\/2015\/10\/Piracema.jpg 640w\" sizes=\"(max-width: 300px) 100vw, 300px\" \/><\/a><figcaption id=\"caption-attachment-5322\" class=\"wp-caption-text\">Arquivo A NOT\u00cdCIA<\/figcaption><\/figure>\n<p>O per\u00edodo de 1\u00ba de novembro a 28 de fevereiro do ano seguinte, estabelecido como per\u00edodo de defeso, conhecido como piracema, quando \u00e9 permitida apenas a pesca com limite de quantidade para esp\u00e9cies ex\u00f3ticas (de outros pa\u00edses), al\u00f3ctones (de outras bacias brasileiras), h\u00edbridos (produzidos em laborat\u00f3rio), al\u00e9m de poucas esp\u00e9cies aut\u00f3ctones (nativas da bacia), continua valendo em Minas Gerais.<\/p>\n<p>A Portaria Interministerial 192 de 5 de outubro de 2015, publicada pelo Minist\u00e9rio do Meio Ambiente (MMA), suspendendo por 120 dias o per\u00edodo de defeso, n\u00e3o vale para Minas Gerais.<\/p>\n<p>Os atos publicados pela portaria referem-se a normas de defeso espec\u00edficas de outras unidades da Federa\u00e7\u00e3o. Segundo a Secretaria Estadual de Meio Ambiente e Desenvolvimento Sustent\u00e1vel, a referida portaria n\u00e3o suspende as normas federais nem tampouco as estaduais, portanto, o per\u00edodo de piracema em Minas Gerais transcorrer\u00e1 normalmente, conforme as Portarias IEF 154\/11, 155\/11 e 156\/11.<\/p>\n","protected":false},"excerpt":{"rendered":"<p>O per\u00edodo de 1\u00ba de novembro a 28 de fevereiro do ano seguinte, estabelecido como per\u00edodo de defeso, conhecido como piracema, quando \u00e9 permitida apenas a pesca com limite de quantidade para esp\u00e9cies ex\u00f3ticas (de outros pa\u00edses), al\u00f3ctones (de outras bacias brasileiras), h\u00edbridos (produzidos em laborat\u00f3rio), al\u00e9m de poucas esp\u00e9cies aut\u00f3ctones (nativas da bacia), continua &#8230; <a title=\"Per\u00edodo da piracema continua valendo em Minas\" class=\"read-more\" href=\"https:\/\/anoticiaonline.com.br\/site\/periodo-da-piracema-continua-valendo-em-minas\/\" aria-label=\"Read more about Per\u00edodo da piracema continua valendo em Minas\">Ler mais<\/a><\/p>\n","protected":false},"author":2,"featured_media":5322,"comment_status":"open","ping_status":"open","sticky":false,"template":"","format":"standard","meta":{"_acf_changed":false,"_monsterinsights_skip_tracking":false,"footnotes":""},"categories":[1],"tags":[3],"class_list":["post-5321","post","type-post","status-publish","format-standard","has-post-thumbnail","hentry","category-gerais","tag-slide"],"acf":[],"aioseo_notices":[],"aioseo_head":"\n\t\t<!-- All in One SEO 5.0.0.1 - aioseo.com -->\n\t<meta name=\"description\" content=\"O per\u00edodo de 1\u00ba de novembro a 28 de fevereiro do ano seguinte, estabelecido como per\u00edodo de defeso, conhecido como piracema, quando \u00e9 permitida apenas a pesca com limite de quantidade para esp\u00e9cies ex\u00f3ticas (de outros pa\u00edses), al\u00f3ctones (de outras bacias brasileiras), h\u00edbridos (produzidos em laborat\u00f3rio), al\u00e9m de poucas esp\u00e9cies aut\u00f3ctones (nativas da bacia), continua\" \/>\n\t<meta name=\"robots\" content=\"max-image-preview:large\" \/>\n\t<meta name=\"author\" content=\"Juliana Laviola\"\/>\n\t<link rel=\"canonical\" href=\"https:\/\/anoticiaonline.com.br\/site\/periodo-da-piracema-continua-valendo-em-minas\/\" \/>\n\t<meta name=\"generator\" content=\"All in One SEO (AIOSEO) 5.0.0.1\" \/>\n\t\t<meta property=\"og:locale\" content=\"pt_BR\" \/>\n\t\t<meta property=\"og:site_name\" content=\"A Not\u00edcia Online - Noticias de Muria\u00e9 e regi\u00e3o\" \/>\n\t\t<meta property=\"og:type\" content=\"article\" \/>\n\t\t<meta property=\"og:title\" content=\"Per\u00edodo da piracema continua valendo em Minas - A Not\u00edcia Online\" \/>\n\t\t<meta property=\"og:description\" content=\"O per\u00edodo de 1\u00ba de novembro a 28 de fevereiro do ano seguinte, estabelecido como per\u00edodo de defeso, conhecido como piracema, quando \u00e9 permitida apenas a pesca com limite de quantidade para esp\u00e9cies ex\u00f3ticas (de outros pa\u00edses), al\u00f3ctones (de outras bacias brasileiras), h\u00edbridos (produzidos em laborat\u00f3rio), al\u00e9m de poucas esp\u00e9cies aut\u00f3ctones (nativas da bacia), continua\" \/>\n\t\t<meta property=\"og:url\" content=\"https:\/\/anoticiaonline.com.br\/site\/periodo-da-piracema-continua-valendo-em-minas\/\" \/>\n\t\t<meta property=\"og:image\" content=\"https:\/\/scontent-gig4-1.xx.fbcdn.net\/v\/t39.30808-1\/270437624_4564083193639691_6907940295614233970_n.jpg?stp=dst-jpg_s200x200_tt6&#038;_nc_cat=111&#038;ccb=1-7&#038;_nc_sid=f907e8&#038;_nc_ohc=SM1wRlP3lJwQ7kNvwEPuBYA&#038;_nc_oc=AdnqrjDN_BNjSSHWO-GbkIWH6fkGMLw4bqvL_NH6e2wMveX7G-rP2dAqsDSq1mJMOaY&#038;_nc_zt=24&#038;_nc_ht=scontent-gig4-1.xx&#038;_nc_gid=AoBFJeGrT1hVaew_6rchkQ&#038;oh=00_AfX7QmFGhQhG2jAllVgXCiM1ZrWgvtp80-Bfppyexh1QEg&#038;oe=689E923C\" \/>\n\t\t<meta property=\"og:image:secure_url\" content=\"https:\/\/scontent-gig4-1.xx.fbcdn.net\/v\/t39.30808-1\/270437624_4564083193639691_6907940295614233970_n.jpg?stp=dst-jpg_s200x200_tt6&#038;_nc_cat=111&#038;ccb=1-7&#038;_nc_sid=f907e8&#038;_nc_ohc=SM1wRlP3lJwQ7kNvwEPuBYA&#038;_nc_oc=AdnqrjDN_BNjSSHWO-GbkIWH6fkGMLw4bqvL_NH6e2wMveX7G-rP2dAqsDSq1mJMOaY&#038;_nc_zt=24&#038;_nc_ht=scontent-gig4-1.xx&#038;_nc_gid=AoBFJeGrT1hVaew_6rchkQ&#038;oh=00_AfX7QmFGhQhG2jAllVgXCiM1ZrWgvtp80-Bfppyexh1QEg&#038;oe=689E923C\" \/>\n\t\t<meta property=\"article:published_time\" content=\"2015-10-30T11:00:50+00:00\" \/>\n\t\t<meta property=\"article:modified_time\" content=\"2015-10-29T18:37:40+00:00\" \/>\n\t\t<meta name=\"twitter:card\" content=\"summary_large_image\" \/>\n\t\t<meta name=\"twitter:title\" content=\"Per\u00edodo da piracema continua valendo em Minas - A Not\u00edcia Online\" \/>\n\t\t<meta name=\"twitter:description\" content=\"O per\u00edodo de 1\u00ba de novembro a 28 de fevereiro do ano seguinte, estabelecido como per\u00edodo de defeso, conhecido como piracema, quando \u00e9 permitida apenas a pesca com limite de quantidade para esp\u00e9cies ex\u00f3ticas (de outros pa\u00edses), al\u00f3ctones (de outras bacias brasileiras), h\u00edbridos (produzidos em laborat\u00f3rio), al\u00e9m de poucas esp\u00e9cies aut\u00f3ctones (nativas da bacia), continua\" \/>\n\t\t<meta name=\"twitter:image\" content=\"https:\/\/scontent-gig4-1.xx.fbcdn.net\/v\/t39.30808-1\/270437624_4564083193639691_6907940295614233970_n.jpg?stp=dst-jpg_s200x200_tt6&amp;_nc_cat=111&amp;ccb=1-7&amp;_nc_sid=f907e8&amp;_nc_ohc=SM1wRlP3lJwQ7kNvwEPuBYA&amp;_nc_oc=AdnqrjDN_BNjSSHWO-GbkIWH6fkGMLw4bqvL_NH6e2wMveX7G-rP2dAqsDSq1mJMOaY&amp;_nc_zt=24&amp;_nc_ht=scontent-gig4-1.xx&amp;_nc_gid=AoBFJeGrT1hVaew_6rchkQ&amp;oh=00_AfX7QmFGhQhG2jAllVgXCiM1ZrWgvtp80-Bfppyexh1QEg&amp;oe=689E923C\" \/>\n\t\t<script type=\"application\/ld+json\" class=\"aioseo-schema\">\n\t\t\t{\"@context\":\"https:\\\/\\\/schema.org\",\"@graph\":[{\"@type\":\"BlogPosting\",\"@id\":\"https:\\\/\\\/anoticiaonline.com.br\\\/site\\\/periodo-da-piracema-continua-valendo-em-minas\\\/#blogposting\",\"name\":\"Per\\u00edodo da piracema continua valendo em Minas - A Not\\u00edcia Online\",\"headline\":\"Per\\u00edodo da piracema continua valendo em Minas\",\"author\":{\"@id\":\"https:\\\/\\\/anoticiaonline.com.br\\\/site\\\/author\\\/juliana\\\/#author\"},\"publisher\":{\"@id\":\"https:\\\/\\\/anoticiaonline.com.br\\\/site\\\/#organization\"},\"image\":{\"@type\":\"ImageObject\",\"url\":\"https:\\\/\\\/anoticiaonline.com.br\\\/site\\\/wp-content\\\/uploads\\\/2015\\\/10\\\/Piracema.jpg\",\"width\":640,\"height\":480,\"caption\":\"Arquivo A NOT\\u00cdCIA\"},\"datePublished\":\"2015-10-30T08:00:50-03:00\",\"dateModified\":\"2015-10-29T15:37:40-03:00\",\"inLanguage\":\"pt-BR\",\"mainEntityOfPage\":{\"@id\":\"https:\\\/\\\/anoticiaonline.com.br\\\/site\\\/periodo-da-piracema-continua-valendo-em-minas\\\/#webpage\"},\"isPartOf\":{\"@id\":\"https:\\\/\\\/anoticiaonline.com.br\\\/site\\\/periodo-da-piracema-continua-valendo-em-minas\\\/#webpage\"},\"articleSection\":\"Gerais, slide\"},{\"@type\":\"BreadcrumbList\",\"@id\":\"https:\\\/\\\/anoticiaonline.com.br\\\/site\\\/periodo-da-piracema-continua-valendo-em-minas\\\/#breadcrumblist\",\"itemListElement\":[{\"@type\":\"ListItem\",\"@id\":\"https:\\\/\\\/anoticiaonline.com.br\\\/site#listItem\",\"position\":1,\"name\":\"Home\",\"item\":\"https:\\\/\\\/anoticiaonline.com.br\\\/site\",\"nextItem\":{\"@type\":\"ListItem\",\"@id\":\"https:\\\/\\\/anoticiaonline.com.br\\\/site\\\/categoria\\\/gerais\\\/#listItem\",\"name\":\"Gerais\"}},{\"@type\":\"ListItem\",\"@id\":\"https:\\\/\\\/anoticiaonline.com.br\\\/site\\\/categoria\\\/gerais\\\/#listItem\",\"position\":2,\"name\":\"Gerais\",\"item\":\"https:\\\/\\\/anoticiaonline.com.br\\\/site\\\/categoria\\\/gerais\\\/\",\"nextItem\":{\"@type\":\"ListItem\",\"@id\":\"https:\\\/\\\/anoticiaonline.com.br\\\/site\\\/periodo-da-piracema-continua-valendo-em-minas\\\/#listItem\",\"name\":\"Per\\u00edodo da piracema continua valendo em Minas\"},\"previousItem\":{\"@type\":\"ListItem\",\"@id\":\"https:\\\/\\\/anoticiaonline.com.br\\\/site#listItem\",\"name\":\"Home\"}},{\"@type\":\"ListItem\",\"@id\":\"https:\\\/\\\/anoticiaonline.com.br\\\/site\\\/periodo-da-piracema-continua-valendo-em-minas\\\/#listItem\",\"position\":3,\"name\":\"Per\\u00edodo da piracema continua valendo em Minas\",\"previousItem\":{\"@type\":\"ListItem\",\"@id\":\"https:\\\/\\\/anoticiaonline.com.br\\\/site\\\/categoria\\\/gerais\\\/#listItem\",\"name\":\"Gerais\"}}]},{\"@type\":\"Organization\",\"@id\":\"https:\\\/\\\/anoticiaonline.com.br\\\/site\\\/#organization\",\"name\":\"A Not\\u00edcia Online\",\"description\":\"Noticias de Muria\\u00e9 e regi\\u00e3o\",\"url\":\"https:\\\/\\\/anoticiaonline.com.br\\\/site\\\/\",\"logo\":{\"@type\":\"ImageObject\",\"url\":\"https:\\\/\\\/scontent-gig4-1.xx.fbcdn.net\\\/v\\\/t39.30808-1\\\/270437624_4564083193639691_6907940295614233970_n.jpg?stp=dst-jpg_s200x200_tt6&_nc_cat=111&ccb=1-7&_nc_sid=f907e8&_nc_ohc=SM1wRlP3lJwQ7kNvwEPuBYA&_nc_oc=AdnqrjDN_BNjSSHWO-GbkIWH6fkGMLw4bqvL_NH6e2wMveX7G-rP2dAqsDSq1mJMOaY&_nc_zt=24&_nc_ht=scontent-gig4-1.xx&_nc_gid=AoBFJeGrT1hVaew_6rchkQ&oh=00_AfX7QmFGhQhG2jAllVgXCiM1ZrWgvtp80-Bfppyexh1QEg&oe=689E923C\",\"@id\":\"https:\\\/\\\/anoticiaonline.com.br\\\/site\\\/periodo-da-piracema-continua-valendo-em-minas\\\/#organizationLogo\"},\"image\":{\"@id\":\"https:\\\/\\\/anoticiaonline.com.br\\\/site\\\/periodo-da-piracema-continua-valendo-em-minas\\\/#organizationLogo\"}},{\"@type\":\"Person\",\"@id\":\"https:\\\/\\\/anoticiaonline.com.br\\\/site\\\/author\\\/juliana\\\/#author\",\"url\":\"https:\\\/\\\/anoticiaonline.com.br\\\/site\\\/author\\\/juliana\\\/\",\"name\":\"Juliana Laviola\",\"image\":{\"@type\":\"ImageObject\",\"@id\":\"https:\\\/\\\/anoticiaonline.com.br\\\/site\\\/periodo-da-piracema-continua-valendo-em-minas\\\/#authorImage\",\"url\":\"https:\\\/\\\/secure.gravatar.com\\\/avatar\\\/b8d45f5c699b100dfaf0e543582f38f38bf94cb7ae3a5e9abf8d891a34773335?s=96&d=mm&r=g\",\"width\":96,\"height\":96,\"caption\":\"Juliana Laviola\"}},{\"@type\":\"WebPage\",\"@id\":\"https:\\\/\\\/anoticiaonline.com.br\\\/site\\\/periodo-da-piracema-continua-valendo-em-minas\\\/#webpage\",\"url\":\"https:\\\/\\\/anoticiaonline.com.br\\\/site\\\/periodo-da-piracema-continua-valendo-em-minas\\\/\",\"name\":\"Per\\u00edodo da piracema continua valendo em Minas - A Not\\u00edcia Online\",\"description\":\"O per\\u00edodo de 1\\u00ba de novembro a 28 de fevereiro do ano seguinte, estabelecido como per\\u00edodo de defeso, conhecido como piracema, quando \\u00e9 permitida apenas a pesca com limite de quantidade para esp\\u00e9cies ex\\u00f3ticas (de outros pa\\u00edses), al\\u00f3ctones (de outras bacias brasileiras), h\\u00edbridos (produzidos em laborat\\u00f3rio), al\\u00e9m de poucas esp\\u00e9cies aut\\u00f3ctones (nativas da bacia), continua\",\"inLanguage\":\"pt-BR\",\"isPartOf\":{\"@id\":\"https:\\\/\\\/anoticiaonline.com.br\\\/site\\\/#website\"},\"breadcrumb\":{\"@id\":\"https:\\\/\\\/anoticiaonline.com.br\\\/site\\\/periodo-da-piracema-continua-valendo-em-minas\\\/#breadcrumblist\"},\"author\":{\"@id\":\"https:\\\/\\\/anoticiaonline.com.br\\\/site\\\/author\\\/juliana\\\/#author\"},\"creator\":{\"@id\":\"https:\\\/\\\/anoticiaonline.com.br\\\/site\\\/author\\\/juliana\\\/#author\"},\"image\":{\"@type\":\"ImageObject\",\"url\":\"https:\\\/\\\/anoticiaonline.com.br\\\/site\\\/wp-content\\\/uploads\\\/2015\\\/10\\\/Piracema.jpg\",\"@id\":\"https:\\\/\\\/anoticiaonline.com.br\\\/site\\\/periodo-da-piracema-continua-valendo-em-minas\\\/#mainImage\",\"width\":640,\"height\":480,\"caption\":\"Arquivo A NOT\\u00cdCIA\"},\"primaryImageOfPage\":{\"@id\":\"https:\\\/\\\/anoticiaonline.com.br\\\/site\\\/periodo-da-piracema-continua-valendo-em-minas\\\/#mainImage\"},\"datePublished\":\"2015-10-30T08:00:50-03:00\",\"dateModified\":\"2015-10-29T15:37:40-03:00\"},{\"@type\":\"WebSite\",\"@id\":\"https:\\\/\\\/anoticiaonline.com.br\\\/site\\\/#website\",\"url\":\"https:\\\/\\\/anoticiaonline.com.br\\\/site\\\/\",\"name\":\"A Not\\u00edcia Online\",\"description\":\"Noticias de Muria\\u00e9 e regi\\u00e3o\",\"inLanguage\":\"pt-BR\",\"publisher\":{\"@id\":\"https:\\\/\\\/anoticiaonline.com.br\\\/site\\\/#organization\"}}]}\n\t\t<\/script>\n\t\t<!-- All in One SEO -->\n\n","aioseo_head_json":{"title":"Per\u00edodo da piracema continua valendo em Minas - A Not\u00edcia Online","description":"O per\u00edodo de 1\u00ba de novembro a 28 de fevereiro do ano seguinte, estabelecido como per\u00edodo de defeso, conhecido como piracema, quando \u00e9 permitida apenas a pesca com limite de quantidade para esp\u00e9cies ex\u00f3ticas (de outros pa\u00edses), al\u00f3ctones (de outras bacias brasileiras), h\u00edbridos (produzidos em laborat\u00f3rio), al\u00e9m de poucas esp\u00e9cies aut\u00f3ctones (nativas da bacia), continua","canonical_url":"https:\/\/anoticiaonline.com.br\/site\/periodo-da-piracema-continua-valendo-em-minas\/","robots":"max-image-preview:large","keywords":"","webmasterTools":{"miscellaneous":""},"schema":{"@context":"https:\/\/schema.org","@graph":[{"@type":"BlogPosting","@id":"https:\/\/anoticiaonline.com.br\/site\/periodo-da-piracema-continua-valendo-em-minas\/#blogposting","name":"Per\u00edodo da piracema continua valendo em Minas - A Not\u00edcia Online","headline":"Per\u00edodo da piracema continua valendo em Minas","author":{"@id":"https:\/\/anoticiaonline.com.br\/site\/author\/juliana\/#author"},"publisher":{"@id":"https:\/\/anoticiaonline.com.br\/site\/#organization"},"image":{"@type":"ImageObject","url":"https:\/\/anoticiaonline.com.br\/site\/wp-content\/uploads\/2015\/10\/Piracema.jpg","width":640,"height":480,"caption":"Arquivo A NOT\u00cdCIA"},"datePublished":"2015-10-30T08:00:50-03:00","dateModified":"2015-10-29T15:37:40-03:00","inLanguage":"pt-BR","mainEntityOfPage":{"@id":"https:\/\/anoticiaonline.com.br\/site\/periodo-da-piracema-continua-valendo-em-minas\/#webpage"},"isPartOf":{"@id":"https:\/\/anoticiaonline.com.br\/site\/periodo-da-piracema-continua-valendo-em-minas\/#webpage"},"articleSection":"Gerais, slide"},{"@type":"BreadcrumbList","@id":"https:\/\/anoticiaonline.com.br\/site\/periodo-da-piracema-continua-valendo-em-minas\/#breadcrumblist","itemListElement":[{"@type":"ListItem","@id":"https:\/\/anoticiaonline.com.br\/site#listItem","position":1,"name":"Home","item":"https:\/\/anoticiaonline.com.br\/site","nextItem":{"@type":"ListItem","@id":"https:\/\/anoticiaonline.com.br\/site\/categoria\/gerais\/#listItem","name":"Gerais"}},{"@type":"ListItem","@id":"https:\/\/anoticiaonline.com.br\/site\/categoria\/gerais\/#listItem","position":2,"name":"Gerais","item":"https:\/\/anoticiaonline.com.br\/site\/categoria\/gerais\/","nextItem":{"@type":"ListItem","@id":"https:\/\/anoticiaonline.com.br\/site\/periodo-da-piracema-continua-valendo-em-minas\/#listItem","name":"Per\u00edodo da piracema continua valendo em Minas"},"previousItem":{"@type":"ListItem","@id":"https:\/\/anoticiaonline.com.br\/site#listItem","name":"Home"}},{"@type":"ListItem","@id":"https:\/\/anoticiaonline.com.br\/site\/periodo-da-piracema-continua-valendo-em-minas\/#listItem","position":3,"name":"Per\u00edodo da piracema continua valendo em Minas","previousItem":{"@type":"ListItem","@id":"https:\/\/anoticiaonline.com.br\/site\/categoria\/gerais\/#listItem","name":"Gerais"}}]},{"@type":"Organization","@id":"https:\/\/anoticiaonline.com.br\/site\/#organization","name":"A Not\u00edcia Online","description":"Noticias de Muria\u00e9 e regi\u00e3o","url":"https:\/\/anoticiaonline.com.br\/site\/","logo":{"@type":"ImageObject","url":"https:\/\/scontent-gig4-1.xx.fbcdn.net\/v\/t39.30808-1\/270437624_4564083193639691_6907940295614233970_n.jpg?stp=dst-jpg_s200x200_tt6&_nc_cat=111&ccb=1-7&_nc_sid=f907e8&_nc_ohc=SM1wRlP3lJwQ7kNvwEPuBYA&_nc_oc=AdnqrjDN_BNjSSHWO-GbkIWH6fkGMLw4bqvL_NH6e2wMveX7G-rP2dAqsDSq1mJMOaY&_nc_zt=24&_nc_ht=scontent-gig4-1.xx&_nc_gid=AoBFJeGrT1hVaew_6rchkQ&oh=00_AfX7QmFGhQhG2jAllVgXCiM1ZrWgvtp80-Bfppyexh1QEg&oe=689E923C","@id":"https:\/\/anoticiaonline.com.br\/site\/periodo-da-piracema-continua-valendo-em-minas\/#organizationLogo"},"image":{"@id":"https:\/\/anoticiaonline.com.br\/site\/periodo-da-piracema-continua-valendo-em-minas\/#organizationLogo"}},{"@type":"Person","@id":"https:\/\/anoticiaonline.com.br\/site\/author\/juliana\/#author","url":"https:\/\/anoticiaonline.com.br\/site\/author\/juliana\/","name":"Juliana Laviola","image":{"@type":"ImageObject","@id":"https:\/\/anoticiaonline.com.br\/site\/periodo-da-piracema-continua-valendo-em-minas\/#authorImage","url":"https:\/\/secure.gravatar.com\/avatar\/b8d45f5c699b100dfaf0e543582f38f38bf94cb7ae3a5e9abf8d891a34773335?s=96&d=mm&r=g","width":96,"height":96,"caption":"Juliana Laviola"}},{"@type":"WebPage","@id":"https:\/\/anoticiaonline.com.br\/site\/periodo-da-piracema-continua-valendo-em-minas\/#webpage","url":"https:\/\/anoticiaonline.com.br\/site\/periodo-da-piracema-continua-valendo-em-minas\/","name":"Per\u00edodo da piracema continua valendo em Minas - A Not\u00edcia Online","description":"O per\u00edodo de 1\u00ba de novembro a 28 de fevereiro do ano seguinte, estabelecido como per\u00edodo de defeso, conhecido como piracema, quando \u00e9 permitida apenas a pesca com limite de quantidade para esp\u00e9cies ex\u00f3ticas (de outros pa\u00edses), al\u00f3ctones (de outras bacias brasileiras), h\u00edbridos (produzidos em laborat\u00f3rio), al\u00e9m de poucas esp\u00e9cies aut\u00f3ctones (nativas da bacia), continua","inLanguage":"pt-BR","isPartOf":{"@id":"https:\/\/anoticiaonline.com.br\/site\/#website"},"breadcrumb":{"@id":"https:\/\/anoticiaonline.com.br\/site\/periodo-da-piracema-continua-valendo-em-minas\/#breadcrumblist"},"author":{"@id":"https:\/\/anoticiaonline.com.br\/site\/author\/juliana\/#author"},"creator":{"@id":"https:\/\/anoticiaonline.com.br\/site\/author\/juliana\/#author"},"image":{"@type":"ImageObject","url":"https:\/\/anoticiaonline.com.br\/site\/wp-content\/uploads\/2015\/10\/Piracema.jpg","@id":"https:\/\/anoticiaonline.com.br\/site\/periodo-da-piracema-continua-valendo-em-minas\/#mainImage","width":640,"height":480,"caption":"Arquivo A NOT\u00cdCIA"},"primaryImageOfPage":{"@id":"https:\/\/anoticiaonline.com.br\/site\/periodo-da-piracema-continua-valendo-em-minas\/#mainImage"},"datePublished":"2015-10-30T08:00:50-03:00","dateModified":"2015-10-29T15:37:40-03:00"},{"@type":"WebSite","@id":"https:\/\/anoticiaonline.com.br\/site\/#website","url":"https:\/\/anoticiaonline.com.br\/site\/","name":"A Not\u00edcia Online","description":"Noticias de Muria\u00e9 e regi\u00e3o","inLanguage":"pt-BR","publisher":{"@id":"https:\/\/anoticiaonline.com.br\/site\/#organization"}}]},"og:locale":"pt_BR","og:site_name":"A Not\u00edcia Online - Noticias de Muria\u00e9 e regi\u00e3o","og:type":"article","og:title":"Per\u00edodo da piracema continua valendo em Minas - A Not\u00edcia Online","og:description":"O per\u00edodo de 1\u00ba de novembro a 28 de fevereiro do ano seguinte, estabelecido como per\u00edodo de defeso, conhecido como piracema, quando \u00e9 permitida apenas a pesca com limite de quantidade para esp\u00e9cies ex\u00f3ticas (de outros pa\u00edses), al\u00f3ctones (de outras bacias brasileiras), h\u00edbridos (produzidos em laborat\u00f3rio), al\u00e9m de poucas esp\u00e9cies aut\u00f3ctones (nativas da bacia), continua","og:url":"https:\/\/anoticiaonline.com.br\/site\/periodo-da-piracema-continua-valendo-em-minas\/","og:image":"https:\/\/scontent-gig4-1.xx.fbcdn.net\/v\/t39.30808-1\/270437624_4564083193639691_6907940295614233970_n.jpg?stp=dst-jpg_s200x200_tt6&#038;_nc_cat=111&#038;ccb=1-7&#038;_nc_sid=f907e8&#038;_nc_ohc=SM1wRlP3lJwQ7kNvwEPuBYA&#038;_nc_oc=AdnqrjDN_BNjSSHWO-GbkIWH6fkGMLw4bqvL_NH6e2wMveX7G-rP2dAqsDSq1mJMOaY&#038;_nc_zt=24&#038;_nc_ht=scontent-gig4-1.xx&#038;_nc_gid=AoBFJeGrT1hVaew_6rchkQ&#038;oh=00_AfX7QmFGhQhG2jAllVgXCiM1ZrWgvtp80-Bfppyexh1QEg&#038;oe=689E923C","og:image:secure_url":"https:\/\/scontent-gig4-1.xx.fbcdn.net\/v\/t39.30808-1\/270437624_4564083193639691_6907940295614233970_n.jpg?stp=dst-jpg_s200x200_tt6&#038;_nc_cat=111&#038;ccb=1-7&#038;_nc_sid=f907e8&#038;_nc_ohc=SM1wRlP3lJwQ7kNvwEPuBYA&#038;_nc_oc=AdnqrjDN_BNjSSHWO-GbkIWH6fkGMLw4bqvL_NH6e2wMveX7G-rP2dAqsDSq1mJMOaY&#038;_nc_zt=24&#038;_nc_ht=scontent-gig4-1.xx&#038;_nc_gid=AoBFJeGrT1hVaew_6rchkQ&#038;oh=00_AfX7QmFGhQhG2jAllVgXCiM1ZrWgvtp80-Bfppyexh1QEg&#038;oe=689E923C","article:published_time":"2015-10-30T11:00:50+00:00","article:modified_time":"2015-10-29T18:37:40+00:00","twitter:card":"summary_large_image","twitter:title":"Per\u00edodo da piracema continua valendo em Minas - A Not\u00edcia Online","twitter:description":"O per\u00edodo de 1\u00ba de novembro a 28 de fevereiro do ano seguinte, estabelecido como per\u00edodo de defeso, conhecido como piracema, quando \u00e9 permitida apenas a pesca com limite de quantidade para esp\u00e9cies ex\u00f3ticas (de outros pa\u00edses), al\u00f3ctones (de outras bacias brasileiras), h\u00edbridos (produzidos em laborat\u00f3rio), al\u00e9m de poucas esp\u00e9cies aut\u00f3ctones (nativas da bacia), continua","twitter:image":"https:\/\/scontent-gig4-1.xx.fbcdn.net\/v\/t39.30808-1\/270437624_4564083193639691_6907940295614233970_n.jpg?stp=dst-jpg_s200x200_tt6&_nc_cat=111&ccb=1-7&_nc_sid=f907e8&_nc_ohc=SM1wRlP3lJwQ7kNvwEPuBYA&_nc_oc=AdnqrjDN_BNjSSHWO-GbkIWH6fkGMLw4bqvL_NH6e2wMveX7G-rP2dAqsDSq1mJMOaY&_nc_zt=24&_nc_ht=scontent-gig4-1.xx&_nc_gid=AoBFJeGrT1hVaew_6rchkQ&oh=00_AfX7QmFGhQhG2jAllVgXCiM1ZrWgvtp80-Bfppyexh1QEg&oe=689E923C"},"aioseo_meta_data":{"post_id":"5321","title":null,"description":null,"keywords":null,"keyphrases":null,"primary_term":null,"canonical_url":null,"og_title":null,"og_description":null,"og_object_type":"default","og_image_type":"default","og_image_url":null,"og_image_width":null,"og_image_height":null,"og_image_custom_url":null,"og_image_custom_fields":null,"og_video":null,"og_custom_url":null,"og_article_section":null,"og_article_tags":null,"twitter_use_og":false,"twitter_card":"default","twitter_image_type":"default","twitter_image_url":null,"twitter_image_custom_url":null,"twitter_image_custom_fields":null,"twitter_title":null,"twitter_description":null,"schema":{"blockGraphs":[],"customGraphs":[],"default":{"data":{"Article":[],"Course":[],"Dataset":[],"FAQPage":[],"Movie":[],"Person":[],"Product":[],"ProductReview":[],"Car":[],"Recipe":[],"Service":[],"SoftwareApplication":[],"WebPage":[]},"graphName":"","isEnabled":true},"graphs":[]},"schema_type":"default","schema_type_options":null,"pillar_content":false,"robots_default":true,"robots_noindex":false,"robots_noarchive":false,"robots_nosnippet":false,"robots_nofollow":false,"robots_noimageindex":false,"robots_noodp":false,"robots_notranslate":false,"robots_max_snippet":null,"robots_max_videopreview":null,"robots_max_imagepreview":"large","priority":null,"frequency":null,"local_seo":null,"breadcrumb_settings":null,"limit_modified_date":false,"ai":null,"created":"2025-08-16 13:44:56","updated":"2025-08-16 13:44:56","focus_keyword":null,"additional_keywords":null,"truseo_locale":null,"seo_analyzer_scan_date":null},"aioseo_breadcrumb":"<div class=\"aioseo-breadcrumbs\"><span class=\"aioseo-breadcrumb\">\n\t\t\t<a href=\"https:\/\/anoticiaonline.com.br\/site\" title=\"Home\">Home<\/a>\n\t\t<\/span><span class=\"aioseo-breadcrumb-separator\">&raquo;<\/span><span class=\"aioseo-breadcrumb\">\n\t\t\t<a href=\"https:\/\/anoticiaonline.com.br\/site\/categoria\/gerais\/\" title=\"Gerais\">Gerais<\/a>\n\t\t<\/span><span class=\"aioseo-breadcrumb-separator\">&raquo;<\/span><span class=\"aioseo-breadcrumb\">\n\t\t\tPer\u00edodo da piracema continua valendo em Minas\n\t\t<\/span><\/div>","aioseo_breadcrumb_json":[{"label":"Home","link":"https:\/\/anoticiaonline.com.br\/site"},{"label":"Gerais","link":"https:\/\/anoticiaonline.com.br\/site\/categoria\/gerais\/"},{"label":"Per\u00edodo da piracema continua valendo em Minas","link":"https:\/\/anoticiaonline.com.br\/site\/periodo-da-piracema-continua-valendo-em-minas\/"}],"views":144,"_links":{"self":[{"href":"https:\/\/anoticiaonline.com.br\/site\/wp-json\/wp\/v2\/posts\/5321","targetHints":{"allow":["GET"]}}],"collection":[{"href":"https:\/\/anoticiaonline.com.br\/site\/wp-json\/wp\/v2\/posts"}],"about":[{"href":"https:\/\/anoticiaonline.com.br\/site\/wp-json\/wp\/v2\/types\/post"}],"author":[{"embeddable":true,"href":"https:\/\/anoticiaonline.com.br\/site\/wp-json\/wp\/v2\/users\/2"}],"replies":[{"embeddable":true,"href":"https:\/\/anoticiaonline.com.br\/site\/wp-json\/wp\/v2\/comments?post=5321"}],"version-history":[{"count":0,"href":"https:\/\/anoticiaonline.com.br\/site\/wp-json\/wp\/v2\/posts\/5321\/revisions"}],"wp:featuredmedia":[{"embeddable":true,"href":"https:\/\/anoticiaonline.com.br\/site\/wp-json\/wp\/v2\/media\/5322"}],"wp:attachment":[{"href":"https:\/\/anoticiaonline.com.br\/site\/wp-json\/wp\/v2\/media?parent=5321"}],"wp:term":[{"taxonomy":"category","embeddable":true,"href":"https:\/\/anoticiaonline.com.br\/site\/wp-json\/wp\/v2\/categories?post=5321"},{"taxonomy":"post_tag","embeddable":true,"href":"https:\/\/anoticiaonline.com.br\/site\/wp-json\/wp\/v2\/tags?post=5321"}],"curies":[{"name":"wp","href":"https:\/\/api.w.org\/{rel}","templated":true}]}}