{"id":53159,"date":"2018-04-06T11:31:46","date_gmt":"2018-04-06T14:31:46","guid":{"rendered":"http:\/\/anoticiaonline.com.br\/site\/?p=53159"},"modified":"2018-04-06T14:35:08","modified_gmt":"2018-04-06T17:35:08","slug":"tradicional-festa-de-sabado-de-aleluia-acontece-em-rosario-da-limeira","status":"publish","type":"post","link":"https:\/\/anoticiaonline.com.br\/site\/tradicional-festa-de-sabado-de-aleluia-acontece-em-rosario-da-limeira\/","title":{"rendered":"Tradicional festa de S\u00e1bado de Aleluia acontece em Ros\u00e1rio da Limeira"},"content":{"rendered":"<p><a href=\"https:\/\/anoticiaonline.com.br\/site\/wp-content\/uploads\/2018\/04\/DSC_0205.jpg\"><img fetchpriority=\"high\" decoding=\"async\" class=\"aligncenter size-full wp-image-53171\" src=\"https:\/\/anoticiaonline.com.br\/site\/wp-content\/uploads\/2018\/04\/DSC_0205.jpg\" alt=\"\" width=\"640\" height=\"426\" srcset=\"https:\/\/anoticiaonline.com.br\/site\/wp-content\/uploads\/2018\/04\/DSC_0205.jpg 640w, https:\/\/anoticiaonline.com.br\/site\/wp-content\/uploads\/2018\/04\/DSC_0205-300x200.jpg 300w\" sizes=\"(max-width: 640px) 100vw, 640px\" \/><\/a><a href=\"https:\/\/anoticiaonline.com.br\/site\/wp-content\/uploads\/2018\/04\/DSC_0253.jpg\"><img decoding=\"async\" class=\"aligncenter size-full wp-image-53173\" src=\"https:\/\/anoticiaonline.com.br\/site\/wp-content\/uploads\/2018\/04\/DSC_0253.jpg\" alt=\"\" width=\"640\" height=\"427\" srcset=\"https:\/\/anoticiaonline.com.br\/site\/wp-content\/uploads\/2018\/04\/DSC_0253.jpg 640w, https:\/\/anoticiaonline.com.br\/site\/wp-content\/uploads\/2018\/04\/DSC_0253-300x200.jpg 300w\" sizes=\"(max-width: 640px) 100vw, 640px\" \/><\/a><a href=\"https:\/\/anoticiaonline.com.br\/site\/wp-content\/uploads\/2018\/04\/DSC_0258.jpg\"><img decoding=\"async\" class=\"aligncenter size-full wp-image-53175\" src=\"https:\/\/anoticiaonline.com.br\/site\/wp-content\/uploads\/2018\/04\/DSC_0258.jpg\" alt=\"\" width=\"640\" height=\"426\" srcset=\"https:\/\/anoticiaonline.com.br\/site\/wp-content\/uploads\/2018\/04\/DSC_0258.jpg 640w, https:\/\/anoticiaonline.com.br\/site\/wp-content\/uploads\/2018\/04\/DSC_0258-300x200.jpg 300w\" sizes=\"(max-width: 640px) 100vw, 640px\" \/><\/a>A tradicional festa de S\u00e1bado de Aleluia (31), promovida pela prefeitura de Ros\u00e1rio da Limeira, aconteceu na Pra\u00e7a Nossa Senhora de F\u00e1tima, onde a banda Sintaliga agitou a noite de centenas de pessoas.<\/p>\n<p>Segundo o prefeito Jos\u00e9 Maria Pinto da Silva, esta foi uma oportunidade para a popula\u00e7\u00e3o se divertir com familiares e amigos no feriado da Semana Santa.<\/p>\n<p>\u201cA festa de S\u00e1bado de Aleluia \u00e9 um orgulho para a cidade. Como administrador municipal, a preocupa\u00e7\u00e3o foi atingir diversos segmentos de forma respons\u00e1vel, com a\u00e7\u00f5es voltadas para a sa\u00fade p\u00fablica, saneamento b\u00e1sico, ilumina\u00e7\u00e3o \u00e0 promo\u00e7\u00e3o de eventos culturais. Em alguns per\u00edodos, faltam recursos para serem aplicados em determinadas a\u00e7\u00f5es, mas n\u00e3o podemos deixar de lado os momentos de lazer para a popula\u00e7\u00e3o de Ros\u00e1rio da Limeira, em especial aos jovens. Estou feliz em poder, junto com minha equipe, realizar uma festa como esta, sem brigas e sem confus\u00e3o. Primeiramente, tivemos a apresenta\u00e7\u00e3o da Ana Lu\u00edza Galdino, uma artista que reside em Ros\u00e1rio da Limeira e, logo depois, o show da Banda Sintaliga, que j\u00e1 \u00e9 conhecida na regi\u00e3o. Aproveito a oportunidade para agradecer ao jovem inovador, D\u00eanis Nogueira, chefe de gabinete, que organizou esta festa enquanto o secret\u00e1rio de Cultura, Alexandre Braga, estava de f\u00e9rias, \u00e0 Pol\u00edcia Militar, aos artistas e \u00e0 equipe da prefeitura que trabalhou para esta festa acontecer\u201d, conta.<\/p>\n<p>D\u00eanis Nogueira Arena disse que, apesar da situa\u00e7\u00e3o financeira que os munic\u00edpios mineiros se encontram, foi poss\u00edvel, para a prefeitura de Ros\u00e1rio da Limeira, realizar a tradicional festa de S\u00e1bado de Aleluia.<\/p>\n<p>\u201cTodas as festas promovidas pela prefeitura t\u00eam sido organizadas para ser o mais familiar poss\u00edvel. Temos seguran\u00e7a e espa\u00e7os voltados para crian\u00e7as e adolescentes. Queremos que todos possam participar, do mais novo ao mais idoso integrante da fam\u00edlia limeirense. Este foi um evento gratuito para o p\u00fablico, mas sem gastos exorbitantes para os cofres do munic\u00edpio e, com isso, conseguimos aliar divers\u00e3o \u00e0 economia. Aproveito a oportunidade para agradecer ao prefeito Z\u00e9 Maria, aos servidores da limpeza urbana, aos secret\u00e1rios do munic\u00edpio, em especial ao secret\u00e1rio de Cultura, Alexandre Braga, aos visitantes e a presen\u00e7a da Pol\u00edcia Militar pelo grande apoio durante a festividade\u201d, diz.<\/p>\n<p>A vocalista da ecl\u00e9tica Banda Sintaliga, C\u00edntia de Freitas, disse que Ros\u00e1rio da Limeira \u00e9 uma cidade muito acolhedora. \u201cSempre participei das festas do munic\u00edpio desde pequena. Ent\u00e3o, para mim, foi muito gratificante estar de volta junto com a Banda Sintaliga, da qual fa\u00e7o parte h\u00e1 oito anos\u201d, conta.<\/p>\n<p>Apaixonada por Milton Nascimento e Marisa Monte, a cantora de MPB, Ana Lu\u00edza Galdino, natural de Volta Redonda (RJ), que mora em Ros\u00e1rio da Limeira h\u00e1 dois anos, disse que estava muito apreensiva antes de sua estreia no palco. \u201cEstava nervosa, principalmente pelo fato de que o meu filho estava na plateia assistindo. Por isso, quis dar o meu melhor, mas com o apoio dos meus amigos e de minha m\u00e3e, fiquei mais tranquila. Foi muito bacana, agrade\u00e7o muito ao prefeito Z\u00e9 Maria pela oportunidade e tenho certeza de que esta apresenta\u00e7\u00e3o abrir\u00e1 muitas portas para mim\u201d, conta.<\/p>\n<p><a href=\"https:\/\/anoticiaonline.com.br\/site\/wp-content\/uploads\/2018\/04\/DSC_0220.jpg\"><img loading=\"lazy\" decoding=\"async\" class=\"aligncenter size-full wp-image-53172\" src=\"https:\/\/anoticiaonline.com.br\/site\/wp-content\/uploads\/2018\/04\/DSC_0220.jpg\" alt=\"\" width=\"640\" height=\"427\" srcset=\"https:\/\/anoticiaonline.com.br\/site\/wp-content\/uploads\/2018\/04\/DSC_0220.jpg 640w, https:\/\/anoticiaonline.com.br\/site\/wp-content\/uploads\/2018\/04\/DSC_0220-300x200.jpg 300w\" sizes=\"(max-width: 640px) 100vw, 640px\" \/><\/a><\/p>\n<p><a href=\"https:\/\/anoticiaonline.com.br\/site\/wp-content\/uploads\/2018\/04\/DSC_0188.jpg\"><img loading=\"lazy\" decoding=\"async\" class=\"aligncenter size-full wp-image-53170\" src=\"https:\/\/anoticiaonline.com.br\/site\/wp-content\/uploads\/2018\/04\/DSC_0188.jpg\" alt=\"\" width=\"640\" height=\"427\" srcset=\"https:\/\/anoticiaonline.com.br\/site\/wp-content\/uploads\/2018\/04\/DSC_0188.jpg 640w, https:\/\/anoticiaonline.com.br\/site\/wp-content\/uploads\/2018\/04\/DSC_0188-300x200.jpg 300w\" sizes=\"(max-width: 640px) 100vw, 640px\" \/><\/a><\/p>\n<p><img decoding=\"async\" class=\"ngg_displayed_gallery mceItem\" src=\"https:\/\/anoticiaonline.com.br\/site\/nextgen-attach_to_post\/preview\/id--53223\" \/><\/p>\n","protected":false},"excerpt":{"rendered":"<p>A tradicional festa de S\u00e1bado de Aleluia (31), promovida pela prefeitura de Ros\u00e1rio da Limeira, aconteceu na Pra\u00e7a Nossa Senhora de F\u00e1tima, onde a banda Sintaliga agitou a noite de centenas de pessoas. Segundo o prefeito Jos\u00e9 Maria Pinto da Silva, esta foi uma oportunidade para a popula\u00e7\u00e3o se divertir com familiares e amigos no &#8230; <a title=\"Tradicional festa de S\u00e1bado de Aleluia acontece em Ros\u00e1rio da Limeira\" class=\"read-more\" href=\"https:\/\/anoticiaonline.com.br\/site\/tradicional-festa-de-sabado-de-aleluia-acontece-em-rosario-da-limeira\/\" aria-label=\"Read more about Tradicional festa de S\u00e1bado de Aleluia acontece em Ros\u00e1rio da Limeira\">Ler mais<\/a><\/p>\n","protected":false},"author":2,"featured_media":53171,"comment_status":"open","ping_status":"open","sticky":false,"template":"","format":"standard","meta":{"_acf_changed":false,"_monsterinsights_skip_tracking":false,"footnotes":""},"categories":[6],"tags":[1349,849,846,2370],"class_list":["post-53159","post","type-post","status-publish","format-standard","has-post-thumbnail","hentry","category-regiao","tag-banda-sintaliga","tag-jose-maria-pinto-da-silva","tag-rosario-da-limeira","tag-sabado-de-aleluia"],"acf":[],"aioseo_notices":[],"aioseo_head":"\n\t\t<!-- All in One SEO 5.0.0.1 - aioseo.com -->\n\t<meta name=\"description\" content=\"A tradicional festa de S\u00e1bado de Aleluia (31), promovida pela prefeitura de Ros\u00e1rio da Limeira, aconteceu na Pra\u00e7a Nossa Senhora de F\u00e1tima, onde a banda Sintaliga agitou a noite de centenas de pessoas. Segundo o prefeito Jos\u00e9 Maria Pinto da Silva, esta foi uma oportunidade para a popula\u00e7\u00e3o se divertir com familiares e amigos no\" \/>\n\t<meta name=\"robots\" content=\"max-image-preview:large\" \/>\n\t<meta name=\"author\" content=\"Juliana Laviola\"\/>\n\t<link rel=\"canonical\" href=\"https:\/\/anoticiaonline.com.br\/site\/tradicional-festa-de-sabado-de-aleluia-acontece-em-rosario-da-limeira\/\" \/>\n\t<meta name=\"generator\" content=\"All in One SEO (AIOSEO) 5.0.0.1\" \/>\n\t\t<meta property=\"og:locale\" content=\"pt_BR\" \/>\n\t\t<meta property=\"og:site_name\" content=\"A Not\u00edcia Online - Noticias de Muria\u00e9 e regi\u00e3o\" \/>\n\t\t<meta property=\"og:type\" content=\"article\" \/>\n\t\t<meta property=\"og:title\" content=\"Tradicional festa de S\u00e1bado de Aleluia acontece em Ros\u00e1rio da Limeira - A Not\u00edcia Online\" \/>\n\t\t<meta property=\"og:description\" content=\"A tradicional festa de S\u00e1bado de Aleluia (31), promovida pela prefeitura de Ros\u00e1rio da Limeira, aconteceu na Pra\u00e7a Nossa Senhora de F\u00e1tima, onde a banda Sintaliga agitou a noite de centenas de pessoas. Segundo o prefeito Jos\u00e9 Maria Pinto da Silva, esta foi uma oportunidade para a popula\u00e7\u00e3o se divertir com familiares e amigos no\" \/>\n\t\t<meta property=\"og:url\" content=\"https:\/\/anoticiaonline.com.br\/site\/tradicional-festa-de-sabado-de-aleluia-acontece-em-rosario-da-limeira\/\" \/>\n\t\t<meta property=\"og:image\" content=\"https:\/\/scontent-gig4-1.xx.fbcdn.net\/v\/t39.30808-1\/270437624_4564083193639691_6907940295614233970_n.jpg?stp=dst-jpg_s200x200_tt6&#038;_nc_cat=111&#038;ccb=1-7&#038;_nc_sid=f907e8&#038;_nc_ohc=SM1wRlP3lJwQ7kNvwEPuBYA&#038;_nc_oc=AdnqrjDN_BNjSSHWO-GbkIWH6fkGMLw4bqvL_NH6e2wMveX7G-rP2dAqsDSq1mJMOaY&#038;_nc_zt=24&#038;_nc_ht=scontent-gig4-1.xx&#038;_nc_gid=AoBFJeGrT1hVaew_6rchkQ&#038;oh=00_AfX7QmFGhQhG2jAllVgXCiM1ZrWgvtp80-Bfppyexh1QEg&#038;oe=689E923C\" \/>\n\t\t<meta property=\"og:image:secure_url\" content=\"https:\/\/scontent-gig4-1.xx.fbcdn.net\/v\/t39.30808-1\/270437624_4564083193639691_6907940295614233970_n.jpg?stp=dst-jpg_s200x200_tt6&#038;_nc_cat=111&#038;ccb=1-7&#038;_nc_sid=f907e8&#038;_nc_ohc=SM1wRlP3lJwQ7kNvwEPuBYA&#038;_nc_oc=AdnqrjDN_BNjSSHWO-GbkIWH6fkGMLw4bqvL_NH6e2wMveX7G-rP2dAqsDSq1mJMOaY&#038;_nc_zt=24&#038;_nc_ht=scontent-gig4-1.xx&#038;_nc_gid=AoBFJeGrT1hVaew_6rchkQ&#038;oh=00_AfX7QmFGhQhG2jAllVgXCiM1ZrWgvtp80-Bfppyexh1QEg&#038;oe=689E923C\" \/>\n\t\t<meta property=\"article:published_time\" content=\"2018-04-06T14:31:46+00:00\" \/>\n\t\t<meta property=\"article:modified_time\" content=\"2018-04-06T17:35:08+00:00\" \/>\n\t\t<meta name=\"twitter:card\" content=\"summary_large_image\" \/>\n\t\t<meta name=\"twitter:title\" content=\"Tradicional festa de S\u00e1bado de Aleluia acontece em Ros\u00e1rio da Limeira - A Not\u00edcia Online\" \/>\n\t\t<meta name=\"twitter:description\" content=\"A tradicional festa de S\u00e1bado de Aleluia (31), promovida pela prefeitura de Ros\u00e1rio da Limeira, aconteceu na Pra\u00e7a Nossa Senhora de F\u00e1tima, onde a banda Sintaliga agitou a noite de centenas de pessoas. Segundo o prefeito Jos\u00e9 Maria Pinto da Silva, esta foi uma oportunidade para a popula\u00e7\u00e3o se divertir com familiares e amigos no\" \/>\n\t\t<meta name=\"twitter:image\" content=\"https:\/\/scontent-gig4-1.xx.fbcdn.net\/v\/t39.30808-1\/270437624_4564083193639691_6907940295614233970_n.jpg?stp=dst-jpg_s200x200_tt6&amp;_nc_cat=111&amp;ccb=1-7&amp;_nc_sid=f907e8&amp;_nc_ohc=SM1wRlP3lJwQ7kNvwEPuBYA&amp;_nc_oc=AdnqrjDN_BNjSSHWO-GbkIWH6fkGMLw4bqvL_NH6e2wMveX7G-rP2dAqsDSq1mJMOaY&amp;_nc_zt=24&amp;_nc_ht=scontent-gig4-1.xx&amp;_nc_gid=AoBFJeGrT1hVaew_6rchkQ&amp;oh=00_AfX7QmFGhQhG2jAllVgXCiM1ZrWgvtp80-Bfppyexh1QEg&amp;oe=689E923C\" \/>\n\t\t<script type=\"application\/ld+json\" class=\"aioseo-schema\">\n\t\t\t{\"@context\":\"https:\\\/\\\/schema.org\",\"@graph\":[{\"@type\":\"BlogPosting\",\"@id\":\"https:\\\/\\\/anoticiaonline.com.br\\\/site\\\/tradicional-festa-de-sabado-de-aleluia-acontece-em-rosario-da-limeira\\\/#blogposting\",\"name\":\"Tradicional festa de S\\u00e1bado de Aleluia acontece em Ros\\u00e1rio da Limeira - A Not\\u00edcia Online\",\"headline\":\"Tradicional festa de S\\u00e1bado de Aleluia acontece em Ros\\u00e1rio da Limeira\",\"author\":{\"@id\":\"https:\\\/\\\/anoticiaonline.com.br\\\/site\\\/author\\\/juliana\\\/#author\"},\"publisher\":{\"@id\":\"https:\\\/\\\/anoticiaonline.com.br\\\/site\\\/#organization\"},\"image\":{\"@type\":\"ImageObject\",\"url\":\"https:\\\/\\\/anoticiaonline.com.br\\\/site\\\/wp-content\\\/uploads\\\/2018\\\/04\\\/DSC_0205.jpg\",\"width\":640,\"height\":426},\"datePublished\":\"2018-04-06T11:31:46-03:00\",\"dateModified\":\"2018-04-06T14:35:08-03:00\",\"inLanguage\":\"pt-BR\",\"mainEntityOfPage\":{\"@id\":\"https:\\\/\\\/anoticiaonline.com.br\\\/site\\\/tradicional-festa-de-sabado-de-aleluia-acontece-em-rosario-da-limeira\\\/#webpage\"},\"isPartOf\":{\"@id\":\"https:\\\/\\\/anoticiaonline.com.br\\\/site\\\/tradicional-festa-de-sabado-de-aleluia-acontece-em-rosario-da-limeira\\\/#webpage\"},\"articleSection\":\"Regi\\u00e3o, Banda Sintaliga, Jos\\u00e9 Maria Pinto da Silva, Ros\\u00e1rio da Limeira, S\\u00e1bado de Aleluia\"},{\"@type\":\"BreadcrumbList\",\"@id\":\"https:\\\/\\\/anoticiaonline.com.br\\\/site\\\/tradicional-festa-de-sabado-de-aleluia-acontece-em-rosario-da-limeira\\\/#breadcrumblist\",\"itemListElement\":[{\"@type\":\"ListItem\",\"@id\":\"https:\\\/\\\/anoticiaonline.com.br\\\/site#listItem\",\"position\":1,\"name\":\"Home\",\"item\":\"https:\\\/\\\/anoticiaonline.com.br\\\/site\",\"nextItem\":{\"@type\":\"ListItem\",\"@id\":\"https:\\\/\\\/anoticiaonline.com.br\\\/site\\\/categoria\\\/regiao\\\/#listItem\",\"name\":\"Regi\\u00e3o\"}},{\"@type\":\"ListItem\",\"@id\":\"https:\\\/\\\/anoticiaonline.com.br\\\/site\\\/categoria\\\/regiao\\\/#listItem\",\"position\":2,\"name\":\"Regi\\u00e3o\",\"item\":\"https:\\\/\\\/anoticiaonline.com.br\\\/site\\\/categoria\\\/regiao\\\/\",\"nextItem\":{\"@type\":\"ListItem\",\"@id\":\"https:\\\/\\\/anoticiaonline.com.br\\\/site\\\/tradicional-festa-de-sabado-de-aleluia-acontece-em-rosario-da-limeira\\\/#listItem\",\"name\":\"Tradicional festa de S\\u00e1bado de Aleluia acontece em Ros\\u00e1rio da Limeira\"},\"previousItem\":{\"@type\":\"ListItem\",\"@id\":\"https:\\\/\\\/anoticiaonline.com.br\\\/site#listItem\",\"name\":\"Home\"}},{\"@type\":\"ListItem\",\"@id\":\"https:\\\/\\\/anoticiaonline.com.br\\\/site\\\/tradicional-festa-de-sabado-de-aleluia-acontece-em-rosario-da-limeira\\\/#listItem\",\"position\":3,\"name\":\"Tradicional festa de S\\u00e1bado de Aleluia acontece em Ros\\u00e1rio da Limeira\",\"previousItem\":{\"@type\":\"ListItem\",\"@id\":\"https:\\\/\\\/anoticiaonline.com.br\\\/site\\\/categoria\\\/regiao\\\/#listItem\",\"name\":\"Regi\\u00e3o\"}}]},{\"@type\":\"Organization\",\"@id\":\"https:\\\/\\\/anoticiaonline.com.br\\\/site\\\/#organization\",\"name\":\"A Not\\u00edcia Online\",\"description\":\"Noticias de Muria\\u00e9 e regi\\u00e3o\",\"url\":\"https:\\\/\\\/anoticiaonline.com.br\\\/site\\\/\",\"logo\":{\"@type\":\"ImageObject\",\"url\":\"https:\\\/\\\/scontent-gig4-1.xx.fbcdn.net\\\/v\\\/t39.30808-1\\\/270437624_4564083193639691_6907940295614233970_n.jpg?stp=dst-jpg_s200x200_tt6&_nc_cat=111&ccb=1-7&_nc_sid=f907e8&_nc_ohc=SM1wRlP3lJwQ7kNvwEPuBYA&_nc_oc=AdnqrjDN_BNjSSHWO-GbkIWH6fkGMLw4bqvL_NH6e2wMveX7G-rP2dAqsDSq1mJMOaY&_nc_zt=24&_nc_ht=scontent-gig4-1.xx&_nc_gid=AoBFJeGrT1hVaew_6rchkQ&oh=00_AfX7QmFGhQhG2jAllVgXCiM1ZrWgvtp80-Bfppyexh1QEg&oe=689E923C\",\"@id\":\"https:\\\/\\\/anoticiaonline.com.br\\\/site\\\/tradicional-festa-de-sabado-de-aleluia-acontece-em-rosario-da-limeira\\\/#organizationLogo\"},\"image\":{\"@id\":\"https:\\\/\\\/anoticiaonline.com.br\\\/site\\\/tradicional-festa-de-sabado-de-aleluia-acontece-em-rosario-da-limeira\\\/#organizationLogo\"}},{\"@type\":\"Person\",\"@id\":\"https:\\\/\\\/anoticiaonline.com.br\\\/site\\\/author\\\/juliana\\\/#author\",\"url\":\"https:\\\/\\\/anoticiaonline.com.br\\\/site\\\/author\\\/juliana\\\/\",\"name\":\"Juliana Laviola\",\"image\":{\"@type\":\"ImageObject\",\"@id\":\"https:\\\/\\\/anoticiaonline.com.br\\\/site\\\/tradicional-festa-de-sabado-de-aleluia-acontece-em-rosario-da-limeira\\\/#authorImage\",\"url\":\"https:\\\/\\\/secure.gravatar.com\\\/avatar\\\/b8d45f5c699b100dfaf0e543582f38f38bf94cb7ae3a5e9abf8d891a34773335?s=96&d=mm&r=g\",\"width\":96,\"height\":96,\"caption\":\"Juliana Laviola\"}},{\"@type\":\"WebPage\",\"@id\":\"https:\\\/\\\/anoticiaonline.com.br\\\/site\\\/tradicional-festa-de-sabado-de-aleluia-acontece-em-rosario-da-limeira\\\/#webpage\",\"url\":\"https:\\\/\\\/anoticiaonline.com.br\\\/site\\\/tradicional-festa-de-sabado-de-aleluia-acontece-em-rosario-da-limeira\\\/\",\"name\":\"Tradicional festa de S\\u00e1bado de Aleluia acontece em Ros\\u00e1rio da Limeira - A Not\\u00edcia Online\",\"description\":\"A tradicional festa de S\\u00e1bado de Aleluia (31), promovida pela prefeitura de Ros\\u00e1rio da Limeira, aconteceu na Pra\\u00e7a Nossa Senhora de F\\u00e1tima, onde a banda Sintaliga agitou a noite de centenas de pessoas. Segundo o prefeito Jos\\u00e9 Maria Pinto da Silva, esta foi uma oportunidade para a popula\\u00e7\\u00e3o se divertir com familiares e amigos no\",\"inLanguage\":\"pt-BR\",\"isPartOf\":{\"@id\":\"https:\\\/\\\/anoticiaonline.com.br\\\/site\\\/#website\"},\"breadcrumb\":{\"@id\":\"https:\\\/\\\/anoticiaonline.com.br\\\/site\\\/tradicional-festa-de-sabado-de-aleluia-acontece-em-rosario-da-limeira\\\/#breadcrumblist\"},\"author\":{\"@id\":\"https:\\\/\\\/anoticiaonline.com.br\\\/site\\\/author\\\/juliana\\\/#author\"},\"creator\":{\"@id\":\"https:\\\/\\\/anoticiaonline.com.br\\\/site\\\/author\\\/juliana\\\/#author\"},\"image\":{\"@type\":\"ImageObject\",\"url\":\"https:\\\/\\\/anoticiaonline.com.br\\\/site\\\/wp-content\\\/uploads\\\/2018\\\/04\\\/DSC_0205.jpg\",\"@id\":\"https:\\\/\\\/anoticiaonline.com.br\\\/site\\\/tradicional-festa-de-sabado-de-aleluia-acontece-em-rosario-da-limeira\\\/#mainImage\",\"width\":640,\"height\":426},\"primaryImageOfPage\":{\"@id\":\"https:\\\/\\\/anoticiaonline.com.br\\\/site\\\/tradicional-festa-de-sabado-de-aleluia-acontece-em-rosario-da-limeira\\\/#mainImage\"},\"datePublished\":\"2018-04-06T11:31:46-03:00\",\"dateModified\":\"2018-04-06T14:35:08-03:00\"},{\"@type\":\"WebSite\",\"@id\":\"https:\\\/\\\/anoticiaonline.com.br\\\/site\\\/#website\",\"url\":\"https:\\\/\\\/anoticiaonline.com.br\\\/site\\\/\",\"name\":\"A Not\\u00edcia Online\",\"description\":\"Noticias de Muria\\u00e9 e regi\\u00e3o\",\"inLanguage\":\"pt-BR\",\"publisher\":{\"@id\":\"https:\\\/\\\/anoticiaonline.com.br\\\/site\\\/#organization\"}}]}\n\t\t<\/script>\n\t\t<!-- All in One SEO -->\n\n","aioseo_head_json":{"title":"Tradicional festa de S\u00e1bado de Aleluia acontece em Ros\u00e1rio da Limeira - A Not\u00edcia Online","description":"A tradicional festa de S\u00e1bado de Aleluia (31), promovida pela prefeitura de Ros\u00e1rio da Limeira, aconteceu na Pra\u00e7a Nossa Senhora de F\u00e1tima, onde a banda Sintaliga agitou a noite de centenas de pessoas. Segundo o prefeito Jos\u00e9 Maria Pinto da Silva, esta foi uma oportunidade para a popula\u00e7\u00e3o se divertir com familiares e amigos no","canonical_url":"https:\/\/anoticiaonline.com.br\/site\/tradicional-festa-de-sabado-de-aleluia-acontece-em-rosario-da-limeira\/","robots":"max-image-preview:large","keywords":"","webmasterTools":{"miscellaneous":""},"schema":{"@context":"https:\/\/schema.org","@graph":[{"@type":"BlogPosting","@id":"https:\/\/anoticiaonline.com.br\/site\/tradicional-festa-de-sabado-de-aleluia-acontece-em-rosario-da-limeira\/#blogposting","name":"Tradicional festa de S\u00e1bado de Aleluia acontece em Ros\u00e1rio da Limeira - A Not\u00edcia Online","headline":"Tradicional festa de S\u00e1bado de Aleluia acontece em Ros\u00e1rio da Limeira","author":{"@id":"https:\/\/anoticiaonline.com.br\/site\/author\/juliana\/#author"},"publisher":{"@id":"https:\/\/anoticiaonline.com.br\/site\/#organization"},"image":{"@type":"ImageObject","url":"https:\/\/anoticiaonline.com.br\/site\/wp-content\/uploads\/2018\/04\/DSC_0205.jpg","width":640,"height":426},"datePublished":"2018-04-06T11:31:46-03:00","dateModified":"2018-04-06T14:35:08-03:00","inLanguage":"pt-BR","mainEntityOfPage":{"@id":"https:\/\/anoticiaonline.com.br\/site\/tradicional-festa-de-sabado-de-aleluia-acontece-em-rosario-da-limeira\/#webpage"},"isPartOf":{"@id":"https:\/\/anoticiaonline.com.br\/site\/tradicional-festa-de-sabado-de-aleluia-acontece-em-rosario-da-limeira\/#webpage"},"articleSection":"Regi\u00e3o, Banda Sintaliga, Jos\u00e9 Maria Pinto da Silva, Ros\u00e1rio da Limeira, S\u00e1bado de Aleluia"},{"@type":"BreadcrumbList","@id":"https:\/\/anoticiaonline.com.br\/site\/tradicional-festa-de-sabado-de-aleluia-acontece-em-rosario-da-limeira\/#breadcrumblist","itemListElement":[{"@type":"ListItem","@id":"https:\/\/anoticiaonline.com.br\/site#listItem","position":1,"name":"Home","item":"https:\/\/anoticiaonline.com.br\/site","nextItem":{"@type":"ListItem","@id":"https:\/\/anoticiaonline.com.br\/site\/categoria\/regiao\/#listItem","name":"Regi\u00e3o"}},{"@type":"ListItem","@id":"https:\/\/anoticiaonline.com.br\/site\/categoria\/regiao\/#listItem","position":2,"name":"Regi\u00e3o","item":"https:\/\/anoticiaonline.com.br\/site\/categoria\/regiao\/","nextItem":{"@type":"ListItem","@id":"https:\/\/anoticiaonline.com.br\/site\/tradicional-festa-de-sabado-de-aleluia-acontece-em-rosario-da-limeira\/#listItem","name":"Tradicional festa de S\u00e1bado de Aleluia acontece em Ros\u00e1rio da Limeira"},"previousItem":{"@type":"ListItem","@id":"https:\/\/anoticiaonline.com.br\/site#listItem","name":"Home"}},{"@type":"ListItem","@id":"https:\/\/anoticiaonline.com.br\/site\/tradicional-festa-de-sabado-de-aleluia-acontece-em-rosario-da-limeira\/#listItem","position":3,"name":"Tradicional festa de S\u00e1bado de Aleluia acontece em Ros\u00e1rio da Limeira","previousItem":{"@type":"ListItem","@id":"https:\/\/anoticiaonline.com.br\/site\/categoria\/regiao\/#listItem","name":"Regi\u00e3o"}}]},{"@type":"Organization","@id":"https:\/\/anoticiaonline.com.br\/site\/#organization","name":"A Not\u00edcia Online","description":"Noticias de Muria\u00e9 e regi\u00e3o","url":"https:\/\/anoticiaonline.com.br\/site\/","logo":{"@type":"ImageObject","url":"https:\/\/scontent-gig4-1.xx.fbcdn.net\/v\/t39.30808-1\/270437624_4564083193639691_6907940295614233970_n.jpg?stp=dst-jpg_s200x200_tt6&_nc_cat=111&ccb=1-7&_nc_sid=f907e8&_nc_ohc=SM1wRlP3lJwQ7kNvwEPuBYA&_nc_oc=AdnqrjDN_BNjSSHWO-GbkIWH6fkGMLw4bqvL_NH6e2wMveX7G-rP2dAqsDSq1mJMOaY&_nc_zt=24&_nc_ht=scontent-gig4-1.xx&_nc_gid=AoBFJeGrT1hVaew_6rchkQ&oh=00_AfX7QmFGhQhG2jAllVgXCiM1ZrWgvtp80-Bfppyexh1QEg&oe=689E923C","@id":"https:\/\/anoticiaonline.com.br\/site\/tradicional-festa-de-sabado-de-aleluia-acontece-em-rosario-da-limeira\/#organizationLogo"},"image":{"@id":"https:\/\/anoticiaonline.com.br\/site\/tradicional-festa-de-sabado-de-aleluia-acontece-em-rosario-da-limeira\/#organizationLogo"}},{"@type":"Person","@id":"https:\/\/anoticiaonline.com.br\/site\/author\/juliana\/#author","url":"https:\/\/anoticiaonline.com.br\/site\/author\/juliana\/","name":"Juliana Laviola","image":{"@type":"ImageObject","@id":"https:\/\/anoticiaonline.com.br\/site\/tradicional-festa-de-sabado-de-aleluia-acontece-em-rosario-da-limeira\/#authorImage","url":"https:\/\/secure.gravatar.com\/avatar\/b8d45f5c699b100dfaf0e543582f38f38bf94cb7ae3a5e9abf8d891a34773335?s=96&d=mm&r=g","width":96,"height":96,"caption":"Juliana Laviola"}},{"@type":"WebPage","@id":"https:\/\/anoticiaonline.com.br\/site\/tradicional-festa-de-sabado-de-aleluia-acontece-em-rosario-da-limeira\/#webpage","url":"https:\/\/anoticiaonline.com.br\/site\/tradicional-festa-de-sabado-de-aleluia-acontece-em-rosario-da-limeira\/","name":"Tradicional festa de S\u00e1bado de Aleluia acontece em Ros\u00e1rio da Limeira - A Not\u00edcia Online","description":"A tradicional festa de S\u00e1bado de Aleluia (31), promovida pela prefeitura de Ros\u00e1rio da Limeira, aconteceu na Pra\u00e7a Nossa Senhora de F\u00e1tima, onde a banda Sintaliga agitou a noite de centenas de pessoas. Segundo o prefeito Jos\u00e9 Maria Pinto da Silva, esta foi uma oportunidade para a popula\u00e7\u00e3o se divertir com familiares e amigos no","inLanguage":"pt-BR","isPartOf":{"@id":"https:\/\/anoticiaonline.com.br\/site\/#website"},"breadcrumb":{"@id":"https:\/\/anoticiaonline.com.br\/site\/tradicional-festa-de-sabado-de-aleluia-acontece-em-rosario-da-limeira\/#breadcrumblist"},"author":{"@id":"https:\/\/anoticiaonline.com.br\/site\/author\/juliana\/#author"},"creator":{"@id":"https:\/\/anoticiaonline.com.br\/site\/author\/juliana\/#author"},"image":{"@type":"ImageObject","url":"https:\/\/anoticiaonline.com.br\/site\/wp-content\/uploads\/2018\/04\/DSC_0205.jpg","@id":"https:\/\/anoticiaonline.com.br\/site\/tradicional-festa-de-sabado-de-aleluia-acontece-em-rosario-da-limeira\/#mainImage","width":640,"height":426},"primaryImageOfPage":{"@id":"https:\/\/anoticiaonline.com.br\/site\/tradicional-festa-de-sabado-de-aleluia-acontece-em-rosario-da-limeira\/#mainImage"},"datePublished":"2018-04-06T11:31:46-03:00","dateModified":"2018-04-06T14:35:08-03:00"},{"@type":"WebSite","@id":"https:\/\/anoticiaonline.com.br\/site\/#website","url":"https:\/\/anoticiaonline.com.br\/site\/","name":"A Not\u00edcia Online","description":"Noticias de Muria\u00e9 e regi\u00e3o","inLanguage":"pt-BR","publisher":{"@id":"https:\/\/anoticiaonline.com.br\/site\/#organization"}}]},"og:locale":"pt_BR","og:site_name":"A Not\u00edcia Online - Noticias de Muria\u00e9 e regi\u00e3o","og:type":"article","og:title":"Tradicional festa de S\u00e1bado de Aleluia acontece em Ros\u00e1rio da Limeira - A Not\u00edcia Online","og:description":"A tradicional festa de S\u00e1bado de Aleluia (31), promovida pela prefeitura de Ros\u00e1rio da Limeira, aconteceu na Pra\u00e7a Nossa Senhora de F\u00e1tima, onde a banda Sintaliga agitou a noite de centenas de pessoas. Segundo o prefeito Jos\u00e9 Maria Pinto da Silva, esta foi uma oportunidade para a popula\u00e7\u00e3o se divertir com familiares e amigos no","og:url":"https:\/\/anoticiaonline.com.br\/site\/tradicional-festa-de-sabado-de-aleluia-acontece-em-rosario-da-limeira\/","og:image":"https:\/\/scontent-gig4-1.xx.fbcdn.net\/v\/t39.30808-1\/270437624_4564083193639691_6907940295614233970_n.jpg?stp=dst-jpg_s200x200_tt6&#038;_nc_cat=111&#038;ccb=1-7&#038;_nc_sid=f907e8&#038;_nc_ohc=SM1wRlP3lJwQ7kNvwEPuBYA&#038;_nc_oc=AdnqrjDN_BNjSSHWO-GbkIWH6fkGMLw4bqvL_NH6e2wMveX7G-rP2dAqsDSq1mJMOaY&#038;_nc_zt=24&#038;_nc_ht=scontent-gig4-1.xx&#038;_nc_gid=AoBFJeGrT1hVaew_6rchkQ&#038;oh=00_AfX7QmFGhQhG2jAllVgXCiM1ZrWgvtp80-Bfppyexh1QEg&#038;oe=689E923C","og:image:secure_url":"https:\/\/scontent-gig4-1.xx.fbcdn.net\/v\/t39.30808-1\/270437624_4564083193639691_6907940295614233970_n.jpg?stp=dst-jpg_s200x200_tt6&#038;_nc_cat=111&#038;ccb=1-7&#038;_nc_sid=f907e8&#038;_nc_ohc=SM1wRlP3lJwQ7kNvwEPuBYA&#038;_nc_oc=AdnqrjDN_BNjSSHWO-GbkIWH6fkGMLw4bqvL_NH6e2wMveX7G-rP2dAqsDSq1mJMOaY&#038;_nc_zt=24&#038;_nc_ht=scontent-gig4-1.xx&#038;_nc_gid=AoBFJeGrT1hVaew_6rchkQ&#038;oh=00_AfX7QmFGhQhG2jAllVgXCiM1ZrWgvtp80-Bfppyexh1QEg&#038;oe=689E923C","article:published_time":"2018-04-06T14:31:46+00:00","article:modified_time":"2018-04-06T17:35:08+00:00","twitter:card":"summary_large_image","twitter:title":"Tradicional festa de S\u00e1bado de Aleluia acontece em Ros\u00e1rio da Limeira - A Not\u00edcia Online","twitter:description":"A tradicional festa de S\u00e1bado de Aleluia (31), promovida pela prefeitura de Ros\u00e1rio da Limeira, aconteceu na Pra\u00e7a Nossa Senhora de F\u00e1tima, onde a banda Sintaliga agitou a noite de centenas de pessoas. Segundo o prefeito Jos\u00e9 Maria Pinto da Silva, esta foi uma oportunidade para a popula\u00e7\u00e3o se divertir com familiares e amigos no","twitter:image":"https:\/\/scontent-gig4-1.xx.fbcdn.net\/v\/t39.30808-1\/270437624_4564083193639691_6907940295614233970_n.jpg?stp=dst-jpg_s200x200_tt6&_nc_cat=111&ccb=1-7&_nc_sid=f907e8&_nc_ohc=SM1wRlP3lJwQ7kNvwEPuBYA&_nc_oc=AdnqrjDN_BNjSSHWO-GbkIWH6fkGMLw4bqvL_NH6e2wMveX7G-rP2dAqsDSq1mJMOaY&_nc_zt=24&_nc_ht=scontent-gig4-1.xx&_nc_gid=AoBFJeGrT1hVaew_6rchkQ&oh=00_AfX7QmFGhQhG2jAllVgXCiM1ZrWgvtp80-Bfppyexh1QEg&oe=689E923C"},"aioseo_meta_data":{"post_id":"53159","title":null,"description":null,"keywords":null,"keyphrases":null,"primary_term":null,"canonical_url":null,"og_title":null,"og_description":null,"og_object_type":"default","og_image_type":"default","og_image_url":null,"og_image_width":null,"og_image_height":null,"og_image_custom_url":null,"og_image_custom_fields":null,"og_video":null,"og_custom_url":null,"og_article_section":null,"og_article_tags":null,"twitter_use_og":false,"twitter_card":"default","twitter_image_type":"default","twitter_image_url":null,"twitter_image_custom_url":null,"twitter_image_custom_fields":null,"twitter_title":null,"twitter_description":null,"schema":{"blockGraphs":[],"customGraphs":[],"default":{"data":{"Article":[],"Course":[],"Dataset":[],"FAQPage":[],"Movie":[],"Person":[],"Product":[],"ProductReview":[],"Car":[],"Recipe":[],"Service":[],"SoftwareApplication":[],"WebPage":[]},"graphName":"","isEnabled":true},"graphs":[]},"schema_type":"default","schema_type_options":null,"pillar_content":false,"robots_default":true,"robots_noindex":false,"robots_noarchive":false,"robots_nosnippet":false,"robots_nofollow":false,"robots_noimageindex":false,"robots_noodp":false,"robots_notranslate":false,"robots_max_snippet":null,"robots_max_videopreview":null,"robots_max_imagepreview":"large","priority":null,"frequency":null,"local_seo":null,"breadcrumb_settings":null,"limit_modified_date":false,"ai":null,"created":"2025-08-16 20:39:20","updated":"2025-08-16 20:39:20","focus_keyword":null,"additional_keywords":null,"truseo_locale":null,"seo_analyzer_scan_date":null},"aioseo_breadcrumb":"<div class=\"aioseo-breadcrumbs\"><span class=\"aioseo-breadcrumb\">\n\t\t\t<a href=\"https:\/\/anoticiaonline.com.br\/site\" title=\"Home\">Home<\/a>\n\t\t<\/span><span class=\"aioseo-breadcrumb-separator\">&raquo;<\/span><span class=\"aioseo-breadcrumb\">\n\t\t\t<a href=\"https:\/\/anoticiaonline.com.br\/site\/categoria\/regiao\/\" title=\"Regi\u00e3o\">Regi\u00e3o<\/a>\n\t\t<\/span><span class=\"aioseo-breadcrumb-separator\">&raquo;<\/span><span class=\"aioseo-breadcrumb\">\n\t\t\tTradicional festa de S\u00e1bado de Aleluia acontece em Ros\u00e1rio da Limeira\n\t\t<\/span><\/div>","aioseo_breadcrumb_json":[{"label":"Home","link":"https:\/\/anoticiaonline.com.br\/site"},{"label":"Regi\u00e3o","link":"https:\/\/anoticiaonline.com.br\/site\/categoria\/regiao\/"},{"label":"Tradicional festa de S\u00e1bado de Aleluia acontece em Ros\u00e1rio da Limeira","link":"https:\/\/anoticiaonline.com.br\/site\/tradicional-festa-de-sabado-de-aleluia-acontece-em-rosario-da-limeira\/"}],"views":175,"_links":{"self":[{"href":"https:\/\/anoticiaonline.com.br\/site\/wp-json\/wp\/v2\/posts\/53159","targetHints":{"allow":["GET"]}}],"collection":[{"href":"https:\/\/anoticiaonline.com.br\/site\/wp-json\/wp\/v2\/posts"}],"about":[{"href":"https:\/\/anoticiaonline.com.br\/site\/wp-json\/wp\/v2\/types\/post"}],"author":[{"embeddable":true,"href":"https:\/\/anoticiaonline.com.br\/site\/wp-json\/wp\/v2\/users\/2"}],"replies":[{"embeddable":true,"href":"https:\/\/anoticiaonline.com.br\/site\/wp-json\/wp\/v2\/comments?post=53159"}],"version-history":[{"count":0,"href":"https:\/\/anoticiaonline.com.br\/site\/wp-json\/wp\/v2\/posts\/53159\/revisions"}],"wp:featuredmedia":[{"embeddable":true,"href":"https:\/\/anoticiaonline.com.br\/site\/wp-json\/wp\/v2\/media\/53171"}],"wp:attachment":[{"href":"https:\/\/anoticiaonline.com.br\/site\/wp-json\/wp\/v2\/media?parent=53159"}],"wp:term":[{"taxonomy":"category","embeddable":true,"href":"https:\/\/anoticiaonline.com.br\/site\/wp-json\/wp\/v2\/categories?post=53159"},{"taxonomy":"post_tag","embeddable":true,"href":"https:\/\/anoticiaonline.com.br\/site\/wp-json\/wp\/v2\/tags?post=53159"}],"curies":[{"name":"wp","href":"https:\/\/api.w.org\/{rel}","templated":true}]}}