{"id":52929,"date":"2018-04-05T19:02:46","date_gmt":"2018-04-05T22:02:46","guid":{"rendered":"http:\/\/anoticiaonline.com.br\/site\/?p=52929"},"modified":"2018-04-05T19:02:46","modified_gmt":"2018-04-05T22:02:46","slug":"lula-sim-por-que-nao","status":"publish","type":"post","link":"https:\/\/anoticiaonline.com.br\/site\/lula-sim-por-que-nao\/","title":{"rendered":"Lula, sim. Por que n\u00e3o?"},"content":{"rendered":"<p>\u201cN\u00e3o \u00e9, portanto, o legado pol\u00edtico que est\u00e1 em discuss\u00e3o. O que vai decidir \u00e9 se vai aplicar a ele ou n\u00e3o a Jurisprud\u00eancia que este tribunal aprovou e que deve ser aplicada a todas as pessoas\u201d (Luiz Roberto Barroso, ministro do STF, durante o julgamento do HC de Lula)<\/p>\n<p>O resultado apertado do julgamento do habeas corpus do ex-presidente Lula no STF, deu a exata dimens\u00e3o do que \u00e9 hoje a mais alta Corte de Justi\u00e7a do Pa\u00eds. Um Supremo absolutamente dividido entre aqueles que querem julgar politicamente os corruptos do pa\u00eds e os que querem buscar um consenso para pacificar uma mat\u00e9ria de extrema relev\u00e2ncia para o Brasil nos dias atuais: colocar de vez um freio na impunidade.<\/p>\n<p>A Jurisprud\u00eancia ditada pelo pr\u00f3prio STF de que \u201cr\u00e9u condenado por \u00f3rg\u00e3o colegiado em segunda inst\u00e2ncia pode ser preso\u201d, j\u00e1 vigora desde 2016. Por que mudar esse entendimento agora, s\u00f3 porque o habeas corpus julgado \u00e9 mais um recurso impetrado por uma ilustre figura da pol\u00edtica brasileira?\u00a0 Uma figura que teve em suas m\u00e3os todas as condi\u00e7\u00f5es de fazer o pa\u00eds deixar de ser apenas mais um emergente e explodir econ\u00f4mica e socialmente &#8211; no bom sentido &#8211; podendo se tornar a maior lideran\u00e7a da Am\u00e9rica Latina e n\u00e3o o fez, por deixar se envolver pelo establishment que comanda a corrup\u00e7\u00e3o no pa\u00eds. Se havia, como foi amplamente publicado, outros 33 processos com o mesmo teor para serem julgados, por que o do Lula \u201cfurou a fila\u201d como bem reclamou o seu ex-chefe da Casa Civil, Ant\u00f4nio Palocci, que se encontra preso na penitenci\u00e1ria da Papuda em Bras\u00edlia, acusado tamb\u00e9m de corrup\u00e7\u00e3o?<\/p>\n<p>O que estava em julgamento n\u00e3o era mais o habeas corpus de um pol\u00edtico importante, mas do homem Lula, que se envolveu em corrup\u00e7\u00e3o, enganou o povo com sua \u201cl\u00e1bia\u201d intermin\u00e1vel e arrogante, achando que se encontrava acima da lei. A sua perpetua\u00e7\u00e3o no poder, tentada a qualquer custo e passando por cima da lei seria uma desmoraliza\u00e7\u00e3o para o Judici\u00e1rio e um atentado sem precedentes \u00e0 nossa jovem democracia. Seria, sem d\u00favida, a consagra\u00e7\u00e3o da impunidade, que \u00e9 tudo que a sociedade n\u00e3o almeja para o futuro do pa\u00eds.<\/p>\n<p>Diz a Constitui\u00e7\u00e3o que a lei vale para todos. Com possibilidade, agora afastada, pelo menos por enquanto, de que r\u00e9us condenados poderiam continuar recorrendo indefinidamente, al\u00e9m de ser um golpe de morte na Lava-Jato, abriria um s\u00e9rio precedente para que outros r\u00e9us, principalmente os mais abastados, pudessem buscar livremente a sua paridade com o caso Lula. Neste mesmo arcabou\u00e7o de entendimentos, encontram-se os criminosos comuns, como assassinos, estupradores e outros delinquentes que se encontram presos e fora do conv\u00edvio social, com base no entendimento da pris\u00e3o ap\u00f3s a condena\u00e7\u00e3o em segunda inst\u00e2ncia. O efeito Lula, em caso de uma decis\u00e3o diferente, seria, sem d\u00favida, o mar de rosas para aqueles criminosos com o cl\u00e1ssico perfil de crimes do colarinho branco.<\/p>\n<p>Se Lula deixou algum legado pol\u00edtico, por outro lado, disseminou o \u201c<em>modus operandi<\/em>\u201d da corrup\u00e7\u00e3o no pa\u00eds. Este \u00e9 o fato. \u00a0A tentativa de perpetua\u00e7\u00e3o no poder n\u00e3o teve limites e todas essas manobras que est\u00e3o sendo vistas \u00e9 um desservi\u00e7o ao pa\u00eds. As institui\u00e7\u00f5es t\u00eam que funcionar para o bem do povo brasileiro.\u00a0 A negativa desse habeas corpus, como muito bem disse o ministro Barroso, deu mostras de que a Constitui\u00e7\u00e3o tem que prevalecer e que a lei tem que ser para todos. Ainda que seja um ex-presidente que tenha sido condenado \u00e0 pris\u00e3o, paci\u00eancia. Que pague pelos seus erros cometidos contra os brasileiros.<\/p>\n<p>E que tudo sirva como exemplo para o julgamento de outros corruptos que se encontram na fila de espera, para o bem da democracia e para o bem da sociedade.<\/p>\n","protected":false},"excerpt":{"rendered":"<p>\u201cN\u00e3o \u00e9, portanto, o legado pol\u00edtico que est\u00e1 em discuss\u00e3o. O que vai decidir \u00e9 se vai aplicar a ele ou n\u00e3o a Jurisprud\u00eancia que este tribunal aprovou e que deve ser aplicada a todas as pessoas\u201d (Luiz Roberto Barroso, ministro do STF, durante o julgamento do HC de Lula) O resultado apertado do julgamento &#8230; <a title=\"Lula, sim. Por que n\u00e3o?\" class=\"read-more\" href=\"https:\/\/anoticiaonline.com.br\/site\/lula-sim-por-que-nao\/\" aria-label=\"Read more about Lula, sim. Por que n\u00e3o?\">Ler mais<\/a><\/p>\n","protected":false},"author":2,"featured_media":0,"comment_status":"open","ping_status":"open","sticky":false,"template":"","format":"standard","meta":{"_acf_changed":false,"_monsterinsights_skip_tracking":false,"footnotes":""},"categories":[33],"tags":[353,331,1742,352,1484],"class_list":["post-52929","post","type-post","status-publish","format-standard","hentry","category-politica-e-atualidades-francisco-laviola","tag-atualidades","tag-francisco-laviola","tag-lula","tag-politica","tag-stf"],"acf":[],"aioseo_notices":[],"aioseo_head":"\n\t\t<!-- All in One SEO 5.0.0.1 - aioseo.com -->\n\t<meta name=\"description\" content=\"\u201cN\u00e3o \u00e9, portanto, o legado pol\u00edtico que est\u00e1 em discuss\u00e3o. O que vai decidir \u00e9 se vai aplicar a ele ou n\u00e3o a Jurisprud\u00eancia que este tribunal aprovou e que deve ser aplicada a todas as pessoas\u201d (Luiz Roberto Barroso, ministro do STF, durante o julgamento do HC de Lula) O resultado apertado do julgamento\" \/>\n\t<meta name=\"robots\" content=\"max-image-preview:large\" \/>\n\t<meta name=\"author\" content=\"Juliana Laviola\"\/>\n\t<link rel=\"canonical\" href=\"https:\/\/anoticiaonline.com.br\/site\/lula-sim-por-que-nao\/\" \/>\n\t<meta name=\"generator\" content=\"All in One SEO (AIOSEO) 5.0.0.1\" \/>\n\t\t<meta property=\"og:locale\" content=\"pt_BR\" \/>\n\t\t<meta property=\"og:site_name\" content=\"A Not\u00edcia Online - Noticias de Muria\u00e9 e regi\u00e3o\" \/>\n\t\t<meta property=\"og:type\" content=\"article\" \/>\n\t\t<meta property=\"og:title\" content=\"Lula, sim. Por que n\u00e3o? - A Not\u00edcia Online\" \/>\n\t\t<meta property=\"og:description\" content=\"\u201cN\u00e3o \u00e9, portanto, o legado pol\u00edtico que est\u00e1 em discuss\u00e3o. O que vai decidir \u00e9 se vai aplicar a ele ou n\u00e3o a Jurisprud\u00eancia que este tribunal aprovou e que deve ser aplicada a todas as pessoas\u201d (Luiz Roberto Barroso, ministro do STF, durante o julgamento do HC de Lula) O resultado apertado do julgamento\" \/>\n\t\t<meta property=\"og:url\" content=\"https:\/\/anoticiaonline.com.br\/site\/lula-sim-por-que-nao\/\" \/>\n\t\t<meta property=\"og:image\" content=\"https:\/\/scontent-gig4-1.xx.fbcdn.net\/v\/t39.30808-1\/270437624_4564083193639691_6907940295614233970_n.jpg?stp=dst-jpg_s200x200_tt6&#038;_nc_cat=111&#038;ccb=1-7&#038;_nc_sid=f907e8&#038;_nc_ohc=SM1wRlP3lJwQ7kNvwEPuBYA&#038;_nc_oc=AdnqrjDN_BNjSSHWO-GbkIWH6fkGMLw4bqvL_NH6e2wMveX7G-rP2dAqsDSq1mJMOaY&#038;_nc_zt=24&#038;_nc_ht=scontent-gig4-1.xx&#038;_nc_gid=AoBFJeGrT1hVaew_6rchkQ&#038;oh=00_AfX7QmFGhQhG2jAllVgXCiM1ZrWgvtp80-Bfppyexh1QEg&#038;oe=689E923C\" \/>\n\t\t<meta property=\"og:image:secure_url\" content=\"https:\/\/scontent-gig4-1.xx.fbcdn.net\/v\/t39.30808-1\/270437624_4564083193639691_6907940295614233970_n.jpg?stp=dst-jpg_s200x200_tt6&#038;_nc_cat=111&#038;ccb=1-7&#038;_nc_sid=f907e8&#038;_nc_ohc=SM1wRlP3lJwQ7kNvwEPuBYA&#038;_nc_oc=AdnqrjDN_BNjSSHWO-GbkIWH6fkGMLw4bqvL_NH6e2wMveX7G-rP2dAqsDSq1mJMOaY&#038;_nc_zt=24&#038;_nc_ht=scontent-gig4-1.xx&#038;_nc_gid=AoBFJeGrT1hVaew_6rchkQ&#038;oh=00_AfX7QmFGhQhG2jAllVgXCiM1ZrWgvtp80-Bfppyexh1QEg&#038;oe=689E923C\" \/>\n\t\t<meta property=\"article:published_time\" content=\"2018-04-05T22:02:46+00:00\" \/>\n\t\t<meta property=\"article:modified_time\" content=\"2018-04-05T22:02:46+00:00\" \/>\n\t\t<meta name=\"twitter:card\" content=\"summary_large_image\" \/>\n\t\t<meta name=\"twitter:title\" content=\"Lula, sim. Por que n\u00e3o? - A Not\u00edcia Online\" \/>\n\t\t<meta name=\"twitter:description\" content=\"\u201cN\u00e3o \u00e9, portanto, o legado pol\u00edtico que est\u00e1 em discuss\u00e3o. O que vai decidir \u00e9 se vai aplicar a ele ou n\u00e3o a Jurisprud\u00eancia que este tribunal aprovou e que deve ser aplicada a todas as pessoas\u201d (Luiz Roberto Barroso, ministro do STF, durante o julgamento do HC de Lula) O resultado apertado do julgamento\" \/>\n\t\t<meta name=\"twitter:image\" content=\"https:\/\/scontent-gig4-1.xx.fbcdn.net\/v\/t39.30808-1\/270437624_4564083193639691_6907940295614233970_n.jpg?stp=dst-jpg_s200x200_tt6&amp;_nc_cat=111&amp;ccb=1-7&amp;_nc_sid=f907e8&amp;_nc_ohc=SM1wRlP3lJwQ7kNvwEPuBYA&amp;_nc_oc=AdnqrjDN_BNjSSHWO-GbkIWH6fkGMLw4bqvL_NH6e2wMveX7G-rP2dAqsDSq1mJMOaY&amp;_nc_zt=24&amp;_nc_ht=scontent-gig4-1.xx&amp;_nc_gid=AoBFJeGrT1hVaew_6rchkQ&amp;oh=00_AfX7QmFGhQhG2jAllVgXCiM1ZrWgvtp80-Bfppyexh1QEg&amp;oe=689E923C\" \/>\n\t\t<script type=\"application\/ld+json\" class=\"aioseo-schema\">\n\t\t\t{\"@context\":\"https:\\\/\\\/schema.org\",\"@graph\":[{\"@type\":\"BlogPosting\",\"@id\":\"https:\\\/\\\/anoticiaonline.com.br\\\/site\\\/lula-sim-por-que-nao\\\/#blogposting\",\"name\":\"Lula, sim. Por que n\\u00e3o? - A Not\\u00edcia Online\",\"headline\":\"Lula, sim. Por que n\\u00e3o?\",\"author\":{\"@id\":\"https:\\\/\\\/anoticiaonline.com.br\\\/site\\\/author\\\/juliana\\\/#author\"},\"publisher\":{\"@id\":\"https:\\\/\\\/anoticiaonline.com.br\\\/site\\\/#organization\"},\"image\":{\"@type\":\"ImageObject\",\"url\":\"https:\\\/\\\/scontent-gig4-1.xx.fbcdn.net\\\/v\\\/t39.30808-1\\\/270437624_4564083193639691_6907940295614233970_n.jpg?stp=dst-jpg_s200x200_tt6&_nc_cat=111&ccb=1-7&_nc_sid=f907e8&_nc_ohc=SM1wRlP3lJwQ7kNvwEPuBYA&_nc_oc=AdnqrjDN_BNjSSHWO-GbkIWH6fkGMLw4bqvL_NH6e2wMveX7G-rP2dAqsDSq1mJMOaY&_nc_zt=24&_nc_ht=scontent-gig4-1.xx&_nc_gid=AoBFJeGrT1hVaew_6rchkQ&oh=00_AfX7QmFGhQhG2jAllVgXCiM1ZrWgvtp80-Bfppyexh1QEg&oe=689E923C\",\"@id\":\"https:\\\/\\\/anoticiaonline.com.br\\\/site\\\/#articleImage\"},\"datePublished\":\"2018-04-05T19:02:46-03:00\",\"dateModified\":\"2018-04-05T19:02:46-03:00\",\"inLanguage\":\"pt-BR\",\"mainEntityOfPage\":{\"@id\":\"https:\\\/\\\/anoticiaonline.com.br\\\/site\\\/lula-sim-por-que-nao\\\/#webpage\"},\"isPartOf\":{\"@id\":\"https:\\\/\\\/anoticiaonline.com.br\\\/site\\\/lula-sim-por-que-nao\\\/#webpage\"},\"articleSection\":\"Pol\\u00edtica e Atualidades - Francisco Laviola, atualidades, francisco laviola, lula, pol\\u00edtica, stf\"},{\"@type\":\"BreadcrumbList\",\"@id\":\"https:\\\/\\\/anoticiaonline.com.br\\\/site\\\/lula-sim-por-que-nao\\\/#breadcrumblist\",\"itemListElement\":[{\"@type\":\"ListItem\",\"@id\":\"https:\\\/\\\/anoticiaonline.com.br\\\/site#listItem\",\"position\":1,\"name\":\"Home\",\"item\":\"https:\\\/\\\/anoticiaonline.com.br\\\/site\",\"nextItem\":{\"@type\":\"ListItem\",\"@id\":\"https:\\\/\\\/anoticiaonline.com.br\\\/site\\\/categoria\\\/colunistas\\\/#listItem\",\"name\":\"Colunistas\"}},{\"@type\":\"ListItem\",\"@id\":\"https:\\\/\\\/anoticiaonline.com.br\\\/site\\\/categoria\\\/colunistas\\\/#listItem\",\"position\":2,\"name\":\"Colunistas\",\"item\":\"https:\\\/\\\/anoticiaonline.com.br\\\/site\\\/categoria\\\/colunistas\\\/\",\"nextItem\":{\"@type\":\"ListItem\",\"@id\":\"https:\\\/\\\/anoticiaonline.com.br\\\/site\\\/categoria\\\/colunistas\\\/politica-e-atualidades-francisco-laviola\\\/#listItem\",\"name\":\"Pol\\u00edtica e Atualidades - Francisco Laviola\"},\"previousItem\":{\"@type\":\"ListItem\",\"@id\":\"https:\\\/\\\/anoticiaonline.com.br\\\/site#listItem\",\"name\":\"Home\"}},{\"@type\":\"ListItem\",\"@id\":\"https:\\\/\\\/anoticiaonline.com.br\\\/site\\\/categoria\\\/colunistas\\\/politica-e-atualidades-francisco-laviola\\\/#listItem\",\"position\":3,\"name\":\"Pol\\u00edtica e Atualidades - Francisco Laviola\",\"item\":\"https:\\\/\\\/anoticiaonline.com.br\\\/site\\\/categoria\\\/colunistas\\\/politica-e-atualidades-francisco-laviola\\\/\",\"nextItem\":{\"@type\":\"ListItem\",\"@id\":\"https:\\\/\\\/anoticiaonline.com.br\\\/site\\\/lula-sim-por-que-nao\\\/#listItem\",\"name\":\"Lula, sim. Por que n\\u00e3o?\"},\"previousItem\":{\"@type\":\"ListItem\",\"@id\":\"https:\\\/\\\/anoticiaonline.com.br\\\/site\\\/categoria\\\/colunistas\\\/#listItem\",\"name\":\"Colunistas\"}},{\"@type\":\"ListItem\",\"@id\":\"https:\\\/\\\/anoticiaonline.com.br\\\/site\\\/lula-sim-por-que-nao\\\/#listItem\",\"position\":4,\"name\":\"Lula, sim. Por que n\\u00e3o?\",\"previousItem\":{\"@type\":\"ListItem\",\"@id\":\"https:\\\/\\\/anoticiaonline.com.br\\\/site\\\/categoria\\\/colunistas\\\/politica-e-atualidades-francisco-laviola\\\/#listItem\",\"name\":\"Pol\\u00edtica e Atualidades - Francisco Laviola\"}}]},{\"@type\":\"Organization\",\"@id\":\"https:\\\/\\\/anoticiaonline.com.br\\\/site\\\/#organization\",\"name\":\"A Not\\u00edcia Online\",\"description\":\"Noticias de Muria\\u00e9 e regi\\u00e3o\",\"url\":\"https:\\\/\\\/anoticiaonline.com.br\\\/site\\\/\",\"logo\":{\"@type\":\"ImageObject\",\"url\":\"https:\\\/\\\/scontent-gig4-1.xx.fbcdn.net\\\/v\\\/t39.30808-1\\\/270437624_4564083193639691_6907940295614233970_n.jpg?stp=dst-jpg_s200x200_tt6&_nc_cat=111&ccb=1-7&_nc_sid=f907e8&_nc_ohc=SM1wRlP3lJwQ7kNvwEPuBYA&_nc_oc=AdnqrjDN_BNjSSHWO-GbkIWH6fkGMLw4bqvL_NH6e2wMveX7G-rP2dAqsDSq1mJMOaY&_nc_zt=24&_nc_ht=scontent-gig4-1.xx&_nc_gid=AoBFJeGrT1hVaew_6rchkQ&oh=00_AfX7QmFGhQhG2jAllVgXCiM1ZrWgvtp80-Bfppyexh1QEg&oe=689E923C\",\"@id\":\"https:\\\/\\\/anoticiaonline.com.br\\\/site\\\/lula-sim-por-que-nao\\\/#organizationLogo\"},\"image\":{\"@id\":\"https:\\\/\\\/anoticiaonline.com.br\\\/site\\\/lula-sim-por-que-nao\\\/#organizationLogo\"}},{\"@type\":\"Person\",\"@id\":\"https:\\\/\\\/anoticiaonline.com.br\\\/site\\\/author\\\/juliana\\\/#author\",\"url\":\"https:\\\/\\\/anoticiaonline.com.br\\\/site\\\/author\\\/juliana\\\/\",\"name\":\"Juliana Laviola\",\"image\":{\"@type\":\"ImageObject\",\"@id\":\"https:\\\/\\\/anoticiaonline.com.br\\\/site\\\/lula-sim-por-que-nao\\\/#authorImage\",\"url\":\"https:\\\/\\\/secure.gravatar.com\\\/avatar\\\/b8d45f5c699b100dfaf0e543582f38f38bf94cb7ae3a5e9abf8d891a34773335?s=96&d=mm&r=g\",\"width\":96,\"height\":96,\"caption\":\"Juliana Laviola\"}},{\"@type\":\"WebPage\",\"@id\":\"https:\\\/\\\/anoticiaonline.com.br\\\/site\\\/lula-sim-por-que-nao\\\/#webpage\",\"url\":\"https:\\\/\\\/anoticiaonline.com.br\\\/site\\\/lula-sim-por-que-nao\\\/\",\"name\":\"Lula, sim. Por que n\\u00e3o? - A Not\\u00edcia Online\",\"description\":\"\\u201cN\\u00e3o \\u00e9, portanto, o legado pol\\u00edtico que est\\u00e1 em discuss\\u00e3o. O que vai decidir \\u00e9 se vai aplicar a ele ou n\\u00e3o a Jurisprud\\u00eancia que este tribunal aprovou e que deve ser aplicada a todas as pessoas\\u201d (Luiz Roberto Barroso, ministro do STF, durante o julgamento do HC de Lula) O resultado apertado do julgamento\",\"inLanguage\":\"pt-BR\",\"isPartOf\":{\"@id\":\"https:\\\/\\\/anoticiaonline.com.br\\\/site\\\/#website\"},\"breadcrumb\":{\"@id\":\"https:\\\/\\\/anoticiaonline.com.br\\\/site\\\/lula-sim-por-que-nao\\\/#breadcrumblist\"},\"author\":{\"@id\":\"https:\\\/\\\/anoticiaonline.com.br\\\/site\\\/author\\\/juliana\\\/#author\"},\"creator\":{\"@id\":\"https:\\\/\\\/anoticiaonline.com.br\\\/site\\\/author\\\/juliana\\\/#author\"},\"datePublished\":\"2018-04-05T19:02:46-03:00\",\"dateModified\":\"2018-04-05T19:02:46-03:00\"},{\"@type\":\"WebSite\",\"@id\":\"https:\\\/\\\/anoticiaonline.com.br\\\/site\\\/#website\",\"url\":\"https:\\\/\\\/anoticiaonline.com.br\\\/site\\\/\",\"name\":\"A Not\\u00edcia Online\",\"description\":\"Noticias de Muria\\u00e9 e regi\\u00e3o\",\"inLanguage\":\"pt-BR\",\"publisher\":{\"@id\":\"https:\\\/\\\/anoticiaonline.com.br\\\/site\\\/#organization\"}}]}\n\t\t<\/script>\n\t\t<!-- All in One SEO -->\n\n","aioseo_head_json":{"title":"Lula, sim. Por que n\u00e3o? - A Not\u00edcia Online","description":"\u201cN\u00e3o \u00e9, portanto, o legado pol\u00edtico que est\u00e1 em discuss\u00e3o. O que vai decidir \u00e9 se vai aplicar a ele ou n\u00e3o a Jurisprud\u00eancia que este tribunal aprovou e que deve ser aplicada a todas as pessoas\u201d (Luiz Roberto Barroso, ministro do STF, durante o julgamento do HC de Lula) O resultado apertado do julgamento","canonical_url":"https:\/\/anoticiaonline.com.br\/site\/lula-sim-por-que-nao\/","robots":"max-image-preview:large","keywords":"","webmasterTools":{"miscellaneous":""},"schema":{"@context":"https:\/\/schema.org","@graph":[{"@type":"BlogPosting","@id":"https:\/\/anoticiaonline.com.br\/site\/lula-sim-por-que-nao\/#blogposting","name":"Lula, sim. Por que n\u00e3o? - A Not\u00edcia Online","headline":"Lula, sim. Por que n\u00e3o?","author":{"@id":"https:\/\/anoticiaonline.com.br\/site\/author\/juliana\/#author"},"publisher":{"@id":"https:\/\/anoticiaonline.com.br\/site\/#organization"},"image":{"@type":"ImageObject","url":"https:\/\/scontent-gig4-1.xx.fbcdn.net\/v\/t39.30808-1\/270437624_4564083193639691_6907940295614233970_n.jpg?stp=dst-jpg_s200x200_tt6&_nc_cat=111&ccb=1-7&_nc_sid=f907e8&_nc_ohc=SM1wRlP3lJwQ7kNvwEPuBYA&_nc_oc=AdnqrjDN_BNjSSHWO-GbkIWH6fkGMLw4bqvL_NH6e2wMveX7G-rP2dAqsDSq1mJMOaY&_nc_zt=24&_nc_ht=scontent-gig4-1.xx&_nc_gid=AoBFJeGrT1hVaew_6rchkQ&oh=00_AfX7QmFGhQhG2jAllVgXCiM1ZrWgvtp80-Bfppyexh1QEg&oe=689E923C","@id":"https:\/\/anoticiaonline.com.br\/site\/#articleImage"},"datePublished":"2018-04-05T19:02:46-03:00","dateModified":"2018-04-05T19:02:46-03:00","inLanguage":"pt-BR","mainEntityOfPage":{"@id":"https:\/\/anoticiaonline.com.br\/site\/lula-sim-por-que-nao\/#webpage"},"isPartOf":{"@id":"https:\/\/anoticiaonline.com.br\/site\/lula-sim-por-que-nao\/#webpage"},"articleSection":"Pol\u00edtica e Atualidades - Francisco Laviola, atualidades, francisco laviola, lula, pol\u00edtica, stf"},{"@type":"BreadcrumbList","@id":"https:\/\/anoticiaonline.com.br\/site\/lula-sim-por-que-nao\/#breadcrumblist","itemListElement":[{"@type":"ListItem","@id":"https:\/\/anoticiaonline.com.br\/site#listItem","position":1,"name":"Home","item":"https:\/\/anoticiaonline.com.br\/site","nextItem":{"@type":"ListItem","@id":"https:\/\/anoticiaonline.com.br\/site\/categoria\/colunistas\/#listItem","name":"Colunistas"}},{"@type":"ListItem","@id":"https:\/\/anoticiaonline.com.br\/site\/categoria\/colunistas\/#listItem","position":2,"name":"Colunistas","item":"https:\/\/anoticiaonline.com.br\/site\/categoria\/colunistas\/","nextItem":{"@type":"ListItem","@id":"https:\/\/anoticiaonline.com.br\/site\/categoria\/colunistas\/politica-e-atualidades-francisco-laviola\/#listItem","name":"Pol\u00edtica e Atualidades - Francisco Laviola"},"previousItem":{"@type":"ListItem","@id":"https:\/\/anoticiaonline.com.br\/site#listItem","name":"Home"}},{"@type":"ListItem","@id":"https:\/\/anoticiaonline.com.br\/site\/categoria\/colunistas\/politica-e-atualidades-francisco-laviola\/#listItem","position":3,"name":"Pol\u00edtica e Atualidades - Francisco Laviola","item":"https:\/\/anoticiaonline.com.br\/site\/categoria\/colunistas\/politica-e-atualidades-francisco-laviola\/","nextItem":{"@type":"ListItem","@id":"https:\/\/anoticiaonline.com.br\/site\/lula-sim-por-que-nao\/#listItem","name":"Lula, sim. Por que n\u00e3o?"},"previousItem":{"@type":"ListItem","@id":"https:\/\/anoticiaonline.com.br\/site\/categoria\/colunistas\/#listItem","name":"Colunistas"}},{"@type":"ListItem","@id":"https:\/\/anoticiaonline.com.br\/site\/lula-sim-por-que-nao\/#listItem","position":4,"name":"Lula, sim. Por que n\u00e3o?","previousItem":{"@type":"ListItem","@id":"https:\/\/anoticiaonline.com.br\/site\/categoria\/colunistas\/politica-e-atualidades-francisco-laviola\/#listItem","name":"Pol\u00edtica e Atualidades - Francisco Laviola"}}]},{"@type":"Organization","@id":"https:\/\/anoticiaonline.com.br\/site\/#organization","name":"A Not\u00edcia Online","description":"Noticias de Muria\u00e9 e regi\u00e3o","url":"https:\/\/anoticiaonline.com.br\/site\/","logo":{"@type":"ImageObject","url":"https:\/\/scontent-gig4-1.xx.fbcdn.net\/v\/t39.30808-1\/270437624_4564083193639691_6907940295614233970_n.jpg?stp=dst-jpg_s200x200_tt6&_nc_cat=111&ccb=1-7&_nc_sid=f907e8&_nc_ohc=SM1wRlP3lJwQ7kNvwEPuBYA&_nc_oc=AdnqrjDN_BNjSSHWO-GbkIWH6fkGMLw4bqvL_NH6e2wMveX7G-rP2dAqsDSq1mJMOaY&_nc_zt=24&_nc_ht=scontent-gig4-1.xx&_nc_gid=AoBFJeGrT1hVaew_6rchkQ&oh=00_AfX7QmFGhQhG2jAllVgXCiM1ZrWgvtp80-Bfppyexh1QEg&oe=689E923C","@id":"https:\/\/anoticiaonline.com.br\/site\/lula-sim-por-que-nao\/#organizationLogo"},"image":{"@id":"https:\/\/anoticiaonline.com.br\/site\/lula-sim-por-que-nao\/#organizationLogo"}},{"@type":"Person","@id":"https:\/\/anoticiaonline.com.br\/site\/author\/juliana\/#author","url":"https:\/\/anoticiaonline.com.br\/site\/author\/juliana\/","name":"Juliana Laviola","image":{"@type":"ImageObject","@id":"https:\/\/anoticiaonline.com.br\/site\/lula-sim-por-que-nao\/#authorImage","url":"https:\/\/secure.gravatar.com\/avatar\/b8d45f5c699b100dfaf0e543582f38f38bf94cb7ae3a5e9abf8d891a34773335?s=96&d=mm&r=g","width":96,"height":96,"caption":"Juliana Laviola"}},{"@type":"WebPage","@id":"https:\/\/anoticiaonline.com.br\/site\/lula-sim-por-que-nao\/#webpage","url":"https:\/\/anoticiaonline.com.br\/site\/lula-sim-por-que-nao\/","name":"Lula, sim. Por que n\u00e3o? - A Not\u00edcia Online","description":"\u201cN\u00e3o \u00e9, portanto, o legado pol\u00edtico que est\u00e1 em discuss\u00e3o. O que vai decidir \u00e9 se vai aplicar a ele ou n\u00e3o a Jurisprud\u00eancia que este tribunal aprovou e que deve ser aplicada a todas as pessoas\u201d (Luiz Roberto Barroso, ministro do STF, durante o julgamento do HC de Lula) O resultado apertado do julgamento","inLanguage":"pt-BR","isPartOf":{"@id":"https:\/\/anoticiaonline.com.br\/site\/#website"},"breadcrumb":{"@id":"https:\/\/anoticiaonline.com.br\/site\/lula-sim-por-que-nao\/#breadcrumblist"},"author":{"@id":"https:\/\/anoticiaonline.com.br\/site\/author\/juliana\/#author"},"creator":{"@id":"https:\/\/anoticiaonline.com.br\/site\/author\/juliana\/#author"},"datePublished":"2018-04-05T19:02:46-03:00","dateModified":"2018-04-05T19:02:46-03:00"},{"@type":"WebSite","@id":"https:\/\/anoticiaonline.com.br\/site\/#website","url":"https:\/\/anoticiaonline.com.br\/site\/","name":"A Not\u00edcia Online","description":"Noticias de Muria\u00e9 e regi\u00e3o","inLanguage":"pt-BR","publisher":{"@id":"https:\/\/anoticiaonline.com.br\/site\/#organization"}}]},"og:locale":"pt_BR","og:site_name":"A Not\u00edcia Online - Noticias de Muria\u00e9 e regi\u00e3o","og:type":"article","og:title":"Lula, sim. Por que n\u00e3o? - A Not\u00edcia Online","og:description":"\u201cN\u00e3o \u00e9, portanto, o legado pol\u00edtico que est\u00e1 em discuss\u00e3o. O que vai decidir \u00e9 se vai aplicar a ele ou n\u00e3o a Jurisprud\u00eancia que este tribunal aprovou e que deve ser aplicada a todas as pessoas\u201d (Luiz Roberto Barroso, ministro do STF, durante o julgamento do HC de Lula) O resultado apertado do julgamento","og:url":"https:\/\/anoticiaonline.com.br\/site\/lula-sim-por-que-nao\/","og:image":"https:\/\/scontent-gig4-1.xx.fbcdn.net\/v\/t39.30808-1\/270437624_4564083193639691_6907940295614233970_n.jpg?stp=dst-jpg_s200x200_tt6&#038;_nc_cat=111&#038;ccb=1-7&#038;_nc_sid=f907e8&#038;_nc_ohc=SM1wRlP3lJwQ7kNvwEPuBYA&#038;_nc_oc=AdnqrjDN_BNjSSHWO-GbkIWH6fkGMLw4bqvL_NH6e2wMveX7G-rP2dAqsDSq1mJMOaY&#038;_nc_zt=24&#038;_nc_ht=scontent-gig4-1.xx&#038;_nc_gid=AoBFJeGrT1hVaew_6rchkQ&#038;oh=00_AfX7QmFGhQhG2jAllVgXCiM1ZrWgvtp80-Bfppyexh1QEg&#038;oe=689E923C","og:image:secure_url":"https:\/\/scontent-gig4-1.xx.fbcdn.net\/v\/t39.30808-1\/270437624_4564083193639691_6907940295614233970_n.jpg?stp=dst-jpg_s200x200_tt6&#038;_nc_cat=111&#038;ccb=1-7&#038;_nc_sid=f907e8&#038;_nc_ohc=SM1wRlP3lJwQ7kNvwEPuBYA&#038;_nc_oc=AdnqrjDN_BNjSSHWO-GbkIWH6fkGMLw4bqvL_NH6e2wMveX7G-rP2dAqsDSq1mJMOaY&#038;_nc_zt=24&#038;_nc_ht=scontent-gig4-1.xx&#038;_nc_gid=AoBFJeGrT1hVaew_6rchkQ&#038;oh=00_AfX7QmFGhQhG2jAllVgXCiM1ZrWgvtp80-Bfppyexh1QEg&#038;oe=689E923C","article:published_time":"2018-04-05T22:02:46+00:00","article:modified_time":"2018-04-05T22:02:46+00:00","twitter:card":"summary_large_image","twitter:title":"Lula, sim. Por que n\u00e3o? - A Not\u00edcia Online","twitter:description":"\u201cN\u00e3o \u00e9, portanto, o legado pol\u00edtico que est\u00e1 em discuss\u00e3o. O que vai decidir \u00e9 se vai aplicar a ele ou n\u00e3o a Jurisprud\u00eancia que este tribunal aprovou e que deve ser aplicada a todas as pessoas\u201d (Luiz Roberto Barroso, ministro do STF, durante o julgamento do HC de Lula) O resultado apertado do julgamento","twitter:image":"https:\/\/scontent-gig4-1.xx.fbcdn.net\/v\/t39.30808-1\/270437624_4564083193639691_6907940295614233970_n.jpg?stp=dst-jpg_s200x200_tt6&_nc_cat=111&ccb=1-7&_nc_sid=f907e8&_nc_ohc=SM1wRlP3lJwQ7kNvwEPuBYA&_nc_oc=AdnqrjDN_BNjSSHWO-GbkIWH6fkGMLw4bqvL_NH6e2wMveX7G-rP2dAqsDSq1mJMOaY&_nc_zt=24&_nc_ht=scontent-gig4-1.xx&_nc_gid=AoBFJeGrT1hVaew_6rchkQ&oh=00_AfX7QmFGhQhG2jAllVgXCiM1ZrWgvtp80-Bfppyexh1QEg&oe=689E923C"},"aioseo_meta_data":{"post_id":"52929","title":null,"description":null,"keywords":null,"keyphrases":null,"primary_term":null,"canonical_url":null,"og_title":null,"og_description":null,"og_object_type":"default","og_image_type":"default","og_image_url":null,"og_image_width":null,"og_image_height":null,"og_image_custom_url":null,"og_image_custom_fields":null,"og_video":null,"og_custom_url":null,"og_article_section":null,"og_article_tags":null,"twitter_use_og":false,"twitter_card":"default","twitter_image_type":"default","twitter_image_url":null,"twitter_image_custom_url":null,"twitter_image_custom_fields":null,"twitter_title":null,"twitter_description":null,"schema":{"blockGraphs":[],"customGraphs":[],"default":{"data":{"Article":[],"Course":[],"Dataset":[],"FAQPage":[],"Movie":[],"Person":[],"Product":[],"ProductReview":[],"Car":[],"Recipe":[],"Service":[],"SoftwareApplication":[],"WebPage":[]},"graphName":"","isEnabled":true},"graphs":[]},"schema_type":"default","schema_type_options":null,"pillar_content":false,"robots_default":true,"robots_noindex":false,"robots_noarchive":false,"robots_nosnippet":false,"robots_nofollow":false,"robots_noimageindex":false,"robots_noodp":false,"robots_notranslate":false,"robots_max_snippet":null,"robots_max_videopreview":null,"robots_max_imagepreview":"large","priority":null,"frequency":null,"local_seo":null,"breadcrumb_settings":null,"limit_modified_date":false,"ai":null,"created":"2025-08-16 20:38:18","updated":"2025-08-16 20:38:18","focus_keyword":null,"additional_keywords":null,"truseo_locale":null,"seo_analyzer_scan_date":null},"aioseo_breadcrumb":"<div class=\"aioseo-breadcrumbs\"><span class=\"aioseo-breadcrumb\">\n\t\t\t<a href=\"https:\/\/anoticiaonline.com.br\/site\" title=\"Home\">Home<\/a>\n\t\t<\/span><span class=\"aioseo-breadcrumb-separator\">&raquo;<\/span><span class=\"aioseo-breadcrumb\">\n\t\t\t<a href=\"https:\/\/anoticiaonline.com.br\/site\/categoria\/colunistas\/\" title=\"Colunistas\">Colunistas<\/a>\n\t\t<\/span><span class=\"aioseo-breadcrumb-separator\">&raquo;<\/span><span class=\"aioseo-breadcrumb\">\n\t\t\t<a href=\"https:\/\/anoticiaonline.com.br\/site\/categoria\/colunistas\/politica-e-atualidades-francisco-laviola\/\" title=\"Pol\u00edtica e Atualidades - Francisco Laviola\">Pol\u00edtica e Atualidades - Francisco Laviola<\/a>\n\t\t<\/span><span class=\"aioseo-breadcrumb-separator\">&raquo;<\/span><span class=\"aioseo-breadcrumb\">\n\t\t\tLula, sim. Por que n\u00e3o?\n\t\t<\/span><\/div>","aioseo_breadcrumb_json":[{"label":"Home","link":"https:\/\/anoticiaonline.com.br\/site"},{"label":"Colunistas","link":"https:\/\/anoticiaonline.com.br\/site\/categoria\/colunistas\/"},{"label":"Pol\u00edtica e Atualidades - Francisco Laviola","link":"https:\/\/anoticiaonline.com.br\/site\/categoria\/colunistas\/politica-e-atualidades-francisco-laviola\/"},{"label":"Lula, sim. Por que n\u00e3o?","link":"https:\/\/anoticiaonline.com.br\/site\/lula-sim-por-que-nao\/"}],"views":111,"_links":{"self":[{"href":"https:\/\/anoticiaonline.com.br\/site\/wp-json\/wp\/v2\/posts\/52929","targetHints":{"allow":["GET"]}}],"collection":[{"href":"https:\/\/anoticiaonline.com.br\/site\/wp-json\/wp\/v2\/posts"}],"about":[{"href":"https:\/\/anoticiaonline.com.br\/site\/wp-json\/wp\/v2\/types\/post"}],"author":[{"embeddable":true,"href":"https:\/\/anoticiaonline.com.br\/site\/wp-json\/wp\/v2\/users\/2"}],"replies":[{"embeddable":true,"href":"https:\/\/anoticiaonline.com.br\/site\/wp-json\/wp\/v2\/comments?post=52929"}],"version-history":[{"count":0,"href":"https:\/\/anoticiaonline.com.br\/site\/wp-json\/wp\/v2\/posts\/52929\/revisions"}],"wp:attachment":[{"href":"https:\/\/anoticiaonline.com.br\/site\/wp-json\/wp\/v2\/media?parent=52929"}],"wp:term":[{"taxonomy":"category","embeddable":true,"href":"https:\/\/anoticiaonline.com.br\/site\/wp-json\/wp\/v2\/categories?post=52929"},{"taxonomy":"post_tag","embeddable":true,"href":"https:\/\/anoticiaonline.com.br\/site\/wp-json\/wp\/v2\/tags?post=52929"}],"curies":[{"name":"wp","href":"https:\/\/api.w.org\/{rel}","templated":true}]}}