{"id":52907,"date":"2018-04-04T17:35:39","date_gmt":"2018-04-04T20:35:39","guid":{"rendered":"http:\/\/anoticiaonline.com.br\/site\/?p=52907"},"modified":"2018-04-10T14:38:46","modified_gmt":"2018-04-10T17:38:46","slug":"dia-do-autismo-e-comemorado-pela-apae-de-muriae-no-cristo-redentor","status":"publish","type":"post","link":"https:\/\/anoticiaonline.com.br\/site\/dia-do-autismo-e-comemorado-pela-apae-de-muriae-no-cristo-redentor\/","title":{"rendered":"Apae comemora Dia do Autismo"},"content":{"rendered":"<p>O Dia da Conscientiza\u00e7\u00e3o do Autismo, comemorado anualmente no dia 2 de abril, foi lembrado pela Associa\u00e7\u00e3o de Pais e Amigos dos Excepcionais (APAE) de Muria\u00e9. A a\u00e7\u00e3o para celebrar a data, foi realizada na tarde de segunda-feira (2), no complexo do Cristo Redentor da cidade. L\u00e1, dezenas de crian\u00e7as autistas, acompanhadas de seus pais, soltaram bal\u00f5es azuis, cor que representa o Transtorno do Espectro Autista (TEA) por ser mais comum em meninos.<\/p>\n<p>Polyane Andrade Carvalho Paiva, psic\u00f3loga respons\u00e1vel pelo programa voltado para o Autismo dentro da Apae de Muria\u00e9, disse que esta \u00e9 uma data muito especial e que deve ser lembrada todos os anos.<\/p>\n<p>\u201cA conscientiza\u00e7\u00e3o do Autismo n\u00e3o pode ser deixar de ser abordada na sociedade. N\u00e3o podemos nos calar e deixar de informar sobre o que \u00e9 o Autismo. Hoje, na Apae Muria\u00e9, n\u00f3s atendemos uma grande popula\u00e7\u00e3o autista em nossa institui\u00e7\u00e3o e somos centro de refer\u00eancia para estas pessoas. Sabemos que existem outras crian\u00e7as com a mesma condi\u00e7\u00e3o pela cidade, que ainda n\u00e3o conhecemos e que n\u00e3o recebem o atendimento necess\u00e1rio, digno, correto, al\u00e9m de todo o cuidado e respeito que merecem\u201d, conta.<\/p>\n<p><em><strong>Sobre o Autismo &#8211; <\/strong><\/em>Comparado a uma crian\u00e7a com desenvolvimento t\u00edpico, normal, o Autismo \u00e9 uma condi\u00e7\u00e3o que severamente compromete a capacidade de se comunicar com os outros, de perceber acontecimentos compartilhados, de expressar o que sente ou pensa nas mais diversas situa\u00e7\u00f5es, de utilizar as palavras de acordo com o contexto e estas caracter\u00edsticas atrapalham gravemente o desenvolvimento global da crian\u00e7a. Se n\u00e3o bastasse, a presen\u00e7a de \u201cmanias\u201d , posturas ou atos repetitivos, rituais e interesses restritivos independente do p\u00fablico ou local em que a crian\u00e7a portadora esteja desarticula e fragmenta ainda mais a evolu\u00e7\u00e3o de suas habilidades sociais e adaptativas nos desafios que o ambiente imprevisivelmente apresenta.<\/p>\n<p>Muitas crian\u00e7as com Autismo t\u00eam dist\u00farbios sensitivos e perceptivos visuais, auditivos e de sensibilidade na pele, levando a uma elevada sensibilidade para barulhos, ru\u00eddos espec\u00edficos, luzes, agrupamento de pessoas e para determinadas cores e formas de ambientes. Por outro lado, podem ter baixa percep\u00e7\u00e3o para face humana, interpreta\u00e7\u00e3o global das fun\u00e7\u00f5es dos brinquedos e, enfim, ignorar momentos de controle social como regras e rotinas dos lugares onde visita.<\/p>\n<p>Se o Autismo (TEA) fosse um problema que se iniciasse na fase adulta, seus preju\u00edzos talvez n\u00e3o fossem t\u00e3o grandes. Mas o fato de se iniciarem na inf\u00e2ncia seu impacto no futuro do indiv\u00edduo e na vida de seus pares (fam\u00edlia e escola) pode ser devastadora. Afeta a alimenta\u00e7\u00e3o, o sono e o crescimento; desestrutura a evolu\u00e7\u00e3o de sa\u00fade mental de seus pais; exp\u00f5e o portador a mais infec\u00e7\u00f5es, acidentes e alergias; imputa preju\u00edzos acad\u00eamicos muito significativos podendo at\u00e9 inviabilizar a aprendizagem plena e a aquisi\u00e7\u00e3o de habilidades na grande maioria dos casos afetados. Portanto, diagn\u00f3stico precoce, neste momento, \u00e9 o caminho mais eficaz para diluir e reduzir a gravidade deste mosaico de problemas.<\/p>\n<p><a href=\"https:\/\/anoticiaonline.com.br\/site\/wp-content\/uploads\/2018\/04\/Dia-do-Autismo-\u00e9-comemorado-pela-Apae-de-Muria\u00e9-no-Cristo-Redentor-4.jpg\"><img fetchpriority=\"high\" decoding=\"async\" class=\"alignnone size-full wp-image-52908\" src=\"https:\/\/anoticiaonline.com.br\/site\/wp-content\/uploads\/2018\/04\/Dia-do-Autismo-\u00e9-comemorado-pela-Apae-de-Muria\u00e9-no-Cristo-Redentor-4.jpg\" alt=\"\" width=\"640\" height=\"427\" srcset=\"https:\/\/anoticiaonline.com.br\/site\/wp-content\/uploads\/2018\/04\/Dia-do-Autismo-\u00e9-comemorado-pela-Apae-de-Muria\u00e9-no-Cristo-Redentor-4.jpg 640w, https:\/\/anoticiaonline.com.br\/site\/wp-content\/uploads\/2018\/04\/Dia-do-Autismo-\u00e9-comemorado-pela-Apae-de-Muria\u00e9-no-Cristo-Redentor-4-300x200.jpg 300w\" sizes=\"(max-width: 640px) 100vw, 640px\" \/><\/a> <a href=\"https:\/\/anoticiaonline.com.br\/site\/wp-content\/uploads\/2018\/04\/Dia-do-Autismo-\u00e9-comemorado-pela-Apae-de-Muria\u00e9-no-Cristo-Redentor.jpg\"><img decoding=\"async\" class=\"alignnone size-full wp-image-52909\" src=\"https:\/\/anoticiaonline.com.br\/site\/wp-content\/uploads\/2018\/04\/Dia-do-Autismo-\u00e9-comemorado-pela-Apae-de-Muria\u00e9-no-Cristo-Redentor.jpg\" alt=\"\" width=\"640\" height=\"427\" srcset=\"https:\/\/anoticiaonline.com.br\/site\/wp-content\/uploads\/2018\/04\/Dia-do-Autismo-\u00e9-comemorado-pela-Apae-de-Muria\u00e9-no-Cristo-Redentor.jpg 640w, https:\/\/anoticiaonline.com.br\/site\/wp-content\/uploads\/2018\/04\/Dia-do-Autismo-\u00e9-comemorado-pela-Apae-de-Muria\u00e9-no-Cristo-Redentor-300x200.jpg 300w\" sizes=\"(max-width: 640px) 100vw, 640px\" \/><\/a> <a href=\"https:\/\/anoticiaonline.com.br\/site\/wp-content\/uploads\/2018\/04\/Dia-do-Autismo-\u00e9-comemorado-pela-Apae-de-Muria\u00e9-no-Cristo-Redentor5.jpg\"><img decoding=\"async\" class=\"alignnone size-full wp-image-52910\" src=\"https:\/\/anoticiaonline.com.br\/site\/wp-content\/uploads\/2018\/04\/Dia-do-Autismo-\u00e9-comemorado-pela-Apae-de-Muria\u00e9-no-Cristo-Redentor5.jpg\" alt=\"\" width=\"640\" height=\"427\" srcset=\"https:\/\/anoticiaonline.com.br\/site\/wp-content\/uploads\/2018\/04\/Dia-do-Autismo-\u00e9-comemorado-pela-Apae-de-Muria\u00e9-no-Cristo-Redentor5.jpg 640w, https:\/\/anoticiaonline.com.br\/site\/wp-content\/uploads\/2018\/04\/Dia-do-Autismo-\u00e9-comemorado-pela-Apae-de-Muria\u00e9-no-Cristo-Redentor5-300x200.jpg 300w\" sizes=\"(max-width: 640px) 100vw, 640px\" \/><\/a> <a href=\"https:\/\/anoticiaonline.com.br\/site\/wp-content\/uploads\/2018\/04\/Dia-do-Autismo-\u00e9-comemorado-pela-Apae-de-Muria\u00e9-no-Cristo-Redentor-2.jpg\"><img loading=\"lazy\" decoding=\"async\" class=\"alignnone size-full wp-image-52911\" src=\"https:\/\/anoticiaonline.com.br\/site\/wp-content\/uploads\/2018\/04\/Dia-do-Autismo-\u00e9-comemorado-pela-Apae-de-Muria\u00e9-no-Cristo-Redentor-2.jpg\" alt=\"\" width=\"640\" height=\"427\" srcset=\"https:\/\/anoticiaonline.com.br\/site\/wp-content\/uploads\/2018\/04\/Dia-do-Autismo-\u00e9-comemorado-pela-Apae-de-Muria\u00e9-no-Cristo-Redentor-2.jpg 640w, https:\/\/anoticiaonline.com.br\/site\/wp-content\/uploads\/2018\/04\/Dia-do-Autismo-\u00e9-comemorado-pela-Apae-de-Muria\u00e9-no-Cristo-Redentor-2-300x200.jpg 300w\" sizes=\"(max-width: 640px) 100vw, 640px\" \/><\/a> <a href=\"https:\/\/anoticiaonline.com.br\/site\/wp-content\/uploads\/2018\/04\/Dia-do-Autismo-\u00e9-comemorado-pela-Apae-de-Muria\u00e9-no-Cristo-Redentor-3.jpg\"><img loading=\"lazy\" decoding=\"async\" class=\"alignnone size-full wp-image-52912\" src=\"https:\/\/anoticiaonline.com.br\/site\/wp-content\/uploads\/2018\/04\/Dia-do-Autismo-\u00e9-comemorado-pela-Apae-de-Muria\u00e9-no-Cristo-Redentor-3.jpg\" alt=\"\" width=\"640\" height=\"427\" srcset=\"https:\/\/anoticiaonline.com.br\/site\/wp-content\/uploads\/2018\/04\/Dia-do-Autismo-\u00e9-comemorado-pela-Apae-de-Muria\u00e9-no-Cristo-Redentor-3.jpg 640w, https:\/\/anoticiaonline.com.br\/site\/wp-content\/uploads\/2018\/04\/Dia-do-Autismo-\u00e9-comemorado-pela-Apae-de-Muria\u00e9-no-Cristo-Redentor-3-300x200.jpg 300w\" sizes=\"(max-width: 640px) 100vw, 640px\" \/><\/a><\/p>\n<p>Fonte: http:\/\/entendendoautismo.com.br<\/p>\n","protected":false},"excerpt":{"rendered":"<p>O Dia da Conscientiza\u00e7\u00e3o do Autismo, comemorado anualmente no dia 2 de abril, foi lembrado pela Associa\u00e7\u00e3o de Pais e Amigos dos Excepcionais (APAE) de Muria\u00e9. A a\u00e7\u00e3o para celebrar a data, foi realizada na tarde de segunda-feira (2), no complexo do Cristo Redentor da cidade. L\u00e1, dezenas de crian\u00e7as autistas, acompanhadas de seus pais, &#8230; <a title=\"Apae comemora Dia do Autismo\" class=\"read-more\" href=\"https:\/\/anoticiaonline.com.br\/site\/dia-do-autismo-e-comemorado-pela-apae-de-muriae-no-cristo-redentor\/\" aria-label=\"Read more about Apae comemora Dia do Autismo\">Ler mais<\/a><\/p>\n","protected":false},"author":2,"featured_media":52911,"comment_status":"open","ping_status":"open","sticky":false,"template":"","format":"standard","meta":{"_acf_changed":false,"_monsterinsights_skip_tracking":false,"footnotes":""},"categories":[30],"tags":[25,2257,2340,2341,74],"class_list":["post-52907","post","type-post","status-publish","format-standard","has-post-thumbnail","hentry","category-muriae","tag-apae","tag-autismo","tag-conscientizacao","tag-cristo-redentor","tag-muriae"],"acf":[],"aioseo_notices":[],"aioseo_head":"\n\t\t<!-- All in One SEO 5.0.0.1 - aioseo.com -->\n\t<meta name=\"description\" content=\"O Dia da Conscientiza\u00e7\u00e3o do Autismo, comemorado anualmente no dia 2 de abril, foi lembrado pela Associa\u00e7\u00e3o de Pais e Amigos dos Excepcionais (APAE) de Muria\u00e9. A a\u00e7\u00e3o para celebrar a data, foi realizada na tarde de segunda-feira (2), no complexo do Cristo Redentor da cidade. L\u00e1, dezenas de crian\u00e7as autistas, acompanhadas de seus pais,\" \/>\n\t<meta name=\"robots\" content=\"max-image-preview:large\" \/>\n\t<meta name=\"author\" content=\"Juliana Laviola\"\/>\n\t<link rel=\"canonical\" href=\"https:\/\/anoticiaonline.com.br\/site\/dia-do-autismo-e-comemorado-pela-apae-de-muriae-no-cristo-redentor\/\" \/>\n\t<meta name=\"generator\" content=\"All in One SEO (AIOSEO) 5.0.0.1\" \/>\n\t\t<meta property=\"og:locale\" content=\"pt_BR\" \/>\n\t\t<meta property=\"og:site_name\" content=\"A Not\u00edcia Online - Noticias de Muria\u00e9 e regi\u00e3o\" \/>\n\t\t<meta property=\"og:type\" content=\"article\" \/>\n\t\t<meta property=\"og:title\" content=\"Apae comemora Dia do Autismo - A Not\u00edcia Online\" \/>\n\t\t<meta property=\"og:description\" content=\"O Dia da Conscientiza\u00e7\u00e3o do Autismo, comemorado anualmente no dia 2 de abril, foi lembrado pela Associa\u00e7\u00e3o de Pais e Amigos dos Excepcionais (APAE) de Muria\u00e9. A a\u00e7\u00e3o para celebrar a data, foi realizada na tarde de segunda-feira (2), no complexo do Cristo Redentor da cidade. L\u00e1, dezenas de crian\u00e7as autistas, acompanhadas de seus pais,\" \/>\n\t\t<meta property=\"og:url\" content=\"https:\/\/anoticiaonline.com.br\/site\/dia-do-autismo-e-comemorado-pela-apae-de-muriae-no-cristo-redentor\/\" \/>\n\t\t<meta property=\"og:image\" content=\"https:\/\/scontent-gig4-1.xx.fbcdn.net\/v\/t39.30808-1\/270437624_4564083193639691_6907940295614233970_n.jpg?stp=dst-jpg_s200x200_tt6&#038;_nc_cat=111&#038;ccb=1-7&#038;_nc_sid=f907e8&#038;_nc_ohc=SM1wRlP3lJwQ7kNvwEPuBYA&#038;_nc_oc=AdnqrjDN_BNjSSHWO-GbkIWH6fkGMLw4bqvL_NH6e2wMveX7G-rP2dAqsDSq1mJMOaY&#038;_nc_zt=24&#038;_nc_ht=scontent-gig4-1.xx&#038;_nc_gid=AoBFJeGrT1hVaew_6rchkQ&#038;oh=00_AfX7QmFGhQhG2jAllVgXCiM1ZrWgvtp80-Bfppyexh1QEg&#038;oe=689E923C\" \/>\n\t\t<meta property=\"og:image:secure_url\" content=\"https:\/\/scontent-gig4-1.xx.fbcdn.net\/v\/t39.30808-1\/270437624_4564083193639691_6907940295614233970_n.jpg?stp=dst-jpg_s200x200_tt6&#038;_nc_cat=111&#038;ccb=1-7&#038;_nc_sid=f907e8&#038;_nc_ohc=SM1wRlP3lJwQ7kNvwEPuBYA&#038;_nc_oc=AdnqrjDN_BNjSSHWO-GbkIWH6fkGMLw4bqvL_NH6e2wMveX7G-rP2dAqsDSq1mJMOaY&#038;_nc_zt=24&#038;_nc_ht=scontent-gig4-1.xx&#038;_nc_gid=AoBFJeGrT1hVaew_6rchkQ&#038;oh=00_AfX7QmFGhQhG2jAllVgXCiM1ZrWgvtp80-Bfppyexh1QEg&#038;oe=689E923C\" \/>\n\t\t<meta property=\"article:published_time\" content=\"2018-04-04T20:35:39+00:00\" \/>\n\t\t<meta property=\"article:modified_time\" content=\"2018-04-10T17:38:46+00:00\" \/>\n\t\t<meta name=\"twitter:card\" content=\"summary_large_image\" \/>\n\t\t<meta name=\"twitter:title\" content=\"Apae comemora Dia do Autismo - A Not\u00edcia Online\" \/>\n\t\t<meta name=\"twitter:description\" content=\"O Dia da Conscientiza\u00e7\u00e3o do Autismo, comemorado anualmente no dia 2 de abril, foi lembrado pela Associa\u00e7\u00e3o de Pais e Amigos dos Excepcionais (APAE) de Muria\u00e9. A a\u00e7\u00e3o para celebrar a data, foi realizada na tarde de segunda-feira (2), no complexo do Cristo Redentor da cidade. L\u00e1, dezenas de crian\u00e7as autistas, acompanhadas de seus pais,\" \/>\n\t\t<meta name=\"twitter:image\" content=\"https:\/\/scontent-gig4-1.xx.fbcdn.net\/v\/t39.30808-1\/270437624_4564083193639691_6907940295614233970_n.jpg?stp=dst-jpg_s200x200_tt6&amp;_nc_cat=111&amp;ccb=1-7&amp;_nc_sid=f907e8&amp;_nc_ohc=SM1wRlP3lJwQ7kNvwEPuBYA&amp;_nc_oc=AdnqrjDN_BNjSSHWO-GbkIWH6fkGMLw4bqvL_NH6e2wMveX7G-rP2dAqsDSq1mJMOaY&amp;_nc_zt=24&amp;_nc_ht=scontent-gig4-1.xx&amp;_nc_gid=AoBFJeGrT1hVaew_6rchkQ&amp;oh=00_AfX7QmFGhQhG2jAllVgXCiM1ZrWgvtp80-Bfppyexh1QEg&amp;oe=689E923C\" \/>\n\t\t<script type=\"application\/ld+json\" class=\"aioseo-schema\">\n\t\t\t{\"@context\":\"https:\\\/\\\/schema.org\",\"@graph\":[{\"@type\":\"BlogPosting\",\"@id\":\"https:\\\/\\\/anoticiaonline.com.br\\\/site\\\/dia-do-autismo-e-comemorado-pela-apae-de-muriae-no-cristo-redentor\\\/#blogposting\",\"name\":\"Apae comemora Dia do Autismo - A Not\\u00edcia Online\",\"headline\":\"Apae comemora Dia do Autismo\",\"author\":{\"@id\":\"https:\\\/\\\/anoticiaonline.com.br\\\/site\\\/author\\\/juliana\\\/#author\"},\"publisher\":{\"@id\":\"https:\\\/\\\/anoticiaonline.com.br\\\/site\\\/#organization\"},\"image\":{\"@type\":\"ImageObject\",\"url\":\"https:\\\/\\\/anoticiaonline.com.br\\\/site\\\/wp-content\\\/uploads\\\/2018\\\/04\\\/Dia-do-Autismo-\\u00e9-comemorado-pela-Apae-de-Muria\\u00e9-no-Cristo-Redentor-2.jpg\",\"width\":640,\"height\":427},\"datePublished\":\"2018-04-04T17:35:39-03:00\",\"dateModified\":\"2018-04-10T14:38:46-03:00\",\"inLanguage\":\"pt-BR\",\"mainEntityOfPage\":{\"@id\":\"https:\\\/\\\/anoticiaonline.com.br\\\/site\\\/dia-do-autismo-e-comemorado-pela-apae-de-muriae-no-cristo-redentor\\\/#webpage\"},\"isPartOf\":{\"@id\":\"https:\\\/\\\/anoticiaonline.com.br\\\/site\\\/dia-do-autismo-e-comemorado-pela-apae-de-muriae-no-cristo-redentor\\\/#webpage\"},\"articleSection\":\"Blog, Apae, autismo, conscientiza\\u00e7\\u00e3o, cristo redentor, Muria\\u00e9\"},{\"@type\":\"BreadcrumbList\",\"@id\":\"https:\\\/\\\/anoticiaonline.com.br\\\/site\\\/dia-do-autismo-e-comemorado-pela-apae-de-muriae-no-cristo-redentor\\\/#breadcrumblist\",\"itemListElement\":[{\"@type\":\"ListItem\",\"@id\":\"https:\\\/\\\/anoticiaonline.com.br\\\/site#listItem\",\"position\":1,\"name\":\"Home\",\"item\":\"https:\\\/\\\/anoticiaonline.com.br\\\/site\",\"nextItem\":{\"@type\":\"ListItem\",\"@id\":\"https:\\\/\\\/anoticiaonline.com.br\\\/site\\\/categoria\\\/muriae\\\/#listItem\",\"name\":\"Blog\"}},{\"@type\":\"ListItem\",\"@id\":\"https:\\\/\\\/anoticiaonline.com.br\\\/site\\\/categoria\\\/muriae\\\/#listItem\",\"position\":2,\"name\":\"Blog\",\"item\":\"https:\\\/\\\/anoticiaonline.com.br\\\/site\\\/categoria\\\/muriae\\\/\",\"nextItem\":{\"@type\":\"ListItem\",\"@id\":\"https:\\\/\\\/anoticiaonline.com.br\\\/site\\\/dia-do-autismo-e-comemorado-pela-apae-de-muriae-no-cristo-redentor\\\/#listItem\",\"name\":\"Apae comemora Dia do Autismo\"},\"previousItem\":{\"@type\":\"ListItem\",\"@id\":\"https:\\\/\\\/anoticiaonline.com.br\\\/site#listItem\",\"name\":\"Home\"}},{\"@type\":\"ListItem\",\"@id\":\"https:\\\/\\\/anoticiaonline.com.br\\\/site\\\/dia-do-autismo-e-comemorado-pela-apae-de-muriae-no-cristo-redentor\\\/#listItem\",\"position\":3,\"name\":\"Apae comemora Dia do Autismo\",\"previousItem\":{\"@type\":\"ListItem\",\"@id\":\"https:\\\/\\\/anoticiaonline.com.br\\\/site\\\/categoria\\\/muriae\\\/#listItem\",\"name\":\"Blog\"}}]},{\"@type\":\"Organization\",\"@id\":\"https:\\\/\\\/anoticiaonline.com.br\\\/site\\\/#organization\",\"name\":\"A Not\\u00edcia Online\",\"description\":\"Noticias de Muria\\u00e9 e regi\\u00e3o\",\"url\":\"https:\\\/\\\/anoticiaonline.com.br\\\/site\\\/\",\"logo\":{\"@type\":\"ImageObject\",\"url\":\"https:\\\/\\\/scontent-gig4-1.xx.fbcdn.net\\\/v\\\/t39.30808-1\\\/270437624_4564083193639691_6907940295614233970_n.jpg?stp=dst-jpg_s200x200_tt6&_nc_cat=111&ccb=1-7&_nc_sid=f907e8&_nc_ohc=SM1wRlP3lJwQ7kNvwEPuBYA&_nc_oc=AdnqrjDN_BNjSSHWO-GbkIWH6fkGMLw4bqvL_NH6e2wMveX7G-rP2dAqsDSq1mJMOaY&_nc_zt=24&_nc_ht=scontent-gig4-1.xx&_nc_gid=AoBFJeGrT1hVaew_6rchkQ&oh=00_AfX7QmFGhQhG2jAllVgXCiM1ZrWgvtp80-Bfppyexh1QEg&oe=689E923C\",\"@id\":\"https:\\\/\\\/anoticiaonline.com.br\\\/site\\\/dia-do-autismo-e-comemorado-pela-apae-de-muriae-no-cristo-redentor\\\/#organizationLogo\"},\"image\":{\"@id\":\"https:\\\/\\\/anoticiaonline.com.br\\\/site\\\/dia-do-autismo-e-comemorado-pela-apae-de-muriae-no-cristo-redentor\\\/#organizationLogo\"}},{\"@type\":\"Person\",\"@id\":\"https:\\\/\\\/anoticiaonline.com.br\\\/site\\\/author\\\/juliana\\\/#author\",\"url\":\"https:\\\/\\\/anoticiaonline.com.br\\\/site\\\/author\\\/juliana\\\/\",\"name\":\"Juliana Laviola\",\"image\":{\"@type\":\"ImageObject\",\"@id\":\"https:\\\/\\\/anoticiaonline.com.br\\\/site\\\/dia-do-autismo-e-comemorado-pela-apae-de-muriae-no-cristo-redentor\\\/#authorImage\",\"url\":\"https:\\\/\\\/secure.gravatar.com\\\/avatar\\\/b8d45f5c699b100dfaf0e543582f38f38bf94cb7ae3a5e9abf8d891a34773335?s=96&d=mm&r=g\",\"width\":96,\"height\":96,\"caption\":\"Juliana Laviola\"}},{\"@type\":\"WebPage\",\"@id\":\"https:\\\/\\\/anoticiaonline.com.br\\\/site\\\/dia-do-autismo-e-comemorado-pela-apae-de-muriae-no-cristo-redentor\\\/#webpage\",\"url\":\"https:\\\/\\\/anoticiaonline.com.br\\\/site\\\/dia-do-autismo-e-comemorado-pela-apae-de-muriae-no-cristo-redentor\\\/\",\"name\":\"Apae comemora Dia do Autismo - A Not\\u00edcia Online\",\"description\":\"O Dia da Conscientiza\\u00e7\\u00e3o do Autismo, comemorado anualmente no dia 2 de abril, foi lembrado pela Associa\\u00e7\\u00e3o de Pais e Amigos dos Excepcionais (APAE) de Muria\\u00e9. A a\\u00e7\\u00e3o para celebrar a data, foi realizada na tarde de segunda-feira (2), no complexo do Cristo Redentor da cidade. L\\u00e1, dezenas de crian\\u00e7as autistas, acompanhadas de seus pais,\",\"inLanguage\":\"pt-BR\",\"isPartOf\":{\"@id\":\"https:\\\/\\\/anoticiaonline.com.br\\\/site\\\/#website\"},\"breadcrumb\":{\"@id\":\"https:\\\/\\\/anoticiaonline.com.br\\\/site\\\/dia-do-autismo-e-comemorado-pela-apae-de-muriae-no-cristo-redentor\\\/#breadcrumblist\"},\"author\":{\"@id\":\"https:\\\/\\\/anoticiaonline.com.br\\\/site\\\/author\\\/juliana\\\/#author\"},\"creator\":{\"@id\":\"https:\\\/\\\/anoticiaonline.com.br\\\/site\\\/author\\\/juliana\\\/#author\"},\"image\":{\"@type\":\"ImageObject\",\"url\":\"https:\\\/\\\/anoticiaonline.com.br\\\/site\\\/wp-content\\\/uploads\\\/2018\\\/04\\\/Dia-do-Autismo-\\u00e9-comemorado-pela-Apae-de-Muria\\u00e9-no-Cristo-Redentor-2.jpg\",\"@id\":\"https:\\\/\\\/anoticiaonline.com.br\\\/site\\\/dia-do-autismo-e-comemorado-pela-apae-de-muriae-no-cristo-redentor\\\/#mainImage\",\"width\":640,\"height\":427},\"primaryImageOfPage\":{\"@id\":\"https:\\\/\\\/anoticiaonline.com.br\\\/site\\\/dia-do-autismo-e-comemorado-pela-apae-de-muriae-no-cristo-redentor\\\/#mainImage\"},\"datePublished\":\"2018-04-04T17:35:39-03:00\",\"dateModified\":\"2018-04-10T14:38:46-03:00\"},{\"@type\":\"WebSite\",\"@id\":\"https:\\\/\\\/anoticiaonline.com.br\\\/site\\\/#website\",\"url\":\"https:\\\/\\\/anoticiaonline.com.br\\\/site\\\/\",\"name\":\"A Not\\u00edcia Online\",\"description\":\"Noticias de Muria\\u00e9 e regi\\u00e3o\",\"inLanguage\":\"pt-BR\",\"publisher\":{\"@id\":\"https:\\\/\\\/anoticiaonline.com.br\\\/site\\\/#organization\"}}]}\n\t\t<\/script>\n\t\t<!-- All in One SEO -->\n\n","aioseo_head_json":{"title":"Apae comemora Dia do Autismo - A Not\u00edcia Online","description":"O Dia da Conscientiza\u00e7\u00e3o do Autismo, comemorado anualmente no dia 2 de abril, foi lembrado pela Associa\u00e7\u00e3o de Pais e Amigos dos Excepcionais (APAE) de Muria\u00e9. A a\u00e7\u00e3o para celebrar a data, foi realizada na tarde de segunda-feira (2), no complexo do Cristo Redentor da cidade. L\u00e1, dezenas de crian\u00e7as autistas, acompanhadas de seus pais,","canonical_url":"https:\/\/anoticiaonline.com.br\/site\/dia-do-autismo-e-comemorado-pela-apae-de-muriae-no-cristo-redentor\/","robots":"max-image-preview:large","keywords":"","webmasterTools":{"miscellaneous":""},"schema":{"@context":"https:\/\/schema.org","@graph":[{"@type":"BlogPosting","@id":"https:\/\/anoticiaonline.com.br\/site\/dia-do-autismo-e-comemorado-pela-apae-de-muriae-no-cristo-redentor\/#blogposting","name":"Apae comemora Dia do Autismo - A Not\u00edcia Online","headline":"Apae comemora Dia do Autismo","author":{"@id":"https:\/\/anoticiaonline.com.br\/site\/author\/juliana\/#author"},"publisher":{"@id":"https:\/\/anoticiaonline.com.br\/site\/#organization"},"image":{"@type":"ImageObject","url":"https:\/\/anoticiaonline.com.br\/site\/wp-content\/uploads\/2018\/04\/Dia-do-Autismo-\u00e9-comemorado-pela-Apae-de-Muria\u00e9-no-Cristo-Redentor-2.jpg","width":640,"height":427},"datePublished":"2018-04-04T17:35:39-03:00","dateModified":"2018-04-10T14:38:46-03:00","inLanguage":"pt-BR","mainEntityOfPage":{"@id":"https:\/\/anoticiaonline.com.br\/site\/dia-do-autismo-e-comemorado-pela-apae-de-muriae-no-cristo-redentor\/#webpage"},"isPartOf":{"@id":"https:\/\/anoticiaonline.com.br\/site\/dia-do-autismo-e-comemorado-pela-apae-de-muriae-no-cristo-redentor\/#webpage"},"articleSection":"Blog, Apae, autismo, conscientiza\u00e7\u00e3o, cristo redentor, Muria\u00e9"},{"@type":"BreadcrumbList","@id":"https:\/\/anoticiaonline.com.br\/site\/dia-do-autismo-e-comemorado-pela-apae-de-muriae-no-cristo-redentor\/#breadcrumblist","itemListElement":[{"@type":"ListItem","@id":"https:\/\/anoticiaonline.com.br\/site#listItem","position":1,"name":"Home","item":"https:\/\/anoticiaonline.com.br\/site","nextItem":{"@type":"ListItem","@id":"https:\/\/anoticiaonline.com.br\/site\/categoria\/muriae\/#listItem","name":"Blog"}},{"@type":"ListItem","@id":"https:\/\/anoticiaonline.com.br\/site\/categoria\/muriae\/#listItem","position":2,"name":"Blog","item":"https:\/\/anoticiaonline.com.br\/site\/categoria\/muriae\/","nextItem":{"@type":"ListItem","@id":"https:\/\/anoticiaonline.com.br\/site\/dia-do-autismo-e-comemorado-pela-apae-de-muriae-no-cristo-redentor\/#listItem","name":"Apae comemora Dia do Autismo"},"previousItem":{"@type":"ListItem","@id":"https:\/\/anoticiaonline.com.br\/site#listItem","name":"Home"}},{"@type":"ListItem","@id":"https:\/\/anoticiaonline.com.br\/site\/dia-do-autismo-e-comemorado-pela-apae-de-muriae-no-cristo-redentor\/#listItem","position":3,"name":"Apae comemora Dia do Autismo","previousItem":{"@type":"ListItem","@id":"https:\/\/anoticiaonline.com.br\/site\/categoria\/muriae\/#listItem","name":"Blog"}}]},{"@type":"Organization","@id":"https:\/\/anoticiaonline.com.br\/site\/#organization","name":"A Not\u00edcia Online","description":"Noticias de Muria\u00e9 e regi\u00e3o","url":"https:\/\/anoticiaonline.com.br\/site\/","logo":{"@type":"ImageObject","url":"https:\/\/scontent-gig4-1.xx.fbcdn.net\/v\/t39.30808-1\/270437624_4564083193639691_6907940295614233970_n.jpg?stp=dst-jpg_s200x200_tt6&_nc_cat=111&ccb=1-7&_nc_sid=f907e8&_nc_ohc=SM1wRlP3lJwQ7kNvwEPuBYA&_nc_oc=AdnqrjDN_BNjSSHWO-GbkIWH6fkGMLw4bqvL_NH6e2wMveX7G-rP2dAqsDSq1mJMOaY&_nc_zt=24&_nc_ht=scontent-gig4-1.xx&_nc_gid=AoBFJeGrT1hVaew_6rchkQ&oh=00_AfX7QmFGhQhG2jAllVgXCiM1ZrWgvtp80-Bfppyexh1QEg&oe=689E923C","@id":"https:\/\/anoticiaonline.com.br\/site\/dia-do-autismo-e-comemorado-pela-apae-de-muriae-no-cristo-redentor\/#organizationLogo"},"image":{"@id":"https:\/\/anoticiaonline.com.br\/site\/dia-do-autismo-e-comemorado-pela-apae-de-muriae-no-cristo-redentor\/#organizationLogo"}},{"@type":"Person","@id":"https:\/\/anoticiaonline.com.br\/site\/author\/juliana\/#author","url":"https:\/\/anoticiaonline.com.br\/site\/author\/juliana\/","name":"Juliana Laviola","image":{"@type":"ImageObject","@id":"https:\/\/anoticiaonline.com.br\/site\/dia-do-autismo-e-comemorado-pela-apae-de-muriae-no-cristo-redentor\/#authorImage","url":"https:\/\/secure.gravatar.com\/avatar\/b8d45f5c699b100dfaf0e543582f38f38bf94cb7ae3a5e9abf8d891a34773335?s=96&d=mm&r=g","width":96,"height":96,"caption":"Juliana Laviola"}},{"@type":"WebPage","@id":"https:\/\/anoticiaonline.com.br\/site\/dia-do-autismo-e-comemorado-pela-apae-de-muriae-no-cristo-redentor\/#webpage","url":"https:\/\/anoticiaonline.com.br\/site\/dia-do-autismo-e-comemorado-pela-apae-de-muriae-no-cristo-redentor\/","name":"Apae comemora Dia do Autismo - A Not\u00edcia Online","description":"O Dia da Conscientiza\u00e7\u00e3o do Autismo, comemorado anualmente no dia 2 de abril, foi lembrado pela Associa\u00e7\u00e3o de Pais e Amigos dos Excepcionais (APAE) de Muria\u00e9. A a\u00e7\u00e3o para celebrar a data, foi realizada na tarde de segunda-feira (2), no complexo do Cristo Redentor da cidade. L\u00e1, dezenas de crian\u00e7as autistas, acompanhadas de seus pais,","inLanguage":"pt-BR","isPartOf":{"@id":"https:\/\/anoticiaonline.com.br\/site\/#website"},"breadcrumb":{"@id":"https:\/\/anoticiaonline.com.br\/site\/dia-do-autismo-e-comemorado-pela-apae-de-muriae-no-cristo-redentor\/#breadcrumblist"},"author":{"@id":"https:\/\/anoticiaonline.com.br\/site\/author\/juliana\/#author"},"creator":{"@id":"https:\/\/anoticiaonline.com.br\/site\/author\/juliana\/#author"},"image":{"@type":"ImageObject","url":"https:\/\/anoticiaonline.com.br\/site\/wp-content\/uploads\/2018\/04\/Dia-do-Autismo-\u00e9-comemorado-pela-Apae-de-Muria\u00e9-no-Cristo-Redentor-2.jpg","@id":"https:\/\/anoticiaonline.com.br\/site\/dia-do-autismo-e-comemorado-pela-apae-de-muriae-no-cristo-redentor\/#mainImage","width":640,"height":427},"primaryImageOfPage":{"@id":"https:\/\/anoticiaonline.com.br\/site\/dia-do-autismo-e-comemorado-pela-apae-de-muriae-no-cristo-redentor\/#mainImage"},"datePublished":"2018-04-04T17:35:39-03:00","dateModified":"2018-04-10T14:38:46-03:00"},{"@type":"WebSite","@id":"https:\/\/anoticiaonline.com.br\/site\/#website","url":"https:\/\/anoticiaonline.com.br\/site\/","name":"A Not\u00edcia Online","description":"Noticias de Muria\u00e9 e regi\u00e3o","inLanguage":"pt-BR","publisher":{"@id":"https:\/\/anoticiaonline.com.br\/site\/#organization"}}]},"og:locale":"pt_BR","og:site_name":"A Not\u00edcia Online - Noticias de Muria\u00e9 e regi\u00e3o","og:type":"article","og:title":"Apae comemora Dia do Autismo - A Not\u00edcia Online","og:description":"O Dia da Conscientiza\u00e7\u00e3o do Autismo, comemorado anualmente no dia 2 de abril, foi lembrado pela Associa\u00e7\u00e3o de Pais e Amigos dos Excepcionais (APAE) de Muria\u00e9. A a\u00e7\u00e3o para celebrar a data, foi realizada na tarde de segunda-feira (2), no complexo do Cristo Redentor da cidade. L\u00e1, dezenas de crian\u00e7as autistas, acompanhadas de seus pais,","og:url":"https:\/\/anoticiaonline.com.br\/site\/dia-do-autismo-e-comemorado-pela-apae-de-muriae-no-cristo-redentor\/","og:image":"https:\/\/scontent-gig4-1.xx.fbcdn.net\/v\/t39.30808-1\/270437624_4564083193639691_6907940295614233970_n.jpg?stp=dst-jpg_s200x200_tt6&#038;_nc_cat=111&#038;ccb=1-7&#038;_nc_sid=f907e8&#038;_nc_ohc=SM1wRlP3lJwQ7kNvwEPuBYA&#038;_nc_oc=AdnqrjDN_BNjSSHWO-GbkIWH6fkGMLw4bqvL_NH6e2wMveX7G-rP2dAqsDSq1mJMOaY&#038;_nc_zt=24&#038;_nc_ht=scontent-gig4-1.xx&#038;_nc_gid=AoBFJeGrT1hVaew_6rchkQ&#038;oh=00_AfX7QmFGhQhG2jAllVgXCiM1ZrWgvtp80-Bfppyexh1QEg&#038;oe=689E923C","og:image:secure_url":"https:\/\/scontent-gig4-1.xx.fbcdn.net\/v\/t39.30808-1\/270437624_4564083193639691_6907940295614233970_n.jpg?stp=dst-jpg_s200x200_tt6&#038;_nc_cat=111&#038;ccb=1-7&#038;_nc_sid=f907e8&#038;_nc_ohc=SM1wRlP3lJwQ7kNvwEPuBYA&#038;_nc_oc=AdnqrjDN_BNjSSHWO-GbkIWH6fkGMLw4bqvL_NH6e2wMveX7G-rP2dAqsDSq1mJMOaY&#038;_nc_zt=24&#038;_nc_ht=scontent-gig4-1.xx&#038;_nc_gid=AoBFJeGrT1hVaew_6rchkQ&#038;oh=00_AfX7QmFGhQhG2jAllVgXCiM1ZrWgvtp80-Bfppyexh1QEg&#038;oe=689E923C","article:published_time":"2018-04-04T20:35:39+00:00","article:modified_time":"2018-04-10T17:38:46+00:00","twitter:card":"summary_large_image","twitter:title":"Apae comemora Dia do Autismo - A Not\u00edcia Online","twitter:description":"O Dia da Conscientiza\u00e7\u00e3o do Autismo, comemorado anualmente no dia 2 de abril, foi lembrado pela Associa\u00e7\u00e3o de Pais e Amigos dos Excepcionais (APAE) de Muria\u00e9. A a\u00e7\u00e3o para celebrar a data, foi realizada na tarde de segunda-feira (2), no complexo do Cristo Redentor da cidade. L\u00e1, dezenas de crian\u00e7as autistas, acompanhadas de seus pais,","twitter:image":"https:\/\/scontent-gig4-1.xx.fbcdn.net\/v\/t39.30808-1\/270437624_4564083193639691_6907940295614233970_n.jpg?stp=dst-jpg_s200x200_tt6&_nc_cat=111&ccb=1-7&_nc_sid=f907e8&_nc_ohc=SM1wRlP3lJwQ7kNvwEPuBYA&_nc_oc=AdnqrjDN_BNjSSHWO-GbkIWH6fkGMLw4bqvL_NH6e2wMveX7G-rP2dAqsDSq1mJMOaY&_nc_zt=24&_nc_ht=scontent-gig4-1.xx&_nc_gid=AoBFJeGrT1hVaew_6rchkQ&oh=00_AfX7QmFGhQhG2jAllVgXCiM1ZrWgvtp80-Bfppyexh1QEg&oe=689E923C"},"aioseo_meta_data":{"post_id":"52907","title":null,"description":null,"keywords":null,"keyphrases":null,"primary_term":null,"canonical_url":null,"og_title":null,"og_description":null,"og_object_type":"default","og_image_type":"default","og_image_url":null,"og_image_width":null,"og_image_height":null,"og_image_custom_url":null,"og_image_custom_fields":null,"og_video":null,"og_custom_url":null,"og_article_section":null,"og_article_tags":null,"twitter_use_og":false,"twitter_card":"default","twitter_image_type":"default","twitter_image_url":null,"twitter_image_custom_url":null,"twitter_image_custom_fields":null,"twitter_title":null,"twitter_description":null,"schema":{"blockGraphs":[],"customGraphs":[],"default":{"data":{"Article":[],"Course":[],"Dataset":[],"FAQPage":[],"Movie":[],"Person":[],"Product":[],"ProductReview":[],"Car":[],"Recipe":[],"Service":[],"SoftwareApplication":[],"WebPage":[]},"graphName":"","isEnabled":true},"graphs":[]},"schema_type":"default","schema_type_options":null,"pillar_content":false,"robots_default":true,"robots_noindex":false,"robots_noarchive":false,"robots_nosnippet":false,"robots_nofollow":false,"robots_noimageindex":false,"robots_noodp":false,"robots_notranslate":false,"robots_max_snippet":null,"robots_max_videopreview":null,"robots_max_imagepreview":"large","priority":null,"frequency":null,"local_seo":null,"breadcrumb_settings":null,"limit_modified_date":false,"ai":null,"created":"2025-08-16 20:38:18","updated":"2025-08-16 20:38:18","focus_keyword":null,"additional_keywords":null,"truseo_locale":null,"seo_analyzer_scan_date":null},"aioseo_breadcrumb":"<div class=\"aioseo-breadcrumbs\"><span class=\"aioseo-breadcrumb\">\n\t\t\t<a href=\"https:\/\/anoticiaonline.com.br\/site\" title=\"Home\">Home<\/a>\n\t\t<\/span><span class=\"aioseo-breadcrumb-separator\">&raquo;<\/span><span class=\"aioseo-breadcrumb\">\n\t\t\t<a href=\"https:\/\/anoticiaonline.com.br\/site\/categoria\/muriae\/\" title=\"Blog\">Blog<\/a>\n\t\t<\/span><span class=\"aioseo-breadcrumb-separator\">&raquo;<\/span><span class=\"aioseo-breadcrumb\">\n\t\t\tApae comemora Dia do Autismo\n\t\t<\/span><\/div>","aioseo_breadcrumb_json":[{"label":"Home","link":"https:\/\/anoticiaonline.com.br\/site"},{"label":"Blog","link":"https:\/\/anoticiaonline.com.br\/site\/categoria\/muriae\/"},{"label":"Apae comemora Dia do Autismo","link":"https:\/\/anoticiaonline.com.br\/site\/dia-do-autismo-e-comemorado-pela-apae-de-muriae-no-cristo-redentor\/"}],"views":122,"_links":{"self":[{"href":"https:\/\/anoticiaonline.com.br\/site\/wp-json\/wp\/v2\/posts\/52907","targetHints":{"allow":["GET"]}}],"collection":[{"href":"https:\/\/anoticiaonline.com.br\/site\/wp-json\/wp\/v2\/posts"}],"about":[{"href":"https:\/\/anoticiaonline.com.br\/site\/wp-json\/wp\/v2\/types\/post"}],"author":[{"embeddable":true,"href":"https:\/\/anoticiaonline.com.br\/site\/wp-json\/wp\/v2\/users\/2"}],"replies":[{"embeddable":true,"href":"https:\/\/anoticiaonline.com.br\/site\/wp-json\/wp\/v2\/comments?post=52907"}],"version-history":[{"count":0,"href":"https:\/\/anoticiaonline.com.br\/site\/wp-json\/wp\/v2\/posts\/52907\/revisions"}],"wp:featuredmedia":[{"embeddable":true,"href":"https:\/\/anoticiaonline.com.br\/site\/wp-json\/wp\/v2\/media\/52911"}],"wp:attachment":[{"href":"https:\/\/anoticiaonline.com.br\/site\/wp-json\/wp\/v2\/media?parent=52907"}],"wp:term":[{"taxonomy":"category","embeddable":true,"href":"https:\/\/anoticiaonline.com.br\/site\/wp-json\/wp\/v2\/categories?post=52907"},{"taxonomy":"post_tag","embeddable":true,"href":"https:\/\/anoticiaonline.com.br\/site\/wp-json\/wp\/v2\/tags?post=52907"}],"curies":[{"name":"wp","href":"https:\/\/api.w.org\/{rel}","templated":true}]}}