{"id":52877,"date":"2018-03-30T10:44:30","date_gmt":"2018-03-30T13:44:30","guid":{"rendered":"http:\/\/anoticiaonline.com.br\/site\/?p=52877"},"modified":"2018-03-30T10:45:46","modified_gmt":"2018-03-30T13:45:46","slug":"sociarte-30-03-18","status":"publish","type":"post","link":"https:\/\/anoticiaonline.com.br\/site\/sociarte-30-03-18\/","title":{"rendered":"Sociarte 30.03.18"},"content":{"rendered":"<p style=\"text-align: center;\"><a href=\"https:\/\/anoticiaonline.com.br\/site\/wp-content\/uploads\/2018\/03\/Eanlace-de-Wilson-Reis-e-Gracinha.jpg\"><img fetchpriority=\"high\" decoding=\"async\" class=\"aligncenter size-full wp-image-52880\" src=\"https:\/\/anoticiaonline.com.br\/site\/wp-content\/uploads\/2018\/03\/Eanlace-de-Wilson-Reis-e-Gracinha.jpg\" alt=\"\" width=\"479\" height=\"640\" srcset=\"https:\/\/anoticiaonline.com.br\/site\/wp-content\/uploads\/2018\/03\/Eanlace-de-Wilson-Reis-e-Gracinha.jpg 479w, https:\/\/anoticiaonline.com.br\/site\/wp-content\/uploads\/2018\/03\/Eanlace-de-Wilson-Reis-e-Gracinha-225x300.jpg 225w\" sizes=\"(max-width: 479px) 100vw, 479px\" \/><\/a><strong>Enlace de Wilson Reis e Gracinha<\/strong><\/p>\n<p>O aben\u00e7oado casal Wilson Caetano dos Reis Santos e Maria das Gra\u00e7as Nunes se uniu em matrim\u00f4nio, no s\u00e1bado (24). A cerim\u00f4nia, que aconteceu na Igreja do Evangelho Quadrangular Sede, onde ele \u00e9 pastor titular, reuniu muitos convidados e amigos, que foram abra\u00e7ar o novo casal. Parab\u00e9ns Reverendo Wilson e Gracinha, que a vida conjugal de voc\u00eas seja repleta de muito amor e paz. Parab\u00e9ns aos noivos!<\/p>\n<p>&nbsp;<\/p>\n<p style=\"text-align: center;\"><a href=\"https:\/\/anoticiaonline.com.br\/site\/wp-content\/uploads\/2018\/03\/Anivers\u00e1rio-2-anos-de-Helena.jpg\"><img decoding=\"async\" class=\"aligncenter size-full wp-image-52879\" src=\"https:\/\/anoticiaonline.com.br\/site\/wp-content\/uploads\/2018\/03\/Anivers\u00e1rio-2-anos-de-Helena.jpg\" alt=\"\" width=\"640\" height=\"480\" srcset=\"https:\/\/anoticiaonline.com.br\/site\/wp-content\/uploads\/2018\/03\/Anivers\u00e1rio-2-anos-de-Helena.jpg 640w, https:\/\/anoticiaonline.com.br\/site\/wp-content\/uploads\/2018\/03\/Anivers\u00e1rio-2-anos-de-Helena-300x225.jpg 300w\" sizes=\"(max-width: 640px) 100vw, 640px\" \/><\/a><strong>Anivers\u00e1rio 2 anos de Helena<\/strong><\/p>\n<p>A pequena Helena Br\u00e1z F\u00e9lix, filha de Wellington F\u00e9lix e de Val\u00e9ria Br\u00e1z, comemorou seu 2\u00ba aninho ao lado da fam\u00edlia e dos amigos na casa da vov\u00f3 Maria Helena, no distrito de Itamuri. O tema escolhido foi Patati Patat\u00e1 e a comemora\u00e7\u00e3o aconteceu no s\u00e1bado (24). Parab\u00e9ns, Helena!<\/p>\n<p>&nbsp;<\/p>\n<p style=\"text-align: center;\"><a href=\"https:\/\/anoticiaonline.com.br\/site\/wp-content\/uploads\/2018\/03\/Um-aninho-da-Isis.jpg\"><img decoding=\"async\" class=\"aligncenter size-full wp-image-52884\" src=\"https:\/\/anoticiaonline.com.br\/site\/wp-content\/uploads\/2018\/03\/Um-aninho-da-Isis.jpg\" alt=\"\" width=\"640\" height=\"426\" srcset=\"https:\/\/anoticiaonline.com.br\/site\/wp-content\/uploads\/2018\/03\/Um-aninho-da-Isis.jpg 640w, https:\/\/anoticiaonline.com.br\/site\/wp-content\/uploads\/2018\/03\/Um-aninho-da-Isis-300x200.jpg 300w\" sizes=\"(max-width: 640px) 100vw, 640px\" \/><\/a><strong>1\u00ba ano de \u00cdsis<\/strong><\/p>\n<p>A pequena \u00cdsis Ayla da Silva comemorou a chegada do seu 1\u00ba aninho, com amigos e familiares, no s\u00e1bado (24). A festa aconteceu no Sal\u00e3o de festa Eventus sob os olhares atentos dos papais Nauto da Silva e Fernanda Rosania da Silva, e tamb\u00e9m do irm\u00e3o Enzo Otto da Silva. Parab\u00e9ns para a linda \u00cdsis, que essa se repita por muitos e muitos anos.<\/p>\n<p>&nbsp;<\/p>\n<p style=\"text-align: center;\"><a href=\"https:\/\/anoticiaonline.com.br\/site\/wp-content\/uploads\/2018\/03\/Formatura-de.jpg\"><img loading=\"lazy\" decoding=\"async\" class=\"aligncenter size-full wp-image-52882\" src=\"https:\/\/anoticiaonline.com.br\/site\/wp-content\/uploads\/2018\/03\/Formatura-de.jpg\" alt=\"\" width=\"583\" height=\"449\" srcset=\"https:\/\/anoticiaonline.com.br\/site\/wp-content\/uploads\/2018\/03\/Formatura-de.jpg 583w, https:\/\/anoticiaonline.com.br\/site\/wp-content\/uploads\/2018\/03\/Formatura-de-300x231.jpg 300w\" sizes=\"(max-width: 583px) 100vw, 583px\" \/><\/a><strong>Formatura de Romeyne<\/strong><\/p>\n<p>A querida Romeyne Lima de Souza Carvalho concluiu, no s\u00e1bado (24), o t\u00e3o sonhado e batalhado diploma no curso de Pedagogia pela Unopar Polo Muria\u00e9. Ela, que \u00e9 filha do casal Ronaldo Oliveira de Souza e Valterlena Silveira Lima Vieira de Souza, \u00e9 casada com Cristiano Carvalho e m\u00e3e do bonito Guilherme. Parab\u00e9ns, Romeyne! Que esse diploma possa abrir muitas portas em sua vida pessoal e profissional.<\/p>\n<p>&nbsp;<\/p>\n<p style=\"text-align: center;\"><a href=\"https:\/\/anoticiaonline.com.br\/site\/wp-content\/uploads\/2018\/03\/Noivado-de-Paulo-Victor.jpg\"><img loading=\"lazy\" decoding=\"async\" class=\"aligncenter size-full wp-image-52883\" src=\"https:\/\/anoticiaonline.com.br\/site\/wp-content\/uploads\/2018\/03\/Noivado-de-Paulo-Victor.jpg\" alt=\"\" width=\"640\" height=\"427\" srcset=\"https:\/\/anoticiaonline.com.br\/site\/wp-content\/uploads\/2018\/03\/Noivado-de-Paulo-Victor.jpg 640w, https:\/\/anoticiaonline.com.br\/site\/wp-content\/uploads\/2018\/03\/Noivado-de-Paulo-Victor-300x200.jpg 300w\" sizes=\"(max-width: 640px) 100vw, 640px\" \/><\/a><strong>Noivado de Paulo Victor e Nathalia<\/strong><\/p>\n<p>No \u00faltimo s\u00e1bado (24), o jornalista Paulo Victor Costa (assessor de imprensa do Demsur) e Nathalia Magalh\u00e3es receberam seus amigos e familiares em uma noite especial para celebrar mais um passo importante em suas vidas: o noivado. Em um culto de gratid\u00e3o, celebrado pelo pastor N\u00e9lio Monteiro, o casal trocou alian\u00e7as. Os noivos sobem ao altar em novembro deste ano na Igreja Batista do Parque Safira. Parab\u00e9ns, Paulo Victor e Nathalia!<\/p>\n<p>&nbsp;<\/p>\n<p style=\"text-align: center;\"><a href=\"https:\/\/anoticiaonline.com.br\/site\/wp-content\/uploads\/2018\/03\/543024_137885923012047_1815228275_n.jpg\"><img loading=\"lazy\" decoding=\"async\" class=\"aligncenter size-full wp-image-52878\" src=\"https:\/\/anoticiaonline.com.br\/site\/wp-content\/uploads\/2018\/03\/543024_137885923012047_1815228275_n.jpg\" alt=\"\" width=\"633\" height=\"474\" srcset=\"https:\/\/anoticiaonline.com.br\/site\/wp-content\/uploads\/2018\/03\/543024_137885923012047_1815228275_n.jpg 633w, https:\/\/anoticiaonline.com.br\/site\/wp-content\/uploads\/2018\/03\/543024_137885923012047_1815228275_n-300x225.jpg 300w\" sizes=\"(max-width: 633px) 100vw, 633px\" \/><\/a><strong>Parab\u00e9ns Ivonete<\/strong><\/p>\n<p>A nossa querida amiga Ivonete Sim\u00e3o Marum Cruz completou idade nova na quinta-feira (29) recebendo o carinho de seus amigos e familiares. Ela \u00e9 casada com Jos\u00e9 Carlos de Paula Cruz, m\u00e3e dos queridos V\u00edtor Marum Cruz e Ana Paula Marum Cruz (jornalista desse seman\u00e1rio). Parab\u00e9ns Ivonete! Que deus permita que voc\u00ea celebre essa data por muitos e muitos anos, sempre com essa garra e essa alegria de viver!<\/p>\n<p>&nbsp;<\/p>\n<p style=\"text-align: center;\"><a href=\"https:\/\/anoticiaonline.com.br\/site\/wp-content\/uploads\/2018\/03\/Formatura-de-Suze.jpg\"><img loading=\"lazy\" decoding=\"async\" class=\"aligncenter size-full wp-image-52881\" src=\"https:\/\/anoticiaonline.com.br\/site\/wp-content\/uploads\/2018\/03\/Formatura-de-Suze.jpg\" alt=\"\" width=\"480\" height=\"640\" srcset=\"https:\/\/anoticiaonline.com.br\/site\/wp-content\/uploads\/2018\/03\/Formatura-de-Suze.jpg 480w, https:\/\/anoticiaonline.com.br\/site\/wp-content\/uploads\/2018\/03\/Formatura-de-Suze-225x300.jpg 225w\" sizes=\"(max-width: 480px) 100vw, 480px\" \/><\/a><strong>Formatura de Suze<\/strong><\/p>\n<p>A micropigmentadora, Suzelane de Silva P\u00e9res (Suze), alcan\u00e7ou mais uma vit\u00f3ria em sua vida. Ela recebeu, no s\u00e1bado (24), o seu diploma de curso superior em Est\u00e9tica e Imagem Pessoal pela Unopar Polo Muria\u00e9. Ela que \u00e9 casada com Ronnye Fabr\u00edcio Cez\u00e1rio, \u00e9 tamb\u00e9m m\u00e3e dos queridos Wanessa P\u00e9res Dainez e Jo\u00e3o Victor P\u00e9res Dainez. Parab\u00e9ns Suze, que seu caminho seja sempre aben\u00e7oado e repleto de grandes conquistas.<\/p>\n","protected":false},"excerpt":{"rendered":"<p>Enlace de Wilson Reis e Gracinha O aben\u00e7oado casal Wilson Caetano dos Reis Santos e Maria das Gra\u00e7as Nunes se uniu em matrim\u00f4nio, no s\u00e1bado (24). A cerim\u00f4nia, que aconteceu na Igreja do Evangelho Quadrangular Sede, onde ele \u00e9 pastor titular, reuniu muitos convidados e amigos, que foram abra\u00e7ar o novo casal. Parab\u00e9ns Reverendo Wilson &#8230; <a title=\"Sociarte 30.03.18\" class=\"read-more\" href=\"https:\/\/anoticiaonline.com.br\/site\/sociarte-30-03-18\/\" aria-label=\"Read more about Sociarte 30.03.18\">Ler mais<\/a><\/p>\n","protected":false},"author":2,"featured_media":0,"comment_status":"open","ping_status":"open","sticky":false,"template":"","format":"standard","meta":{"_acf_changed":false,"_monsterinsights_skip_tracking":false,"footnotes":""},"categories":[38],"tags":[366,393,2053,11,564,333,606,2278],"class_list":["post-52877","post","type-post","status-publish","format-standard","hentry","category-sociarte","tag-aniversario","tag-casamento","tag-espaco-suze-e-equipe","tag-formatura","tag-sociais","tag-sociarte","tag-suze","tag-unopar-muriae"],"acf":[],"aioseo_notices":[],"aioseo_head":"\n\t\t<!-- All in One SEO 5.0.0.1 - aioseo.com -->\n\t<meta name=\"description\" content=\"Enlace de Wilson Reis e Gracinha O aben\u00e7oado casal Wilson Caetano dos Reis Santos e Maria das Gra\u00e7as Nunes se uniu em matrim\u00f4nio, no s\u00e1bado (24). A cerim\u00f4nia, que aconteceu na Igreja do Evangelho Quadrangular Sede, onde ele \u00e9 pastor titular, reuniu muitos convidados e amigos, que foram abra\u00e7ar o novo casal. Parab\u00e9ns Reverendo Wilson\" \/>\n\t<meta name=\"robots\" content=\"max-image-preview:large\" \/>\n\t<meta name=\"author\" content=\"Juliana Laviola\"\/>\n\t<link rel=\"canonical\" href=\"https:\/\/anoticiaonline.com.br\/site\/sociarte-30-03-18\/\" \/>\n\t<meta name=\"generator\" content=\"All in One SEO (AIOSEO) 5.0.0.1\" \/>\n\t\t<meta property=\"og:locale\" content=\"pt_BR\" \/>\n\t\t<meta property=\"og:site_name\" content=\"A Not\u00edcia Online - Noticias de Muria\u00e9 e regi\u00e3o\" \/>\n\t\t<meta property=\"og:type\" content=\"article\" \/>\n\t\t<meta property=\"og:title\" content=\"Sociarte 30.03.18 - A Not\u00edcia Online\" \/>\n\t\t<meta property=\"og:description\" content=\"Enlace de Wilson Reis e Gracinha O aben\u00e7oado casal Wilson Caetano dos Reis Santos e Maria das Gra\u00e7as Nunes se uniu em matrim\u00f4nio, no s\u00e1bado (24). A cerim\u00f4nia, que aconteceu na Igreja do Evangelho Quadrangular Sede, onde ele \u00e9 pastor titular, reuniu muitos convidados e amigos, que foram abra\u00e7ar o novo casal. Parab\u00e9ns Reverendo Wilson\" \/>\n\t\t<meta property=\"og:url\" content=\"https:\/\/anoticiaonline.com.br\/site\/sociarte-30-03-18\/\" \/>\n\t\t<meta property=\"og:image\" content=\"https:\/\/scontent-gig4-1.xx.fbcdn.net\/v\/t39.30808-1\/270437624_4564083193639691_6907940295614233970_n.jpg?stp=dst-jpg_s200x200_tt6&#038;_nc_cat=111&#038;ccb=1-7&#038;_nc_sid=f907e8&#038;_nc_ohc=SM1wRlP3lJwQ7kNvwEPuBYA&#038;_nc_oc=AdnqrjDN_BNjSSHWO-GbkIWH6fkGMLw4bqvL_NH6e2wMveX7G-rP2dAqsDSq1mJMOaY&#038;_nc_zt=24&#038;_nc_ht=scontent-gig4-1.xx&#038;_nc_gid=AoBFJeGrT1hVaew_6rchkQ&#038;oh=00_AfX7QmFGhQhG2jAllVgXCiM1ZrWgvtp80-Bfppyexh1QEg&#038;oe=689E923C\" \/>\n\t\t<meta property=\"og:image:secure_url\" content=\"https:\/\/scontent-gig4-1.xx.fbcdn.net\/v\/t39.30808-1\/270437624_4564083193639691_6907940295614233970_n.jpg?stp=dst-jpg_s200x200_tt6&#038;_nc_cat=111&#038;ccb=1-7&#038;_nc_sid=f907e8&#038;_nc_ohc=SM1wRlP3lJwQ7kNvwEPuBYA&#038;_nc_oc=AdnqrjDN_BNjSSHWO-GbkIWH6fkGMLw4bqvL_NH6e2wMveX7G-rP2dAqsDSq1mJMOaY&#038;_nc_zt=24&#038;_nc_ht=scontent-gig4-1.xx&#038;_nc_gid=AoBFJeGrT1hVaew_6rchkQ&#038;oh=00_AfX7QmFGhQhG2jAllVgXCiM1ZrWgvtp80-Bfppyexh1QEg&#038;oe=689E923C\" \/>\n\t\t<meta property=\"article:published_time\" content=\"2018-03-30T13:44:30+00:00\" \/>\n\t\t<meta property=\"article:modified_time\" content=\"2018-03-30T13:45:46+00:00\" \/>\n\t\t<meta name=\"twitter:card\" content=\"summary_large_image\" \/>\n\t\t<meta name=\"twitter:title\" content=\"Sociarte 30.03.18 - A Not\u00edcia Online\" \/>\n\t\t<meta name=\"twitter:description\" content=\"Enlace de Wilson Reis e Gracinha O aben\u00e7oado casal Wilson Caetano dos Reis Santos e Maria das Gra\u00e7as Nunes se uniu em matrim\u00f4nio, no s\u00e1bado (24). A cerim\u00f4nia, que aconteceu na Igreja do Evangelho Quadrangular Sede, onde ele \u00e9 pastor titular, reuniu muitos convidados e amigos, que foram abra\u00e7ar o novo casal. Parab\u00e9ns Reverendo Wilson\" \/>\n\t\t<meta name=\"twitter:image\" content=\"https:\/\/scontent-gig4-1.xx.fbcdn.net\/v\/t39.30808-1\/270437624_4564083193639691_6907940295614233970_n.jpg?stp=dst-jpg_s200x200_tt6&amp;_nc_cat=111&amp;ccb=1-7&amp;_nc_sid=f907e8&amp;_nc_ohc=SM1wRlP3lJwQ7kNvwEPuBYA&amp;_nc_oc=AdnqrjDN_BNjSSHWO-GbkIWH6fkGMLw4bqvL_NH6e2wMveX7G-rP2dAqsDSq1mJMOaY&amp;_nc_zt=24&amp;_nc_ht=scontent-gig4-1.xx&amp;_nc_gid=AoBFJeGrT1hVaew_6rchkQ&amp;oh=00_AfX7QmFGhQhG2jAllVgXCiM1ZrWgvtp80-Bfppyexh1QEg&amp;oe=689E923C\" \/>\n\t\t<script type=\"application\/ld+json\" class=\"aioseo-schema\">\n\t\t\t{\"@context\":\"https:\\\/\\\/schema.org\",\"@graph\":[{\"@type\":\"BlogPosting\",\"@id\":\"https:\\\/\\\/anoticiaonline.com.br\\\/site\\\/sociarte-30-03-18\\\/#blogposting\",\"name\":\"Sociarte 30.03.18 - A Not\\u00edcia Online\",\"headline\":\"Sociarte 30.03.18\",\"author\":{\"@id\":\"https:\\\/\\\/anoticiaonline.com.br\\\/site\\\/author\\\/juliana\\\/#author\"},\"publisher\":{\"@id\":\"https:\\\/\\\/anoticiaonline.com.br\\\/site\\\/#organization\"},\"image\":{\"@type\":\"ImageObject\",\"url\":\"https:\\\/\\\/anoticiaonline.com.br\\\/site\\\/wp-content\\\/uploads\\\/2018\\\/03\\\/Eanlace-de-Wilson-Reis-e-Gracinha.jpg\",\"@id\":\"https:\\\/\\\/anoticiaonline.com.br\\\/site\\\/sociarte-30-03-18\\\/#articleImage\",\"width\":479,\"height\":640},\"datePublished\":\"2018-03-30T10:44:30-03:00\",\"dateModified\":\"2018-03-30T10:45:46-03:00\",\"inLanguage\":\"pt-BR\",\"mainEntityOfPage\":{\"@id\":\"https:\\\/\\\/anoticiaonline.com.br\\\/site\\\/sociarte-30-03-18\\\/#webpage\"},\"isPartOf\":{\"@id\":\"https:\\\/\\\/anoticiaonline.com.br\\\/site\\\/sociarte-30-03-18\\\/#webpage\"},\"articleSection\":\"Sociarte, anivers\\u00e1rio, casamento, Espa\\u00e7o Suze e Equipe, formatura, sociais, sociarte, suze, UNOPAR MURIA\\u00c9\"},{\"@type\":\"BreadcrumbList\",\"@id\":\"https:\\\/\\\/anoticiaonline.com.br\\\/site\\\/sociarte-30-03-18\\\/#breadcrumblist\",\"itemListElement\":[{\"@type\":\"ListItem\",\"@id\":\"https:\\\/\\\/anoticiaonline.com.br\\\/site#listItem\",\"position\":1,\"name\":\"Home\",\"item\":\"https:\\\/\\\/anoticiaonline.com.br\\\/site\",\"nextItem\":{\"@type\":\"ListItem\",\"@id\":\"https:\\\/\\\/anoticiaonline.com.br\\\/site\\\/categoria\\\/colunistas\\\/#listItem\",\"name\":\"Colunistas\"}},{\"@type\":\"ListItem\",\"@id\":\"https:\\\/\\\/anoticiaonline.com.br\\\/site\\\/categoria\\\/colunistas\\\/#listItem\",\"position\":2,\"name\":\"Colunistas\",\"item\":\"https:\\\/\\\/anoticiaonline.com.br\\\/site\\\/categoria\\\/colunistas\\\/\",\"nextItem\":{\"@type\":\"ListItem\",\"@id\":\"https:\\\/\\\/anoticiaonline.com.br\\\/site\\\/categoria\\\/colunistas\\\/sociarte\\\/#listItem\",\"name\":\"Sociarte\"},\"previousItem\":{\"@type\":\"ListItem\",\"@id\":\"https:\\\/\\\/anoticiaonline.com.br\\\/site#listItem\",\"name\":\"Home\"}},{\"@type\":\"ListItem\",\"@id\":\"https:\\\/\\\/anoticiaonline.com.br\\\/site\\\/categoria\\\/colunistas\\\/sociarte\\\/#listItem\",\"position\":3,\"name\":\"Sociarte\",\"item\":\"https:\\\/\\\/anoticiaonline.com.br\\\/site\\\/categoria\\\/colunistas\\\/sociarte\\\/\",\"nextItem\":{\"@type\":\"ListItem\",\"@id\":\"https:\\\/\\\/anoticiaonline.com.br\\\/site\\\/sociarte-30-03-18\\\/#listItem\",\"name\":\"Sociarte 30.03.18\"},\"previousItem\":{\"@type\":\"ListItem\",\"@id\":\"https:\\\/\\\/anoticiaonline.com.br\\\/site\\\/categoria\\\/colunistas\\\/#listItem\",\"name\":\"Colunistas\"}},{\"@type\":\"ListItem\",\"@id\":\"https:\\\/\\\/anoticiaonline.com.br\\\/site\\\/sociarte-30-03-18\\\/#listItem\",\"position\":4,\"name\":\"Sociarte 30.03.18\",\"previousItem\":{\"@type\":\"ListItem\",\"@id\":\"https:\\\/\\\/anoticiaonline.com.br\\\/site\\\/categoria\\\/colunistas\\\/sociarte\\\/#listItem\",\"name\":\"Sociarte\"}}]},{\"@type\":\"Organization\",\"@id\":\"https:\\\/\\\/anoticiaonline.com.br\\\/site\\\/#organization\",\"name\":\"A Not\\u00edcia Online\",\"description\":\"Noticias de Muria\\u00e9 e regi\\u00e3o\",\"url\":\"https:\\\/\\\/anoticiaonline.com.br\\\/site\\\/\",\"logo\":{\"@type\":\"ImageObject\",\"url\":\"https:\\\/\\\/scontent-gig4-1.xx.fbcdn.net\\\/v\\\/t39.30808-1\\\/270437624_4564083193639691_6907940295614233970_n.jpg?stp=dst-jpg_s200x200_tt6&_nc_cat=111&ccb=1-7&_nc_sid=f907e8&_nc_ohc=SM1wRlP3lJwQ7kNvwEPuBYA&_nc_oc=AdnqrjDN_BNjSSHWO-GbkIWH6fkGMLw4bqvL_NH6e2wMveX7G-rP2dAqsDSq1mJMOaY&_nc_zt=24&_nc_ht=scontent-gig4-1.xx&_nc_gid=AoBFJeGrT1hVaew_6rchkQ&oh=00_AfX7QmFGhQhG2jAllVgXCiM1ZrWgvtp80-Bfppyexh1QEg&oe=689E923C\",\"@id\":\"https:\\\/\\\/anoticiaonline.com.br\\\/site\\\/sociarte-30-03-18\\\/#organizationLogo\"},\"image\":{\"@id\":\"https:\\\/\\\/anoticiaonline.com.br\\\/site\\\/sociarte-30-03-18\\\/#organizationLogo\"}},{\"@type\":\"Person\",\"@id\":\"https:\\\/\\\/anoticiaonline.com.br\\\/site\\\/author\\\/juliana\\\/#author\",\"url\":\"https:\\\/\\\/anoticiaonline.com.br\\\/site\\\/author\\\/juliana\\\/\",\"name\":\"Juliana Laviola\",\"image\":{\"@type\":\"ImageObject\",\"@id\":\"https:\\\/\\\/anoticiaonline.com.br\\\/site\\\/sociarte-30-03-18\\\/#authorImage\",\"url\":\"https:\\\/\\\/secure.gravatar.com\\\/avatar\\\/b8d45f5c699b100dfaf0e543582f38f38bf94cb7ae3a5e9abf8d891a34773335?s=96&d=mm&r=g\",\"width\":96,\"height\":96,\"caption\":\"Juliana Laviola\"}},{\"@type\":\"WebPage\",\"@id\":\"https:\\\/\\\/anoticiaonline.com.br\\\/site\\\/sociarte-30-03-18\\\/#webpage\",\"url\":\"https:\\\/\\\/anoticiaonline.com.br\\\/site\\\/sociarte-30-03-18\\\/\",\"name\":\"Sociarte 30.03.18 - A Not\\u00edcia Online\",\"description\":\"Enlace de Wilson Reis e Gracinha O aben\\u00e7oado casal Wilson Caetano dos Reis Santos e Maria das Gra\\u00e7as Nunes se uniu em matrim\\u00f4nio, no s\\u00e1bado (24). A cerim\\u00f4nia, que aconteceu na Igreja do Evangelho Quadrangular Sede, onde ele \\u00e9 pastor titular, reuniu muitos convidados e amigos, que foram abra\\u00e7ar o novo casal. Parab\\u00e9ns Reverendo Wilson\",\"inLanguage\":\"pt-BR\",\"isPartOf\":{\"@id\":\"https:\\\/\\\/anoticiaonline.com.br\\\/site\\\/#website\"},\"breadcrumb\":{\"@id\":\"https:\\\/\\\/anoticiaonline.com.br\\\/site\\\/sociarte-30-03-18\\\/#breadcrumblist\"},\"author\":{\"@id\":\"https:\\\/\\\/anoticiaonline.com.br\\\/site\\\/author\\\/juliana\\\/#author\"},\"creator\":{\"@id\":\"https:\\\/\\\/anoticiaonline.com.br\\\/site\\\/author\\\/juliana\\\/#author\"},\"datePublished\":\"2018-03-30T10:44:30-03:00\",\"dateModified\":\"2018-03-30T10:45:46-03:00\"},{\"@type\":\"WebSite\",\"@id\":\"https:\\\/\\\/anoticiaonline.com.br\\\/site\\\/#website\",\"url\":\"https:\\\/\\\/anoticiaonline.com.br\\\/site\\\/\",\"name\":\"A Not\\u00edcia Online\",\"description\":\"Noticias de Muria\\u00e9 e regi\\u00e3o\",\"inLanguage\":\"pt-BR\",\"publisher\":{\"@id\":\"https:\\\/\\\/anoticiaonline.com.br\\\/site\\\/#organization\"}}]}\n\t\t<\/script>\n\t\t<!-- All in One SEO -->\n\n","aioseo_head_json":{"title":"Sociarte 30.03.18 - A Not\u00edcia Online","description":"Enlace de Wilson Reis e Gracinha O aben\u00e7oado casal Wilson Caetano dos Reis Santos e Maria das Gra\u00e7as Nunes se uniu em matrim\u00f4nio, no s\u00e1bado (24). A cerim\u00f4nia, que aconteceu na Igreja do Evangelho Quadrangular Sede, onde ele \u00e9 pastor titular, reuniu muitos convidados e amigos, que foram abra\u00e7ar o novo casal. Parab\u00e9ns Reverendo Wilson","canonical_url":"https:\/\/anoticiaonline.com.br\/site\/sociarte-30-03-18\/","robots":"max-image-preview:large","keywords":"","webmasterTools":{"miscellaneous":""},"schema":{"@context":"https:\/\/schema.org","@graph":[{"@type":"BlogPosting","@id":"https:\/\/anoticiaonline.com.br\/site\/sociarte-30-03-18\/#blogposting","name":"Sociarte 30.03.18 - A Not\u00edcia Online","headline":"Sociarte 30.03.18","author":{"@id":"https:\/\/anoticiaonline.com.br\/site\/author\/juliana\/#author"},"publisher":{"@id":"https:\/\/anoticiaonline.com.br\/site\/#organization"},"image":{"@type":"ImageObject","url":"https:\/\/anoticiaonline.com.br\/site\/wp-content\/uploads\/2018\/03\/Eanlace-de-Wilson-Reis-e-Gracinha.jpg","@id":"https:\/\/anoticiaonline.com.br\/site\/sociarte-30-03-18\/#articleImage","width":479,"height":640},"datePublished":"2018-03-30T10:44:30-03:00","dateModified":"2018-03-30T10:45:46-03:00","inLanguage":"pt-BR","mainEntityOfPage":{"@id":"https:\/\/anoticiaonline.com.br\/site\/sociarte-30-03-18\/#webpage"},"isPartOf":{"@id":"https:\/\/anoticiaonline.com.br\/site\/sociarte-30-03-18\/#webpage"},"articleSection":"Sociarte, anivers\u00e1rio, casamento, Espa\u00e7o Suze e Equipe, formatura, sociais, sociarte, suze, UNOPAR MURIA\u00c9"},{"@type":"BreadcrumbList","@id":"https:\/\/anoticiaonline.com.br\/site\/sociarte-30-03-18\/#breadcrumblist","itemListElement":[{"@type":"ListItem","@id":"https:\/\/anoticiaonline.com.br\/site#listItem","position":1,"name":"Home","item":"https:\/\/anoticiaonline.com.br\/site","nextItem":{"@type":"ListItem","@id":"https:\/\/anoticiaonline.com.br\/site\/categoria\/colunistas\/#listItem","name":"Colunistas"}},{"@type":"ListItem","@id":"https:\/\/anoticiaonline.com.br\/site\/categoria\/colunistas\/#listItem","position":2,"name":"Colunistas","item":"https:\/\/anoticiaonline.com.br\/site\/categoria\/colunistas\/","nextItem":{"@type":"ListItem","@id":"https:\/\/anoticiaonline.com.br\/site\/categoria\/colunistas\/sociarte\/#listItem","name":"Sociarte"},"previousItem":{"@type":"ListItem","@id":"https:\/\/anoticiaonline.com.br\/site#listItem","name":"Home"}},{"@type":"ListItem","@id":"https:\/\/anoticiaonline.com.br\/site\/categoria\/colunistas\/sociarte\/#listItem","position":3,"name":"Sociarte","item":"https:\/\/anoticiaonline.com.br\/site\/categoria\/colunistas\/sociarte\/","nextItem":{"@type":"ListItem","@id":"https:\/\/anoticiaonline.com.br\/site\/sociarte-30-03-18\/#listItem","name":"Sociarte 30.03.18"},"previousItem":{"@type":"ListItem","@id":"https:\/\/anoticiaonline.com.br\/site\/categoria\/colunistas\/#listItem","name":"Colunistas"}},{"@type":"ListItem","@id":"https:\/\/anoticiaonline.com.br\/site\/sociarte-30-03-18\/#listItem","position":4,"name":"Sociarte 30.03.18","previousItem":{"@type":"ListItem","@id":"https:\/\/anoticiaonline.com.br\/site\/categoria\/colunistas\/sociarte\/#listItem","name":"Sociarte"}}]},{"@type":"Organization","@id":"https:\/\/anoticiaonline.com.br\/site\/#organization","name":"A Not\u00edcia Online","description":"Noticias de Muria\u00e9 e regi\u00e3o","url":"https:\/\/anoticiaonline.com.br\/site\/","logo":{"@type":"ImageObject","url":"https:\/\/scontent-gig4-1.xx.fbcdn.net\/v\/t39.30808-1\/270437624_4564083193639691_6907940295614233970_n.jpg?stp=dst-jpg_s200x200_tt6&_nc_cat=111&ccb=1-7&_nc_sid=f907e8&_nc_ohc=SM1wRlP3lJwQ7kNvwEPuBYA&_nc_oc=AdnqrjDN_BNjSSHWO-GbkIWH6fkGMLw4bqvL_NH6e2wMveX7G-rP2dAqsDSq1mJMOaY&_nc_zt=24&_nc_ht=scontent-gig4-1.xx&_nc_gid=AoBFJeGrT1hVaew_6rchkQ&oh=00_AfX7QmFGhQhG2jAllVgXCiM1ZrWgvtp80-Bfppyexh1QEg&oe=689E923C","@id":"https:\/\/anoticiaonline.com.br\/site\/sociarte-30-03-18\/#organizationLogo"},"image":{"@id":"https:\/\/anoticiaonline.com.br\/site\/sociarte-30-03-18\/#organizationLogo"}},{"@type":"Person","@id":"https:\/\/anoticiaonline.com.br\/site\/author\/juliana\/#author","url":"https:\/\/anoticiaonline.com.br\/site\/author\/juliana\/","name":"Juliana Laviola","image":{"@type":"ImageObject","@id":"https:\/\/anoticiaonline.com.br\/site\/sociarte-30-03-18\/#authorImage","url":"https:\/\/secure.gravatar.com\/avatar\/b8d45f5c699b100dfaf0e543582f38f38bf94cb7ae3a5e9abf8d891a34773335?s=96&d=mm&r=g","width":96,"height":96,"caption":"Juliana Laviola"}},{"@type":"WebPage","@id":"https:\/\/anoticiaonline.com.br\/site\/sociarte-30-03-18\/#webpage","url":"https:\/\/anoticiaonline.com.br\/site\/sociarte-30-03-18\/","name":"Sociarte 30.03.18 - A Not\u00edcia Online","description":"Enlace de Wilson Reis e Gracinha O aben\u00e7oado casal Wilson Caetano dos Reis Santos e Maria das Gra\u00e7as Nunes se uniu em matrim\u00f4nio, no s\u00e1bado (24). A cerim\u00f4nia, que aconteceu na Igreja do Evangelho Quadrangular Sede, onde ele \u00e9 pastor titular, reuniu muitos convidados e amigos, que foram abra\u00e7ar o novo casal. Parab\u00e9ns Reverendo Wilson","inLanguage":"pt-BR","isPartOf":{"@id":"https:\/\/anoticiaonline.com.br\/site\/#website"},"breadcrumb":{"@id":"https:\/\/anoticiaonline.com.br\/site\/sociarte-30-03-18\/#breadcrumblist"},"author":{"@id":"https:\/\/anoticiaonline.com.br\/site\/author\/juliana\/#author"},"creator":{"@id":"https:\/\/anoticiaonline.com.br\/site\/author\/juliana\/#author"},"datePublished":"2018-03-30T10:44:30-03:00","dateModified":"2018-03-30T10:45:46-03:00"},{"@type":"WebSite","@id":"https:\/\/anoticiaonline.com.br\/site\/#website","url":"https:\/\/anoticiaonline.com.br\/site\/","name":"A Not\u00edcia Online","description":"Noticias de Muria\u00e9 e regi\u00e3o","inLanguage":"pt-BR","publisher":{"@id":"https:\/\/anoticiaonline.com.br\/site\/#organization"}}]},"og:locale":"pt_BR","og:site_name":"A Not\u00edcia Online - Noticias de Muria\u00e9 e regi\u00e3o","og:type":"article","og:title":"Sociarte 30.03.18 - A Not\u00edcia Online","og:description":"Enlace de Wilson Reis e Gracinha O aben\u00e7oado casal Wilson Caetano dos Reis Santos e Maria das Gra\u00e7as Nunes se uniu em matrim\u00f4nio, no s\u00e1bado (24). A cerim\u00f4nia, que aconteceu na Igreja do Evangelho Quadrangular Sede, onde ele \u00e9 pastor titular, reuniu muitos convidados e amigos, que foram abra\u00e7ar o novo casal. Parab\u00e9ns Reverendo Wilson","og:url":"https:\/\/anoticiaonline.com.br\/site\/sociarte-30-03-18\/","og:image":"https:\/\/scontent-gig4-1.xx.fbcdn.net\/v\/t39.30808-1\/270437624_4564083193639691_6907940295614233970_n.jpg?stp=dst-jpg_s200x200_tt6&#038;_nc_cat=111&#038;ccb=1-7&#038;_nc_sid=f907e8&#038;_nc_ohc=SM1wRlP3lJwQ7kNvwEPuBYA&#038;_nc_oc=AdnqrjDN_BNjSSHWO-GbkIWH6fkGMLw4bqvL_NH6e2wMveX7G-rP2dAqsDSq1mJMOaY&#038;_nc_zt=24&#038;_nc_ht=scontent-gig4-1.xx&#038;_nc_gid=AoBFJeGrT1hVaew_6rchkQ&#038;oh=00_AfX7QmFGhQhG2jAllVgXCiM1ZrWgvtp80-Bfppyexh1QEg&#038;oe=689E923C","og:image:secure_url":"https:\/\/scontent-gig4-1.xx.fbcdn.net\/v\/t39.30808-1\/270437624_4564083193639691_6907940295614233970_n.jpg?stp=dst-jpg_s200x200_tt6&#038;_nc_cat=111&#038;ccb=1-7&#038;_nc_sid=f907e8&#038;_nc_ohc=SM1wRlP3lJwQ7kNvwEPuBYA&#038;_nc_oc=AdnqrjDN_BNjSSHWO-GbkIWH6fkGMLw4bqvL_NH6e2wMveX7G-rP2dAqsDSq1mJMOaY&#038;_nc_zt=24&#038;_nc_ht=scontent-gig4-1.xx&#038;_nc_gid=AoBFJeGrT1hVaew_6rchkQ&#038;oh=00_AfX7QmFGhQhG2jAllVgXCiM1ZrWgvtp80-Bfppyexh1QEg&#038;oe=689E923C","article:published_time":"2018-03-30T13:44:30+00:00","article:modified_time":"2018-03-30T13:45:46+00:00","twitter:card":"summary_large_image","twitter:title":"Sociarte 30.03.18 - A Not\u00edcia Online","twitter:description":"Enlace de Wilson Reis e Gracinha O aben\u00e7oado casal Wilson Caetano dos Reis Santos e Maria das Gra\u00e7as Nunes se uniu em matrim\u00f4nio, no s\u00e1bado (24). A cerim\u00f4nia, que aconteceu na Igreja do Evangelho Quadrangular Sede, onde ele \u00e9 pastor titular, reuniu muitos convidados e amigos, que foram abra\u00e7ar o novo casal. Parab\u00e9ns Reverendo Wilson","twitter:image":"https:\/\/scontent-gig4-1.xx.fbcdn.net\/v\/t39.30808-1\/270437624_4564083193639691_6907940295614233970_n.jpg?stp=dst-jpg_s200x200_tt6&_nc_cat=111&ccb=1-7&_nc_sid=f907e8&_nc_ohc=SM1wRlP3lJwQ7kNvwEPuBYA&_nc_oc=AdnqrjDN_BNjSSHWO-GbkIWH6fkGMLw4bqvL_NH6e2wMveX7G-rP2dAqsDSq1mJMOaY&_nc_zt=24&_nc_ht=scontent-gig4-1.xx&_nc_gid=AoBFJeGrT1hVaew_6rchkQ&oh=00_AfX7QmFGhQhG2jAllVgXCiM1ZrWgvtp80-Bfppyexh1QEg&oe=689E923C"},"aioseo_meta_data":{"post_id":"52877","title":null,"description":null,"keywords":null,"keyphrases":null,"primary_term":null,"canonical_url":null,"og_title":null,"og_description":null,"og_object_type":"default","og_image_type":"default","og_image_url":null,"og_image_width":null,"og_image_height":null,"og_image_custom_url":null,"og_image_custom_fields":null,"og_video":null,"og_custom_url":null,"og_article_section":null,"og_article_tags":null,"twitter_use_og":false,"twitter_card":"default","twitter_image_type":"default","twitter_image_url":null,"twitter_image_custom_url":null,"twitter_image_custom_fields":null,"twitter_title":null,"twitter_description":null,"schema":{"blockGraphs":[],"customGraphs":[],"default":{"data":{"Article":[],"Course":[],"Dataset":[],"FAQPage":[],"Movie":[],"Person":[],"Product":[],"ProductReview":[],"Car":[],"Recipe":[],"Service":[],"SoftwareApplication":[],"WebPage":[]},"graphName":"","isEnabled":true},"graphs":[]},"schema_type":"default","schema_type_options":null,"pillar_content":false,"robots_default":true,"robots_noindex":false,"robots_noarchive":false,"robots_nosnippet":false,"robots_nofollow":false,"robots_noimageindex":false,"robots_noodp":false,"robots_notranslate":false,"robots_max_snippet":null,"robots_max_videopreview":null,"robots_max_imagepreview":"large","priority":null,"frequency":null,"local_seo":null,"breadcrumb_settings":null,"limit_modified_date":false,"ai":null,"created":"2025-08-16 20:37:32","updated":"2025-08-16 20:37:32","focus_keyword":null,"additional_keywords":null,"truseo_locale":null,"seo_analyzer_scan_date":null},"aioseo_breadcrumb":"<div class=\"aioseo-breadcrumbs\"><span class=\"aioseo-breadcrumb\">\n\t\t\t<a href=\"https:\/\/anoticiaonline.com.br\/site\" title=\"Home\">Home<\/a>\n\t\t<\/span><span class=\"aioseo-breadcrumb-separator\">&raquo;<\/span><span class=\"aioseo-breadcrumb\">\n\t\t\t<a href=\"https:\/\/anoticiaonline.com.br\/site\/categoria\/colunistas\/\" title=\"Colunistas\">Colunistas<\/a>\n\t\t<\/span><span class=\"aioseo-breadcrumb-separator\">&raquo;<\/span><span class=\"aioseo-breadcrumb\">\n\t\t\t<a href=\"https:\/\/anoticiaonline.com.br\/site\/categoria\/colunistas\/sociarte\/\" title=\"Sociarte\">Sociarte<\/a>\n\t\t<\/span><span class=\"aioseo-breadcrumb-separator\">&raquo;<\/span><span class=\"aioseo-breadcrumb\">\n\t\t\tSociarte 30.03.18\n\t\t<\/span><\/div>","aioseo_breadcrumb_json":[{"label":"Home","link":"https:\/\/anoticiaonline.com.br\/site"},{"label":"Colunistas","link":"https:\/\/anoticiaonline.com.br\/site\/categoria\/colunistas\/"},{"label":"Sociarte","link":"https:\/\/anoticiaonline.com.br\/site\/categoria\/colunistas\/sociarte\/"},{"label":"Sociarte 30.03.18","link":"https:\/\/anoticiaonline.com.br\/site\/sociarte-30-03-18\/"}],"views":136,"_links":{"self":[{"href":"https:\/\/anoticiaonline.com.br\/site\/wp-json\/wp\/v2\/posts\/52877","targetHints":{"allow":["GET"]}}],"collection":[{"href":"https:\/\/anoticiaonline.com.br\/site\/wp-json\/wp\/v2\/posts"}],"about":[{"href":"https:\/\/anoticiaonline.com.br\/site\/wp-json\/wp\/v2\/types\/post"}],"author":[{"embeddable":true,"href":"https:\/\/anoticiaonline.com.br\/site\/wp-json\/wp\/v2\/users\/2"}],"replies":[{"embeddable":true,"href":"https:\/\/anoticiaonline.com.br\/site\/wp-json\/wp\/v2\/comments?post=52877"}],"version-history":[{"count":0,"href":"https:\/\/anoticiaonline.com.br\/site\/wp-json\/wp\/v2\/posts\/52877\/revisions"}],"wp:attachment":[{"href":"https:\/\/anoticiaonline.com.br\/site\/wp-json\/wp\/v2\/media?parent=52877"}],"wp:term":[{"taxonomy":"category","embeddable":true,"href":"https:\/\/anoticiaonline.com.br\/site\/wp-json\/wp\/v2\/categories?post=52877"},{"taxonomy":"post_tag","embeddable":true,"href":"https:\/\/anoticiaonline.com.br\/site\/wp-json\/wp\/v2\/tags?post=52877"}],"curies":[{"name":"wp","href":"https:\/\/api.w.org\/{rel}","templated":true}]}}