{"id":52856,"date":"2018-03-29T19:00:37","date_gmt":"2018-03-29T22:00:37","guid":{"rendered":"http:\/\/anoticiaonline.com.br\/site\/?p=52856"},"modified":"2018-03-29T19:00:59","modified_gmt":"2018-03-29T22:00:59","slug":"52856-2","status":"publish","type":"post","link":"https:\/\/anoticiaonline.com.br\/site\/52856-2\/","title":{"rendered":"Conforto e estilo: Mistura Kids \u00e9 inaugurada no Dornelas"},"content":{"rendered":"<p><em><a href=\"https:\/\/anoticiaonline.com.br\/site\/wp-content\/uploads\/2018\/03\/DSC_0756.jpg\"><img fetchpriority=\"high\" decoding=\"async\" class=\"aligncenter size-full wp-image-52857\" src=\"https:\/\/anoticiaonline.com.br\/site\/wp-content\/uploads\/2018\/03\/DSC_0756.jpg\" alt=\"\" width=\"493\" height=\"533\" srcset=\"https:\/\/anoticiaonline.com.br\/site\/wp-content\/uploads\/2018\/03\/DSC_0756.jpg 493w, https:\/\/anoticiaonline.com.br\/site\/wp-content\/uploads\/2018\/03\/DSC_0756-277x300.jpg 277w\" sizes=\"(max-width: 493px) 100vw, 493px\" \/><\/a><a href=\"https:\/\/anoticiaonline.com.br\/site\/wp-content\/uploads\/2018\/03\/DSC_0825.jpg\"><img decoding=\"async\" class=\"aligncenter size-full wp-image-52869\" src=\"https:\/\/anoticiaonline.com.br\/site\/wp-content\/uploads\/2018\/03\/DSC_0825.jpg\" alt=\"\" width=\"640\" height=\"426\" srcset=\"https:\/\/anoticiaonline.com.br\/site\/wp-content\/uploads\/2018\/03\/DSC_0825.jpg 640w, https:\/\/anoticiaonline.com.br\/site\/wp-content\/uploads\/2018\/03\/DSC_0825-300x200.jpg 300w\" sizes=\"(max-width: 640px) 100vw, 640px\" \/><\/a><a href=\"https:\/\/anoticiaonline.com.br\/site\/wp-content\/uploads\/2018\/03\/DSC_0812.jpg\"><img decoding=\"async\" class=\"aligncenter size-full wp-image-52866\" src=\"https:\/\/anoticiaonline.com.br\/site\/wp-content\/uploads\/2018\/03\/DSC_0812.jpg\" alt=\"\" width=\"640\" height=\"426\" srcset=\"https:\/\/anoticiaonline.com.br\/site\/wp-content\/uploads\/2018\/03\/DSC_0812.jpg 640w, https:\/\/anoticiaonline.com.br\/site\/wp-content\/uploads\/2018\/03\/DSC_0812-300x200.jpg 300w\" sizes=\"(max-width: 640px) 100vw, 640px\" \/><\/a><a href=\"https:\/\/anoticiaonline.com.br\/site\/wp-content\/uploads\/2018\/03\/DSC_0854.jpg\"><img loading=\"lazy\" decoding=\"async\" class=\"aligncenter size-full wp-image-52872\" src=\"https:\/\/anoticiaonline.com.br\/site\/wp-content\/uploads\/2018\/03\/DSC_0854.jpg\" alt=\"\" width=\"640\" height=\"426\" srcset=\"https:\/\/anoticiaonline.com.br\/site\/wp-content\/uploads\/2018\/03\/DSC_0854.jpg 640w, https:\/\/anoticiaonline.com.br\/site\/wp-content\/uploads\/2018\/03\/DSC_0854-300x200.jpg 300w\" sizes=\"(max-width: 640px) 100vw, 640px\" \/><\/a><\/em><\/p>\n<p><em>Conforto e estilo: Mistura Kids \u00e9 inaugurada no Dornelas<\/em><\/p>\n<p>Muria\u00e9 agora possui um novo endere\u00e7o para deixar crian\u00e7as e adolescentes ainda mais bonitos e na moda. A loja Mistura Kids, localizada no Dornelas, foi inaugurada na manh\u00e3 de s\u00e1bado (24), com a presen\u00e7a de clientes e amigos. A loja \u00e9 de propriedade do casal Juliana Zanco de Almeida e Alisson de Almeida Celestino.<\/p>\n<p>De acordo com a empres\u00e1ria, tamb\u00e9m propriet\u00e1ria da loja Mistura Fina junto com sua irm\u00e3 Oliviane Zanco de Almeida Campos, o novo empreendimento oferece as melhores marcas de roupas infantis do mercado: Hering Kids, Puc, Mineral e muitas outras que v\u00e3o dos looks mais confort\u00e1veis aos de festa, do rec\u00e9m-nascidos at\u00e9 o jovem de 18 anos.<\/p>\n<p>\u201cA loja Mistura Fina j\u00e1 \u00e9 conhecida pelos clientes da regi\u00e3o, pois est\u00e1 h\u00e1 quase 10 anos no mercado oferecendo roupas para o p\u00fablico adulto, mas devido \u00e0 procura, resolvi atender o p\u00fablico infantil, com a Mistura Kids. Na nova loja, teremos a \u00faltima tend\u00eancia do mercado que s\u00e3o os trajes tal m\u00e3e, tal filha e tal pai, tal filho. Todas as roupas agradam os mais diversos estilos, possuem qualidade e pre\u00e7o acess\u00edvel. Al\u00e9m disso, oferecemos tamb\u00e9m diversos acess\u00f3rios como arcos e la\u00e7os para cabelos. Aproveito a oportunidade para agradecer aos clientes da Mistura Fina, que tanto me apoiaram neste novo empreendimento, \u00e0s minhas colaboradoras, aos meus familiares, a todos os que vieram participar da nossa inaugura\u00e7\u00e3o e ao meu esposo e s\u00f3cio, Alisson de Almeida Celestino\u201d, conta.<\/p>\n<p>A loja Mistura Kids aceita cart\u00f5es de cr\u00e9dito de v\u00e1rias bandeiras e est\u00e1 situada na Rua Paschoal Demarques, n\u00ba 125 \u2013 Dornelas. Telefone para contato: 3722-6558<\/p>\n<p><em> <a href=\"https:\/\/anoticiaonline.com.br\/site\/wp-content\/uploads\/2018\/03\/DSC_0758.jpg\"><img loading=\"lazy\" decoding=\"async\" class=\"aligncenter size-full wp-image-52858\" src=\"https:\/\/anoticiaonline.com.br\/site\/wp-content\/uploads\/2018\/03\/DSC_0758.jpg\" alt=\"\" width=\"640\" height=\"426\" srcset=\"https:\/\/anoticiaonline.com.br\/site\/wp-content\/uploads\/2018\/03\/DSC_0758.jpg 640w, https:\/\/anoticiaonline.com.br\/site\/wp-content\/uploads\/2018\/03\/DSC_0758-300x200.jpg 300w\" sizes=\"(max-width: 640px) 100vw, 640px\" \/><\/a> <a href=\"https:\/\/anoticiaonline.com.br\/site\/wp-content\/uploads\/2018\/03\/DSC_0762.jpg\"><img loading=\"lazy\" decoding=\"async\" class=\"aligncenter size-full wp-image-52859\" src=\"https:\/\/anoticiaonline.com.br\/site\/wp-content\/uploads\/2018\/03\/DSC_0762.jpg\" alt=\"\" width=\"427\" height=\"640\" srcset=\"https:\/\/anoticiaonline.com.br\/site\/wp-content\/uploads\/2018\/03\/DSC_0762.jpg 427w, https:\/\/anoticiaonline.com.br\/site\/wp-content\/uploads\/2018\/03\/DSC_0762-200x300.jpg 200w\" sizes=\"(max-width: 427px) 100vw, 427px\" \/><\/a> <a href=\"https:\/\/anoticiaonline.com.br\/site\/wp-content\/uploads\/2018\/03\/DSC_0764.jpg\"><img loading=\"lazy\" decoding=\"async\" class=\"aligncenter size-full wp-image-52860\" src=\"https:\/\/anoticiaonline.com.br\/site\/wp-content\/uploads\/2018\/03\/DSC_0764.jpg\" alt=\"\" width=\"640\" height=\"426\" srcset=\"https:\/\/anoticiaonline.com.br\/site\/wp-content\/uploads\/2018\/03\/DSC_0764.jpg 640w, https:\/\/anoticiaonline.com.br\/site\/wp-content\/uploads\/2018\/03\/DSC_0764-300x200.jpg 300w\" sizes=\"(max-width: 640px) 100vw, 640px\" \/><\/a> <a href=\"https:\/\/anoticiaonline.com.br\/site\/wp-content\/uploads\/2018\/03\/DSC_0769.jpg\"><img loading=\"lazy\" decoding=\"async\" class=\"aligncenter size-full wp-image-52861\" src=\"https:\/\/anoticiaonline.com.br\/site\/wp-content\/uploads\/2018\/03\/DSC_0769.jpg\" alt=\"\" width=\"427\" height=\"640\" srcset=\"https:\/\/anoticiaonline.com.br\/site\/wp-content\/uploads\/2018\/03\/DSC_0769.jpg 427w, https:\/\/anoticiaonline.com.br\/site\/wp-content\/uploads\/2018\/03\/DSC_0769-200x300.jpg 200w\" sizes=\"(max-width: 427px) 100vw, 427px\" \/><\/a> <a href=\"https:\/\/anoticiaonline.com.br\/site\/wp-content\/uploads\/2018\/03\/DSC_0780.jpg\"><img loading=\"lazy\" decoding=\"async\" class=\"aligncenter size-full wp-image-52862\" src=\"https:\/\/anoticiaonline.com.br\/site\/wp-content\/uploads\/2018\/03\/DSC_0780.jpg\" alt=\"\" width=\"640\" height=\"426\" srcset=\"https:\/\/anoticiaonline.com.br\/site\/wp-content\/uploads\/2018\/03\/DSC_0780.jpg 640w, https:\/\/anoticiaonline.com.br\/site\/wp-content\/uploads\/2018\/03\/DSC_0780-300x200.jpg 300w\" sizes=\"(max-width: 640px) 100vw, 640px\" \/><\/a> <a href=\"https:\/\/anoticiaonline.com.br\/site\/wp-content\/uploads\/2018\/03\/DSC_0791.jpg\"><img loading=\"lazy\" decoding=\"async\" class=\"aligncenter size-full wp-image-52863\" src=\"https:\/\/anoticiaonline.com.br\/site\/wp-content\/uploads\/2018\/03\/DSC_0791.jpg\" alt=\"\" width=\"427\" height=\"640\" srcset=\"https:\/\/anoticiaonline.com.br\/site\/wp-content\/uploads\/2018\/03\/DSC_0791.jpg 427w, https:\/\/anoticiaonline.com.br\/site\/wp-content\/uploads\/2018\/03\/DSC_0791-200x300.jpg 200w\" sizes=\"(max-width: 427px) 100vw, 427px\" \/><\/a> <a href=\"https:\/\/anoticiaonline.com.br\/site\/wp-content\/uploads\/2018\/03\/DSC_0796.jpg\"><img loading=\"lazy\" decoding=\"async\" class=\"aligncenter size-full wp-image-52864\" src=\"https:\/\/anoticiaonline.com.br\/site\/wp-content\/uploads\/2018\/03\/DSC_0796.jpg\" alt=\"\" width=\"427\" height=\"640\" srcset=\"https:\/\/anoticiaonline.com.br\/site\/wp-content\/uploads\/2018\/03\/DSC_0796.jpg 427w, https:\/\/anoticiaonline.com.br\/site\/wp-content\/uploads\/2018\/03\/DSC_0796-200x300.jpg 200w\" sizes=\"(max-width: 427px) 100vw, 427px\" \/><\/a> <a href=\"https:\/\/anoticiaonline.com.br\/site\/wp-content\/uploads\/2018\/03\/DSC_0806.jpg\"><img loading=\"lazy\" decoding=\"async\" class=\"aligncenter size-full wp-image-52865\" src=\"https:\/\/anoticiaonline.com.br\/site\/wp-content\/uploads\/2018\/03\/DSC_0806.jpg\" alt=\"\" width=\"427\" height=\"640\" srcset=\"https:\/\/anoticiaonline.com.br\/site\/wp-content\/uploads\/2018\/03\/DSC_0806.jpg 427w, https:\/\/anoticiaonline.com.br\/site\/wp-content\/uploads\/2018\/03\/DSC_0806-200x300.jpg 200w\" sizes=\"(max-width: 427px) 100vw, 427px\" \/><\/a><a href=\"https:\/\/anoticiaonline.com.br\/site\/wp-content\/uploads\/2018\/03\/DSC_0818.jpg\"><img loading=\"lazy\" decoding=\"async\" class=\"aligncenter size-full wp-image-52867\" src=\"https:\/\/anoticiaonline.com.br\/site\/wp-content\/uploads\/2018\/03\/DSC_0818.jpg\" alt=\"\" width=\"427\" height=\"640\" srcset=\"https:\/\/anoticiaonline.com.br\/site\/wp-content\/uploads\/2018\/03\/DSC_0818.jpg 427w, https:\/\/anoticiaonline.com.br\/site\/wp-content\/uploads\/2018\/03\/DSC_0818-200x300.jpg 200w\" sizes=\"(max-width: 427px) 100vw, 427px\" \/><\/a> <a href=\"https:\/\/anoticiaonline.com.br\/site\/wp-content\/uploads\/2018\/03\/DSC_0820.jpg\"><img loading=\"lazy\" decoding=\"async\" class=\"aligncenter size-full wp-image-52868\" src=\"https:\/\/anoticiaonline.com.br\/site\/wp-content\/uploads\/2018\/03\/DSC_0820.jpg\" alt=\"\" width=\"427\" height=\"640\" srcset=\"https:\/\/anoticiaonline.com.br\/site\/wp-content\/uploads\/2018\/03\/DSC_0820.jpg 427w, https:\/\/anoticiaonline.com.br\/site\/wp-content\/uploads\/2018\/03\/DSC_0820-200x300.jpg 200w\" sizes=\"(max-width: 427px) 100vw, 427px\" \/><\/a><a href=\"https:\/\/anoticiaonline.com.br\/site\/wp-content\/uploads\/2018\/03\/DSC_0830.jpg\"><img loading=\"lazy\" decoding=\"async\" class=\"aligncenter size-full wp-image-52870\" src=\"https:\/\/anoticiaonline.com.br\/site\/wp-content\/uploads\/2018\/03\/DSC_0830.jpg\" alt=\"\" width=\"640\" height=\"426\" srcset=\"https:\/\/anoticiaonline.com.br\/site\/wp-content\/uploads\/2018\/03\/DSC_0830.jpg 640w, https:\/\/anoticiaonline.com.br\/site\/wp-content\/uploads\/2018\/03\/DSC_0830-300x200.jpg 300w\" sizes=\"(max-width: 640px) 100vw, 640px\" \/><\/a> <a href=\"https:\/\/anoticiaonline.com.br\/site\/wp-content\/uploads\/2018\/03\/DSC_0841.jpg\"><img loading=\"lazy\" decoding=\"async\" class=\"aligncenter size-full wp-image-52871\" src=\"https:\/\/anoticiaonline.com.br\/site\/wp-content\/uploads\/2018\/03\/DSC_0841.jpg\" alt=\"\" width=\"640\" height=\"426\" srcset=\"https:\/\/anoticiaonline.com.br\/site\/wp-content\/uploads\/2018\/03\/DSC_0841.jpg 640w, https:\/\/anoticiaonline.com.br\/site\/wp-content\/uploads\/2018\/03\/DSC_0841-300x200.jpg 300w\" sizes=\"(max-width: 640px) 100vw, 640px\" \/><\/a><a href=\"https:\/\/anoticiaonline.com.br\/site\/wp-content\/uploads\/2018\/03\/DSC_0862.jpg\"><img loading=\"lazy\" decoding=\"async\" class=\"aligncenter size-full wp-image-52873\" src=\"https:\/\/anoticiaonline.com.br\/site\/wp-content\/uploads\/2018\/03\/DSC_0862.jpg\" alt=\"\" width=\"427\" height=\"640\" srcset=\"https:\/\/anoticiaonline.com.br\/site\/wp-content\/uploads\/2018\/03\/DSC_0862.jpg 427w, https:\/\/anoticiaonline.com.br\/site\/wp-content\/uploads\/2018\/03\/DSC_0862-200x300.jpg 200w\" sizes=\"(max-width: 427px) 100vw, 427px\" \/><\/a><\/em><\/p>\n<p>&nbsp;<\/p>\n<p>&nbsp;<\/p>\n<p>&nbsp;<\/p>\n","protected":false},"excerpt":{"rendered":"<p>Conforto e estilo: Mistura Kids \u00e9 inaugurada no Dornelas Muria\u00e9 agora possui um novo endere\u00e7o para deixar crian\u00e7as e adolescentes ainda mais bonitos e na moda. A loja Mistura Kids, localizada no Dornelas, foi inaugurada na manh\u00e3 de s\u00e1bado (24), com a presen\u00e7a de clientes e amigos. A loja \u00e9 de propriedade do casal Juliana &#8230; <a title=\"Conforto e estilo: Mistura Kids \u00e9 inaugurada no Dornelas\" class=\"read-more\" href=\"https:\/\/anoticiaonline.com.br\/site\/52856-2\/\" aria-label=\"Read more about Conforto e estilo: Mistura Kids \u00e9 inaugurada no Dornelas\">Ler mais<\/a><\/p>\n","protected":false},"author":2,"featured_media":52869,"comment_status":"open","ping_status":"open","sticky":false,"template":"","format":"standard","meta":{"_acf_changed":false,"_monsterinsights_skip_tracking":false,"footnotes":""},"categories":[24],"tags":[339,2329,20,2331,2332,2328,2330,1718],"class_list":["post-52856","post","type-post","status-publish","format-standard","has-post-thumbnail","hentry","category-eventos","tag-dornelas","tag-hering-kids","tag-inauguracao","tag-mineral","tag-mistura-fina","tag-mistura-kids","tag-puc","tag-reinauguracao"],"acf":[],"aioseo_notices":[],"aioseo_head":"\n\t\t<!-- All in One SEO 5.0.0.1 - aioseo.com -->\n\t<meta name=\"description\" content=\"Conforto e estilo: Mistura Kids \u00e9 inaugurada no Dornelas Muria\u00e9 agora possui um novo endere\u00e7o para deixar crian\u00e7as e adolescentes ainda mais bonitos e na moda. A loja Mistura Kids, localizada no Dornelas, foi inaugurada na manh\u00e3 de s\u00e1bado (24), com a presen\u00e7a de clientes e amigos. A loja \u00e9 de propriedade do casal Juliana\" \/>\n\t<meta name=\"robots\" content=\"max-image-preview:large\" \/>\n\t<meta name=\"author\" content=\"Juliana Laviola\"\/>\n\t<link rel=\"canonical\" href=\"https:\/\/anoticiaonline.com.br\/site\/52856-2\/\" \/>\n\t<meta name=\"generator\" content=\"All in One SEO (AIOSEO) 5.0.0.1\" \/>\n\t\t<meta property=\"og:locale\" content=\"pt_BR\" \/>\n\t\t<meta property=\"og:site_name\" content=\"A Not\u00edcia Online - Noticias de Muria\u00e9 e regi\u00e3o\" \/>\n\t\t<meta property=\"og:type\" content=\"article\" \/>\n\t\t<meta property=\"og:title\" content=\"Conforto e estilo: Mistura Kids \u00e9 inaugurada no Dornelas - A Not\u00edcia Online\" \/>\n\t\t<meta property=\"og:description\" content=\"Conforto e estilo: Mistura Kids \u00e9 inaugurada no Dornelas Muria\u00e9 agora possui um novo endere\u00e7o para deixar crian\u00e7as e adolescentes ainda mais bonitos e na moda. A loja Mistura Kids, localizada no Dornelas, foi inaugurada na manh\u00e3 de s\u00e1bado (24), com a presen\u00e7a de clientes e amigos. A loja \u00e9 de propriedade do casal Juliana\" \/>\n\t\t<meta property=\"og:url\" content=\"https:\/\/anoticiaonline.com.br\/site\/52856-2\/\" \/>\n\t\t<meta property=\"og:image\" content=\"https:\/\/scontent-gig4-1.xx.fbcdn.net\/v\/t39.30808-1\/270437624_4564083193639691_6907940295614233970_n.jpg?stp=dst-jpg_s200x200_tt6&#038;_nc_cat=111&#038;ccb=1-7&#038;_nc_sid=f907e8&#038;_nc_ohc=SM1wRlP3lJwQ7kNvwEPuBYA&#038;_nc_oc=AdnqrjDN_BNjSSHWO-GbkIWH6fkGMLw4bqvL_NH6e2wMveX7G-rP2dAqsDSq1mJMOaY&#038;_nc_zt=24&#038;_nc_ht=scontent-gig4-1.xx&#038;_nc_gid=AoBFJeGrT1hVaew_6rchkQ&#038;oh=00_AfX7QmFGhQhG2jAllVgXCiM1ZrWgvtp80-Bfppyexh1QEg&#038;oe=689E923C\" \/>\n\t\t<meta property=\"og:image:secure_url\" content=\"https:\/\/scontent-gig4-1.xx.fbcdn.net\/v\/t39.30808-1\/270437624_4564083193639691_6907940295614233970_n.jpg?stp=dst-jpg_s200x200_tt6&#038;_nc_cat=111&#038;ccb=1-7&#038;_nc_sid=f907e8&#038;_nc_ohc=SM1wRlP3lJwQ7kNvwEPuBYA&#038;_nc_oc=AdnqrjDN_BNjSSHWO-GbkIWH6fkGMLw4bqvL_NH6e2wMveX7G-rP2dAqsDSq1mJMOaY&#038;_nc_zt=24&#038;_nc_ht=scontent-gig4-1.xx&#038;_nc_gid=AoBFJeGrT1hVaew_6rchkQ&#038;oh=00_AfX7QmFGhQhG2jAllVgXCiM1ZrWgvtp80-Bfppyexh1QEg&#038;oe=689E923C\" \/>\n\t\t<meta property=\"article:published_time\" content=\"2018-03-29T22:00:37+00:00\" \/>\n\t\t<meta property=\"article:modified_time\" content=\"2018-03-29T22:00:59+00:00\" \/>\n\t\t<meta name=\"twitter:card\" content=\"summary_large_image\" \/>\n\t\t<meta name=\"twitter:title\" content=\"Conforto e estilo: Mistura Kids \u00e9 inaugurada no Dornelas - A Not\u00edcia Online\" \/>\n\t\t<meta name=\"twitter:description\" content=\"Conforto e estilo: Mistura Kids \u00e9 inaugurada no Dornelas Muria\u00e9 agora possui um novo endere\u00e7o para deixar crian\u00e7as e adolescentes ainda mais bonitos e na moda. A loja Mistura Kids, localizada no Dornelas, foi inaugurada na manh\u00e3 de s\u00e1bado (24), com a presen\u00e7a de clientes e amigos. A loja \u00e9 de propriedade do casal Juliana\" \/>\n\t\t<meta name=\"twitter:image\" content=\"https:\/\/scontent-gig4-1.xx.fbcdn.net\/v\/t39.30808-1\/270437624_4564083193639691_6907940295614233970_n.jpg?stp=dst-jpg_s200x200_tt6&amp;_nc_cat=111&amp;ccb=1-7&amp;_nc_sid=f907e8&amp;_nc_ohc=SM1wRlP3lJwQ7kNvwEPuBYA&amp;_nc_oc=AdnqrjDN_BNjSSHWO-GbkIWH6fkGMLw4bqvL_NH6e2wMveX7G-rP2dAqsDSq1mJMOaY&amp;_nc_zt=24&amp;_nc_ht=scontent-gig4-1.xx&amp;_nc_gid=AoBFJeGrT1hVaew_6rchkQ&amp;oh=00_AfX7QmFGhQhG2jAllVgXCiM1ZrWgvtp80-Bfppyexh1QEg&amp;oe=689E923C\" \/>\n\t\t<script type=\"application\/ld+json\" class=\"aioseo-schema\">\n\t\t\t{\"@context\":\"https:\\\/\\\/schema.org\",\"@graph\":[{\"@type\":\"BlogPosting\",\"@id\":\"https:\\\/\\\/anoticiaonline.com.br\\\/site\\\/52856-2\\\/#blogposting\",\"name\":\"Conforto e estilo: Mistura Kids \\u00e9 inaugurada no Dornelas - A Not\\u00edcia Online\",\"headline\":\"Conforto e estilo: Mistura Kids \\u00e9 inaugurada no Dornelas\",\"author\":{\"@id\":\"https:\\\/\\\/anoticiaonline.com.br\\\/site\\\/author\\\/juliana\\\/#author\"},\"publisher\":{\"@id\":\"https:\\\/\\\/anoticiaonline.com.br\\\/site\\\/#organization\"},\"image\":{\"@type\":\"ImageObject\",\"url\":\"https:\\\/\\\/anoticiaonline.com.br\\\/site\\\/wp-content\\\/uploads\\\/2018\\\/03\\\/DSC_0825.jpg\",\"width\":640,\"height\":426},\"datePublished\":\"2018-03-29T19:00:37-03:00\",\"dateModified\":\"2018-03-29T19:00:59-03:00\",\"inLanguage\":\"pt-BR\",\"mainEntityOfPage\":{\"@id\":\"https:\\\/\\\/anoticiaonline.com.br\\\/site\\\/52856-2\\\/#webpage\"},\"isPartOf\":{\"@id\":\"https:\\\/\\\/anoticiaonline.com.br\\\/site\\\/52856-2\\\/#webpage\"},\"articleSection\":\"Eventos, dornelas, Hering Kids, inauguracao, Mineral, Mistura Fina, Mistura Kids, Puc, reinaugura\\u00e7\\u00e3o\"},{\"@type\":\"BreadcrumbList\",\"@id\":\"https:\\\/\\\/anoticiaonline.com.br\\\/site\\\/52856-2\\\/#breadcrumblist\",\"itemListElement\":[{\"@type\":\"ListItem\",\"@id\":\"https:\\\/\\\/anoticiaonline.com.br\\\/site#listItem\",\"position\":1,\"name\":\"Home\",\"item\":\"https:\\\/\\\/anoticiaonline.com.br\\\/site\",\"nextItem\":{\"@type\":\"ListItem\",\"@id\":\"https:\\\/\\\/anoticiaonline.com.br\\\/site\\\/categoria\\\/eventos\\\/#listItem\",\"name\":\"Eventos\"}},{\"@type\":\"ListItem\",\"@id\":\"https:\\\/\\\/anoticiaonline.com.br\\\/site\\\/categoria\\\/eventos\\\/#listItem\",\"position\":2,\"name\":\"Eventos\",\"item\":\"https:\\\/\\\/anoticiaonline.com.br\\\/site\\\/categoria\\\/eventos\\\/\",\"nextItem\":{\"@type\":\"ListItem\",\"@id\":\"https:\\\/\\\/anoticiaonline.com.br\\\/site\\\/52856-2\\\/#listItem\",\"name\":\"Conforto e estilo: Mistura Kids \\u00e9 inaugurada no Dornelas\"},\"previousItem\":{\"@type\":\"ListItem\",\"@id\":\"https:\\\/\\\/anoticiaonline.com.br\\\/site#listItem\",\"name\":\"Home\"}},{\"@type\":\"ListItem\",\"@id\":\"https:\\\/\\\/anoticiaonline.com.br\\\/site\\\/52856-2\\\/#listItem\",\"position\":3,\"name\":\"Conforto e estilo: Mistura Kids \\u00e9 inaugurada no Dornelas\",\"previousItem\":{\"@type\":\"ListItem\",\"@id\":\"https:\\\/\\\/anoticiaonline.com.br\\\/site\\\/categoria\\\/eventos\\\/#listItem\",\"name\":\"Eventos\"}}]},{\"@type\":\"Organization\",\"@id\":\"https:\\\/\\\/anoticiaonline.com.br\\\/site\\\/#organization\",\"name\":\"A Not\\u00edcia Online\",\"description\":\"Noticias de Muria\\u00e9 e regi\\u00e3o\",\"url\":\"https:\\\/\\\/anoticiaonline.com.br\\\/site\\\/\",\"logo\":{\"@type\":\"ImageObject\",\"url\":\"https:\\\/\\\/scontent-gig4-1.xx.fbcdn.net\\\/v\\\/t39.30808-1\\\/270437624_4564083193639691_6907940295614233970_n.jpg?stp=dst-jpg_s200x200_tt6&_nc_cat=111&ccb=1-7&_nc_sid=f907e8&_nc_ohc=SM1wRlP3lJwQ7kNvwEPuBYA&_nc_oc=AdnqrjDN_BNjSSHWO-GbkIWH6fkGMLw4bqvL_NH6e2wMveX7G-rP2dAqsDSq1mJMOaY&_nc_zt=24&_nc_ht=scontent-gig4-1.xx&_nc_gid=AoBFJeGrT1hVaew_6rchkQ&oh=00_AfX7QmFGhQhG2jAllVgXCiM1ZrWgvtp80-Bfppyexh1QEg&oe=689E923C\",\"@id\":\"https:\\\/\\\/anoticiaonline.com.br\\\/site\\\/52856-2\\\/#organizationLogo\"},\"image\":{\"@id\":\"https:\\\/\\\/anoticiaonline.com.br\\\/site\\\/52856-2\\\/#organizationLogo\"}},{\"@type\":\"Person\",\"@id\":\"https:\\\/\\\/anoticiaonline.com.br\\\/site\\\/author\\\/juliana\\\/#author\",\"url\":\"https:\\\/\\\/anoticiaonline.com.br\\\/site\\\/author\\\/juliana\\\/\",\"name\":\"Juliana Laviola\",\"image\":{\"@type\":\"ImageObject\",\"@id\":\"https:\\\/\\\/anoticiaonline.com.br\\\/site\\\/52856-2\\\/#authorImage\",\"url\":\"https:\\\/\\\/secure.gravatar.com\\\/avatar\\\/b8d45f5c699b100dfaf0e543582f38f38bf94cb7ae3a5e9abf8d891a34773335?s=96&d=mm&r=g\",\"width\":96,\"height\":96,\"caption\":\"Juliana Laviola\"}},{\"@type\":\"WebPage\",\"@id\":\"https:\\\/\\\/anoticiaonline.com.br\\\/site\\\/52856-2\\\/#webpage\",\"url\":\"https:\\\/\\\/anoticiaonline.com.br\\\/site\\\/52856-2\\\/\",\"name\":\"Conforto e estilo: Mistura Kids \\u00e9 inaugurada no Dornelas - A Not\\u00edcia Online\",\"description\":\"Conforto e estilo: Mistura Kids \\u00e9 inaugurada no Dornelas Muria\\u00e9 agora possui um novo endere\\u00e7o para deixar crian\\u00e7as e adolescentes ainda mais bonitos e na moda. A loja Mistura Kids, localizada no Dornelas, foi inaugurada na manh\\u00e3 de s\\u00e1bado (24), com a presen\\u00e7a de clientes e amigos. A loja \\u00e9 de propriedade do casal Juliana\",\"inLanguage\":\"pt-BR\",\"isPartOf\":{\"@id\":\"https:\\\/\\\/anoticiaonline.com.br\\\/site\\\/#website\"},\"breadcrumb\":{\"@id\":\"https:\\\/\\\/anoticiaonline.com.br\\\/site\\\/52856-2\\\/#breadcrumblist\"},\"author\":{\"@id\":\"https:\\\/\\\/anoticiaonline.com.br\\\/site\\\/author\\\/juliana\\\/#author\"},\"creator\":{\"@id\":\"https:\\\/\\\/anoticiaonline.com.br\\\/site\\\/author\\\/juliana\\\/#author\"},\"image\":{\"@type\":\"ImageObject\",\"url\":\"https:\\\/\\\/anoticiaonline.com.br\\\/site\\\/wp-content\\\/uploads\\\/2018\\\/03\\\/DSC_0825.jpg\",\"@id\":\"https:\\\/\\\/anoticiaonline.com.br\\\/site\\\/52856-2\\\/#mainImage\",\"width\":640,\"height\":426},\"primaryImageOfPage\":{\"@id\":\"https:\\\/\\\/anoticiaonline.com.br\\\/site\\\/52856-2\\\/#mainImage\"},\"datePublished\":\"2018-03-29T19:00:37-03:00\",\"dateModified\":\"2018-03-29T19:00:59-03:00\"},{\"@type\":\"WebSite\",\"@id\":\"https:\\\/\\\/anoticiaonline.com.br\\\/site\\\/#website\",\"url\":\"https:\\\/\\\/anoticiaonline.com.br\\\/site\\\/\",\"name\":\"A Not\\u00edcia Online\",\"description\":\"Noticias de Muria\\u00e9 e regi\\u00e3o\",\"inLanguage\":\"pt-BR\",\"publisher\":{\"@id\":\"https:\\\/\\\/anoticiaonline.com.br\\\/site\\\/#organization\"}}]}\n\t\t<\/script>\n\t\t<!-- All in One SEO -->\n\n","aioseo_head_json":{"title":"Conforto e estilo: Mistura Kids \u00e9 inaugurada no Dornelas - A Not\u00edcia Online","description":"Conforto e estilo: Mistura Kids \u00e9 inaugurada no Dornelas Muria\u00e9 agora possui um novo endere\u00e7o para deixar crian\u00e7as e adolescentes ainda mais bonitos e na moda. A loja Mistura Kids, localizada no Dornelas, foi inaugurada na manh\u00e3 de s\u00e1bado (24), com a presen\u00e7a de clientes e amigos. A loja \u00e9 de propriedade do casal Juliana","canonical_url":"https:\/\/anoticiaonline.com.br\/site\/52856-2\/","robots":"max-image-preview:large","keywords":"","webmasterTools":{"miscellaneous":""},"schema":{"@context":"https:\/\/schema.org","@graph":[{"@type":"BlogPosting","@id":"https:\/\/anoticiaonline.com.br\/site\/52856-2\/#blogposting","name":"Conforto e estilo: Mistura Kids \u00e9 inaugurada no Dornelas - A Not\u00edcia Online","headline":"Conforto e estilo: Mistura Kids \u00e9 inaugurada no Dornelas","author":{"@id":"https:\/\/anoticiaonline.com.br\/site\/author\/juliana\/#author"},"publisher":{"@id":"https:\/\/anoticiaonline.com.br\/site\/#organization"},"image":{"@type":"ImageObject","url":"https:\/\/anoticiaonline.com.br\/site\/wp-content\/uploads\/2018\/03\/DSC_0825.jpg","width":640,"height":426},"datePublished":"2018-03-29T19:00:37-03:00","dateModified":"2018-03-29T19:00:59-03:00","inLanguage":"pt-BR","mainEntityOfPage":{"@id":"https:\/\/anoticiaonline.com.br\/site\/52856-2\/#webpage"},"isPartOf":{"@id":"https:\/\/anoticiaonline.com.br\/site\/52856-2\/#webpage"},"articleSection":"Eventos, dornelas, Hering Kids, inauguracao, Mineral, Mistura Fina, Mistura Kids, Puc, reinaugura\u00e7\u00e3o"},{"@type":"BreadcrumbList","@id":"https:\/\/anoticiaonline.com.br\/site\/52856-2\/#breadcrumblist","itemListElement":[{"@type":"ListItem","@id":"https:\/\/anoticiaonline.com.br\/site#listItem","position":1,"name":"Home","item":"https:\/\/anoticiaonline.com.br\/site","nextItem":{"@type":"ListItem","@id":"https:\/\/anoticiaonline.com.br\/site\/categoria\/eventos\/#listItem","name":"Eventos"}},{"@type":"ListItem","@id":"https:\/\/anoticiaonline.com.br\/site\/categoria\/eventos\/#listItem","position":2,"name":"Eventos","item":"https:\/\/anoticiaonline.com.br\/site\/categoria\/eventos\/","nextItem":{"@type":"ListItem","@id":"https:\/\/anoticiaonline.com.br\/site\/52856-2\/#listItem","name":"Conforto e estilo: Mistura Kids \u00e9 inaugurada no Dornelas"},"previousItem":{"@type":"ListItem","@id":"https:\/\/anoticiaonline.com.br\/site#listItem","name":"Home"}},{"@type":"ListItem","@id":"https:\/\/anoticiaonline.com.br\/site\/52856-2\/#listItem","position":3,"name":"Conforto e estilo: Mistura Kids \u00e9 inaugurada no Dornelas","previousItem":{"@type":"ListItem","@id":"https:\/\/anoticiaonline.com.br\/site\/categoria\/eventos\/#listItem","name":"Eventos"}}]},{"@type":"Organization","@id":"https:\/\/anoticiaonline.com.br\/site\/#organization","name":"A Not\u00edcia Online","description":"Noticias de Muria\u00e9 e regi\u00e3o","url":"https:\/\/anoticiaonline.com.br\/site\/","logo":{"@type":"ImageObject","url":"https:\/\/scontent-gig4-1.xx.fbcdn.net\/v\/t39.30808-1\/270437624_4564083193639691_6907940295614233970_n.jpg?stp=dst-jpg_s200x200_tt6&_nc_cat=111&ccb=1-7&_nc_sid=f907e8&_nc_ohc=SM1wRlP3lJwQ7kNvwEPuBYA&_nc_oc=AdnqrjDN_BNjSSHWO-GbkIWH6fkGMLw4bqvL_NH6e2wMveX7G-rP2dAqsDSq1mJMOaY&_nc_zt=24&_nc_ht=scontent-gig4-1.xx&_nc_gid=AoBFJeGrT1hVaew_6rchkQ&oh=00_AfX7QmFGhQhG2jAllVgXCiM1ZrWgvtp80-Bfppyexh1QEg&oe=689E923C","@id":"https:\/\/anoticiaonline.com.br\/site\/52856-2\/#organizationLogo"},"image":{"@id":"https:\/\/anoticiaonline.com.br\/site\/52856-2\/#organizationLogo"}},{"@type":"Person","@id":"https:\/\/anoticiaonline.com.br\/site\/author\/juliana\/#author","url":"https:\/\/anoticiaonline.com.br\/site\/author\/juliana\/","name":"Juliana Laviola","image":{"@type":"ImageObject","@id":"https:\/\/anoticiaonline.com.br\/site\/52856-2\/#authorImage","url":"https:\/\/secure.gravatar.com\/avatar\/b8d45f5c699b100dfaf0e543582f38f38bf94cb7ae3a5e9abf8d891a34773335?s=96&d=mm&r=g","width":96,"height":96,"caption":"Juliana Laviola"}},{"@type":"WebPage","@id":"https:\/\/anoticiaonline.com.br\/site\/52856-2\/#webpage","url":"https:\/\/anoticiaonline.com.br\/site\/52856-2\/","name":"Conforto e estilo: Mistura Kids \u00e9 inaugurada no Dornelas - A Not\u00edcia Online","description":"Conforto e estilo: Mistura Kids \u00e9 inaugurada no Dornelas Muria\u00e9 agora possui um novo endere\u00e7o para deixar crian\u00e7as e adolescentes ainda mais bonitos e na moda. A loja Mistura Kids, localizada no Dornelas, foi inaugurada na manh\u00e3 de s\u00e1bado (24), com a presen\u00e7a de clientes e amigos. A loja \u00e9 de propriedade do casal Juliana","inLanguage":"pt-BR","isPartOf":{"@id":"https:\/\/anoticiaonline.com.br\/site\/#website"},"breadcrumb":{"@id":"https:\/\/anoticiaonline.com.br\/site\/52856-2\/#breadcrumblist"},"author":{"@id":"https:\/\/anoticiaonline.com.br\/site\/author\/juliana\/#author"},"creator":{"@id":"https:\/\/anoticiaonline.com.br\/site\/author\/juliana\/#author"},"image":{"@type":"ImageObject","url":"https:\/\/anoticiaonline.com.br\/site\/wp-content\/uploads\/2018\/03\/DSC_0825.jpg","@id":"https:\/\/anoticiaonline.com.br\/site\/52856-2\/#mainImage","width":640,"height":426},"primaryImageOfPage":{"@id":"https:\/\/anoticiaonline.com.br\/site\/52856-2\/#mainImage"},"datePublished":"2018-03-29T19:00:37-03:00","dateModified":"2018-03-29T19:00:59-03:00"},{"@type":"WebSite","@id":"https:\/\/anoticiaonline.com.br\/site\/#website","url":"https:\/\/anoticiaonline.com.br\/site\/","name":"A Not\u00edcia Online","description":"Noticias de Muria\u00e9 e regi\u00e3o","inLanguage":"pt-BR","publisher":{"@id":"https:\/\/anoticiaonline.com.br\/site\/#organization"}}]},"og:locale":"pt_BR","og:site_name":"A Not\u00edcia Online - Noticias de Muria\u00e9 e regi\u00e3o","og:type":"article","og:title":"Conforto e estilo: Mistura Kids \u00e9 inaugurada no Dornelas - A Not\u00edcia Online","og:description":"Conforto e estilo: Mistura Kids \u00e9 inaugurada no Dornelas Muria\u00e9 agora possui um novo endere\u00e7o para deixar crian\u00e7as e adolescentes ainda mais bonitos e na moda. A loja Mistura Kids, localizada no Dornelas, foi inaugurada na manh\u00e3 de s\u00e1bado (24), com a presen\u00e7a de clientes e amigos. A loja \u00e9 de propriedade do casal Juliana","og:url":"https:\/\/anoticiaonline.com.br\/site\/52856-2\/","og:image":"https:\/\/scontent-gig4-1.xx.fbcdn.net\/v\/t39.30808-1\/270437624_4564083193639691_6907940295614233970_n.jpg?stp=dst-jpg_s200x200_tt6&#038;_nc_cat=111&#038;ccb=1-7&#038;_nc_sid=f907e8&#038;_nc_ohc=SM1wRlP3lJwQ7kNvwEPuBYA&#038;_nc_oc=AdnqrjDN_BNjSSHWO-GbkIWH6fkGMLw4bqvL_NH6e2wMveX7G-rP2dAqsDSq1mJMOaY&#038;_nc_zt=24&#038;_nc_ht=scontent-gig4-1.xx&#038;_nc_gid=AoBFJeGrT1hVaew_6rchkQ&#038;oh=00_AfX7QmFGhQhG2jAllVgXCiM1ZrWgvtp80-Bfppyexh1QEg&#038;oe=689E923C","og:image:secure_url":"https:\/\/scontent-gig4-1.xx.fbcdn.net\/v\/t39.30808-1\/270437624_4564083193639691_6907940295614233970_n.jpg?stp=dst-jpg_s200x200_tt6&#038;_nc_cat=111&#038;ccb=1-7&#038;_nc_sid=f907e8&#038;_nc_ohc=SM1wRlP3lJwQ7kNvwEPuBYA&#038;_nc_oc=AdnqrjDN_BNjSSHWO-GbkIWH6fkGMLw4bqvL_NH6e2wMveX7G-rP2dAqsDSq1mJMOaY&#038;_nc_zt=24&#038;_nc_ht=scontent-gig4-1.xx&#038;_nc_gid=AoBFJeGrT1hVaew_6rchkQ&#038;oh=00_AfX7QmFGhQhG2jAllVgXCiM1ZrWgvtp80-Bfppyexh1QEg&#038;oe=689E923C","article:published_time":"2018-03-29T22:00:37+00:00","article:modified_time":"2018-03-29T22:00:59+00:00","twitter:card":"summary_large_image","twitter:title":"Conforto e estilo: Mistura Kids \u00e9 inaugurada no Dornelas - A Not\u00edcia Online","twitter:description":"Conforto e estilo: Mistura Kids \u00e9 inaugurada no Dornelas Muria\u00e9 agora possui um novo endere\u00e7o para deixar crian\u00e7as e adolescentes ainda mais bonitos e na moda. A loja Mistura Kids, localizada no Dornelas, foi inaugurada na manh\u00e3 de s\u00e1bado (24), com a presen\u00e7a de clientes e amigos. A loja \u00e9 de propriedade do casal Juliana","twitter:image":"https:\/\/scontent-gig4-1.xx.fbcdn.net\/v\/t39.30808-1\/270437624_4564083193639691_6907940295614233970_n.jpg?stp=dst-jpg_s200x200_tt6&_nc_cat=111&ccb=1-7&_nc_sid=f907e8&_nc_ohc=SM1wRlP3lJwQ7kNvwEPuBYA&_nc_oc=AdnqrjDN_BNjSSHWO-GbkIWH6fkGMLw4bqvL_NH6e2wMveX7G-rP2dAqsDSq1mJMOaY&_nc_zt=24&_nc_ht=scontent-gig4-1.xx&_nc_gid=AoBFJeGrT1hVaew_6rchkQ&oh=00_AfX7QmFGhQhG2jAllVgXCiM1ZrWgvtp80-Bfppyexh1QEg&oe=689E923C"},"aioseo_meta_data":{"post_id":"52856","title":null,"description":null,"keywords":null,"keyphrases":null,"primary_term":null,"canonical_url":null,"og_title":null,"og_description":null,"og_object_type":"default","og_image_type":"default","og_image_url":null,"og_image_width":null,"og_image_height":null,"og_image_custom_url":null,"og_image_custom_fields":null,"og_video":null,"og_custom_url":null,"og_article_section":null,"og_article_tags":null,"twitter_use_og":false,"twitter_card":"default","twitter_image_type":"default","twitter_image_url":null,"twitter_image_custom_url":null,"twitter_image_custom_fields":null,"twitter_title":null,"twitter_description":null,"schema":{"blockGraphs":[],"customGraphs":[],"default":{"data":{"Article":[],"Course":[],"Dataset":[],"FAQPage":[],"Movie":[],"Person":[],"Product":[],"ProductReview":[],"Car":[],"Recipe":[],"Service":[],"SoftwareApplication":[],"WebPage":[]},"graphName":"","isEnabled":true},"graphs":[]},"schema_type":"default","schema_type_options":null,"pillar_content":false,"robots_default":true,"robots_noindex":false,"robots_noarchive":false,"robots_nosnippet":false,"robots_nofollow":false,"robots_noimageindex":false,"robots_noodp":false,"robots_notranslate":false,"robots_max_snippet":null,"robots_max_videopreview":null,"robots_max_imagepreview":"large","priority":null,"frequency":null,"local_seo":null,"breadcrumb_settings":null,"limit_modified_date":false,"ai":null,"created":"2025-08-16 20:37:32","updated":"2025-08-16 20:37:32","focus_keyword":null,"additional_keywords":null,"truseo_locale":null,"seo_analyzer_scan_date":null},"aioseo_breadcrumb":"<div class=\"aioseo-breadcrumbs\"><span class=\"aioseo-breadcrumb\">\n\t\t\t<a href=\"https:\/\/anoticiaonline.com.br\/site\" title=\"Home\">Home<\/a>\n\t\t<\/span><span class=\"aioseo-breadcrumb-separator\">&raquo;<\/span><span class=\"aioseo-breadcrumb\">\n\t\t\t<a href=\"https:\/\/anoticiaonline.com.br\/site\/categoria\/eventos\/\" title=\"Eventos\">Eventos<\/a>\n\t\t<\/span><span class=\"aioseo-breadcrumb-separator\">&raquo;<\/span><span class=\"aioseo-breadcrumb\">\n\t\t\tConforto e estilo: Mistura Kids \u00e9 inaugurada no Dornelas\n\t\t<\/span><\/div>","aioseo_breadcrumb_json":[{"label":"Home","link":"https:\/\/anoticiaonline.com.br\/site"},{"label":"Eventos","link":"https:\/\/anoticiaonline.com.br\/site\/categoria\/eventos\/"},{"label":"Conforto e estilo: Mistura Kids \u00e9 inaugurada no Dornelas","link":"https:\/\/anoticiaonline.com.br\/site\/52856-2\/"}],"views":203,"_links":{"self":[{"href":"https:\/\/anoticiaonline.com.br\/site\/wp-json\/wp\/v2\/posts\/52856","targetHints":{"allow":["GET"]}}],"collection":[{"href":"https:\/\/anoticiaonline.com.br\/site\/wp-json\/wp\/v2\/posts"}],"about":[{"href":"https:\/\/anoticiaonline.com.br\/site\/wp-json\/wp\/v2\/types\/post"}],"author":[{"embeddable":true,"href":"https:\/\/anoticiaonline.com.br\/site\/wp-json\/wp\/v2\/users\/2"}],"replies":[{"embeddable":true,"href":"https:\/\/anoticiaonline.com.br\/site\/wp-json\/wp\/v2\/comments?post=52856"}],"version-history":[{"count":0,"href":"https:\/\/anoticiaonline.com.br\/site\/wp-json\/wp\/v2\/posts\/52856\/revisions"}],"wp:featuredmedia":[{"embeddable":true,"href":"https:\/\/anoticiaonline.com.br\/site\/wp-json\/wp\/v2\/media\/52869"}],"wp:attachment":[{"href":"https:\/\/anoticiaonline.com.br\/site\/wp-json\/wp\/v2\/media?parent=52856"}],"wp:term":[{"taxonomy":"category","embeddable":true,"href":"https:\/\/anoticiaonline.com.br\/site\/wp-json\/wp\/v2\/categories?post=52856"},{"taxonomy":"post_tag","embeddable":true,"href":"https:\/\/anoticiaonline.com.br\/site\/wp-json\/wp\/v2\/tags?post=52856"}],"curies":[{"name":"wp","href":"https:\/\/api.w.org\/{rel}","templated":true}]}}