{"id":52838,"date":"2018-03-29T18:50:32","date_gmt":"2018-03-29T21:50:32","guid":{"rendered":"http:\/\/anoticiaonline.com.br\/site\/?p=52838"},"modified":"2018-04-10T14:49:18","modified_gmt":"2018-04-10T17:49:18","slug":"nathi-nogueira-modas-reinaugura-em-parceria-com-a-gaby-fashion","status":"publish","type":"post","link":"https:\/\/anoticiaonline.com.br\/site\/nathi-nogueira-modas-reinaugura-em-parceria-com-a-gaby-fashion\/","title":{"rendered":"Nathi Nogueira Modas reinaugura em parceria com Gaby Fashion"},"content":{"rendered":"<p><a href=\"https:\/\/anoticiaonline.com.br\/site\/wp-content\/uploads\/2018\/03\/4c320081-36df-4045-935a-75e61977a717.jpg\"><img fetchpriority=\"high\" decoding=\"async\" class=\"aligncenter size-full wp-image-52839\" src=\"https:\/\/anoticiaonline.com.br\/site\/wp-content\/uploads\/2018\/03\/4c320081-36df-4045-935a-75e61977a717.jpg\" alt=\"\" width=\"480\" height=\"640\" srcset=\"https:\/\/anoticiaonline.com.br\/site\/wp-content\/uploads\/2018\/03\/4c320081-36df-4045-935a-75e61977a717.jpg 480w, https:\/\/anoticiaonline.com.br\/site\/wp-content\/uploads\/2018\/03\/4c320081-36df-4045-935a-75e61977a717-225x300.jpg 225w\" sizes=\"(max-width: 480px) 100vw, 480px\" \/><\/a><a href=\"https:\/\/anoticiaonline.com.br\/site\/wp-content\/uploads\/2018\/03\/DSC_0661.jpg\"><img decoding=\"async\" class=\"aligncenter size-full wp-image-52841\" src=\"https:\/\/anoticiaonline.com.br\/site\/wp-content\/uploads\/2018\/03\/DSC_0661.jpg\" alt=\"\" width=\"427\" height=\"640\" srcset=\"https:\/\/anoticiaonline.com.br\/site\/wp-content\/uploads\/2018\/03\/DSC_0661.jpg 427w, https:\/\/anoticiaonline.com.br\/site\/wp-content\/uploads\/2018\/03\/DSC_0661-200x300.jpg 200w\" sizes=\"(max-width: 427px) 100vw, 427px\" \/><\/a><a href=\"https:\/\/anoticiaonline.com.br\/site\/wp-content\/uploads\/2018\/03\/DSC_0716.jpg\"><img decoding=\"async\" class=\"aligncenter size-full wp-image-52853\" src=\"https:\/\/anoticiaonline.com.br\/site\/wp-content\/uploads\/2018\/03\/DSC_0716.jpg\" alt=\"\" width=\"640\" height=\"427\" srcset=\"https:\/\/anoticiaonline.com.br\/site\/wp-content\/uploads\/2018\/03\/DSC_0716.jpg 640w, https:\/\/anoticiaonline.com.br\/site\/wp-content\/uploads\/2018\/03\/DSC_0716-300x200.jpg 300w\" sizes=\"(max-width: 640px) 100vw, 640px\" \/><\/a><\/p>\n<p>A Nathi Nogueira Modas, localizada na Rua Amador Pinheiro de Barros, n\u00famero 100, no Centro da cidade, realizou uma grande reinaugura\u00e7\u00e3o, na manh\u00e3 de quarta-feira (28), em parceria com a loja Gaby Fashion Moda Infantil, para comemorar seus tr\u00eas anos e apresentar a nova cole\u00e7\u00e3o outono\/inverno 2018, durante um delicioso coquetel feito, especialmente, para as clientes.<\/p>\n<p>De acordo com o propriet\u00e1rio da Gaby Fashion Moda Infantil, Geovani Valdiero, a parceria com a loja Nathi Nogueira \u00e9 resultado de uma grande amizade. \u201cEu e Nath\u00e1lia Nogueira resolvemos unir for\u00e7as e investir, ainda mais, em novidades no setor, como o jeans, por exemplo. S\u00e3o novas tend\u00eancias com pre\u00e7os acess\u00edveis e de boa qualidade tanto para o p\u00fablico adulto feminino em v\u00e1rios tamanhos, incluindo plus size, e para p\u00fablico o infantil. Nossos atendentes realizaram novos treinamentos e est\u00e3o preparados para receber todos da melhor forma poss\u00edvel\u201d, conta.<\/p>\n<p>A empres\u00e1ria, Nath\u00e1lia Nogueira Nazar\u00e9, aproveitou a oportunidade para convidar todas as clientes para conferirem as novidades da nova cole\u00e7\u00e3o outono\/inverno 2018. \u201cEstamos inovando, cada vez mais, no atendimento, no pre\u00e7o e na qualidade dos produtos. S\u00e3o roupas, acess\u00f3rios, bolsas e \u00f3culos com pre\u00e7os imbat\u00edveis. Contamos com a presen\u00e7a de todas para renovarem o guarda-roupa conosco\u201d, conta.<\/p>\n<p><em>Whatsapp para contato: 32 98890-1011<\/em><\/p>\n<p><em>Instagram: @nathinogueiramodas<\/em><\/p>\n<p><em>Facebook: @gabygeovani<\/em><\/p>\n<p><a href=\"https:\/\/anoticiaonline.com.br\/site\/wp-content\/uploads\/2018\/03\/DSC_0665-1.jpg\"><img loading=\"lazy\" decoding=\"async\" class=\"aligncenter size-full wp-image-52842\" src=\"https:\/\/anoticiaonline.com.br\/site\/wp-content\/uploads\/2018\/03\/DSC_0665-1.jpg\" alt=\"\" width=\"640\" height=\"427\" srcset=\"https:\/\/anoticiaonline.com.br\/site\/wp-content\/uploads\/2018\/03\/DSC_0665-1.jpg 640w, https:\/\/anoticiaonline.com.br\/site\/wp-content\/uploads\/2018\/03\/DSC_0665-1-300x200.jpg 300w\" sizes=\"(max-width: 640px) 100vw, 640px\" \/><\/a> <a href=\"https:\/\/anoticiaonline.com.br\/site\/wp-content\/uploads\/2018\/03\/DSC_0669.jpg\"><img loading=\"lazy\" decoding=\"async\" class=\"aligncenter size-full wp-image-52843\" src=\"https:\/\/anoticiaonline.com.br\/site\/wp-content\/uploads\/2018\/03\/DSC_0669.jpg\" alt=\"\" width=\"427\" height=\"640\" srcset=\"https:\/\/anoticiaonline.com.br\/site\/wp-content\/uploads\/2018\/03\/DSC_0669.jpg 427w, https:\/\/anoticiaonline.com.br\/site\/wp-content\/uploads\/2018\/03\/DSC_0669-200x300.jpg 200w\" sizes=\"(max-width: 427px) 100vw, 427px\" \/><\/a> <a href=\"https:\/\/anoticiaonline.com.br\/site\/wp-content\/uploads\/2018\/03\/DSC_0671.jpg\"><img loading=\"lazy\" decoding=\"async\" class=\"aligncenter size-full wp-image-52844\" src=\"https:\/\/anoticiaonline.com.br\/site\/wp-content\/uploads\/2018\/03\/DSC_0671.jpg\" alt=\"\" width=\"640\" height=\"427\" srcset=\"https:\/\/anoticiaonline.com.br\/site\/wp-content\/uploads\/2018\/03\/DSC_0671.jpg 640w, https:\/\/anoticiaonline.com.br\/site\/wp-content\/uploads\/2018\/03\/DSC_0671-300x200.jpg 300w\" sizes=\"(max-width: 640px) 100vw, 640px\" \/><\/a> <a href=\"https:\/\/anoticiaonline.com.br\/site\/wp-content\/uploads\/2018\/03\/DSC_0681.jpg\"><img loading=\"lazy\" decoding=\"async\" class=\"aligncenter size-full wp-image-52845\" src=\"https:\/\/anoticiaonline.com.br\/site\/wp-content\/uploads\/2018\/03\/DSC_0681.jpg\" alt=\"\" width=\"640\" height=\"427\" srcset=\"https:\/\/anoticiaonline.com.br\/site\/wp-content\/uploads\/2018\/03\/DSC_0681.jpg 640w, https:\/\/anoticiaonline.com.br\/site\/wp-content\/uploads\/2018\/03\/DSC_0681-300x200.jpg 300w\" sizes=\"(max-width: 640px) 100vw, 640px\" \/><\/a> <a href=\"https:\/\/anoticiaonline.com.br\/site\/wp-content\/uploads\/2018\/03\/DSC_0682.jpg\"><img loading=\"lazy\" decoding=\"async\" class=\"aligncenter size-full wp-image-52846\" src=\"https:\/\/anoticiaonline.com.br\/site\/wp-content\/uploads\/2018\/03\/DSC_0682.jpg\" alt=\"\" width=\"427\" height=\"640\" srcset=\"https:\/\/anoticiaonline.com.br\/site\/wp-content\/uploads\/2018\/03\/DSC_0682.jpg 427w, https:\/\/anoticiaonline.com.br\/site\/wp-content\/uploads\/2018\/03\/DSC_0682-200x300.jpg 200w\" sizes=\"(max-width: 427px) 100vw, 427px\" \/><\/a> <a href=\"https:\/\/anoticiaonline.com.br\/site\/wp-content\/uploads\/2018\/03\/DSC_0686.jpg\"><img loading=\"lazy\" decoding=\"async\" class=\"aligncenter size-full wp-image-52847\" src=\"https:\/\/anoticiaonline.com.br\/site\/wp-content\/uploads\/2018\/03\/DSC_0686.jpg\" alt=\"\" width=\"640\" height=\"427\" srcset=\"https:\/\/anoticiaonline.com.br\/site\/wp-content\/uploads\/2018\/03\/DSC_0686.jpg 640w, https:\/\/anoticiaonline.com.br\/site\/wp-content\/uploads\/2018\/03\/DSC_0686-300x200.jpg 300w\" sizes=\"(max-width: 640px) 100vw, 640px\" \/><\/a> <a href=\"https:\/\/anoticiaonline.com.br\/site\/wp-content\/uploads\/2018\/03\/DSC_0693.jpg\"><img loading=\"lazy\" decoding=\"async\" class=\"aligncenter size-full wp-image-52848\" src=\"https:\/\/anoticiaonline.com.br\/site\/wp-content\/uploads\/2018\/03\/DSC_0693.jpg\" alt=\"\" width=\"640\" height=\"427\" srcset=\"https:\/\/anoticiaonline.com.br\/site\/wp-content\/uploads\/2018\/03\/DSC_0693.jpg 640w, https:\/\/anoticiaonline.com.br\/site\/wp-content\/uploads\/2018\/03\/DSC_0693-300x200.jpg 300w\" sizes=\"(max-width: 640px) 100vw, 640px\" \/><\/a> <a href=\"https:\/\/anoticiaonline.com.br\/site\/wp-content\/uploads\/2018\/03\/DSC_0696.jpg\"><img loading=\"lazy\" decoding=\"async\" class=\"aligncenter size-full wp-image-52849\" src=\"https:\/\/anoticiaonline.com.br\/site\/wp-content\/uploads\/2018\/03\/DSC_0696.jpg\" alt=\"\" width=\"427\" height=\"640\" srcset=\"https:\/\/anoticiaonline.com.br\/site\/wp-content\/uploads\/2018\/03\/DSC_0696.jpg 427w, https:\/\/anoticiaonline.com.br\/site\/wp-content\/uploads\/2018\/03\/DSC_0696-200x300.jpg 200w\" sizes=\"(max-width: 427px) 100vw, 427px\" \/><\/a> <a href=\"https:\/\/anoticiaonline.com.br\/site\/wp-content\/uploads\/2018\/03\/DSC_0699.jpg\"><img loading=\"lazy\" decoding=\"async\" class=\"aligncenter size-full wp-image-52850\" src=\"https:\/\/anoticiaonline.com.br\/site\/wp-content\/uploads\/2018\/03\/DSC_0699.jpg\" alt=\"\" width=\"640\" height=\"427\" srcset=\"https:\/\/anoticiaonline.com.br\/site\/wp-content\/uploads\/2018\/03\/DSC_0699.jpg 640w, https:\/\/anoticiaonline.com.br\/site\/wp-content\/uploads\/2018\/03\/DSC_0699-300x200.jpg 300w\" sizes=\"(max-width: 640px) 100vw, 640px\" \/><\/a> <a href=\"https:\/\/anoticiaonline.com.br\/site\/wp-content\/uploads\/2018\/03\/DSC_0710.jpg\"><img loading=\"lazy\" decoding=\"async\" class=\"aligncenter size-full wp-image-52851\" src=\"https:\/\/anoticiaonline.com.br\/site\/wp-content\/uploads\/2018\/03\/DSC_0710.jpg\" alt=\"\" width=\"427\" height=\"640\" srcset=\"https:\/\/anoticiaonline.com.br\/site\/wp-content\/uploads\/2018\/03\/DSC_0710.jpg 427w, https:\/\/anoticiaonline.com.br\/site\/wp-content\/uploads\/2018\/03\/DSC_0710-200x300.jpg 200w\" sizes=\"(max-width: 427px) 100vw, 427px\" \/><\/a> <a href=\"https:\/\/anoticiaonline.com.br\/site\/wp-content\/uploads\/2018\/03\/DSC_0713.jpg\"><img loading=\"lazy\" decoding=\"async\" class=\"aligncenter size-full wp-image-52852\" src=\"https:\/\/anoticiaonline.com.br\/site\/wp-content\/uploads\/2018\/03\/DSC_0713.jpg\" alt=\"\" width=\"427\" height=\"640\" srcset=\"https:\/\/anoticiaonline.com.br\/site\/wp-content\/uploads\/2018\/03\/DSC_0713.jpg 427w, https:\/\/anoticiaonline.com.br\/site\/wp-content\/uploads\/2018\/03\/DSC_0713-200x300.jpg 200w\" sizes=\"(max-width: 427px) 100vw, 427px\" \/><\/a><a href=\"https:\/\/anoticiaonline.com.br\/site\/wp-content\/uploads\/2018\/03\/DSC_0655-3.jpg\"><img loading=\"lazy\" decoding=\"async\" class=\"aligncenter size-full wp-image-52840\" src=\"https:\/\/anoticiaonline.com.br\/site\/wp-content\/uploads\/2018\/03\/DSC_0655-3.jpg\" alt=\"\" width=\"640\" height=\"427\" srcset=\"https:\/\/anoticiaonline.com.br\/site\/wp-content\/uploads\/2018\/03\/DSC_0655-3.jpg 640w, https:\/\/anoticiaonline.com.br\/site\/wp-content\/uploads\/2018\/03\/DSC_0655-3-300x200.jpg 300w\" sizes=\"(max-width: 640px) 100vw, 640px\" \/><\/a><\/p>\n","protected":false},"excerpt":{"rendered":"<p>A Nathi Nogueira Modas, localizada na Rua Amador Pinheiro de Barros, n\u00famero 100, no Centro da cidade, realizou uma grande reinaugura\u00e7\u00e3o, na manh\u00e3 de quarta-feira (28), em parceria com a loja Gaby Fashion Moda Infantil, para comemorar seus tr\u00eas anos e apresentar a nova cole\u00e7\u00e3o outono\/inverno 2018, durante um delicioso coquetel feito, especialmente, para as &#8230; <a title=\"Nathi Nogueira Modas reinaugura em parceria com Gaby Fashion\" class=\"read-more\" href=\"https:\/\/anoticiaonline.com.br\/site\/nathi-nogueira-modas-reinaugura-em-parceria-com-a-gaby-fashion\/\" aria-label=\"Read more about Nathi Nogueira Modas reinaugura em parceria com Gaby Fashion\">Ler mais<\/a><\/p>\n","protected":false},"author":2,"featured_media":52853,"comment_status":"open","ping_status":"open","sticky":false,"template":"","format":"standard","meta":{"_acf_changed":false,"_monsterinsights_skip_tracking":false,"footnotes":""},"categories":[1],"tags":[2327,2326,2325,1358],"class_list":["post-52838","post","type-post","status-publish","format-standard","has-post-thumbnail","hentry","category-gerais","tag-gaby-fashion-moda-infantil","tag-geovani-vardiero","tag-nathi-nogueira-modas","tag-rua-amador-pinheiro-de-barros"],"acf":[],"aioseo_notices":[],"aioseo_head":"\n\t\t<!-- All in One SEO 5.0.0.1 - aioseo.com -->\n\t<meta name=\"description\" content=\"A Nathi Nogueira Modas, localizada na Rua Amador Pinheiro de Barros, n\u00famero 100, no Centro da cidade, realizou uma grande reinaugura\u00e7\u00e3o, na manh\u00e3 de quarta-feira (28), em parceria com a loja Gaby Fashion Moda Infantil, para comemorar seus tr\u00eas anos e apresentar a nova cole\u00e7\u00e3o outono\/inverno 2018, durante um delicioso coquetel feito, especialmente, para as\" \/>\n\t<meta name=\"robots\" content=\"max-image-preview:large\" \/>\n\t<meta name=\"author\" content=\"Juliana Laviola\"\/>\n\t<link rel=\"canonical\" href=\"https:\/\/anoticiaonline.com.br\/site\/nathi-nogueira-modas-reinaugura-em-parceria-com-a-gaby-fashion\/\" \/>\n\t<meta name=\"generator\" content=\"All in One SEO (AIOSEO) 5.0.0.1\" \/>\n\t\t<meta property=\"og:locale\" content=\"pt_BR\" \/>\n\t\t<meta property=\"og:site_name\" content=\"A Not\u00edcia Online - Noticias de Muria\u00e9 e regi\u00e3o\" \/>\n\t\t<meta property=\"og:type\" content=\"article\" \/>\n\t\t<meta property=\"og:title\" content=\"Nathi Nogueira Modas reinaugura em parceria com Gaby Fashion - A Not\u00edcia Online\" \/>\n\t\t<meta property=\"og:description\" content=\"A Nathi Nogueira Modas, localizada na Rua Amador Pinheiro de Barros, n\u00famero 100, no Centro da cidade, realizou uma grande reinaugura\u00e7\u00e3o, na manh\u00e3 de quarta-feira (28), em parceria com a loja Gaby Fashion Moda Infantil, para comemorar seus tr\u00eas anos e apresentar a nova cole\u00e7\u00e3o outono\/inverno 2018, durante um delicioso coquetel feito, especialmente, para as\" \/>\n\t\t<meta property=\"og:url\" content=\"https:\/\/anoticiaonline.com.br\/site\/nathi-nogueira-modas-reinaugura-em-parceria-com-a-gaby-fashion\/\" \/>\n\t\t<meta property=\"og:image\" content=\"https:\/\/scontent-gig4-1.xx.fbcdn.net\/v\/t39.30808-1\/270437624_4564083193639691_6907940295614233970_n.jpg?stp=dst-jpg_s200x200_tt6&#038;_nc_cat=111&#038;ccb=1-7&#038;_nc_sid=f907e8&#038;_nc_ohc=SM1wRlP3lJwQ7kNvwEPuBYA&#038;_nc_oc=AdnqrjDN_BNjSSHWO-GbkIWH6fkGMLw4bqvL_NH6e2wMveX7G-rP2dAqsDSq1mJMOaY&#038;_nc_zt=24&#038;_nc_ht=scontent-gig4-1.xx&#038;_nc_gid=AoBFJeGrT1hVaew_6rchkQ&#038;oh=00_AfX7QmFGhQhG2jAllVgXCiM1ZrWgvtp80-Bfppyexh1QEg&#038;oe=689E923C\" \/>\n\t\t<meta property=\"og:image:secure_url\" content=\"https:\/\/scontent-gig4-1.xx.fbcdn.net\/v\/t39.30808-1\/270437624_4564083193639691_6907940295614233970_n.jpg?stp=dst-jpg_s200x200_tt6&#038;_nc_cat=111&#038;ccb=1-7&#038;_nc_sid=f907e8&#038;_nc_ohc=SM1wRlP3lJwQ7kNvwEPuBYA&#038;_nc_oc=AdnqrjDN_BNjSSHWO-GbkIWH6fkGMLw4bqvL_NH6e2wMveX7G-rP2dAqsDSq1mJMOaY&#038;_nc_zt=24&#038;_nc_ht=scontent-gig4-1.xx&#038;_nc_gid=AoBFJeGrT1hVaew_6rchkQ&#038;oh=00_AfX7QmFGhQhG2jAllVgXCiM1ZrWgvtp80-Bfppyexh1QEg&#038;oe=689E923C\" \/>\n\t\t<meta property=\"article:published_time\" content=\"2018-03-29T21:50:32+00:00\" \/>\n\t\t<meta property=\"article:modified_time\" content=\"2018-04-10T17:49:18+00:00\" \/>\n\t\t<meta name=\"twitter:card\" content=\"summary_large_image\" \/>\n\t\t<meta name=\"twitter:title\" content=\"Nathi Nogueira Modas reinaugura em parceria com Gaby Fashion - A Not\u00edcia Online\" \/>\n\t\t<meta name=\"twitter:description\" content=\"A Nathi Nogueira Modas, localizada na Rua Amador Pinheiro de Barros, n\u00famero 100, no Centro da cidade, realizou uma grande reinaugura\u00e7\u00e3o, na manh\u00e3 de quarta-feira (28), em parceria com a loja Gaby Fashion Moda Infantil, para comemorar seus tr\u00eas anos e apresentar a nova cole\u00e7\u00e3o outono\/inverno 2018, durante um delicioso coquetel feito, especialmente, para as\" \/>\n\t\t<meta name=\"twitter:image\" content=\"https:\/\/scontent-gig4-1.xx.fbcdn.net\/v\/t39.30808-1\/270437624_4564083193639691_6907940295614233970_n.jpg?stp=dst-jpg_s200x200_tt6&amp;_nc_cat=111&amp;ccb=1-7&amp;_nc_sid=f907e8&amp;_nc_ohc=SM1wRlP3lJwQ7kNvwEPuBYA&amp;_nc_oc=AdnqrjDN_BNjSSHWO-GbkIWH6fkGMLw4bqvL_NH6e2wMveX7G-rP2dAqsDSq1mJMOaY&amp;_nc_zt=24&amp;_nc_ht=scontent-gig4-1.xx&amp;_nc_gid=AoBFJeGrT1hVaew_6rchkQ&amp;oh=00_AfX7QmFGhQhG2jAllVgXCiM1ZrWgvtp80-Bfppyexh1QEg&amp;oe=689E923C\" \/>\n\t\t<script type=\"application\/ld+json\" class=\"aioseo-schema\">\n\t\t\t{\"@context\":\"https:\\\/\\\/schema.org\",\"@graph\":[{\"@type\":\"BlogPosting\",\"@id\":\"https:\\\/\\\/anoticiaonline.com.br\\\/site\\\/nathi-nogueira-modas-reinaugura-em-parceria-com-a-gaby-fashion\\\/#blogposting\",\"name\":\"Nathi Nogueira Modas reinaugura em parceria com Gaby Fashion - A Not\\u00edcia Online\",\"headline\":\"Nathi Nogueira Modas reinaugura em parceria com Gaby Fashion\",\"author\":{\"@id\":\"https:\\\/\\\/anoticiaonline.com.br\\\/site\\\/author\\\/juliana\\\/#author\"},\"publisher\":{\"@id\":\"https:\\\/\\\/anoticiaonline.com.br\\\/site\\\/#organization\"},\"image\":{\"@type\":\"ImageObject\",\"url\":\"https:\\\/\\\/anoticiaonline.com.br\\\/site\\\/wp-content\\\/uploads\\\/2018\\\/03\\\/DSC_0716.jpg\",\"width\":640,\"height\":427},\"datePublished\":\"2018-03-29T18:50:32-03:00\",\"dateModified\":\"2018-04-10T14:49:18-03:00\",\"inLanguage\":\"pt-BR\",\"mainEntityOfPage\":{\"@id\":\"https:\\\/\\\/anoticiaonline.com.br\\\/site\\\/nathi-nogueira-modas-reinaugura-em-parceria-com-a-gaby-fashion\\\/#webpage\"},\"isPartOf\":{\"@id\":\"https:\\\/\\\/anoticiaonline.com.br\\\/site\\\/nathi-nogueira-modas-reinaugura-em-parceria-com-a-gaby-fashion\\\/#webpage\"},\"articleSection\":\"Gerais, Gaby Fashion Moda Infantil, Geovani Vardiero, Nathi Nogueira Modas, Rua Amador Pinheiro de Barros\"},{\"@type\":\"BreadcrumbList\",\"@id\":\"https:\\\/\\\/anoticiaonline.com.br\\\/site\\\/nathi-nogueira-modas-reinaugura-em-parceria-com-a-gaby-fashion\\\/#breadcrumblist\",\"itemListElement\":[{\"@type\":\"ListItem\",\"@id\":\"https:\\\/\\\/anoticiaonline.com.br\\\/site#listItem\",\"position\":1,\"name\":\"Home\",\"item\":\"https:\\\/\\\/anoticiaonline.com.br\\\/site\",\"nextItem\":{\"@type\":\"ListItem\",\"@id\":\"https:\\\/\\\/anoticiaonline.com.br\\\/site\\\/categoria\\\/gerais\\\/#listItem\",\"name\":\"Gerais\"}},{\"@type\":\"ListItem\",\"@id\":\"https:\\\/\\\/anoticiaonline.com.br\\\/site\\\/categoria\\\/gerais\\\/#listItem\",\"position\":2,\"name\":\"Gerais\",\"item\":\"https:\\\/\\\/anoticiaonline.com.br\\\/site\\\/categoria\\\/gerais\\\/\",\"nextItem\":{\"@type\":\"ListItem\",\"@id\":\"https:\\\/\\\/anoticiaonline.com.br\\\/site\\\/nathi-nogueira-modas-reinaugura-em-parceria-com-a-gaby-fashion\\\/#listItem\",\"name\":\"Nathi Nogueira Modas reinaugura em parceria com Gaby Fashion\"},\"previousItem\":{\"@type\":\"ListItem\",\"@id\":\"https:\\\/\\\/anoticiaonline.com.br\\\/site#listItem\",\"name\":\"Home\"}},{\"@type\":\"ListItem\",\"@id\":\"https:\\\/\\\/anoticiaonline.com.br\\\/site\\\/nathi-nogueira-modas-reinaugura-em-parceria-com-a-gaby-fashion\\\/#listItem\",\"position\":3,\"name\":\"Nathi Nogueira Modas reinaugura em parceria com Gaby Fashion\",\"previousItem\":{\"@type\":\"ListItem\",\"@id\":\"https:\\\/\\\/anoticiaonline.com.br\\\/site\\\/categoria\\\/gerais\\\/#listItem\",\"name\":\"Gerais\"}}]},{\"@type\":\"Organization\",\"@id\":\"https:\\\/\\\/anoticiaonline.com.br\\\/site\\\/#organization\",\"name\":\"A Not\\u00edcia Online\",\"description\":\"Noticias de Muria\\u00e9 e regi\\u00e3o\",\"url\":\"https:\\\/\\\/anoticiaonline.com.br\\\/site\\\/\",\"logo\":{\"@type\":\"ImageObject\",\"url\":\"https:\\\/\\\/scontent-gig4-1.xx.fbcdn.net\\\/v\\\/t39.30808-1\\\/270437624_4564083193639691_6907940295614233970_n.jpg?stp=dst-jpg_s200x200_tt6&_nc_cat=111&ccb=1-7&_nc_sid=f907e8&_nc_ohc=SM1wRlP3lJwQ7kNvwEPuBYA&_nc_oc=AdnqrjDN_BNjSSHWO-GbkIWH6fkGMLw4bqvL_NH6e2wMveX7G-rP2dAqsDSq1mJMOaY&_nc_zt=24&_nc_ht=scontent-gig4-1.xx&_nc_gid=AoBFJeGrT1hVaew_6rchkQ&oh=00_AfX7QmFGhQhG2jAllVgXCiM1ZrWgvtp80-Bfppyexh1QEg&oe=689E923C\",\"@id\":\"https:\\\/\\\/anoticiaonline.com.br\\\/site\\\/nathi-nogueira-modas-reinaugura-em-parceria-com-a-gaby-fashion\\\/#organizationLogo\"},\"image\":{\"@id\":\"https:\\\/\\\/anoticiaonline.com.br\\\/site\\\/nathi-nogueira-modas-reinaugura-em-parceria-com-a-gaby-fashion\\\/#organizationLogo\"}},{\"@type\":\"Person\",\"@id\":\"https:\\\/\\\/anoticiaonline.com.br\\\/site\\\/author\\\/juliana\\\/#author\",\"url\":\"https:\\\/\\\/anoticiaonline.com.br\\\/site\\\/author\\\/juliana\\\/\",\"name\":\"Juliana Laviola\",\"image\":{\"@type\":\"ImageObject\",\"@id\":\"https:\\\/\\\/anoticiaonline.com.br\\\/site\\\/nathi-nogueira-modas-reinaugura-em-parceria-com-a-gaby-fashion\\\/#authorImage\",\"url\":\"https:\\\/\\\/secure.gravatar.com\\\/avatar\\\/b8d45f5c699b100dfaf0e543582f38f38bf94cb7ae3a5e9abf8d891a34773335?s=96&d=mm&r=g\",\"width\":96,\"height\":96,\"caption\":\"Juliana Laviola\"}},{\"@type\":\"WebPage\",\"@id\":\"https:\\\/\\\/anoticiaonline.com.br\\\/site\\\/nathi-nogueira-modas-reinaugura-em-parceria-com-a-gaby-fashion\\\/#webpage\",\"url\":\"https:\\\/\\\/anoticiaonline.com.br\\\/site\\\/nathi-nogueira-modas-reinaugura-em-parceria-com-a-gaby-fashion\\\/\",\"name\":\"Nathi Nogueira Modas reinaugura em parceria com Gaby Fashion - A Not\\u00edcia Online\",\"description\":\"A Nathi Nogueira Modas, localizada na Rua Amador Pinheiro de Barros, n\\u00famero 100, no Centro da cidade, realizou uma grande reinaugura\\u00e7\\u00e3o, na manh\\u00e3 de quarta-feira (28), em parceria com a loja Gaby Fashion Moda Infantil, para comemorar seus tr\\u00eas anos e apresentar a nova cole\\u00e7\\u00e3o outono\\\/inverno 2018, durante um delicioso coquetel feito, especialmente, para as\",\"inLanguage\":\"pt-BR\",\"isPartOf\":{\"@id\":\"https:\\\/\\\/anoticiaonline.com.br\\\/site\\\/#website\"},\"breadcrumb\":{\"@id\":\"https:\\\/\\\/anoticiaonline.com.br\\\/site\\\/nathi-nogueira-modas-reinaugura-em-parceria-com-a-gaby-fashion\\\/#breadcrumblist\"},\"author\":{\"@id\":\"https:\\\/\\\/anoticiaonline.com.br\\\/site\\\/author\\\/juliana\\\/#author\"},\"creator\":{\"@id\":\"https:\\\/\\\/anoticiaonline.com.br\\\/site\\\/author\\\/juliana\\\/#author\"},\"image\":{\"@type\":\"ImageObject\",\"url\":\"https:\\\/\\\/anoticiaonline.com.br\\\/site\\\/wp-content\\\/uploads\\\/2018\\\/03\\\/DSC_0716.jpg\",\"@id\":\"https:\\\/\\\/anoticiaonline.com.br\\\/site\\\/nathi-nogueira-modas-reinaugura-em-parceria-com-a-gaby-fashion\\\/#mainImage\",\"width\":640,\"height\":427},\"primaryImageOfPage\":{\"@id\":\"https:\\\/\\\/anoticiaonline.com.br\\\/site\\\/nathi-nogueira-modas-reinaugura-em-parceria-com-a-gaby-fashion\\\/#mainImage\"},\"datePublished\":\"2018-03-29T18:50:32-03:00\",\"dateModified\":\"2018-04-10T14:49:18-03:00\"},{\"@type\":\"WebSite\",\"@id\":\"https:\\\/\\\/anoticiaonline.com.br\\\/site\\\/#website\",\"url\":\"https:\\\/\\\/anoticiaonline.com.br\\\/site\\\/\",\"name\":\"A Not\\u00edcia Online\",\"description\":\"Noticias de Muria\\u00e9 e regi\\u00e3o\",\"inLanguage\":\"pt-BR\",\"publisher\":{\"@id\":\"https:\\\/\\\/anoticiaonline.com.br\\\/site\\\/#organization\"}}]}\n\t\t<\/script>\n\t\t<!-- All in One SEO -->\n\n","aioseo_head_json":{"title":"Nathi Nogueira Modas reinaugura em parceria com Gaby Fashion - A Not\u00edcia Online","description":"A Nathi Nogueira Modas, localizada na Rua Amador Pinheiro de Barros, n\u00famero 100, no Centro da cidade, realizou uma grande reinaugura\u00e7\u00e3o, na manh\u00e3 de quarta-feira (28), em parceria com a loja Gaby Fashion Moda Infantil, para comemorar seus tr\u00eas anos e apresentar a nova cole\u00e7\u00e3o outono\/inverno 2018, durante um delicioso coquetel feito, especialmente, para as","canonical_url":"https:\/\/anoticiaonline.com.br\/site\/nathi-nogueira-modas-reinaugura-em-parceria-com-a-gaby-fashion\/","robots":"max-image-preview:large","keywords":"","webmasterTools":{"miscellaneous":""},"schema":{"@context":"https:\/\/schema.org","@graph":[{"@type":"BlogPosting","@id":"https:\/\/anoticiaonline.com.br\/site\/nathi-nogueira-modas-reinaugura-em-parceria-com-a-gaby-fashion\/#blogposting","name":"Nathi Nogueira Modas reinaugura em parceria com Gaby Fashion - A Not\u00edcia Online","headline":"Nathi Nogueira Modas reinaugura em parceria com Gaby Fashion","author":{"@id":"https:\/\/anoticiaonline.com.br\/site\/author\/juliana\/#author"},"publisher":{"@id":"https:\/\/anoticiaonline.com.br\/site\/#organization"},"image":{"@type":"ImageObject","url":"https:\/\/anoticiaonline.com.br\/site\/wp-content\/uploads\/2018\/03\/DSC_0716.jpg","width":640,"height":427},"datePublished":"2018-03-29T18:50:32-03:00","dateModified":"2018-04-10T14:49:18-03:00","inLanguage":"pt-BR","mainEntityOfPage":{"@id":"https:\/\/anoticiaonline.com.br\/site\/nathi-nogueira-modas-reinaugura-em-parceria-com-a-gaby-fashion\/#webpage"},"isPartOf":{"@id":"https:\/\/anoticiaonline.com.br\/site\/nathi-nogueira-modas-reinaugura-em-parceria-com-a-gaby-fashion\/#webpage"},"articleSection":"Gerais, Gaby Fashion Moda Infantil, Geovani Vardiero, Nathi Nogueira Modas, Rua Amador Pinheiro de Barros"},{"@type":"BreadcrumbList","@id":"https:\/\/anoticiaonline.com.br\/site\/nathi-nogueira-modas-reinaugura-em-parceria-com-a-gaby-fashion\/#breadcrumblist","itemListElement":[{"@type":"ListItem","@id":"https:\/\/anoticiaonline.com.br\/site#listItem","position":1,"name":"Home","item":"https:\/\/anoticiaonline.com.br\/site","nextItem":{"@type":"ListItem","@id":"https:\/\/anoticiaonline.com.br\/site\/categoria\/gerais\/#listItem","name":"Gerais"}},{"@type":"ListItem","@id":"https:\/\/anoticiaonline.com.br\/site\/categoria\/gerais\/#listItem","position":2,"name":"Gerais","item":"https:\/\/anoticiaonline.com.br\/site\/categoria\/gerais\/","nextItem":{"@type":"ListItem","@id":"https:\/\/anoticiaonline.com.br\/site\/nathi-nogueira-modas-reinaugura-em-parceria-com-a-gaby-fashion\/#listItem","name":"Nathi Nogueira Modas reinaugura em parceria com Gaby Fashion"},"previousItem":{"@type":"ListItem","@id":"https:\/\/anoticiaonline.com.br\/site#listItem","name":"Home"}},{"@type":"ListItem","@id":"https:\/\/anoticiaonline.com.br\/site\/nathi-nogueira-modas-reinaugura-em-parceria-com-a-gaby-fashion\/#listItem","position":3,"name":"Nathi Nogueira Modas reinaugura em parceria com Gaby Fashion","previousItem":{"@type":"ListItem","@id":"https:\/\/anoticiaonline.com.br\/site\/categoria\/gerais\/#listItem","name":"Gerais"}}]},{"@type":"Organization","@id":"https:\/\/anoticiaonline.com.br\/site\/#organization","name":"A Not\u00edcia Online","description":"Noticias de Muria\u00e9 e regi\u00e3o","url":"https:\/\/anoticiaonline.com.br\/site\/","logo":{"@type":"ImageObject","url":"https:\/\/scontent-gig4-1.xx.fbcdn.net\/v\/t39.30808-1\/270437624_4564083193639691_6907940295614233970_n.jpg?stp=dst-jpg_s200x200_tt6&_nc_cat=111&ccb=1-7&_nc_sid=f907e8&_nc_ohc=SM1wRlP3lJwQ7kNvwEPuBYA&_nc_oc=AdnqrjDN_BNjSSHWO-GbkIWH6fkGMLw4bqvL_NH6e2wMveX7G-rP2dAqsDSq1mJMOaY&_nc_zt=24&_nc_ht=scontent-gig4-1.xx&_nc_gid=AoBFJeGrT1hVaew_6rchkQ&oh=00_AfX7QmFGhQhG2jAllVgXCiM1ZrWgvtp80-Bfppyexh1QEg&oe=689E923C","@id":"https:\/\/anoticiaonline.com.br\/site\/nathi-nogueira-modas-reinaugura-em-parceria-com-a-gaby-fashion\/#organizationLogo"},"image":{"@id":"https:\/\/anoticiaonline.com.br\/site\/nathi-nogueira-modas-reinaugura-em-parceria-com-a-gaby-fashion\/#organizationLogo"}},{"@type":"Person","@id":"https:\/\/anoticiaonline.com.br\/site\/author\/juliana\/#author","url":"https:\/\/anoticiaonline.com.br\/site\/author\/juliana\/","name":"Juliana Laviola","image":{"@type":"ImageObject","@id":"https:\/\/anoticiaonline.com.br\/site\/nathi-nogueira-modas-reinaugura-em-parceria-com-a-gaby-fashion\/#authorImage","url":"https:\/\/secure.gravatar.com\/avatar\/b8d45f5c699b100dfaf0e543582f38f38bf94cb7ae3a5e9abf8d891a34773335?s=96&d=mm&r=g","width":96,"height":96,"caption":"Juliana Laviola"}},{"@type":"WebPage","@id":"https:\/\/anoticiaonline.com.br\/site\/nathi-nogueira-modas-reinaugura-em-parceria-com-a-gaby-fashion\/#webpage","url":"https:\/\/anoticiaonline.com.br\/site\/nathi-nogueira-modas-reinaugura-em-parceria-com-a-gaby-fashion\/","name":"Nathi Nogueira Modas reinaugura em parceria com Gaby Fashion - A Not\u00edcia Online","description":"A Nathi Nogueira Modas, localizada na Rua Amador Pinheiro de Barros, n\u00famero 100, no Centro da cidade, realizou uma grande reinaugura\u00e7\u00e3o, na manh\u00e3 de quarta-feira (28), em parceria com a loja Gaby Fashion Moda Infantil, para comemorar seus tr\u00eas anos e apresentar a nova cole\u00e7\u00e3o outono\/inverno 2018, durante um delicioso coquetel feito, especialmente, para as","inLanguage":"pt-BR","isPartOf":{"@id":"https:\/\/anoticiaonline.com.br\/site\/#website"},"breadcrumb":{"@id":"https:\/\/anoticiaonline.com.br\/site\/nathi-nogueira-modas-reinaugura-em-parceria-com-a-gaby-fashion\/#breadcrumblist"},"author":{"@id":"https:\/\/anoticiaonline.com.br\/site\/author\/juliana\/#author"},"creator":{"@id":"https:\/\/anoticiaonline.com.br\/site\/author\/juliana\/#author"},"image":{"@type":"ImageObject","url":"https:\/\/anoticiaonline.com.br\/site\/wp-content\/uploads\/2018\/03\/DSC_0716.jpg","@id":"https:\/\/anoticiaonline.com.br\/site\/nathi-nogueira-modas-reinaugura-em-parceria-com-a-gaby-fashion\/#mainImage","width":640,"height":427},"primaryImageOfPage":{"@id":"https:\/\/anoticiaonline.com.br\/site\/nathi-nogueira-modas-reinaugura-em-parceria-com-a-gaby-fashion\/#mainImage"},"datePublished":"2018-03-29T18:50:32-03:00","dateModified":"2018-04-10T14:49:18-03:00"},{"@type":"WebSite","@id":"https:\/\/anoticiaonline.com.br\/site\/#website","url":"https:\/\/anoticiaonline.com.br\/site\/","name":"A Not\u00edcia Online","description":"Noticias de Muria\u00e9 e regi\u00e3o","inLanguage":"pt-BR","publisher":{"@id":"https:\/\/anoticiaonline.com.br\/site\/#organization"}}]},"og:locale":"pt_BR","og:site_name":"A Not\u00edcia Online - Noticias de Muria\u00e9 e regi\u00e3o","og:type":"article","og:title":"Nathi Nogueira Modas reinaugura em parceria com Gaby Fashion - A Not\u00edcia Online","og:description":"A Nathi Nogueira Modas, localizada na Rua Amador Pinheiro de Barros, n\u00famero 100, no Centro da cidade, realizou uma grande reinaugura\u00e7\u00e3o, na manh\u00e3 de quarta-feira (28), em parceria com a loja Gaby Fashion Moda Infantil, para comemorar seus tr\u00eas anos e apresentar a nova cole\u00e7\u00e3o outono\/inverno 2018, durante um delicioso coquetel feito, especialmente, para as","og:url":"https:\/\/anoticiaonline.com.br\/site\/nathi-nogueira-modas-reinaugura-em-parceria-com-a-gaby-fashion\/","og:image":"https:\/\/scontent-gig4-1.xx.fbcdn.net\/v\/t39.30808-1\/270437624_4564083193639691_6907940295614233970_n.jpg?stp=dst-jpg_s200x200_tt6&#038;_nc_cat=111&#038;ccb=1-7&#038;_nc_sid=f907e8&#038;_nc_ohc=SM1wRlP3lJwQ7kNvwEPuBYA&#038;_nc_oc=AdnqrjDN_BNjSSHWO-GbkIWH6fkGMLw4bqvL_NH6e2wMveX7G-rP2dAqsDSq1mJMOaY&#038;_nc_zt=24&#038;_nc_ht=scontent-gig4-1.xx&#038;_nc_gid=AoBFJeGrT1hVaew_6rchkQ&#038;oh=00_AfX7QmFGhQhG2jAllVgXCiM1ZrWgvtp80-Bfppyexh1QEg&#038;oe=689E923C","og:image:secure_url":"https:\/\/scontent-gig4-1.xx.fbcdn.net\/v\/t39.30808-1\/270437624_4564083193639691_6907940295614233970_n.jpg?stp=dst-jpg_s200x200_tt6&#038;_nc_cat=111&#038;ccb=1-7&#038;_nc_sid=f907e8&#038;_nc_ohc=SM1wRlP3lJwQ7kNvwEPuBYA&#038;_nc_oc=AdnqrjDN_BNjSSHWO-GbkIWH6fkGMLw4bqvL_NH6e2wMveX7G-rP2dAqsDSq1mJMOaY&#038;_nc_zt=24&#038;_nc_ht=scontent-gig4-1.xx&#038;_nc_gid=AoBFJeGrT1hVaew_6rchkQ&#038;oh=00_AfX7QmFGhQhG2jAllVgXCiM1ZrWgvtp80-Bfppyexh1QEg&#038;oe=689E923C","article:published_time":"2018-03-29T21:50:32+00:00","article:modified_time":"2018-04-10T17:49:18+00:00","twitter:card":"summary_large_image","twitter:title":"Nathi Nogueira Modas reinaugura em parceria com Gaby Fashion - A Not\u00edcia Online","twitter:description":"A Nathi Nogueira Modas, localizada na Rua Amador Pinheiro de Barros, n\u00famero 100, no Centro da cidade, realizou uma grande reinaugura\u00e7\u00e3o, na manh\u00e3 de quarta-feira (28), em parceria com a loja Gaby Fashion Moda Infantil, para comemorar seus tr\u00eas anos e apresentar a nova cole\u00e7\u00e3o outono\/inverno 2018, durante um delicioso coquetel feito, especialmente, para as","twitter:image":"https:\/\/scontent-gig4-1.xx.fbcdn.net\/v\/t39.30808-1\/270437624_4564083193639691_6907940295614233970_n.jpg?stp=dst-jpg_s200x200_tt6&_nc_cat=111&ccb=1-7&_nc_sid=f907e8&_nc_ohc=SM1wRlP3lJwQ7kNvwEPuBYA&_nc_oc=AdnqrjDN_BNjSSHWO-GbkIWH6fkGMLw4bqvL_NH6e2wMveX7G-rP2dAqsDSq1mJMOaY&_nc_zt=24&_nc_ht=scontent-gig4-1.xx&_nc_gid=AoBFJeGrT1hVaew_6rchkQ&oh=00_AfX7QmFGhQhG2jAllVgXCiM1ZrWgvtp80-Bfppyexh1QEg&oe=689E923C"},"aioseo_meta_data":{"post_id":"52838","title":null,"description":null,"keywords":null,"keyphrases":null,"primary_term":null,"canonical_url":null,"og_title":null,"og_description":null,"og_object_type":"default","og_image_type":"default","og_image_url":null,"og_image_width":null,"og_image_height":null,"og_image_custom_url":null,"og_image_custom_fields":null,"og_video":null,"og_custom_url":null,"og_article_section":null,"og_article_tags":null,"twitter_use_og":false,"twitter_card":"default","twitter_image_type":"default","twitter_image_url":null,"twitter_image_custom_url":null,"twitter_image_custom_fields":null,"twitter_title":null,"twitter_description":null,"schema":{"blockGraphs":[],"customGraphs":[],"default":{"data":{"Article":[],"Course":[],"Dataset":[],"FAQPage":[],"Movie":[],"Person":[],"Product":[],"ProductReview":[],"Car":[],"Recipe":[],"Service":[],"SoftwareApplication":[],"WebPage":[]},"graphName":"","isEnabled":true},"graphs":[]},"schema_type":"default","schema_type_options":null,"pillar_content":false,"robots_default":true,"robots_noindex":false,"robots_noarchive":false,"robots_nosnippet":false,"robots_nofollow":false,"robots_noimageindex":false,"robots_noodp":false,"robots_notranslate":false,"robots_max_snippet":null,"robots_max_videopreview":null,"robots_max_imagepreview":"large","priority":null,"frequency":null,"local_seo":null,"breadcrumb_settings":null,"limit_modified_date":false,"ai":null,"created":"2025-08-16 20:37:32","updated":"2025-08-16 20:37:32","focus_keyword":null,"additional_keywords":null,"truseo_locale":null,"seo_analyzer_scan_date":null},"aioseo_breadcrumb":"<div class=\"aioseo-breadcrumbs\"><span class=\"aioseo-breadcrumb\">\n\t\t\t<a href=\"https:\/\/anoticiaonline.com.br\/site\" title=\"Home\">Home<\/a>\n\t\t<\/span><span class=\"aioseo-breadcrumb-separator\">&raquo;<\/span><span class=\"aioseo-breadcrumb\">\n\t\t\t<a href=\"https:\/\/anoticiaonline.com.br\/site\/categoria\/gerais\/\" title=\"Gerais\">Gerais<\/a>\n\t\t<\/span><span class=\"aioseo-breadcrumb-separator\">&raquo;<\/span><span class=\"aioseo-breadcrumb\">\n\t\t\tNathi Nogueira Modas reinaugura em parceria com Gaby Fashion\n\t\t<\/span><\/div>","aioseo_breadcrumb_json":[{"label":"Home","link":"https:\/\/anoticiaonline.com.br\/site"},{"label":"Gerais","link":"https:\/\/anoticiaonline.com.br\/site\/categoria\/gerais\/"},{"label":"Nathi Nogueira Modas reinaugura em parceria com Gaby Fashion","link":"https:\/\/anoticiaonline.com.br\/site\/nathi-nogueira-modas-reinaugura-em-parceria-com-a-gaby-fashion\/"}],"views":183,"_links":{"self":[{"href":"https:\/\/anoticiaonline.com.br\/site\/wp-json\/wp\/v2\/posts\/52838","targetHints":{"allow":["GET"]}}],"collection":[{"href":"https:\/\/anoticiaonline.com.br\/site\/wp-json\/wp\/v2\/posts"}],"about":[{"href":"https:\/\/anoticiaonline.com.br\/site\/wp-json\/wp\/v2\/types\/post"}],"author":[{"embeddable":true,"href":"https:\/\/anoticiaonline.com.br\/site\/wp-json\/wp\/v2\/users\/2"}],"replies":[{"embeddable":true,"href":"https:\/\/anoticiaonline.com.br\/site\/wp-json\/wp\/v2\/comments?post=52838"}],"version-history":[{"count":0,"href":"https:\/\/anoticiaonline.com.br\/site\/wp-json\/wp\/v2\/posts\/52838\/revisions"}],"wp:featuredmedia":[{"embeddable":true,"href":"https:\/\/anoticiaonline.com.br\/site\/wp-json\/wp\/v2\/media\/52853"}],"wp:attachment":[{"href":"https:\/\/anoticiaonline.com.br\/site\/wp-json\/wp\/v2\/media?parent=52838"}],"wp:term":[{"taxonomy":"category","embeddable":true,"href":"https:\/\/anoticiaonline.com.br\/site\/wp-json\/wp\/v2\/categories?post=52838"},{"taxonomy":"post_tag","embeddable":true,"href":"https:\/\/anoticiaonline.com.br\/site\/wp-json\/wp\/v2\/tags?post=52838"}],"curies":[{"name":"wp","href":"https:\/\/api.w.org\/{rel}","templated":true}]}}