{"id":5279,"date":"2015-10-28T10:06:44","date_gmt":"2015-10-28T13:06:44","guid":{"rendered":"http:\/\/anoticiaonline.com.br\/site\/?p=5279"},"modified":"2015-10-28T10:06:44","modified_gmt":"2015-10-28T13:06:44","slug":"secretaria-de-educacao-aplica-avaliacao-dignostica-da-rede-municipal","status":"publish","type":"post","link":"https:\/\/anoticiaonline.com.br\/site\/secretaria-de-educacao-aplica-avaliacao-dignostica-da-rede-municipal\/","title":{"rendered":"Secretaria de Educa\u00e7\u00e3o aplica Avalia\u00e7\u00e3o Dign\u00f3stica da rede municipal"},"content":{"rendered":"<p><a href=\"https:\/\/anoticiaonline.com.br\/site\/wp-content\/uploads\/2015\/10\/Secretaria-de-Educa\u00e7\u00e3o-aplica-Avalia\u00e7\u00e3o-Dign\u00f3stica-da-rede-municipal.jpg\"><img fetchpriority=\"high\" decoding=\"async\" class=\" size-medium wp-image-5280 alignleft\" src=\"https:\/\/anoticiaonline.com.br\/site\/wp-content\/uploads\/2015\/10\/Secretaria-de-Educa\u00e7\u00e3o-aplica-Avalia\u00e7\u00e3o-Dign\u00f3stica-da-rede-municipal-300x200.jpg\" alt=\"Secretaria de Educa\u00e7\u00e3o aplica Avalia\u00e7\u00e3o Dign\u00f3stica da rede municipal\" width=\"300\" height=\"200\" srcset=\"https:\/\/anoticiaonline.com.br\/site\/wp-content\/uploads\/2015\/10\/Secretaria-de-Educa\u00e7\u00e3o-aplica-Avalia\u00e7\u00e3o-Dign\u00f3stica-da-rede-municipal-300x200.jpg 300w, https:\/\/anoticiaonline.com.br\/site\/wp-content\/uploads\/2015\/10\/Secretaria-de-Educa\u00e7\u00e3o-aplica-Avalia\u00e7\u00e3o-Dign\u00f3stica-da-rede-municipal-290x192.jpg 290w, https:\/\/anoticiaonline.com.br\/site\/wp-content\/uploads\/2015\/10\/Secretaria-de-Educa\u00e7\u00e3o-aplica-Avalia\u00e7\u00e3o-Dign\u00f3stica-da-rede-municipal.jpg 640w\" sizes=\"(max-width: 300px) 100vw, 300px\" \/><\/a>A Prefeitura de Muria\u00e9, atrav\u00e9s da Secretaria Municipal de Educa\u00e7\u00e3o, realizou nesta quarta-feira (28), a Avalia\u00e7\u00e3o Diagn\u00f3stica do sexto ao nono anos do Ensino Fundamental. A prova foi aplicada em sete escolas da rede municipal de ensino com o objetivo de aferir o desenvolvimento educacional dos alunos e dar suporte ao planejamento peri\u00f3dico de a\u00e7\u00f5es pedag\u00f3gicas a serem desenvolvidas.<\/p>\n<p>A avalia\u00e7\u00e3o consistiu em 40 quest\u00f5es objetivas, divididas entre l\u00edngua portuguesa (10), matem\u00e1tica (10), hist\u00f3ria (5), geografia (5), ci\u00eancias (5) e ingl\u00eas (5) &#8211; todas elaboradas em conformidade com os descritores do Planejamento Unificado da Rede Municipal de Ensino.<\/p>\n<p>&#8220;Trata-se de uma ferramenta muito importante para que possamos ter um panorama real da situa\u00e7\u00e3o de cada turma das nossas escolas, comparando-a com os n\u00fameros gerais da rede municipal como um todo e que nos permitir\u00e1 fazer as melhorias e adequa\u00e7\u00f5es necess\u00e1rias para cada caso&#8221;, explica a secret\u00e1ria municipal de Educa\u00e7\u00e3o, Cristina Navarro.<\/p>\n<p>As sete institui\u00e7\u00f5es que passaram pela avalia\u00e7\u00e3o s\u00e3o as que possuem turmas de sexto, s\u00e9timo, oitavo e nono anos: escolas municipais Gilberto Jos\u00e9 Tanus Braz, Cl\u00e9ria Ticon Carneiro, Esmeralda Vianna, C\u00e2ndido Portinari, S\u00e9rgio L\u00facio Fernandes do Amaral, Elza Rog\u00e9rio e Joaquim Ribeiro de Carvalho (CAIC).<\/p>\n<p>O exame de Avalia\u00e7\u00e3o Diagn\u00f3stica come\u00e7ou a ser aplicado em 2013, no in\u00edcio de cada semestre letivo, para alunos do primeiro ao quinto anos, estendendo-se agora para as s\u00e9ries finais do Ensino Fundamental.<\/p>\n","protected":false},"excerpt":{"rendered":"<p>A Prefeitura de Muria\u00e9, atrav\u00e9s da Secretaria Municipal de Educa\u00e7\u00e3o, realizou nesta quarta-feira (28), a Avalia\u00e7\u00e3o Diagn\u00f3stica do sexto ao nono anos do Ensino Fundamental. A prova foi aplicada em sete escolas da rede municipal de ensino com o objetivo de aferir o desenvolvimento educacional dos alunos e dar suporte ao planejamento peri\u00f3dico de a\u00e7\u00f5es &#8230; <a title=\"Secretaria de Educa\u00e7\u00e3o aplica Avalia\u00e7\u00e3o Dign\u00f3stica da rede municipal\" class=\"read-more\" href=\"https:\/\/anoticiaonline.com.br\/site\/secretaria-de-educacao-aplica-avaliacao-dignostica-da-rede-municipal\/\" aria-label=\"Read more about Secretaria de Educa\u00e7\u00e3o aplica Avalia\u00e7\u00e3o Dign\u00f3stica da rede municipal\">Ler mais<\/a><\/p>\n","protected":false},"author":2,"featured_media":5280,"comment_status":"open","ping_status":"open","sticky":false,"template":"","format":"standard","meta":{"_acf_changed":false,"_monsterinsights_skip_tracking":false,"footnotes":""},"categories":[30],"tags":[3],"class_list":["post-5279","post","type-post","status-publish","format-standard","has-post-thumbnail","hentry","category-muriae","tag-slide"],"acf":[],"aioseo_notices":[],"aioseo_head":"\n\t\t<!-- All in One SEO 5.0.0.1 - aioseo.com -->\n\t<meta name=\"description\" content=\"A Prefeitura de Muria\u00e9, atrav\u00e9s da Secretaria Municipal de Educa\u00e7\u00e3o, realizou nesta quarta-feira (28), a Avalia\u00e7\u00e3o Diagn\u00f3stica do sexto ao nono anos do Ensino Fundamental. A prova foi aplicada em sete escolas da rede municipal de ensino com o objetivo de aferir o desenvolvimento educacional dos alunos e dar suporte ao planejamento peri\u00f3dico de a\u00e7\u00f5es\" \/>\n\t<meta name=\"robots\" content=\"max-image-preview:large\" \/>\n\t<meta name=\"author\" content=\"Juliana Laviola\"\/>\n\t<link rel=\"canonical\" href=\"https:\/\/anoticiaonline.com.br\/site\/secretaria-de-educacao-aplica-avaliacao-dignostica-da-rede-municipal\/\" \/>\n\t<meta name=\"generator\" content=\"All in One SEO (AIOSEO) 5.0.0.1\" \/>\n\t\t<meta property=\"og:locale\" content=\"pt_BR\" \/>\n\t\t<meta property=\"og:site_name\" content=\"A Not\u00edcia Online - Noticias de Muria\u00e9 e regi\u00e3o\" \/>\n\t\t<meta property=\"og:type\" content=\"article\" \/>\n\t\t<meta property=\"og:title\" content=\"Secretaria de Educa\u00e7\u00e3o aplica Avalia\u00e7\u00e3o Dign\u00f3stica da rede municipal - A Not\u00edcia Online\" \/>\n\t\t<meta property=\"og:description\" content=\"A Prefeitura de Muria\u00e9, atrav\u00e9s da Secretaria Municipal de Educa\u00e7\u00e3o, realizou nesta quarta-feira (28), a Avalia\u00e7\u00e3o Diagn\u00f3stica do sexto ao nono anos do Ensino Fundamental. A prova foi aplicada em sete escolas da rede municipal de ensino com o objetivo de aferir o desenvolvimento educacional dos alunos e dar suporte ao planejamento peri\u00f3dico de a\u00e7\u00f5es\" \/>\n\t\t<meta property=\"og:url\" content=\"https:\/\/anoticiaonline.com.br\/site\/secretaria-de-educacao-aplica-avaliacao-dignostica-da-rede-municipal\/\" \/>\n\t\t<meta property=\"og:image\" content=\"https:\/\/scontent-gig4-1.xx.fbcdn.net\/v\/t39.30808-1\/270437624_4564083193639691_6907940295614233970_n.jpg?stp=dst-jpg_s200x200_tt6&#038;_nc_cat=111&#038;ccb=1-7&#038;_nc_sid=f907e8&#038;_nc_ohc=SM1wRlP3lJwQ7kNvwEPuBYA&#038;_nc_oc=AdnqrjDN_BNjSSHWO-GbkIWH6fkGMLw4bqvL_NH6e2wMveX7G-rP2dAqsDSq1mJMOaY&#038;_nc_zt=24&#038;_nc_ht=scontent-gig4-1.xx&#038;_nc_gid=AoBFJeGrT1hVaew_6rchkQ&#038;oh=00_AfX7QmFGhQhG2jAllVgXCiM1ZrWgvtp80-Bfppyexh1QEg&#038;oe=689E923C\" \/>\n\t\t<meta property=\"og:image:secure_url\" content=\"https:\/\/scontent-gig4-1.xx.fbcdn.net\/v\/t39.30808-1\/270437624_4564083193639691_6907940295614233970_n.jpg?stp=dst-jpg_s200x200_tt6&#038;_nc_cat=111&#038;ccb=1-7&#038;_nc_sid=f907e8&#038;_nc_ohc=SM1wRlP3lJwQ7kNvwEPuBYA&#038;_nc_oc=AdnqrjDN_BNjSSHWO-GbkIWH6fkGMLw4bqvL_NH6e2wMveX7G-rP2dAqsDSq1mJMOaY&#038;_nc_zt=24&#038;_nc_ht=scontent-gig4-1.xx&#038;_nc_gid=AoBFJeGrT1hVaew_6rchkQ&#038;oh=00_AfX7QmFGhQhG2jAllVgXCiM1ZrWgvtp80-Bfppyexh1QEg&#038;oe=689E923C\" \/>\n\t\t<meta property=\"article:published_time\" content=\"2015-10-28T13:06:44+00:00\" \/>\n\t\t<meta property=\"article:modified_time\" content=\"2015-10-28T13:06:44+00:00\" \/>\n\t\t<meta name=\"twitter:card\" content=\"summary_large_image\" \/>\n\t\t<meta name=\"twitter:title\" content=\"Secretaria de Educa\u00e7\u00e3o aplica Avalia\u00e7\u00e3o Dign\u00f3stica da rede municipal - A Not\u00edcia Online\" \/>\n\t\t<meta name=\"twitter:description\" content=\"A Prefeitura de Muria\u00e9, atrav\u00e9s da Secretaria Municipal de Educa\u00e7\u00e3o, realizou nesta quarta-feira (28), a Avalia\u00e7\u00e3o Diagn\u00f3stica do sexto ao nono anos do Ensino Fundamental. A prova foi aplicada em sete escolas da rede municipal de ensino com o objetivo de aferir o desenvolvimento educacional dos alunos e dar suporte ao planejamento peri\u00f3dico de a\u00e7\u00f5es\" \/>\n\t\t<meta name=\"twitter:image\" content=\"https:\/\/scontent-gig4-1.xx.fbcdn.net\/v\/t39.30808-1\/270437624_4564083193639691_6907940295614233970_n.jpg?stp=dst-jpg_s200x200_tt6&amp;_nc_cat=111&amp;ccb=1-7&amp;_nc_sid=f907e8&amp;_nc_ohc=SM1wRlP3lJwQ7kNvwEPuBYA&amp;_nc_oc=AdnqrjDN_BNjSSHWO-GbkIWH6fkGMLw4bqvL_NH6e2wMveX7G-rP2dAqsDSq1mJMOaY&amp;_nc_zt=24&amp;_nc_ht=scontent-gig4-1.xx&amp;_nc_gid=AoBFJeGrT1hVaew_6rchkQ&amp;oh=00_AfX7QmFGhQhG2jAllVgXCiM1ZrWgvtp80-Bfppyexh1QEg&amp;oe=689E923C\" \/>\n\t\t<script type=\"application\/ld+json\" class=\"aioseo-schema\">\n\t\t\t{\"@context\":\"https:\\\/\\\/schema.org\",\"@graph\":[{\"@type\":\"BlogPosting\",\"@id\":\"https:\\\/\\\/anoticiaonline.com.br\\\/site\\\/secretaria-de-educacao-aplica-avaliacao-dignostica-da-rede-municipal\\\/#blogposting\",\"name\":\"Secretaria de Educa\\u00e7\\u00e3o aplica Avalia\\u00e7\\u00e3o Dign\\u00f3stica da rede municipal - A Not\\u00edcia Online\",\"headline\":\"Secretaria de Educa\\u00e7\\u00e3o aplica Avalia\\u00e7\\u00e3o Dign\\u00f3stica da rede municipal\",\"author\":{\"@id\":\"https:\\\/\\\/anoticiaonline.com.br\\\/site\\\/author\\\/juliana\\\/#author\"},\"publisher\":{\"@id\":\"https:\\\/\\\/anoticiaonline.com.br\\\/site\\\/#organization\"},\"image\":{\"@type\":\"ImageObject\",\"url\":\"https:\\\/\\\/anoticiaonline.com.br\\\/site\\\/wp-content\\\/uploads\\\/2015\\\/10\\\/Secretaria-de-Educa\\u00e7\\u00e3o-aplica-Avalia\\u00e7\\u00e3o-Dign\\u00f3stica-da-rede-municipal.jpg\",\"width\":640,\"height\":426},\"datePublished\":\"2015-10-28T10:06:44-03:00\",\"dateModified\":\"2015-10-28T10:06:44-03:00\",\"inLanguage\":\"pt-BR\",\"mainEntityOfPage\":{\"@id\":\"https:\\\/\\\/anoticiaonline.com.br\\\/site\\\/secretaria-de-educacao-aplica-avaliacao-dignostica-da-rede-municipal\\\/#webpage\"},\"isPartOf\":{\"@id\":\"https:\\\/\\\/anoticiaonline.com.br\\\/site\\\/secretaria-de-educacao-aplica-avaliacao-dignostica-da-rede-municipal\\\/#webpage\"},\"articleSection\":\"Blog, slide\"},{\"@type\":\"BreadcrumbList\",\"@id\":\"https:\\\/\\\/anoticiaonline.com.br\\\/site\\\/secretaria-de-educacao-aplica-avaliacao-dignostica-da-rede-municipal\\\/#breadcrumblist\",\"itemListElement\":[{\"@type\":\"ListItem\",\"@id\":\"https:\\\/\\\/anoticiaonline.com.br\\\/site#listItem\",\"position\":1,\"name\":\"Home\",\"item\":\"https:\\\/\\\/anoticiaonline.com.br\\\/site\",\"nextItem\":{\"@type\":\"ListItem\",\"@id\":\"https:\\\/\\\/anoticiaonline.com.br\\\/site\\\/categoria\\\/muriae\\\/#listItem\",\"name\":\"Blog\"}},{\"@type\":\"ListItem\",\"@id\":\"https:\\\/\\\/anoticiaonline.com.br\\\/site\\\/categoria\\\/muriae\\\/#listItem\",\"position\":2,\"name\":\"Blog\",\"item\":\"https:\\\/\\\/anoticiaonline.com.br\\\/site\\\/categoria\\\/muriae\\\/\",\"nextItem\":{\"@type\":\"ListItem\",\"@id\":\"https:\\\/\\\/anoticiaonline.com.br\\\/site\\\/secretaria-de-educacao-aplica-avaliacao-dignostica-da-rede-municipal\\\/#listItem\",\"name\":\"Secretaria de Educa\\u00e7\\u00e3o aplica Avalia\\u00e7\\u00e3o Dign\\u00f3stica da rede municipal\"},\"previousItem\":{\"@type\":\"ListItem\",\"@id\":\"https:\\\/\\\/anoticiaonline.com.br\\\/site#listItem\",\"name\":\"Home\"}},{\"@type\":\"ListItem\",\"@id\":\"https:\\\/\\\/anoticiaonline.com.br\\\/site\\\/secretaria-de-educacao-aplica-avaliacao-dignostica-da-rede-municipal\\\/#listItem\",\"position\":3,\"name\":\"Secretaria de Educa\\u00e7\\u00e3o aplica Avalia\\u00e7\\u00e3o Dign\\u00f3stica da rede municipal\",\"previousItem\":{\"@type\":\"ListItem\",\"@id\":\"https:\\\/\\\/anoticiaonline.com.br\\\/site\\\/categoria\\\/muriae\\\/#listItem\",\"name\":\"Blog\"}}]},{\"@type\":\"Organization\",\"@id\":\"https:\\\/\\\/anoticiaonline.com.br\\\/site\\\/#organization\",\"name\":\"A Not\\u00edcia Online\",\"description\":\"Noticias de Muria\\u00e9 e regi\\u00e3o\",\"url\":\"https:\\\/\\\/anoticiaonline.com.br\\\/site\\\/\",\"logo\":{\"@type\":\"ImageObject\",\"url\":\"https:\\\/\\\/scontent-gig4-1.xx.fbcdn.net\\\/v\\\/t39.30808-1\\\/270437624_4564083193639691_6907940295614233970_n.jpg?stp=dst-jpg_s200x200_tt6&_nc_cat=111&ccb=1-7&_nc_sid=f907e8&_nc_ohc=SM1wRlP3lJwQ7kNvwEPuBYA&_nc_oc=AdnqrjDN_BNjSSHWO-GbkIWH6fkGMLw4bqvL_NH6e2wMveX7G-rP2dAqsDSq1mJMOaY&_nc_zt=24&_nc_ht=scontent-gig4-1.xx&_nc_gid=AoBFJeGrT1hVaew_6rchkQ&oh=00_AfX7QmFGhQhG2jAllVgXCiM1ZrWgvtp80-Bfppyexh1QEg&oe=689E923C\",\"@id\":\"https:\\\/\\\/anoticiaonline.com.br\\\/site\\\/secretaria-de-educacao-aplica-avaliacao-dignostica-da-rede-municipal\\\/#organizationLogo\"},\"image\":{\"@id\":\"https:\\\/\\\/anoticiaonline.com.br\\\/site\\\/secretaria-de-educacao-aplica-avaliacao-dignostica-da-rede-municipal\\\/#organizationLogo\"}},{\"@type\":\"Person\",\"@id\":\"https:\\\/\\\/anoticiaonline.com.br\\\/site\\\/author\\\/juliana\\\/#author\",\"url\":\"https:\\\/\\\/anoticiaonline.com.br\\\/site\\\/author\\\/juliana\\\/\",\"name\":\"Juliana Laviola\",\"image\":{\"@type\":\"ImageObject\",\"@id\":\"https:\\\/\\\/anoticiaonline.com.br\\\/site\\\/secretaria-de-educacao-aplica-avaliacao-dignostica-da-rede-municipal\\\/#authorImage\",\"url\":\"https:\\\/\\\/secure.gravatar.com\\\/avatar\\\/b8d45f5c699b100dfaf0e543582f38f38bf94cb7ae3a5e9abf8d891a34773335?s=96&d=mm&r=g\",\"width\":96,\"height\":96,\"caption\":\"Juliana Laviola\"}},{\"@type\":\"WebPage\",\"@id\":\"https:\\\/\\\/anoticiaonline.com.br\\\/site\\\/secretaria-de-educacao-aplica-avaliacao-dignostica-da-rede-municipal\\\/#webpage\",\"url\":\"https:\\\/\\\/anoticiaonline.com.br\\\/site\\\/secretaria-de-educacao-aplica-avaliacao-dignostica-da-rede-municipal\\\/\",\"name\":\"Secretaria de Educa\\u00e7\\u00e3o aplica Avalia\\u00e7\\u00e3o Dign\\u00f3stica da rede municipal - A Not\\u00edcia Online\",\"description\":\"A Prefeitura de Muria\\u00e9, atrav\\u00e9s da Secretaria Municipal de Educa\\u00e7\\u00e3o, realizou nesta quarta-feira (28), a Avalia\\u00e7\\u00e3o Diagn\\u00f3stica do sexto ao nono anos do Ensino Fundamental. A prova foi aplicada em sete escolas da rede municipal de ensino com o objetivo de aferir o desenvolvimento educacional dos alunos e dar suporte ao planejamento peri\\u00f3dico de a\\u00e7\\u00f5es\",\"inLanguage\":\"pt-BR\",\"isPartOf\":{\"@id\":\"https:\\\/\\\/anoticiaonline.com.br\\\/site\\\/#website\"},\"breadcrumb\":{\"@id\":\"https:\\\/\\\/anoticiaonline.com.br\\\/site\\\/secretaria-de-educacao-aplica-avaliacao-dignostica-da-rede-municipal\\\/#breadcrumblist\"},\"author\":{\"@id\":\"https:\\\/\\\/anoticiaonline.com.br\\\/site\\\/author\\\/juliana\\\/#author\"},\"creator\":{\"@id\":\"https:\\\/\\\/anoticiaonline.com.br\\\/site\\\/author\\\/juliana\\\/#author\"},\"image\":{\"@type\":\"ImageObject\",\"url\":\"https:\\\/\\\/anoticiaonline.com.br\\\/site\\\/wp-content\\\/uploads\\\/2015\\\/10\\\/Secretaria-de-Educa\\u00e7\\u00e3o-aplica-Avalia\\u00e7\\u00e3o-Dign\\u00f3stica-da-rede-municipal.jpg\",\"@id\":\"https:\\\/\\\/anoticiaonline.com.br\\\/site\\\/secretaria-de-educacao-aplica-avaliacao-dignostica-da-rede-municipal\\\/#mainImage\",\"width\":640,\"height\":426},\"primaryImageOfPage\":{\"@id\":\"https:\\\/\\\/anoticiaonline.com.br\\\/site\\\/secretaria-de-educacao-aplica-avaliacao-dignostica-da-rede-municipal\\\/#mainImage\"},\"datePublished\":\"2015-10-28T10:06:44-03:00\",\"dateModified\":\"2015-10-28T10:06:44-03:00\"},{\"@type\":\"WebSite\",\"@id\":\"https:\\\/\\\/anoticiaonline.com.br\\\/site\\\/#website\",\"url\":\"https:\\\/\\\/anoticiaonline.com.br\\\/site\\\/\",\"name\":\"A Not\\u00edcia Online\",\"description\":\"Noticias de Muria\\u00e9 e regi\\u00e3o\",\"inLanguage\":\"pt-BR\",\"publisher\":{\"@id\":\"https:\\\/\\\/anoticiaonline.com.br\\\/site\\\/#organization\"}}]}\n\t\t<\/script>\n\t\t<!-- All in One SEO -->\n\n","aioseo_head_json":{"title":"Secretaria de Educa\u00e7\u00e3o aplica Avalia\u00e7\u00e3o Dign\u00f3stica da rede municipal - A Not\u00edcia Online","description":"A Prefeitura de Muria\u00e9, atrav\u00e9s da Secretaria Municipal de Educa\u00e7\u00e3o, realizou nesta quarta-feira (28), a Avalia\u00e7\u00e3o Diagn\u00f3stica do sexto ao nono anos do Ensino Fundamental. A prova foi aplicada em sete escolas da rede municipal de ensino com o objetivo de aferir o desenvolvimento educacional dos alunos e dar suporte ao planejamento peri\u00f3dico de a\u00e7\u00f5es","canonical_url":"https:\/\/anoticiaonline.com.br\/site\/secretaria-de-educacao-aplica-avaliacao-dignostica-da-rede-municipal\/","robots":"max-image-preview:large","keywords":"","webmasterTools":{"miscellaneous":""},"schema":{"@context":"https:\/\/schema.org","@graph":[{"@type":"BlogPosting","@id":"https:\/\/anoticiaonline.com.br\/site\/secretaria-de-educacao-aplica-avaliacao-dignostica-da-rede-municipal\/#blogposting","name":"Secretaria de Educa\u00e7\u00e3o aplica Avalia\u00e7\u00e3o Dign\u00f3stica da rede municipal - A Not\u00edcia Online","headline":"Secretaria de Educa\u00e7\u00e3o aplica Avalia\u00e7\u00e3o Dign\u00f3stica da rede municipal","author":{"@id":"https:\/\/anoticiaonline.com.br\/site\/author\/juliana\/#author"},"publisher":{"@id":"https:\/\/anoticiaonline.com.br\/site\/#organization"},"image":{"@type":"ImageObject","url":"https:\/\/anoticiaonline.com.br\/site\/wp-content\/uploads\/2015\/10\/Secretaria-de-Educa\u00e7\u00e3o-aplica-Avalia\u00e7\u00e3o-Dign\u00f3stica-da-rede-municipal.jpg","width":640,"height":426},"datePublished":"2015-10-28T10:06:44-03:00","dateModified":"2015-10-28T10:06:44-03:00","inLanguage":"pt-BR","mainEntityOfPage":{"@id":"https:\/\/anoticiaonline.com.br\/site\/secretaria-de-educacao-aplica-avaliacao-dignostica-da-rede-municipal\/#webpage"},"isPartOf":{"@id":"https:\/\/anoticiaonline.com.br\/site\/secretaria-de-educacao-aplica-avaliacao-dignostica-da-rede-municipal\/#webpage"},"articleSection":"Blog, slide"},{"@type":"BreadcrumbList","@id":"https:\/\/anoticiaonline.com.br\/site\/secretaria-de-educacao-aplica-avaliacao-dignostica-da-rede-municipal\/#breadcrumblist","itemListElement":[{"@type":"ListItem","@id":"https:\/\/anoticiaonline.com.br\/site#listItem","position":1,"name":"Home","item":"https:\/\/anoticiaonline.com.br\/site","nextItem":{"@type":"ListItem","@id":"https:\/\/anoticiaonline.com.br\/site\/categoria\/muriae\/#listItem","name":"Blog"}},{"@type":"ListItem","@id":"https:\/\/anoticiaonline.com.br\/site\/categoria\/muriae\/#listItem","position":2,"name":"Blog","item":"https:\/\/anoticiaonline.com.br\/site\/categoria\/muriae\/","nextItem":{"@type":"ListItem","@id":"https:\/\/anoticiaonline.com.br\/site\/secretaria-de-educacao-aplica-avaliacao-dignostica-da-rede-municipal\/#listItem","name":"Secretaria de Educa\u00e7\u00e3o aplica Avalia\u00e7\u00e3o Dign\u00f3stica da rede municipal"},"previousItem":{"@type":"ListItem","@id":"https:\/\/anoticiaonline.com.br\/site#listItem","name":"Home"}},{"@type":"ListItem","@id":"https:\/\/anoticiaonline.com.br\/site\/secretaria-de-educacao-aplica-avaliacao-dignostica-da-rede-municipal\/#listItem","position":3,"name":"Secretaria de Educa\u00e7\u00e3o aplica Avalia\u00e7\u00e3o Dign\u00f3stica da rede municipal","previousItem":{"@type":"ListItem","@id":"https:\/\/anoticiaonline.com.br\/site\/categoria\/muriae\/#listItem","name":"Blog"}}]},{"@type":"Organization","@id":"https:\/\/anoticiaonline.com.br\/site\/#organization","name":"A Not\u00edcia Online","description":"Noticias de Muria\u00e9 e regi\u00e3o","url":"https:\/\/anoticiaonline.com.br\/site\/","logo":{"@type":"ImageObject","url":"https:\/\/scontent-gig4-1.xx.fbcdn.net\/v\/t39.30808-1\/270437624_4564083193639691_6907940295614233970_n.jpg?stp=dst-jpg_s200x200_tt6&_nc_cat=111&ccb=1-7&_nc_sid=f907e8&_nc_ohc=SM1wRlP3lJwQ7kNvwEPuBYA&_nc_oc=AdnqrjDN_BNjSSHWO-GbkIWH6fkGMLw4bqvL_NH6e2wMveX7G-rP2dAqsDSq1mJMOaY&_nc_zt=24&_nc_ht=scontent-gig4-1.xx&_nc_gid=AoBFJeGrT1hVaew_6rchkQ&oh=00_AfX7QmFGhQhG2jAllVgXCiM1ZrWgvtp80-Bfppyexh1QEg&oe=689E923C","@id":"https:\/\/anoticiaonline.com.br\/site\/secretaria-de-educacao-aplica-avaliacao-dignostica-da-rede-municipal\/#organizationLogo"},"image":{"@id":"https:\/\/anoticiaonline.com.br\/site\/secretaria-de-educacao-aplica-avaliacao-dignostica-da-rede-municipal\/#organizationLogo"}},{"@type":"Person","@id":"https:\/\/anoticiaonline.com.br\/site\/author\/juliana\/#author","url":"https:\/\/anoticiaonline.com.br\/site\/author\/juliana\/","name":"Juliana Laviola","image":{"@type":"ImageObject","@id":"https:\/\/anoticiaonline.com.br\/site\/secretaria-de-educacao-aplica-avaliacao-dignostica-da-rede-municipal\/#authorImage","url":"https:\/\/secure.gravatar.com\/avatar\/b8d45f5c699b100dfaf0e543582f38f38bf94cb7ae3a5e9abf8d891a34773335?s=96&d=mm&r=g","width":96,"height":96,"caption":"Juliana Laviola"}},{"@type":"WebPage","@id":"https:\/\/anoticiaonline.com.br\/site\/secretaria-de-educacao-aplica-avaliacao-dignostica-da-rede-municipal\/#webpage","url":"https:\/\/anoticiaonline.com.br\/site\/secretaria-de-educacao-aplica-avaliacao-dignostica-da-rede-municipal\/","name":"Secretaria de Educa\u00e7\u00e3o aplica Avalia\u00e7\u00e3o Dign\u00f3stica da rede municipal - A Not\u00edcia Online","description":"A Prefeitura de Muria\u00e9, atrav\u00e9s da Secretaria Municipal de Educa\u00e7\u00e3o, realizou nesta quarta-feira (28), a Avalia\u00e7\u00e3o Diagn\u00f3stica do sexto ao nono anos do Ensino Fundamental. A prova foi aplicada em sete escolas da rede municipal de ensino com o objetivo de aferir o desenvolvimento educacional dos alunos e dar suporte ao planejamento peri\u00f3dico de a\u00e7\u00f5es","inLanguage":"pt-BR","isPartOf":{"@id":"https:\/\/anoticiaonline.com.br\/site\/#website"},"breadcrumb":{"@id":"https:\/\/anoticiaonline.com.br\/site\/secretaria-de-educacao-aplica-avaliacao-dignostica-da-rede-municipal\/#breadcrumblist"},"author":{"@id":"https:\/\/anoticiaonline.com.br\/site\/author\/juliana\/#author"},"creator":{"@id":"https:\/\/anoticiaonline.com.br\/site\/author\/juliana\/#author"},"image":{"@type":"ImageObject","url":"https:\/\/anoticiaonline.com.br\/site\/wp-content\/uploads\/2015\/10\/Secretaria-de-Educa\u00e7\u00e3o-aplica-Avalia\u00e7\u00e3o-Dign\u00f3stica-da-rede-municipal.jpg","@id":"https:\/\/anoticiaonline.com.br\/site\/secretaria-de-educacao-aplica-avaliacao-dignostica-da-rede-municipal\/#mainImage","width":640,"height":426},"primaryImageOfPage":{"@id":"https:\/\/anoticiaonline.com.br\/site\/secretaria-de-educacao-aplica-avaliacao-dignostica-da-rede-municipal\/#mainImage"},"datePublished":"2015-10-28T10:06:44-03:00","dateModified":"2015-10-28T10:06:44-03:00"},{"@type":"WebSite","@id":"https:\/\/anoticiaonline.com.br\/site\/#website","url":"https:\/\/anoticiaonline.com.br\/site\/","name":"A Not\u00edcia Online","description":"Noticias de Muria\u00e9 e regi\u00e3o","inLanguage":"pt-BR","publisher":{"@id":"https:\/\/anoticiaonline.com.br\/site\/#organization"}}]},"og:locale":"pt_BR","og:site_name":"A Not\u00edcia Online - Noticias de Muria\u00e9 e regi\u00e3o","og:type":"article","og:title":"Secretaria de Educa\u00e7\u00e3o aplica Avalia\u00e7\u00e3o Dign\u00f3stica da rede municipal - A Not\u00edcia Online","og:description":"A Prefeitura de Muria\u00e9, atrav\u00e9s da Secretaria Municipal de Educa\u00e7\u00e3o, realizou nesta quarta-feira (28), a Avalia\u00e7\u00e3o Diagn\u00f3stica do sexto ao nono anos do Ensino Fundamental. A prova foi aplicada em sete escolas da rede municipal de ensino com o objetivo de aferir o desenvolvimento educacional dos alunos e dar suporte ao planejamento peri\u00f3dico de a\u00e7\u00f5es","og:url":"https:\/\/anoticiaonline.com.br\/site\/secretaria-de-educacao-aplica-avaliacao-dignostica-da-rede-municipal\/","og:image":"https:\/\/scontent-gig4-1.xx.fbcdn.net\/v\/t39.30808-1\/270437624_4564083193639691_6907940295614233970_n.jpg?stp=dst-jpg_s200x200_tt6&#038;_nc_cat=111&#038;ccb=1-7&#038;_nc_sid=f907e8&#038;_nc_ohc=SM1wRlP3lJwQ7kNvwEPuBYA&#038;_nc_oc=AdnqrjDN_BNjSSHWO-GbkIWH6fkGMLw4bqvL_NH6e2wMveX7G-rP2dAqsDSq1mJMOaY&#038;_nc_zt=24&#038;_nc_ht=scontent-gig4-1.xx&#038;_nc_gid=AoBFJeGrT1hVaew_6rchkQ&#038;oh=00_AfX7QmFGhQhG2jAllVgXCiM1ZrWgvtp80-Bfppyexh1QEg&#038;oe=689E923C","og:image:secure_url":"https:\/\/scontent-gig4-1.xx.fbcdn.net\/v\/t39.30808-1\/270437624_4564083193639691_6907940295614233970_n.jpg?stp=dst-jpg_s200x200_tt6&#038;_nc_cat=111&#038;ccb=1-7&#038;_nc_sid=f907e8&#038;_nc_ohc=SM1wRlP3lJwQ7kNvwEPuBYA&#038;_nc_oc=AdnqrjDN_BNjSSHWO-GbkIWH6fkGMLw4bqvL_NH6e2wMveX7G-rP2dAqsDSq1mJMOaY&#038;_nc_zt=24&#038;_nc_ht=scontent-gig4-1.xx&#038;_nc_gid=AoBFJeGrT1hVaew_6rchkQ&#038;oh=00_AfX7QmFGhQhG2jAllVgXCiM1ZrWgvtp80-Bfppyexh1QEg&#038;oe=689E923C","article:published_time":"2015-10-28T13:06:44+00:00","article:modified_time":"2015-10-28T13:06:44+00:00","twitter:card":"summary_large_image","twitter:title":"Secretaria de Educa\u00e7\u00e3o aplica Avalia\u00e7\u00e3o Dign\u00f3stica da rede municipal - A Not\u00edcia Online","twitter:description":"A Prefeitura de Muria\u00e9, atrav\u00e9s da Secretaria Municipal de Educa\u00e7\u00e3o, realizou nesta quarta-feira (28), a Avalia\u00e7\u00e3o Diagn\u00f3stica do sexto ao nono anos do Ensino Fundamental. A prova foi aplicada em sete escolas da rede municipal de ensino com o objetivo de aferir o desenvolvimento educacional dos alunos e dar suporte ao planejamento peri\u00f3dico de a\u00e7\u00f5es","twitter:image":"https:\/\/scontent-gig4-1.xx.fbcdn.net\/v\/t39.30808-1\/270437624_4564083193639691_6907940295614233970_n.jpg?stp=dst-jpg_s200x200_tt6&_nc_cat=111&ccb=1-7&_nc_sid=f907e8&_nc_ohc=SM1wRlP3lJwQ7kNvwEPuBYA&_nc_oc=AdnqrjDN_BNjSSHWO-GbkIWH6fkGMLw4bqvL_NH6e2wMveX7G-rP2dAqsDSq1mJMOaY&_nc_zt=24&_nc_ht=scontent-gig4-1.xx&_nc_gid=AoBFJeGrT1hVaew_6rchkQ&oh=00_AfX7QmFGhQhG2jAllVgXCiM1ZrWgvtp80-Bfppyexh1QEg&oe=689E923C"},"aioseo_meta_data":{"post_id":"5279","title":null,"description":null,"keywords":null,"keyphrases":null,"primary_term":null,"canonical_url":null,"og_title":null,"og_description":null,"og_object_type":"default","og_image_type":"default","og_image_url":null,"og_image_width":null,"og_image_height":null,"og_image_custom_url":null,"og_image_custom_fields":null,"og_video":null,"og_custom_url":null,"og_article_section":null,"og_article_tags":null,"twitter_use_og":false,"twitter_card":"default","twitter_image_type":"default","twitter_image_url":null,"twitter_image_custom_url":null,"twitter_image_custom_fields":null,"twitter_title":null,"twitter_description":null,"schema":{"blockGraphs":[],"customGraphs":[],"default":{"data":{"Article":[],"Course":[],"Dataset":[],"FAQPage":[],"Movie":[],"Person":[],"Product":[],"ProductReview":[],"Car":[],"Recipe":[],"Service":[],"SoftwareApplication":[],"WebPage":[]},"graphName":"","isEnabled":true},"graphs":[]},"schema_type":"default","schema_type_options":null,"pillar_content":false,"robots_default":true,"robots_noindex":false,"robots_noarchive":false,"robots_nosnippet":false,"robots_nofollow":false,"robots_noimageindex":false,"robots_noodp":false,"robots_notranslate":false,"robots_max_snippet":null,"robots_max_videopreview":null,"robots_max_imagepreview":"large","priority":null,"frequency":null,"local_seo":null,"breadcrumb_settings":null,"limit_modified_date":false,"ai":null,"created":"2025-08-16 13:43:07","updated":"2025-08-16 13:43:07","focus_keyword":null,"additional_keywords":null,"truseo_locale":null,"seo_analyzer_scan_date":null},"aioseo_breadcrumb":"<div class=\"aioseo-breadcrumbs\"><span class=\"aioseo-breadcrumb\">\n\t\t\t<a href=\"https:\/\/anoticiaonline.com.br\/site\" title=\"Home\">Home<\/a>\n\t\t<\/span><span class=\"aioseo-breadcrumb-separator\">&raquo;<\/span><span class=\"aioseo-breadcrumb\">\n\t\t\t<a href=\"https:\/\/anoticiaonline.com.br\/site\/categoria\/muriae\/\" title=\"Blog\">Blog<\/a>\n\t\t<\/span><span class=\"aioseo-breadcrumb-separator\">&raquo;<\/span><span class=\"aioseo-breadcrumb\">\n\t\t\tSecretaria de Educa\u00e7\u00e3o aplica Avalia\u00e7\u00e3o Dign\u00f3stica da rede municipal\n\t\t<\/span><\/div>","aioseo_breadcrumb_json":[{"label":"Home","link":"https:\/\/anoticiaonline.com.br\/site"},{"label":"Blog","link":"https:\/\/anoticiaonline.com.br\/site\/categoria\/muriae\/"},{"label":"Secretaria de Educa\u00e7\u00e3o aplica Avalia\u00e7\u00e3o Dign\u00f3stica da rede municipal","link":"https:\/\/anoticiaonline.com.br\/site\/secretaria-de-educacao-aplica-avaliacao-dignostica-da-rede-municipal\/"}],"views":131,"_links":{"self":[{"href":"https:\/\/anoticiaonline.com.br\/site\/wp-json\/wp\/v2\/posts\/5279","targetHints":{"allow":["GET"]}}],"collection":[{"href":"https:\/\/anoticiaonline.com.br\/site\/wp-json\/wp\/v2\/posts"}],"about":[{"href":"https:\/\/anoticiaonline.com.br\/site\/wp-json\/wp\/v2\/types\/post"}],"author":[{"embeddable":true,"href":"https:\/\/anoticiaonline.com.br\/site\/wp-json\/wp\/v2\/users\/2"}],"replies":[{"embeddable":true,"href":"https:\/\/anoticiaonline.com.br\/site\/wp-json\/wp\/v2\/comments?post=5279"}],"version-history":[{"count":0,"href":"https:\/\/anoticiaonline.com.br\/site\/wp-json\/wp\/v2\/posts\/5279\/revisions"}],"wp:featuredmedia":[{"embeddable":true,"href":"https:\/\/anoticiaonline.com.br\/site\/wp-json\/wp\/v2\/media\/5280"}],"wp:attachment":[{"href":"https:\/\/anoticiaonline.com.br\/site\/wp-json\/wp\/v2\/media?parent=5279"}],"wp:term":[{"taxonomy":"category","embeddable":true,"href":"https:\/\/anoticiaonline.com.br\/site\/wp-json\/wp\/v2\/categories?post=5279"},{"taxonomy":"post_tag","embeddable":true,"href":"https:\/\/anoticiaonline.com.br\/site\/wp-json\/wp\/v2\/tags?post=5279"}],"curies":[{"name":"wp","href":"https:\/\/api.w.org\/{rel}","templated":true}]}}