{"id":52716,"date":"2018-03-29T18:18:23","date_gmt":"2018-03-29T21:18:23","guid":{"rendered":"http:\/\/anoticiaonline.com.br\/site\/?p=52716"},"modified":"2018-03-29T18:28:38","modified_gmt":"2018-03-29T21:28:38","slug":"valeria-fernandes-publica-o-mundo-ploc-de-pedro","status":"publish","type":"post","link":"https:\/\/anoticiaonline.com.br\/site\/valeria-fernandes-publica-o-mundo-ploc-de-pedro\/","title":{"rendered":"La\u00e7amento de \u201cO Mundo Ploc de Pedro\u201d"},"content":{"rendered":"<p><a href=\"https:\/\/anoticiaonline.com.br\/site\/wp-content\/uploads\/2018\/03\/DSC_0348-1.jpg\"><img fetchpriority=\"high\" decoding=\"async\" class=\"aligncenter size-full wp-image-52721\" src=\"https:\/\/anoticiaonline.com.br\/site\/wp-content\/uploads\/2018\/03\/DSC_0348-1.jpg\" alt=\"\" width=\"640\" height=\"424\" srcset=\"https:\/\/anoticiaonline.com.br\/site\/wp-content\/uploads\/2018\/03\/DSC_0348-1.jpg 640w, https:\/\/anoticiaonline.com.br\/site\/wp-content\/uploads\/2018\/03\/DSC_0348-1-300x199.jpg 300w\" sizes=\"(max-width: 640px) 100vw, 640px\" \/><\/a><a href=\"https:\/\/anoticiaonline.com.br\/site\/wp-content\/uploads\/2018\/03\/DSC_0377.jpg\"><img decoding=\"async\" class=\"aligncenter size-full wp-image-52723\" src=\"https:\/\/anoticiaonline.com.br\/site\/wp-content\/uploads\/2018\/03\/DSC_0377.jpg\" alt=\"\" width=\"640\" height=\"424\" srcset=\"https:\/\/anoticiaonline.com.br\/site\/wp-content\/uploads\/2018\/03\/DSC_0377.jpg 640w, https:\/\/anoticiaonline.com.br\/site\/wp-content\/uploads\/2018\/03\/DSC_0377-300x199.jpg 300w\" sizes=\"(max-width: 640px) 100vw, 640px\" \/><\/a> <a href=\"https:\/\/anoticiaonline.com.br\/site\/wp-content\/uploads\/2018\/03\/DSC_0384.jpg\"><img decoding=\"async\" class=\"aligncenter size-full wp-image-52724\" src=\"https:\/\/anoticiaonline.com.br\/site\/wp-content\/uploads\/2018\/03\/DSC_0384.jpg\" alt=\"\" width=\"640\" height=\"424\" srcset=\"https:\/\/anoticiaonline.com.br\/site\/wp-content\/uploads\/2018\/03\/DSC_0384.jpg 640w, https:\/\/anoticiaonline.com.br\/site\/wp-content\/uploads\/2018\/03\/DSC_0384-300x199.jpg 300w\" sizes=\"(max-width: 640px) 100vw, 640px\" \/><\/a>A acad\u00eamica, pedagoga, professora e ex-presidente da Academia Muriaeense de Letras (AMLE), Val\u00e9ria Cristina Monteiro de Barros Fernandes, natural de Laranjal, lan\u00e7ou, na tarde de s\u00e1bado (24), na sede da Institui\u00e7\u00e3o, o seu segundo livro, chamado \u201cO Mundo Ploc de Pedro\u201d. A renda arrecadada na venda ser\u00e1 revertida para a Escola Estadual Jo\u00e3o Alves Bittencourt Sobrinho, localizada em Bom Jesus da Cachoeira, escola esta que a escritora tamb\u00e9m foi diretora h\u00e1 27 anos.<\/p>\n<p>Esta n\u00e3o foi a primeira a\u00e7\u00e3o social da escritora. Ao publicar seu primeiro livro, \u201cComplexIDADES\u201d, a autora ajudou a Casa das Meninas de Muria\u00e9.<\/p>\n<p>\u201cAcredito que todos n\u00f3s temos que fazer a diferen\u00e7a e ajudar o mundo de alguma forma. Precisamos abra\u00e7ar mais causas. Nosso mundo est\u00e1 conturbado, in\u00fameras diferen\u00e7as.\u00a0 Precisamos de mais a\u00e7\u00f5es humanizadoras, sen\u00e3o n\u00e3o conseguiremos seguir adiante. Eu acredito muito nas lutas e nas causas sociais. O bem que fazemos para o outro volta para n\u00f3s em dobro\u201d, disse a autora de \u201cO Mundo Ploc de Pedro\u201d, que foi pensado e escrito no decorrer dos \u00faltimos tr\u00eas anos e diagramado por Michele S. Braga Freitas.<\/p>\n<p>De acordo com Val\u00e9ria, o projeto do livro foi antes apresentado a v\u00e1rios psic\u00f3logos e pedagogos, que aprovaram o seu conte\u00fado. \u201cA proposta do livro \u00e9 sensibilizar a sociedade, promover o acolhimento, informar um pouco sobre o diagn\u00f3stico do espectro de autismo e minimizar o preconceito que, infelizmente, ainda \u00e9 muito grande\u201d.<\/p>\n<p>Val\u00e9ria conta ainda que o livro foi lan\u00e7ado, primeiramente, no Estado do Tocantins, onde a institui\u00e7\u00e3o Casa de Maria foi a primeira beneficiada pela autora atrav\u00e9s da venda do livro. \u201cO livro foi muito bem acolhido naquela regi\u00e3o&#8221;. E destacou:\u00a0 &#8220;Aproveito a oportunidade para agradecer a Deus, aos meus familiares e aos meus amigos pelo apoio. Sem eles, nada disso seria poss\u00edvel\u201d.<\/p>\n<p>Segundo Val\u00e9ria o projeto ainda vai acontecer nas cidades de Juiz de Fora em prol do Instituto da Fam\u00edlia\/INFA e tamb\u00e9m em Laranjal, terra natal da escritora. Val\u00e9ria Cristina Monteiro de Barros Fernandes filha do casal Dalva e M\u00edlton Fernandes.<\/p>\n<p>A diretora da Escola Estadual Jo\u00e3o Alves Bittencourt, S\u00f4nia Maria do Carmo Reis, disse que recebeu com muita alegria a not\u00edcia, de que a venda do livro seria revertida para a escola.<\/p>\n<p>\u201cNossa escola fica localizada em uma comunidade muito pequena, n\u00f3s temos poucos recursos, inclusive, foi feito um mutir\u00e3o para realizar a pintura do p\u00e1tio e do lado interno da institui\u00e7\u00e3o. A renda que receberemos com a venda do livro veio em um momento no qual estamos tentando melhorar a perspectiva de vida dos nossos alunos, pois precisamos motiv\u00e1-los a aprender mesmo com todas as dificuldades. N\u00e3o tenho nem palavras para agradecer \u00e0 Val\u00e9ria por esse gesto maravilhoso, quero que ela saiba que pode contar sempre conosco e que as portas da Escola Estadual Jo\u00e3o Alves Bittencourt estar\u00e3o sempre abertas para o que ela precisar\u201d.<\/p>\n<p>A sociedade agradece!<\/p>\n<p><a href=\"https:\/\/anoticiaonline.com.br\/site\/wp-content\/uploads\/2018\/03\/DSC_0295.jpg\"><img loading=\"lazy\" decoding=\"async\" class=\"aligncenter size-full wp-image-52720\" src=\"https:\/\/anoticiaonline.com.br\/site\/wp-content\/uploads\/2018\/03\/DSC_0295.jpg\" alt=\"\" width=\"640\" height=\"424\" srcset=\"https:\/\/anoticiaonline.com.br\/site\/wp-content\/uploads\/2018\/03\/DSC_0295.jpg 640w, https:\/\/anoticiaonline.com.br\/site\/wp-content\/uploads\/2018\/03\/DSC_0295-300x199.jpg 300w\" sizes=\"(max-width: 640px) 100vw, 640px\" \/><\/a><\/p>\n<p><a href=\"https:\/\/anoticiaonline.com.br\/site\/wp-content\/uploads\/2018\/03\/DSC_0259.jpg\"><img loading=\"lazy\" decoding=\"async\" class=\"aligncenter size-full wp-image-52719\" src=\"https:\/\/anoticiaonline.com.br\/site\/wp-content\/uploads\/2018\/03\/DSC_0259.jpg\" alt=\"\" width=\"640\" height=\"424\" srcset=\"https:\/\/anoticiaonline.com.br\/site\/wp-content\/uploads\/2018\/03\/DSC_0259.jpg 640w, https:\/\/anoticiaonline.com.br\/site\/wp-content\/uploads\/2018\/03\/DSC_0259-300x199.jpg 300w\" sizes=\"(max-width: 640px) 100vw, 640px\" \/><\/a><\/p>\n<p><a href=\"https:\/\/anoticiaonline.com.br\/site\/wp-content\/uploads\/2018\/03\/DSC_0354.jpg\"><img loading=\"lazy\" decoding=\"async\" class=\"aligncenter size-full wp-image-52722\" src=\"https:\/\/anoticiaonline.com.br\/site\/wp-content\/uploads\/2018\/03\/DSC_0354.jpg\" alt=\"\" width=\"640\" height=\"424\" srcset=\"https:\/\/anoticiaonline.com.br\/site\/wp-content\/uploads\/2018\/03\/DSC_0354.jpg 640w, https:\/\/anoticiaonline.com.br\/site\/wp-content\/uploads\/2018\/03\/DSC_0354-300x199.jpg 300w\" sizes=\"(max-width: 640px) 100vw, 640px\" \/><img decoding=\"async\" class=\"ngg_displayed_gallery mceItem\" src=\"https:\/\/anoticiaonline.com.br\/site\/nextgen-attach_to_post\/preview\/id--52798\" \/><\/a><\/p>\n","protected":false},"excerpt":{"rendered":"<p>A acad\u00eamica, pedagoga, professora e ex-presidente da Academia Muriaeense de Letras (AMLE), Val\u00e9ria Cristina Monteiro de Barros Fernandes, natural de Laranjal, lan\u00e7ou, na tarde de s\u00e1bado (24), na sede da Institui\u00e7\u00e3o, o seu segundo livro, chamado \u201cO Mundo Ploc de Pedro\u201d. A renda arrecadada na venda ser\u00e1 revertida para a Escola Estadual Jo\u00e3o Alves Bittencourt &#8230; <a title=\"La\u00e7amento de \u201cO Mundo Ploc de Pedro\u201d\" class=\"read-more\" href=\"https:\/\/anoticiaonline.com.br\/site\/valeria-fernandes-publica-o-mundo-ploc-de-pedro\/\" aria-label=\"Read more about La\u00e7amento de \u201cO Mundo Ploc de Pedro\u201d\">Ler mais<\/a><\/p>\n","protected":false},"author":2,"featured_media":52723,"comment_status":"open","ping_status":"open","sticky":false,"template":"","format":"standard","meta":{"_acf_changed":false,"_monsterinsights_skip_tracking":false,"footnotes":""},"categories":[1],"tags":[1232,1808,102,2257,2310,2311,216,2309,2308],"class_list":["post-52716","post","type-post","status-publish","format-standard","has-post-thumbnail","hentry","category-gerais","tag-academia-muriaeense-de-letras","tag-academia-muriaeense-de-letras-amle","tag-amle","tag-autismo","tag-casa-das-meninas-de-muriae","tag-instituto-da-familiainfa","tag-livro","tag-o-mundo-ploc-de-pedro","tag-valeria-fernandes"],"acf":[],"aioseo_notices":[],"aioseo_head":"\n\t\t<!-- All in One SEO 5.0.0.1 - aioseo.com -->\n\t<meta name=\"description\" content=\"A acad\u00eamica, pedagoga, professora e ex-presidente da Academia Muriaeense de Letras (AMLE), Val\u00e9ria Cristina Monteiro de Barros Fernandes, natural de Laranjal, lan\u00e7ou, na tarde de s\u00e1bado (24), na sede da Institui\u00e7\u00e3o, o seu segundo livro, chamado \u201cO Mundo Ploc de Pedro\u201d. A renda arrecadada na venda ser\u00e1 revertida para a Escola Estadual Jo\u00e3o Alves Bittencourt\" \/>\n\t<meta name=\"robots\" content=\"max-image-preview:large\" \/>\n\t<meta name=\"author\" content=\"Juliana Laviola\"\/>\n\t<link rel=\"canonical\" href=\"https:\/\/anoticiaonline.com.br\/site\/valeria-fernandes-publica-o-mundo-ploc-de-pedro\/\" \/>\n\t<meta name=\"generator\" content=\"All in One SEO (AIOSEO) 5.0.0.1\" \/>\n\t\t<meta property=\"og:locale\" content=\"pt_BR\" \/>\n\t\t<meta property=\"og:site_name\" content=\"A Not\u00edcia Online - Noticias de Muria\u00e9 e regi\u00e3o\" \/>\n\t\t<meta property=\"og:type\" content=\"article\" \/>\n\t\t<meta property=\"og:title\" content=\"La\u00e7amento de \u201cO Mundo Ploc de Pedro\u201d - A Not\u00edcia Online\" \/>\n\t\t<meta property=\"og:description\" content=\"A acad\u00eamica, pedagoga, professora e ex-presidente da Academia Muriaeense de Letras (AMLE), Val\u00e9ria Cristina Monteiro de Barros Fernandes, natural de Laranjal, lan\u00e7ou, na tarde de s\u00e1bado (24), na sede da Institui\u00e7\u00e3o, o seu segundo livro, chamado \u201cO Mundo Ploc de Pedro\u201d. A renda arrecadada na venda ser\u00e1 revertida para a Escola Estadual Jo\u00e3o Alves Bittencourt\" \/>\n\t\t<meta property=\"og:url\" content=\"https:\/\/anoticiaonline.com.br\/site\/valeria-fernandes-publica-o-mundo-ploc-de-pedro\/\" \/>\n\t\t<meta property=\"og:image\" content=\"https:\/\/scontent-gig4-1.xx.fbcdn.net\/v\/t39.30808-1\/270437624_4564083193639691_6907940295614233970_n.jpg?stp=dst-jpg_s200x200_tt6&#038;_nc_cat=111&#038;ccb=1-7&#038;_nc_sid=f907e8&#038;_nc_ohc=SM1wRlP3lJwQ7kNvwEPuBYA&#038;_nc_oc=AdnqrjDN_BNjSSHWO-GbkIWH6fkGMLw4bqvL_NH6e2wMveX7G-rP2dAqsDSq1mJMOaY&#038;_nc_zt=24&#038;_nc_ht=scontent-gig4-1.xx&#038;_nc_gid=AoBFJeGrT1hVaew_6rchkQ&#038;oh=00_AfX7QmFGhQhG2jAllVgXCiM1ZrWgvtp80-Bfppyexh1QEg&#038;oe=689E923C\" \/>\n\t\t<meta property=\"og:image:secure_url\" content=\"https:\/\/scontent-gig4-1.xx.fbcdn.net\/v\/t39.30808-1\/270437624_4564083193639691_6907940295614233970_n.jpg?stp=dst-jpg_s200x200_tt6&#038;_nc_cat=111&#038;ccb=1-7&#038;_nc_sid=f907e8&#038;_nc_ohc=SM1wRlP3lJwQ7kNvwEPuBYA&#038;_nc_oc=AdnqrjDN_BNjSSHWO-GbkIWH6fkGMLw4bqvL_NH6e2wMveX7G-rP2dAqsDSq1mJMOaY&#038;_nc_zt=24&#038;_nc_ht=scontent-gig4-1.xx&#038;_nc_gid=AoBFJeGrT1hVaew_6rchkQ&#038;oh=00_AfX7QmFGhQhG2jAllVgXCiM1ZrWgvtp80-Bfppyexh1QEg&#038;oe=689E923C\" \/>\n\t\t<meta property=\"article:published_time\" content=\"2018-03-29T21:18:23+00:00\" \/>\n\t\t<meta property=\"article:modified_time\" content=\"2018-03-29T21:28:38+00:00\" \/>\n\t\t<meta name=\"twitter:card\" content=\"summary_large_image\" \/>\n\t\t<meta name=\"twitter:title\" content=\"La\u00e7amento de \u201cO Mundo Ploc de Pedro\u201d - A Not\u00edcia Online\" \/>\n\t\t<meta name=\"twitter:description\" content=\"A acad\u00eamica, pedagoga, professora e ex-presidente da Academia Muriaeense de Letras (AMLE), Val\u00e9ria Cristina Monteiro de Barros Fernandes, natural de Laranjal, lan\u00e7ou, na tarde de s\u00e1bado (24), na sede da Institui\u00e7\u00e3o, o seu segundo livro, chamado \u201cO Mundo Ploc de Pedro\u201d. A renda arrecadada na venda ser\u00e1 revertida para a Escola Estadual Jo\u00e3o Alves Bittencourt\" \/>\n\t\t<meta name=\"twitter:image\" content=\"https:\/\/scontent-gig4-1.xx.fbcdn.net\/v\/t39.30808-1\/270437624_4564083193639691_6907940295614233970_n.jpg?stp=dst-jpg_s200x200_tt6&amp;_nc_cat=111&amp;ccb=1-7&amp;_nc_sid=f907e8&amp;_nc_ohc=SM1wRlP3lJwQ7kNvwEPuBYA&amp;_nc_oc=AdnqrjDN_BNjSSHWO-GbkIWH6fkGMLw4bqvL_NH6e2wMveX7G-rP2dAqsDSq1mJMOaY&amp;_nc_zt=24&amp;_nc_ht=scontent-gig4-1.xx&amp;_nc_gid=AoBFJeGrT1hVaew_6rchkQ&amp;oh=00_AfX7QmFGhQhG2jAllVgXCiM1ZrWgvtp80-Bfppyexh1QEg&amp;oe=689E923C\" \/>\n\t\t<script type=\"application\/ld+json\" class=\"aioseo-schema\">\n\t\t\t{\"@context\":\"https:\\\/\\\/schema.org\",\"@graph\":[{\"@type\":\"BlogPosting\",\"@id\":\"https:\\\/\\\/anoticiaonline.com.br\\\/site\\\/valeria-fernandes-publica-o-mundo-ploc-de-pedro\\\/#blogposting\",\"name\":\"La\\u00e7amento de \\u201cO Mundo Ploc de Pedro\\u201d - A Not\\u00edcia Online\",\"headline\":\"La\\u00e7amento de \\u201cO Mundo Ploc de Pedro\\u201d\",\"author\":{\"@id\":\"https:\\\/\\\/anoticiaonline.com.br\\\/site\\\/author\\\/juliana\\\/#author\"},\"publisher\":{\"@id\":\"https:\\\/\\\/anoticiaonline.com.br\\\/site\\\/#organization\"},\"image\":{\"@type\":\"ImageObject\",\"url\":\"https:\\\/\\\/anoticiaonline.com.br\\\/site\\\/wp-content\\\/uploads\\\/2018\\\/03\\\/DSC_0377.jpg\",\"width\":640,\"height\":424},\"datePublished\":\"2018-03-29T18:18:23-03:00\",\"dateModified\":\"2018-03-29T18:28:38-03:00\",\"inLanguage\":\"pt-BR\",\"mainEntityOfPage\":{\"@id\":\"https:\\\/\\\/anoticiaonline.com.br\\\/site\\\/valeria-fernandes-publica-o-mundo-ploc-de-pedro\\\/#webpage\"},\"isPartOf\":{\"@id\":\"https:\\\/\\\/anoticiaonline.com.br\\\/site\\\/valeria-fernandes-publica-o-mundo-ploc-de-pedro\\\/#webpage\"},\"articleSection\":\"Gerais, Academia Muriaeense de Letras, Academia Muriaeense de Letras (AMLE), amle, autismo, Casa das Meninas de Muria\\u00e9, Instituto da Fam\\u00edlia\\\/INFA, livro, O Mundo Ploc de Pedro, Val\\u00e9ria Fernandes\"},{\"@type\":\"BreadcrumbList\",\"@id\":\"https:\\\/\\\/anoticiaonline.com.br\\\/site\\\/valeria-fernandes-publica-o-mundo-ploc-de-pedro\\\/#breadcrumblist\",\"itemListElement\":[{\"@type\":\"ListItem\",\"@id\":\"https:\\\/\\\/anoticiaonline.com.br\\\/site#listItem\",\"position\":1,\"name\":\"Home\",\"item\":\"https:\\\/\\\/anoticiaonline.com.br\\\/site\",\"nextItem\":{\"@type\":\"ListItem\",\"@id\":\"https:\\\/\\\/anoticiaonline.com.br\\\/site\\\/categoria\\\/gerais\\\/#listItem\",\"name\":\"Gerais\"}},{\"@type\":\"ListItem\",\"@id\":\"https:\\\/\\\/anoticiaonline.com.br\\\/site\\\/categoria\\\/gerais\\\/#listItem\",\"position\":2,\"name\":\"Gerais\",\"item\":\"https:\\\/\\\/anoticiaonline.com.br\\\/site\\\/categoria\\\/gerais\\\/\",\"nextItem\":{\"@type\":\"ListItem\",\"@id\":\"https:\\\/\\\/anoticiaonline.com.br\\\/site\\\/valeria-fernandes-publica-o-mundo-ploc-de-pedro\\\/#listItem\",\"name\":\"La\\u00e7amento de \\u201cO Mundo Ploc de Pedro\\u201d\"},\"previousItem\":{\"@type\":\"ListItem\",\"@id\":\"https:\\\/\\\/anoticiaonline.com.br\\\/site#listItem\",\"name\":\"Home\"}},{\"@type\":\"ListItem\",\"@id\":\"https:\\\/\\\/anoticiaonline.com.br\\\/site\\\/valeria-fernandes-publica-o-mundo-ploc-de-pedro\\\/#listItem\",\"position\":3,\"name\":\"La\\u00e7amento de \\u201cO Mundo Ploc de Pedro\\u201d\",\"previousItem\":{\"@type\":\"ListItem\",\"@id\":\"https:\\\/\\\/anoticiaonline.com.br\\\/site\\\/categoria\\\/gerais\\\/#listItem\",\"name\":\"Gerais\"}}]},{\"@type\":\"Organization\",\"@id\":\"https:\\\/\\\/anoticiaonline.com.br\\\/site\\\/#organization\",\"name\":\"A Not\\u00edcia Online\",\"description\":\"Noticias de Muria\\u00e9 e regi\\u00e3o\",\"url\":\"https:\\\/\\\/anoticiaonline.com.br\\\/site\\\/\",\"logo\":{\"@type\":\"ImageObject\",\"url\":\"https:\\\/\\\/scontent-gig4-1.xx.fbcdn.net\\\/v\\\/t39.30808-1\\\/270437624_4564083193639691_6907940295614233970_n.jpg?stp=dst-jpg_s200x200_tt6&_nc_cat=111&ccb=1-7&_nc_sid=f907e8&_nc_ohc=SM1wRlP3lJwQ7kNvwEPuBYA&_nc_oc=AdnqrjDN_BNjSSHWO-GbkIWH6fkGMLw4bqvL_NH6e2wMveX7G-rP2dAqsDSq1mJMOaY&_nc_zt=24&_nc_ht=scontent-gig4-1.xx&_nc_gid=AoBFJeGrT1hVaew_6rchkQ&oh=00_AfX7QmFGhQhG2jAllVgXCiM1ZrWgvtp80-Bfppyexh1QEg&oe=689E923C\",\"@id\":\"https:\\\/\\\/anoticiaonline.com.br\\\/site\\\/valeria-fernandes-publica-o-mundo-ploc-de-pedro\\\/#organizationLogo\"},\"image\":{\"@id\":\"https:\\\/\\\/anoticiaonline.com.br\\\/site\\\/valeria-fernandes-publica-o-mundo-ploc-de-pedro\\\/#organizationLogo\"}},{\"@type\":\"Person\",\"@id\":\"https:\\\/\\\/anoticiaonline.com.br\\\/site\\\/author\\\/juliana\\\/#author\",\"url\":\"https:\\\/\\\/anoticiaonline.com.br\\\/site\\\/author\\\/juliana\\\/\",\"name\":\"Juliana Laviola\",\"image\":{\"@type\":\"ImageObject\",\"@id\":\"https:\\\/\\\/anoticiaonline.com.br\\\/site\\\/valeria-fernandes-publica-o-mundo-ploc-de-pedro\\\/#authorImage\",\"url\":\"https:\\\/\\\/secure.gravatar.com\\\/avatar\\\/b8d45f5c699b100dfaf0e543582f38f38bf94cb7ae3a5e9abf8d891a34773335?s=96&d=mm&r=g\",\"width\":96,\"height\":96,\"caption\":\"Juliana Laviola\"}},{\"@type\":\"WebPage\",\"@id\":\"https:\\\/\\\/anoticiaonline.com.br\\\/site\\\/valeria-fernandes-publica-o-mundo-ploc-de-pedro\\\/#webpage\",\"url\":\"https:\\\/\\\/anoticiaonline.com.br\\\/site\\\/valeria-fernandes-publica-o-mundo-ploc-de-pedro\\\/\",\"name\":\"La\\u00e7amento de \\u201cO Mundo Ploc de Pedro\\u201d - A Not\\u00edcia Online\",\"description\":\"A acad\\u00eamica, pedagoga, professora e ex-presidente da Academia Muriaeense de Letras (AMLE), Val\\u00e9ria Cristina Monteiro de Barros Fernandes, natural de Laranjal, lan\\u00e7ou, na tarde de s\\u00e1bado (24), na sede da Institui\\u00e7\\u00e3o, o seu segundo livro, chamado \\u201cO Mundo Ploc de Pedro\\u201d. A renda arrecadada na venda ser\\u00e1 revertida para a Escola Estadual Jo\\u00e3o Alves Bittencourt\",\"inLanguage\":\"pt-BR\",\"isPartOf\":{\"@id\":\"https:\\\/\\\/anoticiaonline.com.br\\\/site\\\/#website\"},\"breadcrumb\":{\"@id\":\"https:\\\/\\\/anoticiaonline.com.br\\\/site\\\/valeria-fernandes-publica-o-mundo-ploc-de-pedro\\\/#breadcrumblist\"},\"author\":{\"@id\":\"https:\\\/\\\/anoticiaonline.com.br\\\/site\\\/author\\\/juliana\\\/#author\"},\"creator\":{\"@id\":\"https:\\\/\\\/anoticiaonline.com.br\\\/site\\\/author\\\/juliana\\\/#author\"},\"image\":{\"@type\":\"ImageObject\",\"url\":\"https:\\\/\\\/anoticiaonline.com.br\\\/site\\\/wp-content\\\/uploads\\\/2018\\\/03\\\/DSC_0377.jpg\",\"@id\":\"https:\\\/\\\/anoticiaonline.com.br\\\/site\\\/valeria-fernandes-publica-o-mundo-ploc-de-pedro\\\/#mainImage\",\"width\":640,\"height\":424},\"primaryImageOfPage\":{\"@id\":\"https:\\\/\\\/anoticiaonline.com.br\\\/site\\\/valeria-fernandes-publica-o-mundo-ploc-de-pedro\\\/#mainImage\"},\"datePublished\":\"2018-03-29T18:18:23-03:00\",\"dateModified\":\"2018-03-29T18:28:38-03:00\"},{\"@type\":\"WebSite\",\"@id\":\"https:\\\/\\\/anoticiaonline.com.br\\\/site\\\/#website\",\"url\":\"https:\\\/\\\/anoticiaonline.com.br\\\/site\\\/\",\"name\":\"A Not\\u00edcia Online\",\"description\":\"Noticias de Muria\\u00e9 e regi\\u00e3o\",\"inLanguage\":\"pt-BR\",\"publisher\":{\"@id\":\"https:\\\/\\\/anoticiaonline.com.br\\\/site\\\/#organization\"}}]}\n\t\t<\/script>\n\t\t<!-- All in One SEO -->\n\n","aioseo_head_json":{"title":"La\u00e7amento de \u201cO Mundo Ploc de Pedro\u201d - A Not\u00edcia Online","description":"A acad\u00eamica, pedagoga, professora e ex-presidente da Academia Muriaeense de Letras (AMLE), Val\u00e9ria Cristina Monteiro de Barros Fernandes, natural de Laranjal, lan\u00e7ou, na tarde de s\u00e1bado (24), na sede da Institui\u00e7\u00e3o, o seu segundo livro, chamado \u201cO Mundo Ploc de Pedro\u201d. A renda arrecadada na venda ser\u00e1 revertida para a Escola Estadual Jo\u00e3o Alves Bittencourt","canonical_url":"https:\/\/anoticiaonline.com.br\/site\/valeria-fernandes-publica-o-mundo-ploc-de-pedro\/","robots":"max-image-preview:large","keywords":"","webmasterTools":{"miscellaneous":""},"schema":{"@context":"https:\/\/schema.org","@graph":[{"@type":"BlogPosting","@id":"https:\/\/anoticiaonline.com.br\/site\/valeria-fernandes-publica-o-mundo-ploc-de-pedro\/#blogposting","name":"La\u00e7amento de \u201cO Mundo Ploc de Pedro\u201d - A Not\u00edcia Online","headline":"La\u00e7amento de \u201cO Mundo Ploc de Pedro\u201d","author":{"@id":"https:\/\/anoticiaonline.com.br\/site\/author\/juliana\/#author"},"publisher":{"@id":"https:\/\/anoticiaonline.com.br\/site\/#organization"},"image":{"@type":"ImageObject","url":"https:\/\/anoticiaonline.com.br\/site\/wp-content\/uploads\/2018\/03\/DSC_0377.jpg","width":640,"height":424},"datePublished":"2018-03-29T18:18:23-03:00","dateModified":"2018-03-29T18:28:38-03:00","inLanguage":"pt-BR","mainEntityOfPage":{"@id":"https:\/\/anoticiaonline.com.br\/site\/valeria-fernandes-publica-o-mundo-ploc-de-pedro\/#webpage"},"isPartOf":{"@id":"https:\/\/anoticiaonline.com.br\/site\/valeria-fernandes-publica-o-mundo-ploc-de-pedro\/#webpage"},"articleSection":"Gerais, Academia Muriaeense de Letras, Academia Muriaeense de Letras (AMLE), amle, autismo, Casa das Meninas de Muria\u00e9, Instituto da Fam\u00edlia\/INFA, livro, O Mundo Ploc de Pedro, Val\u00e9ria Fernandes"},{"@type":"BreadcrumbList","@id":"https:\/\/anoticiaonline.com.br\/site\/valeria-fernandes-publica-o-mundo-ploc-de-pedro\/#breadcrumblist","itemListElement":[{"@type":"ListItem","@id":"https:\/\/anoticiaonline.com.br\/site#listItem","position":1,"name":"Home","item":"https:\/\/anoticiaonline.com.br\/site","nextItem":{"@type":"ListItem","@id":"https:\/\/anoticiaonline.com.br\/site\/categoria\/gerais\/#listItem","name":"Gerais"}},{"@type":"ListItem","@id":"https:\/\/anoticiaonline.com.br\/site\/categoria\/gerais\/#listItem","position":2,"name":"Gerais","item":"https:\/\/anoticiaonline.com.br\/site\/categoria\/gerais\/","nextItem":{"@type":"ListItem","@id":"https:\/\/anoticiaonline.com.br\/site\/valeria-fernandes-publica-o-mundo-ploc-de-pedro\/#listItem","name":"La\u00e7amento de \u201cO Mundo Ploc de Pedro\u201d"},"previousItem":{"@type":"ListItem","@id":"https:\/\/anoticiaonline.com.br\/site#listItem","name":"Home"}},{"@type":"ListItem","@id":"https:\/\/anoticiaonline.com.br\/site\/valeria-fernandes-publica-o-mundo-ploc-de-pedro\/#listItem","position":3,"name":"La\u00e7amento de \u201cO Mundo Ploc de Pedro\u201d","previousItem":{"@type":"ListItem","@id":"https:\/\/anoticiaonline.com.br\/site\/categoria\/gerais\/#listItem","name":"Gerais"}}]},{"@type":"Organization","@id":"https:\/\/anoticiaonline.com.br\/site\/#organization","name":"A Not\u00edcia Online","description":"Noticias de Muria\u00e9 e regi\u00e3o","url":"https:\/\/anoticiaonline.com.br\/site\/","logo":{"@type":"ImageObject","url":"https:\/\/scontent-gig4-1.xx.fbcdn.net\/v\/t39.30808-1\/270437624_4564083193639691_6907940295614233970_n.jpg?stp=dst-jpg_s200x200_tt6&_nc_cat=111&ccb=1-7&_nc_sid=f907e8&_nc_ohc=SM1wRlP3lJwQ7kNvwEPuBYA&_nc_oc=AdnqrjDN_BNjSSHWO-GbkIWH6fkGMLw4bqvL_NH6e2wMveX7G-rP2dAqsDSq1mJMOaY&_nc_zt=24&_nc_ht=scontent-gig4-1.xx&_nc_gid=AoBFJeGrT1hVaew_6rchkQ&oh=00_AfX7QmFGhQhG2jAllVgXCiM1ZrWgvtp80-Bfppyexh1QEg&oe=689E923C","@id":"https:\/\/anoticiaonline.com.br\/site\/valeria-fernandes-publica-o-mundo-ploc-de-pedro\/#organizationLogo"},"image":{"@id":"https:\/\/anoticiaonline.com.br\/site\/valeria-fernandes-publica-o-mundo-ploc-de-pedro\/#organizationLogo"}},{"@type":"Person","@id":"https:\/\/anoticiaonline.com.br\/site\/author\/juliana\/#author","url":"https:\/\/anoticiaonline.com.br\/site\/author\/juliana\/","name":"Juliana Laviola","image":{"@type":"ImageObject","@id":"https:\/\/anoticiaonline.com.br\/site\/valeria-fernandes-publica-o-mundo-ploc-de-pedro\/#authorImage","url":"https:\/\/secure.gravatar.com\/avatar\/b8d45f5c699b100dfaf0e543582f38f38bf94cb7ae3a5e9abf8d891a34773335?s=96&d=mm&r=g","width":96,"height":96,"caption":"Juliana Laviola"}},{"@type":"WebPage","@id":"https:\/\/anoticiaonline.com.br\/site\/valeria-fernandes-publica-o-mundo-ploc-de-pedro\/#webpage","url":"https:\/\/anoticiaonline.com.br\/site\/valeria-fernandes-publica-o-mundo-ploc-de-pedro\/","name":"La\u00e7amento de \u201cO Mundo Ploc de Pedro\u201d - A Not\u00edcia Online","description":"A acad\u00eamica, pedagoga, professora e ex-presidente da Academia Muriaeense de Letras (AMLE), Val\u00e9ria Cristina Monteiro de Barros Fernandes, natural de Laranjal, lan\u00e7ou, na tarde de s\u00e1bado (24), na sede da Institui\u00e7\u00e3o, o seu segundo livro, chamado \u201cO Mundo Ploc de Pedro\u201d. A renda arrecadada na venda ser\u00e1 revertida para a Escola Estadual Jo\u00e3o Alves Bittencourt","inLanguage":"pt-BR","isPartOf":{"@id":"https:\/\/anoticiaonline.com.br\/site\/#website"},"breadcrumb":{"@id":"https:\/\/anoticiaonline.com.br\/site\/valeria-fernandes-publica-o-mundo-ploc-de-pedro\/#breadcrumblist"},"author":{"@id":"https:\/\/anoticiaonline.com.br\/site\/author\/juliana\/#author"},"creator":{"@id":"https:\/\/anoticiaonline.com.br\/site\/author\/juliana\/#author"},"image":{"@type":"ImageObject","url":"https:\/\/anoticiaonline.com.br\/site\/wp-content\/uploads\/2018\/03\/DSC_0377.jpg","@id":"https:\/\/anoticiaonline.com.br\/site\/valeria-fernandes-publica-o-mundo-ploc-de-pedro\/#mainImage","width":640,"height":424},"primaryImageOfPage":{"@id":"https:\/\/anoticiaonline.com.br\/site\/valeria-fernandes-publica-o-mundo-ploc-de-pedro\/#mainImage"},"datePublished":"2018-03-29T18:18:23-03:00","dateModified":"2018-03-29T18:28:38-03:00"},{"@type":"WebSite","@id":"https:\/\/anoticiaonline.com.br\/site\/#website","url":"https:\/\/anoticiaonline.com.br\/site\/","name":"A Not\u00edcia Online","description":"Noticias de Muria\u00e9 e regi\u00e3o","inLanguage":"pt-BR","publisher":{"@id":"https:\/\/anoticiaonline.com.br\/site\/#organization"}}]},"og:locale":"pt_BR","og:site_name":"A Not\u00edcia Online - Noticias de Muria\u00e9 e regi\u00e3o","og:type":"article","og:title":"La\u00e7amento de \u201cO Mundo Ploc de Pedro\u201d - A Not\u00edcia Online","og:description":"A acad\u00eamica, pedagoga, professora e ex-presidente da Academia Muriaeense de Letras (AMLE), Val\u00e9ria Cristina Monteiro de Barros Fernandes, natural de Laranjal, lan\u00e7ou, na tarde de s\u00e1bado (24), na sede da Institui\u00e7\u00e3o, o seu segundo livro, chamado \u201cO Mundo Ploc de Pedro\u201d. A renda arrecadada na venda ser\u00e1 revertida para a Escola Estadual Jo\u00e3o Alves Bittencourt","og:url":"https:\/\/anoticiaonline.com.br\/site\/valeria-fernandes-publica-o-mundo-ploc-de-pedro\/","og:image":"https:\/\/scontent-gig4-1.xx.fbcdn.net\/v\/t39.30808-1\/270437624_4564083193639691_6907940295614233970_n.jpg?stp=dst-jpg_s200x200_tt6&#038;_nc_cat=111&#038;ccb=1-7&#038;_nc_sid=f907e8&#038;_nc_ohc=SM1wRlP3lJwQ7kNvwEPuBYA&#038;_nc_oc=AdnqrjDN_BNjSSHWO-GbkIWH6fkGMLw4bqvL_NH6e2wMveX7G-rP2dAqsDSq1mJMOaY&#038;_nc_zt=24&#038;_nc_ht=scontent-gig4-1.xx&#038;_nc_gid=AoBFJeGrT1hVaew_6rchkQ&#038;oh=00_AfX7QmFGhQhG2jAllVgXCiM1ZrWgvtp80-Bfppyexh1QEg&#038;oe=689E923C","og:image:secure_url":"https:\/\/scontent-gig4-1.xx.fbcdn.net\/v\/t39.30808-1\/270437624_4564083193639691_6907940295614233970_n.jpg?stp=dst-jpg_s200x200_tt6&#038;_nc_cat=111&#038;ccb=1-7&#038;_nc_sid=f907e8&#038;_nc_ohc=SM1wRlP3lJwQ7kNvwEPuBYA&#038;_nc_oc=AdnqrjDN_BNjSSHWO-GbkIWH6fkGMLw4bqvL_NH6e2wMveX7G-rP2dAqsDSq1mJMOaY&#038;_nc_zt=24&#038;_nc_ht=scontent-gig4-1.xx&#038;_nc_gid=AoBFJeGrT1hVaew_6rchkQ&#038;oh=00_AfX7QmFGhQhG2jAllVgXCiM1ZrWgvtp80-Bfppyexh1QEg&#038;oe=689E923C","article:published_time":"2018-03-29T21:18:23+00:00","article:modified_time":"2018-03-29T21:28:38+00:00","twitter:card":"summary_large_image","twitter:title":"La\u00e7amento de \u201cO Mundo Ploc de Pedro\u201d - A Not\u00edcia Online","twitter:description":"A acad\u00eamica, pedagoga, professora e ex-presidente da Academia Muriaeense de Letras (AMLE), Val\u00e9ria Cristina Monteiro de Barros Fernandes, natural de Laranjal, lan\u00e7ou, na tarde de s\u00e1bado (24), na sede da Institui\u00e7\u00e3o, o seu segundo livro, chamado \u201cO Mundo Ploc de Pedro\u201d. A renda arrecadada na venda ser\u00e1 revertida para a Escola Estadual Jo\u00e3o Alves Bittencourt","twitter:image":"https:\/\/scontent-gig4-1.xx.fbcdn.net\/v\/t39.30808-1\/270437624_4564083193639691_6907940295614233970_n.jpg?stp=dst-jpg_s200x200_tt6&_nc_cat=111&ccb=1-7&_nc_sid=f907e8&_nc_ohc=SM1wRlP3lJwQ7kNvwEPuBYA&_nc_oc=AdnqrjDN_BNjSSHWO-GbkIWH6fkGMLw4bqvL_NH6e2wMveX7G-rP2dAqsDSq1mJMOaY&_nc_zt=24&_nc_ht=scontent-gig4-1.xx&_nc_gid=AoBFJeGrT1hVaew_6rchkQ&oh=00_AfX7QmFGhQhG2jAllVgXCiM1ZrWgvtp80-Bfppyexh1QEg&oe=689E923C"},"aioseo_meta_data":{"post_id":"52716","title":null,"description":null,"keywords":null,"keyphrases":null,"primary_term":null,"canonical_url":null,"og_title":null,"og_description":null,"og_object_type":"default","og_image_type":"default","og_image_url":null,"og_image_width":null,"og_image_height":null,"og_image_custom_url":null,"og_image_custom_fields":null,"og_video":null,"og_custom_url":null,"og_article_section":null,"og_article_tags":null,"twitter_use_og":false,"twitter_card":"default","twitter_image_type":"default","twitter_image_url":null,"twitter_image_custom_url":null,"twitter_image_custom_fields":null,"twitter_title":null,"twitter_description":null,"schema":{"blockGraphs":[],"customGraphs":[],"default":{"data":{"Article":[],"Course":[],"Dataset":[],"FAQPage":[],"Movie":[],"Person":[],"Product":[],"ProductReview":[],"Car":[],"Recipe":[],"Service":[],"SoftwareApplication":[],"WebPage":[]},"graphName":"","isEnabled":true},"graphs":[]},"schema_type":"default","schema_type_options":null,"pillar_content":false,"robots_default":true,"robots_noindex":false,"robots_noarchive":false,"robots_nosnippet":false,"robots_nofollow":false,"robots_noimageindex":false,"robots_noodp":false,"robots_notranslate":false,"robots_max_snippet":null,"robots_max_videopreview":null,"robots_max_imagepreview":"large","priority":null,"frequency":null,"local_seo":null,"breadcrumb_settings":null,"limit_modified_date":false,"ai":null,"created":"2025-08-16 20:36:18","updated":"2025-08-16 20:36:18","focus_keyword":null,"additional_keywords":null,"truseo_locale":null,"seo_analyzer_scan_date":null},"aioseo_breadcrumb":"<div class=\"aioseo-breadcrumbs\"><span class=\"aioseo-breadcrumb\">\n\t\t\t<a href=\"https:\/\/anoticiaonline.com.br\/site\" title=\"Home\">Home<\/a>\n\t\t<\/span><span class=\"aioseo-breadcrumb-separator\">&raquo;<\/span><span class=\"aioseo-breadcrumb\">\n\t\t\t<a href=\"https:\/\/anoticiaonline.com.br\/site\/categoria\/gerais\/\" title=\"Gerais\">Gerais<\/a>\n\t\t<\/span><span class=\"aioseo-breadcrumb-separator\">&raquo;<\/span><span class=\"aioseo-breadcrumb\">\n\t\t\tLa\u00e7amento de \u201cO Mundo Ploc de Pedro\u201d\n\t\t<\/span><\/div>","aioseo_breadcrumb_json":[{"label":"Home","link":"https:\/\/anoticiaonline.com.br\/site"},{"label":"Gerais","link":"https:\/\/anoticiaonline.com.br\/site\/categoria\/gerais\/"},{"label":"La\u00e7amento de \u201cO Mundo Ploc de Pedro\u201d","link":"https:\/\/anoticiaonline.com.br\/site\/valeria-fernandes-publica-o-mundo-ploc-de-pedro\/"}],"views":223,"_links":{"self":[{"href":"https:\/\/anoticiaonline.com.br\/site\/wp-json\/wp\/v2\/posts\/52716","targetHints":{"allow":["GET"]}}],"collection":[{"href":"https:\/\/anoticiaonline.com.br\/site\/wp-json\/wp\/v2\/posts"}],"about":[{"href":"https:\/\/anoticiaonline.com.br\/site\/wp-json\/wp\/v2\/types\/post"}],"author":[{"embeddable":true,"href":"https:\/\/anoticiaonline.com.br\/site\/wp-json\/wp\/v2\/users\/2"}],"replies":[{"embeddable":true,"href":"https:\/\/anoticiaonline.com.br\/site\/wp-json\/wp\/v2\/comments?post=52716"}],"version-history":[{"count":0,"href":"https:\/\/anoticiaonline.com.br\/site\/wp-json\/wp\/v2\/posts\/52716\/revisions"}],"wp:featuredmedia":[{"embeddable":true,"href":"https:\/\/anoticiaonline.com.br\/site\/wp-json\/wp\/v2\/media\/52723"}],"wp:attachment":[{"href":"https:\/\/anoticiaonline.com.br\/site\/wp-json\/wp\/v2\/media?parent=52716"}],"wp:term":[{"taxonomy":"category","embeddable":true,"href":"https:\/\/anoticiaonline.com.br\/site\/wp-json\/wp\/v2\/categories?post=52716"},{"taxonomy":"post_tag","embeddable":true,"href":"https:\/\/anoticiaonline.com.br\/site\/wp-json\/wp\/v2\/tags?post=52716"}],"curies":[{"name":"wp","href":"https:\/\/api.w.org\/{rel}","templated":true}]}}