{"id":5271,"date":"2015-10-28T08:06:18","date_gmt":"2015-10-28T11:06:18","guid":{"rendered":"http:\/\/anoticiaonline.com.br\/site\/?p=5271"},"modified":"2015-10-28T08:34:42","modified_gmt":"2015-10-28T11:34:42","slug":"enem-2015-tera-gabarito-oficial-divulgado-nesta-quarta-feira","status":"publish","type":"post","link":"https:\/\/anoticiaonline.com.br\/site\/enem-2015-tera-gabarito-oficial-divulgado-nesta-quarta-feira\/","title":{"rendered":"Enem 2015 ter\u00e1 gabarito oficial divulgado nesta quarta-feira"},"content":{"rendered":"<p><a href=\"https:\/\/anoticiaonline.com.br\/site\/wp-content\/uploads\/2015\/10\/12141780_923902477657567_3435822771327119972_n1.png\"><img fetchpriority=\"high\" decoding=\"async\" class=\" size-medium wp-image-5277 alignleft\" src=\"https:\/\/anoticiaonline.com.br\/site\/wp-content\/uploads\/2015\/10\/12141780_923902477657567_3435822771327119972_n1-300x300.png\" alt=\"12141780_923902477657567_3435822771327119972_n\" width=\"300\" height=\"300\" srcset=\"https:\/\/anoticiaonline.com.br\/site\/wp-content\/uploads\/2015\/10\/12141780_923902477657567_3435822771327119972_n1-300x300.png 300w, https:\/\/anoticiaonline.com.br\/site\/wp-content\/uploads\/2015\/10\/12141780_923902477657567_3435822771327119972_n1-150x150.png 150w, https:\/\/anoticiaonline.com.br\/site\/wp-content\/uploads\/2015\/10\/12141780_923902477657567_3435822771327119972_n1-144x144.png 144w, https:\/\/anoticiaonline.com.br\/site\/wp-content\/uploads\/2015\/10\/12141780_923902477657567_3435822771327119972_n1.png 640w\" sizes=\"(max-width: 300px) 100vw, 300px\" \/><\/a>O gabarito oficial do Exame Nacional do Ensino M\u00e9dio (Enem) ser\u00e1 divulgado nesta quarta-feira (28). Com um post no Twitter e no Facebook, o Minist\u00e9rio da Educa\u00e7\u00e3o (MEC) confirmou que os dados seriam liberados at\u00e9 a data.<\/p>\n<p>As provas do Enem foram realizadas em todo o pa\u00eds no s\u00e1bado (24) e no domingo (25). Para alguns estudantes, a impress\u00e3o foi de que a prova foi &#8220;a mais dif\u00edcil da hist\u00f3ria do exame&#8221;.<\/p>\n<p><strong>PR\u00d3XIMO PASSO &#8211;<\/strong> Depois de conferir o gabarito nesta semana, os candidatos precisam aguardar a divulga\u00e7\u00e3o das notas.<\/p>\n<p>Para a edi\u00e7\u00e3o 2015, o ministro Aloizio Mercadante ainda n\u00e3o divulgou estimativas de datas para apresenta\u00e7\u00e3o das notas ou para abertura do Sisu.<\/p>\n<p>Al\u00e9m da sele\u00e7\u00e3o de vagas em universidades p\u00fablicas, o Enem \u00e9 obrigat\u00f3rio para estudantes de escolas p\u00fablicas interessados em bolsas de estudo parciais ou integrais em universidades particulares por meio do Programa Universidade para Todos (Prouni), bolsas de interc\u00e2mbio pelo Ci\u00eancia sem Fronteiras e para universit\u00e1rios que querem financiar um curso superior por meio do Fies.<\/p>\n<p><strong>PROVAS DE S\u00c1BADO &#8211;<\/strong> O primeiro dia de provas teve 90 quest\u00f5es de ci\u00eancias humanas e da natureza, que precisavam ser respondidas em quatro horas e trinta minutos.\u00a0 Na prova de ci\u00eancias da natureza, alguns dos temas que foram abordados incluem assuntos sobre gen\u00e9tica e DNA, primeiros socorros e o desempenho esportivo de Usain Bolt.<\/p>\n<p><strong>PROVAS DE DOMINGO &#8211;<\/strong> O segundo dia de provas foi dedicado ao conjunto &#8220;Linguagens, c\u00f3digos e suas tecnologias, reda\u00e7\u00e3o e matem\u00e1tica&#8221;. Foram cinco horas e 30 minutos para resolver as 90 quest\u00f5es e produzir uma reda\u00e7\u00e3o de at\u00e9 30 linhas sobre o tema &#8220;A persist\u00eancia da viol\u00eancia contra a mulher na sociedade brasileira&#8221;.<\/p>\n","protected":false},"excerpt":{"rendered":"<p>O gabarito oficial do Exame Nacional do Ensino M\u00e9dio (Enem) ser\u00e1 divulgado nesta quarta-feira (28). Com um post no Twitter e no Facebook, o Minist\u00e9rio da Educa\u00e7\u00e3o (MEC) confirmou que os dados seriam liberados at\u00e9 a data. As provas do Enem foram realizadas em todo o pa\u00eds no s\u00e1bado (24) e no domingo (25). Para &#8230; <a title=\"Enem 2015 ter\u00e1 gabarito oficial divulgado nesta quarta-feira\" class=\"read-more\" href=\"https:\/\/anoticiaonline.com.br\/site\/enem-2015-tera-gabarito-oficial-divulgado-nesta-quarta-feira\/\" aria-label=\"Read more about Enem 2015 ter\u00e1 gabarito oficial divulgado nesta quarta-feira\">Ler mais<\/a><\/p>\n","protected":false},"author":2,"featured_media":5277,"comment_status":"open","ping_status":"open","sticky":false,"template":"","format":"standard","meta":{"_acf_changed":false,"_monsterinsights_skip_tracking":false,"footnotes":""},"categories":[1],"tags":[3],"class_list":["post-5271","post","type-post","status-publish","format-standard","has-post-thumbnail","hentry","category-gerais","tag-slide"],"acf":[],"aioseo_notices":[],"aioseo_head":"\n\t\t<!-- All in One SEO 5.0.0.1 - aioseo.com -->\n\t<meta name=\"description\" content=\"O gabarito oficial do Exame Nacional do Ensino M\u00e9dio (Enem) ser\u00e1 divulgado nesta quarta-feira (28). Com um post no Twitter e no Facebook, o Minist\u00e9rio da Educa\u00e7\u00e3o (MEC) confirmou que os dados seriam liberados at\u00e9 a data. As provas do Enem foram realizadas em todo o pa\u00eds no s\u00e1bado (24) e no domingo (25). Para\" \/>\n\t<meta name=\"robots\" content=\"max-image-preview:large\" \/>\n\t<meta name=\"author\" content=\"Juliana Laviola\"\/>\n\t<link rel=\"canonical\" href=\"https:\/\/anoticiaonline.com.br\/site\/enem-2015-tera-gabarito-oficial-divulgado-nesta-quarta-feira\/\" \/>\n\t<meta name=\"generator\" content=\"All in One SEO (AIOSEO) 5.0.0.1\" \/>\n\t\t<meta property=\"og:locale\" content=\"pt_BR\" \/>\n\t\t<meta property=\"og:site_name\" content=\"A Not\u00edcia Online - Noticias de Muria\u00e9 e regi\u00e3o\" \/>\n\t\t<meta property=\"og:type\" content=\"article\" \/>\n\t\t<meta property=\"og:title\" content=\"Enem 2015 ter\u00e1 gabarito oficial divulgado nesta quarta-feira - A Not\u00edcia Online\" \/>\n\t\t<meta property=\"og:description\" content=\"O gabarito oficial do Exame Nacional do Ensino M\u00e9dio (Enem) ser\u00e1 divulgado nesta quarta-feira (28). Com um post no Twitter e no Facebook, o Minist\u00e9rio da Educa\u00e7\u00e3o (MEC) confirmou que os dados seriam liberados at\u00e9 a data. As provas do Enem foram realizadas em todo o pa\u00eds no s\u00e1bado (24) e no domingo (25). Para\" \/>\n\t\t<meta property=\"og:url\" content=\"https:\/\/anoticiaonline.com.br\/site\/enem-2015-tera-gabarito-oficial-divulgado-nesta-quarta-feira\/\" \/>\n\t\t<meta property=\"og:image\" content=\"https:\/\/scontent-gig4-1.xx.fbcdn.net\/v\/t39.30808-1\/270437624_4564083193639691_6907940295614233970_n.jpg?stp=dst-jpg_s200x200_tt6&#038;_nc_cat=111&#038;ccb=1-7&#038;_nc_sid=f907e8&#038;_nc_ohc=SM1wRlP3lJwQ7kNvwEPuBYA&#038;_nc_oc=AdnqrjDN_BNjSSHWO-GbkIWH6fkGMLw4bqvL_NH6e2wMveX7G-rP2dAqsDSq1mJMOaY&#038;_nc_zt=24&#038;_nc_ht=scontent-gig4-1.xx&#038;_nc_gid=AoBFJeGrT1hVaew_6rchkQ&#038;oh=00_AfX7QmFGhQhG2jAllVgXCiM1ZrWgvtp80-Bfppyexh1QEg&#038;oe=689E923C\" \/>\n\t\t<meta property=\"og:image:secure_url\" content=\"https:\/\/scontent-gig4-1.xx.fbcdn.net\/v\/t39.30808-1\/270437624_4564083193639691_6907940295614233970_n.jpg?stp=dst-jpg_s200x200_tt6&#038;_nc_cat=111&#038;ccb=1-7&#038;_nc_sid=f907e8&#038;_nc_ohc=SM1wRlP3lJwQ7kNvwEPuBYA&#038;_nc_oc=AdnqrjDN_BNjSSHWO-GbkIWH6fkGMLw4bqvL_NH6e2wMveX7G-rP2dAqsDSq1mJMOaY&#038;_nc_zt=24&#038;_nc_ht=scontent-gig4-1.xx&#038;_nc_gid=AoBFJeGrT1hVaew_6rchkQ&#038;oh=00_AfX7QmFGhQhG2jAllVgXCiM1ZrWgvtp80-Bfppyexh1QEg&#038;oe=689E923C\" \/>\n\t\t<meta property=\"article:published_time\" content=\"2015-10-28T11:06:18+00:00\" \/>\n\t\t<meta property=\"article:modified_time\" content=\"2015-10-28T11:34:42+00:00\" \/>\n\t\t<meta name=\"twitter:card\" content=\"summary_large_image\" \/>\n\t\t<meta name=\"twitter:title\" content=\"Enem 2015 ter\u00e1 gabarito oficial divulgado nesta quarta-feira - A Not\u00edcia Online\" \/>\n\t\t<meta name=\"twitter:description\" content=\"O gabarito oficial do Exame Nacional do Ensino M\u00e9dio (Enem) ser\u00e1 divulgado nesta quarta-feira (28). Com um post no Twitter e no Facebook, o Minist\u00e9rio da Educa\u00e7\u00e3o (MEC) confirmou que os dados seriam liberados at\u00e9 a data. As provas do Enem foram realizadas em todo o pa\u00eds no s\u00e1bado (24) e no domingo (25). Para\" \/>\n\t\t<meta name=\"twitter:image\" content=\"https:\/\/scontent-gig4-1.xx.fbcdn.net\/v\/t39.30808-1\/270437624_4564083193639691_6907940295614233970_n.jpg?stp=dst-jpg_s200x200_tt6&amp;_nc_cat=111&amp;ccb=1-7&amp;_nc_sid=f907e8&amp;_nc_ohc=SM1wRlP3lJwQ7kNvwEPuBYA&amp;_nc_oc=AdnqrjDN_BNjSSHWO-GbkIWH6fkGMLw4bqvL_NH6e2wMveX7G-rP2dAqsDSq1mJMOaY&amp;_nc_zt=24&amp;_nc_ht=scontent-gig4-1.xx&amp;_nc_gid=AoBFJeGrT1hVaew_6rchkQ&amp;oh=00_AfX7QmFGhQhG2jAllVgXCiM1ZrWgvtp80-Bfppyexh1QEg&amp;oe=689E923C\" \/>\n\t\t<script type=\"application\/ld+json\" class=\"aioseo-schema\">\n\t\t\t{\"@context\":\"https:\\\/\\\/schema.org\",\"@graph\":[{\"@type\":\"BlogPosting\",\"@id\":\"https:\\\/\\\/anoticiaonline.com.br\\\/site\\\/enem-2015-tera-gabarito-oficial-divulgado-nesta-quarta-feira\\\/#blogposting\",\"name\":\"Enem 2015 ter\\u00e1 gabarito oficial divulgado nesta quarta-feira - A Not\\u00edcia Online\",\"headline\":\"Enem 2015 ter\\u00e1 gabarito oficial divulgado nesta quarta-feira\",\"author\":{\"@id\":\"https:\\\/\\\/anoticiaonline.com.br\\\/site\\\/author\\\/juliana\\\/#author\"},\"publisher\":{\"@id\":\"https:\\\/\\\/anoticiaonline.com.br\\\/site\\\/#organization\"},\"image\":{\"@type\":\"ImageObject\",\"url\":\"https:\\\/\\\/anoticiaonline.com.br\\\/site\\\/wp-content\\\/uploads\\\/2015\\\/10\\\/12141780_923902477657567_3435822771327119972_n1.png\",\"width\":640,\"height\":640},\"datePublished\":\"2015-10-28T08:06:18-03:00\",\"dateModified\":\"2015-10-28T08:34:42-03:00\",\"inLanguage\":\"pt-BR\",\"mainEntityOfPage\":{\"@id\":\"https:\\\/\\\/anoticiaonline.com.br\\\/site\\\/enem-2015-tera-gabarito-oficial-divulgado-nesta-quarta-feira\\\/#webpage\"},\"isPartOf\":{\"@id\":\"https:\\\/\\\/anoticiaonline.com.br\\\/site\\\/enem-2015-tera-gabarito-oficial-divulgado-nesta-quarta-feira\\\/#webpage\"},\"articleSection\":\"Gerais, slide\"},{\"@type\":\"BreadcrumbList\",\"@id\":\"https:\\\/\\\/anoticiaonline.com.br\\\/site\\\/enem-2015-tera-gabarito-oficial-divulgado-nesta-quarta-feira\\\/#breadcrumblist\",\"itemListElement\":[{\"@type\":\"ListItem\",\"@id\":\"https:\\\/\\\/anoticiaonline.com.br\\\/site#listItem\",\"position\":1,\"name\":\"Home\",\"item\":\"https:\\\/\\\/anoticiaonline.com.br\\\/site\",\"nextItem\":{\"@type\":\"ListItem\",\"@id\":\"https:\\\/\\\/anoticiaonline.com.br\\\/site\\\/categoria\\\/gerais\\\/#listItem\",\"name\":\"Gerais\"}},{\"@type\":\"ListItem\",\"@id\":\"https:\\\/\\\/anoticiaonline.com.br\\\/site\\\/categoria\\\/gerais\\\/#listItem\",\"position\":2,\"name\":\"Gerais\",\"item\":\"https:\\\/\\\/anoticiaonline.com.br\\\/site\\\/categoria\\\/gerais\\\/\",\"nextItem\":{\"@type\":\"ListItem\",\"@id\":\"https:\\\/\\\/anoticiaonline.com.br\\\/site\\\/enem-2015-tera-gabarito-oficial-divulgado-nesta-quarta-feira\\\/#listItem\",\"name\":\"Enem 2015 ter\\u00e1 gabarito oficial divulgado nesta quarta-feira\"},\"previousItem\":{\"@type\":\"ListItem\",\"@id\":\"https:\\\/\\\/anoticiaonline.com.br\\\/site#listItem\",\"name\":\"Home\"}},{\"@type\":\"ListItem\",\"@id\":\"https:\\\/\\\/anoticiaonline.com.br\\\/site\\\/enem-2015-tera-gabarito-oficial-divulgado-nesta-quarta-feira\\\/#listItem\",\"position\":3,\"name\":\"Enem 2015 ter\\u00e1 gabarito oficial divulgado nesta quarta-feira\",\"previousItem\":{\"@type\":\"ListItem\",\"@id\":\"https:\\\/\\\/anoticiaonline.com.br\\\/site\\\/categoria\\\/gerais\\\/#listItem\",\"name\":\"Gerais\"}}]},{\"@type\":\"Organization\",\"@id\":\"https:\\\/\\\/anoticiaonline.com.br\\\/site\\\/#organization\",\"name\":\"A Not\\u00edcia Online\",\"description\":\"Noticias de Muria\\u00e9 e regi\\u00e3o\",\"url\":\"https:\\\/\\\/anoticiaonline.com.br\\\/site\\\/\",\"logo\":{\"@type\":\"ImageObject\",\"url\":\"https:\\\/\\\/scontent-gig4-1.xx.fbcdn.net\\\/v\\\/t39.30808-1\\\/270437624_4564083193639691_6907940295614233970_n.jpg?stp=dst-jpg_s200x200_tt6&_nc_cat=111&ccb=1-7&_nc_sid=f907e8&_nc_ohc=SM1wRlP3lJwQ7kNvwEPuBYA&_nc_oc=AdnqrjDN_BNjSSHWO-GbkIWH6fkGMLw4bqvL_NH6e2wMveX7G-rP2dAqsDSq1mJMOaY&_nc_zt=24&_nc_ht=scontent-gig4-1.xx&_nc_gid=AoBFJeGrT1hVaew_6rchkQ&oh=00_AfX7QmFGhQhG2jAllVgXCiM1ZrWgvtp80-Bfppyexh1QEg&oe=689E923C\",\"@id\":\"https:\\\/\\\/anoticiaonline.com.br\\\/site\\\/enem-2015-tera-gabarito-oficial-divulgado-nesta-quarta-feira\\\/#organizationLogo\"},\"image\":{\"@id\":\"https:\\\/\\\/anoticiaonline.com.br\\\/site\\\/enem-2015-tera-gabarito-oficial-divulgado-nesta-quarta-feira\\\/#organizationLogo\"}},{\"@type\":\"Person\",\"@id\":\"https:\\\/\\\/anoticiaonline.com.br\\\/site\\\/author\\\/juliana\\\/#author\",\"url\":\"https:\\\/\\\/anoticiaonline.com.br\\\/site\\\/author\\\/juliana\\\/\",\"name\":\"Juliana Laviola\",\"image\":{\"@type\":\"ImageObject\",\"@id\":\"https:\\\/\\\/anoticiaonline.com.br\\\/site\\\/enem-2015-tera-gabarito-oficial-divulgado-nesta-quarta-feira\\\/#authorImage\",\"url\":\"https:\\\/\\\/secure.gravatar.com\\\/avatar\\\/b8d45f5c699b100dfaf0e543582f38f38bf94cb7ae3a5e9abf8d891a34773335?s=96&d=mm&r=g\",\"width\":96,\"height\":96,\"caption\":\"Juliana Laviola\"}},{\"@type\":\"WebPage\",\"@id\":\"https:\\\/\\\/anoticiaonline.com.br\\\/site\\\/enem-2015-tera-gabarito-oficial-divulgado-nesta-quarta-feira\\\/#webpage\",\"url\":\"https:\\\/\\\/anoticiaonline.com.br\\\/site\\\/enem-2015-tera-gabarito-oficial-divulgado-nesta-quarta-feira\\\/\",\"name\":\"Enem 2015 ter\\u00e1 gabarito oficial divulgado nesta quarta-feira - A Not\\u00edcia Online\",\"description\":\"O gabarito oficial do Exame Nacional do Ensino M\\u00e9dio (Enem) ser\\u00e1 divulgado nesta quarta-feira (28). Com um post no Twitter e no Facebook, o Minist\\u00e9rio da Educa\\u00e7\\u00e3o (MEC) confirmou que os dados seriam liberados at\\u00e9 a data. As provas do Enem foram realizadas em todo o pa\\u00eds no s\\u00e1bado (24) e no domingo (25). Para\",\"inLanguage\":\"pt-BR\",\"isPartOf\":{\"@id\":\"https:\\\/\\\/anoticiaonline.com.br\\\/site\\\/#website\"},\"breadcrumb\":{\"@id\":\"https:\\\/\\\/anoticiaonline.com.br\\\/site\\\/enem-2015-tera-gabarito-oficial-divulgado-nesta-quarta-feira\\\/#breadcrumblist\"},\"author\":{\"@id\":\"https:\\\/\\\/anoticiaonline.com.br\\\/site\\\/author\\\/juliana\\\/#author\"},\"creator\":{\"@id\":\"https:\\\/\\\/anoticiaonline.com.br\\\/site\\\/author\\\/juliana\\\/#author\"},\"image\":{\"@type\":\"ImageObject\",\"url\":\"https:\\\/\\\/anoticiaonline.com.br\\\/site\\\/wp-content\\\/uploads\\\/2015\\\/10\\\/12141780_923902477657567_3435822771327119972_n1.png\",\"@id\":\"https:\\\/\\\/anoticiaonline.com.br\\\/site\\\/enem-2015-tera-gabarito-oficial-divulgado-nesta-quarta-feira\\\/#mainImage\",\"width\":640,\"height\":640},\"primaryImageOfPage\":{\"@id\":\"https:\\\/\\\/anoticiaonline.com.br\\\/site\\\/enem-2015-tera-gabarito-oficial-divulgado-nesta-quarta-feira\\\/#mainImage\"},\"datePublished\":\"2015-10-28T08:06:18-03:00\",\"dateModified\":\"2015-10-28T08:34:42-03:00\"},{\"@type\":\"WebSite\",\"@id\":\"https:\\\/\\\/anoticiaonline.com.br\\\/site\\\/#website\",\"url\":\"https:\\\/\\\/anoticiaonline.com.br\\\/site\\\/\",\"name\":\"A Not\\u00edcia Online\",\"description\":\"Noticias de Muria\\u00e9 e regi\\u00e3o\",\"inLanguage\":\"pt-BR\",\"publisher\":{\"@id\":\"https:\\\/\\\/anoticiaonline.com.br\\\/site\\\/#organization\"}}]}\n\t\t<\/script>\n\t\t<!-- All in One SEO -->\n\n","aioseo_head_json":{"title":"Enem 2015 ter\u00e1 gabarito oficial divulgado nesta quarta-feira - A Not\u00edcia Online","description":"O gabarito oficial do Exame Nacional do Ensino M\u00e9dio (Enem) ser\u00e1 divulgado nesta quarta-feira (28). Com um post no Twitter e no Facebook, o Minist\u00e9rio da Educa\u00e7\u00e3o (MEC) confirmou que os dados seriam liberados at\u00e9 a data. As provas do Enem foram realizadas em todo o pa\u00eds no s\u00e1bado (24) e no domingo (25). Para","canonical_url":"https:\/\/anoticiaonline.com.br\/site\/enem-2015-tera-gabarito-oficial-divulgado-nesta-quarta-feira\/","robots":"max-image-preview:large","keywords":"","webmasterTools":{"miscellaneous":""},"schema":{"@context":"https:\/\/schema.org","@graph":[{"@type":"BlogPosting","@id":"https:\/\/anoticiaonline.com.br\/site\/enem-2015-tera-gabarito-oficial-divulgado-nesta-quarta-feira\/#blogposting","name":"Enem 2015 ter\u00e1 gabarito oficial divulgado nesta quarta-feira - A Not\u00edcia Online","headline":"Enem 2015 ter\u00e1 gabarito oficial divulgado nesta quarta-feira","author":{"@id":"https:\/\/anoticiaonline.com.br\/site\/author\/juliana\/#author"},"publisher":{"@id":"https:\/\/anoticiaonline.com.br\/site\/#organization"},"image":{"@type":"ImageObject","url":"https:\/\/anoticiaonline.com.br\/site\/wp-content\/uploads\/2015\/10\/12141780_923902477657567_3435822771327119972_n1.png","width":640,"height":640},"datePublished":"2015-10-28T08:06:18-03:00","dateModified":"2015-10-28T08:34:42-03:00","inLanguage":"pt-BR","mainEntityOfPage":{"@id":"https:\/\/anoticiaonline.com.br\/site\/enem-2015-tera-gabarito-oficial-divulgado-nesta-quarta-feira\/#webpage"},"isPartOf":{"@id":"https:\/\/anoticiaonline.com.br\/site\/enem-2015-tera-gabarito-oficial-divulgado-nesta-quarta-feira\/#webpage"},"articleSection":"Gerais, slide"},{"@type":"BreadcrumbList","@id":"https:\/\/anoticiaonline.com.br\/site\/enem-2015-tera-gabarito-oficial-divulgado-nesta-quarta-feira\/#breadcrumblist","itemListElement":[{"@type":"ListItem","@id":"https:\/\/anoticiaonline.com.br\/site#listItem","position":1,"name":"Home","item":"https:\/\/anoticiaonline.com.br\/site","nextItem":{"@type":"ListItem","@id":"https:\/\/anoticiaonline.com.br\/site\/categoria\/gerais\/#listItem","name":"Gerais"}},{"@type":"ListItem","@id":"https:\/\/anoticiaonline.com.br\/site\/categoria\/gerais\/#listItem","position":2,"name":"Gerais","item":"https:\/\/anoticiaonline.com.br\/site\/categoria\/gerais\/","nextItem":{"@type":"ListItem","@id":"https:\/\/anoticiaonline.com.br\/site\/enem-2015-tera-gabarito-oficial-divulgado-nesta-quarta-feira\/#listItem","name":"Enem 2015 ter\u00e1 gabarito oficial divulgado nesta quarta-feira"},"previousItem":{"@type":"ListItem","@id":"https:\/\/anoticiaonline.com.br\/site#listItem","name":"Home"}},{"@type":"ListItem","@id":"https:\/\/anoticiaonline.com.br\/site\/enem-2015-tera-gabarito-oficial-divulgado-nesta-quarta-feira\/#listItem","position":3,"name":"Enem 2015 ter\u00e1 gabarito oficial divulgado nesta quarta-feira","previousItem":{"@type":"ListItem","@id":"https:\/\/anoticiaonline.com.br\/site\/categoria\/gerais\/#listItem","name":"Gerais"}}]},{"@type":"Organization","@id":"https:\/\/anoticiaonline.com.br\/site\/#organization","name":"A Not\u00edcia Online","description":"Noticias de Muria\u00e9 e regi\u00e3o","url":"https:\/\/anoticiaonline.com.br\/site\/","logo":{"@type":"ImageObject","url":"https:\/\/scontent-gig4-1.xx.fbcdn.net\/v\/t39.30808-1\/270437624_4564083193639691_6907940295614233970_n.jpg?stp=dst-jpg_s200x200_tt6&_nc_cat=111&ccb=1-7&_nc_sid=f907e8&_nc_ohc=SM1wRlP3lJwQ7kNvwEPuBYA&_nc_oc=AdnqrjDN_BNjSSHWO-GbkIWH6fkGMLw4bqvL_NH6e2wMveX7G-rP2dAqsDSq1mJMOaY&_nc_zt=24&_nc_ht=scontent-gig4-1.xx&_nc_gid=AoBFJeGrT1hVaew_6rchkQ&oh=00_AfX7QmFGhQhG2jAllVgXCiM1ZrWgvtp80-Bfppyexh1QEg&oe=689E923C","@id":"https:\/\/anoticiaonline.com.br\/site\/enem-2015-tera-gabarito-oficial-divulgado-nesta-quarta-feira\/#organizationLogo"},"image":{"@id":"https:\/\/anoticiaonline.com.br\/site\/enem-2015-tera-gabarito-oficial-divulgado-nesta-quarta-feira\/#organizationLogo"}},{"@type":"Person","@id":"https:\/\/anoticiaonline.com.br\/site\/author\/juliana\/#author","url":"https:\/\/anoticiaonline.com.br\/site\/author\/juliana\/","name":"Juliana Laviola","image":{"@type":"ImageObject","@id":"https:\/\/anoticiaonline.com.br\/site\/enem-2015-tera-gabarito-oficial-divulgado-nesta-quarta-feira\/#authorImage","url":"https:\/\/secure.gravatar.com\/avatar\/b8d45f5c699b100dfaf0e543582f38f38bf94cb7ae3a5e9abf8d891a34773335?s=96&d=mm&r=g","width":96,"height":96,"caption":"Juliana Laviola"}},{"@type":"WebPage","@id":"https:\/\/anoticiaonline.com.br\/site\/enem-2015-tera-gabarito-oficial-divulgado-nesta-quarta-feira\/#webpage","url":"https:\/\/anoticiaonline.com.br\/site\/enem-2015-tera-gabarito-oficial-divulgado-nesta-quarta-feira\/","name":"Enem 2015 ter\u00e1 gabarito oficial divulgado nesta quarta-feira - A Not\u00edcia Online","description":"O gabarito oficial do Exame Nacional do Ensino M\u00e9dio (Enem) ser\u00e1 divulgado nesta quarta-feira (28). Com um post no Twitter e no Facebook, o Minist\u00e9rio da Educa\u00e7\u00e3o (MEC) confirmou que os dados seriam liberados at\u00e9 a data. As provas do Enem foram realizadas em todo o pa\u00eds no s\u00e1bado (24) e no domingo (25). Para","inLanguage":"pt-BR","isPartOf":{"@id":"https:\/\/anoticiaonline.com.br\/site\/#website"},"breadcrumb":{"@id":"https:\/\/anoticiaonline.com.br\/site\/enem-2015-tera-gabarito-oficial-divulgado-nesta-quarta-feira\/#breadcrumblist"},"author":{"@id":"https:\/\/anoticiaonline.com.br\/site\/author\/juliana\/#author"},"creator":{"@id":"https:\/\/anoticiaonline.com.br\/site\/author\/juliana\/#author"},"image":{"@type":"ImageObject","url":"https:\/\/anoticiaonline.com.br\/site\/wp-content\/uploads\/2015\/10\/12141780_923902477657567_3435822771327119972_n1.png","@id":"https:\/\/anoticiaonline.com.br\/site\/enem-2015-tera-gabarito-oficial-divulgado-nesta-quarta-feira\/#mainImage","width":640,"height":640},"primaryImageOfPage":{"@id":"https:\/\/anoticiaonline.com.br\/site\/enem-2015-tera-gabarito-oficial-divulgado-nesta-quarta-feira\/#mainImage"},"datePublished":"2015-10-28T08:06:18-03:00","dateModified":"2015-10-28T08:34:42-03:00"},{"@type":"WebSite","@id":"https:\/\/anoticiaonline.com.br\/site\/#website","url":"https:\/\/anoticiaonline.com.br\/site\/","name":"A Not\u00edcia Online","description":"Noticias de Muria\u00e9 e regi\u00e3o","inLanguage":"pt-BR","publisher":{"@id":"https:\/\/anoticiaonline.com.br\/site\/#organization"}}]},"og:locale":"pt_BR","og:site_name":"A Not\u00edcia Online - Noticias de Muria\u00e9 e regi\u00e3o","og:type":"article","og:title":"Enem 2015 ter\u00e1 gabarito oficial divulgado nesta quarta-feira - A Not\u00edcia Online","og:description":"O gabarito oficial do Exame Nacional do Ensino M\u00e9dio (Enem) ser\u00e1 divulgado nesta quarta-feira (28). Com um post no Twitter e no Facebook, o Minist\u00e9rio da Educa\u00e7\u00e3o (MEC) confirmou que os dados seriam liberados at\u00e9 a data. As provas do Enem foram realizadas em todo o pa\u00eds no s\u00e1bado (24) e no domingo (25). Para","og:url":"https:\/\/anoticiaonline.com.br\/site\/enem-2015-tera-gabarito-oficial-divulgado-nesta-quarta-feira\/","og:image":"https:\/\/scontent-gig4-1.xx.fbcdn.net\/v\/t39.30808-1\/270437624_4564083193639691_6907940295614233970_n.jpg?stp=dst-jpg_s200x200_tt6&#038;_nc_cat=111&#038;ccb=1-7&#038;_nc_sid=f907e8&#038;_nc_ohc=SM1wRlP3lJwQ7kNvwEPuBYA&#038;_nc_oc=AdnqrjDN_BNjSSHWO-GbkIWH6fkGMLw4bqvL_NH6e2wMveX7G-rP2dAqsDSq1mJMOaY&#038;_nc_zt=24&#038;_nc_ht=scontent-gig4-1.xx&#038;_nc_gid=AoBFJeGrT1hVaew_6rchkQ&#038;oh=00_AfX7QmFGhQhG2jAllVgXCiM1ZrWgvtp80-Bfppyexh1QEg&#038;oe=689E923C","og:image:secure_url":"https:\/\/scontent-gig4-1.xx.fbcdn.net\/v\/t39.30808-1\/270437624_4564083193639691_6907940295614233970_n.jpg?stp=dst-jpg_s200x200_tt6&#038;_nc_cat=111&#038;ccb=1-7&#038;_nc_sid=f907e8&#038;_nc_ohc=SM1wRlP3lJwQ7kNvwEPuBYA&#038;_nc_oc=AdnqrjDN_BNjSSHWO-GbkIWH6fkGMLw4bqvL_NH6e2wMveX7G-rP2dAqsDSq1mJMOaY&#038;_nc_zt=24&#038;_nc_ht=scontent-gig4-1.xx&#038;_nc_gid=AoBFJeGrT1hVaew_6rchkQ&#038;oh=00_AfX7QmFGhQhG2jAllVgXCiM1ZrWgvtp80-Bfppyexh1QEg&#038;oe=689E923C","article:published_time":"2015-10-28T11:06:18+00:00","article:modified_time":"2015-10-28T11:34:42+00:00","twitter:card":"summary_large_image","twitter:title":"Enem 2015 ter\u00e1 gabarito oficial divulgado nesta quarta-feira - A Not\u00edcia Online","twitter:description":"O gabarito oficial do Exame Nacional do Ensino M\u00e9dio (Enem) ser\u00e1 divulgado nesta quarta-feira (28). Com um post no Twitter e no Facebook, o Minist\u00e9rio da Educa\u00e7\u00e3o (MEC) confirmou que os dados seriam liberados at\u00e9 a data. As provas do Enem foram realizadas em todo o pa\u00eds no s\u00e1bado (24) e no domingo (25). Para","twitter:image":"https:\/\/scontent-gig4-1.xx.fbcdn.net\/v\/t39.30808-1\/270437624_4564083193639691_6907940295614233970_n.jpg?stp=dst-jpg_s200x200_tt6&_nc_cat=111&ccb=1-7&_nc_sid=f907e8&_nc_ohc=SM1wRlP3lJwQ7kNvwEPuBYA&_nc_oc=AdnqrjDN_BNjSSHWO-GbkIWH6fkGMLw4bqvL_NH6e2wMveX7G-rP2dAqsDSq1mJMOaY&_nc_zt=24&_nc_ht=scontent-gig4-1.xx&_nc_gid=AoBFJeGrT1hVaew_6rchkQ&oh=00_AfX7QmFGhQhG2jAllVgXCiM1ZrWgvtp80-Bfppyexh1QEg&oe=689E923C"},"aioseo_meta_data":{"post_id":"5271","title":null,"description":null,"keywords":null,"keyphrases":null,"primary_term":null,"canonical_url":null,"og_title":null,"og_description":null,"og_object_type":"default","og_image_type":"default","og_image_url":null,"og_image_width":null,"og_image_height":null,"og_image_custom_url":null,"og_image_custom_fields":null,"og_video":null,"og_custom_url":null,"og_article_section":null,"og_article_tags":null,"twitter_use_og":false,"twitter_card":"default","twitter_image_type":"default","twitter_image_url":null,"twitter_image_custom_url":null,"twitter_image_custom_fields":null,"twitter_title":null,"twitter_description":null,"schema":{"blockGraphs":[],"customGraphs":[],"default":{"data":{"Article":[],"Course":[],"Dataset":[],"FAQPage":[],"Movie":[],"Person":[],"Product":[],"ProductReview":[],"Car":[],"Recipe":[],"Service":[],"SoftwareApplication":[],"WebPage":[]},"graphName":"","isEnabled":true},"graphs":[]},"schema_type":"default","schema_type_options":null,"pillar_content":false,"robots_default":true,"robots_noindex":false,"robots_noarchive":false,"robots_nosnippet":false,"robots_nofollow":false,"robots_noimageindex":false,"robots_noodp":false,"robots_notranslate":false,"robots_max_snippet":null,"robots_max_videopreview":null,"robots_max_imagepreview":"large","priority":null,"frequency":null,"local_seo":null,"breadcrumb_settings":null,"limit_modified_date":false,"ai":null,"created":"2025-08-16 13:43:07","updated":"2025-08-16 13:43:07","focus_keyword":null,"additional_keywords":null,"truseo_locale":null,"seo_analyzer_scan_date":null},"aioseo_breadcrumb":"<div class=\"aioseo-breadcrumbs\"><span class=\"aioseo-breadcrumb\">\n\t\t\t<a href=\"https:\/\/anoticiaonline.com.br\/site\" title=\"Home\">Home<\/a>\n\t\t<\/span><span class=\"aioseo-breadcrumb-separator\">&raquo;<\/span><span class=\"aioseo-breadcrumb\">\n\t\t\t<a href=\"https:\/\/anoticiaonline.com.br\/site\/categoria\/gerais\/\" title=\"Gerais\">Gerais<\/a>\n\t\t<\/span><span class=\"aioseo-breadcrumb-separator\">&raquo;<\/span><span class=\"aioseo-breadcrumb\">\n\t\t\tEnem 2015 ter\u00e1 gabarito oficial divulgado nesta quarta-feira\n\t\t<\/span><\/div>","aioseo_breadcrumb_json":[{"label":"Home","link":"https:\/\/anoticiaonline.com.br\/site"},{"label":"Gerais","link":"https:\/\/anoticiaonline.com.br\/site\/categoria\/gerais\/"},{"label":"Enem 2015 ter\u00e1 gabarito oficial divulgado nesta quarta-feira","link":"https:\/\/anoticiaonline.com.br\/site\/enem-2015-tera-gabarito-oficial-divulgado-nesta-quarta-feira\/"}],"views":126,"_links":{"self":[{"href":"https:\/\/anoticiaonline.com.br\/site\/wp-json\/wp\/v2\/posts\/5271","targetHints":{"allow":["GET"]}}],"collection":[{"href":"https:\/\/anoticiaonline.com.br\/site\/wp-json\/wp\/v2\/posts"}],"about":[{"href":"https:\/\/anoticiaonline.com.br\/site\/wp-json\/wp\/v2\/types\/post"}],"author":[{"embeddable":true,"href":"https:\/\/anoticiaonline.com.br\/site\/wp-json\/wp\/v2\/users\/2"}],"replies":[{"embeddable":true,"href":"https:\/\/anoticiaonline.com.br\/site\/wp-json\/wp\/v2\/comments?post=5271"}],"version-history":[{"count":0,"href":"https:\/\/anoticiaonline.com.br\/site\/wp-json\/wp\/v2\/posts\/5271\/revisions"}],"wp:featuredmedia":[{"embeddable":true,"href":"https:\/\/anoticiaonline.com.br\/site\/wp-json\/wp\/v2\/media\/5277"}],"wp:attachment":[{"href":"https:\/\/anoticiaonline.com.br\/site\/wp-json\/wp\/v2\/media?parent=5271"}],"wp:term":[{"taxonomy":"category","embeddable":true,"href":"https:\/\/anoticiaonline.com.br\/site\/wp-json\/wp\/v2\/categories?post=5271"},{"taxonomy":"post_tag","embeddable":true,"href":"https:\/\/anoticiaonline.com.br\/site\/wp-json\/wp\/v2\/tags?post=5271"}],"curies":[{"name":"wp","href":"https:\/\/api.w.org\/{rel}","templated":true}]}}