{"id":5268,"date":"2015-10-27T15:17:06","date_gmt":"2015-10-27T18:17:06","guid":{"rendered":"http:\/\/anoticiaonline.com.br\/site\/?p=5268"},"modified":"2015-10-29T11:23:55","modified_gmt":"2015-10-29T14:23:55","slug":"locadora-de-carros-e-arrombada-e-bandidos-colocaram-fogo-no-escritorio","status":"publish","type":"post","link":"https:\/\/anoticiaonline.com.br\/site\/locadora-de-carros-e-arrombada-e-bandidos-colocaram-fogo-no-escritorio\/","title":{"rendered":"Locadora de carros \u00e9 arrombada e bandidos colocam fogo no escrit\u00f3rio"},"content":{"rendered":"<p><a href=\"https:\/\/anoticiaonline.com.br\/site\/wp-content\/uploads\/2015\/10\/Locadora-de-carros-\u00e9-arrombada-e-bandidos-colocaram-fogo-no-escrit\u00f3rio.jpg\"><img fetchpriority=\"high\" decoding=\"async\" class=\" size-medium wp-image-5269 alignleft\" src=\"https:\/\/anoticiaonline.com.br\/site\/wp-content\/uploads\/2015\/10\/Locadora-de-carros-\u00e9-arrombada-e-bandidos-colocaram-fogo-no-escrit\u00f3rio-300x225.jpg\" alt=\"Locadora de carros \u00e9 arrombada e bandidos colocaram fogo no escrit\u00f3rio\" width=\"300\" height=\"225\" srcset=\"https:\/\/anoticiaonline.com.br\/site\/wp-content\/uploads\/2015\/10\/Locadora-de-carros-\u00e9-arrombada-e-bandidos-colocaram-fogo-no-escrit\u00f3rio-300x225.jpg 300w, https:\/\/anoticiaonline.com.br\/site\/wp-content\/uploads\/2015\/10\/Locadora-de-carros-\u00e9-arrombada-e-bandidos-colocaram-fogo-no-escrit\u00f3rio.jpg 640w\" sizes=\"(max-width: 300px) 100vw, 300px\" \/><\/a>Uma locadora de carros foi arrombada na madrugada desta ter\u00e7a-feira (27) e os bandidos ainda colocaram fogo no estabelecimento, que est\u00e1 localizado na regi\u00e3o central da cidade. Esta foi a segunda vez em 15 dias que a locadora foi alvo de bandidos, os quais, inclusive, pixaram o n\u00famero \u201c2\u201d em uma porta, indicando que os autores poderiam ser os mesmos que cometeram o crime anterior.<\/p>\n<p>Assim como na outra ocorr\u00eancia, os ladr\u00f5es arrombaram a parede que fica \u00e0s margens do Rio Muria\u00e9, que havia sido reparada ap\u00f3s a primeira invas\u00e3o. A central de alarme foi arrancada e o interior da locadora foi revirado. As chamas destru\u00edram pap\u00e9is e danificaram alguns m\u00f3veis.<\/p>\n<p>Em entrevista \u00e0 imprensa, o dono da locadora disse suspeitar que os autores incendiaram o local\u00a0 por n\u00e3o encontrarem nada de valor que pudessem carregar facilmente, j\u00e1 que, desde o crime anterior, n\u00e3o deixa mais nada de valioso na empresa que possa ser levado com facilidade. O empres\u00e1rio revelou ainda que pretende mudar seu neg\u00f3cio de endere\u00e7o.<\/p>\n","protected":false},"excerpt":{"rendered":"<p>Uma locadora de carros foi arrombada na madrugada desta ter\u00e7a-feira (27) e os bandidos ainda colocaram fogo no estabelecimento, que est\u00e1 localizado na regi\u00e3o central da cidade. Esta foi a segunda vez em 15 dias que a locadora foi alvo de bandidos, os quais, inclusive, pixaram o n\u00famero \u201c2\u201d em uma porta, indicando que os &#8230; <a title=\"Locadora de carros \u00e9 arrombada e bandidos colocam fogo no escrit\u00f3rio\" class=\"read-more\" href=\"https:\/\/anoticiaonline.com.br\/site\/locadora-de-carros-e-arrombada-e-bandidos-colocaram-fogo-no-escritorio\/\" aria-label=\"Read more about Locadora de carros \u00e9 arrombada e bandidos colocam fogo no escrit\u00f3rio\">Ler mais<\/a><\/p>\n","protected":false},"author":2,"featured_media":5269,"comment_status":"open","ping_status":"open","sticky":false,"template":"","format":"standard","meta":{"_acf_changed":false,"_monsterinsights_skip_tracking":false,"footnotes":""},"categories":[30],"tags":[3],"class_list":["post-5268","post","type-post","status-publish","format-standard","has-post-thumbnail","hentry","category-muriae","tag-slide"],"acf":[],"aioseo_notices":[],"aioseo_head":"\n\t\t<!-- All in One SEO 5.0.0.1 - aioseo.com -->\n\t<meta name=\"description\" content=\"Uma locadora de carros foi arrombada na madrugada desta ter\u00e7a-feira (27) e os bandidos ainda colocaram fogo no estabelecimento, que est\u00e1 localizado na regi\u00e3o central da cidade. Esta foi a segunda vez em 15 dias que a locadora foi alvo de bandidos, os quais, inclusive, pixaram o n\u00famero \u201c2\u201d em uma porta, indicando que os\" \/>\n\t<meta name=\"robots\" content=\"max-image-preview:large\" \/>\n\t<meta name=\"author\" content=\"Juliana Laviola\"\/>\n\t<link rel=\"canonical\" href=\"https:\/\/anoticiaonline.com.br\/site\/locadora-de-carros-e-arrombada-e-bandidos-colocaram-fogo-no-escritorio\/\" \/>\n\t<meta name=\"generator\" content=\"All in One SEO (AIOSEO) 5.0.0.1\" \/>\n\t\t<meta property=\"og:locale\" content=\"pt_BR\" \/>\n\t\t<meta property=\"og:site_name\" content=\"A Not\u00edcia Online - Noticias de Muria\u00e9 e regi\u00e3o\" \/>\n\t\t<meta property=\"og:type\" content=\"article\" \/>\n\t\t<meta property=\"og:title\" content=\"Locadora de carros \u00e9 arrombada e bandidos colocam fogo no escrit\u00f3rio - A Not\u00edcia Online\" \/>\n\t\t<meta property=\"og:description\" content=\"Uma locadora de carros foi arrombada na madrugada desta ter\u00e7a-feira (27) e os bandidos ainda colocaram fogo no estabelecimento, que est\u00e1 localizado na regi\u00e3o central da cidade. Esta foi a segunda vez em 15 dias que a locadora foi alvo de bandidos, os quais, inclusive, pixaram o n\u00famero \u201c2\u201d em uma porta, indicando que os\" \/>\n\t\t<meta property=\"og:url\" content=\"https:\/\/anoticiaonline.com.br\/site\/locadora-de-carros-e-arrombada-e-bandidos-colocaram-fogo-no-escritorio\/\" \/>\n\t\t<meta property=\"og:image\" content=\"https:\/\/scontent-gig4-1.xx.fbcdn.net\/v\/t39.30808-1\/270437624_4564083193639691_6907940295614233970_n.jpg?stp=dst-jpg_s200x200_tt6&#038;_nc_cat=111&#038;ccb=1-7&#038;_nc_sid=f907e8&#038;_nc_ohc=SM1wRlP3lJwQ7kNvwEPuBYA&#038;_nc_oc=AdnqrjDN_BNjSSHWO-GbkIWH6fkGMLw4bqvL_NH6e2wMveX7G-rP2dAqsDSq1mJMOaY&#038;_nc_zt=24&#038;_nc_ht=scontent-gig4-1.xx&#038;_nc_gid=AoBFJeGrT1hVaew_6rchkQ&#038;oh=00_AfX7QmFGhQhG2jAllVgXCiM1ZrWgvtp80-Bfppyexh1QEg&#038;oe=689E923C\" \/>\n\t\t<meta property=\"og:image:secure_url\" content=\"https:\/\/scontent-gig4-1.xx.fbcdn.net\/v\/t39.30808-1\/270437624_4564083193639691_6907940295614233970_n.jpg?stp=dst-jpg_s200x200_tt6&#038;_nc_cat=111&#038;ccb=1-7&#038;_nc_sid=f907e8&#038;_nc_ohc=SM1wRlP3lJwQ7kNvwEPuBYA&#038;_nc_oc=AdnqrjDN_BNjSSHWO-GbkIWH6fkGMLw4bqvL_NH6e2wMveX7G-rP2dAqsDSq1mJMOaY&#038;_nc_zt=24&#038;_nc_ht=scontent-gig4-1.xx&#038;_nc_gid=AoBFJeGrT1hVaew_6rchkQ&#038;oh=00_AfX7QmFGhQhG2jAllVgXCiM1ZrWgvtp80-Bfppyexh1QEg&#038;oe=689E923C\" \/>\n\t\t<meta property=\"article:published_time\" content=\"2015-10-27T18:17:06+00:00\" \/>\n\t\t<meta property=\"article:modified_time\" content=\"2015-10-29T14:23:55+00:00\" \/>\n\t\t<meta name=\"twitter:card\" content=\"summary_large_image\" \/>\n\t\t<meta name=\"twitter:title\" content=\"Locadora de carros \u00e9 arrombada e bandidos colocam fogo no escrit\u00f3rio - A Not\u00edcia Online\" \/>\n\t\t<meta name=\"twitter:description\" content=\"Uma locadora de carros foi arrombada na madrugada desta ter\u00e7a-feira (27) e os bandidos ainda colocaram fogo no estabelecimento, que est\u00e1 localizado na regi\u00e3o central da cidade. Esta foi a segunda vez em 15 dias que a locadora foi alvo de bandidos, os quais, inclusive, pixaram o n\u00famero \u201c2\u201d em uma porta, indicando que os\" \/>\n\t\t<meta name=\"twitter:image\" content=\"https:\/\/scontent-gig4-1.xx.fbcdn.net\/v\/t39.30808-1\/270437624_4564083193639691_6907940295614233970_n.jpg?stp=dst-jpg_s200x200_tt6&amp;_nc_cat=111&amp;ccb=1-7&amp;_nc_sid=f907e8&amp;_nc_ohc=SM1wRlP3lJwQ7kNvwEPuBYA&amp;_nc_oc=AdnqrjDN_BNjSSHWO-GbkIWH6fkGMLw4bqvL_NH6e2wMveX7G-rP2dAqsDSq1mJMOaY&amp;_nc_zt=24&amp;_nc_ht=scontent-gig4-1.xx&amp;_nc_gid=AoBFJeGrT1hVaew_6rchkQ&amp;oh=00_AfX7QmFGhQhG2jAllVgXCiM1ZrWgvtp80-Bfppyexh1QEg&amp;oe=689E923C\" \/>\n\t\t<script type=\"application\/ld+json\" class=\"aioseo-schema\">\n\t\t\t{\"@context\":\"https:\\\/\\\/schema.org\",\"@graph\":[{\"@type\":\"BlogPosting\",\"@id\":\"https:\\\/\\\/anoticiaonline.com.br\\\/site\\\/locadora-de-carros-e-arrombada-e-bandidos-colocaram-fogo-no-escritorio\\\/#blogposting\",\"name\":\"Locadora de carros \\u00e9 arrombada e bandidos colocam fogo no escrit\\u00f3rio - A Not\\u00edcia Online\",\"headline\":\"Locadora de carros \\u00e9 arrombada e bandidos colocam fogo no escrit\\u00f3rio\",\"author\":{\"@id\":\"https:\\\/\\\/anoticiaonline.com.br\\\/site\\\/author\\\/juliana\\\/#author\"},\"publisher\":{\"@id\":\"https:\\\/\\\/anoticiaonline.com.br\\\/site\\\/#organization\"},\"image\":{\"@type\":\"ImageObject\",\"url\":\"https:\\\/\\\/anoticiaonline.com.br\\\/site\\\/wp-content\\\/uploads\\\/2015\\\/10\\\/Locadora-de-carros-\\u00e9-arrombada-e-bandidos-colocaram-fogo-no-escrit\\u00f3rio.jpg\",\"width\":640,\"height\":480},\"datePublished\":\"2015-10-27T15:17:06-03:00\",\"dateModified\":\"2015-10-29T11:23:55-03:00\",\"inLanguage\":\"pt-BR\",\"mainEntityOfPage\":{\"@id\":\"https:\\\/\\\/anoticiaonline.com.br\\\/site\\\/locadora-de-carros-e-arrombada-e-bandidos-colocaram-fogo-no-escritorio\\\/#webpage\"},\"isPartOf\":{\"@id\":\"https:\\\/\\\/anoticiaonline.com.br\\\/site\\\/locadora-de-carros-e-arrombada-e-bandidos-colocaram-fogo-no-escritorio\\\/#webpage\"},\"articleSection\":\"Blog, slide\"},{\"@type\":\"BreadcrumbList\",\"@id\":\"https:\\\/\\\/anoticiaonline.com.br\\\/site\\\/locadora-de-carros-e-arrombada-e-bandidos-colocaram-fogo-no-escritorio\\\/#breadcrumblist\",\"itemListElement\":[{\"@type\":\"ListItem\",\"@id\":\"https:\\\/\\\/anoticiaonline.com.br\\\/site#listItem\",\"position\":1,\"name\":\"Home\",\"item\":\"https:\\\/\\\/anoticiaonline.com.br\\\/site\",\"nextItem\":{\"@type\":\"ListItem\",\"@id\":\"https:\\\/\\\/anoticiaonline.com.br\\\/site\\\/categoria\\\/muriae\\\/#listItem\",\"name\":\"Blog\"}},{\"@type\":\"ListItem\",\"@id\":\"https:\\\/\\\/anoticiaonline.com.br\\\/site\\\/categoria\\\/muriae\\\/#listItem\",\"position\":2,\"name\":\"Blog\",\"item\":\"https:\\\/\\\/anoticiaonline.com.br\\\/site\\\/categoria\\\/muriae\\\/\",\"nextItem\":{\"@type\":\"ListItem\",\"@id\":\"https:\\\/\\\/anoticiaonline.com.br\\\/site\\\/locadora-de-carros-e-arrombada-e-bandidos-colocaram-fogo-no-escritorio\\\/#listItem\",\"name\":\"Locadora de carros \\u00e9 arrombada e bandidos colocam fogo no escrit\\u00f3rio\"},\"previousItem\":{\"@type\":\"ListItem\",\"@id\":\"https:\\\/\\\/anoticiaonline.com.br\\\/site#listItem\",\"name\":\"Home\"}},{\"@type\":\"ListItem\",\"@id\":\"https:\\\/\\\/anoticiaonline.com.br\\\/site\\\/locadora-de-carros-e-arrombada-e-bandidos-colocaram-fogo-no-escritorio\\\/#listItem\",\"position\":3,\"name\":\"Locadora de carros \\u00e9 arrombada e bandidos colocam fogo no escrit\\u00f3rio\",\"previousItem\":{\"@type\":\"ListItem\",\"@id\":\"https:\\\/\\\/anoticiaonline.com.br\\\/site\\\/categoria\\\/muriae\\\/#listItem\",\"name\":\"Blog\"}}]},{\"@type\":\"Organization\",\"@id\":\"https:\\\/\\\/anoticiaonline.com.br\\\/site\\\/#organization\",\"name\":\"A Not\\u00edcia Online\",\"description\":\"Noticias de Muria\\u00e9 e regi\\u00e3o\",\"url\":\"https:\\\/\\\/anoticiaonline.com.br\\\/site\\\/\",\"logo\":{\"@type\":\"ImageObject\",\"url\":\"https:\\\/\\\/scontent-gig4-1.xx.fbcdn.net\\\/v\\\/t39.30808-1\\\/270437624_4564083193639691_6907940295614233970_n.jpg?stp=dst-jpg_s200x200_tt6&_nc_cat=111&ccb=1-7&_nc_sid=f907e8&_nc_ohc=SM1wRlP3lJwQ7kNvwEPuBYA&_nc_oc=AdnqrjDN_BNjSSHWO-GbkIWH6fkGMLw4bqvL_NH6e2wMveX7G-rP2dAqsDSq1mJMOaY&_nc_zt=24&_nc_ht=scontent-gig4-1.xx&_nc_gid=AoBFJeGrT1hVaew_6rchkQ&oh=00_AfX7QmFGhQhG2jAllVgXCiM1ZrWgvtp80-Bfppyexh1QEg&oe=689E923C\",\"@id\":\"https:\\\/\\\/anoticiaonline.com.br\\\/site\\\/locadora-de-carros-e-arrombada-e-bandidos-colocaram-fogo-no-escritorio\\\/#organizationLogo\"},\"image\":{\"@id\":\"https:\\\/\\\/anoticiaonline.com.br\\\/site\\\/locadora-de-carros-e-arrombada-e-bandidos-colocaram-fogo-no-escritorio\\\/#organizationLogo\"}},{\"@type\":\"Person\",\"@id\":\"https:\\\/\\\/anoticiaonline.com.br\\\/site\\\/author\\\/juliana\\\/#author\",\"url\":\"https:\\\/\\\/anoticiaonline.com.br\\\/site\\\/author\\\/juliana\\\/\",\"name\":\"Juliana Laviola\",\"image\":{\"@type\":\"ImageObject\",\"@id\":\"https:\\\/\\\/anoticiaonline.com.br\\\/site\\\/locadora-de-carros-e-arrombada-e-bandidos-colocaram-fogo-no-escritorio\\\/#authorImage\",\"url\":\"https:\\\/\\\/secure.gravatar.com\\\/avatar\\\/b8d45f5c699b100dfaf0e543582f38f38bf94cb7ae3a5e9abf8d891a34773335?s=96&d=mm&r=g\",\"width\":96,\"height\":96,\"caption\":\"Juliana Laviola\"}},{\"@type\":\"WebPage\",\"@id\":\"https:\\\/\\\/anoticiaonline.com.br\\\/site\\\/locadora-de-carros-e-arrombada-e-bandidos-colocaram-fogo-no-escritorio\\\/#webpage\",\"url\":\"https:\\\/\\\/anoticiaonline.com.br\\\/site\\\/locadora-de-carros-e-arrombada-e-bandidos-colocaram-fogo-no-escritorio\\\/\",\"name\":\"Locadora de carros \\u00e9 arrombada e bandidos colocam fogo no escrit\\u00f3rio - A Not\\u00edcia Online\",\"description\":\"Uma locadora de carros foi arrombada na madrugada desta ter\\u00e7a-feira (27) e os bandidos ainda colocaram fogo no estabelecimento, que est\\u00e1 localizado na regi\\u00e3o central da cidade. Esta foi a segunda vez em 15 dias que a locadora foi alvo de bandidos, os quais, inclusive, pixaram o n\\u00famero \\u201c2\\u201d em uma porta, indicando que os\",\"inLanguage\":\"pt-BR\",\"isPartOf\":{\"@id\":\"https:\\\/\\\/anoticiaonline.com.br\\\/site\\\/#website\"},\"breadcrumb\":{\"@id\":\"https:\\\/\\\/anoticiaonline.com.br\\\/site\\\/locadora-de-carros-e-arrombada-e-bandidos-colocaram-fogo-no-escritorio\\\/#breadcrumblist\"},\"author\":{\"@id\":\"https:\\\/\\\/anoticiaonline.com.br\\\/site\\\/author\\\/juliana\\\/#author\"},\"creator\":{\"@id\":\"https:\\\/\\\/anoticiaonline.com.br\\\/site\\\/author\\\/juliana\\\/#author\"},\"image\":{\"@type\":\"ImageObject\",\"url\":\"https:\\\/\\\/anoticiaonline.com.br\\\/site\\\/wp-content\\\/uploads\\\/2015\\\/10\\\/Locadora-de-carros-\\u00e9-arrombada-e-bandidos-colocaram-fogo-no-escrit\\u00f3rio.jpg\",\"@id\":\"https:\\\/\\\/anoticiaonline.com.br\\\/site\\\/locadora-de-carros-e-arrombada-e-bandidos-colocaram-fogo-no-escritorio\\\/#mainImage\",\"width\":640,\"height\":480},\"primaryImageOfPage\":{\"@id\":\"https:\\\/\\\/anoticiaonline.com.br\\\/site\\\/locadora-de-carros-e-arrombada-e-bandidos-colocaram-fogo-no-escritorio\\\/#mainImage\"},\"datePublished\":\"2015-10-27T15:17:06-03:00\",\"dateModified\":\"2015-10-29T11:23:55-03:00\"},{\"@type\":\"WebSite\",\"@id\":\"https:\\\/\\\/anoticiaonline.com.br\\\/site\\\/#website\",\"url\":\"https:\\\/\\\/anoticiaonline.com.br\\\/site\\\/\",\"name\":\"A Not\\u00edcia Online\",\"description\":\"Noticias de Muria\\u00e9 e regi\\u00e3o\",\"inLanguage\":\"pt-BR\",\"publisher\":{\"@id\":\"https:\\\/\\\/anoticiaonline.com.br\\\/site\\\/#organization\"}}]}\n\t\t<\/script>\n\t\t<!-- All in One SEO -->\n\n","aioseo_head_json":{"title":"Locadora de carros \u00e9 arrombada e bandidos colocam fogo no escrit\u00f3rio - A Not\u00edcia Online","description":"Uma locadora de carros foi arrombada na madrugada desta ter\u00e7a-feira (27) e os bandidos ainda colocaram fogo no estabelecimento, que est\u00e1 localizado na regi\u00e3o central da cidade. Esta foi a segunda vez em 15 dias que a locadora foi alvo de bandidos, os quais, inclusive, pixaram o n\u00famero \u201c2\u201d em uma porta, indicando que os","canonical_url":"https:\/\/anoticiaonline.com.br\/site\/locadora-de-carros-e-arrombada-e-bandidos-colocaram-fogo-no-escritorio\/","robots":"max-image-preview:large","keywords":"","webmasterTools":{"miscellaneous":""},"schema":{"@context":"https:\/\/schema.org","@graph":[{"@type":"BlogPosting","@id":"https:\/\/anoticiaonline.com.br\/site\/locadora-de-carros-e-arrombada-e-bandidos-colocaram-fogo-no-escritorio\/#blogposting","name":"Locadora de carros \u00e9 arrombada e bandidos colocam fogo no escrit\u00f3rio - A Not\u00edcia Online","headline":"Locadora de carros \u00e9 arrombada e bandidos colocam fogo no escrit\u00f3rio","author":{"@id":"https:\/\/anoticiaonline.com.br\/site\/author\/juliana\/#author"},"publisher":{"@id":"https:\/\/anoticiaonline.com.br\/site\/#organization"},"image":{"@type":"ImageObject","url":"https:\/\/anoticiaonline.com.br\/site\/wp-content\/uploads\/2015\/10\/Locadora-de-carros-\u00e9-arrombada-e-bandidos-colocaram-fogo-no-escrit\u00f3rio.jpg","width":640,"height":480},"datePublished":"2015-10-27T15:17:06-03:00","dateModified":"2015-10-29T11:23:55-03:00","inLanguage":"pt-BR","mainEntityOfPage":{"@id":"https:\/\/anoticiaonline.com.br\/site\/locadora-de-carros-e-arrombada-e-bandidos-colocaram-fogo-no-escritorio\/#webpage"},"isPartOf":{"@id":"https:\/\/anoticiaonline.com.br\/site\/locadora-de-carros-e-arrombada-e-bandidos-colocaram-fogo-no-escritorio\/#webpage"},"articleSection":"Blog, slide"},{"@type":"BreadcrumbList","@id":"https:\/\/anoticiaonline.com.br\/site\/locadora-de-carros-e-arrombada-e-bandidos-colocaram-fogo-no-escritorio\/#breadcrumblist","itemListElement":[{"@type":"ListItem","@id":"https:\/\/anoticiaonline.com.br\/site#listItem","position":1,"name":"Home","item":"https:\/\/anoticiaonline.com.br\/site","nextItem":{"@type":"ListItem","@id":"https:\/\/anoticiaonline.com.br\/site\/categoria\/muriae\/#listItem","name":"Blog"}},{"@type":"ListItem","@id":"https:\/\/anoticiaonline.com.br\/site\/categoria\/muriae\/#listItem","position":2,"name":"Blog","item":"https:\/\/anoticiaonline.com.br\/site\/categoria\/muriae\/","nextItem":{"@type":"ListItem","@id":"https:\/\/anoticiaonline.com.br\/site\/locadora-de-carros-e-arrombada-e-bandidos-colocaram-fogo-no-escritorio\/#listItem","name":"Locadora de carros \u00e9 arrombada e bandidos colocam fogo no escrit\u00f3rio"},"previousItem":{"@type":"ListItem","@id":"https:\/\/anoticiaonline.com.br\/site#listItem","name":"Home"}},{"@type":"ListItem","@id":"https:\/\/anoticiaonline.com.br\/site\/locadora-de-carros-e-arrombada-e-bandidos-colocaram-fogo-no-escritorio\/#listItem","position":3,"name":"Locadora de carros \u00e9 arrombada e bandidos colocam fogo no escrit\u00f3rio","previousItem":{"@type":"ListItem","@id":"https:\/\/anoticiaonline.com.br\/site\/categoria\/muriae\/#listItem","name":"Blog"}}]},{"@type":"Organization","@id":"https:\/\/anoticiaonline.com.br\/site\/#organization","name":"A Not\u00edcia Online","description":"Noticias de Muria\u00e9 e regi\u00e3o","url":"https:\/\/anoticiaonline.com.br\/site\/","logo":{"@type":"ImageObject","url":"https:\/\/scontent-gig4-1.xx.fbcdn.net\/v\/t39.30808-1\/270437624_4564083193639691_6907940295614233970_n.jpg?stp=dst-jpg_s200x200_tt6&_nc_cat=111&ccb=1-7&_nc_sid=f907e8&_nc_ohc=SM1wRlP3lJwQ7kNvwEPuBYA&_nc_oc=AdnqrjDN_BNjSSHWO-GbkIWH6fkGMLw4bqvL_NH6e2wMveX7G-rP2dAqsDSq1mJMOaY&_nc_zt=24&_nc_ht=scontent-gig4-1.xx&_nc_gid=AoBFJeGrT1hVaew_6rchkQ&oh=00_AfX7QmFGhQhG2jAllVgXCiM1ZrWgvtp80-Bfppyexh1QEg&oe=689E923C","@id":"https:\/\/anoticiaonline.com.br\/site\/locadora-de-carros-e-arrombada-e-bandidos-colocaram-fogo-no-escritorio\/#organizationLogo"},"image":{"@id":"https:\/\/anoticiaonline.com.br\/site\/locadora-de-carros-e-arrombada-e-bandidos-colocaram-fogo-no-escritorio\/#organizationLogo"}},{"@type":"Person","@id":"https:\/\/anoticiaonline.com.br\/site\/author\/juliana\/#author","url":"https:\/\/anoticiaonline.com.br\/site\/author\/juliana\/","name":"Juliana Laviola","image":{"@type":"ImageObject","@id":"https:\/\/anoticiaonline.com.br\/site\/locadora-de-carros-e-arrombada-e-bandidos-colocaram-fogo-no-escritorio\/#authorImage","url":"https:\/\/secure.gravatar.com\/avatar\/b8d45f5c699b100dfaf0e543582f38f38bf94cb7ae3a5e9abf8d891a34773335?s=96&d=mm&r=g","width":96,"height":96,"caption":"Juliana Laviola"}},{"@type":"WebPage","@id":"https:\/\/anoticiaonline.com.br\/site\/locadora-de-carros-e-arrombada-e-bandidos-colocaram-fogo-no-escritorio\/#webpage","url":"https:\/\/anoticiaonline.com.br\/site\/locadora-de-carros-e-arrombada-e-bandidos-colocaram-fogo-no-escritorio\/","name":"Locadora de carros \u00e9 arrombada e bandidos colocam fogo no escrit\u00f3rio - A Not\u00edcia Online","description":"Uma locadora de carros foi arrombada na madrugada desta ter\u00e7a-feira (27) e os bandidos ainda colocaram fogo no estabelecimento, que est\u00e1 localizado na regi\u00e3o central da cidade. Esta foi a segunda vez em 15 dias que a locadora foi alvo de bandidos, os quais, inclusive, pixaram o n\u00famero \u201c2\u201d em uma porta, indicando que os","inLanguage":"pt-BR","isPartOf":{"@id":"https:\/\/anoticiaonline.com.br\/site\/#website"},"breadcrumb":{"@id":"https:\/\/anoticiaonline.com.br\/site\/locadora-de-carros-e-arrombada-e-bandidos-colocaram-fogo-no-escritorio\/#breadcrumblist"},"author":{"@id":"https:\/\/anoticiaonline.com.br\/site\/author\/juliana\/#author"},"creator":{"@id":"https:\/\/anoticiaonline.com.br\/site\/author\/juliana\/#author"},"image":{"@type":"ImageObject","url":"https:\/\/anoticiaonline.com.br\/site\/wp-content\/uploads\/2015\/10\/Locadora-de-carros-\u00e9-arrombada-e-bandidos-colocaram-fogo-no-escrit\u00f3rio.jpg","@id":"https:\/\/anoticiaonline.com.br\/site\/locadora-de-carros-e-arrombada-e-bandidos-colocaram-fogo-no-escritorio\/#mainImage","width":640,"height":480},"primaryImageOfPage":{"@id":"https:\/\/anoticiaonline.com.br\/site\/locadora-de-carros-e-arrombada-e-bandidos-colocaram-fogo-no-escritorio\/#mainImage"},"datePublished":"2015-10-27T15:17:06-03:00","dateModified":"2015-10-29T11:23:55-03:00"},{"@type":"WebSite","@id":"https:\/\/anoticiaonline.com.br\/site\/#website","url":"https:\/\/anoticiaonline.com.br\/site\/","name":"A Not\u00edcia Online","description":"Noticias de Muria\u00e9 e regi\u00e3o","inLanguage":"pt-BR","publisher":{"@id":"https:\/\/anoticiaonline.com.br\/site\/#organization"}}]},"og:locale":"pt_BR","og:site_name":"A Not\u00edcia Online - Noticias de Muria\u00e9 e regi\u00e3o","og:type":"article","og:title":"Locadora de carros \u00e9 arrombada e bandidos colocam fogo no escrit\u00f3rio - A Not\u00edcia Online","og:description":"Uma locadora de carros foi arrombada na madrugada desta ter\u00e7a-feira (27) e os bandidos ainda colocaram fogo no estabelecimento, que est\u00e1 localizado na regi\u00e3o central da cidade. Esta foi a segunda vez em 15 dias que a locadora foi alvo de bandidos, os quais, inclusive, pixaram o n\u00famero \u201c2\u201d em uma porta, indicando que os","og:url":"https:\/\/anoticiaonline.com.br\/site\/locadora-de-carros-e-arrombada-e-bandidos-colocaram-fogo-no-escritorio\/","og:image":"https:\/\/scontent-gig4-1.xx.fbcdn.net\/v\/t39.30808-1\/270437624_4564083193639691_6907940295614233970_n.jpg?stp=dst-jpg_s200x200_tt6&#038;_nc_cat=111&#038;ccb=1-7&#038;_nc_sid=f907e8&#038;_nc_ohc=SM1wRlP3lJwQ7kNvwEPuBYA&#038;_nc_oc=AdnqrjDN_BNjSSHWO-GbkIWH6fkGMLw4bqvL_NH6e2wMveX7G-rP2dAqsDSq1mJMOaY&#038;_nc_zt=24&#038;_nc_ht=scontent-gig4-1.xx&#038;_nc_gid=AoBFJeGrT1hVaew_6rchkQ&#038;oh=00_AfX7QmFGhQhG2jAllVgXCiM1ZrWgvtp80-Bfppyexh1QEg&#038;oe=689E923C","og:image:secure_url":"https:\/\/scontent-gig4-1.xx.fbcdn.net\/v\/t39.30808-1\/270437624_4564083193639691_6907940295614233970_n.jpg?stp=dst-jpg_s200x200_tt6&#038;_nc_cat=111&#038;ccb=1-7&#038;_nc_sid=f907e8&#038;_nc_ohc=SM1wRlP3lJwQ7kNvwEPuBYA&#038;_nc_oc=AdnqrjDN_BNjSSHWO-GbkIWH6fkGMLw4bqvL_NH6e2wMveX7G-rP2dAqsDSq1mJMOaY&#038;_nc_zt=24&#038;_nc_ht=scontent-gig4-1.xx&#038;_nc_gid=AoBFJeGrT1hVaew_6rchkQ&#038;oh=00_AfX7QmFGhQhG2jAllVgXCiM1ZrWgvtp80-Bfppyexh1QEg&#038;oe=689E923C","article:published_time":"2015-10-27T18:17:06+00:00","article:modified_time":"2015-10-29T14:23:55+00:00","twitter:card":"summary_large_image","twitter:title":"Locadora de carros \u00e9 arrombada e bandidos colocam fogo no escrit\u00f3rio - A Not\u00edcia Online","twitter:description":"Uma locadora de carros foi arrombada na madrugada desta ter\u00e7a-feira (27) e os bandidos ainda colocaram fogo no estabelecimento, que est\u00e1 localizado na regi\u00e3o central da cidade. Esta foi a segunda vez em 15 dias que a locadora foi alvo de bandidos, os quais, inclusive, pixaram o n\u00famero \u201c2\u201d em uma porta, indicando que os","twitter:image":"https:\/\/scontent-gig4-1.xx.fbcdn.net\/v\/t39.30808-1\/270437624_4564083193639691_6907940295614233970_n.jpg?stp=dst-jpg_s200x200_tt6&_nc_cat=111&ccb=1-7&_nc_sid=f907e8&_nc_ohc=SM1wRlP3lJwQ7kNvwEPuBYA&_nc_oc=AdnqrjDN_BNjSSHWO-GbkIWH6fkGMLw4bqvL_NH6e2wMveX7G-rP2dAqsDSq1mJMOaY&_nc_zt=24&_nc_ht=scontent-gig4-1.xx&_nc_gid=AoBFJeGrT1hVaew_6rchkQ&oh=00_AfX7QmFGhQhG2jAllVgXCiM1ZrWgvtp80-Bfppyexh1QEg&oe=689E923C"},"aioseo_meta_data":{"post_id":"5268","title":null,"description":null,"keywords":null,"keyphrases":null,"primary_term":null,"canonical_url":null,"og_title":null,"og_description":null,"og_object_type":"default","og_image_type":"default","og_image_url":null,"og_image_width":null,"og_image_height":null,"og_image_custom_url":null,"og_image_custom_fields":null,"og_video":null,"og_custom_url":null,"og_article_section":null,"og_article_tags":null,"twitter_use_og":false,"twitter_card":"default","twitter_image_type":"default","twitter_image_url":null,"twitter_image_custom_url":null,"twitter_image_custom_fields":null,"twitter_title":null,"twitter_description":null,"schema":{"blockGraphs":[],"customGraphs":[],"default":{"data":{"Article":[],"Course":[],"Dataset":[],"FAQPage":[],"Movie":[],"Person":[],"Product":[],"ProductReview":[],"Car":[],"Recipe":[],"Service":[],"SoftwareApplication":[],"WebPage":[]},"graphName":"","isEnabled":true},"graphs":[]},"schema_type":"default","schema_type_options":null,"pillar_content":false,"robots_default":true,"robots_noindex":false,"robots_noarchive":false,"robots_nosnippet":false,"robots_nofollow":false,"robots_noimageindex":false,"robots_noodp":false,"robots_notranslate":false,"robots_max_snippet":null,"robots_max_videopreview":null,"robots_max_imagepreview":"large","priority":null,"frequency":null,"local_seo":null,"breadcrumb_settings":null,"limit_modified_date":false,"ai":null,"created":"2025-08-16 13:43:07","updated":"2025-08-16 13:43:07","focus_keyword":null,"additional_keywords":null,"truseo_locale":null,"seo_analyzer_scan_date":null},"aioseo_breadcrumb":"<div class=\"aioseo-breadcrumbs\"><span class=\"aioseo-breadcrumb\">\n\t\t\t<a href=\"https:\/\/anoticiaonline.com.br\/site\" title=\"Home\">Home<\/a>\n\t\t<\/span><span class=\"aioseo-breadcrumb-separator\">&raquo;<\/span><span class=\"aioseo-breadcrumb\">\n\t\t\t<a href=\"https:\/\/anoticiaonline.com.br\/site\/categoria\/muriae\/\" title=\"Blog\">Blog<\/a>\n\t\t<\/span><span class=\"aioseo-breadcrumb-separator\">&raquo;<\/span><span class=\"aioseo-breadcrumb\">\n\t\t\tLocadora de carros \u00e9 arrombada e bandidos colocam fogo no escrit\u00f3rio\n\t\t<\/span><\/div>","aioseo_breadcrumb_json":[{"label":"Home","link":"https:\/\/anoticiaonline.com.br\/site"},{"label":"Blog","link":"https:\/\/anoticiaonline.com.br\/site\/categoria\/muriae\/"},{"label":"Locadora de carros \u00e9 arrombada e bandidos colocam fogo no escrit\u00f3rio","link":"https:\/\/anoticiaonline.com.br\/site\/locadora-de-carros-e-arrombada-e-bandidos-colocaram-fogo-no-escritorio\/"}],"views":142,"_links":{"self":[{"href":"https:\/\/anoticiaonline.com.br\/site\/wp-json\/wp\/v2\/posts\/5268","targetHints":{"allow":["GET"]}}],"collection":[{"href":"https:\/\/anoticiaonline.com.br\/site\/wp-json\/wp\/v2\/posts"}],"about":[{"href":"https:\/\/anoticiaonline.com.br\/site\/wp-json\/wp\/v2\/types\/post"}],"author":[{"embeddable":true,"href":"https:\/\/anoticiaonline.com.br\/site\/wp-json\/wp\/v2\/users\/2"}],"replies":[{"embeddable":true,"href":"https:\/\/anoticiaonline.com.br\/site\/wp-json\/wp\/v2\/comments?post=5268"}],"version-history":[{"count":0,"href":"https:\/\/anoticiaonline.com.br\/site\/wp-json\/wp\/v2\/posts\/5268\/revisions"}],"wp:featuredmedia":[{"embeddable":true,"href":"https:\/\/anoticiaonline.com.br\/site\/wp-json\/wp\/v2\/media\/5269"}],"wp:attachment":[{"href":"https:\/\/anoticiaonline.com.br\/site\/wp-json\/wp\/v2\/media?parent=5268"}],"wp:term":[{"taxonomy":"category","embeddable":true,"href":"https:\/\/anoticiaonline.com.br\/site\/wp-json\/wp\/v2\/categories?post=5268"},{"taxonomy":"post_tag","embeddable":true,"href":"https:\/\/anoticiaonline.com.br\/site\/wp-json\/wp\/v2\/tags?post=5268"}],"curies":[{"name":"wp","href":"https:\/\/api.w.org\/{rel}","templated":true}]}}