{"id":52519,"date":"2018-03-29T18:07:06","date_gmt":"2018-03-29T21:07:06","guid":{"rendered":"http:\/\/anoticiaonline.com.br\/site\/?p=52519"},"modified":"2018-03-29T18:07:31","modified_gmt":"2018-03-29T21:07:31","slug":"em-greve-profissionais-da-rede-estadual-de-ensino-fazem-protesto-em-muriae","status":"publish","type":"post","link":"https:\/\/anoticiaonline.com.br\/site\/em-greve-profissionais-da-rede-estadual-de-ensino-fazem-protesto-em-muriae\/","title":{"rendered":"Em greve, profissionais da rede estadual de ensino fazem protesto em Muria\u00e9"},"content":{"rendered":"<p><a href=\"https:\/\/anoticiaonline.com.br\/site\/wp-content\/uploads\/2018\/03\/DSC_0610.jpg\"><img fetchpriority=\"high\" decoding=\"async\" class=\"aligncenter size-full wp-image-52645\" src=\"https:\/\/anoticiaonline.com.br\/site\/wp-content\/uploads\/2018\/03\/DSC_0610.jpg\" alt=\"\" width=\"640\" height=\"427\" srcset=\"https:\/\/anoticiaonline.com.br\/site\/wp-content\/uploads\/2018\/03\/DSC_0610.jpg 640w, https:\/\/anoticiaonline.com.br\/site\/wp-content\/uploads\/2018\/03\/DSC_0610-300x200.jpg 300w\" sizes=\"(max-width: 640px) 100vw, 640px\" \/><\/a> <a href=\"https:\/\/anoticiaonline.com.br\/site\/wp-content\/uploads\/2018\/03\/DSC_0623.jpg\"><img decoding=\"async\" class=\"aligncenter size-full wp-image-52646\" src=\"https:\/\/anoticiaonline.com.br\/site\/wp-content\/uploads\/2018\/03\/DSC_0623.jpg\" alt=\"\" width=\"640\" height=\"427\" srcset=\"https:\/\/anoticiaonline.com.br\/site\/wp-content\/uploads\/2018\/03\/DSC_0623.jpg 640w, https:\/\/anoticiaonline.com.br\/site\/wp-content\/uploads\/2018\/03\/DSC_0623-300x200.jpg 300w\" sizes=\"(max-width: 640px) 100vw, 640px\" \/><\/a> <a href=\"https:\/\/anoticiaonline.com.br\/site\/wp-content\/uploads\/2018\/03\/DSC_0642.jpg\"><img decoding=\"async\" class=\"aligncenter size-full wp-image-52647\" src=\"https:\/\/anoticiaonline.com.br\/site\/wp-content\/uploads\/2018\/03\/DSC_0642.jpg\" alt=\"\" width=\"640\" height=\"427\" srcset=\"https:\/\/anoticiaonline.com.br\/site\/wp-content\/uploads\/2018\/03\/DSC_0642.jpg 640w, https:\/\/anoticiaonline.com.br\/site\/wp-content\/uploads\/2018\/03\/DSC_0642-300x200.jpg 300w\" sizes=\"(max-width: 640px) 100vw, 640px\" \/><\/a>Caravanas do Sindicato \u00danico dos Trabalhadores (Sind-UTE\/MG) das subsedes da Zona da Mata (Ouro Preto, Carangola, Juiz de Fora, Barbacena, S\u00e3o Jo\u00e3o Del Rei, Vi\u00e7osa, Ponte Nova, Muria\u00e9 e cidades da regi\u00e3o: Eugen\u00f3polis, Mira\u00ed, Miradouro, Mariana), membros da Secretaria Regional de Ensino de Muria\u00e9, de Juiz de Fora, de Carangola e de demais cidades, concentraram-se na Pra\u00e7a Coronel Tib\u00farcio, na Barra, durante a de ter\u00e7a-feira (27) e percorreram as principais ruas e avenidas da cidade em ato contr\u00e1rio ao n\u00e3o cumprimento do acordo firmado entre a categoria e o Estado em 2015.<\/p>\n<p>Durante o ato de rep\u00fadio a BR 116 foi fechada pelos manifestantes por alguns minutos. Vale ressaltar que a manifesta\u00e7\u00e3o teve o apoio dos caminhoneiros, motociclistas e demais motoristas que passavam pelo local.<\/p>\n<p>Em Muria\u00e9 e nos seus distritos, tr\u00eas escolas da rede estadual aderiram totalmente \u00e0 greve, e outras tr\u00eas institui\u00e7\u00f5es, al\u00e9m da Secretaria Regional de Ensino da cidade, paralisaram parcialmente desde o dia 8 de mar\u00e7o em ato que pede o cumprimento da Lei do Piso, contra a terceiriza\u00e7\u00e3o, contra a entrega das escolas \u00e0s organiza\u00e7\u00f5es sociais, contra o parcelamento de sal\u00e1rios e contra a militariza\u00e7\u00e3o das escolas p\u00fablicas.<\/p>\n<p>Durante o ato, Weslley de Souza Rodrigues, coordenador da subsede do Sind-UTE\/MG Muria\u00e9, disse que o governo estadual n\u00e3o est\u00e1 respeitando a dignidade dos profissionais da educa\u00e7\u00e3o.<\/p>\n<p>\u201cO governo fez um acordo com o setor em 2015 e n\u00e3o est\u00e1 cumprindo-o. Na semana passada, foi feito uma proposta vinculando a obedi\u00eancia a Lei do Piso \u00e0 Lei de Responsabilidade Fiscal, o que \u00e9 um absurdo. N\u00e3o se pode desobedecer a uma lei para obedecer outra. O governo estadual n\u00e3o est\u00e1 pagando aos profissionais da educa\u00e7\u00e3o o piso que \u00e9 previsto por uma lei nacional. Os profissionais come\u00e7aram a fazer greve n\u00e3o s\u00f3 por isso, mas tamb\u00e9m por conta do atraso nos pagamentos; dos descontos relativos ao plano de sa\u00fade, que est\u00e3o sendo feitos, apesar de n\u00e3o termos atendimento em hospitais e nem em laborat\u00f3rios; pagamentos as financeiras, parcelamento do 13\u00ba sal\u00e1rio. S\u00e3o muitas quest\u00f5es que o governo est\u00e1 deixando a desejar em rela\u00e7\u00e3o \u00e0 categoria, sem contar na falta da merenda, falta de material de trabalho e no atraso do in\u00edcio do ano letivo. A educa\u00e7\u00e3o \u00e9 a base da sociedade e n\u00e3o pode continuar nesta situa\u00e7\u00e3o. Qual servidor que atende de 30 a 40 cidad\u00e3os de uma s\u00f3 vez, al\u00e9m do professor?\u201d, questiona.<\/p>\n<p>Israel Leoc\u00e1dio da Cunha, diretor estadual e representante da Secretaria de Estado de Trabalho e Desenvolvimento Social (<em>Sedese<\/em>), disse que a greve precisa ser aderida por todos os servidores que querem ter seus direitos atendidos.<\/p>\n<p>\u201cTodos os direitos que conquistamos at\u00e9 hoje, foi com muita luta, este \u00e9 o lema do Sind-UTE\/MG Muria\u00e9: \u2018Lutar e Vencer\u2019. Queremos que o governo estadual cumpra aquilo que ele prometeu. Para se ter uma ideia, at\u00e9 o 13\u00ba dos auxiliares de servi\u00e7os gerais, que ganham menos que R$1000, foi dividido em quatro vezes. Esperamos que at\u00e9 quarta-feira (4), o governo estadual melhore esta proposta para que possamos voltar para o nosso trabalho\u201d, conta.<\/p>\n<p>O t\u00e9cnico de educa\u00e7\u00e3o na Secretaria Regional de Ensino, Ivan da Silva Lomeu, que trabalha na \u00e1rea h\u00e1 22 anos, a manifesta\u00e7\u00e3o proposta pelo Sind-UTE\/MG tamb\u00e9m est\u00e1 ocorrendo nas demais regi\u00f5es do Estado. \u201cO motivo do qual estamos aqui se deve ao acordo hist\u00f3rico firmado pelo Sind-UTE\/MG junto ao governador Pimentel logo no in\u00edcio de seu mandato, em 2015 e que n\u00e3o vem sendo cumprido desde o final de 2016. Aproveito este momento para convocar todos os profissionais para aderirem ao movimento para que este acordo seja cumprido o mais breve poss\u00edvel\u201d, diz.<\/p>\n<p>Luan Ariel dos Santos, diretor de forma\u00e7\u00e3o do Sind-UTE\/MG de S\u00e3o Jo\u00e3o Del Rey, disse que veio para Muria\u00e9, pois a cidade foi escolhida para representar, regionalmente, o ato que est\u00e1 sendo realizado tamb\u00e9m em outras cidades de Minas Gerais. \u201cDiversos servidores que atuam na Zona da Mata Mineira vieram fortalecer a manifesta\u00e7\u00e3o que luta pelos direitos. Apesar dos avan\u00e7os que conseguimos anteriormente, o acordo que fizemos h\u00e1 dois anos com o governo estadual n\u00e3o vem sendo cumprido. Entendemos que o Estado passa por um colapso financeiro, mas a educa\u00e7\u00e3o n\u00e3o pode pagar essa conta\u201d, diz.<a href=\"https:\/\/anoticiaonline.com.br\/site\/wp-content\/uploads\/2018\/03\/DSC_0571.jpg\"><img loading=\"lazy\" decoding=\"async\" class=\"aligncenter size-full wp-image-52642\" src=\"https:\/\/anoticiaonline.com.br\/site\/wp-content\/uploads\/2018\/03\/DSC_0571.jpg\" alt=\"\" width=\"640\" height=\"427\" srcset=\"https:\/\/anoticiaonline.com.br\/site\/wp-content\/uploads\/2018\/03\/DSC_0571.jpg 640w, https:\/\/anoticiaonline.com.br\/site\/wp-content\/uploads\/2018\/03\/DSC_0571-300x200.jpg 300w\" sizes=\"(max-width: 640px) 100vw, 640px\" \/><\/a><a href=\"https:\/\/anoticiaonline.com.br\/site\/wp-content\/uploads\/2018\/03\/DSC_0531.jpg\"><img loading=\"lazy\" decoding=\"async\" class=\"aligncenter size-full wp-image-52641\" src=\"https:\/\/anoticiaonline.com.br\/site\/wp-content\/uploads\/2018\/03\/DSC_0531.jpg\" alt=\"\" width=\"640\" height=\"427\" srcset=\"https:\/\/anoticiaonline.com.br\/site\/wp-content\/uploads\/2018\/03\/DSC_0531.jpg 640w, https:\/\/anoticiaonline.com.br\/site\/wp-content\/uploads\/2018\/03\/DSC_0531-300x200.jpg 300w\" sizes=\"(max-width: 640px) 100vw, 640px\" \/><\/a><a href=\"https:\/\/anoticiaonline.com.br\/site\/wp-content\/uploads\/2018\/03\/DSC_0593.jpg\"><img loading=\"lazy\" decoding=\"async\" class=\"aligncenter size-full wp-image-52643\" src=\"https:\/\/anoticiaonline.com.br\/site\/wp-content\/uploads\/2018\/03\/DSC_0593.jpg\" alt=\"\" width=\"640\" height=\"427\" srcset=\"https:\/\/anoticiaonline.com.br\/site\/wp-content\/uploads\/2018\/03\/DSC_0593.jpg 640w, https:\/\/anoticiaonline.com.br\/site\/wp-content\/uploads\/2018\/03\/DSC_0593-300x200.jpg 300w\" sizes=\"(max-width: 640px) 100vw, 640px\" \/><\/a><\/p>\n<p><a href=\"https:\/\/anoticiaonline.com.br\/site\/wp-content\/uploads\/2018\/03\/DSC_0596.jpg\"><img loading=\"lazy\" decoding=\"async\" class=\"aligncenter size-full wp-image-52644\" src=\"https:\/\/anoticiaonline.com.br\/site\/wp-content\/uploads\/2018\/03\/DSC_0596.jpg\" alt=\"\" width=\"640\" height=\"427\" srcset=\"https:\/\/anoticiaonline.com.br\/site\/wp-content\/uploads\/2018\/03\/DSC_0596.jpg 640w, https:\/\/anoticiaonline.com.br\/site\/wp-content\/uploads\/2018\/03\/DSC_0596-300x200.jpg 300w\" sizes=\"(max-width: 640px) 100vw, 640px\" \/><\/a><\/p>\n<p>&nbsp;<\/p>\n<p><a href=\"https:\/\/anoticiaonline.com.br\/site\/wp-content\/uploads\/2018\/03\/DSC_0511-1.jpg\"><img loading=\"lazy\" decoding=\"async\" class=\"aligncenter size-full wp-image-52640\" src=\"https:\/\/anoticiaonline.com.br\/site\/wp-content\/uploads\/2018\/03\/DSC_0511-1.jpg\" alt=\"\" width=\"640\" height=\"427\" srcset=\"https:\/\/anoticiaonline.com.br\/site\/wp-content\/uploads\/2018\/03\/DSC_0511-1.jpg 640w, https:\/\/anoticiaonline.com.br\/site\/wp-content\/uploads\/2018\/03\/DSC_0511-1-300x200.jpg 300w\" sizes=\"(max-width: 640px) 100vw, 640px\" \/><\/a><\/p>\n<p>&nbsp;<\/p>\n<p>&nbsp;<\/p>\n<p><img decoding=\"async\" class=\"ngg_displayed_gallery mceItem\" src=\"https:\/\/anoticiaonline.com.br\/site\/nextgen-attach_to_post\/preview\/id--52714\" \/><\/p>\n","protected":false},"excerpt":{"rendered":"<p>Caravanas do Sindicato \u00danico dos Trabalhadores (Sind-UTE\/MG) das subsedes da Zona da Mata (Ouro Preto, Carangola, Juiz de Fora, Barbacena, S\u00e3o Jo\u00e3o Del Rei, Vi\u00e7osa, Ponte Nova, Muria\u00e9 e cidades da regi\u00e3o: Eugen\u00f3polis, Mira\u00ed, Miradouro, Mariana), membros da Secretaria Regional de Ensino de Muria\u00e9, de Juiz de Fora, de Carangola e de demais cidades, concentraram-se &#8230; <a title=\"Em greve, profissionais da rede estadual de ensino fazem protesto em Muria\u00e9\" class=\"read-more\" href=\"https:\/\/anoticiaonline.com.br\/site\/em-greve-profissionais-da-rede-estadual-de-ensino-fazem-protesto-em-muriae\/\" aria-label=\"Read more about Em greve, profissionais da rede estadual de ensino fazem protesto em Muria\u00e9\">Ler mais<\/a><\/p>\n","protected":false},"author":2,"featured_media":52646,"comment_status":"open","ping_status":"open","sticky":false,"template":"","format":"standard","meta":{"_acf_changed":false,"_monsterinsights_skip_tracking":false,"footnotes":""},"categories":[1],"tags":[2301,2307,409,250,677,929,2305,39,956,74,2300,2304,2302,2042,2306,2298,2299,2303],"class_list":["post-52519","post","type-post","status-publish","format-standard","has-post-thumbnail","hentry","category-gerais","tag-barbacena","tag-br-116-foi-fechada","tag-carangola","tag-eugenopolis","tag-juiz-de-fora","tag-manifestacao","tag-mariana","tag-miradouro","tag-mirai","tag-muriae","tag-ouro-preto","tag-ponte-nova","tag-sao-joao-del-rei","tag-sind-utemg","tag-sindicato-unico-dos-trabalhadores","tag-sindicato-unico-dos-trabalhadores-sind-utemg","tag-subsedes-da-zona-da-mata","tag-vicosa"],"acf":[],"aioseo_notices":[],"aioseo_head":"\n\t\t<!-- All in One SEO 5.0.0.1 - aioseo.com -->\n\t<meta name=\"description\" content=\"Caravanas do Sindicato \u00danico dos Trabalhadores (Sind-UTE\/MG) das subsedes da Zona da Mata (Ouro Preto, Carangola, Juiz de Fora, Barbacena, S\u00e3o Jo\u00e3o Del Rei, Vi\u00e7osa, Ponte Nova, Muria\u00e9 e cidades da regi\u00e3o: Eugen\u00f3polis, Mira\u00ed, Miradouro, Mariana), membros da Secretaria Regional de Ensino de Muria\u00e9, de Juiz de Fora, de Carangola e de demais cidades, concentraram-se\" \/>\n\t<meta name=\"robots\" content=\"max-image-preview:large\" \/>\n\t<meta name=\"author\" content=\"Juliana Laviola\"\/>\n\t<link rel=\"canonical\" href=\"https:\/\/anoticiaonline.com.br\/site\/em-greve-profissionais-da-rede-estadual-de-ensino-fazem-protesto-em-muriae\/\" \/>\n\t<meta name=\"generator\" content=\"All in One SEO (AIOSEO) 5.0.0.1\" \/>\n\t\t<meta property=\"og:locale\" content=\"pt_BR\" \/>\n\t\t<meta property=\"og:site_name\" content=\"A Not\u00edcia Online - Noticias de Muria\u00e9 e regi\u00e3o\" \/>\n\t\t<meta property=\"og:type\" content=\"article\" \/>\n\t\t<meta property=\"og:title\" content=\"Em greve, profissionais da rede estadual de ensino fazem protesto em Muria\u00e9 - A Not\u00edcia Online\" \/>\n\t\t<meta property=\"og:description\" content=\"Caravanas do Sindicato \u00danico dos Trabalhadores (Sind-UTE\/MG) das subsedes da Zona da Mata (Ouro Preto, Carangola, Juiz de Fora, Barbacena, S\u00e3o Jo\u00e3o Del Rei, Vi\u00e7osa, Ponte Nova, Muria\u00e9 e cidades da regi\u00e3o: Eugen\u00f3polis, Mira\u00ed, Miradouro, Mariana), membros da Secretaria Regional de Ensino de Muria\u00e9, de Juiz de Fora, de Carangola e de demais cidades, concentraram-se\" \/>\n\t\t<meta property=\"og:url\" content=\"https:\/\/anoticiaonline.com.br\/site\/em-greve-profissionais-da-rede-estadual-de-ensino-fazem-protesto-em-muriae\/\" \/>\n\t\t<meta property=\"og:image\" content=\"https:\/\/scontent-gig4-1.xx.fbcdn.net\/v\/t39.30808-1\/270437624_4564083193639691_6907940295614233970_n.jpg?stp=dst-jpg_s200x200_tt6&#038;_nc_cat=111&#038;ccb=1-7&#038;_nc_sid=f907e8&#038;_nc_ohc=SM1wRlP3lJwQ7kNvwEPuBYA&#038;_nc_oc=AdnqrjDN_BNjSSHWO-GbkIWH6fkGMLw4bqvL_NH6e2wMveX7G-rP2dAqsDSq1mJMOaY&#038;_nc_zt=24&#038;_nc_ht=scontent-gig4-1.xx&#038;_nc_gid=AoBFJeGrT1hVaew_6rchkQ&#038;oh=00_AfX7QmFGhQhG2jAllVgXCiM1ZrWgvtp80-Bfppyexh1QEg&#038;oe=689E923C\" \/>\n\t\t<meta property=\"og:image:secure_url\" content=\"https:\/\/scontent-gig4-1.xx.fbcdn.net\/v\/t39.30808-1\/270437624_4564083193639691_6907940295614233970_n.jpg?stp=dst-jpg_s200x200_tt6&#038;_nc_cat=111&#038;ccb=1-7&#038;_nc_sid=f907e8&#038;_nc_ohc=SM1wRlP3lJwQ7kNvwEPuBYA&#038;_nc_oc=AdnqrjDN_BNjSSHWO-GbkIWH6fkGMLw4bqvL_NH6e2wMveX7G-rP2dAqsDSq1mJMOaY&#038;_nc_zt=24&#038;_nc_ht=scontent-gig4-1.xx&#038;_nc_gid=AoBFJeGrT1hVaew_6rchkQ&#038;oh=00_AfX7QmFGhQhG2jAllVgXCiM1ZrWgvtp80-Bfppyexh1QEg&#038;oe=689E923C\" \/>\n\t\t<meta property=\"article:published_time\" content=\"2018-03-29T21:07:06+00:00\" \/>\n\t\t<meta property=\"article:modified_time\" content=\"2018-03-29T21:07:31+00:00\" \/>\n\t\t<meta name=\"twitter:card\" content=\"summary_large_image\" \/>\n\t\t<meta name=\"twitter:title\" content=\"Em greve, profissionais da rede estadual de ensino fazem protesto em Muria\u00e9 - A Not\u00edcia Online\" \/>\n\t\t<meta name=\"twitter:description\" content=\"Caravanas do Sindicato \u00danico dos Trabalhadores (Sind-UTE\/MG) das subsedes da Zona da Mata (Ouro Preto, Carangola, Juiz de Fora, Barbacena, S\u00e3o Jo\u00e3o Del Rei, Vi\u00e7osa, Ponte Nova, Muria\u00e9 e cidades da regi\u00e3o: Eugen\u00f3polis, Mira\u00ed, Miradouro, Mariana), membros da Secretaria Regional de Ensino de Muria\u00e9, de Juiz de Fora, de Carangola e de demais cidades, concentraram-se\" \/>\n\t\t<meta name=\"twitter:image\" content=\"https:\/\/scontent-gig4-1.xx.fbcdn.net\/v\/t39.30808-1\/270437624_4564083193639691_6907940295614233970_n.jpg?stp=dst-jpg_s200x200_tt6&amp;_nc_cat=111&amp;ccb=1-7&amp;_nc_sid=f907e8&amp;_nc_ohc=SM1wRlP3lJwQ7kNvwEPuBYA&amp;_nc_oc=AdnqrjDN_BNjSSHWO-GbkIWH6fkGMLw4bqvL_NH6e2wMveX7G-rP2dAqsDSq1mJMOaY&amp;_nc_zt=24&amp;_nc_ht=scontent-gig4-1.xx&amp;_nc_gid=AoBFJeGrT1hVaew_6rchkQ&amp;oh=00_AfX7QmFGhQhG2jAllVgXCiM1ZrWgvtp80-Bfppyexh1QEg&amp;oe=689E923C\" \/>\n\t\t<script type=\"application\/ld+json\" class=\"aioseo-schema\">\n\t\t\t{\"@context\":\"https:\\\/\\\/schema.org\",\"@graph\":[{\"@type\":\"BlogPosting\",\"@id\":\"https:\\\/\\\/anoticiaonline.com.br\\\/site\\\/em-greve-profissionais-da-rede-estadual-de-ensino-fazem-protesto-em-muriae\\\/#blogposting\",\"name\":\"Em greve, profissionais da rede estadual de ensino fazem protesto em Muria\\u00e9 - A Not\\u00edcia Online\",\"headline\":\"Em greve, profissionais da rede estadual de ensino fazem protesto em Muria\\u00e9\",\"author\":{\"@id\":\"https:\\\/\\\/anoticiaonline.com.br\\\/site\\\/author\\\/juliana\\\/#author\"},\"publisher\":{\"@id\":\"https:\\\/\\\/anoticiaonline.com.br\\\/site\\\/#organization\"},\"image\":{\"@type\":\"ImageObject\",\"url\":\"https:\\\/\\\/anoticiaonline.com.br\\\/site\\\/wp-content\\\/uploads\\\/2018\\\/03\\\/DSC_0623.jpg\",\"width\":640,\"height\":427},\"datePublished\":\"2018-03-29T18:07:06-03:00\",\"dateModified\":\"2018-03-29T18:07:31-03:00\",\"inLanguage\":\"pt-BR\",\"mainEntityOfPage\":{\"@id\":\"https:\\\/\\\/anoticiaonline.com.br\\\/site\\\/em-greve-profissionais-da-rede-estadual-de-ensino-fazem-protesto-em-muriae\\\/#webpage\"},\"isPartOf\":{\"@id\":\"https:\\\/\\\/anoticiaonline.com.br\\\/site\\\/em-greve-profissionais-da-rede-estadual-de-ensino-fazem-protesto-em-muriae\\\/#webpage\"},\"articleSection\":\"Gerais, Barbacena, BR 116 foi fechada, carangola, eugen\\u00f3polis, Juiz de Fora, manifesta\\u00e7\\u00e3o, Mariana, miradouro, mira\\u00ed, Muria\\u00e9, Ouro Preto, Ponte Nova, S\\u00e3o Jo\\u00e3o Del Rei, Sind-UTE\\\/MG, Sindicato \\u00danico dos Trabalhadores, Sindicato \\u00danico dos Trabalhadores (Sind-UTE\\\/MG), subsedes da Zona da Mata, Vi\\u00e7osa\"},{\"@type\":\"BreadcrumbList\",\"@id\":\"https:\\\/\\\/anoticiaonline.com.br\\\/site\\\/em-greve-profissionais-da-rede-estadual-de-ensino-fazem-protesto-em-muriae\\\/#breadcrumblist\",\"itemListElement\":[{\"@type\":\"ListItem\",\"@id\":\"https:\\\/\\\/anoticiaonline.com.br\\\/site#listItem\",\"position\":1,\"name\":\"Home\",\"item\":\"https:\\\/\\\/anoticiaonline.com.br\\\/site\",\"nextItem\":{\"@type\":\"ListItem\",\"@id\":\"https:\\\/\\\/anoticiaonline.com.br\\\/site\\\/categoria\\\/gerais\\\/#listItem\",\"name\":\"Gerais\"}},{\"@type\":\"ListItem\",\"@id\":\"https:\\\/\\\/anoticiaonline.com.br\\\/site\\\/categoria\\\/gerais\\\/#listItem\",\"position\":2,\"name\":\"Gerais\",\"item\":\"https:\\\/\\\/anoticiaonline.com.br\\\/site\\\/categoria\\\/gerais\\\/\",\"nextItem\":{\"@type\":\"ListItem\",\"@id\":\"https:\\\/\\\/anoticiaonline.com.br\\\/site\\\/em-greve-profissionais-da-rede-estadual-de-ensino-fazem-protesto-em-muriae\\\/#listItem\",\"name\":\"Em greve, profissionais da rede estadual de ensino fazem protesto em Muria\\u00e9\"},\"previousItem\":{\"@type\":\"ListItem\",\"@id\":\"https:\\\/\\\/anoticiaonline.com.br\\\/site#listItem\",\"name\":\"Home\"}},{\"@type\":\"ListItem\",\"@id\":\"https:\\\/\\\/anoticiaonline.com.br\\\/site\\\/em-greve-profissionais-da-rede-estadual-de-ensino-fazem-protesto-em-muriae\\\/#listItem\",\"position\":3,\"name\":\"Em greve, profissionais da rede estadual de ensino fazem protesto em Muria\\u00e9\",\"previousItem\":{\"@type\":\"ListItem\",\"@id\":\"https:\\\/\\\/anoticiaonline.com.br\\\/site\\\/categoria\\\/gerais\\\/#listItem\",\"name\":\"Gerais\"}}]},{\"@type\":\"Organization\",\"@id\":\"https:\\\/\\\/anoticiaonline.com.br\\\/site\\\/#organization\",\"name\":\"A Not\\u00edcia Online\",\"description\":\"Noticias de Muria\\u00e9 e regi\\u00e3o\",\"url\":\"https:\\\/\\\/anoticiaonline.com.br\\\/site\\\/\",\"logo\":{\"@type\":\"ImageObject\",\"url\":\"https:\\\/\\\/scontent-gig4-1.xx.fbcdn.net\\\/v\\\/t39.30808-1\\\/270437624_4564083193639691_6907940295614233970_n.jpg?stp=dst-jpg_s200x200_tt6&_nc_cat=111&ccb=1-7&_nc_sid=f907e8&_nc_ohc=SM1wRlP3lJwQ7kNvwEPuBYA&_nc_oc=AdnqrjDN_BNjSSHWO-GbkIWH6fkGMLw4bqvL_NH6e2wMveX7G-rP2dAqsDSq1mJMOaY&_nc_zt=24&_nc_ht=scontent-gig4-1.xx&_nc_gid=AoBFJeGrT1hVaew_6rchkQ&oh=00_AfX7QmFGhQhG2jAllVgXCiM1ZrWgvtp80-Bfppyexh1QEg&oe=689E923C\",\"@id\":\"https:\\\/\\\/anoticiaonline.com.br\\\/site\\\/em-greve-profissionais-da-rede-estadual-de-ensino-fazem-protesto-em-muriae\\\/#organizationLogo\"},\"image\":{\"@id\":\"https:\\\/\\\/anoticiaonline.com.br\\\/site\\\/em-greve-profissionais-da-rede-estadual-de-ensino-fazem-protesto-em-muriae\\\/#organizationLogo\"}},{\"@type\":\"Person\",\"@id\":\"https:\\\/\\\/anoticiaonline.com.br\\\/site\\\/author\\\/juliana\\\/#author\",\"url\":\"https:\\\/\\\/anoticiaonline.com.br\\\/site\\\/author\\\/juliana\\\/\",\"name\":\"Juliana Laviola\",\"image\":{\"@type\":\"ImageObject\",\"@id\":\"https:\\\/\\\/anoticiaonline.com.br\\\/site\\\/em-greve-profissionais-da-rede-estadual-de-ensino-fazem-protesto-em-muriae\\\/#authorImage\",\"url\":\"https:\\\/\\\/secure.gravatar.com\\\/avatar\\\/b8d45f5c699b100dfaf0e543582f38f38bf94cb7ae3a5e9abf8d891a34773335?s=96&d=mm&r=g\",\"width\":96,\"height\":96,\"caption\":\"Juliana Laviola\"}},{\"@type\":\"WebPage\",\"@id\":\"https:\\\/\\\/anoticiaonline.com.br\\\/site\\\/em-greve-profissionais-da-rede-estadual-de-ensino-fazem-protesto-em-muriae\\\/#webpage\",\"url\":\"https:\\\/\\\/anoticiaonline.com.br\\\/site\\\/em-greve-profissionais-da-rede-estadual-de-ensino-fazem-protesto-em-muriae\\\/\",\"name\":\"Em greve, profissionais da rede estadual de ensino fazem protesto em Muria\\u00e9 - A Not\\u00edcia Online\",\"description\":\"Caravanas do Sindicato \\u00danico dos Trabalhadores (Sind-UTE\\\/MG) das subsedes da Zona da Mata (Ouro Preto, Carangola, Juiz de Fora, Barbacena, S\\u00e3o Jo\\u00e3o Del Rei, Vi\\u00e7osa, Ponte Nova, Muria\\u00e9 e cidades da regi\\u00e3o: Eugen\\u00f3polis, Mira\\u00ed, Miradouro, Mariana), membros da Secretaria Regional de Ensino de Muria\\u00e9, de Juiz de Fora, de Carangola e de demais cidades, concentraram-se\",\"inLanguage\":\"pt-BR\",\"isPartOf\":{\"@id\":\"https:\\\/\\\/anoticiaonline.com.br\\\/site\\\/#website\"},\"breadcrumb\":{\"@id\":\"https:\\\/\\\/anoticiaonline.com.br\\\/site\\\/em-greve-profissionais-da-rede-estadual-de-ensino-fazem-protesto-em-muriae\\\/#breadcrumblist\"},\"author\":{\"@id\":\"https:\\\/\\\/anoticiaonline.com.br\\\/site\\\/author\\\/juliana\\\/#author\"},\"creator\":{\"@id\":\"https:\\\/\\\/anoticiaonline.com.br\\\/site\\\/author\\\/juliana\\\/#author\"},\"image\":{\"@type\":\"ImageObject\",\"url\":\"https:\\\/\\\/anoticiaonline.com.br\\\/site\\\/wp-content\\\/uploads\\\/2018\\\/03\\\/DSC_0623.jpg\",\"@id\":\"https:\\\/\\\/anoticiaonline.com.br\\\/site\\\/em-greve-profissionais-da-rede-estadual-de-ensino-fazem-protesto-em-muriae\\\/#mainImage\",\"width\":640,\"height\":427},\"primaryImageOfPage\":{\"@id\":\"https:\\\/\\\/anoticiaonline.com.br\\\/site\\\/em-greve-profissionais-da-rede-estadual-de-ensino-fazem-protesto-em-muriae\\\/#mainImage\"},\"datePublished\":\"2018-03-29T18:07:06-03:00\",\"dateModified\":\"2018-03-29T18:07:31-03:00\"},{\"@type\":\"WebSite\",\"@id\":\"https:\\\/\\\/anoticiaonline.com.br\\\/site\\\/#website\",\"url\":\"https:\\\/\\\/anoticiaonline.com.br\\\/site\\\/\",\"name\":\"A Not\\u00edcia Online\",\"description\":\"Noticias de Muria\\u00e9 e regi\\u00e3o\",\"inLanguage\":\"pt-BR\",\"publisher\":{\"@id\":\"https:\\\/\\\/anoticiaonline.com.br\\\/site\\\/#organization\"}}]}\n\t\t<\/script>\n\t\t<!-- All in One SEO -->\n\n","aioseo_head_json":{"title":"Em greve, profissionais da rede estadual de ensino fazem protesto em Muria\u00e9 - A Not\u00edcia Online","description":"Caravanas do Sindicato \u00danico dos Trabalhadores (Sind-UTE\/MG) das subsedes da Zona da Mata (Ouro Preto, Carangola, Juiz de Fora, Barbacena, S\u00e3o Jo\u00e3o Del Rei, Vi\u00e7osa, Ponte Nova, Muria\u00e9 e cidades da regi\u00e3o: Eugen\u00f3polis, Mira\u00ed, Miradouro, Mariana), membros da Secretaria Regional de Ensino de Muria\u00e9, de Juiz de Fora, de Carangola e de demais cidades, concentraram-se","canonical_url":"https:\/\/anoticiaonline.com.br\/site\/em-greve-profissionais-da-rede-estadual-de-ensino-fazem-protesto-em-muriae\/","robots":"max-image-preview:large","keywords":"","webmasterTools":{"miscellaneous":""},"schema":{"@context":"https:\/\/schema.org","@graph":[{"@type":"BlogPosting","@id":"https:\/\/anoticiaonline.com.br\/site\/em-greve-profissionais-da-rede-estadual-de-ensino-fazem-protesto-em-muriae\/#blogposting","name":"Em greve, profissionais da rede estadual de ensino fazem protesto em Muria\u00e9 - A Not\u00edcia Online","headline":"Em greve, profissionais da rede estadual de ensino fazem protesto em Muria\u00e9","author":{"@id":"https:\/\/anoticiaonline.com.br\/site\/author\/juliana\/#author"},"publisher":{"@id":"https:\/\/anoticiaonline.com.br\/site\/#organization"},"image":{"@type":"ImageObject","url":"https:\/\/anoticiaonline.com.br\/site\/wp-content\/uploads\/2018\/03\/DSC_0623.jpg","width":640,"height":427},"datePublished":"2018-03-29T18:07:06-03:00","dateModified":"2018-03-29T18:07:31-03:00","inLanguage":"pt-BR","mainEntityOfPage":{"@id":"https:\/\/anoticiaonline.com.br\/site\/em-greve-profissionais-da-rede-estadual-de-ensino-fazem-protesto-em-muriae\/#webpage"},"isPartOf":{"@id":"https:\/\/anoticiaonline.com.br\/site\/em-greve-profissionais-da-rede-estadual-de-ensino-fazem-protesto-em-muriae\/#webpage"},"articleSection":"Gerais, Barbacena, BR 116 foi fechada, carangola, eugen\u00f3polis, Juiz de Fora, manifesta\u00e7\u00e3o, Mariana, miradouro, mira\u00ed, Muria\u00e9, Ouro Preto, Ponte Nova, S\u00e3o Jo\u00e3o Del Rei, Sind-UTE\/MG, Sindicato \u00danico dos Trabalhadores, Sindicato \u00danico dos Trabalhadores (Sind-UTE\/MG), subsedes da Zona da Mata, Vi\u00e7osa"},{"@type":"BreadcrumbList","@id":"https:\/\/anoticiaonline.com.br\/site\/em-greve-profissionais-da-rede-estadual-de-ensino-fazem-protesto-em-muriae\/#breadcrumblist","itemListElement":[{"@type":"ListItem","@id":"https:\/\/anoticiaonline.com.br\/site#listItem","position":1,"name":"Home","item":"https:\/\/anoticiaonline.com.br\/site","nextItem":{"@type":"ListItem","@id":"https:\/\/anoticiaonline.com.br\/site\/categoria\/gerais\/#listItem","name":"Gerais"}},{"@type":"ListItem","@id":"https:\/\/anoticiaonline.com.br\/site\/categoria\/gerais\/#listItem","position":2,"name":"Gerais","item":"https:\/\/anoticiaonline.com.br\/site\/categoria\/gerais\/","nextItem":{"@type":"ListItem","@id":"https:\/\/anoticiaonline.com.br\/site\/em-greve-profissionais-da-rede-estadual-de-ensino-fazem-protesto-em-muriae\/#listItem","name":"Em greve, profissionais da rede estadual de ensino fazem protesto em Muria\u00e9"},"previousItem":{"@type":"ListItem","@id":"https:\/\/anoticiaonline.com.br\/site#listItem","name":"Home"}},{"@type":"ListItem","@id":"https:\/\/anoticiaonline.com.br\/site\/em-greve-profissionais-da-rede-estadual-de-ensino-fazem-protesto-em-muriae\/#listItem","position":3,"name":"Em greve, profissionais da rede estadual de ensino fazem protesto em Muria\u00e9","previousItem":{"@type":"ListItem","@id":"https:\/\/anoticiaonline.com.br\/site\/categoria\/gerais\/#listItem","name":"Gerais"}}]},{"@type":"Organization","@id":"https:\/\/anoticiaonline.com.br\/site\/#organization","name":"A Not\u00edcia Online","description":"Noticias de Muria\u00e9 e regi\u00e3o","url":"https:\/\/anoticiaonline.com.br\/site\/","logo":{"@type":"ImageObject","url":"https:\/\/scontent-gig4-1.xx.fbcdn.net\/v\/t39.30808-1\/270437624_4564083193639691_6907940295614233970_n.jpg?stp=dst-jpg_s200x200_tt6&_nc_cat=111&ccb=1-7&_nc_sid=f907e8&_nc_ohc=SM1wRlP3lJwQ7kNvwEPuBYA&_nc_oc=AdnqrjDN_BNjSSHWO-GbkIWH6fkGMLw4bqvL_NH6e2wMveX7G-rP2dAqsDSq1mJMOaY&_nc_zt=24&_nc_ht=scontent-gig4-1.xx&_nc_gid=AoBFJeGrT1hVaew_6rchkQ&oh=00_AfX7QmFGhQhG2jAllVgXCiM1ZrWgvtp80-Bfppyexh1QEg&oe=689E923C","@id":"https:\/\/anoticiaonline.com.br\/site\/em-greve-profissionais-da-rede-estadual-de-ensino-fazem-protesto-em-muriae\/#organizationLogo"},"image":{"@id":"https:\/\/anoticiaonline.com.br\/site\/em-greve-profissionais-da-rede-estadual-de-ensino-fazem-protesto-em-muriae\/#organizationLogo"}},{"@type":"Person","@id":"https:\/\/anoticiaonline.com.br\/site\/author\/juliana\/#author","url":"https:\/\/anoticiaonline.com.br\/site\/author\/juliana\/","name":"Juliana Laviola","image":{"@type":"ImageObject","@id":"https:\/\/anoticiaonline.com.br\/site\/em-greve-profissionais-da-rede-estadual-de-ensino-fazem-protesto-em-muriae\/#authorImage","url":"https:\/\/secure.gravatar.com\/avatar\/b8d45f5c699b100dfaf0e543582f38f38bf94cb7ae3a5e9abf8d891a34773335?s=96&d=mm&r=g","width":96,"height":96,"caption":"Juliana Laviola"}},{"@type":"WebPage","@id":"https:\/\/anoticiaonline.com.br\/site\/em-greve-profissionais-da-rede-estadual-de-ensino-fazem-protesto-em-muriae\/#webpage","url":"https:\/\/anoticiaonline.com.br\/site\/em-greve-profissionais-da-rede-estadual-de-ensino-fazem-protesto-em-muriae\/","name":"Em greve, profissionais da rede estadual de ensino fazem protesto em Muria\u00e9 - A Not\u00edcia Online","description":"Caravanas do Sindicato \u00danico dos Trabalhadores (Sind-UTE\/MG) das subsedes da Zona da Mata (Ouro Preto, Carangola, Juiz de Fora, Barbacena, S\u00e3o Jo\u00e3o Del Rei, Vi\u00e7osa, Ponte Nova, Muria\u00e9 e cidades da regi\u00e3o: Eugen\u00f3polis, Mira\u00ed, Miradouro, Mariana), membros da Secretaria Regional de Ensino de Muria\u00e9, de Juiz de Fora, de Carangola e de demais cidades, concentraram-se","inLanguage":"pt-BR","isPartOf":{"@id":"https:\/\/anoticiaonline.com.br\/site\/#website"},"breadcrumb":{"@id":"https:\/\/anoticiaonline.com.br\/site\/em-greve-profissionais-da-rede-estadual-de-ensino-fazem-protesto-em-muriae\/#breadcrumblist"},"author":{"@id":"https:\/\/anoticiaonline.com.br\/site\/author\/juliana\/#author"},"creator":{"@id":"https:\/\/anoticiaonline.com.br\/site\/author\/juliana\/#author"},"image":{"@type":"ImageObject","url":"https:\/\/anoticiaonline.com.br\/site\/wp-content\/uploads\/2018\/03\/DSC_0623.jpg","@id":"https:\/\/anoticiaonline.com.br\/site\/em-greve-profissionais-da-rede-estadual-de-ensino-fazem-protesto-em-muriae\/#mainImage","width":640,"height":427},"primaryImageOfPage":{"@id":"https:\/\/anoticiaonline.com.br\/site\/em-greve-profissionais-da-rede-estadual-de-ensino-fazem-protesto-em-muriae\/#mainImage"},"datePublished":"2018-03-29T18:07:06-03:00","dateModified":"2018-03-29T18:07:31-03:00"},{"@type":"WebSite","@id":"https:\/\/anoticiaonline.com.br\/site\/#website","url":"https:\/\/anoticiaonline.com.br\/site\/","name":"A Not\u00edcia Online","description":"Noticias de Muria\u00e9 e regi\u00e3o","inLanguage":"pt-BR","publisher":{"@id":"https:\/\/anoticiaonline.com.br\/site\/#organization"}}]},"og:locale":"pt_BR","og:site_name":"A Not\u00edcia Online - Noticias de Muria\u00e9 e regi\u00e3o","og:type":"article","og:title":"Em greve, profissionais da rede estadual de ensino fazem protesto em Muria\u00e9 - A Not\u00edcia Online","og:description":"Caravanas do Sindicato \u00danico dos Trabalhadores (Sind-UTE\/MG) das subsedes da Zona da Mata (Ouro Preto, Carangola, Juiz de Fora, Barbacena, S\u00e3o Jo\u00e3o Del Rei, Vi\u00e7osa, Ponte Nova, Muria\u00e9 e cidades da regi\u00e3o: Eugen\u00f3polis, Mira\u00ed, Miradouro, Mariana), membros da Secretaria Regional de Ensino de Muria\u00e9, de Juiz de Fora, de Carangola e de demais cidades, concentraram-se","og:url":"https:\/\/anoticiaonline.com.br\/site\/em-greve-profissionais-da-rede-estadual-de-ensino-fazem-protesto-em-muriae\/","og:image":"https:\/\/scontent-gig4-1.xx.fbcdn.net\/v\/t39.30808-1\/270437624_4564083193639691_6907940295614233970_n.jpg?stp=dst-jpg_s200x200_tt6&#038;_nc_cat=111&#038;ccb=1-7&#038;_nc_sid=f907e8&#038;_nc_ohc=SM1wRlP3lJwQ7kNvwEPuBYA&#038;_nc_oc=AdnqrjDN_BNjSSHWO-GbkIWH6fkGMLw4bqvL_NH6e2wMveX7G-rP2dAqsDSq1mJMOaY&#038;_nc_zt=24&#038;_nc_ht=scontent-gig4-1.xx&#038;_nc_gid=AoBFJeGrT1hVaew_6rchkQ&#038;oh=00_AfX7QmFGhQhG2jAllVgXCiM1ZrWgvtp80-Bfppyexh1QEg&#038;oe=689E923C","og:image:secure_url":"https:\/\/scontent-gig4-1.xx.fbcdn.net\/v\/t39.30808-1\/270437624_4564083193639691_6907940295614233970_n.jpg?stp=dst-jpg_s200x200_tt6&#038;_nc_cat=111&#038;ccb=1-7&#038;_nc_sid=f907e8&#038;_nc_ohc=SM1wRlP3lJwQ7kNvwEPuBYA&#038;_nc_oc=AdnqrjDN_BNjSSHWO-GbkIWH6fkGMLw4bqvL_NH6e2wMveX7G-rP2dAqsDSq1mJMOaY&#038;_nc_zt=24&#038;_nc_ht=scontent-gig4-1.xx&#038;_nc_gid=AoBFJeGrT1hVaew_6rchkQ&#038;oh=00_AfX7QmFGhQhG2jAllVgXCiM1ZrWgvtp80-Bfppyexh1QEg&#038;oe=689E923C","article:published_time":"2018-03-29T21:07:06+00:00","article:modified_time":"2018-03-29T21:07:31+00:00","twitter:card":"summary_large_image","twitter:title":"Em greve, profissionais da rede estadual de ensino fazem protesto em Muria\u00e9 - A Not\u00edcia Online","twitter:description":"Caravanas do Sindicato \u00danico dos Trabalhadores (Sind-UTE\/MG) das subsedes da Zona da Mata (Ouro Preto, Carangola, Juiz de Fora, Barbacena, S\u00e3o Jo\u00e3o Del Rei, Vi\u00e7osa, Ponte Nova, Muria\u00e9 e cidades da regi\u00e3o: Eugen\u00f3polis, Mira\u00ed, Miradouro, Mariana), membros da Secretaria Regional de Ensino de Muria\u00e9, de Juiz de Fora, de Carangola e de demais cidades, concentraram-se","twitter:image":"https:\/\/scontent-gig4-1.xx.fbcdn.net\/v\/t39.30808-1\/270437624_4564083193639691_6907940295614233970_n.jpg?stp=dst-jpg_s200x200_tt6&_nc_cat=111&ccb=1-7&_nc_sid=f907e8&_nc_ohc=SM1wRlP3lJwQ7kNvwEPuBYA&_nc_oc=AdnqrjDN_BNjSSHWO-GbkIWH6fkGMLw4bqvL_NH6e2wMveX7G-rP2dAqsDSq1mJMOaY&_nc_zt=24&_nc_ht=scontent-gig4-1.xx&_nc_gid=AoBFJeGrT1hVaew_6rchkQ&oh=00_AfX7QmFGhQhG2jAllVgXCiM1ZrWgvtp80-Bfppyexh1QEg&oe=689E923C"},"aioseo_meta_data":{"post_id":"52519","title":null,"description":null,"keywords":null,"keyphrases":null,"primary_term":null,"canonical_url":null,"og_title":null,"og_description":null,"og_object_type":"default","og_image_type":"default","og_image_url":null,"og_image_width":null,"og_image_height":null,"og_image_custom_url":null,"og_image_custom_fields":null,"og_video":null,"og_custom_url":null,"og_article_section":null,"og_article_tags":null,"twitter_use_og":false,"twitter_card":"default","twitter_image_type":"default","twitter_image_url":null,"twitter_image_custom_url":null,"twitter_image_custom_fields":null,"twitter_title":null,"twitter_description":null,"schema":{"blockGraphs":[],"customGraphs":[],"default":{"data":{"Article":[],"Course":[],"Dataset":[],"FAQPage":[],"Movie":[],"Person":[],"Product":[],"ProductReview":[],"Car":[],"Recipe":[],"Service":[],"SoftwareApplication":[],"WebPage":[]},"graphName":"","isEnabled":true},"graphs":[]},"schema_type":"default","schema_type_options":null,"pillar_content":false,"robots_default":true,"robots_noindex":false,"robots_noarchive":false,"robots_nosnippet":false,"robots_nofollow":false,"robots_noimageindex":false,"robots_noodp":false,"robots_notranslate":false,"robots_max_snippet":null,"robots_max_videopreview":null,"robots_max_imagepreview":"large","priority":null,"frequency":null,"local_seo":null,"breadcrumb_settings":null,"limit_modified_date":false,"ai":null,"created":"2025-08-16 20:36:18","updated":"2025-08-16 20:36:18","focus_keyword":null,"additional_keywords":null,"truseo_locale":null,"seo_analyzer_scan_date":null},"aioseo_breadcrumb":"<div class=\"aioseo-breadcrumbs\"><span class=\"aioseo-breadcrumb\">\n\t\t\t<a href=\"https:\/\/anoticiaonline.com.br\/site\" title=\"Home\">Home<\/a>\n\t\t<\/span><span class=\"aioseo-breadcrumb-separator\">&raquo;<\/span><span class=\"aioseo-breadcrumb\">\n\t\t\t<a href=\"https:\/\/anoticiaonline.com.br\/site\/categoria\/gerais\/\" title=\"Gerais\">Gerais<\/a>\n\t\t<\/span><span class=\"aioseo-breadcrumb-separator\">&raquo;<\/span><span class=\"aioseo-breadcrumb\">\n\t\t\tEm greve, profissionais da rede estadual de ensino fazem protesto em Muria\u00e9\n\t\t<\/span><\/div>","aioseo_breadcrumb_json":[{"label":"Home","link":"https:\/\/anoticiaonline.com.br\/site"},{"label":"Gerais","link":"https:\/\/anoticiaonline.com.br\/site\/categoria\/gerais\/"},{"label":"Em greve, profissionais da rede estadual de ensino fazem protesto em Muria\u00e9","link":"https:\/\/anoticiaonline.com.br\/site\/em-greve-profissionais-da-rede-estadual-de-ensino-fazem-protesto-em-muriae\/"}],"views":161,"_links":{"self":[{"href":"https:\/\/anoticiaonline.com.br\/site\/wp-json\/wp\/v2\/posts\/52519","targetHints":{"allow":["GET"]}}],"collection":[{"href":"https:\/\/anoticiaonline.com.br\/site\/wp-json\/wp\/v2\/posts"}],"about":[{"href":"https:\/\/anoticiaonline.com.br\/site\/wp-json\/wp\/v2\/types\/post"}],"author":[{"embeddable":true,"href":"https:\/\/anoticiaonline.com.br\/site\/wp-json\/wp\/v2\/users\/2"}],"replies":[{"embeddable":true,"href":"https:\/\/anoticiaonline.com.br\/site\/wp-json\/wp\/v2\/comments?post=52519"}],"version-history":[{"count":0,"href":"https:\/\/anoticiaonline.com.br\/site\/wp-json\/wp\/v2\/posts\/52519\/revisions"}],"wp:featuredmedia":[{"embeddable":true,"href":"https:\/\/anoticiaonline.com.br\/site\/wp-json\/wp\/v2\/media\/52646"}],"wp:attachment":[{"href":"https:\/\/anoticiaonline.com.br\/site\/wp-json\/wp\/v2\/media?parent=52519"}],"wp:term":[{"taxonomy":"category","embeddable":true,"href":"https:\/\/anoticiaonline.com.br\/site\/wp-json\/wp\/v2\/categories?post=52519"},{"taxonomy":"post_tag","embeddable":true,"href":"https:\/\/anoticiaonline.com.br\/site\/wp-json\/wp\/v2\/tags?post=52519"}],"curies":[{"name":"wp","href":"https:\/\/api.w.org\/{rel}","templated":true}]}}