{"id":52279,"date":"2018-03-29T17:17:08","date_gmt":"2018-03-29T20:17:08","guid":{"rendered":"http:\/\/anoticiaonline.com.br\/site\/?p=52279"},"modified":"2018-03-29T17:17:08","modified_gmt":"2018-03-29T20:17:08","slug":"cafe-caramello-marca-presenca-na-1a-feagro-de-muriae","status":"publish","type":"post","link":"https:\/\/anoticiaonline.com.br\/site\/cafe-caramello-marca-presenca-na-1a-feagro-de-muriae\/","title":{"rendered":"Caf\u00e9 Caramello marca presen\u00e7a na 1\u00aa Feagro de Muria\u00e9"},"content":{"rendered":"<p><a href=\"https:\/\/anoticiaonline.com.br\/site\/wp-content\/uploads\/2018\/03\/DSC_0239.jpg\"><img fetchpriority=\"high\" decoding=\"async\" class=\"aligncenter size-full wp-image-52336\" src=\"https:\/\/anoticiaonline.com.br\/site\/wp-content\/uploads\/2018\/03\/DSC_0239.jpg\" alt=\"\" width=\"640\" height=\"425\" srcset=\"https:\/\/anoticiaonline.com.br\/site\/wp-content\/uploads\/2018\/03\/DSC_0239.jpg 640w, https:\/\/anoticiaonline.com.br\/site\/wp-content\/uploads\/2018\/03\/DSC_0239-300x199.jpg 300w\" sizes=\"(max-width: 640px) 100vw, 640px\" \/><\/a> <a href=\"https:\/\/anoticiaonline.com.br\/site\/wp-content\/uploads\/2018\/03\/DSC_0240.jpg\"><img decoding=\"async\" class=\"aligncenter size-full wp-image-52341\" src=\"https:\/\/anoticiaonline.com.br\/site\/wp-content\/uploads\/2018\/03\/DSC_0240.jpg\" alt=\"\" width=\"640\" height=\"424\" srcset=\"https:\/\/anoticiaonline.com.br\/site\/wp-content\/uploads\/2018\/03\/DSC_0240.jpg 640w, https:\/\/anoticiaonline.com.br\/site\/wp-content\/uploads\/2018\/03\/DSC_0240-300x199.jpg 300w\" sizes=\"(max-width: 640px) 100vw, 640px\" \/><\/a> <a href=\"https:\/\/anoticiaonline.com.br\/site\/wp-content\/uploads\/2018\/03\/DSC_1385.jpg\"><img decoding=\"async\" class=\"aligncenter size-full wp-image-52344\" src=\"https:\/\/anoticiaonline.com.br\/site\/wp-content\/uploads\/2018\/03\/DSC_1385.jpg\" alt=\"\" width=\"640\" height=\"427\" srcset=\"https:\/\/anoticiaonline.com.br\/site\/wp-content\/uploads\/2018\/03\/DSC_1385.jpg 640w, https:\/\/anoticiaonline.com.br\/site\/wp-content\/uploads\/2018\/03\/DSC_1385-300x200.jpg 300w\" sizes=\"(max-width: 640px) 100vw, 640px\" \/><\/a> <a href=\"https:\/\/anoticiaonline.com.br\/site\/wp-content\/uploads\/2018\/03\/DSC_1589.jpg\"><img loading=\"lazy\" decoding=\"async\" class=\"aligncenter size-full wp-image-52349\" src=\"https:\/\/anoticiaonline.com.br\/site\/wp-content\/uploads\/2018\/03\/DSC_1589.jpg\" alt=\"\" width=\"640\" height=\"427\" srcset=\"https:\/\/anoticiaonline.com.br\/site\/wp-content\/uploads\/2018\/03\/DSC_1589.jpg 640w, https:\/\/anoticiaonline.com.br\/site\/wp-content\/uploads\/2018\/03\/DSC_1589-300x200.jpg 300w\" sizes=\"(max-width: 640px) 100vw, 640px\" \/><\/a>A Caf\u00e9 Caramello, que distribui pa\u00eds afora o primeiro Creme de Caf\u00e9 produzido em territ\u00f3rio brasileiro, participou da 1\u00aa Feagro, nos dias 22, 23 e 24 de mar\u00e7o, no Parque de Exposi\u00e7\u00f5es de Muria\u00e9, em uma parceria de sucesso com o Sicoob Credisudeste.<\/p>\n<p>No stand, visitantes puderam conhecer, degustar e comprar os produtos da empresa que produz cerca de 23 mil potes de creme de caf\u00e9 por m\u00eas. A Caf\u00e9 Caramello agradece aos organizadores pelo convite e todos aqueles que visitaram seu espa\u00e7o na feira agropecu\u00e1ria.<\/p>\n<p>Estamos inserindo o produto no mercado e para isso buscamos por revendedores e\/ou pontos de venda em Muria\u00e9<\/p>\n<p>Contato: Fernanda M Trindade<\/p>\n<p>(32) 99806 2386 Vivo<\/p>\n<p>(31) 99915 3962 Tim<\/p>\n<p>carangola@cafecaramello.com.br<\/p>\n<p>&nbsp;<\/p>\n","protected":false},"excerpt":{"rendered":"<p>A Caf\u00e9 Caramello, que distribui pa\u00eds afora o primeiro Creme de Caf\u00e9 produzido em territ\u00f3rio brasileiro, participou da 1\u00aa Feagro, nos dias 22, 23 e 24 de mar\u00e7o, no Parque de Exposi\u00e7\u00f5es de Muria\u00e9, em uma parceria de sucesso com o Sicoob Credisudeste. No stand, visitantes puderam conhecer, degustar e comprar os produtos da empresa &#8230; <a title=\"Caf\u00e9 Caramello marca presen\u00e7a na 1\u00aa Feagro de Muria\u00e9\" class=\"read-more\" href=\"https:\/\/anoticiaonline.com.br\/site\/cafe-caramello-marca-presenca-na-1a-feagro-de-muriae\/\" aria-label=\"Read more about Caf\u00e9 Caramello marca presen\u00e7a na 1\u00aa Feagro de Muria\u00e9\">Ler mais<\/a><\/p>\n","protected":false},"author":2,"featured_media":52344,"comment_status":"open","ping_status":"open","sticky":false,"template":"","format":"standard","meta":{"_acf_changed":false,"_monsterinsights_skip_tracking":false,"footnotes":""},"categories":[1],"tags":[2275,2276,2262,2277],"class_list":["post-52279","post","type-post","status-publish","format-standard","has-post-thumbnail","hentry","category-gerais","tag-afe-caramello","tag-creme-de-cafe","tag-parque-de-exposicoes-de-muriae","tag-stand"],"acf":[],"aioseo_notices":[],"aioseo_head":"\n\t\t<!-- All in One SEO 5.0.0.1 - aioseo.com -->\n\t<meta name=\"description\" content=\"A Caf\u00e9 Caramello, que distribui pa\u00eds afora o primeiro Creme de Caf\u00e9 produzido em territ\u00f3rio brasileiro, participou da 1\u00aa Feagro, nos dias 22, 23 e 24 de mar\u00e7o, no Parque de Exposi\u00e7\u00f5es de Muria\u00e9, em uma parceria de sucesso com o Sicoob Credisudeste. No stand, visitantes puderam conhecer, degustar e comprar os produtos da empresa\" \/>\n\t<meta name=\"robots\" content=\"max-image-preview:large\" \/>\n\t<meta name=\"author\" content=\"Juliana Laviola\"\/>\n\t<link rel=\"canonical\" href=\"https:\/\/anoticiaonline.com.br\/site\/cafe-caramello-marca-presenca-na-1a-feagro-de-muriae\/\" \/>\n\t<meta name=\"generator\" content=\"All in One SEO (AIOSEO) 5.0.0.1\" \/>\n\t\t<meta property=\"og:locale\" content=\"pt_BR\" \/>\n\t\t<meta property=\"og:site_name\" content=\"A Not\u00edcia Online - Noticias de Muria\u00e9 e regi\u00e3o\" \/>\n\t\t<meta property=\"og:type\" content=\"article\" \/>\n\t\t<meta property=\"og:title\" content=\"Caf\u00e9 Caramello marca presen\u00e7a na 1\u00aa Feagro de Muria\u00e9 - A Not\u00edcia Online\" \/>\n\t\t<meta property=\"og:description\" content=\"A Caf\u00e9 Caramello, que distribui pa\u00eds afora o primeiro Creme de Caf\u00e9 produzido em territ\u00f3rio brasileiro, participou da 1\u00aa Feagro, nos dias 22, 23 e 24 de mar\u00e7o, no Parque de Exposi\u00e7\u00f5es de Muria\u00e9, em uma parceria de sucesso com o Sicoob Credisudeste. No stand, visitantes puderam conhecer, degustar e comprar os produtos da empresa\" \/>\n\t\t<meta property=\"og:url\" content=\"https:\/\/anoticiaonline.com.br\/site\/cafe-caramello-marca-presenca-na-1a-feagro-de-muriae\/\" \/>\n\t\t<meta property=\"og:image\" content=\"https:\/\/scontent-gig4-1.xx.fbcdn.net\/v\/t39.30808-1\/270437624_4564083193639691_6907940295614233970_n.jpg?stp=dst-jpg_s200x200_tt6&#038;_nc_cat=111&#038;ccb=1-7&#038;_nc_sid=f907e8&#038;_nc_ohc=SM1wRlP3lJwQ7kNvwEPuBYA&#038;_nc_oc=AdnqrjDN_BNjSSHWO-GbkIWH6fkGMLw4bqvL_NH6e2wMveX7G-rP2dAqsDSq1mJMOaY&#038;_nc_zt=24&#038;_nc_ht=scontent-gig4-1.xx&#038;_nc_gid=AoBFJeGrT1hVaew_6rchkQ&#038;oh=00_AfX7QmFGhQhG2jAllVgXCiM1ZrWgvtp80-Bfppyexh1QEg&#038;oe=689E923C\" \/>\n\t\t<meta property=\"og:image:secure_url\" content=\"https:\/\/scontent-gig4-1.xx.fbcdn.net\/v\/t39.30808-1\/270437624_4564083193639691_6907940295614233970_n.jpg?stp=dst-jpg_s200x200_tt6&#038;_nc_cat=111&#038;ccb=1-7&#038;_nc_sid=f907e8&#038;_nc_ohc=SM1wRlP3lJwQ7kNvwEPuBYA&#038;_nc_oc=AdnqrjDN_BNjSSHWO-GbkIWH6fkGMLw4bqvL_NH6e2wMveX7G-rP2dAqsDSq1mJMOaY&#038;_nc_zt=24&#038;_nc_ht=scontent-gig4-1.xx&#038;_nc_gid=AoBFJeGrT1hVaew_6rchkQ&#038;oh=00_AfX7QmFGhQhG2jAllVgXCiM1ZrWgvtp80-Bfppyexh1QEg&#038;oe=689E923C\" \/>\n\t\t<meta property=\"article:published_time\" content=\"2018-03-29T20:17:08+00:00\" \/>\n\t\t<meta property=\"article:modified_time\" content=\"2018-03-29T20:17:08+00:00\" \/>\n\t\t<meta name=\"twitter:card\" content=\"summary_large_image\" \/>\n\t\t<meta name=\"twitter:title\" content=\"Caf\u00e9 Caramello marca presen\u00e7a na 1\u00aa Feagro de Muria\u00e9 - A Not\u00edcia Online\" \/>\n\t\t<meta name=\"twitter:description\" content=\"A Caf\u00e9 Caramello, que distribui pa\u00eds afora o primeiro Creme de Caf\u00e9 produzido em territ\u00f3rio brasileiro, participou da 1\u00aa Feagro, nos dias 22, 23 e 24 de mar\u00e7o, no Parque de Exposi\u00e7\u00f5es de Muria\u00e9, em uma parceria de sucesso com o Sicoob Credisudeste. No stand, visitantes puderam conhecer, degustar e comprar os produtos da empresa\" \/>\n\t\t<meta name=\"twitter:image\" content=\"https:\/\/scontent-gig4-1.xx.fbcdn.net\/v\/t39.30808-1\/270437624_4564083193639691_6907940295614233970_n.jpg?stp=dst-jpg_s200x200_tt6&amp;_nc_cat=111&amp;ccb=1-7&amp;_nc_sid=f907e8&amp;_nc_ohc=SM1wRlP3lJwQ7kNvwEPuBYA&amp;_nc_oc=AdnqrjDN_BNjSSHWO-GbkIWH6fkGMLw4bqvL_NH6e2wMveX7G-rP2dAqsDSq1mJMOaY&amp;_nc_zt=24&amp;_nc_ht=scontent-gig4-1.xx&amp;_nc_gid=AoBFJeGrT1hVaew_6rchkQ&amp;oh=00_AfX7QmFGhQhG2jAllVgXCiM1ZrWgvtp80-Bfppyexh1QEg&amp;oe=689E923C\" \/>\n\t\t<script type=\"application\/ld+json\" class=\"aioseo-schema\">\n\t\t\t{\"@context\":\"https:\\\/\\\/schema.org\",\"@graph\":[{\"@type\":\"BlogPosting\",\"@id\":\"https:\\\/\\\/anoticiaonline.com.br\\\/site\\\/cafe-caramello-marca-presenca-na-1a-feagro-de-muriae\\\/#blogposting\",\"name\":\"Caf\\u00e9 Caramello marca presen\\u00e7a na 1\\u00aa Feagro de Muria\\u00e9 - A Not\\u00edcia Online\",\"headline\":\"Caf\\u00e9 Caramello marca presen\\u00e7a na 1\\u00aa Feagro de Muria\\u00e9\",\"author\":{\"@id\":\"https:\\\/\\\/anoticiaonline.com.br\\\/site\\\/author\\\/juliana\\\/#author\"},\"publisher\":{\"@id\":\"https:\\\/\\\/anoticiaonline.com.br\\\/site\\\/#organization\"},\"image\":{\"@type\":\"ImageObject\",\"url\":\"https:\\\/\\\/anoticiaonline.com.br\\\/site\\\/wp-content\\\/uploads\\\/2018\\\/03\\\/DSC_1385.jpg\",\"width\":640,\"height\":427},\"datePublished\":\"2018-03-29T17:17:08-03:00\",\"dateModified\":\"2018-03-29T17:17:08-03:00\",\"inLanguage\":\"pt-BR\",\"mainEntityOfPage\":{\"@id\":\"https:\\\/\\\/anoticiaonline.com.br\\\/site\\\/cafe-caramello-marca-presenca-na-1a-feagro-de-muriae\\\/#webpage\"},\"isPartOf\":{\"@id\":\"https:\\\/\\\/anoticiaonline.com.br\\\/site\\\/cafe-caramello-marca-presenca-na-1a-feagro-de-muriae\\\/#webpage\"},\"articleSection\":\"Gerais, af\\u00e9 Caramello, Creme de Caf\\u00e9, Parque de Exposi\\u00e7\\u00f5es de Muria\\u00e9, stand\"},{\"@type\":\"BreadcrumbList\",\"@id\":\"https:\\\/\\\/anoticiaonline.com.br\\\/site\\\/cafe-caramello-marca-presenca-na-1a-feagro-de-muriae\\\/#breadcrumblist\",\"itemListElement\":[{\"@type\":\"ListItem\",\"@id\":\"https:\\\/\\\/anoticiaonline.com.br\\\/site#listItem\",\"position\":1,\"name\":\"Home\",\"item\":\"https:\\\/\\\/anoticiaonline.com.br\\\/site\",\"nextItem\":{\"@type\":\"ListItem\",\"@id\":\"https:\\\/\\\/anoticiaonline.com.br\\\/site\\\/categoria\\\/gerais\\\/#listItem\",\"name\":\"Gerais\"}},{\"@type\":\"ListItem\",\"@id\":\"https:\\\/\\\/anoticiaonline.com.br\\\/site\\\/categoria\\\/gerais\\\/#listItem\",\"position\":2,\"name\":\"Gerais\",\"item\":\"https:\\\/\\\/anoticiaonline.com.br\\\/site\\\/categoria\\\/gerais\\\/\",\"nextItem\":{\"@type\":\"ListItem\",\"@id\":\"https:\\\/\\\/anoticiaonline.com.br\\\/site\\\/cafe-caramello-marca-presenca-na-1a-feagro-de-muriae\\\/#listItem\",\"name\":\"Caf\\u00e9 Caramello marca presen\\u00e7a na 1\\u00aa Feagro de Muria\\u00e9\"},\"previousItem\":{\"@type\":\"ListItem\",\"@id\":\"https:\\\/\\\/anoticiaonline.com.br\\\/site#listItem\",\"name\":\"Home\"}},{\"@type\":\"ListItem\",\"@id\":\"https:\\\/\\\/anoticiaonline.com.br\\\/site\\\/cafe-caramello-marca-presenca-na-1a-feagro-de-muriae\\\/#listItem\",\"position\":3,\"name\":\"Caf\\u00e9 Caramello marca presen\\u00e7a na 1\\u00aa Feagro de Muria\\u00e9\",\"previousItem\":{\"@type\":\"ListItem\",\"@id\":\"https:\\\/\\\/anoticiaonline.com.br\\\/site\\\/categoria\\\/gerais\\\/#listItem\",\"name\":\"Gerais\"}}]},{\"@type\":\"Organization\",\"@id\":\"https:\\\/\\\/anoticiaonline.com.br\\\/site\\\/#organization\",\"name\":\"A Not\\u00edcia Online\",\"description\":\"Noticias de Muria\\u00e9 e regi\\u00e3o\",\"url\":\"https:\\\/\\\/anoticiaonline.com.br\\\/site\\\/\",\"logo\":{\"@type\":\"ImageObject\",\"url\":\"https:\\\/\\\/scontent-gig4-1.xx.fbcdn.net\\\/v\\\/t39.30808-1\\\/270437624_4564083193639691_6907940295614233970_n.jpg?stp=dst-jpg_s200x200_tt6&_nc_cat=111&ccb=1-7&_nc_sid=f907e8&_nc_ohc=SM1wRlP3lJwQ7kNvwEPuBYA&_nc_oc=AdnqrjDN_BNjSSHWO-GbkIWH6fkGMLw4bqvL_NH6e2wMveX7G-rP2dAqsDSq1mJMOaY&_nc_zt=24&_nc_ht=scontent-gig4-1.xx&_nc_gid=AoBFJeGrT1hVaew_6rchkQ&oh=00_AfX7QmFGhQhG2jAllVgXCiM1ZrWgvtp80-Bfppyexh1QEg&oe=689E923C\",\"@id\":\"https:\\\/\\\/anoticiaonline.com.br\\\/site\\\/cafe-caramello-marca-presenca-na-1a-feagro-de-muriae\\\/#organizationLogo\"},\"image\":{\"@id\":\"https:\\\/\\\/anoticiaonline.com.br\\\/site\\\/cafe-caramello-marca-presenca-na-1a-feagro-de-muriae\\\/#organizationLogo\"}},{\"@type\":\"Person\",\"@id\":\"https:\\\/\\\/anoticiaonline.com.br\\\/site\\\/author\\\/juliana\\\/#author\",\"url\":\"https:\\\/\\\/anoticiaonline.com.br\\\/site\\\/author\\\/juliana\\\/\",\"name\":\"Juliana Laviola\",\"image\":{\"@type\":\"ImageObject\",\"@id\":\"https:\\\/\\\/anoticiaonline.com.br\\\/site\\\/cafe-caramello-marca-presenca-na-1a-feagro-de-muriae\\\/#authorImage\",\"url\":\"https:\\\/\\\/secure.gravatar.com\\\/avatar\\\/b8d45f5c699b100dfaf0e543582f38f38bf94cb7ae3a5e9abf8d891a34773335?s=96&d=mm&r=g\",\"width\":96,\"height\":96,\"caption\":\"Juliana Laviola\"}},{\"@type\":\"WebPage\",\"@id\":\"https:\\\/\\\/anoticiaonline.com.br\\\/site\\\/cafe-caramello-marca-presenca-na-1a-feagro-de-muriae\\\/#webpage\",\"url\":\"https:\\\/\\\/anoticiaonline.com.br\\\/site\\\/cafe-caramello-marca-presenca-na-1a-feagro-de-muriae\\\/\",\"name\":\"Caf\\u00e9 Caramello marca presen\\u00e7a na 1\\u00aa Feagro de Muria\\u00e9 - A Not\\u00edcia Online\",\"description\":\"A Caf\\u00e9 Caramello, que distribui pa\\u00eds afora o primeiro Creme de Caf\\u00e9 produzido em territ\\u00f3rio brasileiro, participou da 1\\u00aa Feagro, nos dias 22, 23 e 24 de mar\\u00e7o, no Parque de Exposi\\u00e7\\u00f5es de Muria\\u00e9, em uma parceria de sucesso com o Sicoob Credisudeste. No stand, visitantes puderam conhecer, degustar e comprar os produtos da empresa\",\"inLanguage\":\"pt-BR\",\"isPartOf\":{\"@id\":\"https:\\\/\\\/anoticiaonline.com.br\\\/site\\\/#website\"},\"breadcrumb\":{\"@id\":\"https:\\\/\\\/anoticiaonline.com.br\\\/site\\\/cafe-caramello-marca-presenca-na-1a-feagro-de-muriae\\\/#breadcrumblist\"},\"author\":{\"@id\":\"https:\\\/\\\/anoticiaonline.com.br\\\/site\\\/author\\\/juliana\\\/#author\"},\"creator\":{\"@id\":\"https:\\\/\\\/anoticiaonline.com.br\\\/site\\\/author\\\/juliana\\\/#author\"},\"image\":{\"@type\":\"ImageObject\",\"url\":\"https:\\\/\\\/anoticiaonline.com.br\\\/site\\\/wp-content\\\/uploads\\\/2018\\\/03\\\/DSC_1385.jpg\",\"@id\":\"https:\\\/\\\/anoticiaonline.com.br\\\/site\\\/cafe-caramello-marca-presenca-na-1a-feagro-de-muriae\\\/#mainImage\",\"width\":640,\"height\":427},\"primaryImageOfPage\":{\"@id\":\"https:\\\/\\\/anoticiaonline.com.br\\\/site\\\/cafe-caramello-marca-presenca-na-1a-feagro-de-muriae\\\/#mainImage\"},\"datePublished\":\"2018-03-29T17:17:08-03:00\",\"dateModified\":\"2018-03-29T17:17:08-03:00\"},{\"@type\":\"WebSite\",\"@id\":\"https:\\\/\\\/anoticiaonline.com.br\\\/site\\\/#website\",\"url\":\"https:\\\/\\\/anoticiaonline.com.br\\\/site\\\/\",\"name\":\"A Not\\u00edcia Online\",\"description\":\"Noticias de Muria\\u00e9 e regi\\u00e3o\",\"inLanguage\":\"pt-BR\",\"publisher\":{\"@id\":\"https:\\\/\\\/anoticiaonline.com.br\\\/site\\\/#organization\"}}]}\n\t\t<\/script>\n\t\t<!-- All in One SEO -->\n\n","aioseo_head_json":{"title":"Caf\u00e9 Caramello marca presen\u00e7a na 1\u00aa Feagro de Muria\u00e9 - A Not\u00edcia Online","description":"A Caf\u00e9 Caramello, que distribui pa\u00eds afora o primeiro Creme de Caf\u00e9 produzido em territ\u00f3rio brasileiro, participou da 1\u00aa Feagro, nos dias 22, 23 e 24 de mar\u00e7o, no Parque de Exposi\u00e7\u00f5es de Muria\u00e9, em uma parceria de sucesso com o Sicoob Credisudeste. No stand, visitantes puderam conhecer, degustar e comprar os produtos da empresa","canonical_url":"https:\/\/anoticiaonline.com.br\/site\/cafe-caramello-marca-presenca-na-1a-feagro-de-muriae\/","robots":"max-image-preview:large","keywords":"","webmasterTools":{"miscellaneous":""},"schema":{"@context":"https:\/\/schema.org","@graph":[{"@type":"BlogPosting","@id":"https:\/\/anoticiaonline.com.br\/site\/cafe-caramello-marca-presenca-na-1a-feagro-de-muriae\/#blogposting","name":"Caf\u00e9 Caramello marca presen\u00e7a na 1\u00aa Feagro de Muria\u00e9 - A Not\u00edcia Online","headline":"Caf\u00e9 Caramello marca presen\u00e7a na 1\u00aa Feagro de Muria\u00e9","author":{"@id":"https:\/\/anoticiaonline.com.br\/site\/author\/juliana\/#author"},"publisher":{"@id":"https:\/\/anoticiaonline.com.br\/site\/#organization"},"image":{"@type":"ImageObject","url":"https:\/\/anoticiaonline.com.br\/site\/wp-content\/uploads\/2018\/03\/DSC_1385.jpg","width":640,"height":427},"datePublished":"2018-03-29T17:17:08-03:00","dateModified":"2018-03-29T17:17:08-03:00","inLanguage":"pt-BR","mainEntityOfPage":{"@id":"https:\/\/anoticiaonline.com.br\/site\/cafe-caramello-marca-presenca-na-1a-feagro-de-muriae\/#webpage"},"isPartOf":{"@id":"https:\/\/anoticiaonline.com.br\/site\/cafe-caramello-marca-presenca-na-1a-feagro-de-muriae\/#webpage"},"articleSection":"Gerais, af\u00e9 Caramello, Creme de Caf\u00e9, Parque de Exposi\u00e7\u00f5es de Muria\u00e9, stand"},{"@type":"BreadcrumbList","@id":"https:\/\/anoticiaonline.com.br\/site\/cafe-caramello-marca-presenca-na-1a-feagro-de-muriae\/#breadcrumblist","itemListElement":[{"@type":"ListItem","@id":"https:\/\/anoticiaonline.com.br\/site#listItem","position":1,"name":"Home","item":"https:\/\/anoticiaonline.com.br\/site","nextItem":{"@type":"ListItem","@id":"https:\/\/anoticiaonline.com.br\/site\/categoria\/gerais\/#listItem","name":"Gerais"}},{"@type":"ListItem","@id":"https:\/\/anoticiaonline.com.br\/site\/categoria\/gerais\/#listItem","position":2,"name":"Gerais","item":"https:\/\/anoticiaonline.com.br\/site\/categoria\/gerais\/","nextItem":{"@type":"ListItem","@id":"https:\/\/anoticiaonline.com.br\/site\/cafe-caramello-marca-presenca-na-1a-feagro-de-muriae\/#listItem","name":"Caf\u00e9 Caramello marca presen\u00e7a na 1\u00aa Feagro de Muria\u00e9"},"previousItem":{"@type":"ListItem","@id":"https:\/\/anoticiaonline.com.br\/site#listItem","name":"Home"}},{"@type":"ListItem","@id":"https:\/\/anoticiaonline.com.br\/site\/cafe-caramello-marca-presenca-na-1a-feagro-de-muriae\/#listItem","position":3,"name":"Caf\u00e9 Caramello marca presen\u00e7a na 1\u00aa Feagro de Muria\u00e9","previousItem":{"@type":"ListItem","@id":"https:\/\/anoticiaonline.com.br\/site\/categoria\/gerais\/#listItem","name":"Gerais"}}]},{"@type":"Organization","@id":"https:\/\/anoticiaonline.com.br\/site\/#organization","name":"A Not\u00edcia Online","description":"Noticias de Muria\u00e9 e regi\u00e3o","url":"https:\/\/anoticiaonline.com.br\/site\/","logo":{"@type":"ImageObject","url":"https:\/\/scontent-gig4-1.xx.fbcdn.net\/v\/t39.30808-1\/270437624_4564083193639691_6907940295614233970_n.jpg?stp=dst-jpg_s200x200_tt6&_nc_cat=111&ccb=1-7&_nc_sid=f907e8&_nc_ohc=SM1wRlP3lJwQ7kNvwEPuBYA&_nc_oc=AdnqrjDN_BNjSSHWO-GbkIWH6fkGMLw4bqvL_NH6e2wMveX7G-rP2dAqsDSq1mJMOaY&_nc_zt=24&_nc_ht=scontent-gig4-1.xx&_nc_gid=AoBFJeGrT1hVaew_6rchkQ&oh=00_AfX7QmFGhQhG2jAllVgXCiM1ZrWgvtp80-Bfppyexh1QEg&oe=689E923C","@id":"https:\/\/anoticiaonline.com.br\/site\/cafe-caramello-marca-presenca-na-1a-feagro-de-muriae\/#organizationLogo"},"image":{"@id":"https:\/\/anoticiaonline.com.br\/site\/cafe-caramello-marca-presenca-na-1a-feagro-de-muriae\/#organizationLogo"}},{"@type":"Person","@id":"https:\/\/anoticiaonline.com.br\/site\/author\/juliana\/#author","url":"https:\/\/anoticiaonline.com.br\/site\/author\/juliana\/","name":"Juliana Laviola","image":{"@type":"ImageObject","@id":"https:\/\/anoticiaonline.com.br\/site\/cafe-caramello-marca-presenca-na-1a-feagro-de-muriae\/#authorImage","url":"https:\/\/secure.gravatar.com\/avatar\/b8d45f5c699b100dfaf0e543582f38f38bf94cb7ae3a5e9abf8d891a34773335?s=96&d=mm&r=g","width":96,"height":96,"caption":"Juliana Laviola"}},{"@type":"WebPage","@id":"https:\/\/anoticiaonline.com.br\/site\/cafe-caramello-marca-presenca-na-1a-feagro-de-muriae\/#webpage","url":"https:\/\/anoticiaonline.com.br\/site\/cafe-caramello-marca-presenca-na-1a-feagro-de-muriae\/","name":"Caf\u00e9 Caramello marca presen\u00e7a na 1\u00aa Feagro de Muria\u00e9 - A Not\u00edcia Online","description":"A Caf\u00e9 Caramello, que distribui pa\u00eds afora o primeiro Creme de Caf\u00e9 produzido em territ\u00f3rio brasileiro, participou da 1\u00aa Feagro, nos dias 22, 23 e 24 de mar\u00e7o, no Parque de Exposi\u00e7\u00f5es de Muria\u00e9, em uma parceria de sucesso com o Sicoob Credisudeste. No stand, visitantes puderam conhecer, degustar e comprar os produtos da empresa","inLanguage":"pt-BR","isPartOf":{"@id":"https:\/\/anoticiaonline.com.br\/site\/#website"},"breadcrumb":{"@id":"https:\/\/anoticiaonline.com.br\/site\/cafe-caramello-marca-presenca-na-1a-feagro-de-muriae\/#breadcrumblist"},"author":{"@id":"https:\/\/anoticiaonline.com.br\/site\/author\/juliana\/#author"},"creator":{"@id":"https:\/\/anoticiaonline.com.br\/site\/author\/juliana\/#author"},"image":{"@type":"ImageObject","url":"https:\/\/anoticiaonline.com.br\/site\/wp-content\/uploads\/2018\/03\/DSC_1385.jpg","@id":"https:\/\/anoticiaonline.com.br\/site\/cafe-caramello-marca-presenca-na-1a-feagro-de-muriae\/#mainImage","width":640,"height":427},"primaryImageOfPage":{"@id":"https:\/\/anoticiaonline.com.br\/site\/cafe-caramello-marca-presenca-na-1a-feagro-de-muriae\/#mainImage"},"datePublished":"2018-03-29T17:17:08-03:00","dateModified":"2018-03-29T17:17:08-03:00"},{"@type":"WebSite","@id":"https:\/\/anoticiaonline.com.br\/site\/#website","url":"https:\/\/anoticiaonline.com.br\/site\/","name":"A Not\u00edcia Online","description":"Noticias de Muria\u00e9 e regi\u00e3o","inLanguage":"pt-BR","publisher":{"@id":"https:\/\/anoticiaonline.com.br\/site\/#organization"}}]},"og:locale":"pt_BR","og:site_name":"A Not\u00edcia Online - Noticias de Muria\u00e9 e regi\u00e3o","og:type":"article","og:title":"Caf\u00e9 Caramello marca presen\u00e7a na 1\u00aa Feagro de Muria\u00e9 - A Not\u00edcia Online","og:description":"A Caf\u00e9 Caramello, que distribui pa\u00eds afora o primeiro Creme de Caf\u00e9 produzido em territ\u00f3rio brasileiro, participou da 1\u00aa Feagro, nos dias 22, 23 e 24 de mar\u00e7o, no Parque de Exposi\u00e7\u00f5es de Muria\u00e9, em uma parceria de sucesso com o Sicoob Credisudeste. No stand, visitantes puderam conhecer, degustar e comprar os produtos da empresa","og:url":"https:\/\/anoticiaonline.com.br\/site\/cafe-caramello-marca-presenca-na-1a-feagro-de-muriae\/","og:image":"https:\/\/scontent-gig4-1.xx.fbcdn.net\/v\/t39.30808-1\/270437624_4564083193639691_6907940295614233970_n.jpg?stp=dst-jpg_s200x200_tt6&#038;_nc_cat=111&#038;ccb=1-7&#038;_nc_sid=f907e8&#038;_nc_ohc=SM1wRlP3lJwQ7kNvwEPuBYA&#038;_nc_oc=AdnqrjDN_BNjSSHWO-GbkIWH6fkGMLw4bqvL_NH6e2wMveX7G-rP2dAqsDSq1mJMOaY&#038;_nc_zt=24&#038;_nc_ht=scontent-gig4-1.xx&#038;_nc_gid=AoBFJeGrT1hVaew_6rchkQ&#038;oh=00_AfX7QmFGhQhG2jAllVgXCiM1ZrWgvtp80-Bfppyexh1QEg&#038;oe=689E923C","og:image:secure_url":"https:\/\/scontent-gig4-1.xx.fbcdn.net\/v\/t39.30808-1\/270437624_4564083193639691_6907940295614233970_n.jpg?stp=dst-jpg_s200x200_tt6&#038;_nc_cat=111&#038;ccb=1-7&#038;_nc_sid=f907e8&#038;_nc_ohc=SM1wRlP3lJwQ7kNvwEPuBYA&#038;_nc_oc=AdnqrjDN_BNjSSHWO-GbkIWH6fkGMLw4bqvL_NH6e2wMveX7G-rP2dAqsDSq1mJMOaY&#038;_nc_zt=24&#038;_nc_ht=scontent-gig4-1.xx&#038;_nc_gid=AoBFJeGrT1hVaew_6rchkQ&#038;oh=00_AfX7QmFGhQhG2jAllVgXCiM1ZrWgvtp80-Bfppyexh1QEg&#038;oe=689E923C","article:published_time":"2018-03-29T20:17:08+00:00","article:modified_time":"2018-03-29T20:17:08+00:00","twitter:card":"summary_large_image","twitter:title":"Caf\u00e9 Caramello marca presen\u00e7a na 1\u00aa Feagro de Muria\u00e9 - A Not\u00edcia Online","twitter:description":"A Caf\u00e9 Caramello, que distribui pa\u00eds afora o primeiro Creme de Caf\u00e9 produzido em territ\u00f3rio brasileiro, participou da 1\u00aa Feagro, nos dias 22, 23 e 24 de mar\u00e7o, no Parque de Exposi\u00e7\u00f5es de Muria\u00e9, em uma parceria de sucesso com o Sicoob Credisudeste. No stand, visitantes puderam conhecer, degustar e comprar os produtos da empresa","twitter:image":"https:\/\/scontent-gig4-1.xx.fbcdn.net\/v\/t39.30808-1\/270437624_4564083193639691_6907940295614233970_n.jpg?stp=dst-jpg_s200x200_tt6&_nc_cat=111&ccb=1-7&_nc_sid=f907e8&_nc_ohc=SM1wRlP3lJwQ7kNvwEPuBYA&_nc_oc=AdnqrjDN_BNjSSHWO-GbkIWH6fkGMLw4bqvL_NH6e2wMveX7G-rP2dAqsDSq1mJMOaY&_nc_zt=24&_nc_ht=scontent-gig4-1.xx&_nc_gid=AoBFJeGrT1hVaew_6rchkQ&oh=00_AfX7QmFGhQhG2jAllVgXCiM1ZrWgvtp80-Bfppyexh1QEg&oe=689E923C"},"aioseo_meta_data":{"post_id":"52279","title":null,"description":null,"keywords":null,"keyphrases":null,"primary_term":null,"canonical_url":null,"og_title":null,"og_description":null,"og_object_type":"default","og_image_type":"default","og_image_url":null,"og_image_width":null,"og_image_height":null,"og_image_custom_url":null,"og_image_custom_fields":null,"og_video":null,"og_custom_url":null,"og_article_section":null,"og_article_tags":null,"twitter_use_og":false,"twitter_card":"default","twitter_image_type":"default","twitter_image_url":null,"twitter_image_custom_url":null,"twitter_image_custom_fields":null,"twitter_title":null,"twitter_description":null,"schema":{"blockGraphs":[],"customGraphs":[],"default":{"data":{"Article":[],"Course":[],"Dataset":[],"FAQPage":[],"Movie":[],"Person":[],"Product":[],"ProductReview":[],"Car":[],"Recipe":[],"Service":[],"SoftwareApplication":[],"WebPage":[]},"graphName":"","isEnabled":true},"graphs":[]},"schema_type":"default","schema_type_options":null,"pillar_content":false,"robots_default":true,"robots_noindex":false,"robots_noarchive":false,"robots_nosnippet":false,"robots_nofollow":false,"robots_noimageindex":false,"robots_noodp":false,"robots_notranslate":false,"robots_max_snippet":null,"robots_max_videopreview":null,"robots_max_imagepreview":"large","priority":null,"frequency":null,"local_seo":null,"breadcrumb_settings":null,"limit_modified_date":false,"ai":null,"created":"2025-08-16 20:36:18","updated":"2025-08-16 20:36:18","focus_keyword":null,"additional_keywords":null,"truseo_locale":null,"seo_analyzer_scan_date":null},"aioseo_breadcrumb":"<div class=\"aioseo-breadcrumbs\"><span class=\"aioseo-breadcrumb\">\n\t\t\t<a href=\"https:\/\/anoticiaonline.com.br\/site\" title=\"Home\">Home<\/a>\n\t\t<\/span><span class=\"aioseo-breadcrumb-separator\">&raquo;<\/span><span class=\"aioseo-breadcrumb\">\n\t\t\t<a href=\"https:\/\/anoticiaonline.com.br\/site\/categoria\/gerais\/\" title=\"Gerais\">Gerais<\/a>\n\t\t<\/span><span class=\"aioseo-breadcrumb-separator\">&raquo;<\/span><span class=\"aioseo-breadcrumb\">\n\t\t\tCaf\u00e9 Caramello marca presen\u00e7a na 1\u00aa Feagro de Muria\u00e9\n\t\t<\/span><\/div>","aioseo_breadcrumb_json":[{"label":"Home","link":"https:\/\/anoticiaonline.com.br\/site"},{"label":"Gerais","link":"https:\/\/anoticiaonline.com.br\/site\/categoria\/gerais\/"},{"label":"Caf\u00e9 Caramello marca presen\u00e7a na 1\u00aa Feagro de Muria\u00e9","link":"https:\/\/anoticiaonline.com.br\/site\/cafe-caramello-marca-presenca-na-1a-feagro-de-muriae\/"}],"views":144,"_links":{"self":[{"href":"https:\/\/anoticiaonline.com.br\/site\/wp-json\/wp\/v2\/posts\/52279","targetHints":{"allow":["GET"]}}],"collection":[{"href":"https:\/\/anoticiaonline.com.br\/site\/wp-json\/wp\/v2\/posts"}],"about":[{"href":"https:\/\/anoticiaonline.com.br\/site\/wp-json\/wp\/v2\/types\/post"}],"author":[{"embeddable":true,"href":"https:\/\/anoticiaonline.com.br\/site\/wp-json\/wp\/v2\/users\/2"}],"replies":[{"embeddable":true,"href":"https:\/\/anoticiaonline.com.br\/site\/wp-json\/wp\/v2\/comments?post=52279"}],"version-history":[{"count":0,"href":"https:\/\/anoticiaonline.com.br\/site\/wp-json\/wp\/v2\/posts\/52279\/revisions"}],"wp:featuredmedia":[{"embeddable":true,"href":"https:\/\/anoticiaonline.com.br\/site\/wp-json\/wp\/v2\/media\/52344"}],"wp:attachment":[{"href":"https:\/\/anoticiaonline.com.br\/site\/wp-json\/wp\/v2\/media?parent=52279"}],"wp:term":[{"taxonomy":"category","embeddable":true,"href":"https:\/\/anoticiaonline.com.br\/site\/wp-json\/wp\/v2\/categories?post=52279"},{"taxonomy":"post_tag","embeddable":true,"href":"https:\/\/anoticiaonline.com.br\/site\/wp-json\/wp\/v2\/tags?post=52279"}],"curies":[{"name":"wp","href":"https:\/\/api.w.org\/{rel}","templated":true}]}}