{"id":5221,"date":"2015-10-26T07:40:13","date_gmt":"2015-10-26T10:40:13","guid":{"rendered":"http:\/\/anoticiaonline.com.br\/site\/?p=5221"},"modified":"2015-10-26T07:40:13","modified_gmt":"2015-10-26T10:40:13","slug":"taxis-de-muriae-ganham-novo-padrao-de-identificacao","status":"publish","type":"post","link":"https:\/\/anoticiaonline.com.br\/site\/taxis-de-muriae-ganham-novo-padrao-de-identificacao\/","title":{"rendered":"T\u00e1xis de Muria\u00e9 ganham novo padr\u00e3o de identifica\u00e7\u00e3o"},"content":{"rendered":"<p><a href=\"https:\/\/anoticiaonline.com.br\/site\/wp-content\/uploads\/2015\/10\/012.jpg\"><img fetchpriority=\"high\" decoding=\"async\" class=\" size-medium wp-image-5222 alignleft\" src=\"https:\/\/anoticiaonline.com.br\/site\/wp-content\/uploads\/2015\/10\/012-300x200.jpg\" alt=\"01(2)\" width=\"300\" height=\"200\" srcset=\"https:\/\/anoticiaonline.com.br\/site\/wp-content\/uploads\/2015\/10\/012-300x200.jpg 300w, https:\/\/anoticiaonline.com.br\/site\/wp-content\/uploads\/2015\/10\/012-290x192.jpg 290w, https:\/\/anoticiaonline.com.br\/site\/wp-content\/uploads\/2015\/10\/012.jpg 640w\" sizes=\"(max-width: 300px) 100vw, 300px\" \/><\/a> Em atendimento \u00e0 reivindica\u00e7\u00e3o da Associa\u00e7\u00e3o dos Taxistas de Muria\u00e9, os t\u00e1xis do munic\u00edpio passam a ter novo padr\u00e3o de identifica\u00e7\u00e3o visual. A faixa horizontal nas laterais dos ve\u00edculos j\u00e1 come\u00e7aram a ser substitu\u00eddas pelo novo modelo.<\/p>\n<p>Na pr\u00e1tica, a altera\u00e7\u00e3o n\u00e3o prejudicar\u00e1 os usu\u00e1rios dos t\u00e1xis na cidade, j\u00e1 que o novo desenho continua sendo de f\u00e1cil e r\u00e1pida identifica\u00e7\u00e3o pela popula\u00e7\u00e3o, tendo como destaque as cores da bandeira do munic\u00edpio, al\u00e9m do bras\u00e3o e do nome da cidade. \u201cJ\u00e1 o n\u00famero de cadastro de cada ve\u00edculo aparece nas laterais e tamb\u00e9m na traseira dos carros, facilitando a fiscaliza\u00e7\u00e3o e oferecendo mais seguran\u00e7a para todos\u201d, informa o diretor do Demuttran, Mario Brambila.<\/p>\n<p>Segundo o presidente da associa\u00e7\u00e3o, Pedro Paulo Carvalho, a mudan\u00e7a de layout era motivo de reivindica\u00e7\u00e3o por parte dos taxistas desde que a padroniza\u00e7\u00e3o foi adotada pela administra\u00e7\u00e3o municipal, h\u00e1 aproximadamente dois anos. A argumenta\u00e7\u00e3o \u00e9 que a tarja cont\u00ednua vinha prejudicando a privacidade dos prestadores de servi\u00e7o, que utilizam os t\u00e1xis como carros de passeio durante folgas, f\u00e9rias e viagens com a fam\u00edlia, al\u00e9m de gerar reclama\u00e7\u00f5es dos pr\u00f3prios passageiros, como noivas que alegavam que a faixa sempre aparecia nas fotos de chegada \u00e0 igreja em dias de casamentos.<\/p>\n<p>\u201cAcredito que conseguimos chegar a um consenso sobre a forma de identifica\u00e7\u00e3o visual dos t\u00e1xis. O novo padr\u00e3o atende bem tanto a popula\u00e7\u00e3o quanto os taxistas, deixando todos satisfeitos\u201d, enfatiza o prefeito Aloysio Aquino.<\/p>\n<p>A altera\u00e7\u00e3o do padr\u00e3o visual foi aprovada pelo Conselho Municipal de Tr\u00e2nsito (Comutran) e regulamentada atrav\u00e9s de decreto do prefeito. A aplica\u00e7\u00e3o do novo modelo deve ser conclu\u00edda em todos os t\u00e1xis em aproximadamente 15 dias.<\/p>\n","protected":false},"excerpt":{"rendered":"<p>Em atendimento \u00e0 reivindica\u00e7\u00e3o da Associa\u00e7\u00e3o dos Taxistas de Muria\u00e9, os t\u00e1xis do munic\u00edpio passam a ter novo padr\u00e3o de identifica\u00e7\u00e3o visual. A faixa horizontal nas laterais dos ve\u00edculos j\u00e1 come\u00e7aram a ser substitu\u00eddas pelo novo modelo. Na pr\u00e1tica, a altera\u00e7\u00e3o n\u00e3o prejudicar\u00e1 os usu\u00e1rios dos t\u00e1xis na cidade, j\u00e1 que o novo desenho continua &#8230; <a title=\"T\u00e1xis de Muria\u00e9 ganham novo padr\u00e3o de identifica\u00e7\u00e3o\" class=\"read-more\" href=\"https:\/\/anoticiaonline.com.br\/site\/taxis-de-muriae-ganham-novo-padrao-de-identificacao\/\" aria-label=\"Read more about T\u00e1xis de Muria\u00e9 ganham novo padr\u00e3o de identifica\u00e7\u00e3o\">Ler mais<\/a><\/p>\n","protected":false},"author":2,"featured_media":5223,"comment_status":"open","ping_status":"open","sticky":false,"template":"","format":"standard","meta":{"_acf_changed":false,"_monsterinsights_skip_tracking":false,"footnotes":""},"categories":[30],"tags":[3],"class_list":["post-5221","post","type-post","status-publish","format-standard","has-post-thumbnail","hentry","category-muriae","tag-slide"],"acf":[],"aioseo_notices":[],"aioseo_head":"\n\t\t<!-- All in One SEO 5.0.0.1 - aioseo.com -->\n\t<meta name=\"description\" content=\"Em atendimento \u00e0 reivindica\u00e7\u00e3o da Associa\u00e7\u00e3o dos Taxistas de Muria\u00e9, os t\u00e1xis do munic\u00edpio passam a ter novo padr\u00e3o de identifica\u00e7\u00e3o visual. A faixa horizontal nas laterais dos ve\u00edculos j\u00e1 come\u00e7aram a ser substitu\u00eddas pelo novo modelo. Na pr\u00e1tica, a altera\u00e7\u00e3o n\u00e3o prejudicar\u00e1 os usu\u00e1rios dos t\u00e1xis na cidade, j\u00e1 que o novo desenho continua\" \/>\n\t<meta name=\"robots\" content=\"max-image-preview:large\" \/>\n\t<meta name=\"author\" content=\"Juliana Laviola\"\/>\n\t<link rel=\"canonical\" href=\"https:\/\/anoticiaonline.com.br\/site\/taxis-de-muriae-ganham-novo-padrao-de-identificacao\/\" \/>\n\t<meta name=\"generator\" content=\"All in One SEO (AIOSEO) 5.0.0.1\" \/>\n\t\t<meta property=\"og:locale\" content=\"pt_BR\" \/>\n\t\t<meta property=\"og:site_name\" content=\"A Not\u00edcia Online - Noticias de Muria\u00e9 e regi\u00e3o\" \/>\n\t\t<meta property=\"og:type\" content=\"article\" \/>\n\t\t<meta property=\"og:title\" content=\"T\u00e1xis de Muria\u00e9 ganham novo padr\u00e3o de identifica\u00e7\u00e3o - A Not\u00edcia Online\" \/>\n\t\t<meta property=\"og:description\" content=\"Em atendimento \u00e0 reivindica\u00e7\u00e3o da Associa\u00e7\u00e3o dos Taxistas de Muria\u00e9, os t\u00e1xis do munic\u00edpio passam a ter novo padr\u00e3o de identifica\u00e7\u00e3o visual. A faixa horizontal nas laterais dos ve\u00edculos j\u00e1 come\u00e7aram a ser substitu\u00eddas pelo novo modelo. Na pr\u00e1tica, a altera\u00e7\u00e3o n\u00e3o prejudicar\u00e1 os usu\u00e1rios dos t\u00e1xis na cidade, j\u00e1 que o novo desenho continua\" \/>\n\t\t<meta property=\"og:url\" content=\"https:\/\/anoticiaonline.com.br\/site\/taxis-de-muriae-ganham-novo-padrao-de-identificacao\/\" \/>\n\t\t<meta property=\"og:image\" content=\"https:\/\/scontent-gig4-1.xx.fbcdn.net\/v\/t39.30808-1\/270437624_4564083193639691_6907940295614233970_n.jpg?stp=dst-jpg_s200x200_tt6&#038;_nc_cat=111&#038;ccb=1-7&#038;_nc_sid=f907e8&#038;_nc_ohc=SM1wRlP3lJwQ7kNvwEPuBYA&#038;_nc_oc=AdnqrjDN_BNjSSHWO-GbkIWH6fkGMLw4bqvL_NH6e2wMveX7G-rP2dAqsDSq1mJMOaY&#038;_nc_zt=24&#038;_nc_ht=scontent-gig4-1.xx&#038;_nc_gid=AoBFJeGrT1hVaew_6rchkQ&#038;oh=00_AfX7QmFGhQhG2jAllVgXCiM1ZrWgvtp80-Bfppyexh1QEg&#038;oe=689E923C\" \/>\n\t\t<meta property=\"og:image:secure_url\" content=\"https:\/\/scontent-gig4-1.xx.fbcdn.net\/v\/t39.30808-1\/270437624_4564083193639691_6907940295614233970_n.jpg?stp=dst-jpg_s200x200_tt6&#038;_nc_cat=111&#038;ccb=1-7&#038;_nc_sid=f907e8&#038;_nc_ohc=SM1wRlP3lJwQ7kNvwEPuBYA&#038;_nc_oc=AdnqrjDN_BNjSSHWO-GbkIWH6fkGMLw4bqvL_NH6e2wMveX7G-rP2dAqsDSq1mJMOaY&#038;_nc_zt=24&#038;_nc_ht=scontent-gig4-1.xx&#038;_nc_gid=AoBFJeGrT1hVaew_6rchkQ&#038;oh=00_AfX7QmFGhQhG2jAllVgXCiM1ZrWgvtp80-Bfppyexh1QEg&#038;oe=689E923C\" \/>\n\t\t<meta property=\"article:published_time\" content=\"2015-10-26T10:40:13+00:00\" \/>\n\t\t<meta property=\"article:modified_time\" content=\"2015-10-26T10:40:13+00:00\" \/>\n\t\t<meta name=\"twitter:card\" content=\"summary_large_image\" \/>\n\t\t<meta name=\"twitter:title\" content=\"T\u00e1xis de Muria\u00e9 ganham novo padr\u00e3o de identifica\u00e7\u00e3o - A Not\u00edcia Online\" \/>\n\t\t<meta name=\"twitter:description\" content=\"Em atendimento \u00e0 reivindica\u00e7\u00e3o da Associa\u00e7\u00e3o dos Taxistas de Muria\u00e9, os t\u00e1xis do munic\u00edpio passam a ter novo padr\u00e3o de identifica\u00e7\u00e3o visual. A faixa horizontal nas laterais dos ve\u00edculos j\u00e1 come\u00e7aram a ser substitu\u00eddas pelo novo modelo. Na pr\u00e1tica, a altera\u00e7\u00e3o n\u00e3o prejudicar\u00e1 os usu\u00e1rios dos t\u00e1xis na cidade, j\u00e1 que o novo desenho continua\" \/>\n\t\t<meta name=\"twitter:image\" content=\"https:\/\/scontent-gig4-1.xx.fbcdn.net\/v\/t39.30808-1\/270437624_4564083193639691_6907940295614233970_n.jpg?stp=dst-jpg_s200x200_tt6&amp;_nc_cat=111&amp;ccb=1-7&amp;_nc_sid=f907e8&amp;_nc_ohc=SM1wRlP3lJwQ7kNvwEPuBYA&amp;_nc_oc=AdnqrjDN_BNjSSHWO-GbkIWH6fkGMLw4bqvL_NH6e2wMveX7G-rP2dAqsDSq1mJMOaY&amp;_nc_zt=24&amp;_nc_ht=scontent-gig4-1.xx&amp;_nc_gid=AoBFJeGrT1hVaew_6rchkQ&amp;oh=00_AfX7QmFGhQhG2jAllVgXCiM1ZrWgvtp80-Bfppyexh1QEg&amp;oe=689E923C\" \/>\n\t\t<script type=\"application\/ld+json\" class=\"aioseo-schema\">\n\t\t\t{\"@context\":\"https:\\\/\\\/schema.org\",\"@graph\":[{\"@type\":\"BlogPosting\",\"@id\":\"https:\\\/\\\/anoticiaonline.com.br\\\/site\\\/taxis-de-muriae-ganham-novo-padrao-de-identificacao\\\/#blogposting\",\"name\":\"T\\u00e1xis de Muria\\u00e9 ganham novo padr\\u00e3o de identifica\\u00e7\\u00e3o - A Not\\u00edcia Online\",\"headline\":\"T\\u00e1xis de Muria\\u00e9 ganham novo padr\\u00e3o de identifica\\u00e7\\u00e3o\",\"author\":{\"@id\":\"https:\\\/\\\/anoticiaonline.com.br\\\/site\\\/author\\\/juliana\\\/#author\"},\"publisher\":{\"@id\":\"https:\\\/\\\/anoticiaonline.com.br\\\/site\\\/#organization\"},\"image\":{\"@type\":\"ImageObject\",\"url\":\"https:\\\/\\\/anoticiaonline.com.br\\\/site\\\/wp-content\\\/uploads\\\/2015\\\/10\\\/031.jpg\",\"width\":640,\"height\":426},\"datePublished\":\"2015-10-26T07:40:13-03:00\",\"dateModified\":\"2015-10-26T07:40:13-03:00\",\"inLanguage\":\"pt-BR\",\"mainEntityOfPage\":{\"@id\":\"https:\\\/\\\/anoticiaonline.com.br\\\/site\\\/taxis-de-muriae-ganham-novo-padrao-de-identificacao\\\/#webpage\"},\"isPartOf\":{\"@id\":\"https:\\\/\\\/anoticiaonline.com.br\\\/site\\\/taxis-de-muriae-ganham-novo-padrao-de-identificacao\\\/#webpage\"},\"articleSection\":\"Blog, slide\"},{\"@type\":\"BreadcrumbList\",\"@id\":\"https:\\\/\\\/anoticiaonline.com.br\\\/site\\\/taxis-de-muriae-ganham-novo-padrao-de-identificacao\\\/#breadcrumblist\",\"itemListElement\":[{\"@type\":\"ListItem\",\"@id\":\"https:\\\/\\\/anoticiaonline.com.br\\\/site#listItem\",\"position\":1,\"name\":\"Home\",\"item\":\"https:\\\/\\\/anoticiaonline.com.br\\\/site\",\"nextItem\":{\"@type\":\"ListItem\",\"@id\":\"https:\\\/\\\/anoticiaonline.com.br\\\/site\\\/categoria\\\/muriae\\\/#listItem\",\"name\":\"Blog\"}},{\"@type\":\"ListItem\",\"@id\":\"https:\\\/\\\/anoticiaonline.com.br\\\/site\\\/categoria\\\/muriae\\\/#listItem\",\"position\":2,\"name\":\"Blog\",\"item\":\"https:\\\/\\\/anoticiaonline.com.br\\\/site\\\/categoria\\\/muriae\\\/\",\"nextItem\":{\"@type\":\"ListItem\",\"@id\":\"https:\\\/\\\/anoticiaonline.com.br\\\/site\\\/taxis-de-muriae-ganham-novo-padrao-de-identificacao\\\/#listItem\",\"name\":\"T\\u00e1xis de Muria\\u00e9 ganham novo padr\\u00e3o de identifica\\u00e7\\u00e3o\"},\"previousItem\":{\"@type\":\"ListItem\",\"@id\":\"https:\\\/\\\/anoticiaonline.com.br\\\/site#listItem\",\"name\":\"Home\"}},{\"@type\":\"ListItem\",\"@id\":\"https:\\\/\\\/anoticiaonline.com.br\\\/site\\\/taxis-de-muriae-ganham-novo-padrao-de-identificacao\\\/#listItem\",\"position\":3,\"name\":\"T\\u00e1xis de Muria\\u00e9 ganham novo padr\\u00e3o de identifica\\u00e7\\u00e3o\",\"previousItem\":{\"@type\":\"ListItem\",\"@id\":\"https:\\\/\\\/anoticiaonline.com.br\\\/site\\\/categoria\\\/muriae\\\/#listItem\",\"name\":\"Blog\"}}]},{\"@type\":\"Organization\",\"@id\":\"https:\\\/\\\/anoticiaonline.com.br\\\/site\\\/#organization\",\"name\":\"A Not\\u00edcia Online\",\"description\":\"Noticias de Muria\\u00e9 e regi\\u00e3o\",\"url\":\"https:\\\/\\\/anoticiaonline.com.br\\\/site\\\/\",\"logo\":{\"@type\":\"ImageObject\",\"url\":\"https:\\\/\\\/scontent-gig4-1.xx.fbcdn.net\\\/v\\\/t39.30808-1\\\/270437624_4564083193639691_6907940295614233970_n.jpg?stp=dst-jpg_s200x200_tt6&_nc_cat=111&ccb=1-7&_nc_sid=f907e8&_nc_ohc=SM1wRlP3lJwQ7kNvwEPuBYA&_nc_oc=AdnqrjDN_BNjSSHWO-GbkIWH6fkGMLw4bqvL_NH6e2wMveX7G-rP2dAqsDSq1mJMOaY&_nc_zt=24&_nc_ht=scontent-gig4-1.xx&_nc_gid=AoBFJeGrT1hVaew_6rchkQ&oh=00_AfX7QmFGhQhG2jAllVgXCiM1ZrWgvtp80-Bfppyexh1QEg&oe=689E923C\",\"@id\":\"https:\\\/\\\/anoticiaonline.com.br\\\/site\\\/taxis-de-muriae-ganham-novo-padrao-de-identificacao\\\/#organizationLogo\"},\"image\":{\"@id\":\"https:\\\/\\\/anoticiaonline.com.br\\\/site\\\/taxis-de-muriae-ganham-novo-padrao-de-identificacao\\\/#organizationLogo\"}},{\"@type\":\"Person\",\"@id\":\"https:\\\/\\\/anoticiaonline.com.br\\\/site\\\/author\\\/juliana\\\/#author\",\"url\":\"https:\\\/\\\/anoticiaonline.com.br\\\/site\\\/author\\\/juliana\\\/\",\"name\":\"Juliana Laviola\",\"image\":{\"@type\":\"ImageObject\",\"@id\":\"https:\\\/\\\/anoticiaonline.com.br\\\/site\\\/taxis-de-muriae-ganham-novo-padrao-de-identificacao\\\/#authorImage\",\"url\":\"https:\\\/\\\/secure.gravatar.com\\\/avatar\\\/b8d45f5c699b100dfaf0e543582f38f38bf94cb7ae3a5e9abf8d891a34773335?s=96&d=mm&r=g\",\"width\":96,\"height\":96,\"caption\":\"Juliana Laviola\"}},{\"@type\":\"WebPage\",\"@id\":\"https:\\\/\\\/anoticiaonline.com.br\\\/site\\\/taxis-de-muriae-ganham-novo-padrao-de-identificacao\\\/#webpage\",\"url\":\"https:\\\/\\\/anoticiaonline.com.br\\\/site\\\/taxis-de-muriae-ganham-novo-padrao-de-identificacao\\\/\",\"name\":\"T\\u00e1xis de Muria\\u00e9 ganham novo padr\\u00e3o de identifica\\u00e7\\u00e3o - A Not\\u00edcia Online\",\"description\":\"Em atendimento \\u00e0 reivindica\\u00e7\\u00e3o da Associa\\u00e7\\u00e3o dos Taxistas de Muria\\u00e9, os t\\u00e1xis do munic\\u00edpio passam a ter novo padr\\u00e3o de identifica\\u00e7\\u00e3o visual. A faixa horizontal nas laterais dos ve\\u00edculos j\\u00e1 come\\u00e7aram a ser substitu\\u00eddas pelo novo modelo. Na pr\\u00e1tica, a altera\\u00e7\\u00e3o n\\u00e3o prejudicar\\u00e1 os usu\\u00e1rios dos t\\u00e1xis na cidade, j\\u00e1 que o novo desenho continua\",\"inLanguage\":\"pt-BR\",\"isPartOf\":{\"@id\":\"https:\\\/\\\/anoticiaonline.com.br\\\/site\\\/#website\"},\"breadcrumb\":{\"@id\":\"https:\\\/\\\/anoticiaonline.com.br\\\/site\\\/taxis-de-muriae-ganham-novo-padrao-de-identificacao\\\/#breadcrumblist\"},\"author\":{\"@id\":\"https:\\\/\\\/anoticiaonline.com.br\\\/site\\\/author\\\/juliana\\\/#author\"},\"creator\":{\"@id\":\"https:\\\/\\\/anoticiaonline.com.br\\\/site\\\/author\\\/juliana\\\/#author\"},\"image\":{\"@type\":\"ImageObject\",\"url\":\"https:\\\/\\\/anoticiaonline.com.br\\\/site\\\/wp-content\\\/uploads\\\/2015\\\/10\\\/031.jpg\",\"@id\":\"https:\\\/\\\/anoticiaonline.com.br\\\/site\\\/taxis-de-muriae-ganham-novo-padrao-de-identificacao\\\/#mainImage\",\"width\":640,\"height\":426},\"primaryImageOfPage\":{\"@id\":\"https:\\\/\\\/anoticiaonline.com.br\\\/site\\\/taxis-de-muriae-ganham-novo-padrao-de-identificacao\\\/#mainImage\"},\"datePublished\":\"2015-10-26T07:40:13-03:00\",\"dateModified\":\"2015-10-26T07:40:13-03:00\"},{\"@type\":\"WebSite\",\"@id\":\"https:\\\/\\\/anoticiaonline.com.br\\\/site\\\/#website\",\"url\":\"https:\\\/\\\/anoticiaonline.com.br\\\/site\\\/\",\"name\":\"A Not\\u00edcia Online\",\"description\":\"Noticias de Muria\\u00e9 e regi\\u00e3o\",\"inLanguage\":\"pt-BR\",\"publisher\":{\"@id\":\"https:\\\/\\\/anoticiaonline.com.br\\\/site\\\/#organization\"}}]}\n\t\t<\/script>\n\t\t<!-- All in One SEO -->\n\n","aioseo_head_json":{"title":"T\u00e1xis de Muria\u00e9 ganham novo padr\u00e3o de identifica\u00e7\u00e3o - A Not\u00edcia Online","description":"Em atendimento \u00e0 reivindica\u00e7\u00e3o da Associa\u00e7\u00e3o dos Taxistas de Muria\u00e9, os t\u00e1xis do munic\u00edpio passam a ter novo padr\u00e3o de identifica\u00e7\u00e3o visual. A faixa horizontal nas laterais dos ve\u00edculos j\u00e1 come\u00e7aram a ser substitu\u00eddas pelo novo modelo. Na pr\u00e1tica, a altera\u00e7\u00e3o n\u00e3o prejudicar\u00e1 os usu\u00e1rios dos t\u00e1xis na cidade, j\u00e1 que o novo desenho continua","canonical_url":"https:\/\/anoticiaonline.com.br\/site\/taxis-de-muriae-ganham-novo-padrao-de-identificacao\/","robots":"max-image-preview:large","keywords":"","webmasterTools":{"miscellaneous":""},"schema":{"@context":"https:\/\/schema.org","@graph":[{"@type":"BlogPosting","@id":"https:\/\/anoticiaonline.com.br\/site\/taxis-de-muriae-ganham-novo-padrao-de-identificacao\/#blogposting","name":"T\u00e1xis de Muria\u00e9 ganham novo padr\u00e3o de identifica\u00e7\u00e3o - A Not\u00edcia Online","headline":"T\u00e1xis de Muria\u00e9 ganham novo padr\u00e3o de identifica\u00e7\u00e3o","author":{"@id":"https:\/\/anoticiaonline.com.br\/site\/author\/juliana\/#author"},"publisher":{"@id":"https:\/\/anoticiaonline.com.br\/site\/#organization"},"image":{"@type":"ImageObject","url":"https:\/\/anoticiaonline.com.br\/site\/wp-content\/uploads\/2015\/10\/031.jpg","width":640,"height":426},"datePublished":"2015-10-26T07:40:13-03:00","dateModified":"2015-10-26T07:40:13-03:00","inLanguage":"pt-BR","mainEntityOfPage":{"@id":"https:\/\/anoticiaonline.com.br\/site\/taxis-de-muriae-ganham-novo-padrao-de-identificacao\/#webpage"},"isPartOf":{"@id":"https:\/\/anoticiaonline.com.br\/site\/taxis-de-muriae-ganham-novo-padrao-de-identificacao\/#webpage"},"articleSection":"Blog, slide"},{"@type":"BreadcrumbList","@id":"https:\/\/anoticiaonline.com.br\/site\/taxis-de-muriae-ganham-novo-padrao-de-identificacao\/#breadcrumblist","itemListElement":[{"@type":"ListItem","@id":"https:\/\/anoticiaonline.com.br\/site#listItem","position":1,"name":"Home","item":"https:\/\/anoticiaonline.com.br\/site","nextItem":{"@type":"ListItem","@id":"https:\/\/anoticiaonline.com.br\/site\/categoria\/muriae\/#listItem","name":"Blog"}},{"@type":"ListItem","@id":"https:\/\/anoticiaonline.com.br\/site\/categoria\/muriae\/#listItem","position":2,"name":"Blog","item":"https:\/\/anoticiaonline.com.br\/site\/categoria\/muriae\/","nextItem":{"@type":"ListItem","@id":"https:\/\/anoticiaonline.com.br\/site\/taxis-de-muriae-ganham-novo-padrao-de-identificacao\/#listItem","name":"T\u00e1xis de Muria\u00e9 ganham novo padr\u00e3o de identifica\u00e7\u00e3o"},"previousItem":{"@type":"ListItem","@id":"https:\/\/anoticiaonline.com.br\/site#listItem","name":"Home"}},{"@type":"ListItem","@id":"https:\/\/anoticiaonline.com.br\/site\/taxis-de-muriae-ganham-novo-padrao-de-identificacao\/#listItem","position":3,"name":"T\u00e1xis de Muria\u00e9 ganham novo padr\u00e3o de identifica\u00e7\u00e3o","previousItem":{"@type":"ListItem","@id":"https:\/\/anoticiaonline.com.br\/site\/categoria\/muriae\/#listItem","name":"Blog"}}]},{"@type":"Organization","@id":"https:\/\/anoticiaonline.com.br\/site\/#organization","name":"A Not\u00edcia Online","description":"Noticias de Muria\u00e9 e regi\u00e3o","url":"https:\/\/anoticiaonline.com.br\/site\/","logo":{"@type":"ImageObject","url":"https:\/\/scontent-gig4-1.xx.fbcdn.net\/v\/t39.30808-1\/270437624_4564083193639691_6907940295614233970_n.jpg?stp=dst-jpg_s200x200_tt6&_nc_cat=111&ccb=1-7&_nc_sid=f907e8&_nc_ohc=SM1wRlP3lJwQ7kNvwEPuBYA&_nc_oc=AdnqrjDN_BNjSSHWO-GbkIWH6fkGMLw4bqvL_NH6e2wMveX7G-rP2dAqsDSq1mJMOaY&_nc_zt=24&_nc_ht=scontent-gig4-1.xx&_nc_gid=AoBFJeGrT1hVaew_6rchkQ&oh=00_AfX7QmFGhQhG2jAllVgXCiM1ZrWgvtp80-Bfppyexh1QEg&oe=689E923C","@id":"https:\/\/anoticiaonline.com.br\/site\/taxis-de-muriae-ganham-novo-padrao-de-identificacao\/#organizationLogo"},"image":{"@id":"https:\/\/anoticiaonline.com.br\/site\/taxis-de-muriae-ganham-novo-padrao-de-identificacao\/#organizationLogo"}},{"@type":"Person","@id":"https:\/\/anoticiaonline.com.br\/site\/author\/juliana\/#author","url":"https:\/\/anoticiaonline.com.br\/site\/author\/juliana\/","name":"Juliana Laviola","image":{"@type":"ImageObject","@id":"https:\/\/anoticiaonline.com.br\/site\/taxis-de-muriae-ganham-novo-padrao-de-identificacao\/#authorImage","url":"https:\/\/secure.gravatar.com\/avatar\/b8d45f5c699b100dfaf0e543582f38f38bf94cb7ae3a5e9abf8d891a34773335?s=96&d=mm&r=g","width":96,"height":96,"caption":"Juliana Laviola"}},{"@type":"WebPage","@id":"https:\/\/anoticiaonline.com.br\/site\/taxis-de-muriae-ganham-novo-padrao-de-identificacao\/#webpage","url":"https:\/\/anoticiaonline.com.br\/site\/taxis-de-muriae-ganham-novo-padrao-de-identificacao\/","name":"T\u00e1xis de Muria\u00e9 ganham novo padr\u00e3o de identifica\u00e7\u00e3o - A Not\u00edcia Online","description":"Em atendimento \u00e0 reivindica\u00e7\u00e3o da Associa\u00e7\u00e3o dos Taxistas de Muria\u00e9, os t\u00e1xis do munic\u00edpio passam a ter novo padr\u00e3o de identifica\u00e7\u00e3o visual. A faixa horizontal nas laterais dos ve\u00edculos j\u00e1 come\u00e7aram a ser substitu\u00eddas pelo novo modelo. Na pr\u00e1tica, a altera\u00e7\u00e3o n\u00e3o prejudicar\u00e1 os usu\u00e1rios dos t\u00e1xis na cidade, j\u00e1 que o novo desenho continua","inLanguage":"pt-BR","isPartOf":{"@id":"https:\/\/anoticiaonline.com.br\/site\/#website"},"breadcrumb":{"@id":"https:\/\/anoticiaonline.com.br\/site\/taxis-de-muriae-ganham-novo-padrao-de-identificacao\/#breadcrumblist"},"author":{"@id":"https:\/\/anoticiaonline.com.br\/site\/author\/juliana\/#author"},"creator":{"@id":"https:\/\/anoticiaonline.com.br\/site\/author\/juliana\/#author"},"image":{"@type":"ImageObject","url":"https:\/\/anoticiaonline.com.br\/site\/wp-content\/uploads\/2015\/10\/031.jpg","@id":"https:\/\/anoticiaonline.com.br\/site\/taxis-de-muriae-ganham-novo-padrao-de-identificacao\/#mainImage","width":640,"height":426},"primaryImageOfPage":{"@id":"https:\/\/anoticiaonline.com.br\/site\/taxis-de-muriae-ganham-novo-padrao-de-identificacao\/#mainImage"},"datePublished":"2015-10-26T07:40:13-03:00","dateModified":"2015-10-26T07:40:13-03:00"},{"@type":"WebSite","@id":"https:\/\/anoticiaonline.com.br\/site\/#website","url":"https:\/\/anoticiaonline.com.br\/site\/","name":"A Not\u00edcia Online","description":"Noticias de Muria\u00e9 e regi\u00e3o","inLanguage":"pt-BR","publisher":{"@id":"https:\/\/anoticiaonline.com.br\/site\/#organization"}}]},"og:locale":"pt_BR","og:site_name":"A Not\u00edcia Online - Noticias de Muria\u00e9 e regi\u00e3o","og:type":"article","og:title":"T\u00e1xis de Muria\u00e9 ganham novo padr\u00e3o de identifica\u00e7\u00e3o - A Not\u00edcia Online","og:description":"Em atendimento \u00e0 reivindica\u00e7\u00e3o da Associa\u00e7\u00e3o dos Taxistas de Muria\u00e9, os t\u00e1xis do munic\u00edpio passam a ter novo padr\u00e3o de identifica\u00e7\u00e3o visual. A faixa horizontal nas laterais dos ve\u00edculos j\u00e1 come\u00e7aram a ser substitu\u00eddas pelo novo modelo. Na pr\u00e1tica, a altera\u00e7\u00e3o n\u00e3o prejudicar\u00e1 os usu\u00e1rios dos t\u00e1xis na cidade, j\u00e1 que o novo desenho continua","og:url":"https:\/\/anoticiaonline.com.br\/site\/taxis-de-muriae-ganham-novo-padrao-de-identificacao\/","og:image":"https:\/\/scontent-gig4-1.xx.fbcdn.net\/v\/t39.30808-1\/270437624_4564083193639691_6907940295614233970_n.jpg?stp=dst-jpg_s200x200_tt6&#038;_nc_cat=111&#038;ccb=1-7&#038;_nc_sid=f907e8&#038;_nc_ohc=SM1wRlP3lJwQ7kNvwEPuBYA&#038;_nc_oc=AdnqrjDN_BNjSSHWO-GbkIWH6fkGMLw4bqvL_NH6e2wMveX7G-rP2dAqsDSq1mJMOaY&#038;_nc_zt=24&#038;_nc_ht=scontent-gig4-1.xx&#038;_nc_gid=AoBFJeGrT1hVaew_6rchkQ&#038;oh=00_AfX7QmFGhQhG2jAllVgXCiM1ZrWgvtp80-Bfppyexh1QEg&#038;oe=689E923C","og:image:secure_url":"https:\/\/scontent-gig4-1.xx.fbcdn.net\/v\/t39.30808-1\/270437624_4564083193639691_6907940295614233970_n.jpg?stp=dst-jpg_s200x200_tt6&#038;_nc_cat=111&#038;ccb=1-7&#038;_nc_sid=f907e8&#038;_nc_ohc=SM1wRlP3lJwQ7kNvwEPuBYA&#038;_nc_oc=AdnqrjDN_BNjSSHWO-GbkIWH6fkGMLw4bqvL_NH6e2wMveX7G-rP2dAqsDSq1mJMOaY&#038;_nc_zt=24&#038;_nc_ht=scontent-gig4-1.xx&#038;_nc_gid=AoBFJeGrT1hVaew_6rchkQ&#038;oh=00_AfX7QmFGhQhG2jAllVgXCiM1ZrWgvtp80-Bfppyexh1QEg&#038;oe=689E923C","article:published_time":"2015-10-26T10:40:13+00:00","article:modified_time":"2015-10-26T10:40:13+00:00","twitter:card":"summary_large_image","twitter:title":"T\u00e1xis de Muria\u00e9 ganham novo padr\u00e3o de identifica\u00e7\u00e3o - A Not\u00edcia Online","twitter:description":"Em atendimento \u00e0 reivindica\u00e7\u00e3o da Associa\u00e7\u00e3o dos Taxistas de Muria\u00e9, os t\u00e1xis do munic\u00edpio passam a ter novo padr\u00e3o de identifica\u00e7\u00e3o visual. A faixa horizontal nas laterais dos ve\u00edculos j\u00e1 come\u00e7aram a ser substitu\u00eddas pelo novo modelo. Na pr\u00e1tica, a altera\u00e7\u00e3o n\u00e3o prejudicar\u00e1 os usu\u00e1rios dos t\u00e1xis na cidade, j\u00e1 que o novo desenho continua","twitter:image":"https:\/\/scontent-gig4-1.xx.fbcdn.net\/v\/t39.30808-1\/270437624_4564083193639691_6907940295614233970_n.jpg?stp=dst-jpg_s200x200_tt6&_nc_cat=111&ccb=1-7&_nc_sid=f907e8&_nc_ohc=SM1wRlP3lJwQ7kNvwEPuBYA&_nc_oc=AdnqrjDN_BNjSSHWO-GbkIWH6fkGMLw4bqvL_NH6e2wMveX7G-rP2dAqsDSq1mJMOaY&_nc_zt=24&_nc_ht=scontent-gig4-1.xx&_nc_gid=AoBFJeGrT1hVaew_6rchkQ&oh=00_AfX7QmFGhQhG2jAllVgXCiM1ZrWgvtp80-Bfppyexh1QEg&oe=689E923C"},"aioseo_meta_data":{"post_id":"5221","title":null,"description":null,"keywords":null,"keyphrases":null,"primary_term":null,"canonical_url":null,"og_title":null,"og_description":null,"og_object_type":"default","og_image_type":"default","og_image_url":null,"og_image_width":null,"og_image_height":null,"og_image_custom_url":null,"og_image_custom_fields":null,"og_video":null,"og_custom_url":null,"og_article_section":null,"og_article_tags":null,"twitter_use_og":false,"twitter_card":"default","twitter_image_type":"default","twitter_image_url":null,"twitter_image_custom_url":null,"twitter_image_custom_fields":null,"twitter_title":null,"twitter_description":null,"schema":{"blockGraphs":[],"customGraphs":[],"default":{"data":{"Article":[],"Course":[],"Dataset":[],"FAQPage":[],"Movie":[],"Person":[],"Product":[],"ProductReview":[],"Car":[],"Recipe":[],"Service":[],"SoftwareApplication":[],"WebPage":[]},"graphName":"","isEnabled":true},"graphs":[]},"schema_type":"default","schema_type_options":null,"pillar_content":false,"robots_default":true,"robots_noindex":false,"robots_noarchive":false,"robots_nosnippet":false,"robots_nofollow":false,"robots_noimageindex":false,"robots_noodp":false,"robots_notranslate":false,"robots_max_snippet":null,"robots_max_videopreview":null,"robots_max_imagepreview":"large","priority":null,"frequency":null,"local_seo":null,"breadcrumb_settings":null,"limit_modified_date":false,"ai":null,"created":"2025-08-16 13:41:02","updated":"2025-08-16 13:41:02","focus_keyword":null,"additional_keywords":null,"truseo_locale":null,"seo_analyzer_scan_date":null},"aioseo_breadcrumb":"<div class=\"aioseo-breadcrumbs\"><span class=\"aioseo-breadcrumb\">\n\t\t\t<a href=\"https:\/\/anoticiaonline.com.br\/site\" title=\"Home\">Home<\/a>\n\t\t<\/span><span class=\"aioseo-breadcrumb-separator\">&raquo;<\/span><span class=\"aioseo-breadcrumb\">\n\t\t\t<a href=\"https:\/\/anoticiaonline.com.br\/site\/categoria\/muriae\/\" title=\"Blog\">Blog<\/a>\n\t\t<\/span><span class=\"aioseo-breadcrumb-separator\">&raquo;<\/span><span class=\"aioseo-breadcrumb\">\n\t\t\tT\u00e1xis de Muria\u00e9 ganham novo padr\u00e3o de identifica\u00e7\u00e3o\n\t\t<\/span><\/div>","aioseo_breadcrumb_json":[{"label":"Home","link":"https:\/\/anoticiaonline.com.br\/site"},{"label":"Blog","link":"https:\/\/anoticiaonline.com.br\/site\/categoria\/muriae\/"},{"label":"T\u00e1xis de Muria\u00e9 ganham novo padr\u00e3o de identifica\u00e7\u00e3o","link":"https:\/\/anoticiaonline.com.br\/site\/taxis-de-muriae-ganham-novo-padrao-de-identificacao\/"}],"views":127,"_links":{"self":[{"href":"https:\/\/anoticiaonline.com.br\/site\/wp-json\/wp\/v2\/posts\/5221","targetHints":{"allow":["GET"]}}],"collection":[{"href":"https:\/\/anoticiaonline.com.br\/site\/wp-json\/wp\/v2\/posts"}],"about":[{"href":"https:\/\/anoticiaonline.com.br\/site\/wp-json\/wp\/v2\/types\/post"}],"author":[{"embeddable":true,"href":"https:\/\/anoticiaonline.com.br\/site\/wp-json\/wp\/v2\/users\/2"}],"replies":[{"embeddable":true,"href":"https:\/\/anoticiaonline.com.br\/site\/wp-json\/wp\/v2\/comments?post=5221"}],"version-history":[{"count":0,"href":"https:\/\/anoticiaonline.com.br\/site\/wp-json\/wp\/v2\/posts\/5221\/revisions"}],"wp:featuredmedia":[{"embeddable":true,"href":"https:\/\/anoticiaonline.com.br\/site\/wp-json\/wp\/v2\/media\/5223"}],"wp:attachment":[{"href":"https:\/\/anoticiaonline.com.br\/site\/wp-json\/wp\/v2\/media?parent=5221"}],"wp:term":[{"taxonomy":"category","embeddable":true,"href":"https:\/\/anoticiaonline.com.br\/site\/wp-json\/wp\/v2\/categories?post=5221"},{"taxonomy":"post_tag","embeddable":true,"href":"https:\/\/anoticiaonline.com.br\/site\/wp-json\/wp\/v2\/tags?post=5221"}],"curies":[{"name":"wp","href":"https:\/\/api.w.org\/{rel}","templated":true}]}}