{"id":52192,"date":"2018-03-29T19:00:21","date_gmt":"2018-03-29T22:00:21","guid":{"rendered":"http:\/\/anoticiaonline.com.br\/site\/?p=52192"},"modified":"2018-03-29T19:09:38","modified_gmt":"2018-03-29T22:09:38","slug":"animais-da-fazenda-sao-cristovao-sao-destaques-na-5a-expoleite-das-montanhas","status":"publish","type":"post","link":"https:\/\/anoticiaonline.com.br\/site\/animais-da-fazenda-sao-cristovao-sao-destaques-na-5a-expoleite-das-montanhas\/","title":{"rendered":"Animais da Fazenda S\u00e3o Crist\u00f3v\u00e3o s\u00e3o destaques na 5\u00aa Expoleite das Montanhas"},"content":{"rendered":"<p><a href=\"https:\/\/anoticiaonline.com.br\/site\/wp-content\/uploads\/2018\/03\/3.jpg\"><img fetchpriority=\"high\" decoding=\"async\" class=\"aligncenter size-full wp-image-52193\" src=\"https:\/\/anoticiaonline.com.br\/site\/wp-content\/uploads\/2018\/03\/3.jpg\" alt=\"\" width=\"640\" height=\"314\" srcset=\"https:\/\/anoticiaonline.com.br\/site\/wp-content\/uploads\/2018\/03\/3.jpg 640w, https:\/\/anoticiaonline.com.br\/site\/wp-content\/uploads\/2018\/03\/3-300x147.jpg 300w\" sizes=\"(max-width: 640px) 100vw, 640px\" \/><\/a><a href=\"https:\/\/anoticiaonline.com.br\/site\/wp-content\/uploads\/2018\/03\/DSC_1461.jpg\"><img decoding=\"async\" class=\"aligncenter size-full wp-image-52195\" src=\"https:\/\/anoticiaonline.com.br\/site\/wp-content\/uploads\/2018\/03\/DSC_1461.jpg\" alt=\"\" width=\"640\" height=\"425\" srcset=\"https:\/\/anoticiaonline.com.br\/site\/wp-content\/uploads\/2018\/03\/DSC_1461.jpg 640w, https:\/\/anoticiaonline.com.br\/site\/wp-content\/uploads\/2018\/03\/DSC_1461-300x199.jpg 300w\" sizes=\"(max-width: 640px) 100vw, 640px\" \/><\/a> <a href=\"https:\/\/anoticiaonline.com.br\/site\/wp-content\/uploads\/2018\/03\/DSC_1481.jpg\"><img decoding=\"async\" class=\"aligncenter size-full wp-image-52196\" src=\"https:\/\/anoticiaonline.com.br\/site\/wp-content\/uploads\/2018\/03\/DSC_1481.jpg\" alt=\"\" width=\"640\" height=\"427\" srcset=\"https:\/\/anoticiaonline.com.br\/site\/wp-content\/uploads\/2018\/03\/DSC_1481.jpg 640w, https:\/\/anoticiaonline.com.br\/site\/wp-content\/uploads\/2018\/03\/DSC_1481-300x200.jpg 300w\" sizes=\"(max-width: 640px) 100vw, 640px\" \/><\/a>Animais de alta qualidade gen\u00e9tica e j\u00e1 consagrados pela Fazenda S\u00e3o Crist\u00f3v\u00e3o se destacaram na 5\u00aa Expoleite das Montanhas, realizada entre 18 e 24 de mar\u00e7o, no Parque de Exposi\u00e7\u00f5es de Muria\u00e9, alcan\u00e7ando vit\u00f3ria e grande \u00eaxito em v\u00e1rias categorias.\u00a0 Durante os dias a fazenda venceu a categoria Girolando 5\/8, como Grande Campe\u00e3 Novilha J\u00fanior, Reservada Campe\u00e3 e Campe\u00e3 Vaca 3 anos J\u00fanior.<\/p>\n<p>De propriedade do empres\u00e1rio e criador Crist\u00f3v\u00e3o Jos\u00e9 Rabelo a fazenda est\u00e1 situada em Eugen\u00f3polis e trabalha a fundo com melhoramento gen\u00e9tico. Os animais contam com o trabalho da SV Assessoria, sob a coordena\u00e7\u00e3o de S\u00e9rgio Reis Peixoto e sua esposa Ver\u00f4nica, buscando a excel\u00eancia gen\u00e9tica da ra\u00e7a no cen\u00e1rio nacional.<\/p>\n<p>De acordo com Crist\u00f3v\u00e3o Rabelo, os resultados positivos na 5\u00aa Expoleite das Montanhas se devem ao trabalho de toda sua equipe de colaboradores e funcion\u00e1rios que trabalham sempre em busca de produzir animais com alto valor gen\u00e9tico. \u201cAproveito para agradecer tamb\u00e9m a minha fam\u00edlia pelo apoio e incentivo, sem falar em meus funcion\u00e1rios. Em nome do meu funcion\u00e1rio Adilson Pedrosa, agrade\u00e7o a todos os colaboradores que trabalham junto comigo. Sem eles eu n\u00e3o chegaria at\u00e9 aqui\u201d, agradeceu.<\/p>\n<p><a href=\"https:\/\/anoticiaonline.com.br\/site\/wp-content\/uploads\/2018\/03\/Melhor-expositor-no-5.jpg\"><img loading=\"lazy\" decoding=\"async\" class=\"aligncenter size-full wp-image-52199\" src=\"https:\/\/anoticiaonline.com.br\/site\/wp-content\/uploads\/2018\/03\/Melhor-expositor-no-5.jpg\" alt=\"\" width=\"640\" height=\"426\" srcset=\"https:\/\/anoticiaonline.com.br\/site\/wp-content\/uploads\/2018\/03\/Melhor-expositor-no-5.jpg 640w, https:\/\/anoticiaonline.com.br\/site\/wp-content\/uploads\/2018\/03\/Melhor-expositor-no-5-300x200.jpg 300w\" sizes=\"(max-width: 640px) 100vw, 640px\" \/><\/a><\/p>\n<p><a href=\"https:\/\/anoticiaonline.com.br\/site\/wp-content\/uploads\/2018\/03\/DSC_0505.jpg\"><img loading=\"lazy\" decoding=\"async\" class=\"aligncenter size-full wp-image-52194\" src=\"https:\/\/anoticiaonline.com.br\/site\/wp-content\/uploads\/2018\/03\/DSC_0505.jpg\" alt=\"\" width=\"426\" height=\"640\" srcset=\"https:\/\/anoticiaonline.com.br\/site\/wp-content\/uploads\/2018\/03\/DSC_0505.jpg 426w, https:\/\/anoticiaonline.com.br\/site\/wp-content\/uploads\/2018\/03\/DSC_0505-200x300.jpg 200w\" sizes=\"(max-width: 426px) 100vw, 426px\" \/><\/a><a href=\"https:\/\/anoticiaonline.com.br\/site\/wp-content\/uploads\/2018\/03\/DSC_1495.jpg\"><img loading=\"lazy\" decoding=\"async\" class=\"aligncenter size-full wp-image-52197\" src=\"https:\/\/anoticiaonline.com.br\/site\/wp-content\/uploads\/2018\/03\/DSC_1495.jpg\" alt=\"\" width=\"640\" height=\"427\" srcset=\"https:\/\/anoticiaonline.com.br\/site\/wp-content\/uploads\/2018\/03\/DSC_1495.jpg 640w, https:\/\/anoticiaonline.com.br\/site\/wp-content\/uploads\/2018\/03\/DSC_1495-300x200.jpg 300w\" sizes=\"(max-width: 640px) 100vw, 640px\" \/><\/a><\/p>\n<p><a href=\"https:\/\/anoticiaonline.com.br\/site\/wp-content\/uploads\/2018\/03\/DSC_1660.jpg\"><img loading=\"lazy\" decoding=\"async\" class=\"aligncenter size-full wp-image-52198\" src=\"https:\/\/anoticiaonline.com.br\/site\/wp-content\/uploads\/2018\/03\/DSC_1660.jpg\" alt=\"\" width=\"638\" height=\"426\" srcset=\"https:\/\/anoticiaonline.com.br\/site\/wp-content\/uploads\/2018\/03\/DSC_1660.jpg 638w, https:\/\/anoticiaonline.com.br\/site\/wp-content\/uploads\/2018\/03\/DSC_1660-300x200.jpg 300w\" sizes=\"(max-width: 638px) 100vw, 638px\" \/><\/a><\/p>\n","protected":false},"excerpt":{"rendered":"<p>Animais de alta qualidade gen\u00e9tica e j\u00e1 consagrados pela Fazenda S\u00e3o Crist\u00f3v\u00e3o se destacaram na 5\u00aa Expoleite das Montanhas, realizada entre 18 e 24 de mar\u00e7o, no Parque de Exposi\u00e7\u00f5es de Muria\u00e9, alcan\u00e7ando vit\u00f3ria e grande \u00eaxito em v\u00e1rias categorias.\u00a0 Durante os dias a fazenda venceu a categoria Girolando 5\/8, como Grande Campe\u00e3 Novilha J\u00fanior, &#8230; <a title=\"Animais da Fazenda S\u00e3o Crist\u00f3v\u00e3o s\u00e3o destaques na 5\u00aa Expoleite das Montanhas\" class=\"read-more\" href=\"https:\/\/anoticiaonline.com.br\/site\/animais-da-fazenda-sao-cristovao-sao-destaques-na-5a-expoleite-das-montanhas\/\" aria-label=\"Read more about Animais da Fazenda S\u00e3o Crist\u00f3v\u00e3o s\u00e3o destaques na 5\u00aa Expoleite das Montanhas\">Ler mais<\/a><\/p>\n","protected":false},"author":2,"featured_media":52196,"comment_status":"open","ping_status":"open","sticky":false,"template":"","format":"standard","meta":{"_acf_changed":false,"_monsterinsights_skip_tracking":false,"footnotes":""},"categories":[1],"tags":[2261,2266,2267,250,568,2263,2264,2262,2265],"class_list":["post-52192","post","type-post","status-publish","format-standard","has-post-thumbnail","hentry","category-gerais","tag-5a-expoleite-das-montanhas","tag-campea-vaca-3-anos-junior","tag-cristovao-jose-rabelo","tag-eugenopolis","tag-fazenda-sao-cristovao","tag-girolando-58","tag-grande-campea-novilha-junior","tag-parque-de-exposicoes-de-muriae","tag-reservada-campea"],"acf":[],"aioseo_notices":[],"aioseo_head":"\n\t\t<!-- All in One SEO 5.0.0.1 - aioseo.com -->\n\t<meta name=\"description\" content=\"Animais de alta qualidade gen\u00e9tica e j\u00e1 consagrados pela Fazenda S\u00e3o Crist\u00f3v\u00e3o se destacaram na 5\u00aa Expoleite das Montanhas, realizada entre 18 e 24 de mar\u00e7o, no Parque de Exposi\u00e7\u00f5es de Muria\u00e9, alcan\u00e7ando vit\u00f3ria e grande \u00eaxito em v\u00e1rias categorias. Durante os dias a fazenda venceu a categoria Girolando 5\/8, como Grande Campe\u00e3 Novilha J\u00fanior,\" \/>\n\t<meta name=\"robots\" content=\"max-image-preview:large\" \/>\n\t<meta name=\"author\" content=\"Juliana Laviola\"\/>\n\t<link rel=\"canonical\" href=\"https:\/\/anoticiaonline.com.br\/site\/animais-da-fazenda-sao-cristovao-sao-destaques-na-5a-expoleite-das-montanhas\/\" \/>\n\t<meta name=\"generator\" content=\"All in One SEO (AIOSEO) 5.0.0.1\" \/>\n\t\t<meta property=\"og:locale\" content=\"pt_BR\" \/>\n\t\t<meta property=\"og:site_name\" content=\"A Not\u00edcia Online - Noticias de Muria\u00e9 e regi\u00e3o\" \/>\n\t\t<meta property=\"og:type\" content=\"article\" \/>\n\t\t<meta property=\"og:title\" content=\"Animais da Fazenda S\u00e3o Crist\u00f3v\u00e3o s\u00e3o destaques na 5\u00aa Expoleite das Montanhas - A Not\u00edcia Online\" \/>\n\t\t<meta property=\"og:description\" content=\"Animais de alta qualidade gen\u00e9tica e j\u00e1 consagrados pela Fazenda S\u00e3o Crist\u00f3v\u00e3o se destacaram na 5\u00aa Expoleite das Montanhas, realizada entre 18 e 24 de mar\u00e7o, no Parque de Exposi\u00e7\u00f5es de Muria\u00e9, alcan\u00e7ando vit\u00f3ria e grande \u00eaxito em v\u00e1rias categorias. Durante os dias a fazenda venceu a categoria Girolando 5\/8, como Grande Campe\u00e3 Novilha J\u00fanior,\" \/>\n\t\t<meta property=\"og:url\" content=\"https:\/\/anoticiaonline.com.br\/site\/animais-da-fazenda-sao-cristovao-sao-destaques-na-5a-expoleite-das-montanhas\/\" \/>\n\t\t<meta property=\"og:image\" content=\"https:\/\/scontent-gig4-1.xx.fbcdn.net\/v\/t39.30808-1\/270437624_4564083193639691_6907940295614233970_n.jpg?stp=dst-jpg_s200x200_tt6&#038;_nc_cat=111&#038;ccb=1-7&#038;_nc_sid=f907e8&#038;_nc_ohc=SM1wRlP3lJwQ7kNvwEPuBYA&#038;_nc_oc=AdnqrjDN_BNjSSHWO-GbkIWH6fkGMLw4bqvL_NH6e2wMveX7G-rP2dAqsDSq1mJMOaY&#038;_nc_zt=24&#038;_nc_ht=scontent-gig4-1.xx&#038;_nc_gid=AoBFJeGrT1hVaew_6rchkQ&#038;oh=00_AfX7QmFGhQhG2jAllVgXCiM1ZrWgvtp80-Bfppyexh1QEg&#038;oe=689E923C\" \/>\n\t\t<meta property=\"og:image:secure_url\" content=\"https:\/\/scontent-gig4-1.xx.fbcdn.net\/v\/t39.30808-1\/270437624_4564083193639691_6907940295614233970_n.jpg?stp=dst-jpg_s200x200_tt6&#038;_nc_cat=111&#038;ccb=1-7&#038;_nc_sid=f907e8&#038;_nc_ohc=SM1wRlP3lJwQ7kNvwEPuBYA&#038;_nc_oc=AdnqrjDN_BNjSSHWO-GbkIWH6fkGMLw4bqvL_NH6e2wMveX7G-rP2dAqsDSq1mJMOaY&#038;_nc_zt=24&#038;_nc_ht=scontent-gig4-1.xx&#038;_nc_gid=AoBFJeGrT1hVaew_6rchkQ&#038;oh=00_AfX7QmFGhQhG2jAllVgXCiM1ZrWgvtp80-Bfppyexh1QEg&#038;oe=689E923C\" \/>\n\t\t<meta property=\"article:published_time\" content=\"2018-03-29T22:00:21+00:00\" \/>\n\t\t<meta property=\"article:modified_time\" content=\"2018-03-29T22:09:38+00:00\" \/>\n\t\t<meta name=\"twitter:card\" content=\"summary_large_image\" \/>\n\t\t<meta name=\"twitter:title\" content=\"Animais da Fazenda S\u00e3o Crist\u00f3v\u00e3o s\u00e3o destaques na 5\u00aa Expoleite das Montanhas - A Not\u00edcia Online\" \/>\n\t\t<meta name=\"twitter:description\" content=\"Animais de alta qualidade gen\u00e9tica e j\u00e1 consagrados pela Fazenda S\u00e3o Crist\u00f3v\u00e3o se destacaram na 5\u00aa Expoleite das Montanhas, realizada entre 18 e 24 de mar\u00e7o, no Parque de Exposi\u00e7\u00f5es de Muria\u00e9, alcan\u00e7ando vit\u00f3ria e grande \u00eaxito em v\u00e1rias categorias. Durante os dias a fazenda venceu a categoria Girolando 5\/8, como Grande Campe\u00e3 Novilha J\u00fanior,\" \/>\n\t\t<meta name=\"twitter:image\" content=\"https:\/\/scontent-gig4-1.xx.fbcdn.net\/v\/t39.30808-1\/270437624_4564083193639691_6907940295614233970_n.jpg?stp=dst-jpg_s200x200_tt6&amp;_nc_cat=111&amp;ccb=1-7&amp;_nc_sid=f907e8&amp;_nc_ohc=SM1wRlP3lJwQ7kNvwEPuBYA&amp;_nc_oc=AdnqrjDN_BNjSSHWO-GbkIWH6fkGMLw4bqvL_NH6e2wMveX7G-rP2dAqsDSq1mJMOaY&amp;_nc_zt=24&amp;_nc_ht=scontent-gig4-1.xx&amp;_nc_gid=AoBFJeGrT1hVaew_6rchkQ&amp;oh=00_AfX7QmFGhQhG2jAllVgXCiM1ZrWgvtp80-Bfppyexh1QEg&amp;oe=689E923C\" \/>\n\t\t<script type=\"application\/ld+json\" class=\"aioseo-schema\">\n\t\t\t{\"@context\":\"https:\\\/\\\/schema.org\",\"@graph\":[{\"@type\":\"BlogPosting\",\"@id\":\"https:\\\/\\\/anoticiaonline.com.br\\\/site\\\/animais-da-fazenda-sao-cristovao-sao-destaques-na-5a-expoleite-das-montanhas\\\/#blogposting\",\"name\":\"Animais da Fazenda S\\u00e3o Crist\\u00f3v\\u00e3o s\\u00e3o destaques na 5\\u00aa Expoleite das Montanhas - A Not\\u00edcia Online\",\"headline\":\"Animais da Fazenda S\\u00e3o Crist\\u00f3v\\u00e3o s\\u00e3o destaques na 5\\u00aa Expoleite das Montanhas\",\"author\":{\"@id\":\"https:\\\/\\\/anoticiaonline.com.br\\\/site\\\/author\\\/juliana\\\/#author\"},\"publisher\":{\"@id\":\"https:\\\/\\\/anoticiaonline.com.br\\\/site\\\/#organization\"},\"image\":{\"@type\":\"ImageObject\",\"url\":\"https:\\\/\\\/anoticiaonline.com.br\\\/site\\\/wp-content\\\/uploads\\\/2018\\\/03\\\/DSC_1481.jpg\",\"width\":640,\"height\":427},\"datePublished\":\"2018-03-29T19:00:21-03:00\",\"dateModified\":\"2018-03-29T19:09:38-03:00\",\"inLanguage\":\"pt-BR\",\"mainEntityOfPage\":{\"@id\":\"https:\\\/\\\/anoticiaonline.com.br\\\/site\\\/animais-da-fazenda-sao-cristovao-sao-destaques-na-5a-expoleite-das-montanhas\\\/#webpage\"},\"isPartOf\":{\"@id\":\"https:\\\/\\\/anoticiaonline.com.br\\\/site\\\/animais-da-fazenda-sao-cristovao-sao-destaques-na-5a-expoleite-das-montanhas\\\/#webpage\"},\"articleSection\":\"Gerais, 5\\u00aa Expoleite das Montanhas, Campe\\u00e3 Vaca 3 anos J\\u00fanior, Crist\\u00f3v\\u00e3o Jos\\u00e9 Rabelo, eugen\\u00f3polis, Fazenda S\\u00e3o Crist\\u00f3v\\u00e3o, Girolando 5\\\/8, Grande Campe\\u00e3 Novilha J\\u00fanior, Parque de Exposi\\u00e7\\u00f5es de Muria\\u00e9, Reservada Campe\\u00e3\"},{\"@type\":\"BreadcrumbList\",\"@id\":\"https:\\\/\\\/anoticiaonline.com.br\\\/site\\\/animais-da-fazenda-sao-cristovao-sao-destaques-na-5a-expoleite-das-montanhas\\\/#breadcrumblist\",\"itemListElement\":[{\"@type\":\"ListItem\",\"@id\":\"https:\\\/\\\/anoticiaonline.com.br\\\/site#listItem\",\"position\":1,\"name\":\"Home\",\"item\":\"https:\\\/\\\/anoticiaonline.com.br\\\/site\",\"nextItem\":{\"@type\":\"ListItem\",\"@id\":\"https:\\\/\\\/anoticiaonline.com.br\\\/site\\\/categoria\\\/gerais\\\/#listItem\",\"name\":\"Gerais\"}},{\"@type\":\"ListItem\",\"@id\":\"https:\\\/\\\/anoticiaonline.com.br\\\/site\\\/categoria\\\/gerais\\\/#listItem\",\"position\":2,\"name\":\"Gerais\",\"item\":\"https:\\\/\\\/anoticiaonline.com.br\\\/site\\\/categoria\\\/gerais\\\/\",\"nextItem\":{\"@type\":\"ListItem\",\"@id\":\"https:\\\/\\\/anoticiaonline.com.br\\\/site\\\/animais-da-fazenda-sao-cristovao-sao-destaques-na-5a-expoleite-das-montanhas\\\/#listItem\",\"name\":\"Animais da Fazenda S\\u00e3o Crist\\u00f3v\\u00e3o s\\u00e3o destaques na 5\\u00aa Expoleite das Montanhas\"},\"previousItem\":{\"@type\":\"ListItem\",\"@id\":\"https:\\\/\\\/anoticiaonline.com.br\\\/site#listItem\",\"name\":\"Home\"}},{\"@type\":\"ListItem\",\"@id\":\"https:\\\/\\\/anoticiaonline.com.br\\\/site\\\/animais-da-fazenda-sao-cristovao-sao-destaques-na-5a-expoleite-das-montanhas\\\/#listItem\",\"position\":3,\"name\":\"Animais da Fazenda S\\u00e3o Crist\\u00f3v\\u00e3o s\\u00e3o destaques na 5\\u00aa Expoleite das Montanhas\",\"previousItem\":{\"@type\":\"ListItem\",\"@id\":\"https:\\\/\\\/anoticiaonline.com.br\\\/site\\\/categoria\\\/gerais\\\/#listItem\",\"name\":\"Gerais\"}}]},{\"@type\":\"Organization\",\"@id\":\"https:\\\/\\\/anoticiaonline.com.br\\\/site\\\/#organization\",\"name\":\"A Not\\u00edcia Online\",\"description\":\"Noticias de Muria\\u00e9 e regi\\u00e3o\",\"url\":\"https:\\\/\\\/anoticiaonline.com.br\\\/site\\\/\",\"logo\":{\"@type\":\"ImageObject\",\"url\":\"https:\\\/\\\/scontent-gig4-1.xx.fbcdn.net\\\/v\\\/t39.30808-1\\\/270437624_4564083193639691_6907940295614233970_n.jpg?stp=dst-jpg_s200x200_tt6&_nc_cat=111&ccb=1-7&_nc_sid=f907e8&_nc_ohc=SM1wRlP3lJwQ7kNvwEPuBYA&_nc_oc=AdnqrjDN_BNjSSHWO-GbkIWH6fkGMLw4bqvL_NH6e2wMveX7G-rP2dAqsDSq1mJMOaY&_nc_zt=24&_nc_ht=scontent-gig4-1.xx&_nc_gid=AoBFJeGrT1hVaew_6rchkQ&oh=00_AfX7QmFGhQhG2jAllVgXCiM1ZrWgvtp80-Bfppyexh1QEg&oe=689E923C\",\"@id\":\"https:\\\/\\\/anoticiaonline.com.br\\\/site\\\/animais-da-fazenda-sao-cristovao-sao-destaques-na-5a-expoleite-das-montanhas\\\/#organizationLogo\"},\"image\":{\"@id\":\"https:\\\/\\\/anoticiaonline.com.br\\\/site\\\/animais-da-fazenda-sao-cristovao-sao-destaques-na-5a-expoleite-das-montanhas\\\/#organizationLogo\"}},{\"@type\":\"Person\",\"@id\":\"https:\\\/\\\/anoticiaonline.com.br\\\/site\\\/author\\\/juliana\\\/#author\",\"url\":\"https:\\\/\\\/anoticiaonline.com.br\\\/site\\\/author\\\/juliana\\\/\",\"name\":\"Juliana Laviola\",\"image\":{\"@type\":\"ImageObject\",\"@id\":\"https:\\\/\\\/anoticiaonline.com.br\\\/site\\\/animais-da-fazenda-sao-cristovao-sao-destaques-na-5a-expoleite-das-montanhas\\\/#authorImage\",\"url\":\"https:\\\/\\\/secure.gravatar.com\\\/avatar\\\/b8d45f5c699b100dfaf0e543582f38f38bf94cb7ae3a5e9abf8d891a34773335?s=96&d=mm&r=g\",\"width\":96,\"height\":96,\"caption\":\"Juliana Laviola\"}},{\"@type\":\"WebPage\",\"@id\":\"https:\\\/\\\/anoticiaonline.com.br\\\/site\\\/animais-da-fazenda-sao-cristovao-sao-destaques-na-5a-expoleite-das-montanhas\\\/#webpage\",\"url\":\"https:\\\/\\\/anoticiaonline.com.br\\\/site\\\/animais-da-fazenda-sao-cristovao-sao-destaques-na-5a-expoleite-das-montanhas\\\/\",\"name\":\"Animais da Fazenda S\\u00e3o Crist\\u00f3v\\u00e3o s\\u00e3o destaques na 5\\u00aa Expoleite das Montanhas - A Not\\u00edcia Online\",\"description\":\"Animais de alta qualidade gen\\u00e9tica e j\\u00e1 consagrados pela Fazenda S\\u00e3o Crist\\u00f3v\\u00e3o se destacaram na 5\\u00aa Expoleite das Montanhas, realizada entre 18 e 24 de mar\\u00e7o, no Parque de Exposi\\u00e7\\u00f5es de Muria\\u00e9, alcan\\u00e7ando vit\\u00f3ria e grande \\u00eaxito em v\\u00e1rias categorias. Durante os dias a fazenda venceu a categoria Girolando 5\\\/8, como Grande Campe\\u00e3 Novilha J\\u00fanior,\",\"inLanguage\":\"pt-BR\",\"isPartOf\":{\"@id\":\"https:\\\/\\\/anoticiaonline.com.br\\\/site\\\/#website\"},\"breadcrumb\":{\"@id\":\"https:\\\/\\\/anoticiaonline.com.br\\\/site\\\/animais-da-fazenda-sao-cristovao-sao-destaques-na-5a-expoleite-das-montanhas\\\/#breadcrumblist\"},\"author\":{\"@id\":\"https:\\\/\\\/anoticiaonline.com.br\\\/site\\\/author\\\/juliana\\\/#author\"},\"creator\":{\"@id\":\"https:\\\/\\\/anoticiaonline.com.br\\\/site\\\/author\\\/juliana\\\/#author\"},\"image\":{\"@type\":\"ImageObject\",\"url\":\"https:\\\/\\\/anoticiaonline.com.br\\\/site\\\/wp-content\\\/uploads\\\/2018\\\/03\\\/DSC_1481.jpg\",\"@id\":\"https:\\\/\\\/anoticiaonline.com.br\\\/site\\\/animais-da-fazenda-sao-cristovao-sao-destaques-na-5a-expoleite-das-montanhas\\\/#mainImage\",\"width\":640,\"height\":427},\"primaryImageOfPage\":{\"@id\":\"https:\\\/\\\/anoticiaonline.com.br\\\/site\\\/animais-da-fazenda-sao-cristovao-sao-destaques-na-5a-expoleite-das-montanhas\\\/#mainImage\"},\"datePublished\":\"2018-03-29T19:00:21-03:00\",\"dateModified\":\"2018-03-29T19:09:38-03:00\"},{\"@type\":\"WebSite\",\"@id\":\"https:\\\/\\\/anoticiaonline.com.br\\\/site\\\/#website\",\"url\":\"https:\\\/\\\/anoticiaonline.com.br\\\/site\\\/\",\"name\":\"A Not\\u00edcia Online\",\"description\":\"Noticias de Muria\\u00e9 e regi\\u00e3o\",\"inLanguage\":\"pt-BR\",\"publisher\":{\"@id\":\"https:\\\/\\\/anoticiaonline.com.br\\\/site\\\/#organization\"}}]}\n\t\t<\/script>\n\t\t<!-- All in One SEO -->\n\n","aioseo_head_json":{"title":"Animais da Fazenda S\u00e3o Crist\u00f3v\u00e3o s\u00e3o destaques na 5\u00aa Expoleite das Montanhas - A Not\u00edcia Online","description":"Animais de alta qualidade gen\u00e9tica e j\u00e1 consagrados pela Fazenda S\u00e3o Crist\u00f3v\u00e3o se destacaram na 5\u00aa Expoleite das Montanhas, realizada entre 18 e 24 de mar\u00e7o, no Parque de Exposi\u00e7\u00f5es de Muria\u00e9, alcan\u00e7ando vit\u00f3ria e grande \u00eaxito em v\u00e1rias categorias. Durante os dias a fazenda venceu a categoria Girolando 5\/8, como Grande Campe\u00e3 Novilha J\u00fanior,","canonical_url":"https:\/\/anoticiaonline.com.br\/site\/animais-da-fazenda-sao-cristovao-sao-destaques-na-5a-expoleite-das-montanhas\/","robots":"max-image-preview:large","keywords":"","webmasterTools":{"miscellaneous":""},"schema":{"@context":"https:\/\/schema.org","@graph":[{"@type":"BlogPosting","@id":"https:\/\/anoticiaonline.com.br\/site\/animais-da-fazenda-sao-cristovao-sao-destaques-na-5a-expoleite-das-montanhas\/#blogposting","name":"Animais da Fazenda S\u00e3o Crist\u00f3v\u00e3o s\u00e3o destaques na 5\u00aa Expoleite das Montanhas - A Not\u00edcia Online","headline":"Animais da Fazenda S\u00e3o Crist\u00f3v\u00e3o s\u00e3o destaques na 5\u00aa Expoleite das Montanhas","author":{"@id":"https:\/\/anoticiaonline.com.br\/site\/author\/juliana\/#author"},"publisher":{"@id":"https:\/\/anoticiaonline.com.br\/site\/#organization"},"image":{"@type":"ImageObject","url":"https:\/\/anoticiaonline.com.br\/site\/wp-content\/uploads\/2018\/03\/DSC_1481.jpg","width":640,"height":427},"datePublished":"2018-03-29T19:00:21-03:00","dateModified":"2018-03-29T19:09:38-03:00","inLanguage":"pt-BR","mainEntityOfPage":{"@id":"https:\/\/anoticiaonline.com.br\/site\/animais-da-fazenda-sao-cristovao-sao-destaques-na-5a-expoleite-das-montanhas\/#webpage"},"isPartOf":{"@id":"https:\/\/anoticiaonline.com.br\/site\/animais-da-fazenda-sao-cristovao-sao-destaques-na-5a-expoleite-das-montanhas\/#webpage"},"articleSection":"Gerais, 5\u00aa Expoleite das Montanhas, Campe\u00e3 Vaca 3 anos J\u00fanior, Crist\u00f3v\u00e3o Jos\u00e9 Rabelo, eugen\u00f3polis, Fazenda S\u00e3o Crist\u00f3v\u00e3o, Girolando 5\/8, Grande Campe\u00e3 Novilha J\u00fanior, Parque de Exposi\u00e7\u00f5es de Muria\u00e9, Reservada Campe\u00e3"},{"@type":"BreadcrumbList","@id":"https:\/\/anoticiaonline.com.br\/site\/animais-da-fazenda-sao-cristovao-sao-destaques-na-5a-expoleite-das-montanhas\/#breadcrumblist","itemListElement":[{"@type":"ListItem","@id":"https:\/\/anoticiaonline.com.br\/site#listItem","position":1,"name":"Home","item":"https:\/\/anoticiaonline.com.br\/site","nextItem":{"@type":"ListItem","@id":"https:\/\/anoticiaonline.com.br\/site\/categoria\/gerais\/#listItem","name":"Gerais"}},{"@type":"ListItem","@id":"https:\/\/anoticiaonline.com.br\/site\/categoria\/gerais\/#listItem","position":2,"name":"Gerais","item":"https:\/\/anoticiaonline.com.br\/site\/categoria\/gerais\/","nextItem":{"@type":"ListItem","@id":"https:\/\/anoticiaonline.com.br\/site\/animais-da-fazenda-sao-cristovao-sao-destaques-na-5a-expoleite-das-montanhas\/#listItem","name":"Animais da Fazenda S\u00e3o Crist\u00f3v\u00e3o s\u00e3o destaques na 5\u00aa Expoleite das Montanhas"},"previousItem":{"@type":"ListItem","@id":"https:\/\/anoticiaonline.com.br\/site#listItem","name":"Home"}},{"@type":"ListItem","@id":"https:\/\/anoticiaonline.com.br\/site\/animais-da-fazenda-sao-cristovao-sao-destaques-na-5a-expoleite-das-montanhas\/#listItem","position":3,"name":"Animais da Fazenda S\u00e3o Crist\u00f3v\u00e3o s\u00e3o destaques na 5\u00aa Expoleite das Montanhas","previousItem":{"@type":"ListItem","@id":"https:\/\/anoticiaonline.com.br\/site\/categoria\/gerais\/#listItem","name":"Gerais"}}]},{"@type":"Organization","@id":"https:\/\/anoticiaonline.com.br\/site\/#organization","name":"A Not\u00edcia Online","description":"Noticias de Muria\u00e9 e regi\u00e3o","url":"https:\/\/anoticiaonline.com.br\/site\/","logo":{"@type":"ImageObject","url":"https:\/\/scontent-gig4-1.xx.fbcdn.net\/v\/t39.30808-1\/270437624_4564083193639691_6907940295614233970_n.jpg?stp=dst-jpg_s200x200_tt6&_nc_cat=111&ccb=1-7&_nc_sid=f907e8&_nc_ohc=SM1wRlP3lJwQ7kNvwEPuBYA&_nc_oc=AdnqrjDN_BNjSSHWO-GbkIWH6fkGMLw4bqvL_NH6e2wMveX7G-rP2dAqsDSq1mJMOaY&_nc_zt=24&_nc_ht=scontent-gig4-1.xx&_nc_gid=AoBFJeGrT1hVaew_6rchkQ&oh=00_AfX7QmFGhQhG2jAllVgXCiM1ZrWgvtp80-Bfppyexh1QEg&oe=689E923C","@id":"https:\/\/anoticiaonline.com.br\/site\/animais-da-fazenda-sao-cristovao-sao-destaques-na-5a-expoleite-das-montanhas\/#organizationLogo"},"image":{"@id":"https:\/\/anoticiaonline.com.br\/site\/animais-da-fazenda-sao-cristovao-sao-destaques-na-5a-expoleite-das-montanhas\/#organizationLogo"}},{"@type":"Person","@id":"https:\/\/anoticiaonline.com.br\/site\/author\/juliana\/#author","url":"https:\/\/anoticiaonline.com.br\/site\/author\/juliana\/","name":"Juliana Laviola","image":{"@type":"ImageObject","@id":"https:\/\/anoticiaonline.com.br\/site\/animais-da-fazenda-sao-cristovao-sao-destaques-na-5a-expoleite-das-montanhas\/#authorImage","url":"https:\/\/secure.gravatar.com\/avatar\/b8d45f5c699b100dfaf0e543582f38f38bf94cb7ae3a5e9abf8d891a34773335?s=96&d=mm&r=g","width":96,"height":96,"caption":"Juliana Laviola"}},{"@type":"WebPage","@id":"https:\/\/anoticiaonline.com.br\/site\/animais-da-fazenda-sao-cristovao-sao-destaques-na-5a-expoleite-das-montanhas\/#webpage","url":"https:\/\/anoticiaonline.com.br\/site\/animais-da-fazenda-sao-cristovao-sao-destaques-na-5a-expoleite-das-montanhas\/","name":"Animais da Fazenda S\u00e3o Crist\u00f3v\u00e3o s\u00e3o destaques na 5\u00aa Expoleite das Montanhas - A Not\u00edcia Online","description":"Animais de alta qualidade gen\u00e9tica e j\u00e1 consagrados pela Fazenda S\u00e3o Crist\u00f3v\u00e3o se destacaram na 5\u00aa Expoleite das Montanhas, realizada entre 18 e 24 de mar\u00e7o, no Parque de Exposi\u00e7\u00f5es de Muria\u00e9, alcan\u00e7ando vit\u00f3ria e grande \u00eaxito em v\u00e1rias categorias. Durante os dias a fazenda venceu a categoria Girolando 5\/8, como Grande Campe\u00e3 Novilha J\u00fanior,","inLanguage":"pt-BR","isPartOf":{"@id":"https:\/\/anoticiaonline.com.br\/site\/#website"},"breadcrumb":{"@id":"https:\/\/anoticiaonline.com.br\/site\/animais-da-fazenda-sao-cristovao-sao-destaques-na-5a-expoleite-das-montanhas\/#breadcrumblist"},"author":{"@id":"https:\/\/anoticiaonline.com.br\/site\/author\/juliana\/#author"},"creator":{"@id":"https:\/\/anoticiaonline.com.br\/site\/author\/juliana\/#author"},"image":{"@type":"ImageObject","url":"https:\/\/anoticiaonline.com.br\/site\/wp-content\/uploads\/2018\/03\/DSC_1481.jpg","@id":"https:\/\/anoticiaonline.com.br\/site\/animais-da-fazenda-sao-cristovao-sao-destaques-na-5a-expoleite-das-montanhas\/#mainImage","width":640,"height":427},"primaryImageOfPage":{"@id":"https:\/\/anoticiaonline.com.br\/site\/animais-da-fazenda-sao-cristovao-sao-destaques-na-5a-expoleite-das-montanhas\/#mainImage"},"datePublished":"2018-03-29T19:00:21-03:00","dateModified":"2018-03-29T19:09:38-03:00"},{"@type":"WebSite","@id":"https:\/\/anoticiaonline.com.br\/site\/#website","url":"https:\/\/anoticiaonline.com.br\/site\/","name":"A Not\u00edcia Online","description":"Noticias de Muria\u00e9 e regi\u00e3o","inLanguage":"pt-BR","publisher":{"@id":"https:\/\/anoticiaonline.com.br\/site\/#organization"}}]},"og:locale":"pt_BR","og:site_name":"A Not\u00edcia Online - Noticias de Muria\u00e9 e regi\u00e3o","og:type":"article","og:title":"Animais da Fazenda S\u00e3o Crist\u00f3v\u00e3o s\u00e3o destaques na 5\u00aa Expoleite das Montanhas - A Not\u00edcia Online","og:description":"Animais de alta qualidade gen\u00e9tica e j\u00e1 consagrados pela Fazenda S\u00e3o Crist\u00f3v\u00e3o se destacaram na 5\u00aa Expoleite das Montanhas, realizada entre 18 e 24 de mar\u00e7o, no Parque de Exposi\u00e7\u00f5es de Muria\u00e9, alcan\u00e7ando vit\u00f3ria e grande \u00eaxito em v\u00e1rias categorias. Durante os dias a fazenda venceu a categoria Girolando 5\/8, como Grande Campe\u00e3 Novilha J\u00fanior,","og:url":"https:\/\/anoticiaonline.com.br\/site\/animais-da-fazenda-sao-cristovao-sao-destaques-na-5a-expoleite-das-montanhas\/","og:image":"https:\/\/scontent-gig4-1.xx.fbcdn.net\/v\/t39.30808-1\/270437624_4564083193639691_6907940295614233970_n.jpg?stp=dst-jpg_s200x200_tt6&#038;_nc_cat=111&#038;ccb=1-7&#038;_nc_sid=f907e8&#038;_nc_ohc=SM1wRlP3lJwQ7kNvwEPuBYA&#038;_nc_oc=AdnqrjDN_BNjSSHWO-GbkIWH6fkGMLw4bqvL_NH6e2wMveX7G-rP2dAqsDSq1mJMOaY&#038;_nc_zt=24&#038;_nc_ht=scontent-gig4-1.xx&#038;_nc_gid=AoBFJeGrT1hVaew_6rchkQ&#038;oh=00_AfX7QmFGhQhG2jAllVgXCiM1ZrWgvtp80-Bfppyexh1QEg&#038;oe=689E923C","og:image:secure_url":"https:\/\/scontent-gig4-1.xx.fbcdn.net\/v\/t39.30808-1\/270437624_4564083193639691_6907940295614233970_n.jpg?stp=dst-jpg_s200x200_tt6&#038;_nc_cat=111&#038;ccb=1-7&#038;_nc_sid=f907e8&#038;_nc_ohc=SM1wRlP3lJwQ7kNvwEPuBYA&#038;_nc_oc=AdnqrjDN_BNjSSHWO-GbkIWH6fkGMLw4bqvL_NH6e2wMveX7G-rP2dAqsDSq1mJMOaY&#038;_nc_zt=24&#038;_nc_ht=scontent-gig4-1.xx&#038;_nc_gid=AoBFJeGrT1hVaew_6rchkQ&#038;oh=00_AfX7QmFGhQhG2jAllVgXCiM1ZrWgvtp80-Bfppyexh1QEg&#038;oe=689E923C","article:published_time":"2018-03-29T22:00:21+00:00","article:modified_time":"2018-03-29T22:09:38+00:00","twitter:card":"summary_large_image","twitter:title":"Animais da Fazenda S\u00e3o Crist\u00f3v\u00e3o s\u00e3o destaques na 5\u00aa Expoleite das Montanhas - A Not\u00edcia Online","twitter:description":"Animais de alta qualidade gen\u00e9tica e j\u00e1 consagrados pela Fazenda S\u00e3o Crist\u00f3v\u00e3o se destacaram na 5\u00aa Expoleite das Montanhas, realizada entre 18 e 24 de mar\u00e7o, no Parque de Exposi\u00e7\u00f5es de Muria\u00e9, alcan\u00e7ando vit\u00f3ria e grande \u00eaxito em v\u00e1rias categorias. Durante os dias a fazenda venceu a categoria Girolando 5\/8, como Grande Campe\u00e3 Novilha J\u00fanior,","twitter:image":"https:\/\/scontent-gig4-1.xx.fbcdn.net\/v\/t39.30808-1\/270437624_4564083193639691_6907940295614233970_n.jpg?stp=dst-jpg_s200x200_tt6&_nc_cat=111&ccb=1-7&_nc_sid=f907e8&_nc_ohc=SM1wRlP3lJwQ7kNvwEPuBYA&_nc_oc=AdnqrjDN_BNjSSHWO-GbkIWH6fkGMLw4bqvL_NH6e2wMveX7G-rP2dAqsDSq1mJMOaY&_nc_zt=24&_nc_ht=scontent-gig4-1.xx&_nc_gid=AoBFJeGrT1hVaew_6rchkQ&oh=00_AfX7QmFGhQhG2jAllVgXCiM1ZrWgvtp80-Bfppyexh1QEg&oe=689E923C"},"aioseo_meta_data":{"post_id":"52192","title":null,"description":null,"keywords":null,"keyphrases":null,"primary_term":null,"canonical_url":null,"og_title":null,"og_description":null,"og_object_type":"default","og_image_type":"default","og_image_url":null,"og_image_width":null,"og_image_height":null,"og_image_custom_url":null,"og_image_custom_fields":null,"og_video":null,"og_custom_url":null,"og_article_section":null,"og_article_tags":null,"twitter_use_og":false,"twitter_card":"default","twitter_image_type":"default","twitter_image_url":null,"twitter_image_custom_url":null,"twitter_image_custom_fields":null,"twitter_title":null,"twitter_description":null,"schema":{"blockGraphs":[],"customGraphs":[],"default":{"data":{"Article":[],"Course":[],"Dataset":[],"FAQPage":[],"Movie":[],"Person":[],"Product":[],"ProductReview":[],"Car":[],"Recipe":[],"Service":[],"SoftwareApplication":[],"WebPage":[]},"graphName":"","isEnabled":true},"graphs":[]},"schema_type":"default","schema_type_options":null,"pillar_content":false,"robots_default":true,"robots_noindex":false,"robots_noarchive":false,"robots_nosnippet":false,"robots_nofollow":false,"robots_noimageindex":false,"robots_noodp":false,"robots_notranslate":false,"robots_max_snippet":null,"robots_max_videopreview":null,"robots_max_imagepreview":"large","priority":null,"frequency":null,"local_seo":null,"breadcrumb_settings":null,"limit_modified_date":false,"ai":null,"created":"2025-08-16 20:35:23","updated":"2025-08-16 20:35:23","focus_keyword":null,"additional_keywords":null,"truseo_locale":null,"seo_analyzer_scan_date":null},"aioseo_breadcrumb":"<div class=\"aioseo-breadcrumbs\"><span class=\"aioseo-breadcrumb\">\n\t\t\t<a href=\"https:\/\/anoticiaonline.com.br\/site\" title=\"Home\">Home<\/a>\n\t\t<\/span><span class=\"aioseo-breadcrumb-separator\">&raquo;<\/span><span class=\"aioseo-breadcrumb\">\n\t\t\t<a href=\"https:\/\/anoticiaonline.com.br\/site\/categoria\/gerais\/\" title=\"Gerais\">Gerais<\/a>\n\t\t<\/span><span class=\"aioseo-breadcrumb-separator\">&raquo;<\/span><span class=\"aioseo-breadcrumb\">\n\t\t\tAnimais da Fazenda S\u00e3o Crist\u00f3v\u00e3o s\u00e3o destaques na 5\u00aa Expoleite das Montanhas\n\t\t<\/span><\/div>","aioseo_breadcrumb_json":[{"label":"Home","link":"https:\/\/anoticiaonline.com.br\/site"},{"label":"Gerais","link":"https:\/\/anoticiaonline.com.br\/site\/categoria\/gerais\/"},{"label":"Animais da Fazenda S\u00e3o Crist\u00f3v\u00e3o s\u00e3o destaques na 5\u00aa Expoleite das Montanhas","link":"https:\/\/anoticiaonline.com.br\/site\/animais-da-fazenda-sao-cristovao-sao-destaques-na-5a-expoleite-das-montanhas\/"}],"views":181,"_links":{"self":[{"href":"https:\/\/anoticiaonline.com.br\/site\/wp-json\/wp\/v2\/posts\/52192","targetHints":{"allow":["GET"]}}],"collection":[{"href":"https:\/\/anoticiaonline.com.br\/site\/wp-json\/wp\/v2\/posts"}],"about":[{"href":"https:\/\/anoticiaonline.com.br\/site\/wp-json\/wp\/v2\/types\/post"}],"author":[{"embeddable":true,"href":"https:\/\/anoticiaonline.com.br\/site\/wp-json\/wp\/v2\/users\/2"}],"replies":[{"embeddable":true,"href":"https:\/\/anoticiaonline.com.br\/site\/wp-json\/wp\/v2\/comments?post=52192"}],"version-history":[{"count":0,"href":"https:\/\/anoticiaonline.com.br\/site\/wp-json\/wp\/v2\/posts\/52192\/revisions"}],"wp:featuredmedia":[{"embeddable":true,"href":"https:\/\/anoticiaonline.com.br\/site\/wp-json\/wp\/v2\/media\/52196"}],"wp:attachment":[{"href":"https:\/\/anoticiaonline.com.br\/site\/wp-json\/wp\/v2\/media?parent=52192"}],"wp:term":[{"taxonomy":"category","embeddable":true,"href":"https:\/\/anoticiaonline.com.br\/site\/wp-json\/wp\/v2\/categories?post=52192"},{"taxonomy":"post_tag","embeddable":true,"href":"https:\/\/anoticiaonline.com.br\/site\/wp-json\/wp\/v2\/tags?post=52192"}],"curies":[{"name":"wp","href":"https:\/\/api.w.org\/{rel}","templated":true}]}}