{"id":52177,"date":"2018-03-29T10:07:47","date_gmt":"2018-03-29T13:07:47","guid":{"rendered":"http:\/\/anoticiaonline.com.br\/site\/?p=52177"},"modified":"2018-03-29T10:56:14","modified_gmt":"2018-03-29T13:56:14","slug":"transito-rotatoria-permitira-retorno-de-motoristas-para-a-praca-coronel-domiciano","status":"publish","type":"post","link":"https:\/\/anoticiaonline.com.br\/site\/transito-rotatoria-permitira-retorno-de-motoristas-para-a-praca-coronel-domiciano\/","title":{"rendered":"Tr\u00e2nsito: rotat\u00f3ria permitir\u00e1 retorno de motoristas para a Pra\u00e7a Coronel Domiciano"},"content":{"rendered":"<p>O Departamento de Tr\u00e2nsito de Muria\u00e9 (DEMUTTRAN) informou, na tarde de quarta-feira (28), que est\u00e1 fazendo uma mudan\u00e7a no tr\u00e2nsito na regi\u00e3o da Pracinha da Prefeitura, no Centro da cidade.<\/p>\n<p>De acordo como diretor geral do DEMUTTRAN, Ivanir Pimentel, uma rotat\u00f3ria permitir\u00e1 ao motorista que transitar pela regi\u00e3o da Faculdade Santa Marcelina, acesse a Pra\u00e7a Cel. Domiciano.<\/p>\n<p>Pela mesma rotat\u00f3ria passar\u00e1 quem vem da Rua Bar\u00e3o do Monte Alto\/Efig\u00eania de Freitas para ter acesso \u00e0 regi\u00e3o da faculdade e ao posto de combust\u00edveis.\u00a0A pista em dire\u00e7\u00e3o ao Centro ficar\u00e1 livre para quem vem Bar\u00e3o do Monte Alto\/Efig\u00eania de Freitas. O trabalho ser\u00e1 conclu\u00eddo pelo departamento logo ap\u00f3s a Semana Santa.<\/p>\n<p><a href=\"https:\/\/anoticiaonline.com.br\/site\/wp-content\/uploads\/2018\/03\/Tr\u00e2nsito-rotat\u00f3ria-permitir\u00e1-retorno-de-motoristas-para-a-Pra\u00e7a-Coronel-Domiciano.jpg\"><img fetchpriority=\"high\" decoding=\"async\" class=\"alignnone size-full wp-image-52178\" src=\"https:\/\/anoticiaonline.com.br\/site\/wp-content\/uploads\/2018\/03\/Tr\u00e2nsito-rotat\u00f3ria-permitir\u00e1-retorno-de-motoristas-para-a-Pra\u00e7a-Coronel-Domiciano.jpg\" alt=\"\" width=\"640\" height=\"427\" srcset=\"https:\/\/anoticiaonline.com.br\/site\/wp-content\/uploads\/2018\/03\/Tr\u00e2nsito-rotat\u00f3ria-permitir\u00e1-retorno-de-motoristas-para-a-Pra\u00e7a-Coronel-Domiciano.jpg 640w, https:\/\/anoticiaonline.com.br\/site\/wp-content\/uploads\/2018\/03\/Tr\u00e2nsito-rotat\u00f3ria-permitir\u00e1-retorno-de-motoristas-para-a-Pra\u00e7a-Coronel-Domiciano-300x200.jpg 300w\" sizes=\"(max-width: 640px) 100vw, 640px\" \/><\/a><\/p>\n<p>Cr\u00e9ditos: www.silvanalves.com.br<\/p>\n","protected":false},"excerpt":{"rendered":"<p>O Departamento de Tr\u00e2nsito de Muria\u00e9 (DEMUTTRAN) informou, na tarde de quarta-feira (28), que est\u00e1 fazendo uma mudan\u00e7a no tr\u00e2nsito na regi\u00e3o da Pracinha da Prefeitura, no Centro da cidade. De acordo como diretor geral do DEMUTTRAN, Ivanir Pimentel, uma rotat\u00f3ria permitir\u00e1 ao motorista que transitar pela regi\u00e3o da Faculdade Santa Marcelina, acesse a Pra\u00e7a &#8230; <a title=\"Tr\u00e2nsito: rotat\u00f3ria permitir\u00e1 retorno de motoristas para a Pra\u00e7a Coronel Domiciano\" class=\"read-more\" href=\"https:\/\/anoticiaonline.com.br\/site\/transito-rotatoria-permitira-retorno-de-motoristas-para-a-praca-coronel-domiciano\/\" aria-label=\"Read more about Tr\u00e2nsito: rotat\u00f3ria permitir\u00e1 retorno de motoristas para a Pra\u00e7a Coronel Domiciano\">Ler mais<\/a><\/p>\n","protected":false},"author":2,"featured_media":52178,"comment_status":"open","ping_status":"open","sticky":false,"template":"","format":"standard","meta":{"_acf_changed":false,"_monsterinsights_skip_tracking":false,"footnotes":""},"categories":[30,45],"tags":[1174,2256,74,414],"class_list":["post-52177","post","type-post","status-publish","format-standard","has-post-thumbnail","hentry","category-muriae","category-transito","tag-demuttran","tag-mudancas","tag-muriae","tag-transito"],"acf":[],"aioseo_notices":[],"aioseo_head":"\n\t\t<!-- All in One SEO 5.0.0.1 - aioseo.com -->\n\t<meta name=\"description\" content=\"O Departamento de Tr\u00e2nsito de Muria\u00e9 (DEMUTTRAN) informou, na tarde de quarta-feira (28), que est\u00e1 fazendo uma mudan\u00e7a no tr\u00e2nsito na regi\u00e3o da Pracinha da Prefeitura, no Centro da cidade. De acordo como diretor geral do DEMUTTRAN, Ivanir Pimentel, uma rotat\u00f3ria permitir\u00e1 ao motorista que transitar pela regi\u00e3o da Faculdade Santa Marcelina, acesse a Pra\u00e7a\" \/>\n\t<meta name=\"robots\" content=\"max-image-preview:large\" \/>\n\t<meta name=\"author\" content=\"Juliana Laviola\"\/>\n\t<link rel=\"canonical\" href=\"https:\/\/anoticiaonline.com.br\/site\/transito-rotatoria-permitira-retorno-de-motoristas-para-a-praca-coronel-domiciano\/\" \/>\n\t<meta name=\"generator\" content=\"All in One SEO (AIOSEO) 5.0.0.1\" \/>\n\t\t<meta property=\"og:locale\" content=\"pt_BR\" \/>\n\t\t<meta property=\"og:site_name\" content=\"A Not\u00edcia Online - Noticias de Muria\u00e9 e regi\u00e3o\" \/>\n\t\t<meta property=\"og:type\" content=\"article\" \/>\n\t\t<meta property=\"og:title\" content=\"Tr\u00e2nsito: rotat\u00f3ria permitir\u00e1 retorno de motoristas para a Pra\u00e7a Coronel Domiciano - A Not\u00edcia Online\" \/>\n\t\t<meta property=\"og:description\" content=\"O Departamento de Tr\u00e2nsito de Muria\u00e9 (DEMUTTRAN) informou, na tarde de quarta-feira (28), que est\u00e1 fazendo uma mudan\u00e7a no tr\u00e2nsito na regi\u00e3o da Pracinha da Prefeitura, no Centro da cidade. De acordo como diretor geral do DEMUTTRAN, Ivanir Pimentel, uma rotat\u00f3ria permitir\u00e1 ao motorista que transitar pela regi\u00e3o da Faculdade Santa Marcelina, acesse a Pra\u00e7a\" \/>\n\t\t<meta property=\"og:url\" content=\"https:\/\/anoticiaonline.com.br\/site\/transito-rotatoria-permitira-retorno-de-motoristas-para-a-praca-coronel-domiciano\/\" \/>\n\t\t<meta property=\"og:image\" content=\"https:\/\/scontent-gig4-1.xx.fbcdn.net\/v\/t39.30808-1\/270437624_4564083193639691_6907940295614233970_n.jpg?stp=dst-jpg_s200x200_tt6&#038;_nc_cat=111&#038;ccb=1-7&#038;_nc_sid=f907e8&#038;_nc_ohc=SM1wRlP3lJwQ7kNvwEPuBYA&#038;_nc_oc=AdnqrjDN_BNjSSHWO-GbkIWH6fkGMLw4bqvL_NH6e2wMveX7G-rP2dAqsDSq1mJMOaY&#038;_nc_zt=24&#038;_nc_ht=scontent-gig4-1.xx&#038;_nc_gid=AoBFJeGrT1hVaew_6rchkQ&#038;oh=00_AfX7QmFGhQhG2jAllVgXCiM1ZrWgvtp80-Bfppyexh1QEg&#038;oe=689E923C\" \/>\n\t\t<meta property=\"og:image:secure_url\" content=\"https:\/\/scontent-gig4-1.xx.fbcdn.net\/v\/t39.30808-1\/270437624_4564083193639691_6907940295614233970_n.jpg?stp=dst-jpg_s200x200_tt6&#038;_nc_cat=111&#038;ccb=1-7&#038;_nc_sid=f907e8&#038;_nc_ohc=SM1wRlP3lJwQ7kNvwEPuBYA&#038;_nc_oc=AdnqrjDN_BNjSSHWO-GbkIWH6fkGMLw4bqvL_NH6e2wMveX7G-rP2dAqsDSq1mJMOaY&#038;_nc_zt=24&#038;_nc_ht=scontent-gig4-1.xx&#038;_nc_gid=AoBFJeGrT1hVaew_6rchkQ&#038;oh=00_AfX7QmFGhQhG2jAllVgXCiM1ZrWgvtp80-Bfppyexh1QEg&#038;oe=689E923C\" \/>\n\t\t<meta property=\"article:published_time\" content=\"2018-03-29T13:07:47+00:00\" \/>\n\t\t<meta property=\"article:modified_time\" content=\"2018-03-29T13:56:14+00:00\" \/>\n\t\t<meta name=\"twitter:card\" content=\"summary_large_image\" \/>\n\t\t<meta name=\"twitter:title\" content=\"Tr\u00e2nsito: rotat\u00f3ria permitir\u00e1 retorno de motoristas para a Pra\u00e7a Coronel Domiciano - A Not\u00edcia Online\" \/>\n\t\t<meta name=\"twitter:description\" content=\"O Departamento de Tr\u00e2nsito de Muria\u00e9 (DEMUTTRAN) informou, na tarde de quarta-feira (28), que est\u00e1 fazendo uma mudan\u00e7a no tr\u00e2nsito na regi\u00e3o da Pracinha da Prefeitura, no Centro da cidade. De acordo como diretor geral do DEMUTTRAN, Ivanir Pimentel, uma rotat\u00f3ria permitir\u00e1 ao motorista que transitar pela regi\u00e3o da Faculdade Santa Marcelina, acesse a Pra\u00e7a\" \/>\n\t\t<meta name=\"twitter:image\" content=\"https:\/\/scontent-gig4-1.xx.fbcdn.net\/v\/t39.30808-1\/270437624_4564083193639691_6907940295614233970_n.jpg?stp=dst-jpg_s200x200_tt6&amp;_nc_cat=111&amp;ccb=1-7&amp;_nc_sid=f907e8&amp;_nc_ohc=SM1wRlP3lJwQ7kNvwEPuBYA&amp;_nc_oc=AdnqrjDN_BNjSSHWO-GbkIWH6fkGMLw4bqvL_NH6e2wMveX7G-rP2dAqsDSq1mJMOaY&amp;_nc_zt=24&amp;_nc_ht=scontent-gig4-1.xx&amp;_nc_gid=AoBFJeGrT1hVaew_6rchkQ&amp;oh=00_AfX7QmFGhQhG2jAllVgXCiM1ZrWgvtp80-Bfppyexh1QEg&amp;oe=689E923C\" \/>\n\t\t<script type=\"application\/ld+json\" class=\"aioseo-schema\">\n\t\t\t{\"@context\":\"https:\\\/\\\/schema.org\",\"@graph\":[{\"@type\":\"BlogPosting\",\"@id\":\"https:\\\/\\\/anoticiaonline.com.br\\\/site\\\/transito-rotatoria-permitira-retorno-de-motoristas-para-a-praca-coronel-domiciano\\\/#blogposting\",\"name\":\"Tr\\u00e2nsito: rotat\\u00f3ria permitir\\u00e1 retorno de motoristas para a Pra\\u00e7a Coronel Domiciano - A Not\\u00edcia Online\",\"headline\":\"Tr\\u00e2nsito: rotat\\u00f3ria permitir\\u00e1 retorno de motoristas para a Pra\\u00e7a Coronel Domiciano\",\"author\":{\"@id\":\"https:\\\/\\\/anoticiaonline.com.br\\\/site\\\/author\\\/juliana\\\/#author\"},\"publisher\":{\"@id\":\"https:\\\/\\\/anoticiaonline.com.br\\\/site\\\/#organization\"},\"image\":{\"@type\":\"ImageObject\",\"url\":\"https:\\\/\\\/anoticiaonline.com.br\\\/site\\\/wp-content\\\/uploads\\\/2018\\\/03\\\/Tr\\u00e2nsito-rotat\\u00f3ria-permitir\\u00e1-retorno-de-motoristas-para-a-Pra\\u00e7a-Coronel-Domiciano.jpg\",\"width\":640,\"height\":427},\"datePublished\":\"2018-03-29T10:07:47-03:00\",\"dateModified\":\"2018-03-29T10:56:14-03:00\",\"inLanguage\":\"pt-BR\",\"mainEntityOfPage\":{\"@id\":\"https:\\\/\\\/anoticiaonline.com.br\\\/site\\\/transito-rotatoria-permitira-retorno-de-motoristas-para-a-praca-coronel-domiciano\\\/#webpage\"},\"isPartOf\":{\"@id\":\"https:\\\/\\\/anoticiaonline.com.br\\\/site\\\/transito-rotatoria-permitira-retorno-de-motoristas-para-a-praca-coronel-domiciano\\\/#webpage\"},\"articleSection\":\"Blog, Tr\\u00e2nsito, demuttran, mudan\\u00e7as, Muria\\u00e9, tr\\u00e2nsito\"},{\"@type\":\"BreadcrumbList\",\"@id\":\"https:\\\/\\\/anoticiaonline.com.br\\\/site\\\/transito-rotatoria-permitira-retorno-de-motoristas-para-a-praca-coronel-domiciano\\\/#breadcrumblist\",\"itemListElement\":[{\"@type\":\"ListItem\",\"@id\":\"https:\\\/\\\/anoticiaonline.com.br\\\/site#listItem\",\"position\":1,\"name\":\"Home\",\"item\":\"https:\\\/\\\/anoticiaonline.com.br\\\/site\",\"nextItem\":{\"@type\":\"ListItem\",\"@id\":\"https:\\\/\\\/anoticiaonline.com.br\\\/site\\\/categoria\\\/muriae\\\/#listItem\",\"name\":\"Blog\"}},{\"@type\":\"ListItem\",\"@id\":\"https:\\\/\\\/anoticiaonline.com.br\\\/site\\\/categoria\\\/muriae\\\/#listItem\",\"position\":2,\"name\":\"Blog\",\"item\":\"https:\\\/\\\/anoticiaonline.com.br\\\/site\\\/categoria\\\/muriae\\\/\",\"nextItem\":{\"@type\":\"ListItem\",\"@id\":\"https:\\\/\\\/anoticiaonline.com.br\\\/site\\\/categoria\\\/muriae\\\/transito\\\/#listItem\",\"name\":\"Tr\\u00e2nsito\"},\"previousItem\":{\"@type\":\"ListItem\",\"@id\":\"https:\\\/\\\/anoticiaonline.com.br\\\/site#listItem\",\"name\":\"Home\"}},{\"@type\":\"ListItem\",\"@id\":\"https:\\\/\\\/anoticiaonline.com.br\\\/site\\\/categoria\\\/muriae\\\/transito\\\/#listItem\",\"position\":3,\"name\":\"Tr\\u00e2nsito\",\"item\":\"https:\\\/\\\/anoticiaonline.com.br\\\/site\\\/categoria\\\/muriae\\\/transito\\\/\",\"nextItem\":{\"@type\":\"ListItem\",\"@id\":\"https:\\\/\\\/anoticiaonline.com.br\\\/site\\\/transito-rotatoria-permitira-retorno-de-motoristas-para-a-praca-coronel-domiciano\\\/#listItem\",\"name\":\"Tr\\u00e2nsito: rotat\\u00f3ria permitir\\u00e1 retorno de motoristas para a Pra\\u00e7a Coronel Domiciano\"},\"previousItem\":{\"@type\":\"ListItem\",\"@id\":\"https:\\\/\\\/anoticiaonline.com.br\\\/site\\\/categoria\\\/muriae\\\/#listItem\",\"name\":\"Blog\"}},{\"@type\":\"ListItem\",\"@id\":\"https:\\\/\\\/anoticiaonline.com.br\\\/site\\\/transito-rotatoria-permitira-retorno-de-motoristas-para-a-praca-coronel-domiciano\\\/#listItem\",\"position\":4,\"name\":\"Tr\\u00e2nsito: rotat\\u00f3ria permitir\\u00e1 retorno de motoristas para a Pra\\u00e7a Coronel Domiciano\",\"previousItem\":{\"@type\":\"ListItem\",\"@id\":\"https:\\\/\\\/anoticiaonline.com.br\\\/site\\\/categoria\\\/muriae\\\/transito\\\/#listItem\",\"name\":\"Tr\\u00e2nsito\"}}]},{\"@type\":\"Organization\",\"@id\":\"https:\\\/\\\/anoticiaonline.com.br\\\/site\\\/#organization\",\"name\":\"A Not\\u00edcia Online\",\"description\":\"Noticias de Muria\\u00e9 e regi\\u00e3o\",\"url\":\"https:\\\/\\\/anoticiaonline.com.br\\\/site\\\/\",\"logo\":{\"@type\":\"ImageObject\",\"url\":\"https:\\\/\\\/scontent-gig4-1.xx.fbcdn.net\\\/v\\\/t39.30808-1\\\/270437624_4564083193639691_6907940295614233970_n.jpg?stp=dst-jpg_s200x200_tt6&_nc_cat=111&ccb=1-7&_nc_sid=f907e8&_nc_ohc=SM1wRlP3lJwQ7kNvwEPuBYA&_nc_oc=AdnqrjDN_BNjSSHWO-GbkIWH6fkGMLw4bqvL_NH6e2wMveX7G-rP2dAqsDSq1mJMOaY&_nc_zt=24&_nc_ht=scontent-gig4-1.xx&_nc_gid=AoBFJeGrT1hVaew_6rchkQ&oh=00_AfX7QmFGhQhG2jAllVgXCiM1ZrWgvtp80-Bfppyexh1QEg&oe=689E923C\",\"@id\":\"https:\\\/\\\/anoticiaonline.com.br\\\/site\\\/transito-rotatoria-permitira-retorno-de-motoristas-para-a-praca-coronel-domiciano\\\/#organizationLogo\"},\"image\":{\"@id\":\"https:\\\/\\\/anoticiaonline.com.br\\\/site\\\/transito-rotatoria-permitira-retorno-de-motoristas-para-a-praca-coronel-domiciano\\\/#organizationLogo\"}},{\"@type\":\"Person\",\"@id\":\"https:\\\/\\\/anoticiaonline.com.br\\\/site\\\/author\\\/juliana\\\/#author\",\"url\":\"https:\\\/\\\/anoticiaonline.com.br\\\/site\\\/author\\\/juliana\\\/\",\"name\":\"Juliana Laviola\",\"image\":{\"@type\":\"ImageObject\",\"@id\":\"https:\\\/\\\/anoticiaonline.com.br\\\/site\\\/transito-rotatoria-permitira-retorno-de-motoristas-para-a-praca-coronel-domiciano\\\/#authorImage\",\"url\":\"https:\\\/\\\/secure.gravatar.com\\\/avatar\\\/b8d45f5c699b100dfaf0e543582f38f38bf94cb7ae3a5e9abf8d891a34773335?s=96&d=mm&r=g\",\"width\":96,\"height\":96,\"caption\":\"Juliana Laviola\"}},{\"@type\":\"WebPage\",\"@id\":\"https:\\\/\\\/anoticiaonline.com.br\\\/site\\\/transito-rotatoria-permitira-retorno-de-motoristas-para-a-praca-coronel-domiciano\\\/#webpage\",\"url\":\"https:\\\/\\\/anoticiaonline.com.br\\\/site\\\/transito-rotatoria-permitira-retorno-de-motoristas-para-a-praca-coronel-domiciano\\\/\",\"name\":\"Tr\\u00e2nsito: rotat\\u00f3ria permitir\\u00e1 retorno de motoristas para a Pra\\u00e7a Coronel Domiciano - A Not\\u00edcia Online\",\"description\":\"O Departamento de Tr\\u00e2nsito de Muria\\u00e9 (DEMUTTRAN) informou, na tarde de quarta-feira (28), que est\\u00e1 fazendo uma mudan\\u00e7a no tr\\u00e2nsito na regi\\u00e3o da Pracinha da Prefeitura, no Centro da cidade. De acordo como diretor geral do DEMUTTRAN, Ivanir Pimentel, uma rotat\\u00f3ria permitir\\u00e1 ao motorista que transitar pela regi\\u00e3o da Faculdade Santa Marcelina, acesse a Pra\\u00e7a\",\"inLanguage\":\"pt-BR\",\"isPartOf\":{\"@id\":\"https:\\\/\\\/anoticiaonline.com.br\\\/site\\\/#website\"},\"breadcrumb\":{\"@id\":\"https:\\\/\\\/anoticiaonline.com.br\\\/site\\\/transito-rotatoria-permitira-retorno-de-motoristas-para-a-praca-coronel-domiciano\\\/#breadcrumblist\"},\"author\":{\"@id\":\"https:\\\/\\\/anoticiaonline.com.br\\\/site\\\/author\\\/juliana\\\/#author\"},\"creator\":{\"@id\":\"https:\\\/\\\/anoticiaonline.com.br\\\/site\\\/author\\\/juliana\\\/#author\"},\"image\":{\"@type\":\"ImageObject\",\"url\":\"https:\\\/\\\/anoticiaonline.com.br\\\/site\\\/wp-content\\\/uploads\\\/2018\\\/03\\\/Tr\\u00e2nsito-rotat\\u00f3ria-permitir\\u00e1-retorno-de-motoristas-para-a-Pra\\u00e7a-Coronel-Domiciano.jpg\",\"@id\":\"https:\\\/\\\/anoticiaonline.com.br\\\/site\\\/transito-rotatoria-permitira-retorno-de-motoristas-para-a-praca-coronel-domiciano\\\/#mainImage\",\"width\":640,\"height\":427},\"primaryImageOfPage\":{\"@id\":\"https:\\\/\\\/anoticiaonline.com.br\\\/site\\\/transito-rotatoria-permitira-retorno-de-motoristas-para-a-praca-coronel-domiciano\\\/#mainImage\"},\"datePublished\":\"2018-03-29T10:07:47-03:00\",\"dateModified\":\"2018-03-29T10:56:14-03:00\"},{\"@type\":\"WebSite\",\"@id\":\"https:\\\/\\\/anoticiaonline.com.br\\\/site\\\/#website\",\"url\":\"https:\\\/\\\/anoticiaonline.com.br\\\/site\\\/\",\"name\":\"A Not\\u00edcia Online\",\"description\":\"Noticias de Muria\\u00e9 e regi\\u00e3o\",\"inLanguage\":\"pt-BR\",\"publisher\":{\"@id\":\"https:\\\/\\\/anoticiaonline.com.br\\\/site\\\/#organization\"}}]}\n\t\t<\/script>\n\t\t<!-- All in One SEO -->\n\n","aioseo_head_json":{"title":"Tr\u00e2nsito: rotat\u00f3ria permitir\u00e1 retorno de motoristas para a Pra\u00e7a Coronel Domiciano - A Not\u00edcia Online","description":"O Departamento de Tr\u00e2nsito de Muria\u00e9 (DEMUTTRAN) informou, na tarde de quarta-feira (28), que est\u00e1 fazendo uma mudan\u00e7a no tr\u00e2nsito na regi\u00e3o da Pracinha da Prefeitura, no Centro da cidade. De acordo como diretor geral do DEMUTTRAN, Ivanir Pimentel, uma rotat\u00f3ria permitir\u00e1 ao motorista que transitar pela regi\u00e3o da Faculdade Santa Marcelina, acesse a Pra\u00e7a","canonical_url":"https:\/\/anoticiaonline.com.br\/site\/transito-rotatoria-permitira-retorno-de-motoristas-para-a-praca-coronel-domiciano\/","robots":"max-image-preview:large","keywords":"","webmasterTools":{"miscellaneous":""},"schema":{"@context":"https:\/\/schema.org","@graph":[{"@type":"BlogPosting","@id":"https:\/\/anoticiaonline.com.br\/site\/transito-rotatoria-permitira-retorno-de-motoristas-para-a-praca-coronel-domiciano\/#blogposting","name":"Tr\u00e2nsito: rotat\u00f3ria permitir\u00e1 retorno de motoristas para a Pra\u00e7a Coronel Domiciano - A Not\u00edcia Online","headline":"Tr\u00e2nsito: rotat\u00f3ria permitir\u00e1 retorno de motoristas para a Pra\u00e7a Coronel Domiciano","author":{"@id":"https:\/\/anoticiaonline.com.br\/site\/author\/juliana\/#author"},"publisher":{"@id":"https:\/\/anoticiaonline.com.br\/site\/#organization"},"image":{"@type":"ImageObject","url":"https:\/\/anoticiaonline.com.br\/site\/wp-content\/uploads\/2018\/03\/Tr\u00e2nsito-rotat\u00f3ria-permitir\u00e1-retorno-de-motoristas-para-a-Pra\u00e7a-Coronel-Domiciano.jpg","width":640,"height":427},"datePublished":"2018-03-29T10:07:47-03:00","dateModified":"2018-03-29T10:56:14-03:00","inLanguage":"pt-BR","mainEntityOfPage":{"@id":"https:\/\/anoticiaonline.com.br\/site\/transito-rotatoria-permitira-retorno-de-motoristas-para-a-praca-coronel-domiciano\/#webpage"},"isPartOf":{"@id":"https:\/\/anoticiaonline.com.br\/site\/transito-rotatoria-permitira-retorno-de-motoristas-para-a-praca-coronel-domiciano\/#webpage"},"articleSection":"Blog, Tr\u00e2nsito, demuttran, mudan\u00e7as, Muria\u00e9, tr\u00e2nsito"},{"@type":"BreadcrumbList","@id":"https:\/\/anoticiaonline.com.br\/site\/transito-rotatoria-permitira-retorno-de-motoristas-para-a-praca-coronel-domiciano\/#breadcrumblist","itemListElement":[{"@type":"ListItem","@id":"https:\/\/anoticiaonline.com.br\/site#listItem","position":1,"name":"Home","item":"https:\/\/anoticiaonline.com.br\/site","nextItem":{"@type":"ListItem","@id":"https:\/\/anoticiaonline.com.br\/site\/categoria\/muriae\/#listItem","name":"Blog"}},{"@type":"ListItem","@id":"https:\/\/anoticiaonline.com.br\/site\/categoria\/muriae\/#listItem","position":2,"name":"Blog","item":"https:\/\/anoticiaonline.com.br\/site\/categoria\/muriae\/","nextItem":{"@type":"ListItem","@id":"https:\/\/anoticiaonline.com.br\/site\/categoria\/muriae\/transito\/#listItem","name":"Tr\u00e2nsito"},"previousItem":{"@type":"ListItem","@id":"https:\/\/anoticiaonline.com.br\/site#listItem","name":"Home"}},{"@type":"ListItem","@id":"https:\/\/anoticiaonline.com.br\/site\/categoria\/muriae\/transito\/#listItem","position":3,"name":"Tr\u00e2nsito","item":"https:\/\/anoticiaonline.com.br\/site\/categoria\/muriae\/transito\/","nextItem":{"@type":"ListItem","@id":"https:\/\/anoticiaonline.com.br\/site\/transito-rotatoria-permitira-retorno-de-motoristas-para-a-praca-coronel-domiciano\/#listItem","name":"Tr\u00e2nsito: rotat\u00f3ria permitir\u00e1 retorno de motoristas para a Pra\u00e7a Coronel Domiciano"},"previousItem":{"@type":"ListItem","@id":"https:\/\/anoticiaonline.com.br\/site\/categoria\/muriae\/#listItem","name":"Blog"}},{"@type":"ListItem","@id":"https:\/\/anoticiaonline.com.br\/site\/transito-rotatoria-permitira-retorno-de-motoristas-para-a-praca-coronel-domiciano\/#listItem","position":4,"name":"Tr\u00e2nsito: rotat\u00f3ria permitir\u00e1 retorno de motoristas para a Pra\u00e7a Coronel Domiciano","previousItem":{"@type":"ListItem","@id":"https:\/\/anoticiaonline.com.br\/site\/categoria\/muriae\/transito\/#listItem","name":"Tr\u00e2nsito"}}]},{"@type":"Organization","@id":"https:\/\/anoticiaonline.com.br\/site\/#organization","name":"A Not\u00edcia Online","description":"Noticias de Muria\u00e9 e regi\u00e3o","url":"https:\/\/anoticiaonline.com.br\/site\/","logo":{"@type":"ImageObject","url":"https:\/\/scontent-gig4-1.xx.fbcdn.net\/v\/t39.30808-1\/270437624_4564083193639691_6907940295614233970_n.jpg?stp=dst-jpg_s200x200_tt6&_nc_cat=111&ccb=1-7&_nc_sid=f907e8&_nc_ohc=SM1wRlP3lJwQ7kNvwEPuBYA&_nc_oc=AdnqrjDN_BNjSSHWO-GbkIWH6fkGMLw4bqvL_NH6e2wMveX7G-rP2dAqsDSq1mJMOaY&_nc_zt=24&_nc_ht=scontent-gig4-1.xx&_nc_gid=AoBFJeGrT1hVaew_6rchkQ&oh=00_AfX7QmFGhQhG2jAllVgXCiM1ZrWgvtp80-Bfppyexh1QEg&oe=689E923C","@id":"https:\/\/anoticiaonline.com.br\/site\/transito-rotatoria-permitira-retorno-de-motoristas-para-a-praca-coronel-domiciano\/#organizationLogo"},"image":{"@id":"https:\/\/anoticiaonline.com.br\/site\/transito-rotatoria-permitira-retorno-de-motoristas-para-a-praca-coronel-domiciano\/#organizationLogo"}},{"@type":"Person","@id":"https:\/\/anoticiaonline.com.br\/site\/author\/juliana\/#author","url":"https:\/\/anoticiaonline.com.br\/site\/author\/juliana\/","name":"Juliana Laviola","image":{"@type":"ImageObject","@id":"https:\/\/anoticiaonline.com.br\/site\/transito-rotatoria-permitira-retorno-de-motoristas-para-a-praca-coronel-domiciano\/#authorImage","url":"https:\/\/secure.gravatar.com\/avatar\/b8d45f5c699b100dfaf0e543582f38f38bf94cb7ae3a5e9abf8d891a34773335?s=96&d=mm&r=g","width":96,"height":96,"caption":"Juliana Laviola"}},{"@type":"WebPage","@id":"https:\/\/anoticiaonline.com.br\/site\/transito-rotatoria-permitira-retorno-de-motoristas-para-a-praca-coronel-domiciano\/#webpage","url":"https:\/\/anoticiaonline.com.br\/site\/transito-rotatoria-permitira-retorno-de-motoristas-para-a-praca-coronel-domiciano\/","name":"Tr\u00e2nsito: rotat\u00f3ria permitir\u00e1 retorno de motoristas para a Pra\u00e7a Coronel Domiciano - A Not\u00edcia Online","description":"O Departamento de Tr\u00e2nsito de Muria\u00e9 (DEMUTTRAN) informou, na tarde de quarta-feira (28), que est\u00e1 fazendo uma mudan\u00e7a no tr\u00e2nsito na regi\u00e3o da Pracinha da Prefeitura, no Centro da cidade. De acordo como diretor geral do DEMUTTRAN, Ivanir Pimentel, uma rotat\u00f3ria permitir\u00e1 ao motorista que transitar pela regi\u00e3o da Faculdade Santa Marcelina, acesse a Pra\u00e7a","inLanguage":"pt-BR","isPartOf":{"@id":"https:\/\/anoticiaonline.com.br\/site\/#website"},"breadcrumb":{"@id":"https:\/\/anoticiaonline.com.br\/site\/transito-rotatoria-permitira-retorno-de-motoristas-para-a-praca-coronel-domiciano\/#breadcrumblist"},"author":{"@id":"https:\/\/anoticiaonline.com.br\/site\/author\/juliana\/#author"},"creator":{"@id":"https:\/\/anoticiaonline.com.br\/site\/author\/juliana\/#author"},"image":{"@type":"ImageObject","url":"https:\/\/anoticiaonline.com.br\/site\/wp-content\/uploads\/2018\/03\/Tr\u00e2nsito-rotat\u00f3ria-permitir\u00e1-retorno-de-motoristas-para-a-Pra\u00e7a-Coronel-Domiciano.jpg","@id":"https:\/\/anoticiaonline.com.br\/site\/transito-rotatoria-permitira-retorno-de-motoristas-para-a-praca-coronel-domiciano\/#mainImage","width":640,"height":427},"primaryImageOfPage":{"@id":"https:\/\/anoticiaonline.com.br\/site\/transito-rotatoria-permitira-retorno-de-motoristas-para-a-praca-coronel-domiciano\/#mainImage"},"datePublished":"2018-03-29T10:07:47-03:00","dateModified":"2018-03-29T10:56:14-03:00"},{"@type":"WebSite","@id":"https:\/\/anoticiaonline.com.br\/site\/#website","url":"https:\/\/anoticiaonline.com.br\/site\/","name":"A Not\u00edcia Online","description":"Noticias de Muria\u00e9 e regi\u00e3o","inLanguage":"pt-BR","publisher":{"@id":"https:\/\/anoticiaonline.com.br\/site\/#organization"}}]},"og:locale":"pt_BR","og:site_name":"A Not\u00edcia Online - Noticias de Muria\u00e9 e regi\u00e3o","og:type":"article","og:title":"Tr\u00e2nsito: rotat\u00f3ria permitir\u00e1 retorno de motoristas para a Pra\u00e7a Coronel Domiciano - A Not\u00edcia Online","og:description":"O Departamento de Tr\u00e2nsito de Muria\u00e9 (DEMUTTRAN) informou, na tarde de quarta-feira (28), que est\u00e1 fazendo uma mudan\u00e7a no tr\u00e2nsito na regi\u00e3o da Pracinha da Prefeitura, no Centro da cidade. De acordo como diretor geral do DEMUTTRAN, Ivanir Pimentel, uma rotat\u00f3ria permitir\u00e1 ao motorista que transitar pela regi\u00e3o da Faculdade Santa Marcelina, acesse a Pra\u00e7a","og:url":"https:\/\/anoticiaonline.com.br\/site\/transito-rotatoria-permitira-retorno-de-motoristas-para-a-praca-coronel-domiciano\/","og:image":"https:\/\/scontent-gig4-1.xx.fbcdn.net\/v\/t39.30808-1\/270437624_4564083193639691_6907940295614233970_n.jpg?stp=dst-jpg_s200x200_tt6&#038;_nc_cat=111&#038;ccb=1-7&#038;_nc_sid=f907e8&#038;_nc_ohc=SM1wRlP3lJwQ7kNvwEPuBYA&#038;_nc_oc=AdnqrjDN_BNjSSHWO-GbkIWH6fkGMLw4bqvL_NH6e2wMveX7G-rP2dAqsDSq1mJMOaY&#038;_nc_zt=24&#038;_nc_ht=scontent-gig4-1.xx&#038;_nc_gid=AoBFJeGrT1hVaew_6rchkQ&#038;oh=00_AfX7QmFGhQhG2jAllVgXCiM1ZrWgvtp80-Bfppyexh1QEg&#038;oe=689E923C","og:image:secure_url":"https:\/\/scontent-gig4-1.xx.fbcdn.net\/v\/t39.30808-1\/270437624_4564083193639691_6907940295614233970_n.jpg?stp=dst-jpg_s200x200_tt6&#038;_nc_cat=111&#038;ccb=1-7&#038;_nc_sid=f907e8&#038;_nc_ohc=SM1wRlP3lJwQ7kNvwEPuBYA&#038;_nc_oc=AdnqrjDN_BNjSSHWO-GbkIWH6fkGMLw4bqvL_NH6e2wMveX7G-rP2dAqsDSq1mJMOaY&#038;_nc_zt=24&#038;_nc_ht=scontent-gig4-1.xx&#038;_nc_gid=AoBFJeGrT1hVaew_6rchkQ&#038;oh=00_AfX7QmFGhQhG2jAllVgXCiM1ZrWgvtp80-Bfppyexh1QEg&#038;oe=689E923C","article:published_time":"2018-03-29T13:07:47+00:00","article:modified_time":"2018-03-29T13:56:14+00:00","twitter:card":"summary_large_image","twitter:title":"Tr\u00e2nsito: rotat\u00f3ria permitir\u00e1 retorno de motoristas para a Pra\u00e7a Coronel Domiciano - A Not\u00edcia Online","twitter:description":"O Departamento de Tr\u00e2nsito de Muria\u00e9 (DEMUTTRAN) informou, na tarde de quarta-feira (28), que est\u00e1 fazendo uma mudan\u00e7a no tr\u00e2nsito na regi\u00e3o da Pracinha da Prefeitura, no Centro da cidade. De acordo como diretor geral do DEMUTTRAN, Ivanir Pimentel, uma rotat\u00f3ria permitir\u00e1 ao motorista que transitar pela regi\u00e3o da Faculdade Santa Marcelina, acesse a Pra\u00e7a","twitter:image":"https:\/\/scontent-gig4-1.xx.fbcdn.net\/v\/t39.30808-1\/270437624_4564083193639691_6907940295614233970_n.jpg?stp=dst-jpg_s200x200_tt6&_nc_cat=111&ccb=1-7&_nc_sid=f907e8&_nc_ohc=SM1wRlP3lJwQ7kNvwEPuBYA&_nc_oc=AdnqrjDN_BNjSSHWO-GbkIWH6fkGMLw4bqvL_NH6e2wMveX7G-rP2dAqsDSq1mJMOaY&_nc_zt=24&_nc_ht=scontent-gig4-1.xx&_nc_gid=AoBFJeGrT1hVaew_6rchkQ&oh=00_AfX7QmFGhQhG2jAllVgXCiM1ZrWgvtp80-Bfppyexh1QEg&oe=689E923C"},"aioseo_meta_data":{"post_id":"52177","title":null,"description":null,"keywords":null,"keyphrases":null,"primary_term":null,"canonical_url":null,"og_title":null,"og_description":null,"og_object_type":"default","og_image_type":"default","og_image_url":null,"og_image_width":null,"og_image_height":null,"og_image_custom_url":null,"og_image_custom_fields":null,"og_video":null,"og_custom_url":null,"og_article_section":null,"og_article_tags":null,"twitter_use_og":false,"twitter_card":"default","twitter_image_type":"default","twitter_image_url":null,"twitter_image_custom_url":null,"twitter_image_custom_fields":null,"twitter_title":null,"twitter_description":null,"schema":{"blockGraphs":[],"customGraphs":[],"default":{"data":{"Article":[],"Course":[],"Dataset":[],"FAQPage":[],"Movie":[],"Person":[],"Product":[],"ProductReview":[],"Car":[],"Recipe":[],"Service":[],"SoftwareApplication":[],"WebPage":[]},"graphName":"","isEnabled":true},"graphs":[]},"schema_type":"default","schema_type_options":null,"pillar_content":false,"robots_default":true,"robots_noindex":false,"robots_noarchive":false,"robots_nosnippet":false,"robots_nofollow":false,"robots_noimageindex":false,"robots_noodp":false,"robots_notranslate":false,"robots_max_snippet":null,"robots_max_videopreview":null,"robots_max_imagepreview":"large","priority":null,"frequency":null,"local_seo":null,"breadcrumb_settings":null,"limit_modified_date":false,"ai":null,"created":"2025-08-16 20:35:23","updated":"2025-08-16 20:35:23","focus_keyword":null,"additional_keywords":null,"truseo_locale":null,"seo_analyzer_scan_date":null},"aioseo_breadcrumb":"<div class=\"aioseo-breadcrumbs\"><span class=\"aioseo-breadcrumb\">\n\t\t\t<a href=\"https:\/\/anoticiaonline.com.br\/site\" title=\"Home\">Home<\/a>\n\t\t<\/span><span class=\"aioseo-breadcrumb-separator\">&raquo;<\/span><span class=\"aioseo-breadcrumb\">\n\t\t\t<a href=\"https:\/\/anoticiaonline.com.br\/site\/categoria\/muriae\/\" title=\"Blog\">Blog<\/a>\n\t\t<\/span><span class=\"aioseo-breadcrumb-separator\">&raquo;<\/span><span class=\"aioseo-breadcrumb\">\n\t\t\t<a href=\"https:\/\/anoticiaonline.com.br\/site\/categoria\/muriae\/transito\/\" title=\"Tr\u00e2nsito\">Tr\u00e2nsito<\/a>\n\t\t<\/span><span class=\"aioseo-breadcrumb-separator\">&raquo;<\/span><span class=\"aioseo-breadcrumb\">\n\t\t\tTr\u00e2nsito: rotat\u00f3ria permitir\u00e1 retorno de motoristas para a Pra\u00e7a Coronel Domiciano\n\t\t<\/span><\/div>","aioseo_breadcrumb_json":[{"label":"Home","link":"https:\/\/anoticiaonline.com.br\/site"},{"label":"Blog","link":"https:\/\/anoticiaonline.com.br\/site\/categoria\/muriae\/"},{"label":"Tr\u00e2nsito","link":"https:\/\/anoticiaonline.com.br\/site\/categoria\/muriae\/transito\/"},{"label":"Tr\u00e2nsito: rotat\u00f3ria permitir\u00e1 retorno de motoristas para a Pra\u00e7a Coronel Domiciano","link":"https:\/\/anoticiaonline.com.br\/site\/transito-rotatoria-permitira-retorno-de-motoristas-para-a-praca-coronel-domiciano\/"}],"views":174,"_links":{"self":[{"href":"https:\/\/anoticiaonline.com.br\/site\/wp-json\/wp\/v2\/posts\/52177","targetHints":{"allow":["GET"]}}],"collection":[{"href":"https:\/\/anoticiaonline.com.br\/site\/wp-json\/wp\/v2\/posts"}],"about":[{"href":"https:\/\/anoticiaonline.com.br\/site\/wp-json\/wp\/v2\/types\/post"}],"author":[{"embeddable":true,"href":"https:\/\/anoticiaonline.com.br\/site\/wp-json\/wp\/v2\/users\/2"}],"replies":[{"embeddable":true,"href":"https:\/\/anoticiaonline.com.br\/site\/wp-json\/wp\/v2\/comments?post=52177"}],"version-history":[{"count":0,"href":"https:\/\/anoticiaonline.com.br\/site\/wp-json\/wp\/v2\/posts\/52177\/revisions"}],"wp:featuredmedia":[{"embeddable":true,"href":"https:\/\/anoticiaonline.com.br\/site\/wp-json\/wp\/v2\/media\/52178"}],"wp:attachment":[{"href":"https:\/\/anoticiaonline.com.br\/site\/wp-json\/wp\/v2\/media?parent=52177"}],"wp:term":[{"taxonomy":"category","embeddable":true,"href":"https:\/\/anoticiaonline.com.br\/site\/wp-json\/wp\/v2\/categories?post=52177"},{"taxonomy":"post_tag","embeddable":true,"href":"https:\/\/anoticiaonline.com.br\/site\/wp-json\/wp\/v2\/tags?post=52177"}],"curies":[{"name":"wp","href":"https:\/\/api.w.org\/{rel}","templated":true}]}}