{"id":52143,"date":"2018-03-23T12:33:47","date_gmt":"2018-03-23T15:33:47","guid":{"rendered":"http:\/\/anoticiaonline.com.br\/site\/?p=52143"},"modified":"2018-03-23T12:33:47","modified_gmt":"2018-03-23T15:33:47","slug":"sublime-moda-intima-e-inaugurada-no-centro","status":"publish","type":"post","link":"https:\/\/anoticiaonline.com.br\/site\/sublime-moda-intima-e-inaugurada-no-centro\/","title":{"rendered":"Sublime Moda \u00cdntima \u00e9 inaugurada no Centro"},"content":{"rendered":"<p><a href=\"https:\/\/anoticiaonline.com.br\/site\/wp-content\/uploads\/2018\/03\/DSC_0916.jpg\"><img fetchpriority=\"high\" decoding=\"async\" class=\"aligncenter size-full wp-image-52152\" src=\"https:\/\/anoticiaonline.com.br\/site\/wp-content\/uploads\/2018\/03\/DSC_0916.jpg\" alt=\"\" width=\"471\" height=\"640\" srcset=\"https:\/\/anoticiaonline.com.br\/site\/wp-content\/uploads\/2018\/03\/DSC_0916.jpg 471w, https:\/\/anoticiaonline.com.br\/site\/wp-content\/uploads\/2018\/03\/DSC_0916-221x300.jpg 221w\" sizes=\"(max-width: 471px) 100vw, 471px\" \/><\/a><a href=\"https:\/\/anoticiaonline.com.br\/site\/wp-content\/uploads\/2018\/03\/DSC_0953-1.jpg\"><img decoding=\"async\" class=\"aligncenter size-full wp-image-52155\" src=\"https:\/\/anoticiaonline.com.br\/site\/wp-content\/uploads\/2018\/03\/DSC_0953-1.jpg\" alt=\"\" width=\"640\" height=\"427\" srcset=\"https:\/\/anoticiaonline.com.br\/site\/wp-content\/uploads\/2018\/03\/DSC_0953-1.jpg 640w, https:\/\/anoticiaonline.com.br\/site\/wp-content\/uploads\/2018\/03\/DSC_0953-1-300x200.jpg 300w\" sizes=\"(max-width: 640px) 100vw, 640px\" \/><\/a><a href=\"https:\/\/anoticiaonline.com.br\/site\/wp-content\/uploads\/2018\/03\/DSC_0969.jpg\"><img decoding=\"async\" class=\"aligncenter size-full wp-image-52158\" src=\"https:\/\/anoticiaonline.com.br\/site\/wp-content\/uploads\/2018\/03\/DSC_0969.jpg\" alt=\"\" width=\"640\" height=\"427\" srcset=\"https:\/\/anoticiaonline.com.br\/site\/wp-content\/uploads\/2018\/03\/DSC_0969.jpg 640w, https:\/\/anoticiaonline.com.br\/site\/wp-content\/uploads\/2018\/03\/DSC_0969-300x200.jpg 300w\" sizes=\"(max-width: 640px) 100vw, 640px\" \/><\/a><a href=\"https:\/\/anoticiaonline.com.br\/site\/wp-content\/uploads\/2018\/03\/DSC_0912.jpg\"><img loading=\"lazy\" decoding=\"async\" class=\"aligncenter size-full wp-image-52151\" src=\"https:\/\/anoticiaonline.com.br\/site\/wp-content\/uploads\/2018\/03\/DSC_0912.jpg\" alt=\"\" width=\"640\" height=\"427\" srcset=\"https:\/\/anoticiaonline.com.br\/site\/wp-content\/uploads\/2018\/03\/DSC_0912.jpg 640w, https:\/\/anoticiaonline.com.br\/site\/wp-content\/uploads\/2018\/03\/DSC_0912-300x200.jpg 300w\" sizes=\"(max-width: 640px) 100vw, 640px\" \/><\/a>Beleza, conforto e qualidade s\u00e3o as principais caracter\u00edsticas encontradas nos produtos da Sublime Moda \u00cdntima, loja rec\u00e9m-inaugurada no s\u00e1bado (10), localizada na Rua Doutor Alves Pequeno, n\u00famero 167, no Centro.<\/p>\n<p>Durante a inaugura\u00e7\u00e3o, a propriet\u00e1ria, Jana\u00edna da Silva Cardoso e Jos\u00e9 Cl\u00f3vis de Oliveira Filho, agradeceu aos clientes e amigos que prestigiaram o momento.<\/p>\n<p>\u201cEspero que tenhamos bastante sucesso, pois nossos produtos s\u00e3o confort\u00e1veis e de qualidade. N\u00f3s trabalhamos com lingerie feminina a partir de R$5, al\u00e9m de produtos cortados a lazer a partir de R$12, conjuntos a partir de R$19,90 e suti\u00e3s de al\u00e7as largas e costas refor\u00e7adas por R$29,90. N\u00f3s da Sublime Moda \u00cdntima aguardamos a visita de todos\u201d, conta, Jana\u00edna.<\/p>\n<p>Al\u00e9m dos pre\u00e7os imbat\u00edveis, a Sublime Moda \u00cdntima est\u00e1 com uma promo\u00e7\u00e3o especial. Basta seguir o Instagram da loja: @sublime_moda_intima, curtir a foto oficial da promo\u00e7\u00e3o, marcar duas pessoas nos coment\u00e1rios e concorrer a uma deliciosa cesta de P\u00e1scoa que ser\u00e1 sorteada no dia 31 de mar\u00e7o.<\/p>\n<p>A Sublime Moda \u00cdntima funciona de segunda a sexta-feira, das 9h \u00e0s 18h, e aos s\u00e1bados, das 9h at\u00e9 14h. Telefone e whatsapp para contato: 32 9 99518249.<a href=\"https:\/\/anoticiaonline.com.br\/site\/wp-content\/uploads\/2018\/03\/DSC_0901-1.jpg\"><img loading=\"lazy\" decoding=\"async\" class=\"aligncenter size-full wp-image-52149\" src=\"https:\/\/anoticiaonline.com.br\/site\/wp-content\/uploads\/2018\/03\/DSC_0901-1.jpg\" alt=\"\" width=\"640\" height=\"427\" srcset=\"https:\/\/anoticiaonline.com.br\/site\/wp-content\/uploads\/2018\/03\/DSC_0901-1.jpg 640w, https:\/\/anoticiaonline.com.br\/site\/wp-content\/uploads\/2018\/03\/DSC_0901-1-300x200.jpg 300w\" sizes=\"(max-width: 640px) 100vw, 640px\" \/><\/a><a href=\"https:\/\/anoticiaonline.com.br\/site\/wp-content\/uploads\/2018\/03\/DSC_0902.jpg\"><img loading=\"lazy\" decoding=\"async\" class=\"aligncenter size-full wp-image-52150\" src=\"https:\/\/anoticiaonline.com.br\/site\/wp-content\/uploads\/2018\/03\/DSC_0902.jpg\" alt=\"\" width=\"427\" height=\"640\" srcset=\"https:\/\/anoticiaonline.com.br\/site\/wp-content\/uploads\/2018\/03\/DSC_0902.jpg 427w, https:\/\/anoticiaonline.com.br\/site\/wp-content\/uploads\/2018\/03\/DSC_0902-200x300.jpg 200w\" sizes=\"(max-width: 427px) 100vw, 427px\" \/><\/a><\/p>\n<p><a href=\"https:\/\/anoticiaonline.com.br\/site\/wp-content\/uploads\/2018\/03\/DSC_0898.jpg\"><img loading=\"lazy\" decoding=\"async\" class=\"aligncenter size-full wp-image-52148\" src=\"https:\/\/anoticiaonline.com.br\/site\/wp-content\/uploads\/2018\/03\/DSC_0898.jpg\" alt=\"\" width=\"640\" height=\"427\" srcset=\"https:\/\/anoticiaonline.com.br\/site\/wp-content\/uploads\/2018\/03\/DSC_0898.jpg 640w, https:\/\/anoticiaonline.com.br\/site\/wp-content\/uploads\/2018\/03\/DSC_0898-300x200.jpg 300w\" sizes=\"(max-width: 640px) 100vw, 640px\" \/><\/a><\/p>\n<p><a href=\"https:\/\/anoticiaonline.com.br\/site\/wp-content\/uploads\/2018\/03\/DSC_0955.jpg\"><img loading=\"lazy\" decoding=\"async\" class=\"aligncenter size-full wp-image-52156\" src=\"https:\/\/anoticiaonline.com.br\/site\/wp-content\/uploads\/2018\/03\/DSC_0955.jpg\" alt=\"\" width=\"427\" height=\"640\" srcset=\"https:\/\/anoticiaonline.com.br\/site\/wp-content\/uploads\/2018\/03\/DSC_0955.jpg 427w, https:\/\/anoticiaonline.com.br\/site\/wp-content\/uploads\/2018\/03\/DSC_0955-200x300.jpg 200w\" sizes=\"(max-width: 427px) 100vw, 427px\" \/><\/a><a href=\"https:\/\/anoticiaonline.com.br\/site\/wp-content\/uploads\/2018\/03\/DSC_0960.jpg\"><img loading=\"lazy\" decoding=\"async\" class=\"aligncenter size-full wp-image-52157\" src=\"https:\/\/anoticiaonline.com.br\/site\/wp-content\/uploads\/2018\/03\/DSC_0960.jpg\" alt=\"\" width=\"427\" height=\"640\" srcset=\"https:\/\/anoticiaonline.com.br\/site\/wp-content\/uploads\/2018\/03\/DSC_0960.jpg 427w, https:\/\/anoticiaonline.com.br\/site\/wp-content\/uploads\/2018\/03\/DSC_0960-200x300.jpg 200w\" sizes=\"(max-width: 427px) 100vw, 427px\" \/><\/a><a href=\"https:\/\/anoticiaonline.com.br\/site\/wp-content\/uploads\/2018\/03\/DSC_0941.jpg\"><img loading=\"lazy\" decoding=\"async\" class=\"aligncenter size-full wp-image-52154\" src=\"https:\/\/anoticiaonline.com.br\/site\/wp-content\/uploads\/2018\/03\/DSC_0941.jpg\" alt=\"\" width=\"426\" height=\"640\" srcset=\"https:\/\/anoticiaonline.com.br\/site\/wp-content\/uploads\/2018\/03\/DSC_0941.jpg 426w, https:\/\/anoticiaonline.com.br\/site\/wp-content\/uploads\/2018\/03\/DSC_0941-200x300.jpg 200w\" sizes=\"(max-width: 426px) 100vw, 426px\" \/><\/a><a href=\"https:\/\/anoticiaonline.com.br\/site\/wp-content\/uploads\/2018\/03\/DSC_0923.jpg\"><img loading=\"lazy\" decoding=\"async\" class=\"aligncenter size-full wp-image-52153\" src=\"https:\/\/anoticiaonline.com.br\/site\/wp-content\/uploads\/2018\/03\/DSC_0923.jpg\" alt=\"\" width=\"640\" height=\"427\" srcset=\"https:\/\/anoticiaonline.com.br\/site\/wp-content\/uploads\/2018\/03\/DSC_0923.jpg 640w, https:\/\/anoticiaonline.com.br\/site\/wp-content\/uploads\/2018\/03\/DSC_0923-300x200.jpg 300w\" sizes=\"(max-width: 640px) 100vw, 640px\" \/><\/a><\/p>\n","protected":false},"excerpt":{"rendered":"<p>Beleza, conforto e qualidade s\u00e3o as principais caracter\u00edsticas encontradas nos produtos da Sublime Moda \u00cdntima, loja rec\u00e9m-inaugurada no s\u00e1bado (10), localizada na Rua Doutor Alves Pequeno, n\u00famero 167, no Centro. Durante a inaugura\u00e7\u00e3o, a propriet\u00e1ria, Jana\u00edna da Silva Cardoso e Jos\u00e9 Cl\u00f3vis de Oliveira Filho, agradeceu aos clientes e amigos que prestigiaram o momento. \u201cEspero &#8230; <a title=\"Sublime Moda \u00cdntima \u00e9 inaugurada no Centro\" class=\"read-more\" href=\"https:\/\/anoticiaonline.com.br\/site\/sublime-moda-intima-e-inaugurada-no-centro\/\" aria-label=\"Read more about Sublime Moda \u00cdntima \u00e9 inaugurada no Centro\">Ler mais<\/a><\/p>\n","protected":false},"author":2,"featured_media":52155,"comment_status":"open","ping_status":"open","sticky":false,"template":"","format":"standard","meta":{"_acf_changed":false,"_monsterinsights_skip_tracking":false,"footnotes":""},"categories":[1],"tags":[582,20,74,2250],"class_list":["post-52143","post","type-post","status-publish","format-standard","has-post-thumbnail","hentry","category-gerais","tag-centro","tag-inauguracao","tag-muriae","tag-sublime-moda-intima"],"acf":[],"aioseo_notices":[],"aioseo_head":"\n\t\t<!-- All in One SEO 5.0.0.1 - aioseo.com -->\n\t<meta name=\"description\" content=\"Beleza, conforto e qualidade s\u00e3o as principais caracter\u00edsticas encontradas nos produtos da Sublime Moda \u00cdntima, loja rec\u00e9m-inaugurada no s\u00e1bado (10), localizada na Rua Doutor Alves Pequeno, n\u00famero 167, no Centro. Durante a inaugura\u00e7\u00e3o, a propriet\u00e1ria, Jana\u00edna da Silva Cardoso e Jos\u00e9 Cl\u00f3vis de Oliveira Filho, agradeceu aos clientes e amigos que prestigiaram o momento. \u201cEspero\" \/>\n\t<meta name=\"robots\" content=\"max-image-preview:large\" \/>\n\t<meta name=\"author\" content=\"Juliana Laviola\"\/>\n\t<link rel=\"canonical\" href=\"https:\/\/anoticiaonline.com.br\/site\/sublime-moda-intima-e-inaugurada-no-centro\/\" \/>\n\t<meta name=\"generator\" content=\"All in One SEO (AIOSEO) 5.0.0.1\" \/>\n\t\t<meta property=\"og:locale\" content=\"pt_BR\" \/>\n\t\t<meta property=\"og:site_name\" content=\"A Not\u00edcia Online - Noticias de Muria\u00e9 e regi\u00e3o\" \/>\n\t\t<meta property=\"og:type\" content=\"article\" \/>\n\t\t<meta property=\"og:title\" content=\"Sublime Moda \u00cdntima \u00e9 inaugurada no Centro - A Not\u00edcia Online\" \/>\n\t\t<meta property=\"og:description\" content=\"Beleza, conforto e qualidade s\u00e3o as principais caracter\u00edsticas encontradas nos produtos da Sublime Moda \u00cdntima, loja rec\u00e9m-inaugurada no s\u00e1bado (10), localizada na Rua Doutor Alves Pequeno, n\u00famero 167, no Centro. Durante a inaugura\u00e7\u00e3o, a propriet\u00e1ria, Jana\u00edna da Silva Cardoso e Jos\u00e9 Cl\u00f3vis de Oliveira Filho, agradeceu aos clientes e amigos que prestigiaram o momento. \u201cEspero\" \/>\n\t\t<meta property=\"og:url\" content=\"https:\/\/anoticiaonline.com.br\/site\/sublime-moda-intima-e-inaugurada-no-centro\/\" \/>\n\t\t<meta property=\"og:image\" content=\"https:\/\/scontent-gig4-1.xx.fbcdn.net\/v\/t39.30808-1\/270437624_4564083193639691_6907940295614233970_n.jpg?stp=dst-jpg_s200x200_tt6&#038;_nc_cat=111&#038;ccb=1-7&#038;_nc_sid=f907e8&#038;_nc_ohc=SM1wRlP3lJwQ7kNvwEPuBYA&#038;_nc_oc=AdnqrjDN_BNjSSHWO-GbkIWH6fkGMLw4bqvL_NH6e2wMveX7G-rP2dAqsDSq1mJMOaY&#038;_nc_zt=24&#038;_nc_ht=scontent-gig4-1.xx&#038;_nc_gid=AoBFJeGrT1hVaew_6rchkQ&#038;oh=00_AfX7QmFGhQhG2jAllVgXCiM1ZrWgvtp80-Bfppyexh1QEg&#038;oe=689E923C\" \/>\n\t\t<meta property=\"og:image:secure_url\" content=\"https:\/\/scontent-gig4-1.xx.fbcdn.net\/v\/t39.30808-1\/270437624_4564083193639691_6907940295614233970_n.jpg?stp=dst-jpg_s200x200_tt6&#038;_nc_cat=111&#038;ccb=1-7&#038;_nc_sid=f907e8&#038;_nc_ohc=SM1wRlP3lJwQ7kNvwEPuBYA&#038;_nc_oc=AdnqrjDN_BNjSSHWO-GbkIWH6fkGMLw4bqvL_NH6e2wMveX7G-rP2dAqsDSq1mJMOaY&#038;_nc_zt=24&#038;_nc_ht=scontent-gig4-1.xx&#038;_nc_gid=AoBFJeGrT1hVaew_6rchkQ&#038;oh=00_AfX7QmFGhQhG2jAllVgXCiM1ZrWgvtp80-Bfppyexh1QEg&#038;oe=689E923C\" \/>\n\t\t<meta property=\"article:published_time\" content=\"2018-03-23T15:33:47+00:00\" \/>\n\t\t<meta property=\"article:modified_time\" content=\"2018-03-23T15:33:47+00:00\" \/>\n\t\t<meta name=\"twitter:card\" content=\"summary_large_image\" \/>\n\t\t<meta name=\"twitter:title\" content=\"Sublime Moda \u00cdntima \u00e9 inaugurada no Centro - A Not\u00edcia Online\" \/>\n\t\t<meta name=\"twitter:description\" content=\"Beleza, conforto e qualidade s\u00e3o as principais caracter\u00edsticas encontradas nos produtos da Sublime Moda \u00cdntima, loja rec\u00e9m-inaugurada no s\u00e1bado (10), localizada na Rua Doutor Alves Pequeno, n\u00famero 167, no Centro. Durante a inaugura\u00e7\u00e3o, a propriet\u00e1ria, Jana\u00edna da Silva Cardoso e Jos\u00e9 Cl\u00f3vis de Oliveira Filho, agradeceu aos clientes e amigos que prestigiaram o momento. \u201cEspero\" \/>\n\t\t<meta name=\"twitter:image\" content=\"https:\/\/scontent-gig4-1.xx.fbcdn.net\/v\/t39.30808-1\/270437624_4564083193639691_6907940295614233970_n.jpg?stp=dst-jpg_s200x200_tt6&amp;_nc_cat=111&amp;ccb=1-7&amp;_nc_sid=f907e8&amp;_nc_ohc=SM1wRlP3lJwQ7kNvwEPuBYA&amp;_nc_oc=AdnqrjDN_BNjSSHWO-GbkIWH6fkGMLw4bqvL_NH6e2wMveX7G-rP2dAqsDSq1mJMOaY&amp;_nc_zt=24&amp;_nc_ht=scontent-gig4-1.xx&amp;_nc_gid=AoBFJeGrT1hVaew_6rchkQ&amp;oh=00_AfX7QmFGhQhG2jAllVgXCiM1ZrWgvtp80-Bfppyexh1QEg&amp;oe=689E923C\" \/>\n\t\t<script type=\"application\/ld+json\" class=\"aioseo-schema\">\n\t\t\t{\"@context\":\"https:\\\/\\\/schema.org\",\"@graph\":[{\"@type\":\"BlogPosting\",\"@id\":\"https:\\\/\\\/anoticiaonline.com.br\\\/site\\\/sublime-moda-intima-e-inaugurada-no-centro\\\/#blogposting\",\"name\":\"Sublime Moda \\u00cdntima \\u00e9 inaugurada no Centro - A Not\\u00edcia Online\",\"headline\":\"Sublime Moda \\u00cdntima \\u00e9 inaugurada no Centro\",\"author\":{\"@id\":\"https:\\\/\\\/anoticiaonline.com.br\\\/site\\\/author\\\/juliana\\\/#author\"},\"publisher\":{\"@id\":\"https:\\\/\\\/anoticiaonline.com.br\\\/site\\\/#organization\"},\"image\":{\"@type\":\"ImageObject\",\"url\":\"https:\\\/\\\/anoticiaonline.com.br\\\/site\\\/wp-content\\\/uploads\\\/2018\\\/03\\\/DSC_0953-1.jpg\",\"width\":640,\"height\":427},\"datePublished\":\"2018-03-23T12:33:47-03:00\",\"dateModified\":\"2018-03-23T12:33:47-03:00\",\"inLanguage\":\"pt-BR\",\"mainEntityOfPage\":{\"@id\":\"https:\\\/\\\/anoticiaonline.com.br\\\/site\\\/sublime-moda-intima-e-inaugurada-no-centro\\\/#webpage\"},\"isPartOf\":{\"@id\":\"https:\\\/\\\/anoticiaonline.com.br\\\/site\\\/sublime-moda-intima-e-inaugurada-no-centro\\\/#webpage\"},\"articleSection\":\"Gerais, Centro, inauguracao, Muria\\u00e9, Sublime Moda \\u00cdntima\"},{\"@type\":\"BreadcrumbList\",\"@id\":\"https:\\\/\\\/anoticiaonline.com.br\\\/site\\\/sublime-moda-intima-e-inaugurada-no-centro\\\/#breadcrumblist\",\"itemListElement\":[{\"@type\":\"ListItem\",\"@id\":\"https:\\\/\\\/anoticiaonline.com.br\\\/site#listItem\",\"position\":1,\"name\":\"Home\",\"item\":\"https:\\\/\\\/anoticiaonline.com.br\\\/site\",\"nextItem\":{\"@type\":\"ListItem\",\"@id\":\"https:\\\/\\\/anoticiaonline.com.br\\\/site\\\/categoria\\\/gerais\\\/#listItem\",\"name\":\"Gerais\"}},{\"@type\":\"ListItem\",\"@id\":\"https:\\\/\\\/anoticiaonline.com.br\\\/site\\\/categoria\\\/gerais\\\/#listItem\",\"position\":2,\"name\":\"Gerais\",\"item\":\"https:\\\/\\\/anoticiaonline.com.br\\\/site\\\/categoria\\\/gerais\\\/\",\"nextItem\":{\"@type\":\"ListItem\",\"@id\":\"https:\\\/\\\/anoticiaonline.com.br\\\/site\\\/sublime-moda-intima-e-inaugurada-no-centro\\\/#listItem\",\"name\":\"Sublime Moda \\u00cdntima \\u00e9 inaugurada no Centro\"},\"previousItem\":{\"@type\":\"ListItem\",\"@id\":\"https:\\\/\\\/anoticiaonline.com.br\\\/site#listItem\",\"name\":\"Home\"}},{\"@type\":\"ListItem\",\"@id\":\"https:\\\/\\\/anoticiaonline.com.br\\\/site\\\/sublime-moda-intima-e-inaugurada-no-centro\\\/#listItem\",\"position\":3,\"name\":\"Sublime Moda \\u00cdntima \\u00e9 inaugurada no Centro\",\"previousItem\":{\"@type\":\"ListItem\",\"@id\":\"https:\\\/\\\/anoticiaonline.com.br\\\/site\\\/categoria\\\/gerais\\\/#listItem\",\"name\":\"Gerais\"}}]},{\"@type\":\"Organization\",\"@id\":\"https:\\\/\\\/anoticiaonline.com.br\\\/site\\\/#organization\",\"name\":\"A Not\\u00edcia Online\",\"description\":\"Noticias de Muria\\u00e9 e regi\\u00e3o\",\"url\":\"https:\\\/\\\/anoticiaonline.com.br\\\/site\\\/\",\"logo\":{\"@type\":\"ImageObject\",\"url\":\"https:\\\/\\\/scontent-gig4-1.xx.fbcdn.net\\\/v\\\/t39.30808-1\\\/270437624_4564083193639691_6907940295614233970_n.jpg?stp=dst-jpg_s200x200_tt6&_nc_cat=111&ccb=1-7&_nc_sid=f907e8&_nc_ohc=SM1wRlP3lJwQ7kNvwEPuBYA&_nc_oc=AdnqrjDN_BNjSSHWO-GbkIWH6fkGMLw4bqvL_NH6e2wMveX7G-rP2dAqsDSq1mJMOaY&_nc_zt=24&_nc_ht=scontent-gig4-1.xx&_nc_gid=AoBFJeGrT1hVaew_6rchkQ&oh=00_AfX7QmFGhQhG2jAllVgXCiM1ZrWgvtp80-Bfppyexh1QEg&oe=689E923C\",\"@id\":\"https:\\\/\\\/anoticiaonline.com.br\\\/site\\\/sublime-moda-intima-e-inaugurada-no-centro\\\/#organizationLogo\"},\"image\":{\"@id\":\"https:\\\/\\\/anoticiaonline.com.br\\\/site\\\/sublime-moda-intima-e-inaugurada-no-centro\\\/#organizationLogo\"}},{\"@type\":\"Person\",\"@id\":\"https:\\\/\\\/anoticiaonline.com.br\\\/site\\\/author\\\/juliana\\\/#author\",\"url\":\"https:\\\/\\\/anoticiaonline.com.br\\\/site\\\/author\\\/juliana\\\/\",\"name\":\"Juliana Laviola\",\"image\":{\"@type\":\"ImageObject\",\"@id\":\"https:\\\/\\\/anoticiaonline.com.br\\\/site\\\/sublime-moda-intima-e-inaugurada-no-centro\\\/#authorImage\",\"url\":\"https:\\\/\\\/secure.gravatar.com\\\/avatar\\\/b8d45f5c699b100dfaf0e543582f38f38bf94cb7ae3a5e9abf8d891a34773335?s=96&d=mm&r=g\",\"width\":96,\"height\":96,\"caption\":\"Juliana Laviola\"}},{\"@type\":\"WebPage\",\"@id\":\"https:\\\/\\\/anoticiaonline.com.br\\\/site\\\/sublime-moda-intima-e-inaugurada-no-centro\\\/#webpage\",\"url\":\"https:\\\/\\\/anoticiaonline.com.br\\\/site\\\/sublime-moda-intima-e-inaugurada-no-centro\\\/\",\"name\":\"Sublime Moda \\u00cdntima \\u00e9 inaugurada no Centro - A Not\\u00edcia Online\",\"description\":\"Beleza, conforto e qualidade s\\u00e3o as principais caracter\\u00edsticas encontradas nos produtos da Sublime Moda \\u00cdntima, loja rec\\u00e9m-inaugurada no s\\u00e1bado (10), localizada na Rua Doutor Alves Pequeno, n\\u00famero 167, no Centro. Durante a inaugura\\u00e7\\u00e3o, a propriet\\u00e1ria, Jana\\u00edna da Silva Cardoso e Jos\\u00e9 Cl\\u00f3vis de Oliveira Filho, agradeceu aos clientes e amigos que prestigiaram o momento. \\u201cEspero\",\"inLanguage\":\"pt-BR\",\"isPartOf\":{\"@id\":\"https:\\\/\\\/anoticiaonline.com.br\\\/site\\\/#website\"},\"breadcrumb\":{\"@id\":\"https:\\\/\\\/anoticiaonline.com.br\\\/site\\\/sublime-moda-intima-e-inaugurada-no-centro\\\/#breadcrumblist\"},\"author\":{\"@id\":\"https:\\\/\\\/anoticiaonline.com.br\\\/site\\\/author\\\/juliana\\\/#author\"},\"creator\":{\"@id\":\"https:\\\/\\\/anoticiaonline.com.br\\\/site\\\/author\\\/juliana\\\/#author\"},\"image\":{\"@type\":\"ImageObject\",\"url\":\"https:\\\/\\\/anoticiaonline.com.br\\\/site\\\/wp-content\\\/uploads\\\/2018\\\/03\\\/DSC_0953-1.jpg\",\"@id\":\"https:\\\/\\\/anoticiaonline.com.br\\\/site\\\/sublime-moda-intima-e-inaugurada-no-centro\\\/#mainImage\",\"width\":640,\"height\":427},\"primaryImageOfPage\":{\"@id\":\"https:\\\/\\\/anoticiaonline.com.br\\\/site\\\/sublime-moda-intima-e-inaugurada-no-centro\\\/#mainImage\"},\"datePublished\":\"2018-03-23T12:33:47-03:00\",\"dateModified\":\"2018-03-23T12:33:47-03:00\"},{\"@type\":\"WebSite\",\"@id\":\"https:\\\/\\\/anoticiaonline.com.br\\\/site\\\/#website\",\"url\":\"https:\\\/\\\/anoticiaonline.com.br\\\/site\\\/\",\"name\":\"A Not\\u00edcia Online\",\"description\":\"Noticias de Muria\\u00e9 e regi\\u00e3o\",\"inLanguage\":\"pt-BR\",\"publisher\":{\"@id\":\"https:\\\/\\\/anoticiaonline.com.br\\\/site\\\/#organization\"}}]}\n\t\t<\/script>\n\t\t<!-- All in One SEO -->\n\n","aioseo_head_json":{"title":"Sublime Moda \u00cdntima \u00e9 inaugurada no Centro - A Not\u00edcia Online","description":"Beleza, conforto e qualidade s\u00e3o as principais caracter\u00edsticas encontradas nos produtos da Sublime Moda \u00cdntima, loja rec\u00e9m-inaugurada no s\u00e1bado (10), localizada na Rua Doutor Alves Pequeno, n\u00famero 167, no Centro. Durante a inaugura\u00e7\u00e3o, a propriet\u00e1ria, Jana\u00edna da Silva Cardoso e Jos\u00e9 Cl\u00f3vis de Oliveira Filho, agradeceu aos clientes e amigos que prestigiaram o momento. \u201cEspero","canonical_url":"https:\/\/anoticiaonline.com.br\/site\/sublime-moda-intima-e-inaugurada-no-centro\/","robots":"max-image-preview:large","keywords":"","webmasterTools":{"miscellaneous":""},"schema":{"@context":"https:\/\/schema.org","@graph":[{"@type":"BlogPosting","@id":"https:\/\/anoticiaonline.com.br\/site\/sublime-moda-intima-e-inaugurada-no-centro\/#blogposting","name":"Sublime Moda \u00cdntima \u00e9 inaugurada no Centro - A Not\u00edcia Online","headline":"Sublime Moda \u00cdntima \u00e9 inaugurada no Centro","author":{"@id":"https:\/\/anoticiaonline.com.br\/site\/author\/juliana\/#author"},"publisher":{"@id":"https:\/\/anoticiaonline.com.br\/site\/#organization"},"image":{"@type":"ImageObject","url":"https:\/\/anoticiaonline.com.br\/site\/wp-content\/uploads\/2018\/03\/DSC_0953-1.jpg","width":640,"height":427},"datePublished":"2018-03-23T12:33:47-03:00","dateModified":"2018-03-23T12:33:47-03:00","inLanguage":"pt-BR","mainEntityOfPage":{"@id":"https:\/\/anoticiaonline.com.br\/site\/sublime-moda-intima-e-inaugurada-no-centro\/#webpage"},"isPartOf":{"@id":"https:\/\/anoticiaonline.com.br\/site\/sublime-moda-intima-e-inaugurada-no-centro\/#webpage"},"articleSection":"Gerais, Centro, inauguracao, Muria\u00e9, Sublime Moda \u00cdntima"},{"@type":"BreadcrumbList","@id":"https:\/\/anoticiaonline.com.br\/site\/sublime-moda-intima-e-inaugurada-no-centro\/#breadcrumblist","itemListElement":[{"@type":"ListItem","@id":"https:\/\/anoticiaonline.com.br\/site#listItem","position":1,"name":"Home","item":"https:\/\/anoticiaonline.com.br\/site","nextItem":{"@type":"ListItem","@id":"https:\/\/anoticiaonline.com.br\/site\/categoria\/gerais\/#listItem","name":"Gerais"}},{"@type":"ListItem","@id":"https:\/\/anoticiaonline.com.br\/site\/categoria\/gerais\/#listItem","position":2,"name":"Gerais","item":"https:\/\/anoticiaonline.com.br\/site\/categoria\/gerais\/","nextItem":{"@type":"ListItem","@id":"https:\/\/anoticiaonline.com.br\/site\/sublime-moda-intima-e-inaugurada-no-centro\/#listItem","name":"Sublime Moda \u00cdntima \u00e9 inaugurada no Centro"},"previousItem":{"@type":"ListItem","@id":"https:\/\/anoticiaonline.com.br\/site#listItem","name":"Home"}},{"@type":"ListItem","@id":"https:\/\/anoticiaonline.com.br\/site\/sublime-moda-intima-e-inaugurada-no-centro\/#listItem","position":3,"name":"Sublime Moda \u00cdntima \u00e9 inaugurada no Centro","previousItem":{"@type":"ListItem","@id":"https:\/\/anoticiaonline.com.br\/site\/categoria\/gerais\/#listItem","name":"Gerais"}}]},{"@type":"Organization","@id":"https:\/\/anoticiaonline.com.br\/site\/#organization","name":"A Not\u00edcia Online","description":"Noticias de Muria\u00e9 e regi\u00e3o","url":"https:\/\/anoticiaonline.com.br\/site\/","logo":{"@type":"ImageObject","url":"https:\/\/scontent-gig4-1.xx.fbcdn.net\/v\/t39.30808-1\/270437624_4564083193639691_6907940295614233970_n.jpg?stp=dst-jpg_s200x200_tt6&_nc_cat=111&ccb=1-7&_nc_sid=f907e8&_nc_ohc=SM1wRlP3lJwQ7kNvwEPuBYA&_nc_oc=AdnqrjDN_BNjSSHWO-GbkIWH6fkGMLw4bqvL_NH6e2wMveX7G-rP2dAqsDSq1mJMOaY&_nc_zt=24&_nc_ht=scontent-gig4-1.xx&_nc_gid=AoBFJeGrT1hVaew_6rchkQ&oh=00_AfX7QmFGhQhG2jAllVgXCiM1ZrWgvtp80-Bfppyexh1QEg&oe=689E923C","@id":"https:\/\/anoticiaonline.com.br\/site\/sublime-moda-intima-e-inaugurada-no-centro\/#organizationLogo"},"image":{"@id":"https:\/\/anoticiaonline.com.br\/site\/sublime-moda-intima-e-inaugurada-no-centro\/#organizationLogo"}},{"@type":"Person","@id":"https:\/\/anoticiaonline.com.br\/site\/author\/juliana\/#author","url":"https:\/\/anoticiaonline.com.br\/site\/author\/juliana\/","name":"Juliana Laviola","image":{"@type":"ImageObject","@id":"https:\/\/anoticiaonline.com.br\/site\/sublime-moda-intima-e-inaugurada-no-centro\/#authorImage","url":"https:\/\/secure.gravatar.com\/avatar\/b8d45f5c699b100dfaf0e543582f38f38bf94cb7ae3a5e9abf8d891a34773335?s=96&d=mm&r=g","width":96,"height":96,"caption":"Juliana Laviola"}},{"@type":"WebPage","@id":"https:\/\/anoticiaonline.com.br\/site\/sublime-moda-intima-e-inaugurada-no-centro\/#webpage","url":"https:\/\/anoticiaonline.com.br\/site\/sublime-moda-intima-e-inaugurada-no-centro\/","name":"Sublime Moda \u00cdntima \u00e9 inaugurada no Centro - A Not\u00edcia Online","description":"Beleza, conforto e qualidade s\u00e3o as principais caracter\u00edsticas encontradas nos produtos da Sublime Moda \u00cdntima, loja rec\u00e9m-inaugurada no s\u00e1bado (10), localizada na Rua Doutor Alves Pequeno, n\u00famero 167, no Centro. Durante a inaugura\u00e7\u00e3o, a propriet\u00e1ria, Jana\u00edna da Silva Cardoso e Jos\u00e9 Cl\u00f3vis de Oliveira Filho, agradeceu aos clientes e amigos que prestigiaram o momento. \u201cEspero","inLanguage":"pt-BR","isPartOf":{"@id":"https:\/\/anoticiaonline.com.br\/site\/#website"},"breadcrumb":{"@id":"https:\/\/anoticiaonline.com.br\/site\/sublime-moda-intima-e-inaugurada-no-centro\/#breadcrumblist"},"author":{"@id":"https:\/\/anoticiaonline.com.br\/site\/author\/juliana\/#author"},"creator":{"@id":"https:\/\/anoticiaonline.com.br\/site\/author\/juliana\/#author"},"image":{"@type":"ImageObject","url":"https:\/\/anoticiaonline.com.br\/site\/wp-content\/uploads\/2018\/03\/DSC_0953-1.jpg","@id":"https:\/\/anoticiaonline.com.br\/site\/sublime-moda-intima-e-inaugurada-no-centro\/#mainImage","width":640,"height":427},"primaryImageOfPage":{"@id":"https:\/\/anoticiaonline.com.br\/site\/sublime-moda-intima-e-inaugurada-no-centro\/#mainImage"},"datePublished":"2018-03-23T12:33:47-03:00","dateModified":"2018-03-23T12:33:47-03:00"},{"@type":"WebSite","@id":"https:\/\/anoticiaonline.com.br\/site\/#website","url":"https:\/\/anoticiaonline.com.br\/site\/","name":"A Not\u00edcia Online","description":"Noticias de Muria\u00e9 e regi\u00e3o","inLanguage":"pt-BR","publisher":{"@id":"https:\/\/anoticiaonline.com.br\/site\/#organization"}}]},"og:locale":"pt_BR","og:site_name":"A Not\u00edcia Online - Noticias de Muria\u00e9 e regi\u00e3o","og:type":"article","og:title":"Sublime Moda \u00cdntima \u00e9 inaugurada no Centro - A Not\u00edcia Online","og:description":"Beleza, conforto e qualidade s\u00e3o as principais caracter\u00edsticas encontradas nos produtos da Sublime Moda \u00cdntima, loja rec\u00e9m-inaugurada no s\u00e1bado (10), localizada na Rua Doutor Alves Pequeno, n\u00famero 167, no Centro. Durante a inaugura\u00e7\u00e3o, a propriet\u00e1ria, Jana\u00edna da Silva Cardoso e Jos\u00e9 Cl\u00f3vis de Oliveira Filho, agradeceu aos clientes e amigos que prestigiaram o momento. \u201cEspero","og:url":"https:\/\/anoticiaonline.com.br\/site\/sublime-moda-intima-e-inaugurada-no-centro\/","og:image":"https:\/\/scontent-gig4-1.xx.fbcdn.net\/v\/t39.30808-1\/270437624_4564083193639691_6907940295614233970_n.jpg?stp=dst-jpg_s200x200_tt6&#038;_nc_cat=111&#038;ccb=1-7&#038;_nc_sid=f907e8&#038;_nc_ohc=SM1wRlP3lJwQ7kNvwEPuBYA&#038;_nc_oc=AdnqrjDN_BNjSSHWO-GbkIWH6fkGMLw4bqvL_NH6e2wMveX7G-rP2dAqsDSq1mJMOaY&#038;_nc_zt=24&#038;_nc_ht=scontent-gig4-1.xx&#038;_nc_gid=AoBFJeGrT1hVaew_6rchkQ&#038;oh=00_AfX7QmFGhQhG2jAllVgXCiM1ZrWgvtp80-Bfppyexh1QEg&#038;oe=689E923C","og:image:secure_url":"https:\/\/scontent-gig4-1.xx.fbcdn.net\/v\/t39.30808-1\/270437624_4564083193639691_6907940295614233970_n.jpg?stp=dst-jpg_s200x200_tt6&#038;_nc_cat=111&#038;ccb=1-7&#038;_nc_sid=f907e8&#038;_nc_ohc=SM1wRlP3lJwQ7kNvwEPuBYA&#038;_nc_oc=AdnqrjDN_BNjSSHWO-GbkIWH6fkGMLw4bqvL_NH6e2wMveX7G-rP2dAqsDSq1mJMOaY&#038;_nc_zt=24&#038;_nc_ht=scontent-gig4-1.xx&#038;_nc_gid=AoBFJeGrT1hVaew_6rchkQ&#038;oh=00_AfX7QmFGhQhG2jAllVgXCiM1ZrWgvtp80-Bfppyexh1QEg&#038;oe=689E923C","article:published_time":"2018-03-23T15:33:47+00:00","article:modified_time":"2018-03-23T15:33:47+00:00","twitter:card":"summary_large_image","twitter:title":"Sublime Moda \u00cdntima \u00e9 inaugurada no Centro - A Not\u00edcia Online","twitter:description":"Beleza, conforto e qualidade s\u00e3o as principais caracter\u00edsticas encontradas nos produtos da Sublime Moda \u00cdntima, loja rec\u00e9m-inaugurada no s\u00e1bado (10), localizada na Rua Doutor Alves Pequeno, n\u00famero 167, no Centro. Durante a inaugura\u00e7\u00e3o, a propriet\u00e1ria, Jana\u00edna da Silva Cardoso e Jos\u00e9 Cl\u00f3vis de Oliveira Filho, agradeceu aos clientes e amigos que prestigiaram o momento. \u201cEspero","twitter:image":"https:\/\/scontent-gig4-1.xx.fbcdn.net\/v\/t39.30808-1\/270437624_4564083193639691_6907940295614233970_n.jpg?stp=dst-jpg_s200x200_tt6&_nc_cat=111&ccb=1-7&_nc_sid=f907e8&_nc_ohc=SM1wRlP3lJwQ7kNvwEPuBYA&_nc_oc=AdnqrjDN_BNjSSHWO-GbkIWH6fkGMLw4bqvL_NH6e2wMveX7G-rP2dAqsDSq1mJMOaY&_nc_zt=24&_nc_ht=scontent-gig4-1.xx&_nc_gid=AoBFJeGrT1hVaew_6rchkQ&oh=00_AfX7QmFGhQhG2jAllVgXCiM1ZrWgvtp80-Bfppyexh1QEg&oe=689E923C"},"aioseo_meta_data":{"post_id":"52143","title":null,"description":null,"keywords":null,"keyphrases":null,"primary_term":null,"canonical_url":null,"og_title":null,"og_description":null,"og_object_type":"default","og_image_type":"default","og_image_url":null,"og_image_width":null,"og_image_height":null,"og_image_custom_url":null,"og_image_custom_fields":null,"og_video":null,"og_custom_url":null,"og_article_section":null,"og_article_tags":null,"twitter_use_og":false,"twitter_card":"default","twitter_image_type":"default","twitter_image_url":null,"twitter_image_custom_url":null,"twitter_image_custom_fields":null,"twitter_title":null,"twitter_description":null,"schema":{"blockGraphs":[],"customGraphs":[],"default":{"data":{"Article":[],"Course":[],"Dataset":[],"FAQPage":[],"Movie":[],"Person":[],"Product":[],"ProductReview":[],"Car":[],"Recipe":[],"Service":[],"SoftwareApplication":[],"WebPage":[]},"graphName":"","isEnabled":true},"graphs":[]},"schema_type":"default","schema_type_options":null,"pillar_content":false,"robots_default":true,"robots_noindex":false,"robots_noarchive":false,"robots_nosnippet":false,"robots_nofollow":false,"robots_noimageindex":false,"robots_noodp":false,"robots_notranslate":false,"robots_max_snippet":null,"robots_max_videopreview":null,"robots_max_imagepreview":"large","priority":null,"frequency":null,"local_seo":null,"breadcrumb_settings":null,"limit_modified_date":false,"ai":null,"created":"2025-08-16 20:35:23","updated":"2025-08-16 20:35:23","focus_keyword":null,"additional_keywords":null,"truseo_locale":null,"seo_analyzer_scan_date":null},"aioseo_breadcrumb":"<div class=\"aioseo-breadcrumbs\"><span class=\"aioseo-breadcrumb\">\n\t\t\t<a href=\"https:\/\/anoticiaonline.com.br\/site\" title=\"Home\">Home<\/a>\n\t\t<\/span><span class=\"aioseo-breadcrumb-separator\">&raquo;<\/span><span class=\"aioseo-breadcrumb\">\n\t\t\t<a href=\"https:\/\/anoticiaonline.com.br\/site\/categoria\/gerais\/\" title=\"Gerais\">Gerais<\/a>\n\t\t<\/span><span class=\"aioseo-breadcrumb-separator\">&raquo;<\/span><span class=\"aioseo-breadcrumb\">\n\t\t\tSublime Moda \u00cdntima \u00e9 inaugurada no Centro\n\t\t<\/span><\/div>","aioseo_breadcrumb_json":[{"label":"Home","link":"https:\/\/anoticiaonline.com.br\/site"},{"label":"Gerais","link":"https:\/\/anoticiaonline.com.br\/site\/categoria\/gerais\/"},{"label":"Sublime Moda \u00cdntima \u00e9 inaugurada no Centro","link":"https:\/\/anoticiaonline.com.br\/site\/sublime-moda-intima-e-inaugurada-no-centro\/"}],"views":171,"_links":{"self":[{"href":"https:\/\/anoticiaonline.com.br\/site\/wp-json\/wp\/v2\/posts\/52143","targetHints":{"allow":["GET"]}}],"collection":[{"href":"https:\/\/anoticiaonline.com.br\/site\/wp-json\/wp\/v2\/posts"}],"about":[{"href":"https:\/\/anoticiaonline.com.br\/site\/wp-json\/wp\/v2\/types\/post"}],"author":[{"embeddable":true,"href":"https:\/\/anoticiaonline.com.br\/site\/wp-json\/wp\/v2\/users\/2"}],"replies":[{"embeddable":true,"href":"https:\/\/anoticiaonline.com.br\/site\/wp-json\/wp\/v2\/comments?post=52143"}],"version-history":[{"count":0,"href":"https:\/\/anoticiaonline.com.br\/site\/wp-json\/wp\/v2\/posts\/52143\/revisions"}],"wp:featuredmedia":[{"embeddable":true,"href":"https:\/\/anoticiaonline.com.br\/site\/wp-json\/wp\/v2\/media\/52155"}],"wp:attachment":[{"href":"https:\/\/anoticiaonline.com.br\/site\/wp-json\/wp\/v2\/media?parent=52143"}],"wp:term":[{"taxonomy":"category","embeddable":true,"href":"https:\/\/anoticiaonline.com.br\/site\/wp-json\/wp\/v2\/categories?post=52143"},{"taxonomy":"post_tag","embeddable":true,"href":"https:\/\/anoticiaonline.com.br\/site\/wp-json\/wp\/v2\/tags?post=52143"}],"curies":[{"name":"wp","href":"https:\/\/api.w.org\/{rel}","templated":true}]}}