{"id":51944,"date":"2018-03-22T22:23:36","date_gmt":"2018-03-23T01:23:36","guid":{"rendered":"http:\/\/anoticiaonline.com.br\/site\/?p=51944"},"modified":"2018-03-22T22:39:14","modified_gmt":"2018-03-23T01:39:14","slug":"vereadores-da-camara-municipal-de-muriae-homenageiam-mulheres-com-o-titulo-mulher-muriaeense","status":"publish","type":"post","link":"https:\/\/anoticiaonline.com.br\/site\/vereadores-da-camara-municipal-de-muriae-homenageiam-mulheres-com-o-titulo-mulher-muriaeense\/","title":{"rendered":"Vereadores da C\u00e2mara Municipal de Muria\u00e9 homenageiam mulheres com o t\u00edtulo \u201cMulher Muriaeense\u201d"},"content":{"rendered":"<p>&nbsp;<\/p>\n<p>&nbsp;<\/p>\n<p><a href=\"https:\/\/anoticiaonline.com.br\/site\/wp-content\/uploads\/2018\/03\/DSC_1088.jpg\"><img fetchpriority=\"high\" decoding=\"async\" class=\"aligncenter size-full wp-image-51966\" src=\"https:\/\/anoticiaonline.com.br\/site\/wp-content\/uploads\/2018\/03\/DSC_1088.jpg\" alt=\"\" width=\"640\" height=\"427\" srcset=\"https:\/\/anoticiaonline.com.br\/site\/wp-content\/uploads\/2018\/03\/DSC_1088.jpg 640w, https:\/\/anoticiaonline.com.br\/site\/wp-content\/uploads\/2018\/03\/DSC_1088-300x200.jpg 300w\" sizes=\"(max-width: 640px) 100vw, 640px\" \/><\/a><\/p>\n<p>A C\u00e2mara de Muria\u00e9 realizou na noite de ter\u00e7a-feira (20) a entrega dos t\u00edtulos \u201cMulher Muriaeense\u201d 2018. Uma honraria baseada na Lei Municipal 5.396\/2017, criada pela vereadora Dra. Miriam Facchini, que objetiva promover e destacar as mulheres que tenham oferecido alguma contribui\u00e7\u00e3o para o desenvolvimento social, econ\u00f4mico ou pol\u00edtico de Muria\u00e9.<\/p>\n<p>Vereadores e prefeito municipal homenagearam uma mulher cada, outorgando o reconhecimento p\u00fablico por sua trajet\u00f3ria de vida. A solenidade foi realizada no plen\u00e1rio da C\u00e2mara de Muria\u00e9.<\/p>\n<p><a href=\"https:\/\/anoticiaonline.com.br\/site\/wp-content\/uploads\/2018\/03\/DSC_1113.jpg\"><img decoding=\"async\" class=\"aligncenter size-full wp-image-51969\" src=\"https:\/\/anoticiaonline.com.br\/site\/wp-content\/uploads\/2018\/03\/DSC_1113.jpg\" alt=\"\" width=\"640\" height=\"427\" srcset=\"https:\/\/anoticiaonline.com.br\/site\/wp-content\/uploads\/2018\/03\/DSC_1113.jpg 640w, https:\/\/anoticiaonline.com.br\/site\/wp-content\/uploads\/2018\/03\/DSC_1113-300x200.jpg 300w\" sizes=\"(max-width: 640px) 100vw, 640px\" \/><\/a><\/p>\n<p>Confira a lista das homenageadas em 2018:<\/p>\n<p><strong><a href=\"https:\/\/anoticiaonline.com.br\/site\/wp-content\/uploads\/2018\/03\/DSC_1050.jpg\"><img decoding=\"async\" class=\"aligncenter size-full wp-image-51964\" src=\"https:\/\/anoticiaonline.com.br\/site\/wp-content\/uploads\/2018\/03\/DSC_1050.jpg\" alt=\"\" width=\"640\" height=\"427\" srcset=\"https:\/\/anoticiaonline.com.br\/site\/wp-content\/uploads\/2018\/03\/DSC_1050.jpg 640w, https:\/\/anoticiaonline.com.br\/site\/wp-content\/uploads\/2018\/03\/DSC_1050-300x200.jpg 300w\" sizes=\"(max-width: 640px) 100vw, 640px\" \/><\/a>&#8211; Jackeliny Ferreira Rangel<\/strong><\/p>\n<p>Homenageada do prefeito Ioannis Konstantinos Grammatikopoulos (Grego)<\/p>\n<p><strong><a href=\"https:\/\/anoticiaonline.com.br\/site\/wp-content\/uploads\/2018\/03\/DSC_0930.jpg\"><img loading=\"lazy\" decoding=\"async\" class=\"aligncenter size-full wp-image-51945\" src=\"https:\/\/anoticiaonline.com.br\/site\/wp-content\/uploads\/2018\/03\/DSC_0930.jpg\" alt=\"\" width=\"640\" height=\"427\" srcset=\"https:\/\/anoticiaonline.com.br\/site\/wp-content\/uploads\/2018\/03\/DSC_0930.jpg 640w, https:\/\/anoticiaonline.com.br\/site\/wp-content\/uploads\/2018\/03\/DSC_0930-300x200.jpg 300w\" sizes=\"(max-width: 640px) 100vw, 640px\" \/><\/a>&#8211; Myrian Aparecida de Paula<\/strong><\/p>\n<p>Homenageada do vereador Ademar Camerino<\/p>\n<p><strong><a href=\"https:\/\/anoticiaonline.com.br\/site\/wp-content\/uploads\/2018\/03\/DSC_0934.jpg\"><img loading=\"lazy\" decoding=\"async\" class=\"aligncenter size-full wp-image-51946\" src=\"https:\/\/anoticiaonline.com.br\/site\/wp-content\/uploads\/2018\/03\/DSC_0934.jpg\" alt=\"\" width=\"640\" height=\"428\" srcset=\"https:\/\/anoticiaonline.com.br\/site\/wp-content\/uploads\/2018\/03\/DSC_0934.jpg 640w, https:\/\/anoticiaonline.com.br\/site\/wp-content\/uploads\/2018\/03\/DSC_0934-300x201.jpg 300w\" sizes=\"(max-width: 640px) 100vw, 640px\" \/><\/a>&#8211; \u00c2ngela Maria Berto de Souza,<\/strong><\/p>\n<p>Homenageada do vereador Carlos Ant\u00f4nio Ferreira (Carlos Macuco)<\/p>\n<p>&nbsp;<\/p>\n<p><a href=\"https:\/\/anoticiaonline.com.br\/site\/wp-content\/uploads\/2018\/03\/DSC_1081.jpg\"><img loading=\"lazy\" decoding=\"async\" class=\"aligncenter size-full wp-image-52015\" src=\"https:\/\/anoticiaonline.com.br\/site\/wp-content\/uploads\/2018\/03\/DSC_1081.jpg\" alt=\"\" width=\"456\" height=\"640\" srcset=\"https:\/\/anoticiaonline.com.br\/site\/wp-content\/uploads\/2018\/03\/DSC_1081.jpg 456w, https:\/\/anoticiaonline.com.br\/site\/wp-content\/uploads\/2018\/03\/DSC_1081-214x300.jpg 214w\" sizes=\"(max-width: 456px) 100vw, 456px\" \/><\/a><\/p>\n<p><strong>&#8211; Aparecida Maria do Ros\u00e1rio,<\/strong><\/p>\n<p>Homenageada do vereador Carlos Delfim Soares Ribeiro<\/p>\n<p><strong><a href=\"https:\/\/anoticiaonline.com.br\/site\/wp-content\/uploads\/2018\/03\/DSC_0937.jpg\"><img loading=\"lazy\" decoding=\"async\" class=\"aligncenter size-full wp-image-51947\" src=\"https:\/\/anoticiaonline.com.br\/site\/wp-content\/uploads\/2018\/03\/DSC_0937.jpg\" alt=\"\" width=\"640\" height=\"428\" srcset=\"https:\/\/anoticiaonline.com.br\/site\/wp-content\/uploads\/2018\/03\/DSC_0937.jpg 640w, https:\/\/anoticiaonline.com.br\/site\/wp-content\/uploads\/2018\/03\/DSC_0937-300x201.jpg 300w\" sizes=\"(max-width: 640px) 100vw, 640px\" \/><\/a>&#8211; Maria das Gra\u00e7as Silva Chagas<\/strong><\/p>\n<p>Homenageada do vereador Celso Ricardo de Oliveira (Celsinho)<\/p>\n<p><strong><a href=\"https:\/\/anoticiaonline.com.br\/site\/wp-content\/uploads\/2018\/03\/DSC_0942.jpg\"><img loading=\"lazy\" decoding=\"async\" class=\"aligncenter size-full wp-image-51948\" src=\"https:\/\/anoticiaonline.com.br\/site\/wp-content\/uploads\/2018\/03\/DSC_0942.jpg\" alt=\"\" width=\"640\" height=\"426\" srcset=\"https:\/\/anoticiaonline.com.br\/site\/wp-content\/uploads\/2018\/03\/DSC_0942.jpg 640w, https:\/\/anoticiaonline.com.br\/site\/wp-content\/uploads\/2018\/03\/DSC_0942-300x200.jpg 300w\" sizes=\"(max-width: 640px) 100vw, 640px\" \/><\/a>&#8211; Ilma Lacerda de Almeida<\/strong><\/p>\n<p>Homenageada do vereador David Pinheiro de Lacerda<\/p>\n<p><strong><a href=\"https:\/\/anoticiaonline.com.br\/site\/wp-content\/uploads\/2018\/03\/DSC_0951.jpg\"><img loading=\"lazy\" decoding=\"async\" class=\"aligncenter size-full wp-image-51949\" src=\"https:\/\/anoticiaonline.com.br\/site\/wp-content\/uploads\/2018\/03\/DSC_0951.jpg\" alt=\"\" width=\"640\" height=\"427\" srcset=\"https:\/\/anoticiaonline.com.br\/site\/wp-content\/uploads\/2018\/03\/DSC_0951.jpg 640w, https:\/\/anoticiaonline.com.br\/site\/wp-content\/uploads\/2018\/03\/DSC_0951-300x200.jpg 300w\" sizes=\"(max-width: 640px) 100vw, 640px\" \/><\/a>&#8211; J\u00falia Maria de Oliveira<\/strong><\/p>\n<p>Homenageada do vereador Devail Gomes Corr\u00eaa<\/p>\n<p><strong><a href=\"https:\/\/anoticiaonline.com.br\/site\/wp-content\/uploads\/2018\/03\/DSC_0958.jpg\"><img loading=\"lazy\" decoding=\"async\" class=\"aligncenter size-full wp-image-51950\" src=\"https:\/\/anoticiaonline.com.br\/site\/wp-content\/uploads\/2018\/03\/DSC_0958.jpg\" alt=\"\" width=\"640\" height=\"427\" srcset=\"https:\/\/anoticiaonline.com.br\/site\/wp-content\/uploads\/2018\/03\/DSC_0958.jpg 640w, https:\/\/anoticiaonline.com.br\/site\/wp-content\/uploads\/2018\/03\/DSC_0958-300x200.jpg 300w\" sizes=\"(max-width: 640px) 100vw, 640px\" \/><\/a>&#8211; Nilda Paul Dala Paula<\/strong><\/p>\n<p>Homenageada do vereador Elvandro Maciel da Silva (Evandro Cheroso)<\/p>\n<p><strong><a href=\"https:\/\/anoticiaonline.com.br\/site\/wp-content\/uploads\/2018\/03\/DSC_0964.jpg\"><img loading=\"lazy\" decoding=\"async\" class=\"aligncenter size-full wp-image-51951\" src=\"https:\/\/anoticiaonline.com.br\/site\/wp-content\/uploads\/2018\/03\/DSC_0964.jpg\" alt=\"\" width=\"640\" height=\"427\" srcset=\"https:\/\/anoticiaonline.com.br\/site\/wp-content\/uploads\/2018\/03\/DSC_0964.jpg 640w, https:\/\/anoticiaonline.com.br\/site\/wp-content\/uploads\/2018\/03\/DSC_0964-300x200.jpg 300w\" sizes=\"(max-width: 640px) 100vw, 640px\" \/><\/a>&#8211; Nilma Gl\u00f3ria Braga Siqueira<\/strong><\/p>\n<p>Homenageada da vereadora Helena Francisca de Oliveira Carvalho<\/p>\n<p><strong><a href=\"https:\/\/anoticiaonline.com.br\/site\/wp-content\/uploads\/2018\/03\/DSC_0973.jpg\"><img loading=\"lazy\" decoding=\"async\" class=\"aligncenter size-full wp-image-51952\" src=\"https:\/\/anoticiaonline.com.br\/site\/wp-content\/uploads\/2018\/03\/DSC_0973.jpg\" alt=\"\" width=\"640\" height=\"427\" srcset=\"https:\/\/anoticiaonline.com.br\/site\/wp-content\/uploads\/2018\/03\/DSC_0973.jpg 640w, https:\/\/anoticiaonline.com.br\/site\/wp-content\/uploads\/2018\/03\/DSC_0973-300x200.jpg 300w\" sizes=\"(max-width: 640px) 100vw, 640px\" \/><\/a>&#8211; L\u00facia Regina Costa Viana<\/strong><\/p>\n<p>Homenageada do vereador Ivanir Jos\u00e9 de Souza (Ivanir do Gaspar)<\/p>\n<p><strong><a href=\"https:\/\/anoticiaonline.com.br\/site\/wp-content\/uploads\/2018\/03\/DSC_0979.jpg\"><img loading=\"lazy\" decoding=\"async\" class=\"aligncenter size-full wp-image-51953\" src=\"https:\/\/anoticiaonline.com.br\/site\/wp-content\/uploads\/2018\/03\/DSC_0979.jpg\" alt=\"\" width=\"640\" height=\"427\" srcset=\"https:\/\/anoticiaonline.com.br\/site\/wp-content\/uploads\/2018\/03\/DSC_0979.jpg 640w, https:\/\/anoticiaonline.com.br\/site\/wp-content\/uploads\/2018\/03\/DSC_0979-300x200.jpg 300w\" sizes=\"(max-width: 640px) 100vw, 640px\" \/><\/a>&#8211; Maria das Gra\u00e7as Cassimiro Calixto<\/strong><\/p>\n<p>Homenageada do vereador Jair Sanches Abreu<\/p>\n<p><strong><a href=\"https:\/\/anoticiaonline.com.br\/site\/wp-content\/uploads\/2018\/03\/DSC_0988.jpg\"><img loading=\"lazy\" decoding=\"async\" class=\"aligncenter size-full wp-image-51956\" src=\"https:\/\/anoticiaonline.com.br\/site\/wp-content\/uploads\/2018\/03\/DSC_0988.jpg\" alt=\"\" width=\"427\" height=\"640\" srcset=\"https:\/\/anoticiaonline.com.br\/site\/wp-content\/uploads\/2018\/03\/DSC_0988.jpg 427w, https:\/\/anoticiaonline.com.br\/site\/wp-content\/uploads\/2018\/03\/DSC_0988-200x300.jpg 200w\" sizes=\"(max-width: 427px) 100vw, 427px\" \/><\/a>&#8211; Maria Beatriz Costa<\/strong><\/p>\n<p>Homenageada do vereador Jos\u00e9 Carlos Alves Cerqueira<\/p>\n<p><strong><a href=\"https:\/\/anoticiaonline.com.br\/site\/wp-content\/uploads\/2018\/03\/DSC_0995.jpg\"><img loading=\"lazy\" decoding=\"async\" class=\"aligncenter size-full wp-image-51957\" src=\"https:\/\/anoticiaonline.com.br\/site\/wp-content\/uploads\/2018\/03\/DSC_0995.jpg\" alt=\"\" width=\"640\" height=\"427\" srcset=\"https:\/\/anoticiaonline.com.br\/site\/wp-content\/uploads\/2018\/03\/DSC_0995.jpg 640w, https:\/\/anoticiaonline.com.br\/site\/wp-content\/uploads\/2018\/03\/DSC_0995-300x200.jpg 300w\" sizes=\"(max-width: 640px) 100vw, 640px\" \/><\/a>&#8211; Rosania Aparecida de Paiva Almeida<\/strong><\/p>\n<p>Homenageada do vereador J\u00falio C\u00e9sar Simbra Soares<\/p>\n<p><strong><a href=\"https:\/\/anoticiaonline.com.br\/site\/wp-content\/uploads\/2018\/03\/DSC_1004.jpg\"><img loading=\"lazy\" decoding=\"async\" class=\"aligncenter size-full wp-image-51958\" src=\"https:\/\/anoticiaonline.com.br\/site\/wp-content\/uploads\/2018\/03\/DSC_1004.jpg\" alt=\"\" width=\"640\" height=\"427\" srcset=\"https:\/\/anoticiaonline.com.br\/site\/wp-content\/uploads\/2018\/03\/DSC_1004.jpg 640w, https:\/\/anoticiaonline.com.br\/site\/wp-content\/uploads\/2018\/03\/DSC_1004-300x200.jpg 300w\" sizes=\"(max-width: 640px) 100vw, 640px\" \/><\/a>&#8211; Ivanira Maria da Silva Ribeiro<\/strong><\/p>\n<p>Homenageada do vereador Maycon Jos\u00e9 Ribeiro (Maycon do Zim)<\/p>\n<p><strong><a href=\"https:\/\/anoticiaonline.com.br\/site\/wp-content\/uploads\/2018\/03\/DSC_1017.jpg\"><img loading=\"lazy\" decoding=\"async\" class=\"aligncenter size-full wp-image-51959\" src=\"https:\/\/anoticiaonline.com.br\/site\/wp-content\/uploads\/2018\/03\/DSC_1017.jpg\" alt=\"\" width=\"640\" height=\"427\" srcset=\"https:\/\/anoticiaonline.com.br\/site\/wp-content\/uploads\/2018\/03\/DSC_1017.jpg 640w, https:\/\/anoticiaonline.com.br\/site\/wp-content\/uploads\/2018\/03\/DSC_1017-300x200.jpg 300w\" sizes=\"(max-width: 640px) 100vw, 640px\" \/><\/a>&#8211; Dolores Maria Montezano Francisco<\/strong><\/p>\n<p>Homenageada da vereadora Miriam Facchini Barbosa<\/p>\n<p><strong><a href=\"https:\/\/anoticiaonline.com.br\/site\/wp-content\/uploads\/2018\/03\/DSC_1030.jpg\"><img loading=\"lazy\" decoding=\"async\" class=\"aligncenter size-full wp-image-51960\" src=\"https:\/\/anoticiaonline.com.br\/site\/wp-content\/uploads\/2018\/03\/DSC_1030.jpg\" alt=\"\" width=\"640\" height=\"427\" srcset=\"https:\/\/anoticiaonline.com.br\/site\/wp-content\/uploads\/2018\/03\/DSC_1030.jpg 640w, https:\/\/anoticiaonline.com.br\/site\/wp-content\/uploads\/2018\/03\/DSC_1030-300x200.jpg 300w\" sizes=\"(max-width: 640px) 100vw, 640px\" \/><\/a>&#8211; Maria Jos\u00e9 Pena<\/strong><\/p>\n<p>Homenageada do vereador Vanderli Luiz Lopes (Lelei)<\/p>\n<p><strong><a href=\"https:\/\/anoticiaonline.com.br\/site\/wp-content\/uploads\/2018\/03\/DSC_1033.jpg\"><img loading=\"lazy\" decoding=\"async\" class=\"aligncenter size-full wp-image-51963\" src=\"https:\/\/anoticiaonline.com.br\/site\/wp-content\/uploads\/2018\/03\/DSC_1033.jpg\" alt=\"\" width=\"640\" height=\"426\" srcset=\"https:\/\/anoticiaonline.com.br\/site\/wp-content\/uploads\/2018\/03\/DSC_1033.jpg 640w, https:\/\/anoticiaonline.com.br\/site\/wp-content\/uploads\/2018\/03\/DSC_1033-300x200.jpg 300w\" sizes=\"(max-width: 640px) 100vw, 640px\" \/><\/a>&#8211; Maria da Gl\u00f3ria Costa<\/strong><\/p>\n<p>Homenageada do vereador Waltecy Rodrigues da Costa J\u00fanior (Ciso)<\/p>\n","protected":false},"excerpt":{"rendered":"<p>&nbsp; &nbsp; A C\u00e2mara de Muria\u00e9 realizou na noite de ter\u00e7a-feira (20) a entrega dos t\u00edtulos \u201cMulher Muriaeense\u201d 2018. Uma honraria baseada na Lei Municipal 5.396\/2017, criada pela vereadora Dra. Miriam Facchini, que objetiva promover e destacar as mulheres que tenham oferecido alguma contribui\u00e7\u00e3o para o desenvolvimento social, econ\u00f4mico ou pol\u00edtico de Muria\u00e9. Vereadores e &#8230; <a title=\"Vereadores da C\u00e2mara Municipal de Muria\u00e9 homenageiam mulheres com o t\u00edtulo \u201cMulher Muriaeense\u201d\" class=\"read-more\" href=\"https:\/\/anoticiaonline.com.br\/site\/vereadores-da-camara-municipal-de-muriae-homenageiam-mulheres-com-o-titulo-mulher-muriaeense\/\" aria-label=\"Read more about Vereadores da C\u00e2mara Municipal de Muria\u00e9 homenageiam mulheres com o t\u00edtulo \u201cMulher Muriaeense\u201d\">Ler mais<\/a><\/p>\n","protected":false},"author":2,"featured_media":51966,"comment_status":"open","ping_status":"open","sticky":false,"template":"","format":"standard","meta":{"_acf_changed":false,"_monsterinsights_skip_tracking":false,"footnotes":""},"categories":[30],"tags":[89,1079,2127,2226,2225],"class_list":["post-51944","post","type-post","status-publish","format-standard","has-post-thumbnail","hentry","category-muriae","tag-camara-de-muriae","tag-camara-municipal-de-muriae","tag-dia-da-mulher","tag-lei-municipal-5-3962017","tag-mulher-muriaeense"],"acf":[],"aioseo_notices":[],"aioseo_head":"\n\t\t<!-- All in One SEO 5.0.0.1 - aioseo.com -->\n\t<meta name=\"description\" content=\"A C\u00e2mara de Muria\u00e9 realizou na noite de ter\u00e7a-feira (20) a entrega dos t\u00edtulos \u201cMulher Muriaeense\u201d 2018. Uma honraria baseada na Lei Municipal 5.396\/2017, criada pela vereadora Dra. Miriam Facchini, que objetiva promover e destacar as mulheres que tenham oferecido alguma contribui\u00e7\u00e3o para o desenvolvimento social, econ\u00f4mico ou pol\u00edtico de Muria\u00e9. Vereadores e\" \/>\n\t<meta name=\"robots\" content=\"max-image-preview:large\" \/>\n\t<meta name=\"author\" content=\"Juliana Laviola\"\/>\n\t<link rel=\"canonical\" href=\"https:\/\/anoticiaonline.com.br\/site\/vereadores-da-camara-municipal-de-muriae-homenageiam-mulheres-com-o-titulo-mulher-muriaeense\/\" \/>\n\t<meta name=\"generator\" content=\"All in One SEO (AIOSEO) 5.0.0.1\" \/>\n\t\t<meta property=\"og:locale\" content=\"pt_BR\" \/>\n\t\t<meta property=\"og:site_name\" content=\"A Not\u00edcia Online - Noticias de Muria\u00e9 e regi\u00e3o\" \/>\n\t\t<meta property=\"og:type\" content=\"article\" \/>\n\t\t<meta property=\"og:title\" content=\"Vereadores da C\u00e2mara Municipal de Muria\u00e9 homenageiam mulheres com o t\u00edtulo \u201cMulher Muriaeense\u201d - A Not\u00edcia Online\" \/>\n\t\t<meta property=\"og:description\" content=\"A C\u00e2mara de Muria\u00e9 realizou na noite de ter\u00e7a-feira (20) a entrega dos t\u00edtulos \u201cMulher Muriaeense\u201d 2018. Uma honraria baseada na Lei Municipal 5.396\/2017, criada pela vereadora Dra. Miriam Facchini, que objetiva promover e destacar as mulheres que tenham oferecido alguma contribui\u00e7\u00e3o para o desenvolvimento social, econ\u00f4mico ou pol\u00edtico de Muria\u00e9. Vereadores e\" \/>\n\t\t<meta property=\"og:url\" content=\"https:\/\/anoticiaonline.com.br\/site\/vereadores-da-camara-municipal-de-muriae-homenageiam-mulheres-com-o-titulo-mulher-muriaeense\/\" \/>\n\t\t<meta property=\"og:image\" content=\"https:\/\/scontent-gig4-1.xx.fbcdn.net\/v\/t39.30808-1\/270437624_4564083193639691_6907940295614233970_n.jpg?stp=dst-jpg_s200x200_tt6&#038;_nc_cat=111&#038;ccb=1-7&#038;_nc_sid=f907e8&#038;_nc_ohc=SM1wRlP3lJwQ7kNvwEPuBYA&#038;_nc_oc=AdnqrjDN_BNjSSHWO-GbkIWH6fkGMLw4bqvL_NH6e2wMveX7G-rP2dAqsDSq1mJMOaY&#038;_nc_zt=24&#038;_nc_ht=scontent-gig4-1.xx&#038;_nc_gid=AoBFJeGrT1hVaew_6rchkQ&#038;oh=00_AfX7QmFGhQhG2jAllVgXCiM1ZrWgvtp80-Bfppyexh1QEg&#038;oe=689E923C\" \/>\n\t\t<meta property=\"og:image:secure_url\" content=\"https:\/\/scontent-gig4-1.xx.fbcdn.net\/v\/t39.30808-1\/270437624_4564083193639691_6907940295614233970_n.jpg?stp=dst-jpg_s200x200_tt6&#038;_nc_cat=111&#038;ccb=1-7&#038;_nc_sid=f907e8&#038;_nc_ohc=SM1wRlP3lJwQ7kNvwEPuBYA&#038;_nc_oc=AdnqrjDN_BNjSSHWO-GbkIWH6fkGMLw4bqvL_NH6e2wMveX7G-rP2dAqsDSq1mJMOaY&#038;_nc_zt=24&#038;_nc_ht=scontent-gig4-1.xx&#038;_nc_gid=AoBFJeGrT1hVaew_6rchkQ&#038;oh=00_AfX7QmFGhQhG2jAllVgXCiM1ZrWgvtp80-Bfppyexh1QEg&#038;oe=689E923C\" \/>\n\t\t<meta property=\"article:published_time\" content=\"2018-03-23T01:23:36+00:00\" \/>\n\t\t<meta property=\"article:modified_time\" content=\"2018-03-23T01:39:14+00:00\" \/>\n\t\t<meta name=\"twitter:card\" content=\"summary_large_image\" \/>\n\t\t<meta name=\"twitter:title\" content=\"Vereadores da C\u00e2mara Municipal de Muria\u00e9 homenageiam mulheres com o t\u00edtulo \u201cMulher Muriaeense\u201d - A Not\u00edcia Online\" \/>\n\t\t<meta name=\"twitter:description\" content=\"A C\u00e2mara de Muria\u00e9 realizou na noite de ter\u00e7a-feira (20) a entrega dos t\u00edtulos \u201cMulher Muriaeense\u201d 2018. Uma honraria baseada na Lei Municipal 5.396\/2017, criada pela vereadora Dra. Miriam Facchini, que objetiva promover e destacar as mulheres que tenham oferecido alguma contribui\u00e7\u00e3o para o desenvolvimento social, econ\u00f4mico ou pol\u00edtico de Muria\u00e9. Vereadores e\" \/>\n\t\t<meta name=\"twitter:image\" content=\"https:\/\/scontent-gig4-1.xx.fbcdn.net\/v\/t39.30808-1\/270437624_4564083193639691_6907940295614233970_n.jpg?stp=dst-jpg_s200x200_tt6&amp;_nc_cat=111&amp;ccb=1-7&amp;_nc_sid=f907e8&amp;_nc_ohc=SM1wRlP3lJwQ7kNvwEPuBYA&amp;_nc_oc=AdnqrjDN_BNjSSHWO-GbkIWH6fkGMLw4bqvL_NH6e2wMveX7G-rP2dAqsDSq1mJMOaY&amp;_nc_zt=24&amp;_nc_ht=scontent-gig4-1.xx&amp;_nc_gid=AoBFJeGrT1hVaew_6rchkQ&amp;oh=00_AfX7QmFGhQhG2jAllVgXCiM1ZrWgvtp80-Bfppyexh1QEg&amp;oe=689E923C\" \/>\n\t\t<script type=\"application\/ld+json\" class=\"aioseo-schema\">\n\t\t\t{\"@context\":\"https:\\\/\\\/schema.org\",\"@graph\":[{\"@type\":\"BlogPosting\",\"@id\":\"https:\\\/\\\/anoticiaonline.com.br\\\/site\\\/vereadores-da-camara-municipal-de-muriae-homenageiam-mulheres-com-o-titulo-mulher-muriaeense\\\/#blogposting\",\"name\":\"Vereadores da C\\u00e2mara Municipal de Muria\\u00e9 homenageiam mulheres com o t\\u00edtulo \\u201cMulher Muriaeense\\u201d - A Not\\u00edcia Online\",\"headline\":\"Vereadores da C\\u00e2mara Municipal de Muria\\u00e9 homenageiam mulheres com o t\\u00edtulo \\u201cMulher Muriaeense\\u201d\",\"author\":{\"@id\":\"https:\\\/\\\/anoticiaonline.com.br\\\/site\\\/author\\\/juliana\\\/#author\"},\"publisher\":{\"@id\":\"https:\\\/\\\/anoticiaonline.com.br\\\/site\\\/#organization\"},\"image\":{\"@type\":\"ImageObject\",\"url\":\"https:\\\/\\\/anoticiaonline.com.br\\\/site\\\/wp-content\\\/uploads\\\/2018\\\/03\\\/DSC_1088.jpg\",\"width\":640,\"height\":427},\"datePublished\":\"2018-03-22T22:23:36-03:00\",\"dateModified\":\"2018-03-22T22:39:14-03:00\",\"inLanguage\":\"pt-BR\",\"mainEntityOfPage\":{\"@id\":\"https:\\\/\\\/anoticiaonline.com.br\\\/site\\\/vereadores-da-camara-municipal-de-muriae-homenageiam-mulheres-com-o-titulo-mulher-muriaeense\\\/#webpage\"},\"isPartOf\":{\"@id\":\"https:\\\/\\\/anoticiaonline.com.br\\\/site\\\/vereadores-da-camara-municipal-de-muriae-homenageiam-mulheres-com-o-titulo-mulher-muriaeense\\\/#webpage\"},\"articleSection\":\"Blog, c\\u00e2mara de muria\\u00e9, C\\u00e2mara Municipal de Muria\\u00e9, Dia da Mulher, Lei Municipal 5.396\\\/2017, Mulher Muriaeense\"},{\"@type\":\"BreadcrumbList\",\"@id\":\"https:\\\/\\\/anoticiaonline.com.br\\\/site\\\/vereadores-da-camara-municipal-de-muriae-homenageiam-mulheres-com-o-titulo-mulher-muriaeense\\\/#breadcrumblist\",\"itemListElement\":[{\"@type\":\"ListItem\",\"@id\":\"https:\\\/\\\/anoticiaonline.com.br\\\/site#listItem\",\"position\":1,\"name\":\"Home\",\"item\":\"https:\\\/\\\/anoticiaonline.com.br\\\/site\",\"nextItem\":{\"@type\":\"ListItem\",\"@id\":\"https:\\\/\\\/anoticiaonline.com.br\\\/site\\\/categoria\\\/muriae\\\/#listItem\",\"name\":\"Blog\"}},{\"@type\":\"ListItem\",\"@id\":\"https:\\\/\\\/anoticiaonline.com.br\\\/site\\\/categoria\\\/muriae\\\/#listItem\",\"position\":2,\"name\":\"Blog\",\"item\":\"https:\\\/\\\/anoticiaonline.com.br\\\/site\\\/categoria\\\/muriae\\\/\",\"nextItem\":{\"@type\":\"ListItem\",\"@id\":\"https:\\\/\\\/anoticiaonline.com.br\\\/site\\\/vereadores-da-camara-municipal-de-muriae-homenageiam-mulheres-com-o-titulo-mulher-muriaeense\\\/#listItem\",\"name\":\"Vereadores da C\\u00e2mara Municipal de Muria\\u00e9 homenageiam mulheres com o t\\u00edtulo \\u201cMulher Muriaeense\\u201d\"},\"previousItem\":{\"@type\":\"ListItem\",\"@id\":\"https:\\\/\\\/anoticiaonline.com.br\\\/site#listItem\",\"name\":\"Home\"}},{\"@type\":\"ListItem\",\"@id\":\"https:\\\/\\\/anoticiaonline.com.br\\\/site\\\/vereadores-da-camara-municipal-de-muriae-homenageiam-mulheres-com-o-titulo-mulher-muriaeense\\\/#listItem\",\"position\":3,\"name\":\"Vereadores da C\\u00e2mara Municipal de Muria\\u00e9 homenageiam mulheres com o t\\u00edtulo \\u201cMulher Muriaeense\\u201d\",\"previousItem\":{\"@type\":\"ListItem\",\"@id\":\"https:\\\/\\\/anoticiaonline.com.br\\\/site\\\/categoria\\\/muriae\\\/#listItem\",\"name\":\"Blog\"}}]},{\"@type\":\"Organization\",\"@id\":\"https:\\\/\\\/anoticiaonline.com.br\\\/site\\\/#organization\",\"name\":\"A Not\\u00edcia Online\",\"description\":\"Noticias de Muria\\u00e9 e regi\\u00e3o\",\"url\":\"https:\\\/\\\/anoticiaonline.com.br\\\/site\\\/\",\"logo\":{\"@type\":\"ImageObject\",\"url\":\"https:\\\/\\\/scontent-gig4-1.xx.fbcdn.net\\\/v\\\/t39.30808-1\\\/270437624_4564083193639691_6907940295614233970_n.jpg?stp=dst-jpg_s200x200_tt6&_nc_cat=111&ccb=1-7&_nc_sid=f907e8&_nc_ohc=SM1wRlP3lJwQ7kNvwEPuBYA&_nc_oc=AdnqrjDN_BNjSSHWO-GbkIWH6fkGMLw4bqvL_NH6e2wMveX7G-rP2dAqsDSq1mJMOaY&_nc_zt=24&_nc_ht=scontent-gig4-1.xx&_nc_gid=AoBFJeGrT1hVaew_6rchkQ&oh=00_AfX7QmFGhQhG2jAllVgXCiM1ZrWgvtp80-Bfppyexh1QEg&oe=689E923C\",\"@id\":\"https:\\\/\\\/anoticiaonline.com.br\\\/site\\\/vereadores-da-camara-municipal-de-muriae-homenageiam-mulheres-com-o-titulo-mulher-muriaeense\\\/#organizationLogo\"},\"image\":{\"@id\":\"https:\\\/\\\/anoticiaonline.com.br\\\/site\\\/vereadores-da-camara-municipal-de-muriae-homenageiam-mulheres-com-o-titulo-mulher-muriaeense\\\/#organizationLogo\"}},{\"@type\":\"Person\",\"@id\":\"https:\\\/\\\/anoticiaonline.com.br\\\/site\\\/author\\\/juliana\\\/#author\",\"url\":\"https:\\\/\\\/anoticiaonline.com.br\\\/site\\\/author\\\/juliana\\\/\",\"name\":\"Juliana Laviola\",\"image\":{\"@type\":\"ImageObject\",\"@id\":\"https:\\\/\\\/anoticiaonline.com.br\\\/site\\\/vereadores-da-camara-municipal-de-muriae-homenageiam-mulheres-com-o-titulo-mulher-muriaeense\\\/#authorImage\",\"url\":\"https:\\\/\\\/secure.gravatar.com\\\/avatar\\\/b8d45f5c699b100dfaf0e543582f38f38bf94cb7ae3a5e9abf8d891a34773335?s=96&d=mm&r=g\",\"width\":96,\"height\":96,\"caption\":\"Juliana Laviola\"}},{\"@type\":\"WebPage\",\"@id\":\"https:\\\/\\\/anoticiaonline.com.br\\\/site\\\/vereadores-da-camara-municipal-de-muriae-homenageiam-mulheres-com-o-titulo-mulher-muriaeense\\\/#webpage\",\"url\":\"https:\\\/\\\/anoticiaonline.com.br\\\/site\\\/vereadores-da-camara-municipal-de-muriae-homenageiam-mulheres-com-o-titulo-mulher-muriaeense\\\/\",\"name\":\"Vereadores da C\\u00e2mara Municipal de Muria\\u00e9 homenageiam mulheres com o t\\u00edtulo \\u201cMulher Muriaeense\\u201d - A Not\\u00edcia Online\",\"description\":\"A C\\u00e2mara de Muria\\u00e9 realizou na noite de ter\\u00e7a-feira (20) a entrega dos t\\u00edtulos \\u201cMulher Muriaeense\\u201d 2018. Uma honraria baseada na Lei Municipal 5.396\\\/2017, criada pela vereadora Dra. Miriam Facchini, que objetiva promover e destacar as mulheres que tenham oferecido alguma contribui\\u00e7\\u00e3o para o desenvolvimento social, econ\\u00f4mico ou pol\\u00edtico de Muria\\u00e9. Vereadores e\",\"inLanguage\":\"pt-BR\",\"isPartOf\":{\"@id\":\"https:\\\/\\\/anoticiaonline.com.br\\\/site\\\/#website\"},\"breadcrumb\":{\"@id\":\"https:\\\/\\\/anoticiaonline.com.br\\\/site\\\/vereadores-da-camara-municipal-de-muriae-homenageiam-mulheres-com-o-titulo-mulher-muriaeense\\\/#breadcrumblist\"},\"author\":{\"@id\":\"https:\\\/\\\/anoticiaonline.com.br\\\/site\\\/author\\\/juliana\\\/#author\"},\"creator\":{\"@id\":\"https:\\\/\\\/anoticiaonline.com.br\\\/site\\\/author\\\/juliana\\\/#author\"},\"image\":{\"@type\":\"ImageObject\",\"url\":\"https:\\\/\\\/anoticiaonline.com.br\\\/site\\\/wp-content\\\/uploads\\\/2018\\\/03\\\/DSC_1088.jpg\",\"@id\":\"https:\\\/\\\/anoticiaonline.com.br\\\/site\\\/vereadores-da-camara-municipal-de-muriae-homenageiam-mulheres-com-o-titulo-mulher-muriaeense\\\/#mainImage\",\"width\":640,\"height\":427},\"primaryImageOfPage\":{\"@id\":\"https:\\\/\\\/anoticiaonline.com.br\\\/site\\\/vereadores-da-camara-municipal-de-muriae-homenageiam-mulheres-com-o-titulo-mulher-muriaeense\\\/#mainImage\"},\"datePublished\":\"2018-03-22T22:23:36-03:00\",\"dateModified\":\"2018-03-22T22:39:14-03:00\"},{\"@type\":\"WebSite\",\"@id\":\"https:\\\/\\\/anoticiaonline.com.br\\\/site\\\/#website\",\"url\":\"https:\\\/\\\/anoticiaonline.com.br\\\/site\\\/\",\"name\":\"A Not\\u00edcia Online\",\"description\":\"Noticias de Muria\\u00e9 e regi\\u00e3o\",\"inLanguage\":\"pt-BR\",\"publisher\":{\"@id\":\"https:\\\/\\\/anoticiaonline.com.br\\\/site\\\/#organization\"}}]}\n\t\t<\/script>\n\t\t<!-- All in One SEO -->\n\n","aioseo_head_json":{"title":"Vereadores da C\u00e2mara Municipal de Muria\u00e9 homenageiam mulheres com o t\u00edtulo \u201cMulher Muriaeense\u201d - A Not\u00edcia Online","description":"A C\u00e2mara de Muria\u00e9 realizou na noite de ter\u00e7a-feira (20) a entrega dos t\u00edtulos \u201cMulher Muriaeense\u201d 2018. Uma honraria baseada na Lei Municipal 5.396\/2017, criada pela vereadora Dra. Miriam Facchini, que objetiva promover e destacar as mulheres que tenham oferecido alguma contribui\u00e7\u00e3o para o desenvolvimento social, econ\u00f4mico ou pol\u00edtico de Muria\u00e9. Vereadores e","canonical_url":"https:\/\/anoticiaonline.com.br\/site\/vereadores-da-camara-municipal-de-muriae-homenageiam-mulheres-com-o-titulo-mulher-muriaeense\/","robots":"max-image-preview:large","keywords":"","webmasterTools":{"miscellaneous":""},"schema":{"@context":"https:\/\/schema.org","@graph":[{"@type":"BlogPosting","@id":"https:\/\/anoticiaonline.com.br\/site\/vereadores-da-camara-municipal-de-muriae-homenageiam-mulheres-com-o-titulo-mulher-muriaeense\/#blogposting","name":"Vereadores da C\u00e2mara Municipal de Muria\u00e9 homenageiam mulheres com o t\u00edtulo \u201cMulher Muriaeense\u201d - A Not\u00edcia Online","headline":"Vereadores da C\u00e2mara Municipal de Muria\u00e9 homenageiam mulheres com o t\u00edtulo \u201cMulher Muriaeense\u201d","author":{"@id":"https:\/\/anoticiaonline.com.br\/site\/author\/juliana\/#author"},"publisher":{"@id":"https:\/\/anoticiaonline.com.br\/site\/#organization"},"image":{"@type":"ImageObject","url":"https:\/\/anoticiaonline.com.br\/site\/wp-content\/uploads\/2018\/03\/DSC_1088.jpg","width":640,"height":427},"datePublished":"2018-03-22T22:23:36-03:00","dateModified":"2018-03-22T22:39:14-03:00","inLanguage":"pt-BR","mainEntityOfPage":{"@id":"https:\/\/anoticiaonline.com.br\/site\/vereadores-da-camara-municipal-de-muriae-homenageiam-mulheres-com-o-titulo-mulher-muriaeense\/#webpage"},"isPartOf":{"@id":"https:\/\/anoticiaonline.com.br\/site\/vereadores-da-camara-municipal-de-muriae-homenageiam-mulheres-com-o-titulo-mulher-muriaeense\/#webpage"},"articleSection":"Blog, c\u00e2mara de muria\u00e9, C\u00e2mara Municipal de Muria\u00e9, Dia da Mulher, Lei Municipal 5.396\/2017, Mulher Muriaeense"},{"@type":"BreadcrumbList","@id":"https:\/\/anoticiaonline.com.br\/site\/vereadores-da-camara-municipal-de-muriae-homenageiam-mulheres-com-o-titulo-mulher-muriaeense\/#breadcrumblist","itemListElement":[{"@type":"ListItem","@id":"https:\/\/anoticiaonline.com.br\/site#listItem","position":1,"name":"Home","item":"https:\/\/anoticiaonline.com.br\/site","nextItem":{"@type":"ListItem","@id":"https:\/\/anoticiaonline.com.br\/site\/categoria\/muriae\/#listItem","name":"Blog"}},{"@type":"ListItem","@id":"https:\/\/anoticiaonline.com.br\/site\/categoria\/muriae\/#listItem","position":2,"name":"Blog","item":"https:\/\/anoticiaonline.com.br\/site\/categoria\/muriae\/","nextItem":{"@type":"ListItem","@id":"https:\/\/anoticiaonline.com.br\/site\/vereadores-da-camara-municipal-de-muriae-homenageiam-mulheres-com-o-titulo-mulher-muriaeense\/#listItem","name":"Vereadores da C\u00e2mara Municipal de Muria\u00e9 homenageiam mulheres com o t\u00edtulo \u201cMulher Muriaeense\u201d"},"previousItem":{"@type":"ListItem","@id":"https:\/\/anoticiaonline.com.br\/site#listItem","name":"Home"}},{"@type":"ListItem","@id":"https:\/\/anoticiaonline.com.br\/site\/vereadores-da-camara-municipal-de-muriae-homenageiam-mulheres-com-o-titulo-mulher-muriaeense\/#listItem","position":3,"name":"Vereadores da C\u00e2mara Municipal de Muria\u00e9 homenageiam mulheres com o t\u00edtulo \u201cMulher Muriaeense\u201d","previousItem":{"@type":"ListItem","@id":"https:\/\/anoticiaonline.com.br\/site\/categoria\/muriae\/#listItem","name":"Blog"}}]},{"@type":"Organization","@id":"https:\/\/anoticiaonline.com.br\/site\/#organization","name":"A Not\u00edcia Online","description":"Noticias de Muria\u00e9 e regi\u00e3o","url":"https:\/\/anoticiaonline.com.br\/site\/","logo":{"@type":"ImageObject","url":"https:\/\/scontent-gig4-1.xx.fbcdn.net\/v\/t39.30808-1\/270437624_4564083193639691_6907940295614233970_n.jpg?stp=dst-jpg_s200x200_tt6&_nc_cat=111&ccb=1-7&_nc_sid=f907e8&_nc_ohc=SM1wRlP3lJwQ7kNvwEPuBYA&_nc_oc=AdnqrjDN_BNjSSHWO-GbkIWH6fkGMLw4bqvL_NH6e2wMveX7G-rP2dAqsDSq1mJMOaY&_nc_zt=24&_nc_ht=scontent-gig4-1.xx&_nc_gid=AoBFJeGrT1hVaew_6rchkQ&oh=00_AfX7QmFGhQhG2jAllVgXCiM1ZrWgvtp80-Bfppyexh1QEg&oe=689E923C","@id":"https:\/\/anoticiaonline.com.br\/site\/vereadores-da-camara-municipal-de-muriae-homenageiam-mulheres-com-o-titulo-mulher-muriaeense\/#organizationLogo"},"image":{"@id":"https:\/\/anoticiaonline.com.br\/site\/vereadores-da-camara-municipal-de-muriae-homenageiam-mulheres-com-o-titulo-mulher-muriaeense\/#organizationLogo"}},{"@type":"Person","@id":"https:\/\/anoticiaonline.com.br\/site\/author\/juliana\/#author","url":"https:\/\/anoticiaonline.com.br\/site\/author\/juliana\/","name":"Juliana Laviola","image":{"@type":"ImageObject","@id":"https:\/\/anoticiaonline.com.br\/site\/vereadores-da-camara-municipal-de-muriae-homenageiam-mulheres-com-o-titulo-mulher-muriaeense\/#authorImage","url":"https:\/\/secure.gravatar.com\/avatar\/b8d45f5c699b100dfaf0e543582f38f38bf94cb7ae3a5e9abf8d891a34773335?s=96&d=mm&r=g","width":96,"height":96,"caption":"Juliana Laviola"}},{"@type":"WebPage","@id":"https:\/\/anoticiaonline.com.br\/site\/vereadores-da-camara-municipal-de-muriae-homenageiam-mulheres-com-o-titulo-mulher-muriaeense\/#webpage","url":"https:\/\/anoticiaonline.com.br\/site\/vereadores-da-camara-municipal-de-muriae-homenageiam-mulheres-com-o-titulo-mulher-muriaeense\/","name":"Vereadores da C\u00e2mara Municipal de Muria\u00e9 homenageiam mulheres com o t\u00edtulo \u201cMulher Muriaeense\u201d - A Not\u00edcia Online","description":"A C\u00e2mara de Muria\u00e9 realizou na noite de ter\u00e7a-feira (20) a entrega dos t\u00edtulos \u201cMulher Muriaeense\u201d 2018. Uma honraria baseada na Lei Municipal 5.396\/2017, criada pela vereadora Dra. Miriam Facchini, que objetiva promover e destacar as mulheres que tenham oferecido alguma contribui\u00e7\u00e3o para o desenvolvimento social, econ\u00f4mico ou pol\u00edtico de Muria\u00e9. Vereadores e","inLanguage":"pt-BR","isPartOf":{"@id":"https:\/\/anoticiaonline.com.br\/site\/#website"},"breadcrumb":{"@id":"https:\/\/anoticiaonline.com.br\/site\/vereadores-da-camara-municipal-de-muriae-homenageiam-mulheres-com-o-titulo-mulher-muriaeense\/#breadcrumblist"},"author":{"@id":"https:\/\/anoticiaonline.com.br\/site\/author\/juliana\/#author"},"creator":{"@id":"https:\/\/anoticiaonline.com.br\/site\/author\/juliana\/#author"},"image":{"@type":"ImageObject","url":"https:\/\/anoticiaonline.com.br\/site\/wp-content\/uploads\/2018\/03\/DSC_1088.jpg","@id":"https:\/\/anoticiaonline.com.br\/site\/vereadores-da-camara-municipal-de-muriae-homenageiam-mulheres-com-o-titulo-mulher-muriaeense\/#mainImage","width":640,"height":427},"primaryImageOfPage":{"@id":"https:\/\/anoticiaonline.com.br\/site\/vereadores-da-camara-municipal-de-muriae-homenageiam-mulheres-com-o-titulo-mulher-muriaeense\/#mainImage"},"datePublished":"2018-03-22T22:23:36-03:00","dateModified":"2018-03-22T22:39:14-03:00"},{"@type":"WebSite","@id":"https:\/\/anoticiaonline.com.br\/site\/#website","url":"https:\/\/anoticiaonline.com.br\/site\/","name":"A Not\u00edcia Online","description":"Noticias de Muria\u00e9 e regi\u00e3o","inLanguage":"pt-BR","publisher":{"@id":"https:\/\/anoticiaonline.com.br\/site\/#organization"}}]},"og:locale":"pt_BR","og:site_name":"A Not\u00edcia Online - Noticias de Muria\u00e9 e regi\u00e3o","og:type":"article","og:title":"Vereadores da C\u00e2mara Municipal de Muria\u00e9 homenageiam mulheres com o t\u00edtulo \u201cMulher Muriaeense\u201d - A Not\u00edcia Online","og:description":"A C\u00e2mara de Muria\u00e9 realizou na noite de ter\u00e7a-feira (20) a entrega dos t\u00edtulos \u201cMulher Muriaeense\u201d 2018. Uma honraria baseada na Lei Municipal 5.396\/2017, criada pela vereadora Dra. Miriam Facchini, que objetiva promover e destacar as mulheres que tenham oferecido alguma contribui\u00e7\u00e3o para o desenvolvimento social, econ\u00f4mico ou pol\u00edtico de Muria\u00e9. Vereadores e","og:url":"https:\/\/anoticiaonline.com.br\/site\/vereadores-da-camara-municipal-de-muriae-homenageiam-mulheres-com-o-titulo-mulher-muriaeense\/","og:image":"https:\/\/scontent-gig4-1.xx.fbcdn.net\/v\/t39.30808-1\/270437624_4564083193639691_6907940295614233970_n.jpg?stp=dst-jpg_s200x200_tt6&#038;_nc_cat=111&#038;ccb=1-7&#038;_nc_sid=f907e8&#038;_nc_ohc=SM1wRlP3lJwQ7kNvwEPuBYA&#038;_nc_oc=AdnqrjDN_BNjSSHWO-GbkIWH6fkGMLw4bqvL_NH6e2wMveX7G-rP2dAqsDSq1mJMOaY&#038;_nc_zt=24&#038;_nc_ht=scontent-gig4-1.xx&#038;_nc_gid=AoBFJeGrT1hVaew_6rchkQ&#038;oh=00_AfX7QmFGhQhG2jAllVgXCiM1ZrWgvtp80-Bfppyexh1QEg&#038;oe=689E923C","og:image:secure_url":"https:\/\/scontent-gig4-1.xx.fbcdn.net\/v\/t39.30808-1\/270437624_4564083193639691_6907940295614233970_n.jpg?stp=dst-jpg_s200x200_tt6&#038;_nc_cat=111&#038;ccb=1-7&#038;_nc_sid=f907e8&#038;_nc_ohc=SM1wRlP3lJwQ7kNvwEPuBYA&#038;_nc_oc=AdnqrjDN_BNjSSHWO-GbkIWH6fkGMLw4bqvL_NH6e2wMveX7G-rP2dAqsDSq1mJMOaY&#038;_nc_zt=24&#038;_nc_ht=scontent-gig4-1.xx&#038;_nc_gid=AoBFJeGrT1hVaew_6rchkQ&#038;oh=00_AfX7QmFGhQhG2jAllVgXCiM1ZrWgvtp80-Bfppyexh1QEg&#038;oe=689E923C","article:published_time":"2018-03-23T01:23:36+00:00","article:modified_time":"2018-03-23T01:39:14+00:00","twitter:card":"summary_large_image","twitter:title":"Vereadores da C\u00e2mara Municipal de Muria\u00e9 homenageiam mulheres com o t\u00edtulo \u201cMulher Muriaeense\u201d - A Not\u00edcia Online","twitter:description":"A C\u00e2mara de Muria\u00e9 realizou na noite de ter\u00e7a-feira (20) a entrega dos t\u00edtulos \u201cMulher Muriaeense\u201d 2018. Uma honraria baseada na Lei Municipal 5.396\/2017, criada pela vereadora Dra. Miriam Facchini, que objetiva promover e destacar as mulheres que tenham oferecido alguma contribui\u00e7\u00e3o para o desenvolvimento social, econ\u00f4mico ou pol\u00edtico de Muria\u00e9. Vereadores e","twitter:image":"https:\/\/scontent-gig4-1.xx.fbcdn.net\/v\/t39.30808-1\/270437624_4564083193639691_6907940295614233970_n.jpg?stp=dst-jpg_s200x200_tt6&_nc_cat=111&ccb=1-7&_nc_sid=f907e8&_nc_ohc=SM1wRlP3lJwQ7kNvwEPuBYA&_nc_oc=AdnqrjDN_BNjSSHWO-GbkIWH6fkGMLw4bqvL_NH6e2wMveX7G-rP2dAqsDSq1mJMOaY&_nc_zt=24&_nc_ht=scontent-gig4-1.xx&_nc_gid=AoBFJeGrT1hVaew_6rchkQ&oh=00_AfX7QmFGhQhG2jAllVgXCiM1ZrWgvtp80-Bfppyexh1QEg&oe=689E923C"},"aioseo_meta_data":{"post_id":"51944","title":null,"description":null,"keywords":null,"keyphrases":null,"primary_term":null,"canonical_url":null,"og_title":null,"og_description":null,"og_object_type":"default","og_image_type":"default","og_image_url":null,"og_image_width":null,"og_image_height":null,"og_image_custom_url":null,"og_image_custom_fields":null,"og_video":null,"og_custom_url":null,"og_article_section":null,"og_article_tags":null,"twitter_use_og":false,"twitter_card":"default","twitter_image_type":"default","twitter_image_url":null,"twitter_image_custom_url":null,"twitter_image_custom_fields":null,"twitter_title":null,"twitter_description":null,"schema":{"blockGraphs":[],"customGraphs":[],"default":{"data":{"Article":[],"Course":[],"Dataset":[],"FAQPage":[],"Movie":[],"Person":[],"Product":[],"ProductReview":[],"Car":[],"Recipe":[],"Service":[],"SoftwareApplication":[],"WebPage":[]},"graphName":"","isEnabled":true},"graphs":[]},"schema_type":"default","schema_type_options":null,"pillar_content":false,"robots_default":true,"robots_noindex":false,"robots_noarchive":false,"robots_nosnippet":false,"robots_nofollow":false,"robots_noimageindex":false,"robots_noodp":false,"robots_notranslate":false,"robots_max_snippet":null,"robots_max_videopreview":null,"robots_max_imagepreview":"large","priority":null,"frequency":null,"local_seo":null,"breadcrumb_settings":null,"limit_modified_date":false,"ai":null,"created":"2025-08-16 20:33:28","updated":"2025-08-16 20:33:28","focus_keyword":null,"additional_keywords":null,"truseo_locale":null,"seo_analyzer_scan_date":null},"aioseo_breadcrumb":"<div class=\"aioseo-breadcrumbs\"><span class=\"aioseo-breadcrumb\">\n\t\t\t<a href=\"https:\/\/anoticiaonline.com.br\/site\" title=\"Home\">Home<\/a>\n\t\t<\/span><span class=\"aioseo-breadcrumb-separator\">&raquo;<\/span><span class=\"aioseo-breadcrumb\">\n\t\t\t<a href=\"https:\/\/anoticiaonline.com.br\/site\/categoria\/muriae\/\" title=\"Blog\">Blog<\/a>\n\t\t<\/span><span class=\"aioseo-breadcrumb-separator\">&raquo;<\/span><span class=\"aioseo-breadcrumb\">\n\t\t\tVereadores da C\u00e2mara Municipal de Muria\u00e9 homenageiam mulheres com o t\u00edtulo \u201cMulher Muriaeense\u201d\n\t\t<\/span><\/div>","aioseo_breadcrumb_json":[{"label":"Home","link":"https:\/\/anoticiaonline.com.br\/site"},{"label":"Blog","link":"https:\/\/anoticiaonline.com.br\/site\/categoria\/muriae\/"},{"label":"Vereadores da C\u00e2mara Municipal de Muria\u00e9 homenageiam mulheres com o t\u00edtulo \u201cMulher Muriaeense\u201d","link":"https:\/\/anoticiaonline.com.br\/site\/vereadores-da-camara-municipal-de-muriae-homenageiam-mulheres-com-o-titulo-mulher-muriaeense\/"}],"views":165,"_links":{"self":[{"href":"https:\/\/anoticiaonline.com.br\/site\/wp-json\/wp\/v2\/posts\/51944","targetHints":{"allow":["GET"]}}],"collection":[{"href":"https:\/\/anoticiaonline.com.br\/site\/wp-json\/wp\/v2\/posts"}],"about":[{"href":"https:\/\/anoticiaonline.com.br\/site\/wp-json\/wp\/v2\/types\/post"}],"author":[{"embeddable":true,"href":"https:\/\/anoticiaonline.com.br\/site\/wp-json\/wp\/v2\/users\/2"}],"replies":[{"embeddable":true,"href":"https:\/\/anoticiaonline.com.br\/site\/wp-json\/wp\/v2\/comments?post=51944"}],"version-history":[{"count":0,"href":"https:\/\/anoticiaonline.com.br\/site\/wp-json\/wp\/v2\/posts\/51944\/revisions"}],"wp:featuredmedia":[{"embeddable":true,"href":"https:\/\/anoticiaonline.com.br\/site\/wp-json\/wp\/v2\/media\/51966"}],"wp:attachment":[{"href":"https:\/\/anoticiaonline.com.br\/site\/wp-json\/wp\/v2\/media?parent=51944"}],"wp:term":[{"taxonomy":"category","embeddable":true,"href":"https:\/\/anoticiaonline.com.br\/site\/wp-json\/wp\/v2\/categories?post=51944"},{"taxonomy":"post_tag","embeddable":true,"href":"https:\/\/anoticiaonline.com.br\/site\/wp-json\/wp\/v2\/tags?post=51944"}],"curies":[{"name":"wp","href":"https:\/\/api.w.org\/{rel}","templated":true}]}}