{"id":51924,"date":"2018-03-22T17:12:39","date_gmt":"2018-03-22T20:12:39","guid":{"rendered":"http:\/\/anoticiaonline.com.br\/site\/?p=51924"},"modified":"2018-03-22T17:12:39","modified_gmt":"2018-03-22T20:12:39","slug":"dia-mundial-da-agua-e-comemorado-com-atividades-de-conscientizacao","status":"publish","type":"post","link":"https:\/\/anoticiaonline.com.br\/site\/dia-mundial-da-agua-e-comemorado-com-atividades-de-conscientizacao\/","title":{"rendered":"Dia Mundial da \u00e1gua \u00e9 comemorado com atividades de conscientiza\u00e7\u00e3o"},"content":{"rendered":"<p><a href=\"https:\/\/anoticiaonline.com.br\/site\/wp-content\/uploads\/2018\/03\/Dia-Mundial-da-\u00e1gua-\u00e9-comemorado-com-atividades-de-conscientiza\u00e7\u00e3o-3.jpg\"><img fetchpriority=\"high\" decoding=\"async\" class=\"alignnone size-full wp-image-51925\" src=\"https:\/\/anoticiaonline.com.br\/site\/wp-content\/uploads\/2018\/03\/Dia-Mundial-da-\u00e1gua-\u00e9-comemorado-com-atividades-de-conscientiza\u00e7\u00e3o-3.jpg\" alt=\"\" width=\"640\" height=\"427\" srcset=\"https:\/\/anoticiaonline.com.br\/site\/wp-content\/uploads\/2018\/03\/Dia-Mundial-da-\u00e1gua-\u00e9-comemorado-com-atividades-de-conscientiza\u00e7\u00e3o-3.jpg 640w, https:\/\/anoticiaonline.com.br\/site\/wp-content\/uploads\/2018\/03\/Dia-Mundial-da-\u00e1gua-\u00e9-comemorado-com-atividades-de-conscientiza\u00e7\u00e3o-3-300x200.jpg 300w\" sizes=\"(max-width: 640px) 100vw, 640px\" \/><\/a> <a href=\"https:\/\/anoticiaonline.com.br\/site\/wp-content\/uploads\/2018\/03\/Dia-Mundial-da-\u00e1gua-\u00e9-comemorado-com-atividades-de-conscientiza\u00e7\u00e3o.jpg\"><img decoding=\"async\" class=\"alignnone size-full wp-image-51926\" src=\"https:\/\/anoticiaonline.com.br\/site\/wp-content\/uploads\/2018\/03\/Dia-Mundial-da-\u00e1gua-\u00e9-comemorado-com-atividades-de-conscientiza\u00e7\u00e3o.jpg\" alt=\"\" width=\"640\" height=\"427\" srcset=\"https:\/\/anoticiaonline.com.br\/site\/wp-content\/uploads\/2018\/03\/Dia-Mundial-da-\u00e1gua-\u00e9-comemorado-com-atividades-de-conscientiza\u00e7\u00e3o.jpg 640w, https:\/\/anoticiaonline.com.br\/site\/wp-content\/uploads\/2018\/03\/Dia-Mundial-da-\u00e1gua-\u00e9-comemorado-com-atividades-de-conscientiza\u00e7\u00e3o-300x200.jpg 300w\" sizes=\"(max-width: 640px) 100vw, 640px\" \/><\/a> <a href=\"https:\/\/anoticiaonline.com.br\/site\/wp-content\/uploads\/2018\/03\/Dia-Mundial-da-\u00e1gua-\u00e9-comemorado-com-atividades-de-conscientiza\u00e7\u00e3o-2.jpg\"><img decoding=\"async\" class=\"alignnone size-full wp-image-51927\" src=\"https:\/\/anoticiaonline.com.br\/site\/wp-content\/uploads\/2018\/03\/Dia-Mundial-da-\u00e1gua-\u00e9-comemorado-com-atividades-de-conscientiza\u00e7\u00e3o-2.jpg\" alt=\"\" width=\"640\" height=\"427\" srcset=\"https:\/\/anoticiaonline.com.br\/site\/wp-content\/uploads\/2018\/03\/Dia-Mundial-da-\u00e1gua-\u00e9-comemorado-com-atividades-de-conscientiza\u00e7\u00e3o-2.jpg 640w, https:\/\/anoticiaonline.com.br\/site\/wp-content\/uploads\/2018\/03\/Dia-Mundial-da-\u00e1gua-\u00e9-comemorado-com-atividades-de-conscientiza\u00e7\u00e3o-2-300x200.jpg 300w\" sizes=\"(max-width: 640px) 100vw, 640px\" \/><\/a><\/p>\n<p>No Dia Mundial da \u00e1gua, comemorado sempre em 22 de mar\u00e7o, foi celebrado pelo Demsur, que realizou na Pra\u00e7a Jo\u00e3o Pinheiro, uma atividade para conscientizar a popula\u00e7\u00e3o sobre a import\u00e2ncia de preservar esse bem t\u00e3o precioso.<\/p>\n<p>A atividade contou com a participa\u00e7\u00e3o dos Escoteiros de Muria\u00e9 e com os alunos da Escola Municipal Gilberto Jos\u00e9 T\u00e2nus Braz.<\/p>\n<p>Para facilitar o entendimento da popula\u00e7\u00e3o e das crian\u00e7as, os servidores da autarquia municipal, Alessandro Pontes e Elisangela Fagundes, que interpretaram os palha\u00e7os, Lili e Mocot\u00f3, animaram quem passava pelo local, dando dicas de como \u00e9 f\u00e1cil economizar \u00e1gua e manter a cidade limpa.<\/p>\n<p>Foi montada uma tenda onde foi distribu\u00edda \u00e1gua pot\u00e1vel para os consumidores matarem a sede. Ao final da programa\u00e7\u00e3o, os escoteiros ainda fizeram uma blitz educativa distribuindo panfletos aos comerciantes e pedestres falando sobre os caminhos que a \u00e1gua percorre at\u00e9 chegar \u00e0s resid\u00eancias.<\/p>\n<p>Cr\u00e9ditos: ASCOM DEMSUR<\/p>\n","protected":false},"excerpt":{"rendered":"<p>No Dia Mundial da \u00e1gua, comemorado sempre em 22 de mar\u00e7o, foi celebrado pelo Demsur, que realizou na Pra\u00e7a Jo\u00e3o Pinheiro, uma atividade para conscientizar a popula\u00e7\u00e3o sobre a import\u00e2ncia de preservar esse bem t\u00e3o precioso. A atividade contou com a participa\u00e7\u00e3o dos Escoteiros de Muria\u00e9 e com os alunos da Escola Municipal Gilberto Jos\u00e9 &#8230; <a title=\"Dia Mundial da \u00e1gua \u00e9 comemorado com atividades de conscientiza\u00e7\u00e3o\" class=\"read-more\" href=\"https:\/\/anoticiaonline.com.br\/site\/dia-mundial-da-agua-e-comemorado-com-atividades-de-conscientizacao\/\" aria-label=\"Read more about Dia Mundial da \u00e1gua \u00e9 comemorado com atividades de conscientiza\u00e7\u00e3o\">Ler mais<\/a><\/p>\n","protected":false},"author":2,"featured_media":51926,"comment_status":"open","ping_status":"open","sticky":false,"template":"","format":"standard","meta":{"_acf_changed":false,"_monsterinsights_skip_tracking":false,"footnotes":""},"categories":[30],"tags":[315,232,115,2224,74,1522],"class_list":["post-51924","post","type-post","status-publish","format-standard","has-post-thumbnail","hentry","category-muriae","tag-agua","tag-campanha","tag-demsur","tag-dia-da-agua","tag-muriae","tag-populacao"],"acf":[],"aioseo_notices":[],"aioseo_head":"\n\t\t<!-- All in One SEO 5.0.0.1 - aioseo.com -->\n\t<meta name=\"description\" content=\"No Dia Mundial da \u00e1gua, comemorado sempre em 22 de mar\u00e7o, foi celebrado pelo Demsur, que realizou na Pra\u00e7a Jo\u00e3o Pinheiro, uma atividade para conscientizar a popula\u00e7\u00e3o sobre a import\u00e2ncia de preservar esse bem t\u00e3o precioso. A atividade contou com a participa\u00e7\u00e3o dos Escoteiros de Muria\u00e9 e com os alunos da Escola Municipal Gilberto Jos\u00e9\" \/>\n\t<meta name=\"robots\" content=\"max-image-preview:large\" \/>\n\t<meta name=\"author\" content=\"Juliana Laviola\"\/>\n\t<link rel=\"canonical\" href=\"https:\/\/anoticiaonline.com.br\/site\/dia-mundial-da-agua-e-comemorado-com-atividades-de-conscientizacao\/\" \/>\n\t<meta name=\"generator\" content=\"All in One SEO (AIOSEO) 5.0.0.1\" \/>\n\t\t<meta property=\"og:locale\" content=\"pt_BR\" \/>\n\t\t<meta property=\"og:site_name\" content=\"A Not\u00edcia Online - Noticias de Muria\u00e9 e regi\u00e3o\" \/>\n\t\t<meta property=\"og:type\" content=\"article\" \/>\n\t\t<meta property=\"og:title\" content=\"Dia Mundial da \u00e1gua \u00e9 comemorado com atividades de conscientiza\u00e7\u00e3o - A Not\u00edcia Online\" \/>\n\t\t<meta property=\"og:description\" content=\"No Dia Mundial da \u00e1gua, comemorado sempre em 22 de mar\u00e7o, foi celebrado pelo Demsur, que realizou na Pra\u00e7a Jo\u00e3o Pinheiro, uma atividade para conscientizar a popula\u00e7\u00e3o sobre a import\u00e2ncia de preservar esse bem t\u00e3o precioso. A atividade contou com a participa\u00e7\u00e3o dos Escoteiros de Muria\u00e9 e com os alunos da Escola Municipal Gilberto Jos\u00e9\" \/>\n\t\t<meta property=\"og:url\" content=\"https:\/\/anoticiaonline.com.br\/site\/dia-mundial-da-agua-e-comemorado-com-atividades-de-conscientizacao\/\" \/>\n\t\t<meta property=\"og:image\" content=\"https:\/\/scontent-gig4-1.xx.fbcdn.net\/v\/t39.30808-1\/270437624_4564083193639691_6907940295614233970_n.jpg?stp=dst-jpg_s200x200_tt6&#038;_nc_cat=111&#038;ccb=1-7&#038;_nc_sid=f907e8&#038;_nc_ohc=SM1wRlP3lJwQ7kNvwEPuBYA&#038;_nc_oc=AdnqrjDN_BNjSSHWO-GbkIWH6fkGMLw4bqvL_NH6e2wMveX7G-rP2dAqsDSq1mJMOaY&#038;_nc_zt=24&#038;_nc_ht=scontent-gig4-1.xx&#038;_nc_gid=AoBFJeGrT1hVaew_6rchkQ&#038;oh=00_AfX7QmFGhQhG2jAllVgXCiM1ZrWgvtp80-Bfppyexh1QEg&#038;oe=689E923C\" \/>\n\t\t<meta property=\"og:image:secure_url\" content=\"https:\/\/scontent-gig4-1.xx.fbcdn.net\/v\/t39.30808-1\/270437624_4564083193639691_6907940295614233970_n.jpg?stp=dst-jpg_s200x200_tt6&#038;_nc_cat=111&#038;ccb=1-7&#038;_nc_sid=f907e8&#038;_nc_ohc=SM1wRlP3lJwQ7kNvwEPuBYA&#038;_nc_oc=AdnqrjDN_BNjSSHWO-GbkIWH6fkGMLw4bqvL_NH6e2wMveX7G-rP2dAqsDSq1mJMOaY&#038;_nc_zt=24&#038;_nc_ht=scontent-gig4-1.xx&#038;_nc_gid=AoBFJeGrT1hVaew_6rchkQ&#038;oh=00_AfX7QmFGhQhG2jAllVgXCiM1ZrWgvtp80-Bfppyexh1QEg&#038;oe=689E923C\" \/>\n\t\t<meta property=\"article:published_time\" content=\"2018-03-22T20:12:39+00:00\" \/>\n\t\t<meta property=\"article:modified_time\" content=\"2018-03-22T20:12:39+00:00\" \/>\n\t\t<meta name=\"twitter:card\" content=\"summary_large_image\" \/>\n\t\t<meta name=\"twitter:title\" content=\"Dia Mundial da \u00e1gua \u00e9 comemorado com atividades de conscientiza\u00e7\u00e3o - A Not\u00edcia Online\" \/>\n\t\t<meta name=\"twitter:description\" content=\"No Dia Mundial da \u00e1gua, comemorado sempre em 22 de mar\u00e7o, foi celebrado pelo Demsur, que realizou na Pra\u00e7a Jo\u00e3o Pinheiro, uma atividade para conscientizar a popula\u00e7\u00e3o sobre a import\u00e2ncia de preservar esse bem t\u00e3o precioso. A atividade contou com a participa\u00e7\u00e3o dos Escoteiros de Muria\u00e9 e com os alunos da Escola Municipal Gilberto Jos\u00e9\" \/>\n\t\t<meta name=\"twitter:image\" content=\"https:\/\/scontent-gig4-1.xx.fbcdn.net\/v\/t39.30808-1\/270437624_4564083193639691_6907940295614233970_n.jpg?stp=dst-jpg_s200x200_tt6&amp;_nc_cat=111&amp;ccb=1-7&amp;_nc_sid=f907e8&amp;_nc_ohc=SM1wRlP3lJwQ7kNvwEPuBYA&amp;_nc_oc=AdnqrjDN_BNjSSHWO-GbkIWH6fkGMLw4bqvL_NH6e2wMveX7G-rP2dAqsDSq1mJMOaY&amp;_nc_zt=24&amp;_nc_ht=scontent-gig4-1.xx&amp;_nc_gid=AoBFJeGrT1hVaew_6rchkQ&amp;oh=00_AfX7QmFGhQhG2jAllVgXCiM1ZrWgvtp80-Bfppyexh1QEg&amp;oe=689E923C\" \/>\n\t\t<script type=\"application\/ld+json\" class=\"aioseo-schema\">\n\t\t\t{\"@context\":\"https:\\\/\\\/schema.org\",\"@graph\":[{\"@type\":\"BlogPosting\",\"@id\":\"https:\\\/\\\/anoticiaonline.com.br\\\/site\\\/dia-mundial-da-agua-e-comemorado-com-atividades-de-conscientizacao\\\/#blogposting\",\"name\":\"Dia Mundial da \\u00e1gua \\u00e9 comemorado com atividades de conscientiza\\u00e7\\u00e3o - A Not\\u00edcia Online\",\"headline\":\"Dia Mundial da \\u00e1gua \\u00e9 comemorado com atividades de conscientiza\\u00e7\\u00e3o\",\"author\":{\"@id\":\"https:\\\/\\\/anoticiaonline.com.br\\\/site\\\/author\\\/juliana\\\/#author\"},\"publisher\":{\"@id\":\"https:\\\/\\\/anoticiaonline.com.br\\\/site\\\/#organization\"},\"image\":{\"@type\":\"ImageObject\",\"url\":\"https:\\\/\\\/anoticiaonline.com.br\\\/site\\\/wp-content\\\/uploads\\\/2018\\\/03\\\/Dia-Mundial-da-\\u00e1gua-\\u00e9-comemorado-com-atividades-de-conscientiza\\u00e7\\u00e3o.jpg\",\"width\":640,\"height\":427},\"datePublished\":\"2018-03-22T17:12:39-03:00\",\"dateModified\":\"2018-03-22T17:12:39-03:00\",\"inLanguage\":\"pt-BR\",\"mainEntityOfPage\":{\"@id\":\"https:\\\/\\\/anoticiaonline.com.br\\\/site\\\/dia-mundial-da-agua-e-comemorado-com-atividades-de-conscientizacao\\\/#webpage\"},\"isPartOf\":{\"@id\":\"https:\\\/\\\/anoticiaonline.com.br\\\/site\\\/dia-mundial-da-agua-e-comemorado-com-atividades-de-conscientizacao\\\/#webpage\"},\"articleSection\":\"Blog, \\u00e1gua, campanha, demsur, dia da agua, Muria\\u00e9, popula\\u00e7\\u00e3o\"},{\"@type\":\"BreadcrumbList\",\"@id\":\"https:\\\/\\\/anoticiaonline.com.br\\\/site\\\/dia-mundial-da-agua-e-comemorado-com-atividades-de-conscientizacao\\\/#breadcrumblist\",\"itemListElement\":[{\"@type\":\"ListItem\",\"@id\":\"https:\\\/\\\/anoticiaonline.com.br\\\/site#listItem\",\"position\":1,\"name\":\"Home\",\"item\":\"https:\\\/\\\/anoticiaonline.com.br\\\/site\",\"nextItem\":{\"@type\":\"ListItem\",\"@id\":\"https:\\\/\\\/anoticiaonline.com.br\\\/site\\\/categoria\\\/muriae\\\/#listItem\",\"name\":\"Blog\"}},{\"@type\":\"ListItem\",\"@id\":\"https:\\\/\\\/anoticiaonline.com.br\\\/site\\\/categoria\\\/muriae\\\/#listItem\",\"position\":2,\"name\":\"Blog\",\"item\":\"https:\\\/\\\/anoticiaonline.com.br\\\/site\\\/categoria\\\/muriae\\\/\",\"nextItem\":{\"@type\":\"ListItem\",\"@id\":\"https:\\\/\\\/anoticiaonline.com.br\\\/site\\\/dia-mundial-da-agua-e-comemorado-com-atividades-de-conscientizacao\\\/#listItem\",\"name\":\"Dia Mundial da \\u00e1gua \\u00e9 comemorado com atividades de conscientiza\\u00e7\\u00e3o\"},\"previousItem\":{\"@type\":\"ListItem\",\"@id\":\"https:\\\/\\\/anoticiaonline.com.br\\\/site#listItem\",\"name\":\"Home\"}},{\"@type\":\"ListItem\",\"@id\":\"https:\\\/\\\/anoticiaonline.com.br\\\/site\\\/dia-mundial-da-agua-e-comemorado-com-atividades-de-conscientizacao\\\/#listItem\",\"position\":3,\"name\":\"Dia Mundial da \\u00e1gua \\u00e9 comemorado com atividades de conscientiza\\u00e7\\u00e3o\",\"previousItem\":{\"@type\":\"ListItem\",\"@id\":\"https:\\\/\\\/anoticiaonline.com.br\\\/site\\\/categoria\\\/muriae\\\/#listItem\",\"name\":\"Blog\"}}]},{\"@type\":\"Organization\",\"@id\":\"https:\\\/\\\/anoticiaonline.com.br\\\/site\\\/#organization\",\"name\":\"A Not\\u00edcia Online\",\"description\":\"Noticias de Muria\\u00e9 e regi\\u00e3o\",\"url\":\"https:\\\/\\\/anoticiaonline.com.br\\\/site\\\/\",\"logo\":{\"@type\":\"ImageObject\",\"url\":\"https:\\\/\\\/scontent-gig4-1.xx.fbcdn.net\\\/v\\\/t39.30808-1\\\/270437624_4564083193639691_6907940295614233970_n.jpg?stp=dst-jpg_s200x200_tt6&_nc_cat=111&ccb=1-7&_nc_sid=f907e8&_nc_ohc=SM1wRlP3lJwQ7kNvwEPuBYA&_nc_oc=AdnqrjDN_BNjSSHWO-GbkIWH6fkGMLw4bqvL_NH6e2wMveX7G-rP2dAqsDSq1mJMOaY&_nc_zt=24&_nc_ht=scontent-gig4-1.xx&_nc_gid=AoBFJeGrT1hVaew_6rchkQ&oh=00_AfX7QmFGhQhG2jAllVgXCiM1ZrWgvtp80-Bfppyexh1QEg&oe=689E923C\",\"@id\":\"https:\\\/\\\/anoticiaonline.com.br\\\/site\\\/dia-mundial-da-agua-e-comemorado-com-atividades-de-conscientizacao\\\/#organizationLogo\"},\"image\":{\"@id\":\"https:\\\/\\\/anoticiaonline.com.br\\\/site\\\/dia-mundial-da-agua-e-comemorado-com-atividades-de-conscientizacao\\\/#organizationLogo\"}},{\"@type\":\"Person\",\"@id\":\"https:\\\/\\\/anoticiaonline.com.br\\\/site\\\/author\\\/juliana\\\/#author\",\"url\":\"https:\\\/\\\/anoticiaonline.com.br\\\/site\\\/author\\\/juliana\\\/\",\"name\":\"Juliana Laviola\",\"image\":{\"@type\":\"ImageObject\",\"@id\":\"https:\\\/\\\/anoticiaonline.com.br\\\/site\\\/dia-mundial-da-agua-e-comemorado-com-atividades-de-conscientizacao\\\/#authorImage\",\"url\":\"https:\\\/\\\/secure.gravatar.com\\\/avatar\\\/b8d45f5c699b100dfaf0e543582f38f38bf94cb7ae3a5e9abf8d891a34773335?s=96&d=mm&r=g\",\"width\":96,\"height\":96,\"caption\":\"Juliana Laviola\"}},{\"@type\":\"WebPage\",\"@id\":\"https:\\\/\\\/anoticiaonline.com.br\\\/site\\\/dia-mundial-da-agua-e-comemorado-com-atividades-de-conscientizacao\\\/#webpage\",\"url\":\"https:\\\/\\\/anoticiaonline.com.br\\\/site\\\/dia-mundial-da-agua-e-comemorado-com-atividades-de-conscientizacao\\\/\",\"name\":\"Dia Mundial da \\u00e1gua \\u00e9 comemorado com atividades de conscientiza\\u00e7\\u00e3o - A Not\\u00edcia Online\",\"description\":\"No Dia Mundial da \\u00e1gua, comemorado sempre em 22 de mar\\u00e7o, foi celebrado pelo Demsur, que realizou na Pra\\u00e7a Jo\\u00e3o Pinheiro, uma atividade para conscientizar a popula\\u00e7\\u00e3o sobre a import\\u00e2ncia de preservar esse bem t\\u00e3o precioso. A atividade contou com a participa\\u00e7\\u00e3o dos Escoteiros de Muria\\u00e9 e com os alunos da Escola Municipal Gilberto Jos\\u00e9\",\"inLanguage\":\"pt-BR\",\"isPartOf\":{\"@id\":\"https:\\\/\\\/anoticiaonline.com.br\\\/site\\\/#website\"},\"breadcrumb\":{\"@id\":\"https:\\\/\\\/anoticiaonline.com.br\\\/site\\\/dia-mundial-da-agua-e-comemorado-com-atividades-de-conscientizacao\\\/#breadcrumblist\"},\"author\":{\"@id\":\"https:\\\/\\\/anoticiaonline.com.br\\\/site\\\/author\\\/juliana\\\/#author\"},\"creator\":{\"@id\":\"https:\\\/\\\/anoticiaonline.com.br\\\/site\\\/author\\\/juliana\\\/#author\"},\"image\":{\"@type\":\"ImageObject\",\"url\":\"https:\\\/\\\/anoticiaonline.com.br\\\/site\\\/wp-content\\\/uploads\\\/2018\\\/03\\\/Dia-Mundial-da-\\u00e1gua-\\u00e9-comemorado-com-atividades-de-conscientiza\\u00e7\\u00e3o.jpg\",\"@id\":\"https:\\\/\\\/anoticiaonline.com.br\\\/site\\\/dia-mundial-da-agua-e-comemorado-com-atividades-de-conscientizacao\\\/#mainImage\",\"width\":640,\"height\":427},\"primaryImageOfPage\":{\"@id\":\"https:\\\/\\\/anoticiaonline.com.br\\\/site\\\/dia-mundial-da-agua-e-comemorado-com-atividades-de-conscientizacao\\\/#mainImage\"},\"datePublished\":\"2018-03-22T17:12:39-03:00\",\"dateModified\":\"2018-03-22T17:12:39-03:00\"},{\"@type\":\"WebSite\",\"@id\":\"https:\\\/\\\/anoticiaonline.com.br\\\/site\\\/#website\",\"url\":\"https:\\\/\\\/anoticiaonline.com.br\\\/site\\\/\",\"name\":\"A Not\\u00edcia Online\",\"description\":\"Noticias de Muria\\u00e9 e regi\\u00e3o\",\"inLanguage\":\"pt-BR\",\"publisher\":{\"@id\":\"https:\\\/\\\/anoticiaonline.com.br\\\/site\\\/#organization\"}}]}\n\t\t<\/script>\n\t\t<!-- All in One SEO -->\n\n","aioseo_head_json":{"title":"Dia Mundial da \u00e1gua \u00e9 comemorado com atividades de conscientiza\u00e7\u00e3o - A Not\u00edcia Online","description":"No Dia Mundial da \u00e1gua, comemorado sempre em 22 de mar\u00e7o, foi celebrado pelo Demsur, que realizou na Pra\u00e7a Jo\u00e3o Pinheiro, uma atividade para conscientizar a popula\u00e7\u00e3o sobre a import\u00e2ncia de preservar esse bem t\u00e3o precioso. A atividade contou com a participa\u00e7\u00e3o dos Escoteiros de Muria\u00e9 e com os alunos da Escola Municipal Gilberto Jos\u00e9","canonical_url":"https:\/\/anoticiaonline.com.br\/site\/dia-mundial-da-agua-e-comemorado-com-atividades-de-conscientizacao\/","robots":"max-image-preview:large","keywords":"","webmasterTools":{"miscellaneous":""},"schema":{"@context":"https:\/\/schema.org","@graph":[{"@type":"BlogPosting","@id":"https:\/\/anoticiaonline.com.br\/site\/dia-mundial-da-agua-e-comemorado-com-atividades-de-conscientizacao\/#blogposting","name":"Dia Mundial da \u00e1gua \u00e9 comemorado com atividades de conscientiza\u00e7\u00e3o - A Not\u00edcia Online","headline":"Dia Mundial da \u00e1gua \u00e9 comemorado com atividades de conscientiza\u00e7\u00e3o","author":{"@id":"https:\/\/anoticiaonline.com.br\/site\/author\/juliana\/#author"},"publisher":{"@id":"https:\/\/anoticiaonline.com.br\/site\/#organization"},"image":{"@type":"ImageObject","url":"https:\/\/anoticiaonline.com.br\/site\/wp-content\/uploads\/2018\/03\/Dia-Mundial-da-\u00e1gua-\u00e9-comemorado-com-atividades-de-conscientiza\u00e7\u00e3o.jpg","width":640,"height":427},"datePublished":"2018-03-22T17:12:39-03:00","dateModified":"2018-03-22T17:12:39-03:00","inLanguage":"pt-BR","mainEntityOfPage":{"@id":"https:\/\/anoticiaonline.com.br\/site\/dia-mundial-da-agua-e-comemorado-com-atividades-de-conscientizacao\/#webpage"},"isPartOf":{"@id":"https:\/\/anoticiaonline.com.br\/site\/dia-mundial-da-agua-e-comemorado-com-atividades-de-conscientizacao\/#webpage"},"articleSection":"Blog, \u00e1gua, campanha, demsur, dia da agua, Muria\u00e9, popula\u00e7\u00e3o"},{"@type":"BreadcrumbList","@id":"https:\/\/anoticiaonline.com.br\/site\/dia-mundial-da-agua-e-comemorado-com-atividades-de-conscientizacao\/#breadcrumblist","itemListElement":[{"@type":"ListItem","@id":"https:\/\/anoticiaonline.com.br\/site#listItem","position":1,"name":"Home","item":"https:\/\/anoticiaonline.com.br\/site","nextItem":{"@type":"ListItem","@id":"https:\/\/anoticiaonline.com.br\/site\/categoria\/muriae\/#listItem","name":"Blog"}},{"@type":"ListItem","@id":"https:\/\/anoticiaonline.com.br\/site\/categoria\/muriae\/#listItem","position":2,"name":"Blog","item":"https:\/\/anoticiaonline.com.br\/site\/categoria\/muriae\/","nextItem":{"@type":"ListItem","@id":"https:\/\/anoticiaonline.com.br\/site\/dia-mundial-da-agua-e-comemorado-com-atividades-de-conscientizacao\/#listItem","name":"Dia Mundial da \u00e1gua \u00e9 comemorado com atividades de conscientiza\u00e7\u00e3o"},"previousItem":{"@type":"ListItem","@id":"https:\/\/anoticiaonline.com.br\/site#listItem","name":"Home"}},{"@type":"ListItem","@id":"https:\/\/anoticiaonline.com.br\/site\/dia-mundial-da-agua-e-comemorado-com-atividades-de-conscientizacao\/#listItem","position":3,"name":"Dia Mundial da \u00e1gua \u00e9 comemorado com atividades de conscientiza\u00e7\u00e3o","previousItem":{"@type":"ListItem","@id":"https:\/\/anoticiaonline.com.br\/site\/categoria\/muriae\/#listItem","name":"Blog"}}]},{"@type":"Organization","@id":"https:\/\/anoticiaonline.com.br\/site\/#organization","name":"A Not\u00edcia Online","description":"Noticias de Muria\u00e9 e regi\u00e3o","url":"https:\/\/anoticiaonline.com.br\/site\/","logo":{"@type":"ImageObject","url":"https:\/\/scontent-gig4-1.xx.fbcdn.net\/v\/t39.30808-1\/270437624_4564083193639691_6907940295614233970_n.jpg?stp=dst-jpg_s200x200_tt6&_nc_cat=111&ccb=1-7&_nc_sid=f907e8&_nc_ohc=SM1wRlP3lJwQ7kNvwEPuBYA&_nc_oc=AdnqrjDN_BNjSSHWO-GbkIWH6fkGMLw4bqvL_NH6e2wMveX7G-rP2dAqsDSq1mJMOaY&_nc_zt=24&_nc_ht=scontent-gig4-1.xx&_nc_gid=AoBFJeGrT1hVaew_6rchkQ&oh=00_AfX7QmFGhQhG2jAllVgXCiM1ZrWgvtp80-Bfppyexh1QEg&oe=689E923C","@id":"https:\/\/anoticiaonline.com.br\/site\/dia-mundial-da-agua-e-comemorado-com-atividades-de-conscientizacao\/#organizationLogo"},"image":{"@id":"https:\/\/anoticiaonline.com.br\/site\/dia-mundial-da-agua-e-comemorado-com-atividades-de-conscientizacao\/#organizationLogo"}},{"@type":"Person","@id":"https:\/\/anoticiaonline.com.br\/site\/author\/juliana\/#author","url":"https:\/\/anoticiaonline.com.br\/site\/author\/juliana\/","name":"Juliana Laviola","image":{"@type":"ImageObject","@id":"https:\/\/anoticiaonline.com.br\/site\/dia-mundial-da-agua-e-comemorado-com-atividades-de-conscientizacao\/#authorImage","url":"https:\/\/secure.gravatar.com\/avatar\/b8d45f5c699b100dfaf0e543582f38f38bf94cb7ae3a5e9abf8d891a34773335?s=96&d=mm&r=g","width":96,"height":96,"caption":"Juliana Laviola"}},{"@type":"WebPage","@id":"https:\/\/anoticiaonline.com.br\/site\/dia-mundial-da-agua-e-comemorado-com-atividades-de-conscientizacao\/#webpage","url":"https:\/\/anoticiaonline.com.br\/site\/dia-mundial-da-agua-e-comemorado-com-atividades-de-conscientizacao\/","name":"Dia Mundial da \u00e1gua \u00e9 comemorado com atividades de conscientiza\u00e7\u00e3o - A Not\u00edcia Online","description":"No Dia Mundial da \u00e1gua, comemorado sempre em 22 de mar\u00e7o, foi celebrado pelo Demsur, que realizou na Pra\u00e7a Jo\u00e3o Pinheiro, uma atividade para conscientizar a popula\u00e7\u00e3o sobre a import\u00e2ncia de preservar esse bem t\u00e3o precioso. A atividade contou com a participa\u00e7\u00e3o dos Escoteiros de Muria\u00e9 e com os alunos da Escola Municipal Gilberto Jos\u00e9","inLanguage":"pt-BR","isPartOf":{"@id":"https:\/\/anoticiaonline.com.br\/site\/#website"},"breadcrumb":{"@id":"https:\/\/anoticiaonline.com.br\/site\/dia-mundial-da-agua-e-comemorado-com-atividades-de-conscientizacao\/#breadcrumblist"},"author":{"@id":"https:\/\/anoticiaonline.com.br\/site\/author\/juliana\/#author"},"creator":{"@id":"https:\/\/anoticiaonline.com.br\/site\/author\/juliana\/#author"},"image":{"@type":"ImageObject","url":"https:\/\/anoticiaonline.com.br\/site\/wp-content\/uploads\/2018\/03\/Dia-Mundial-da-\u00e1gua-\u00e9-comemorado-com-atividades-de-conscientiza\u00e7\u00e3o.jpg","@id":"https:\/\/anoticiaonline.com.br\/site\/dia-mundial-da-agua-e-comemorado-com-atividades-de-conscientizacao\/#mainImage","width":640,"height":427},"primaryImageOfPage":{"@id":"https:\/\/anoticiaonline.com.br\/site\/dia-mundial-da-agua-e-comemorado-com-atividades-de-conscientizacao\/#mainImage"},"datePublished":"2018-03-22T17:12:39-03:00","dateModified":"2018-03-22T17:12:39-03:00"},{"@type":"WebSite","@id":"https:\/\/anoticiaonline.com.br\/site\/#website","url":"https:\/\/anoticiaonline.com.br\/site\/","name":"A Not\u00edcia Online","description":"Noticias de Muria\u00e9 e regi\u00e3o","inLanguage":"pt-BR","publisher":{"@id":"https:\/\/anoticiaonline.com.br\/site\/#organization"}}]},"og:locale":"pt_BR","og:site_name":"A Not\u00edcia Online - Noticias de Muria\u00e9 e regi\u00e3o","og:type":"article","og:title":"Dia Mundial da \u00e1gua \u00e9 comemorado com atividades de conscientiza\u00e7\u00e3o - A Not\u00edcia Online","og:description":"No Dia Mundial da \u00e1gua, comemorado sempre em 22 de mar\u00e7o, foi celebrado pelo Demsur, que realizou na Pra\u00e7a Jo\u00e3o Pinheiro, uma atividade para conscientizar a popula\u00e7\u00e3o sobre a import\u00e2ncia de preservar esse bem t\u00e3o precioso. A atividade contou com a participa\u00e7\u00e3o dos Escoteiros de Muria\u00e9 e com os alunos da Escola Municipal Gilberto Jos\u00e9","og:url":"https:\/\/anoticiaonline.com.br\/site\/dia-mundial-da-agua-e-comemorado-com-atividades-de-conscientizacao\/","og:image":"https:\/\/scontent-gig4-1.xx.fbcdn.net\/v\/t39.30808-1\/270437624_4564083193639691_6907940295614233970_n.jpg?stp=dst-jpg_s200x200_tt6&#038;_nc_cat=111&#038;ccb=1-7&#038;_nc_sid=f907e8&#038;_nc_ohc=SM1wRlP3lJwQ7kNvwEPuBYA&#038;_nc_oc=AdnqrjDN_BNjSSHWO-GbkIWH6fkGMLw4bqvL_NH6e2wMveX7G-rP2dAqsDSq1mJMOaY&#038;_nc_zt=24&#038;_nc_ht=scontent-gig4-1.xx&#038;_nc_gid=AoBFJeGrT1hVaew_6rchkQ&#038;oh=00_AfX7QmFGhQhG2jAllVgXCiM1ZrWgvtp80-Bfppyexh1QEg&#038;oe=689E923C","og:image:secure_url":"https:\/\/scontent-gig4-1.xx.fbcdn.net\/v\/t39.30808-1\/270437624_4564083193639691_6907940295614233970_n.jpg?stp=dst-jpg_s200x200_tt6&#038;_nc_cat=111&#038;ccb=1-7&#038;_nc_sid=f907e8&#038;_nc_ohc=SM1wRlP3lJwQ7kNvwEPuBYA&#038;_nc_oc=AdnqrjDN_BNjSSHWO-GbkIWH6fkGMLw4bqvL_NH6e2wMveX7G-rP2dAqsDSq1mJMOaY&#038;_nc_zt=24&#038;_nc_ht=scontent-gig4-1.xx&#038;_nc_gid=AoBFJeGrT1hVaew_6rchkQ&#038;oh=00_AfX7QmFGhQhG2jAllVgXCiM1ZrWgvtp80-Bfppyexh1QEg&#038;oe=689E923C","article:published_time":"2018-03-22T20:12:39+00:00","article:modified_time":"2018-03-22T20:12:39+00:00","twitter:card":"summary_large_image","twitter:title":"Dia Mundial da \u00e1gua \u00e9 comemorado com atividades de conscientiza\u00e7\u00e3o - A Not\u00edcia Online","twitter:description":"No Dia Mundial da \u00e1gua, comemorado sempre em 22 de mar\u00e7o, foi celebrado pelo Demsur, que realizou na Pra\u00e7a Jo\u00e3o Pinheiro, uma atividade para conscientizar a popula\u00e7\u00e3o sobre a import\u00e2ncia de preservar esse bem t\u00e3o precioso. A atividade contou com a participa\u00e7\u00e3o dos Escoteiros de Muria\u00e9 e com os alunos da Escola Municipal Gilberto Jos\u00e9","twitter:image":"https:\/\/scontent-gig4-1.xx.fbcdn.net\/v\/t39.30808-1\/270437624_4564083193639691_6907940295614233970_n.jpg?stp=dst-jpg_s200x200_tt6&_nc_cat=111&ccb=1-7&_nc_sid=f907e8&_nc_ohc=SM1wRlP3lJwQ7kNvwEPuBYA&_nc_oc=AdnqrjDN_BNjSSHWO-GbkIWH6fkGMLw4bqvL_NH6e2wMveX7G-rP2dAqsDSq1mJMOaY&_nc_zt=24&_nc_ht=scontent-gig4-1.xx&_nc_gid=AoBFJeGrT1hVaew_6rchkQ&oh=00_AfX7QmFGhQhG2jAllVgXCiM1ZrWgvtp80-Bfppyexh1QEg&oe=689E923C"},"aioseo_meta_data":{"post_id":"51924","title":null,"description":null,"keywords":null,"keyphrases":null,"primary_term":null,"canonical_url":null,"og_title":null,"og_description":null,"og_object_type":"default","og_image_type":"default","og_image_url":null,"og_image_width":null,"og_image_height":null,"og_image_custom_url":null,"og_image_custom_fields":null,"og_video":null,"og_custom_url":null,"og_article_section":null,"og_article_tags":null,"twitter_use_og":false,"twitter_card":"default","twitter_image_type":"default","twitter_image_url":null,"twitter_image_custom_url":null,"twitter_image_custom_fields":null,"twitter_title":null,"twitter_description":null,"schema":{"blockGraphs":[],"customGraphs":[],"default":{"data":{"Article":[],"Course":[],"Dataset":[],"FAQPage":[],"Movie":[],"Person":[],"Product":[],"ProductReview":[],"Car":[],"Recipe":[],"Service":[],"SoftwareApplication":[],"WebPage":[]},"graphName":"","isEnabled":true},"graphs":[]},"schema_type":"default","schema_type_options":null,"pillar_content":false,"robots_default":true,"robots_noindex":false,"robots_noarchive":false,"robots_nosnippet":false,"robots_nofollow":false,"robots_noimageindex":false,"robots_noodp":false,"robots_notranslate":false,"robots_max_snippet":null,"robots_max_videopreview":null,"robots_max_imagepreview":"large","priority":null,"frequency":null,"local_seo":null,"breadcrumb_settings":null,"limit_modified_date":false,"ai":null,"created":"2025-08-16 20:32:54","updated":"2025-08-16 20:32:54","focus_keyword":null,"additional_keywords":null,"truseo_locale":null,"seo_analyzer_scan_date":null},"aioseo_breadcrumb":"<div class=\"aioseo-breadcrumbs\"><span class=\"aioseo-breadcrumb\">\n\t\t\t<a href=\"https:\/\/anoticiaonline.com.br\/site\" title=\"Home\">Home<\/a>\n\t\t<\/span><span class=\"aioseo-breadcrumb-separator\">&raquo;<\/span><span class=\"aioseo-breadcrumb\">\n\t\t\t<a href=\"https:\/\/anoticiaonline.com.br\/site\/categoria\/muriae\/\" title=\"Blog\">Blog<\/a>\n\t\t<\/span><span class=\"aioseo-breadcrumb-separator\">&raquo;<\/span><span class=\"aioseo-breadcrumb\">\n\t\t\tDia Mundial da \u00e1gua \u00e9 comemorado com atividades de conscientiza\u00e7\u00e3o\n\t\t<\/span><\/div>","aioseo_breadcrumb_json":[{"label":"Home","link":"https:\/\/anoticiaonline.com.br\/site"},{"label":"Blog","link":"https:\/\/anoticiaonline.com.br\/site\/categoria\/muriae\/"},{"label":"Dia Mundial da \u00e1gua \u00e9 comemorado com atividades de conscientiza\u00e7\u00e3o","link":"https:\/\/anoticiaonline.com.br\/site\/dia-mundial-da-agua-e-comemorado-com-atividades-de-conscientizacao\/"}],"views":146,"_links":{"self":[{"href":"https:\/\/anoticiaonline.com.br\/site\/wp-json\/wp\/v2\/posts\/51924","targetHints":{"allow":["GET"]}}],"collection":[{"href":"https:\/\/anoticiaonline.com.br\/site\/wp-json\/wp\/v2\/posts"}],"about":[{"href":"https:\/\/anoticiaonline.com.br\/site\/wp-json\/wp\/v2\/types\/post"}],"author":[{"embeddable":true,"href":"https:\/\/anoticiaonline.com.br\/site\/wp-json\/wp\/v2\/users\/2"}],"replies":[{"embeddable":true,"href":"https:\/\/anoticiaonline.com.br\/site\/wp-json\/wp\/v2\/comments?post=51924"}],"version-history":[{"count":0,"href":"https:\/\/anoticiaonline.com.br\/site\/wp-json\/wp\/v2\/posts\/51924\/revisions"}],"wp:featuredmedia":[{"embeddable":true,"href":"https:\/\/anoticiaonline.com.br\/site\/wp-json\/wp\/v2\/media\/51926"}],"wp:attachment":[{"href":"https:\/\/anoticiaonline.com.br\/site\/wp-json\/wp\/v2\/media?parent=51924"}],"wp:term":[{"taxonomy":"category","embeddable":true,"href":"https:\/\/anoticiaonline.com.br\/site\/wp-json\/wp\/v2\/categories?post=51924"},{"taxonomy":"post_tag","embeddable":true,"href":"https:\/\/anoticiaonline.com.br\/site\/wp-json\/wp\/v2\/tags?post=51924"}],"curies":[{"name":"wp","href":"https:\/\/api.w.org\/{rel}","templated":true}]}}