{"id":51921,"date":"2018-03-22T16:37:58","date_gmt":"2018-03-22T19:37:58","guid":{"rendered":"http:\/\/anoticiaonline.com.br\/site\/?p=51921"},"modified":"2018-03-22T17:33:58","modified_gmt":"2018-03-22T20:33:58","slug":"programacao-da-semana-santa-em-muriae-e-divulgada-pela-paroquia-sao-paulo","status":"publish","type":"post","link":"https:\/\/anoticiaonline.com.br\/site\/programacao-da-semana-santa-em-muriae-e-divulgada-pela-paroquia-sao-paulo\/","title":{"rendered":"Programa\u00e7\u00e3o da Semana Santa em Muria\u00e9 \u00e9 divulgada pela Par\u00f3quia S\u00e3o Paulo"},"content":{"rendered":"<p><a href=\"https:\/\/anoticiaonline.com.br\/site\/wp-content\/uploads\/2018\/03\/Programa\u00e7\u00e3o-da-Semana-Santa-em-Muria\u00e9-\u00e9-divulgada-pela-Par\u00f3quia-S\u00e3o-Paulo.jpg\"><img fetchpriority=\"high\" decoding=\"async\" class=\"alignnone size-full wp-image-51922\" src=\"https:\/\/anoticiaonline.com.br\/site\/wp-content\/uploads\/2018\/03\/Programa\u00e7\u00e3o-da-Semana-Santa-em-Muria\u00e9-\u00e9-divulgada-pela-Par\u00f3quia-S\u00e3o-Paulo.jpg\" alt=\"\" width=\"640\" height=\"427\" srcset=\"https:\/\/anoticiaonline.com.br\/site\/wp-content\/uploads\/2018\/03\/Programa\u00e7\u00e3o-da-Semana-Santa-em-Muria\u00e9-\u00e9-divulgada-pela-Par\u00f3quia-S\u00e3o-Paulo.jpg 640w, https:\/\/anoticiaonline.com.br\/site\/wp-content\/uploads\/2018\/03\/Programa\u00e7\u00e3o-da-Semana-Santa-em-Muria\u00e9-\u00e9-divulgada-pela-Par\u00f3quia-S\u00e3o-Paulo-300x200.jpg 300w\" sizes=\"(max-width: 640px) 100vw, 640px\" \/><\/a><\/p>\n<p>A Par\u00f3quia S\u00e3o Paulo divulgou a programa\u00e7\u00e3o da Semana Santa em Muria\u00e9, que come\u00e7a, oficialmente, no Domingo de Ramos (25). Na Sexta-feira da Paix\u00e3o (30), feriado, haver\u00e1 a encena\u00e7\u00e3o da Paix\u00e3o e Morte de Jesus Cristo, \u00e0s 19h, no Jardim da Matriz S\u00e3o Paulo, no Centro.<\/p>\n<p>A tradi\u00e7\u00e3o\u00a0religiosa\u00a0cat\u00f3lica termina com a ressurrei\u00e7\u00e3o de Jesus, que ocorre no\u00a0Domingo de P\u00e1scoa (1).<\/p>\n<p><strong>Confira abaixo a programa\u00e7\u00e3o da Semana Santa em Muria\u00e9: <\/strong><\/p>\n<p><strong>Dia 24 de mar\u00e7o<\/strong> \u2013 S\u00e1bado &#8211; Missa de Ramos \u2013 S\u00e3o Crist\u00f3v\u00e3o \u2013 19h30 &#8211; Matriz S\u00e3o Paulo \u2013 19h30.<\/p>\n<p><strong>Dia 25 de mar\u00e7o<\/strong> \u2013 Domingo de Ramos &#8211; Missas com a b\u00ean\u00e7\u00e3o dos ramos<\/p>\n<p>-7h \u2013 B\u00ean\u00e7\u00e3o dos Ramos e Prociss\u00e3o saindo da Igreja do Ros\u00e1rio em dire\u00e7\u00e3o a Igreja Matriz S\u00e3o Paulo, onde ser\u00e1 celebrada a Missa de Ramos.<\/p>\n<p>&#8211; 09h30 \u2013 Missa Matriz S\u00e3o Paulo (B\u00ean\u00e7\u00e3o dos Ramos na Pracinha da Prefeitura)<\/p>\n<p>&#8211; 17h30 &#8211; Missa Matriz S\u00e3o Paulo (B\u00ean\u00e7\u00e3o dos Ramos na subida da Igreja, em frente \u00e0 porta do Col\u00e9gio Santa Marcelina)<\/p>\n<p>&#8211; 19h30 &#8211; Missa Matriz S\u00e3o Paulo (B\u00ean\u00e7\u00e3o dos Ramos no estacionamento em frente \u00e0 Igreja Matriz)<\/p>\n<p>&#8211; Sagrado Cora\u00e7\u00e3o (Santo Ant\u00f4nio) \u2013 7h30;<\/p>\n<p>&#8211; S\u00e3o Vicente de Paulo (Bico Doce) \u2013 9h30;<\/p>\n<p>&#8211; S\u00e3o Francisco de Assis (S\u00e3o Francisco) \u2013 18h;<\/p>\n<p>&#8211; Nossa Senhora das Gra\u00e7as (Vale do Castelo) \u2013 19h30;<\/p>\n<p>(Em todas as Comunidades haver\u00e1 b\u00ean\u00e7\u00e3o dos Ramos, prociss\u00e3o e Missa).<\/p>\n<p><strong>Dia 26 de mar\u00e7o<\/strong> \u2013 Segunda-feira Santa<\/p>\n<p>Missa e prociss\u00e3o do dep\u00f3sito de Nossa Senhora das Dores<\/p>\n<p>Liturgia das 7 dores de Maria<\/p>\n<p>&#8211; Missa \u2013Matriz S\u00e3o Paulo \u2013 19h \u2013 Logo ap\u00f3s a missa, sa\u00edda da prociss\u00e3o com a imagem de Nossa Senhora das Dores para Igreja de Nossa Senhora do Ros\u00e1rio.<\/p>\n<p><strong>Dia 27 de mar\u00e7o <\/strong>\u2013 Ter\u00e7a-feira Santa<\/p>\n<p>Missa e prociss\u00e3o do dep\u00f3sito do Senhor dos Passos<\/p>\n<p>&#8211; Missa \u2013 Matriz S\u00e3o Paulo \u2013 19h \u2013 Logo ap\u00f3s a missa, sa\u00edda da prociss\u00e3o com a imagem do Senhor dos Passos para a Igreja de S\u00e3o Vicente, no Bico Doce.<\/p>\n<p><strong>Dia 28 de mar\u00e7o \u2013<\/strong> Quarta-feira Santa<\/p>\n<p>Prociss\u00e3o do Encontro<\/p>\n<p>&#8211; Missas na Matriz S\u00e3o Paulo e nas comunidades Nossa Senhora do Ros\u00e1rio e S\u00e3o Vicente \u00e0s 19h e logo ap\u00f3s, sa\u00edda das prociss\u00f5es com as imagens, saindo de S\u00e3o Vicente (Senhor dos Passos) e Nossa Senhora do Ros\u00e1rio (Nossa Senhora das Dores) para o Encontro em frente \u00e0 Igreja Matriz S\u00e3o Paulo.<\/p>\n<p>Tr\u00edduo pascal &#8211; Paix\u00e3o, morte e ressurrei\u00e7\u00e3o de Jesus Cristo.<\/p>\n<p><strong>Dia 29 de mar\u00e7o<\/strong> \u2013 Quinta-feira Santa<\/p>\n<p>Santa Ceia, Lava-p\u00e9s e o Mandamento Novo<\/p>\n<p>&#8211; Missa da Unidade \u2013 \u00e0s 9h &#8211; B\u00ean\u00e7\u00e3o dos Santos \u00d3leos pelo Bispo e Renova\u00e7\u00e3o das Promessas Sacerdotais com o Clero (Leopoldina \u2013 Catedral).<\/p>\n<p>&#8211; Missa Matriz S\u00e3o Paulo &#8211; 20h;<\/p>\n<p>&#8211; Sagrado Cora\u00e7\u00e3o (Santo Ant\u00f4nio) \u2013 20h;<\/p>\n<p>&#8211; Nossa Senhora das Gra\u00e7as (Vale do Castelo) \u2013 20h.<\/p>\n<p>&#8211; Nas outras Comunidades haver\u00e1 celebra\u00e7\u00e3o da Palavra com Lava-p\u00e9s e Ceia partilhada, \u00e0s 19h30.<\/p>\n<p>&#8211; Ap\u00f3s as missas e celebra\u00e7\u00f5es se inicia a Adora\u00e7\u00e3o do Sant\u00edssimo Sacramento com a Vig\u00edlia da Campanha da Fraternidade 2018 at\u00e9 a meia-noite.<\/p>\n<p><strong>Dia 30 de mar\u00e7o \u2013<\/strong> Sexta-feira Santa<\/p>\n<p>Celebra\u00e7\u00e3o da Paix\u00e3o e Morte de Jesus Cristo.<\/p>\n<p>&#8211; Matriz S\u00e3o Paulo \u2013 9h;<\/p>\n<p>&#8211; S\u00e3o Vicente (Bico Doce) \u2013 9h;<\/p>\n<p>&#8211; S\u00e3o Francisco(S\u00e3o Francisco) \u2013 9h;<\/p>\n<p>&#8211; Celebra\u00e7\u00e3o da Paix\u00e3o em todas as Comunidades da Par\u00f3quia \u2013 9h<br \/>\n&#8211; Teatro com a encena\u00e7\u00e3o da Paix\u00e3o de Nosso Senhor \u2013 Jardins da Matriz S\u00e3o Paulo \u2013 19h. Logo ap\u00f3s, sa\u00edda da prociss\u00e3o do Senhor morto para a Igreja de Nossa Senhora do Ros\u00e1rio.<br \/>\nOBS: Neste dia a Igreja Matriz de S\u00e3o Paulo e a Capela do Sant\u00edssimo estar\u00e3o abertas durante todo o dia para ora\u00e7\u00e3o e medita\u00e7\u00e3o, das 8h at\u00e9 o encerramento da encena\u00e7\u00e3o da Paix\u00e3o de Jesus Cristo.<\/p>\n<p><strong>Dia 31 de mar\u00e7o \u2013<\/strong> S\u00e1bado Santo \u2013 Vig\u00edlia Pascal<\/p>\n<p>-Missa na Matriz S\u00e3o Paulo com as Comunidades de: S\u00e3o Vicente, Nossa Senhora do Ros\u00e1rio\u2013 19h30.<\/p>\n<p>-Missa em S\u00e3o Francisco com as Comunidades de: Nossa Senhora das Gra\u00e7as \u2013 19h30;<\/p>\n<p>-Missa em S\u00e3o Crist\u00f3v\u00e3o com as Comunidades de: Sagrado Cora\u00e7\u00e3o, S\u00e3o Pedro \u2013 19h30.<\/p>\n<p>&#8211; As comunidades levam os C\u00edrios para a Missa da Vig\u00edlia Pascal<\/p>\n<p><strong>Dia 1 de abril \u2013<\/strong> Domingo de P\u00e1scoa<\/p>\n<p>Missas nos hor\u00e1rios normais de domingo em todas as comunidades da Par\u00f3quia S\u00e3o Paulo.<\/p>\n<p>&nbsp;<\/p>\n","protected":false},"excerpt":{"rendered":"<p>A Par\u00f3quia S\u00e3o Paulo divulgou a programa\u00e7\u00e3o da Semana Santa em Muria\u00e9, que come\u00e7a, oficialmente, no Domingo de Ramos (25). Na Sexta-feira da Paix\u00e3o (30), feriado, haver\u00e1 a encena\u00e7\u00e3o da Paix\u00e3o e Morte de Jesus Cristo, \u00e0s 19h, no Jardim da Matriz S\u00e3o Paulo, no Centro. A tradi\u00e7\u00e3o\u00a0religiosa\u00a0cat\u00f3lica termina com a ressurrei\u00e7\u00e3o de Jesus, que &#8230; <a title=\"Programa\u00e7\u00e3o da Semana Santa em Muria\u00e9 \u00e9 divulgada pela Par\u00f3quia S\u00e3o Paulo\" class=\"read-more\" href=\"https:\/\/anoticiaonline.com.br\/site\/programacao-da-semana-santa-em-muriae-e-divulgada-pela-paroquia-sao-paulo\/\" aria-label=\"Read more about Programa\u00e7\u00e3o da Semana Santa em Muria\u00e9 \u00e9 divulgada pela Par\u00f3quia S\u00e3o Paulo\">Ler mais<\/a><\/p>\n","protected":false},"author":2,"featured_media":51922,"comment_status":"open","ping_status":"open","sticky":false,"template":"","format":"standard","meta":{"_acf_changed":false,"_monsterinsights_skip_tracking":false,"footnotes":""},"categories":[30],"tags":[74,2065,2222,2223],"class_list":["post-51921","post","type-post","status-publish","format-standard","has-post-thumbnail","hentry","category-muriae","tag-muriae","tag-pascoa","tag-programacao","tag-semana-santa"],"acf":[],"aioseo_notices":[],"aioseo_head":"\n\t\t<!-- All in One SEO 5.0.0.1 - aioseo.com -->\n\t<meta name=\"description\" content=\"A Par\u00f3quia S\u00e3o Paulo divulgou a programa\u00e7\u00e3o da Semana Santa em Muria\u00e9, que come\u00e7a, oficialmente, no Domingo de Ramos (25). Na Sexta-feira da Paix\u00e3o (30), feriado, haver\u00e1 a encena\u00e7\u00e3o da Paix\u00e3o e Morte de Jesus Cristo, \u00e0s 19h, no Jardim da Matriz S\u00e3o Paulo, no Centro. A tradi\u00e7\u00e3o religiosa cat\u00f3lica termina com a ressurrei\u00e7\u00e3o de Jesus, que\" \/>\n\t<meta name=\"robots\" content=\"max-image-preview:large\" \/>\n\t<meta name=\"author\" content=\"Juliana Laviola\"\/>\n\t<link rel=\"canonical\" href=\"https:\/\/anoticiaonline.com.br\/site\/programacao-da-semana-santa-em-muriae-e-divulgada-pela-paroquia-sao-paulo\/\" \/>\n\t<meta name=\"generator\" content=\"All in One SEO (AIOSEO) 5.0.0.1\" \/>\n\t\t<meta property=\"og:locale\" content=\"pt_BR\" \/>\n\t\t<meta property=\"og:site_name\" content=\"A Not\u00edcia Online - Noticias de Muria\u00e9 e regi\u00e3o\" \/>\n\t\t<meta property=\"og:type\" content=\"article\" \/>\n\t\t<meta property=\"og:title\" content=\"Programa\u00e7\u00e3o da Semana Santa em Muria\u00e9 \u00e9 divulgada pela Par\u00f3quia S\u00e3o Paulo - A Not\u00edcia Online\" \/>\n\t\t<meta property=\"og:description\" content=\"A Par\u00f3quia S\u00e3o Paulo divulgou a programa\u00e7\u00e3o da Semana Santa em Muria\u00e9, que come\u00e7a, oficialmente, no Domingo de Ramos (25). Na Sexta-feira da Paix\u00e3o (30), feriado, haver\u00e1 a encena\u00e7\u00e3o da Paix\u00e3o e Morte de Jesus Cristo, \u00e0s 19h, no Jardim da Matriz S\u00e3o Paulo, no Centro. A tradi\u00e7\u00e3o religiosa cat\u00f3lica termina com a ressurrei\u00e7\u00e3o de Jesus, que\" \/>\n\t\t<meta property=\"og:url\" content=\"https:\/\/anoticiaonline.com.br\/site\/programacao-da-semana-santa-em-muriae-e-divulgada-pela-paroquia-sao-paulo\/\" \/>\n\t\t<meta property=\"og:image\" content=\"https:\/\/scontent-gig4-1.xx.fbcdn.net\/v\/t39.30808-1\/270437624_4564083193639691_6907940295614233970_n.jpg?stp=dst-jpg_s200x200_tt6&#038;_nc_cat=111&#038;ccb=1-7&#038;_nc_sid=f907e8&#038;_nc_ohc=SM1wRlP3lJwQ7kNvwEPuBYA&#038;_nc_oc=AdnqrjDN_BNjSSHWO-GbkIWH6fkGMLw4bqvL_NH6e2wMveX7G-rP2dAqsDSq1mJMOaY&#038;_nc_zt=24&#038;_nc_ht=scontent-gig4-1.xx&#038;_nc_gid=AoBFJeGrT1hVaew_6rchkQ&#038;oh=00_AfX7QmFGhQhG2jAllVgXCiM1ZrWgvtp80-Bfppyexh1QEg&#038;oe=689E923C\" \/>\n\t\t<meta property=\"og:image:secure_url\" content=\"https:\/\/scontent-gig4-1.xx.fbcdn.net\/v\/t39.30808-1\/270437624_4564083193639691_6907940295614233970_n.jpg?stp=dst-jpg_s200x200_tt6&#038;_nc_cat=111&#038;ccb=1-7&#038;_nc_sid=f907e8&#038;_nc_ohc=SM1wRlP3lJwQ7kNvwEPuBYA&#038;_nc_oc=AdnqrjDN_BNjSSHWO-GbkIWH6fkGMLw4bqvL_NH6e2wMveX7G-rP2dAqsDSq1mJMOaY&#038;_nc_zt=24&#038;_nc_ht=scontent-gig4-1.xx&#038;_nc_gid=AoBFJeGrT1hVaew_6rchkQ&#038;oh=00_AfX7QmFGhQhG2jAllVgXCiM1ZrWgvtp80-Bfppyexh1QEg&#038;oe=689E923C\" \/>\n\t\t<meta property=\"article:published_time\" content=\"2018-03-22T19:37:58+00:00\" \/>\n\t\t<meta property=\"article:modified_time\" content=\"2018-03-22T20:33:58+00:00\" \/>\n\t\t<meta name=\"twitter:card\" content=\"summary_large_image\" \/>\n\t\t<meta name=\"twitter:title\" content=\"Programa\u00e7\u00e3o da Semana Santa em Muria\u00e9 \u00e9 divulgada pela Par\u00f3quia S\u00e3o Paulo - A Not\u00edcia Online\" \/>\n\t\t<meta name=\"twitter:description\" content=\"A Par\u00f3quia S\u00e3o Paulo divulgou a programa\u00e7\u00e3o da Semana Santa em Muria\u00e9, que come\u00e7a, oficialmente, no Domingo de Ramos (25). Na Sexta-feira da Paix\u00e3o (30), feriado, haver\u00e1 a encena\u00e7\u00e3o da Paix\u00e3o e Morte de Jesus Cristo, \u00e0s 19h, no Jardim da Matriz S\u00e3o Paulo, no Centro. A tradi\u00e7\u00e3o religiosa cat\u00f3lica termina com a ressurrei\u00e7\u00e3o de Jesus, que\" \/>\n\t\t<meta name=\"twitter:image\" content=\"https:\/\/scontent-gig4-1.xx.fbcdn.net\/v\/t39.30808-1\/270437624_4564083193639691_6907940295614233970_n.jpg?stp=dst-jpg_s200x200_tt6&amp;_nc_cat=111&amp;ccb=1-7&amp;_nc_sid=f907e8&amp;_nc_ohc=SM1wRlP3lJwQ7kNvwEPuBYA&amp;_nc_oc=AdnqrjDN_BNjSSHWO-GbkIWH6fkGMLw4bqvL_NH6e2wMveX7G-rP2dAqsDSq1mJMOaY&amp;_nc_zt=24&amp;_nc_ht=scontent-gig4-1.xx&amp;_nc_gid=AoBFJeGrT1hVaew_6rchkQ&amp;oh=00_AfX7QmFGhQhG2jAllVgXCiM1ZrWgvtp80-Bfppyexh1QEg&amp;oe=689E923C\" \/>\n\t\t<script type=\"application\/ld+json\" class=\"aioseo-schema\">\n\t\t\t{\"@context\":\"https:\\\/\\\/schema.org\",\"@graph\":[{\"@type\":\"BlogPosting\",\"@id\":\"https:\\\/\\\/anoticiaonline.com.br\\\/site\\\/programacao-da-semana-santa-em-muriae-e-divulgada-pela-paroquia-sao-paulo\\\/#blogposting\",\"name\":\"Programa\\u00e7\\u00e3o da Semana Santa em Muria\\u00e9 \\u00e9 divulgada pela Par\\u00f3quia S\\u00e3o Paulo - A Not\\u00edcia Online\",\"headline\":\"Programa\\u00e7\\u00e3o da Semana Santa em Muria\\u00e9 \\u00e9 divulgada pela Par\\u00f3quia S\\u00e3o Paulo\",\"author\":{\"@id\":\"https:\\\/\\\/anoticiaonline.com.br\\\/site\\\/author\\\/juliana\\\/#author\"},\"publisher\":{\"@id\":\"https:\\\/\\\/anoticiaonline.com.br\\\/site\\\/#organization\"},\"image\":{\"@type\":\"ImageObject\",\"url\":\"https:\\\/\\\/anoticiaonline.com.br\\\/site\\\/wp-content\\\/uploads\\\/2018\\\/03\\\/Programa\\u00e7\\u00e3o-da-Semana-Santa-em-Muria\\u00e9-\\u00e9-divulgada-pela-Par\\u00f3quia-S\\u00e3o-Paulo.jpg\",\"width\":640,\"height\":427},\"datePublished\":\"2018-03-22T16:37:58-03:00\",\"dateModified\":\"2018-03-22T17:33:58-03:00\",\"inLanguage\":\"pt-BR\",\"commentCount\":1,\"mainEntityOfPage\":{\"@id\":\"https:\\\/\\\/anoticiaonline.com.br\\\/site\\\/programacao-da-semana-santa-em-muriae-e-divulgada-pela-paroquia-sao-paulo\\\/#webpage\"},\"isPartOf\":{\"@id\":\"https:\\\/\\\/anoticiaonline.com.br\\\/site\\\/programacao-da-semana-santa-em-muriae-e-divulgada-pela-paroquia-sao-paulo\\\/#webpage\"},\"articleSection\":\"Blog, Muria\\u00e9, pascoa, programa\\u00e7\\u00e3o, semana santa\"},{\"@type\":\"BreadcrumbList\",\"@id\":\"https:\\\/\\\/anoticiaonline.com.br\\\/site\\\/programacao-da-semana-santa-em-muriae-e-divulgada-pela-paroquia-sao-paulo\\\/#breadcrumblist\",\"itemListElement\":[{\"@type\":\"ListItem\",\"@id\":\"https:\\\/\\\/anoticiaonline.com.br\\\/site#listItem\",\"position\":1,\"name\":\"Home\",\"item\":\"https:\\\/\\\/anoticiaonline.com.br\\\/site\",\"nextItem\":{\"@type\":\"ListItem\",\"@id\":\"https:\\\/\\\/anoticiaonline.com.br\\\/site\\\/categoria\\\/muriae\\\/#listItem\",\"name\":\"Blog\"}},{\"@type\":\"ListItem\",\"@id\":\"https:\\\/\\\/anoticiaonline.com.br\\\/site\\\/categoria\\\/muriae\\\/#listItem\",\"position\":2,\"name\":\"Blog\",\"item\":\"https:\\\/\\\/anoticiaonline.com.br\\\/site\\\/categoria\\\/muriae\\\/\",\"nextItem\":{\"@type\":\"ListItem\",\"@id\":\"https:\\\/\\\/anoticiaonline.com.br\\\/site\\\/programacao-da-semana-santa-em-muriae-e-divulgada-pela-paroquia-sao-paulo\\\/#listItem\",\"name\":\"Programa\\u00e7\\u00e3o da Semana Santa em Muria\\u00e9 \\u00e9 divulgada pela Par\\u00f3quia S\\u00e3o Paulo\"},\"previousItem\":{\"@type\":\"ListItem\",\"@id\":\"https:\\\/\\\/anoticiaonline.com.br\\\/site#listItem\",\"name\":\"Home\"}},{\"@type\":\"ListItem\",\"@id\":\"https:\\\/\\\/anoticiaonline.com.br\\\/site\\\/programacao-da-semana-santa-em-muriae-e-divulgada-pela-paroquia-sao-paulo\\\/#listItem\",\"position\":3,\"name\":\"Programa\\u00e7\\u00e3o da Semana Santa em Muria\\u00e9 \\u00e9 divulgada pela Par\\u00f3quia S\\u00e3o Paulo\",\"previousItem\":{\"@type\":\"ListItem\",\"@id\":\"https:\\\/\\\/anoticiaonline.com.br\\\/site\\\/categoria\\\/muriae\\\/#listItem\",\"name\":\"Blog\"}}]},{\"@type\":\"Organization\",\"@id\":\"https:\\\/\\\/anoticiaonline.com.br\\\/site\\\/#organization\",\"name\":\"A Not\\u00edcia Online\",\"description\":\"Noticias de Muria\\u00e9 e regi\\u00e3o\",\"url\":\"https:\\\/\\\/anoticiaonline.com.br\\\/site\\\/\",\"logo\":{\"@type\":\"ImageObject\",\"url\":\"https:\\\/\\\/scontent-gig4-1.xx.fbcdn.net\\\/v\\\/t39.30808-1\\\/270437624_4564083193639691_6907940295614233970_n.jpg?stp=dst-jpg_s200x200_tt6&_nc_cat=111&ccb=1-7&_nc_sid=f907e8&_nc_ohc=SM1wRlP3lJwQ7kNvwEPuBYA&_nc_oc=AdnqrjDN_BNjSSHWO-GbkIWH6fkGMLw4bqvL_NH6e2wMveX7G-rP2dAqsDSq1mJMOaY&_nc_zt=24&_nc_ht=scontent-gig4-1.xx&_nc_gid=AoBFJeGrT1hVaew_6rchkQ&oh=00_AfX7QmFGhQhG2jAllVgXCiM1ZrWgvtp80-Bfppyexh1QEg&oe=689E923C\",\"@id\":\"https:\\\/\\\/anoticiaonline.com.br\\\/site\\\/programacao-da-semana-santa-em-muriae-e-divulgada-pela-paroquia-sao-paulo\\\/#organizationLogo\"},\"image\":{\"@id\":\"https:\\\/\\\/anoticiaonline.com.br\\\/site\\\/programacao-da-semana-santa-em-muriae-e-divulgada-pela-paroquia-sao-paulo\\\/#organizationLogo\"}},{\"@type\":\"Person\",\"@id\":\"https:\\\/\\\/anoticiaonline.com.br\\\/site\\\/author\\\/juliana\\\/#author\",\"url\":\"https:\\\/\\\/anoticiaonline.com.br\\\/site\\\/author\\\/juliana\\\/\",\"name\":\"Juliana Laviola\",\"image\":{\"@type\":\"ImageObject\",\"@id\":\"https:\\\/\\\/anoticiaonline.com.br\\\/site\\\/programacao-da-semana-santa-em-muriae-e-divulgada-pela-paroquia-sao-paulo\\\/#authorImage\",\"url\":\"https:\\\/\\\/secure.gravatar.com\\\/avatar\\\/b8d45f5c699b100dfaf0e543582f38f38bf94cb7ae3a5e9abf8d891a34773335?s=96&d=mm&r=g\",\"width\":96,\"height\":96,\"caption\":\"Juliana Laviola\"}},{\"@type\":\"WebPage\",\"@id\":\"https:\\\/\\\/anoticiaonline.com.br\\\/site\\\/programacao-da-semana-santa-em-muriae-e-divulgada-pela-paroquia-sao-paulo\\\/#webpage\",\"url\":\"https:\\\/\\\/anoticiaonline.com.br\\\/site\\\/programacao-da-semana-santa-em-muriae-e-divulgada-pela-paroquia-sao-paulo\\\/\",\"name\":\"Programa\\u00e7\\u00e3o da Semana Santa em Muria\\u00e9 \\u00e9 divulgada pela Par\\u00f3quia S\\u00e3o Paulo - A Not\\u00edcia Online\",\"description\":\"A Par\\u00f3quia S\\u00e3o Paulo divulgou a programa\\u00e7\\u00e3o da Semana Santa em Muria\\u00e9, que come\\u00e7a, oficialmente, no Domingo de Ramos (25). Na Sexta-feira da Paix\\u00e3o (30), feriado, haver\\u00e1 a encena\\u00e7\\u00e3o da Paix\\u00e3o e Morte de Jesus Cristo, \\u00e0s 19h, no Jardim da Matriz S\\u00e3o Paulo, no Centro. A tradi\\u00e7\\u00e3o religiosa cat\\u00f3lica termina com a ressurrei\\u00e7\\u00e3o de Jesus, que\",\"inLanguage\":\"pt-BR\",\"isPartOf\":{\"@id\":\"https:\\\/\\\/anoticiaonline.com.br\\\/site\\\/#website\"},\"breadcrumb\":{\"@id\":\"https:\\\/\\\/anoticiaonline.com.br\\\/site\\\/programacao-da-semana-santa-em-muriae-e-divulgada-pela-paroquia-sao-paulo\\\/#breadcrumblist\"},\"author\":{\"@id\":\"https:\\\/\\\/anoticiaonline.com.br\\\/site\\\/author\\\/juliana\\\/#author\"},\"creator\":{\"@id\":\"https:\\\/\\\/anoticiaonline.com.br\\\/site\\\/author\\\/juliana\\\/#author\"},\"image\":{\"@type\":\"ImageObject\",\"url\":\"https:\\\/\\\/anoticiaonline.com.br\\\/site\\\/wp-content\\\/uploads\\\/2018\\\/03\\\/Programa\\u00e7\\u00e3o-da-Semana-Santa-em-Muria\\u00e9-\\u00e9-divulgada-pela-Par\\u00f3quia-S\\u00e3o-Paulo.jpg\",\"@id\":\"https:\\\/\\\/anoticiaonline.com.br\\\/site\\\/programacao-da-semana-santa-em-muriae-e-divulgada-pela-paroquia-sao-paulo\\\/#mainImage\",\"width\":640,\"height\":427},\"primaryImageOfPage\":{\"@id\":\"https:\\\/\\\/anoticiaonline.com.br\\\/site\\\/programacao-da-semana-santa-em-muriae-e-divulgada-pela-paroquia-sao-paulo\\\/#mainImage\"},\"datePublished\":\"2018-03-22T16:37:58-03:00\",\"dateModified\":\"2018-03-22T17:33:58-03:00\"},{\"@type\":\"WebSite\",\"@id\":\"https:\\\/\\\/anoticiaonline.com.br\\\/site\\\/#website\",\"url\":\"https:\\\/\\\/anoticiaonline.com.br\\\/site\\\/\",\"name\":\"A Not\\u00edcia Online\",\"description\":\"Noticias de Muria\\u00e9 e regi\\u00e3o\",\"inLanguage\":\"pt-BR\",\"publisher\":{\"@id\":\"https:\\\/\\\/anoticiaonline.com.br\\\/site\\\/#organization\"}}]}\n\t\t<\/script>\n\t\t<!-- All in One SEO -->\n\n","aioseo_head_json":{"title":"Programa\u00e7\u00e3o da Semana Santa em Muria\u00e9 \u00e9 divulgada pela Par\u00f3quia S\u00e3o Paulo - A Not\u00edcia Online","description":"A Par\u00f3quia S\u00e3o Paulo divulgou a programa\u00e7\u00e3o da Semana Santa em Muria\u00e9, que come\u00e7a, oficialmente, no Domingo de Ramos (25). Na Sexta-feira da Paix\u00e3o (30), feriado, haver\u00e1 a encena\u00e7\u00e3o da Paix\u00e3o e Morte de Jesus Cristo, \u00e0s 19h, no Jardim da Matriz S\u00e3o Paulo, no Centro. A tradi\u00e7\u00e3o religiosa cat\u00f3lica termina com a ressurrei\u00e7\u00e3o de Jesus, que","canonical_url":"https:\/\/anoticiaonline.com.br\/site\/programacao-da-semana-santa-em-muriae-e-divulgada-pela-paroquia-sao-paulo\/","robots":"max-image-preview:large","keywords":"","webmasterTools":{"miscellaneous":""},"schema":{"@context":"https:\/\/schema.org","@graph":[{"@type":"BlogPosting","@id":"https:\/\/anoticiaonline.com.br\/site\/programacao-da-semana-santa-em-muriae-e-divulgada-pela-paroquia-sao-paulo\/#blogposting","name":"Programa\u00e7\u00e3o da Semana Santa em Muria\u00e9 \u00e9 divulgada pela Par\u00f3quia S\u00e3o Paulo - A Not\u00edcia Online","headline":"Programa\u00e7\u00e3o da Semana Santa em Muria\u00e9 \u00e9 divulgada pela Par\u00f3quia S\u00e3o Paulo","author":{"@id":"https:\/\/anoticiaonline.com.br\/site\/author\/juliana\/#author"},"publisher":{"@id":"https:\/\/anoticiaonline.com.br\/site\/#organization"},"image":{"@type":"ImageObject","url":"https:\/\/anoticiaonline.com.br\/site\/wp-content\/uploads\/2018\/03\/Programa\u00e7\u00e3o-da-Semana-Santa-em-Muria\u00e9-\u00e9-divulgada-pela-Par\u00f3quia-S\u00e3o-Paulo.jpg","width":640,"height":427},"datePublished":"2018-03-22T16:37:58-03:00","dateModified":"2018-03-22T17:33:58-03:00","inLanguage":"pt-BR","commentCount":1,"mainEntityOfPage":{"@id":"https:\/\/anoticiaonline.com.br\/site\/programacao-da-semana-santa-em-muriae-e-divulgada-pela-paroquia-sao-paulo\/#webpage"},"isPartOf":{"@id":"https:\/\/anoticiaonline.com.br\/site\/programacao-da-semana-santa-em-muriae-e-divulgada-pela-paroquia-sao-paulo\/#webpage"},"articleSection":"Blog, Muria\u00e9, pascoa, programa\u00e7\u00e3o, semana santa"},{"@type":"BreadcrumbList","@id":"https:\/\/anoticiaonline.com.br\/site\/programacao-da-semana-santa-em-muriae-e-divulgada-pela-paroquia-sao-paulo\/#breadcrumblist","itemListElement":[{"@type":"ListItem","@id":"https:\/\/anoticiaonline.com.br\/site#listItem","position":1,"name":"Home","item":"https:\/\/anoticiaonline.com.br\/site","nextItem":{"@type":"ListItem","@id":"https:\/\/anoticiaonline.com.br\/site\/categoria\/muriae\/#listItem","name":"Blog"}},{"@type":"ListItem","@id":"https:\/\/anoticiaonline.com.br\/site\/categoria\/muriae\/#listItem","position":2,"name":"Blog","item":"https:\/\/anoticiaonline.com.br\/site\/categoria\/muriae\/","nextItem":{"@type":"ListItem","@id":"https:\/\/anoticiaonline.com.br\/site\/programacao-da-semana-santa-em-muriae-e-divulgada-pela-paroquia-sao-paulo\/#listItem","name":"Programa\u00e7\u00e3o da Semana Santa em Muria\u00e9 \u00e9 divulgada pela Par\u00f3quia S\u00e3o Paulo"},"previousItem":{"@type":"ListItem","@id":"https:\/\/anoticiaonline.com.br\/site#listItem","name":"Home"}},{"@type":"ListItem","@id":"https:\/\/anoticiaonline.com.br\/site\/programacao-da-semana-santa-em-muriae-e-divulgada-pela-paroquia-sao-paulo\/#listItem","position":3,"name":"Programa\u00e7\u00e3o da Semana Santa em Muria\u00e9 \u00e9 divulgada pela Par\u00f3quia S\u00e3o Paulo","previousItem":{"@type":"ListItem","@id":"https:\/\/anoticiaonline.com.br\/site\/categoria\/muriae\/#listItem","name":"Blog"}}]},{"@type":"Organization","@id":"https:\/\/anoticiaonline.com.br\/site\/#organization","name":"A Not\u00edcia Online","description":"Noticias de Muria\u00e9 e regi\u00e3o","url":"https:\/\/anoticiaonline.com.br\/site\/","logo":{"@type":"ImageObject","url":"https:\/\/scontent-gig4-1.xx.fbcdn.net\/v\/t39.30808-1\/270437624_4564083193639691_6907940295614233970_n.jpg?stp=dst-jpg_s200x200_tt6&_nc_cat=111&ccb=1-7&_nc_sid=f907e8&_nc_ohc=SM1wRlP3lJwQ7kNvwEPuBYA&_nc_oc=AdnqrjDN_BNjSSHWO-GbkIWH6fkGMLw4bqvL_NH6e2wMveX7G-rP2dAqsDSq1mJMOaY&_nc_zt=24&_nc_ht=scontent-gig4-1.xx&_nc_gid=AoBFJeGrT1hVaew_6rchkQ&oh=00_AfX7QmFGhQhG2jAllVgXCiM1ZrWgvtp80-Bfppyexh1QEg&oe=689E923C","@id":"https:\/\/anoticiaonline.com.br\/site\/programacao-da-semana-santa-em-muriae-e-divulgada-pela-paroquia-sao-paulo\/#organizationLogo"},"image":{"@id":"https:\/\/anoticiaonline.com.br\/site\/programacao-da-semana-santa-em-muriae-e-divulgada-pela-paroquia-sao-paulo\/#organizationLogo"}},{"@type":"Person","@id":"https:\/\/anoticiaonline.com.br\/site\/author\/juliana\/#author","url":"https:\/\/anoticiaonline.com.br\/site\/author\/juliana\/","name":"Juliana Laviola","image":{"@type":"ImageObject","@id":"https:\/\/anoticiaonline.com.br\/site\/programacao-da-semana-santa-em-muriae-e-divulgada-pela-paroquia-sao-paulo\/#authorImage","url":"https:\/\/secure.gravatar.com\/avatar\/b8d45f5c699b100dfaf0e543582f38f38bf94cb7ae3a5e9abf8d891a34773335?s=96&d=mm&r=g","width":96,"height":96,"caption":"Juliana Laviola"}},{"@type":"WebPage","@id":"https:\/\/anoticiaonline.com.br\/site\/programacao-da-semana-santa-em-muriae-e-divulgada-pela-paroquia-sao-paulo\/#webpage","url":"https:\/\/anoticiaonline.com.br\/site\/programacao-da-semana-santa-em-muriae-e-divulgada-pela-paroquia-sao-paulo\/","name":"Programa\u00e7\u00e3o da Semana Santa em Muria\u00e9 \u00e9 divulgada pela Par\u00f3quia S\u00e3o Paulo - A Not\u00edcia Online","description":"A Par\u00f3quia S\u00e3o Paulo divulgou a programa\u00e7\u00e3o da Semana Santa em Muria\u00e9, que come\u00e7a, oficialmente, no Domingo de Ramos (25). Na Sexta-feira da Paix\u00e3o (30), feriado, haver\u00e1 a encena\u00e7\u00e3o da Paix\u00e3o e Morte de Jesus Cristo, \u00e0s 19h, no Jardim da Matriz S\u00e3o Paulo, no Centro. A tradi\u00e7\u00e3o religiosa cat\u00f3lica termina com a ressurrei\u00e7\u00e3o de Jesus, que","inLanguage":"pt-BR","isPartOf":{"@id":"https:\/\/anoticiaonline.com.br\/site\/#website"},"breadcrumb":{"@id":"https:\/\/anoticiaonline.com.br\/site\/programacao-da-semana-santa-em-muriae-e-divulgada-pela-paroquia-sao-paulo\/#breadcrumblist"},"author":{"@id":"https:\/\/anoticiaonline.com.br\/site\/author\/juliana\/#author"},"creator":{"@id":"https:\/\/anoticiaonline.com.br\/site\/author\/juliana\/#author"},"image":{"@type":"ImageObject","url":"https:\/\/anoticiaonline.com.br\/site\/wp-content\/uploads\/2018\/03\/Programa\u00e7\u00e3o-da-Semana-Santa-em-Muria\u00e9-\u00e9-divulgada-pela-Par\u00f3quia-S\u00e3o-Paulo.jpg","@id":"https:\/\/anoticiaonline.com.br\/site\/programacao-da-semana-santa-em-muriae-e-divulgada-pela-paroquia-sao-paulo\/#mainImage","width":640,"height":427},"primaryImageOfPage":{"@id":"https:\/\/anoticiaonline.com.br\/site\/programacao-da-semana-santa-em-muriae-e-divulgada-pela-paroquia-sao-paulo\/#mainImage"},"datePublished":"2018-03-22T16:37:58-03:00","dateModified":"2018-03-22T17:33:58-03:00"},{"@type":"WebSite","@id":"https:\/\/anoticiaonline.com.br\/site\/#website","url":"https:\/\/anoticiaonline.com.br\/site\/","name":"A Not\u00edcia Online","description":"Noticias de Muria\u00e9 e regi\u00e3o","inLanguage":"pt-BR","publisher":{"@id":"https:\/\/anoticiaonline.com.br\/site\/#organization"}}]},"og:locale":"pt_BR","og:site_name":"A Not\u00edcia Online - Noticias de Muria\u00e9 e regi\u00e3o","og:type":"article","og:title":"Programa\u00e7\u00e3o da Semana Santa em Muria\u00e9 \u00e9 divulgada pela Par\u00f3quia S\u00e3o Paulo - A Not\u00edcia Online","og:description":"A Par\u00f3quia S\u00e3o Paulo divulgou a programa\u00e7\u00e3o da Semana Santa em Muria\u00e9, que come\u00e7a, oficialmente, no Domingo de Ramos (25). Na Sexta-feira da Paix\u00e3o (30), feriado, haver\u00e1 a encena\u00e7\u00e3o da Paix\u00e3o e Morte de Jesus Cristo, \u00e0s 19h, no Jardim da Matriz S\u00e3o Paulo, no Centro. A tradi\u00e7\u00e3o religiosa cat\u00f3lica termina com a ressurrei\u00e7\u00e3o de Jesus, que","og:url":"https:\/\/anoticiaonline.com.br\/site\/programacao-da-semana-santa-em-muriae-e-divulgada-pela-paroquia-sao-paulo\/","og:image":"https:\/\/scontent-gig4-1.xx.fbcdn.net\/v\/t39.30808-1\/270437624_4564083193639691_6907940295614233970_n.jpg?stp=dst-jpg_s200x200_tt6&#038;_nc_cat=111&#038;ccb=1-7&#038;_nc_sid=f907e8&#038;_nc_ohc=SM1wRlP3lJwQ7kNvwEPuBYA&#038;_nc_oc=AdnqrjDN_BNjSSHWO-GbkIWH6fkGMLw4bqvL_NH6e2wMveX7G-rP2dAqsDSq1mJMOaY&#038;_nc_zt=24&#038;_nc_ht=scontent-gig4-1.xx&#038;_nc_gid=AoBFJeGrT1hVaew_6rchkQ&#038;oh=00_AfX7QmFGhQhG2jAllVgXCiM1ZrWgvtp80-Bfppyexh1QEg&#038;oe=689E923C","og:image:secure_url":"https:\/\/scontent-gig4-1.xx.fbcdn.net\/v\/t39.30808-1\/270437624_4564083193639691_6907940295614233970_n.jpg?stp=dst-jpg_s200x200_tt6&#038;_nc_cat=111&#038;ccb=1-7&#038;_nc_sid=f907e8&#038;_nc_ohc=SM1wRlP3lJwQ7kNvwEPuBYA&#038;_nc_oc=AdnqrjDN_BNjSSHWO-GbkIWH6fkGMLw4bqvL_NH6e2wMveX7G-rP2dAqsDSq1mJMOaY&#038;_nc_zt=24&#038;_nc_ht=scontent-gig4-1.xx&#038;_nc_gid=AoBFJeGrT1hVaew_6rchkQ&#038;oh=00_AfX7QmFGhQhG2jAllVgXCiM1ZrWgvtp80-Bfppyexh1QEg&#038;oe=689E923C","article:published_time":"2018-03-22T19:37:58+00:00","article:modified_time":"2018-03-22T20:33:58+00:00","twitter:card":"summary_large_image","twitter:title":"Programa\u00e7\u00e3o da Semana Santa em Muria\u00e9 \u00e9 divulgada pela Par\u00f3quia S\u00e3o Paulo - A Not\u00edcia Online","twitter:description":"A Par\u00f3quia S\u00e3o Paulo divulgou a programa\u00e7\u00e3o da Semana Santa em Muria\u00e9, que come\u00e7a, oficialmente, no Domingo de Ramos (25). Na Sexta-feira da Paix\u00e3o (30), feriado, haver\u00e1 a encena\u00e7\u00e3o da Paix\u00e3o e Morte de Jesus Cristo, \u00e0s 19h, no Jardim da Matriz S\u00e3o Paulo, no Centro. A tradi\u00e7\u00e3o religiosa cat\u00f3lica termina com a ressurrei\u00e7\u00e3o de Jesus, que","twitter:image":"https:\/\/scontent-gig4-1.xx.fbcdn.net\/v\/t39.30808-1\/270437624_4564083193639691_6907940295614233970_n.jpg?stp=dst-jpg_s200x200_tt6&_nc_cat=111&ccb=1-7&_nc_sid=f907e8&_nc_ohc=SM1wRlP3lJwQ7kNvwEPuBYA&_nc_oc=AdnqrjDN_BNjSSHWO-GbkIWH6fkGMLw4bqvL_NH6e2wMveX7G-rP2dAqsDSq1mJMOaY&_nc_zt=24&_nc_ht=scontent-gig4-1.xx&_nc_gid=AoBFJeGrT1hVaew_6rchkQ&oh=00_AfX7QmFGhQhG2jAllVgXCiM1ZrWgvtp80-Bfppyexh1QEg&oe=689E923C"},"aioseo_meta_data":{"post_id":"51921","title":null,"description":null,"keywords":null,"keyphrases":null,"primary_term":null,"canonical_url":null,"og_title":null,"og_description":null,"og_object_type":"default","og_image_type":"default","og_image_url":null,"og_image_width":null,"og_image_height":null,"og_image_custom_url":null,"og_image_custom_fields":null,"og_video":null,"og_custom_url":null,"og_article_section":null,"og_article_tags":null,"twitter_use_og":false,"twitter_card":"default","twitter_image_type":"default","twitter_image_url":null,"twitter_image_custom_url":null,"twitter_image_custom_fields":null,"twitter_title":null,"twitter_description":null,"schema":{"blockGraphs":[],"customGraphs":[],"default":{"data":{"Article":[],"Course":[],"Dataset":[],"FAQPage":[],"Movie":[],"Person":[],"Product":[],"ProductReview":[],"Car":[],"Recipe":[],"Service":[],"SoftwareApplication":[],"WebPage":[]},"graphName":"","isEnabled":true},"graphs":[]},"schema_type":"default","schema_type_options":null,"pillar_content":false,"robots_default":true,"robots_noindex":false,"robots_noarchive":false,"robots_nosnippet":false,"robots_nofollow":false,"robots_noimageindex":false,"robots_noodp":false,"robots_notranslate":false,"robots_max_snippet":null,"robots_max_videopreview":null,"robots_max_imagepreview":"large","priority":null,"frequency":null,"local_seo":null,"breadcrumb_settings":null,"limit_modified_date":false,"ai":null,"created":"2025-08-16 20:32:54","updated":"2025-08-16 20:32:54","focus_keyword":null,"additional_keywords":null,"truseo_locale":null,"seo_analyzer_scan_date":null},"aioseo_breadcrumb":"<div class=\"aioseo-breadcrumbs\"><span class=\"aioseo-breadcrumb\">\n\t\t\t<a href=\"https:\/\/anoticiaonline.com.br\/site\" title=\"Home\">Home<\/a>\n\t\t<\/span><span class=\"aioseo-breadcrumb-separator\">&raquo;<\/span><span class=\"aioseo-breadcrumb\">\n\t\t\t<a href=\"https:\/\/anoticiaonline.com.br\/site\/categoria\/muriae\/\" title=\"Blog\">Blog<\/a>\n\t\t<\/span><span class=\"aioseo-breadcrumb-separator\">&raquo;<\/span><span class=\"aioseo-breadcrumb\">\n\t\t\tPrograma\u00e7\u00e3o da Semana Santa em Muria\u00e9 \u00e9 divulgada pela Par\u00f3quia S\u00e3o Paulo\n\t\t<\/span><\/div>","aioseo_breadcrumb_json":[{"label":"Home","link":"https:\/\/anoticiaonline.com.br\/site"},{"label":"Blog","link":"https:\/\/anoticiaonline.com.br\/site\/categoria\/muriae\/"},{"label":"Programa\u00e7\u00e3o da Semana Santa em Muria\u00e9 \u00e9 divulgada pela Par\u00f3quia S\u00e3o Paulo","link":"https:\/\/anoticiaonline.com.br\/site\/programacao-da-semana-santa-em-muriae-e-divulgada-pela-paroquia-sao-paulo\/"}],"views":274,"_links":{"self":[{"href":"https:\/\/anoticiaonline.com.br\/site\/wp-json\/wp\/v2\/posts\/51921","targetHints":{"allow":["GET"]}}],"collection":[{"href":"https:\/\/anoticiaonline.com.br\/site\/wp-json\/wp\/v2\/posts"}],"about":[{"href":"https:\/\/anoticiaonline.com.br\/site\/wp-json\/wp\/v2\/types\/post"}],"author":[{"embeddable":true,"href":"https:\/\/anoticiaonline.com.br\/site\/wp-json\/wp\/v2\/users\/2"}],"replies":[{"embeddable":true,"href":"https:\/\/anoticiaonline.com.br\/site\/wp-json\/wp\/v2\/comments?post=51921"}],"version-history":[{"count":0,"href":"https:\/\/anoticiaonline.com.br\/site\/wp-json\/wp\/v2\/posts\/51921\/revisions"}],"wp:featuredmedia":[{"embeddable":true,"href":"https:\/\/anoticiaonline.com.br\/site\/wp-json\/wp\/v2\/media\/51922"}],"wp:attachment":[{"href":"https:\/\/anoticiaonline.com.br\/site\/wp-json\/wp\/v2\/media?parent=51921"}],"wp:term":[{"taxonomy":"category","embeddable":true,"href":"https:\/\/anoticiaonline.com.br\/site\/wp-json\/wp\/v2\/categories?post=51921"},{"taxonomy":"post_tag","embeddable":true,"href":"https:\/\/anoticiaonline.com.br\/site\/wp-json\/wp\/v2\/tags?post=51921"}],"curies":[{"name":"wp","href":"https:\/\/api.w.org\/{rel}","templated":true}]}}